{"id":80639,"date":"2025-01-16T10:42:29","date_gmt":"2025-01-16T09:42:29","guid":{"rendered":"https:\/\/charleroi-pourlapalestine.be\/?p=80639"},"modified":"2025-01-21T10:00:28","modified_gmt":"2025-01-21T09:00:28","slug":"gaza-la-resistance-vit-les-portes-de-la-prison-souvrent-sur-la-voie-de-la-liberation-et-du-retour","status":"publish","type":"post","link":"https:\/\/charleroi-pourlapalestine.be\/index.php\/2025\/01\/16\/gaza-la-resistance-vit-les-portes-de-la-prison-souvrent-sur-la-voie-de-la-liberation-et-du-retour\/","title":{"rendered":"Gaza : La r\u00e9sistance vit, les portes de la prison s\u2019ouvrent \u2013 Sur la voie de la lib\u00e9ration et du retour"},"content":{"rendered":"<p>La r\u00e9sistance, avec le plus grand honneur, le plus grand d\u00e9vouement et le plus grand amour de la Palestine, a lutt\u00e9 sans rel\u00e2che pour d\u00e9fendre le peuple palestinien \u2013 et l\u2019humanit\u00e9 toute enti\u00e8re \u2014 contre les forces sionistes\/imp\u00e9rialistes g\u00e9nocidaires.<\/p>\n<p>&nbsp;<\/p>\n<p><img loading=\"lazy\" decoding=\"async\" class=\"alignnone wp-image-80643 size-full\" src=\"https:\/\/charleroi-pourlapalestine.be\/wp-content\/uploads\/2025\/01\/Gaza-la-resistance-vit-e1737016729105.png\" alt=\"Gaza : La r\u00e9sistance vit, les portes de la prison s\u2019ouvrent \u2013 Sur la voie de la lib\u00e9ration et du retour (Samidoun)\" width=\"886\" height=\"836\" srcset=\"https:\/\/charleroi-pourlapalestine.be\/wp-content\/uploads\/2025\/01\/Gaza-la-resistance-vit-e1737016729105.png 886w, https:\/\/charleroi-pourlapalestine.be\/wp-content\/uploads\/2025\/01\/Gaza-la-resistance-vit-e1737016729105-300x283.png 300w, https:\/\/charleroi-pourlapalestine.be\/wp-content\/uploads\/2025\/01\/Gaza-la-resistance-vit-e1737016729105-768x725.png 768w\" sizes=\"auto, (max-width: 886px) 100vw, 886px\" \/><\/p>\n<p>&nbsp;<\/p>\n<p><br><a href=\"https:\/\/samidoun.net\/fr\/2025\/01\/gaza-la-resistance-vit-les-portes-de-la-prison-souvrent-sur-la-voie-de-la-liberation-et-du-retour\/\" target=\"_blank\" rel=\"noopener\"><strong>Samidoun<\/strong><\/a>, 15 janvier 2024<\/p>\n<p>\u00c0 chaque cri, \u00e0 chaque acclamation, \u00e0 chaque drapeau palestinien brandi, \u00e0 chaque feu d\u2019artifice tir\u00e9 dans les airs, il \u00e9tait plus clair que jamais, qu\u2019en d\u00e9pit de toutes les destructions, les massacres horribles, le g\u00e9nocide et les dizaines de milliers de martyrs tu\u00e9\u2022es par le r\u00e9gime sioniste et ses alli\u00e9s, soutiens et pourvoyeurs de fonds imp\u00e9rialistes, ce dernier a totalement \u00e9chou\u00e9 dans les objectifs qu\u2019il s\u2019\u00e9tait fix\u00e9.<\/p>\n<p>Le peuple palestinien et sa r\u00e9sistance restent fiers, honorables et in\u00e9branlables, tourn\u00e9s vers un avenir dans lequel le projet sioniste g\u00e9nocidaire sera enti\u00e8rement vaincu dans toute la Palestine, la nation arabe et la r\u00e9gion.<\/p>\n<p>Tout au long de cette grande lutte contre le g\u00e9nocide, les prisonnier\u2022es ont \u00e9t\u00e9 au c\u0153ur de la lutte de lib\u00e9ration nationale et de la R\u00e9sistance, le peuple palestinien s\u2019\u00e9tant engag\u00e9 \u00e0 obtenir la libert\u00e9 des prisonnier\u2022es et \u00e0 poursuivre la lutte, m\u00eame dans les circonstances les plus horribles.<\/p>\n<h3><br>Gaza et les prisonnier\u2022es : Au c\u0153ur de la lutte<\/h3>\n<p>Bien que tous les d\u00e9tails de l\u2019accord de cessez-le-feu et de l\u2019\u00e9change de prisonnier\u2022es n\u2019aient pas encore \u00e9t\u00e9 communiqu\u00e9s, de nombreuses clauses sont tr\u00e8s claires, notamment le retrait total de toutes les forces sionistes de Gaza, la r\u00e9ouverture du point de passage de Rafah, l\u2019entr\u00e9e des camions d\u2019aide humanitaire et du mat\u00e9riel n\u00e9cessaire \u00e0 la reconstruction, ainsi que l\u2019exfiltration des bless\u00e9\u2022es palestinien\u2022nes hors de Gaza pour \u00eatre soign\u00e9\u2022es, apr\u00e8s une agression qui a d\u00e9lib\u00e9r\u00e9ment cibl\u00e9 les h\u00f4pitaux et d\u00e9truit la quasi totalit\u00e9 du syst\u00e8me de sant\u00e9 palestinien.<\/p>\n<p>Aux c\u00f4t\u00e9s de la population de Gaza, qui r\u00e9siste depuis 466 jours \u00e0 une agression g\u00e9nocidaire d\u2019une violence extr\u00eame, les prisonnier\u2022es palestinien\u2022nes, qui subissent de graves tortures, sont \u00e9galement au c\u0153ur de cet accord, la R\u00e9sistance garantissant la lib\u00e9ration de toutes les femmes et de tous les jeunes de moins de 19 ans, de centaines de prisonniers palestiniens condamn\u00e9s \u00e0 perp\u00e9tuit\u00e9, et de centaines d\u2019autres prisonniers condamn\u00e9s \u00e0 perp\u00e9tuit\u00e9 lors de la seconde phase de l\u2019\u00e9change, ainsi que la fin des mesures r\u00e9pressives instaur\u00e9es dans les prisons apr\u00e8s le 7 octobre 2023.<\/p>\n<p>Les composantes les plus opprim\u00e9es, marginalis\u00e9es et tortur\u00e9es du peuple palestinien sont au centre de cet accord et au centre des priorit\u00e9s de la r\u00e9sistance.<\/p>\n<p>&nbsp;<\/p>\n<h3>L\u2019imp\u00e9rialisme am\u00e9ricain : responsable et pourvoyeur de fonds du g\u00e9nocide sioniste<\/h3>\n<p>Il est clair, \u00e9tant donn\u00e9 le r\u00f4le des \u00c9tats-Unis et du futur pr\u00e9sident Donald Trump dans les n\u00e9gociations pour la signature d\u2019un cessez-le-feu avant l\u2019inauguration pr\u00e9sidentielle du 20 janvier 2025, chose in\u00e9dite depuis octobre 2023, que les \u00c9tats-Unis, en tant que premi\u00e8re puissance imp\u00e9rialiste, dirigent l\u2019entit\u00e9 sioniste.<\/p>\n<p>Non seulement les \u00c9tats-Unis n\u2019ont jamais tent\u00e9 de parvenir \u00e0 un cessez-le-feu, mais ils ont \u00e9t\u00e9 les principaux responsables de l\u2019escalade du g\u00e9nocide contre le peuple palestinien, aux c\u00f4t\u00e9s de l\u2019entit\u00e9 sioniste ill\u00e9gitime implant\u00e9e en Palestine.<\/p>\n<p>Bien s\u00fbr, ils ont \u00e9t\u00e9 aid\u00e9s dans cette agression \u2013 contre le peuple palestinien, la nation arabe, toute la r\u00e9gion et, de fait, l\u2019humanit\u00e9 enti\u00e8re \u2013 par leurs autres puissances imp\u00e9rialistes \u2013 le Canada, la Grande-Bretagne, l\u2019Australie, l\u2019Allemagne, la France et d\u2019autres membres de l\u2019Union europ\u00e9enne.<\/p>\n<p>Mais il est apparu \u00e0 tous, alors que les \u00c9tats-Unis exp\u00e9dient des milliards de dollars d\u2019armes mortelles au r\u00e9gime sioniste, allant jusqu\u2019\u00e0 construire un faux port<em> \u201chumanitaire\u201d<\/em> dans le seul but de soutenir un raid sioniste tuant des centaines de Palestinien\u2022nes dans le camp de Nuseirat, que les \u00c9tats-Unis ont permis et command\u00e9 le g\u00e9nocide alors qu\u2019ils pouvaient l\u2019arr\u00eater \u00e0 n\u2019importe quel moment.<\/p>\n<p>Bien entendu, les \u00c9tats-Unis, malgr\u00e9 leur empressement soudain \u00e0 permettre un accord de cessez le feu, n\u2019ont pas pour but de pr\u00e9server la vie des Palestinien\u2022nes. Leur d\u00e9marche ob\u00e9it \u00e0 des int\u00e9r\u00eats li\u00e9s \u00e0 leur politique int\u00e9rieure et doit leur permettre de concentrer leur attention sur des int\u00e9r\u00eats imp\u00e9rialistes ailleurs.<\/p>\n<p>Mais la nature fondamentale de cet assaut en tant que g\u00e9nocide imp\u00e9rialiste-sioniste, men\u00e9 avec des armes et des renseignements am\u00e9ricains, n\u2019est pas seulement grav\u00e9e dans l\u2019histoire, elle l\u2019est aussi dans la r\u00e9putation de <em>\u201cJoe le g\u00e9nocidaire\u201d Biden<\/em>, de <em>\u201cKamala la tueuse\u201d<\/em> Harris et du parti d\u00e9mocrate, qui ont pr\u00e9sid\u00e9 alors que le monde assistait \u00e0 l\u2019incin\u00e9ration de dizaines de milliers de vies palestiniennes et \u00e0 la destruction de toutes les universit\u00e9s et de tous les h\u00f4pitaux de Gaza.<\/p>\n<h3><br>La r\u00e9sistance arm\u00e9e d\u00e9fend le peuple et la terre<\/h3>\n<p>Il est \u00e9galement clair pour tous\u2022tes que c\u2019est gr\u00e2ce \u00e0 la glorieuse r\u00e9sistance du peuple palestinien, en particulier \u00e0 Gaza, que les bombes cesseront de pleuvoir sur la population palestinienne.<\/p>\n<p>Dans les conditions les plus difficiles, les plus d\u00e9sastreuses, la r\u00e9sistance palestinienne \u2013 men\u00e9e par les Brigades <strong>Izz el-Din al-Qassam<\/strong> du <strong>Hamas<\/strong>, rejointes par <strong>Saraya al-Quds<\/strong> du <strong>Jihad islamique palestinien<\/strong>, et avec de multiples forces de r\u00e9sistance, dont les <strong>Brigades Abu Ali Mustafa<\/strong> du<strong> FPLP<\/strong>, les <strong>Brigades de la R\u00e9sistance nationale<\/strong> du <strong>FDLP,<\/strong> les <strong>Brigades des martyrs d\u2019Al-Aqsa<\/strong> des <strong>composantes r\u00e9sistantes du Fatah,<\/strong> et leurs camarades des autres groupes de la r\u00e9sistance en Palestine \u2013 a continu\u00e9 \u00e0 se battre de mani\u00e8re h\u00e9ro\u00efque et \u00e0 porter des coups s\u00e9v\u00e8res aux soldats sionistes, les occupants g\u00e9nocidaires.<\/p>\n<p>Le camp de <strong>Jabalia<\/strong>, l\u2019\u00e9tincelle de la grande Intifada populaire de 1987, continue d\u2019\u00eatre le brasier d\u2019o\u00f9 nait le feu de la r\u00e9sistance malgr\u00e9 la destruction g\u00e9nocidaire caus\u00e9 par la machine de guerre am\u00e9ricano-sioniste.<\/p>\n<p>Avec un courage in\u00e9gal\u00e9, une cr\u00e9ativit\u00e9 et une strat\u00e9gie brillante, les fedayins de Gaza n\u2019ont jamais cess\u00e9 d\u2019infliger des pertes s\u00e9v\u00e8res \u00e0 l\u2019arm\u00e9e sioniste, abattant ses chars et ses soldats un par un.<\/p>\n<p>&nbsp;<\/p>\n<h3>De Gaza au Liban en passant par le Y\u00e9men et au-del\u00e0<\/h3>\n<p>La r\u00e9sistance palestinienne s\u2019est battue tout au long de ces 466 jours, aux c\u00f4t\u00e9s de la brillante et h\u00e9ro\u00efque <strong>r\u00e9sistance Libanaise<\/strong>, dirig\u00e9e par le <strong>Hezbollah,<\/strong> qui a d\u00e9fendu et lib\u00e9r\u00e9 la terre Libanaise des occupants sionistes \u00e0 plusieurs reprises.<\/p>\n<p>Aujourd\u2019hui encore, gr\u00e2ce \u00e0 la r\u00e9sistance libanaise, les colons, apeur\u00e9\u2022es, sont toujours dans l\u2019impossibilit\u00e9 de retourner sur la terre qu\u2019ils occupent dans le nord de la Palestine.<\/p>\n<p><strong>Le Y\u00e9men,<\/strong> son peuple, son gouvernement, ses forces arm\u00e9es et son mouvement <strong>Ansarallah<\/strong>, in\u00e9branlables, qui ont ferm\u00e9 les lignes de ravitaillement du g\u00e9nocide dans la mer Rouge, refus\u00e9 le passage aux porte-avions am\u00e9ricains et continu\u00e9 \u00e0 tirer ses missiles au c\u0153ur de la \u201cTel Aviv\u201d de l\u2019occupation, ont clairement indiqu\u00e9 que les bombes, les sanctions, les attaques et les menaces des forces sionistes et imp\u00e9rialistes ne les dissuaderaient jamais de se tenir aux c\u00f4t\u00e9s du peuple Palestinien et de sa R\u00e9sistance.<\/p>\n<p>L\u2019exemple du Y\u00e9men a illustr\u00e9 tr\u00e8s clairement<strong> l\u2019unit\u00e9 de l\u2019action populaire<\/strong> \u2013 qui s\u2019illustre par ces rues qui se remplissent de millions de personnes chaque vendredi lors des plus grandes marches pour la Palestine dans le monde \u2013 avec une r\u00e9sistance arm\u00e9e ferme et une action militaire.<\/p>\n<p>Dans cette bataille, elles ont \u00e9t\u00e9 rejointes par toutes les forces de r\u00e9sistance de la r\u00e9gion, <strong>de l\u2019Irak \u00e0 l\u2019Iran, et du monde entier<\/strong>, contre l\u2019ennemi g\u00e9nocidaire.<\/p>\n<p>La r\u00e9sistance, avec le plus grand honneur, le plus grand d\u00e9vouement et le plus grand amour de la Palestine, a lutt\u00e9 sans rel\u00e2che pour d\u00e9fendre le peuple palestinien \u2013 et l\u2019humanit\u00e9 toute enti\u00e8re \u2014 contre les forces sionistes\/imp\u00e9rialistes g\u00e9nocidaires.<\/p>\n<p>Cette r\u00e9sistance a plac\u00e9 au centre de son combat, les plus opprim\u00e9s des opprim\u00e9s, dans la bande de Gaza assi\u00e9g\u00e9e, dans les prisons tortur\u00e9es, et ses actions, sa persistance, son refus de reculer et d\u2019abandonner, ont vaincu les milliards de dollars d\u2019armes g\u00e9nocidaires d\u00e9ploy\u00e9es contre le peuple palestinien dans la poursuite des int\u00e9r\u00eats imp\u00e9rialistes et sionistes.<\/p>\n<p>&nbsp;<\/p>\n<h3>Le sionisme expos\u00e9 au monde entier<\/h3>\n<p>Personne n\u2019aura plus jamais l\u2019illusion que le r\u00e9gime sioniste est autre chose que ce qu\u2019il est r\u00e9ellement : une entit\u00e9 coloniale g\u00e9nocidaire ill\u00e9gitime, implant\u00e9e dans la r\u00e9gion et au c\u0153ur de la Palestine. Un r\u00e9gime qui court \u00e0 sa perte.<\/p>\n<p>La r\u00e9sistance invaincue qui d\u00e9fait l\u2019occupant, ses grands martyrs, ses leaders vivants, ses combattants h\u00e9ro\u00efques, sont les grands h\u00e9ros de l\u2019humanit\u00e9.<\/p>\n<p>Malgr\u00e9 les vastes destructions et le vol de vies humaines par les forces sionistes\/imp\u00e9rialistes, malgr\u00e9 leurs crimes de guerre, leurs crimes contre l\u2019humanit\u00e9 et le g\u00e9nocide en cours, elles n\u2019ont pas r\u00e9ussi \u00e0 atteindre ne serait-ce qu\u2019un seul de leurs objectifs militaires.<\/p>\n<p>Elles n\u2019ont jamais r\u00e9ussi \u00e0 \u00e9craser, et n\u2019\u00e9craseront jamais, la r\u00e9sistance, des d\u00e9combres de<strong> Jabalia<\/strong> aux salles de torture de leurs prisons coloniales.<\/p>\n<p>Malgr\u00e9 les destructions, les massacres et le g\u00e9nocide, ils n\u2019ont pas r\u00e9ussi \u00e0 s\u00e9parer la r\u00e9sistance du peuple palestinien, son berceau populaire.<\/p>\n<p>Au contraire, l\u2019occupant, par sa d\u00e9faite, constate que la r\u00e9sistance est profond\u00e9ment enracin\u00e9e dans le peuple. Unis par les pens\u00e9es, le sang et les corps brisant leurs chaines.<\/p>\n<p>Les forces arm\u00e9es de la r\u00e9sistance ont continu\u00e9 \u00e0 recruter tout au long de la bataille, les <strong>Brigades al-Qassam<\/strong> et <strong>Saraya al-Quds<\/strong> reconstituant leurs rangs avec de nouveaux combattants r\u00e9duisant en cendres les chars de l\u2019occupant.<\/p>\n<p>&nbsp;<\/p>\n<h3>Le d\u00e9luge d\u2019Al-Aqsa a chang\u00e9 le monde<\/h3>\n<p>Le 7 octobre, la grande travers\u00e9e, le <strong>D\u00e9luge d\u2019Al-Aqsa<\/strong>, a chang\u00e9 le monde.<\/p>\n<p>Ce jour l\u00e0, il est apparu aux yeux de tous\u2022tes, que le peuple palestinien et sa r\u00e9sistance \u00e9taient capables de lib\u00e9rer la Palestine et que, malgr\u00e9 ses ressources technologiques et militaires, le r\u00e9gime sioniste n\u2019avait rien d\u2019autre que son id\u00e9ologie raciste et supr\u00e9maciste, ainsi que les int\u00e9r\u00eats imp\u00e9rialistes pour le maintenir en place.<\/p>\n<p>Depuis ce jour, les forces r\u00e9gionales de r\u00e9sistance ont prouv\u00e9 qu\u2019elles \u00e9taient capables de lib\u00e9rer la nation arabe et toute la r\u00e9gion de l\u2019imp\u00e9rialisme am\u00e9ricain.<\/p>\n<p>Les forces imp\u00e9rialistes et la colonie sioniste n\u2019ont pas voulu accepter cette nouvelle r\u00e9alit\u00e9 et y ont r\u00e9pondu par la seule strat\u00e9gie dont ils disposent : les massacres et la destruction g\u00e9nocidaire.<\/p>\n<p>Comme nous l\u2019avons vu au fil des d\u00e9cennies et des si\u00e8cles en Asie, en Afrique, en Am\u00e9rique latine et dans la r\u00e9gion, ces forces ne se sont jamais abstenues de commettre des massacres afin de poursuivre leur vol des terres, des ressources et, par ce fait le vol de l\u2019avenir des peuples du monde.<\/p>\n<p>Cependant, malgr\u00e9 leurs puissantes forces destructrices, elles ont \u00e9t\u00e9 incapables de soumettre l\u2019<strong>Alg\u00e9rie,<\/strong> le <strong>Vietnam<\/strong>, la <strong>Guin\u00e9e Bissau \u2013 Cap Vert<\/strong> ; elles sont incapables de soumettre <strong>Cuba,<\/strong> le <strong>Venezuela et<\/strong> l\u2019<strong>Iran<\/strong> ; et elles sont incapables de vaincre la glorieuse r\u00e9sistance en<strong> Palestine,<\/strong> au <strong>Liban <\/strong>et au<strong> Y\u00e9men.<\/strong> Au contraire, leurs objectifs militaires se sont bris\u00e9s sur les rochers de la r\u00e9sistance.<\/p>\n<h3><br>Le g\u00e9nocide est inh\u00e9rent au sionisme et \u00e0 l\u2019imp\u00e9rialisme<\/h3>\n<p>Cet accord ne signifie pas que le danger est \u00e9cart\u00e9.<\/p>\n<p><strong>De la Syrie au Liban, en passant par la Palestine et au-del\u00e0<\/strong>, il est \u00e9vident que les \u00c9tats-Unis cherchent \u00e0 contr\u00f4ler l\u2019avenir de la r\u00e9gion et qu\u2019ils n\u2019h\u00e9siteront pas \u00e0 commettre un g\u00e9nocide pour y parvenir.<\/p>\n<p>Ils chercheront \u00e0 brouiller les cartes pour entraver une fois de plus la r\u00e9sistance et \u00e0 utiliser leurs sanctions, leurs si\u00e8ges, leurs mesures coercitives unilat\u00e9rales et leurs <em>\u201cinscription sur les listes des organisations terroristes\u201d<\/em> pour atteindre leurs objectifs, par une politique de famine et de privation.<\/p>\n<p>Par cons\u00e9quent, <strong>cette premi\u00e8re victoire doit nous pousser \u00e0 construire un mouvement plus large et plus fort contre l\u2019imp\u00e9rialisme<\/strong>, capable de se tenir aux c\u00f4t\u00e9s des forces de r\u00e9sistance de la r\u00e9gion pour affronter et d\u00e9fier le g\u00e9nocide imp\u00e9rialiste.<\/p>\n<p>Nous sommes conscient\u2022es que les forces imp\u00e9rialistes et sionistes intensifieront leur r\u00e9pression au niveau national \u00e9galement ; l\u2019interdiction et\/ou la d\u00e9signation de <strong>Samidoun<\/strong> par<strong> l\u2019Allemagne, le Canada et les \u00c9tats-Unis<\/strong> n\u2019en est qu\u2019un exemple. Nous sommes conscient\u2022es que nous devons \u00eatre pr\u00eat\u2022es \u00e0 lutter contre la r\u00e9pression, \u00e0 d\u00e9fendre les personnes attaqu\u00e9es et \u00e0 construire un mouvement plus fort qui puisse entraver de mani\u00e8re significative l\u2019assaut imp\u00e9rialiste.<\/p>\n<p>Bien s\u00fbr, le g\u00e9nocide en Palestine n\u2019a pas commenc\u00e9 en octobre 2023, et il ne se terminera pas avec la mise en \u0153uvre de cet accord.<\/p>\n<p><strong> Le g\u00e9nocide est la nature du sionisme ; c\u2019est l\u2019arme de l\u2019imp\u00e9rialisme.<\/strong><\/p>\n<p>Depuis 1948 \u2013 et avant cela, depuis la d\u00e9claration Balfour et le colonialisme britannique en Palestine \u2013 les Palestinien\u2022nes r\u00e9sistent au g\u00e9nocide.<\/p>\n<p>Il s\u2019agit toutefois d\u2019une nouvelle \u00e9tape de la lutte contre le g\u00e9nocide sioniste en cours, organis\u00e9, dirig\u00e9 et soutenu par les puissances imp\u00e9rialistes \u2013 comme l\u2019illustre <strong>le bombardement colonial du camp de r\u00e9fugi\u00e9s de J\u00e9nine, en Cisjordanie, au moment de l\u2019annonce de l\u2019accord de cessez-le-feu.<\/strong><\/p>\n<p>&nbsp;<\/p>\n<h3>Honorer les martyrs<\/h3>\n<p>Alors que nous c\u00e9l\u00e9brons ce moment, nous rendons hommage aux grands martyrs, \u00e0 chaque p\u00e8re, m\u00e8re et enfant, \u00e0 chaque s\u0153ur, fr\u00e8re et \u00eatre cher enlev\u00e9s par la force g\u00e9nocidaire imp\u00e9rialiste-sioniste.<\/p>\n<p>Nous honorons les m\u00e9decins, infirmi\u00e8res, journalistes, travailleur\u2022ses de la sant\u00e9, enseignant\u2022es, travailleur\u2022ses municipaux, policier\u2022es et travailleur\u2022ses humanitaires pris\u2022es pour cible par le r\u00e9gime d\u2019occupation alors que ce dernier s\u2019employait \u00e0 an\u00e9antir tous les syst\u00e8mes qui permettaient la subsistance, la vie et la fermet\u00e9 palestinienne.<\/p>\n<p>Nous saluons les 55 martyrs du mouvement des prisonnier\u2022es, assassin\u00e9s dans les cachots de l\u2019occupation, parmi les nombreux autres martyrs inconnus dans les camps de torture comme Sde Teiman, enlev\u00e9s \u00e0 Gaza par le r\u00e9gime d\u2019occupation.<\/p>\n<p>Nous rendons hommage aux grands leaders de la R\u00e9sistance, dont l\u2019h\u00e9ritage in\u00e9gal\u00e9 de lutte, de sacrifice et d\u2019engagement vit dans chaque combattant de la r\u00e9sistance et dans chaque espoir pour l\u2019avenir d\u2019une Palestine lib\u00e9r\u00e9e, d\u2019un Liban v\u00e9ritablement souverain, d\u2019un Y\u00e9men fier.<\/p>\n<p><a href=\"https:\/\/charleroi-pourlapalestine.be\/index.php\/2024\/01\/04\/lassassinat-de-saleh-al-arouri-la-resistance-ne-meurt-jamais\/\"><strong>Saleh al-Arouri<\/strong>,<\/a> le grand combattant palestinien ;<a href=\"https:\/\/charleroi-pourlapalestine.be\/index.php\/2024\/07\/31\/gloire-au-martyr-ismail-haniyeh-leader-de-la-resistance-palestinienne\/\"><strong> Ismail Haniyeh<\/strong><\/a>, l\u2019ic\u00f4ne de l\u2019unit\u00e9 nationale palestinienne et de l\u2019autod\u00e9termination ; <a href=\"https:\/\/charleroi-pourlapalestine.be\/index.php\/2024\/10\/20\/le-mouvement-des-prisonniers-palestiniens-pleure-le-martyr-et-dirigeant-yahya-sinwar\/\"><strong>Yahya Sinwar<\/strong><\/a>, le combattant l\u00e9gendaire et le prisonnier lib\u00e9r\u00e9 qui s\u2019est battu pour lib\u00e9rer les prisonniers, Gaza et toute la Palestine ; <strong><a href=\"https:\/\/charleroi-pourlapalestine.be\/index.php\/2024\/09\/29\/hassan-nasrallah-est-mort-sur-la-route-vers-la-liberation-de-la-palestine\/\">Sayyed Hassan Nasrallah<\/a>,<\/strong> le grand dirigeant arabe et l\u2019ic\u00f4ne de d\u00e9cennies de r\u00e9sistance, l\u2019artisan de la victoire sur les sionistes ;<strong> Sayyed Hashem Safieddine<\/strong>, le strat\u00e8ge h\u00e9ro\u00efque de la r\u00e9sistance ;<strong> Ibrahim Aqil, Fouad Shukr, Ali Karaki ; Abdel Aziz Minawi<\/strong>, le membre du bureau politique du mouvement du <strong>Jihad islamique palestinien<\/strong> assassin\u00e9 \u00e0 Damas, et bien d\u2019autres encore qui n\u2019ont pas encore \u00e9t\u00e9 nomm\u00e9s et honor\u00e9s.<\/p>\n<p>Alors que nous nous joignons au peuple palestinien pour c\u00e9l\u00e9brer ce moment, nous sommes pleinement conscients que le sionisme et l\u2019imp\u00e9rialisme ne sont pas dignes de confiance, pas plus que les r\u00e9gimes arabes r\u00e9actionnaires qui travaillent de concert avec eux.<\/p>\n<p>\u00c0 maintes reprises, l\u2019entit\u00e9 sioniste a viol\u00e9 ses accords et rompu ses engagements.<\/p>\n<p>Ces trahisons sont une le\u00e7on tr\u00e8s claire pour la r\u00e9sistance palestinienne, le mouvement des prisonnier\u2022es et toutes les forces de la R\u00e9sistance.<\/p>\n<p>Il appartiendra au peuple et \u00e0 la R\u00e9sistance \u2013 comme toujours \u2013 de prot\u00e9ger le peuple ; et il nous appartient, dans le monde entier, de relever le d\u00e9fi de faire tout ce qui est possible pour mettre en \u00e9chec tous les plans de l\u2019imp\u00e9rialisme et du sionisme visant \u00e0 imposer une<em> \u201cPax Americana\u201d<\/em> \u00e0 la Palestine et \u00e0 la r\u00e9gion.<\/p>\n<p>Le seul moyen de mettre v\u00e9ritablement fin au g\u00e9nocide en Palestine est de mettre fin \u00e0 la colonie sioniste \u201cIsra\u00ebl\u201d.<\/p>\n<h3><br>Le berceau populaire international de la r\u00e9sistance<\/h3>\n<p>Au niveau international, le moment est venu de continuer \u00e0 <strong>amplifier notre mouvement<\/strong>, et d\u2019intensifier nos efforts pour construire le berceau populaire international de la R\u00e9sistance.<\/p>\n<p>Au cours de ces 466 jours, des millions de personnes ont envahi les rues, au c\u0153ur des centres imp\u00e9rialistes, pour exiger la fin du g\u00e9nocide, la justice et la lib\u00e9ration de toute la Palestine.<\/p>\n<p>Il est clair pour tout le monde dans le monde entier que le r\u00e9gime sioniste est une menace g\u00e9nocidaire pour l\u2019humanit\u00e9.<\/p>\n<p>La R\u00e9sistance a affront\u00e9 les mensonges et les campagnes de diffamation men\u00e9es contre elle pour tenter de justifier le g\u00e9nocide et se dresse aujourd\u2019hui en v\u00e9ritable d\u00e9fenseuse de l\u2019humanit\u00e9.<\/p>\n<p>Les Palestinien\u2022nes et les Arabes en exil et en diaspora se sont lev\u00e9\u2022es partout pour s\u2019organiser, se rassembler et jouer leur r\u00f4le dans la lutte pour la lib\u00e9ration de la Palestine.<\/p>\n<p>Des actions directes comme celles de <strong>Palestine Action<\/strong>, face \u00e0 la machine de guerre, ont permis de fermer des usines d\u2019armement et les bureaux des marchands d\u2019armes isra\u00e9liens.<\/p>\n<p><strong>Les \u00e9tudiant\u2022es<\/strong> se sont soulev\u00e9s et ont bouscul\u00e9 la vie des campus, pour mener une intifada mondiale.<\/p>\n<p><strong>Le boycott<\/strong>, de plus en plus pratiqu\u00e9, a illustr\u00e9 le d\u00e9go\u00fbt populaire international et le refus de la complicit\u00e9 dans un g\u00e9nocide.<\/p>\n<p>Et pourtant, nous avons aussi des le\u00e7ons \u00e0 tirer : Nous ne pouvons pas avoir un mouvement r\u00e9ussi ou servir de partenaire \u00e0 la r\u00e9sistance sans \u00eatre clairs sur <strong>le r\u00f4le de l\u2019imp\u00e9rialisme,<\/strong> et tout aussi clairs sur <strong>la centralit\u00e9 des forces de r\u00e9sistance.<\/strong><\/p>\n<p>Les responsables de l\u2019assaut g\u00e9nocidaire contre Gaza, le peuple palestinien et la r\u00e9gion, doivent rendre des comptes et payer pour leurs actes.<\/p>\n<p>Leurs crimes ne seront ni oubli\u00e9s ni pardonn\u00e9s ; des ing\u00e9nieurs et architectes du g\u00e9nocide dans les all\u00e9es du pouvoir aux soldats de l\u2019occupation qui diffusent leurs tortures et abus sur les m\u00e9dias sociaux, en passant par les propagandistes qui ont menti au monde pour blanchir un r\u00e9gime g\u00e9nocidaire, nous devons travailler \u00e0 tous les niveaux pour imposer de v\u00e9ritables poursuites pour arracher la justice face aux auteurs de ces crimes horribles.<\/p>\n<p>Tout comme le pouvoir de la r\u00e9sistance, les faiblesses du mouvement ont \u00e9t\u00e9 mises en \u00e9vidence : le silence effectif des masses arabes dans une grande partie de la r\u00e9gion, b\u00e2illonn\u00e9s par des r\u00e9gimes r\u00e9actionnaires arm\u00e9s et financ\u00e9s par l\u2019imp\u00e9rialisme am\u00e9ricain, le r\u00f4le central du r\u00e9gime \u00e9gyptien dans le maintien du si\u00e8ge de Gaza, les arrestations de militant\u2022es et d\u2019activistes en Jordanie et au Maroc, sans parler de la normalisation des \u00c9mirats arabes unis.<\/p>\n<p>Face \u00e0 tout cela, nous devons nous organiser, consolider et d\u00e9velopper nos organisations. Nous ne devons pas avoir le souffle court devant ce qui sera une lutte \u00e0 long terme, afin de jouer v\u00e9ritablement notre r\u00f4le en tant que berceau populaire international de la R\u00e9sistance.<\/p>\n<h3><br>Unit\u00e9 et n\u00e9cessit\u00e9 de l\u2019anti-imp\u00e9rialisme<\/h3>\n<p>Notre force et notre unit\u00e9 viennent du fait que nous nous dressons ensemble contre la r\u00e9pression et pour la lib\u00e9ration, et non du fait que nous permettons \u00e0 nos ennemis de nous couper les un\u2022es des autres par une politique qui cherche \u00e0 s\u2019accommoder de l\u2019imp\u00e9rialisme g\u00e9nocidaire, de l\u2019autocensure et de la subordination.<\/p>\n<p>Ce sont<strong> la r\u00e9sistance arm\u00e9e, les prisonnier\u2022es palestinien\u2022nes et, bien s\u00fbr, le peuple de Gaza,<\/strong> qui ont expos\u00e9 le sionisme et l\u2019imp\u00e9rialisme \u00e0 la face du monde, et d\u00e9faits tous leurs objectifs militaires, ouvrant les portes de la libert\u00e9 aux prisonnier\u2022es h\u00e9ro\u00efques de la cause palestinienne, promettant un avenir palestinien qui sera d\u00e9termin\u00e9 uniquement par le peuple et non par ses occupants, ses envahisseurs et ses ennemis.<\/p>\n<p>Il s\u2019agit d\u2019une empreinte ind\u00e9l\u00e9bile et d\u2019un moment historique sur le chemin de la lib\u00e9ration et du retour dans toute la Palestine, qui se rapproche chaque jour un peu plus.<\/p>\n<p><strong>Le r\u00e9seau Samidoun de solidarit\u00e9 avec les prisonnier\u2022es palestinien\u2022nes<\/strong> salue le peuple palestinien et sa R\u00e9sistance et s\u2019engage \u00e0 poursuivre et \u00e0 intensifier la lutte pour la lib\u00e9ration.<\/p>\n<p><strong>Gloire et victoire \u00e0 la r\u00e9sistance, de la Palestine au Liban et au Y\u00e9men et partout dans la r\u00e9gion. La d\u00e9faite finale du sionisme et de l\u2019imp\u00e9rialisme approche. Et la Palestine sera libre, du fleuve \u00e0 la mer.<\/strong><\/p>\n\n\n<p><\/p>\n","protected":false},"excerpt":{"rendered":"<p>Au niveau international, le moment est venu de continuer \u00e0 amplifier notre mouvement, et d\u2019intensifier nos efforts pour construire le berceau populaire international de la R\u00e9sistance.<\/p>\n","protected":false},"author":1,"featured_media":80643,"comment_status":"closed","ping_status":"closed","sticky":false,"template":"","format":"standard","meta":{"ngg_post_thumbnail":0,"footnotes":""},"categories":[927,52,6,344,526,905,191,210,192,13,971,358,25,866,38],"tags":[],"class_list":["post-80639","post","type-post","status-publish","format-standard","has-post-thumbnail","hentry","category-7-octobre-2023","category-la-cour-penale-internationale","category-gaza","category-genocide","category-imperialisme","category-jenine","category-liban","category-martyrs","category-palestine","category-les-prisionners-palestiniens","category-prisonnnieres-palestiniennes","category-repression","category-la-resistance-palestinienne","category-samidoun","category-le-sionisme"],"yoast_head":"<!-- This site is optimized with the Yoast SEO plugin v27.3 - https:\/\/yoast.com\/product\/yoast-seo-wordpress\/ -->\n<title>Gaza : La r\u00e9sistance vit, les portes de la prison s\u2019ouvrent \u2013 Sur la voie de la lib\u00e9ration et du retour<\/title>\n<meta name=\"description\" content=\"Amplifions notre mouvement, et d\u2019intensifier nos efforts pour construire le berceau populaire international de la R\u00e9sistance\" \/>\n<meta name=\"robots\" content=\"index, follow, max-snippet:-1, max-image-preview:large, max-video-preview:-1\" \/>\n<link rel=\"canonical\" href=\"https:\/\/charleroi-pourlapalestine.be\/index.php\/2025\/01\/16\/gaza-la-resistance-vit-les-portes-de-la-prison-souvrent-sur-la-voie-de-la-liberation-et-du-retour\/\" \/>\n<script type=\"application\/ld+json\" class=\"yoast-schema-graph\">{\"@context\":\"https:\\\/\\\/schema.org\",\"@graph\":[{\"@type\":\"Article\",\"@id\":\"https:\\\/\\\/charleroi-pourlapalestine.be\\\/index.php\\\/2025\\\/01\\\/16\\\/gaza-la-resistance-vit-les-portes-de-la-prison-souvrent-sur-la-voie-de-la-liberation-et-du-retour\\\/#article\",\"isPartOf\":{\"@id\":\"https:\\\/\\\/charleroi-pourlapalestine.be\\\/index.php\\\/2025\\\/01\\\/16\\\/gaza-la-resistance-vit-les-portes-de-la-prison-souvrent-sur-la-voie-de-la-liberation-et-du-retour\\\/\"},\"author\":{\"name\":\"admin1873\",\"@id\":\"https:\\\/\\\/charleroi-pourlapalestine.be\\\/#\\\/schema\\\/person\\\/c19ff515112f1299d8c12671d8fe3faa\"},\"headline\":\"Gaza : La r\u00e9sistance vit, les portes de la prison s\u2019ouvrent \u2013 Sur la voie de la lib\u00e9ration et du retour\",\"datePublished\":\"2025-01-16T09:42:29+00:00\",\"dateModified\":\"2025-01-21T09:00:28+00:00\",\"mainEntityOfPage\":{\"@id\":\"https:\\\/\\\/charleroi-pourlapalestine.be\\\/index.php\\\/2025\\\/01\\\/16\\\/gaza-la-resistance-vit-les-portes-de-la-prison-souvrent-sur-la-voie-de-la-liberation-et-du-retour\\\/\"},\"wordCount\":3671,\"publisher\":{\"@id\":\"https:\\\/\\\/charleroi-pourlapalestine.be\\\/#organization\"},\"image\":{\"@id\":\"https:\\\/\\\/charleroi-pourlapalestine.be\\\/index.php\\\/2025\\\/01\\\/16\\\/gaza-la-resistance-vit-les-portes-de-la-prison-souvrent-sur-la-voie-de-la-liberation-et-du-retour\\\/#primaryimage\"},\"thumbnailUrl\":\"https:\\\/\\\/charleroi-pourlapalestine.be\\\/wp-content\\\/uploads\\\/2025\\\/01\\\/Gaza-la-resistance-vit-e1737016729105.png\",\"articleSection\":[\"7 octobre 2023\",\"Etats-Unis\",\"Gaza\",\"G\u00e9nocide\",\"Imp\u00e9rialisme\",\"J\u00e9nine\",\"Liban\",\"Martyrs\",\"Palestine\",\"Prisonniers\",\"Prisonnni\u00e8res palestiniennes\",\"R\u00e9pression\",\"R\u00e9sistance\",\"Samidoun\",\"Sionisme\"],\"inLanguage\":\"fr-FR\"},{\"@type\":\"WebPage\",\"@id\":\"https:\\\/\\\/charleroi-pourlapalestine.be\\\/index.php\\\/2025\\\/01\\\/16\\\/gaza-la-resistance-vit-les-portes-de-la-prison-souvrent-sur-la-voie-de-la-liberation-et-du-retour\\\/\",\"url\":\"https:\\\/\\\/charleroi-pourlapalestine.be\\\/index.php\\\/2025\\\/01\\\/16\\\/gaza-la-resistance-vit-les-portes-de-la-prison-souvrent-sur-la-voie-de-la-liberation-et-du-retour\\\/\",\"name\":\"Gaza : La r\u00e9sistance vit, les portes de la prison s\u2019ouvrent \u2013 Sur la voie de la lib\u00e9ration et du retour\",\"isPartOf\":{\"@id\":\"https:\\\/\\\/charleroi-pourlapalestine.be\\\/#website\"},\"primaryImageOfPage\":{\"@id\":\"https:\\\/\\\/charleroi-pourlapalestine.be\\\/index.php\\\/2025\\\/01\\\/16\\\/gaza-la-resistance-vit-les-portes-de-la-prison-souvrent-sur-la-voie-de-la-liberation-et-du-retour\\\/#primaryimage\"},\"image\":{\"@id\":\"https:\\\/\\\/charleroi-pourlapalestine.be\\\/index.php\\\/2025\\\/01\\\/16\\\/gaza-la-resistance-vit-les-portes-de-la-prison-souvrent-sur-la-voie-de-la-liberation-et-du-retour\\\/#primaryimage\"},\"thumbnailUrl\":\"https:\\\/\\\/charleroi-pourlapalestine.be\\\/wp-content\\\/uploads\\\/2025\\\/01\\\/Gaza-la-resistance-vit-e1737016729105.png\",\"datePublished\":\"2025-01-16T09:42:29+00:00\",\"dateModified\":\"2025-01-21T09:00:28+00:00\",\"description\":\"Amplifions notre mouvement, et d\u2019intensifier nos efforts pour construire le berceau populaire international de la R\u00e9sistance\",\"breadcrumb\":{\"@id\":\"https:\\\/\\\/charleroi-pourlapalestine.be\\\/index.php\\\/2025\\\/01\\\/16\\\/gaza-la-resistance-vit-les-portes-de-la-prison-souvrent-sur-la-voie-de-la-liberation-et-du-retour\\\/#breadcrumb\"},\"inLanguage\":\"fr-FR\",\"potentialAction\":[{\"@type\":\"ReadAction\",\"target\":[\"https:\\\/\\\/charleroi-pourlapalestine.be\\\/index.php\\\/2025\\\/01\\\/16\\\/gaza-la-resistance-vit-les-portes-de-la-prison-souvrent-sur-la-voie-de-la-liberation-et-du-retour\\\/\"]}]},{\"@type\":\"ImageObject\",\"inLanguage\":\"fr-FR\",\"@id\":\"https:\\\/\\\/charleroi-pourlapalestine.be\\\/index.php\\\/2025\\\/01\\\/16\\\/gaza-la-resistance-vit-les-portes-de-la-prison-souvrent-sur-la-voie-de-la-liberation-et-du-retour\\\/#primaryimage\",\"url\":\"https:\\\/\\\/charleroi-pourlapalestine.be\\\/wp-content\\\/uploads\\\/2025\\\/01\\\/Gaza-la-resistance-vit-e1737016729105.png\",\"contentUrl\":\"https:\\\/\\\/charleroi-pourlapalestine.be\\\/wp-content\\\/uploads\\\/2025\\\/01\\\/Gaza-la-resistance-vit-e1737016729105.png\",\"width\":886,\"height\":836},{\"@type\":\"BreadcrumbList\",\"@id\":\"https:\\\/\\\/charleroi-pourlapalestine.be\\\/index.php\\\/2025\\\/01\\\/16\\\/gaza-la-resistance-vit-les-portes-de-la-prison-souvrent-sur-la-voie-de-la-liberation-et-du-retour\\\/#breadcrumb\",\"itemListElement\":[{\"@type\":\"ListItem\",\"position\":1,\"name\":\"Accueil\",\"item\":\"https:\\\/\\\/charleroi-pourlapalestine.be\\\/\"},{\"@type\":\"ListItem\",\"position\":2,\"name\":\"Gaza : La r\u00e9sistance vit, les portes de la prison s\u2019ouvrent \u2013 Sur la voie de la lib\u00e9ration et du retour\"}]},{\"@type\":\"WebSite\",\"@id\":\"https:\\\/\\\/charleroi-pourlapalestine.be\\\/#website\",\"url\":\"https:\\\/\\\/charleroi-pourlapalestine.be\\\/\",\"name\":\"Charleroi Pour la Palestine\",\"description\":\"\",\"publisher\":{\"@id\":\"https:\\\/\\\/charleroi-pourlapalestine.be\\\/#organization\"},\"potentialAction\":[{\"@type\":\"SearchAction\",\"target\":{\"@type\":\"EntryPoint\",\"urlTemplate\":\"https:\\\/\\\/charleroi-pourlapalestine.be\\\/?s={search_term_string}\"},\"query-input\":{\"@type\":\"PropertyValueSpecification\",\"valueRequired\":true,\"valueName\":\"search_term_string\"}}],\"inLanguage\":\"fr-FR\"},{\"@type\":\"Organization\",\"@id\":\"https:\\\/\\\/charleroi-pourlapalestine.be\\\/#organization\",\"name\":\"Plate-forme Charleroi-Palestine\",\"url\":\"https:\\\/\\\/charleroi-pourlapalestine.be\\\/\",\"logo\":{\"@type\":\"ImageObject\",\"inLanguage\":\"fr-FR\",\"@id\":\"https:\\\/\\\/charleroi-pourlapalestine.be\\\/#\\\/schema\\\/logo\\\/image\\\/\",\"url\":\"https:\\\/\\\/charleroi-pourlapalestine.be\\\/wp-content\\\/uploads\\\/2020\\\/01\\\/logo-Copy.jpg\",\"contentUrl\":\"https:\\\/\\\/charleroi-pourlapalestine.be\\\/wp-content\\\/uploads\\\/2020\\\/01\\\/logo-Copy.jpg\",\"width\":180,\"height\":180,\"caption\":\"Plate-forme Charleroi-Palestine\"},\"image\":{\"@id\":\"https:\\\/\\\/charleroi-pourlapalestine.be\\\/#\\\/schema\\\/logo\\\/image\\\/\"},\"sameAs\":[\"https:\\\/\\\/www.facebook.com\\\/PlateformeCharleroiPalestine\\\/\",\"https:\\\/\\\/x.com\\\/LaCharleroi\"]},{\"@type\":\"Person\",\"@id\":\"https:\\\/\\\/charleroi-pourlapalestine.be\\\/#\\\/schema\\\/person\\\/c19ff515112f1299d8c12671d8fe3faa\",\"name\":\"admin1873\",\"url\":\"https:\\\/\\\/charleroi-pourlapalestine.be\\\/index.php\\\/author\\\/admin1873\\\/\"}]}<\/script>\n<!-- \/ Yoast SEO plugin. -->","yoast_head_json":{"title":"Gaza : La r\u00e9sistance vit, les portes de la prison s\u2019ouvrent \u2013 Sur la voie de la lib\u00e9ration et du retour","description":"Amplifions notre mouvement, et d\u2019intensifier nos efforts pour construire le berceau populaire international de la R\u00e9sistance","robots":{"index":"index","follow":"follow","max-snippet":"max-snippet:-1","max-image-preview":"max-image-preview:large","max-video-preview":"max-video-preview:-1"},"canonical":"https:\/\/charleroi-pourlapalestine.be\/index.php\/2025\/01\/16\/gaza-la-resistance-vit-les-portes-de-la-prison-souvrent-sur-la-voie-de-la-liberation-et-du-retour\/","schema":{"@context":"https:\/\/schema.org","@graph":[{"@type":"Article","@id":"https:\/\/charleroi-pourlapalestine.be\/index.php\/2025\/01\/16\/gaza-la-resistance-vit-les-portes-de-la-prison-souvrent-sur-la-voie-de-la-liberation-et-du-retour\/#article","isPartOf":{"@id":"https:\/\/charleroi-pourlapalestine.be\/index.php\/2025\/01\/16\/gaza-la-resistance-vit-les-portes-de-la-prison-souvrent-sur-la-voie-de-la-liberation-et-du-retour\/"},"author":{"name":"admin1873","@id":"https:\/\/charleroi-pourlapalestine.be\/#\/schema\/person\/c19ff515112f1299d8c12671d8fe3faa"},"headline":"Gaza : La r\u00e9sistance vit, les portes de la prison s\u2019ouvrent \u2013 Sur la voie de la lib\u00e9ration et du retour","datePublished":"2025-01-16T09:42:29+00:00","dateModified":"2025-01-21T09:00:28+00:00","mainEntityOfPage":{"@id":"https:\/\/charleroi-pourlapalestine.be\/index.php\/2025\/01\/16\/gaza-la-resistance-vit-les-portes-de-la-prison-souvrent-sur-la-voie-de-la-liberation-et-du-retour\/"},"wordCount":3671,"publisher":{"@id":"https:\/\/charleroi-pourlapalestine.be\/#organization"},"image":{"@id":"https:\/\/charleroi-pourlapalestine.be\/index.php\/2025\/01\/16\/gaza-la-resistance-vit-les-portes-de-la-prison-souvrent-sur-la-voie-de-la-liberation-et-du-retour\/#primaryimage"},"thumbnailUrl":"https:\/\/charleroi-pourlapalestine.be\/wp-content\/uploads\/2025\/01\/Gaza-la-resistance-vit-e1737016729105.png","articleSection":["7 octobre 2023","Etats-Unis","Gaza","G\u00e9nocide","Imp\u00e9rialisme","J\u00e9nine","Liban","Martyrs","Palestine","Prisonniers","Prisonnni\u00e8res palestiniennes","R\u00e9pression","R\u00e9sistance","Samidoun","Sionisme"],"inLanguage":"fr-FR"},{"@type":"WebPage","@id":"https:\/\/charleroi-pourlapalestine.be\/index.php\/2025\/01\/16\/gaza-la-resistance-vit-les-portes-de-la-prison-souvrent-sur-la-voie-de-la-liberation-et-du-retour\/","url":"https:\/\/charleroi-pourlapalestine.be\/index.php\/2025\/01\/16\/gaza-la-resistance-vit-les-portes-de-la-prison-souvrent-sur-la-voie-de-la-liberation-et-du-retour\/","name":"Gaza : La r\u00e9sistance vit, les portes de la prison s\u2019ouvrent \u2013 Sur la voie de la lib\u00e9ration et du retour","isPartOf":{"@id":"https:\/\/charleroi-pourlapalestine.be\/#website"},"primaryImageOfPage":{"@id":"https:\/\/charleroi-pourlapalestine.be\/index.php\/2025\/01\/16\/gaza-la-resistance-vit-les-portes-de-la-prison-souvrent-sur-la-voie-de-la-liberation-et-du-retour\/#primaryimage"},"image":{"@id":"https:\/\/charleroi-pourlapalestine.be\/index.php\/2025\/01\/16\/gaza-la-resistance-vit-les-portes-de-la-prison-souvrent-sur-la-voie-de-la-liberation-et-du-retour\/#primaryimage"},"thumbnailUrl":"https:\/\/charleroi-pourlapalestine.be\/wp-content\/uploads\/2025\/01\/Gaza-la-resistance-vit-e1737016729105.png","datePublished":"2025-01-16T09:42:29+00:00","dateModified":"2025-01-21T09:00:28+00:00","description":"Amplifions notre mouvement, et d\u2019intensifier nos efforts pour construire le berceau populaire international de la R\u00e9sistance","breadcrumb":{"@id":"https:\/\/charleroi-pourlapalestine.be\/index.php\/2025\/01\/16\/gaza-la-resistance-vit-les-portes-de-la-prison-souvrent-sur-la-voie-de-la-liberation-et-du-retour\/#breadcrumb"},"inLanguage":"fr-FR","potentialAction":[{"@type":"ReadAction","target":["https:\/\/charleroi-pourlapalestine.be\/index.php\/2025\/01\/16\/gaza-la-resistance-vit-les-portes-de-la-prison-souvrent-sur-la-voie-de-la-liberation-et-du-retour\/"]}]},{"@type":"ImageObject","inLanguage":"fr-FR","@id":"https:\/\/charleroi-pourlapalestine.be\/index.php\/2025\/01\/16\/gaza-la-resistance-vit-les-portes-de-la-prison-souvrent-sur-la-voie-de-la-liberation-et-du-retour\/#primaryimage","url":"https:\/\/charleroi-pourlapalestine.be\/wp-content\/uploads\/2025\/01\/Gaza-la-resistance-vit-e1737016729105.png","contentUrl":"https:\/\/charleroi-pourlapalestine.be\/wp-content\/uploads\/2025\/01\/Gaza-la-resistance-vit-e1737016729105.png","width":886,"height":836},{"@type":"BreadcrumbList","@id":"https:\/\/charleroi-pourlapalestine.be\/index.php\/2025\/01\/16\/gaza-la-resistance-vit-les-portes-de-la-prison-souvrent-sur-la-voie-de-la-liberation-et-du-retour\/#breadcrumb","itemListElement":[{"@type":"ListItem","position":1,"name":"Accueil","item":"https:\/\/charleroi-pourlapalestine.be\/"},{"@type":"ListItem","position":2,"name":"Gaza : La r\u00e9sistance vit, les portes de la prison s\u2019ouvrent \u2013 Sur la voie de la lib\u00e9ration et du retour"}]},{"@type":"WebSite","@id":"https:\/\/charleroi-pourlapalestine.be\/#website","url":"https:\/\/charleroi-pourlapalestine.be\/","name":"Charleroi Pour la Palestine","description":"","publisher":{"@id":"https:\/\/charleroi-pourlapalestine.be\/#organization"},"potentialAction":[{"@type":"SearchAction","target":{"@type":"EntryPoint","urlTemplate":"https:\/\/charleroi-pourlapalestine.be\/?s={search_term_string}"},"query-input":{"@type":"PropertyValueSpecification","valueRequired":true,"valueName":"search_term_string"}}],"inLanguage":"fr-FR"},{"@type":"Organization","@id":"https:\/\/charleroi-pourlapalestine.be\/#organization","name":"Plate-forme Charleroi-Palestine","url":"https:\/\/charleroi-pourlapalestine.be\/","logo":{"@type":"ImageObject","inLanguage":"fr-FR","@id":"https:\/\/charleroi-pourlapalestine.be\/#\/schema\/logo\/image\/","url":"https:\/\/charleroi-pourlapalestine.be\/wp-content\/uploads\/2020\/01\/logo-Copy.jpg","contentUrl":"https:\/\/charleroi-pourlapalestine.be\/wp-content\/uploads\/2020\/01\/logo-Copy.jpg","width":180,"height":180,"caption":"Plate-forme Charleroi-Palestine"},"image":{"@id":"https:\/\/charleroi-pourlapalestine.be\/#\/schema\/logo\/image\/"},"sameAs":["https:\/\/www.facebook.com\/PlateformeCharleroiPalestine\/","https:\/\/x.com\/LaCharleroi"]},{"@type":"Person","@id":"https:\/\/charleroi-pourlapalestine.be\/#\/schema\/person\/c19ff515112f1299d8c12671d8fe3faa","name":"admin1873","url":"https:\/\/charleroi-pourlapalestine.be\/index.php\/author\/admin1873\/"}]}},"_links":{"self":[{"href":"https:\/\/charleroi-pourlapalestine.be\/index.php\/wp-json\/wp\/v2\/posts\/80639","targetHints":{"allow":["GET"]}}],"collection":[{"href":"https:\/\/charleroi-pourlapalestine.be\/index.php\/wp-json\/wp\/v2\/posts"}],"about":[{"href":"https:\/\/charleroi-pourlapalestine.be\/index.php\/wp-json\/wp\/v2\/types\/post"}],"author":[{"embeddable":true,"href":"https:\/\/charleroi-pourlapalestine.be\/index.php\/wp-json\/wp\/v2\/users\/1"}],"replies":[{"embeddable":true,"href":"https:\/\/charleroi-pourlapalestine.be\/index.php\/wp-json\/wp\/v2\/comments?post=80639"}],"version-history":[{"count":0,"href":"https:\/\/charleroi-pourlapalestine.be\/index.php\/wp-json\/wp\/v2\/posts\/80639\/revisions"}],"wp:featuredmedia":[{"embeddable":true,"href":"https:\/\/charleroi-pourlapalestine.be\/index.php\/wp-json\/wp\/v2\/media\/80643"}],"wp:attachment":[{"href":"https:\/\/charleroi-pourlapalestine.be\/index.php\/wp-json\/wp\/v2\/media?parent=80639"}],"wp:term":[{"taxonomy":"category","embeddable":true,"href":"https:\/\/charleroi-pourlapalestine.be\/index.php\/wp-json\/wp\/v2\/categories?post=80639"},{"taxonomy":"post_tag","embeddable":true,"href":"https:\/\/charleroi-pourlapalestine.be\/index.php\/wp-json\/wp\/v2\/tags?post=80639"}],"curies":[{"name":"wp","href":"https:\/\/api.w.org\/{rel}","templated":true}]}}