{"id":80663,"date":"2025-01-16T09:08:10","date_gmt":"2025-01-16T08:08:10","guid":{"rendered":"https:\/\/charleroi-pourlapalestine.be\/?p=80663"},"modified":"2025-01-20T11:59:32","modified_gmt":"2025-01-20T10:59:32","slug":"le-qatar-annonce-un-accord-de-cessez-le-feu","status":"publish","type":"post","link":"https:\/\/charleroi-pourlapalestine.be\/index.php\/2025\/01\/16\/le-qatar-annonce-un-accord-de-cessez-le-feu\/","title":{"rendered":"Le Qatar annonce un accord de cessez-le-feu"},"content":{"rendered":"<p>Dans la soir\u00e9e de mercredi, le Premier ministre du Qatar a annonc\u00e9 qu&rsquo;un accord en plusieurs phases avait \u00e9t\u00e9 d\u00e9gag\u00e9 entre Isra\u00ebl et le Hamas afin de mettre un terme \u00e0 plus de 460 jours d&rsquo;une guerre particuli\u00e8rement brutale et d\u00e9vastatrice \u00e0 Gaza.<br><br><\/p>\n<div id=\"attachment_80677\" style=\"width: 687px\" class=\"wp-caption aligncenter\"><img loading=\"lazy\" decoding=\"async\" aria-describedby=\"caption-attachment-80677\" class=\"wp-image-80677 size-full\" src=\"https:\/\/charleroi-pourlapalestine.be\/wp-content\/uploads\/2025\/01\/La-joie-des-Palestiniens-apres-lannonce-de-laccord.png\" alt=\"La joie des habitants de la bande de Gaza apr\u00e8s l'annonce de l'accord de cessez-le-feu par le Qatar, le 15 janvier 2025. Photographe : Youssef Al-Za'noun\" width=\"677\" height=\"505\" srcset=\"https:\/\/charleroi-pourlapalestine.be\/wp-content\/uploads\/2025\/01\/La-joie-des-Palestiniens-apres-lannonce-de-laccord.png 677w, https:\/\/charleroi-pourlapalestine.be\/wp-content\/uploads\/2025\/01\/La-joie-des-Palestiniens-apres-lannonce-de-laccord-300x224.png 300w\" sizes=\"auto, (max-width: 677px) 100vw, 677px\" \/><p id=\"caption-attachment-80677\" class=\"wp-caption-text\"><strong>La joie des habitants de la bande de Gaza apr\u00e8s l&rsquo;annonce de l&rsquo;accord de cessez-le-feu \u00e0 Gaza, le 15 janvier 2025.<\/strong> Photographe : Youssef Al-Za&rsquo;noun\/ Activestills<\/p><\/div>\n<p><br><strong>Maureen Clare Murphy<\/strong>, 15 janvier 2025<\/p>\n<p>La premi\u00e8re phase de cet accord \u2013 qui en comportera trois \u2013 d\u00e9butera dimanche, a d\u00e9clar\u00e9 Cheikh Mohammed bin Abdulrahman bin Jassim Al Thani au cours d&rsquo;une br\u00e8ve conf\u00e9rence de presse qui s&rsquo;est tenue \u00e0 Doha :<\/p>\n<p><br>Vid\u00e9o Al Jazeera : Isra\u00ebl et le Hamas d&rsquo;accord pour un cessez-le-feu&#8230; <\/p>\n<p><div class=\"video-container\"><iframe loading=\"lazy\" title=\"Israel and Hamas have agreed on a ceasefire deal to halt war: Qatari PM\" width=\"500\" height=\"281\" src=\"https:\/\/www.youtube.com\/embed\/1uaz0EMmdek?feature=oembed&#038;wmode=opaque\" frameborder=\"0\" allow=\"accelerometer; autoplay; clipboard-write; encrypted-media; gyroscope; picture-in-picture; web-share\" referrerpolicy=\"strict-origin-when-cross-origin\" allowfullscreen><\/iframe><\/div><\/p>\n<p>&nbsp;<\/p>\n<p>M\u00eame avant qu&rsquo; Al Thani n&rsquo;annonce qu&rsquo;un accord avait \u00e9t\u00e9 d\u00e9gag\u00e9, <strong><a href=\"https:\/\/x.com\/AJArabic\/status\/1879587786669379602?ref_src=twsrc%5Etfw%7Ctwcamp%5Etweetembed%7Ctwterm%5E1879587786669379602%7Ctwgr%5E132e7dad4314f0b061ef3c822f73d7df5fd7d656%7Ctwcon%5Es1_&amp;ref_url=https%3A%2F%2Felectronicintifada.net%2Fblogs%2Fmaureen-clare-murphy%2Fqatar-announces-gaza-ceasefire-deal\" target=\"_blank\" rel=\"noopener\">les Palestiniens de Gaza<\/a>,<\/strong> qui ont endur\u00e9 plus d&rsquo;un an de constantes attaques isra\u00e9liennes et de d\u00e9placements, ont accueilli l&rsquo;information de l&rsquo;imminence d&rsquo;un accord par des c\u00e9l\u00e9brations dans les rues.<br><br><\/p>\n<p><img loading=\"lazy\" decoding=\"async\" class=\"aligncenter wp-image-80666 size-full\" src=\"https:\/\/charleroi-pourlapalestine.be\/wp-content\/uploads\/2025\/01\/Accord-3.png\" alt=\"\" width=\"728\" height=\"306\" srcset=\"https:\/\/charleroi-pourlapalestine.be\/wp-content\/uploads\/2025\/01\/Accord-3.png 728w, https:\/\/charleroi-pourlapalestine.be\/wp-content\/uploads\/2025\/01\/Accord-3-300x126.png 300w\" sizes=\"auto, (max-width: 728px) 100vw, 728px\" \/><\/p>\n<p>&nbsp;<\/p>\n<p>Le texte de l&rsquo;accord, arbitr\u00e9 en partie par le Qatar, n&rsquo;a pas \u00e9t\u00e9 publi\u00e9 officiellement. Le Premier ministre de l&rsquo;\u00c9tat du Golfe a d\u00e9clar\u00e9 que les termes exacts des deuxi\u00e8me et troisi\u00e8me phases devaient encore \u00eatre mis au point par les deux parties.<\/p>\n<p>&nbsp;<\/p>\n<p>Al Thani<a href=\"https:\/\/www.aljazeera.com\/news\/liveblog\/2025\/1\/15\/live-israel-launches-fierce-strikes-on-gaza-as-ceasefire-deal-moves-closer?update=3444264\" target=\"_blank\" rel=\"noopener\"> a expliqu\u00e9<\/a> que la premi\u00e8re phase de l&rsquo;accord durerait 42 jours et qu&rsquo;elle verrait la lib\u00e9ration de 33 Isra\u00e9liens en captivit\u00e9 \u00e0 Gaza \u2013 vivants et morts, militaires et civils \u2013 en \u00e9change d&rsquo;un nombre non pr\u00e9cis\u00e9 de Palestiniens d\u00e9tenus dans les prisons et centres de d\u00e9tention isra\u00e9liens.<\/p>\n<p>Cette phase comprend \u00e9galement le retrait des forces isra\u00e9liennes des zones habit\u00e9es de Gaza, a ajout\u00e9 Al Thani, ainsi que l&rsquo;\u00e9vacuation des bless\u00e9s afin de leur permettre de recevoir des traitements m\u00e9dicaux en dehors de Gaza.<\/p>\n<p>Les Palestiniens d\u00e9plac\u00e9s \u00e0 l&rsquo;int\u00e9rieur de Gaza pourront retourner chez eux au cours de la premi\u00e8re phase, a encore dit Al Thani, et il y aura une augmentation de l&rsquo;aide humanitaire \u2013 d\u00e9sesp\u00e9r\u00e9ment n\u00e9cessaire \u2013 dans tout le territoire.<\/p>\n<p>Le Premier ministre du Qatar a expliqu\u00e9 que Doha collaborerait \u00e9troitement avec Le Caire et Washington pour garantir l&rsquo;application de l&rsquo;accord, mais que c&rsquo;\u00e9tait aux parties qu&rsquo;il incombait de s&rsquo;engager pleinement dans les trois phases, d&rsquo;honorer leurs obligations et d&rsquo;en arriver \u00e0 un cessez-le-feu durable.<\/p>\n<p>&nbsp;<\/p>\n<h3>Les pressions<\/h3>\n<p>Le pr\u00e9sident am\u00e9ricain Joe Biden <a href=\"https:\/\/www.aljazeera.com\/news\/liveblog\/2025\/1\/15\/live-israel-launches-fierce-strikes-on-gaza-as-ceasefire-deal-moves-closer?update=3444228\" target=\"_blank\" rel=\"noopener\">a d\u00e9clar\u00e9<\/a> que l&rsquo;accord mettant fin \u00e0 15 mois d&rsquo;une guerre qui mena\u00e7ait de d\u00e9stabiliser la r\u00e9gion \u00e9tait le r\u00e9sultat d&rsquo;une <em>\u00ab pression extr\u00eame \u00bb<\/em> sur le Hamas et de l&rsquo;affaiblissement de l&rsquo;Iran.<\/p>\n<p>L&rsquo;accord est \u00e9galement le r\u00e9sultat de <em>\u00ab la diplomatie obstin\u00e9e et minutieuse des \u00c9tats-Unis \u00bb<\/em>, a ajout\u00e9 Biden.<\/p>\n<p>Le pr\u00e9sident, en v\u00e9ritable canard boiteux, a contredit involontairement ses affirmations en reconnaissant que le plan accept\u00e9 par Isra\u00ebl et le Hamas mercredi \u00e9tait le m\u00eame que celui qu&rsquo;il avait propos\u00e9 en mai.<\/p>\n<blockquote>\n<p>\u00ab Ma diplomatie n&rsquo;a jamais renonc\u00e9 \u00e0 ses efforts en vue d&rsquo;en arriver \u00e0 cet accord \u00bb,<\/p>\n<\/blockquote>\n<p>a d\u00e9clar\u00e9 Biden.<\/p>\n<p>Mais deux hauts responsables arabes <a href=\"https:\/\/www.timesofisrael.com\/arab-official-trump-envoy-swayed-netanyahu-more-in-one-meeting-than-biden-did-all-year\/\" target=\"_blank\" rel=\"noopener\">ont dit<\/a> dans <em>The Times of Israel<\/em> que Steve Witkoff, l&rsquo;envoy\u00e9 de Donald Trump (qui entamera son second mandat de pr\u00e9sident des EU lundi), avait fait bien davantage pour influencer le Premier ministre isra\u00e9lien Benjamin Netanyahou en une seule r\u00e9union que Biden en toute une ann\u00e9e.<\/p>\n<p>L&rsquo;analyse qui pr\u00e9vaut dans les m\u00e9dias isra\u00e9liens dit que ce sont les pressions de l&rsquo;administration entrante de Trump sur Netanyahou, plut\u00f4t que la pression isra\u00e9lienne sur le Hamas, qui a permis \u00e0 l&rsquo;accord de franchir la ligne d&rsquo;arriv\u00e9e.<\/p>\n<p>Apr\u00e8s l&rsquo;annonce du Qatar, un haut responsable du Hamas,<strong> Khalil al-Hayya<\/strong>, a <a href=\"https:\/\/www.aljazeera.com\/news\/liveblog\/2025\/1\/15\/live-israel-launches-fierce-strikes-on-gaza-as-ceasefire-deal-moves-closer?update=3444429\" target=\"_blank\" rel=\"noopener\">d\u00e9clar\u00e9<\/a> <strong>qu&rsquo;Isra\u00ebl n&rsquo;avait atteint aucun de ses objectifs \u00e0 Gaza<\/strong> \u2013 tant d\u00e9clar\u00e9s que non d\u00e9clar\u00e9s, faisant allusion aux plans isra\u00e9liens en vue de d\u00e9peupler, d&rsquo;annexer et de recoloniser le nord du territoire.<\/p>\n<blockquote>\n<p>\u00ab Et nous voici, aujourd&rsquo;hui, en train de prouver que l&rsquo;occupation [isra\u00e9lienne] n&rsquo;a pas vaincu et ne vaincra pas notre peuple et sa r\u00e9sistance \u00bb,<\/p>\n<\/blockquote>\n<p>a dit al-Hayya.<\/p>\n<p>Le responsable du Hamas a <strong><a href=\"https:\/\/www.aljazeera.com\/news\/liveblog\/2025\/1\/15\/live-israel-launches-fierce-strikes-on-gaza-as-ceasefire-deal-moves-closer?update=3444507\" target=\"_blank\" rel=\"noopener\">remerci\u00e9<\/a> les organisations de r\u00e9sistance de la r\u00e9gion<\/strong>, dont le<strong> Hezbollah<\/strong> au Liban et <strong>Ansarallah<\/strong> au Y\u00e9men, pour avoir ouvert des fronts de soutien et il a \u00e9galement remerci\u00e9 les <strong>protestataires du monde entier<\/strong> pour leur solidarit\u00e9 avec les Palestiniens \u00e0 Gaza.<\/p>\n<p>Les journalistes pr\u00e9sents \u00e0 la conf\u00e9rence de presse de Doha mercredi ont demand\u00e9 quels m\u00e9canismes avaient \u00e9t\u00e9 mis en place pour garantir que cette tr\u00eave tiendrait. En novembre 2023, un arr\u00eat temporaire qui avait vu un \u00e9change de captifs s&rsquo;\u00e9tait effondr\u00e9 au bout d&rsquo;une semaine.<\/p>\n<p>Le nombre officiel de morts \u00e0 Gaza \u00e9tait de quelque 14 850 Palestiniens<a href=\"https:\/\/www.aljazeera.com\/gallery\/2023\/11\/24\/israel-pounds-gaza-ahead-of-truce-killing-and-injuring-dozens\" target=\"_blank\" rel=\"noopener\"> avant<\/a> que n&rsquo;entre en vigueur la tr\u00eave de novembre 2023. <a href=\"https:\/\/www.aljazeera.com\/news\/2025\/1\/15\/the-human-toll-of-israels-war-on-gaza-by-the-numbers\" target=\"_blank\" rel=\"noopener\">Mercredi,<\/a> ce chiffre \u00e9tait d&rsquo;environ 46 700 et m\u00eame plus, du fait qu&rsquo;Isra\u00ebl a continu\u00e9 de mener ses attaques meurtri\u00e8res contre Gaza m\u00eame<a href=\"https:\/\/www.aljazeera.com\/news\/2025\/1\/15\/the-human-toll-of-israels-war-on-gaza-by-the-numbers\" target=\"_blank\" rel=\"noopener\"> apr\u00e8s<\/a> l&rsquo;annonce de l&rsquo;accord.<\/p>\n<p>Un nombre inconnu de Palestiniens ont perdu la vie \u00e0 la suite du si\u00e8ge ou de la destruction par Isra\u00ebl des infrastructures de sant\u00e9, d&rsquo;assainissement et de logement dans le territoire.<\/p>\n<p>Au moins 110 265 Palestiniens \u2013 un habitant de Gaza sur 20 \u2013 ont \u00e9t\u00e9 bless\u00e9s, dont un grand nombre pr\u00e9sentent des blessures qui les affecteront durant toute leur vie.<\/p>\n<p>&nbsp;<\/p>\n<h3>Que se passera-t-il ensuite ?<\/h3>\n<p>La <strong>Cour internationale de Justice (CIJ)<\/strong> a averti en janvier de l&rsquo;an dernier qu&rsquo;il y avait un risque plausible de g\u00e9nocide \u00e0 Gaza. Un autre tribunal de La Haye, <strong>la Cour p\u00e9nale internationale (CPI)<\/strong>, a \u00e9mis des mandats d&rsquo;arr\u00eat contre Netanyahou et Yoav Gallant, l&rsquo;ancien ministre de la D\u00e9fense r\u00e9voqu\u00e9 par Netanyahou en novembre dernier.<\/p>\n<p>Aujourd&rsquo;hui, Netanyahou cherche des garanties de la part des \u00c9tats parties de la CPI qu&rsquo;il ne sera pas arr\u00eat\u00e9 s&rsquo;il se rend dans leurs pays.<\/p>\n<p>Entre-temps, l&rsquo;arm\u00e9e isra\u00e9lienne ne publie plus le nom de ses hommes dans les m\u00e9dias, craignant qu&rsquo;on ne les arr\u00eate \u00e0 l&rsquo;\u00e9tranger. Tant Ghassan Alian \u2013 le chef de la COGAT, l&rsquo;administration de l&rsquo;arm\u00e9e isra\u00e9lienne qui impose le si\u00e8ge \u00e0 Gaza \u2013 et, r\u00e9cemment, un r\u00e9serviste en vacances en Italie, ont \u00e9chapp\u00e9 \u00e0 leur arrestation, respectivement en Italie et au Br\u00e9sil.<\/p>\n<p>Al Mezan, une organisation des droits humains install\u00e9e \u00e0 Gaza, <a href=\"https:\/\/x.com\/pchrgaza\/status\/1879621550271504653?ref_src=twsrc%5Etfw%7Ctwcamp%5Etweetembed%7Ctwterm%5E1879621550271504653%7Ctwgr%5E050ce2871be827c9495afa094ac9bcab47f793bb%7Ctwcon%5Es1_&amp;ref_url=https%3A%2F%2Felectronicintifada.net%2Fblogs%2Fmaureen-clare-murphy%2Fqatar-announces-gaza-ceasefire-deal\" target=\"_blank\" rel=\"noopener\">a d\u00e9clar\u00e9<\/a> que l&rsquo;annonce d&rsquo;un cessez-le-feu constituait <em>\u00ab un pas crucial vers la r\u00e9duction du nombre de Palestiniens tu\u00e9s par la force meurtri\u00e8re \u00bb.<\/em><\/p>\n<p>Mais il a mis en garde en disant qu&rsquo;un cessez-le-feu \u00e0 lui seul <em>\u00ab ne mettrait pas un terme au g\u00e9nocide en cours perp\u00e9tr\u00e9 par Isra\u00ebl contre le peuple palestinien de Gaza \u00bb.<\/em><\/p>\n<blockquote>\n<p>\u00ab Ce qui est requis, de la part d&rsquo;Isra\u00ebl, c&rsquo;est qu&rsquo;il mette un terme \u00e0 tous ses actes g\u00e9nocidaires en cours et qu&rsquo;il ouvre Gaza et, de la part de la communaut\u00e9 internationale, qu&rsquo;elle fasse en sorte que des comptes soient r\u00e9clam\u00e9s aux responsables \u00bb,<\/p>\n<\/blockquote>\n<p>a d\u00e9clar\u00e9 l&rsquo;organisation.<\/p>\n<p>Une fois que la tr\u00eave sera appliqu\u00e9e, la grande question pour les survivants palestiniens sera de savoir ce qui va se passer ensuite, estime le contributeur de <em>The Electronic Intifada,<\/em> Malak Hijazi<strong>,<\/strong> qui nous \u00e9crit depuis Gaza.<\/p>\n<p>L&rsquo;administration de Gaza apr\u00e8s l&rsquo;application du cessez-le-feu est une autre question qui reste ouverte.<\/p>\n<blockquote>\n<p>\u00ab Cette guerre ne se terminera pas avec la derni\u00e8re frappe a\u00e9rienne \u00bb,<\/p>\n<\/blockquote>\n<p>a d\u00e9clar\u00e9 Hijazi.<\/p>\n<blockquote>\n<p>\u00ab Ses effets persisteront dans les d\u00e9combres, dans la lutte pour la reconstruction et dans la crainte constante que le cessez-le-feu ne dure pas. \u00bb<\/p>\n<p>\u00ab Les habitants de Gaza ont besoin de bien davantage que de mots de solidarit\u00e9 \u00bb,<\/p>\n<\/blockquote>\n<p>a ajout\u00e9 Hijazi.<\/p>\n<blockquote>\n<p>\u00ab Nous avons besoin d&rsquo;une action mondiale significative afin de soutenir la reconstruction et de garantir que des comptes soient r\u00e9clam\u00e9s. \u00bb<\/p>\n<\/blockquote>\n<p style=\"text-align: center;\">*****<\/p>\n<p>Publi\u00e9 le 15 janvier 2024 sur <a href=\"https:\/\/electronicintifada.net\/blogs\/maureen-clare-murphy\/qatar-announces-gaza-ceasefire-deal\" target=\"_blank\" rel=\"noopener\">The Electronic Intifada<\/a><br>Traduction : Jean-Marie Fl\u00e9mal, <a href=\"https:\/\/charleroi-pourlapalestine.be\/\" target=\"_blank\" rel=\"noopener\">Charleroi pour la Palestine<\/a><\/p>\n<p>&nbsp;<\/p>\n\n\n<p><\/p>\n","protected":false},"excerpt":{"rendered":"<p>Le responsable du Hamas a remerci\u00e9 les organisations de r\u00e9sistance de la r\u00e9gion, dont le Hezbollah au Liban et Ansarallah au Y\u00e9men, pour avoir ouvert des fronts de soutien et il a \u00e9galement remerci\u00e9 les protestataires du monde entier pour leur solidarit\u00e9 avec les Palestiniens \u00e0 Gaza<\/p>\n","protected":false},"author":1,"featured_media":80677,"comment_status":"closed","ping_status":"closed","sticky":false,"template":"","format":"standard","meta":{"ngg_post_thumbnail":0,"footnotes":""},"categories":[6,344,146],"tags":[],"class_list":["post-80663","post","type-post","status-publish","format-standard","has-post-thumbnail","hentry","category-gaza","category-genocide","category-qatar"],"yoast_head":"<!-- This site is optimized with the Yoast SEO plugin v27.3 - https:\/\/yoast.com\/product\/yoast-seo-wordpress\/ -->\n<title>Le Qatar annonce un accord de cessez-le-feu<\/title>\n<meta name=\"description\" content=\"Dans la soir\u00e9e de mercredi, le Premier ministre du Qatar a annonc\u00e9 qu&#039;un accord en plusieurs phases avait \u00e9t\u00e9 d\u00e9gag\u00e9 entre Isra\u00ebl et le Hamas\" \/>\n<meta name=\"robots\" content=\"index, follow, max-snippet:-1, max-image-preview:large, max-video-preview:-1\" \/>\n<link rel=\"canonical\" href=\"https:\/\/charleroi-pourlapalestine.be\/index.php\/2025\/01\/16\/le-qatar-annonce-un-accord-de-cessez-le-feu\/\" \/>\n<script type=\"application\/ld+json\" class=\"yoast-schema-graph\">{\"@context\":\"https:\\\/\\\/schema.org\",\"@graph\":[{\"@type\":\"Article\",\"@id\":\"https:\\\/\\\/charleroi-pourlapalestine.be\\\/index.php\\\/2025\\\/01\\\/16\\\/le-qatar-annonce-un-accord-de-cessez-le-feu\\\/#article\",\"isPartOf\":{\"@id\":\"https:\\\/\\\/charleroi-pourlapalestine.be\\\/index.php\\\/2025\\\/01\\\/16\\\/le-qatar-annonce-un-accord-de-cessez-le-feu\\\/\"},\"author\":{\"name\":\"admin1873\",\"@id\":\"https:\\\/\\\/charleroi-pourlapalestine.be\\\/#\\\/schema\\\/person\\\/c19ff515112f1299d8c12671d8fe3faa\"},\"headline\":\"Le Qatar annonce un accord de cessez-le-feu\",\"datePublished\":\"2025-01-16T08:08:10+00:00\",\"dateModified\":\"2025-01-20T10:59:32+00:00\",\"mainEntityOfPage\":{\"@id\":\"https:\\\/\\\/charleroi-pourlapalestine.be\\\/index.php\\\/2025\\\/01\\\/16\\\/le-qatar-annonce-un-accord-de-cessez-le-feu\\\/\"},\"wordCount\":1429,\"publisher\":{\"@id\":\"https:\\\/\\\/charleroi-pourlapalestine.be\\\/#organization\"},\"image\":{\"@id\":\"https:\\\/\\\/charleroi-pourlapalestine.be\\\/index.php\\\/2025\\\/01\\\/16\\\/le-qatar-annonce-un-accord-de-cessez-le-feu\\\/#primaryimage\"},\"thumbnailUrl\":\"https:\\\/\\\/charleroi-pourlapalestine.be\\\/wp-content\\\/uploads\\\/2025\\\/01\\\/La-joie-des-Palestiniens-apres-lannonce-de-laccord.png\",\"articleSection\":[\"Gaza\",\"G\u00e9nocide\",\"Qatar\"],\"inLanguage\":\"fr-FR\"},{\"@type\":\"WebPage\",\"@id\":\"https:\\\/\\\/charleroi-pourlapalestine.be\\\/index.php\\\/2025\\\/01\\\/16\\\/le-qatar-annonce-un-accord-de-cessez-le-feu\\\/\",\"url\":\"https:\\\/\\\/charleroi-pourlapalestine.be\\\/index.php\\\/2025\\\/01\\\/16\\\/le-qatar-annonce-un-accord-de-cessez-le-feu\\\/\",\"name\":\"Le Qatar annonce un accord de cessez-le-feu\",\"isPartOf\":{\"@id\":\"https:\\\/\\\/charleroi-pourlapalestine.be\\\/#website\"},\"primaryImageOfPage\":{\"@id\":\"https:\\\/\\\/charleroi-pourlapalestine.be\\\/index.php\\\/2025\\\/01\\\/16\\\/le-qatar-annonce-un-accord-de-cessez-le-feu\\\/#primaryimage\"},\"image\":{\"@id\":\"https:\\\/\\\/charleroi-pourlapalestine.be\\\/index.php\\\/2025\\\/01\\\/16\\\/le-qatar-annonce-un-accord-de-cessez-le-feu\\\/#primaryimage\"},\"thumbnailUrl\":\"https:\\\/\\\/charleroi-pourlapalestine.be\\\/wp-content\\\/uploads\\\/2025\\\/01\\\/La-joie-des-Palestiniens-apres-lannonce-de-laccord.png\",\"datePublished\":\"2025-01-16T08:08:10+00:00\",\"dateModified\":\"2025-01-20T10:59:32+00:00\",\"description\":\"Dans la soir\u00e9e de mercredi, le Premier ministre du Qatar a annonc\u00e9 qu'un accord en plusieurs phases avait \u00e9t\u00e9 d\u00e9gag\u00e9 entre Isra\u00ebl et le Hamas\",\"breadcrumb\":{\"@id\":\"https:\\\/\\\/charleroi-pourlapalestine.be\\\/index.php\\\/2025\\\/01\\\/16\\\/le-qatar-annonce-un-accord-de-cessez-le-feu\\\/#breadcrumb\"},\"inLanguage\":\"fr-FR\",\"potentialAction\":[{\"@type\":\"ReadAction\",\"target\":[\"https:\\\/\\\/charleroi-pourlapalestine.be\\\/index.php\\\/2025\\\/01\\\/16\\\/le-qatar-annonce-un-accord-de-cessez-le-feu\\\/\"]}]},{\"@type\":\"ImageObject\",\"inLanguage\":\"fr-FR\",\"@id\":\"https:\\\/\\\/charleroi-pourlapalestine.be\\\/index.php\\\/2025\\\/01\\\/16\\\/le-qatar-annonce-un-accord-de-cessez-le-feu\\\/#primaryimage\",\"url\":\"https:\\\/\\\/charleroi-pourlapalestine.be\\\/wp-content\\\/uploads\\\/2025\\\/01\\\/La-joie-des-Palestiniens-apres-lannonce-de-laccord.png\",\"contentUrl\":\"https:\\\/\\\/charleroi-pourlapalestine.be\\\/wp-content\\\/uploads\\\/2025\\\/01\\\/La-joie-des-Palestiniens-apres-lannonce-de-laccord.png\",\"width\":677,\"height\":505},{\"@type\":\"BreadcrumbList\",\"@id\":\"https:\\\/\\\/charleroi-pourlapalestine.be\\\/index.php\\\/2025\\\/01\\\/16\\\/le-qatar-annonce-un-accord-de-cessez-le-feu\\\/#breadcrumb\",\"itemListElement\":[{\"@type\":\"ListItem\",\"position\":1,\"name\":\"Accueil\",\"item\":\"https:\\\/\\\/charleroi-pourlapalestine.be\\\/\"},{\"@type\":\"ListItem\",\"position\":2,\"name\":\"Le Qatar annonce un accord de cessez-le-feu\"}]},{\"@type\":\"WebSite\",\"@id\":\"https:\\\/\\\/charleroi-pourlapalestine.be\\\/#website\",\"url\":\"https:\\\/\\\/charleroi-pourlapalestine.be\\\/\",\"name\":\"Charleroi Pour la Palestine\",\"description\":\"\",\"publisher\":{\"@id\":\"https:\\\/\\\/charleroi-pourlapalestine.be\\\/#organization\"},\"potentialAction\":[{\"@type\":\"SearchAction\",\"target\":{\"@type\":\"EntryPoint\",\"urlTemplate\":\"https:\\\/\\\/charleroi-pourlapalestine.be\\\/?s={search_term_string}\"},\"query-input\":{\"@type\":\"PropertyValueSpecification\",\"valueRequired\":true,\"valueName\":\"search_term_string\"}}],\"inLanguage\":\"fr-FR\"},{\"@type\":\"Organization\",\"@id\":\"https:\\\/\\\/charleroi-pourlapalestine.be\\\/#organization\",\"name\":\"Plate-forme Charleroi-Palestine\",\"url\":\"https:\\\/\\\/charleroi-pourlapalestine.be\\\/\",\"logo\":{\"@type\":\"ImageObject\",\"inLanguage\":\"fr-FR\",\"@id\":\"https:\\\/\\\/charleroi-pourlapalestine.be\\\/#\\\/schema\\\/logo\\\/image\\\/\",\"url\":\"https:\\\/\\\/charleroi-pourlapalestine.be\\\/wp-content\\\/uploads\\\/2020\\\/01\\\/logo-Copy.jpg\",\"contentUrl\":\"https:\\\/\\\/charleroi-pourlapalestine.be\\\/wp-content\\\/uploads\\\/2020\\\/01\\\/logo-Copy.jpg\",\"width\":180,\"height\":180,\"caption\":\"Plate-forme Charleroi-Palestine\"},\"image\":{\"@id\":\"https:\\\/\\\/charleroi-pourlapalestine.be\\\/#\\\/schema\\\/logo\\\/image\\\/\"},\"sameAs\":[\"https:\\\/\\\/www.facebook.com\\\/PlateformeCharleroiPalestine\\\/\",\"https:\\\/\\\/x.com\\\/LaCharleroi\"]},{\"@type\":\"Person\",\"@id\":\"https:\\\/\\\/charleroi-pourlapalestine.be\\\/#\\\/schema\\\/person\\\/c19ff515112f1299d8c12671d8fe3faa\",\"name\":\"admin1873\",\"url\":\"https:\\\/\\\/charleroi-pourlapalestine.be\\\/index.php\\\/author\\\/admin1873\\\/\"}]}<\/script>\n<!-- \/ Yoast SEO plugin. -->","yoast_head_json":{"title":"Le Qatar annonce un accord de cessez-le-feu","description":"Dans la soir\u00e9e de mercredi, le Premier ministre du Qatar a annonc\u00e9 qu'un accord en plusieurs phases avait \u00e9t\u00e9 d\u00e9gag\u00e9 entre Isra\u00ebl et le Hamas","robots":{"index":"index","follow":"follow","max-snippet":"max-snippet:-1","max-image-preview":"max-image-preview:large","max-video-preview":"max-video-preview:-1"},"canonical":"https:\/\/charleroi-pourlapalestine.be\/index.php\/2025\/01\/16\/le-qatar-annonce-un-accord-de-cessez-le-feu\/","schema":{"@context":"https:\/\/schema.org","@graph":[{"@type":"Article","@id":"https:\/\/charleroi-pourlapalestine.be\/index.php\/2025\/01\/16\/le-qatar-annonce-un-accord-de-cessez-le-feu\/#article","isPartOf":{"@id":"https:\/\/charleroi-pourlapalestine.be\/index.php\/2025\/01\/16\/le-qatar-annonce-un-accord-de-cessez-le-feu\/"},"author":{"name":"admin1873","@id":"https:\/\/charleroi-pourlapalestine.be\/#\/schema\/person\/c19ff515112f1299d8c12671d8fe3faa"},"headline":"Le Qatar annonce un accord de cessez-le-feu","datePublished":"2025-01-16T08:08:10+00:00","dateModified":"2025-01-20T10:59:32+00:00","mainEntityOfPage":{"@id":"https:\/\/charleroi-pourlapalestine.be\/index.php\/2025\/01\/16\/le-qatar-annonce-un-accord-de-cessez-le-feu\/"},"wordCount":1429,"publisher":{"@id":"https:\/\/charleroi-pourlapalestine.be\/#organization"},"image":{"@id":"https:\/\/charleroi-pourlapalestine.be\/index.php\/2025\/01\/16\/le-qatar-annonce-un-accord-de-cessez-le-feu\/#primaryimage"},"thumbnailUrl":"https:\/\/charleroi-pourlapalestine.be\/wp-content\/uploads\/2025\/01\/La-joie-des-Palestiniens-apres-lannonce-de-laccord.png","articleSection":["Gaza","G\u00e9nocide","Qatar"],"inLanguage":"fr-FR"},{"@type":"WebPage","@id":"https:\/\/charleroi-pourlapalestine.be\/index.php\/2025\/01\/16\/le-qatar-annonce-un-accord-de-cessez-le-feu\/","url":"https:\/\/charleroi-pourlapalestine.be\/index.php\/2025\/01\/16\/le-qatar-annonce-un-accord-de-cessez-le-feu\/","name":"Le Qatar annonce un accord de cessez-le-feu","isPartOf":{"@id":"https:\/\/charleroi-pourlapalestine.be\/#website"},"primaryImageOfPage":{"@id":"https:\/\/charleroi-pourlapalestine.be\/index.php\/2025\/01\/16\/le-qatar-annonce-un-accord-de-cessez-le-feu\/#primaryimage"},"image":{"@id":"https:\/\/charleroi-pourlapalestine.be\/index.php\/2025\/01\/16\/le-qatar-annonce-un-accord-de-cessez-le-feu\/#primaryimage"},"thumbnailUrl":"https:\/\/charleroi-pourlapalestine.be\/wp-content\/uploads\/2025\/01\/La-joie-des-Palestiniens-apres-lannonce-de-laccord.png","datePublished":"2025-01-16T08:08:10+00:00","dateModified":"2025-01-20T10:59:32+00:00","description":"Dans la soir\u00e9e de mercredi, le Premier ministre du Qatar a annonc\u00e9 qu'un accord en plusieurs phases avait \u00e9t\u00e9 d\u00e9gag\u00e9 entre Isra\u00ebl et le Hamas","breadcrumb":{"@id":"https:\/\/charleroi-pourlapalestine.be\/index.php\/2025\/01\/16\/le-qatar-annonce-un-accord-de-cessez-le-feu\/#breadcrumb"},"inLanguage":"fr-FR","potentialAction":[{"@type":"ReadAction","target":["https:\/\/charleroi-pourlapalestine.be\/index.php\/2025\/01\/16\/le-qatar-annonce-un-accord-de-cessez-le-feu\/"]}]},{"@type":"ImageObject","inLanguage":"fr-FR","@id":"https:\/\/charleroi-pourlapalestine.be\/index.php\/2025\/01\/16\/le-qatar-annonce-un-accord-de-cessez-le-feu\/#primaryimage","url":"https:\/\/charleroi-pourlapalestine.be\/wp-content\/uploads\/2025\/01\/La-joie-des-Palestiniens-apres-lannonce-de-laccord.png","contentUrl":"https:\/\/charleroi-pourlapalestine.be\/wp-content\/uploads\/2025\/01\/La-joie-des-Palestiniens-apres-lannonce-de-laccord.png","width":677,"height":505},{"@type":"BreadcrumbList","@id":"https:\/\/charleroi-pourlapalestine.be\/index.php\/2025\/01\/16\/le-qatar-annonce-un-accord-de-cessez-le-feu\/#breadcrumb","itemListElement":[{"@type":"ListItem","position":1,"name":"Accueil","item":"https:\/\/charleroi-pourlapalestine.be\/"},{"@type":"ListItem","position":2,"name":"Le Qatar annonce un accord de cessez-le-feu"}]},{"@type":"WebSite","@id":"https:\/\/charleroi-pourlapalestine.be\/#website","url":"https:\/\/charleroi-pourlapalestine.be\/","name":"Charleroi Pour la Palestine","description":"","publisher":{"@id":"https:\/\/charleroi-pourlapalestine.be\/#organization"},"potentialAction":[{"@type":"SearchAction","target":{"@type":"EntryPoint","urlTemplate":"https:\/\/charleroi-pourlapalestine.be\/?s={search_term_string}"},"query-input":{"@type":"PropertyValueSpecification","valueRequired":true,"valueName":"search_term_string"}}],"inLanguage":"fr-FR"},{"@type":"Organization","@id":"https:\/\/charleroi-pourlapalestine.be\/#organization","name":"Plate-forme Charleroi-Palestine","url":"https:\/\/charleroi-pourlapalestine.be\/","logo":{"@type":"ImageObject","inLanguage":"fr-FR","@id":"https:\/\/charleroi-pourlapalestine.be\/#\/schema\/logo\/image\/","url":"https:\/\/charleroi-pourlapalestine.be\/wp-content\/uploads\/2020\/01\/logo-Copy.jpg","contentUrl":"https:\/\/charleroi-pourlapalestine.be\/wp-content\/uploads\/2020\/01\/logo-Copy.jpg","width":180,"height":180,"caption":"Plate-forme Charleroi-Palestine"},"image":{"@id":"https:\/\/charleroi-pourlapalestine.be\/#\/schema\/logo\/image\/"},"sameAs":["https:\/\/www.facebook.com\/PlateformeCharleroiPalestine\/","https:\/\/x.com\/LaCharleroi"]},{"@type":"Person","@id":"https:\/\/charleroi-pourlapalestine.be\/#\/schema\/person\/c19ff515112f1299d8c12671d8fe3faa","name":"admin1873","url":"https:\/\/charleroi-pourlapalestine.be\/index.php\/author\/admin1873\/"}]}},"_links":{"self":[{"href":"https:\/\/charleroi-pourlapalestine.be\/index.php\/wp-json\/wp\/v2\/posts\/80663","targetHints":{"allow":["GET"]}}],"collection":[{"href":"https:\/\/charleroi-pourlapalestine.be\/index.php\/wp-json\/wp\/v2\/posts"}],"about":[{"href":"https:\/\/charleroi-pourlapalestine.be\/index.php\/wp-json\/wp\/v2\/types\/post"}],"author":[{"embeddable":true,"href":"https:\/\/charleroi-pourlapalestine.be\/index.php\/wp-json\/wp\/v2\/users\/1"}],"replies":[{"embeddable":true,"href":"https:\/\/charleroi-pourlapalestine.be\/index.php\/wp-json\/wp\/v2\/comments?post=80663"}],"version-history":[{"count":0,"href":"https:\/\/charleroi-pourlapalestine.be\/index.php\/wp-json\/wp\/v2\/posts\/80663\/revisions"}],"wp:featuredmedia":[{"embeddable":true,"href":"https:\/\/charleroi-pourlapalestine.be\/index.php\/wp-json\/wp\/v2\/media\/80677"}],"wp:attachment":[{"href":"https:\/\/charleroi-pourlapalestine.be\/index.php\/wp-json\/wp\/v2\/media?parent=80663"}],"wp:term":[{"taxonomy":"category","embeddable":true,"href":"https:\/\/charleroi-pourlapalestine.be\/index.php\/wp-json\/wp\/v2\/categories?post=80663"},{"taxonomy":"post_tag","embeddable":true,"href":"https:\/\/charleroi-pourlapalestine.be\/index.php\/wp-json\/wp\/v2\/tags?post=80663"}],"curies":[{"name":"wp","href":"https:\/\/api.w.org\/{rel}","templated":true}]}}