{"id":80815,"date":"2025-01-21T15:44:04","date_gmt":"2025-01-21T14:44:04","guid":{"rendered":"https:\/\/charleroi-pourlapalestine.be\/?p=80815"},"modified":"2025-01-22T14:09:54","modified_gmt":"2025-01-22T13:09:54","slug":"a-la-liberation-dabla-saadat-ralliez-la-semaine-daction-pour-la-liberation-d-ahmad-saa-dat-pendant-le-toufan-al-ahrar-deluge-des-gens-libres","status":"publish","type":"post","link":"https:\/\/charleroi-pourlapalestine.be\/index.php\/2025\/01\/21\/a-la-liberation-dabla-saadat-ralliez-la-semaine-daction-pour-la-liberation-d-ahmad-saa-dat-pendant-le-toufan-al-ahrar-deluge-des-gens-libres\/","title":{"rendered":"Abla Sa\u2019adat lib\u00e9r\u00e9e, la semaine d&rsquo;action se poursuit pour la lib\u00e9ration d&rsquo;Ahmad Sa&rsquo;adat pendant le Toufan al-Ahrar"},"content":{"rendered":"<p>Le 20 janvier 2025, d\u00e8s les toutes premi\u00e8res heures de l&rsquo;aube, <strong>Abla Rimawi Abdel-Rasoul Sa\u2019adat<\/strong>, la femme d&rsquo;<strong>Ahmad Sa\u2019adat<\/strong>, le dirigeant national palestinien emprisonn\u00e9, secr\u00e9taire g\u00e9n\u00e9ral du Front populaire pour la lib\u00e9ration de la Palestine, a \u00e9t\u00e9 lib\u00e9r\u00e9e lors du premier jour de la premi\u00e8re \u00e9tape du <strong>D\u00e9luge des gens libres (Toufan al-Ahrar<\/strong>), l&rsquo;\u00e9change de prisonniers mis sur pied par la R\u00e9sistance palestinienne dans le cadre de l&rsquo;accord de cessez-le-feu dans l&rsquo;agression sioniste g\u00e9nocidaire contre Gaza.<\/p>\n<p>&nbsp;<\/p>\n<p><img loading=\"lazy\" decoding=\"async\" class=\"aligncenter wp-image-80851 size-full\" src=\"https:\/\/charleroi-pourlapalestine.be\/wp-content\/uploads\/2025\/01\/liberte-pour-ahmad-saadat.png\" alt=\"\" width=\"897\" height=\"602\" srcset=\"https:\/\/charleroi-pourlapalestine.be\/wp-content\/uploads\/2025\/01\/liberte-pour-ahmad-saadat.png 897w, https:\/\/charleroi-pourlapalestine.be\/wp-content\/uploads\/2025\/01\/liberte-pour-ahmad-saadat-300x201.png 300w, https:\/\/charleroi-pourlapalestine.be\/wp-content\/uploads\/2025\/01\/liberte-pour-ahmad-saadat-768x515.png 768w\" sizes=\"auto, (max-width: 897px) 100vw, 897px\" \/><\/p>\n<p>&nbsp;<\/p>\n<p><a href=\"https:\/\/samidoun.net\/2025\/01\/as-abla-saadat-is-liberated-join-the-week-of-action-to-free-ahmad-saadat-during-toufan-al-ahrar\/\" target=\"_blank\" rel=\"noopener\"><strong>Samidoun,<\/strong> <\/a>20 janvier 2025<\/p>\n<p><strong>Abla Sa&rsquo;adat<\/strong> <span style=\"font-size: medium;\">\u00e9tait emprisonn\u00e9e sans accusation ni proc\u00e8s sous le r\u00e9gime de la \u00ab d\u00e9tention administrative \u00bb \u2013 en compagnie de plus de 3 000 autres prisonnier.e.s <a href=\"http:\/\/palestinien.ne.se\" target=\"_blank\" rel=\"noreferrer nofollow noopener\">palestinien.ne.se<\/a> \u2013 depuis septembre 2024 et sa d\u00e9tention venait d&rsquo;\u00eatre prolong\u00e9e quelques jours \u00e0 peine avant sa lib\u00e9ration. <\/span><\/p>\n<p>&nbsp;<\/p>\n<div class=\"twitter-tweet twitter-tweet-rendered\"><iframe id=\"twitter-widget-2\" class=\"\" title=\"X Post\" src=\"https:\/\/platform.twitter.com\/embed\/Tweet.html?dnt=false&amp;embedId=twitter-widget-2&amp;features=eyJ0ZndfdGltZWxpbmVfbGlzdCI6eyJidWNrZXQiOltdLCJ2ZXJzaW9uIjpudWxsfSwidGZ3X2ZvbGxvd2VyX2NvdW50X3N1bnNldCI6eyJidWNrZXQiOnRydWUsInZlcnNpb24iOm51bGx9LCJ0ZndfdHdlZXRfZWRpdF9iYWNrZW5kIjp7ImJ1Y2tldCI6Im9uIiwidmVyc2lvbiI6bnVsbH0sInRmd19yZWZzcmNfc2Vzc2lvbiI6eyJidWNrZXQiOiJvbiIsInZlcnNpb24iOm51bGx9LCJ0ZndfZm9zbnJfc29mdF9pbnRlcnZlbnRpb25zX2VuYWJsZWQiOnsiYnVja2V0Ijoib24iLCJ2ZXJzaW9uIjpudWxsfSwidGZ3X21peGVkX21lZGlhXzE1ODk3Ijp7ImJ1Y2tldCI6InRyZWF0bWVudCIsInZlcnNpb24iOm51bGx9LCJ0ZndfZXhwZXJpbWVudHNfY29va2llX2V4cGlyYXRpb24iOnsiYnVja2V0IjoxMjA5NjAwLCJ2ZXJzaW9uIjpudWxsfSwidGZ3X3Nob3dfYmlyZHdhdGNoX3Bpdm90c19lbmFibGVkIjp7ImJ1Y2tldCI6Im9uIiwidmVyc2lvbiI6bnVsbH0sInRmd19kdXBsaWNhdGVfc2NyaWJlc190b19zZXR0aW5ncyI6eyJidWNrZXQiOiJvbiIsInZlcnNpb24iOm51bGx9LCJ0ZndfdXNlX3Byb2ZpbGVfaW1hZ2Vfc2hhcGVfZW5hYmxlZCI6eyJidWNrZXQiOiJvbiIsInZlcnNpb24iOm51bGx9LCJ0ZndfdmlkZW9faGxzX2R5bmFtaWNfbWFuaWZlc3RzXzE1MDgyIjp7ImJ1Y2tldCI6InRydWVfYml0cmF0ZSIsInZlcnNpb24iOm51bGx9LCJ0ZndfbGVnYWN5X3RpbWVsaW5lX3N1bnNldCI6eyJidWNrZXQiOnRydWUsInZlcnNpb24iOm51bGx9LCJ0ZndfdHdlZXRfZWRpdF9mcm9udGVuZCI6eyJidWNrZXQiOiJvbiIsInZlcnNpb24iOm51bGx9fQ%3D%3D&amp;frame=false&amp;hideCard=false&amp;hideThread=false&amp;id=1881486538225176697&amp;lang=en&amp;maxWidth=560px&amp;origin=https%3A%2F%2Fsamidoun.net%2F2025%2F01%2Fas-abla-saadat-is-liberated-join-the-week-of-action-to-free-ahmad-saadat-during-toufan-al-ahrar%2F&amp;sessionId=a0fe6fc5ff8fc68a219a3b106fd0d48e6dddc82e&amp;siteScreenName=SamidounPP&amp;theme=light&amp;widgetsVersion=2615f7e52b7e0%3A1702314776716&amp;width=550px\" frameborder=\"0\" scrolling=\"no\" allowfullscreen=\"allowfullscreen\" data-tweet-id=\"1881486538225176697\" data-mce-fragment=\"1\"><\/iframe><\/div>\n<p lang=\"fr-BE\" align=\"JUSTIFY\"><span style=\"font-size: medium;\"><br \/>\nLes 90 femmes et jeunes prisonniers lib\u00e9r\u00e9s dimanche dans la nuit et lundi matin ont \u00e9t\u00e9 soumis \u00e0 de graves violences et mauvais traitements ; plusieurs femmes ont \u00e9t\u00e9 tra\u00een\u00e9es par les cheveux apr\u00e8s avoir \u00e9t\u00e9 enferm\u00e9es dans un bus o\u00f9 r\u00e9gnait un froid extr\u00eame et o\u00f9 l&rsquo;airco \u00e9tait branch\u00e9 \u00e0 plein r\u00e9gime (\u00e0 la mi-janvier !), battues et fouill\u00e9es int\u00e9gralement, apr\u00e8s d\u00e9shabillage. <\/span><\/p>\n<p lang=\"fr-BE\" align=\"JUSTIFY\"><span style=\"font-size: medium;\">C&rsquo;est dans cette situation qu&rsquo;Abla a appris que son nom ne figurait pas sur la liste, ce qui requ\u00e9rait une intervention urgente afin de faire en sorte qu&rsquo;elle soit lib\u00e9r\u00e9e et que les termes de l&rsquo;\u00e9change soient respect\u00e9s. En tant que J\u00e9rusal\u00e9mite, Abla a \u00e9t\u00e9 lib\u00e9r\u00e9e s\u00e9par\u00e9ment des autres Palestinien.ne.s de J\u00e9rusalem, dont bon nombre ont \u00e9t\u00e9 <a href=\"http:\/\/soumis.es\" target=\"_blank\" rel=\"noreferrer nofollow noopener\">soumis.es<\/a> \u00e0 des menaces de raids domiciliaires par les forces d&rsquo;occupation afin d&#8217;emp\u00eacher que leur lib\u00e9ration ne soit c\u00e9l\u00e9br\u00e9e ouvertement. <\/span><\/p>\n<p align=\"JUSTIFY\"><span style=\"font-size: medium;\"><span lang=\"fr-BE\">La lib\u00e9ration d<strong>&lsquo;Abla Sa\u2019adat<\/strong> fait partie des victoires de la R\u00e9sistance obtenues par son h\u00e9ro\u00efsme, sa bravoure et sa d\u00e9termination durant les 470 jours de l&rsquo;agression g\u00e9nocidaire contre Gaza, et elle a lieu au beau milieu de l&rsquo;action de cette ann\u00e9e en faveur de la lib\u00e9ration d&rsquo;Ahmad Sa&rsquo;adat et de tou.te.s les prisonnier.e.s palestinien.ne.s. <\/span><\/span><\/p>\n<p align=\"JUSTIFY\"><span style=\"font-size: medium;\"><span lang=\"fr-BE\">La semaine d&rsquo;action de cette ann\u00e9e est particuli\u00e8rement importante au moment de l&rsquo;\u00e9change du D\u00e9luge des gens libres. Des prisonniers comme <strong>Ahmad Sa\u2019adat<\/strong> et ses compagnons dirigeants de la R\u00e9sistance comme <strong>Marwan Barghouti, Abdullah Barghouti, Hassan Salameh, Anas Jaradat, Ibrahim Hamed <\/strong>et <strong>Abbas al-Sayyed<\/strong> seront potentiellement lib\u00e9r\u00e9s lors de la deuxi\u00e8me \u00e9tape de l&rsquo;\u00e9change, qui fait partie de la deuxi\u00e8me phase du cessez-le-feu. <\/span><\/span><strong><span style=\"font-size: medium;\"><span lang=\"fr-BE\">Par cons\u00e9quent, il est tout particuli\u00e8rement urgent de publier leurs noms et leurs cas &#8211; de mettre en exergue les prisonnier.e.s frapp\u00e9.e.s de tr\u00e8s longues peines et de soutenir leur demande de lib\u00e9ration par la R\u00e9sistance, tout en c\u00e9l\u00e9brant les r\u00e9alisations exceptionnelles du D\u00e9luge des gens libres et de la R\u00e9sistance jour apr\u00e8s jour. <\/span><\/span><\/strong><\/p>\n<p lang=\"fr-BE\" align=\"JUSTIFY\"><span style=\"font-size: medium;\"><br \/>\nParmi les signataires de la Semaine d&rsquo;action en 2025 figurent : <\/span><\/p>\n<ul>\n<li><strong>All African People\u2019s Revolutionary Party<\/strong><\/li>\n<li><strong><a href=\"https:\/\/anti-imperialistfront.org\/\">Anti Imperialist Front<\/a><\/strong><\/li>\n<li><strong>Arab American Association of Central Virginia<\/strong><\/li>\n<li><strong><a href=\"https:\/\/www.blackallianceforpeace.com\">Black Alliance for Peace Solidarity Network<\/a><\/strong><\/li>\n<li><strong><a href=\"https:\/\/instagram.com\/bxantiwar2\">Bronx Anti-War Coalition<\/a><\/strong><\/li>\n<li><strong><a href=\"http:\/\/www.koel.gr\">Communist Organization of Greece (KOE)<\/a><\/strong><\/li>\n<li><strong><a href=\"https:\/\/www.instagram.com\/veillees_palestine_liege\/\">Coordination R\u00e9sistances<\/a><\/strong><\/li>\n<li><strong><a href=\"https:\/\/www.instagram.com\/diasporapalantecollective\/\">Diaspora Pa\u2019lante Collective<\/a><\/strong><\/li>\n<li><strong>Edmonton Solidarity with Cuba<\/strong><\/li>\n<li><strong><a href=\"https:\/\/www.instagram.com\/gagarin_regiment_indonesia?igsh=MmswdnNxZ2t6b3Ax\">Gagarin Regiment Indonesia<\/a><\/strong><\/li>\n<li><strong><a href=\"https:\/\/www.instagram.com\/g_rebls\/\">G-REBELS<\/a><\/strong><\/li>\n<li><strong><a href=\"https:\/\/instagram.com\/idpal.id\">IDPAL<\/a><\/strong><\/li>\n<li><strong>ISL Section of RCIT<\/strong><\/li>\n<li><strong><a href=\"https:\/\/www.jewsagainstwhitesupremacy.org\/\">Jews Against White Supremacy<\/a><\/strong><\/li>\n<li><strong><a href=\"https:\/\/www.facebook.com\/justice4palestinian\">Justice4Palestine: Action Enablement Network<\/a><\/strong><\/li>\n<li><strong><a href=\"https:\/\/instagram.com\/leidenforpalestine\">Leiden for Palestine<\/a><\/strong><\/li>\n<li><strong>Marxist-Leninist Party of Canada<\/strong><\/li>\n<li><strong><a href=\"https:\/\/newsocialist.org.uk\">New Socialist<\/a><\/strong><\/li>\n<li><strong>PCP (popular commitee for Palestine)<\/strong><\/li>\n<li><strong><a href=\"https:\/\/charleroi-pourlapalestine.be\/\">Plateforme Charleroi-Palestine<\/a><\/strong><\/li>\n<li><strong>Prison Project of Santa Fe<\/strong><\/li>\n<li><strong><a href=\"https:\/\/resistanceart.com\/\">Resistance Art<\/a><\/strong><\/li>\n<li><strong>Stop the War Machine<\/strong><\/li>\n<li><strong><a href=\"https:\/\/www.instagram.com\/tamarod.bxl?igsh=ZHM0Yzl2Z2s0bXJm\">Tamarod<\/a><\/strong><\/li>\n<li><strong><a href=\"https:\/\/instagram.com\/teaneck4palestine\">Teaneck For Palestine<\/a><\/strong><\/li>\n<li><strong><a href=\"https:\/\/instagram.com\/trusundp\">TRUSU NDP<\/a><\/strong><\/li>\n<li><strong>Universit\u00e9 Populaire de Bruxelles<\/strong><\/li>\n<li><strong>Urgence Palestine Grenoble<\/strong><\/li>\n<li><strong>Walking Each Other Home<\/strong><\/li>\n<li><strong>Wellspring United Church of Christ<\/strong><\/li>\n<li><strong><a href=\"https:\/\/nolaworkers.org\">Workers Voice Socialist Movement (Louisiana)<\/a><\/strong><\/li>\n<li><strong><a href=\"https:\/\/workers.org\">Workers World Party<\/a><\/strong><\/li>\n<li><strong><a href=\"https:\/\/WorldBeyondWar.com\">WorldBeyondWar<\/a><\/strong><\/li>\n<\/ul>\n<p align=\"JUSTIFY\"><strong><a href=\"https:\/\/cryptpad.fr\/form\/#\/2\/form\/view\/q9+cMZVkYgujmpm59sdiFSplFkLDPuiFfgEvofkGpoU\/\" target=\"_blank\" rel=\"noreferrer nofollow noopener\"><span style=\"font-size: medium;\"><span lang=\"fr-BE\">Cliquez ici pour soutenir la Semaine d&rsquo;action (Soutiens organisationnels)<\/span><\/span><\/a><\/strong><span style=\"font-size: medium;\"><span lang=\"fr-BE\"> &lt;&lt;<\/span><\/span><\/p>\n<p lang=\"fr-BE\" align=\"JUSTIFY\"><span style=\"font-size: medium;\">Parmi les \u00e9v\u00e9nements de la Semaine d&rsquo;action figurent : <\/span><\/p>\n<p align=\"JUSTIFY\"><strong><span style=\"font-size: medium;\"><span lang=\"fr-BE\">NEW YORK CITY :<\/span><\/span><\/strong><\/p>\n<p lang=\"fr-BE\" align=\"JUSTIFY\"><span style=\"font-size: medium;\">Formation &amp; mise en \u0153uvre artistique : mardi 21 janvier | de 17 \u00e0 19 h | Lien d&rsquo;inscription : <a href=\"http:\/\/bit.ly\/saadatnyc\" target=\"_blank\" rel=\"noreferrer nofollow noopener\">bit.ly\/saadatnyc<\/a><\/span><\/p>\n<p lang=\"fr-BE\" align=\"JUSTIFY\"><span style=\"font-size: medium;\">Protestation &amp; rassemblement : mercredi 22 janvier | de 15 \u00e0 17 h | La mission de l&rsquo;\u00ab Autorit\u00e9 palestinienne \u00bb compradore \u00e0 l&rsquo;ONU (115 E 65th St, New York, NY 10065).<\/span><\/p>\n<p lang=\"fr-BE\" align=\"JUSTIFY\"><span style=\"font-size: medium;\">23 ans apr\u00e8s son arrestation, bien du temps a pass\u00e9 pour que soient lib\u00e9r\u00e9s <strong>Ahmad Sa\u2019adat<\/strong>, ses compagnons dirigeants de la R\u00e9sistance et tou.te.s les prisonnier.e.s palestinien.ne.s dans les prisons sionistes, imp\u00e9rialistes, r\u00e9actionnaires et celles de l&rsquo;Autorit\u00e9 palestinienne. <\/span><\/p>\n<p lang=\"fr-BE\" align=\"JUSTIFY\"><span style=\"font-size: medium;\">Sachez-en plus, passez \u00e0 l&rsquo;action et amplifiez le pr\u00e9sent appel ! <\/span><\/p>\n<p><img loading=\"lazy\" decoding=\"async\" class=\"alignnone wp-image-62170 size-full\" src=\"https:\/\/i0.wp.com\/samidoun.net\/wp-content\/uploads\/2025\/01\/unnamed-1.png?resize=750%2C1159&amp;ssl=1\" sizes=\"auto, (max-width: 750px) 100vw, 750px\" srcset=\"https:\/\/i0.wp.com\/samidoun.net\/wp-content\/uploads\/2025\/01\/unnamed-1.png?w=750&amp;ssl=1 750w, https:\/\/i0.wp.com\/samidoun.net\/wp-content\/uploads\/2025\/01\/unnamed-1.png?resize=194%2C300&amp;ssl=1 194w, https:\/\/i0.wp.com\/samidoun.net\/wp-content\/uploads\/2025\/01\/unnamed-1.png?resize=663%2C1024&amp;ssl=1 663w, https:\/\/i0.wp.com\/samidoun.net\/wp-content\/uploads\/2025\/01\/unnamed-1.png?resize=162%2C250&amp;ssl=1 162w, https:\/\/i0.wp.com\/samidoun.net\/wp-content\/uploads\/2025\/01\/unnamed-1.png?resize=150%2C232&amp;ssl=1 150w, https:\/\/i0.wp.com\/samidoun.net\/wp-content\/uploads\/2025\/01\/unnamed-1.png?resize=300%2C464&amp;ssl=1 300w, https:\/\/i0.wp.com\/samidoun.net\/wp-content\/uploads\/2025\/01\/unnamed-1.png?resize=696%2C1076&amp;ssl=1 696w\" alt=\"Campagne pour la lib\u00e9ration d'Ahmad Sa'adat\" width=\"750\" height=\"1159\" data-recalc-dims=\"1\"><\/p>\n<p><strong>PARIS:<\/strong><\/p>\n<p>Mercredi 22 janvier \u00e0 17 h, place de la Sorbonne, rassemblement pour la lib\u00e9ration de <strong>Georges Abdallah<\/strong> et d&rsquo;<strong>Ahmad Sa&rsquo;adat<\/strong>, organis\u00e9 par l&rsquo;<em>Assembl\u00e9e g\u00e9n\u00e9rale des \u00e9tudiants et la Campagne unitaire pour la lib\u00e9ration de Georges Ibrahim Abdallah<\/em> :<\/p>\n<p>&nbsp;<\/p>\n<p><img loading=\"lazy\" decoding=\"async\" class=\"alignnone wp-image-62171 size-large\" src=\"https:\/\/i0.wp.com\/samidoun.net\/wp-content\/uploads\/2025\/01\/GhrH0cOXAAAwUe9.jpeg?resize=813%2C1024&amp;ssl=1\" sizes=\"auto, (max-width: 813px) 100vw, 813px\" srcset=\"https:\/\/i0.wp.com\/samidoun.net\/wp-content\/uploads\/2025\/01\/GhrH0cOXAAAwUe9.jpeg?resize=813%2C1024&amp;ssl=1 813w, https:\/\/i0.wp.com\/samidoun.net\/wp-content\/uploads\/2025\/01\/GhrH0cOXAAAwUe9.jpeg?resize=238%2C300&amp;ssl=1 238w, https:\/\/i0.wp.com\/samidoun.net\/wp-content\/uploads\/2025\/01\/GhrH0cOXAAAwUe9.jpeg?resize=199%2C250&amp;ssl=1 199w, https:\/\/i0.wp.com\/samidoun.net\/wp-content\/uploads\/2025\/01\/GhrH0cOXAAAwUe9.jpeg?resize=768%2C967&amp;ssl=1 768w, https:\/\/i0.wp.com\/samidoun.net\/wp-content\/uploads\/2025\/01\/GhrH0cOXAAAwUe9.jpeg?resize=1220%2C1536&amp;ssl=1 1220w, https:\/\/i0.wp.com\/samidoun.net\/wp-content\/uploads\/2025\/01\/GhrH0cOXAAAwUe9.jpeg?resize=150%2C189&amp;ssl=1 150w, https:\/\/i0.wp.com\/samidoun.net\/wp-content\/uploads\/2025\/01\/GhrH0cOXAAAwUe9.jpeg?resize=300%2C378&amp;ssl=1 300w, https:\/\/i0.wp.com\/samidoun.net\/wp-content\/uploads\/2025\/01\/GhrH0cOXAAAwUe9.jpeg?resize=696%2C876&amp;ssl=1 696w, https:\/\/i0.wp.com\/samidoun.net\/wp-content\/uploads\/2025\/01\/GhrH0cOXAAAwUe9.jpeg?resize=1068%2C1344&amp;ssl=1 1068w, https:\/\/i0.wp.com\/samidoun.net\/wp-content\/uploads\/2025\/01\/GhrH0cOXAAAwUe9.jpeg?w=1414&amp;ssl=1 1414w\" alt=\"Campagne pour la lib\u00e9ration d'Ahmad Sa'adat\" width=\"813\" height=\"1024\" data-recalc-dims=\"1\"><\/p>\n<p>&nbsp;<\/p>\n<p>Pour le lancement de la Semaine d&rsquo;action, <strong>Mohammed Khatib<\/strong>, coordinateur de <strong>Samidoun en Europe,<\/strong> est apparu sur <em>Salaamedia<\/em> en Afrique du Sud afin de discuter de la campagne de lib\u00e9ration des prisonnier.e.s palestinien.ne.s :<\/p>\n<p>&nbsp;<\/p>\n<div class=\"twitter-tweet twitter-tweet-rendered\"><iframe id=\"twitter-widget-3\" class=\"\" title=\"X Post\" src=\"https:\/\/platform.twitter.com\/embed\/Tweet.html?dnt=false&amp;embedId=twitter-widget-3&amp;features=eyJ0ZndfdGltZWxpbmVfbGlzdCI6eyJidWNrZXQiOltdLCJ2ZXJzaW9uIjpudWxsfSwidGZ3X2ZvbGxvd2VyX2NvdW50X3N1bnNldCI6eyJidWNrZXQiOnRydWUsInZlcnNpb24iOm51bGx9LCJ0ZndfdHdlZXRfZWRpdF9iYWNrZW5kIjp7ImJ1Y2tldCI6Im9uIiwidmVyc2lvbiI6bnVsbH0sInRmd19yZWZzcmNfc2Vzc2lvbiI6eyJidWNrZXQiOiJvbiIsInZlcnNpb24iOm51bGx9LCJ0ZndfZm9zbnJfc29mdF9pbnRlcnZlbnRpb25zX2VuYWJsZWQiOnsiYnVja2V0Ijoib24iLCJ2ZXJzaW9uIjpudWxsfSwidGZ3X21peGVkX21lZGlhXzE1ODk3Ijp7ImJ1Y2tldCI6InRyZWF0bWVudCIsInZlcnNpb24iOm51bGx9LCJ0ZndfZXhwZXJpbWVudHNfY29va2llX2V4cGlyYXRpb24iOnsiYnVja2V0IjoxMjA5NjAwLCJ2ZXJzaW9uIjpudWxsfSwidGZ3X3Nob3dfYmlyZHdhdGNoX3Bpdm90c19lbmFibGVkIjp7ImJ1Y2tldCI6Im9uIiwidmVyc2lvbiI6bnVsbH0sInRmd19kdXBsaWNhdGVfc2NyaWJlc190b19zZXR0aW5ncyI6eyJidWNrZXQiOiJvbiIsInZlcnNpb24iOm51bGx9LCJ0ZndfdXNlX3Byb2ZpbGVfaW1hZ2Vfc2hhcGVfZW5hYmxlZCI6eyJidWNrZXQiOiJvbiIsInZlcnNpb24iOm51bGx9LCJ0ZndfdmlkZW9faGxzX2R5bmFtaWNfbWFuaWZlc3RzXzE1MDgyIjp7ImJ1Y2tldCI6InRydWVfYml0cmF0ZSIsInZlcnNpb24iOm51bGx9LCJ0ZndfbGVnYWN5X3RpbWVsaW5lX3N1bnNldCI6eyJidWNrZXQiOnRydWUsInZlcnNpb24iOm51bGx9LCJ0ZndfdHdlZXRfZWRpdF9mcm9udGVuZCI6eyJidWNrZXQiOiJvbiIsInZlcnNpb24iOm51bGx9fQ%3D%3D&amp;frame=false&amp;hideCard=false&amp;hideThread=false&amp;id=1879428570566758536&amp;lang=en&amp;maxWidth=560px&amp;origin=https%3A%2F%2Fsamidoun.net%2F2025%2F01%2Fas-abla-saadat-is-liberated-join-the-week-of-action-to-free-ahmad-saadat-during-toufan-al-ahrar%2F&amp;sessionId=a0fe6fc5ff8fc68a219a3b106fd0d48e6dddc82e&amp;siteScreenName=SamidounPP&amp;theme=light&amp;widgetsVersion=2615f7e52b7e0%3A1702314776716&amp;width=550px\" frameborder=\"0\" scrolling=\"no\" allowfullscreen=\"allowfullscreen\" data-tweet-id=\"1879428570566758536\" data-mce-fragment=\"1\"><\/iframe><\/div>\n<p>&nbsp;<\/p>\n<p>\u00c0 <strong>Marseille<\/strong>, en France, le 19 janvier, Jeunes Communistes 13 a organis\u00e9 un rassemblement pour la lib\u00e9ration de Georges Abdallah, le combattant libanais pour la Palestine dont la lib\u00e9ration a \u00e9t\u00e9 ordonn\u00e9e par les tribunaux fran\u00e7ais dans l&rsquo;attente d&rsquo;une d\u00e9cision 20 f\u00e9vrier, et d&rsquo;Ahmad Sa\u2019adat :<\/p>\n<p><img loading=\"lazy\" decoding=\"async\" class=\"alignnone wp-image-62172 size-large\" src=\"https:\/\/i0.wp.com\/samidoun.net\/wp-content\/uploads\/2025\/01\/signal-2025-01-20-200259_002.jpeg?resize=1024%2C682&amp;ssl=1\" sizes=\"auto, (max-width: 1024px) 100vw, 1024px\" srcset=\"https:\/\/i0.wp.com\/samidoun.net\/wp-content\/uploads\/2025\/01\/signal-2025-01-20-200259_002.jpeg?resize=1024%2C682&amp;ssl=1 1024w, https:\/\/i0.wp.com\/samidoun.net\/wp-content\/uploads\/2025\/01\/signal-2025-01-20-200259_002.jpeg?resize=300%2C200&amp;ssl=1 300w, https:\/\/i0.wp.com\/samidoun.net\/wp-content\/uploads\/2025\/01\/signal-2025-01-20-200259_002.jpeg?resize=250%2C167&amp;ssl=1 250w, https:\/\/i0.wp.com\/samidoun.net\/wp-content\/uploads\/2025\/01\/signal-2025-01-20-200259_002.jpeg?resize=768%2C512&amp;ssl=1 768w, https:\/\/i0.wp.com\/samidoun.net\/wp-content\/uploads\/2025\/01\/signal-2025-01-20-200259_002.jpeg?resize=1536%2C1023&amp;ssl=1 1536w, https:\/\/i0.wp.com\/samidoun.net\/wp-content\/uploads\/2025\/01\/signal-2025-01-20-200259_002.jpeg?resize=150%2C100&amp;ssl=1 150w, https:\/\/i0.wp.com\/samidoun.net\/wp-content\/uploads\/2025\/01\/signal-2025-01-20-200259_002.jpeg?resize=696%2C464&amp;ssl=1 696w, https:\/\/i0.wp.com\/samidoun.net\/wp-content\/uploads\/2025\/01\/signal-2025-01-20-200259_002.jpeg?resize=1068%2C712&amp;ssl=1 1068w, https:\/\/i0.wp.com\/samidoun.net\/wp-content\/uploads\/2025\/01\/signal-2025-01-20-200259_002.jpeg?w=1600&amp;ssl=1 1600w\" alt=\"Campagne pour la lib\u00e9ration d'Ahmad Sa'adat\" width=\"1024\" height=\"682\" data-recalc-dims=\"1\"><\/p>\n<p>\u00c0<strong> Zurich<\/strong>, les participants \u00e0 une conf\u00e9rence sur la politique r\u00e9volutionnaire ont exprim\u00e9 leur solidarit\u00e9 en faveur d&rsquo;<strong>Ahmad Sa\u2019adat<\/strong> et de <strong>Georges Abdallah<\/strong> :<\/p>\n<p>&nbsp;<\/p>\n<p><img loading=\"lazy\" decoding=\"async\" class=\"alignnone wp-image-62173 size-full\" src=\"https:\/\/i0.wp.com\/samidoun.net\/wp-content\/uploads\/2025\/01\/signal-2025-01-20-125739_002.jpeg?resize=1200%2C382&amp;ssl=1\" sizes=\"auto, (max-width: 1200px) 100vw, 1200px\" srcset=\"https:\/\/i0.wp.com\/samidoun.net\/wp-content\/uploads\/2025\/01\/signal-2025-01-20-125739_002.jpeg?w=1901&amp;ssl=1 1901w, https:\/\/i0.wp.com\/samidoun.net\/wp-content\/uploads\/2025\/01\/signal-2025-01-20-125739_002.jpeg?resize=300%2C95&amp;ssl=1 300w, https:\/\/i0.wp.com\/samidoun.net\/wp-content\/uploads\/2025\/01\/signal-2025-01-20-125739_002.jpeg?resize=1024%2C326&amp;ssl=1 1024w, https:\/\/i0.wp.com\/samidoun.net\/wp-content\/uploads\/2025\/01\/signal-2025-01-20-125739_002.jpeg?resize=250%2C80&amp;ssl=1 250w, https:\/\/i0.wp.com\/samidoun.net\/wp-content\/uploads\/2025\/01\/signal-2025-01-20-125739_002.jpeg?resize=768%2C244&amp;ssl=1 768w, https:\/\/i0.wp.com\/samidoun.net\/wp-content\/uploads\/2025\/01\/signal-2025-01-20-125739_002.jpeg?resize=1536%2C489&amp;ssl=1 1536w, https:\/\/i0.wp.com\/samidoun.net\/wp-content\/uploads\/2025\/01\/signal-2025-01-20-125739_002.jpeg?resize=150%2C48&amp;ssl=1 150w, https:\/\/i0.wp.com\/samidoun.net\/wp-content\/uploads\/2025\/01\/signal-2025-01-20-125739_002.jpeg?resize=696%2C222&amp;ssl=1 696w, https:\/\/i0.wp.com\/samidoun.net\/wp-content\/uploads\/2025\/01\/signal-2025-01-20-125739_002.jpeg?resize=1068%2C340&amp;ssl=1 1068w\" alt=\"Campagne pour la lib\u00e9ration d'Ahmad Sa'adat\" width=\"1200\" height=\"382\" data-recalc-dims=\"1\"><\/p>\n<p>\u00c0 <strong>Barcelone<\/strong>, en Catalogne, le 19 janvier, <strong>Mohammed Khatib,<\/strong> de <strong>Samidoun<\/strong>, a pris la parole lors d&rsquo;un d\u00e9bat r\u00e9unissant nombre d&rsquo;autres activistes et organisations, dont le Collectif Palestine Vaincra, le tout accompagn\u00e9 d&rsquo;un appel \u00e0 l&rsquo;action en vue de lib\u00e9rer Ahmad Sa\u2019adat et tou.te.s les prisonnier.e.s palestinien.ne.s :<\/p>\n<p>&nbsp;<\/p>\n<p>&nbsp;<\/p>\n<div class=\"twitter-tweet twitter-tweet-rendered\"><iframe id=\"twitter-widget-4\" class=\"\" title=\"X Post\" src=\"https:\/\/platform.twitter.com\/embed\/Tweet.html?dnt=false&amp;embedId=twitter-widget-4&amp;features=eyJ0ZndfdGltZWxpbmVfbGlzdCI6eyJidWNrZXQiOltdLCJ2ZXJzaW9uIjpudWxsfSwidGZ3X2ZvbGxvd2VyX2NvdW50X3N1bnNldCI6eyJidWNrZXQiOnRydWUsInZlcnNpb24iOm51bGx9LCJ0ZndfdHdlZXRfZWRpdF9iYWNrZW5kIjp7ImJ1Y2tldCI6Im9uIiwidmVyc2lvbiI6bnVsbH0sInRmd19yZWZzcmNfc2Vzc2lvbiI6eyJidWNrZXQiOiJvbiIsInZlcnNpb24iOm51bGx9LCJ0ZndfZm9zbnJfc29mdF9pbnRlcnZlbnRpb25zX2VuYWJsZWQiOnsiYnVja2V0Ijoib24iLCJ2ZXJzaW9uIjpudWxsfSwidGZ3X21peGVkX21lZGlhXzE1ODk3Ijp7ImJ1Y2tldCI6InRyZWF0bWVudCIsInZlcnNpb24iOm51bGx9LCJ0ZndfZXhwZXJpbWVudHNfY29va2llX2V4cGlyYXRpb24iOnsiYnVja2V0IjoxMjA5NjAwLCJ2ZXJzaW9uIjpudWxsfSwidGZ3X3Nob3dfYmlyZHdhdGNoX3Bpdm90c19lbmFibGVkIjp7ImJ1Y2tldCI6Im9uIiwidmVyc2lvbiI6bnVsbH0sInRmd19kdXBsaWNhdGVfc2NyaWJlc190b19zZXR0aW5ncyI6eyJidWNrZXQiOiJvbiIsInZlcnNpb24iOm51bGx9LCJ0ZndfdXNlX3Byb2ZpbGVfaW1hZ2Vfc2hhcGVfZW5hYmxlZCI6eyJidWNrZXQiOiJvbiIsInZlcnNpb24iOm51bGx9LCJ0ZndfdmlkZW9faGxzX2R5bmFtaWNfbWFuaWZlc3RzXzE1MDgyIjp7ImJ1Y2tldCI6InRydWVfYml0cmF0ZSIsInZlcnNpb24iOm51bGx9LCJ0ZndfbGVnYWN5X3RpbWVsaW5lX3N1bnNldCI6eyJidWNrZXQiOnRydWUsInZlcnNpb24iOm51bGx9LCJ0ZndfdHdlZXRfZWRpdF9mcm9udGVuZCI6eyJidWNrZXQiOiJvbiIsInZlcnNpb24iOm51bGx9fQ%3D%3D&amp;frame=false&amp;hideCard=false&amp;hideThread=false&amp;id=1880967475216724098&amp;lang=en&amp;origin=https%3A%2F%2Fsamidoun.net%2F2025%2F01%2Fas-abla-saadat-is-liberated-join-the-week-of-action-to-free-ahmad-saadat-during-toufan-al-ahrar%2F&amp;sessionId=a0fe6fc5ff8fc68a219a3b106fd0d48e6dddc82e&amp;siteScreenName=SamidounPP&amp;theme=light&amp;widgetsVersion=2615f7e52b7e0%3A1702314776716&amp;width=550px\" frameborder=\"0\" scrolling=\"no\" allowfullscreen=\"allowfullscreen\" data-tweet-id=\"1880967475216724098\" data-mce-fragment=\"1\"><\/iframe><\/div>\n<p>&nbsp;<\/p>\n<p><img loading=\"lazy\" decoding=\"async\" class=\"aligncenter wp-image-80826 size-full\" src=\"https:\/\/charleroi-pourlapalestine.be\/wp-content\/uploads\/2025\/01\/Moh-Khatib.png\" alt=\"Campagne pour la lib\u00e9ration d'Ahmad Sa'adat \" width=\"708\" height=\"481\" srcset=\"https:\/\/charleroi-pourlapalestine.be\/wp-content\/uploads\/2025\/01\/Moh-Khatib.png 708w, https:\/\/charleroi-pourlapalestine.be\/wp-content\/uploads\/2025\/01\/Moh-Khatib-300x204.png 300w\" sizes=\"auto, (max-width: 708px) 100vw, 708px\" \/><\/p>\n<p>\u00c0 <strong>Charleroi<\/strong>, en Belgique, la<strong> Plateforme Charleroi-Palestine<\/strong> a particip\u00e9 \u00e0 la semaine d&rsquo;action et se sont rassembl\u00e9es pour lancer un appel en faveur de la lib\u00e9ration d&rsquo;<strong>Abdallah<\/strong>, de <strong>Sa&rsquo;adat<\/strong> et de tou.te.s les prisonnier.e.s palestinien.ne.s, ainsi que pour saluer la R\u00e9sistance palestinienne :<\/p>\n<p><img loading=\"lazy\" decoding=\"async\" class=\"aligncenter wp-image-80688 size-full\" src=\"https:\/\/charleroi-pourlapalestine.be\/wp-content\/uploads\/2025\/01\/18-1-2025-groupe-2-e1737286675867.jpeg\" alt=\"Campagne pour la lib\u00e9ration d'Ahmad Sa'adat\" width=\"2048\" height=\"1360\" srcset=\"https:\/\/charleroi-pourlapalestine.be\/wp-content\/uploads\/2025\/01\/18-1-2025-groupe-2-e1737286675867.jpeg 2048w, https:\/\/charleroi-pourlapalestine.be\/wp-content\/uploads\/2025\/01\/18-1-2025-groupe-2-e1737286675867-300x199.jpeg 300w, https:\/\/charleroi-pourlapalestine.be\/wp-content\/uploads\/2025\/01\/18-1-2025-groupe-2-e1737286675867-1024x680.jpeg 1024w, https:\/\/charleroi-pourlapalestine.be\/wp-content\/uploads\/2025\/01\/18-1-2025-groupe-2-e1737286675867-768x510.jpeg 768w, https:\/\/charleroi-pourlapalestine.be\/wp-content\/uploads\/2025\/01\/18-1-2025-groupe-2-e1737286675867-1536x1020.jpeg 1536w\" sizes=\"auto, (max-width: 2048px) 100vw, 2048px\" \/><\/p>\n<p>Des campagnes d&rsquo;affichage un peu partout \u00e0 Charleroi ont mis en exergue l&rsquo;appel \u00e0 l&rsquo;action :<\/p>\n<p data-wp-editing=\"1\"><img loading=\"lazy\" decoding=\"async\" class=\"aligncenter wp-image-80835 size-full\" src=\"https:\/\/charleroi-pourlapalestine.be\/wp-content\/uploads\/2025\/01\/Collages-Charleroi-1.png\" alt=\"\" width=\"897\" height=\"286\" srcset=\"https:\/\/charleroi-pourlapalestine.be\/wp-content\/uploads\/2025\/01\/Collages-Charleroi-1.png 897w, https:\/\/charleroi-pourlapalestine.be\/wp-content\/uploads\/2025\/01\/Collages-Charleroi-1-300x96.png 300w, https:\/\/charleroi-pourlapalestine.be\/wp-content\/uploads\/2025\/01\/Collages-Charleroi-1-768x245.png 768w\" sizes=\"auto, (max-width: 897px) 100vw, 897px\" \/><br \/>\nEntre-temps, \u00e0<strong> Paris<\/strong>, <strong>Samidoun Paris Banlieue<\/strong> a mis en \u00e9vidence des collages de grandes affiches et banderoles dans tout le 20e arrondissement, insistant de la sorte sur la semaine d&rsquo;action et sur la campagne de lib\u00e9ration de <strong>Georges Abdallah<\/strong> :<\/p>\n<p>&nbsp;<\/p>\n<div class=\"tiled-gallery type-rectangular\" data-original-width=\"1200\" data-carousel-extra=\"null\">\n<div class=\"gallery-row\" data-original-width=\"1200\" data-original-height=\"399\">\n<div class=\"gallery-group images-1\" data-original-width=\"300\" data-original-height=\"399\">\n<div class=\"tiled-gallery-item tiled-gallery-item-large\" data-wp-editing=\"1\"><img loading=\"lazy\" decoding=\"async\" class=\"aligncenter wp-image-80837 size-full\" src=\"https:\/\/charleroi-pourlapalestine.be\/wp-content\/uploads\/2025\/01\/Collages-Paris-1.png\" alt=\"\" width=\"900\" height=\"272\" srcset=\"https:\/\/charleroi-pourlapalestine.be\/wp-content\/uploads\/2025\/01\/Collages-Paris-1.png 900w, https:\/\/charleroi-pourlapalestine.be\/wp-content\/uploads\/2025\/01\/Collages-Paris-1-300x91.png 300w, https:\/\/charleroi-pourlapalestine.be\/wp-content\/uploads\/2025\/01\/Collages-Paris-1-768x232.png 768w\" sizes=\"auto, (max-width: 900px) 100vw, 900px\" \/><\/div>\n<\/div>\n<div class=\"gallery-group images-1\" data-original-width=\"300\" data-original-height=\"399\">\n<div class=\"tiled-gallery-item tiled-gallery-item-large\">&nbsp;<\/div>\n<\/div>\n<div class=\"gallery-group images-1\" data-original-width=\"300\" data-original-height=\"399\">\n<div class=\"tiled-gallery-item tiled-gallery-item-large\">Des affiches ont fait leur apparition dans nombre de villes, dont <strong>Paterson<\/strong>, dans le <strong>New Jersey,<\/strong> aux <strong>EU<\/strong> :<\/div>\n<\/div>\n<div class=\"gallery-group images-1\" data-original-width=\"300\" data-original-height=\"399\">\n<div class=\"tiled-gallery-item tiled-gallery-item-large\">&nbsp;<\/div>\n<\/div>\n<\/div>\n<\/div>\n<p><img loading=\"lazy\" decoding=\"async\" class=\"aligncenter wp-image-80839 size-full\" src=\"https:\/\/charleroi-pourlapalestine.be\/wp-content\/uploads\/2025\/01\/Collage-Paterson.png\" alt=\"Campagne pour la lib\u00e9ration d'Ahmad Sa'adat\" width=\"888\" height=\"208\" srcset=\"https:\/\/charleroi-pourlapalestine.be\/wp-content\/uploads\/2025\/01\/Collage-Paterson.png 888w, https:\/\/charleroi-pourlapalestine.be\/wp-content\/uploads\/2025\/01\/Collage-Paterson-300x70.png 300w, https:\/\/charleroi-pourlapalestine.be\/wp-content\/uploads\/2025\/01\/Collage-Paterson-768x180.png 768w\" sizes=\"auto, (max-width: 888px) 100vw, 888px\" \/><\/p>\n<p>et <strong>Vancouver, <\/strong>au <strong>Canada<\/strong>:<\/p>\n<p><img loading=\"lazy\" decoding=\"async\" class=\"alignnone size-large wp-image-62189\" src=\"https:\/\/i0.wp.com\/samidoun.net\/wp-content\/uploads\/2025\/01\/signal-2025-01-16-003344_002.jpeg?resize=1024%2C768&amp;ssl=1\" sizes=\"auto, (max-width: 1024px) 100vw, 1024px\" srcset=\"https:\/\/i0.wp.com\/samidoun.net\/wp-content\/uploads\/2025\/01\/signal-2025-01-16-003344_002.jpeg?resize=1024%2C768&amp;ssl=1 1024w, https:\/\/i0.wp.com\/samidoun.net\/wp-content\/uploads\/2025\/01\/signal-2025-01-16-003344_002.jpeg?resize=300%2C225&amp;ssl=1 300w, https:\/\/i0.wp.com\/samidoun.net\/wp-content\/uploads\/2025\/01\/signal-2025-01-16-003344_002.jpeg?resize=250%2C188&amp;ssl=1 250w, https:\/\/i0.wp.com\/samidoun.net\/wp-content\/uploads\/2025\/01\/signal-2025-01-16-003344_002.jpeg?resize=768%2C576&amp;ssl=1 768w, https:\/\/i0.wp.com\/samidoun.net\/wp-content\/uploads\/2025\/01\/signal-2025-01-16-003344_002.jpeg?resize=1536%2C1152&amp;ssl=1 1536w, https:\/\/i0.wp.com\/samidoun.net\/wp-content\/uploads\/2025\/01\/signal-2025-01-16-003344_002.jpeg?resize=150%2C113&amp;ssl=1 150w, https:\/\/i0.wp.com\/samidoun.net\/wp-content\/uploads\/2025\/01\/signal-2025-01-16-003344_002.jpeg?resize=696%2C522&amp;ssl=1 696w, https:\/\/i0.wp.com\/samidoun.net\/wp-content\/uploads\/2025\/01\/signal-2025-01-16-003344_002.jpeg?resize=1068%2C801&amp;ssl=1 1068w, https:\/\/i0.wp.com\/samidoun.net\/wp-content\/uploads\/2025\/01\/signal-2025-01-16-003344_002.jpeg?resize=265%2C198&amp;ssl=1 265w, https:\/\/i0.wp.com\/samidoun.net\/wp-content\/uploads\/2025\/01\/signal-2025-01-16-003344_002.jpeg?w=1600&amp;ssl=1 1600w\" alt=\"\" width=\"1024\" height=\"768\" data-recalc-dims=\"1\"><\/p>\n<p>\u00c0<strong> Toronto<\/strong>, des <a href=\"https:\/\/unchained.noblogs.org\/post\/2025\/01\/18\/free-ahmad-saadat-week-of-action-toronto\/\" target=\"_blank\" rel=\"noopener\">membres de la communaut\u00e9 de solidarit\u00e9 avec la Palestine<\/a> ont accroch\u00e9 un calicot dans le centre de la ville afin de mettre en exergue la Semaine d&rsquo;action :<\/p>\n<p><img loading=\"lazy\" decoding=\"async\" class=\"alignnone size-full wp-image-62190\" src=\"https:\/\/i0.wp.com\/samidoun.net\/wp-content\/uploads\/2025\/01\/IMG_7848-768x1024-1.jpeg?resize=768%2C1024&amp;ssl=1\" sizes=\"auto, (max-width: 768px) 100vw, 768px\" srcset=\"https:\/\/i0.wp.com\/samidoun.net\/wp-content\/uploads\/2025\/01\/IMG_7848-768x1024-1.jpeg?w=768&amp;ssl=1 768w, https:\/\/i0.wp.com\/samidoun.net\/wp-content\/uploads\/2025\/01\/IMG_7848-768x1024-1.jpeg?resize=225%2C300&amp;ssl=1 225w, https:\/\/i0.wp.com\/samidoun.net\/wp-content\/uploads\/2025\/01\/IMG_7848-768x1024-1.jpeg?resize=188%2C250&amp;ssl=1 188w, https:\/\/i0.wp.com\/samidoun.net\/wp-content\/uploads\/2025\/01\/IMG_7848-768x1024-1.jpeg?resize=150%2C200&amp;ssl=1 150w, https:\/\/i0.wp.com\/samidoun.net\/wp-content\/uploads\/2025\/01\/IMG_7848-768x1024-1.jpeg?resize=300%2C400&amp;ssl=1 300w, https:\/\/i0.wp.com\/samidoun.net\/wp-content\/uploads\/2025\/01\/IMG_7848-768x1024-1.jpeg?resize=696%2C928&amp;ssl=1 696w\" alt=\"\" width=\"768\" height=\"1024\" data-recalc-dims=\"1\"><\/p>\n<p>\u00c0<strong> Toulouse,<\/strong> en <strong>France<\/strong>, le <strong>Collectif Palestine Vaincra<\/strong> a affich\u00e9 l&rsquo;appel en faveur de la lib\u00e9ration de Sa\u2019adat dans les quartiers populaires :<\/p>\n<p>&nbsp;<\/p>\n<p><img loading=\"lazy\" decoding=\"async\" class=\"alignnone size-large wp-image-62191\" src=\"https:\/\/i0.wp.com\/samidoun.net\/wp-content\/uploads\/2025\/01\/signal-2025-01-15-102600_002.jpeg?resize=1024%2C769&amp;ssl=1\" sizes=\"auto, (max-width: 1024px) 100vw, 1024px\" srcset=\"https:\/\/i0.wp.com\/samidoun.net\/wp-content\/uploads\/2025\/01\/signal-2025-01-15-102600_002-scaled.jpeg?resize=1024%2C769&amp;ssl=1 1024w, https:\/\/i0.wp.com\/samidoun.net\/wp-content\/uploads\/2025\/01\/signal-2025-01-15-102600_002-scaled.jpeg?resize=300%2C225&amp;ssl=1 300w, https:\/\/i0.wp.com\/samidoun.net\/wp-content\/uploads\/2025\/01\/signal-2025-01-15-102600_002-scaled.jpeg?resize=250%2C188&amp;ssl=1 250w, https:\/\/i0.wp.com\/samidoun.net\/wp-content\/uploads\/2025\/01\/signal-2025-01-15-102600_002-scaled.jpeg?resize=768%2C577&amp;ssl=1 768w, https:\/\/i0.wp.com\/samidoun.net\/wp-content\/uploads\/2025\/01\/signal-2025-01-15-102600_002-scaled.jpeg?resize=1536%2C1154&amp;ssl=1 1536w, https:\/\/i0.wp.com\/samidoun.net\/wp-content\/uploads\/2025\/01\/signal-2025-01-15-102600_002-scaled.jpeg?resize=2048%2C1538&amp;ssl=1 2048w, https:\/\/i0.wp.com\/samidoun.net\/wp-content\/uploads\/2025\/01\/signal-2025-01-15-102600_002-scaled.jpeg?resize=150%2C113&amp;ssl=1 150w, https:\/\/i0.wp.com\/samidoun.net\/wp-content\/uploads\/2025\/01\/signal-2025-01-15-102600_002-scaled.jpeg?resize=696%2C523&amp;ssl=1 696w, https:\/\/i0.wp.com\/samidoun.net\/wp-content\/uploads\/2025\/01\/signal-2025-01-15-102600_002-scaled.jpeg?resize=1068%2C802&amp;ssl=1 1068w, https:\/\/i0.wp.com\/samidoun.net\/wp-content\/uploads\/2025\/01\/signal-2025-01-15-102600_002-scaled.jpeg?resize=1920%2C1442&amp;ssl=1 1920w, https:\/\/i0.wp.com\/samidoun.net\/wp-content\/uploads\/2025\/01\/signal-2025-01-15-102600_002-scaled.jpeg?resize=265%2C198&amp;ssl=1 265w, https:\/\/i0.wp.com\/samidoun.net\/wp-content\/uploads\/2025\/01\/signal-2025-01-15-102600_002-scaled.jpeg?w=2400&amp;ssl=1 2400w\" alt=\"\" width=\"1024\" height=\"769\" data-recalc-dims=\"1\"><\/p>\n<p>Entre-temps, pendant l&rsquo;annonce du cessez-le-feu, le <strong>Collectif Palestine Vaincra<\/strong> a pris la parole lors d&rsquo;un <a href=\"https:\/\/palestinevaincra.com\/2025\/01\/cessez-le-feu-a-gaza-un-rassemblement-toulousain-appelle-a-poursuivre-la-mobilisation\/\" target=\"_blank\" rel=\"noopener\"><strong>rassemblement<\/strong>,<\/a> mettant en \u00e9vidence l&rsquo;importance de poursuivre la lutte pour la lib\u00e9ration des prisonnier.e.s palestinien.ne.s.&nbsp;<\/p>\n<p><img loading=\"lazy\" decoding=\"async\" class=\"aligncenter wp-image-80845 size-full\" src=\"https:\/\/charleroi-pourlapalestine.be\/wp-content\/uploads\/2025\/01\/Toulouse.png\" alt=\"\" width=\"1028\" height=\"468\" srcset=\"https:\/\/charleroi-pourlapalestine.be\/wp-content\/uploads\/2025\/01\/Toulouse.png 1028w, https:\/\/charleroi-pourlapalestine.be\/wp-content\/uploads\/2025\/01\/Toulouse-300x137.png 300w, https:\/\/charleroi-pourlapalestine.be\/wp-content\/uploads\/2025\/01\/Toulouse-1024x466.png 1024w, https:\/\/charleroi-pourlapalestine.be\/wp-content\/uploads\/2025\/01\/Toulouse-768x350.png 768w\" sizes=\"auto, (max-width: 1028px) 100vw, 1028px\" \/><\/p>\n<p>\u00c0 <strong>Rotterdam<\/strong>, aux <strong>Pays-Bas,<\/strong> le mouvement \u00e9tudiant a organis\u00e9 un \u00e9v\u00e9nement \u00e9ducatif autour d&rsquo;Ahmad Sa&rsquo;adat et des prisonnier.e.s palestinien.ne.s :<\/p>\n<p>&nbsp;<\/p>\n<p><img loading=\"lazy\" decoding=\"async\" class=\"alignnone size-large wp-image-62192\" src=\"https:\/\/i0.wp.com\/samidoun.net\/wp-content\/uploads\/2025\/01\/signal-2025-01-15-161049_002.jpeg?resize=1024%2C1024&amp;ssl=1\" sizes=\"auto, (max-width: 1024px) 100vw, 1024px\" srcset=\"https:\/\/i0.wp.com\/samidoun.net\/wp-content\/uploads\/2025\/01\/signal-2025-01-15-161049_002.jpeg?resize=1024%2C1024&amp;ssl=1 1024w, https:\/\/i0.wp.com\/samidoun.net\/wp-content\/uploads\/2025\/01\/signal-2025-01-15-161049_002.jpeg?resize=300%2C300&amp;ssl=1 300w, https:\/\/i0.wp.com\/samidoun.net\/wp-content\/uploads\/2025\/01\/signal-2025-01-15-161049_002.jpeg?resize=250%2C250&amp;ssl=1 250w, https:\/\/i0.wp.com\/samidoun.net\/wp-content\/uploads\/2025\/01\/signal-2025-01-15-161049_002.jpeg?resize=768%2C768&amp;ssl=1 768w, https:\/\/i0.wp.com\/samidoun.net\/wp-content\/uploads\/2025\/01\/signal-2025-01-15-161049_002.jpeg?resize=150%2C150&amp;ssl=1 150w, https:\/\/i0.wp.com\/samidoun.net\/wp-content\/uploads\/2025\/01\/signal-2025-01-15-161049_002.jpeg?resize=696%2C696&amp;ssl=1 696w, https:\/\/i0.wp.com\/samidoun.net\/wp-content\/uploads\/2025\/01\/signal-2025-01-15-161049_002.jpeg?resize=1068%2C1068&amp;ssl=1 1068w, https:\/\/i0.wp.com\/samidoun.net\/wp-content\/uploads\/2025\/01\/signal-2025-01-15-161049_002.jpeg?w=1280&amp;ssl=1 1280w\" alt=\"\" width=\"1024\" height=\"1024\" data-recalc-dims=\"1\"><\/p>\n<p>&nbsp;<\/p>\n<p>\u00c0 <strong>Madrid<\/strong>, en <strong>Espagne<\/strong>, <strong>Masar Badil, Alkarama, Alyudur<\/strong> et <strong>Samidoun Espagne<\/strong> se sont rassembl\u00e9s afin de mettre un terme \u00e0 la r\u00e9pression par l&rsquo;AP \u00e0 <strong>J\u00e9nine<\/strong> \u2013 le m\u00eame genre de collaboration avec le colonisateur sioniste qui a emprisonn\u00e9 <strong>Sa\u2019adat<\/strong> et ses camarades entre 2002 et 2006 :<\/p>\n<p>&nbsp;<\/p>\n<p><img loading=\"lazy\" decoding=\"async\" class=\"alignnone size-large wp-image-62193\" src=\"https:\/\/i0.wp.com\/samidoun.net\/wp-content\/uploads\/2025\/01\/471762958_18263939983268506_4247900704918857995_n.jpg?resize=1024%2C1024&amp;ssl=1\" sizes=\"auto, (max-width: 1024px) 100vw, 1024px\" srcset=\"https:\/\/i0.wp.com\/samidoun.net\/wp-content\/uploads\/2025\/01\/471762958_18263939983268506_4247900704918857995_n.jpg?resize=1024%2C1024&amp;ssl=1 1024w, https:\/\/i0.wp.com\/samidoun.net\/wp-content\/uploads\/2025\/01\/471762958_18263939983268506_4247900704918857995_n.jpg?resize=300%2C300&amp;ssl=1 300w, https:\/\/i0.wp.com\/samidoun.net\/wp-content\/uploads\/2025\/01\/471762958_18263939983268506_4247900704918857995_n.jpg?resize=250%2C250&amp;ssl=1 250w, https:\/\/i0.wp.com\/samidoun.net\/wp-content\/uploads\/2025\/01\/471762958_18263939983268506_4247900704918857995_n.jpg?resize=768%2C768&amp;ssl=1 768w, https:\/\/i0.wp.com\/samidoun.net\/wp-content\/uploads\/2025\/01\/471762958_18263939983268506_4247900704918857995_n.jpg?resize=150%2C150&amp;ssl=1 150w, https:\/\/i0.wp.com\/samidoun.net\/wp-content\/uploads\/2025\/01\/471762958_18263939983268506_4247900704918857995_n.jpg?resize=696%2C696&amp;ssl=1 696w, https:\/\/i0.wp.com\/samidoun.net\/wp-content\/uploads\/2025\/01\/471762958_18263939983268506_4247900704918857995_n.jpg?resize=1068%2C1068&amp;ssl=1 1068w, https:\/\/i0.wp.com\/samidoun.net\/wp-content\/uploads\/2025\/01\/471762958_18263939983268506_4247900704918857995_n.jpg?w=1080&amp;ssl=1 1080w\" alt=\"\" width=\"1024\" height=\"1024\" data-recalc-dims=\"1\"><\/p>\n<p>&nbsp;<\/p>\n<p><span style=\"font-size: medium;\"><span lang=\"fr-BE\">La campagne<strong> <a href=\"https:\/\/www.instagram.com\/dismantle_damon\" target=\"_blank\" rel=\"noreferrer nofollow noopener\">D\u00e9mantelez Damon<\/a><\/strong> en faveur des prisonni\u00e8res palestiniennes s&rsquo;est jointe \u00e0 la Semaine d&rsquo;action, mettant en exergue l&#8217;emprisonnement d&rsquo;<strong>Abla et d&rsquo;Ahmad Sa&rsquo;adat<\/strong> : <\/span><\/span><\/p>\n<p>&nbsp;<\/p>\n<p><img loading=\"lazy\" decoding=\"async\" class=\"alignnone size-large wp-image-62194\" src=\"https:\/\/i0.wp.com\/samidoun.net\/wp-content\/uploads\/2025\/01\/473419986_17878972092229892_7662757261199416544_n.webp?resize=1024%2C1024&amp;ssl=1\" sizes=\"auto, (max-width: 1024px) 100vw, 1024px\" srcset=\"https:\/\/i0.wp.com\/samidoun.net\/wp-content\/uploads\/2025\/01\/473419986_17878972092229892_7662757261199416544_n.webp?resize=1024%2C1024&amp;ssl=1 1024w, https:\/\/i0.wp.com\/samidoun.net\/wp-content\/uploads\/2025\/01\/473419986_17878972092229892_7662757261199416544_n.webp?resize=300%2C300&amp;ssl=1 300w, https:\/\/i0.wp.com\/samidoun.net\/wp-content\/uploads\/2025\/01\/473419986_17878972092229892_7662757261199416544_n.webp?resize=250%2C250&amp;ssl=1 250w, https:\/\/i0.wp.com\/samidoun.net\/wp-content\/uploads\/2025\/01\/473419986_17878972092229892_7662757261199416544_n.webp?resize=768%2C768&amp;ssl=1 768w, https:\/\/i0.wp.com\/samidoun.net\/wp-content\/uploads\/2025\/01\/473419986_17878972092229892_7662757261199416544_n.webp?resize=150%2C150&amp;ssl=1 150w, https:\/\/i0.wp.com\/samidoun.net\/wp-content\/uploads\/2025\/01\/473419986_17878972092229892_7662757261199416544_n.webp?resize=696%2C696&amp;ssl=1 696w, https:\/\/i0.wp.com\/samidoun.net\/wp-content\/uploads\/2025\/01\/473419986_17878972092229892_7662757261199416544_n.webp?resize=1068%2C1068&amp;ssl=1 1068w, https:\/\/i0.wp.com\/samidoun.net\/wp-content\/uploads\/2025\/01\/473419986_17878972092229892_7662757261199416544_n.webp?w=1080&amp;ssl=1 1080w\" alt=\"\" width=\"1024\" height=\"1024\" data-recalc-dims=\"1\"><\/p>\n<p>&nbsp;<\/p>\n<p align=\"JUSTIFY\"><strong><span style=\"font-size: medium;\"><span lang=\"fr-BE\">Ralliez la Semaine d&rsquo;action : <\/span><\/span><\/strong><\/p>\n<ul>\n<li>\n<p align=\"JUSTIFY\"><strong><a href=\"https:\/\/samidoun.net\/2025\/01\/free-ahmad-saadat-and-all-palestinian-prisoners-week-of-action-january-15-22-2025\/\" target=\"_blank\" rel=\"noreferrer nofollow noopener\"><span style=\"font-size: medium;\"><span lang=\"fr-BE\">Semaine d&rsquo;action : Lib\u00e9rez Ahmad Sa\u2019adat et tou.te.s les prisonnier.e.s palestinien.ne.s, 15-22 janvier 2025<\/span><\/span><\/a><\/strong><\/p>\n<\/li>\n<li>\n<p align=\"JUSTIFY\"><strong><a href=\"https:\/\/cryptpad.fr\/form\/#\/2\/form\/view\/q9+cMZVkYgujmpm59sdiFSplFkLDPuiFfgEvofkGpoU\/\" target=\"_blank\" rel=\"noreferrer nofollow noopener\"><span style=\"font-size: medium;\"><span lang=\"fr-BE\">Soutenez la Semaine d&rsquo;action<\/span><\/span><\/a><\/strong><\/p>\n<\/li>\n<li>\n<p align=\"JUSTIFY\"><strong><a href=\"https:\/\/mega.nz\/folder\/Pmg2XYrZ#a6zV1Uj4nMsu9eAbH_PJsw\" target=\"_blank\" rel=\"noreferrer nofollow noopener\"><span style=\"font-size: medium;\"><span lang=\"fr-BE\">T\u00e9l\u00e9chargez mat\u00e9riel et tracts<\/span><\/span><\/a><\/strong><\/p>\n<\/li>\n<li>\n<p align=\"JUSTIFY\"><strong><a href=\"https:\/\/linktr.ee\/freeahmadsaadat\" target=\"_blank\" rel=\"noreferrer nofollow noopener\"><span style=\"font-size: medium;\"><span lang=\"fr-BE\">Visitez les liens<\/span><\/span><\/a><\/strong><\/p>\n<\/li>\n<li>\n<p align=\"JUSTIFY\"><a href=\"https:\/\/charleroi-pourlapalestine.be\/index.php\/2025\/01\/12\/liberez-sa-adat-liberez-la-palestine-23-annees-dinjustice-et-de-resistance\/\"><strong><span style=\"font-size: medium;\"><span lang=\"fr-BE\">Lisez le nouvel article de Palestine Chronicle : Lib\u00e9rez Sa&rsquo;adat, lib\u00e9rez la Palestine : 23 ans d&rsquo;injustice et de r\u00e9sistance, par Benay Blend<\/span><\/span><\/strong><\/a><\/p>\n<\/li>\n<li>\n<p align=\"JUSTIFY\"><strong><a href=\"https:\/\/samidoun.net\/2025\/01\/the-case-of-ahmad-saadat-resistance-without-compromise\/\" target=\"_blank\" rel=\"noreferrer nofollow noopener\"><span style=\"font-size: medium;\"><span lang=\"fr-BE\">Lisez la nouvelle analyse: Le cas d&rsquo;Ahmas Sa&rsquo;adat: une r\u00e9sistance sans compromis<\/span><\/span><\/a><\/strong><\/p>\n<\/li>\n<\/ul>\n<p lang=\"fr-BE\" align=\"JUSTIFY\"><span style=\"font-size: medium;\"><br \/>\nNous lan\u00e7ons un appel en faveur d&rsquo;une semaine internationale d&rsquo;action du 15 janvier au 22 janvier, afin de r\u00e9clamer la lib\u00e9ration d&rsquo;Ahmad Sa\u2019adat et de ses compagnons dirigeants de la r\u00e9sistance, de soutenir les r\u00e9alisations et revendications de la R\u00e9sistance, un \u00e9change de prisonniers et la fin du g\u00e9nocide \u00e0 Gaza et dans la Palestine occup\u00e9e, la mise en exergue du r\u00f4le particuli\u00e8rement n\u00e9faste des collabos de l<em>&lsquo;\u00ab Autorit\u00e9 palestinienne \u00bb<\/em> dans la lutte de lib\u00e9ration de la Palestine. Intensifiez les actions contre l&rsquo;entit\u00e9 coloniale et g\u00e9nocidaire sioniste et organisez-vous pour la justice en Palestine !<\/span><\/p>\n<p>&nbsp;<\/p>\n<p lang=\"fr-BE\" align=\"JUSTIFY\"><strong><span style=\"font-size: medium;\">Que pouvez-vois faire \u00e0 votre niveau local ? <\/span><\/strong><\/p>\n<ul>\n<li>\n<p align=\"JUSTIFY\"><a href=\"https:\/\/cryptpad.fr\/form\/#\/2\/form\/view\/q9+cMZVkYgujmpm59sdiFSplFkLDPuiFfgEvofkGpoU\/\" target=\"_blank\" rel=\"noreferrer nofollow noopener\"><strong><span style=\"font-size: medium;\"><span lang=\"fr-BE\">Soutenez<\/span><\/span><\/strong><span style=\"font-size: medium;\"><span lang=\"fr-BE\"> la Semaine d&rsquo;action pour lib\u00e9rer Ahmad Sa\u2019adat et tou.te.s les prisonnier.e.s palestinien.ne.s<\/span><\/span><\/a><span style=\"font-size: medium;\"><span lang=\"fr-BE\">.<\/span><\/span><\/p>\n<\/li>\n<li>\n<p align=\"JUSTIFY\"><strong><span style=\"font-size: medium;\"><span lang=\"fr-BE\">\u00c9duquez <\/span><\/span><\/strong><span style=\"font-size: medium;\"><span lang=\"fr-BE\">via vos r\u00e9seaux : organisez une discussion autour des dirigeants et des prisonniers politiques de la R\u00e9sistance, partagez des ressources au sujet d&rsquo;Ahmad Sa\u2019adat et des prisonnier.e.s palestinien.ne.s dans les m\u00e9dias sociaux et au sein de votre communaut\u00e9. <\/span><\/span><\/p>\n<\/li>\n<li>\n<p align=\"JUSTIFY\"><strong><span style=\"font-size: medium;\"><span lang=\"fr-BE\">Organisez ou ralliez une protestation ou une manifestation <\/span><\/span><\/strong><strong><span style=\"font-size: medium;\"><span lang=\"fr-BE\">contre l&rsquo;actuel g\u00e9nocide sioniste imp\u00e9rialiste en Palestine \u00e0 plusieurs personnes, avec pancartes, banderoles, etc. en faveur d&rsquo;Ahmad <\/span><\/span><\/strong><span style=\"font-size: medium;\"><span lang=\"fr-BE\">Sa\u2019adat et des prisonnier.e.s palestinien.ne.s. <\/span><\/span><\/p>\n<\/li>\n<li>\n<p align=\"JUSTIFY\"><strong><span style=\"font-size: medium;\"><span lang=\"fr-BE\">Organisez une manifestation devant une ambassade de l&rsquo;AP <\/span><\/span><\/strong><strong><span style=\"font-size: medium;\"><span lang=\"fr-BE\">ou un site similaire afin de r\u00e9clamer la fin des offensives de l&rsquo;Autorit\u00e9 palestinienne dans le camp de J\u00e9nine et partout ailleurs en Cisjordanie, contre le peuple et la R\u00e9sistance. <\/span><\/span><\/strong><\/p>\n<\/li>\n<li>\n<p align=\"JUSTIFY\"><strong><span style=\"font-size: medium;\"><span lang=\"fr-BE\">Organisez un \u00e9v\u00e9nement, des protestations, un stand de teach-in ou une r\u00e9union de r\u00e9daction de cartes et lettres <\/span><\/span><\/strong><strong><span style=\"font-size: medium;\"><span lang=\"fr-BE\">pendant la Semaine d&rsquo;action. <\/span><\/span><\/strong><\/p>\n<\/li>\n<li>\n<p align=\"JUSTIFY\"><strong><span style=\"font-size: medium;\"><span lang=\"fr-BE\">Organisez des \u00e9v\u00e9nements, des actions et des protestations pour r\u00e9clamer la libert\u00e9 pour Ahmad Sa\u2019adat<\/span><\/span><\/strong><span style=\"font-size: medium;\"><span lang=\"fr-BE\"> et tou.te.s les prisonnier.e.s palestinien.ne.s. Protestez dans les espaces publics, sur les campus et dans les espaces communautaires. <\/span><\/span><\/p>\n<\/li>\n<li>\n<p align=\"JUSTIFY\"><strong><span style=\"font-size: medium;\"><span lang=\"fr-BE\">Ralliez la campagne dans les m\u00e9dias sociaux<\/span><\/span><\/strong><span style=\"font-size: medium;\"><span lang=\"fr-BE\">. Publiez une photo ou un message vid\u00e9o r\u00e9clamant la libert\u00e9 pour Ahmad Sa\u2019adat et ses compagnons palestiniens en prison. <\/span><\/span><\/p>\n<\/li>\n<li>\n<p align=\"JUSTIFY\"><strong><span style=\"font-size: medium;\"><span lang=\"fr-BE\">Soutenez la lib\u00e9ration d&rsquo;Abla Sa\u2019adat<\/span><\/span><\/strong><span style=\"font-size: medium;\"><span lang=\"fr-BE\">, la femme d&rsquo;Ahmad, emprisonn\u00e9e depuis septembre 2024. <\/span><\/span><\/p>\n<\/li>\n<li>\n<p align=\"JUSTIFY\"><strong><span style=\"font-size: medium;\"><span lang=\"fr-BE\">Utilisez les hashtags #freeallpalestinianprisoners, #freeahmadsaadat<\/p>\n<p><\/span><\/span><\/strong><\/p>\n<\/li>\n<\/ul>\n<p align=\"JUSTIFY\"><strong><span style=\"font-size: medium;\"><span lang=\"fr-BE\"><em>\u00ab La lutte palestinienne pour la lib\u00e9ration nationale fait partie int\u00e9grante du mouvement international des peuples pour la lib\u00e9ration nationale, pour la justice raciale et \u00e9conomique internationale et pour la fin de l&rsquo;occupation, du colonialisme et de l&rsquo;imp\u00e9rialisme. \u00bb<\/em> \u2013 Ahmad Sa\u2019adat<\/span><\/span><\/strong><\/p>\n<p align=\"JUSTIFY\"><strong><span style=\"font-size: medium;\"><span lang=\"fr-BE\">La Palestine sera libre, du fleuve \u00e0 la mer ! <\/span><\/span><\/strong><\/p>\n<p style=\"text-align: center;\">*****<\/p>\n<p>Publi\u00e9 le 20 janvier 2025 sur <a href=\"https:\/\/samidoun.net\/2025\/01\/as-abla-saadat-is-liberated-join-the-week-of-action-to-free-ahmad-saadat-during-toufan-al-ahrar\/\" target=\"_blank\" rel=\"noopener\"><strong>Samidoun<\/strong><\/a><br \/>\nTraduction : Jean-Marie Fl\u00e9mal, <a href=\"https:\/\/charleroi-pourlapalestine.be\/\">Charleroi pour la Palestine<\/a><\/p>\n<p>&nbsp;<\/p>\n<p>&nbsp;<\/p>\n<p>&nbsp;<\/p>\n<p>&nbsp;<\/p>\n<p>&nbsp;<\/p>\n","protected":false},"excerpt":{"rendered":"<p>Des prisonniers comme Ahmad Sa\u2019adat et ses compagnons dirigeants de la R\u00e9sistance seront potentiellement lib\u00e9r\u00e9s lors d&rsquo;un prochain \u00e9change<\/p>\n","protected":false},"author":1,"featured_media":80851,"comment_status":"closed","ping_status":"closed","sticky":false,"template":"","format":"standard","meta":{"ngg_post_thumbnail":0,"footnotes":""},"categories":[13,25],"tags":[802,216,950],"class_list":["post-80815","post","type-post","status-publish","format-standard","has-post-thumbnail","hentry","category-les-prisionners-palestiniens","category-la-resistance-palestinienne","tag-ahmad-saadat","tag-georges-abdallah","tag-la-plateforme"],"yoast_head":"<!-- This site is optimized with the Yoast SEO plugin v27.3 - https:\/\/yoast.com\/product\/yoast-seo-wordpress\/ -->\n<title>Abla Sa\u2019adat lib\u00e9r\u00e9e, la semaine d&#039;action se poursuit pour la lib\u00e9ration d&#039;Ahmad Sa&#039;adat pendant le Toufan al-Ahrar<\/title>\n<meta name=\"description\" content=\"Ralliez la semaine d&#039;action pour Ahmad Sa\u2019adat et ses compagnons dirigeants de la R\u00e9sistance comme Marwan Barghouti, Abdullah Barghouti...\" \/>\n<meta name=\"robots\" content=\"index, follow, max-snippet:-1, max-image-preview:large, max-video-preview:-1\" \/>\n<link rel=\"canonical\" href=\"https:\/\/charleroi-pourlapalestine.be\/index.php\/2025\/01\/21\/a-la-liberation-dabla-saadat-ralliez-la-semaine-daction-pour-la-liberation-d-ahmad-saa-dat-pendant-le-toufan-al-ahrar-deluge-des-gens-libres\/\" \/>\n<script type=\"application\/ld+json\" class=\"yoast-schema-graph\">{\"@context\":\"https:\\\/\\\/schema.org\",\"@graph\":[{\"@type\":\"Article\",\"@id\":\"https:\\\/\\\/charleroi-pourlapalestine.be\\\/index.php\\\/2025\\\/01\\\/21\\\/a-la-liberation-dabla-saadat-ralliez-la-semaine-daction-pour-la-liberation-d-ahmad-saa-dat-pendant-le-toufan-al-ahrar-deluge-des-gens-libres\\\/#article\",\"isPartOf\":{\"@id\":\"https:\\\/\\\/charleroi-pourlapalestine.be\\\/index.php\\\/2025\\\/01\\\/21\\\/a-la-liberation-dabla-saadat-ralliez-la-semaine-daction-pour-la-liberation-d-ahmad-saa-dat-pendant-le-toufan-al-ahrar-deluge-des-gens-libres\\\/\"},\"author\":{\"name\":\"admin1873\",\"@id\":\"https:\\\/\\\/charleroi-pourlapalestine.be\\\/#\\\/schema\\\/person\\\/c19ff515112f1299d8c12671d8fe3faa\"},\"headline\":\"Abla Sa\u2019adat lib\u00e9r\u00e9e, la semaine d&rsquo;action se poursuit pour la lib\u00e9ration d&rsquo;Ahmad Sa&rsquo;adat pendant le Toufan al-Ahrar\",\"datePublished\":\"2025-01-21T14:44:04+00:00\",\"dateModified\":\"2025-01-22T13:09:54+00:00\",\"mainEntityOfPage\":{\"@id\":\"https:\\\/\\\/charleroi-pourlapalestine.be\\\/index.php\\\/2025\\\/01\\\/21\\\/a-la-liberation-dabla-saadat-ralliez-la-semaine-daction-pour-la-liberation-d-ahmad-saa-dat-pendant-le-toufan-al-ahrar-deluge-des-gens-libres\\\/\"},\"wordCount\":1909,\"publisher\":{\"@id\":\"https:\\\/\\\/charleroi-pourlapalestine.be\\\/#organization\"},\"image\":{\"@id\":\"https:\\\/\\\/charleroi-pourlapalestine.be\\\/index.php\\\/2025\\\/01\\\/21\\\/a-la-liberation-dabla-saadat-ralliez-la-semaine-daction-pour-la-liberation-d-ahmad-saa-dat-pendant-le-toufan-al-ahrar-deluge-des-gens-libres\\\/#primaryimage\"},\"thumbnailUrl\":\"https:\\\/\\\/charleroi-pourlapalestine.be\\\/wp-content\\\/uploads\\\/2025\\\/01\\\/liberte-pour-ahmad-saadat.png\",\"keywords\":[\"Ahmad Sa&#039;adat\",\"Georges Abdallah\",\"La Plateforme\"],\"articleSection\":[\"Prisonniers\",\"R\u00e9sistance\"],\"inLanguage\":\"fr-FR\"},{\"@type\":\"WebPage\",\"@id\":\"https:\\\/\\\/charleroi-pourlapalestine.be\\\/index.php\\\/2025\\\/01\\\/21\\\/a-la-liberation-dabla-saadat-ralliez-la-semaine-daction-pour-la-liberation-d-ahmad-saa-dat-pendant-le-toufan-al-ahrar-deluge-des-gens-libres\\\/\",\"url\":\"https:\\\/\\\/charleroi-pourlapalestine.be\\\/index.php\\\/2025\\\/01\\\/21\\\/a-la-liberation-dabla-saadat-ralliez-la-semaine-daction-pour-la-liberation-d-ahmad-saa-dat-pendant-le-toufan-al-ahrar-deluge-des-gens-libres\\\/\",\"name\":\"Abla Sa\u2019adat lib\u00e9r\u00e9e, la semaine d'action se poursuit pour la lib\u00e9ration d'Ahmad Sa'adat pendant le Toufan al-Ahrar\",\"isPartOf\":{\"@id\":\"https:\\\/\\\/charleroi-pourlapalestine.be\\\/#website\"},\"primaryImageOfPage\":{\"@id\":\"https:\\\/\\\/charleroi-pourlapalestine.be\\\/index.php\\\/2025\\\/01\\\/21\\\/a-la-liberation-dabla-saadat-ralliez-la-semaine-daction-pour-la-liberation-d-ahmad-saa-dat-pendant-le-toufan-al-ahrar-deluge-des-gens-libres\\\/#primaryimage\"},\"image\":{\"@id\":\"https:\\\/\\\/charleroi-pourlapalestine.be\\\/index.php\\\/2025\\\/01\\\/21\\\/a-la-liberation-dabla-saadat-ralliez-la-semaine-daction-pour-la-liberation-d-ahmad-saa-dat-pendant-le-toufan-al-ahrar-deluge-des-gens-libres\\\/#primaryimage\"},\"thumbnailUrl\":\"https:\\\/\\\/charleroi-pourlapalestine.be\\\/wp-content\\\/uploads\\\/2025\\\/01\\\/liberte-pour-ahmad-saadat.png\",\"datePublished\":\"2025-01-21T14:44:04+00:00\",\"dateModified\":\"2025-01-22T13:09:54+00:00\",\"description\":\"Ralliez la semaine d'action pour Ahmad Sa\u2019adat et ses compagnons dirigeants de la R\u00e9sistance comme Marwan Barghouti, Abdullah Barghouti...\",\"breadcrumb\":{\"@id\":\"https:\\\/\\\/charleroi-pourlapalestine.be\\\/index.php\\\/2025\\\/01\\\/21\\\/a-la-liberation-dabla-saadat-ralliez-la-semaine-daction-pour-la-liberation-d-ahmad-saa-dat-pendant-le-toufan-al-ahrar-deluge-des-gens-libres\\\/#breadcrumb\"},\"inLanguage\":\"fr-FR\",\"potentialAction\":[{\"@type\":\"ReadAction\",\"target\":[\"https:\\\/\\\/charleroi-pourlapalestine.be\\\/index.php\\\/2025\\\/01\\\/21\\\/a-la-liberation-dabla-saadat-ralliez-la-semaine-daction-pour-la-liberation-d-ahmad-saa-dat-pendant-le-toufan-al-ahrar-deluge-des-gens-libres\\\/\"]}]},{\"@type\":\"ImageObject\",\"inLanguage\":\"fr-FR\",\"@id\":\"https:\\\/\\\/charleroi-pourlapalestine.be\\\/index.php\\\/2025\\\/01\\\/21\\\/a-la-liberation-dabla-saadat-ralliez-la-semaine-daction-pour-la-liberation-d-ahmad-saa-dat-pendant-le-toufan-al-ahrar-deluge-des-gens-libres\\\/#primaryimage\",\"url\":\"https:\\\/\\\/charleroi-pourlapalestine.be\\\/wp-content\\\/uploads\\\/2025\\\/01\\\/liberte-pour-ahmad-saadat.png\",\"contentUrl\":\"https:\\\/\\\/charleroi-pourlapalestine.be\\\/wp-content\\\/uploads\\\/2025\\\/01\\\/liberte-pour-ahmad-saadat.png\",\"width\":897,\"height\":602},{\"@type\":\"BreadcrumbList\",\"@id\":\"https:\\\/\\\/charleroi-pourlapalestine.be\\\/index.php\\\/2025\\\/01\\\/21\\\/a-la-liberation-dabla-saadat-ralliez-la-semaine-daction-pour-la-liberation-d-ahmad-saa-dat-pendant-le-toufan-al-ahrar-deluge-des-gens-libres\\\/#breadcrumb\",\"itemListElement\":[{\"@type\":\"ListItem\",\"position\":1,\"name\":\"Accueil\",\"item\":\"https:\\\/\\\/charleroi-pourlapalestine.be\\\/\"},{\"@type\":\"ListItem\",\"position\":2,\"name\":\"Abla Sa\u2019adat lib\u00e9r\u00e9e, la semaine d&rsquo;action se poursuit pour la lib\u00e9ration d&rsquo;Ahmad Sa&rsquo;adat pendant le Toufan al-Ahrar\"}]},{\"@type\":\"WebSite\",\"@id\":\"https:\\\/\\\/charleroi-pourlapalestine.be\\\/#website\",\"url\":\"https:\\\/\\\/charleroi-pourlapalestine.be\\\/\",\"name\":\"Charleroi Pour la Palestine\",\"description\":\"\",\"publisher\":{\"@id\":\"https:\\\/\\\/charleroi-pourlapalestine.be\\\/#organization\"},\"potentialAction\":[{\"@type\":\"SearchAction\",\"target\":{\"@type\":\"EntryPoint\",\"urlTemplate\":\"https:\\\/\\\/charleroi-pourlapalestine.be\\\/?s={search_term_string}\"},\"query-input\":{\"@type\":\"PropertyValueSpecification\",\"valueRequired\":true,\"valueName\":\"search_term_string\"}}],\"inLanguage\":\"fr-FR\"},{\"@type\":\"Organization\",\"@id\":\"https:\\\/\\\/charleroi-pourlapalestine.be\\\/#organization\",\"name\":\"Plate-forme Charleroi-Palestine\",\"url\":\"https:\\\/\\\/charleroi-pourlapalestine.be\\\/\",\"logo\":{\"@type\":\"ImageObject\",\"inLanguage\":\"fr-FR\",\"@id\":\"https:\\\/\\\/charleroi-pourlapalestine.be\\\/#\\\/schema\\\/logo\\\/image\\\/\",\"url\":\"https:\\\/\\\/charleroi-pourlapalestine.be\\\/wp-content\\\/uploads\\\/2020\\\/01\\\/logo-Copy.jpg\",\"contentUrl\":\"https:\\\/\\\/charleroi-pourlapalestine.be\\\/wp-content\\\/uploads\\\/2020\\\/01\\\/logo-Copy.jpg\",\"width\":180,\"height\":180,\"caption\":\"Plate-forme Charleroi-Palestine\"},\"image\":{\"@id\":\"https:\\\/\\\/charleroi-pourlapalestine.be\\\/#\\\/schema\\\/logo\\\/image\\\/\"},\"sameAs\":[\"https:\\\/\\\/www.facebook.com\\\/PlateformeCharleroiPalestine\\\/\",\"https:\\\/\\\/x.com\\\/LaCharleroi\"]},{\"@type\":\"Person\",\"@id\":\"https:\\\/\\\/charleroi-pourlapalestine.be\\\/#\\\/schema\\\/person\\\/c19ff515112f1299d8c12671d8fe3faa\",\"name\":\"admin1873\",\"url\":\"https:\\\/\\\/charleroi-pourlapalestine.be\\\/index.php\\\/author\\\/admin1873\\\/\"}]}<\/script>\n<!-- \/ Yoast SEO plugin. -->","yoast_head_json":{"title":"Abla Sa\u2019adat lib\u00e9r\u00e9e, la semaine d'action se poursuit pour la lib\u00e9ration d'Ahmad Sa'adat pendant le Toufan al-Ahrar","description":"Ralliez la semaine d'action pour Ahmad Sa\u2019adat et ses compagnons dirigeants de la R\u00e9sistance comme Marwan Barghouti, Abdullah Barghouti...","robots":{"index":"index","follow":"follow","max-snippet":"max-snippet:-1","max-image-preview":"max-image-preview:large","max-video-preview":"max-video-preview:-1"},"canonical":"https:\/\/charleroi-pourlapalestine.be\/index.php\/2025\/01\/21\/a-la-liberation-dabla-saadat-ralliez-la-semaine-daction-pour-la-liberation-d-ahmad-saa-dat-pendant-le-toufan-al-ahrar-deluge-des-gens-libres\/","schema":{"@context":"https:\/\/schema.org","@graph":[{"@type":"Article","@id":"https:\/\/charleroi-pourlapalestine.be\/index.php\/2025\/01\/21\/a-la-liberation-dabla-saadat-ralliez-la-semaine-daction-pour-la-liberation-d-ahmad-saa-dat-pendant-le-toufan-al-ahrar-deluge-des-gens-libres\/#article","isPartOf":{"@id":"https:\/\/charleroi-pourlapalestine.be\/index.php\/2025\/01\/21\/a-la-liberation-dabla-saadat-ralliez-la-semaine-daction-pour-la-liberation-d-ahmad-saa-dat-pendant-le-toufan-al-ahrar-deluge-des-gens-libres\/"},"author":{"name":"admin1873","@id":"https:\/\/charleroi-pourlapalestine.be\/#\/schema\/person\/c19ff515112f1299d8c12671d8fe3faa"},"headline":"Abla Sa\u2019adat lib\u00e9r\u00e9e, la semaine d&rsquo;action se poursuit pour la lib\u00e9ration d&rsquo;Ahmad Sa&rsquo;adat pendant le Toufan al-Ahrar","datePublished":"2025-01-21T14:44:04+00:00","dateModified":"2025-01-22T13:09:54+00:00","mainEntityOfPage":{"@id":"https:\/\/charleroi-pourlapalestine.be\/index.php\/2025\/01\/21\/a-la-liberation-dabla-saadat-ralliez-la-semaine-daction-pour-la-liberation-d-ahmad-saa-dat-pendant-le-toufan-al-ahrar-deluge-des-gens-libres\/"},"wordCount":1909,"publisher":{"@id":"https:\/\/charleroi-pourlapalestine.be\/#organization"},"image":{"@id":"https:\/\/charleroi-pourlapalestine.be\/index.php\/2025\/01\/21\/a-la-liberation-dabla-saadat-ralliez-la-semaine-daction-pour-la-liberation-d-ahmad-saa-dat-pendant-le-toufan-al-ahrar-deluge-des-gens-libres\/#primaryimage"},"thumbnailUrl":"https:\/\/charleroi-pourlapalestine.be\/wp-content\/uploads\/2025\/01\/liberte-pour-ahmad-saadat.png","keywords":["Ahmad Sa&#039;adat","Georges Abdallah","La Plateforme"],"articleSection":["Prisonniers","R\u00e9sistance"],"inLanguage":"fr-FR"},{"@type":"WebPage","@id":"https:\/\/charleroi-pourlapalestine.be\/index.php\/2025\/01\/21\/a-la-liberation-dabla-saadat-ralliez-la-semaine-daction-pour-la-liberation-d-ahmad-saa-dat-pendant-le-toufan-al-ahrar-deluge-des-gens-libres\/","url":"https:\/\/charleroi-pourlapalestine.be\/index.php\/2025\/01\/21\/a-la-liberation-dabla-saadat-ralliez-la-semaine-daction-pour-la-liberation-d-ahmad-saa-dat-pendant-le-toufan-al-ahrar-deluge-des-gens-libres\/","name":"Abla Sa\u2019adat lib\u00e9r\u00e9e, la semaine d'action se poursuit pour la lib\u00e9ration d'Ahmad Sa'adat pendant le Toufan al-Ahrar","isPartOf":{"@id":"https:\/\/charleroi-pourlapalestine.be\/#website"},"primaryImageOfPage":{"@id":"https:\/\/charleroi-pourlapalestine.be\/index.php\/2025\/01\/21\/a-la-liberation-dabla-saadat-ralliez-la-semaine-daction-pour-la-liberation-d-ahmad-saa-dat-pendant-le-toufan-al-ahrar-deluge-des-gens-libres\/#primaryimage"},"image":{"@id":"https:\/\/charleroi-pourlapalestine.be\/index.php\/2025\/01\/21\/a-la-liberation-dabla-saadat-ralliez-la-semaine-daction-pour-la-liberation-d-ahmad-saa-dat-pendant-le-toufan-al-ahrar-deluge-des-gens-libres\/#primaryimage"},"thumbnailUrl":"https:\/\/charleroi-pourlapalestine.be\/wp-content\/uploads\/2025\/01\/liberte-pour-ahmad-saadat.png","datePublished":"2025-01-21T14:44:04+00:00","dateModified":"2025-01-22T13:09:54+00:00","description":"Ralliez la semaine d'action pour Ahmad Sa\u2019adat et ses compagnons dirigeants de la R\u00e9sistance comme Marwan Barghouti, Abdullah Barghouti...","breadcrumb":{"@id":"https:\/\/charleroi-pourlapalestine.be\/index.php\/2025\/01\/21\/a-la-liberation-dabla-saadat-ralliez-la-semaine-daction-pour-la-liberation-d-ahmad-saa-dat-pendant-le-toufan-al-ahrar-deluge-des-gens-libres\/#breadcrumb"},"inLanguage":"fr-FR","potentialAction":[{"@type":"ReadAction","target":["https:\/\/charleroi-pourlapalestine.be\/index.php\/2025\/01\/21\/a-la-liberation-dabla-saadat-ralliez-la-semaine-daction-pour-la-liberation-d-ahmad-saa-dat-pendant-le-toufan-al-ahrar-deluge-des-gens-libres\/"]}]},{"@type":"ImageObject","inLanguage":"fr-FR","@id":"https:\/\/charleroi-pourlapalestine.be\/index.php\/2025\/01\/21\/a-la-liberation-dabla-saadat-ralliez-la-semaine-daction-pour-la-liberation-d-ahmad-saa-dat-pendant-le-toufan-al-ahrar-deluge-des-gens-libres\/#primaryimage","url":"https:\/\/charleroi-pourlapalestine.be\/wp-content\/uploads\/2025\/01\/liberte-pour-ahmad-saadat.png","contentUrl":"https:\/\/charleroi-pourlapalestine.be\/wp-content\/uploads\/2025\/01\/liberte-pour-ahmad-saadat.png","width":897,"height":602},{"@type":"BreadcrumbList","@id":"https:\/\/charleroi-pourlapalestine.be\/index.php\/2025\/01\/21\/a-la-liberation-dabla-saadat-ralliez-la-semaine-daction-pour-la-liberation-d-ahmad-saa-dat-pendant-le-toufan-al-ahrar-deluge-des-gens-libres\/#breadcrumb","itemListElement":[{"@type":"ListItem","position":1,"name":"Accueil","item":"https:\/\/charleroi-pourlapalestine.be\/"},{"@type":"ListItem","position":2,"name":"Abla Sa\u2019adat lib\u00e9r\u00e9e, la semaine d&rsquo;action se poursuit pour la lib\u00e9ration d&rsquo;Ahmad Sa&rsquo;adat pendant le Toufan al-Ahrar"}]},{"@type":"WebSite","@id":"https:\/\/charleroi-pourlapalestine.be\/#website","url":"https:\/\/charleroi-pourlapalestine.be\/","name":"Charleroi Pour la Palestine","description":"","publisher":{"@id":"https:\/\/charleroi-pourlapalestine.be\/#organization"},"potentialAction":[{"@type":"SearchAction","target":{"@type":"EntryPoint","urlTemplate":"https:\/\/charleroi-pourlapalestine.be\/?s={search_term_string}"},"query-input":{"@type":"PropertyValueSpecification","valueRequired":true,"valueName":"search_term_string"}}],"inLanguage":"fr-FR"},{"@type":"Organization","@id":"https:\/\/charleroi-pourlapalestine.be\/#organization","name":"Plate-forme Charleroi-Palestine","url":"https:\/\/charleroi-pourlapalestine.be\/","logo":{"@type":"ImageObject","inLanguage":"fr-FR","@id":"https:\/\/charleroi-pourlapalestine.be\/#\/schema\/logo\/image\/","url":"https:\/\/charleroi-pourlapalestine.be\/wp-content\/uploads\/2020\/01\/logo-Copy.jpg","contentUrl":"https:\/\/charleroi-pourlapalestine.be\/wp-content\/uploads\/2020\/01\/logo-Copy.jpg","width":180,"height":180,"caption":"Plate-forme Charleroi-Palestine"},"image":{"@id":"https:\/\/charleroi-pourlapalestine.be\/#\/schema\/logo\/image\/"},"sameAs":["https:\/\/www.facebook.com\/PlateformeCharleroiPalestine\/","https:\/\/x.com\/LaCharleroi"]},{"@type":"Person","@id":"https:\/\/charleroi-pourlapalestine.be\/#\/schema\/person\/c19ff515112f1299d8c12671d8fe3faa","name":"admin1873","url":"https:\/\/charleroi-pourlapalestine.be\/index.php\/author\/admin1873\/"}]}},"_links":{"self":[{"href":"https:\/\/charleroi-pourlapalestine.be\/index.php\/wp-json\/wp\/v2\/posts\/80815","targetHints":{"allow":["GET"]}}],"collection":[{"href":"https:\/\/charleroi-pourlapalestine.be\/index.php\/wp-json\/wp\/v2\/posts"}],"about":[{"href":"https:\/\/charleroi-pourlapalestine.be\/index.php\/wp-json\/wp\/v2\/types\/post"}],"author":[{"embeddable":true,"href":"https:\/\/charleroi-pourlapalestine.be\/index.php\/wp-json\/wp\/v2\/users\/1"}],"replies":[{"embeddable":true,"href":"https:\/\/charleroi-pourlapalestine.be\/index.php\/wp-json\/wp\/v2\/comments?post=80815"}],"version-history":[{"count":0,"href":"https:\/\/charleroi-pourlapalestine.be\/index.php\/wp-json\/wp\/v2\/posts\/80815\/revisions"}],"wp:featuredmedia":[{"embeddable":true,"href":"https:\/\/charleroi-pourlapalestine.be\/index.php\/wp-json\/wp\/v2\/media\/80851"}],"wp:attachment":[{"href":"https:\/\/charleroi-pourlapalestine.be\/index.php\/wp-json\/wp\/v2\/media?parent=80815"}],"wp:term":[{"taxonomy":"category","embeddable":true,"href":"https:\/\/charleroi-pourlapalestine.be\/index.php\/wp-json\/wp\/v2\/categories?post=80815"},{"taxonomy":"post_tag","embeddable":true,"href":"https:\/\/charleroi-pourlapalestine.be\/index.php\/wp-json\/wp\/v2\/tags?post=80815"}],"curies":[{"name":"wp","href":"https:\/\/api.w.org\/{rel}","templated":true}]}}