{"id":80965,"date":"2025-01-23T07:58:33","date_gmt":"2025-01-23T06:58:33","guid":{"rendered":"https:\/\/charleroi-pourlapalestine.be\/?p=80965"},"modified":"2025-01-23T07:58:33","modified_gmt":"2025-01-23T06:58:33","slug":"non-a-la-dissolution-du-collectif-palestine-vaincra","status":"publish","type":"post","link":"https:\/\/charleroi-pourlapalestine.be\/index.php\/2025\/01\/23\/non-a-la-dissolution-du-collectif-palestine-vaincra\/","title":{"rendered":"Non \u00e0 la dissolution du Collectif Palestine Vaincra"},"content":{"rendered":"<p>En f\u00e9vrier 2022, le ministre de l\u2019Int\u00e9rieur G\u00e9rald Darmanin annonce sur Twitter\/X son intention de dissoudre le<em> Collectif Palestine Vaincra<\/em> \u00e0 la demande d\u2019Emmanuel Macron pour<em> \u00ab appel \u00e0 la haine, \u00e0 la violence et \u00e0 la discrimination \u00bb<\/em>.<\/p>\n<p>&nbsp;<\/p>\n<p><img loading=\"lazy\" decoding=\"async\" class=\"alignnone wp-image-80966 size-full\" src=\"https:\/\/charleroi-pourlapalestine.be\/wp-content\/uploads\/2025\/01\/Non-a-la-dissolution-du-CPV.png\" alt=\"Non \u00e0 la discussion du Collectif Palestine Vaincra\" width=\"1028\" height=\"571\" srcset=\"https:\/\/charleroi-pourlapalestine.be\/wp-content\/uploads\/2025\/01\/Non-a-la-dissolution-du-CPV.png 1028w, https:\/\/charleroi-pourlapalestine.be\/wp-content\/uploads\/2025\/01\/Non-a-la-dissolution-du-CPV-300x167.png 300w, https:\/\/charleroi-pourlapalestine.be\/wp-content\/uploads\/2025\/01\/Non-a-la-dissolution-du-CPV-1024x569.png 1024w, https:\/\/charleroi-pourlapalestine.be\/wp-content\/uploads\/2025\/01\/Non-a-la-dissolution-du-CPV-768x427.png 768w\" sizes=\"auto, (max-width: 1028px) 100vw, 1028px\" \/><\/p>\n<p>&nbsp;<\/p>\n<p>Le 9 mars, le d\u00e9cret de dissolution est adopt\u00e9 en Conseil des Ministres et publi\u00e9 le lendemain au Journal Officiel. Face \u00e0 cette gravissime attaque contre la libert\u00e9 d\u2019association, le <strong>Collectif Palestine Vaincra<\/strong> d\u00e9pose un <a href=\"https:\/\/charleroi-pourlapalestine.be\/index.php\/2022\/04\/28\/audience-devant-le-conseil-detat-contre-la-dissolution-du-collectif-palestine-vaincra\/\">recours<\/a> devant le Conseil d\u2019\u00c9tat.<\/p>\n<p>Saisi en urgence, le juge des r\u00e9f\u00e9r\u00e9s d\u00e9cide de suspendre le d\u00e9cret le 29 avril 2022 consid\u00e9rant que nos prises de positions ne constituaient pas <em>\u00ab un appel \u00e0 la discrimination, \u00e0 la haine ou \u00e0 la violence ou des agissements en vue de provoquer des actes de terrorisme. \u00bb<\/em><\/p>\n<p>Apr\u00e8s plus de 2 ans et demi d\u2019attente, l\u2019audience au fond du d\u00e9cret de dissolution du Collectif Palestine Vaincra se tiendra au Conseil d\u2019\u00c9tat ce <strong>lundi 27 janvier 2025<\/strong>.<\/p>\n<p>La d\u00e9cision sera rendue dans un d\u00e9lai de 2 \u00e0 3 semaines. Nous esp\u00e9rons \u00e9videmment, \u00e0 l\u2019issue du d\u00e9lib\u00e9r\u00e9 de cette nouvelle audience, que les juges du Conseil d\u2019\u00c9tat confirment les arguments de fond et sans ambigu\u00eft\u00e9s qui les ont amen\u00e9s \u00e0 suspendre la dissolution.<\/p>\n<p>Alors que la solidarit\u00e9 avec la Palestine est plus que jamais n\u00e9cessaire, cette menace de dissolution concerne l\u2019ensemble des organisations et personnes d\u00e9fendant les droits les plus \u00e9l\u00e9mentaires d\u2019association et d\u2019expression. Face \u00e0 cette situation, le <em>Collectif Palestine Vaincra<\/em> appelle \u00e0 faire front et \u00e0 se mobiliser contre cette dissolution, notamment <a href=\"https:\/\/www.change.org\/p\/non-%C3%A0-la-dissolution-du-collectif-palestine-vaincra\">en relayant la p\u00e9tition<\/a>, en publiant des communiqu\u00e9s et <a href=\"https:\/\/palestinevaincra.com\/wp-content\/uploads\/2025\/01\/affiche-dissolution.pdf\">en prenant des photos de soutien<\/a>, mais aussi en organisant des actions de solidarit\u00e9.<\/p>\n<p>&nbsp;<\/p>\n<p><em>Collectif Palestine Vaincra, 22 janvier 2025<\/em><br><em><a href=\"mailto:collectifpalestinevaincra@gmail.com\">collectifpalestinevaincra@gmail.com<\/a><\/em><\/p>\n<p style=\"text-align: center;\">*****<\/p>\n<p>Publi\u00e9 <a href=\"https:\/\/palestinevaincra.com\/2025\/01\/laudience-du-recours-contre-la-dissolution-du-collectif-palestine-vaincra-aura-lieu-le-27-janvier\/\" target=\"_blank\" rel=\"noopener\">sur le site<\/a> du <strong>Collectif Palestine Vaincre<\/strong> le 22 janvier 2025<\/p>\n<p>&nbsp;<\/p>\n<p>&nbsp;<\/p>\n<p>&nbsp;<\/p>\n\n\n<p><\/p>\n","protected":false},"excerpt":{"rendered":"<p>Mobilisons-nous contre cette dissolution  notamment en relayant la p\u00e9tition, en publiant des communiqu\u00e9s et en prenant des photos de soutien, mais aussi en organisant des actions de solidarit\u00e9.<\/p>\n","protected":false},"author":1,"featured_media":80966,"comment_status":"closed","ping_status":"closed","sticky":false,"template":"","format":"standard","meta":{"ngg_post_thumbnail":0,"footnotes":""},"categories":[136,358],"tags":[],"class_list":["post-80965","post","type-post","status-publish","format-standard","has-post-thumbnail","hentry","category-france","category-repression"],"yoast_head":"<!-- This site is optimized with the Yoast SEO plugin v27.3 - https:\/\/yoast.com\/product\/yoast-seo-wordpress\/ -->\n<title>Non \u00e0 la dissolution du Collectif Palestine Vaincra<\/title>\n<meta name=\"description\" content=\"Mobilisons-nous contre la dissolution du Collectif Palestine Vaincra en relayant la p\u00e9tition, et en organisant des actions\" \/>\n<meta name=\"robots\" content=\"index, follow, max-snippet:-1, max-image-preview:large, max-video-preview:-1\" \/>\n<link rel=\"canonical\" href=\"https:\/\/charleroi-pourlapalestine.be\/index.php\/2025\/01\/23\/non-a-la-dissolution-du-collectif-palestine-vaincra\/\" \/>\n<script type=\"application\/ld+json\" class=\"yoast-schema-graph\">{\"@context\":\"https:\\\/\\\/schema.org\",\"@graph\":[{\"@type\":\"Article\",\"@id\":\"https:\\\/\\\/charleroi-pourlapalestine.be\\\/index.php\\\/2025\\\/01\\\/23\\\/non-a-la-dissolution-du-collectif-palestine-vaincra\\\/#article\",\"isPartOf\":{\"@id\":\"https:\\\/\\\/charleroi-pourlapalestine.be\\\/index.php\\\/2025\\\/01\\\/23\\\/non-a-la-dissolution-du-collectif-palestine-vaincra\\\/\"},\"author\":{\"name\":\"admin1873\",\"@id\":\"https:\\\/\\\/charleroi-pourlapalestine.be\\\/#\\\/schema\\\/person\\\/c19ff515112f1299d8c12671d8fe3faa\"},\"headline\":\"Non \u00e0 la dissolution du Collectif Palestine Vaincra\",\"datePublished\":\"2025-01-23T06:58:33+00:00\",\"mainEntityOfPage\":{\"@id\":\"https:\\\/\\\/charleroi-pourlapalestine.be\\\/index.php\\\/2025\\\/01\\\/23\\\/non-a-la-dissolution-du-collectif-palestine-vaincra\\\/\"},\"wordCount\":319,\"publisher\":{\"@id\":\"https:\\\/\\\/charleroi-pourlapalestine.be\\\/#organization\"},\"image\":{\"@id\":\"https:\\\/\\\/charleroi-pourlapalestine.be\\\/index.php\\\/2025\\\/01\\\/23\\\/non-a-la-dissolution-du-collectif-palestine-vaincra\\\/#primaryimage\"},\"thumbnailUrl\":\"https:\\\/\\\/charleroi-pourlapalestine.be\\\/wp-content\\\/uploads\\\/2025\\\/01\\\/Non-a-la-dissolution-du-CPV.png\",\"articleSection\":[\"France\",\"R\u00e9pression\"],\"inLanguage\":\"fr-FR\"},{\"@type\":\"WebPage\",\"@id\":\"https:\\\/\\\/charleroi-pourlapalestine.be\\\/index.php\\\/2025\\\/01\\\/23\\\/non-a-la-dissolution-du-collectif-palestine-vaincra\\\/\",\"url\":\"https:\\\/\\\/charleroi-pourlapalestine.be\\\/index.php\\\/2025\\\/01\\\/23\\\/non-a-la-dissolution-du-collectif-palestine-vaincra\\\/\",\"name\":\"Non \u00e0 la dissolution du Collectif Palestine Vaincra\",\"isPartOf\":{\"@id\":\"https:\\\/\\\/charleroi-pourlapalestine.be\\\/#website\"},\"primaryImageOfPage\":{\"@id\":\"https:\\\/\\\/charleroi-pourlapalestine.be\\\/index.php\\\/2025\\\/01\\\/23\\\/non-a-la-dissolution-du-collectif-palestine-vaincra\\\/#primaryimage\"},\"image\":{\"@id\":\"https:\\\/\\\/charleroi-pourlapalestine.be\\\/index.php\\\/2025\\\/01\\\/23\\\/non-a-la-dissolution-du-collectif-palestine-vaincra\\\/#primaryimage\"},\"thumbnailUrl\":\"https:\\\/\\\/charleroi-pourlapalestine.be\\\/wp-content\\\/uploads\\\/2025\\\/01\\\/Non-a-la-dissolution-du-CPV.png\",\"datePublished\":\"2025-01-23T06:58:33+00:00\",\"description\":\"Mobilisons-nous contre la dissolution du Collectif Palestine Vaincra en relayant la p\u00e9tition, et en organisant des actions\",\"breadcrumb\":{\"@id\":\"https:\\\/\\\/charleroi-pourlapalestine.be\\\/index.php\\\/2025\\\/01\\\/23\\\/non-a-la-dissolution-du-collectif-palestine-vaincra\\\/#breadcrumb\"},\"inLanguage\":\"fr-FR\",\"potentialAction\":[{\"@type\":\"ReadAction\",\"target\":[\"https:\\\/\\\/charleroi-pourlapalestine.be\\\/index.php\\\/2025\\\/01\\\/23\\\/non-a-la-dissolution-du-collectif-palestine-vaincra\\\/\"]}]},{\"@type\":\"ImageObject\",\"inLanguage\":\"fr-FR\",\"@id\":\"https:\\\/\\\/charleroi-pourlapalestine.be\\\/index.php\\\/2025\\\/01\\\/23\\\/non-a-la-dissolution-du-collectif-palestine-vaincra\\\/#primaryimage\",\"url\":\"https:\\\/\\\/charleroi-pourlapalestine.be\\\/wp-content\\\/uploads\\\/2025\\\/01\\\/Non-a-la-dissolution-du-CPV.png\",\"contentUrl\":\"https:\\\/\\\/charleroi-pourlapalestine.be\\\/wp-content\\\/uploads\\\/2025\\\/01\\\/Non-a-la-dissolution-du-CPV.png\",\"width\":1028,\"height\":571},{\"@type\":\"BreadcrumbList\",\"@id\":\"https:\\\/\\\/charleroi-pourlapalestine.be\\\/index.php\\\/2025\\\/01\\\/23\\\/non-a-la-dissolution-du-collectif-palestine-vaincra\\\/#breadcrumb\",\"itemListElement\":[{\"@type\":\"ListItem\",\"position\":1,\"name\":\"Accueil\",\"item\":\"https:\\\/\\\/charleroi-pourlapalestine.be\\\/\"},{\"@type\":\"ListItem\",\"position\":2,\"name\":\"Non \u00e0 la dissolution du Collectif Palestine Vaincra\"}]},{\"@type\":\"WebSite\",\"@id\":\"https:\\\/\\\/charleroi-pourlapalestine.be\\\/#website\",\"url\":\"https:\\\/\\\/charleroi-pourlapalestine.be\\\/\",\"name\":\"Charleroi Pour la Palestine\",\"description\":\"\",\"publisher\":{\"@id\":\"https:\\\/\\\/charleroi-pourlapalestine.be\\\/#organization\"},\"potentialAction\":[{\"@type\":\"SearchAction\",\"target\":{\"@type\":\"EntryPoint\",\"urlTemplate\":\"https:\\\/\\\/charleroi-pourlapalestine.be\\\/?s={search_term_string}\"},\"query-input\":{\"@type\":\"PropertyValueSpecification\",\"valueRequired\":true,\"valueName\":\"search_term_string\"}}],\"inLanguage\":\"fr-FR\"},{\"@type\":\"Organization\",\"@id\":\"https:\\\/\\\/charleroi-pourlapalestine.be\\\/#organization\",\"name\":\"Plate-forme Charleroi-Palestine\",\"url\":\"https:\\\/\\\/charleroi-pourlapalestine.be\\\/\",\"logo\":{\"@type\":\"ImageObject\",\"inLanguage\":\"fr-FR\",\"@id\":\"https:\\\/\\\/charleroi-pourlapalestine.be\\\/#\\\/schema\\\/logo\\\/image\\\/\",\"url\":\"https:\\\/\\\/charleroi-pourlapalestine.be\\\/wp-content\\\/uploads\\\/2020\\\/01\\\/logo-Copy.jpg\",\"contentUrl\":\"https:\\\/\\\/charleroi-pourlapalestine.be\\\/wp-content\\\/uploads\\\/2020\\\/01\\\/logo-Copy.jpg\",\"width\":180,\"height\":180,\"caption\":\"Plate-forme Charleroi-Palestine\"},\"image\":{\"@id\":\"https:\\\/\\\/charleroi-pourlapalestine.be\\\/#\\\/schema\\\/logo\\\/image\\\/\"},\"sameAs\":[\"https:\\\/\\\/www.facebook.com\\\/PlateformeCharleroiPalestine\\\/\",\"https:\\\/\\\/x.com\\\/LaCharleroi\"]},{\"@type\":\"Person\",\"@id\":\"https:\\\/\\\/charleroi-pourlapalestine.be\\\/#\\\/schema\\\/person\\\/c19ff515112f1299d8c12671d8fe3faa\",\"name\":\"admin1873\",\"url\":\"https:\\\/\\\/charleroi-pourlapalestine.be\\\/index.php\\\/author\\\/admin1873\\\/\"}]}<\/script>\n<!-- \/ Yoast SEO plugin. -->","yoast_head_json":{"title":"Non \u00e0 la dissolution du Collectif Palestine Vaincra","description":"Mobilisons-nous contre la dissolution du Collectif Palestine Vaincra en relayant la p\u00e9tition, et en organisant des actions","robots":{"index":"index","follow":"follow","max-snippet":"max-snippet:-1","max-image-preview":"max-image-preview:large","max-video-preview":"max-video-preview:-1"},"canonical":"https:\/\/charleroi-pourlapalestine.be\/index.php\/2025\/01\/23\/non-a-la-dissolution-du-collectif-palestine-vaincra\/","schema":{"@context":"https:\/\/schema.org","@graph":[{"@type":"Article","@id":"https:\/\/charleroi-pourlapalestine.be\/index.php\/2025\/01\/23\/non-a-la-dissolution-du-collectif-palestine-vaincra\/#article","isPartOf":{"@id":"https:\/\/charleroi-pourlapalestine.be\/index.php\/2025\/01\/23\/non-a-la-dissolution-du-collectif-palestine-vaincra\/"},"author":{"name":"admin1873","@id":"https:\/\/charleroi-pourlapalestine.be\/#\/schema\/person\/c19ff515112f1299d8c12671d8fe3faa"},"headline":"Non \u00e0 la dissolution du Collectif Palestine Vaincra","datePublished":"2025-01-23T06:58:33+00:00","mainEntityOfPage":{"@id":"https:\/\/charleroi-pourlapalestine.be\/index.php\/2025\/01\/23\/non-a-la-dissolution-du-collectif-palestine-vaincra\/"},"wordCount":319,"publisher":{"@id":"https:\/\/charleroi-pourlapalestine.be\/#organization"},"image":{"@id":"https:\/\/charleroi-pourlapalestine.be\/index.php\/2025\/01\/23\/non-a-la-dissolution-du-collectif-palestine-vaincra\/#primaryimage"},"thumbnailUrl":"https:\/\/charleroi-pourlapalestine.be\/wp-content\/uploads\/2025\/01\/Non-a-la-dissolution-du-CPV.png","articleSection":["France","R\u00e9pression"],"inLanguage":"fr-FR"},{"@type":"WebPage","@id":"https:\/\/charleroi-pourlapalestine.be\/index.php\/2025\/01\/23\/non-a-la-dissolution-du-collectif-palestine-vaincra\/","url":"https:\/\/charleroi-pourlapalestine.be\/index.php\/2025\/01\/23\/non-a-la-dissolution-du-collectif-palestine-vaincra\/","name":"Non \u00e0 la dissolution du Collectif Palestine Vaincra","isPartOf":{"@id":"https:\/\/charleroi-pourlapalestine.be\/#website"},"primaryImageOfPage":{"@id":"https:\/\/charleroi-pourlapalestine.be\/index.php\/2025\/01\/23\/non-a-la-dissolution-du-collectif-palestine-vaincra\/#primaryimage"},"image":{"@id":"https:\/\/charleroi-pourlapalestine.be\/index.php\/2025\/01\/23\/non-a-la-dissolution-du-collectif-palestine-vaincra\/#primaryimage"},"thumbnailUrl":"https:\/\/charleroi-pourlapalestine.be\/wp-content\/uploads\/2025\/01\/Non-a-la-dissolution-du-CPV.png","datePublished":"2025-01-23T06:58:33+00:00","description":"Mobilisons-nous contre la dissolution du Collectif Palestine Vaincra en relayant la p\u00e9tition, et en organisant des actions","breadcrumb":{"@id":"https:\/\/charleroi-pourlapalestine.be\/index.php\/2025\/01\/23\/non-a-la-dissolution-du-collectif-palestine-vaincra\/#breadcrumb"},"inLanguage":"fr-FR","potentialAction":[{"@type":"ReadAction","target":["https:\/\/charleroi-pourlapalestine.be\/index.php\/2025\/01\/23\/non-a-la-dissolution-du-collectif-palestine-vaincra\/"]}]},{"@type":"ImageObject","inLanguage":"fr-FR","@id":"https:\/\/charleroi-pourlapalestine.be\/index.php\/2025\/01\/23\/non-a-la-dissolution-du-collectif-palestine-vaincra\/#primaryimage","url":"https:\/\/charleroi-pourlapalestine.be\/wp-content\/uploads\/2025\/01\/Non-a-la-dissolution-du-CPV.png","contentUrl":"https:\/\/charleroi-pourlapalestine.be\/wp-content\/uploads\/2025\/01\/Non-a-la-dissolution-du-CPV.png","width":1028,"height":571},{"@type":"BreadcrumbList","@id":"https:\/\/charleroi-pourlapalestine.be\/index.php\/2025\/01\/23\/non-a-la-dissolution-du-collectif-palestine-vaincra\/#breadcrumb","itemListElement":[{"@type":"ListItem","position":1,"name":"Accueil","item":"https:\/\/charleroi-pourlapalestine.be\/"},{"@type":"ListItem","position":2,"name":"Non \u00e0 la dissolution du Collectif Palestine Vaincra"}]},{"@type":"WebSite","@id":"https:\/\/charleroi-pourlapalestine.be\/#website","url":"https:\/\/charleroi-pourlapalestine.be\/","name":"Charleroi Pour la Palestine","description":"","publisher":{"@id":"https:\/\/charleroi-pourlapalestine.be\/#organization"},"potentialAction":[{"@type":"SearchAction","target":{"@type":"EntryPoint","urlTemplate":"https:\/\/charleroi-pourlapalestine.be\/?s={search_term_string}"},"query-input":{"@type":"PropertyValueSpecification","valueRequired":true,"valueName":"search_term_string"}}],"inLanguage":"fr-FR"},{"@type":"Organization","@id":"https:\/\/charleroi-pourlapalestine.be\/#organization","name":"Plate-forme Charleroi-Palestine","url":"https:\/\/charleroi-pourlapalestine.be\/","logo":{"@type":"ImageObject","inLanguage":"fr-FR","@id":"https:\/\/charleroi-pourlapalestine.be\/#\/schema\/logo\/image\/","url":"https:\/\/charleroi-pourlapalestine.be\/wp-content\/uploads\/2020\/01\/logo-Copy.jpg","contentUrl":"https:\/\/charleroi-pourlapalestine.be\/wp-content\/uploads\/2020\/01\/logo-Copy.jpg","width":180,"height":180,"caption":"Plate-forme Charleroi-Palestine"},"image":{"@id":"https:\/\/charleroi-pourlapalestine.be\/#\/schema\/logo\/image\/"},"sameAs":["https:\/\/www.facebook.com\/PlateformeCharleroiPalestine\/","https:\/\/x.com\/LaCharleroi"]},{"@type":"Person","@id":"https:\/\/charleroi-pourlapalestine.be\/#\/schema\/person\/c19ff515112f1299d8c12671d8fe3faa","name":"admin1873","url":"https:\/\/charleroi-pourlapalestine.be\/index.php\/author\/admin1873\/"}]}},"_links":{"self":[{"href":"https:\/\/charleroi-pourlapalestine.be\/index.php\/wp-json\/wp\/v2\/posts\/80965","targetHints":{"allow":["GET"]}}],"collection":[{"href":"https:\/\/charleroi-pourlapalestine.be\/index.php\/wp-json\/wp\/v2\/posts"}],"about":[{"href":"https:\/\/charleroi-pourlapalestine.be\/index.php\/wp-json\/wp\/v2\/types\/post"}],"author":[{"embeddable":true,"href":"https:\/\/charleroi-pourlapalestine.be\/index.php\/wp-json\/wp\/v2\/users\/1"}],"replies":[{"embeddable":true,"href":"https:\/\/charleroi-pourlapalestine.be\/index.php\/wp-json\/wp\/v2\/comments?post=80965"}],"version-history":[{"count":0,"href":"https:\/\/charleroi-pourlapalestine.be\/index.php\/wp-json\/wp\/v2\/posts\/80965\/revisions"}],"wp:featuredmedia":[{"embeddable":true,"href":"https:\/\/charleroi-pourlapalestine.be\/index.php\/wp-json\/wp\/v2\/media\/80966"}],"wp:attachment":[{"href":"https:\/\/charleroi-pourlapalestine.be\/index.php\/wp-json\/wp\/v2\/media?parent=80965"}],"wp:term":[{"taxonomy":"category","embeddable":true,"href":"https:\/\/charleroi-pourlapalestine.be\/index.php\/wp-json\/wp\/v2\/categories?post=80965"},{"taxonomy":"post_tag","embeddable":true,"href":"https:\/\/charleroi-pourlapalestine.be\/index.php\/wp-json\/wp\/v2\/tags?post=80965"}],"curies":[{"name":"wp","href":"https:\/\/api.w.org\/{rel}","templated":true}]}}