{"id":81026,"date":"2025-01-26T08:49:13","date_gmt":"2025-01-26T07:49:13","guid":{"rendered":"https:\/\/charleroi-pourlapalestine.be\/?p=81026"},"modified":"2025-01-30T03:03:57","modified_gmt":"2025-01-30T02:03:57","slug":"ali-abunimah-ei-arrete-en-suisse","status":"publish","type":"post","link":"https:\/\/charleroi-pourlapalestine.be\/index.php\/2025\/01\/26\/ali-abunimah-ei-arrete-en-suisse\/","title":{"rendered":"Ali Abunimah (EI) arr\u00eat\u00e9 en Suisse"},"content":{"rendered":"<p><span style=\"font-size: medium;\"><strong>Ali Abunimah,<\/strong> directeur ex\u00e9cutif de <strong><i>The Electronic Intifada<\/i><\/strong>, a \u00e9t\u00e9 arr\u00eat\u00e9 par la police suisse juste avant une conf\u00e9rence \u00e0 laquelle il devait participer samedi apr\u00e8s-midi, \u00e0 Zurich. <\/span><\/p>\n<p>&nbsp;<\/p>\n<p><img loading=\"lazy\" decoding=\"async\" class=\"aligncenter wp-image-81028 size-full\" src=\"https:\/\/charleroi-pourlapalestine.be\/wp-content\/uploads\/2025\/01\/Ali-Abunimah.png\" alt=\"Ali Abunimah\" width=\"800\" height=\"450\" srcset=\"https:\/\/charleroi-pourlapalestine.be\/wp-content\/uploads\/2025\/01\/Ali-Abunimah.png 800w, https:\/\/charleroi-pourlapalestine.be\/wp-content\/uploads\/2025\/01\/Ali-Abunimah-300x169.png 300w, https:\/\/charleroi-pourlapalestine.be\/wp-content\/uploads\/2025\/01\/Ali-Abunimah-768x432.png 768w\" sizes=\"auto, (max-width: 800px) 100vw, 800px\" \/><\/p>\n<p lang=\"fr-BE\" align=\"JUSTIFY\"><span style=\"font-size: medium;\"><br>Il est actuellement d\u00e9tenu et a eu acc\u00e8s \u00e0 un conseiller juridique. <\/span><\/p>\n<p lang=\"fr-BE\" align=\"JUSTIFY\"><span style=\"font-size: medium;\">L&rsquo;arrestation a eu lieu le lendemain de l&rsquo;arriv\u00e9e d&rsquo;Ali Abunimah \u00e0 Zurich. <\/span><\/p>\n<p lang=\"fr-BE\" align=\"JUSTIFY\"><span style=\"font-size: medium;\">Lors de son d\u00e9barquement \u00e0 l&rsquo;a\u00e9roport de Zurich, vendredi, Ali a \u00e9t\u00e9 interrog\u00e9 par la police pendant une heure avant de pouvoir entrer dans le pays.<\/span><\/p>\n<p lang=\"fr-BE\" align=\"JUSTIFY\"><span style=\"font-size: medium;\">L&rsquo;arrestation d&rsquo;Ali Abunimah fait manifestement partie d&rsquo;une r\u00e9action croissante des gouvernements occidentaux aux expressions de solidarit\u00e9 avec le peuple palestinien. <\/span><\/p>\n<p align=\"JUSTIFY\"><span style=\"font-size: medium;\"><span lang=\"fr-BE\">L&rsquo;an dernier, plusieurs activistes et journalistes ont \u00e9t\u00e9 arr\u00eat\u00e9s en Grande-Bretagne, ont subi des perquisitions ou ont \u00e9t\u00e9 accus\u00e9s via le recours \u00e0 des pouvoirs <em>\u00ab antiterroristes \u00bb.<\/em> Parmi ces personnes figurait <strong>Asa Winstanley<\/strong>, un journaliste associ\u00e9 \u00e0 <\/span><\/span><span style=\"font-size: medium;\"><span lang=\"fr-BE\"><i>The Electronic Intifada<\/i><\/span><\/span><span style=\"font-size: medium;\"><span lang=\"fr-BE\">, dont l<a href=\"https:\/\/charleroi-pourlapalestine.be\/index.php\/2024\/10\/19\/la-police-britannique-saisit-le-materiel-electronique-du-journaliste-asa-winstanley-lors-dun-raid\/\">e domicile a \u00e9t\u00e9 perquisitionn\u00e9<\/a> et les ordinateurs et t\u00e9l\u00e9phones saisis. <\/span><\/span><span style=\"font-family: Times New Roman, serif;\"><span style=\"font-size: medium;\"><span lang=\"fr-BE\">\u00c0<\/span><\/span><\/span><span style=\"font-family: Times New Roman, serif;\"><span style=\"font-size: medium;\"><span lang=\"fr-BE\"> ce jour, Asa <\/span><\/span><\/span><span style=\"font-size: medium;\"><span lang=\"fr-BE\">Winstanley n&rsquo;a toujours pas \u00e9t\u00e9 accus\u00e9 du moindre d\u00e9lit. <\/span><\/span><\/p>\n<p lang=\"fr-BE\" align=\"JUSTIFY\"><span style=\"font-size: medium;\">L&rsquo;\u00e9quipe de <i>The Electronic Intifada<\/i> manifeste sa solidarit\u00e9 avec Ali Abunimah. S&rsquo;exprimer contre l&rsquo;injustice en Palestine n&rsquo;est pas un d\u00e9lit. Le journalisme n&rsquo;est pas un d\u00e9lit. <\/span><\/p>\n<p style=\"text-align: center;\">*****<\/p>\n<p>Publi\u00e9 le 25 janvier 2025 sur <a href=\"https:\/\/electronicintifada.net\/content\/eis-ali-abunimah-arrested-switzerland\/50333\" target=\"_blank\" rel=\"noopener\">The Electronic Intifada<\/a><br>Traduction : Jean-Marie Fl\u00e9mal, <a href=\"https:\/\/charleroi-pourlapalestine.be\/\">Charleroi pour la Palestine<\/a><\/p>\n<p style=\"text-align: center;\">*****<\/p>\n<h3>Mise \u00e0 jour au 27 janvier<\/h3>\n<p>&nbsp;<\/p>\n<p>Lundi, apr\u00e8s avoir pass\u00e9 deux nuits en prison, le directeur ex\u00e9cutif de<em> The Electronic Intifada,<\/em> Ali Abunimah, a \u00e9t\u00e9 d\u00e9port\u00e9 par la Suisse.<\/p>\n<p><strong>Ali Abunimah<\/strong> a d\u00e9crit son exp\u00e9rience dans une d\u00e9claration qu&rsquo;il a faite lors de son arriv\u00e9e \u00e0 l&rsquo;a\u00e9roport d&rsquo;Istanbul, lundi soir. Il a expliqu\u00e9 qu&rsquo;il avait \u00e9t\u00e9<\/p>\n<blockquote>\n<p>\u00ab coup\u00e9 de toute communication avec le monde ext\u00e9rieur \u00bb, et qu&rsquo;on ne lui avait \u00ab m\u00eame pas permis de contacter sa famille \u00bb.<\/p>\n<\/blockquote>\n<p>Il a d\u00e9clar\u00e9 que la police l&rsquo;avait accus\u00e9 <em>\u00ab d&rsquo;infraction au droit suisse \u00bb<\/em> mais, en fait, on ne lui a pas pr\u00e9sent\u00e9 le moindre acte d&rsquo;accusation. Abunimah a ajout\u00e9 qu&rsquo;il avait \u00e9t\u00e9 interrog\u00e9<\/p>\n<blockquote>\n<p>\u00ab par des agents de renseignement du minist\u00e8re suisse de la D\u00e9fense, sans la pr\u00e9sence de son avocate, et qu&rsquo;on lui avait ensuite refus\u00e9 une fois de plus tout contact avec cette derni\u00e8re ou avec sa famille \u00bb.<\/p>\n<\/blockquote>\n<p>Abunimah a refus\u00e9 toute nourriture et n&rsquo;a accept\u00e9 que de l&rsquo;eau, durant sa d\u00e9tention, jusqu&rsquo;au moment o\u00f9 il a \u00e9t\u00e9 inform\u00e9 qu&rsquo;il allait rentrer chez lui.<\/p>\n<p>Il a oppos\u00e9 ses mauvais traitements de la part des autorit\u00e9s suisses \u00e0 l&rsquo;accueil r\u00e9serv\u00e9 au pr\u00e9sident isra\u00e9lien Isaac Herzog qui, <em>\u00ab \u00e0 Davos, a \u00e9t\u00e9 re\u00e7u avec un tapis rouge, un tapis d\u00e9tremp\u00e9 du sang \u00bb<\/em> des Palestiniens tu\u00e9s au cours du g\u00e9nocide perp\u00e9tr\u00e9 par Isra\u00ebl \u00e0 Gaza.<\/p>\n<blockquote>\n<p>\u00ab Cette \u00e9preuve a dur\u00e9 trois jours mais ce simple aper\u00e7u de la prison a \u00e9t\u00e9 plus que suffisant pour susciter en moi plus de respect encore pour les h\u00e9ros palestiniens qui souffrent durant des mois et des ann\u00e9es dans les prisons de l&rsquo;oppresseur g\u00e9nocidaire \u00bb,<\/p>\n<\/blockquote>\n<p>a-t-il dit.<\/p>\n<blockquote>\n<p>\u00ab Plus que jamais, je sais que la dette que nous avons envers eux est de celles que nous ne pourrons jamais rembourser et que tous, ils doivent \u00eatre lib\u00e9r\u00e9s et rester notre principal centre d&rsquo;int\u00e9r\u00eat. \u00bb<\/p>\n<\/blockquote>\n<p>Abunimah a d\u00e9clar\u00e9 que, lorsqu&rsquo;il \u00e9tait en d\u00e9tention, il n&rsquo;avait pas \u00e9t\u00e9 au courant de l&rsquo;\u00e9lan mondial d&rsquo;indignation et de solidarit\u00e9 qu&rsquo;avait suscit\u00e9 son arrestation.<\/p>\n<blockquote>\n<p>\u00ab Je suis profond\u00e9ment reconnaissant envers toutes les personnes qui m&rsquo;ont d\u00e9fendu \u00bb,<\/p>\n<\/blockquote>\n<p>a-t-il ajout\u00e9.<\/p>\n<p>&nbsp;<\/p>\n<h3>Arr\u00eat\u00e9 brutalement par des policiers en civil<\/h3>\n<p>Abunimah a \u00e9t\u00e9 arr\u00eat\u00e9 samedi, un peu avant une conf\u00e9rence \u00e0 laquelle il devait participer \u00e0 Zurich.<\/p>\n<p>Il \u00e9tait arriv\u00e9 en Suisse la veille pour une s\u00e9rie d&rsquo;\u00e9v\u00e9nements auxquels les organisateurs l&rsquo;avaient invit\u00e9. Lorsqu&rsquo;il \u00e9tait arriv\u00e9 \u00e0 l&rsquo;a\u00e9roport de Zurich, vendredi, Abunimah avait d\u00e9j\u00e0 \u00e9t\u00e9 interrog\u00e9 par la police une heure durant avant d&rsquo;\u00eatre autoris\u00e9 \u00e0 entrer dans le pays.<\/p>\n<p>Des t\u00e9moins ont dit que trois policiers en civil avaient brutalement arr\u00eat\u00e9 Ali Abunimah samedi et l&rsquo;avaient forc\u00e9 \u00e0 monter \u00e0 bord d&rsquo;un v\u00e9hicule banalis\u00e9, sans lui r\u00e9v\u00e9ler o\u00f9 il allait \u00eatre emmen\u00e9.<\/p>\n<p>L&rsquo;arrestation d&rsquo;Abunimah fait manifestement partie d&rsquo;une r\u00e9action croissante des gouvernements occidentaux aux expressions de solidarit\u00e9 avec le peuple palestinien.<\/p>\n<p>L&rsquo;an dernier, plusieurs activistes et journalistes avaient \u00e9t\u00e9 arr\u00eat\u00e9s en Grande-Bretagne, avaient subi des perquisitions ou avaient \u00e9t\u00e9 accus\u00e9s via le recours \u00e0 des pouvoirs <em>\u00ab antiterroristes \u00bb.<\/em><\/p>\n<p>Parmi ces personnes figurait <strong>Asa Winstanley<\/strong>, un journaliste associ\u00e9 \u00e0 The Electronic Intifada, dont le domicile avait \u00e9t\u00e9 perquisitionn\u00e9 et les ordinateurs et t\u00e9l\u00e9phones saisis. \u00c0 ce jour, Asa Winstanley n&rsquo;a toujours pas \u00e9t\u00e9 accus\u00e9 du moindre d\u00e9lit. Le raid dont il avait \u00e9t\u00e9 victime avait \u00e9t\u00e9 condamn\u00e9 par le <em>Comit\u00e9 de protection des journalistes et par l&rsquo;Union des journalistes de Grande-Bretagne.<\/em><\/p>\n<p>L&rsquo;arrestation par la Suisse d&rsquo;Abunimah a \u00e9t\u00e9 condamn\u00e9e mondialement. Une p\u00e9tition r\u00e9clamant sa lib\u00e9ration a \u00e9t\u00e9 lanc\u00e9e samedi et a \u00e9t\u00e9 sign\u00e9e par plus de 15 000 personnes au moment de la r\u00e9daction de la pr\u00e9sente mise \u00e0 jour.<\/p>\n<p>&nbsp;<\/p>\n<h3>\u00ab Une \u00e9volution dangereuse \u00bb<\/h3>\n<p>Deux experts des droits humains des Nations unies ont condamn\u00e9 l&rsquo;arrestation d&rsquo;Abunimah par les autorit\u00e9s suisses.<\/p>\n<p><strong>Irene Khan<\/strong>, la rapporteuse sp\u00e9ciale des Nations unies \u00e0 propos de la libert\u00e9 d&rsquo;opinion et d&rsquo;expression, a qualifi\u00e9 l&rsquo;affaire d&rsquo;<em>\u00ab information choquante \u00bb<\/em> et a invit\u00e9 la Suisse <em>\u00ab \u00e0 enqu\u00eater rapidement et \u00e0 lib\u00e9rer \u00bb<\/em> Ali Abunimah.<\/p>\n<p><strong>Francesca Albanese,<\/strong> la rapporteuse sp\u00e9ciale de l&rsquo;ONU pour la Cisjordanie et la bande de Gaza, a r\u00e9clam\u00e9 <em>\u00ab une enqu\u00eate rapide autour de cette affaire \u00bb.<\/em> Elle a d\u00e9clar\u00e9 que<\/p>\n<blockquote>\n<p>\u00ab le climat entourant la libert\u00e9 de parole en Europe devenait de plus en plus toxique et nous devrions tous nous en inqui\u00e9ter. \u00bb<\/p>\n<\/blockquote>\n<p>Le bureau europ\u00e9en d&rsquo;<strong>Amnesty International<\/strong> a d\u00e9clar\u00e9 qu&rsquo;il suivait de pr\u00e8s le cas d&rsquo;Abunimah.<\/p>\n<blockquote>\n<p>\u00ab La r\u00e9pression au niveau mondial des personnes qui se montrent critiques envers les violations par Isra\u00ebl des droits humains des Palestiniens est alarmante et doit cesser imm\u00e9diatement \u00bb,<\/p>\n<\/blockquote>\n<p>a ajout\u00e9 Amnesty.<\/p>\n<p><strong>Euro-Med Monitor,<\/strong> une organisation des droits humains qui a son si\u00e8ge \u00e0 Gen\u00e8ve, en Suisse, a condamn\u00e9 l&rsquo;arrestation d&rsquo;Abunimah. Elle a dit qu&rsquo;il s&rsquo;agissait d&rsquo;une<\/p>\n<blockquote>\n<p>\u00ab dangereuse \u00e9volution refl\u00e9tant une tendance croissante au sein des gouvernements occidentaux \u00e0 censurer la libert\u00e9 d&rsquo;expression et \u00e0 cibler les journalistes et activistes qui parlent des souffrances des victimes et d\u00e9fendent les droits des Palestiniens \u00bb.<\/p>\n<\/blockquote>\n<p style=\"text-align: center;\">*****<\/p>\n<p>Trouvez ici des articles d&rsquo;Ali Abunimah <a href=\"https:\/\/charleroi-pourlapalestine.be\/?s=ali+abunimah\">publi\u00e9s sur ce site<\/a><\/p>\n<p>&nbsp;<\/p>\n\n\n<p><\/p>\n","protected":false},"excerpt":{"rendered":"<p>L&rsquo;arrestation d&rsquo;Ali Abunimah fait manifestement partie d&rsquo;une r\u00e9action croissante des gouvernements occidentaux aux expressions de solidarit\u00e9 avec le peuple palestinien.<\/p>\n","protected":false},"author":1,"featured_media":81028,"comment_status":"closed","ping_status":"closed","sticky":false,"template":"","format":"standard","meta":{"ngg_post_thumbnail":0,"footnotes":""},"categories":[972,358,812],"tags":[1008],"class_list":["post-81026","post","type-post","status-publish","format-standard","has-post-thumbnail","hentry","category-journalistes","category-repression","category-suisse","tag-ali-abunimah"],"yoast_head":"<!-- This site is optimized with the Yoast SEO plugin v27.3 - https:\/\/yoast.com\/product\/yoast-seo-wordpress\/ -->\n<title>Ali Abunimah (EI) arr\u00eat\u00e9 en Suisse<\/title>\n<meta name=\"description\" content=\"L&#039;arrestation d&#039;Ali Abunimah fait partie d&#039;une r\u00e9action croissante des gouvernements occidentaux aux soutiens \u00e0 la Palestine\" \/>\n<meta name=\"robots\" content=\"index, follow, max-snippet:-1, max-image-preview:large, max-video-preview:-1\" \/>\n<link rel=\"canonical\" href=\"https:\/\/charleroi-pourlapalestine.be\/index.php\/2025\/01\/26\/ali-abunimah-ei-arrete-en-suisse\/\" \/>\n<script type=\"application\/ld+json\" class=\"yoast-schema-graph\">{\"@context\":\"https:\\\/\\\/schema.org\",\"@graph\":[{\"@type\":\"Article\",\"@id\":\"https:\\\/\\\/charleroi-pourlapalestine.be\\\/index.php\\\/2025\\\/01\\\/26\\\/ali-abunimah-ei-arrete-en-suisse\\\/#article\",\"isPartOf\":{\"@id\":\"https:\\\/\\\/charleroi-pourlapalestine.be\\\/index.php\\\/2025\\\/01\\\/26\\\/ali-abunimah-ei-arrete-en-suisse\\\/\"},\"author\":{\"name\":\"admin1873\",\"@id\":\"https:\\\/\\\/charleroi-pourlapalestine.be\\\/#\\\/schema\\\/person\\\/c19ff515112f1299d8c12671d8fe3faa\"},\"headline\":\"Ali Abunimah (EI) arr\u00eat\u00e9 en Suisse\",\"datePublished\":\"2025-01-26T07:49:13+00:00\",\"dateModified\":\"2025-01-30T02:03:57+00:00\",\"mainEntityOfPage\":{\"@id\":\"https:\\\/\\\/charleroi-pourlapalestine.be\\\/index.php\\\/2025\\\/01\\\/26\\\/ali-abunimah-ei-arrete-en-suisse\\\/\"},\"wordCount\":1155,\"publisher\":{\"@id\":\"https:\\\/\\\/charleroi-pourlapalestine.be\\\/#organization\"},\"image\":{\"@id\":\"https:\\\/\\\/charleroi-pourlapalestine.be\\\/index.php\\\/2025\\\/01\\\/26\\\/ali-abunimah-ei-arrete-en-suisse\\\/#primaryimage\"},\"thumbnailUrl\":\"https:\\\/\\\/charleroi-pourlapalestine.be\\\/wp-content\\\/uploads\\\/2025\\\/01\\\/Ali-Abunimah.png\",\"keywords\":[\"Ali Abunimah\"],\"articleSection\":[\"Journalistes\",\"R\u00e9pression\",\"Suisse\"],\"inLanguage\":\"fr-FR\"},{\"@type\":\"WebPage\",\"@id\":\"https:\\\/\\\/charleroi-pourlapalestine.be\\\/index.php\\\/2025\\\/01\\\/26\\\/ali-abunimah-ei-arrete-en-suisse\\\/\",\"url\":\"https:\\\/\\\/charleroi-pourlapalestine.be\\\/index.php\\\/2025\\\/01\\\/26\\\/ali-abunimah-ei-arrete-en-suisse\\\/\",\"name\":\"Ali Abunimah (EI) arr\u00eat\u00e9 en Suisse\",\"isPartOf\":{\"@id\":\"https:\\\/\\\/charleroi-pourlapalestine.be\\\/#website\"},\"primaryImageOfPage\":{\"@id\":\"https:\\\/\\\/charleroi-pourlapalestine.be\\\/index.php\\\/2025\\\/01\\\/26\\\/ali-abunimah-ei-arrete-en-suisse\\\/#primaryimage\"},\"image\":{\"@id\":\"https:\\\/\\\/charleroi-pourlapalestine.be\\\/index.php\\\/2025\\\/01\\\/26\\\/ali-abunimah-ei-arrete-en-suisse\\\/#primaryimage\"},\"thumbnailUrl\":\"https:\\\/\\\/charleroi-pourlapalestine.be\\\/wp-content\\\/uploads\\\/2025\\\/01\\\/Ali-Abunimah.png\",\"datePublished\":\"2025-01-26T07:49:13+00:00\",\"dateModified\":\"2025-01-30T02:03:57+00:00\",\"description\":\"L'arrestation d'Ali Abunimah fait partie d'une r\u00e9action croissante des gouvernements occidentaux aux soutiens \u00e0 la Palestine\",\"breadcrumb\":{\"@id\":\"https:\\\/\\\/charleroi-pourlapalestine.be\\\/index.php\\\/2025\\\/01\\\/26\\\/ali-abunimah-ei-arrete-en-suisse\\\/#breadcrumb\"},\"inLanguage\":\"fr-FR\",\"potentialAction\":[{\"@type\":\"ReadAction\",\"target\":[\"https:\\\/\\\/charleroi-pourlapalestine.be\\\/index.php\\\/2025\\\/01\\\/26\\\/ali-abunimah-ei-arrete-en-suisse\\\/\"]}]},{\"@type\":\"ImageObject\",\"inLanguage\":\"fr-FR\",\"@id\":\"https:\\\/\\\/charleroi-pourlapalestine.be\\\/index.php\\\/2025\\\/01\\\/26\\\/ali-abunimah-ei-arrete-en-suisse\\\/#primaryimage\",\"url\":\"https:\\\/\\\/charleroi-pourlapalestine.be\\\/wp-content\\\/uploads\\\/2025\\\/01\\\/Ali-Abunimah.png\",\"contentUrl\":\"https:\\\/\\\/charleroi-pourlapalestine.be\\\/wp-content\\\/uploads\\\/2025\\\/01\\\/Ali-Abunimah.png\",\"width\":800,\"height\":450},{\"@type\":\"BreadcrumbList\",\"@id\":\"https:\\\/\\\/charleroi-pourlapalestine.be\\\/index.php\\\/2025\\\/01\\\/26\\\/ali-abunimah-ei-arrete-en-suisse\\\/#breadcrumb\",\"itemListElement\":[{\"@type\":\"ListItem\",\"position\":1,\"name\":\"Accueil\",\"item\":\"https:\\\/\\\/charleroi-pourlapalestine.be\\\/\"},{\"@type\":\"ListItem\",\"position\":2,\"name\":\"Ali Abunimah (EI) arr\u00eat\u00e9 en Suisse\"}]},{\"@type\":\"WebSite\",\"@id\":\"https:\\\/\\\/charleroi-pourlapalestine.be\\\/#website\",\"url\":\"https:\\\/\\\/charleroi-pourlapalestine.be\\\/\",\"name\":\"Charleroi Pour la Palestine\",\"description\":\"\",\"publisher\":{\"@id\":\"https:\\\/\\\/charleroi-pourlapalestine.be\\\/#organization\"},\"potentialAction\":[{\"@type\":\"SearchAction\",\"target\":{\"@type\":\"EntryPoint\",\"urlTemplate\":\"https:\\\/\\\/charleroi-pourlapalestine.be\\\/?s={search_term_string}\"},\"query-input\":{\"@type\":\"PropertyValueSpecification\",\"valueRequired\":true,\"valueName\":\"search_term_string\"}}],\"inLanguage\":\"fr-FR\"},{\"@type\":\"Organization\",\"@id\":\"https:\\\/\\\/charleroi-pourlapalestine.be\\\/#organization\",\"name\":\"Plate-forme Charleroi-Palestine\",\"url\":\"https:\\\/\\\/charleroi-pourlapalestine.be\\\/\",\"logo\":{\"@type\":\"ImageObject\",\"inLanguage\":\"fr-FR\",\"@id\":\"https:\\\/\\\/charleroi-pourlapalestine.be\\\/#\\\/schema\\\/logo\\\/image\\\/\",\"url\":\"https:\\\/\\\/charleroi-pourlapalestine.be\\\/wp-content\\\/uploads\\\/2020\\\/01\\\/logo-Copy.jpg\",\"contentUrl\":\"https:\\\/\\\/charleroi-pourlapalestine.be\\\/wp-content\\\/uploads\\\/2020\\\/01\\\/logo-Copy.jpg\",\"width\":180,\"height\":180,\"caption\":\"Plate-forme Charleroi-Palestine\"},\"image\":{\"@id\":\"https:\\\/\\\/charleroi-pourlapalestine.be\\\/#\\\/schema\\\/logo\\\/image\\\/\"},\"sameAs\":[\"https:\\\/\\\/www.facebook.com\\\/PlateformeCharleroiPalestine\\\/\",\"https:\\\/\\\/x.com\\\/LaCharleroi\"]},{\"@type\":\"Person\",\"@id\":\"https:\\\/\\\/charleroi-pourlapalestine.be\\\/#\\\/schema\\\/person\\\/c19ff515112f1299d8c12671d8fe3faa\",\"name\":\"admin1873\",\"url\":\"https:\\\/\\\/charleroi-pourlapalestine.be\\\/index.php\\\/author\\\/admin1873\\\/\"}]}<\/script>\n<!-- \/ Yoast SEO plugin. -->","yoast_head_json":{"title":"Ali Abunimah (EI) arr\u00eat\u00e9 en Suisse","description":"L'arrestation d'Ali Abunimah fait partie d'une r\u00e9action croissante des gouvernements occidentaux aux soutiens \u00e0 la Palestine","robots":{"index":"index","follow":"follow","max-snippet":"max-snippet:-1","max-image-preview":"max-image-preview:large","max-video-preview":"max-video-preview:-1"},"canonical":"https:\/\/charleroi-pourlapalestine.be\/index.php\/2025\/01\/26\/ali-abunimah-ei-arrete-en-suisse\/","schema":{"@context":"https:\/\/schema.org","@graph":[{"@type":"Article","@id":"https:\/\/charleroi-pourlapalestine.be\/index.php\/2025\/01\/26\/ali-abunimah-ei-arrete-en-suisse\/#article","isPartOf":{"@id":"https:\/\/charleroi-pourlapalestine.be\/index.php\/2025\/01\/26\/ali-abunimah-ei-arrete-en-suisse\/"},"author":{"name":"admin1873","@id":"https:\/\/charleroi-pourlapalestine.be\/#\/schema\/person\/c19ff515112f1299d8c12671d8fe3faa"},"headline":"Ali Abunimah (EI) arr\u00eat\u00e9 en Suisse","datePublished":"2025-01-26T07:49:13+00:00","dateModified":"2025-01-30T02:03:57+00:00","mainEntityOfPage":{"@id":"https:\/\/charleroi-pourlapalestine.be\/index.php\/2025\/01\/26\/ali-abunimah-ei-arrete-en-suisse\/"},"wordCount":1155,"publisher":{"@id":"https:\/\/charleroi-pourlapalestine.be\/#organization"},"image":{"@id":"https:\/\/charleroi-pourlapalestine.be\/index.php\/2025\/01\/26\/ali-abunimah-ei-arrete-en-suisse\/#primaryimage"},"thumbnailUrl":"https:\/\/charleroi-pourlapalestine.be\/wp-content\/uploads\/2025\/01\/Ali-Abunimah.png","keywords":["Ali Abunimah"],"articleSection":["Journalistes","R\u00e9pression","Suisse"],"inLanguage":"fr-FR"},{"@type":"WebPage","@id":"https:\/\/charleroi-pourlapalestine.be\/index.php\/2025\/01\/26\/ali-abunimah-ei-arrete-en-suisse\/","url":"https:\/\/charleroi-pourlapalestine.be\/index.php\/2025\/01\/26\/ali-abunimah-ei-arrete-en-suisse\/","name":"Ali Abunimah (EI) arr\u00eat\u00e9 en Suisse","isPartOf":{"@id":"https:\/\/charleroi-pourlapalestine.be\/#website"},"primaryImageOfPage":{"@id":"https:\/\/charleroi-pourlapalestine.be\/index.php\/2025\/01\/26\/ali-abunimah-ei-arrete-en-suisse\/#primaryimage"},"image":{"@id":"https:\/\/charleroi-pourlapalestine.be\/index.php\/2025\/01\/26\/ali-abunimah-ei-arrete-en-suisse\/#primaryimage"},"thumbnailUrl":"https:\/\/charleroi-pourlapalestine.be\/wp-content\/uploads\/2025\/01\/Ali-Abunimah.png","datePublished":"2025-01-26T07:49:13+00:00","dateModified":"2025-01-30T02:03:57+00:00","description":"L'arrestation d'Ali Abunimah fait partie d'une r\u00e9action croissante des gouvernements occidentaux aux soutiens \u00e0 la Palestine","breadcrumb":{"@id":"https:\/\/charleroi-pourlapalestine.be\/index.php\/2025\/01\/26\/ali-abunimah-ei-arrete-en-suisse\/#breadcrumb"},"inLanguage":"fr-FR","potentialAction":[{"@type":"ReadAction","target":["https:\/\/charleroi-pourlapalestine.be\/index.php\/2025\/01\/26\/ali-abunimah-ei-arrete-en-suisse\/"]}]},{"@type":"ImageObject","inLanguage":"fr-FR","@id":"https:\/\/charleroi-pourlapalestine.be\/index.php\/2025\/01\/26\/ali-abunimah-ei-arrete-en-suisse\/#primaryimage","url":"https:\/\/charleroi-pourlapalestine.be\/wp-content\/uploads\/2025\/01\/Ali-Abunimah.png","contentUrl":"https:\/\/charleroi-pourlapalestine.be\/wp-content\/uploads\/2025\/01\/Ali-Abunimah.png","width":800,"height":450},{"@type":"BreadcrumbList","@id":"https:\/\/charleroi-pourlapalestine.be\/index.php\/2025\/01\/26\/ali-abunimah-ei-arrete-en-suisse\/#breadcrumb","itemListElement":[{"@type":"ListItem","position":1,"name":"Accueil","item":"https:\/\/charleroi-pourlapalestine.be\/"},{"@type":"ListItem","position":2,"name":"Ali Abunimah (EI) arr\u00eat\u00e9 en Suisse"}]},{"@type":"WebSite","@id":"https:\/\/charleroi-pourlapalestine.be\/#website","url":"https:\/\/charleroi-pourlapalestine.be\/","name":"Charleroi Pour la Palestine","description":"","publisher":{"@id":"https:\/\/charleroi-pourlapalestine.be\/#organization"},"potentialAction":[{"@type":"SearchAction","target":{"@type":"EntryPoint","urlTemplate":"https:\/\/charleroi-pourlapalestine.be\/?s={search_term_string}"},"query-input":{"@type":"PropertyValueSpecification","valueRequired":true,"valueName":"search_term_string"}}],"inLanguage":"fr-FR"},{"@type":"Organization","@id":"https:\/\/charleroi-pourlapalestine.be\/#organization","name":"Plate-forme Charleroi-Palestine","url":"https:\/\/charleroi-pourlapalestine.be\/","logo":{"@type":"ImageObject","inLanguage":"fr-FR","@id":"https:\/\/charleroi-pourlapalestine.be\/#\/schema\/logo\/image\/","url":"https:\/\/charleroi-pourlapalestine.be\/wp-content\/uploads\/2020\/01\/logo-Copy.jpg","contentUrl":"https:\/\/charleroi-pourlapalestine.be\/wp-content\/uploads\/2020\/01\/logo-Copy.jpg","width":180,"height":180,"caption":"Plate-forme Charleroi-Palestine"},"image":{"@id":"https:\/\/charleroi-pourlapalestine.be\/#\/schema\/logo\/image\/"},"sameAs":["https:\/\/www.facebook.com\/PlateformeCharleroiPalestine\/","https:\/\/x.com\/LaCharleroi"]},{"@type":"Person","@id":"https:\/\/charleroi-pourlapalestine.be\/#\/schema\/person\/c19ff515112f1299d8c12671d8fe3faa","name":"admin1873","url":"https:\/\/charleroi-pourlapalestine.be\/index.php\/author\/admin1873\/"}]}},"_links":{"self":[{"href":"https:\/\/charleroi-pourlapalestine.be\/index.php\/wp-json\/wp\/v2\/posts\/81026","targetHints":{"allow":["GET"]}}],"collection":[{"href":"https:\/\/charleroi-pourlapalestine.be\/index.php\/wp-json\/wp\/v2\/posts"}],"about":[{"href":"https:\/\/charleroi-pourlapalestine.be\/index.php\/wp-json\/wp\/v2\/types\/post"}],"author":[{"embeddable":true,"href":"https:\/\/charleroi-pourlapalestine.be\/index.php\/wp-json\/wp\/v2\/users\/1"}],"replies":[{"embeddable":true,"href":"https:\/\/charleroi-pourlapalestine.be\/index.php\/wp-json\/wp\/v2\/comments?post=81026"}],"version-history":[{"count":0,"href":"https:\/\/charleroi-pourlapalestine.be\/index.php\/wp-json\/wp\/v2\/posts\/81026\/revisions"}],"wp:featuredmedia":[{"embeddable":true,"href":"https:\/\/charleroi-pourlapalestine.be\/index.php\/wp-json\/wp\/v2\/media\/81028"}],"wp:attachment":[{"href":"https:\/\/charleroi-pourlapalestine.be\/index.php\/wp-json\/wp\/v2\/media?parent=81026"}],"wp:term":[{"taxonomy":"category","embeddable":true,"href":"https:\/\/charleroi-pourlapalestine.be\/index.php\/wp-json\/wp\/v2\/categories?post=81026"},{"taxonomy":"post_tag","embeddable":true,"href":"https:\/\/charleroi-pourlapalestine.be\/index.php\/wp-json\/wp\/v2\/tags?post=81026"}],"curies":[{"name":"wp","href":"https:\/\/api.w.org\/{rel}","templated":true}]}}