{"id":81077,"date":"2025-01-29T19:42:36","date_gmt":"2025-01-29T18:42:36","guid":{"rendered":"https:\/\/charleroi-pourlapalestine.be\/?p=81077"},"modified":"2025-01-30T09:51:27","modified_gmt":"2025-01-30T08:51:27","slug":"soutien-au-collectif-palestine-vaincra","status":"publish","type":"post","link":"https:\/\/charleroi-pourlapalestine.be\/index.php\/2025\/01\/29\/soutien-au-collectif-palestine-vaincra\/","title":{"rendered":"Soutien au Collectif Palestine Vaincra\u00a0!"},"content":{"rendered":"<p>Ce lundi 27 janvier 2025, a eu lieu <strong><a href=\"https:\/\/palestinevaincra.com\/2025\/01\/le-collectif-palestine-vaincra-devant-le-conseil-detat-la-menace-dune-dissolution-gravissime\/\" target=\"_blank\" rel=\"noopener\">l\u2019audience<\/a> <\/strong>qui am\u00e8nera le Conseil d\u2019\u00c9tat \u00e0 se prononcer sur la <a href=\"https:\/\/charleroi-pourlapalestine.be\/index.php\/2025\/01\/23\/non-a-la-dissolution-du-collectif-palestine-vaincra\/\">dissolution<\/a> du <a href=\"https:\/\/palestinevaincra.com\/\"><strong>Collectif Palestine Vaincra<\/strong><\/a>, annonc\u00e9e en f\u00e9vrier 2022 par le ministre de l\u2019Int\u00e9rieur, puis promulgu\u00e9e par d\u00e9cret le 9 mars 2022, avant que le<strong> CPV<\/strong> ne d\u00e9pose un recours contre cette d\u00e9cision.<\/p>\n<p>&nbsp;<\/p>\n<div id=\"attachment_81079\" style=\"width: 1034px\" class=\"wp-caption alignnone\"><img loading=\"lazy\" decoding=\"async\" aria-describedby=\"caption-attachment-81079\" class=\"wp-image-81079 size-large\" src=\"https:\/\/charleroi-pourlapalestine.be\/wp-content\/uploads\/2025\/01\/26-janv-bxl-2-1024x683.jpeg\" alt=\"Soutien au collectif Palestine Vaincra lors de la manifestation pour la Palestine le 26 janvier 2025 \u00e0 Bruxelles.\" width=\"1024\" height=\"683\" srcset=\"https:\/\/charleroi-pourlapalestine.be\/wp-content\/uploads\/2025\/01\/26-janv-bxl-2-1024x683.jpeg 1024w, https:\/\/charleroi-pourlapalestine.be\/wp-content\/uploads\/2025\/01\/26-janv-bxl-2-300x200.jpeg 300w, https:\/\/charleroi-pourlapalestine.be\/wp-content\/uploads\/2025\/01\/26-janv-bxl-2-768x512.jpeg 768w, https:\/\/charleroi-pourlapalestine.be\/wp-content\/uploads\/2025\/01\/26-janv-bxl-2-1536x1024.jpeg 1536w, https:\/\/charleroi-pourlapalestine.be\/wp-content\/uploads\/2025\/01\/26-janv-bxl-2.jpeg 1600w\" sizes=\"auto, (max-width: 1024px) 100vw, 1024px\" \/><p id=\"caption-attachment-81079\" class=\"wp-caption-text\"><strong>Soutien au collectif Palestine Vaincra lors de la manifestation pour la Palestine le 26 janvier 2025 \u00e0 Bruxelles.<\/strong><\/p><\/div>\n<p>&nbsp;<\/p>\n<p><strong><a href=\"https:\/\/charleroi-pourlapalestine.be\/index.php\/category\/plate-forme-charleroi-palestine\/\">Plateforme Charleroi-Palestine<\/a>,<\/strong> 26 janvier 2025<\/p>\n<p><strong>Cette menace de dissolution constitue une attaque directe contre la libert\u00e9 d\u2019expression, la libert\u00e9 de s\u2019organiser, la libert\u00e9 de militer, la libert\u00e9 de soutenir une Palestine libre.<\/strong> Elle vise directement le Collectif Palestine Vaincra et ses militant\u00b7es, et au-del\u00e0, elle illustre le climat de d\u00e9nigrement et de r\u00e9pression qui s\u2019abat sur le mouvement de solidarit\u00e9 avec la Palestine, partout en Europe.<\/p>\n<p>En <strong>Allemagne<\/strong>, <strong>Samidoun<\/strong>, le r\u00e9seau de soutien aux prisonnier\u00b7es palestinien\u00b7nes, est <a href=\"https:\/\/charleroi-pourlapalestine.be\/index.php\/2023\/11\/10\/le-gouvernement-allemand-interdit-et-dissout-le-reseau-international-samidoun\/\">interdit<\/a>, et les militant\u00b7es palestinien\u00b7nes en solidarit\u00e9 avec la Palestine font l\u2019objet d\u2019une r\u00e9pression accrue (interdiction de s\u2019exprimer en public, de manifester, surveillance, perquisitions).<\/p>\n<p>En<strong> Espagne,<\/strong> deux militantes sont <a href=\"https:\/\/samidoun.net\/2024\/11\/the-persecution-of-pro-palestinian-activists-in-spain-an-attack-on-freedom-of-expression-and-international-solidarity\/\" target=\"_blank\" rel=\"noopener\">poursuivies<\/a> pour avoir exprim\u00e9 leur soutien \u00e0 la r\u00e9sistance.<\/p>\n<p>En <strong>Suisse<\/strong>, la police a <a href=\"https:\/\/charleroi-pourlapalestine.be\/index.php\/2025\/01\/26\/ali-abunimah-ei-arrete-en-suisse\/\">arr\u00eat\u00e9<\/a> ce 25 janvier 2025, en vue d\u2019une expulsion, <strong>Ali Abunimah,<\/strong> journaliste et directeur du site d\u2019information <strong><em>Electronic Intifada<\/em><\/strong>, qui se rendait \u00e0 Zurich pour une conf\u00e9rence.<\/p>\n<p>Quelques mois plus t\u00f4t, toujours en <strong>Suisse<\/strong>, les autorit\u00e9s annon\u00e7aient qu\u2019une <a href=\"https:\/\/charleroi-pourlapalestine.be\/index.php\/2024\/06\/07\/defendre-la-palestine-defendre-samidoun\/\">interdiction d\u2019entr\u00e9e sur le territoire de 10 ans<\/a> frappait <a href=\"https:\/\/charleroi-pourlapalestine.be\/index.php\/2025\/01\/25\/letat-genocidaire-tourne-maintenant-le-maximum-de-sa-violence-vers-la-cisjordanie\/\"><strong>Mohammed Khatib<\/strong><\/a>, coordinateur europ\u00e9en de<strong> Samidoun,<\/strong> r\u00e9seau de soutien aux prisonniers et aux prisonni\u00e8res palestinien\u00b7nes.<\/p>\n<p>Mohammed Khatib fait \u00e9galement l\u2019objet d\u2019une<a href=\"https:\/\/charleroi-pourlapalestine.be\/index.php\/2024\/10\/27\/les-pays-bas-imposent-une-interdiction-dentree-a-mohammed-khatib\/\"> interdiction d\u2019entr\u00e9e<\/a> au<strong> Pays-Bas<\/strong> , et subit d\u00e9nigrement et r\u00e9pression dans le pays o\u00f9 il r\u00e9side, la <strong>Belgique<\/strong>, apr\u00e8s que la Secr\u00e9taire d\u2019\u00e9tat \u00e0 l\u2019asile et \u00e0 la migration a annonc\u00e9, en avril 2024, l\u2019ouverture d\u2019une proc\u00e9dure de <a href=\"https:\/\/charleroi-pourlapalestine.be\/index.php\/2024\/07\/16\/mohammed-khatib-coordinateur-de-samidoun-europe-est-menace-de-revocation-de-lasile-en-belgique-prenez-la-parole-pour-defendre-la-palestine\/\">retrait du statut de r\u00e9fugi\u00e9<\/a> \u00e0 l\u2019encontre de Mohammed Khatib, au motif qu\u2019il serait <em>\u00ab un pr\u00eacheur de haine \u00bb.<\/em><\/p>\n<p>En <strong>Belgique<\/strong> toujours, les partis de droite qui n\u00e9gocient actuellement une nouvelle majorit\u00e9 gouvernementale annoncent leur <a href=\"https:\/\/secoursrouge.org\/?s=samidoun+belgique\" target=\"_blank\" rel=\"noopener\">intention<\/a> de <strong>faire interdire Samidoun<\/strong>, tandis que plus d\u2019une centaine de personnes ont fait l\u2019objet d\u2019une <a href=\"https:\/\/charleroi-pourlapalestine.be\/index.php\/2024\/09\/05\/stop-a-la-repression-du-mouvement-etudiant-de-soutien-a-la-palestine-de-lulb\/\">convocation judiciaire<\/a>, soup\u00e7onn\u00e9\u00b7es d\u2019avoir particip\u00e9 au mouvement de solidarit\u00e9 avec la Palestine sur le campus de <strong>l\u2019ULB<\/strong> au printemps dernier.<\/p>\n<p>Les exemples (non exhaustifs&nbsp;!) de la r\u00e9pression contre les organisations, les collectifs et les individus accus\u00e9s de soutenir la Palestine s\u2019accumulent partout en Europe, en violation des libert\u00e9s fondamentales.<\/p>\n<p>Si l\u2019objectif de cette r\u00e9pression est de faire peur et de d\u00e9courager les voix solidaires, la <strong>Plateforme Charleroi Palestine<\/strong> l\u2019affirme haut et fort&nbsp;:<\/p>\n<blockquote>\n<p>Nous ne c\u00e9derons pas. <br>Nous ne cesserons pas. <br>Soutien au Collectif Palestine Vaincra. <br>Soutien \u00e0 une Palestine libre.<\/p>\n<\/blockquote>\n<p>Que pouvez-vous faire ? <a href=\"https:\/\/www.change.org\/p\/non-%C3%A0-la-dissolution-du-collectif-palestine-vaincra\" target=\"_blank\" rel=\"noopener\"><strong>Signer et relayer la p\u00e9tition contre la dissolution du Collectif Palestine Vaincra<\/strong><\/a> ; prendre des photos de soutiens ; rejoindre un collectif pr\u00e8s de chez vous et organiser des actions de solidarit\u00e9.<\/p>\n<p style=\"text-align: center;\"><strong>Palestine vaincra !<\/strong><\/p>\n<p>&nbsp;<\/p>\n\n\n<p><\/p>\n","protected":false},"excerpt":{"rendered":"<p>Communiqu\u00e9 de la Plateforme Charleroi-Palestine en soutien au Collectif Palestine Vaincra de Toulouse<\/p>\n","protected":false},"author":1,"featured_media":81079,"comment_status":"closed","ping_status":"closed","sticky":false,"template":"","format":"standard","meta":{"ngg_post_thumbnail":0,"footnotes":""},"categories":[329,64,369,136,358],"tags":[],"class_list":["post-81077","post","type-post","status-publish","format-standard","has-post-thumbnail","hentry","category-allemagne","category-la-belgique","category-espagne","category-france","category-repression"],"yoast_head":"<!-- This site is optimized with the Yoast SEO plugin v27.3 - https:\/\/yoast.com\/product\/yoast-seo-wordpress\/ -->\n<title>Soutien au Collectif Palestine Vaincra\u00a0!<\/title>\n<meta name=\"description\" content=\"Communiqu\u00e9 de la Plateforme Charleroi-Palestine en soutien au Collectif Palestine Vaincra de Toulouse\" \/>\n<meta name=\"robots\" content=\"index, follow, max-snippet:-1, max-image-preview:large, max-video-preview:-1\" \/>\n<link rel=\"canonical\" href=\"https:\/\/charleroi-pourlapalestine.be\/index.php\/2025\/01\/29\/soutien-au-collectif-palestine-vaincra\/\" \/>\n<script type=\"application\/ld+json\" class=\"yoast-schema-graph\">{\"@context\":\"https:\\\/\\\/schema.org\",\"@graph\":[{\"@type\":\"Article\",\"@id\":\"https:\\\/\\\/charleroi-pourlapalestine.be\\\/index.php\\\/2025\\\/01\\\/29\\\/soutien-au-collectif-palestine-vaincra\\\/#article\",\"isPartOf\":{\"@id\":\"https:\\\/\\\/charleroi-pourlapalestine.be\\\/index.php\\\/2025\\\/01\\\/29\\\/soutien-au-collectif-palestine-vaincra\\\/\"},\"author\":{\"name\":\"admin1873\",\"@id\":\"https:\\\/\\\/charleroi-pourlapalestine.be\\\/#\\\/schema\\\/person\\\/c19ff515112f1299d8c12671d8fe3faa\"},\"headline\":\"Soutien au Collectif Palestine Vaincra\u00a0!\",\"datePublished\":\"2025-01-29T18:42:36+00:00\",\"dateModified\":\"2025-01-30T08:51:27+00:00\",\"mainEntityOfPage\":{\"@id\":\"https:\\\/\\\/charleroi-pourlapalestine.be\\\/index.php\\\/2025\\\/01\\\/29\\\/soutien-au-collectif-palestine-vaincra\\\/\"},\"wordCount\":544,\"publisher\":{\"@id\":\"https:\\\/\\\/charleroi-pourlapalestine.be\\\/#organization\"},\"image\":{\"@id\":\"https:\\\/\\\/charleroi-pourlapalestine.be\\\/index.php\\\/2025\\\/01\\\/29\\\/soutien-au-collectif-palestine-vaincra\\\/#primaryimage\"},\"thumbnailUrl\":\"https:\\\/\\\/charleroi-pourlapalestine.be\\\/wp-content\\\/uploads\\\/2025\\\/01\\\/26-janv-bxl-2.jpeg\",\"articleSection\":[\"Allemagne\",\"Belgique\",\"Espagne\",\"France\",\"R\u00e9pression\"],\"inLanguage\":\"fr-FR\"},{\"@type\":\"WebPage\",\"@id\":\"https:\\\/\\\/charleroi-pourlapalestine.be\\\/index.php\\\/2025\\\/01\\\/29\\\/soutien-au-collectif-palestine-vaincra\\\/\",\"url\":\"https:\\\/\\\/charleroi-pourlapalestine.be\\\/index.php\\\/2025\\\/01\\\/29\\\/soutien-au-collectif-palestine-vaincra\\\/\",\"name\":\"Soutien au Collectif Palestine Vaincra\u00a0!\",\"isPartOf\":{\"@id\":\"https:\\\/\\\/charleroi-pourlapalestine.be\\\/#website\"},\"primaryImageOfPage\":{\"@id\":\"https:\\\/\\\/charleroi-pourlapalestine.be\\\/index.php\\\/2025\\\/01\\\/29\\\/soutien-au-collectif-palestine-vaincra\\\/#primaryimage\"},\"image\":{\"@id\":\"https:\\\/\\\/charleroi-pourlapalestine.be\\\/index.php\\\/2025\\\/01\\\/29\\\/soutien-au-collectif-palestine-vaincra\\\/#primaryimage\"},\"thumbnailUrl\":\"https:\\\/\\\/charleroi-pourlapalestine.be\\\/wp-content\\\/uploads\\\/2025\\\/01\\\/26-janv-bxl-2.jpeg\",\"datePublished\":\"2025-01-29T18:42:36+00:00\",\"dateModified\":\"2025-01-30T08:51:27+00:00\",\"description\":\"Communiqu\u00e9 de la Plateforme Charleroi-Palestine en soutien au Collectif Palestine Vaincra de Toulouse\",\"breadcrumb\":{\"@id\":\"https:\\\/\\\/charleroi-pourlapalestine.be\\\/index.php\\\/2025\\\/01\\\/29\\\/soutien-au-collectif-palestine-vaincra\\\/#breadcrumb\"},\"inLanguage\":\"fr-FR\",\"potentialAction\":[{\"@type\":\"ReadAction\",\"target\":[\"https:\\\/\\\/charleroi-pourlapalestine.be\\\/index.php\\\/2025\\\/01\\\/29\\\/soutien-au-collectif-palestine-vaincra\\\/\"]}]},{\"@type\":\"ImageObject\",\"inLanguage\":\"fr-FR\",\"@id\":\"https:\\\/\\\/charleroi-pourlapalestine.be\\\/index.php\\\/2025\\\/01\\\/29\\\/soutien-au-collectif-palestine-vaincra\\\/#primaryimage\",\"url\":\"https:\\\/\\\/charleroi-pourlapalestine.be\\\/wp-content\\\/uploads\\\/2025\\\/01\\\/26-janv-bxl-2.jpeg\",\"contentUrl\":\"https:\\\/\\\/charleroi-pourlapalestine.be\\\/wp-content\\\/uploads\\\/2025\\\/01\\\/26-janv-bxl-2.jpeg\",\"width\":1600,\"height\":1067},{\"@type\":\"BreadcrumbList\",\"@id\":\"https:\\\/\\\/charleroi-pourlapalestine.be\\\/index.php\\\/2025\\\/01\\\/29\\\/soutien-au-collectif-palestine-vaincra\\\/#breadcrumb\",\"itemListElement\":[{\"@type\":\"ListItem\",\"position\":1,\"name\":\"Accueil\",\"item\":\"https:\\\/\\\/charleroi-pourlapalestine.be\\\/\"},{\"@type\":\"ListItem\",\"position\":2,\"name\":\"Soutien au Collectif Palestine Vaincra\u00a0!\"}]},{\"@type\":\"WebSite\",\"@id\":\"https:\\\/\\\/charleroi-pourlapalestine.be\\\/#website\",\"url\":\"https:\\\/\\\/charleroi-pourlapalestine.be\\\/\",\"name\":\"Charleroi Pour la Palestine\",\"description\":\"\",\"publisher\":{\"@id\":\"https:\\\/\\\/charleroi-pourlapalestine.be\\\/#organization\"},\"potentialAction\":[{\"@type\":\"SearchAction\",\"target\":{\"@type\":\"EntryPoint\",\"urlTemplate\":\"https:\\\/\\\/charleroi-pourlapalestine.be\\\/?s={search_term_string}\"},\"query-input\":{\"@type\":\"PropertyValueSpecification\",\"valueRequired\":true,\"valueName\":\"search_term_string\"}}],\"inLanguage\":\"fr-FR\"},{\"@type\":\"Organization\",\"@id\":\"https:\\\/\\\/charleroi-pourlapalestine.be\\\/#organization\",\"name\":\"Plate-forme Charleroi-Palestine\",\"url\":\"https:\\\/\\\/charleroi-pourlapalestine.be\\\/\",\"logo\":{\"@type\":\"ImageObject\",\"inLanguage\":\"fr-FR\",\"@id\":\"https:\\\/\\\/charleroi-pourlapalestine.be\\\/#\\\/schema\\\/logo\\\/image\\\/\",\"url\":\"https:\\\/\\\/charleroi-pourlapalestine.be\\\/wp-content\\\/uploads\\\/2020\\\/01\\\/logo-Copy.jpg\",\"contentUrl\":\"https:\\\/\\\/charleroi-pourlapalestine.be\\\/wp-content\\\/uploads\\\/2020\\\/01\\\/logo-Copy.jpg\",\"width\":180,\"height\":180,\"caption\":\"Plate-forme Charleroi-Palestine\"},\"image\":{\"@id\":\"https:\\\/\\\/charleroi-pourlapalestine.be\\\/#\\\/schema\\\/logo\\\/image\\\/\"},\"sameAs\":[\"https:\\\/\\\/www.facebook.com\\\/PlateformeCharleroiPalestine\\\/\",\"https:\\\/\\\/x.com\\\/LaCharleroi\"]},{\"@type\":\"Person\",\"@id\":\"https:\\\/\\\/charleroi-pourlapalestine.be\\\/#\\\/schema\\\/person\\\/c19ff515112f1299d8c12671d8fe3faa\",\"name\":\"admin1873\",\"url\":\"https:\\\/\\\/charleroi-pourlapalestine.be\\\/index.php\\\/author\\\/admin1873\\\/\"}]}<\/script>\n<!-- \/ Yoast SEO plugin. -->","yoast_head_json":{"title":"Soutien au Collectif Palestine Vaincra\u00a0!","description":"Communiqu\u00e9 de la Plateforme Charleroi-Palestine en soutien au Collectif Palestine Vaincra de Toulouse","robots":{"index":"index","follow":"follow","max-snippet":"max-snippet:-1","max-image-preview":"max-image-preview:large","max-video-preview":"max-video-preview:-1"},"canonical":"https:\/\/charleroi-pourlapalestine.be\/index.php\/2025\/01\/29\/soutien-au-collectif-palestine-vaincra\/","schema":{"@context":"https:\/\/schema.org","@graph":[{"@type":"Article","@id":"https:\/\/charleroi-pourlapalestine.be\/index.php\/2025\/01\/29\/soutien-au-collectif-palestine-vaincra\/#article","isPartOf":{"@id":"https:\/\/charleroi-pourlapalestine.be\/index.php\/2025\/01\/29\/soutien-au-collectif-palestine-vaincra\/"},"author":{"name":"admin1873","@id":"https:\/\/charleroi-pourlapalestine.be\/#\/schema\/person\/c19ff515112f1299d8c12671d8fe3faa"},"headline":"Soutien au Collectif Palestine Vaincra\u00a0!","datePublished":"2025-01-29T18:42:36+00:00","dateModified":"2025-01-30T08:51:27+00:00","mainEntityOfPage":{"@id":"https:\/\/charleroi-pourlapalestine.be\/index.php\/2025\/01\/29\/soutien-au-collectif-palestine-vaincra\/"},"wordCount":544,"publisher":{"@id":"https:\/\/charleroi-pourlapalestine.be\/#organization"},"image":{"@id":"https:\/\/charleroi-pourlapalestine.be\/index.php\/2025\/01\/29\/soutien-au-collectif-palestine-vaincra\/#primaryimage"},"thumbnailUrl":"https:\/\/charleroi-pourlapalestine.be\/wp-content\/uploads\/2025\/01\/26-janv-bxl-2.jpeg","articleSection":["Allemagne","Belgique","Espagne","France","R\u00e9pression"],"inLanguage":"fr-FR"},{"@type":"WebPage","@id":"https:\/\/charleroi-pourlapalestine.be\/index.php\/2025\/01\/29\/soutien-au-collectif-palestine-vaincra\/","url":"https:\/\/charleroi-pourlapalestine.be\/index.php\/2025\/01\/29\/soutien-au-collectif-palestine-vaincra\/","name":"Soutien au Collectif Palestine Vaincra\u00a0!","isPartOf":{"@id":"https:\/\/charleroi-pourlapalestine.be\/#website"},"primaryImageOfPage":{"@id":"https:\/\/charleroi-pourlapalestine.be\/index.php\/2025\/01\/29\/soutien-au-collectif-palestine-vaincra\/#primaryimage"},"image":{"@id":"https:\/\/charleroi-pourlapalestine.be\/index.php\/2025\/01\/29\/soutien-au-collectif-palestine-vaincra\/#primaryimage"},"thumbnailUrl":"https:\/\/charleroi-pourlapalestine.be\/wp-content\/uploads\/2025\/01\/26-janv-bxl-2.jpeg","datePublished":"2025-01-29T18:42:36+00:00","dateModified":"2025-01-30T08:51:27+00:00","description":"Communiqu\u00e9 de la Plateforme Charleroi-Palestine en soutien au Collectif Palestine Vaincra de Toulouse","breadcrumb":{"@id":"https:\/\/charleroi-pourlapalestine.be\/index.php\/2025\/01\/29\/soutien-au-collectif-palestine-vaincra\/#breadcrumb"},"inLanguage":"fr-FR","potentialAction":[{"@type":"ReadAction","target":["https:\/\/charleroi-pourlapalestine.be\/index.php\/2025\/01\/29\/soutien-au-collectif-palestine-vaincra\/"]}]},{"@type":"ImageObject","inLanguage":"fr-FR","@id":"https:\/\/charleroi-pourlapalestine.be\/index.php\/2025\/01\/29\/soutien-au-collectif-palestine-vaincra\/#primaryimage","url":"https:\/\/charleroi-pourlapalestine.be\/wp-content\/uploads\/2025\/01\/26-janv-bxl-2.jpeg","contentUrl":"https:\/\/charleroi-pourlapalestine.be\/wp-content\/uploads\/2025\/01\/26-janv-bxl-2.jpeg","width":1600,"height":1067},{"@type":"BreadcrumbList","@id":"https:\/\/charleroi-pourlapalestine.be\/index.php\/2025\/01\/29\/soutien-au-collectif-palestine-vaincra\/#breadcrumb","itemListElement":[{"@type":"ListItem","position":1,"name":"Accueil","item":"https:\/\/charleroi-pourlapalestine.be\/"},{"@type":"ListItem","position":2,"name":"Soutien au Collectif Palestine Vaincra\u00a0!"}]},{"@type":"WebSite","@id":"https:\/\/charleroi-pourlapalestine.be\/#website","url":"https:\/\/charleroi-pourlapalestine.be\/","name":"Charleroi Pour la Palestine","description":"","publisher":{"@id":"https:\/\/charleroi-pourlapalestine.be\/#organization"},"potentialAction":[{"@type":"SearchAction","target":{"@type":"EntryPoint","urlTemplate":"https:\/\/charleroi-pourlapalestine.be\/?s={search_term_string}"},"query-input":{"@type":"PropertyValueSpecification","valueRequired":true,"valueName":"search_term_string"}}],"inLanguage":"fr-FR"},{"@type":"Organization","@id":"https:\/\/charleroi-pourlapalestine.be\/#organization","name":"Plate-forme Charleroi-Palestine","url":"https:\/\/charleroi-pourlapalestine.be\/","logo":{"@type":"ImageObject","inLanguage":"fr-FR","@id":"https:\/\/charleroi-pourlapalestine.be\/#\/schema\/logo\/image\/","url":"https:\/\/charleroi-pourlapalestine.be\/wp-content\/uploads\/2020\/01\/logo-Copy.jpg","contentUrl":"https:\/\/charleroi-pourlapalestine.be\/wp-content\/uploads\/2020\/01\/logo-Copy.jpg","width":180,"height":180,"caption":"Plate-forme Charleroi-Palestine"},"image":{"@id":"https:\/\/charleroi-pourlapalestine.be\/#\/schema\/logo\/image\/"},"sameAs":["https:\/\/www.facebook.com\/PlateformeCharleroiPalestine\/","https:\/\/x.com\/LaCharleroi"]},{"@type":"Person","@id":"https:\/\/charleroi-pourlapalestine.be\/#\/schema\/person\/c19ff515112f1299d8c12671d8fe3faa","name":"admin1873","url":"https:\/\/charleroi-pourlapalestine.be\/index.php\/author\/admin1873\/"}]}},"_links":{"self":[{"href":"https:\/\/charleroi-pourlapalestine.be\/index.php\/wp-json\/wp\/v2\/posts\/81077","targetHints":{"allow":["GET"]}}],"collection":[{"href":"https:\/\/charleroi-pourlapalestine.be\/index.php\/wp-json\/wp\/v2\/posts"}],"about":[{"href":"https:\/\/charleroi-pourlapalestine.be\/index.php\/wp-json\/wp\/v2\/types\/post"}],"author":[{"embeddable":true,"href":"https:\/\/charleroi-pourlapalestine.be\/index.php\/wp-json\/wp\/v2\/users\/1"}],"replies":[{"embeddable":true,"href":"https:\/\/charleroi-pourlapalestine.be\/index.php\/wp-json\/wp\/v2\/comments?post=81077"}],"version-history":[{"count":0,"href":"https:\/\/charleroi-pourlapalestine.be\/index.php\/wp-json\/wp\/v2\/posts\/81077\/revisions"}],"wp:featuredmedia":[{"embeddable":true,"href":"https:\/\/charleroi-pourlapalestine.be\/index.php\/wp-json\/wp\/v2\/media\/81079"}],"wp:attachment":[{"href":"https:\/\/charleroi-pourlapalestine.be\/index.php\/wp-json\/wp\/v2\/media?parent=81077"}],"wp:term":[{"taxonomy":"category","embeddable":true,"href":"https:\/\/charleroi-pourlapalestine.be\/index.php\/wp-json\/wp\/v2\/categories?post=81077"},{"taxonomy":"post_tag","embeddable":true,"href":"https:\/\/charleroi-pourlapalestine.be\/index.php\/wp-json\/wp\/v2\/tags?post=81077"}],"curies":[{"name":"wp","href":"https:\/\/api.w.org\/{rel}","templated":true}]}}