{"id":81500,"date":"2025-02-12T11:31:49","date_gmt":"2025-02-12T10:31:49","guid":{"rendered":"https:\/\/charleroi-pourlapalestine.be\/?p=81500"},"modified":"2025-02-12T11:39:57","modified_gmt":"2025-02-12T10:39:57","slug":"des-milliers-de-personnes-manifestent-a-paris-pour-la-liberation-de-georges-abdallah","status":"publish","type":"post","link":"https:\/\/charleroi-pourlapalestine.be\/index.php\/2025\/02\/12\/des-milliers-de-personnes-manifestent-a-paris-pour-la-liberation-de-georges-abdallah\/","title":{"rendered":"Des milliers de personnes manifestent \u00e0 Paris pour la lib\u00e9ration de Georges Abdallah"},"content":{"rendered":"<p>C\u2019est finalement des milliers de personnes qui ont manifest\u00e9 leur soutien \u00e0 <a href=\"https:\/\/charleroi-pourlapalestine.be\/index.php\/tag\/georges-abdallah\/\" target=\"_blank\" rel=\"noopener\">Georges Abdallah<\/a> une nouvelle fois dans Paris ce samedi 8 f\u00e9vrier \u00e0 l\u2019appel de la <strong>Campagne Unitaire pour la lib\u00e9ration de Georges Abdallah, Urgence Palestine, CAPJPO-Europalestine<\/strong> ou encore le<strong> Collectif Palestine Vaincra<\/strong>.<\/p>\n<p>&nbsp;<\/p>\n<p><img loading=\"lazy\" decoding=\"async\" class=\"aligncenter wp-image-81504 size-full\" src=\"https:\/\/charleroi-pourlapalestine.be\/wp-content\/uploads\/2025\/02\/manif-paris-pour-georges-abdallah.png\" alt=\"Des milliers de personnes manifestent \u00e0 Paris pour la lib\u00e9ration de Georges Abdallah\" width=\"960\" height=\"532\" srcset=\"https:\/\/charleroi-pourlapalestine.be\/wp-content\/uploads\/2025\/02\/manif-paris-pour-georges-abdallah.png 960w, https:\/\/charleroi-pourlapalestine.be\/wp-content\/uploads\/2025\/02\/manif-paris-pour-georges-abdallah-300x166.png 300w, https:\/\/charleroi-pourlapalestine.be\/wp-content\/uploads\/2025\/02\/manif-paris-pour-georges-abdallah-768x426.png 768w\" sizes=\"auto, (max-width: 960px) 100vw, 960px\" \/><\/p>\n<p>&nbsp;<\/p>\n<p>Dans une ambiance r\u00e9solue et combative, la foule rassembl\u00e9e venant de dizaines de villes de France a scand\u00e9 sa solidarit\u00e9 avec ce communiste arabe emprisonn\u00e9 en France depuis plus de 40 ans en raison de son engagement au sein de la r\u00e9sistance palestinienne.<\/p>\n<p><strong>Le 20 f\u00e9vrier, la Cour d\u2019Appel va rendre sa d\u00e9cision \u00e0 propos de sa derni\u00e8re demande de lib\u00e9ration<\/strong>. Consciente que le soutien \u00e0 un prisonnier politique passe d\u2019abord par une mobilisation politique, la foule a t\u00e9moign\u00e9 de sa d\u00e9termination \u00e0 poursuivre le combat jusqu\u2019au bout.<\/p>\n<p>&nbsp;<\/p>\n<p><img loading=\"lazy\" decoding=\"async\" class=\"aligncenter wp-image-81524 size-full\" src=\"https:\/\/charleroi-pourlapalestine.be\/wp-content\/uploads\/2025\/02\/manif-pour-georges-collage.png\" alt=\"Des milliers de personnes manifestent \u00e0 Paris pour la lib\u00e9ration de Georges Abdallah\" width=\"1027\" height=\"622\" srcset=\"https:\/\/charleroi-pourlapalestine.be\/wp-content\/uploads\/2025\/02\/manif-pour-georges-collage.png 1027w, https:\/\/charleroi-pourlapalestine.be\/wp-content\/uploads\/2025\/02\/manif-pour-georges-collage-300x182.png 300w, https:\/\/charleroi-pourlapalestine.be\/wp-content\/uploads\/2025\/02\/manif-pour-georges-collage-1024x620.png 1024w, https:\/\/charleroi-pourlapalestine.be\/wp-content\/uploads\/2025\/02\/manif-pour-georges-collage-768x465.png 768w\" sizes=\"auto, (max-width: 1027px) 100vw, 1027px\" \/><\/p>\n<p>Au sein du bloc d\u2019Urgence Palestine et aux c\u00f4t\u00e9s de nombreuses organisations (<strong>Samidoun Paris Banlieue, AFA Paris Banlieue, ILPS, CMP Kanaky, Comit\u00e9 de Soutien \u00e0 la R\u00e9volution aux Philippines<\/strong>, etc.), le <strong>Collectif Palestine Vaincra<\/strong> a d\u00e9fil\u00e9 derri\u00e8re une banderole appelant \u00e0 la lib\u00e9ration de Georges Abdallah et de la Palestine. En effet, ces combats sont indissolublement li\u00e9s, tant l\u2019emprisonnement du communiste arabe t\u00e9moigne de l\u2019alliance strat\u00e9gique de la France avec Isra\u00ebl.<\/p>\n<p>&nbsp;<\/p>\n<div class=\"twitter-tweet twitter-tweet-rendered\"><iframe id=\"twitter-widget-1\" class=\"\" title=\"X Post\" src=\"https:\/\/platform.twitter.com\/embed\/Tweet.html?dnt=false&amp;embedId=twitter-widget-1&amp;features=eyJ0ZndfdGltZWxpbmVfbGlzdCI6eyJidWNrZXQiOltdLCJ2ZXJzaW9uIjpudWxsfSwidGZ3X2ZvbGxvd2VyX2NvdW50X3N1bnNldCI6eyJidWNrZXQiOnRydWUsInZlcnNpb24iOm51bGx9LCJ0ZndfdHdlZXRfZWRpdF9iYWNrZW5kIjp7ImJ1Y2tldCI6Im9uIiwidmVyc2lvbiI6bnVsbH0sInRmd19yZWZzcmNfc2Vzc2lvbiI6eyJidWNrZXQiOiJvbiIsInZlcnNpb24iOm51bGx9LCJ0ZndfZm9zbnJfc29mdF9pbnRlcnZlbnRpb25zX2VuYWJsZWQiOnsiYnVja2V0Ijoib24iLCJ2ZXJzaW9uIjpudWxsfSwidGZ3X21peGVkX21lZGlhXzE1ODk3Ijp7ImJ1Y2tldCI6InRyZWF0bWVudCIsInZlcnNpb24iOm51bGx9LCJ0ZndfZXhwZXJpbWVudHNfY29va2llX2V4cGlyYXRpb24iOnsiYnVja2V0IjoxMjA5NjAwLCJ2ZXJzaW9uIjpudWxsfSwidGZ3X3Nob3dfYmlyZHdhdGNoX3Bpdm90c19lbmFibGVkIjp7ImJ1Y2tldCI6Im9uIiwidmVyc2lvbiI6bnVsbH0sInRmd19kdXBsaWNhdGVfc2NyaWJlc190b19zZXR0aW5ncyI6eyJidWNrZXQiOiJvbiIsInZlcnNpb24iOm51bGx9LCJ0ZndfdXNlX3Byb2ZpbGVfaW1hZ2Vfc2hhcGVfZW5hYmxlZCI6eyJidWNrZXQiOiJvbiIsInZlcnNpb24iOm51bGx9LCJ0ZndfdmlkZW9faGxzX2R5bmFtaWNfbWFuaWZlc3RzXzE1MDgyIjp7ImJ1Y2tldCI6InRydWVfYml0cmF0ZSIsInZlcnNpb24iOm51bGx9LCJ0ZndfbGVnYWN5X3RpbWVsaW5lX3N1bnNldCI6eyJidWNrZXQiOnRydWUsInZlcnNpb24iOm51bGx9LCJ0ZndfdHdlZXRfZWRpdF9mcm9udGVuZCI6eyJidWNrZXQiOiJvbiIsInZlcnNpb24iOm51bGx9fQ%3D%3D&amp;frame=false&amp;hideCard=false&amp;hideThread=false&amp;id=1888221402576109878&amp;lang=fr&amp;maxWidth=560px&amp;origin=https%3A%2F%2Fpalestinevaincra.com%2F2025%2F02%2Fdes-milliers-de-personnes-manifestent-a-paris-pour-la-liberation-de-georges-abdallah%2F&amp;sessionId=a844c6eeccbae131989431f822e6ef6005ca57ae&amp;theme=light&amp;widgetsVersion=2615f7e52b7e0%3A1702314776716&amp;width=550px\" frameborder=\"0\" scrolling=\"no\" allowfullscreen=\"allowfullscreen\" data-tweet-id=\"1888221402576109878\" data-mce-fragment=\"1\"><\/iframe><\/div>\n<p>&nbsp;<\/p>\n<p>Soulignant que la lutte en soutien \u00e0 <strong>Georges Abdallah<\/strong> est aussi un combat pour tous les prisonniers politiques anticolonialistes, une animation du cort\u00e8ge a mis en avant le sort r\u00e9serv\u00e9 au pr\u00e9sident du<strong> FLNKS<\/strong> et leader ind\u00e9pendantiste <strong>Christian Tein<\/strong> et des dizaines d\u2019autres <strong>Kanak d\u00e9port\u00e9s et emprisonn\u00e9s<\/strong> en raison de leur engagement contre le colonialisme de peuplement fran\u00e7ais en <strong>Kanaky.<\/strong><\/p>\n<div id=\"attachment_81510\" style=\"width: 965px\" class=\"wp-caption aligncenter\"><img loading=\"lazy\" decoding=\"async\" aria-describedby=\"caption-attachment-81510\" class=\"wp-image-81510 size-full\" src=\"https:\/\/charleroi-pourlapalestine.be\/wp-content\/uploads\/2025\/02\/liberte-pour-christian-tein-et-georges-abdallah.png\" alt=\"Cr\u00e9dit photo : @tulyppe\" width=\"955\" height=\"648\" srcset=\"https:\/\/charleroi-pourlapalestine.be\/wp-content\/uploads\/2025\/02\/liberte-pour-christian-tein-et-georges-abdallah.png 955w, https:\/\/charleroi-pourlapalestine.be\/wp-content\/uploads\/2025\/02\/liberte-pour-christian-tein-et-georges-abdallah-300x204.png 300w, https:\/\/charleroi-pourlapalestine.be\/wp-content\/uploads\/2025\/02\/liberte-pour-christian-tein-et-georges-abdallah-768x521.png 768w\" sizes=\"auto, (max-width: 955px) 100vw, 955px\" \/><p id=\"caption-attachment-81510\" class=\"wp-caption-text\">Cr\u00e9dit photo : @tulyppe<\/p><\/div>\n<p>&nbsp;<\/p>\n<p>Cette manifestation intervient alors que nous sommes sous le coup d\u2019une <a href=\"https:\/\/charleroi-pourlapalestine.be\/index.php\/2025\/01\/23\/non-a-la-dissolution-du-collectif-palestine-vaincra\/\"><strong>proc\u00e9dure de dissolution<\/strong><\/a>, ainsi nous avons soulign\u00e9 que cette attaque gravissime contre notre organisation concerne l\u2019ensemble du mouvement de solidarit\u00e9 avec la Palestine.&nbsp;<\/p>\n<p>Lors d\u2019une intervention durant la manifestation, un membre de notre organisation a soulign\u00e9 que<\/p>\n<blockquote><p>\u00ab&nbsp;si nous sommes l\u00e0 c\u2019est \u00e9galement pour dire \u00e0 Darmanin, Retaillau, Macron et tous les autres qu\u2019ils peuvent essayer de dissoudre le <strong>Collectif Palestine Vaincra<\/strong>, ils peuvent poursuivre des centaines de personnes pour apologie du terrorisme, ils peuvent nous r\u00e9primer largement, ils n\u2019arr\u00eateront pas l\u2019inexorable solidarit\u00e9 avec la r\u00e9sistance du peuple palestinien qui se bat pour la lib\u00e9ration de la Palestine, de toute la Palestine, de la mer au Jourdain ! Alors aujourd\u2019hui plus que jamais, ne l\u00e2chons rien et affirmons avec force que nous seulement Georges Abdallah va \u00eatre lib\u00e9r\u00e9 le 20 f\u00e9vrier mais \u00e9galement que la Palestine vivra et surtout elle vaincra&nbsp;\u00bb.<\/p><\/blockquote>\n<p>&nbsp;<\/p>\n<p>&nbsp;<\/p>\n<div class=\"et_post_video\">\n<div class=\"fluid-width-video-wrapper\"><iframe title=\"Face \u00e0 la r\u00e9pression, nous ne nous tairons pas !\" src=\"https:\/\/www.youtube.com\/embed\/s8_uEolcaDI?feature=oembed\" name=\"fitvid0\" allowfullscreen=\"allowfullscreen\" data-mce-fragment=\"1\"><\/iframe><\/div>\n<\/div>\n<p>&nbsp;<\/p>\n<p>De la m\u00eame mani\u00e8re, un autre militant du Collectif Palestine Vaincra a soulign\u00e9 lors d\u2019une prise de parole \u00e0 la fin de la manifestation que<\/p>\n<blockquote><p>\u00ab&nbsp;face \u00e0 cette gravissime menace de dissolution, la meilleure des solidarit\u00e9s que vous pouvez nous apporter aujourd\u2019hui est \u00e9videmment de dire haut et fort que non seulement \u00eatre antisionistes et anti-imp\u00e9rialistes est un droit, mais c\u2019est surtout un devoir ! Partout, d\u00e9veloppons la solidarit\u00e9 avec la r\u00e9sistance du peuple palestinien, jusqu\u2019\u00e0 la lib\u00e9ration de Georges Abdallah, de tous les prisonnier\u00b7es politiques palestiniens, mais surtout jusqu\u2019\u00e0 la lib\u00e9ration de la Palestine, de toute la Palestine, de la mer au Jourdain !&nbsp;\u00bb<\/p><\/blockquote>\n<p>&nbsp;<\/p>\n<div class=\"et_post_video\">\n<div class=\"fluid-width-video-wrapper\"><iframe title=\"Face \u00e0 la r\u00e9pression et la dissolution, faisons front !\" src=\"https:\/\/www.youtube.com\/embed\/PLgWHIAbea0?feature=oembed\" name=\"fitvid1\" allowfullscreen=\"allowfullscreen\" data-mce-fragment=\"1\"><\/iframe><\/div>\n<\/div>\n<p>&nbsp;<\/p>\n<p>Le succ\u00e8s collectif de cette nouvelle manifestation nationale doit nous inviter \u00e0 <strong>poursuivre la mobilisation en soutien \u00e0 Georges Abdallah<\/strong> alors que sa lib\u00e9ration est plus que jamais \u00e0 notre port\u00e9e. \u00c0 Toulouse, participons largement \u00e0 la marche \u00e9tudiante de soutien au communiste libanais ce jeudi 13 f\u00e9vrier, ainsi qu\u2019\u00e0 un grand rassemblement unitaire le 19 f\u00e9vrier prochain \u00e0 18H30 \u00e0 la sortie du m\u00e9tro Jeanne d\u2019Arc.<\/p>\n<p style=\"text-align: center;\">*****<\/p>\n<p>Publi\u00e9 le 11 f\u00e9vrier 2025 sur <a href=\"https:\/\/palestinevaincra.com\/2025\/02\/des-milliers-de-personnes-manifestent-a-paris-pour-la-liberation-de-georges-abdallah\/\" target=\"_blank\" rel=\"noopener\">Collectif Palestine Vaincra<\/a><\/p>\n<p>&nbsp;<\/p>\n<p>&nbsp;<\/p>\n<p>&nbsp;<\/p>\n","protected":false},"excerpt":{"rendered":"<p>Partout, d\u00e9veloppons la solidarit\u00e9 avec la r\u00e9sistance du peuple palestinien, jusqu\u2019\u00e0 la lib\u00e9ration de Georges Abdallah, de tous les prisonnier\u00b7es politiques palestiniens, mais surtout jusqu\u2019\u00e0 la lib\u00e9ration de la Palestine, de toute la Palestine, de la mer au Jourdain !<\/p>\n","protected":false},"author":1,"featured_media":81504,"comment_status":"closed","ping_status":"closed","sticky":false,"template":"","format":"standard","meta":{"ngg_post_thumbnail":0,"footnotes":""},"categories":[903,817,136,14,964,192,13,362],"tags":[216],"class_list":["post-81500","post","type-post","status-publish","format-standard","has-post-thumbnail","hentry","category-anti-imperialisme","category-colonialisme-de-peuplement","category-france","category-georges-ibrahim-abdallah","category-kanaky","category-palestine","category-les-prisionners-palestiniens","category-repression-lautorite-palestinienne","tag-georges-abdallah"],"yoast_head":"<!-- This site is optimized with the Yoast SEO plugin v27.3 - https:\/\/yoast.com\/product\/yoast-seo-wordpress\/ -->\n<title>Des milliers de personnes manifestent \u00e0 Paris pour la lib\u00e9ration de Georges Abdallah<\/title>\n<meta name=\"description\" content=\"Dans une ambiance combative, la foule rassembl\u00e9e venant de dizaines de villes de France a scand\u00e9 sa solidarit\u00e9 avec Georges Abdallah\" \/>\n<meta name=\"robots\" content=\"index, follow, max-snippet:-1, max-image-preview:large, max-video-preview:-1\" \/>\n<link rel=\"canonical\" href=\"https:\/\/charleroi-pourlapalestine.be\/index.php\/2025\/02\/12\/des-milliers-de-personnes-manifestent-a-paris-pour-la-liberation-de-georges-abdallah\/\" \/>\n<script type=\"application\/ld+json\" class=\"yoast-schema-graph\">{\"@context\":\"https:\\\/\\\/schema.org\",\"@graph\":[{\"@type\":\"Article\",\"@id\":\"https:\\\/\\\/charleroi-pourlapalestine.be\\\/index.php\\\/2025\\\/02\\\/12\\\/des-milliers-de-personnes-manifestent-a-paris-pour-la-liberation-de-georges-abdallah\\\/#article\",\"isPartOf\":{\"@id\":\"https:\\\/\\\/charleroi-pourlapalestine.be\\\/index.php\\\/2025\\\/02\\\/12\\\/des-milliers-de-personnes-manifestent-a-paris-pour-la-liberation-de-georges-abdallah\\\/\"},\"author\":{\"name\":\"admin1873\",\"@id\":\"https:\\\/\\\/charleroi-pourlapalestine.be\\\/#\\\/schema\\\/person\\\/c19ff515112f1299d8c12671d8fe3faa\"},\"headline\":\"Des milliers de personnes manifestent \u00e0 Paris pour la lib\u00e9ration de Georges Abdallah\",\"datePublished\":\"2025-02-12T10:31:49+00:00\",\"dateModified\":\"2025-02-12T10:39:57+00:00\",\"mainEntityOfPage\":{\"@id\":\"https:\\\/\\\/charleroi-pourlapalestine.be\\\/index.php\\\/2025\\\/02\\\/12\\\/des-milliers-de-personnes-manifestent-a-paris-pour-la-liberation-de-georges-abdallah\\\/\"},\"wordCount\":684,\"publisher\":{\"@id\":\"https:\\\/\\\/charleroi-pourlapalestine.be\\\/#organization\"},\"image\":{\"@id\":\"https:\\\/\\\/charleroi-pourlapalestine.be\\\/index.php\\\/2025\\\/02\\\/12\\\/des-milliers-de-personnes-manifestent-a-paris-pour-la-liberation-de-georges-abdallah\\\/#primaryimage\"},\"thumbnailUrl\":\"https:\\\/\\\/charleroi-pourlapalestine.be\\\/wp-content\\\/uploads\\\/2025\\\/02\\\/manif-paris-pour-georges-abdallah.png\",\"keywords\":[\"Georges Abdallah\"],\"articleSection\":[\"anti-imp\u00e9rialisme\",\"colonialisme de peuplement\",\"France\",\"Georges Abdallah\",\"Kanaky\",\"Palestine\",\"Prisonniers\",\"R\u00e9pression\"],\"inLanguage\":\"fr-FR\"},{\"@type\":\"WebPage\",\"@id\":\"https:\\\/\\\/charleroi-pourlapalestine.be\\\/index.php\\\/2025\\\/02\\\/12\\\/des-milliers-de-personnes-manifestent-a-paris-pour-la-liberation-de-georges-abdallah\\\/\",\"url\":\"https:\\\/\\\/charleroi-pourlapalestine.be\\\/index.php\\\/2025\\\/02\\\/12\\\/des-milliers-de-personnes-manifestent-a-paris-pour-la-liberation-de-georges-abdallah\\\/\",\"name\":\"Des milliers de personnes manifestent \u00e0 Paris pour la lib\u00e9ration de Georges Abdallah\",\"isPartOf\":{\"@id\":\"https:\\\/\\\/charleroi-pourlapalestine.be\\\/#website\"},\"primaryImageOfPage\":{\"@id\":\"https:\\\/\\\/charleroi-pourlapalestine.be\\\/index.php\\\/2025\\\/02\\\/12\\\/des-milliers-de-personnes-manifestent-a-paris-pour-la-liberation-de-georges-abdallah\\\/#primaryimage\"},\"image\":{\"@id\":\"https:\\\/\\\/charleroi-pourlapalestine.be\\\/index.php\\\/2025\\\/02\\\/12\\\/des-milliers-de-personnes-manifestent-a-paris-pour-la-liberation-de-georges-abdallah\\\/#primaryimage\"},\"thumbnailUrl\":\"https:\\\/\\\/charleroi-pourlapalestine.be\\\/wp-content\\\/uploads\\\/2025\\\/02\\\/manif-paris-pour-georges-abdallah.png\",\"datePublished\":\"2025-02-12T10:31:49+00:00\",\"dateModified\":\"2025-02-12T10:39:57+00:00\",\"description\":\"Dans une ambiance combative, la foule rassembl\u00e9e venant de dizaines de villes de France a scand\u00e9 sa solidarit\u00e9 avec Georges Abdallah\",\"breadcrumb\":{\"@id\":\"https:\\\/\\\/charleroi-pourlapalestine.be\\\/index.php\\\/2025\\\/02\\\/12\\\/des-milliers-de-personnes-manifestent-a-paris-pour-la-liberation-de-georges-abdallah\\\/#breadcrumb\"},\"inLanguage\":\"fr-FR\",\"potentialAction\":[{\"@type\":\"ReadAction\",\"target\":[\"https:\\\/\\\/charleroi-pourlapalestine.be\\\/index.php\\\/2025\\\/02\\\/12\\\/des-milliers-de-personnes-manifestent-a-paris-pour-la-liberation-de-georges-abdallah\\\/\"]}]},{\"@type\":\"ImageObject\",\"inLanguage\":\"fr-FR\",\"@id\":\"https:\\\/\\\/charleroi-pourlapalestine.be\\\/index.php\\\/2025\\\/02\\\/12\\\/des-milliers-de-personnes-manifestent-a-paris-pour-la-liberation-de-georges-abdallah\\\/#primaryimage\",\"url\":\"https:\\\/\\\/charleroi-pourlapalestine.be\\\/wp-content\\\/uploads\\\/2025\\\/02\\\/manif-paris-pour-georges-abdallah.png\",\"contentUrl\":\"https:\\\/\\\/charleroi-pourlapalestine.be\\\/wp-content\\\/uploads\\\/2025\\\/02\\\/manif-paris-pour-georges-abdallah.png\",\"width\":960,\"height\":532},{\"@type\":\"BreadcrumbList\",\"@id\":\"https:\\\/\\\/charleroi-pourlapalestine.be\\\/index.php\\\/2025\\\/02\\\/12\\\/des-milliers-de-personnes-manifestent-a-paris-pour-la-liberation-de-georges-abdallah\\\/#breadcrumb\",\"itemListElement\":[{\"@type\":\"ListItem\",\"position\":1,\"name\":\"Accueil\",\"item\":\"https:\\\/\\\/charleroi-pourlapalestine.be\\\/\"},{\"@type\":\"ListItem\",\"position\":2,\"name\":\"Des milliers de personnes manifestent \u00e0 Paris pour la lib\u00e9ration de Georges Abdallah\"}]},{\"@type\":\"WebSite\",\"@id\":\"https:\\\/\\\/charleroi-pourlapalestine.be\\\/#website\",\"url\":\"https:\\\/\\\/charleroi-pourlapalestine.be\\\/\",\"name\":\"Charleroi Pour la Palestine\",\"description\":\"\",\"publisher\":{\"@id\":\"https:\\\/\\\/charleroi-pourlapalestine.be\\\/#organization\"},\"potentialAction\":[{\"@type\":\"SearchAction\",\"target\":{\"@type\":\"EntryPoint\",\"urlTemplate\":\"https:\\\/\\\/charleroi-pourlapalestine.be\\\/?s={search_term_string}\"},\"query-input\":{\"@type\":\"PropertyValueSpecification\",\"valueRequired\":true,\"valueName\":\"search_term_string\"}}],\"inLanguage\":\"fr-FR\"},{\"@type\":\"Organization\",\"@id\":\"https:\\\/\\\/charleroi-pourlapalestine.be\\\/#organization\",\"name\":\"Plate-forme Charleroi-Palestine\",\"url\":\"https:\\\/\\\/charleroi-pourlapalestine.be\\\/\",\"logo\":{\"@type\":\"ImageObject\",\"inLanguage\":\"fr-FR\",\"@id\":\"https:\\\/\\\/charleroi-pourlapalestine.be\\\/#\\\/schema\\\/logo\\\/image\\\/\",\"url\":\"https:\\\/\\\/charleroi-pourlapalestine.be\\\/wp-content\\\/uploads\\\/2020\\\/01\\\/logo-Copy.jpg\",\"contentUrl\":\"https:\\\/\\\/charleroi-pourlapalestine.be\\\/wp-content\\\/uploads\\\/2020\\\/01\\\/logo-Copy.jpg\",\"width\":180,\"height\":180,\"caption\":\"Plate-forme Charleroi-Palestine\"},\"image\":{\"@id\":\"https:\\\/\\\/charleroi-pourlapalestine.be\\\/#\\\/schema\\\/logo\\\/image\\\/\"},\"sameAs\":[\"https:\\\/\\\/www.facebook.com\\\/PlateformeCharleroiPalestine\\\/\",\"https:\\\/\\\/x.com\\\/LaCharleroi\"]},{\"@type\":\"Person\",\"@id\":\"https:\\\/\\\/charleroi-pourlapalestine.be\\\/#\\\/schema\\\/person\\\/c19ff515112f1299d8c12671d8fe3faa\",\"name\":\"admin1873\",\"url\":\"https:\\\/\\\/charleroi-pourlapalestine.be\\\/index.php\\\/author\\\/admin1873\\\/\"}]}<\/script>\n<!-- \/ Yoast SEO plugin. -->","yoast_head_json":{"title":"Des milliers de personnes manifestent \u00e0 Paris pour la lib\u00e9ration de Georges Abdallah","description":"Dans une ambiance combative, la foule rassembl\u00e9e venant de dizaines de villes de France a scand\u00e9 sa solidarit\u00e9 avec Georges Abdallah","robots":{"index":"index","follow":"follow","max-snippet":"max-snippet:-1","max-image-preview":"max-image-preview:large","max-video-preview":"max-video-preview:-1"},"canonical":"https:\/\/charleroi-pourlapalestine.be\/index.php\/2025\/02\/12\/des-milliers-de-personnes-manifestent-a-paris-pour-la-liberation-de-georges-abdallah\/","schema":{"@context":"https:\/\/schema.org","@graph":[{"@type":"Article","@id":"https:\/\/charleroi-pourlapalestine.be\/index.php\/2025\/02\/12\/des-milliers-de-personnes-manifestent-a-paris-pour-la-liberation-de-georges-abdallah\/#article","isPartOf":{"@id":"https:\/\/charleroi-pourlapalestine.be\/index.php\/2025\/02\/12\/des-milliers-de-personnes-manifestent-a-paris-pour-la-liberation-de-georges-abdallah\/"},"author":{"name":"admin1873","@id":"https:\/\/charleroi-pourlapalestine.be\/#\/schema\/person\/c19ff515112f1299d8c12671d8fe3faa"},"headline":"Des milliers de personnes manifestent \u00e0 Paris pour la lib\u00e9ration de Georges Abdallah","datePublished":"2025-02-12T10:31:49+00:00","dateModified":"2025-02-12T10:39:57+00:00","mainEntityOfPage":{"@id":"https:\/\/charleroi-pourlapalestine.be\/index.php\/2025\/02\/12\/des-milliers-de-personnes-manifestent-a-paris-pour-la-liberation-de-georges-abdallah\/"},"wordCount":684,"publisher":{"@id":"https:\/\/charleroi-pourlapalestine.be\/#organization"},"image":{"@id":"https:\/\/charleroi-pourlapalestine.be\/index.php\/2025\/02\/12\/des-milliers-de-personnes-manifestent-a-paris-pour-la-liberation-de-georges-abdallah\/#primaryimage"},"thumbnailUrl":"https:\/\/charleroi-pourlapalestine.be\/wp-content\/uploads\/2025\/02\/manif-paris-pour-georges-abdallah.png","keywords":["Georges Abdallah"],"articleSection":["anti-imp\u00e9rialisme","colonialisme de peuplement","France","Georges Abdallah","Kanaky","Palestine","Prisonniers","R\u00e9pression"],"inLanguage":"fr-FR"},{"@type":"WebPage","@id":"https:\/\/charleroi-pourlapalestine.be\/index.php\/2025\/02\/12\/des-milliers-de-personnes-manifestent-a-paris-pour-la-liberation-de-georges-abdallah\/","url":"https:\/\/charleroi-pourlapalestine.be\/index.php\/2025\/02\/12\/des-milliers-de-personnes-manifestent-a-paris-pour-la-liberation-de-georges-abdallah\/","name":"Des milliers de personnes manifestent \u00e0 Paris pour la lib\u00e9ration de Georges Abdallah","isPartOf":{"@id":"https:\/\/charleroi-pourlapalestine.be\/#website"},"primaryImageOfPage":{"@id":"https:\/\/charleroi-pourlapalestine.be\/index.php\/2025\/02\/12\/des-milliers-de-personnes-manifestent-a-paris-pour-la-liberation-de-georges-abdallah\/#primaryimage"},"image":{"@id":"https:\/\/charleroi-pourlapalestine.be\/index.php\/2025\/02\/12\/des-milliers-de-personnes-manifestent-a-paris-pour-la-liberation-de-georges-abdallah\/#primaryimage"},"thumbnailUrl":"https:\/\/charleroi-pourlapalestine.be\/wp-content\/uploads\/2025\/02\/manif-paris-pour-georges-abdallah.png","datePublished":"2025-02-12T10:31:49+00:00","dateModified":"2025-02-12T10:39:57+00:00","description":"Dans une ambiance combative, la foule rassembl\u00e9e venant de dizaines de villes de France a scand\u00e9 sa solidarit\u00e9 avec Georges Abdallah","breadcrumb":{"@id":"https:\/\/charleroi-pourlapalestine.be\/index.php\/2025\/02\/12\/des-milliers-de-personnes-manifestent-a-paris-pour-la-liberation-de-georges-abdallah\/#breadcrumb"},"inLanguage":"fr-FR","potentialAction":[{"@type":"ReadAction","target":["https:\/\/charleroi-pourlapalestine.be\/index.php\/2025\/02\/12\/des-milliers-de-personnes-manifestent-a-paris-pour-la-liberation-de-georges-abdallah\/"]}]},{"@type":"ImageObject","inLanguage":"fr-FR","@id":"https:\/\/charleroi-pourlapalestine.be\/index.php\/2025\/02\/12\/des-milliers-de-personnes-manifestent-a-paris-pour-la-liberation-de-georges-abdallah\/#primaryimage","url":"https:\/\/charleroi-pourlapalestine.be\/wp-content\/uploads\/2025\/02\/manif-paris-pour-georges-abdallah.png","contentUrl":"https:\/\/charleroi-pourlapalestine.be\/wp-content\/uploads\/2025\/02\/manif-paris-pour-georges-abdallah.png","width":960,"height":532},{"@type":"BreadcrumbList","@id":"https:\/\/charleroi-pourlapalestine.be\/index.php\/2025\/02\/12\/des-milliers-de-personnes-manifestent-a-paris-pour-la-liberation-de-georges-abdallah\/#breadcrumb","itemListElement":[{"@type":"ListItem","position":1,"name":"Accueil","item":"https:\/\/charleroi-pourlapalestine.be\/"},{"@type":"ListItem","position":2,"name":"Des milliers de personnes manifestent \u00e0 Paris pour la lib\u00e9ration de Georges Abdallah"}]},{"@type":"WebSite","@id":"https:\/\/charleroi-pourlapalestine.be\/#website","url":"https:\/\/charleroi-pourlapalestine.be\/","name":"Charleroi Pour la Palestine","description":"","publisher":{"@id":"https:\/\/charleroi-pourlapalestine.be\/#organization"},"potentialAction":[{"@type":"SearchAction","target":{"@type":"EntryPoint","urlTemplate":"https:\/\/charleroi-pourlapalestine.be\/?s={search_term_string}"},"query-input":{"@type":"PropertyValueSpecification","valueRequired":true,"valueName":"search_term_string"}}],"inLanguage":"fr-FR"},{"@type":"Organization","@id":"https:\/\/charleroi-pourlapalestine.be\/#organization","name":"Plate-forme Charleroi-Palestine","url":"https:\/\/charleroi-pourlapalestine.be\/","logo":{"@type":"ImageObject","inLanguage":"fr-FR","@id":"https:\/\/charleroi-pourlapalestine.be\/#\/schema\/logo\/image\/","url":"https:\/\/charleroi-pourlapalestine.be\/wp-content\/uploads\/2020\/01\/logo-Copy.jpg","contentUrl":"https:\/\/charleroi-pourlapalestine.be\/wp-content\/uploads\/2020\/01\/logo-Copy.jpg","width":180,"height":180,"caption":"Plate-forme Charleroi-Palestine"},"image":{"@id":"https:\/\/charleroi-pourlapalestine.be\/#\/schema\/logo\/image\/"},"sameAs":["https:\/\/www.facebook.com\/PlateformeCharleroiPalestine\/","https:\/\/x.com\/LaCharleroi"]},{"@type":"Person","@id":"https:\/\/charleroi-pourlapalestine.be\/#\/schema\/person\/c19ff515112f1299d8c12671d8fe3faa","name":"admin1873","url":"https:\/\/charleroi-pourlapalestine.be\/index.php\/author\/admin1873\/"}]}},"_links":{"self":[{"href":"https:\/\/charleroi-pourlapalestine.be\/index.php\/wp-json\/wp\/v2\/posts\/81500","targetHints":{"allow":["GET"]}}],"collection":[{"href":"https:\/\/charleroi-pourlapalestine.be\/index.php\/wp-json\/wp\/v2\/posts"}],"about":[{"href":"https:\/\/charleroi-pourlapalestine.be\/index.php\/wp-json\/wp\/v2\/types\/post"}],"author":[{"embeddable":true,"href":"https:\/\/charleroi-pourlapalestine.be\/index.php\/wp-json\/wp\/v2\/users\/1"}],"replies":[{"embeddable":true,"href":"https:\/\/charleroi-pourlapalestine.be\/index.php\/wp-json\/wp\/v2\/comments?post=81500"}],"version-history":[{"count":0,"href":"https:\/\/charleroi-pourlapalestine.be\/index.php\/wp-json\/wp\/v2\/posts\/81500\/revisions"}],"wp:featuredmedia":[{"embeddable":true,"href":"https:\/\/charleroi-pourlapalestine.be\/index.php\/wp-json\/wp\/v2\/media\/81504"}],"wp:attachment":[{"href":"https:\/\/charleroi-pourlapalestine.be\/index.php\/wp-json\/wp\/v2\/media?parent=81500"}],"wp:term":[{"taxonomy":"category","embeddable":true,"href":"https:\/\/charleroi-pourlapalestine.be\/index.php\/wp-json\/wp\/v2\/categories?post=81500"},{"taxonomy":"post_tag","embeddable":true,"href":"https:\/\/charleroi-pourlapalestine.be\/index.php\/wp-json\/wp\/v2\/tags?post=81500"}],"curies":[{"name":"wp","href":"https:\/\/api.w.org\/{rel}","templated":true}]}}