{"id":81825,"date":"2025-02-22T09:01:26","date_gmt":"2025-02-22T08:01:26","guid":{"rendered":"https:\/\/charleroi-pourlapalestine.be\/?p=81825"},"modified":"2025-02-25T16:17:33","modified_gmt":"2025-02-25T15:17:33","slug":"l-autorite-palestinienne-sen-prend-aux-familles-des-prisonniers-palestiniens-un-crime-perpetre-en-commun-avec-limperialisme-et-le-sionisme","status":"publish","type":"post","link":"https:\/\/charleroi-pourlapalestine.be\/index.php\/2025\/02\/22\/l-autorite-palestinienne-sen-prend-aux-familles-des-prisonniers-palestiniens-un-crime-perpetre-en-commun-avec-limperialisme-et-le-sionisme\/","title":{"rendered":"L&rsquo;Autorit\u00e9 palestinienne s&rsquo;en prend aux familles des prisonniers palestiniens"},"content":{"rendered":"<p>L&rsquo;Autorit\u00e9 palestinienne a lanc\u00e9 une nouvelle attaque contre les prisonniers et les martyrs palestiniens, dans le cadre de sa <em>\u00ab coordination s\u00e9curitaire \u00bb<\/em> en cours avec le r\u00e9gime sioniste et en r\u00e9ponse aux exigences am\u00e9ricaines et europ\u00e9ennes, le tout au d\u00e9triment du peuple palestinien, de ses combattants du front et de leurs familles.<\/p>\n<p>&nbsp;<\/p>\n<div id=\"attachment_81827\" style=\"width: 908px\" class=\"wp-caption aligncenter\"><img loading=\"lazy\" decoding=\"async\" aria-describedby=\"caption-attachment-81827\" class=\"wp-image-81827 size-full\" src=\"https:\/\/charleroi-pourlapalestine.be\/wp-content\/uploads\/2025\/02\/Protestation-contre-lAutorite-palestinienne.png\" alt=\"Protestation contre les mesures de l'Autorit\u00e9 palestinienne \u00e0 l'encontre des prisonniers \" width=\"898\" height=\"491\" srcset=\"https:\/\/charleroi-pourlapalestine.be\/wp-content\/uploads\/2025\/02\/Protestation-contre-lAutorite-palestinienne.png 898w, https:\/\/charleroi-pourlapalestine.be\/wp-content\/uploads\/2025\/02\/Protestation-contre-lAutorite-palestinienne-300x164.png 300w, https:\/\/charleroi-pourlapalestine.be\/wp-content\/uploads\/2025\/02\/Protestation-contre-lAutorite-palestinienne-768x420.png 768w\" sizes=\"auto, (max-width: 898px) 100vw, 898px\" \/><p id=\"caption-attachment-81827\" class=\"wp-caption-text\"><strong>Protestation contre les mesures de l&rsquo;Autorit\u00e9 palestinienne. Sur les pancartes on peut lire : \u00ab\u00a0Les prisonniers ont droit \u00e0 des allocations\u00a0\u00bb, \u00ab\u00a0Respectez les droits des prisonniers\u00a0\u00bb,&nbsp; \u00ab\u00a0Supprimer les allocations des prisonniers est un crime national et moral crime\u00a0\u00bb<\/strong><\/p><\/div>\n<p>&nbsp;<\/p>\n<p><strong>Samidoun<\/strong>, 21 f\u00e9vrier 2025<\/p>\n<p><strong>Le r\u00e9seau Samidoun de solidarit\u00e9 avec les prisonniers palestiniens est aux c\u00f4t\u00e9s des prisonniers palestiniens, de leurs familles et du mouvement de lib\u00e9ration collective nationale pour d\u00e9noncer et rejeter cette attaque men\u00e9e contre le mouvement des prisonniers \u00e0 la demande de l&rsquo;Autorit\u00e9 palestinienne (AP), des puissances imp\u00e9rialistes et du r\u00e9gime sioniste.<\/strong><\/p>\n<p>Le 10 f\u00e9vrier 2025, le pr\u00e9sident <strong>Mahmoud Abbas<\/strong> (Abu Mazen) de l&rsquo;AP sortait un d\u00e9cret pr\u00e9sidentiel annulant les paiements des subventions financi\u00e8res aux familles des prisonniers, martyrs et bless\u00e9s palestiniens, comme cela avait \u00e9t\u00e9 stipul\u00e9 dans la<strong> Loi sur les prisonniers.<\/strong> En outre, le d\u00e9cret transf\u00e9rait la banque de donn\u00e9es, les fonds et la responsabilit\u00e9 du soutien aux familles des martyrs du minist\u00e8re du D\u00e9veloppement social \u2013 et de la commission des Affaires des prisonniers \u2013 \u00e0 la <strong>Fondation Tamkeen<\/strong>, l&rsquo;\u00ab<em> Institution nationale palestinienne pour l&rsquo;autonomisation politique<\/em> \u00bb, une ONG op\u00e9rant officiellement hors du cadre de l&rsquo;AP et de l&rsquo;OLP.<\/p>\n<p>Le d\u00e9cret sp\u00e9cifiait en outre que les familles des prisonniers, martyrs et bless\u00e9s recevraient du soutien selon les m\u00eames modalit\u00e9s que toutes les familles b\u00e9n\u00e9ficiant des fonds de bien-\u00eatre social en leur qualit\u00e9 de <em>\u00ab familles n\u00e9cessiteuses \u00bb.<\/em><\/p>\n<p>Outre le fait de provoquer <strong>une crise financi\u00e8re pour les familles de ceux qui ont consenti les plus grands sacrifices pour la lib\u00e9ration de la Palestine<\/strong>, cette action vise en outre \u00e0 <strong>d\u00e9truire le statut unique des prisonniers et des martyrs au sein de la soci\u00e9t\u00e9 palestinienne<\/strong>, faisant d&rsquo;eux en lieu et place des victimes des circonstances plut\u00f4t que des combattants v\u00e9t\u00e9rans qui se sont sacrifi\u00e9s pour la lib\u00e9ration de leur terre et de leur peuple.<\/p>\n<p>\u00c0 c\u00f4t\u00e9 du rejet g\u00e9n\u00e9ralis\u00e9 de ce d\u00e9cret par les organisations et factions politiques palestiniennes, dont le Hamas, le Djihad islamique et le Front populaire pour la lib\u00e9ration de la Palestine, ainsi que par un grand nombre de prisonniers du Fatah et de leurs familles, le pr\u00e9sident <strong>Qaddoura Fares<\/strong> de la <strong>commission des Affaires des prisonniers<\/strong> \u2013 l&rsquo;entit\u00e9 instaur\u00e9e auparavant pour g\u00e9rer ces paiements \u2013 a pris la parole contre ce m\u00eame d\u00e9cret en compagnie d&rsquo;autres organisations des prisonniers en Palestine. En r\u00e9ponse, Abbas a ordonn\u00e9 \u00e0 Fares de prendre sa retraite anticip\u00e9e, le d\u00e9mettant de ses fonctions parce qu&rsquo;il avait pris la d\u00e9fense des droits des prisonniers et de leurs familles.<\/p>\n<p>Samidoun rallie \u00e9galement le large \u00e9ventail des forces du mouvement palestinien de lib\u00e9ration en <strong>condamnant l&rsquo;attaque contre Qaddoura Fares<\/strong> et les personnes qui s&rsquo;expriment en faveur de la d\u00e9fense des prisonniers palestiniens.<\/p>\n<p>Le juriste palestinien<strong> Isam Abdeen<\/strong> a publi\u00e9 une <a href=\"https:\/\/qudsn.co\/post\/209067\/%D8%A7%D9%84%D9%85%D8%B1%D8%B3%D9%88%D9%85-%D8%A7%D9%84%D8%B1%D8%A6%D8%A7%D8%B3%D9%8A-%D8%A8%D8%B4%D8%A3%D9%86-%D8%A7%D9%84%D8%A3%D8%B3%D8%B1%D9%89-%D9%88%D8%A7%D9%84%D8%B4%D9%87%D8%AF%D8%A7%D8%A1-%D9%88%D8%A7%D9%84%D8%AC%D8%B1%D8%AD%D9%89-%D8%AC%D8%B1%D8%A7%D8%A6%D9%85-%D8%AF%D8%B3%D8%AA%D9%88%D8%B1%D9%8A%D8%A9-%D8%AA%D9%82%D9%88%D8%B6-%D8%AD%D9%82-%D8%AA%D9%82%D8%B1%D9%8A\" target=\"_blank\" rel=\"noopener\">analyse juridique<\/a> de l&rsquo;ordre, faisant remarquer que le mandat pr\u00e9sidentiel d&rsquo;Abbas a expir\u00e9 depuis longtemps et que, par cons\u00e9quent, ses d\u00e9crets n&rsquo;ont aucun poids, qu&rsquo;un d\u00e9cret pr\u00e9sidentiel n&rsquo;a pas l&rsquo;autorit\u00e9 d&rsquo;abroger une loi et que le d\u00e9cret, ainsi que d&rsquo;autres d\u00e9crets plus anciens r\u00e9duisant et limitant les droits des prisonniers et des martyrs, sont <a href=\"https:\/\/shahed.cc\/news\/83941\/%d8%ae%d8%a8%d9%8a%d8%b1-%d9%82%d8%a7%d9%86%d9%88%d9%86%d9%8a-%d9%82%d8%b1%d8%a7%d8%b1-%d8%b9%d8%a8%d8%a7%d8%b3-%d8%a8%d8%ae%d8%b5%d9%88%d8%b5-%d8%b1%d9%88%d8%a7%d8%aa%d8%a8-%d8%a3%d9%87%d8%a7%d9%84%d9%8a-%d8%a7%d9%84%d8%b4%d9%87%d8%af%d8%a7%d8%a1-%d9%88%d8%a7%d9%84%d8%a3%d8%b3%d8%b1%d9%89-%d8%a7%d9%86%d9%82%d9%84%d8%a7%d8%a8-%d8%af%d8%b3%d8%aa%d9%88%d8%b1%d9%8a-%d9%8a%d8%b3%d8%aa%d9%87%d8%af%d9%81-%d8%a7%d9%84%d9%82%d9%8a%d9%85-%d8%a7%d9%84%d9%88%d8%b7%d9%86%d9%8a%d8%a9\" target=\"_blank\" rel=\"noopener\">inconstitutionnels<\/a>, aussi bien selon la Loi de base ou constitution de l&rsquo;AP que selon la Charte nationale et les statuts de l&rsquo;OLP. Il \u00e9crit :<\/p>\n<blockquote><p>\u00ab Cela fait plut\u00f4t partie d&rsquo;un plan int\u00e9gr\u00e9 visant \u00e0 vider de leur contenu les droits nationaux des Palestiniens, \u00e0 resserrer le contr\u00f4le complet des ressources financi\u00e8res et \u00e0 r\u00e9-ajuster l&rsquo;\u00e9quilibre du pouvoir au sein de l&rsquo;Autorit\u00e9, de fa\u00e7on que la loyaut\u00e9 politique devienne une condition de base pour l&rsquo;obtention des droits les plus \u00e9l\u00e9mentaires. \u00bb<\/p><\/blockquote>\n<p>La<strong> Fondation Tamkeen<\/strong> est g\u00e9r\u00e9e par <strong>Ahmad Majdalani<\/strong>, un responsable de l&rsquo;Autorit\u00e9 palestinienne et en m\u00eame temps un alli\u00e9 d&rsquo;Abbas. L&rsquo;homme est devenu tristement c\u00e9l\u00e8bre pour ses positions contre la r\u00e9sistance et en faveur de la normalisation, depuis sa participation en 2016 \u00e0 la conf\u00e9rence de <strong>Herzliya,<\/strong> une conf\u00e9rence de la <em>\u00ab s\u00e9curit\u00e9 et politique de l&rsquo;\u00c9tat \u00bb<\/em> sioniste, jusqu&rsquo;\u00e0 sa d\u00e9claration de janvier 2024 \u2013 en plein g\u00e9nocide sioniste \u2013 disant que<\/p>\n<blockquote><p>\u00ab le Hamas est une organisation terroriste, dans sa forme, son programme et son discours politique actuels \u00bb.<\/p><\/blockquote>\n<p>La fondation de Majdalani s&rsquo;est vu accorder en premier lieu par l&rsquo;autorit\u00e9 le droit d&rsquo;exercer un contr\u00f4le invasif du statut financier des Palestiniens marginalis\u00e9s et appauvris, afin d&rsquo;\u00e9valuer leur <em>\u00ab \u00e9ligibilit\u00e9 \u00bb<\/em> aux programmes de protection sociale ne s&rsquo;\u00e9levant pas \u00e0 plus de 700 shekels (environ 200 USD) par mois.<\/p>\n<p>D\u00e9sormais, Abbas a l&rsquo;intention de conf\u00e9rer \u00e0 cette ONG priv\u00e9e \u2013 g\u00e9r\u00e9e par le responsable qui fait ces m\u00eames d\u00e9clarations manifestement hostiles \u00e0 la r\u00e9sistance \u2013 l&rsquo;autorit\u00e9 d&rsquo;<em>\u00ab \u00e9valuer \u00bb<\/em> de fa\u00e7on invasive les finances des familles des martyrs, prisonniers et bless\u00e9s de la cause palestinienne, afin de d\u00e9penser des montants ou sommes qui ne d\u00e9passent pas non plus 700 shekels par mois.<\/p>\n<p>C&rsquo;est une r\u00e9duction d&rsquo;au moins 50 pour 100 des dotations financi\u00e8res octroy\u00e9es aux familles des prisonniers et qui peut aller jusqu&rsquo;\u00e0 95 pour 100 selon le nombre d&rsquo;ann\u00e9es que le prisonnier a pass\u00e9es derri\u00e8re les barreaux, tout en \u00e9tant en m\u00eame temps une gifle aux sacrifices consentis par les prisonniers et les martyrs.<\/p>\n<p>Avant ce changement, les lois en place requ\u00e9raient ce qui suit :<\/p>\n<blockquote><p>\u00ab En s&rsquo;appuyant sur la Loi fondamentale palestinienne de 2003 et ses divers amendements, le prisonnier dans les prisons isra\u00e9liennes re\u00e7oit un salaire ou une somme mensuelle en raison de sa participation \u00e0 la lutte contre l&rsquo;occupation, \u00e0 condition qu&rsquo;il ne soit pas un salari\u00e9, et ce salaire lui est vers\u00e9, \u00e0 lui ou \u00e0 sa famille, et cesse imm\u00e9diatement d\u00e8s sa lib\u00e9ration des prisons de l&rsquo;occupation.<\/p>\n<p>\u00ab L&rsquo;article Deux de cette loi stipule que chaque prisonnier (arr\u00eat\u00e9 sur base de la lutte) se voie accorder un salaire mensuel qui doit lui \u00eatre vers\u00e9, \u00e0 lui ou \u00e0 sa famille, \u00e0 condition qu&rsquo;il ne tire pas profit d&rsquo;un salaire mensuel de quelque corps gouvernemental ou semi-gouvernemental ou de quelque institution officielle, et que les d\u00e9partements gouvernementaux, les institutions officielles ou semi-gouvernementales ne peuvent pas r\u00e9duire les salaires de leurs salari\u00e9s s&rsquo;ils sont captur\u00e9s.<\/p>\n<p>\u00ab L&rsquo;article Quatre confirme que la personne qui se voit imposer une r\u00e9sidence surveill\u00e9e par les autorit\u00e9s d&rsquo;occupation isra\u00e9liennes b\u00e9n\u00e9ficie des dispositions de ce syst\u00e8me, \u00e0 condition que sa famille soumette les documents de soutien n\u00e9cessaires \u00e0 l&rsquo;administration comp\u00e9tente et qu&rsquo;un salaire soit pay\u00e9 au prisonnier d\u00e8s la date de sa capture, conform\u00e9ment \u00e0 l&rsquo;article Sept.<\/p>\n<p>\u00ab Les articles de la loi incluent l&rsquo;addition d&rsquo;allocations et d&rsquo;augmentations du salaire, que ce soit en raison de la pr\u00e9sence d&rsquo;une \u00e9pouse ou d&rsquo;enfants, et cela constitue un salaire dont la valeur augmente avec le nombre d&rsquo;ann\u00e9es jusqu&rsquo;\u00e0 30 ans, apr\u00e8s quoi le montant ne change plus. \u00bb<\/p><\/blockquote>\n<p>La propagande sioniste, europ\u00e9enne et am\u00e9ricaine a attaqu\u00e9 de nombreuses fois ce syst\u00e8me au fil des d\u00e9cennies, en disant que les Palestiniens rallient la r\u00e9sistance et entreprennent leur lutte de lib\u00e9ration afin de concr\u00e9tiser ces <em>\u00ab paiements \u00bb<\/em>.<\/p>\n<p>Cette rh\u00e9torique raciste et absurde implique que les salaires semblables \u00e0 ceux des autres travailleurs constituent une incitation financi\u00e8re \u00e0 s&rsquo;engager dans la lutte \u2013 plut\u00f4t que les 77 ann\u00e9es et plus d&rsquo;occupation et de colonisation par les sionistes de la terre palestinienne, que le vol permanent des terres et des ressources, que les massacres de Palestiniens, que les attaques contre la mosqu\u00e9e Al-Aqsa Mosque et les lieux saints partout en Palestine, que le refus du droit au retour ou que la Nakba et le g\u00e9nocide en cours qui ciblent en permanence l&rsquo;existence des Palestiniens.<\/p>\n<p>Toutefois, d&rsquo;autre part, un tel syst\u00e8me \u2013 transf\u00e9r\u00e9 de celui de l&rsquo;\u00e9poque r\u00e9volutionnaire de l&rsquo;OLP \u2013 est celui d&rsquo;une nation engag\u00e9e dans une lutte de lib\u00e9ration, qui travaille \u00e0 soutenir ses prisonniers, ses martyrs et ses bless\u00e9s en tant qu&rsquo;honorables v\u00e9t\u00e9rans de la lutte ch\u00e9ris par la soci\u00e9t\u00e9 en tant qu&rsquo;avant-garde de la r\u00e9sistance et de la lib\u00e9ration. L&rsquo;attaque contre ce syst\u00e8me a tr\u00e8s manifestement pour but d&rsquo;\u00eatre <strong>un nouveau vecteur d&rsquo;attaque contre la r\u00e9sistance,<\/strong> en cr\u00e9ant parmi les combattants palestiniens un niveau suppl\u00e9mentaire de crainte, la crainte que leurs familles ne soient laiss\u00e9es compl\u00e8tement d\u00e9sempar\u00e9es et appauvries s&rsquo;ils entreprennent des actions pour d\u00e9fendre leur terre et leur peuple.<\/p>\n<p>Fondamentalement, cela n&rsquo;a rien de surprenant, puisque l&rsquo;Autorit\u00e9 palestinienne n&rsquo;a pas \u00e9t\u00e9 cr\u00e9\u00e9e pour entretenir, mais plut\u00f4t pour contr\u00f4ler, r\u00e9primer et tenir \u00e0 l\u2019\u0153il le peuple palestinien et sa r\u00e9sistance pour le compte du r\u00e9gime sioniste et des puissances imp\u00e9rialistes qui la financent, et ce, depuis sa cr\u00e9ation lors du processus d&rsquo;<strong>Oslo.<\/strong><\/p>\n<p>Toutefois, afin que l&rsquo;AP se voie accorder quelque forme de l\u00e9gitimit\u00e9, de telles dispositions ont \u00e9t\u00e9 per\u00e7ues comme n\u00e9cessaires ; sans ce soutien aux martyrs et aux prisonniers, l&rsquo;AP n&rsquo;aurait pas \u00e9t\u00e9 en mesure d&rsquo;usurper la position de l&rsquo;OLP ni de revendiquer un statut l\u00e9gitime de <em>\u00ab gouvernement \u00bb<\/em> (sans souverainet\u00e9 ni autod\u00e9termination).<\/p>\n<p>En outre, de telles subventions financi\u00e8res ont servi de m\u00e9canisme de contr\u00f4le, dans lequel la menace du retrait de fonds et le pouvoir de consigner une famille ou une organisation dans la pauvret\u00e9 et la marginalisation est utilis\u00e9 pour garder l&rsquo;Autorit\u00e9 en place en tant que force s\u00e9curitaire au profit de l&rsquo;occupation et des puissances imp\u00e9rialistes. En effet, l&rsquo;AP a pr\u00e9tendu ouvertement dans le pass\u00e9 que, si elle mettait un terme \u00e0 ces allocations, elles seraient reprises par les partis et organisations de la r\u00e9sistance, ce qui mettrait en p\u00e9ril la totalit\u00e9 du projet d&rsquo;Oslo.<\/p>\n<p>Cependant, la position agressive, ouvertement g\u00e9nocidaire du r\u00e9gime sioniste et des \u00c9tats imp\u00e9rialistes n&rsquo;a fait que s&rsquo;amplifier au fil des d\u00e9cennies. Le r\u00e9gime sioniste a vol\u00e9 les fonds (pris sur les taxes et imp\u00f4ts des Palestiniens !) de l&rsquo;Autorit\u00e9 dans le montant pay\u00e9 aux prisonniers et aux martyrs, puisque tout un assortiment de ministres sionistes racistes et de criminels de guerre, de Benjamin Netanyahou \u00e0 Itamar Ben-Gvir ou Bezalel Smotrich, d\u00e9clarent leur ambition ouverte de contr\u00f4ler la totalit\u00e9 de la Palestine par le biais du nettoyage ethnique et du g\u00e9nocide et sans qu&rsquo;il soit besoin que l&rsquo;AP serve de partenaire secondaire.<\/p>\n<p>Les EU ont adopt\u00e9 le <strong><em>\u00ab Taylor Force Act \u00bb<\/em> <\/strong>en 2018, qui interdit d&rsquo;aider financi\u00e8rement l&rsquo;AP sauf si elle cesse de payer des allocations aux familles des martyrs et des prisonniers ; il conviendrait de remarquer ici que la forme premi\u00e8re d&rsquo;aide am\u00e9ricaine \u00e0 l&rsquo;AP est celle de<em> \u00ab l&rsquo;assistance s\u00e9curitaire \u00bb<\/em> et, en effet, de contr\u00f4le \u2013 orientant le r\u00f4le des forces \u00ab s\u00e9curitaires \u00bb vers l&rsquo;apport de soutien \u00e0 l&rsquo;occupation et vers la collaboration avec le r\u00e9gime sioniste dans les poursuites et l&#8217;emprisonnement des combattants de la r\u00e9sistance.<\/p>\n<p>Fait remarquable, l&rsquo;Autorit\u00e9 palestinienne a intensifi\u00e9 ses attaques contre les combattants palestiniens, particuli\u00e8rement contre les camps de <strong>J\u00e9nine, Tulkarem et Tubas<\/strong>, en pr\u00e9lude de et en m\u00eame temps que l&rsquo;offensive sioniste actuelle contre les camps qui a d\u00e9j\u00e0 d\u00e9plac\u00e9 des dizaines de milliers de Palestiniens. Elle cherche \u00e0 se faire passer aux yeux des puissances imp\u00e9rialistes et des r\u00e9gimes r\u00e9actionnaires arabes comme un remplacement de la R\u00e9sistance \u00e0 Gaza au d\u00e9triment des prisonniers, des martyrs et de leurs familles.<\/p>\n<p>Toute une s\u00e9rie de puissances imp\u00e9rialistes europ\u00e9ennes se sont \u00e9galement jointes \u00e0 la campagne d&rsquo;appauvrissement des familles des martyrs et prisonniers palestiniens, comme l&rsquo;ont fait \u00e9galement des organisations sionistes de lobbying un peu partout dans le monde.<\/p>\n<p>En effet, <a href=\"https:\/\/www.auswaertiges-amt.de\/en\/newsroom\/news\/2700316-2700316\" target=\"_blank\" rel=\"noopener\"><strong>l&rsquo;\u00c9tat allemand<\/strong><\/a> \u2013 tristement r\u00e9put\u00e9 pour son soutien au g\u00e9nocide sioniste, il est l&rsquo;un des principaux fournisseurs d&rsquo;armes au r\u00e9gime sioniste dans le m\u00eame temps qu&rsquo;il interdit les organisations de solidarit\u00e9 avec la Palestine et avec les Palestiniens, qu&rsquo;il arr\u00eate des milliers de manifestants et qu&rsquo;il a m\u00eame interdit le slogan <em>\u00ab du fleuve \u00e0 la mer, la Palestine sera libre \u00bb<\/em> \u2013 a \u00e9t\u00e9 parmi les tout premiers \u00e0 f\u00e9liciter avec enthousiasme le d\u00e9cret d&rsquo;Abbas tout en faisant remarquer :<\/p>\n<blockquote><p>\u00ab Le gouvernement allemand accueille avec bienveillance la d\u00e9cision du pr\u00e9sident Abbas d&rsquo;abolir ce qu&rsquo;on appelle le Fonds des Martyrs. (&#8230;) En abolissant le syst\u00e8me de paiement des martyrs, l&rsquo;AP fait savoir qu&rsquo;elle est dispos\u00e9e \u00e0 s&rsquo;attaquer \u00e0 des r\u00e9formes, m\u00eame si elles s&rsquo;av\u00e8rent difficiles. En compagnie de l&rsquo;Union europ\u00e9enne, nous soutiendrons l&rsquo;AP si elle pers\u00e9v\u00e8re sur la voie de la r\u00e9forme. \u00bb<\/p><\/blockquote>\n<p>Ces actions ne devraient pas \u00eatre s\u00e9par\u00e9es d&rsquo;autres attaques contre les prisonniers palestiniens et la R\u00e9sistance, y compris l&rsquo;\u00e9tiquetage des mouvements de r\u00e9sistance palestiniens, libanais et y\u00e9m\u00e9nite comme organisations <em>\u00ab terroristes \u00bb,<\/em> en les soumettant \u00e0 des sanctions et en les criminalisant.<\/p>\n<p>Ceci s&rsquo;\u00e9tend \u00e0 la r\u00e9pression des organisations de masse qui luttent pour les prisonniers palestiniens, avec Samidoun qui se fait taxer d&rsquo;<em>\u00ab entit\u00e9 terroriste \u00bb<\/em> au <strong>Canada,<\/strong> est interdite en<strong> Allemagne<\/strong> et sanctionn\u00e9e aux <strong>\u00c9tats-Unis,<\/strong> uniquement en raison de ses plaidoyers en public, de ses manifestations et de ses positions politiques soutenant la r\u00e9sistance avec une attention toute particuli\u00e8re pour les prisonniers.<\/p>\n<p>Il conviendrait de remarquer que ce n&rsquo;est pas la premi\u00e8re fois que l&rsquo;Autorit\u00e9 palestinienne a c\u00e9d\u00e9 \u00e0 de telles exigences. En 2014, la commission des Affaires des prisonniers avait \u00e9t\u00e9 cr\u00e9\u00e9e en tant que corps \u00ab<em> financi\u00e8rement ind\u00e9pendant \u00bb<\/em> dans le but d&rsquo;\u00e9loigner l&rsquo;AP de ces allocations.<\/p>\n<p>Depuis lors, chaque fois qu&rsquo;un directeur de la commission fait passer les int\u00e9r\u00eats des prisonniers palestiniens avant ceux de la direction de l&rsquo;AP, il est soit licenci\u00e9 soit d\u00e9boulonn\u00e9. En 2018, <strong>Issa Qaraqe<\/strong>, \u00e0 l&rsquo;\u00e9poque chef de la commission des Affaires des prisonniers, a \u00e9t\u00e9 vir\u00e9 par Abbas ; aujourd&rsquo;hui, en 2025, c&rsquo;est \u00e0 <strong>Qaddoura<\/strong> qu&rsquo;on a ordonn\u00e9 de prendre sa retraite anticip\u00e9e ; dans les deux cas, il s&rsquo;agit de repr\u00e9sailles pour avoir refus\u00e9 d&rsquo;abandonner les prisonniers palestiniens \u00e0 la marginalisation.<\/p>\n<p>Tout au long de ce processus, l&rsquo;Autorit\u00e9 palestinienne continue d&rsquo;arr\u00eater, d&#8217;emprisonner et de poursuivre les combattants de la r\u00e9sistance et les activistes communistes, dans le cadre de la <em>\u00ab coordination s\u00e9curitaire \u00bb<\/em> avec l&rsquo;occupation isra\u00e9lienne. Des dizaines de Palestiniens sont d\u00e9tenus dans les prisons de l&rsquo;AP parce qu&rsquo;ils ont soutenu la r\u00e9sistance \u00e0 l&rsquo;occupation, y compris, dans de nombreux cas, pour avoir fourni du soutien aux familles des prisonniers et des martyrs.<\/p>\n<p><strong>Le R\u00e9seau Samidoun de solidarit\u00e9 avec les prisonniers palestiniens affiche sa solidarit\u00e9 totale avec les familles des martyrs, des prisonniers et des bless\u00e9s. <\/strong><\/p>\n<p><strong>Ce d\u00e9cret est non seulement ill\u00e9gal et dangereux pour ces familles, il a \u00e9galement pour but d&rsquo;attaquer la base sociale et de saper le statut de la lutte de lib\u00e9ration palestinienne \u00e0 un niveau fondamental, en alt\u00e9rant la perception des martyrs et des prisonniers en tant que dirigeants et combattants de la r\u00e9sistance pour en faire d&rsquo;infortun\u00e9es victimes soumises \u00e0 des interrogatoires et \u00e0 des examens minutieux intrusifs de la part des normalisateurs et des ennemis de la r\u00e9sistance. <\/strong><\/p>\n<p><strong>En outre, le limogeage de Qaddoura Fares met en \u00e9vidence l&rsquo;approche permanente de l&rsquo;AP \u00e0 Ramallah en vue de faire face aux dissensions et particuli\u00e8rement \u00e0 la lutte de lib\u00e9ration en recourant \u00e0 la r\u00e9pression et \u00e0 la r\u00e9duction au silence. Ce n&rsquo;est pas le crime de la seule AP \u00e0 Ramallah \u2013 les \u00c9tats-Unis, les puissances imp\u00e9rialistes europ\u00e9ennes et le r\u00e9gime sioniste partagent l&rsquo;enti\u00e8re responsabilit\u00e9 de cette attaque contre les prisonniers et leurs familles et il se fait en m\u00eame temps que la R\u00e9sistance \u00e0 Gaza met tout en \u0153uvre pour lib\u00e9rer tous les prisonniers palestiniens dans le cadre du Toufan al-Ahrar, le D\u00e9luge des Libres.<\/strong><\/p>\n<p><strong>Nous affirmons que les martyrs et prisonniers palestiniens ne sont pas seuls et qu&rsquo;ils ne resteront jamais seuls et nous invitons instamment tous les sympathisants de la Palestine dans le monde entier \u00e0 affronter et d\u00e9fier ces mesures de coercition et de paup\u00e9risation et d&rsquo;accro\u00eetre sensiblement notre soutien aux prisonniers et \u00e0 la r\u00e9sistance qui luttent quotidiennement pour la lib\u00e9ration de la Palestine malgr\u00e9 les niveaux tr\u00e8s \u00e9lev\u00e9s de la r\u00e9pression, de la violence et du g\u00e9nocide.<\/strong><\/p>\n<p><strong>De fleuve \u00e0 la mer, la Palestine sera libre !<\/strong><\/p>\n<p style=\"text-align: center;\">*****<\/p>\n<p>Publi\u00e9 le 21 f\u00e9vrier 2025 sur <a href=\"https:\/\/samidoun.net\/2025\/02\/the-palestinian-authority-attacks-palestinian-prisoners-families-a-joint-crime-with-imperialism-and-zionism\/\" target=\"_blank\" rel=\"noopener\">Samidoun<\/a><br \/>\nTraduction : Jean-Marie Fl\u00e9mal, <a href=\"https:\/\/charleroi-pourlapalestine.be\/\">Charleroi pour la Palestine<\/a><\/p>\n<p>&nbsp;<\/p>\n","protected":false},"excerpt":{"rendered":"<p>Cette action vise en outre \u00e0 d\u00e9truire le statut unique des prisonniers et des martyrs au sein de la soci\u00e9t\u00e9 palestinienne,<\/p>\n","protected":false},"author":1,"featured_media":81827,"comment_status":"closed","ping_status":"closed","sticky":false,"template":"","format":"standard","meta":{"ngg_post_thumbnail":0,"footnotes":""},"categories":[24,177,123,13],"tags":[],"class_list":["post-81825","post","type-post","status-publish","format-standard","has-post-thumbnail","hentry","category-lautorite-palestinienne","category-collaboration","category-familles-de-prisonniers","category-les-prisionners-palestiniens"],"yoast_head":"<!-- This site is optimized with the Yoast SEO plugin v27.3 - https:\/\/yoast.com\/product\/yoast-seo-wordpress\/ -->\n<title>L&#039;Autorit\u00e9 palestinienne s&#039;en prend aux familles des prisonniers palestiniens<\/title>\n<meta name=\"description\" content=\"L&#039;Autorit\u00e9 palestinienne vise en outre \u00e0 d\u00e9truire le statut unique des prisonniers et des martyrs au sein de la soci\u00e9t\u00e9 palestinienne\" \/>\n<meta name=\"robots\" content=\"index, follow, max-snippet:-1, max-image-preview:large, max-video-preview:-1\" \/>\n<link rel=\"canonical\" href=\"https:\/\/charleroi-pourlapalestine.be\/index.php\/2025\/02\/22\/l-autorite-palestinienne-sen-prend-aux-familles-des-prisonniers-palestiniens-un-crime-perpetre-en-commun-avec-limperialisme-et-le-sionisme\/\" \/>\n<script type=\"application\/ld+json\" class=\"yoast-schema-graph\">{\"@context\":\"https:\\\/\\\/schema.org\",\"@graph\":[{\"@type\":\"Article\",\"@id\":\"https:\\\/\\\/charleroi-pourlapalestine.be\\\/index.php\\\/2025\\\/02\\\/22\\\/l-autorite-palestinienne-sen-prend-aux-familles-des-prisonniers-palestiniens-un-crime-perpetre-en-commun-avec-limperialisme-et-le-sionisme\\\/#article\",\"isPartOf\":{\"@id\":\"https:\\\/\\\/charleroi-pourlapalestine.be\\\/index.php\\\/2025\\\/02\\\/22\\\/l-autorite-palestinienne-sen-prend-aux-familles-des-prisonniers-palestiniens-un-crime-perpetre-en-commun-avec-limperialisme-et-le-sionisme\\\/\"},\"author\":{\"name\":\"admin1873\",\"@id\":\"https:\\\/\\\/charleroi-pourlapalestine.be\\\/#\\\/schema\\\/person\\\/c19ff515112f1299d8c12671d8fe3faa\"},\"headline\":\"L&rsquo;Autorit\u00e9 palestinienne s&rsquo;en prend aux familles des prisonniers palestiniens\",\"datePublished\":\"2025-02-22T08:01:26+00:00\",\"dateModified\":\"2025-02-25T15:17:33+00:00\",\"mainEntityOfPage\":{\"@id\":\"https:\\\/\\\/charleroi-pourlapalestine.be\\\/index.php\\\/2025\\\/02\\\/22\\\/l-autorite-palestinienne-sen-prend-aux-familles-des-prisonniers-palestiniens-un-crime-perpetre-en-commun-avec-limperialisme-et-le-sionisme\\\/\"},\"wordCount\":2999,\"publisher\":{\"@id\":\"https:\\\/\\\/charleroi-pourlapalestine.be\\\/#organization\"},\"image\":{\"@id\":\"https:\\\/\\\/charleroi-pourlapalestine.be\\\/index.php\\\/2025\\\/02\\\/22\\\/l-autorite-palestinienne-sen-prend-aux-familles-des-prisonniers-palestiniens-un-crime-perpetre-en-commun-avec-limperialisme-et-le-sionisme\\\/#primaryimage\"},\"thumbnailUrl\":\"https:\\\/\\\/charleroi-pourlapalestine.be\\\/wp-content\\\/uploads\\\/2025\\\/02\\\/Protestation-contre-lAutorite-palestinienne.png\",\"articleSection\":[\"Autorit\u00e9 palestinienne\",\"Collaboration\",\"Familles de prisonniers\",\"Prisonniers\"],\"inLanguage\":\"fr-FR\"},{\"@type\":\"WebPage\",\"@id\":\"https:\\\/\\\/charleroi-pourlapalestine.be\\\/index.php\\\/2025\\\/02\\\/22\\\/l-autorite-palestinienne-sen-prend-aux-familles-des-prisonniers-palestiniens-un-crime-perpetre-en-commun-avec-limperialisme-et-le-sionisme\\\/\",\"url\":\"https:\\\/\\\/charleroi-pourlapalestine.be\\\/index.php\\\/2025\\\/02\\\/22\\\/l-autorite-palestinienne-sen-prend-aux-familles-des-prisonniers-palestiniens-un-crime-perpetre-en-commun-avec-limperialisme-et-le-sionisme\\\/\",\"name\":\"L'Autorit\u00e9 palestinienne s'en prend aux familles des prisonniers palestiniens\",\"isPartOf\":{\"@id\":\"https:\\\/\\\/charleroi-pourlapalestine.be\\\/#website\"},\"primaryImageOfPage\":{\"@id\":\"https:\\\/\\\/charleroi-pourlapalestine.be\\\/index.php\\\/2025\\\/02\\\/22\\\/l-autorite-palestinienne-sen-prend-aux-familles-des-prisonniers-palestiniens-un-crime-perpetre-en-commun-avec-limperialisme-et-le-sionisme\\\/#primaryimage\"},\"image\":{\"@id\":\"https:\\\/\\\/charleroi-pourlapalestine.be\\\/index.php\\\/2025\\\/02\\\/22\\\/l-autorite-palestinienne-sen-prend-aux-familles-des-prisonniers-palestiniens-un-crime-perpetre-en-commun-avec-limperialisme-et-le-sionisme\\\/#primaryimage\"},\"thumbnailUrl\":\"https:\\\/\\\/charleroi-pourlapalestine.be\\\/wp-content\\\/uploads\\\/2025\\\/02\\\/Protestation-contre-lAutorite-palestinienne.png\",\"datePublished\":\"2025-02-22T08:01:26+00:00\",\"dateModified\":\"2025-02-25T15:17:33+00:00\",\"description\":\"L'Autorit\u00e9 palestinienne vise en outre \u00e0 d\u00e9truire le statut unique des prisonniers et des martyrs au sein de la soci\u00e9t\u00e9 palestinienne\",\"breadcrumb\":{\"@id\":\"https:\\\/\\\/charleroi-pourlapalestine.be\\\/index.php\\\/2025\\\/02\\\/22\\\/l-autorite-palestinienne-sen-prend-aux-familles-des-prisonniers-palestiniens-un-crime-perpetre-en-commun-avec-limperialisme-et-le-sionisme\\\/#breadcrumb\"},\"inLanguage\":\"fr-FR\",\"potentialAction\":[{\"@type\":\"ReadAction\",\"target\":[\"https:\\\/\\\/charleroi-pourlapalestine.be\\\/index.php\\\/2025\\\/02\\\/22\\\/l-autorite-palestinienne-sen-prend-aux-familles-des-prisonniers-palestiniens-un-crime-perpetre-en-commun-avec-limperialisme-et-le-sionisme\\\/\"]}]},{\"@type\":\"ImageObject\",\"inLanguage\":\"fr-FR\",\"@id\":\"https:\\\/\\\/charleroi-pourlapalestine.be\\\/index.php\\\/2025\\\/02\\\/22\\\/l-autorite-palestinienne-sen-prend-aux-familles-des-prisonniers-palestiniens-un-crime-perpetre-en-commun-avec-limperialisme-et-le-sionisme\\\/#primaryimage\",\"url\":\"https:\\\/\\\/charleroi-pourlapalestine.be\\\/wp-content\\\/uploads\\\/2025\\\/02\\\/Protestation-contre-lAutorite-palestinienne.png\",\"contentUrl\":\"https:\\\/\\\/charleroi-pourlapalestine.be\\\/wp-content\\\/uploads\\\/2025\\\/02\\\/Protestation-contre-lAutorite-palestinienne.png\",\"width\":898,\"height\":491},{\"@type\":\"BreadcrumbList\",\"@id\":\"https:\\\/\\\/charleroi-pourlapalestine.be\\\/index.php\\\/2025\\\/02\\\/22\\\/l-autorite-palestinienne-sen-prend-aux-familles-des-prisonniers-palestiniens-un-crime-perpetre-en-commun-avec-limperialisme-et-le-sionisme\\\/#breadcrumb\",\"itemListElement\":[{\"@type\":\"ListItem\",\"position\":1,\"name\":\"Accueil\",\"item\":\"https:\\\/\\\/charleroi-pourlapalestine.be\\\/\"},{\"@type\":\"ListItem\",\"position\":2,\"name\":\"L&rsquo;Autorit\u00e9 palestinienne s&rsquo;en prend aux familles des prisonniers palestiniens\"}]},{\"@type\":\"WebSite\",\"@id\":\"https:\\\/\\\/charleroi-pourlapalestine.be\\\/#website\",\"url\":\"https:\\\/\\\/charleroi-pourlapalestine.be\\\/\",\"name\":\"Charleroi Pour la Palestine\",\"description\":\"\",\"publisher\":{\"@id\":\"https:\\\/\\\/charleroi-pourlapalestine.be\\\/#organization\"},\"potentialAction\":[{\"@type\":\"SearchAction\",\"target\":{\"@type\":\"EntryPoint\",\"urlTemplate\":\"https:\\\/\\\/charleroi-pourlapalestine.be\\\/?s={search_term_string}\"},\"query-input\":{\"@type\":\"PropertyValueSpecification\",\"valueRequired\":true,\"valueName\":\"search_term_string\"}}],\"inLanguage\":\"fr-FR\"},{\"@type\":\"Organization\",\"@id\":\"https:\\\/\\\/charleroi-pourlapalestine.be\\\/#organization\",\"name\":\"Plate-forme Charleroi-Palestine\",\"url\":\"https:\\\/\\\/charleroi-pourlapalestine.be\\\/\",\"logo\":{\"@type\":\"ImageObject\",\"inLanguage\":\"fr-FR\",\"@id\":\"https:\\\/\\\/charleroi-pourlapalestine.be\\\/#\\\/schema\\\/logo\\\/image\\\/\",\"url\":\"https:\\\/\\\/charleroi-pourlapalestine.be\\\/wp-content\\\/uploads\\\/2020\\\/01\\\/logo-Copy.jpg\",\"contentUrl\":\"https:\\\/\\\/charleroi-pourlapalestine.be\\\/wp-content\\\/uploads\\\/2020\\\/01\\\/logo-Copy.jpg\",\"width\":180,\"height\":180,\"caption\":\"Plate-forme Charleroi-Palestine\"},\"image\":{\"@id\":\"https:\\\/\\\/charleroi-pourlapalestine.be\\\/#\\\/schema\\\/logo\\\/image\\\/\"},\"sameAs\":[\"https:\\\/\\\/www.facebook.com\\\/PlateformeCharleroiPalestine\\\/\",\"https:\\\/\\\/x.com\\\/LaCharleroi\"]},{\"@type\":\"Person\",\"@id\":\"https:\\\/\\\/charleroi-pourlapalestine.be\\\/#\\\/schema\\\/person\\\/c19ff515112f1299d8c12671d8fe3faa\",\"name\":\"admin1873\",\"url\":\"https:\\\/\\\/charleroi-pourlapalestine.be\\\/index.php\\\/author\\\/admin1873\\\/\"}]}<\/script>\n<!-- \/ Yoast SEO plugin. -->","yoast_head_json":{"title":"L'Autorit\u00e9 palestinienne s'en prend aux familles des prisonniers palestiniens","description":"L'Autorit\u00e9 palestinienne vise en outre \u00e0 d\u00e9truire le statut unique des prisonniers et des martyrs au sein de la soci\u00e9t\u00e9 palestinienne","robots":{"index":"index","follow":"follow","max-snippet":"max-snippet:-1","max-image-preview":"max-image-preview:large","max-video-preview":"max-video-preview:-1"},"canonical":"https:\/\/charleroi-pourlapalestine.be\/index.php\/2025\/02\/22\/l-autorite-palestinienne-sen-prend-aux-familles-des-prisonniers-palestiniens-un-crime-perpetre-en-commun-avec-limperialisme-et-le-sionisme\/","schema":{"@context":"https:\/\/schema.org","@graph":[{"@type":"Article","@id":"https:\/\/charleroi-pourlapalestine.be\/index.php\/2025\/02\/22\/l-autorite-palestinienne-sen-prend-aux-familles-des-prisonniers-palestiniens-un-crime-perpetre-en-commun-avec-limperialisme-et-le-sionisme\/#article","isPartOf":{"@id":"https:\/\/charleroi-pourlapalestine.be\/index.php\/2025\/02\/22\/l-autorite-palestinienne-sen-prend-aux-familles-des-prisonniers-palestiniens-un-crime-perpetre-en-commun-avec-limperialisme-et-le-sionisme\/"},"author":{"name":"admin1873","@id":"https:\/\/charleroi-pourlapalestine.be\/#\/schema\/person\/c19ff515112f1299d8c12671d8fe3faa"},"headline":"L&rsquo;Autorit\u00e9 palestinienne s&rsquo;en prend aux familles des prisonniers palestiniens","datePublished":"2025-02-22T08:01:26+00:00","dateModified":"2025-02-25T15:17:33+00:00","mainEntityOfPage":{"@id":"https:\/\/charleroi-pourlapalestine.be\/index.php\/2025\/02\/22\/l-autorite-palestinienne-sen-prend-aux-familles-des-prisonniers-palestiniens-un-crime-perpetre-en-commun-avec-limperialisme-et-le-sionisme\/"},"wordCount":2999,"publisher":{"@id":"https:\/\/charleroi-pourlapalestine.be\/#organization"},"image":{"@id":"https:\/\/charleroi-pourlapalestine.be\/index.php\/2025\/02\/22\/l-autorite-palestinienne-sen-prend-aux-familles-des-prisonniers-palestiniens-un-crime-perpetre-en-commun-avec-limperialisme-et-le-sionisme\/#primaryimage"},"thumbnailUrl":"https:\/\/charleroi-pourlapalestine.be\/wp-content\/uploads\/2025\/02\/Protestation-contre-lAutorite-palestinienne.png","articleSection":["Autorit\u00e9 palestinienne","Collaboration","Familles de prisonniers","Prisonniers"],"inLanguage":"fr-FR"},{"@type":"WebPage","@id":"https:\/\/charleroi-pourlapalestine.be\/index.php\/2025\/02\/22\/l-autorite-palestinienne-sen-prend-aux-familles-des-prisonniers-palestiniens-un-crime-perpetre-en-commun-avec-limperialisme-et-le-sionisme\/","url":"https:\/\/charleroi-pourlapalestine.be\/index.php\/2025\/02\/22\/l-autorite-palestinienne-sen-prend-aux-familles-des-prisonniers-palestiniens-un-crime-perpetre-en-commun-avec-limperialisme-et-le-sionisme\/","name":"L'Autorit\u00e9 palestinienne s'en prend aux familles des prisonniers palestiniens","isPartOf":{"@id":"https:\/\/charleroi-pourlapalestine.be\/#website"},"primaryImageOfPage":{"@id":"https:\/\/charleroi-pourlapalestine.be\/index.php\/2025\/02\/22\/l-autorite-palestinienne-sen-prend-aux-familles-des-prisonniers-palestiniens-un-crime-perpetre-en-commun-avec-limperialisme-et-le-sionisme\/#primaryimage"},"image":{"@id":"https:\/\/charleroi-pourlapalestine.be\/index.php\/2025\/02\/22\/l-autorite-palestinienne-sen-prend-aux-familles-des-prisonniers-palestiniens-un-crime-perpetre-en-commun-avec-limperialisme-et-le-sionisme\/#primaryimage"},"thumbnailUrl":"https:\/\/charleroi-pourlapalestine.be\/wp-content\/uploads\/2025\/02\/Protestation-contre-lAutorite-palestinienne.png","datePublished":"2025-02-22T08:01:26+00:00","dateModified":"2025-02-25T15:17:33+00:00","description":"L'Autorit\u00e9 palestinienne vise en outre \u00e0 d\u00e9truire le statut unique des prisonniers et des martyrs au sein de la soci\u00e9t\u00e9 palestinienne","breadcrumb":{"@id":"https:\/\/charleroi-pourlapalestine.be\/index.php\/2025\/02\/22\/l-autorite-palestinienne-sen-prend-aux-familles-des-prisonniers-palestiniens-un-crime-perpetre-en-commun-avec-limperialisme-et-le-sionisme\/#breadcrumb"},"inLanguage":"fr-FR","potentialAction":[{"@type":"ReadAction","target":["https:\/\/charleroi-pourlapalestine.be\/index.php\/2025\/02\/22\/l-autorite-palestinienne-sen-prend-aux-familles-des-prisonniers-palestiniens-un-crime-perpetre-en-commun-avec-limperialisme-et-le-sionisme\/"]}]},{"@type":"ImageObject","inLanguage":"fr-FR","@id":"https:\/\/charleroi-pourlapalestine.be\/index.php\/2025\/02\/22\/l-autorite-palestinienne-sen-prend-aux-familles-des-prisonniers-palestiniens-un-crime-perpetre-en-commun-avec-limperialisme-et-le-sionisme\/#primaryimage","url":"https:\/\/charleroi-pourlapalestine.be\/wp-content\/uploads\/2025\/02\/Protestation-contre-lAutorite-palestinienne.png","contentUrl":"https:\/\/charleroi-pourlapalestine.be\/wp-content\/uploads\/2025\/02\/Protestation-contre-lAutorite-palestinienne.png","width":898,"height":491},{"@type":"BreadcrumbList","@id":"https:\/\/charleroi-pourlapalestine.be\/index.php\/2025\/02\/22\/l-autorite-palestinienne-sen-prend-aux-familles-des-prisonniers-palestiniens-un-crime-perpetre-en-commun-avec-limperialisme-et-le-sionisme\/#breadcrumb","itemListElement":[{"@type":"ListItem","position":1,"name":"Accueil","item":"https:\/\/charleroi-pourlapalestine.be\/"},{"@type":"ListItem","position":2,"name":"L&rsquo;Autorit\u00e9 palestinienne s&rsquo;en prend aux familles des prisonniers palestiniens"}]},{"@type":"WebSite","@id":"https:\/\/charleroi-pourlapalestine.be\/#website","url":"https:\/\/charleroi-pourlapalestine.be\/","name":"Charleroi Pour la Palestine","description":"","publisher":{"@id":"https:\/\/charleroi-pourlapalestine.be\/#organization"},"potentialAction":[{"@type":"SearchAction","target":{"@type":"EntryPoint","urlTemplate":"https:\/\/charleroi-pourlapalestine.be\/?s={search_term_string}"},"query-input":{"@type":"PropertyValueSpecification","valueRequired":true,"valueName":"search_term_string"}}],"inLanguage":"fr-FR"},{"@type":"Organization","@id":"https:\/\/charleroi-pourlapalestine.be\/#organization","name":"Plate-forme Charleroi-Palestine","url":"https:\/\/charleroi-pourlapalestine.be\/","logo":{"@type":"ImageObject","inLanguage":"fr-FR","@id":"https:\/\/charleroi-pourlapalestine.be\/#\/schema\/logo\/image\/","url":"https:\/\/charleroi-pourlapalestine.be\/wp-content\/uploads\/2020\/01\/logo-Copy.jpg","contentUrl":"https:\/\/charleroi-pourlapalestine.be\/wp-content\/uploads\/2020\/01\/logo-Copy.jpg","width":180,"height":180,"caption":"Plate-forme Charleroi-Palestine"},"image":{"@id":"https:\/\/charleroi-pourlapalestine.be\/#\/schema\/logo\/image\/"},"sameAs":["https:\/\/www.facebook.com\/PlateformeCharleroiPalestine\/","https:\/\/x.com\/LaCharleroi"]},{"@type":"Person","@id":"https:\/\/charleroi-pourlapalestine.be\/#\/schema\/person\/c19ff515112f1299d8c12671d8fe3faa","name":"admin1873","url":"https:\/\/charleroi-pourlapalestine.be\/index.php\/author\/admin1873\/"}]}},"_links":{"self":[{"href":"https:\/\/charleroi-pourlapalestine.be\/index.php\/wp-json\/wp\/v2\/posts\/81825","targetHints":{"allow":["GET"]}}],"collection":[{"href":"https:\/\/charleroi-pourlapalestine.be\/index.php\/wp-json\/wp\/v2\/posts"}],"about":[{"href":"https:\/\/charleroi-pourlapalestine.be\/index.php\/wp-json\/wp\/v2\/types\/post"}],"author":[{"embeddable":true,"href":"https:\/\/charleroi-pourlapalestine.be\/index.php\/wp-json\/wp\/v2\/users\/1"}],"replies":[{"embeddable":true,"href":"https:\/\/charleroi-pourlapalestine.be\/index.php\/wp-json\/wp\/v2\/comments?post=81825"}],"version-history":[{"count":0,"href":"https:\/\/charleroi-pourlapalestine.be\/index.php\/wp-json\/wp\/v2\/posts\/81825\/revisions"}],"wp:featuredmedia":[{"embeddable":true,"href":"https:\/\/charleroi-pourlapalestine.be\/index.php\/wp-json\/wp\/v2\/media\/81827"}],"wp:attachment":[{"href":"https:\/\/charleroi-pourlapalestine.be\/index.php\/wp-json\/wp\/v2\/media?parent=81825"}],"wp:term":[{"taxonomy":"category","embeddable":true,"href":"https:\/\/charleroi-pourlapalestine.be\/index.php\/wp-json\/wp\/v2\/categories?post=81825"},{"taxonomy":"post_tag","embeddable":true,"href":"https:\/\/charleroi-pourlapalestine.be\/index.php\/wp-json\/wp\/v2\/tags?post=81825"}],"curies":[{"name":"wp","href":"https:\/\/api.w.org\/{rel}","templated":true}]}}