{"id":82077,"date":"2025-02-27T11:42:51","date_gmt":"2025-02-27T10:42:51","guid":{"rendered":"https:\/\/charleroi-pourlapalestine.be\/?p=82077"},"modified":"2025-02-27T11:56:08","modified_gmt":"2025-02-27T10:56:08","slug":"action-pour-la-liberation-de-georges-abdallah-a-paris-et-en-belgique","status":"publish","type":"post","link":"https:\/\/charleroi-pourlapalestine.be\/index.php\/2025\/02\/27\/action-pour-la-liberation-de-georges-abdallah-a-paris-et-en-belgique\/","title":{"rendered":"Action pour la lib\u00e9ration de Georges Abdallah \u00e0 Paris"},"content":{"rendered":"<p>Dimanche 23 f\u00e9vrier dans le 20\u00e8me arrondissement de Paris une grande action banderole a \u00e9t\u00e9 organis\u00e9e pour exiger la lib\u00e9ration imm\u00e9diate de notre camarade Georges Abdallah.<\/p>\n<p>&nbsp;<\/p>\n<p data-wp-editing=\"1\"><img loading=\"lazy\" decoding=\"async\" class=\"aligncenter wp-image-82081 size-full\" src=\"https:\/\/charleroi-pourlapalestine.be\/wp-content\/uploads\/2025\/02\/40-ans-de-combat.png\" alt=\"\" width=\"905\" height=\"535\" srcset=\"https:\/\/charleroi-pourlapalestine.be\/wp-content\/uploads\/2025\/02\/40-ans-de-combat.png 905w, https:\/\/charleroi-pourlapalestine.be\/wp-content\/uploads\/2025\/02\/40-ans-de-combat-300x177.png 300w, https:\/\/charleroi-pourlapalestine.be\/wp-content\/uploads\/2025\/02\/40-ans-de-combat-768x454.png 768w\" sizes=\"auto, (max-width: 905px) 100vw, 905px\" \/><\/p>\n<p>&nbsp;<\/p>\n<p><strong>Samidoun<\/strong>, 25 f\u00e9vrier 2025<\/p>\n<p>Incarc\u00e9r\u00e9 en France depuis 1984 et lib\u00e9rable depuis 1999, <a href=\"https:\/\/charleroi-pourlapalestine.be\/index.php\/tag\/georges-abdallah\/\" target=\"_blank\" rel=\"noopener\"><strong>Georges Abdallah<\/strong> <\/a>est un communiste arabe, libanais, combattant de la r\u00e9sistance palestinienne. En d\u00e9pit d\u2019un acharnement long de plus de 40 ans de la part des autorit\u00e9 fran\u00e7aises, \u00e9tats-uniennes et sionistes, il n\u2019a jamais reni\u00e9 ses convictions r\u00e9volutionnaires et son soutien \u00e0 la r\u00e9sistance du peuple palestinien contre la colonisation et l\u2019occupation de sa terre, contre le g\u00e9nocide et a, toutes ces ann\u00e9es, affirm\u00e9 clairement ses positions progressistes, anti imp\u00e9rialistes et anti sionistes.<br><br><\/p>\n<p><img loading=\"lazy\" decoding=\"async\" class=\"aligncenter wp-image-82085 size-full\" src=\"https:\/\/charleroi-pourlapalestine.be\/wp-content\/uploads\/2025\/02\/40-ans-de-combat-2.png\" alt=\"\" width=\"898\" height=\"540\" srcset=\"https:\/\/charleroi-pourlapalestine.be\/wp-content\/uploads\/2025\/02\/40-ans-de-combat-2.png 898w, https:\/\/charleroi-pourlapalestine.be\/wp-content\/uploads\/2025\/02\/40-ans-de-combat-2-300x180.png 300w, https:\/\/charleroi-pourlapalestine.be\/wp-content\/uploads\/2025\/02\/40-ans-de-combat-2-768x462.png 768w\" sizes=\"auto, (max-width: 898px) 100vw, 898px\" \/><\/p>\n<p>&nbsp;<\/p>\n<p>Jeudi 20 f\u00e9vrier, <a href=\"https:\/\/charleroi-pourlapalestine.be\/index.php\/2025\/02\/20\/georges-abdallah-reste-en-prison-lacharnement-continue-notre-mobilisation-aussi\/\"><strong>la cour d\u2019Appel de Paris a ajourn\u00e9e la d\u00e9cision concernant la lib\u00e9ration<\/strong><\/a> de notre camarade au 19 juin. Malgr\u00e9 qu\u2019elle ait valid\u00e9 une nouvelle fois la n\u00e9cessit\u00e9 de lib\u00e9rer Georges Abdallah, elle a justifi\u00e9 ce report en invoquant le d\u00e9dommagement des parties civiles (la famille de Charles Ray) repoussant une nouvelle fois sa lib\u00e9ration.<\/p>\n<p>Cette incarc\u00e9ration, comme la dissolution honteuse du <a href=\"https:\/\/charleroi-pourlapalestine.be\/index.php\/2025\/02\/21\/un-nouvel-acte-scandaleux-de-la-justice-francaise-la-dissolution-du-collectif-palestine-vaincra-est-maintenue-par-le-conseil-detat\/\"><strong>Collectif Palestine Vaincra<\/strong><\/a>, est une illustration flagrante de la politique imp\u00e9rialiste du gouvernement colonial fran\u00e7ais, fervent soutien et alli\u00e9 de l\u2019entit\u00e9 g\u00e9nocidaire sioniste !<\/p>\n<p>&nbsp;<\/p>\n<p><img loading=\"lazy\" decoding=\"async\" class=\"aligncenter wp-image-82086 size-full\" src=\"https:\/\/charleroi-pourlapalestine.be\/wp-content\/uploads\/2025\/02\/40-ans-de-combat-3.png\" alt=\"D\u2019ici le 19 juin prochain, mobilisons nous activement et le plus massivement possible pour arracher la lib\u00e9ration de Georges Abdallah\" width=\"896\" height=\"595\" srcset=\"https:\/\/charleroi-pourlapalestine.be\/wp-content\/uploads\/2025\/02\/40-ans-de-combat-3.png 896w, https:\/\/charleroi-pourlapalestine.be\/wp-content\/uploads\/2025\/02\/40-ans-de-combat-3-300x199.png 300w, https:\/\/charleroi-pourlapalestine.be\/wp-content\/uploads\/2025\/02\/40-ans-de-combat-3-768x510.png 768w\" sizes=\"auto, (max-width: 896px) 100vw, 896px\" \/><\/p>\n<p>&nbsp;<\/p>\n<p><strong>Alors d\u2019ici le 19 juin prochain, mobilisons nous activement et le plus massivement possible, dans nos universit\u00e9s, nos lieux de travail et les rues de nos villes pour arracher la lib\u00e9ration de Georges Abdallah et le sortir, tous\u2022tes ensemble, par notre action collective, des prisons imp\u00e9rialistes et coloniales fran\u00e7aises !<\/strong><\/p>\n<p><strong>De la Mer au Jourdain, Palestine Vaincra !<\/strong><br><strong>Libert\u00e9 pour Georges Abdallah et tous\u2022tes les prisonnier\u2022es palestinien\u2022nes !<\/strong><\/p>\n<p style=\"text-align: center;\">*****<\/p>\n<p>Publi\u00e9 le 25 f\u00e9vrier 2025 sur<a href=\"https:\/\/samidoun.net\/fr\/2025\/02\/action-pour-la-liberation-de-georges-abdallah-dans-le-20eme-arrondissement-de-paris\/\" target=\"_blank\" rel=\"noopener\"><strong> Samidoun, r\u00e9seau international de soutien aux prisonniers palestiniens<\/strong><\/a><\/p>\n<p style=\"text-align: center;\">*****<\/p>\n<h4>&#8230; Et en Belgique<\/h4>\n<p>Au cours de ce mois de f\u00e9vrier, la <a href=\"https:\/\/charleroi-pourlapalestine.be\/index.php\/category\/plate-forme-charleroi-palestine\/\">Plateforme Charleroi-Palestine<\/a> a affich\u00e9 \u00e0 plusieurs reprises son soutien \u00e0 Georges Abdallah. Photo ci-dessous : le 8 f\u00e9vrier \u00e0 Montignies-sur-Sambre.<\/p>\n<p>&nbsp;<\/p>\n<p><img loading=\"lazy\" decoding=\"async\" class=\"alignnone wp-image-82139 size-full\" src=\"https:\/\/charleroi-pourlapalestine.be\/wp-content\/uploads\/2025\/02\/8-fevrier-photo-GIA-formation-e1740652237337.jpeg\" alt=\"\" width=\"1600\" height=\"797\" srcset=\"https:\/\/charleroi-pourlapalestine.be\/wp-content\/uploads\/2025\/02\/8-fevrier-photo-GIA-formation-e1740652237337.jpeg 1600w, https:\/\/charleroi-pourlapalestine.be\/wp-content\/uploads\/2025\/02\/8-fevrier-photo-GIA-formation-e1740652237337-300x149.jpeg 300w, https:\/\/charleroi-pourlapalestine.be\/wp-content\/uploads\/2025\/02\/8-fevrier-photo-GIA-formation-e1740652237337-1024x510.jpeg 1024w, https:\/\/charleroi-pourlapalestine.be\/wp-content\/uploads\/2025\/02\/8-fevrier-photo-GIA-formation-e1740652237337-768x383.jpeg 768w, https:\/\/charleroi-pourlapalestine.be\/wp-content\/uploads\/2025\/02\/8-fevrier-photo-GIA-formation-e1740652237337-1536x765.jpeg 1536w\" sizes=\"auto, (max-width: 1600px) 100vw, 1600px\" \/><\/p>\n<p>&nbsp;<\/p>\n<p>Le 16 f\u00e9vrier, nous avons organis\u00e9 une action au march\u00e9 de Chatelineau o\u00f9 un flyer a \u00e9t\u00e9 distribu\u00e9. Malgr\u00e9 le froid, de nombreuses personnes ont r\u00e9agi tr\u00e8s positivement \u00e0 notre appel pour la lib\u00e9ration Georges Abdallah.<br><br><\/p>\n<p><img loading=\"lazy\" decoding=\"async\" class=\"aligncenter wp-image-82092 size-full\" src=\"https:\/\/charleroi-pourlapalestine.be\/wp-content\/uploads\/2025\/02\/15-fevrier-2025-Chatelineau-Georges-2.jpeg\" alt=\"\" width=\"1600\" height=\"1200\" srcset=\"https:\/\/charleroi-pourlapalestine.be\/wp-content\/uploads\/2025\/02\/15-fevrier-2025-Chatelineau-Georges-2.jpeg 1600w, https:\/\/charleroi-pourlapalestine.be\/wp-content\/uploads\/2025\/02\/15-fevrier-2025-Chatelineau-Georges-2-300x225.jpeg 300w, https:\/\/charleroi-pourlapalestine.be\/wp-content\/uploads\/2025\/02\/15-fevrier-2025-Chatelineau-Georges-2-1024x768.jpeg 1024w, https:\/\/charleroi-pourlapalestine.be\/wp-content\/uploads\/2025\/02\/15-fevrier-2025-Chatelineau-Georges-2-768x576.jpeg 768w, https:\/\/charleroi-pourlapalestine.be\/wp-content\/uploads\/2025\/02\/15-fevrier-2025-Chatelineau-Georges-2-1536x1152.jpeg 1536w\" sizes=\"auto, (max-width: 1600px) 100vw, 1600px\" \/><\/p>\n<p>&nbsp;<\/p>\n<p><img loading=\"lazy\" decoding=\"async\" class=\"aligncenter wp-image-82096 size-large\" src=\"https:\/\/charleroi-pourlapalestine.be\/wp-content\/uploads\/2025\/02\/15-fevrier-2025-Chatelineau-Georges-5-e1740578482682-1024x915.jpeg\" alt=\"\" width=\"1024\" height=\"915\" srcset=\"https:\/\/charleroi-pourlapalestine.be\/wp-content\/uploads\/2025\/02\/15-fevrier-2025-Chatelineau-Georges-5-e1740578482682-1024x915.jpeg 1024w, https:\/\/charleroi-pourlapalestine.be\/wp-content\/uploads\/2025\/02\/15-fevrier-2025-Chatelineau-Georges-5-e1740578482682-300x268.jpeg 300w, https:\/\/charleroi-pourlapalestine.be\/wp-content\/uploads\/2025\/02\/15-fevrier-2025-Chatelineau-Georges-5-e1740578482682-768x686.jpeg 768w, https:\/\/charleroi-pourlapalestine.be\/wp-content\/uploads\/2025\/02\/15-fevrier-2025-Chatelineau-Georges-5-e1740578482682.jpeg 1200w\" sizes=\"auto, (max-width: 1024px) 100vw, 1024px\" \/><\/p>\n<p>&nbsp;<\/p>\n<p>Le 19 f\u00e9vrier, \u00e0 la veille de la d\u00e9cision judiciaire, nous avons \u00e9galement particip\u00e9 \u00e0 un rassemblement devant le Consulat de France \u00e0 Charleroi, o\u00f9 nous avons eu l&rsquo;occasion de prendre la parole, en compagnie de repr\u00e9sentant.e.s de Samidoun, Tamarod et des associations li\u00e9geoises. La plupart des participant.e.s ont par la suite rejoint une veill\u00e9e pour la Palestine \u00e0 la gare des Guillemins.<\/p>\n<p>&nbsp;<\/p>\n<p><img loading=\"lazy\" decoding=\"async\" class=\"aligncenter wp-image-82107 size-full\" src=\"https:\/\/charleroi-pourlapalestine.be\/wp-content\/uploads\/2025\/02\/19-fevrier-3.jpg\" alt=\"\" width=\"1080\" height=\"810\" srcset=\"https:\/\/charleroi-pourlapalestine.be\/wp-content\/uploads\/2025\/02\/19-fevrier-3.jpg 1080w, https:\/\/charleroi-pourlapalestine.be\/wp-content\/uploads\/2025\/02\/19-fevrier-3-300x225.jpg 300w, https:\/\/charleroi-pourlapalestine.be\/wp-content\/uploads\/2025\/02\/19-fevrier-3-1024x768.jpg 1024w, https:\/\/charleroi-pourlapalestine.be\/wp-content\/uploads\/2025\/02\/19-fevrier-3-768x576.jpg 768w\" sizes=\"auto, (max-width: 1080px) 100vw, 1080px\" \/><\/p>\n<p>&nbsp;<\/p>\n<p><img loading=\"lazy\" decoding=\"async\" class=\"aligncenter wp-image-82111 size-full\" src=\"https:\/\/charleroi-pourlapalestine.be\/wp-content\/uploads\/2025\/02\/19-fevrier-8.jpg\" alt=\"\" width=\"1080\" height=\"810\" srcset=\"https:\/\/charleroi-pourlapalestine.be\/wp-content\/uploads\/2025\/02\/19-fevrier-8.jpg 1080w, https:\/\/charleroi-pourlapalestine.be\/wp-content\/uploads\/2025\/02\/19-fevrier-8-300x225.jpg 300w, https:\/\/charleroi-pourlapalestine.be\/wp-content\/uploads\/2025\/02\/19-fevrier-8-1024x768.jpg 1024w, https:\/\/charleroi-pourlapalestine.be\/wp-content\/uploads\/2025\/02\/19-fevrier-8-768x576.jpg 768w\" sizes=\"auto, (max-width: 1080px) 100vw, 1080px\" \/><\/p>\n<p><img loading=\"lazy\" decoding=\"async\" class=\"aligncenter wp-image-82161 size-full\" src=\"https:\/\/charleroi-pourlapalestine.be\/wp-content\/uploads\/2025\/02\/19-fevrier-2.jpg\" alt=\"\" width=\"1080\" height=\"810\" srcset=\"https:\/\/charleroi-pourlapalestine.be\/wp-content\/uploads\/2025\/02\/19-fevrier-2.jpg 1080w, https:\/\/charleroi-pourlapalestine.be\/wp-content\/uploads\/2025\/02\/19-fevrier-2-300x225.jpg 300w, https:\/\/charleroi-pourlapalestine.be\/wp-content\/uploads\/2025\/02\/19-fevrier-2-1024x768.jpg 1024w, https:\/\/charleroi-pourlapalestine.be\/wp-content\/uploads\/2025\/02\/19-fevrier-2-768x576.jpg 768w\" sizes=\"auto, (max-width: 1080px) 100vw, 1080px\" \/><\/p>\n<p><img loading=\"lazy\" decoding=\"async\" class=\"aligncenter wp-image-82116 size-full\" src=\"https:\/\/charleroi-pourlapalestine.be\/wp-content\/uploads\/2025\/02\/19-fevrier-5-.jpg\" alt=\"\" width=\"1080\" height=\"810\" srcset=\"https:\/\/charleroi-pourlapalestine.be\/wp-content\/uploads\/2025\/02\/19-fevrier-5-.jpg 1080w, https:\/\/charleroi-pourlapalestine.be\/wp-content\/uploads\/2025\/02\/19-fevrier-5--300x225.jpg 300w, https:\/\/charleroi-pourlapalestine.be\/wp-content\/uploads\/2025\/02\/19-fevrier-5--1024x768.jpg 1024w, https:\/\/charleroi-pourlapalestine.be\/wp-content\/uploads\/2025\/02\/19-fevrier-5--768x576.jpg 768w\" sizes=\"auto, (max-width: 1080px) 100vw, 1080px\" \/><\/p>\n<p><img loading=\"lazy\" decoding=\"async\" class=\"aligncenter wp-image-82113 size-full\" src=\"https:\/\/charleroi-pourlapalestine.be\/wp-content\/uploads\/2025\/02\/19-fevrier-4.jpg\" alt=\"\" width=\"1080\" height=\"810\" srcset=\"https:\/\/charleroi-pourlapalestine.be\/wp-content\/uploads\/2025\/02\/19-fevrier-4.jpg 1080w, https:\/\/charleroi-pourlapalestine.be\/wp-content\/uploads\/2025\/02\/19-fevrier-4-300x225.jpg 300w, https:\/\/charleroi-pourlapalestine.be\/wp-content\/uploads\/2025\/02\/19-fevrier-4-1024x768.jpg 1024w, https:\/\/charleroi-pourlapalestine.be\/wp-content\/uploads\/2025\/02\/19-fevrier-4-768x576.jpg 768w\" sizes=\"auto, (max-width: 1080px) 100vw, 1080px\" \/><\/p>\n<p><img loading=\"lazy\" decoding=\"async\" class=\"aligncenter wp-image-82117 size-full\" src=\"https:\/\/charleroi-pourlapalestine.be\/wp-content\/uploads\/2025\/02\/19-fevrier-9.jpg\" alt=\"\" width=\"1080\" height=\"810\" srcset=\"https:\/\/charleroi-pourlapalestine.be\/wp-content\/uploads\/2025\/02\/19-fevrier-9.jpg 1080w, https:\/\/charleroi-pourlapalestine.be\/wp-content\/uploads\/2025\/02\/19-fevrier-9-300x225.jpg 300w, https:\/\/charleroi-pourlapalestine.be\/wp-content\/uploads\/2025\/02\/19-fevrier-9-1024x768.jpg 1024w, https:\/\/charleroi-pourlapalestine.be\/wp-content\/uploads\/2025\/02\/19-fevrier-9-768x576.jpg 768w\" sizes=\"auto, (max-width: 1080px) 100vw, 1080px\" \/><\/p>\n<p>Ne l\u00e2chons rien ! Continuons le combat pour la Palestine et pour la lib\u00e9ration de Georges Abdallah. Nouvelle \u00e9ch\u00e9ance judiciaire : le 19 juin.&nbsp;<\/p>\n<p>&nbsp;<\/p>\n\n\n<p><\/p>\n","protected":false},"excerpt":{"rendered":"<p>D\u2019ici le 19 juin prochain, mobilisons nous activement et le plus massivement possible, dans nos universit\u00e9s, nos lieux de travail et les rues de nos villes pour arracher la lib\u00e9ration de Georges Abdallah<\/p>\n","protected":false},"author":1,"featured_media":82081,"comment_status":"closed","ping_status":"closed","sticky":false,"template":"","format":"standard","meta":{"ngg_post_thumbnail":0,"footnotes":""},"categories":[64,136,14,190],"tags":[216,950],"class_list":["post-82077","post","type-post","status-publish","format-standard","has-post-thumbnail","hentry","category-la-belgique","category-france","category-georges-ibrahim-abdallah","category-plate-forme-charleroi-palestine","tag-georges-abdallah","tag-la-plateforme"],"yoast_head":"<!-- This site is optimized with the Yoast SEO plugin v27.3 - https:\/\/yoast.com\/product\/yoast-seo-wordpress\/ -->\n<title>Action pour la lib\u00e9ration de Georges Abdallah \u00e0 Paris<\/title>\n<meta name=\"description\" content=\"D\u2019ici le 19 juin prochain, mobilisons nous activement et le plus massivement possible pour arracher la lib\u00e9ration de Georges Abdallah\" \/>\n<meta name=\"robots\" content=\"index, follow, max-snippet:-1, max-image-preview:large, max-video-preview:-1\" \/>\n<link rel=\"canonical\" href=\"https:\/\/charleroi-pourlapalestine.be\/index.php\/2025\/02\/27\/action-pour-la-liberation-de-georges-abdallah-a-paris-et-en-belgique\/\" \/>\n<script type=\"application\/ld+json\" class=\"yoast-schema-graph\">{\"@context\":\"https:\\\/\\\/schema.org\",\"@graph\":[{\"@type\":\"Article\",\"@id\":\"https:\\\/\\\/charleroi-pourlapalestine.be\\\/index.php\\\/2025\\\/02\\\/27\\\/action-pour-la-liberation-de-georges-abdallah-a-paris-et-en-belgique\\\/#article\",\"isPartOf\":{\"@id\":\"https:\\\/\\\/charleroi-pourlapalestine.be\\\/index.php\\\/2025\\\/02\\\/27\\\/action-pour-la-liberation-de-georges-abdallah-a-paris-et-en-belgique\\\/\"},\"author\":{\"name\":\"admin1873\",\"@id\":\"https:\\\/\\\/charleroi-pourlapalestine.be\\\/#\\\/schema\\\/person\\\/c19ff515112f1299d8c12671d8fe3faa\"},\"headline\":\"Action pour la lib\u00e9ration de Georges Abdallah \u00e0 Paris\",\"datePublished\":\"2025-02-27T10:42:51+00:00\",\"dateModified\":\"2025-02-27T10:56:08+00:00\",\"mainEntityOfPage\":{\"@id\":\"https:\\\/\\\/charleroi-pourlapalestine.be\\\/index.php\\\/2025\\\/02\\\/27\\\/action-pour-la-liberation-de-georges-abdallah-a-paris-et-en-belgique\\\/\"},\"wordCount\":490,\"publisher\":{\"@id\":\"https:\\\/\\\/charleroi-pourlapalestine.be\\\/#organization\"},\"image\":{\"@id\":\"https:\\\/\\\/charleroi-pourlapalestine.be\\\/index.php\\\/2025\\\/02\\\/27\\\/action-pour-la-liberation-de-georges-abdallah-a-paris-et-en-belgique\\\/#primaryimage\"},\"thumbnailUrl\":\"https:\\\/\\\/charleroi-pourlapalestine.be\\\/wp-content\\\/uploads\\\/2025\\\/02\\\/40-ans-de-combat.png\",\"keywords\":[\"Georges Abdallah\",\"La Plateforme\"],\"articleSection\":[\"Belgique\",\"France\",\"Georges Abdallah\",\"La Plate-forme\"],\"inLanguage\":\"fr-FR\"},{\"@type\":\"WebPage\",\"@id\":\"https:\\\/\\\/charleroi-pourlapalestine.be\\\/index.php\\\/2025\\\/02\\\/27\\\/action-pour-la-liberation-de-georges-abdallah-a-paris-et-en-belgique\\\/\",\"url\":\"https:\\\/\\\/charleroi-pourlapalestine.be\\\/index.php\\\/2025\\\/02\\\/27\\\/action-pour-la-liberation-de-georges-abdallah-a-paris-et-en-belgique\\\/\",\"name\":\"Action pour la lib\u00e9ration de Georges Abdallah \u00e0 Paris\",\"isPartOf\":{\"@id\":\"https:\\\/\\\/charleroi-pourlapalestine.be\\\/#website\"},\"primaryImageOfPage\":{\"@id\":\"https:\\\/\\\/charleroi-pourlapalestine.be\\\/index.php\\\/2025\\\/02\\\/27\\\/action-pour-la-liberation-de-georges-abdallah-a-paris-et-en-belgique\\\/#primaryimage\"},\"image\":{\"@id\":\"https:\\\/\\\/charleroi-pourlapalestine.be\\\/index.php\\\/2025\\\/02\\\/27\\\/action-pour-la-liberation-de-georges-abdallah-a-paris-et-en-belgique\\\/#primaryimage\"},\"thumbnailUrl\":\"https:\\\/\\\/charleroi-pourlapalestine.be\\\/wp-content\\\/uploads\\\/2025\\\/02\\\/40-ans-de-combat.png\",\"datePublished\":\"2025-02-27T10:42:51+00:00\",\"dateModified\":\"2025-02-27T10:56:08+00:00\",\"description\":\"D\u2019ici le 19 juin prochain, mobilisons nous activement et le plus massivement possible pour arracher la lib\u00e9ration de Georges Abdallah\",\"breadcrumb\":{\"@id\":\"https:\\\/\\\/charleroi-pourlapalestine.be\\\/index.php\\\/2025\\\/02\\\/27\\\/action-pour-la-liberation-de-georges-abdallah-a-paris-et-en-belgique\\\/#breadcrumb\"},\"inLanguage\":\"fr-FR\",\"potentialAction\":[{\"@type\":\"ReadAction\",\"target\":[\"https:\\\/\\\/charleroi-pourlapalestine.be\\\/index.php\\\/2025\\\/02\\\/27\\\/action-pour-la-liberation-de-georges-abdallah-a-paris-et-en-belgique\\\/\"]}]},{\"@type\":\"ImageObject\",\"inLanguage\":\"fr-FR\",\"@id\":\"https:\\\/\\\/charleroi-pourlapalestine.be\\\/index.php\\\/2025\\\/02\\\/27\\\/action-pour-la-liberation-de-georges-abdallah-a-paris-et-en-belgique\\\/#primaryimage\",\"url\":\"https:\\\/\\\/charleroi-pourlapalestine.be\\\/wp-content\\\/uploads\\\/2025\\\/02\\\/40-ans-de-combat.png\",\"contentUrl\":\"https:\\\/\\\/charleroi-pourlapalestine.be\\\/wp-content\\\/uploads\\\/2025\\\/02\\\/40-ans-de-combat.png\",\"width\":905,\"height\":535},{\"@type\":\"BreadcrumbList\",\"@id\":\"https:\\\/\\\/charleroi-pourlapalestine.be\\\/index.php\\\/2025\\\/02\\\/27\\\/action-pour-la-liberation-de-georges-abdallah-a-paris-et-en-belgique\\\/#breadcrumb\",\"itemListElement\":[{\"@type\":\"ListItem\",\"position\":1,\"name\":\"Accueil\",\"item\":\"https:\\\/\\\/charleroi-pourlapalestine.be\\\/\"},{\"@type\":\"ListItem\",\"position\":2,\"name\":\"Action pour la lib\u00e9ration de Georges Abdallah \u00e0 Paris\"}]},{\"@type\":\"WebSite\",\"@id\":\"https:\\\/\\\/charleroi-pourlapalestine.be\\\/#website\",\"url\":\"https:\\\/\\\/charleroi-pourlapalestine.be\\\/\",\"name\":\"Charleroi Pour la Palestine\",\"description\":\"\",\"publisher\":{\"@id\":\"https:\\\/\\\/charleroi-pourlapalestine.be\\\/#organization\"},\"potentialAction\":[{\"@type\":\"SearchAction\",\"target\":{\"@type\":\"EntryPoint\",\"urlTemplate\":\"https:\\\/\\\/charleroi-pourlapalestine.be\\\/?s={search_term_string}\"},\"query-input\":{\"@type\":\"PropertyValueSpecification\",\"valueRequired\":true,\"valueName\":\"search_term_string\"}}],\"inLanguage\":\"fr-FR\"},{\"@type\":\"Organization\",\"@id\":\"https:\\\/\\\/charleroi-pourlapalestine.be\\\/#organization\",\"name\":\"Plate-forme Charleroi-Palestine\",\"url\":\"https:\\\/\\\/charleroi-pourlapalestine.be\\\/\",\"logo\":{\"@type\":\"ImageObject\",\"inLanguage\":\"fr-FR\",\"@id\":\"https:\\\/\\\/charleroi-pourlapalestine.be\\\/#\\\/schema\\\/logo\\\/image\\\/\",\"url\":\"https:\\\/\\\/charleroi-pourlapalestine.be\\\/wp-content\\\/uploads\\\/2020\\\/01\\\/logo-Copy.jpg\",\"contentUrl\":\"https:\\\/\\\/charleroi-pourlapalestine.be\\\/wp-content\\\/uploads\\\/2020\\\/01\\\/logo-Copy.jpg\",\"width\":180,\"height\":180,\"caption\":\"Plate-forme Charleroi-Palestine\"},\"image\":{\"@id\":\"https:\\\/\\\/charleroi-pourlapalestine.be\\\/#\\\/schema\\\/logo\\\/image\\\/\"},\"sameAs\":[\"https:\\\/\\\/www.facebook.com\\\/PlateformeCharleroiPalestine\\\/\",\"https:\\\/\\\/x.com\\\/LaCharleroi\"]},{\"@type\":\"Person\",\"@id\":\"https:\\\/\\\/charleroi-pourlapalestine.be\\\/#\\\/schema\\\/person\\\/c19ff515112f1299d8c12671d8fe3faa\",\"name\":\"admin1873\",\"url\":\"https:\\\/\\\/charleroi-pourlapalestine.be\\\/index.php\\\/author\\\/admin1873\\\/\"}]}<\/script>\n<!-- \/ Yoast SEO plugin. -->","yoast_head_json":{"title":"Action pour la lib\u00e9ration de Georges Abdallah \u00e0 Paris","description":"D\u2019ici le 19 juin prochain, mobilisons nous activement et le plus massivement possible pour arracher la lib\u00e9ration de Georges Abdallah","robots":{"index":"index","follow":"follow","max-snippet":"max-snippet:-1","max-image-preview":"max-image-preview:large","max-video-preview":"max-video-preview:-1"},"canonical":"https:\/\/charleroi-pourlapalestine.be\/index.php\/2025\/02\/27\/action-pour-la-liberation-de-georges-abdallah-a-paris-et-en-belgique\/","schema":{"@context":"https:\/\/schema.org","@graph":[{"@type":"Article","@id":"https:\/\/charleroi-pourlapalestine.be\/index.php\/2025\/02\/27\/action-pour-la-liberation-de-georges-abdallah-a-paris-et-en-belgique\/#article","isPartOf":{"@id":"https:\/\/charleroi-pourlapalestine.be\/index.php\/2025\/02\/27\/action-pour-la-liberation-de-georges-abdallah-a-paris-et-en-belgique\/"},"author":{"name":"admin1873","@id":"https:\/\/charleroi-pourlapalestine.be\/#\/schema\/person\/c19ff515112f1299d8c12671d8fe3faa"},"headline":"Action pour la lib\u00e9ration de Georges Abdallah \u00e0 Paris","datePublished":"2025-02-27T10:42:51+00:00","dateModified":"2025-02-27T10:56:08+00:00","mainEntityOfPage":{"@id":"https:\/\/charleroi-pourlapalestine.be\/index.php\/2025\/02\/27\/action-pour-la-liberation-de-georges-abdallah-a-paris-et-en-belgique\/"},"wordCount":490,"publisher":{"@id":"https:\/\/charleroi-pourlapalestine.be\/#organization"},"image":{"@id":"https:\/\/charleroi-pourlapalestine.be\/index.php\/2025\/02\/27\/action-pour-la-liberation-de-georges-abdallah-a-paris-et-en-belgique\/#primaryimage"},"thumbnailUrl":"https:\/\/charleroi-pourlapalestine.be\/wp-content\/uploads\/2025\/02\/40-ans-de-combat.png","keywords":["Georges Abdallah","La Plateforme"],"articleSection":["Belgique","France","Georges Abdallah","La Plate-forme"],"inLanguage":"fr-FR"},{"@type":"WebPage","@id":"https:\/\/charleroi-pourlapalestine.be\/index.php\/2025\/02\/27\/action-pour-la-liberation-de-georges-abdallah-a-paris-et-en-belgique\/","url":"https:\/\/charleroi-pourlapalestine.be\/index.php\/2025\/02\/27\/action-pour-la-liberation-de-georges-abdallah-a-paris-et-en-belgique\/","name":"Action pour la lib\u00e9ration de Georges Abdallah \u00e0 Paris","isPartOf":{"@id":"https:\/\/charleroi-pourlapalestine.be\/#website"},"primaryImageOfPage":{"@id":"https:\/\/charleroi-pourlapalestine.be\/index.php\/2025\/02\/27\/action-pour-la-liberation-de-georges-abdallah-a-paris-et-en-belgique\/#primaryimage"},"image":{"@id":"https:\/\/charleroi-pourlapalestine.be\/index.php\/2025\/02\/27\/action-pour-la-liberation-de-georges-abdallah-a-paris-et-en-belgique\/#primaryimage"},"thumbnailUrl":"https:\/\/charleroi-pourlapalestine.be\/wp-content\/uploads\/2025\/02\/40-ans-de-combat.png","datePublished":"2025-02-27T10:42:51+00:00","dateModified":"2025-02-27T10:56:08+00:00","description":"D\u2019ici le 19 juin prochain, mobilisons nous activement et le plus massivement possible pour arracher la lib\u00e9ration de Georges Abdallah","breadcrumb":{"@id":"https:\/\/charleroi-pourlapalestine.be\/index.php\/2025\/02\/27\/action-pour-la-liberation-de-georges-abdallah-a-paris-et-en-belgique\/#breadcrumb"},"inLanguage":"fr-FR","potentialAction":[{"@type":"ReadAction","target":["https:\/\/charleroi-pourlapalestine.be\/index.php\/2025\/02\/27\/action-pour-la-liberation-de-georges-abdallah-a-paris-et-en-belgique\/"]}]},{"@type":"ImageObject","inLanguage":"fr-FR","@id":"https:\/\/charleroi-pourlapalestine.be\/index.php\/2025\/02\/27\/action-pour-la-liberation-de-georges-abdallah-a-paris-et-en-belgique\/#primaryimage","url":"https:\/\/charleroi-pourlapalestine.be\/wp-content\/uploads\/2025\/02\/40-ans-de-combat.png","contentUrl":"https:\/\/charleroi-pourlapalestine.be\/wp-content\/uploads\/2025\/02\/40-ans-de-combat.png","width":905,"height":535},{"@type":"BreadcrumbList","@id":"https:\/\/charleroi-pourlapalestine.be\/index.php\/2025\/02\/27\/action-pour-la-liberation-de-georges-abdallah-a-paris-et-en-belgique\/#breadcrumb","itemListElement":[{"@type":"ListItem","position":1,"name":"Accueil","item":"https:\/\/charleroi-pourlapalestine.be\/"},{"@type":"ListItem","position":2,"name":"Action pour la lib\u00e9ration de Georges Abdallah \u00e0 Paris"}]},{"@type":"WebSite","@id":"https:\/\/charleroi-pourlapalestine.be\/#website","url":"https:\/\/charleroi-pourlapalestine.be\/","name":"Charleroi Pour la Palestine","description":"","publisher":{"@id":"https:\/\/charleroi-pourlapalestine.be\/#organization"},"potentialAction":[{"@type":"SearchAction","target":{"@type":"EntryPoint","urlTemplate":"https:\/\/charleroi-pourlapalestine.be\/?s={search_term_string}"},"query-input":{"@type":"PropertyValueSpecification","valueRequired":true,"valueName":"search_term_string"}}],"inLanguage":"fr-FR"},{"@type":"Organization","@id":"https:\/\/charleroi-pourlapalestine.be\/#organization","name":"Plate-forme Charleroi-Palestine","url":"https:\/\/charleroi-pourlapalestine.be\/","logo":{"@type":"ImageObject","inLanguage":"fr-FR","@id":"https:\/\/charleroi-pourlapalestine.be\/#\/schema\/logo\/image\/","url":"https:\/\/charleroi-pourlapalestine.be\/wp-content\/uploads\/2020\/01\/logo-Copy.jpg","contentUrl":"https:\/\/charleroi-pourlapalestine.be\/wp-content\/uploads\/2020\/01\/logo-Copy.jpg","width":180,"height":180,"caption":"Plate-forme Charleroi-Palestine"},"image":{"@id":"https:\/\/charleroi-pourlapalestine.be\/#\/schema\/logo\/image\/"},"sameAs":["https:\/\/www.facebook.com\/PlateformeCharleroiPalestine\/","https:\/\/x.com\/LaCharleroi"]},{"@type":"Person","@id":"https:\/\/charleroi-pourlapalestine.be\/#\/schema\/person\/c19ff515112f1299d8c12671d8fe3faa","name":"admin1873","url":"https:\/\/charleroi-pourlapalestine.be\/index.php\/author\/admin1873\/"}]}},"_links":{"self":[{"href":"https:\/\/charleroi-pourlapalestine.be\/index.php\/wp-json\/wp\/v2\/posts\/82077","targetHints":{"allow":["GET"]}}],"collection":[{"href":"https:\/\/charleroi-pourlapalestine.be\/index.php\/wp-json\/wp\/v2\/posts"}],"about":[{"href":"https:\/\/charleroi-pourlapalestine.be\/index.php\/wp-json\/wp\/v2\/types\/post"}],"author":[{"embeddable":true,"href":"https:\/\/charleroi-pourlapalestine.be\/index.php\/wp-json\/wp\/v2\/users\/1"}],"replies":[{"embeddable":true,"href":"https:\/\/charleroi-pourlapalestine.be\/index.php\/wp-json\/wp\/v2\/comments?post=82077"}],"version-history":[{"count":0,"href":"https:\/\/charleroi-pourlapalestine.be\/index.php\/wp-json\/wp\/v2\/posts\/82077\/revisions"}],"wp:featuredmedia":[{"embeddable":true,"href":"https:\/\/charleroi-pourlapalestine.be\/index.php\/wp-json\/wp\/v2\/media\/82081"}],"wp:attachment":[{"href":"https:\/\/charleroi-pourlapalestine.be\/index.php\/wp-json\/wp\/v2\/media?parent=82077"}],"wp:term":[{"taxonomy":"category","embeddable":true,"href":"https:\/\/charleroi-pourlapalestine.be\/index.php\/wp-json\/wp\/v2\/categories?post=82077"},{"taxonomy":"post_tag","embeddable":true,"href":"https:\/\/charleroi-pourlapalestine.be\/index.php\/wp-json\/wp\/v2\/tags?post=82077"}],"curies":[{"name":"wp","href":"https:\/\/api.w.org\/{rel}","templated":true}]}}