{"id":82662,"date":"2025-03-02T02:31:04","date_gmt":"2025-03-02T01:31:04","guid":{"rendered":"https:\/\/charleroi-pourlapalestine.be\/?p=82662"},"modified":"2025-03-10T02:32:34","modified_gmt":"2025-03-10T01:32:34","slug":"les-funerailles-de-hassan-nasrallah-qui-ont-scelle-lalliance-inebranlable-du-hezbollah","status":"publish","type":"post","link":"https:\/\/charleroi-pourlapalestine.be\/index.php\/2025\/03\/02\/les-funerailles-de-hassan-nasrallah-qui-ont-scelle-lalliance-inebranlable-du-hezbollah\/","title":{"rendered":"Les fun\u00e9railles qui ont scell\u00e9 l&rsquo;alliance in\u00e9branlable du Hezbollah"},"content":{"rendered":"<p><strong>Les fun\u00e9railles de Hassan Nasrallah \u00e0 Beyrouth<\/strong> se sont mu\u00e9es en un puissant t\u00e9moignage de l&rsquo;esprit endurant de la r\u00e9sistance avec, pour honorer la m\u00e9moire du grand dirigeant disparu, ces millions de personnes rassembl\u00e9es au beau milieu des d\u00e9vastations laiss\u00e9es par l&rsquo;agression isra\u00e9lienne au Sud-Liban et dans les faubourgs sud de Beyrouth. Malgr\u00e9 la destruction et les menaces permanentes, le d\u00e9fi r\u00e9solu de la population l&rsquo;a montr\u00e9 clairement : la r\u00e9sistance reste bien d\u00e9cid\u00e9e.<br \/><br \/><\/p>\n<div id=\"attachment_82664\" style=\"width: 1290px\" class=\"wp-caption alignnone\"><img loading=\"lazy\" decoding=\"async\" aria-describedby=\"caption-attachment-82664\" class=\"wp-image-82664 size-full\" src=\"https:\/\/charleroi-pourlapalestine.be\/wp-content\/uploads\/2025\/03\/Les-funerailles-dHassan-Nasrallah.png\" alt=\"Les fun\u00e9railles qui ont scell\u00e9 l'alliance in\u00e9branlable du Hezbollah. Une photo du stade de la Cit\u00e9 des Sports de Beyrouth lors de la c\u00e9r\u00e9monie fun\u00e9raire en l'honneur de Hassan Nasrallah et de Hashem Safieddine\" width=\"1280\" height=\"960\" srcset=\"https:\/\/charleroi-pourlapalestine.be\/wp-content\/uploads\/2025\/03\/Les-funerailles-dHassan-Nasrallah.png 1280w, https:\/\/charleroi-pourlapalestine.be\/wp-content\/uploads\/2025\/03\/Les-funerailles-dHassan-Nasrallah-333x250.png 333w, https:\/\/charleroi-pourlapalestine.be\/wp-content\/uploads\/2025\/03\/Les-funerailles-dHassan-Nasrallah-667x500.png 667w, https:\/\/charleroi-pourlapalestine.be\/wp-content\/uploads\/2025\/03\/Les-funerailles-dHassan-Nasrallah-768x576.png 768w\" sizes=\"auto, (max-width: 1280px) 100vw, 1280px\" \/><p id=\"caption-attachment-82664\" class=\"wp-caption-text\"><strong>Une photo du stade de la Cit\u00e9 des Sports de Beyrouth lors de la c\u00e9r\u00e9monie fun\u00e9raire en l&rsquo;honneur de Hassan Nasrallah et de Hashem Safieddine<\/strong><\/p><\/div>\n<p><strong><br \/>Pepe Escobar<\/strong>, 25 f\u00e9vrier 2025<\/p>\n<p><strong><br \/>Beyrouth<\/strong> \u2013 Il est aux alentours de 13 h 30, dimanche 23 f\u00e9vrier. \u00c0 l&rsquo;int\u00e9rieur du grand stade de la <strong>Cit\u00e9 des Sports de Beyrouth,<\/strong> au moins 100 000 personnes v\u00eatues de noir et drap\u00e9es dans les drapeaux jaunes de la r\u00e9sistance pr\u00e9sentent leurs respects au moment o\u00f9 les cercueils de <strong>Hassan Nasrallah<\/strong>, le secr\u00e9taire g\u00e9n\u00e9ral du Hezbollah, et de <strong>Hashem Safieddine<\/strong> se mettent \u00e0 faire lentement le tour du stade.<\/p>\n<p>Soudain, <a href=\"https:\/\/x.com\/TheCradleMedia\/status\/1893678218541973878?ref_src=twsrc%5Etfw%7Ctwcamp%5Etweetembed%7Ctwterm%5E1893678218541973878%7Ctwgr%5E94677f2ef5c6f6f56e6ee937e0d298970bfec65c%7Ctwcon%5Es1_&amp;ref_url=https%3A%2F%2Fthecradle.co%2Farticles-id%2F29079\" target=\"_blank\" rel=\"noopener\">une formation triangulaire d&rsquo;avions de combats isra\u00e9liens F-15 et F-35<\/a> a perc\u00e9 les nuages et, en vrombissant, a ras\u00e9 le stade aussi bas que possible pour des avions. Dans tout autre pays, en une occasion aussi triste, cela aurait constitu\u00e9 un hommage a\u00e9rien \u00e0 la c\u00e9r\u00e9monie qui se d\u00e9roulait au sol.<\/p>\n<p>Mais nous sommes au Liban \u2013 une nation qui subit des pressions de la part des suspects habituels et dont l&rsquo;arm\u00e9e nationale n&rsquo;a pas le droit de se procurer des avions de combat de haute technologie ni des d\u00e9fenses a\u00e9riennes dignes de ce nom. Et, ainsi donc, comme on pouvait s&rsquo;y attendre, le show des avions isra\u00e9liens constituait une provocation de plus, laquelle, incidemment, s&rsquo;est retourn\u00e9e \u00e0 l&rsquo;instant contre ses perp\u00e9trateurs.<\/p>\n<p><strong>Tout le stade \u2013 plus le gros million de Libanais rassembl\u00e9s tout autour \u2013 a hu\u00e9 les agents provocateurs en une cacophonie d&rsquo;insultes et de remarques d\u00e9sobligeantes.<\/strong><\/p>\n<p>La moquerie pr\u00e9valait sur la rage. Qu&rsquo;allez-vous faire ? Nous bombarder tous en m\u00eame temps \u2013 comme vous l&rsquo;avez fait avec Sayyed Nasrallah le 27 septembre 2024 ? Nous sommes ici et nous sommes pr\u00eats. Allez-y, tas de l\u00e2ches.<\/p>\n<p><em>\u00ab Mort \u00e0 Isra\u00ebl \u00bb<\/em>, scandaient-ils, tandis qu&rsquo;une mar\u00e9e de poings pompaient l&rsquo;air. <em>\u00ab Labayka ya Nasrallah \u00bb<\/em> (<em>\u00ab \u00c0 ton service, \u00f4 Nasrallah \u00bb<\/em>), grondaient-ils \u00e0 l&rsquo;unisson.<\/p>\n<p>Manifestement, les responsables n&rsquo;avaient pas re\u00e7u le message parce que, moins d&rsquo;une heure plus tard, le path\u00e9tique show de propagande a\u00e9rienne recommen\u00e7ait et \u00e9tait de nouveau accueilli par des cris de d\u00e9rision et de d\u00e9fi, plus forts encore, cette fois.<\/p>\n<p>Incidemment, des ing\u00e9nieurs libanais confirment que, lorsque l&rsquo;aviation isra\u00e9lienne avait largu\u00e9 des dizaines de bombes synchronis\u00e9es sur le QG souterrain du haut commandement du Hezbollah \u00e0 <strong>Dahiye<\/strong>, un faubourg du sud de Beyrouth, cela n&rsquo;avait pu \u00eatre accompli qu&rsquo;\u00e0 l&rsquo;aide du savoir-faire am\u00e9ricain de haute technologie en mati\u00e8re de renseignement et de satellites.<\/p>\n<p>La collecte des renseignements humains qui avaient facilit\u00e9 cette frappe massive n&rsquo;avait pu se faire que par des troupes sur le terrain.<\/p>\n<p>Les renseignements isra\u00e9liens peuvent se vanter d&rsquo;infiltrer \u2013 potentiellement \u2013 certains n\u0153uds de la discipline interne du Hezbollah quasiment \u00e0 toute \u00e9preuve ainsi que de poss\u00e9der tout le mat\u00e9riel high-tech am\u00e9ricain dont ils ont besoin pour tout organiser, depuis les provocations infantiles jusqu&rsquo;\u00e0 l&rsquo;Enfer venu du ciel. Mais, quand il s&rsquo;agit de l&rsquo;essentiel \u2013 le combat r\u00e9el \u2013 l&rsquo;arm\u00e9e d&rsquo;occupation isra\u00e9lienne n&rsquo;est en fait qu&rsquo;un ramassis de mauviettes.<br \/><br \/><\/p>\n<h3>Les ma\u00eetres de la destruction<\/h3>\n<p>Et cela nous m\u00e8ne \u00e0 la <strong>d\u00e9vastation insens\u00e9e inflig\u00e9e par Isra\u00ebl au Sud-Liban<\/strong> <strong>lors de son <em>\u00ab invasion \u00bb<\/em> manqu\u00e9e.<\/strong> Pendant 66 jours, les troupes d&rsquo;occupation ont d\u00e9sesp\u00e9r\u00e9ment tent\u00e9 de p\u00e9n\u00e9trer en profondeur dans le sud mais n&rsquo;ont pas \u00e9t\u00e9 en mesure de progresser sur plus de quelques kilom\u00e8tres au-del\u00e0 de la fronti\u00e8re, avant de devoir imm\u00e9diatement battre en retraite vers leurs zones de s\u00e9curit\u00e9.<\/p>\n<p>Ce sc\u00e9nario quotidien de d\u00e9faite a rendu furieux les dirigeants isra\u00e9liens, qui ont tent\u00e9 de combler cette carence en lan\u00e7ant sur tout le Liban des attaques a\u00e9riennes disproportionn\u00e9es et sans discernement. Les chiffres varient, mais <strong>au moins 4 800 Libanais \u2013 en majorit\u00e9 des civils \u2013 ont \u00e9t\u00e9 tu\u00e9s dans les combats et lors des attaques de missiles dans le sud.<\/strong><\/p>\n<p>Sans le moindre gain tangible, mais avec la d\u00e9moralisation massive des troupes isra\u00e9liennes \u00e0 la fronti\u00e8re libanaise, Tel-Aviv a litt\u00e9ralement suppli\u00e9 Washington de sceller un accord de cessez-le-feu avec le Hezbollah.<\/p>\n<p>In\u00e9vitablement, cela a pr\u00e9par\u00e9 le terrain \u00e0 la v\u00e9ritable sp\u00e9cialit\u00e9 bien souvent test\u00e9e d&rsquo;une arm\u00e9e de l\u00e2ches : la vengeance.<\/p>\n<p>Rien ne pr\u00e9pare qui que ce soit au spectacle des vestiges des destructions insens\u00e9es perp\u00e9tr\u00e9es par les Isra\u00e9liens dans des endroits soigneusement choisis du <strong>Sud-Liban<\/strong> \u2013 de <strong>Maroun al-Ras<\/strong> \u00e0 <strong>Odaisseh<\/strong> \u2013, la majeure partie de ce carnage ayant \u00e9t\u00e9 orchestr\u00e9e apr\u00e8s la conclusion de l&rsquo;accord de cessez-le-feu.<\/p>\n<p><strong>Maroun al-Ras<\/strong> se trouve au sommet d&rsquo;une colline qui surmonte strat\u00e9giquement la Palestine. Celle-ci se trouve au fond, \u00e0 l&rsquo;arri\u00e8re-plan. C&rsquo;est aujourd&rsquo;hui un exemple classique de la fa\u00e7on dont Isra\u00ebl d\u00e9truit totalement un village afin de ne pas le pr\u00e9server.<\/p>\n<p>Maroun al-Ras, qui fait partie de l&rsquo;union des municipalit\u00e9s de <strong>Qalaa<\/strong>, r\u00e9unissait en gros quelque 600 unit\u00e9s de logement et comptait entre 2 500 et 3 000 habitants. Lors du cessez-le-feu, les Isra\u00e9liens \u2013 qui manquaient de la comp\u00e9tence n\u00e9cessaire pour l&rsquo;occuper au cours de la guerre \u2013 sont revenus et ont tout d\u00e9truit, allant du pi\u00e9geage par explosifs des maisons au nivellement des routes et \u00e0 l&rsquo;arrachage des arbres.<\/p>\n<p>Quand on d\u00e9ambule dans les terres en friche qui restent de <strong>Maroun al-Ras<\/strong>, on se croirait dans une r\u00e9incarnation de l&rsquo;All\u00e9e de la D\u00e9solation : une sorte de microcosme de <strong>Gaza,<\/strong> tout aussi invivable. <strong>Mais la r\u00e9sistance est partout \u2013 depuis les drapeaux du Hezbollah et les innombrables photos des martyrs locaux d\u00fbment honor\u00e9s jusqu&rsquo;aux premiers bulldozers entamant le d\u00e9blayage des d\u00e9bris.<\/strong><\/p>\n<p>\u00a0<\/p>\n<div id=\"attachment_82765\" style=\"width: 1113px\" class=\"wp-caption aligncenter\"><img loading=\"lazy\" decoding=\"async\" aria-describedby=\"caption-attachment-82765\" class=\"wp-image-82765 size-full\" src=\"https:\/\/charleroi-pourlapalestine.be\/wp-content\/uploads\/2025\/03\/Maroun-al-Ras.png\" alt=\"Les fun\u00e9railles d'Hassan Nasrallah qui ont scell\u00e9 l'alliance in\u00e9branlable du Hezbollah. Photo : Les destructions \u00e0 Maroun al-Ras\" width=\"1103\" height=\"611\" srcset=\"https:\/\/charleroi-pourlapalestine.be\/wp-content\/uploads\/2025\/03\/Maroun-al-Ras.png 1103w, https:\/\/charleroi-pourlapalestine.be\/wp-content\/uploads\/2025\/03\/Maroun-al-Ras-350x194.png 350w, https:\/\/charleroi-pourlapalestine.be\/wp-content\/uploads\/2025\/03\/Maroun-al-Ras-700x388.png 700w, https:\/\/charleroi-pourlapalestine.be\/wp-content\/uploads\/2025\/03\/Maroun-al-Ras-768x425.png 768w\" sizes=\"auto, (max-width: 1103px) 100vw, 1103px\" \/><p id=\"caption-attachment-82765\" class=\"wp-caption-text\"><strong>Les destructions \u00e0 Maroun al-Ras<\/strong><\/p><\/div>\n<p>\u00a0<\/p>\n<p><strong>Odaisseh<\/strong>, juste \u00e0 la fronti\u00e8re avec la Palestine, est un cas tout aussi horrible. Une fois encore, l&rsquo;arm\u00e9e isra\u00e9lienne a \u00e9t\u00e9<a href=\"https:\/\/thecradle.co\/articles\/the-funeral-that-sealed-hezbollahs-unbreakable-covenant\" target=\"_blank\" rel=\"noopener\"> incapable de s&#8217;emparer de la ville<\/a> apr\u00e8s deux mois de combats acharn\u00e9s contre le Hezbollah. Et, une nouvelle fois, le cessez-le-feu a \u00e9t\u00e9 utilis\u00e9 en vue d&rsquo;une op\u00e9ration de vengeance. Aujourd&rsquo;hui, Odaisseh, se retrouve litt\u00e9ralement ras\u00e9 jusqu&rsquo;au sol.<\/p>\n<p>\u00a0<\/p>\n<p>Dans aucun de ces cas, il n&rsquo;y a eu la moindre mention dans les m\u00e9dias des pays de l&rsquo;OTAN, ni la moindre condamnation, ni, \u00e0 plus forte raison, la moindre action de la part des Nations unies.<\/p>\n<p>Au contraire de <strong>Maroun al-Ras, o\u00f9 l&rsquo;on voit dans le lointain la Palestine occup\u00e9e,<\/strong> au sommet de la colline (l&rsquo;avant-plan \u00e9tant constitu\u00e9 de terres libanaises vol\u00e9es), <strong>les limites d&rsquo;Odaisseh se trouvent juste en face d&rsquo;un check-point des forces d&rsquo;invasion et d&rsquo;occupation.<\/strong> Un groupe d&rsquo;occupants isra\u00e9liens ont point\u00e9 leurs armes sur nous, pendant notre visite. Mais le groupe le plus significatif, \u00e7&rsquo;a \u00e9t\u00e9 ceux qui, apeur\u00e9s, hasardaient des regards de derri\u00e8re un mur.<\/p>\n<p>\u00a0<\/p>\n<div id=\"attachment_82766\" style=\"width: 1113px\" class=\"wp-caption aligncenter\"><img loading=\"lazy\" decoding=\"async\" aria-describedby=\"caption-attachment-82766\" class=\"wp-image-82766 size-full\" src=\"https:\/\/charleroi-pourlapalestine.be\/wp-content\/uploads\/2025\/03\/Odaisseh.png\" alt=\"Les fun\u00e9railles d'Hassan Nasrallah qui ont scell\u00e9 l'alliance in\u00e9branlable du Hezbollah. Photo : Destructions \u00e0 Odaisseh\" width=\"1103\" height=\"620\" srcset=\"https:\/\/charleroi-pourlapalestine.be\/wp-content\/uploads\/2025\/03\/Odaisseh.png 1103w, https:\/\/charleroi-pourlapalestine.be\/wp-content\/uploads\/2025\/03\/Odaisseh-350x197.png 350w, https:\/\/charleroi-pourlapalestine.be\/wp-content\/uploads\/2025\/03\/Odaisseh-700x393.png 700w, https:\/\/charleroi-pourlapalestine.be\/wp-content\/uploads\/2025\/03\/Odaisseh-768x432.png 768w\" sizes=\"auto, (max-width: 1103px) 100vw, 1103px\" \/><p id=\"caption-attachment-82766\" class=\"wp-caption-text\"><strong>Destructions \u00e0 Odaisseh<\/strong><\/p><\/div>\n<p>\u00a0<\/p>\n<p><strong>Tel-Aviv,<\/strong> <strong>comme c&rsquo;\u00e9tait \u00e0 pr\u00e9voir, continue de violer le cessez-le-feu qu&rsquo;il a implor\u00e9<\/strong> : En tant qu&rsquo;envahisseurs, ses soldats continuent d&rsquo;occuper des positions sur cinq sommets de collines du Sud-Liban et son aviation s&rsquo;obstine \u00e0 mener des frappes \u00e0 travers le pays.<\/p>\n<p>Per\u00e7ues comme les \u00e9l\u00e9ments d&rsquo;une mosa\u00efque, la provocation a\u00e9rienne de dimanche ainsi que la destruction insens\u00e9e des villages du<strong> Sud-Liban<\/strong> d\u00e9peignent ce qui, au mieux, devrait \u00eatre interpr\u00e9t\u00e9 comme une <a href=\"https:\/\/x.com\/s_m_marandi\/status\/1893274017542365429?ref_src=twsrc%5Etfw%7Ctwcamp%5Etweetembed%7Ctwterm%5E1893274017542365429%7Ctwgr%5E94677f2ef5c6f6f56e6ee937e0d298970bfec65c%7Ctwcon%5Es1_&amp;ref_url=https%3A%2F%2Fthecradle.co%2Farticles-id%2F29079\" target=\"_blank\" rel=\"noopener\">machine \u00e0 tuer vengeresse<\/a> se faisant passer pour un \u00c9tat-nation.<\/p>\n<p>Mais la r\u00e9sistance, incarn\u00e9e d\u00e9sormais par le souvenir et l&rsquo;exemple de<strong> Sayyed Nasrallah<\/strong>, n&rsquo;a tout simplement pas l&rsquo;intention de se laisser intimider. Ce n&rsquo;est pas un hasard s&rsquo;il est v\u00e9n\u00e9r\u00e9 \u2013 et continue de l&rsquo;\u00eatre \u2013 dans la totalit\u00e9 du monde arabe, dans les terres de l&rsquo;Islam et dans la majeure partie de la plan\u00e8te.<\/p>\n<p>Et, dans ce cas, que dire si le pr\u00e9sident et le Premier ministre du Liban n&rsquo;ont pas assist\u00e9 \u00e0 la c\u00e9r\u00e9monie fun\u00e9raire ce dimanche ? Ce sont de vulgaires marionnettes.<\/p>\n<p>Ce qui compte, c&rsquo;est ce qui a \u00e9t\u00e9 scell\u00e9 par cette c\u00e9r\u00e9monie fun\u00e9raire exceptionnellement \u00e9mouvante :<\/p>\n<blockquote>\n<p><strong>\u00ab Nous sommes l&rsquo;alliance ! \u00bb<\/strong><\/p>\n<\/blockquote>\n<p>Le cri de ralliement de la r\u00e9sistance ne sera tout simplement pas effac\u00e9.<\/p>\n<p>Dans son dernier discours, le 19 septembre 2024, le lendemain de l&rsquo;attaque terroriste isra\u00e9lienne contre les bipeurs et talkie-walkies des membres du Hezbollah, et huit jours \u00e0 peine avant son assassinat \u00e0 l&rsquo;aide de 85 bombes am\u00e9ricaines d&rsquo;une tonne, <strong>Nasrallah<\/strong> avait quasiment d\u00e9peint la totalit\u00e9 d&rsquo;un avenir in\u00e9vitable :<\/p>\n<blockquote>\n<p>\u00ab L&rsquo;heure de reconnaissance viendra, mais nous serons les seuls \u00e0 d\u00e9finir sa nature, sa port\u00e9e, son emplacement et son ex\u00e9cution \u2013 dans le cercle le plus \u00e9troit possible. Car nous sommes au c\u0153ur de la bataille la plus pr\u00e9cise, la plus sensible, la plus profonde et la plus d\u00e9cisive. \u00bb<\/p>\n<\/blockquote>\n<p style=\"text-align: center;\">*****<\/p>\n<p>Publi\u00e9 le 25 f\u00e9vrier 2025 sur <a href=\"https:\/\/thecradle.co\/articles\/the-funeral-that-sealed-hezbollahs-unbreakable-covenant\" target=\"_blank\" rel=\"noopener\">The Craddle<\/a><br \/>Traduction : Jean-Marie Fl\u00e9mal,<a href=\"https:\/\/charleroi-pourlapalestine.be\/\"> Charleroi pour la Palestine<\/a><\/p>\n\n\n<p><\/p>\n","protected":false},"excerpt":{"rendered":"<p>Malgr\u00e9 la destruction et les menaces permanentes, le d\u00e9fi r\u00e9solu de la population l&rsquo;a montr\u00e9 clairement : la r\u00e9sistance reste bien d\u00e9cid\u00e9e.<\/p>\n","protected":false},"author":1,"featured_media":82664,"comment_status":"closed","ping_status":"closed","sticky":false,"template":"","format":"standard","meta":{"ngg_post_thumbnail":0,"footnotes":""},"categories":[137,191,363],"tags":[],"class_list":["post-82662","post","type-post","status-publish","format-standard","has-post-thumbnail","hentry","category-hezbollah","category-liban","category-resistance"],"yoast_head":"<!-- This site is optimized with the Yoast SEO plugin v27.3 - https:\/\/yoast.com\/product\/yoast-seo-wordpress\/ -->\n<title>Les fun\u00e9railles qui ont scell\u00e9 l&#039;alliance in\u00e9branlable du Hezbollah<\/title>\n<meta name=\"description\" content=\"Les fun\u00e9railles de Hassan Nasrallah \u00e0 Beyrouth se sont mu\u00e9es en un puissant t\u00e9moignage de l&#039;esprit endurant de la r\u00e9sistance avec\" \/>\n<meta name=\"robots\" content=\"index, follow, max-snippet:-1, max-image-preview:large, max-video-preview:-1\" \/>\n<link rel=\"canonical\" href=\"https:\/\/charleroi-pourlapalestine.be\/index.php\/2025\/03\/02\/les-funerailles-de-hassan-nasrallah-qui-ont-scelle-lalliance-inebranlable-du-hezbollah\/\" \/>\n<script type=\"application\/ld+json\" class=\"yoast-schema-graph\">{\"@context\":\"https:\\\/\\\/schema.org\",\"@graph\":[{\"@type\":\"Article\",\"@id\":\"https:\\\/\\\/charleroi-pourlapalestine.be\\\/index.php\\\/2025\\\/03\\\/02\\\/les-funerailles-de-hassan-nasrallah-qui-ont-scelle-lalliance-inebranlable-du-hezbollah\\\/#article\",\"isPartOf\":{\"@id\":\"https:\\\/\\\/charleroi-pourlapalestine.be\\\/index.php\\\/2025\\\/03\\\/02\\\/les-funerailles-de-hassan-nasrallah-qui-ont-scelle-lalliance-inebranlable-du-hezbollah\\\/\"},\"author\":{\"name\":\"admin1873\",\"@id\":\"https:\\\/\\\/charleroi-pourlapalestine.be\\\/#\\\/schema\\\/person\\\/c19ff515112f1299d8c12671d8fe3faa\"},\"headline\":\"Les fun\u00e9railles qui ont scell\u00e9 l&rsquo;alliance in\u00e9branlable du Hezbollah\",\"datePublished\":\"2025-03-02T01:31:04+00:00\",\"dateModified\":\"2025-03-10T01:32:34+00:00\",\"mainEntityOfPage\":{\"@id\":\"https:\\\/\\\/charleroi-pourlapalestine.be\\\/index.php\\\/2025\\\/03\\\/02\\\/les-funerailles-de-hassan-nasrallah-qui-ont-scelle-lalliance-inebranlable-du-hezbollah\\\/\"},\"wordCount\":1666,\"publisher\":{\"@id\":\"https:\\\/\\\/charleroi-pourlapalestine.be\\\/#organization\"},\"image\":{\"@id\":\"https:\\\/\\\/charleroi-pourlapalestine.be\\\/index.php\\\/2025\\\/03\\\/02\\\/les-funerailles-de-hassan-nasrallah-qui-ont-scelle-lalliance-inebranlable-du-hezbollah\\\/#primaryimage\"},\"thumbnailUrl\":\"https:\\\/\\\/charleroi-pourlapalestine.be\\\/wp-content\\\/uploads\\\/2025\\\/03\\\/Les-funerailles-dHassan-Nasrallah.png\",\"articleSection\":[\"Hezbollah\",\"Liban\",\"r\u00e9sistance\"],\"inLanguage\":\"fr-FR\"},{\"@type\":\"WebPage\",\"@id\":\"https:\\\/\\\/charleroi-pourlapalestine.be\\\/index.php\\\/2025\\\/03\\\/02\\\/les-funerailles-de-hassan-nasrallah-qui-ont-scelle-lalliance-inebranlable-du-hezbollah\\\/\",\"url\":\"https:\\\/\\\/charleroi-pourlapalestine.be\\\/index.php\\\/2025\\\/03\\\/02\\\/les-funerailles-de-hassan-nasrallah-qui-ont-scelle-lalliance-inebranlable-du-hezbollah\\\/\",\"name\":\"Les fun\u00e9railles qui ont scell\u00e9 l'alliance in\u00e9branlable du Hezbollah\",\"isPartOf\":{\"@id\":\"https:\\\/\\\/charleroi-pourlapalestine.be\\\/#website\"},\"primaryImageOfPage\":{\"@id\":\"https:\\\/\\\/charleroi-pourlapalestine.be\\\/index.php\\\/2025\\\/03\\\/02\\\/les-funerailles-de-hassan-nasrallah-qui-ont-scelle-lalliance-inebranlable-du-hezbollah\\\/#primaryimage\"},\"image\":{\"@id\":\"https:\\\/\\\/charleroi-pourlapalestine.be\\\/index.php\\\/2025\\\/03\\\/02\\\/les-funerailles-de-hassan-nasrallah-qui-ont-scelle-lalliance-inebranlable-du-hezbollah\\\/#primaryimage\"},\"thumbnailUrl\":\"https:\\\/\\\/charleroi-pourlapalestine.be\\\/wp-content\\\/uploads\\\/2025\\\/03\\\/Les-funerailles-dHassan-Nasrallah.png\",\"datePublished\":\"2025-03-02T01:31:04+00:00\",\"dateModified\":\"2025-03-10T01:32:34+00:00\",\"description\":\"Les fun\u00e9railles de Hassan Nasrallah \u00e0 Beyrouth se sont mu\u00e9es en un puissant t\u00e9moignage de l'esprit endurant de la r\u00e9sistance avec\",\"breadcrumb\":{\"@id\":\"https:\\\/\\\/charleroi-pourlapalestine.be\\\/index.php\\\/2025\\\/03\\\/02\\\/les-funerailles-de-hassan-nasrallah-qui-ont-scelle-lalliance-inebranlable-du-hezbollah\\\/#breadcrumb\"},\"inLanguage\":\"fr-FR\",\"potentialAction\":[{\"@type\":\"ReadAction\",\"target\":[\"https:\\\/\\\/charleroi-pourlapalestine.be\\\/index.php\\\/2025\\\/03\\\/02\\\/les-funerailles-de-hassan-nasrallah-qui-ont-scelle-lalliance-inebranlable-du-hezbollah\\\/\"]}]},{\"@type\":\"ImageObject\",\"inLanguage\":\"fr-FR\",\"@id\":\"https:\\\/\\\/charleroi-pourlapalestine.be\\\/index.php\\\/2025\\\/03\\\/02\\\/les-funerailles-de-hassan-nasrallah-qui-ont-scelle-lalliance-inebranlable-du-hezbollah\\\/#primaryimage\",\"url\":\"https:\\\/\\\/charleroi-pourlapalestine.be\\\/wp-content\\\/uploads\\\/2025\\\/03\\\/Les-funerailles-dHassan-Nasrallah.png\",\"contentUrl\":\"https:\\\/\\\/charleroi-pourlapalestine.be\\\/wp-content\\\/uploads\\\/2025\\\/03\\\/Les-funerailles-dHassan-Nasrallah.png\",\"width\":1280,\"height\":960},{\"@type\":\"BreadcrumbList\",\"@id\":\"https:\\\/\\\/charleroi-pourlapalestine.be\\\/index.php\\\/2025\\\/03\\\/02\\\/les-funerailles-de-hassan-nasrallah-qui-ont-scelle-lalliance-inebranlable-du-hezbollah\\\/#breadcrumb\",\"itemListElement\":[{\"@type\":\"ListItem\",\"position\":1,\"name\":\"Accueil\",\"item\":\"https:\\\/\\\/charleroi-pourlapalestine.be\\\/\"},{\"@type\":\"ListItem\",\"position\":2,\"name\":\"Les fun\u00e9railles qui ont scell\u00e9 l&rsquo;alliance in\u00e9branlable du Hezbollah\"}]},{\"@type\":\"WebSite\",\"@id\":\"https:\\\/\\\/charleroi-pourlapalestine.be\\\/#website\",\"url\":\"https:\\\/\\\/charleroi-pourlapalestine.be\\\/\",\"name\":\"Charleroi Pour la Palestine\",\"description\":\"\",\"publisher\":{\"@id\":\"https:\\\/\\\/charleroi-pourlapalestine.be\\\/#organization\"},\"potentialAction\":[{\"@type\":\"SearchAction\",\"target\":{\"@type\":\"EntryPoint\",\"urlTemplate\":\"https:\\\/\\\/charleroi-pourlapalestine.be\\\/?s={search_term_string}\"},\"query-input\":{\"@type\":\"PropertyValueSpecification\",\"valueRequired\":true,\"valueName\":\"search_term_string\"}}],\"inLanguage\":\"fr-FR\"},{\"@type\":\"Organization\",\"@id\":\"https:\\\/\\\/charleroi-pourlapalestine.be\\\/#organization\",\"name\":\"Plate-forme Charleroi-Palestine\",\"url\":\"https:\\\/\\\/charleroi-pourlapalestine.be\\\/\",\"logo\":{\"@type\":\"ImageObject\",\"inLanguage\":\"fr-FR\",\"@id\":\"https:\\\/\\\/charleroi-pourlapalestine.be\\\/#\\\/schema\\\/logo\\\/image\\\/\",\"url\":\"https:\\\/\\\/charleroi-pourlapalestine.be\\\/wp-content\\\/uploads\\\/2020\\\/01\\\/logo-Copy.jpg\",\"contentUrl\":\"https:\\\/\\\/charleroi-pourlapalestine.be\\\/wp-content\\\/uploads\\\/2020\\\/01\\\/logo-Copy.jpg\",\"width\":180,\"height\":180,\"caption\":\"Plate-forme Charleroi-Palestine\"},\"image\":{\"@id\":\"https:\\\/\\\/charleroi-pourlapalestine.be\\\/#\\\/schema\\\/logo\\\/image\\\/\"},\"sameAs\":[\"https:\\\/\\\/www.facebook.com\\\/PlateformeCharleroiPalestine\\\/\",\"https:\\\/\\\/x.com\\\/LaCharleroi\"]},{\"@type\":\"Person\",\"@id\":\"https:\\\/\\\/charleroi-pourlapalestine.be\\\/#\\\/schema\\\/person\\\/c19ff515112f1299d8c12671d8fe3faa\",\"name\":\"admin1873\",\"url\":\"https:\\\/\\\/charleroi-pourlapalestine.be\\\/index.php\\\/author\\\/admin1873\\\/\"}]}<\/script>\n<!-- \/ Yoast SEO plugin. -->","yoast_head_json":{"title":"Les fun\u00e9railles qui ont scell\u00e9 l'alliance in\u00e9branlable du Hezbollah","description":"Les fun\u00e9railles de Hassan Nasrallah \u00e0 Beyrouth se sont mu\u00e9es en un puissant t\u00e9moignage de l'esprit endurant de la r\u00e9sistance avec","robots":{"index":"index","follow":"follow","max-snippet":"max-snippet:-1","max-image-preview":"max-image-preview:large","max-video-preview":"max-video-preview:-1"},"canonical":"https:\/\/charleroi-pourlapalestine.be\/index.php\/2025\/03\/02\/les-funerailles-de-hassan-nasrallah-qui-ont-scelle-lalliance-inebranlable-du-hezbollah\/","schema":{"@context":"https:\/\/schema.org","@graph":[{"@type":"Article","@id":"https:\/\/charleroi-pourlapalestine.be\/index.php\/2025\/03\/02\/les-funerailles-de-hassan-nasrallah-qui-ont-scelle-lalliance-inebranlable-du-hezbollah\/#article","isPartOf":{"@id":"https:\/\/charleroi-pourlapalestine.be\/index.php\/2025\/03\/02\/les-funerailles-de-hassan-nasrallah-qui-ont-scelle-lalliance-inebranlable-du-hezbollah\/"},"author":{"name":"admin1873","@id":"https:\/\/charleroi-pourlapalestine.be\/#\/schema\/person\/c19ff515112f1299d8c12671d8fe3faa"},"headline":"Les fun\u00e9railles qui ont scell\u00e9 l&rsquo;alliance in\u00e9branlable du Hezbollah","datePublished":"2025-03-02T01:31:04+00:00","dateModified":"2025-03-10T01:32:34+00:00","mainEntityOfPage":{"@id":"https:\/\/charleroi-pourlapalestine.be\/index.php\/2025\/03\/02\/les-funerailles-de-hassan-nasrallah-qui-ont-scelle-lalliance-inebranlable-du-hezbollah\/"},"wordCount":1666,"publisher":{"@id":"https:\/\/charleroi-pourlapalestine.be\/#organization"},"image":{"@id":"https:\/\/charleroi-pourlapalestine.be\/index.php\/2025\/03\/02\/les-funerailles-de-hassan-nasrallah-qui-ont-scelle-lalliance-inebranlable-du-hezbollah\/#primaryimage"},"thumbnailUrl":"https:\/\/charleroi-pourlapalestine.be\/wp-content\/uploads\/2025\/03\/Les-funerailles-dHassan-Nasrallah.png","articleSection":["Hezbollah","Liban","r\u00e9sistance"],"inLanguage":"fr-FR"},{"@type":"WebPage","@id":"https:\/\/charleroi-pourlapalestine.be\/index.php\/2025\/03\/02\/les-funerailles-de-hassan-nasrallah-qui-ont-scelle-lalliance-inebranlable-du-hezbollah\/","url":"https:\/\/charleroi-pourlapalestine.be\/index.php\/2025\/03\/02\/les-funerailles-de-hassan-nasrallah-qui-ont-scelle-lalliance-inebranlable-du-hezbollah\/","name":"Les fun\u00e9railles qui ont scell\u00e9 l'alliance in\u00e9branlable du Hezbollah","isPartOf":{"@id":"https:\/\/charleroi-pourlapalestine.be\/#website"},"primaryImageOfPage":{"@id":"https:\/\/charleroi-pourlapalestine.be\/index.php\/2025\/03\/02\/les-funerailles-de-hassan-nasrallah-qui-ont-scelle-lalliance-inebranlable-du-hezbollah\/#primaryimage"},"image":{"@id":"https:\/\/charleroi-pourlapalestine.be\/index.php\/2025\/03\/02\/les-funerailles-de-hassan-nasrallah-qui-ont-scelle-lalliance-inebranlable-du-hezbollah\/#primaryimage"},"thumbnailUrl":"https:\/\/charleroi-pourlapalestine.be\/wp-content\/uploads\/2025\/03\/Les-funerailles-dHassan-Nasrallah.png","datePublished":"2025-03-02T01:31:04+00:00","dateModified":"2025-03-10T01:32:34+00:00","description":"Les fun\u00e9railles de Hassan Nasrallah \u00e0 Beyrouth se sont mu\u00e9es en un puissant t\u00e9moignage de l'esprit endurant de la r\u00e9sistance avec","breadcrumb":{"@id":"https:\/\/charleroi-pourlapalestine.be\/index.php\/2025\/03\/02\/les-funerailles-de-hassan-nasrallah-qui-ont-scelle-lalliance-inebranlable-du-hezbollah\/#breadcrumb"},"inLanguage":"fr-FR","potentialAction":[{"@type":"ReadAction","target":["https:\/\/charleroi-pourlapalestine.be\/index.php\/2025\/03\/02\/les-funerailles-de-hassan-nasrallah-qui-ont-scelle-lalliance-inebranlable-du-hezbollah\/"]}]},{"@type":"ImageObject","inLanguage":"fr-FR","@id":"https:\/\/charleroi-pourlapalestine.be\/index.php\/2025\/03\/02\/les-funerailles-de-hassan-nasrallah-qui-ont-scelle-lalliance-inebranlable-du-hezbollah\/#primaryimage","url":"https:\/\/charleroi-pourlapalestine.be\/wp-content\/uploads\/2025\/03\/Les-funerailles-dHassan-Nasrallah.png","contentUrl":"https:\/\/charleroi-pourlapalestine.be\/wp-content\/uploads\/2025\/03\/Les-funerailles-dHassan-Nasrallah.png","width":1280,"height":960},{"@type":"BreadcrumbList","@id":"https:\/\/charleroi-pourlapalestine.be\/index.php\/2025\/03\/02\/les-funerailles-de-hassan-nasrallah-qui-ont-scelle-lalliance-inebranlable-du-hezbollah\/#breadcrumb","itemListElement":[{"@type":"ListItem","position":1,"name":"Accueil","item":"https:\/\/charleroi-pourlapalestine.be\/"},{"@type":"ListItem","position":2,"name":"Les fun\u00e9railles qui ont scell\u00e9 l&rsquo;alliance in\u00e9branlable du Hezbollah"}]},{"@type":"WebSite","@id":"https:\/\/charleroi-pourlapalestine.be\/#website","url":"https:\/\/charleroi-pourlapalestine.be\/","name":"Charleroi Pour la Palestine","description":"","publisher":{"@id":"https:\/\/charleroi-pourlapalestine.be\/#organization"},"potentialAction":[{"@type":"SearchAction","target":{"@type":"EntryPoint","urlTemplate":"https:\/\/charleroi-pourlapalestine.be\/?s={search_term_string}"},"query-input":{"@type":"PropertyValueSpecification","valueRequired":true,"valueName":"search_term_string"}}],"inLanguage":"fr-FR"},{"@type":"Organization","@id":"https:\/\/charleroi-pourlapalestine.be\/#organization","name":"Plate-forme Charleroi-Palestine","url":"https:\/\/charleroi-pourlapalestine.be\/","logo":{"@type":"ImageObject","inLanguage":"fr-FR","@id":"https:\/\/charleroi-pourlapalestine.be\/#\/schema\/logo\/image\/","url":"https:\/\/charleroi-pourlapalestine.be\/wp-content\/uploads\/2020\/01\/logo-Copy.jpg","contentUrl":"https:\/\/charleroi-pourlapalestine.be\/wp-content\/uploads\/2020\/01\/logo-Copy.jpg","width":180,"height":180,"caption":"Plate-forme Charleroi-Palestine"},"image":{"@id":"https:\/\/charleroi-pourlapalestine.be\/#\/schema\/logo\/image\/"},"sameAs":["https:\/\/www.facebook.com\/PlateformeCharleroiPalestine\/","https:\/\/x.com\/LaCharleroi"]},{"@type":"Person","@id":"https:\/\/charleroi-pourlapalestine.be\/#\/schema\/person\/c19ff515112f1299d8c12671d8fe3faa","name":"admin1873","url":"https:\/\/charleroi-pourlapalestine.be\/index.php\/author\/admin1873\/"}]}},"_links":{"self":[{"href":"https:\/\/charleroi-pourlapalestine.be\/index.php\/wp-json\/wp\/v2\/posts\/82662","targetHints":{"allow":["GET"]}}],"collection":[{"href":"https:\/\/charleroi-pourlapalestine.be\/index.php\/wp-json\/wp\/v2\/posts"}],"about":[{"href":"https:\/\/charleroi-pourlapalestine.be\/index.php\/wp-json\/wp\/v2\/types\/post"}],"author":[{"embeddable":true,"href":"https:\/\/charleroi-pourlapalestine.be\/index.php\/wp-json\/wp\/v2\/users\/1"}],"replies":[{"embeddable":true,"href":"https:\/\/charleroi-pourlapalestine.be\/index.php\/wp-json\/wp\/v2\/comments?post=82662"}],"version-history":[{"count":0,"href":"https:\/\/charleroi-pourlapalestine.be\/index.php\/wp-json\/wp\/v2\/posts\/82662\/revisions"}],"wp:featuredmedia":[{"embeddable":true,"href":"https:\/\/charleroi-pourlapalestine.be\/index.php\/wp-json\/wp\/v2\/media\/82664"}],"wp:attachment":[{"href":"https:\/\/charleroi-pourlapalestine.be\/index.php\/wp-json\/wp\/v2\/media?parent=82662"}],"wp:term":[{"taxonomy":"category","embeddable":true,"href":"https:\/\/charleroi-pourlapalestine.be\/index.php\/wp-json\/wp\/v2\/categories?post=82662"},{"taxonomy":"post_tag","embeddable":true,"href":"https:\/\/charleroi-pourlapalestine.be\/index.php\/wp-json\/wp\/v2\/tags?post=82662"}],"curies":[{"name":"wp","href":"https:\/\/api.w.org\/{rel}","templated":true}]}}