{"id":83462,"date":"2025-03-22T10:03:43","date_gmt":"2025-03-22T09:03:43","guid":{"rendered":"https:\/\/charleroi-pourlapalestine.be\/?p=83462"},"modified":"2025-03-22T10:03:46","modified_gmt":"2025-03-22T09:03:46","slug":"israel-tue-110-palestiniens-au-moment-ou-le-ministre-menace-gaza-de-destruction-totale","status":"publish","type":"post","link":"https:\/\/charleroi-pourlapalestine.be\/index.php\/2025\/03\/22\/israel-tue-110-palestiniens-au-moment-ou-le-ministre-menace-gaza-de-destruction-totale\/","title":{"rendered":"Isra\u00ebl tue 110 Palestiniens au moment o\u00f9 le ministre menace Gaza de \u00ab destruction totale \u00bb"},"content":{"rendered":"<p>Quelque 600 Palestiniens ont \u00e9t\u00e9 tu\u00e9s \u00e0 Gaza depuis mardi, quand Isra\u00ebl a repris son offensive militaire totale contre le territoire.<\/p>\n<div id=\"attachment_83463\" style=\"width: 1031px\" class=\"wp-caption aligncenter\"><img loading=\"lazy\" decoding=\"async\" aria-describedby=\"caption-attachment-83463\" class=\"wp-image-83463 size-full\" src=\"https:\/\/charleroi-pourlapalestine.be\/wp-content\/uploads\/2025\/03\/Beit-Lahia.png\" alt=\"Isra\u00ebl tue 110 Palestiniens au moment o\u00f9 le ministre menace Gaza de \u00ab destruction totale \u00bb. Photo : 20 mars 2025. Les corps des Palestiniens tu\u00e9s lors des frappes isra\u00e9liennes nocturnes sont transport\u00e9s \u00e0 l'h\u00f4pital indon\u00e9sien de Beit Lahiya, dans le nord de Gaza. (Photo : Omar Ashtawy \/ APA images)\" width=\"1021\" height=\"681\" srcset=\"https:\/\/charleroi-pourlapalestine.be\/wp-content\/uploads\/2025\/03\/Beit-Lahia.png 1021w, https:\/\/charleroi-pourlapalestine.be\/wp-content\/uploads\/2025\/03\/Beit-Lahia-350x233.png 350w, https:\/\/charleroi-pourlapalestine.be\/wp-content\/uploads\/2025\/03\/Beit-Lahia-700x467.png 700w, https:\/\/charleroi-pourlapalestine.be\/wp-content\/uploads\/2025\/03\/Beit-Lahia-768x512.png 768w\" sizes=\"auto, (max-width: 1021px) 100vw, 1021px\" \/><p id=\"caption-attachment-83463\" class=\"wp-caption-text\"><strong>20 mars 2025. Les corps des Palestiniens tu\u00e9s lors des frappes isra\u00e9liennes nocturnes sont transport\u00e9s \u00e0 l&rsquo;h\u00f4pital indon\u00e9sien de Beit Lahiya, dans le nord de Gaza.<\/strong> (Photo : Omar Ashtawy \/ APA images)<\/p><\/div>\n<p><strong>Maureen Clare Murphy<\/strong>, 20 mars 2025<\/p>\n<p>Plus de 49 600 Palestiniens ont \u00e9t\u00e9 tu\u00e9s lors des attaques isra\u00e9liennes contre Gaza depuis octobre 2023, et environ 113 000 autres ont \u00e9t\u00e9 bless\u00e9s.<\/p>\n<p><strong><a href=\"https:\/\/charleroi-pourlapalestine.be\/index.php\/2025\/03\/19\/israel-reprend-ses-attaques-genocidaires-contre-gaza-et-tue-400-personnes\/\">La reprise des attaques isra\u00e9liennes<\/a><\/strong> a rompu le cessez-le-feu qui \u00e9tait entr\u00e9 en vigueur pr\u00e8s de deux mois plus t\u00f4t, cessez-le-feu dont la premi\u00e8re phase avait expir\u00e9 un peu plus t\u00f4t en ce mois de mars.<\/p>\n<p>Jeudi, au moins 110 personnes ont \u00e9t\u00e9 tu\u00e9es, d&rsquo;apr\u00e8s Al Jazeera.<\/p>\n<p>Depuis mardi, plus d&rsquo;un millier de personnes ont \u00e9t\u00e9 gri\u00e8vement bless\u00e9es,<a href=\"https:\/\/drive.google.com\/file\/d\/1iIVGnEgvxDCrCLfWyGlITIwqgOjz4IGq\/view\" target=\"_blank\" rel=\"noopener\"> selon<\/a> le Dr Muhammad Zaqout, un responsable du minist\u00e8re de la sant\u00e9 de Gaza.<\/p>\n<p>Le bureau gouvernemental des m\u00e9dias de Gaza a d\u00e9clar\u00e9 jeudi que 70 pour 100 des morts \u00e9taient des enfants, des femmes et des personnes \u00e2g\u00e9es, indiquant par-l\u00e0 le ciblage d\u00e9lib\u00e9r\u00e9 des civils par l&rsquo;arm\u00e9e isra\u00e9lienne.<\/p>\n<p>Le nombre r\u00e9el de victimes est sans doute bien plus \u00e9lev\u00e9, puisque les corps de nombreuses personnes sont toujours sous les d\u00e9combres.<\/p>\n<p>Une fillette nouveau-n\u00e9e de 25 jours, appel\u00e9e Ella Osama Abu Daqqa, a \u00e9t\u00e9 sauv\u00e9e des d\u00e9combres apr\u00e8s un raid isra\u00e9lien qui a tu\u00e9 ses parents et son fr\u00e8re en m\u00eame temps qu&rsquo;une autre famille incluant un p\u00e8re et sept de ses enfants. Les grands-parents de la fillette nouveau-n\u00e9e ont \u00e9galement surv\u00e9cu \u00e0 l&rsquo;attaque contre Khan Younis, dans le sud de Gaza, <a href=\"https:\/\/www.aljazeera.com\/news\/liveblog\/2025\/3\/20\/live-israel-kills-70-in-gaza-netanyahu-warns-of-fierce-war-expanding?update=3592507\" target=\"_blank\" rel=\"noopener\">a fait savoir<\/a> Al Jazeera.<\/p>\n<h3>De nouveaux ordres de d\u00e9placement<\/h3>\n<p>Tout en pilonnant Gaza par air, par terre et par mer, Isra\u00ebl a \u00e9mis de nouveaux ordres de d\u00e9placement poussant les gens du nord et de l&rsquo;est de Gaza vers la c\u00f4te du fait qu&rsquo;il \u00e9tend ses op\u00e9rations terrestres dans le territoire.<\/p>\n<p>Reuters a rapport\u00e9 que l&rsquo;arm\u00e9e isra\u00e9lienne avait largu\u00e9 des tracts sur les quartiers r\u00e9sidentiels de Beit Lahiya et de Beit Hanoun dans le nord, sur Shujaiya, un faubourg de l&rsquo;est de la ville de Gaza et sur des villes situ\u00e9es \u00e0 l&rsquo;est de Khan Younis dans le sud.<\/p>\n<p>L&rsquo;arm\u00e9e isra\u00e9lienne a d\u00e9clar\u00e9 qu&rsquo;elle menait des op\u00e9rations \u00ab pr\u00e9cises \u00bb dans le centre et le sud de la bande de Gaza afin d&rsquo;\u00e9tendre ses zones interdites le long de la fronti\u00e8re orientale, ainsi que dans la zone de Shaboura, \u00e0 Rafah, la ville la plus m\u00e9ridionale de Gaza, le long de la fronti\u00e8re \u00e9gyptienne.<\/p>\n<p>Les troupes isra\u00e9liennes ont repris le contr\u00f4le d&rsquo;environ la moiti\u00e9 du corridor de Netzarim utilis\u00e9 pour contr\u00f4ler le mouvement entre le nord et le sud de Gaza pendant la guerre, <a href=\"https:\/\/www.timesofisrael.com\/idf-says-troops-operating-in-gaza-katz-warns-of-total-destruction-unless-hostages-returned\/\" target=\"_blank\" rel=\"noopener\">a rapport\u00e9<\/a> The Times of Israel.<\/p>\n<h3><\/h3>\n<h3>L&rsquo;\u00ab avertissement final \u00bb g\u00e9nocidaire du ministre de la D\u00e9fense<\/h3>\n<p>Isra\u00ebl Katz, le ministre isra\u00e9lien de la D\u00e9fense, y est all\u00e9 d&rsquo;un<a href=\"https:\/\/x.com\/AliAbunimah\/status\/1902495556863136007?ref_src=twsrc%5Etfw%7Ctwcamp%5Etweetembed%7Ctwterm%5E1902495556863136007%7Ctwgr%5Efd808ae0af32d351953b53127dadeb2357b23a1f%7Ctwcon%5Es1_&amp;ref_url=https%3A%2F%2Felectronicintifada.net%2Fblogs%2Fmaureen-clare-murphy%2Fisrael-kills-110-minister-threatens-total-destruction-gaza\" target=\"_blank\" rel=\"noopener\"> <em>\u00ab avertissement final \u00bb<\/em><\/a> \u00e0 la population de Gaza dans une d\u00e9claration manifeste d&rsquo;intentions g\u00e9nocidaires.<\/p>\n<blockquote><p><strong><em>\u00ab Les choses vont devenir bien plus difficiles et vous allez payer le prix plein \u00bb<\/em><\/strong>, a d\u00e9clar\u00e9 Katz, ajoutant que<strong><em> \u00ab l&rsquo;\u00e9vacuation de la population des zones de combat va bient\u00f4t reprendre \u00bb.<\/em><\/strong><\/p>\n<p><strong><em>\u00ab Suivez le conseil du pr\u00e9sident am\u00e9ricain. Rendez les otages et \u00e9cartez le Hamas, et d&rsquo;autres choix s&rsquo;ouvriront \u00e0 vous, y compris la r\u00e9installation dans d&rsquo;autres endroits du monde pour ceux qui l&rsquo;auront choisi \u00bb<\/em><\/strong>, a ajout\u00e9 Katz. \u00ab L&rsquo;alternative, c&rsquo;est la destruction totale et la d\u00e9vastation totale. \u00bb<\/p><\/blockquote>\n<p>La d\u00e9claration de Katz sera sans doute ajout\u00e9e \u00e0 une<a href=\"https:\/\/law4palestine.org\/law-for-palestine-releases-database-with-500-instances-of-israeli-incitement-to-genocide-continuously-updated\/\" target=\"_blank\" rel=\"noopener\"> longue liste de d\u00e9clarations \u00e0 intentions g\u00e9nocidaires<\/a> \u00e9manant des responsables isra\u00e9liens depuis octobre 2023.<\/p>\n<p><strong><em>\u00ab Ce que vous entendez, c&rsquo;est le son de l&rsquo;impunit\u00e9 \u00bb<\/em><\/strong>, a d\u00e9clar\u00e9 jeudi Craig Mokhiber, un avocat des droits humains, <a href=\"https:\/\/www.youtube.com\/live\/kAx1nEUvnoA?si=Pc9h4D1LDlOyd3_D&amp;t=1405\" target=\"_blank\" rel=\"noopener\">lors du livestream de<\/a><em> The Electronic Intifada,<\/em> alors qu&rsquo;il commentait les propos tenus par Katz sur vid\u00e9o.<\/p>\n<p>Mokhiber a ajout\u00e9 que Katz<\/p>\n<blockquote><p>\u00ab commettait des crimes en public du fait que l&rsquo;Occident, \u00e0 commencer par les \u00c9tats-Unis, avait garanti l&rsquo;impunit\u00e9 \u00e0 Isra\u00ebl \u00bb.<\/p>\n<p>\u00ab Ce ne peut \u00eatre d\u00e9crit que comme une d\u00e9claration nazie \u00bb,<\/p><\/blockquote>\n<p>a ajout\u00e9 Mokhiber, qui, en octobre 2023, avait d\u00e9missionn\u00e9 de son poste de responsable des droits de l&rsquo;homme \u00e0 l&rsquo;ONU pour protester contre l&rsquo;inaction de l&rsquo;institution mondiale face au g\u00e9nocide perp\u00e9tr\u00e9 par Isra\u00ebl.<\/p>\n<p>En d\u00e9but de semaine, le Premier ministre isra\u00e9lien Benjamin Netanyahou avait d\u00e9clar\u00e9 que, <strong><em>\u00ab d\u00e8s \u00e0 pr\u00e9sent, les n\u00e9gociations n&rsquo;auront lieu que sous le feu \u00bb<\/em><\/strong>, faisant allusion aux discussions en vue d&rsquo;assurer la lib\u00e9ration des captifs d\u00e9tenus \u00e0 Gaza depuis octobre 2023 et de d\u00e9gager un accord qui mettrait fin pour de bon \u00e0 la guerre \u00e0 Gaza.<\/p>\n<p>D&rsquo;importants responsables isra\u00e9liens rest\u00e9s anonymes ont dit sur Channel 12, une cha\u00eene isra\u00e9lienne, que les op\u00e9rations militaires \u00e0 Gaza allaient s&rsquo;intensifier <em>\u00ab si le Hamas ne faisait pas preuve de flexibilit\u00e9 dans les n\u00e9gociations, et ce, d\u00e8s le lendemain \u00bb,<\/em> <a href=\"https:\/\/www.timesofisrael.com\/vowing-to-press-gaza-strikes-netanyahu-says-hostage-talks-to-be-held-under-fire\/\" target=\"_blank\" rel=\"noopener\">d&rsquo;apr\u00e8s<\/a> The Times of Israel.<\/p>\n<p><a href=\"https:\/\/charleroi-pourlapalestine.be\/index.php\/2025\/03\/19\/israel-reprend-ses-attaques-genocidaires-contre-gaza-et-tue-400-personnes\/\">Plusieurs personnalit\u00e9s importantes du Hamas ont \u00e9t\u00e9 tu\u00e9es depuis mardi<\/a>, y compris des membres de son bureau politique qui occupaient d&rsquo;importantes fonctions dans les minist\u00e8res de Gaza. Jeudi, l&rsquo;arm\u00e9e isra\u00e9lienne a <a href=\"https:\/\/x.com\/AvichayAdraee\/status\/1902738986906341457\" target=\"_blank\" rel=\"noopener\">pr\u00e9tendu<\/a> qu&rsquo;elle avait tu\u00e9 deux responsables de la s\u00e9curit\u00e9 du Hamas ainsi qu&rsquo;une autre personne qui, selon ses dires, \u00e9tait un agent de premier plan de l&rsquo;aile arm\u00e9e du Djihad islamique.<\/p>\n<p>Jeudi, le Hamas a r\u00e9it\u00e9r\u00e9 son engagement envers l&rsquo;accord de cessez-le-feu en trois phases sign\u00e9 en janvier et a d\u00e9clar\u00e9 que les discussions avec les m\u00e9diateurs avaient toujours cours.<\/p>\n<p>Au cours d&rsquo;une <a href=\"https:\/\/www.youtube.com\/watch?v=9KFmOC0KEuY\" target=\"_blank\" rel=\"noopener\">interview<\/a> r\u00e9alis\u00e9e mardi par la cha\u00eene de diffusion du Golfe Alaraby, le porte-parole du Hamas, Sami Abu Zuhri, a accus\u00e9 Isra\u00ebl de tenter d&rsquo;imposer un accord de reddition au peuple palestinien.<\/p>\n<p>Abu Zuhri a expliqu\u00e9 que Washington et Tel-Aviv tentaient de modifier les termes de l&rsquo;accord de cessez-le-feu qu&rsquo;Isra\u00ebl avait sign\u00e9 et que les EU avaient garanti. Cet accord incluait une possibilit\u00e9 de mettre fin \u00e0 la guerre une fois pour toutes et d&rsquo;assurer l&rsquo;afflux de l&rsquo;aide humanitaire vers Gaza.<\/p>\n<p>Cette fois, selon Abu Zuhri, les EU et Isra\u00ebl veulent modifier l&rsquo;accord de sorte qu&rsquo;il n&rsquo;implique que l&rsquo;\u00e9change des prisonniers sans le moindre terme concernant l&rsquo;aide ou la fin de la guerre.<\/p>\n<p>Malgr\u00e9 cela, a d\u00e9clar\u00e9 Abu Zuhri, le Hamas a accept\u00e9 de rel\u00e2cher les otages \u00e0 double nationalit\u00e9 am\u00e9ricaine et isra\u00e9lienne en \u00e9change d&rsquo;une garantie qu&rsquo;Isra\u00ebl allait entamer les n\u00e9gociations vers la phase deux de l&rsquo;accord original et appliquer les protocoles humanitaires requ\u00e9rant l&rsquo;entr\u00e9e de l&rsquo;aide \u00e0 Gaza.<\/p>\n<p>Isra\u00ebl a refus\u00e9 ces termes, selon Abu Zuhri.<\/p>\n<p>Les EU et Isra\u00ebl ont essay\u00e9 d\u00e9sormais d&rsquo;imposer leurs propres termes en versant le sang des Palestiniens, a d\u00e9clar\u00e9 Abu Zuhri, en insistant sur le fait qu&rsquo;ils n&rsquo;arriveraient pas encore cette fois \u00e0 briser la volont\u00e9 du peuple palestinien et de sa R\u00e9sistance, alors qu&rsquo;ils n&rsquo;y \u00e9taient d\u00e9j\u00e0 pas parvenus au cours des 15 mois de g\u00e9nocide qui avaient pr\u00e9c\u00e9d\u00e9 le cessez-le-feu.<\/p>\n<h3><\/h3>\n<h3>Pressions militaires<\/h3>\n<p>Le pr\u00e9sident am\u00e9ricain Donald Trump a menac\u00e9 \u00e0 plusieurs reprises d&rsquo;ouvrir les <em>\u00ab portes de l&rsquo;enfer \u00bb<\/em> si le Hamas ne lib\u00e9rait pas tous les captifs d\u00e9tenus \u00e0 Gaza, en d\u00e9pit du cadre d\u00e9j\u00e0 en place en vue de garantir leur libert\u00e9.<\/p>\n<p>Au cours d&rsquo;une r\u00e9union du Conseil de s\u00e9curit\u00e9, jeudi, Khaled Khiari, un haut responsable de l&rsquo;ONU, a d\u00e9clar\u00e9 que les pressions militaires ne feraient que retarder le retour des 24 captifs qui, croit-on, sont toujours vivants \u00e0 Gaza \u2013 un point de vue \u00e9galement partag\u00e9 par un <a href=\"https:\/\/x.com\/muhammadshehad2\/status\/1902085883441877210?ref_src=twsrc%5Etfw%7Ctwcamp%5Etweetembed%7Ctwterm%5E1902085883441877210%7Ctwgr%5Ec1696822d41ffb9544db9f2e95be34513b8b001e%7Ctwcon%5Es1_&amp;ref_url=https%3A%2F%2Felectronicintifada.net%2Fblogs%2Fmaureen-clare-murphy%2Fisrael-kills-110-minister-threatens-total-destruction-gaza\" target=\"_blank\" rel=\"noopener\">grand nombre<\/a> de membres de <a href=\"https:\/\/www.kan.org.il\/content\/kan-news\/politic\/872202\/\" target=\"_blank\" rel=\"noopener\">l&rsquo;establishment s\u00e9curitaire isra\u00e9lien.<\/a><\/p>\n<p>Quant \u00e0 savoir si Isra\u00ebl a la capacit\u00e9 de supporter une op\u00e9ration militaire prolong\u00e9e,<a href=\"https:\/\/www.reuters.com\/world\/middle-east\/israel-reservist-burnout-little-public-appetite-more-war-gaza-2025-03-20\/\" target=\"_blank\" rel=\"noopener\"> la question est ouverte,<\/a> vu l&rsquo;\u00e9puisement de son arm\u00e9e et de son public apr\u00e8s les vastes et co\u00fbteuses campagnes tant \u00e0 Gaza qu&rsquo;au Liban.<\/p>\n<p>\u00c0 peine 60 pour 100 des r\u00e9servistes se pr\u00e9sentent pour servir, selon les rapports des m\u00e9dias isra\u00e9liens.<\/p>\n<p>L&rsquo;absence de confiance dans le gouvernement et le peu d&rsquo;enthousiasme \u00e0 se battre dans une guerre sans buts strat\u00e9giques clairs ont port\u00e9 un coup au moral.<\/p>\n<p><a href=\"https:\/\/www.reuters.com\/world\/middle-east\/israel-reservist-burnout-little-public-appetite-more-war-gaza-2025-03-20\/\" target=\"_blank\" rel=\"noopener\">Des dizaines de milliers de personnes<\/a> ont d\u00e9fil\u00e9 dans les rues de Tel-Aviv et de J\u00e9rusalem depuis mardi afin de protester contre les d\u00e9marches de Netanyahou en vue de consolider son contr\u00f4le sur les appareils de l&rsquo;\u00c9tat apr\u00e8s qu&rsquo;il a annonc\u00e9 dimanche son intention de virer le chef des renseignements, Ronen Bar.<\/p>\n<p>Dans des remarques rapport\u00e9es cette semaine par nombre de publications isra\u00e9liennes, Aharon Barak \u2013 l&rsquo;ancien pr\u00e9sident de la haute cour d&rsquo;Isra\u00ebl \u2013 a mis en garde contre <em>\u00ab la faille s\u00e9v\u00e8re entre les Isra\u00e9liens et eux-m\u00eames \u00bb.<\/em><\/p>\n<p>Barak <a href=\"https:\/\/www.timesofisrael.com\/liveblog_entry\/ex-supreme-court-chief-aharon-barak-says-he-fears-israel-headed-to-civil-war\/\" target=\"_blank\" rel=\"noopener\">a expliqu\u00e9<\/a> au m\u00e9dia isra\u00e9lien Ynet que<\/p>\n<blockquote><p>\u00ab cette faille se d\u00e9t\u00e9riore et, \u00e0 la fin, je le crains, elle sera comme un train qui sort des rails et qui plonge dans un ab\u00eeme, provoquant ainsi une guerre civile \u00bb.<\/p><\/blockquote>\n<p>Cette semaine, comme si elle entendait illustrer les craintes de Barak, l&rsquo;arm\u00e9e isra\u00e9lienne a <a href=\"https:\/\/www.timesofisrael.com\/liveblog_entry\/second-reservist-officer-dismissed-for-refusing-to-serve\/\" target=\"_blank\" rel=\"noopener\">destitu\u00e9<\/a> deux officiers de r\u00e9serve apr\u00e8s qu&rsquo;ils avaient publiquement d\u00e9clar\u00e9 qu&rsquo;ils ne retourneraient pas se battre \u00e0 Gaza.<\/p>\n<blockquote><p>\u00ab La chose qui aidera le plus d\u00e8s maintenant \u00e0 prot\u00e9ger mon peuple est de refuser de prendre part aux combats au service de sales tra\u00eetres, en opposition compl\u00e8te aux int\u00e9r\u00eats du peuple d&rsquo;Isra\u00ebl \u00bb,<\/p><\/blockquote>\n<p>avait d\u00e9clar\u00e9 l&rsquo;un des officiers, qui servait dans les renseignements militaires.<\/p>\n<p>Barak repr\u00e9sentait Isra\u00ebl lors des proc\u00e9dures initiales de la Cour internationale de Justice dans la plainte pour g\u00e9nocide introduite par l&rsquo;Afrique du Sud contre Isra\u00ebl.<\/p>\n<p>En janvier 2024, la cour avait ordonn\u00e9 <em>\u00ab des mesures imm\u00e9diates et effectives \u00bb<\/em> afin de prot\u00e9ger les Palestiniens de Gaza du risque de g\u00e9nocide en assurant l&rsquo;acc\u00e8s de l&rsquo;aide humanitaire et des services de base.<\/p>\n<p>Isra\u00ebl ne s&rsquo;est pas pli\u00e9 aux ordres juridiquement contraignants de la cour, qui<a href=\"https:\/\/jordantimes.com\/news\/region\/icj-hearing-next-month-israel-aid-obligations-palestinians\" target=\"_blank\" rel=\"noopener\"> tiendra des audiences<\/a> en avril \u00e0 propos des obligations humanitaires d&rsquo;Isra\u00ebl envers les Palestiniens apr\u00e8s que l&rsquo;Assembl\u00e9e g\u00e9n\u00e9rale a adopt\u00e9 une r\u00e9solution requ\u00e9rant un avis consultatif sur le sujet.<\/p>\n<h3>Des travailleurs de l&rsquo;ONU tu\u00e9s<\/h3>\n<p>Isra\u00ebl a ordonn\u00e9 la fermeture des passages vers Gaza le 2 mars, emp\u00eachant ainsi l&rsquo;entr\u00e9e de l&rsquo;aide humanitaire, des marchandises m\u00e9dicales et commerciales et resserrant l&rsquo;\u00e9tau sur la population civile du territoire.<\/p>\n<p>Les h\u00f4pitaux manquent de m\u00e9dicaments, d&rsquo;\u00e9quipements m\u00e9dicaux essentiels, d&rsquo;oxyg\u00e8ne et d&rsquo;autres fournitures, selon le Dr Muhammad Zaqout, du minist\u00e8re de la sant\u00e9. Les installations manquent \u00e9galement de l&rsquo;\u00e9nergie solaire n\u00e9cessaire pour faire marcher les g\u00e9n\u00e9rateurs \u2013 une n\u00e9cessit\u00e9 apr\u00e8s qu&rsquo;Isra\u00ebl a ferm\u00e9 la fourniture d&rsquo;\u00e9lectricit\u00e9 \u00e0 Gaza en octobre 2023.<\/p>\n<p>Le Dr Zaqout a ajout\u00e9 que les patients avaient un besoin urgent d&rsquo;\u00eatre renvoy\u00e9s en dehors de Gaza et que les h\u00f4pitaux du territoire avaient besoin du soutien de personnel m\u00e9dical de l&rsquo;ext\u00e9rieur du territoire afin de pouvoir g\u00e9rer la crise.<\/p>\n<p><a href=\"https:\/\/mezan.org\/en\/post\/46665\" target=\"_blank\" rel=\"noopener\">Al Mezan<\/a>, une organisation des droits humains cantonn\u00e9e \u00e0 Gaza, a d\u00e9clar\u00e9 que de nombreux bless\u00e9s \u00e9taient <strong><em>\u00ab transport\u00e9s vers les h\u00f4pitaux dans des charrettes \u00e0 traction animale \u00bb<\/em><\/strong>, en raison des p\u00e9nuries de carburant r\u00e9sultant de la fermeture par Isra\u00ebl des passages, immobilisant de la sorte des flottes enti\u00e8re d&rsquo;ambulances.<\/p>\n<div id=\"attachment_83479\" style=\"width: 810px\" class=\"wp-caption aligncenter\"><img loading=\"lazy\" decoding=\"async\" aria-describedby=\"caption-attachment-83479\" class=\"wp-image-83479 size-full\" src=\"https:\/\/charleroi-pourlapalestine.be\/wp-content\/uploads\/2025\/03\/Beit-Lahia.jpg\" alt=\"Isra\u00ebl tue 110 Palestiniens au moment o\u00f9 le ministre menace Gaza de \u00ab destruction totale \u00bb. Photo : 20 mars 2025. Des Palestiniens fuient leurs maisons \u00e0 Beit Lahiya, dans le nord de Gaza, apr\u00e8s que l'arm\u00e9e isra\u00e9lienne a ordonn\u00e9 le d\u00e9placement dans plusieurs zones de la bande \u00e0 la suite des bombardements lourds.\" width=\"800\" height=\"533\" srcset=\"https:\/\/charleroi-pourlapalestine.be\/wp-content\/uploads\/2025\/03\/Beit-Lahia.jpg 800w, https:\/\/charleroi-pourlapalestine.be\/wp-content\/uploads\/2025\/03\/Beit-Lahia-350x233.jpg 350w, https:\/\/charleroi-pourlapalestine.be\/wp-content\/uploads\/2025\/03\/Beit-Lahia-700x466.jpg 700w, https:\/\/charleroi-pourlapalestine.be\/wp-content\/uploads\/2025\/03\/Beit-Lahia-768x512.jpg 768w\" sizes=\"auto, (max-width: 800px) 100vw, 800px\" \/><p id=\"caption-attachment-83479\" class=\"wp-caption-text\"><strong>20 mars 2025. Des Palestiniens fuient leurs maisons \u00e0 Beit Lahiya, dans le nord de Gaza, apr\u00e8s que l&rsquo;arm\u00e9e isra\u00e9lienne a ordonn\u00e9 le d\u00e9placement dans plusieurs zones de la bande \u00e0 la suite des bombardements lourds.<\/strong> (Photo : Omar Ashtawy \/ APA images)<\/p><\/div>\n<p>Cinq employ\u00e9s de l&rsquo;UNRWA, l&rsquo;agence de l&rsquo;ONU pour les r\u00e9fugi\u00e9s de Palestine, faisaient partie des personnes tu\u00e9es depuis mardi, selon le directeur de l&rsquo;agence, Philippe Lazzarini.<\/p>\n<blockquote><p>\u00ab C&rsquo;\u00e9taient des enseignants, des m\u00e9decins et des infirmiers au service des personnes les plus vuln\u00e9rables \u00bb,<\/p><\/blockquote>\n<p>a<a href=\"https:\/\/x.com\/UNLazzarini\/status\/1902657788951617687\" target=\"_blank\" rel=\"noopener\"> d\u00e9clar\u00e9<\/a> Lazzarini sur X.<\/p>\n<p>Lazzarini a ajout\u00e9 que 284 travailleurs de l&rsquo;UNRWA avaient \u00e9t\u00e9 tu\u00e9s \u00e0 Gaza, depuis octobre 2023.<\/p>\n<p>Mercredi, Marin Valev Marinov, un ressortissant bulgare travaillant pour l&rsquo;ONU, <a href=\"https:\/\/www.reuters.com\/world\/middle-east\/bulgarian-national-working-un-died-gaza-strip-foreign-ministry-says-2025-03-19\/\" target=\"_blank\" rel=\"noopener\">a \u00e9t\u00e9 tu\u00e9<\/a> \u00e0 Deir al-Balah, dans la partie centrale de Gaza, lors d&rsquo;une frappe contre une maison d&rsquo;h\u00f4tes destin\u00e9e \u00e0 l&rsquo;UNOPS, le Bureau des Nations unies pour les services d&rsquo;appui aux projets.<\/p>\n<p>Cinq autres personnes ont \u00e9t\u00e9 bless\u00e9es et <em>\u00ab deux des bless\u00e9s ont d\u00fb subir l&rsquo;amputation de leurs membres inf\u00e9rieurs \u00bb,<\/em> <a href=\"https:\/\/mezan.org\/en\/post\/46665\" target=\"_blank\" rel=\"noopener\">selon<\/a> Al Mezan, qui citait des sources m\u00e9dicales.<\/p>\n<p>Jorge Moreira da Silva, le responsable de l&rsquo;UNOPS,<a href=\"https:\/\/news.un.org\/en\/story\/2025\/03\/1161261\" target=\"_blank\" rel=\"noopener\"> a expliqu\u00e9 aux journalistes<\/a> que la d\u00e9flagration meurtri\u00e8re n&rsquo;avait rien \u00e0 voir avec l&rsquo;enl\u00e8vement de munitions non explos\u00e9es.<\/p>\n<blockquote><p><strong><em>\u00ab Ce n&rsquo;\u00e9tait pas un accident, c&rsquo;\u00e9tait un incident \u00bb<\/em><\/strong>, a ajout\u00e9 Moreira, faisant remarquer que <strong><em>\u00ab ces lieux \u00e9taient bien connus \u00bb<\/em><\/strong> de l&rsquo;arm\u00e9e isra\u00e9lienne et que <strong><em>\u00ab tout le monde savait qui travaillait \u00e0 l&rsquo;int\u00e9rieur des locaux \u00bb<\/em><\/strong> \u2013 il s&rsquo;agissait d&#8217;employ\u00e9s de l&rsquo;ONU, d&#8217;employ\u00e9s de l&rsquo;UNOPS.<\/p><\/blockquote>\n<p>Isra\u00ebl a rejet\u00e9 toute responsabilit\u00e9 dans la frappe meurtri\u00e8re contre le b\u00e2timent de l&rsquo;ONU. Mais Al Mezan a d\u00e9clar\u00e9 que <em>\u00ab les forces isra\u00e9liennes avaient lanc\u00e9 au moins un missile \u00bb<\/em> dessus.<\/p>\n<p>Al Mezan a ajout\u00e9 que le ciblage des travailleurs humanitaires et le blocage de l&rsquo;aide aux passages<\/p>\n<blockquote><p>\u00ab constituent un effort d\u00e9lib\u00e9r\u00e9 en vue de saper les op\u00e9rations de secours, d&rsquo;infliger de graves dommages aux civils et de rendre insupportables les conditions de vie de la population \u2013 le tout sous l\u2019\u0153il attentif de la communaut\u00e9 internationale \u00bb.<\/p><\/blockquote>\n<p>Les forces isra\u00e9liennes ont cibl\u00e9<\/p>\n<blockquote><p>\u00ab des civils palestiniens dans tout Gaza, se sont livr\u00e9es \u00e0 des tueries massives en bombardant d\u00e9lib\u00e9r\u00e9ment des immeubles, des tentes et des abris dens\u00e9ment peupl\u00e9s \u00bb,<\/p><\/blockquote>\n<p>toujours selon Al Mezan.<\/p>\n<p>Isra\u00ebl recourt \u00e9galement \u00e0 l&rsquo;affamement comme arme de guerre, a ajout\u00e9 l&rsquo;organisation de d\u00e9fense des droits, ce qui se traduit par<\/p>\n<blockquote><p>\u00ab de s\u00e9v\u00e8res p\u00e9nuries de nourriture et de fournitures essentielles, lesquelles ont encore intensifi\u00e9 la catastrophe humanitaire \u00e0 Gaza \u00bb.<\/p><\/blockquote>\n<h3>Au Y\u00e9men<\/h3>\n<p>Entre-temps, les vols en partance du principal a\u00e9roport d&rsquo;Isra\u00ebl ont \u00e9t\u00e9 <a href=\"https:\/\/www.aljazeera.com\/news\/liveblog\/2025\/3\/20\/live-israel-kills-70-in-gaza-netanyahu-warns-of-fierce-war-expanding?update=3592735\" target=\"_blank\" rel=\"noopener\">consign\u00e9s au sol \u00e0 deux reprises<\/a> jeudi, alors que les sir\u00e8nes retentissaient \u00e9galement dans la zone de J\u00e9rusalem et en Cisjordanie occup\u00e9e, apr\u00e8s que des roquettes avaient \u00e9t\u00e9 tir\u00e9es vers Tel-Aviv depuis Gaza et le Y\u00e9men, mais sans causer de victimes ou de d\u00e9g\u00e2ts, a-t-on rapport\u00e9.<\/p>\n<p>Les m\u00e9dias isra\u00e9liens ont fait savoir qu&rsquo;Ansarullah, le mouvement qui gouverne le Y\u00e9men, a <a href=\"https:\/\/www.timesofisrael.com\/houthis-fire-2nd-ballistic-missile-at-israel-since-early-morning-none-hurt\/\" target=\"_blank\" rel=\"noopener\">lanc\u00e9 deux missiles balistiques<\/a> sur le pays jeudi et que le premier avait envoy\u00e9 \u00e0 4 heures du matin des millions de personnes dans les abris anti-bombes.<\/p>\n<p>Le Hamas a d\u00e9clar\u00e9 que, jeudi, il avait<a href=\"https:\/\/www.reuters.com\/world\/middle-east\/israel-says-it-intercepted-missile-launched-yemen-2025-03-20\/\" target=\"_blank\" rel=\"noopener\"> tir\u00e9 un barrage de roquettes en direction de Tel-Aviv<\/a>, lesquelles, \u00e0 l&rsquo;instar des missiles lanc\u00e9s depuis le Y\u00e9men, ont \u00e9t\u00e9 <a href=\"https:\/\/www.reuters.com\/world\/middle-east\/hamas-armed-wing-says-it-fired-rockets-against-tel-aviv-2025-03-20\/\" target=\"_blank\" rel=\"noopener\">pr\u00e9tendument intercept\u00e9es<\/a> par l&rsquo;arm\u00e9e isra\u00e9lienne.<\/p>\n<p>Mercredi, Trump<a href=\"https:\/\/apnews.com\/article\/mideast-wars-yemen-houthis-us-airstrikes-711f221c18341616044e021ec2bed538\" target=\"_blank\" rel=\"noopener\"> a jur\u00e9<\/a> qu&rsquo;Ansarullah <em>\u00ab serait compl\u00e8tement an\u00e9anti \u00bb<\/em> et il a mis en garde l&rsquo;Iran contre l&rsquo;envoi \u00e0 l&rsquo;organisation y\u00e9m\u00e9nite de fournitures suppl\u00e9mentaires.<\/p>\n<p>Mercredi soir, des frappes am\u00e9ricaines ont touch\u00e9 la capitale y\u00e9m\u00e9nite Sanaa et le nord-ouest de Saada apr\u00e8s qu&rsquo;une campagne a\u00e9rienne a tu\u00e9 plus de 50 personnes au cours du week-end, dont des enfants, a rapport\u00e9 AP.<\/p>\n<p>Le pr\u00e9sident am\u00e9ricain Barack Obama <a href=\"https:\/\/www.cfr.org\/blog\/obamas-war-choice-supporting-saudi-led-air-war-yemen\" target=\"_blank\" rel=\"noopener\">\u00e9tait entr\u00e9 brutalement en guerre<\/a> contre Ansarullah en 2015, en compagnie de l&rsquo;Arabie saoudite et des \u00c9mirats arabes unis, provoquant ainsi l&rsquo;un des pires d\u00e9sastres humanitaires \u2013 <a href=\"https:\/\/www.unrefugees.org\/news\/yemen-crisis-explained\/\" target=\"_blank\" rel=\"noopener\">toujours en cours<\/a> \u2013 de la plan\u00e8te.<\/p>\n<p>Des ann\u00e9es de bombardements soutenus par les EU ne sont pas venus \u00e0 bout d&rsquo;Ansarullah qui, en fait, n&rsquo;a cess\u00e9 depuis de cro\u00eetre en puissance et en capacit\u00e9s.<\/p>\n<p>Dimanche, le chef du mouvement, Abdul Malik al-Houthi, <a href=\"https:\/\/electronicintifada.net\/blogs\/eli-gerzon\/livestream-vermont-victory-against-israeli-apartheid\" target=\"_blank\" rel=\"noopener\">a jur\u00e9<\/a> que les attaques am\u00e9ricaines ne dissuaderaient pas le Y\u00e9men de soutenir les Palestiniens \u00e0 Gaza.<\/p>\n<p>Il a invit\u00e9 instamment les Y\u00e9m\u00e9nites \u00e0 manifester le lendemain afin de montrer leur soutien \u00e0 la position du pays, un appel auquel <a href=\"https:\/\/www.youtube.com\/watch?v=GTR2aOalcks\" target=\"_blank\" rel=\"noopener\">des millions de personnes ont r\u00e9pondu.<\/a><\/p>\n<p style=\"text-align: center;\">*****<\/p>\n<p><strong>Ali Abunimah<\/strong> a contribu\u00e9 \u00e0 la r\u00e9alisation de cet article.<\/p>\n<p style=\"text-align: center;\">*****<\/p>\n<p>Publi\u00e9 le 20 mars 2023 sur <a href=\"https:\/\/electronicintifada.net\/blogs\/maureen-clare-murphy\/israel-kills-110-minister-threatens-total-destruction-gaza\" target=\"_blank\" rel=\"noopener\">The Electronic Intifada<\/a><br \/>\nTraduction : Jean-Marie Fl\u00e9mal, <a href=\"https:\/\/charleroi-pourlapalestine.be\/\">Charleroi pour la Palestine<\/a><\/p>\n","protected":false},"excerpt":{"rendered":"<p>Isra\u00ebl Katz, le ministre isra\u00e9lien de la D\u00e9fense, y est all\u00e9 d&rsquo;un \u00ab avertissement final \u00bb \u00e0 la population de Gaza dans une d\u00e9claration manifeste d&rsquo;intentions g\u00e9nocidaires<\/p>\n","protected":false},"author":1,"featured_media":83479,"comment_status":"closed","ping_status":"closed","sticky":false,"template":"","format":"standard","meta":{"ngg_post_thumbnail":0,"footnotes":""},"categories":[989,930,17,52,6,344,197,125,778,50,25,51,940],"tags":[],"class_list":["post-83462","post","type-post","status-publish","format-standard","has-post-thumbnail","hentry","category-affamement","category-deplacements","category-les-enfants-jeunes","category-la-cour-penale-internationale","category-gaza","category-genocide","category-hamas","category-impunite","category-massacres","category-les-nations-unies","category-la-resistance-palestinienne","category-lunrwa","category-yemen-2"],"yoast_head":"<!-- This site is optimized with the Yoast SEO plugin v27.3 - https:\/\/yoast.com\/product\/yoast-seo-wordpress\/ -->\n<title>Isra\u00ebl tue 110 Palestiniens au moment o\u00f9 le ministre menace Gaza de \u00ab destruction totale \u00bb<\/title>\n<meta name=\"description\" content=\"Tout en pilonnant Gaza, Isra\u00ebl a \u00e9mis de nouveaux ordres de d\u00e9placement poussant les gens du nord et de l\u2019est de Gaza vers la c\u00f4te\" \/>\n<meta name=\"robots\" content=\"index, follow, max-snippet:-1, max-image-preview:large, max-video-preview:-1\" \/>\n<link rel=\"canonical\" href=\"https:\/\/charleroi-pourlapalestine.be\/index.php\/2025\/03\/22\/israel-tue-110-palestiniens-au-moment-ou-le-ministre-menace-gaza-de-destruction-totale\/\" \/>\n<script type=\"application\/ld+json\" class=\"yoast-schema-graph\">{\"@context\":\"https:\\\/\\\/schema.org\",\"@graph\":[{\"@type\":\"Article\",\"@id\":\"https:\\\/\\\/charleroi-pourlapalestine.be\\\/index.php\\\/2025\\\/03\\\/22\\\/israel-tue-110-palestiniens-au-moment-ou-le-ministre-menace-gaza-de-destruction-totale\\\/#article\",\"isPartOf\":{\"@id\":\"https:\\\/\\\/charleroi-pourlapalestine.be\\\/index.php\\\/2025\\\/03\\\/22\\\/israel-tue-110-palestiniens-au-moment-ou-le-ministre-menace-gaza-de-destruction-totale\\\/\"},\"author\":{\"name\":\"admin1873\",\"@id\":\"https:\\\/\\\/charleroi-pourlapalestine.be\\\/#\\\/schema\\\/person\\\/c19ff515112f1299d8c12671d8fe3faa\"},\"headline\":\"Isra\u00ebl tue 110 Palestiniens au moment o\u00f9 le ministre menace Gaza de \u00ab destruction totale \u00bb\",\"datePublished\":\"2025-03-22T09:03:43+00:00\",\"dateModified\":\"2025-03-22T09:03:46+00:00\",\"mainEntityOfPage\":{\"@id\":\"https:\\\/\\\/charleroi-pourlapalestine.be\\\/index.php\\\/2025\\\/03\\\/22\\\/israel-tue-110-palestiniens-au-moment-ou-le-ministre-menace-gaza-de-destruction-totale\\\/\"},\"wordCount\":2929,\"publisher\":{\"@id\":\"https:\\\/\\\/charleroi-pourlapalestine.be\\\/#organization\"},\"image\":{\"@id\":\"https:\\\/\\\/charleroi-pourlapalestine.be\\\/index.php\\\/2025\\\/03\\\/22\\\/israel-tue-110-palestiniens-au-moment-ou-le-ministre-menace-gaza-de-destruction-totale\\\/#primaryimage\"},\"thumbnailUrl\":\"https:\\\/\\\/charleroi-pourlapalestine.be\\\/wp-content\\\/uploads\\\/2025\\\/03\\\/Beit-Lahia.jpg\",\"articleSection\":[\"Affamement\",\"D\u00e9placements\",\"Enfants\",\"Etats-Unis\",\"Gaza\",\"G\u00e9nocide\",\"Hamas\",\"Impunit\u00e9\",\"Massacres\",\"Nations Unies\",\"R\u00e9sistance\",\"UNRWA\",\"Y\u00e9men\"],\"inLanguage\":\"fr-FR\"},{\"@type\":\"WebPage\",\"@id\":\"https:\\\/\\\/charleroi-pourlapalestine.be\\\/index.php\\\/2025\\\/03\\\/22\\\/israel-tue-110-palestiniens-au-moment-ou-le-ministre-menace-gaza-de-destruction-totale\\\/\",\"url\":\"https:\\\/\\\/charleroi-pourlapalestine.be\\\/index.php\\\/2025\\\/03\\\/22\\\/israel-tue-110-palestiniens-au-moment-ou-le-ministre-menace-gaza-de-destruction-totale\\\/\",\"name\":\"Isra\u00ebl tue 110 Palestiniens au moment o\u00f9 le ministre menace Gaza de \u00ab destruction totale \u00bb\",\"isPartOf\":{\"@id\":\"https:\\\/\\\/charleroi-pourlapalestine.be\\\/#website\"},\"primaryImageOfPage\":{\"@id\":\"https:\\\/\\\/charleroi-pourlapalestine.be\\\/index.php\\\/2025\\\/03\\\/22\\\/israel-tue-110-palestiniens-au-moment-ou-le-ministre-menace-gaza-de-destruction-totale\\\/#primaryimage\"},\"image\":{\"@id\":\"https:\\\/\\\/charleroi-pourlapalestine.be\\\/index.php\\\/2025\\\/03\\\/22\\\/israel-tue-110-palestiniens-au-moment-ou-le-ministre-menace-gaza-de-destruction-totale\\\/#primaryimage\"},\"thumbnailUrl\":\"https:\\\/\\\/charleroi-pourlapalestine.be\\\/wp-content\\\/uploads\\\/2025\\\/03\\\/Beit-Lahia.jpg\",\"datePublished\":\"2025-03-22T09:03:43+00:00\",\"dateModified\":\"2025-03-22T09:03:46+00:00\",\"description\":\"Tout en pilonnant Gaza, Isra\u00ebl a \u00e9mis de nouveaux ordres de d\u00e9placement poussant les gens du nord et de l\u2019est de Gaza vers la c\u00f4te\",\"breadcrumb\":{\"@id\":\"https:\\\/\\\/charleroi-pourlapalestine.be\\\/index.php\\\/2025\\\/03\\\/22\\\/israel-tue-110-palestiniens-au-moment-ou-le-ministre-menace-gaza-de-destruction-totale\\\/#breadcrumb\"},\"inLanguage\":\"fr-FR\",\"potentialAction\":[{\"@type\":\"ReadAction\",\"target\":[\"https:\\\/\\\/charleroi-pourlapalestine.be\\\/index.php\\\/2025\\\/03\\\/22\\\/israel-tue-110-palestiniens-au-moment-ou-le-ministre-menace-gaza-de-destruction-totale\\\/\"]}]},{\"@type\":\"ImageObject\",\"inLanguage\":\"fr-FR\",\"@id\":\"https:\\\/\\\/charleroi-pourlapalestine.be\\\/index.php\\\/2025\\\/03\\\/22\\\/israel-tue-110-palestiniens-au-moment-ou-le-ministre-menace-gaza-de-destruction-totale\\\/#primaryimage\",\"url\":\"https:\\\/\\\/charleroi-pourlapalestine.be\\\/wp-content\\\/uploads\\\/2025\\\/03\\\/Beit-Lahia.jpg\",\"contentUrl\":\"https:\\\/\\\/charleroi-pourlapalestine.be\\\/wp-content\\\/uploads\\\/2025\\\/03\\\/Beit-Lahia.jpg\",\"width\":800,\"height\":533},{\"@type\":\"BreadcrumbList\",\"@id\":\"https:\\\/\\\/charleroi-pourlapalestine.be\\\/index.php\\\/2025\\\/03\\\/22\\\/israel-tue-110-palestiniens-au-moment-ou-le-ministre-menace-gaza-de-destruction-totale\\\/#breadcrumb\",\"itemListElement\":[{\"@type\":\"ListItem\",\"position\":1,\"name\":\"Accueil\",\"item\":\"https:\\\/\\\/charleroi-pourlapalestine.be\\\/\"},{\"@type\":\"ListItem\",\"position\":2,\"name\":\"Isra\u00ebl tue 110 Palestiniens au moment o\u00f9 le ministre menace Gaza de \u00ab destruction totale \u00bb\"}]},{\"@type\":\"WebSite\",\"@id\":\"https:\\\/\\\/charleroi-pourlapalestine.be\\\/#website\",\"url\":\"https:\\\/\\\/charleroi-pourlapalestine.be\\\/\",\"name\":\"Charleroi Pour la Palestine\",\"description\":\"\",\"publisher\":{\"@id\":\"https:\\\/\\\/charleroi-pourlapalestine.be\\\/#organization\"},\"potentialAction\":[{\"@type\":\"SearchAction\",\"target\":{\"@type\":\"EntryPoint\",\"urlTemplate\":\"https:\\\/\\\/charleroi-pourlapalestine.be\\\/?s={search_term_string}\"},\"query-input\":{\"@type\":\"PropertyValueSpecification\",\"valueRequired\":true,\"valueName\":\"search_term_string\"}}],\"inLanguage\":\"fr-FR\"},{\"@type\":\"Organization\",\"@id\":\"https:\\\/\\\/charleroi-pourlapalestine.be\\\/#organization\",\"name\":\"Plate-forme Charleroi-Palestine\",\"url\":\"https:\\\/\\\/charleroi-pourlapalestine.be\\\/\",\"logo\":{\"@type\":\"ImageObject\",\"inLanguage\":\"fr-FR\",\"@id\":\"https:\\\/\\\/charleroi-pourlapalestine.be\\\/#\\\/schema\\\/logo\\\/image\\\/\",\"url\":\"https:\\\/\\\/charleroi-pourlapalestine.be\\\/wp-content\\\/uploads\\\/2020\\\/01\\\/logo-Copy.jpg\",\"contentUrl\":\"https:\\\/\\\/charleroi-pourlapalestine.be\\\/wp-content\\\/uploads\\\/2020\\\/01\\\/logo-Copy.jpg\",\"width\":180,\"height\":180,\"caption\":\"Plate-forme Charleroi-Palestine\"},\"image\":{\"@id\":\"https:\\\/\\\/charleroi-pourlapalestine.be\\\/#\\\/schema\\\/logo\\\/image\\\/\"},\"sameAs\":[\"https:\\\/\\\/www.facebook.com\\\/PlateformeCharleroiPalestine\\\/\",\"https:\\\/\\\/x.com\\\/LaCharleroi\"]},{\"@type\":\"Person\",\"@id\":\"https:\\\/\\\/charleroi-pourlapalestine.be\\\/#\\\/schema\\\/person\\\/c19ff515112f1299d8c12671d8fe3faa\",\"name\":\"admin1873\",\"url\":\"https:\\\/\\\/charleroi-pourlapalestine.be\\\/index.php\\\/author\\\/admin1873\\\/\"}]}<\/script>\n<!-- \/ Yoast SEO plugin. -->","yoast_head_json":{"title":"Isra\u00ebl tue 110 Palestiniens au moment o\u00f9 le ministre menace Gaza de \u00ab destruction totale \u00bb","description":"Tout en pilonnant Gaza, Isra\u00ebl a \u00e9mis de nouveaux ordres de d\u00e9placement poussant les gens du nord et de l\u2019est de Gaza vers la c\u00f4te","robots":{"index":"index","follow":"follow","max-snippet":"max-snippet:-1","max-image-preview":"max-image-preview:large","max-video-preview":"max-video-preview:-1"},"canonical":"https:\/\/charleroi-pourlapalestine.be\/index.php\/2025\/03\/22\/israel-tue-110-palestiniens-au-moment-ou-le-ministre-menace-gaza-de-destruction-totale\/","schema":{"@context":"https:\/\/schema.org","@graph":[{"@type":"Article","@id":"https:\/\/charleroi-pourlapalestine.be\/index.php\/2025\/03\/22\/israel-tue-110-palestiniens-au-moment-ou-le-ministre-menace-gaza-de-destruction-totale\/#article","isPartOf":{"@id":"https:\/\/charleroi-pourlapalestine.be\/index.php\/2025\/03\/22\/israel-tue-110-palestiniens-au-moment-ou-le-ministre-menace-gaza-de-destruction-totale\/"},"author":{"name":"admin1873","@id":"https:\/\/charleroi-pourlapalestine.be\/#\/schema\/person\/c19ff515112f1299d8c12671d8fe3faa"},"headline":"Isra\u00ebl tue 110 Palestiniens au moment o\u00f9 le ministre menace Gaza de \u00ab destruction totale \u00bb","datePublished":"2025-03-22T09:03:43+00:00","dateModified":"2025-03-22T09:03:46+00:00","mainEntityOfPage":{"@id":"https:\/\/charleroi-pourlapalestine.be\/index.php\/2025\/03\/22\/israel-tue-110-palestiniens-au-moment-ou-le-ministre-menace-gaza-de-destruction-totale\/"},"wordCount":2929,"publisher":{"@id":"https:\/\/charleroi-pourlapalestine.be\/#organization"},"image":{"@id":"https:\/\/charleroi-pourlapalestine.be\/index.php\/2025\/03\/22\/israel-tue-110-palestiniens-au-moment-ou-le-ministre-menace-gaza-de-destruction-totale\/#primaryimage"},"thumbnailUrl":"https:\/\/charleroi-pourlapalestine.be\/wp-content\/uploads\/2025\/03\/Beit-Lahia.jpg","articleSection":["Affamement","D\u00e9placements","Enfants","Etats-Unis","Gaza","G\u00e9nocide","Hamas","Impunit\u00e9","Massacres","Nations Unies","R\u00e9sistance","UNRWA","Y\u00e9men"],"inLanguage":"fr-FR"},{"@type":"WebPage","@id":"https:\/\/charleroi-pourlapalestine.be\/index.php\/2025\/03\/22\/israel-tue-110-palestiniens-au-moment-ou-le-ministre-menace-gaza-de-destruction-totale\/","url":"https:\/\/charleroi-pourlapalestine.be\/index.php\/2025\/03\/22\/israel-tue-110-palestiniens-au-moment-ou-le-ministre-menace-gaza-de-destruction-totale\/","name":"Isra\u00ebl tue 110 Palestiniens au moment o\u00f9 le ministre menace Gaza de \u00ab destruction totale \u00bb","isPartOf":{"@id":"https:\/\/charleroi-pourlapalestine.be\/#website"},"primaryImageOfPage":{"@id":"https:\/\/charleroi-pourlapalestine.be\/index.php\/2025\/03\/22\/israel-tue-110-palestiniens-au-moment-ou-le-ministre-menace-gaza-de-destruction-totale\/#primaryimage"},"image":{"@id":"https:\/\/charleroi-pourlapalestine.be\/index.php\/2025\/03\/22\/israel-tue-110-palestiniens-au-moment-ou-le-ministre-menace-gaza-de-destruction-totale\/#primaryimage"},"thumbnailUrl":"https:\/\/charleroi-pourlapalestine.be\/wp-content\/uploads\/2025\/03\/Beit-Lahia.jpg","datePublished":"2025-03-22T09:03:43+00:00","dateModified":"2025-03-22T09:03:46+00:00","description":"Tout en pilonnant Gaza, Isra\u00ebl a \u00e9mis de nouveaux ordres de d\u00e9placement poussant les gens du nord et de l\u2019est de Gaza vers la c\u00f4te","breadcrumb":{"@id":"https:\/\/charleroi-pourlapalestine.be\/index.php\/2025\/03\/22\/israel-tue-110-palestiniens-au-moment-ou-le-ministre-menace-gaza-de-destruction-totale\/#breadcrumb"},"inLanguage":"fr-FR","potentialAction":[{"@type":"ReadAction","target":["https:\/\/charleroi-pourlapalestine.be\/index.php\/2025\/03\/22\/israel-tue-110-palestiniens-au-moment-ou-le-ministre-menace-gaza-de-destruction-totale\/"]}]},{"@type":"ImageObject","inLanguage":"fr-FR","@id":"https:\/\/charleroi-pourlapalestine.be\/index.php\/2025\/03\/22\/israel-tue-110-palestiniens-au-moment-ou-le-ministre-menace-gaza-de-destruction-totale\/#primaryimage","url":"https:\/\/charleroi-pourlapalestine.be\/wp-content\/uploads\/2025\/03\/Beit-Lahia.jpg","contentUrl":"https:\/\/charleroi-pourlapalestine.be\/wp-content\/uploads\/2025\/03\/Beit-Lahia.jpg","width":800,"height":533},{"@type":"BreadcrumbList","@id":"https:\/\/charleroi-pourlapalestine.be\/index.php\/2025\/03\/22\/israel-tue-110-palestiniens-au-moment-ou-le-ministre-menace-gaza-de-destruction-totale\/#breadcrumb","itemListElement":[{"@type":"ListItem","position":1,"name":"Accueil","item":"https:\/\/charleroi-pourlapalestine.be\/"},{"@type":"ListItem","position":2,"name":"Isra\u00ebl tue 110 Palestiniens au moment o\u00f9 le ministre menace Gaza de \u00ab destruction totale \u00bb"}]},{"@type":"WebSite","@id":"https:\/\/charleroi-pourlapalestine.be\/#website","url":"https:\/\/charleroi-pourlapalestine.be\/","name":"Charleroi Pour la Palestine","description":"","publisher":{"@id":"https:\/\/charleroi-pourlapalestine.be\/#organization"},"potentialAction":[{"@type":"SearchAction","target":{"@type":"EntryPoint","urlTemplate":"https:\/\/charleroi-pourlapalestine.be\/?s={search_term_string}"},"query-input":{"@type":"PropertyValueSpecification","valueRequired":true,"valueName":"search_term_string"}}],"inLanguage":"fr-FR"},{"@type":"Organization","@id":"https:\/\/charleroi-pourlapalestine.be\/#organization","name":"Plate-forme Charleroi-Palestine","url":"https:\/\/charleroi-pourlapalestine.be\/","logo":{"@type":"ImageObject","inLanguage":"fr-FR","@id":"https:\/\/charleroi-pourlapalestine.be\/#\/schema\/logo\/image\/","url":"https:\/\/charleroi-pourlapalestine.be\/wp-content\/uploads\/2020\/01\/logo-Copy.jpg","contentUrl":"https:\/\/charleroi-pourlapalestine.be\/wp-content\/uploads\/2020\/01\/logo-Copy.jpg","width":180,"height":180,"caption":"Plate-forme Charleroi-Palestine"},"image":{"@id":"https:\/\/charleroi-pourlapalestine.be\/#\/schema\/logo\/image\/"},"sameAs":["https:\/\/www.facebook.com\/PlateformeCharleroiPalestine\/","https:\/\/x.com\/LaCharleroi"]},{"@type":"Person","@id":"https:\/\/charleroi-pourlapalestine.be\/#\/schema\/person\/c19ff515112f1299d8c12671d8fe3faa","name":"admin1873","url":"https:\/\/charleroi-pourlapalestine.be\/index.php\/author\/admin1873\/"}]}},"_links":{"self":[{"href":"https:\/\/charleroi-pourlapalestine.be\/index.php\/wp-json\/wp\/v2\/posts\/83462","targetHints":{"allow":["GET"]}}],"collection":[{"href":"https:\/\/charleroi-pourlapalestine.be\/index.php\/wp-json\/wp\/v2\/posts"}],"about":[{"href":"https:\/\/charleroi-pourlapalestine.be\/index.php\/wp-json\/wp\/v2\/types\/post"}],"author":[{"embeddable":true,"href":"https:\/\/charleroi-pourlapalestine.be\/index.php\/wp-json\/wp\/v2\/users\/1"}],"replies":[{"embeddable":true,"href":"https:\/\/charleroi-pourlapalestine.be\/index.php\/wp-json\/wp\/v2\/comments?post=83462"}],"version-history":[{"count":0,"href":"https:\/\/charleroi-pourlapalestine.be\/index.php\/wp-json\/wp\/v2\/posts\/83462\/revisions"}],"wp:featuredmedia":[{"embeddable":true,"href":"https:\/\/charleroi-pourlapalestine.be\/index.php\/wp-json\/wp\/v2\/media\/83479"}],"wp:attachment":[{"href":"https:\/\/charleroi-pourlapalestine.be\/index.php\/wp-json\/wp\/v2\/media?parent=83462"}],"wp:term":[{"taxonomy":"category","embeddable":true,"href":"https:\/\/charleroi-pourlapalestine.be\/index.php\/wp-json\/wp\/v2\/categories?post=83462"},{"taxonomy":"post_tag","embeddable":true,"href":"https:\/\/charleroi-pourlapalestine.be\/index.php\/wp-json\/wp\/v2\/tags?post=83462"}],"curies":[{"name":"wp","href":"https:\/\/api.w.org\/{rel}","templated":true}]}}