{"id":83685,"date":"2025-03-28T18:26:46","date_gmt":"2025-03-28T17:26:46","guid":{"rendered":"https:\/\/charleroi-pourlapalestine.be\/?p=83685"},"modified":"2025-04-06T18:38:56","modified_gmt":"2025-04-06T16:38:56","slug":"freethefilton18-liberte-pour-les-activistes-de-filton-poemes","status":"publish","type":"post","link":"https:\/\/charleroi-pourlapalestine.be\/index.php\/2025\/03\/28\/freethefilton18-liberte-pour-les-activistes-de-filton-poemes\/","title":{"rendered":"#FreeTheFilton18 : Libert\u00e9 pour les activistes de Filton (po\u00e8mes)"},"content":{"rendered":"<p>En ao\u00fbt 2024,<a href=\"https:\/\/charleroi-pourlapalestine.be\/index.php\/2024\/08\/12\/liberez-les-filton6-liberez-les-prisonniers-de-palestine-action\/\"><strong> six militant\u2022es de Palestine Action<\/strong> <\/a>ont conduit un fourgon de prison r\u00e9quisitionn\u00e9 jusqu\u2019au centre de recherche, de d\u00e9veloppement et de fabrication d\u2019<strong>Elbit Systems<\/strong> \u00e0 <strong>Filton, Bristol.<\/strong> Une fois \u00e0 l\u2019int\u00e9rieur, iels ont d\u00e9truit des armes sionistes, notamment des drones quadricopt\u00e8res du m\u00eame mod\u00e8le que ceux utilis\u00e9s par l\u2019arm\u00e9e coloniale \u00e0 Gaza. Ceux l\u00e0 m\u00eame qui imitent les cris de femmes et d\u2019enfants, afin d\u2019attirer les Palestinien\u2022nes et de les tuer. Ce sabotage aurait co\u00fbt\u00e9 \u00e0 Elbit Systems (la plus grande entreprise d\u2019armement sioniste) plus d\u2019un million de livres sterling de d\u00e9g\u00e2ts.<\/p>\n<p>&nbsp;<\/p>\n<p><img loading=\"lazy\" decoding=\"async\" class=\"aligncenter wp-image-83687 size-full\" src=\"https:\/\/charleroi-pourlapalestine.be\/wp-content\/uploads\/2025\/04\/Freedom-for-Filton-activists.png\" alt=\"Libert\u00e9 pour les activistes de Filton\" width=\"900\" height=\"508\" srcset=\"https:\/\/charleroi-pourlapalestine.be\/wp-content\/uploads\/2025\/04\/Freedom-for-Filton-activists.png 900w, https:\/\/charleroi-pourlapalestine.be\/wp-content\/uploads\/2025\/04\/Freedom-for-Filton-activists-350x198.png 350w, https:\/\/charleroi-pourlapalestine.be\/wp-content\/uploads\/2025\/04\/Freedom-for-Filton-activists-700x395.png 700w, https:\/\/charleroi-pourlapalestine.be\/wp-content\/uploads\/2025\/04\/Freedom-for-Filton-activists-768x433.png 768w\" sizes=\"auto, (max-width: 900px) 100vw, 900px\" \/><\/p>\n<p>&nbsp;<\/p>\n<p><strong>Samidoun<\/strong>, 26 mars 2025<br \/>\n&nbsp;<br \/>\nApr\u00e8s l\u2019arrestation des six militant\u2022es dans le centre de recherches, de nouvelles descentes ont eu lieu, et <strong>12 autres militant\u2022es ont \u00e9t\u00e9 plac\u00e9\u2022es en d\u00e9tention provisoire pour la m\u00eame action \u00e0 Filton<\/strong>, l\u2019\u00c9tat utilisant des moyens de r\u00e9pression anti-terroriste lors de leurs arrestations et leurs interrogatoires. Au total, 18 militant\u2022es sont actuellement incarc\u00e9r\u00e9\u2022es dans les prisons britanniques pour des accusations en lien avec cette action contre le centre de recherche et d\u00e9veloppement du fabricant d\u2019armes sioniste, Elbit Systems.<\/p>\n<p>En cette journ\u00e9e de mobilisation en solidarit\u00e9 avec les Filton18 et alors qu\u2019une audience a lieu aujourd\u2019hui \u00e0 Londres o\u00f9 les avocat\u2022es tenteront d\u2019obtenir l\u2019arr\u00eat des mesures de r\u00e9pression anti-terroristes utilis\u00e9es contre la majorit\u00e9 des militant\u2022es du groupe incarc\u00e9r\u00e9\u2022es, nous vous partageons deux po\u00e8mes \u00e9crits par deux de ces 18 prisonnier\u2022es.<\/p>\n<p>&nbsp;<\/p>\n<h3>Fatema Zainab Rajwani, militante de Palestine Action incarc\u00e9r\u00e9e depuis ao\u00fbt 2024<\/h3>\n<div id=\"attachment_83686\" style=\"width: 917px\" class=\"wp-caption aligncenter\"><img loading=\"lazy\" decoding=\"async\" aria-describedby=\"caption-attachment-83686\" class=\"wp-image-83686 size-full\" src=\"https:\/\/charleroi-pourlapalestine.be\/wp-content\/uploads\/2025\/04\/Free-the-Filton-18.png\" alt=\"#FreeTheFilton18 : Libert\u00e9 pour les activistes de Filton. Photo : Fatema, militante de Palestine Action incarc\u00e9r\u00e9e depuis aout 2024, et sa maman, Sukaina\" width=\"907\" height=\"633\" srcset=\"https:\/\/charleroi-pourlapalestine.be\/wp-content\/uploads\/2025\/04\/Free-the-Filton-18.png 907w, https:\/\/charleroi-pourlapalestine.be\/wp-content\/uploads\/2025\/04\/Free-the-Filton-18-350x244.png 350w, https:\/\/charleroi-pourlapalestine.be\/wp-content\/uploads\/2025\/04\/Free-the-Filton-18-700x489.png 700w, https:\/\/charleroi-pourlapalestine.be\/wp-content\/uploads\/2025\/04\/Free-the-Filton-18-768x536.png 768w\" sizes=\"auto, (max-width: 907px) 100vw, 907px\" \/><p id=\"caption-attachment-83686\" class=\"wp-caption-text\"><strong>Fatema et sa maman, Sukaina<\/strong><\/p><\/div>\n<p>&nbsp;<\/p>\n<p>Fatema a \u00e9t\u00e9 plac\u00e9e en d\u00e9tention provisoire le 14 ao\u00fbt 2024, apr\u00e8s avoir \u00e9t\u00e9 arr\u00eat\u00e9e \u00e0 l\u2019int\u00e9rieur de l\u2019usine d\u2019armement d\u2019Elbit. Elle a pass\u00e9 six jours \u00e0 l\u2019isolement et s\u2019est vu refuser le droit d\u2019appeler sa m\u00e8re pendant deux semaines. Les visites lui ont \u00e9galement \u00e9t\u00e9 interdites pendant trois semaines. Fatema est actuellement en derni\u00e8re ann\u00e9e d\u2019\u00e9tudes en m\u00e9dias \u00e0 l\u2019universit\u00e9.<\/p>\n<p>Elle passe actuellement ramadan seule, loin de sa m\u00e8re et de sa communaut\u00e9 aupr\u00e8s de laquelle elle \u00e9tait tr\u00e8s investie :<\/p>\n<blockquote><p>\u00ab Habituellement, nous allons \u00e0 la mosqu\u00e9e de notre quartier, nous rompons le je\u00fbne ensemble. Elle \u00e9tait tr\u00e8s active dans la communaut\u00e9. Elle rendait service, faisait du b\u00e9n\u00e9volat. Ce sont toutes ces choses qui lui manquent maintenant, et c\u2019est ce qui la d\u00e9prime vraiment \u2026 De ne plus pouvoir faire ces choses-l\u00e0 \u00bb.<\/p>\n<p>\u00ab Elle sait qu\u2019elle est du bon c\u00f4t\u00e9 de l\u2019histoire. Elle traverse des moments difficiles et des moments de d\u00e9prime, mais nous g\u00e9rons cela ensemble au t\u00e9l\u00e9phone lorsqu\u2019elle peut m\u2019appeler. Nous appelons cela la th\u00e9rapie coranique : chaque fois qu\u2019elle se sent d\u00e9prim\u00e9e, nous prenons le Coran, nous l\u2019ouvrons au hasard, nous le r\u00e9citons et r\u00e9fl\u00e9chissons sur le passage en question, sa signification, etc \u00bb. raconte sa maman, Sukaina.<\/p><\/blockquote>\n<p><strong>Depuis sa cellule de la prison pour femmes d\u2019Ashford, dans le Surrey, Fatema a \u00e9crit ce po\u00e8me<\/strong>, rempli d\u2019amour et d\u2019espoir. Il symbolise la force de cette militante, que le gouvernement tente de briser, mais qui reste fermement attach\u00e9e \u00e0 ses id\u00e9aux de justice et de r\u00e9volution.<\/p>\n<p><strong><br \/>\nAux habitant.e.s de Gaza<\/strong><\/p>\n<blockquote><p>\u201cAux habitant \u2022 es de Gaza, je vous \u00e9cris anim\u00e9 par l\u2019amour et la tristesse.<\/p>\n<p>La nuit, je r\u00eave d\u2019un amour si vaste et si profond qu\u2019il nous lib\u00e8re tous\u00b7tes.<\/p>\n<p>Il s\u2019\u00e9tend \u00e0 travers les continents pour combler l\u2019espace entre mon corps brun et le v\u00f4tre. Je souhaite que l\u2019amour dont je r\u00eave soit suffisant. Je souhaite que l\u2019amour dont je r\u00eave puisse contenir votre peine de la m\u00eame mani\u00e8re que notre silence soutient la violence.<\/p>\n<p>Quand il n\u2019y a plus rien d\u2019autre sur quoi \u00e9crire, j\u2019\u00e9cris sur l\u2019amour.<\/p>\n<p>Car il n\u2019y a pas de vie qui vaille la peine d\u2019\u00eatre v\u00e9cue, pas de force qui vaille d\u2019\u00eatre exprim\u00e9e, si ce n\u2019est pour l\u2019amour.<\/p>\n<p>Le genre d\u2019amour qui vous force \u00e0 t\u00e9moigner.<\/p>\n<p>Le genre d\u2019amour qui ne reste pas silencieux.<\/p>\n<p>Un amour qui n\u2019est ni patient ni doux mais implacable et dur.<\/p>\n<p>Je r\u00eave d\u2019un amour si englobant qu\u2019il fait mal.<\/p>\n<p>Un amour qui ne nous rend pas moins peureux, mais un amour qui nous rend moins conciliant\u00b7es.<\/p>\n<p>La nuit, je r\u00eave d\u2019un amour si vaste et si profond qu\u2019il nous lib\u00e8re tous\u00b7tes.<\/p>\n<p>Quand l\u2019aube se l\u00e8ve, je r\u00eave de me r\u00e9veiller face \u00e0 un amour qui n\u2019est pas nouveau mais ancien, ancestral et impitoyable.<\/p>\n<p>Le type d\u2019amour qui incite \u00e0 l\u2019action.<\/p>\n<p>Il n\u2019y a pas de plus grand acte d\u2019amour que de se tenir fermement entre tout ce que vous connaissez (et qui d\u00e9truit) et tout ce qui pourrait \u00eatre (reconstruit \u00e0 neuf).\u201d<\/p><\/blockquote>\n<p>&nbsp;<\/p>\n<p>&nbsp;<\/p>\n<h3>Zo\u00eb Rogers, militante de Palestine Action incarc\u00e9r\u00e9e depuis aout 2024<\/h3>\n<p>&nbsp;<\/p>\n<div id=\"attachment_83690\" style=\"width: 851px\" class=\"wp-caption aligncenter\"><img loading=\"lazy\" decoding=\"async\" aria-describedby=\"caption-attachment-83690\" class=\"wp-image-83690 size-full\" src=\"https:\/\/charleroi-pourlapalestine.be\/wp-content\/uploads\/2025\/04\/Zoe-Rogers.png\" alt=\"#FreeTheFilton18 : Libert\u00e9 pour les activistes de Filton. Photo : Zo\u00eb Rogers\" width=\"841\" height=\"736\" srcset=\"https:\/\/charleroi-pourlapalestine.be\/wp-content\/uploads\/2025\/04\/Zoe-Rogers.png 841w, https:\/\/charleroi-pourlapalestine.be\/wp-content\/uploads\/2025\/04\/Zoe-Rogers-286x250.png 286w, https:\/\/charleroi-pourlapalestine.be\/wp-content\/uploads\/2025\/04\/Zoe-Rogers-571x500.png 571w, https:\/\/charleroi-pourlapalestine.be\/wp-content\/uploads\/2025\/04\/Zoe-Rogers-768x672.png 768w\" sizes=\"auto, (max-width: 841px) 100vw, 841px\" \/><p id=\"caption-attachment-83690\" class=\"wp-caption-text\"><strong>Zo\u00eb Rogers<\/strong><\/p><\/div>\n<p>&nbsp;<\/p>\n<p>Zo\u00eb a \u00e9t\u00e9 arr\u00eat\u00e9e \u00e0 l\u2019int\u00e9rieur du centre d\u2019armement d\u2019Elbit \u00e0 Filton le 6 ao\u00fbt et est emprisonn\u00e9e en attente de son proc\u00e8s depuis. Elle s\u2019est vu refuser tout contact avec sa m\u00e8re pendant deux semaines et l\u2019a revue pour la premi\u00e8re fois lors de son proc\u00e8s. Elle n\u2019a pas \u00e9t\u00e9 autoris\u00e9e \u00e0 passer d\u2019appel t\u00e9l\u00e9phonique, a \u00e9t\u00e9 plac\u00e9e \u00e0 l\u2019isolement, et a re\u00e7u, avec ses co-accus\u00e9es, une ordonnance de non-association pour les emp\u00eacher de communiquer entre elles.<\/p>\n<p><strong>Depuis sa cellule, Zo\u00eb a \u00e9crit ce magnifique po\u00e8me pour expliquer pourquoi elle a choisi l\u2019action directe afin de r\u00e9sister au g\u00e9nocide et au sionisme en Palestine :<\/strong><\/p>\n<p>&nbsp;<\/p>\n<h4>Quand ils me demandent pourquoi je l\u2019ai fait, je leur parle des enfants<\/h4>\n<blockquote><p>\u201cQuand ils me demandent pourquoi je l\u2019ai fait, je leur parle des enfants.<\/p>\n<p>De leur enfance vol\u00e9e, leurs squelettes carbonis\u00e9s et fumants, leurs corps \u00e9cras\u00e9s si facilement par les immeubles qui s\u2019\u00e9croulent. De leur peau qui fond lorsque les tentes enflamm\u00e9es s\u2019effondrent autour d\u2019eux.<\/p>\n<p>Je leur parle du gar\u00e7on retrouv\u00e9 portant le corps de son fr\u00e8re dans son sac \u00e0 dos ensanglant\u00e9. Je leur parle de la fille dont le corps pendu lui arrivait aux genoux. Je leur parle du p\u00e8re qui tenait son enfant d\u00e9capit\u00e9. Je leur parle de la m\u00e8re qui a re\u00e7u le \u00ab poids approximatif \u00bb des membres de sa famille \u00e0 enterrer, car ils \u00e9taient bris\u00e9s au point d\u2019\u00eatre m\u00e9connaissables.<\/p>\n<p>Ensuite, je leur raconte l\u2019histoire, comment cela s\u2019est reproduit \u00e0 maintes reprises. Je parle du gang Stern, des Jeunesses des Collines, des guerres de 1948 et 1967, de l\u2019op\u00e9ration Plomb Durci et de l\u2019op\u00e9ration Bordure Protectrice. J\u2019explique comment ils appellent cela\u00ab tondre la pelouse\u00bb,\u00ab nettoyer\u00bb le territoire de ces\u00ab animaux humains \u00bb.<\/p>\n<p>Je leur explique comment ils calculent les nutriments minimums pour maintenir tout le monde en vie, en coupent un peu et ne laissent entrer que \u00e7a. Depuis la guerre g\u00e9nocidaire, ils ont interdit le chlore, la morphine, les jouets pour enfants et bien d\u2019autres choses essentielles \u00e0 la survie.<\/p>\n<p>Enfin, j\u2019explique que c\u2019est nous qui avons permis cette situation avec notre d\u00e9claration Balfour et aujourd\u2019hui via la r\u00e9pression m\u00e9diatique. Je leur dis que je ne peux plus supporter cela, que cela ne peut plus durer, alors j\u2019ai pris des mesures contre Elbit, leur fournisseur d\u2019armes.<\/p>\n<p>Mais je n\u2019oublie jamais de dire :<\/p>\n<p>C\u2019est l\u2019amour, et non la haine, qui m\u2019a appel\u00e9.<\/p>\n<p>J\u2019ai observ\u00e9 leurs chants et leurs danses pour la libert\u00e9. J\u2019ai lu leurs livres remplis d\u2019espoir. J\u2019ai \u00e9cout\u00e9 leurs r\u00eaves de devenir m\u00e9decins, enseignants, journalistes et de ne jamais abandonner\u201d<\/p><\/blockquote>\n<p>&nbsp;<\/p>\n<p>Pour en savoir plus sur les Filton18, nous vous encourageons \u00e0 suivre<strong><a href=\"https:\/\/www.instagram.com\/freethefilton18\/?hl=fr\" target=\"_blank\" rel=\"noopener\"> la campagne \u201cFree the Filton 18\u201d<\/a> et <a href=\"https:\/\/palestineaction.org\/prisoners\/\" target=\"_blank\" rel=\"noopener\">Palestine Action<\/a><\/strong> (\u00e9galement sur instagram) !<\/p>\n<p>Nous vous partageons \u00e9galement <strong>cette interview <\/strong>(en anglais) <strong>des m\u00e8res de Fatema, Zo\u00eb et Leona, re\u00e7ues par le rappeur Lowkey pour le m\u00e9dia Mint Press<\/strong> News :<\/p>\n<p>&nbsp;<\/p>\n<div class=\"video-container\"><iframe loading=\"lazy\" title=\"Lowkey Meets The Mothers Of Political Prisoners For Palestine\" width=\"500\" height=\"281\" src=\"https:\/\/www.youtube.com\/embed\/OOmk_IhiCS4?start=326&#038;feature=oembed&#038;wmode=opaque\" frameborder=\"0\" allow=\"accelerometer; autoplay; clipboard-write; encrypted-media; gyroscope; picture-in-picture; web-share\" referrerpolicy=\"strict-origin-when-cross-origin\" allowfullscreen><\/iframe><\/div>\n<p>&nbsp;<\/p>\n<p>Face \u00e0 la r\u00e9pression, illustration de l\u2019implication directe des centres imp\u00e9rialistes dans le g\u00e9nocide du peuple palestinien perp\u00e9tr\u00e9 depuis le 7 octobre 2023 par le r\u00e9gime sioniste \u00e0 Gaza, et plus largement au projet colonial sioniste en \u0153uvre depuis plus d\u2019une centaine d\u2019ann\u00e9e en Palestine, mobilisons nous activement en soutien \u00e0 nos camarades incarc\u00e9r\u00e9\u2022es ! Partout o\u00f9 nous le pouvons, exigeons la lib\u00e9ration de tous\u2022tes nos camarades incarc\u00e9r\u00e9\u2022es dans les centres imp\u00e9rialistes, les r\u00e9gimes r\u00e9actionnaires et normalisateurs et en Palestine occup\u00e9e : des <strong>Filton 18<\/strong> \u00e0 <a href=\"https:\/\/charleroi-pourlapalestine.be\/?s=Georges+abdallah\"><strong>Georges Abdallah<\/strong><\/a>, d\u2019<a href=\"https:\/\/charleroi-pourlapalestine.be\/index.php\/2025\/03\/25\/anan-yaeesh-nous-palestiniens-sommes-un-peuple-libre-et-nous-naccepterons-jamais-detre-les-esclaves-de-qui-que-ce-soit\/\"><strong>Anan Yaeesh<\/strong><\/a> \u00e0<a href=\"https:\/\/charleroi-pourlapalestine.be\/index.php\/2025\/03\/25\/anan-yaeesh-nous-palestiniens-sommes-un-peuple-libre-et-nous-naccepterons-jamais-detre-les-esclaves-de-qui-que-ce-soit\/\"> <strong>Mahmoud Khalil<\/strong><\/a>, des <a href=\"https:\/\/charleroi-pourlapalestine.be\/index.php\/2020\/12\/24\/samidoun-salue-la-liberation-d-abdulrahman-odeh-et-reclame-la-liberation-des-autres-membres-d-hlf5\/\"><strong>Holy Land Five<\/strong><\/a> \u00e0 <a href=\"https:\/\/charleroi-pourlapalestine.be\/?s=ahmad+sa%27adat\"><strong>Ahmad Sa&rsquo;adat<\/strong><\/a>, de <strong>Karmel Khawaja<\/strong> \u00e0 <strong>Shatela Abu Ayad<\/strong> : Lib\u00e9rez tous\u2022tes nos prisonnier\u2022es !<\/p>\n<p>&nbsp;<\/p>\n<p><strong>La Campagne \u201cFree the Filton 18\u201d<\/strong> met \u00e0 disposition plusieurs ressource pour vos mobilisations via son <a href=\"https:\/\/linktr.ee\/filton10\" target=\"_blank\" rel=\"noopener\">linktree<\/a> :<\/p>\n<p>Affiche \u201cFree the Filton 18\u201d<br \/>\nTract \u201cFree the Filton 18\u201d<\/p>\n<p><strong>Le r\u00e9seau international de solidarit\u00e9 avec les prisonnier\u2022es palestinien\u2022nes, Samidoun<\/strong>, met \u00e0 disposition plusieurs ressources pour vos mobilisations :<\/p>\n<p><a href=\"ttps:\/\/samidoun.net\/wp-content\/uploads\/2025\/03\/A4filtonposter-scaled.jpg\" target=\"_blank\" rel=\"noopener\">Affiche \u201cFree the Filton 18\u201d<\/a><br \/>\n<a href=\"https:\/\/samidoun.net\/wp-content\/uploads\/2025\/03\/TRACT-FILTON-18.pdf\" target=\"_blank\" rel=\"noopener\">Tract \u201cFree the Filton 18\u201d<\/a><br \/>\n<a href=\"https:\/\/samidoun.net\/wp-content\/uploads\/2025\/03\/BANDEROLE-FILTON-18.pdf\" target=\"_blank\" rel=\"noopener\">Mod\u00e8le Banderole \u201cFree the Filton 18\u201d<\/a><br \/>\n<a href=\"https:\/\/samidoun.net\/wp-content\/uploads\/2025\/03\/LIVRET-FILTON-18-1.pdf\" target=\"_blank\" rel=\"noopener\">Livret \u201cFree the Filton 18\u201d<\/a><\/p>\n<p style=\"text-align: center;\">*****<\/p>\n<p>Publi\u00e9 le 26 mars 2025 sur <a href=\"https:\/\/samidoun.net\/fr\/2025\/03\/freethefilton18-deux-poemes-ecrits-par-des-prisonnieres-du-mouvement-de-solidarite-avec-la-palestine-au-royaume-uni\/\" target=\"_blank\" rel=\"noopener\">Samidoun<\/a><\/p>\n<p>&nbsp;<br \/>\n&nbsp;<br \/>\nJoin the @sa<\/p>\n","protected":false},"excerpt":{"rendered":"<p>Des Filton 18 \u00e0 Georges Abdallah, d\u2019Anan Yaeesh \u00e0 Mahmoud Khalil, des Holy Land Five \u00e0 Ahmad Saadat, de Karmel Khawaja \u00e0 Shatela Abu Ayad : Lib\u00e9rez tous\u2022tes nos prisonnier\u2022es !<\/p>\n","protected":false},"author":1,"featured_media":83686,"comment_status":"closed","ping_status":"closed","sticky":false,"template":"","format":"standard","meta":{"ngg_post_thumbnail":0,"footnotes":""},"categories":[938,382,26,358],"tags":[],"class_list":["post-83685","post","type-post","status-publish","format-standard","has-post-thumbnail","hentry","category-elbit-2","category-grande-bretagne","category-la-poesie","category-repression"],"yoast_head":"<!-- This site is optimized with the Yoast SEO plugin v27.3 - https:\/\/yoast.com\/product\/yoast-seo-wordpress\/ -->\n<title>#FreeTheFilton18 : Libert\u00e9 pour les activistes de Filton (po\u00e8mes)<\/title>\n<meta name=\"description\" content=\"Des Filton 18 \u00e0 Georges Abdallah, d\u2019Anan Yaeesh \u00e0 Mahmoud Khalil, des Holy Land Five \u00e0 Ahmad Saadat : Lib\u00e9rez tous\u2022tes nos prisonnier\u2022es !\" \/>\n<meta name=\"robots\" content=\"index, follow, max-snippet:-1, max-image-preview:large, max-video-preview:-1\" \/>\n<link rel=\"canonical\" href=\"https:\/\/charleroi-pourlapalestine.be\/index.php\/2025\/03\/28\/freethefilton18-liberte-pour-les-activistes-de-filton-poemes\/\" \/>\n<script type=\"application\/ld+json\" class=\"yoast-schema-graph\">{\"@context\":\"https:\\\/\\\/schema.org\",\"@graph\":[{\"@type\":\"Article\",\"@id\":\"https:\\\/\\\/charleroi-pourlapalestine.be\\\/index.php\\\/2025\\\/03\\\/28\\\/freethefilton18-liberte-pour-les-activistes-de-filton-poemes\\\/#article\",\"isPartOf\":{\"@id\":\"https:\\\/\\\/charleroi-pourlapalestine.be\\\/index.php\\\/2025\\\/03\\\/28\\\/freethefilton18-liberte-pour-les-activistes-de-filton-poemes\\\/\"},\"author\":{\"name\":\"admin1873\",\"@id\":\"https:\\\/\\\/charleroi-pourlapalestine.be\\\/#\\\/schema\\\/person\\\/c19ff515112f1299d8c12671d8fe3faa\"},\"headline\":\"#FreeTheFilton18 : Libert\u00e9 pour les activistes de Filton (po\u00e8mes)\",\"datePublished\":\"2025-03-28T17:26:46+00:00\",\"dateModified\":\"2025-04-06T16:38:56+00:00\",\"mainEntityOfPage\":{\"@id\":\"https:\\\/\\\/charleroi-pourlapalestine.be\\\/index.php\\\/2025\\\/03\\\/28\\\/freethefilton18-liberte-pour-les-activistes-de-filton-poemes\\\/\"},\"wordCount\":1659,\"publisher\":{\"@id\":\"https:\\\/\\\/charleroi-pourlapalestine.be\\\/#organization\"},\"image\":{\"@id\":\"https:\\\/\\\/charleroi-pourlapalestine.be\\\/index.php\\\/2025\\\/03\\\/28\\\/freethefilton18-liberte-pour-les-activistes-de-filton-poemes\\\/#primaryimage\"},\"thumbnailUrl\":\"https:\\\/\\\/charleroi-pourlapalestine.be\\\/wp-content\\\/uploads\\\/2025\\\/04\\\/Free-the-Filton-18.png\",\"articleSection\":[\"Elbit\",\"Grande Bretagne\",\"Po\u00e9sie\",\"R\u00e9pression\"],\"inLanguage\":\"fr-FR\"},{\"@type\":\"WebPage\",\"@id\":\"https:\\\/\\\/charleroi-pourlapalestine.be\\\/index.php\\\/2025\\\/03\\\/28\\\/freethefilton18-liberte-pour-les-activistes-de-filton-poemes\\\/\",\"url\":\"https:\\\/\\\/charleroi-pourlapalestine.be\\\/index.php\\\/2025\\\/03\\\/28\\\/freethefilton18-liberte-pour-les-activistes-de-filton-poemes\\\/\",\"name\":\"#FreeTheFilton18 : Libert\u00e9 pour les activistes de Filton (po\u00e8mes)\",\"isPartOf\":{\"@id\":\"https:\\\/\\\/charleroi-pourlapalestine.be\\\/#website\"},\"primaryImageOfPage\":{\"@id\":\"https:\\\/\\\/charleroi-pourlapalestine.be\\\/index.php\\\/2025\\\/03\\\/28\\\/freethefilton18-liberte-pour-les-activistes-de-filton-poemes\\\/#primaryimage\"},\"image\":{\"@id\":\"https:\\\/\\\/charleroi-pourlapalestine.be\\\/index.php\\\/2025\\\/03\\\/28\\\/freethefilton18-liberte-pour-les-activistes-de-filton-poemes\\\/#primaryimage\"},\"thumbnailUrl\":\"https:\\\/\\\/charleroi-pourlapalestine.be\\\/wp-content\\\/uploads\\\/2025\\\/04\\\/Free-the-Filton-18.png\",\"datePublished\":\"2025-03-28T17:26:46+00:00\",\"dateModified\":\"2025-04-06T16:38:56+00:00\",\"description\":\"Des Filton 18 \u00e0 Georges Abdallah, d\u2019Anan Yaeesh \u00e0 Mahmoud Khalil, des Holy Land Five \u00e0 Ahmad Saadat : Lib\u00e9rez tous\u2022tes nos prisonnier\u2022es !\",\"breadcrumb\":{\"@id\":\"https:\\\/\\\/charleroi-pourlapalestine.be\\\/index.php\\\/2025\\\/03\\\/28\\\/freethefilton18-liberte-pour-les-activistes-de-filton-poemes\\\/#breadcrumb\"},\"inLanguage\":\"fr-FR\",\"potentialAction\":[{\"@type\":\"ReadAction\",\"target\":[\"https:\\\/\\\/charleroi-pourlapalestine.be\\\/index.php\\\/2025\\\/03\\\/28\\\/freethefilton18-liberte-pour-les-activistes-de-filton-poemes\\\/\"]}]},{\"@type\":\"ImageObject\",\"inLanguage\":\"fr-FR\",\"@id\":\"https:\\\/\\\/charleroi-pourlapalestine.be\\\/index.php\\\/2025\\\/03\\\/28\\\/freethefilton18-liberte-pour-les-activistes-de-filton-poemes\\\/#primaryimage\",\"url\":\"https:\\\/\\\/charleroi-pourlapalestine.be\\\/wp-content\\\/uploads\\\/2025\\\/04\\\/Free-the-Filton-18.png\",\"contentUrl\":\"https:\\\/\\\/charleroi-pourlapalestine.be\\\/wp-content\\\/uploads\\\/2025\\\/04\\\/Free-the-Filton-18.png\",\"width\":907,\"height\":633},{\"@type\":\"BreadcrumbList\",\"@id\":\"https:\\\/\\\/charleroi-pourlapalestine.be\\\/index.php\\\/2025\\\/03\\\/28\\\/freethefilton18-liberte-pour-les-activistes-de-filton-poemes\\\/#breadcrumb\",\"itemListElement\":[{\"@type\":\"ListItem\",\"position\":1,\"name\":\"Accueil\",\"item\":\"https:\\\/\\\/charleroi-pourlapalestine.be\\\/\"},{\"@type\":\"ListItem\",\"position\":2,\"name\":\"#FreeTheFilton18 : Libert\u00e9 pour les activistes de Filton (po\u00e8mes)\"}]},{\"@type\":\"WebSite\",\"@id\":\"https:\\\/\\\/charleroi-pourlapalestine.be\\\/#website\",\"url\":\"https:\\\/\\\/charleroi-pourlapalestine.be\\\/\",\"name\":\"Charleroi Pour la Palestine\",\"description\":\"\",\"publisher\":{\"@id\":\"https:\\\/\\\/charleroi-pourlapalestine.be\\\/#organization\"},\"potentialAction\":[{\"@type\":\"SearchAction\",\"target\":{\"@type\":\"EntryPoint\",\"urlTemplate\":\"https:\\\/\\\/charleroi-pourlapalestine.be\\\/?s={search_term_string}\"},\"query-input\":{\"@type\":\"PropertyValueSpecification\",\"valueRequired\":true,\"valueName\":\"search_term_string\"}}],\"inLanguage\":\"fr-FR\"},{\"@type\":\"Organization\",\"@id\":\"https:\\\/\\\/charleroi-pourlapalestine.be\\\/#organization\",\"name\":\"Plate-forme Charleroi-Palestine\",\"url\":\"https:\\\/\\\/charleroi-pourlapalestine.be\\\/\",\"logo\":{\"@type\":\"ImageObject\",\"inLanguage\":\"fr-FR\",\"@id\":\"https:\\\/\\\/charleroi-pourlapalestine.be\\\/#\\\/schema\\\/logo\\\/image\\\/\",\"url\":\"https:\\\/\\\/charleroi-pourlapalestine.be\\\/wp-content\\\/uploads\\\/2020\\\/01\\\/logo-Copy.jpg\",\"contentUrl\":\"https:\\\/\\\/charleroi-pourlapalestine.be\\\/wp-content\\\/uploads\\\/2020\\\/01\\\/logo-Copy.jpg\",\"width\":180,\"height\":180,\"caption\":\"Plate-forme Charleroi-Palestine\"},\"image\":{\"@id\":\"https:\\\/\\\/charleroi-pourlapalestine.be\\\/#\\\/schema\\\/logo\\\/image\\\/\"},\"sameAs\":[\"https:\\\/\\\/www.facebook.com\\\/PlateformeCharleroiPalestine\\\/\",\"https:\\\/\\\/x.com\\\/LaCharleroi\"]},{\"@type\":\"Person\",\"@id\":\"https:\\\/\\\/charleroi-pourlapalestine.be\\\/#\\\/schema\\\/person\\\/c19ff515112f1299d8c12671d8fe3faa\",\"name\":\"admin1873\",\"url\":\"https:\\\/\\\/charleroi-pourlapalestine.be\\\/index.php\\\/author\\\/admin1873\\\/\"}]}<\/script>\n<!-- \/ Yoast SEO plugin. -->","yoast_head_json":{"title":"#FreeTheFilton18 : Libert\u00e9 pour les activistes de Filton (po\u00e8mes)","description":"Des Filton 18 \u00e0 Georges Abdallah, d\u2019Anan Yaeesh \u00e0 Mahmoud Khalil, des Holy Land Five \u00e0 Ahmad Saadat : Lib\u00e9rez tous\u2022tes nos prisonnier\u2022es !","robots":{"index":"index","follow":"follow","max-snippet":"max-snippet:-1","max-image-preview":"max-image-preview:large","max-video-preview":"max-video-preview:-1"},"canonical":"https:\/\/charleroi-pourlapalestine.be\/index.php\/2025\/03\/28\/freethefilton18-liberte-pour-les-activistes-de-filton-poemes\/","schema":{"@context":"https:\/\/schema.org","@graph":[{"@type":"Article","@id":"https:\/\/charleroi-pourlapalestine.be\/index.php\/2025\/03\/28\/freethefilton18-liberte-pour-les-activistes-de-filton-poemes\/#article","isPartOf":{"@id":"https:\/\/charleroi-pourlapalestine.be\/index.php\/2025\/03\/28\/freethefilton18-liberte-pour-les-activistes-de-filton-poemes\/"},"author":{"name":"admin1873","@id":"https:\/\/charleroi-pourlapalestine.be\/#\/schema\/person\/c19ff515112f1299d8c12671d8fe3faa"},"headline":"#FreeTheFilton18 : Libert\u00e9 pour les activistes de Filton (po\u00e8mes)","datePublished":"2025-03-28T17:26:46+00:00","dateModified":"2025-04-06T16:38:56+00:00","mainEntityOfPage":{"@id":"https:\/\/charleroi-pourlapalestine.be\/index.php\/2025\/03\/28\/freethefilton18-liberte-pour-les-activistes-de-filton-poemes\/"},"wordCount":1659,"publisher":{"@id":"https:\/\/charleroi-pourlapalestine.be\/#organization"},"image":{"@id":"https:\/\/charleroi-pourlapalestine.be\/index.php\/2025\/03\/28\/freethefilton18-liberte-pour-les-activistes-de-filton-poemes\/#primaryimage"},"thumbnailUrl":"https:\/\/charleroi-pourlapalestine.be\/wp-content\/uploads\/2025\/04\/Free-the-Filton-18.png","articleSection":["Elbit","Grande Bretagne","Po\u00e9sie","R\u00e9pression"],"inLanguage":"fr-FR"},{"@type":"WebPage","@id":"https:\/\/charleroi-pourlapalestine.be\/index.php\/2025\/03\/28\/freethefilton18-liberte-pour-les-activistes-de-filton-poemes\/","url":"https:\/\/charleroi-pourlapalestine.be\/index.php\/2025\/03\/28\/freethefilton18-liberte-pour-les-activistes-de-filton-poemes\/","name":"#FreeTheFilton18 : Libert\u00e9 pour les activistes de Filton (po\u00e8mes)","isPartOf":{"@id":"https:\/\/charleroi-pourlapalestine.be\/#website"},"primaryImageOfPage":{"@id":"https:\/\/charleroi-pourlapalestine.be\/index.php\/2025\/03\/28\/freethefilton18-liberte-pour-les-activistes-de-filton-poemes\/#primaryimage"},"image":{"@id":"https:\/\/charleroi-pourlapalestine.be\/index.php\/2025\/03\/28\/freethefilton18-liberte-pour-les-activistes-de-filton-poemes\/#primaryimage"},"thumbnailUrl":"https:\/\/charleroi-pourlapalestine.be\/wp-content\/uploads\/2025\/04\/Free-the-Filton-18.png","datePublished":"2025-03-28T17:26:46+00:00","dateModified":"2025-04-06T16:38:56+00:00","description":"Des Filton 18 \u00e0 Georges Abdallah, d\u2019Anan Yaeesh \u00e0 Mahmoud Khalil, des Holy Land Five \u00e0 Ahmad Saadat : Lib\u00e9rez tous\u2022tes nos prisonnier\u2022es !","breadcrumb":{"@id":"https:\/\/charleroi-pourlapalestine.be\/index.php\/2025\/03\/28\/freethefilton18-liberte-pour-les-activistes-de-filton-poemes\/#breadcrumb"},"inLanguage":"fr-FR","potentialAction":[{"@type":"ReadAction","target":["https:\/\/charleroi-pourlapalestine.be\/index.php\/2025\/03\/28\/freethefilton18-liberte-pour-les-activistes-de-filton-poemes\/"]}]},{"@type":"ImageObject","inLanguage":"fr-FR","@id":"https:\/\/charleroi-pourlapalestine.be\/index.php\/2025\/03\/28\/freethefilton18-liberte-pour-les-activistes-de-filton-poemes\/#primaryimage","url":"https:\/\/charleroi-pourlapalestine.be\/wp-content\/uploads\/2025\/04\/Free-the-Filton-18.png","contentUrl":"https:\/\/charleroi-pourlapalestine.be\/wp-content\/uploads\/2025\/04\/Free-the-Filton-18.png","width":907,"height":633},{"@type":"BreadcrumbList","@id":"https:\/\/charleroi-pourlapalestine.be\/index.php\/2025\/03\/28\/freethefilton18-liberte-pour-les-activistes-de-filton-poemes\/#breadcrumb","itemListElement":[{"@type":"ListItem","position":1,"name":"Accueil","item":"https:\/\/charleroi-pourlapalestine.be\/"},{"@type":"ListItem","position":2,"name":"#FreeTheFilton18 : Libert\u00e9 pour les activistes de Filton (po\u00e8mes)"}]},{"@type":"WebSite","@id":"https:\/\/charleroi-pourlapalestine.be\/#website","url":"https:\/\/charleroi-pourlapalestine.be\/","name":"Charleroi Pour la Palestine","description":"","publisher":{"@id":"https:\/\/charleroi-pourlapalestine.be\/#organization"},"potentialAction":[{"@type":"SearchAction","target":{"@type":"EntryPoint","urlTemplate":"https:\/\/charleroi-pourlapalestine.be\/?s={search_term_string}"},"query-input":{"@type":"PropertyValueSpecification","valueRequired":true,"valueName":"search_term_string"}}],"inLanguage":"fr-FR"},{"@type":"Organization","@id":"https:\/\/charleroi-pourlapalestine.be\/#organization","name":"Plate-forme Charleroi-Palestine","url":"https:\/\/charleroi-pourlapalestine.be\/","logo":{"@type":"ImageObject","inLanguage":"fr-FR","@id":"https:\/\/charleroi-pourlapalestine.be\/#\/schema\/logo\/image\/","url":"https:\/\/charleroi-pourlapalestine.be\/wp-content\/uploads\/2020\/01\/logo-Copy.jpg","contentUrl":"https:\/\/charleroi-pourlapalestine.be\/wp-content\/uploads\/2020\/01\/logo-Copy.jpg","width":180,"height":180,"caption":"Plate-forme Charleroi-Palestine"},"image":{"@id":"https:\/\/charleroi-pourlapalestine.be\/#\/schema\/logo\/image\/"},"sameAs":["https:\/\/www.facebook.com\/PlateformeCharleroiPalestine\/","https:\/\/x.com\/LaCharleroi"]},{"@type":"Person","@id":"https:\/\/charleroi-pourlapalestine.be\/#\/schema\/person\/c19ff515112f1299d8c12671d8fe3faa","name":"admin1873","url":"https:\/\/charleroi-pourlapalestine.be\/index.php\/author\/admin1873\/"}]}},"_links":{"self":[{"href":"https:\/\/charleroi-pourlapalestine.be\/index.php\/wp-json\/wp\/v2\/posts\/83685","targetHints":{"allow":["GET"]}}],"collection":[{"href":"https:\/\/charleroi-pourlapalestine.be\/index.php\/wp-json\/wp\/v2\/posts"}],"about":[{"href":"https:\/\/charleroi-pourlapalestine.be\/index.php\/wp-json\/wp\/v2\/types\/post"}],"author":[{"embeddable":true,"href":"https:\/\/charleroi-pourlapalestine.be\/index.php\/wp-json\/wp\/v2\/users\/1"}],"replies":[{"embeddable":true,"href":"https:\/\/charleroi-pourlapalestine.be\/index.php\/wp-json\/wp\/v2\/comments?post=83685"}],"version-history":[{"count":0,"href":"https:\/\/charleroi-pourlapalestine.be\/index.php\/wp-json\/wp\/v2\/posts\/83685\/revisions"}],"wp:featuredmedia":[{"embeddable":true,"href":"https:\/\/charleroi-pourlapalestine.be\/index.php\/wp-json\/wp\/v2\/media\/83686"}],"wp:attachment":[{"href":"https:\/\/charleroi-pourlapalestine.be\/index.php\/wp-json\/wp\/v2\/media?parent=83685"}],"wp:term":[{"taxonomy":"category","embeddable":true,"href":"https:\/\/charleroi-pourlapalestine.be\/index.php\/wp-json\/wp\/v2\/categories?post=83685"},{"taxonomy":"post_tag","embeddable":true,"href":"https:\/\/charleroi-pourlapalestine.be\/index.php\/wp-json\/wp\/v2\/tags?post=83685"}],"curies":[{"name":"wp","href":"https:\/\/api.w.org\/{rel}","templated":true}]}}