{"id":83730,"date":"2025-04-10T09:09:31","date_gmt":"2025-04-10T07:09:31","guid":{"rendered":"https:\/\/charleroi-pourlapalestine.be\/?p=83730"},"modified":"2025-04-10T09:09:31","modified_gmt":"2025-04-10T07:09:31","slug":"la-palestine-en-images-mars-2025","status":"publish","type":"post","link":"https:\/\/charleroi-pourlapalestine.be\/index.php\/2025\/04\/10\/la-palestine-en-images-mars-2025\/","title":{"rendered":"La Palestine en images : mars 2025"},"content":{"rendered":"<p>Le reportage<strong> \u00ab\u00a0La Palestine en images \/ mars 2025\u00a0\u00bb<\/strong> a \u00e9t\u00e9 r\u00e9alis\u00e9 et comment\u00e9 par <a href=\"https:\/\/electronicintifada.net\/people\/maureen-clare-murphy\" target=\"_blank\" rel=\"noopener\"><strong>Maureen Clare Murphy<\/strong> <\/a>et publi\u00e9 sur le site<a href=\"https:\/\/electronicintifada.net\/content\/palestine-pictures-march-2025\/50566\" target=\"_blank\" rel=\"noopener\"><strong> The Electronic Intifada<\/strong><\/a>, le 7 avril 2025<\/p>\n<p>&nbsp;<\/p>\n<div id=\"attachment_83731\" style=\"width: 1099px\" class=\"wp-caption aligncenter\"><img loading=\"lazy\" decoding=\"async\" aria-describedby=\"caption-attachment-83731\" class=\"wp-image-83731 size-full\" src=\"https:\/\/charleroi-pourlapalestine.be\/wp-content\/uploads\/2025\/04\/Pal-in-pic-1-e1744105499451.jpg\" alt=\"1er mars. Des personnes s'assoient pour le premier Iftar (rupture du je\u00fbne) du Ramadan \u00e0 Rafah, dans le sud de Gaza.\" width=\"1089\" height=\"613\"><p id=\"caption-attachment-83731\" class=\"wp-caption-text\"><strong>1er mars. Des personnes s&rsquo;assoient pour le premier Iftar (rupture du je\u00fbne) du Ramadan \u00e0 Rafah, dans le sud de Gaza.<\/strong> (Photo : Doaa Albaz \/ ActiveStills)<\/p><\/div>\n<p>&nbsp;<\/p>\n<p>En mars, Isra\u00ebl a rompu le cessez-le-feu dans la bande de Gaza occup\u00e9e et a tu\u00e9 plus d&rsquo;un millier de personnes tout en refusant l&rsquo;entr\u00e9e de l&rsquo;aide humanitaire, plongeant par la m\u00eame occasion la population survivante dans la pire crise qu&rsquo;elle ait connue jusqu&rsquo;alors.<\/p>\n<p>Entre-temps, Isra\u00ebl a intensifi\u00e9 son offensive militaire initi\u00e9e fin janvier contre les camps de r\u00e9fugi\u00e9s du nord de la Cisjordanie.<\/p>\n<p>&nbsp;<\/p>\n<div id=\"attachment_83733\" style=\"width: 910px\" class=\"wp-caption aligncenter\"><img loading=\"lazy\" decoding=\"async\" aria-describedby=\"caption-attachment-83733\" class=\"wp-image-83733 size-full\" src=\"https:\/\/charleroi-pourlapalestine.be\/wp-content\/uploads\/2025\/04\/Pal-in-pic-2-e1744105984514.jpg\" alt=\"La Palestine en images. Photo : 3 mars. Karam Abu Haloub, son \u00e9pouse Faten et leur famille se pr\u00e9parent pour l'Iftar du troisi\u00e8me jour du Ramadan \u00e0 proximit\u00e9 d'une tente qu'ils ont dress\u00e9e sur les ruines de leur maison d\u00e9truite dans le quartier d'al-Shimaa area, \u00e0 Beit Lahiya, dans le nord de Gaza. \" width=\"900\" height=\"600\"><p id=\"caption-attachment-83733\" class=\"wp-caption-text\"><strong>3 mars. Karam Abu Haloub, son \u00e9pouse Faten et leur famille se pr\u00e9parent pour l&rsquo;Iftar du troisi\u00e8me jour du Ramadan \u00e0 proximit\u00e9 d&rsquo;une tente qu&rsquo;ils ont dress\u00e9e sur les ruines de leur maison d\u00e9truite dans le quartier d&rsquo;al-Shimaa area, \u00e0 Beit Lahiya, dans le nord de Gaza.<\/strong> (Photo : Omar Ashtawy \/ APA images)<\/p><\/div>\n<p>&nbsp;<\/p>\n<p>Des dizaines de Palestiniens ont \u00e9t\u00e9 tu\u00e9s, lors de l&rsquo;op\u00e9ration en cours en Cisjordanie. L&rsquo;arm\u00e9e isra\u00e9lienne a \u00e9galement d\u00e9plac\u00e9 des dizaines de milliers de personnes de chez elles \u2013 la plus importante op\u00e9ration de d\u00e9placement forc\u00e9 qu&rsquo;ait connue le territoire depuis 1967.<\/p>\n<p>\u00c0 J\u00e9nine, dans le nord de la Cisjordanie, l&rsquo;arm\u00e9e isra\u00e9lienne a \u00ab ravag\u00e9 et assi\u00e9g\u00e9 les quartiers r\u00e9sidentiels, provoquant des destructions ressemblant \u00e0 celles de Gaza \u00bb, a rapport\u00e9 The Electronic Intifada en mars.<\/p>\n<p>&nbsp;<\/p>\n<h3>Un si\u00e8ge total<\/h3>\n<p>Benjamin Netanyahu, le Premier ministre isra\u00e9lien, a annonc\u00e9 le 2 mars qu&rsquo;il allait imposer un si\u00e8ge total \u00e0 Gaza. L&rsquo;annonce a eu lieu quelques heures \u00e0 peine apr\u00e8s l&rsquo;expiration de la premi\u00e8re phase du cessez-le-feu et de l&rsquo;accord d&rsquo;\u00e9change de prisonniers qui \u00e9taient entr\u00e9s en vigueur pr\u00e8s de deux mois plus t\u00f4t.<\/p>\n<p>Depuis lors, Gaza est soumise \u00e0 une fermeture totale. Isra\u00ebl refuse l&rsquo;entr\u00e9e de carburant, d&rsquo;aide humanitaire et de marchandises commerciales dans ce qui constitue la plus longue suspension d&rsquo;essentiels vitaux dans le territoire depuis le d\u00e9but de la guerre g\u00e9nocidaire en octobre 2023.<\/p>\n<div id=\"attachment_83734\" style=\"width: 910px\" class=\"wp-caption aligncenter\"><img loading=\"lazy\" decoding=\"async\" aria-describedby=\"caption-attachment-83734\" class=\"wp-image-83734 size-full\" src=\"https:\/\/charleroi-pourlapalestine.be\/wp-content\/uploads\/2025\/04\/pal-in-pic-3-e1744106262100.jpg\" alt=\"La Palestine en images. Photo : Les forces isra\u00e9liennes font sauter la maison d'Ahmad al-Haymouni \u00e0 H\u00e9bron, en Cisjordanie. En octobre dernier, en compagnie de Muhammad Misk, al-Haymouni avait commis une attaque \u00e0 l'arme \u00e0 feu et au couteau \u00e0 Jaffa. Sept personnes avaient \u00e9t\u00e9 tu\u00e9es et plusieurs autres bless\u00e9es. La maison de Misk a \u00e9t\u00e9 d\u00e9truite le m\u00eame jour dans un acte de ch\u00e2timent collectif, ce qui est interdit par les lois internationales. \" width=\"900\" height=\"600\"><p id=\"caption-attachment-83734\" class=\"wp-caption-text\"><strong>Les forces isra\u00e9liennes font sauter la maison d&rsquo;Ahmad al-Haymouni \u00e0 H\u00e9bron, en Cisjordanie. En octobre dernier, en compagnie de Muhammad Misk, al-Haymouni avait commis une attaque \u00e0 l&rsquo;arme \u00e0 feu et au couteau \u00e0 Jaffa. Sept personnes avaient \u00e9t\u00e9 tu\u00e9es et plusieurs autres bless\u00e9es. La maison de Misk a \u00e9t\u00e9 d\u00e9truite le m\u00eame jour dans un acte de ch\u00e2timent collectif, ce qui est interdit par les lois internationales.<\/strong> (Photo : Mosab Shawer \/ ActiveStills)<\/p><\/div>\n<p>&nbsp;<\/p>\n<p>Bezalel Smotrich, le ministre isra\u00e9lien des finances, d&rsquo;extr\u00eame droite, a d\u00e9clar\u00e9 que le gouvernement isra\u00e9lien avait d\u00e9cid\u00e9<\/p>\n<blockquote><p>\u00ab de bloquer compl\u00e8tement l&rsquo;aide humanitaire \u00e0 Gaza tant que le Hamas n&rsquo;aurait pas \u00e9t\u00e9 an\u00e9anti ou se ne serait pas rendu compl\u00e8tement apr\u00e8s avoir renvoy\u00e9 tous nos otages \u00bb.<\/p><\/blockquote>\n<p>Il a ajout\u00e9 qu&rsquo;il fallait ouvrir<\/p>\n<blockquote><p>\u00ab les portes de l&rsquo;enfer aussi rapidement et aussi mortellement que possible sur cet ennemi cruel, jusqu&rsquo;\u00e0 la victoire absolue \u00bb.<\/p><\/blockquote>\n<p>Quelques jours avant l&rsquo;annonce de Netanyahou, la COGAT, l&rsquo;unit\u00e9 de l&rsquo;arm\u00e9e isra\u00e9lienne qui administre l&rsquo;occupation, r\u00e9v\u00e9lait un plan en vue d&rsquo;\u00e9tablir des<em> \u00ab hubs humanitaires \u00bb<\/em> \u00e0 Gaza.<\/p>\n<p>Conform\u00e9ment \u00e0 ce plan,<\/p>\n<blockquote><p>\u00ab la COGAT entend g\u00e9rer la distribution de l&rsquo;aide humanitaire n\u00e9cessaire d&rsquo;urgence uniquement \u00e0 des &lsquo;Palestiniens qui auront \u00e9t\u00e9 contr\u00f4l\u00e9s&rsquo; \u00bb dans des zones sous contr\u00f4le absolu de l&rsquo;arm\u00e9e isra\u00e9lienne, d&rsquo;apr\u00e8s les organisations palestiniennes des droits humains.<\/p><\/blockquote>\n<p>&nbsp;<\/p>\n<div id=\"attachment_83735\" style=\"width: 910px\" class=\"wp-caption aligncenter\"><img loading=\"lazy\" decoding=\"async\" aria-describedby=\"caption-attachment-83735\" class=\"wp-image-83735 size-full\" src=\"https:\/\/charleroi-pourlapalestine.be\/wp-content\/uploads\/2025\/04\/pal-in-pic-4-e1744106546556.jpg\" alt=\"La Palestine en images. Photo : 5 mars. Les corps de 30 Palestiniens qui ont perdu la vie lors de raids de l'arm\u00e9e isra\u00e9lienne et ont \u00e9t\u00e9 enterr\u00e9s dans une fosse commune sont exhum\u00e9s afin d'\u00eatre identifi\u00e9s et enterr\u00e9s de fa\u00e7on d\u00e9cente dans le district d'al-Alemi \u00e0 Beit Lahiya, dans le nord de Gaza. \" width=\"900\" height=\"600\"><p id=\"caption-attachment-83735\" class=\"wp-caption-text\"><strong>5 mars. Les corps de 30 Palestiniens qui ont perdu la vie lors de raids de l&rsquo;arm\u00e9e isra\u00e9lienne et ont \u00e9t\u00e9 enterr\u00e9s dans une fosse commune sont exhum\u00e9s afin d&rsquo;\u00eatre identifi\u00e9s et enterr\u00e9s de fa\u00e7on d\u00e9cente dans le district d&rsquo;al-Alemi \u00e0 Beit Lahiya, dans le nord de Gaza.<\/strong> (Photo : Omar Ashtawy \/ APA images)<\/p><\/div>\n<p>&nbsp;<\/p>\n<p>Seul le passage de Karem Abu Salem serait utilis\u00e9 pour l&rsquo;entr\u00e9e de l&rsquo;aide humanitaire, selon ce plan, et seules des ONG enregistr\u00e9es en Isra\u00ebl allaient \u00eatre autoris\u00e9es \u00e0 op\u00e9rer \u00e0 Gaza. Cela constituerait une interdiction effective de l&rsquo;UNRWA, l&rsquo;agence de l&rsquo;ONU pour les r\u00e9fugi\u00e9s de Palestine, qui repr\u00e9sente la plus importante op\u00e9ration de secours \u00e0 Gaza et est actuellement mise hors la loi par Isra\u00ebl.<\/p>\n<p>Les organisations palestiniennes des droits humains ont averti que le plan de la COGAT pr\u00e9sent\u00e9 \u00e0 l&rsquo;ONU et aux organisations humanitaires internationales \u00ab constituait un d\u00e9veloppement inqui\u00e9tant dans le g\u00e9nocide en cours et qu&rsquo;il repr\u00e9sentait une progression manifeste dans l&rsquo;annexion par Isra\u00ebl du territoire palestinien \u00bb.<\/p>\n<p>&nbsp;<\/p>\n<h3>\u00ab L&rsquo;instrumentalisation de l&rsquo;aide \u00bb<\/h3>\n<p>Le blocus total a plong\u00e9 les gens de Gaza dans l&rsquo;incapacit\u00e9 de satisfaire leurs besoins les plus \u00e9l\u00e9mentaires.<\/p>\n<blockquote><p>\u00ab Les denr\u00e9es essentielles ont disparu du march\u00e9, les prix ont gonfl\u00e9 hors proportions et la plupart des boulangeries ont \u00e9t\u00e9 oblig\u00e9es de fermer \u00e0 cause du manque de farine et du carburant n\u00e9cessaire pour faire fonctionner les g\u00e9n\u00e9rateurs \u00bb,<\/p><\/blockquote>\n<p>a d\u00e9clar\u00e9 le 2 avril Al Mezan, une organisation des droits humains.<\/p>\n<p>&nbsp;<\/p>\n<div id=\"attachment_83736\" style=\"width: 910px\" class=\"wp-caption aligncenter\"><img loading=\"lazy\" decoding=\"async\" aria-describedby=\"caption-attachment-83736\" class=\"wp-image-83736 size-full\" src=\"https:\/\/charleroi-pourlapalestine.be\/wp-content\/uploads\/2025\/04\/pal-in-pic-5-e1744106739902.jpg\" alt=\"6 mars. Un fonctionnaire du d\u00e9partement des Manuscrits et des Antiquit\u00e9s, affili\u00e9 au minist\u00e8re palestinien des Dotations et des Affaires religieuses, tente de retrouver ce qui reste apr\u00e8s que l'arm\u00e9e isra\u00e9lienne a cibl\u00e9 la biblioth\u00e8que de la Grande Mosqu\u00e9e al-Omari \u00e0 Gaza. \" width=\"900\" height=\"600\"><p id=\"caption-attachment-83736\" class=\"wp-caption-text\"><strong>6 mars. Un fonctionnaire du d\u00e9partement des Manuscrits et des Antiquit\u00e9s, affili\u00e9 au minist\u00e8re palestinien des Dotations et des Affaires religieuses, tente de retrouver ce qui reste apr\u00e8s que l&rsquo;arm\u00e9e isra\u00e9lienne a cibl\u00e9 la biblioth\u00e8que de la Grande Mosqu\u00e9e al-Omari \u00e0 Gaza.<\/strong> (Photo : Omar Ashtawy \/ APA images)<\/p><\/div>\n<p>&nbsp;<\/p>\n<blockquote><p>\u00ab La fermeture permanente par Isra\u00ebl des passages et le blocage de l&rsquo;aide humanitaire font empirer la situation \u00e0 Gaza \u00e0 un degr\u00e9 sans pr\u00e9c\u00e9dent \u2013 m\u00eame si on le compare \u00e0 celui des 17 mois \u00e9coul\u00e9s \u00bb,<\/p><\/blockquote>\n<p>a d\u00e9clar\u00e9 Samir Zaqout, directeur adjoint d&rsquo;Al Mezan.<\/p>\n<blockquote><p>\u00ab Sans carburant, des services essentiels tels les usines de d\u00e9salinisation et les puits d&rsquo;eau ont cess\u00e9 de fonctionner, poussant les gens vers des niveaux de soif et de faim qui menacent leur vie \u00bb,<\/p><\/blockquote>\n<p>a ajout\u00e9 Zaqout.<\/p>\n<p>Le 6 mars, plus de deux douzaines d&rsquo;experts en droits humains de l&rsquo;ONU ont d\u00e9clar\u00e9 que,<\/p>\n<blockquote><p>\u00ab en bloquant d\u00e9lib\u00e9r\u00e9ment les fournitures vitales, dont celles relatives \u00e0 la sant\u00e9 sexuelle et reproductive, ainsi que les appareils d&rsquo;aide aux personnes handicap\u00e9es, Isra\u00ebl instrumentalisait l&rsquo;aide une fois de plus \u00bb.<\/p><\/blockquote>\n<p>&nbsp;<\/p>\n<div id=\"attachment_83737\" style=\"width: 910px\" class=\"wp-caption aligncenter\"><img loading=\"lazy\" decoding=\"async\" aria-describedby=\"caption-attachment-83737\" class=\"wp-image-83737 size-full\" src=\"https:\/\/charleroi-pourlapalestine.be\/wp-content\/uploads\/2025\/04\/pal-in-pic-6-e1744106889205.jpg\" alt=\"8 mars. Une vue g\u00e9n\u00e9rale des destructions \u00e0 Jabaliya, dans le nord de Gaza. \" width=\"900\" height=\"600\"><p id=\"caption-attachment-83737\" class=\"wp-caption-text\"><strong>8 mars. Une vue g\u00e9n\u00e9rale des destructions \u00e0 Jabaliya, dans le nord de Gaza.<\/strong> (Photo : Omar Ashtawy \/ APA images)<\/p><\/div>\n<p>&nbsp;<\/p>\n<p>Les experts de l&rsquo;ONU ont ajout\u00e9 qu&rsquo;au cours du cessez-le-feu,<\/p>\n<blockquote><p>\u00ab les conditions \u00e9taient rest\u00e9es tr\u00e8s p\u00e9nibles. Tr\u00e8s peu de tentes \u2013 et aucune unit\u00e9 mobile (de logement) \u2013 avaient pu entrer \u00e0 Gaza et les Palestiniens, y compris les enfants et d&rsquo;autres personnes, avaient continu\u00e9 de mourir en raison du froid et des conditions tr\u00e8s difficiles \u00bb.<\/p>\n<p>\u00ab R\u00e9instaurer une politique de si\u00e8ge contre une population qui a \u00e0 peine surv\u00e9cu \u00e0 16 mois de bombardements constants, de d\u00e9placements forc\u00e9s r\u00e9p\u00e9t\u00e9s et \u00e0 la destruction de 80 pour 100 de ses terres agricoles et de ses infrastructures civils, va aggraver la situation d\u00e9j\u00e0 tr\u00e8s difficile \u00bb,<\/p><\/blockquote>\n<p>ont d\u00e9clar\u00e9 les experts.<\/p>\n<p>&nbsp;<\/p>\n<h3>L&rsquo;annexion \u00ab progresse \u00e0 toute vitesse \u00bb<\/h3>\n<p>Entre-temps, en Cisjordanie, les experts ont dit que<\/p>\n<blockquote><p>\u00ab l&rsquo;annexion par la force du territoire progressait \u00e0 toute vitesse \u00bb.<\/p><\/blockquote>\n<p>Ils ont ajout\u00e9 que<\/p>\n<blockquote><p>\u00ab les camps de r\u00e9fugi\u00e9s et les villes \u00e9taient bombard\u00e9s, d\u00e9peupl\u00e9s et pill\u00e9s et que d&rsquo;autres zones \u00e9taient attaqu\u00e9es par des colons arm\u00e9s avec la complicit\u00e9 des forces isra\u00e9liennes \u00bb.<\/p><\/blockquote>\n<p>&nbsp;<\/p>\n<div id=\"attachment_83739\" style=\"width: 910px\" class=\"wp-caption aligncenter\"><img loading=\"lazy\" decoding=\"async\" aria-describedby=\"caption-attachment-83739\" class=\"wp-image-83739 size-full\" src=\"https:\/\/charleroi-pourlapalestine.be\/wp-content\/uploads\/2025\/04\/pal-in-pic-7-e1744107111278.jpg\" alt=\"11 mars. Juste avant l'Iftar, \u00e0 Jabaliya, dans le nord de Gaza, des personnes d\u00e9plac\u00e9es font la file pour recevoir de la nourriture d'une cantine humanitaire. \" width=\"900\" height=\"600\"><p id=\"caption-attachment-83739\" class=\"wp-caption-text\"><strong>11 mars. Juste avant l&rsquo;Iftar, \u00e0 Jabaliya, dans le nord de Gaza, des personnes d\u00e9plac\u00e9es font la file pour recevoir de la nourriture d&rsquo;une cantine humanitaire.<\/strong> (Photo : Omar Ashtawy \/ APA images)<\/p><\/div>\n<p>&nbsp;<\/p>\n<p>Le 12 mars, selon l&rsquo;organisation de contr\u00f4le de l&rsquo;ONU, l&rsquo;OCHA,<\/p>\n<blockquote><p>\u00ab un colon isra\u00e9lien de 18 ans a \u00e9t\u00e9 abattu et bless\u00e9 au volant \u00e0 proximit\u00e9 de la colonie d&rsquo;Ariel \u00bb,<\/p><\/blockquote>\n<p>pr\u00e8s de Salfit, en Cisjordanie. Apr\u00e8s les coups de feu, des colons isra\u00e9liens ont attaqu\u00e9 les r\u00e9sidents d&rsquo;une communaut\u00e9 de B\u00e9douins, blessant deux personnes, dont un homme \u00e2g\u00e9 qui a subi une h\u00e9morragie c\u00e9r\u00e9brale et s&rsquo;est retrouv\u00e9 dans un \u00e9tat critique.<\/p>\n<p>Le lendemain, des dizaines de colons ont bout\u00e9 le feu \u00e0 des maisons d&rsquo;une communaut\u00e9 b\u00e9douine pr\u00e8s de Naplouse, une ville du nord de la Cisjordanie. Selon l&rsquo;OCHA, les colons<\/p>\n<blockquote><p>\u00ab ont lanc\u00e9 un cocktail Molotov, provoquant un incendie dans une pi\u00e8ce \u00e0 l&rsquo;int\u00e9rieur de laquelle se trouvaient un b\u00e9b\u00e9 et un enfant en bas \u00e2ge \u00bb.<\/p><\/blockquote>\n<p>Les colons ont emmen\u00e9 les enfants \u00e0 l&rsquo;ext\u00e9rieur de la maison et les ont laiss\u00e9s \u00e0 une cinquantaine de m\u00e8tres de l\u00e0.<\/p>\n<p>Quelques jours plus tard, un Palestinien de 18 ans a perdu conscience apr\u00e8s avoir \u00e9t\u00e9 attaqu\u00e9 par des colons alors qu&rsquo;il faisait pa\u00eetre ses moutons pr\u00e8s de H\u00e9bron, dans le sud de la Cisjordanie.<\/p>\n<p>&nbsp;<\/p>\n<h3>La strat\u00e9gie d&rsquo;Isra\u00ebl : \u00ab domination et destruction \u00bb<\/h3>\n<p>Le 12 mars, Euro-Med Human Rights Monitor a d\u00e9clar\u00e9 qu&rsquo;Isra\u00ebl avait tu\u00e9 150 Palestiniens \u00e0 Gaza depuis l&rsquo;entr\u00e9e en vigueur du cessez-le-feu le 19 janvier.<\/p>\n<p>\u00ab Les tueries en cours par l&rsquo;arm\u00e9e isra\u00e9lienne sont l\u2019\u0153uvre de snipers et de drones, dont des appareils quadricopt\u00e8res \u00bb, a d\u00e9clar\u00e9 l&rsquo;organisation de d\u00e9fense des droits.<\/p>\n<p>&nbsp;<\/p>\n<div id=\"attachment_83741\" style=\"width: 910px\" class=\"wp-caption aligncenter\"><img loading=\"lazy\" decoding=\"async\" aria-describedby=\"caption-attachment-83741\" class=\"wp-image-83741 size-full\" src=\"https:\/\/charleroi-pourlapalestine.be\/wp-content\/uploads\/2025\/04\/pal-in-pic-8-e1744111700944.jpg\" alt=\"Les corps des Palestiniens tu\u00e9s lors de raids isra\u00e9liens et enterr\u00e9s dans une fosse commune \u00e0 l'h\u00f4pital Al-Shifa sont exhum\u00e9s pour \u00eatre identifi\u00e9s et enterr\u00e9s correctement, ville de Gaza, 13 mars. Omar Ashtawy APA images\" width=\"900\" height=\"600\"><p id=\"caption-attachment-83741\" class=\"wp-caption-text\"><strong>Les corps des Palestiniens tu\u00e9s lors de raids isra\u00e9liens et enterr\u00e9s dans une fosse commune \u00e0 l&rsquo;h\u00f4pital Al-Shifa sont exhum\u00e9s pour \u00eatre identifi\u00e9s et enterr\u00e9s correctement, ville de Gaza, 13 mars.<\/strong> (Omar Ashtawy \/ APA images)<\/p><\/div>\n<p>&nbsp;<\/p>\n<blockquote><p>\u00ab Les attaques quotidiennes ont fr\u00e9quemment lieu quand les r\u00e9sidents tentent de retourner chez eux et d&rsquo;inspecter leurs maisons endommag\u00e9es \u00e0 proximit\u00e9 de la fameuse \u00ab zone tampon \u00bb impos\u00e9e par Isra\u00ebl le long des fronti\u00e8res nord et sud de la bande de Gaza \u00bb,<\/p><\/blockquote>\n<p>a ajout\u00e9 Euro-Med.<\/p>\n<p>Le 13 mars, une commission d&rsquo;enqu\u00eate ind\u00e9pendante de l&rsquo;ONU a publi\u00e9 un rapport concluant que, depuis octobre 2023,<\/p>\n<blockquote><p>\u00ab Isra\u00ebl a recouru de plus en plus \u00e0 des violences sexuelles, reproductives et \u00e0 d&rsquo;autres formes de violence reposant sur le genre contre les Palestiniens \u00bb.<\/p><\/blockquote>\n<p>Selon les enqu\u00eateurs, Isra\u00ebl perp\u00e8tre cette violence sexuelle et reposant sur le genre en Cisjordanie et dans la bande de Gaza<\/p>\n<blockquote><p>\u00ab dans le cadre d&rsquo;une strat\u00e9gie de guerre lui permettant de dominer et de d\u00e9truire le peuple palestinien \u00bb.<\/p><\/blockquote>\n<p>&nbsp;<\/p>\n<h3>Isra\u00ebl massacre des familles et fait sauter le cessez-le-feu<\/h3>\n<p>D\u00e8s les toutes premi\u00e8res heures du 18 mars, Isra\u00ebl a lanc\u00e9 des attaques intensives par air, terre et mer dans tout Gaza, tuant au moins 400 personnes et en blessant plus de 560, a d\u00e9clar\u00e9 le minist\u00e8re de la sant\u00e9 du territoire un peu plus tard dans la journ\u00e9e.<\/p>\n<p>Des familles enti\u00e8res ont \u00e9t\u00e9 massacr\u00e9es, lors des frappes, estime le bureau gouvernemental des m\u00e9dias de Gaza, et au moins 174 enfants figuraient parmi les morts, estime \u00e0 son tour Defense for Children International \u2013 Palestine. Ayed Abu Eqtaish, un directeur de programme de l&rsquo;organisation des droits des enfants, a d\u00e9clar\u00e9 que cela avait \u00e9t\u00e9<\/p>\n<blockquote><p>\u00ab l&rsquo;une des journ\u00e9es au nombre le plus \u00e9lev\u00e9 d&rsquo;enfants tu\u00e9s de l&rsquo;histoire de Gaza \u00bb.<\/p><\/blockquote>\n<p>&nbsp;<\/p>\n<div id=\"attachment_83743\" style=\"width: 909px\" class=\"wp-caption aligncenter\"><img loading=\"lazy\" decoding=\"async\" aria-describedby=\"caption-attachment-83743\" class=\"wp-image-83743 size-full\" src=\"https:\/\/charleroi-pourlapalestine.be\/wp-content\/uploads\/2025\/04\/pal-in-pic-9-e1744115037845.jpg\" alt=\"14 mars. Une vue du D\u00f4me du Rocher, au complexe de la mosqu\u00e9e al-Aqsa \u00e0 J\u00e9rusalem, le deuxi\u00e8me vendredi du Ramadan. En raison des restrictions de d\u00e9placement impos\u00e9es par Isra\u00ebl, la mosqu\u00e9e \u2014 l'un des sites les plus sacr\u00e9s de l'Islam \u2014 est inaccessible \u00e0 la vaste majorit\u00e9 des Palestiniens, dont ceux de Gaza. \" width=\"899\" height=\"600\"><p id=\"caption-attachment-83743\" class=\"wp-caption-text\"><strong>14 mars. Une vue du D\u00f4me du Rocher, au complexe de la mosqu\u00e9e al-Aqsa \u00e0 J\u00e9rusalem, le deuxi\u00e8me vendredi du Ramadan. En raison des restrictions de d\u00e9placement impos\u00e9es par Isra\u00ebl, la mosqu\u00e9e \u2014 l&rsquo;un des sites les plus sacr\u00e9s de l&rsquo;Islam \u2014 est inaccessible \u00e0 la vaste majorit\u00e9 des Palestiniens, dont ceux de Gaza.<\/strong> (Photo : Faiz Abu Rmeleh \/ ActiveStills)<\/p><\/div>\n<p>&nbsp;<\/p>\n<p>Le m\u00eame jour, l&rsquo;arm\u00e9e isra\u00e9lienne ordonnait l&rsquo;\u00e9vacuation des zones \u00e0 proximit\u00e9 de Jabaliya dans le nord et de Khan Younis dans le sud tout en lan\u00e7ant des attaques dans tout Gaza et en annon\u00e7ant effectivement le retrait d&rsquo;Isra\u00ebl du processus de n\u00e9gociation en vue de mettre un terme pour de bon \u00e0 la guerre \u00e0 Gaza.<\/p>\n<blockquote><p>\u00ab D\u00e9sormais, Isra\u00ebl va agir contre le Hamas avec une puissance militaire croissante \u00bb, a d\u00e9clar\u00e9 Netanyahou au d\u00e9but de la reprise de la guerre g\u00e9nocidaire totale.<\/p><\/blockquote>\n<p>Plusieurs hauts responsables du gouvernement \u00e0 Gaza ont \u00e9t\u00e9 tu\u00e9s par les frappes isra\u00e9liennes en m\u00eame temps que des membres de leurs familles.<\/p>\n<p>Le porte-parole du Hamas, Sami Abu Zuhri, a accus\u00e9 Isra\u00ebl d&rsquo;avoir tent\u00e9 d&rsquo;imposer un accord de reddition au peuple palestinien. Il a \u00e9galement pr\u00e9tendu que Washington et Tel-Aviv tentaient de modifier les termes de l&rsquo;accord de cessez-le-feu qu&rsquo;Isra\u00ebl avait sign\u00e9 et que les EU avaient garanti.<\/p>\n<p>Cet accord comprenait une possibilit\u00e9 de d\u00e9boucher sur la fin de la guerre une fois pour toutes et tendant \u00e0 garantir le flux de l&rsquo;aide humanitaire vers Gaza.<\/p>\n<p>&nbsp;<\/p>\n<div id=\"attachment_83744\" style=\"width: 910px\" class=\"wp-caption aligncenter\"><img loading=\"lazy\" decoding=\"async\" aria-describedby=\"caption-attachment-83744\" class=\"wp-image-83744 size-full\" src=\"https:\/\/charleroi-pourlapalestine.be\/wp-content\/uploads\/2025\/04\/pal-in-pic-10-e1744125933802.jpg\" alt=\"15 mars. Les proches de neuf Palestiniens, dont trois journalistes, tu\u00e9s lors d'une attaque isra\u00e9lienne, expriment leur deuil \u00e0 l'h\u00f4pital indon\u00e9sien. Selon certaines sources, un drone isra\u00e9lien a frapp\u00e9 une \u00e9quipe de secours qui distribuait des tentes \u00e0 des r\u00e9sidents dont les maisons avaient \u00e9t\u00e9 d\u00e9truites. \" width=\"900\" height=\"600\"><p id=\"caption-attachment-83744\" class=\"wp-caption-text\"><strong>15 mars. Les proches de neuf Palestiniens, dont trois journalistes, tu\u00e9s lors d&rsquo;une attaque isra\u00e9lienne, expriment leur deuil \u00e0 l&rsquo;h\u00f4pital indon\u00e9sien. Selon certaines sources, un drone isra\u00e9lien a frapp\u00e9 une \u00e9quipe de secours qui distribuait des tentes \u00e0 des r\u00e9sidents dont les maisons avaient \u00e9t\u00e9 d\u00e9truites.<\/strong> (Photo : Omar Ashtawy \/ APA images)<\/p><\/div>\n<p>&nbsp;<\/p>\n<p>Le 19 mars, un ressortissant bulgare travaillant pour l&rsquo;ONU a \u00e9t\u00e9 tu\u00e9 par une frappe contre une maison d&rsquo;accueil destin\u00e9e au Bureau des Nations unies pour les Services de projet \u00e0 Deir al-Balah, dans la partie centrale de Gaza.<\/p>\n<p>Le m\u00eame jour, Isra\u00ebl Katz, le ministre isra\u00e9lien de la D\u00e9fense, a adress\u00e9 \u00ab un avertissement final \u00bb \u00e0 la population de Gaza dans une d\u00e9claration apparente d&rsquo;intentions g\u00e9nocidaires.<\/p>\n<blockquote><p>\u00ab Les choses vont devenir bien plus difficiles, et vous allez payer le prix plein \u00bb,<\/p><\/blockquote>\n<p>a d\u00e9clar\u00e9 Katz, ajoutant que<\/p>\n<blockquote><p>\u00ab l&rsquo;\u00e9vacuation de la population des zones de combat allait bient\u00f4t reprendre \u00bb.<\/p>\n<p>\u00ab \u00c9coutez le conseil du pr\u00e9sident des EU. Restituez les otages et \u00e9cartez le Hamas et d&rsquo;autres options s&rsquo;ouvriront \u00e0 vous, y compris la r\u00e9installation dans d&rsquo;autres endroits du monde pour ceux qui auront choisi \u00bb,<\/p><\/blockquote>\n<p>a ajout\u00e9 Katz.<\/p>\n<p>\u00ab L&rsquo;alternative est la destruction totale et la d\u00e9vastation compl\u00e8te. \u00bb<\/p>\n<p>&nbsp;<\/p>\n<h3>Un adolescent meurt en d\u00e9tention en Isra\u00ebl, des secouristes \u00ab ex\u00e9cut\u00e9s \u00bb<\/h3>\n<p>Le 22 mars, Walid Khalid Abdullah Ahmad, 17 ans, est mort apr\u00e8s s&rsquo;\u00eatre \u00e9croul\u00e9 dans la cour de la prison de Megiddo, dans le nord d&rsquo;Isra\u00ebl, o\u00f9 il \u00e9tait d\u00e9tenu depuis septembre dernier dans l&rsquo;attente de son proc\u00e8s.<\/p>\n<blockquote><p>\u00ab Walid est le tout premier adolescent palestinien \u00e0 mourir dans les prisons isra\u00e9liennes \u00bb,<\/p><\/blockquote>\n<p>a fait savoir Defense for Children International \u2013 Palestine, qui a ajout\u00e9 que<\/p>\n<blockquote><p>\u00ab les autorit\u00e9s isra\u00e9liennes refusent de restituer son corps \u00e0 sa famille \u00bb.<\/p><\/blockquote>\n<p>&nbsp;<\/p>\n<div id=\"attachment_83745\" style=\"width: 910px\" class=\"wp-caption alignnone\"><img loading=\"lazy\" decoding=\"async\" aria-describedby=\"caption-attachment-83745\" class=\"wp-image-83745 size-full\" src=\"https:\/\/charleroi-pourlapalestine.be\/wp-content\/uploads\/2025\/04\/pal-in-pic-11-e1744126171992.jpg\" alt=\"Des Palestiniens rompent leur je\u00fbne de Ramadan au milieu de la destruction et des d\u00e9bris lors d'un iftar massif \u00e0 Beit Lahiya, dans le nord de Gaza.\" width=\"900\" height=\"600\"><p id=\"caption-attachment-83745\" class=\"wp-caption-text\"><strong>Des Palestiniens rompent leur je\u00fbne de Ramadan au milieu de la destruction et des d\u00e9bris lors d&rsquo;un iftar massif \u00e0 Beit Lahiya, dans le nord de Gaza.<\/strong> (Photo : Omar Ashtawy \/ APA images)<\/p><\/div>\n<p>&nbsp;<\/p>\n<p>Un rapport d&rsquo;autopsie indiquait que l&rsquo;adolescent, qui avait \u00e9t\u00e9 arr\u00eat\u00e9 \u00e0 son domicile \u00e0 Silwad, une localit\u00e9 de Cisjordanie, avait \u00e9t\u00e9 priv\u00e9 de nourriture et battu des mois durant par ses gardiens avant de s&rsquo;\u00e9crouler et de mourir.<\/p>\n<p>Un peu plus t\u00f4t ce m\u00eame mois de mars, les autorit\u00e9s palestiniennes ont annonc\u00e9 la mort d&rsquo;un homme du camp de r\u00e9fugi\u00e9s de J\u00e9nine dans une prison isra\u00e9lienne. L&rsquo;homme avait \u00e9t\u00e9 emprisonn\u00e9 sans accusation ni proc\u00e8s avant de mourir, a-t-on dit, dans des circonstances passablement suspectes le 23 f\u00e9vrier.<\/p>\n<p>Au moins 63 Palestiniens sont morts en d\u00e9tention en Isra\u00ebl depuis le 7 octobre 2023. Parmi eux figurent 40 d\u00e9tenus provenant de la bande de Gaza, fait savoir la Soci\u00e9t\u00e9 des Prisonniers palestiniens.<\/p>\n<p>&nbsp;<\/p>\n<div id=\"attachment_83749\" style=\"width: 910px\" class=\"wp-caption aligncenter\"><img loading=\"lazy\" decoding=\"async\" aria-describedby=\"caption-attachment-83749\" class=\"wp-image-83749 size-full\" src=\"https:\/\/charleroi-pourlapalestine.be\/wp-content\/uploads\/2025\/04\/pal-in-pic-12-e1744190712251.jpg\" alt=\"15 mars. L'int\u00e9rieur d'une maison appartenant \u00e0 une famille palestinienne de Khirbet al-Marajim, un village de Cisjordanie, apr\u00e8s qu'une cinquantaine de colons isra\u00e9liens avaient envahi le village la nuit d'avant. Ils avaient jet\u00e9 des pierres contre les habitants et mis le feu \u00e0 trois maisons alors que les familles dormaient \u00e0 l'int\u00e9rieur, ainsi qu'\u00e0 une voiture. Dans l'une des pi\u00e8ces, deux enfants dormaient lorsque les colons les ont enlev\u00e9s pour les rel\u00e2cher plus tard en un endroit diff\u00e9rent. \" width=\"900\" height=\"600\"><p id=\"caption-attachment-83749\" class=\"wp-caption-text\"><strong>15 mars. L&rsquo;int\u00e9rieur d&rsquo;une maison appartenant \u00e0 une famille palestinienne de Khirbet al-Marajim, un village de Cisjordanie, apr\u00e8s qu&rsquo;une cinquantaine de colons isra\u00e9liens avaient envahi le village la nuit d&rsquo;avant. Ils avaient jet\u00e9 des pierres contre les habitants et mis le feu \u00e0 trois maisons alors que les familles dormaient \u00e0 l&rsquo;int\u00e9rieur, ainsi qu&rsquo;\u00e0 une voiture. Dans l&rsquo;une des pi\u00e8ces, deux enfants dormaient lorsque les colons les ont enlev\u00e9s pour les rel\u00e2cher plus tard en un endroit diff\u00e9rent<\/strong>. (Photo : Avishay Mohar \/ ActiveStills)<\/p><\/div>\n<p>&nbsp;<\/p>\n<p>Le 23 mars, une \u00e9quipe d&rsquo;ambulanciers de la Soci\u00e9t\u00e9 du Croissant-Rouge de Palestine a d\u00fb \u00e9vacuer des gens qui avaient \u00e9t\u00e9 bless\u00e9s par une frappe de l&rsquo;aviation isra\u00e9lienne dans le district d&rsquo;al-Hashashin, \u00e0 Rafah, dans le sud de Gaza. Les param\u00e9dicaux s&rsquo;\u00e9taient bient\u00f4t retrouv\u00e9s sous les tirs eux aussi et avaient \u00e9t\u00e9 bless\u00e9s.<\/p>\n<p>Des \u00e9quipes additionnelles d&rsquo;ambulanciers et de travailleurs de la d\u00e9fense civile avaient \u00e9galement \u00e9t\u00e9 envoy\u00e9es sur place, quand les forces isra\u00e9liennes avaient entour\u00e9 l&rsquo;endroit. Toute communication avec le personnel de secours avait ensuite \u00e9t\u00e9 perdue.<\/p>\n<p>Le sort des 15 secouristes est rest\u00e9 inconnu pendant une semaine, jusqu&rsquo;au moment o\u00f9, fin mars, des \u00e9quipes de la d\u00e9fense civile ont pu acc\u00e9der au site et ont retrouv\u00e9 un corps. Quatorze autres cadavres allaient \u00eatre d\u00e9couverts dans une fosse commune au cours des quelques jours suivants.<\/p>\n<p>&nbsp;<\/p>\n<div id=\"attachment_83750\" style=\"width: 1206px\" class=\"wp-caption alignnone\"><img loading=\"lazy\" decoding=\"async\" aria-describedby=\"caption-attachment-83750\" class=\"wp-image-83750 size-full\" src=\"https:\/\/charleroi-pourlapalestine.be\/wp-content\/uploads\/2025\/04\/pal-in-pic-13-e1744190875882.png\" alt=\"18 mars. Les corps des personnes tu\u00e9es par une frappe de l'aviation isra\u00e9lienne dans le centre de Gaza reposent \u00e0 la morgue de l'h\u00f4pital arabe al-Ahli \u00e0 Gaza m\u00eame. \" width=\"1196\" height=\"663\"><p id=\"caption-attachment-83750\" class=\"wp-caption-text\"><strong>18 mars. Les corps des personnes tu\u00e9es par une frappe de l&rsquo;aviation isra\u00e9lienne dans le centre de Gaza reposent \u00e0 la morgue de l&rsquo;h\u00f4pital arabe al-Ahli \u00e0 Gaza m\u00eame.<\/strong> (Photo : Omar Ashtawy \/ APA images)<\/p><\/div>\n<p>&nbsp;<\/p>\n<p>Le Dr Ahmed al-Farra, un m\u00e9decin en chef du Complexe m\u00e9dical Nasser, a expliqu\u00e9 \u00e0 The Guardian que les corps des param\u00e9dicaux et des travailleurs de la d\u00e9fense civile<\/p>\n<blockquote><p>\u00ab avaient des balles dans la poitrine et dans la t\u00eate. Ils ont \u00e9t\u00e9 ex\u00e9cut\u00e9s. Ils avaient les mains li\u00e9es. \u00bb<\/p><\/blockquote>\n<p>L&rsquo;un des param\u00e9dicaux \u00e9tait en communication avec un dispatcher d&rsquo;ambulance de la Soci\u00e9t\u00e9 du Croissant-Rouge de Palestine, au moment de l&rsquo;attaque. Le Dr Bashar Murad, un directeur du Croissant-Rouge \u00e0 Gaza, a \u00e9t\u00e9 cit\u00e9 dans The Guardian pour avoir dit que, sur cet appel,<\/p>\n<blockquote><p>\u00ab on pouvait entendre des coups de feu tir\u00e9s de pr\u00e8s de m\u00eame que les voix des soldats isra\u00e9liens sur place s&rsquo;exprimant en h\u00e9breu et ordonnant l&rsquo;arrestation d&rsquo;au moins quelques-uns des param\u00e9dicaux \u00bb.<\/p><\/blockquote>\n<p>Parmi les morts figuraient huit param\u00e9dicaux du Croissant-Rouge, six travailleurs de la d\u00e9fense civile et un employ\u00e9 de l&rsquo;UNRWA, l&rsquo;agence de l&rsquo;ONU pour les r\u00e9fugi\u00e9s de Palestine.<\/p>\n<p>&nbsp;<\/p>\n<div id=\"attachment_83751\" style=\"width: 1209px\" class=\"wp-caption aligncenter\"><img loading=\"lazy\" decoding=\"async\" aria-describedby=\"caption-attachment-83751\" class=\"wp-image-83751 size-full\" src=\"https:\/\/charleroi-pourlapalestine.be\/wp-content\/uploads\/2025\/04\/pal-in-pic-14-e1744191060236.png\" alt=\"18 mars. Des familles fuient apr\u00e8s que l'arm\u00e9e isra\u00e9lienne a \u00e9mis des ordres d'\u00e9vacuation concernant plusieurs quartiers de Beit Hanoun, dans le nord de Gaza, \u00e0 la suite de lourdes frappes a\u00e9riennes.\" width=\"1199\" height=\"662\"><p id=\"caption-attachment-83751\" class=\"wp-caption-text\"><strong>18 mars. Des familles fuient apr\u00e8s que l&rsquo;arm\u00e9e isra\u00e9lienne a \u00e9mis des ordres d&rsquo;\u00e9vacuation concernant plusieurs quartiers de Beit Hanoun, dans le nord de Gaza, \u00e0 la suite de lourdes frappes a\u00e9riennes.<\/strong> (Photo : Omar Ashtawy \/ APA images)<\/p><\/div>\n<p>&nbsp;<\/p>\n<blockquote><p>\u00ab Ils ont \u00e9t\u00e9 tu\u00e9s par les forces isra\u00e9liennes alors qu&rsquo;ils essayaient de sauver des vies \u00bb,<\/p><\/blockquote>\n<p>a d\u00e9clar\u00e9 le 31 mars Tom Fletcher, le responsable humanitaire de l&rsquo;ONU.<\/p>\n<blockquote><p>\u00ab Nous r\u00e9clamons des r\u00e9ponses et exigeons justice. \u00bb<\/p><\/blockquote>\n<p>Depuis octobre 2023, Isra\u00ebl a tu\u00e9 plus de 100 travailleurs de la d\u00e9fense civile, un millier de travailleurs des soins de sant\u00e9 et 280 employ\u00e9s de l&rsquo;UNRWA.<\/p>\n<p>&nbsp;<\/p>\n<h3>Isra\u00ebl fait sauter un h\u00f4pital sp\u00e9cialis\u00e9 dans le cancer<\/h3>\n<p>Le 21 mars, la soci\u00e9t\u00e9 du Croissant-Rouge de Palestine rouvrait l&rsquo;h\u00f4pital Al-Quds dans le quartier de Tal al-Hawa \u00e0 Gaza. Le site avait \u00e9t\u00e9 forc\u00e9 de fermer en novembre apr\u00e8s avoir \u00e9t\u00e9 assi\u00e9g\u00e9 et attaqu\u00e9 par les forces isra\u00e9liennes.<\/p>\n<blockquote><p>\u00ab Malgr\u00e9 les importants d\u00e9fis, dont de s\u00e9v\u00e8res p\u00e9nuries en fournitures et \u00e9quipements m\u00e9dicaux, des efforts ont \u00e9t\u00e9 consentis ces quelques derni\u00e8res semaines en vue de r\u00e9habiliter l&rsquo;h\u00f4pital \u00bb,<\/p><\/blockquote>\n<p>a d\u00e9clar\u00e9 l&rsquo;OCHA, une institution de l&rsquo;ONU.<\/p>\n<p>&nbsp;<\/p>\n<div id=\"attachment_83753\" style=\"width: 810px\" class=\"wp-caption aligncenter\"><img loading=\"lazy\" decoding=\"async\" aria-describedby=\"caption-attachment-83753\" class=\"wp-image-83753 size-full\" src=\"https:\/\/charleroi-pourlapalestine.be\/wp-content\/uploads\/2025\/04\/pal-in-pic-15-e1744191767752.jpg\" alt=\"18 mars, \u00e0 l'h\u00f4pital europ\u00e9en de Gaza \u00e0 Khan Younis, dans le sud de Gaza, des gens expriment leur chagrin devant les corps de leurs proches tu\u00e9s la nuit pr\u00e9c\u00e9dente par des frappes de l'aviation isra\u00e9lienne.\" width=\"800\" height=\"600\"><p id=\"caption-attachment-83753\" class=\"wp-caption-text\"><strong>18 mars, \u00e0 l&rsquo;h\u00f4pital europ\u00e9en de Gaza \u00e0 Khan Younis, dans le sud de Gaza, des gens expriment leur chagrin devant les corps de leurs proches tu\u00e9s la nuit pr\u00e9c\u00e9dente par des frappes de l&rsquo;aviation isra\u00e9lienne.<\/strong> (Photo : Doaa Albaz \/ ActiveStills)<\/p><\/div>\n<p>&nbsp;<\/p>\n<blockquote><p>\u00ab Deux salles d&rsquo;op\u00e9ration, un d\u00e9partement des urgences, des cliniques ambulatoires, une unit\u00e9 de soins intensifs et des services de diagnostic, entre autres en radiologie, ainsi que des laboratoires ont \u00e9t\u00e9 install\u00e9s afin d&rsquo;assurer des services m\u00e9dicaux complets \u00bb,<\/p><\/blockquote>\n<p>a ajout\u00e9 l&rsquo;institution de l&rsquo;ONU.<\/p>\n<p>Le m\u00eame jour, les troupes isra\u00e9liennes faisaient sauter l&rsquo;h\u00f4pital des amiti\u00e9s turco-palestiniennes, le seul h\u00f4pital de Gaza consacr\u00e9 au traitement du cancer et qui fournissait ses services \u00e0 plus de 12 000 patients, estime le Centre palestinien pour les droits humains.<\/p>\n<p>L&rsquo;h\u00f4pital avait \u00e9t\u00e9 contraint \u00e0 la fermeture en novembre 2023 apr\u00e8s avoir \u00e9t\u00e9 attaqu\u00e9 par l&rsquo;arm\u00e9e isra\u00e9lienne qui, finalement, l&rsquo;avait utilis\u00e9 comme caserne pour ses soldats.<\/p>\n<p>&nbsp;<\/p>\n<div id=\"attachment_83752\" style=\"width: 1200px\" class=\"wp-caption alignnone\"><img loading=\"lazy\" decoding=\"async\" aria-describedby=\"caption-attachment-83752\" class=\"wp-image-83752 size-full\" src=\"https:\/\/charleroi-pourlapalestine.be\/wp-content\/uploads\/2025\/04\/pal-in-pic-16-e1744192061321.png\" alt=\"19 mars. Le corps d'un employ\u00e9 international de l'ONU tu\u00e9 lors d'une frappe isra\u00e9lienne contre le QG de l'organisation mondiale \u00e0 Deir al-Balah, dans le centre de Gaza, est transf\u00e9r\u00e9 \u00e0 l'h\u00f4pital des Martyrs d'Al-Aqsa.\" width=\"1190\" height=\"657\"><p id=\"caption-attachment-83752\" class=\"wp-caption-text\"><strong>19 mars. Le corps d&rsquo;un employ\u00e9 international de l&rsquo;ONU tu\u00e9 lors d&rsquo;une frappe isra\u00e9lienne contre le QG de l&rsquo;organisation mondiale \u00e0 Deir al-Balah, dans le centre de Gaza, est transf\u00e9r\u00e9 \u00e0 l&rsquo;h\u00f4pital des Martyrs d&rsquo;Al-Aqsa.<\/strong> (Photo : Louay Abu Khousa \/ APA images)<\/p><\/div>\n<p>&nbsp;<\/p>\n<p>\u00c0 Gaza, vingt-deux h\u00f4pitaux et cinq h\u00f4pitaux de campagne \u00e9taient partiellement op\u00e9rationnels et quatre l&rsquo;\u00e9taient enti\u00e8rement, a d\u00e9clar\u00e9 l&rsquo;OCHA le 25 mars. Entre-temps, 13 h\u00f4pitaux et cinq h\u00f4pitaux de campagne sont non op\u00e9rationnels \u00bb, a ajout\u00e9 l&rsquo;institution de l&rsquo;ONU.<\/p>\n<p>Le 23 mars, l&rsquo;arm\u00e9e isra\u00e9lienne a cibl\u00e9 le d\u00e9partement chirurgical du Complexe m\u00e9dical Nasser \u00e0 Khan Younis, dans le sud de Gaza, tuant deux personnes, dont un membre de l&rsquo;aile politique du Hamas. Huit autres personnes ont \u00e9t\u00e9 bless\u00e9es par la frappe a\u00e9rienne qui, en outre, a endommag\u00e9 s\u00e9v\u00e8rement toute une partie du principal h\u00f4pital de r\u00e9f\u00e9rence du sud de la bande de Gaza.<\/p>\n<p>&nbsp;<\/p>\n<h3>\u00ab Les caract\u00e9ristiques m\u00eames des crimes atroces \u00bb<\/h3>\n<p>Le lendemain 24 mars, Isra\u00ebl tuait deux journalistes \u2013 le correspondant d&rsquo;Al Jazeera Hossam Shabat et le journaliste de Palestine Today Mohammad Mansour \u2013 au cours d&rsquo;attaques s\u00e9par\u00e9es.<\/p>\n<p>Al Mezan, une organisation palestinienne des droits humains, a d\u00e9clar\u00e9 que Shabat et Mansour avaient \u00e9t\u00e9 <em>\u00ab d\u00e9lib\u00e9r\u00e9ment cibl\u00e9s<\/em> \u00bb et ce, dans une situation de <em>\u00ab totale impunit\u00e9 \u00bb<\/em> pour Isra\u00ebl qui lui avait permis d&rsquo;assassiner pr\u00e8s de 200 journalistes depuis octobre 2023.<\/p>\n<p>&nbsp;<\/p>\n<div id=\"attachment_83755\" style=\"width: 810px\" class=\"wp-caption alignnone\"><img loading=\"lazy\" decoding=\"async\" aria-describedby=\"caption-attachment-83755\" class=\"wp-image-83755 size-full\" src=\"https:\/\/charleroi-pourlapalestine.be\/wp-content\/uploads\/2025\/04\/pal-in-pic-17-e1744192706245.jpg\" alt=\"19 mars. Un enfant r\u00e9cup\u00e8re un petit \u00e9l\u00e9phant en peluche sur le site o\u00f9 une tente de Palestiniens d\u00e9plac\u00e9s a \u00e9t\u00e9 cibl\u00e9e par une frappe de l'aviation isra\u00e9lienne \u00e0 al-Mawasi, \u00e0 l'ouest de Khan Younis, dans le sud de Gaza. Une femme enceinte et ses enfants ont \u00e9t\u00e9 tu\u00e9s et d'autres personnes sont dans un \u00e9tat critique. \" width=\"800\" height=\"600\"><p id=\"caption-attachment-83755\" class=\"wp-caption-text\"><strong>19 mars. Un enfant r\u00e9cup\u00e8re un petit \u00e9l\u00e9phant en peluche sur le site o\u00f9 une tente de Palestiniens d\u00e9plac\u00e9s a \u00e9t\u00e9 cibl\u00e9e par une frappe de l&rsquo;aviation isra\u00e9lienne \u00e0 al-Mawasi, \u00e0 l&rsquo;ouest de Khan Younis, dans le sud de Gaza. Une femme enceinte et ses enfants ont \u00e9t\u00e9 tu\u00e9s et d&rsquo;autres personnes sont dans un \u00e9tat critique<\/strong>. (Photo : Doaa Albaz \/ ActiveStills)<\/p><\/div>\n<p>&nbsp;<\/p>\n<p>Le m\u00eame jour, trois travailleurs sanitaires ont \u00e9t\u00e9 tu\u00e9s dans une attaque contre un camion d&rsquo;\u00e9puration<\/p>\n<blockquote><p>\u00ab portant n\u00e9anmoins ses marques distinctives \u00bb<\/p><\/blockquote>\n<p>\u00e0 Abasan al-Kabira, dans la zone de Khan Younis, dans le sud de Gaza, fait savoir l&rsquo;OCHA.<\/p>\n<p>Le 23 mars \u00e9galement, le cabinet s\u00e9curitaire de Netanyahou approuvait une proposition d&rsquo;Isra\u00ebl Katz, le ministre de la D\u00e9fense, en vue d&rsquo;instaurer un bureau cens\u00e9 faciliter ce qu&rsquo;il a appel\u00e9 <em>\u00ab l&rsquo;\u00e9migration volontaire \u00bb<\/em> des Palestiniens de Gaza.<\/p>\n<p>Le 24 mars, Ant\u00f3nio Guterres, le secr\u00e9taire g\u00e9n\u00e9ral de l&rsquo;ONU, a diffus\u00e9 une d\u00e9claration par l&rsquo;entremise de son porte-parole disant qu&rsquo;il avait d\u00e9cid\u00e9 de r\u00e9duire l&#8217;empreinte de l&rsquo;institution mondiale \u00e0 Gaza.<\/p>\n<p>Comme motifs de sa d\u00e9marche, Guterres a \u00e9pingl\u00e9 le blocage par Isra\u00ebl de l&rsquo;entr\u00e9e de l&rsquo;aide humanitaire et la frappe isra\u00e9lienne meurtri\u00e8re contre un complexe de l&rsquo;ONU le 19 mars.<\/p>\n<p>&nbsp;<\/p>\n<div id=\"attachment_83756\" style=\"width: 877px\" class=\"wp-caption aligncenter\"><img loading=\"lazy\" decoding=\"async\" aria-describedby=\"caption-attachment-83756\" class=\"wp-image-83756 size-full\" src=\"https:\/\/charleroi-pourlapalestine.be\/wp-content\/uploads\/2025\/04\/pal-in-pic-18-e1744192929152.jpg\" alt=\"Le jour de la F\u00eate internationale des M\u00e8res (21 mars), une femme s' occupe de son enfant malade au Complexe m\u00e9dical Nasser \u00e0 Khan Younis. \" width=\"867\" height=\"650\"><p id=\"caption-attachment-83756\" class=\"wp-caption-text\"><strong>Le jour de la F\u00eate internationale des M\u00e8res (21 mars), une femme s&rsquo; occupe de son enfant malade au Complexe m\u00e9dical Nasser \u00e0 Khan Younis.<\/strong> (Photo : Doaa Albaz \/ ActiveStills)<\/p><\/div>\n<p>&nbsp;<\/p>\n<p>Le 27 mars, la haute cour isra\u00e9lienne a rejet\u00e9 une requ\u00eate contestant la l\u00e9galit\u00e9 des restrictions isra\u00e9liennes \u00e0 l&rsquo;encontre de l&rsquo;aide humanitaire \u00e0 Gaza. Les organisations soutenant la requ\u00eate, qui sont toutes install\u00e9es en Isra\u00ebl, ont d\u00e9clar\u00e9 que la d\u00e9cision de la cour<\/p>\n<blockquote><p>\u00ab se lisait comme un hymne de louange \u00e0 l&rsquo;\u00c9tat d&rsquo;Isra\u00ebl et \u00e0 son arm\u00e9e au cours de la p\u00e9riode la plus sombre de leur histoire \u00bb.<\/p><\/blockquote>\n<p>Les organisations ont ajout\u00e9 que la cour donnait ainsi<\/p>\n<blockquote><p>\u00ab son feu vert \u00e0 la poursuite de la perp\u00e9tration de crimes de guerre et \u00e0 la maltraitance des civils de Gaza \u00bb.<\/p><\/blockquote>\n<p>La politique isra\u00e9lienne concernant l&rsquo;aide humanitaire est l&rsquo;un des principaux points d&rsquo;attention de la plainte pour g\u00e9nocide introduite contre l&rsquo;\u00c9tat par l&rsquo;Afrique du Sud \u00e0 la Cour internationale de Justice ainsi que des nouvelles proc\u00e9dures consultatives initi\u00e9es par la cour \u00e0 la demande de l&rsquo;Assembl\u00e9e g\u00e9n\u00e9rale de l&rsquo;ONU.<\/p>\n<p>&nbsp;<\/p>\n<div id=\"attachment_83758\" style=\"width: 910px\" class=\"wp-caption aligncenter\"><img loading=\"lazy\" decoding=\"async\" aria-describedby=\"caption-attachment-83758\" class=\"wp-image-83758 size-full\" src=\"https:\/\/charleroi-pourlapalestine.be\/wp-content\/uploads\/2025\/04\/pal-in-pic-19-e1744198202542.jpg\" alt=\"21 mars. Des enfants jouent dans l'auditorium incendi\u00e9 de l'Universit\u00e9 islamique de Gaza, \u00e0 Gaza m\u00eame. \" width=\"900\" height=\"600\"><p id=\"caption-attachment-83758\" class=\"wp-caption-text\"><strong>21 mars. Des enfants jouent dans l&rsquo;auditorium incendi\u00e9 de l&rsquo;Universit\u00e9 islamique de Gaza, \u00e0 Gaza m\u00eame. (Photo : Omar Ashtawy \/ APA images)<\/strong><\/p><\/div>\n<p>&nbsp;<\/p>\n<p>Ce m\u00eame jour, un travailleur de l&rsquo;ONG World Central Kitchen a \u00e9t\u00e9 tu\u00e9 par une frappe isra\u00e9lienne \u00e0 proximit\u00e9 d&rsquo;un point de distribution de repas.<\/p>\n<blockquote><p>\u00ab Les actes de guerre auxquels nous assistons portent les caract\u00e9ristiques m\u00eames des crimes atroces \u00bb,<\/p><\/blockquote>\n<p>a d\u00e9clar\u00e9 le 28 mars Jens Laerke, porte-parole du bureau de coordination de l&rsquo;aide de l&rsquo;ONU, l&rsquo;OCHA.<\/p>\n<blockquote><p>\u00ab Des centaines d&rsquo;enfants et autres civils ont \u00e9t\u00e9 tu\u00e9s par des frappes isra\u00e9liennes contre des sites m\u00e9dicaux. Des zones tr\u00e8s dens\u00e9ment peupl\u00e9es et des h\u00f4pitaux se muent une fois de plus en champs de bataille, on assassine des patients dans leurs lits, on mitraille des ambulances et on abat des secouristes. \u00bb<\/p><\/blockquote>\n<p>&nbsp;<\/p>\n<h3>Les boulangeries de Gaza forc\u00e9es de fermer<\/h3>\n<p>Le 30 mars, qui marque la comm\u00e9moration annuelle par les Palestiniens de la Journ\u00e9e de la Terre, Netanyahou a fait part de son intention d&rsquo;<\/p>\n<blockquote><p>\u00ab accro\u00eetre la pression \u00bb et de \u00ab continuer de pilonner le Hamas et de cr\u00e9er les conditions optimales afin de lib\u00e9rer nos otages \u00bb.<\/p><\/blockquote>\n<p>Netanyahou a expliqu\u00e9 clairement sa position : \u00ab Le stade final \u00bb d&rsquo;un processus de cessez-le-feu verrait la reddition compl\u00e8te du Hamas et l&rsquo;expulsion de ses dirigeants de Gaza.<\/p>\n<blockquote><p>\u00ab Nous veillerons \u00e0 la s\u00e9curit\u00e9 g\u00e9n\u00e9rale dans la bande de Gaza et nous permettrons la r\u00e9alisation du plan de Trump en vue d&rsquo;une migration volontaire \u00bb,<\/p><\/blockquote>\n<p>a d\u00e9clar\u00e9 Netanyahou.<\/p>\n<blockquote><p>\u00ab Voil\u00e0 le plan ! Nous ne le cachons pas et nous sommes pr\u00eats \u00e0 en discuter \u00e0 tout moment. \u00bb<\/p><\/blockquote>\n<p>&nbsp;<\/p>\n<div id=\"attachment_83759\" style=\"width: 910px\" class=\"wp-caption aligncenter\"><img loading=\"lazy\" decoding=\"async\" aria-describedby=\"caption-attachment-83759\" class=\"wp-image-83759 size-full\" src=\"https:\/\/charleroi-pourlapalestine.be\/wp-content\/uploads\/2025\/04\/pal-in-pic-20-e1744198421983.jpg\" alt=\"22 mars. Les forces d'occupation isra\u00e9liennes op\u00e8rent au cours d'un raid contre le camp de r\u00e9fugi\u00e9s de Tulkarem, en Cisjordanie occup\u00e9e. \" width=\"900\" height=\"600\"><p id=\"caption-attachment-83759\" class=\"wp-caption-text\"><strong>22 mars. Les forces d&rsquo;occupation isra\u00e9liennes op\u00e8rent au cours d&rsquo;un raid contre le camp de r\u00e9fugi\u00e9s de Tulkarem, en Cisjordanie occup\u00e9e.<\/strong> (Photo : Mahmoud Nasser \/ APA images)<\/p><\/div>\n<p>&nbsp;<\/p>\n<p>Les Palestiniens ont \u00e9galement comm\u00e9mor\u00e9 le premier jour de l&rsquo;Eid al-Fitr, la f\u00eate sacr\u00e9e marquant la fin du Ramadan, le 30 mars.<\/p>\n<p>Plus de 50 Palestiniens ont \u00e9t\u00e9 tu\u00e9s et pr\u00e8s de 200 bless\u00e9s par les attaques isra\u00e9liennes le premier jour de l&rsquo;Eid al-Fitr. Le deuxi\u00e8me jour de la f\u00eate, le 31 mars, Isra\u00ebl a \u00e9mis des ordres de d\u00e9placement forc\u00e9 couvrant Rafah, dans le sud de Gaza, et affectant plus de 140 000 personnes.<\/p>\n<p>&nbsp;<\/p>\n<div id=\"attachment_83760\" style=\"width: 910px\" class=\"wp-caption aligncenter\"><img loading=\"lazy\" decoding=\"async\" aria-describedby=\"caption-attachment-83760\" class=\"wp-image-83760 size-full\" src=\"https:\/\/charleroi-pourlapalestine.be\/wp-content\/uploads\/2025\/04\/pal-in-pic-21-e1744198556402.jpg\" alt=\"22 mars. Les corps des membres de la famille al-Mashharawi sont extraits des ruines de leur maison apr\u00e8s qu'elle a \u00e9t\u00e9 cibl\u00e9e par une frappe isra\u00e9lienne au cours de la nuit dans le quartier d'al-Tuffah, dans la partie orientale de la ville de Gaza. (Photo : Yousef Zaanoun \/ ActiveStills)\" width=\"900\" height=\"600\"><p id=\"caption-attachment-83760\" class=\"wp-caption-text\"><strong>22 mars. Les corps des membres de la famille al-Mashharawi sont extraits des ruines de leur maison apr\u00e8s qu&rsquo;elle a \u00e9t\u00e9 cibl\u00e9e par une frappe isra\u00e9lienne au cours de la nuit dans le quartier d&rsquo;al-Tuffah, dans la partie orientale de la ville de Gaza.<\/strong> (Photo : Yousef Zaanoun \/ ActiveStills)<\/p><\/div>\n<p>&nbsp;<\/p>\n<p>Le 1er avril, le Programme alimentaire mondial annon\u00e7ait que la totalit\u00e9 des 25 boulangeries de Gaza soutenues par l&rsquo;agence des Nations unies<\/p>\n<blockquote><p>\u00ab avaient d\u00fb fermer en raison du manque de combustible et de farine \u00bb.<\/p>\n<p>\u00ab Les repas chauds continuent, mais les fournitures tiendront tout au plus deux semaines \u00bb,<\/p><\/blockquote>\n<p>a d\u00e9clar\u00e9 le Programme alimentaire mondial, qui a ajout\u00e9 qu&rsquo;il<\/p>\n<blockquote><p>\u00ab allait distribuer ses derniers colis de vivres au cours des deux prochains jours \u00bb.<\/p><\/blockquote>\n<p>Entre-temps, selon l&rsquo;OCHA, plus de 85 000 tonnes m\u00e9triques de \u00ab marchandises alimentaires, suffisantes pour un ou deux mois, restent en plan en dehors de Gaza \u00bb.<\/p>\n<p>&nbsp;<\/p>\n<h3>Plus de 50 000 tu\u00e9s \u00e0 Gaza<\/h3>\n<p>\u00c0 la date du 31 mars, le ministre de la sant\u00e9 de Gaza a fait \u00e9tat de 1 001 d\u00e9c\u00e8s et de 2 359 bless\u00e9s depuis qu&rsquo;Isra\u00ebl a repris ses attaques \u00e0 grande \u00e9chelle le 18 mars.<\/p>\n<p>Plus de 50 350 personnes \u00e0 Gaza ont \u00e9t\u00e9 tu\u00e9es depuis octobre 2023, et 114 400 autres bless\u00e9es, d&rsquo;apr\u00e8s le minist\u00e8re. Parmi les tu\u00e9s, 31 pour 100 \u00e9taient des enfants, 17 pour 100 des femmes, 44 pour 100 des hommes et 8 pour 100 des personnes \u00e2g\u00e9es.<\/p>\n<p>&nbsp;<\/p>\n<div id=\"attachment_83762\" style=\"width: 910px\" class=\"wp-caption aligncenter\"><img loading=\"lazy\" decoding=\"async\" aria-describedby=\"caption-attachment-83762\" class=\"wp-image-83762 size-full\" src=\"https:\/\/charleroi-pourlapalestine.be\/wp-content\/uploads\/2025\/04\/pal-in-pic-22-e1744198783374.jpg\" alt=\"22 mars. Des enfants d\u00e9plac\u00e9s vivant dans un camp \u00e0 proximit\u00e9 d'une d\u00e9charge, dans la zone de Yarmouk \u00e0 Gaza m\u00eame. \" width=\"900\" height=\"600\"><p id=\"caption-attachment-83762\" class=\"wp-caption-text\"><strong>22 mars. Des enfants d\u00e9plac\u00e9s vivant dans un camp \u00e0 proximit\u00e9 d&rsquo;une d\u00e9charge, dans la zone de Yarmouk \u00e0 Gaza m\u00eame.<\/strong> (Photo : Omar Ashtawy \/ APA images)<\/p><\/div>\n<p>&nbsp;<\/p>\n<div id=\"attachment_83763\" style=\"width: 1207px\" class=\"wp-caption aligncenter\"><img loading=\"lazy\" decoding=\"async\" aria-describedby=\"caption-attachment-83763\" class=\"wp-image-83763 size-full\" src=\"https:\/\/charleroi-pourlapalestine.be\/wp-content\/uploads\/2025\/04\/pal-in-pic-23-e1744198923666.png\" alt=\"Des enfants examinent le site d'une frappe de l'aviation isra\u00e9lienne qui visait la tente de Sala al-Bardawil, un membre du bureau politique du Hamas, et de sa famille \u00e0 Khan Younis (sud de Gaza) le 23 mars. Depuis le 18 mars, plusieurs autres personnalit\u00e9s de l'aile politique du Hamas ont \u00e9t\u00e9 cibl\u00e9es et tu\u00e9es en m\u00eame temps que des membres de leurs familles. \" width=\"1197\" height=\"666\"><p id=\"caption-attachment-83763\" class=\"wp-caption-text\"><strong>Des enfants examinent le site d&rsquo;une frappe de l&rsquo;aviation isra\u00e9lienne qui visait la tente de Sala al-Bardawil, un membre du bureau politique du Hamas, et de sa famille \u00e0 Khan Younis (sud de Gaza) le 23 mars. Depuis le 18 mars, plusieurs autres personnalit\u00e9s de l&rsquo;aile politique du Hamas ont \u00e9t\u00e9 cibl\u00e9es et tu\u00e9es en m\u00eame temps que des membres de leurs familles.<\/strong> (Photo : Doaa Albaz \/ ActiveStills)<\/p><\/div>\n<p>&nbsp;<\/p>\n<p>Sept pour 100 de la population de Gaza ont \u00e9t\u00e9 tu\u00e9s ou bless\u00e9s, estime le Dr Munir al-Bursh, le directeur g\u00e9n\u00e9ral du minist\u00e8re de la sant\u00e9 \u00e0 Gaza.<\/p>\n<blockquote><p>\u00ab Une forte augmentation des patients \u00e0 traumatisme a mis le syst\u00e8me des soins de sant\u00e9 de Gaza sous une immense pression \u00bb,<\/p><\/blockquote>\n<p>a d\u00e9clar\u00e9 l&rsquo;OCHA,<\/p>\n<blockquote><p>\u00ab en m\u00eame temps qu&rsquo;il est n\u00e9cessaire de toute urgence de r\u00e9approvisionner les fournitures de traumatologie, y compris les liquides, les antibiotiques, les fixateurs externes et les unit\u00e9s de sang. \u00bb<\/p><\/blockquote>\n<p>Les livraisons d&rsquo;anesth\u00e9siques existantes \u00e0 Gaza<\/p>\n<blockquote><p>\u00ab ne suffisaient pas \u00e0 couvrir la demande croissante, y compris pour la chirurgie, le travail et l&rsquo;accouchement, la gestion de la douleur et les soins intensifs \u00bb,<\/p><\/blockquote>\n<p>a ajout\u00e9 l&rsquo;OCHA.<\/p>\n<div id=\"attachment_83764\" style=\"width: 910px\" class=\"wp-caption aligncenter\"><img loading=\"lazy\" decoding=\"async\" aria-describedby=\"caption-attachment-83764\" class=\"wp-image-83764 size-full\" src=\"https:\/\/charleroi-pourlapalestine.be\/wp-content\/uploads\/2025\/04\/pal-in-pic-24-e1744199122946.jpg\" alt=\"24 mars, h\u00f4pital Al-Ahli \u00e0 Gaza. Des personnes endeuill\u00e9es se rassemblent pr\u00e8s des corps de leurs \u00eatres chers tu\u00e9s par des frappes isra\u00e9liennes. \" width=\"900\" height=\"600\"><p id=\"caption-attachment-83764\" class=\"wp-caption-text\"><strong>24 mars, h\u00f4pital Al-Ahli \u00e0 Gaza. Des personnes endeuill\u00e9es se rassemblent pr\u00e8s des corps de leurs \u00eatres chers tu\u00e9s par des frappes isra\u00e9liennes.<\/strong> (Photo : Omar Ashtawy \/ APA images)<\/p><\/div>\n<p>&nbsp;<\/p>\n<p>En Cisjordanie, 99 Palestiniens ont \u00e9t\u00e9 tu\u00e9s par les forces isra\u00e9liennes depuis le d\u00e9but de l&rsquo;ann\u00e9e, dont 17 enfants et trois femmes, a d\u00e9clar\u00e9 le bureau de l&rsquo;ONU dans un rapport publi\u00e9 le 27 mars. Plus de la moiti\u00e9 de ces d\u00e9c\u00e8s ont eu lieu<\/p>\n<blockquote><p>\u00ab dans quatre localit\u00e9s seulement, dont les camps de r\u00e9fugi\u00e9s de J\u00e9nine et de Nur Shams \u00bb,<\/p><\/blockquote>\n<p>a ajout\u00e9 l&rsquo;ONU.<\/p>\n<p>&nbsp;<\/p>\n<h3>Les morts en Cisjordanie<\/h3>\n<p>Parmi les personnes tu\u00e9es en Cisjordanie au mois de mars figurait un jeune de 18 ans abattu et tu\u00e9 le 4 mars par les forces isra\u00e9liennes dans le nord de la Cisjordanie apr\u00e8s qu&rsquo;il s&rsquo;\u00e9tait approch\u00e9 arm\u00e9 d&rsquo;un couteau, pr\u00e9tend-on, du check-point de Homesh.<\/p>\n<p>Le m\u00eame jour, selon l&rsquo;OCHA,<\/p>\n<blockquote><p>\u00ab les forces isra\u00e9liennes ont abattu et tu\u00e9 deux Palestiniens dans la ville de J\u00e9nine dans le cadre des op\u00e9rations en cours dans la zone \u00bb.<\/p><\/blockquote>\n<div id=\"attachment_83765\" style=\"width: 910px\" class=\"wp-caption aligncenter\"><img loading=\"lazy\" decoding=\"async\" aria-describedby=\"caption-attachment-83765\" class=\"wp-image-83765 size-full\" src=\"https:\/\/charleroi-pourlapalestine.be\/wp-content\/uploads\/2025\/04\/pal-in-pic-25-e1744199301264.jpg\" alt=\"26 mars, \u00e0 Beit Lahiya, dans le nord de Gaza, au cours d'une manifestation r\u00e9clamant la fin du g\u00e9nocide, un manifestant porte un T-shirt sur lequel on peut lire \u00ab Nous voulons vivre en paix et en s\u00e9curit\u00e9 \u00bb. Malgr\u00e9 les incessants bombardements isra\u00e9liens, d'autres manifestations ont eu lieu \u00e0 Jabaliya et \u00e0 Beit Hanoun, deux villes \u00e9galement situ\u00e9es dans le nord de Gaza. (Photo : Yousef Zaanoun \/ ActiveStills)\" width=\"900\" height=\"600\"><p id=\"caption-attachment-83765\" class=\"wp-caption-text\"><strong>26 mars, \u00e0 Beit Lahiya, dans le nord de Gaza, au cours d&rsquo;une manifestation r\u00e9clamant la fin du g\u00e9nocide, un manifestant porte un T-shirt sur lequel on peut lire <em>\u00ab Nous voulons vivre en paix et en s\u00e9curit\u00e9 \u00bb<\/em>. Malgr\u00e9 les incessants bombardements isra\u00e9liens, d&rsquo;autres manifestations ont eu lieu \u00e0 Jabaliya et \u00e0 Beit Hanoun, deux villes \u00e9galement situ\u00e9es dans le nord de Gaza.<\/strong> (Photo : Yousef Zaanoun \/ ActiveStills)<\/p><\/div>\n<p>&nbsp;<\/p>\n<p>Le bureau de l&rsquo;ONU a ajout\u00e9 :<\/p>\n<blockquote><p>\u00ab Il a \u00e9t\u00e9 dit que l&rsquo;une des personnes tu\u00e9es tentait de rentrer chez elle et que l&rsquo;autre s&rsquo;\u00e9tait engag\u00e9e dans un \u00e9change de coups de feu avec les forces isra\u00e9liennes, qui ont retenu son corps. \u00bb<\/p><\/blockquote>\n<p>\u00c0 J\u00e9nine, le 10 mars, un Palestinien roulant \u00e0 moto a \u00e9t\u00e9 touch\u00e9 et tu\u00e9 par des soldats se d\u00e9pla\u00e7ant \u00e0 bord d&rsquo;un v\u00e9hicule de l&rsquo;arm\u00e9e isra\u00e9lienne.<\/p>\n<p>Le m\u00eame jour, un adolescent de 16 ans a \u00e9t\u00e9 tu\u00e9 par les forces de l&rsquo;Autorit\u00e9 palestinienne, qui l&rsquo;avaient poursuivi<\/p>\n<blockquote><p>\u00ab \u00e0 bord de v\u00e9hicules civils avant de l&rsquo;abattre en le touchant \u00e0 la t\u00eate et \u00e0 la poitrine, et de l&rsquo;arr\u00eater \u00bb,<\/p><\/blockquote>\n<p>d&rsquo;apr\u00e8s l&rsquo;OCHA.<\/p>\n<p>&nbsp;<\/p>\n<div id=\"attachment_83767\" style=\"width: 1810px\" class=\"wp-caption aligncenter\"><img loading=\"lazy\" decoding=\"async\" aria-describedby=\"caption-attachment-83767\" class=\"wp-image-83767 size-full\" src=\"https:\/\/charleroi-pourlapalestine.be\/wp-content\/uploads\/2025\/04\/pal-in-pic-26.jpg\" alt=\"28 mars. Les corps des victimes sont extraits des d\u00e9combres de l'habitation de la famille Awad, suite aux attaques isra\u00e9liennes contre le quartier de Zeitoun \u00e0 Gaza. \" width=\"1800\" height=\"1200\" srcset=\"https:\/\/charleroi-pourlapalestine.be\/wp-content\/uploads\/2025\/04\/pal-in-pic-26.jpg 1800w, https:\/\/charleroi-pourlapalestine.be\/wp-content\/uploads\/2025\/04\/pal-in-pic-26-350x233.jpg 350w, https:\/\/charleroi-pourlapalestine.be\/wp-content\/uploads\/2025\/04\/pal-in-pic-26-700x467.jpg 700w, https:\/\/charleroi-pourlapalestine.be\/wp-content\/uploads\/2025\/04\/pal-in-pic-26-768x512.jpg 768w, https:\/\/charleroi-pourlapalestine.be\/wp-content\/uploads\/2025\/04\/pal-in-pic-26-1536x1024.jpg 1536w\" sizes=\"auto, (max-width: 1800px) 100vw, 1800px\" \/><p id=\"caption-attachment-83767\" class=\"wp-caption-text\"><strong>28 mars. Les corps des victimes sont extraits des d\u00e9combres de l&rsquo;habitation de la famille Awad, suite aux attaques isra\u00e9liennes contre le quartier de Zeitoun \u00e0 Gaza.<\/strong> (Photo : Omar Ashtawy : APA images)<\/p><\/div>\n<div id=\"attachment_83768\" style=\"width: 910px\" class=\"wp-caption aligncenter\"><img loading=\"lazy\" decoding=\"async\" aria-describedby=\"caption-attachment-83768\" class=\"wp-image-83768 size-full\" src=\"https:\/\/charleroi-pourlapalestine.be\/wp-content\/uploads\/2025\/04\/pal-in-pic-27-e1744209134346.jpg\" alt=\"L'uniforme d'un soldat isra\u00e9lien au moment o\u00f9 les colons envahissent Khirbet al-Tawil, une communaut\u00e9 rurale en Cisjordanie. Les forces isra\u00e9liennes ont ordonn\u00e9 aux Palestiniens de se tenir \u00e0 l'\u00e9cart des colons qui venaient empi\u00e9ter sur leurs terres et un militaire a point\u00e9 son fusil sur un photographe d'ActiveStills et sur deux activistes de la solidarit\u00e9. \" width=\"900\" height=\"600\"><p id=\"caption-attachment-83768\" class=\"wp-caption-text\"><strong>L&rsquo;uniforme d&rsquo;un soldat isra\u00e9lien au moment o\u00f9 les colons envahissent Khirbet al-Tawil, une communaut\u00e9 rurale en Cisjordanie. Les forces isra\u00e9liennes ont ordonn\u00e9 aux Palestiniens de se tenir \u00e0 l&rsquo;\u00e9cart des colons qui venaient empi\u00e9ter sur leurs terres et un militaire a point\u00e9 son fusil sur un photographe d&rsquo;ActiveStills et sur deux activistes de la solidarit\u00e9<\/strong>. (Photo : Avishay Mohar \/ ActiveStills)<\/p><\/div>\n<p>&nbsp;<\/p>\n<p>Le 11 mars, quatre Palestiniens, dont une femme, ont \u00e9t\u00e9 tu\u00e9s au cours d&rsquo;un raid isra\u00e9lien contre J\u00e9nine qui a dur\u00e9 10 heures. Le lendemain, un Palestinien est mort apr\u00e8s \u00eatre tomb\u00e9 du toit d&rsquo;un immeuble de cinq \u00e9tages alors qu&rsquo;il fuyait les forces isra\u00e9liennes qui perquisitionnaient un immeuble de J\u00e9rusalem afin de rechercher des Palestiniens d\u00e9nu\u00e9s de permis de travail.<\/p>\n<blockquote><p>\u00ab Derni\u00e8rement, les forces isra\u00e9liennes ont intensifi\u00e9 leurs op\u00e9rations en Isra\u00ebl afin d&rsquo;arr\u00eater les travailleurs palestiniens ne poss\u00e9dant pas les permis de travail requis, et on dit que des centaines d&rsquo;entre eux ont \u00e9t\u00e9 arr\u00eat\u00e9s \u00bb,<\/p><\/blockquote>\n<p>a d\u00e9clar\u00e9 l&rsquo;OCHA.<\/p>\n<div id=\"attachment_83769\" style=\"width: 851px\" class=\"wp-caption aligncenter\"><img loading=\"lazy\" decoding=\"async\" aria-describedby=\"caption-attachment-83769\" class=\"wp-image-83769 size-full\" src=\"https:\/\/charleroi-pourlapalestine.be\/wp-content\/uploads\/2025\/04\/pal-in-pic-28-e1744209445729.jpg\" alt=\"La Palestine en images. Photo : Le 28 mars, \u00e0 Khan Younis, partie sud de Gaza, dans une \u00e9cole de l'UNRWA utilis\u00e9e comme abri pour personnes d\u00e9plac\u00e9es, une famille palestinienne pr\u00e9pare les biscuits traditionnels pour l'Eid al-Fitr, la f\u00eate marquant la fin du Ramadan. \" width=\"841\" height=\"614\"><p id=\"caption-attachment-83769\" class=\"wp-caption-text\"><strong>Le 28 mars, \u00e0 Khan Younis, partie sud de Gaza, dans une \u00e9cole de l&rsquo;UNRWA utilis\u00e9e comme abri pour personnes d\u00e9plac\u00e9es, une famille palestinienne pr\u00e9pare les biscuits traditionnels pour l&rsquo;Eid al-Fitr, la f\u00eate marquant la fin du Ramadan.<\/strong> (Photo : Doaa Albaz \/ APA images)<\/p><\/div>\n<p>&nbsp;<\/p>\n<p>Le 14 mars, selon le bureau de l&rsquo;ONU,<\/p>\n<blockquote><p>\u00ab les forces isra\u00e9liennes ont abattu et tu\u00e9 un adulte palestinien au cours d&rsquo;un raid contre le village de Salem \u00bb,<\/p><\/blockquote>\n<p>dans la zone de Naplouse.<\/p>\n<p>Le 18 mars, dans un caf\u00e9 de Qalqiliya, un Palestinien est mort apr\u00e8s avoir \u00e9t\u00e9 abattu par des forces isra\u00e9liennes en tenues civiles. Le lendemain, un homme \u00e9tait abattu et tu\u00e9 au cours d&rsquo;un raid isra\u00e9lien dans le camp de r\u00e9fugi\u00e9s d&rsquo;Ein Beit al-Mai, toujours dans la zone de Naplouse.<\/p>\n<p>Les corps des deux hommes ont \u00e9t\u00e9 retenus par Isra\u00ebl.<\/p>\n<p>Le 18 mars \u00e9galement, un Palestinien est mort de blessures encourues lors d&rsquo;une attaque \u00e0 main arm\u00e9e men\u00e9e pr\u00e8s de J\u00e9rusalem avec deux autres hommes, attaque au cours de laquelle un colon isra\u00e9lien a \u00e9t\u00e9 tu\u00e9. Deux des trois tireurs palestiniens ont \u00e9t\u00e9 tu\u00e9s sur les lieux m\u00eames par les forces isra\u00e9liennes et le troisi\u00e8me est dans le coma. Il venait d&rsquo;\u00eatre lib\u00e9r\u00e9 le 27 f\u00e9vrier<\/p>\n<blockquote><p>\u00ab dans le cadre de l&rsquo;\u00e9change entre otages et prisonniers de la premi\u00e8re phase du cessez-le-feu de Gaza \u00bb,<\/p><\/blockquote>\n<p>a expliqu\u00e9 l&rsquo;ONU.<\/p>\n<div id=\"attachment_83770\" style=\"width: 910px\" class=\"wp-caption alignnone\"><img loading=\"lazy\" decoding=\"async\" aria-describedby=\"caption-attachment-83770\" class=\"wp-image-83770 size-full\" src=\"https:\/\/charleroi-pourlapalestine.be\/wp-content\/uploads\/2025\/04\/pal-in-pic-29-e1744209685299.jpg\" alt=\"30 mars. Des fid\u00e8les prient lors de l'Eid al-Fitr \u00e0 Jabaliya, dans le nord de Gaza.\" width=\"900\" height=\"600\"><p id=\"caption-attachment-83770\" class=\"wp-caption-text\"><strong>30 mars. Des fid\u00e8les prient lors de l&rsquo;Eid al-Fitr \u00e0 Jabaliya, dans le nord de Gaza.<\/strong> (Photo : Ramy Mahmud \/ APA images)<\/p><\/div>\n<p>&nbsp;<\/p>\n<div id=\"attachment_83771\" style=\"width: 910px\" class=\"wp-caption aligncenter\"><img loading=\"lazy\" decoding=\"async\" aria-describedby=\"caption-attachment-83771\" class=\"wp-image-83771 size-full\" src=\"https:\/\/charleroi-pourlapalestine.be\/wp-content\/uploads\/2025\/04\/pal-in-pic-30-e1744209982383.jpg\" alt=\"La Palestine en images. Photo : 31 mars. Des enfants jouent dans une \u00e9cole du camp de r\u00e9fugi\u00e9s de Jabaliya, dans le nord de Gaza, lors de la f\u00eate de l'Eid al-Fitr.\" width=\"900\" height=\"600\"><p id=\"caption-attachment-83771\" class=\"wp-caption-text\"><strong>31 mars. Des enfants jouent dans une \u00e9cole du camp de r\u00e9fugi\u00e9s de Jabaliya, dans le nord de Gaza, lors de la f\u00eate de l&rsquo;Eid al-Fitr.<\/strong> (Photo : Omar Ashtawy \/ APA images)<\/p><\/div>\n<p>&nbsp;<\/p>\n<p>Le 25 mars, il a \u00e9t\u00e9 dit que l&rsquo;arm\u00e9e isra\u00e9lienne avait utilis\u00e9 un drone explosif \u00e0 l&rsquo;int\u00e9rieur d&rsquo;une boutique de Qalqiliya pour tuer un homme qui avait refus\u00e9 de se rendre. Le lendemain, les forces isra\u00e9liennes avaient abattu et tu\u00e9 un jeune de 18 ans qui, pr\u00e9tendaient-elles, avait lanc\u00e9 des pierres contre des colons au village de Beita, pr\u00e8s de Naplouse. Isra\u00ebl a retenu les corps des deux hommes.<\/p>\n<p>L&rsquo;ONU a ajout\u00e9 que plus de 850 personnes avaient \u00e9t\u00e9 forc\u00e9es de quitter leurs foyers \u00e0 Tulkarem rien qu&rsquo;au cours des deux derni\u00e8res semaines et que, depuis le d\u00e9but de l&rsquo;ann\u00e9e, 431 personnes avaient \u00e9t\u00e9 d\u00e9plac\u00e9es en raison de la d\u00e9molition de leurs habitations sous le pr\u00e9texte qu&rsquo;elles avaient \u00e9t\u00e9 construites sans permis.<\/p>\n<p>Dans un rapport publi\u00e9 le 4 avril, le bureau de l&rsquo;ONU a d\u00e9clar\u00e9 que plus de 280 000 personnes de Gaza avaient \u00e9t\u00e9 d\u00e9plac\u00e9es au cours des deux semaines pr\u00e9c\u00e9dentes, dont 100 000 \u00e0 Rafah, et que le nombre de travailleurs humanitaires tu\u00e9s \u00e9tait d\u00e9sormais de 409.<\/p>\n<p>Jonathan Whittall, le chef par int\u00e9rim de l&rsquo;OCHA en Cisjordanie et \u00e0 Gaza, a d\u00e9clar\u00e9 :<\/p>\n<blockquote><p>\u00ab En tant qu&rsquo;humanitaires (&#8230;) nous ne pouvons tol\u00e9rer que des civils palestiniens soient d\u00e9shumanis\u00e9s au point d&rsquo;\u00eatre en quelque sorte indignes de survivre (&#8230;) et la survie des gens d\u00e9pend d&rsquo;un syst\u00e8me d&rsquo;aide qui est lui-m\u00eame sous attaque. \u00bb<\/p>\n<p>&nbsp;<\/p><\/blockquote>\n<div id=\"attachment_83772\" style=\"width: 877px\" class=\"wp-caption aligncenter\"><img loading=\"lazy\" decoding=\"async\" aria-describedby=\"caption-attachment-83772\" class=\"wp-image-83772 size-full\" src=\"https:\/\/charleroi-pourlapalestine.be\/wp-content\/uploads\/2025\/04\/pal-in-pic-31-e1744210201132.jpg\" alt=\"La Palestine en images. Photo : 31 mars. Les corps de huit param\u00e9dicaux de la Soci\u00e9t\u00e9 du Croissant-Rouge de Palestine tu\u00e9s par les forces isra\u00e9liennes apr\u00e8s qu'on les a retrouv\u00e9s et transf\u00e9r\u00e9s au Complexe m\u00e9dical Nasser \u00e0 Khan Younis. Ces hommes avaient \u00e9t\u00e9 tu\u00e9s le 23 mars alors qu'on les avait envoy\u00e9s dans la zone d'al-Hashasheen de Rafah, dans le sud de Gaza, \u00e0 la suite d'un bombardement isra\u00e9lien. Six autres membres du personnel de secours avaient \u00e9t\u00e9 tu\u00e9s et un param\u00e9dical est toujours port\u00e9 manquant \u00e0 ce jour. \" width=\"867\" height=\"650\"><p id=\"caption-attachment-83772\" class=\"wp-caption-text\"><strong>31 mars. Les corps de huit param\u00e9dicaux de la Soci\u00e9t\u00e9 du Croissant-Rouge de Palestine tu\u00e9s par les forces isra\u00e9liennes apr\u00e8s qu&rsquo;on les a retrouv\u00e9s et transf\u00e9r\u00e9s au Complexe m\u00e9dical Nasser \u00e0 Khan Younis. Ces hommes avaient \u00e9t\u00e9 tu\u00e9s le 23 mars alors qu&rsquo;on les avait envoy\u00e9s dans la zone d&rsquo;al-Hashasheen de Rafah, dans le sud de Gaza, \u00e0 la suite d&rsquo;un bombardement isra\u00e9lien. Six autres membres du personnel de secours avaient \u00e9t\u00e9 tu\u00e9s et un param\u00e9dical est toujours port\u00e9 manquant \u00e0 ce jour.<\/strong> (Photo : Doaa Albaz \/ ActiveStills)<\/p><\/div>\n<p style=\"text-align: center;\">*****<\/p>\n<p>Publi\u00e9 le 7 avril 2025 sur <a href=\"https:\/\/electronicintifada.net\/content\/palestine-pictures-march-2025\/50566\" target=\"_blank\" rel=\"noopener\">The Electronic Intifada<\/a><br \/>\nTraduction : Jean-Marie Fl\u00e9mal, <a href=\"https:\/\/charleroi-pourlapalestine.be\/\">Charleroi pour la Palestine<\/a><\/p>\n","protected":false},"excerpt":{"rendered":"<p>En mars, Isra\u00ebl a rompu le cessez-le-feu dans la bande de Gaza, a tu\u00e9 plus d&rsquo;un millier de personnes tout en refusant l&rsquo;entr\u00e9e de l&rsquo;aide humanitaire et a intensifi\u00e9 son offensive militaire contre les camps de r\u00e9fugi\u00e9s du nord de la Cisjordanie.<\/p>\n","protected":false},"author":1,"featured_media":83772,"comment_status":"closed","ping_status":"closed","sticky":false,"template":"","format":"standard","meta":{"ngg_post_thumbnail":0,"footnotes":""},"categories":[7,6,344,192],"tags":[],"class_list":["post-83730","post","type-post","status-publish","format-standard","has-post-thumbnail","hentry","category-cisjordanie","category-gaza","category-genocide","category-palestine"],"yoast_head":"<!-- This site is optimized with the Yoast SEO plugin v27.3 - https:\/\/yoast.com\/product\/yoast-seo-wordpress\/ -->\n<title>La Palestine en images : mars 2025<\/title>\n<meta name=\"description\" content=\"&quot;La Palestine en images \/ mars 2025&quot; a \u00e9t\u00e9 r\u00e9alis\u00e9 et comment\u00e9 par Maureen Clare Murphy et publi\u00e9 sur le site The Electronic Intifada\" \/>\n<meta name=\"robots\" content=\"index, follow, max-snippet:-1, max-image-preview:large, max-video-preview:-1\" \/>\n<link rel=\"canonical\" href=\"https:\/\/charleroi-pourlapalestine.be\/index.php\/2025\/04\/10\/la-palestine-en-images-mars-2025\/\" \/>\n<script type=\"application\/ld+json\" class=\"yoast-schema-graph\">{\"@context\":\"https:\\\/\\\/schema.org\",\"@graph\":[{\"@type\":\"Article\",\"@id\":\"https:\\\/\\\/charleroi-pourlapalestine.be\\\/index.php\\\/2025\\\/04\\\/10\\\/la-palestine-en-images-mars-2025\\\/#article\",\"isPartOf\":{\"@id\":\"https:\\\/\\\/charleroi-pourlapalestine.be\\\/index.php\\\/2025\\\/04\\\/10\\\/la-palestine-en-images-mars-2025\\\/\"},\"author\":{\"name\":\"admin1873\",\"@id\":\"https:\\\/\\\/charleroi-pourlapalestine.be\\\/#\\\/schema\\\/person\\\/c19ff515112f1299d8c12671d8fe3faa\"},\"headline\":\"La Palestine en images : mars 2025\",\"datePublished\":\"2025-04-10T07:09:31+00:00\",\"mainEntityOfPage\":{\"@id\":\"https:\\\/\\\/charleroi-pourlapalestine.be\\\/index.php\\\/2025\\\/04\\\/10\\\/la-palestine-en-images-mars-2025\\\/\"},\"wordCount\":6592,\"publisher\":{\"@id\":\"https:\\\/\\\/charleroi-pourlapalestine.be\\\/#organization\"},\"image\":{\"@id\":\"https:\\\/\\\/charleroi-pourlapalestine.be\\\/index.php\\\/2025\\\/04\\\/10\\\/la-palestine-en-images-mars-2025\\\/#primaryimage\"},\"thumbnailUrl\":\"https:\\\/\\\/charleroi-pourlapalestine.be\\\/wp-content\\\/uploads\\\/2025\\\/04\\\/pal-in-pic-31-e1744210201132.jpg\",\"articleSection\":[\"Cisjordanie\",\"Gaza\",\"G\u00e9nocide\",\"Palestine\"],\"inLanguage\":\"fr-FR\"},{\"@type\":\"WebPage\",\"@id\":\"https:\\\/\\\/charleroi-pourlapalestine.be\\\/index.php\\\/2025\\\/04\\\/10\\\/la-palestine-en-images-mars-2025\\\/\",\"url\":\"https:\\\/\\\/charleroi-pourlapalestine.be\\\/index.php\\\/2025\\\/04\\\/10\\\/la-palestine-en-images-mars-2025\\\/\",\"name\":\"La Palestine en images : mars 2025\",\"isPartOf\":{\"@id\":\"https:\\\/\\\/charleroi-pourlapalestine.be\\\/#website\"},\"primaryImageOfPage\":{\"@id\":\"https:\\\/\\\/charleroi-pourlapalestine.be\\\/index.php\\\/2025\\\/04\\\/10\\\/la-palestine-en-images-mars-2025\\\/#primaryimage\"},\"image\":{\"@id\":\"https:\\\/\\\/charleroi-pourlapalestine.be\\\/index.php\\\/2025\\\/04\\\/10\\\/la-palestine-en-images-mars-2025\\\/#primaryimage\"},\"thumbnailUrl\":\"https:\\\/\\\/charleroi-pourlapalestine.be\\\/wp-content\\\/uploads\\\/2025\\\/04\\\/pal-in-pic-31-e1744210201132.jpg\",\"datePublished\":\"2025-04-10T07:09:31+00:00\",\"description\":\"\\\"La Palestine en images \\\/ mars 2025\\\" a \u00e9t\u00e9 r\u00e9alis\u00e9 et comment\u00e9 par Maureen Clare Murphy et publi\u00e9 sur le site The Electronic Intifada\",\"breadcrumb\":{\"@id\":\"https:\\\/\\\/charleroi-pourlapalestine.be\\\/index.php\\\/2025\\\/04\\\/10\\\/la-palestine-en-images-mars-2025\\\/#breadcrumb\"},\"inLanguage\":\"fr-FR\",\"potentialAction\":[{\"@type\":\"ReadAction\",\"target\":[\"https:\\\/\\\/charleroi-pourlapalestine.be\\\/index.php\\\/2025\\\/04\\\/10\\\/la-palestine-en-images-mars-2025\\\/\"]}]},{\"@type\":\"ImageObject\",\"inLanguage\":\"fr-FR\",\"@id\":\"https:\\\/\\\/charleroi-pourlapalestine.be\\\/index.php\\\/2025\\\/04\\\/10\\\/la-palestine-en-images-mars-2025\\\/#primaryimage\",\"url\":\"https:\\\/\\\/charleroi-pourlapalestine.be\\\/wp-content\\\/uploads\\\/2025\\\/04\\\/pal-in-pic-31-e1744210201132.jpg\",\"contentUrl\":\"https:\\\/\\\/charleroi-pourlapalestine.be\\\/wp-content\\\/uploads\\\/2025\\\/04\\\/pal-in-pic-31-e1744210201132.jpg\",\"width\":867,\"height\":650},{\"@type\":\"BreadcrumbList\",\"@id\":\"https:\\\/\\\/charleroi-pourlapalestine.be\\\/index.php\\\/2025\\\/04\\\/10\\\/la-palestine-en-images-mars-2025\\\/#breadcrumb\",\"itemListElement\":[{\"@type\":\"ListItem\",\"position\":1,\"name\":\"Accueil\",\"item\":\"https:\\\/\\\/charleroi-pourlapalestine.be\\\/\"},{\"@type\":\"ListItem\",\"position\":2,\"name\":\"La Palestine en images : mars 2025\"}]},{\"@type\":\"WebSite\",\"@id\":\"https:\\\/\\\/charleroi-pourlapalestine.be\\\/#website\",\"url\":\"https:\\\/\\\/charleroi-pourlapalestine.be\\\/\",\"name\":\"Charleroi Pour la Palestine\",\"description\":\"\",\"publisher\":{\"@id\":\"https:\\\/\\\/charleroi-pourlapalestine.be\\\/#organization\"},\"potentialAction\":[{\"@type\":\"SearchAction\",\"target\":{\"@type\":\"EntryPoint\",\"urlTemplate\":\"https:\\\/\\\/charleroi-pourlapalestine.be\\\/?s={search_term_string}\"},\"query-input\":{\"@type\":\"PropertyValueSpecification\",\"valueRequired\":true,\"valueName\":\"search_term_string\"}}],\"inLanguage\":\"fr-FR\"},{\"@type\":\"Organization\",\"@id\":\"https:\\\/\\\/charleroi-pourlapalestine.be\\\/#organization\",\"name\":\"Plate-forme Charleroi-Palestine\",\"url\":\"https:\\\/\\\/charleroi-pourlapalestine.be\\\/\",\"logo\":{\"@type\":\"ImageObject\",\"inLanguage\":\"fr-FR\",\"@id\":\"https:\\\/\\\/charleroi-pourlapalestine.be\\\/#\\\/schema\\\/logo\\\/image\\\/\",\"url\":\"https:\\\/\\\/charleroi-pourlapalestine.be\\\/wp-content\\\/uploads\\\/2020\\\/01\\\/logo-Copy.jpg\",\"contentUrl\":\"https:\\\/\\\/charleroi-pourlapalestine.be\\\/wp-content\\\/uploads\\\/2020\\\/01\\\/logo-Copy.jpg\",\"width\":180,\"height\":180,\"caption\":\"Plate-forme Charleroi-Palestine\"},\"image\":{\"@id\":\"https:\\\/\\\/charleroi-pourlapalestine.be\\\/#\\\/schema\\\/logo\\\/image\\\/\"},\"sameAs\":[\"https:\\\/\\\/www.facebook.com\\\/PlateformeCharleroiPalestine\\\/\",\"https:\\\/\\\/x.com\\\/LaCharleroi\"]},{\"@type\":\"Person\",\"@id\":\"https:\\\/\\\/charleroi-pourlapalestine.be\\\/#\\\/schema\\\/person\\\/c19ff515112f1299d8c12671d8fe3faa\",\"name\":\"admin1873\",\"url\":\"https:\\\/\\\/charleroi-pourlapalestine.be\\\/index.php\\\/author\\\/admin1873\\\/\"}]}<\/script>\n<!-- \/ Yoast SEO plugin. -->","yoast_head_json":{"title":"La Palestine en images : mars 2025","description":"\"La Palestine en images \/ mars 2025\" a \u00e9t\u00e9 r\u00e9alis\u00e9 et comment\u00e9 par Maureen Clare Murphy et publi\u00e9 sur le site The Electronic Intifada","robots":{"index":"index","follow":"follow","max-snippet":"max-snippet:-1","max-image-preview":"max-image-preview:large","max-video-preview":"max-video-preview:-1"},"canonical":"https:\/\/charleroi-pourlapalestine.be\/index.php\/2025\/04\/10\/la-palestine-en-images-mars-2025\/","schema":{"@context":"https:\/\/schema.org","@graph":[{"@type":"Article","@id":"https:\/\/charleroi-pourlapalestine.be\/index.php\/2025\/04\/10\/la-palestine-en-images-mars-2025\/#article","isPartOf":{"@id":"https:\/\/charleroi-pourlapalestine.be\/index.php\/2025\/04\/10\/la-palestine-en-images-mars-2025\/"},"author":{"name":"admin1873","@id":"https:\/\/charleroi-pourlapalestine.be\/#\/schema\/person\/c19ff515112f1299d8c12671d8fe3faa"},"headline":"La Palestine en images : mars 2025","datePublished":"2025-04-10T07:09:31+00:00","mainEntityOfPage":{"@id":"https:\/\/charleroi-pourlapalestine.be\/index.php\/2025\/04\/10\/la-palestine-en-images-mars-2025\/"},"wordCount":6592,"publisher":{"@id":"https:\/\/charleroi-pourlapalestine.be\/#organization"},"image":{"@id":"https:\/\/charleroi-pourlapalestine.be\/index.php\/2025\/04\/10\/la-palestine-en-images-mars-2025\/#primaryimage"},"thumbnailUrl":"https:\/\/charleroi-pourlapalestine.be\/wp-content\/uploads\/2025\/04\/pal-in-pic-31-e1744210201132.jpg","articleSection":["Cisjordanie","Gaza","G\u00e9nocide","Palestine"],"inLanguage":"fr-FR"},{"@type":"WebPage","@id":"https:\/\/charleroi-pourlapalestine.be\/index.php\/2025\/04\/10\/la-palestine-en-images-mars-2025\/","url":"https:\/\/charleroi-pourlapalestine.be\/index.php\/2025\/04\/10\/la-palestine-en-images-mars-2025\/","name":"La Palestine en images : mars 2025","isPartOf":{"@id":"https:\/\/charleroi-pourlapalestine.be\/#website"},"primaryImageOfPage":{"@id":"https:\/\/charleroi-pourlapalestine.be\/index.php\/2025\/04\/10\/la-palestine-en-images-mars-2025\/#primaryimage"},"image":{"@id":"https:\/\/charleroi-pourlapalestine.be\/index.php\/2025\/04\/10\/la-palestine-en-images-mars-2025\/#primaryimage"},"thumbnailUrl":"https:\/\/charleroi-pourlapalestine.be\/wp-content\/uploads\/2025\/04\/pal-in-pic-31-e1744210201132.jpg","datePublished":"2025-04-10T07:09:31+00:00","description":"\"La Palestine en images \/ mars 2025\" a \u00e9t\u00e9 r\u00e9alis\u00e9 et comment\u00e9 par Maureen Clare Murphy et publi\u00e9 sur le site The Electronic Intifada","breadcrumb":{"@id":"https:\/\/charleroi-pourlapalestine.be\/index.php\/2025\/04\/10\/la-palestine-en-images-mars-2025\/#breadcrumb"},"inLanguage":"fr-FR","potentialAction":[{"@type":"ReadAction","target":["https:\/\/charleroi-pourlapalestine.be\/index.php\/2025\/04\/10\/la-palestine-en-images-mars-2025\/"]}]},{"@type":"ImageObject","inLanguage":"fr-FR","@id":"https:\/\/charleroi-pourlapalestine.be\/index.php\/2025\/04\/10\/la-palestine-en-images-mars-2025\/#primaryimage","url":"https:\/\/charleroi-pourlapalestine.be\/wp-content\/uploads\/2025\/04\/pal-in-pic-31-e1744210201132.jpg","contentUrl":"https:\/\/charleroi-pourlapalestine.be\/wp-content\/uploads\/2025\/04\/pal-in-pic-31-e1744210201132.jpg","width":867,"height":650},{"@type":"BreadcrumbList","@id":"https:\/\/charleroi-pourlapalestine.be\/index.php\/2025\/04\/10\/la-palestine-en-images-mars-2025\/#breadcrumb","itemListElement":[{"@type":"ListItem","position":1,"name":"Accueil","item":"https:\/\/charleroi-pourlapalestine.be\/"},{"@type":"ListItem","position":2,"name":"La Palestine en images : mars 2025"}]},{"@type":"WebSite","@id":"https:\/\/charleroi-pourlapalestine.be\/#website","url":"https:\/\/charleroi-pourlapalestine.be\/","name":"Charleroi Pour la Palestine","description":"","publisher":{"@id":"https:\/\/charleroi-pourlapalestine.be\/#organization"},"potentialAction":[{"@type":"SearchAction","target":{"@type":"EntryPoint","urlTemplate":"https:\/\/charleroi-pourlapalestine.be\/?s={search_term_string}"},"query-input":{"@type":"PropertyValueSpecification","valueRequired":true,"valueName":"search_term_string"}}],"inLanguage":"fr-FR"},{"@type":"Organization","@id":"https:\/\/charleroi-pourlapalestine.be\/#organization","name":"Plate-forme Charleroi-Palestine","url":"https:\/\/charleroi-pourlapalestine.be\/","logo":{"@type":"ImageObject","inLanguage":"fr-FR","@id":"https:\/\/charleroi-pourlapalestine.be\/#\/schema\/logo\/image\/","url":"https:\/\/charleroi-pourlapalestine.be\/wp-content\/uploads\/2020\/01\/logo-Copy.jpg","contentUrl":"https:\/\/charleroi-pourlapalestine.be\/wp-content\/uploads\/2020\/01\/logo-Copy.jpg","width":180,"height":180,"caption":"Plate-forme Charleroi-Palestine"},"image":{"@id":"https:\/\/charleroi-pourlapalestine.be\/#\/schema\/logo\/image\/"},"sameAs":["https:\/\/www.facebook.com\/PlateformeCharleroiPalestine\/","https:\/\/x.com\/LaCharleroi"]},{"@type":"Person","@id":"https:\/\/charleroi-pourlapalestine.be\/#\/schema\/person\/c19ff515112f1299d8c12671d8fe3faa","name":"admin1873","url":"https:\/\/charleroi-pourlapalestine.be\/index.php\/author\/admin1873\/"}]}},"_links":{"self":[{"href":"https:\/\/charleroi-pourlapalestine.be\/index.php\/wp-json\/wp\/v2\/posts\/83730","targetHints":{"allow":["GET"]}}],"collection":[{"href":"https:\/\/charleroi-pourlapalestine.be\/index.php\/wp-json\/wp\/v2\/posts"}],"about":[{"href":"https:\/\/charleroi-pourlapalestine.be\/index.php\/wp-json\/wp\/v2\/types\/post"}],"author":[{"embeddable":true,"href":"https:\/\/charleroi-pourlapalestine.be\/index.php\/wp-json\/wp\/v2\/users\/1"}],"replies":[{"embeddable":true,"href":"https:\/\/charleroi-pourlapalestine.be\/index.php\/wp-json\/wp\/v2\/comments?post=83730"}],"version-history":[{"count":0,"href":"https:\/\/charleroi-pourlapalestine.be\/index.php\/wp-json\/wp\/v2\/posts\/83730\/revisions"}],"wp:featuredmedia":[{"embeddable":true,"href":"https:\/\/charleroi-pourlapalestine.be\/index.php\/wp-json\/wp\/v2\/media\/83772"}],"wp:attachment":[{"href":"https:\/\/charleroi-pourlapalestine.be\/index.php\/wp-json\/wp\/v2\/media?parent=83730"}],"wp:term":[{"taxonomy":"category","embeddable":true,"href":"https:\/\/charleroi-pourlapalestine.be\/index.php\/wp-json\/wp\/v2\/categories?post=83730"},{"taxonomy":"post_tag","embeddable":true,"href":"https:\/\/charleroi-pourlapalestine.be\/index.php\/wp-json\/wp\/v2\/tags?post=83730"}],"curies":[{"name":"wp","href":"https:\/\/api.w.org\/{rel}","templated":true}]}}