{"id":83856,"date":"2025-04-14T13:45:33","date_gmt":"2025-04-14T11:45:33","guid":{"rendered":"https:\/\/charleroi-pourlapalestine.be\/?p=83856"},"modified":"2025-04-17T16:04:36","modified_gmt":"2025-04-17T14:04:36","slug":"le-hamas-lance-une-affaire-juridique-sans-precedent-en-grande-bretagne","status":"publish","type":"post","link":"https:\/\/charleroi-pourlapalestine.be\/index.php\/2025\/04\/14\/le-hamas-lance-une-affaire-juridique-sans-precedent-en-grande-bretagne\/","title":{"rendered":"Le Hamas lance une affaire juridique sans pr\u00e9c\u00e9dent en Grande-Bretagne (1)"},"content":{"rendered":"<p>Le Hamas lance une affaire juridique sans pr\u00e9c\u00e9dent en Grande-Bretagne en demandant au gouvernement d&rsquo;annuler sa d\u00e9signation de terrorisme.<br \/>\n<strong>Dans un dossier juridique, un fondateur du Hamas affirme que l&rsquo;organisation a le droit de recourir \u00e0 la r\u00e9sistance arm\u00e9e afin d&rsquo;en arriver \u00e0 la lib\u00e9ration de la Palestine \u2013 et que la Grande-Bretagne r\u00e9prime tout d\u00e9bat honn\u00eate \u00e0 propos de ses buts.<\/strong><\/p>\n<p>&nbsp;<\/p>\n<div id=\"attachment_83858\" style=\"width: 874px\" class=\"wp-caption aligncenter\"><img loading=\"lazy\" decoding=\"async\" aria-describedby=\"caption-attachment-83858\" class=\"wp-image-83858 size-full\" src=\"https:\/\/charleroi-pourlapalestine.be\/wp-content\/uploads\/2025\/04\/Mousa-Abu-Marzouk.jpg\" alt=\"Mousa Abu Marzouk\" width=\"864\" height=\"486\" srcset=\"https:\/\/charleroi-pourlapalestine.be\/wp-content\/uploads\/2025\/04\/Mousa-Abu-Marzouk.jpg 864w, https:\/\/charleroi-pourlapalestine.be\/wp-content\/uploads\/2025\/04\/Mousa-Abu-Marzouk-350x197.jpg 350w, https:\/\/charleroi-pourlapalestine.be\/wp-content\/uploads\/2025\/04\/Mousa-Abu-Marzouk-700x394.jpg 700w, https:\/\/charleroi-pourlapalestine.be\/wp-content\/uploads\/2025\/04\/Mousa-Abu-Marzouk-768x432.jpg 768w\" sizes=\"auto, (max-width: 864px) 100vw, 864px\" \/><p id=\"caption-attachment-83858\" class=\"wp-caption-text\">Mousa Abu Marzouk<\/p><\/div>\n<p>Dans un dossier juridique extraordinaire soumis mercredi \u00e0 Londres, le Hamas a affirm\u00e9 que le gouvernement britannique devrait annuler sa d\u00e9signation du mouvement en tant qu&rsquo;organisation terroriste proscrite et reconna\u00eetre au contraire son r\u00f4le l\u00e9gitime en tant que mouvement palestinien de r\u00e9sistance engag\u00e9 dans un combat pour l&rsquo;autod\u00e9termination et la lib\u00e9ration. Un haut dirigeant politique du Hamas a rejet\u00e9 les all\u00e9gations disant que le mouvement \u00e9tait une organisation terroriste antis\u00e9mite ; il a affirm\u00e9 que le Hamas ne posait aucune menace pour les nations occidentales et il pr\u00e9tend en outre que l&rsquo;organisation politique ne s&rsquo;est jamais engag\u00e9e dans une op\u00e9ration arm\u00e9e en dehors des limites de la Palestine historique.<\/p>\n<blockquote><p>\u00ab Le Hamas n&rsquo;a rien d&rsquo;une organisation terroriste. C&rsquo;est un mouvement islamique palestinien de lib\u00e9ration et de r\u00e9sistance dont le but est de lib\u00e9rer la Palestine et de s&rsquo;opposer au projet sioniste \u00bb,<\/p><\/blockquote>\n<p>\u00e9crivait <strong>Mousa Abu Marzouk<\/strong> \u2013 principal responsable des relations internationales pour le Hamas et demandeur de la r\u00e9clamation aupr\u00e8s du ministre de l&rsquo;Int\u00e9rieur du Royaume-Uni \u2013 dans une d\u00e9claration de t\u00e9moin sign\u00e9e et soumise \u00e0 Drop Site.<\/p>\n<blockquote><p>\u00ab Nous regardons \u00e9galement vers l&rsquo;ext\u00e9rieur afin de puiser l&rsquo;inspiration dans la glorieuse tradition de tous ces peuples qui ont r\u00e9sist\u00e9 au colonialisme, \u00e0 l&rsquo;occupation et \u00e0 l&rsquo;imp\u00e9rialisme au nom de la justice, de la dignit\u00e9 et de l&rsquo;\u00e9galit\u00e9 entre les hommes \u00bb,<\/p><\/blockquote>\n<p>faisant ainsi allusion aux luttes historiques contre le colonialisme et l&rsquo;imp\u00e9rialisme dans le monde entier. Le r\u00e9sum\u00e9 juridique pr\u00e9par\u00e9 par les avocats repr\u00e9sentant le Hamas met en exergue le <strong>Congr\u00e8s national africain (ANC<\/strong>) en Afrique du Sud ainsi que <strong>le Sinn F\u00e9in<\/strong> et <strong>l&rsquo;Arm\u00e9e r\u00e9publicaine irlandaise (IRA)<\/strong> en Irlande comme analogues historiques du Hamas et du combat pour la lib\u00e9ration de la Palestine.<\/p>\n<p>Marzouk a accus\u00e9 le fait que le Hamas avait \u00e9t\u00e9 soumis \u00e0 une campagne de calomnie concert\u00e9e \u00e0 propos de sa position officielle, y compris son soutien \u00e0 un \u00c9tat palestinien d\u00e9fini par les fronti\u00e8res qui existaient avant l&rsquo;invasion et l&rsquo;occupation par Isra\u00ebl de la Cisjordanie, de Gaza et de J\u00e9rusalem-Est en juin 1967 \u2013 et la violente campagne d&rsquo;annexion de la terre palestinienne qui a suivi et qui se poursuit encore \u00e0 ce jour.<\/p>\n<blockquote><p>\u00ab La d\u00e9cision du gouvernement britannique de proscrire le Hamas est une d\u00e9cision injuste, symptomatique de son soutien ind\u00e9fectible au sionisme, \u00e0 l&rsquo;apartheid, \u00e0 l&rsquo;occupation et au nettoyage ethnique de la Palestine depuis plus d&rsquo;un si\u00e8cle \u00bb,<\/p><\/blockquote>\n<p>a ajout\u00e9 Marzouk.<\/p>\n<blockquote><p>\u00ab Le Hamas ne pose pas ni n&rsquo;a jamais pos\u00e9 de menace pour la Grande-Bretagne, malgr\u00e9 la complicit\u00e9 en cours de cette derni\u00e8re dans le g\u00e9nocide perp\u00e9tr\u00e9 contre notre peuple. C&rsquo;est peut-\u00eatre par culpabilit\u00e9 coloniale que la Grande-Bretagne craint qu&rsquo;un jour ceux qu&rsquo;elle opprime ne ripostent contre les sponsors de l&rsquo;entit\u00e9 sioniste. La Grande-Bretagne ne devrait pas \u00e9prouver une telle crainte. \u00bb<\/p><\/blockquote>\n<p>Le Hamas a engag\u00e9 une liste d&rsquo;avocats britanniques afin de repr\u00e9senter son appel au ministre britannique de l&rsquo;Int\u00e9rieur et de contester la d\u00e9signation de terrorisme impos\u00e9e au mouvement, laquelle est entr\u00e9e en vigueur en 2021. Le gouvernement britannique avait d\u00e9sign\u00e9 les <strong>Brigades Qassam<\/strong>, l&rsquo;aile arm\u00e9e du Hamas, une organisation proscrite en 2001, mais pas le mouvement politique dans son ensemble. Quand il a officiellement ajout\u00e9 en 2021 le Hamas \u00e0 la liste des organisations d\u00e9sign\u00e9es comme terroristes, le minist\u00e8re britannique de l&rsquo;Int\u00e9rieur a affirm\u00e9 :<\/p>\n<blockquote><p>\u00ab Le gouvernement estime aujourd&rsquo;hui que l&rsquo;approche de la distinction entre les diverses parties du Hamas est artificielle. Le Hamas est une organisation terroriste complexe, mais c&rsquo;est une seule et m\u00eame organisation. \u00bb<\/p><\/blockquote>\n<p>Dans un document fourni \u00e0 <em>Drop Site News<\/em> et qui r\u00e9sume ses arguments juridiques, l&rsquo;\u00e9quipe des avocats du Hamas a fait remarquer qu&rsquo;elle repr\u00e9sentait le groupe pro bono (\u00e0 titre b\u00e9n\u00e9vole), parce qu&rsquo;accepter une r\u00e9mun\u00e9ration serait ill\u00e9gal dans le cadre des lois britanniques.<\/p>\n<blockquote><p>\u00ab Le Hamas ne nie pas que ses actions s&rsquo;inscrivent dans la d\u00e9finition \u00e9largie du &lsquo;terrorisme&rsquo;, conform\u00e9ment \u00e0 la Loi de 2000 sur le terrorisme \u00bb,<\/p><\/blockquote>\n<p>ont affirm\u00e9 les avocats.<\/p>\n<blockquote><p>\u00ab Au lieu de cela, il fait remarquer que la d\u00e9finition couvre \u00e9galement tous les groupes et organisations dans le monde qui recourent \u00e0 la violence afin de r\u00e9aliser des objectifs politiques, y compris les forces arm\u00e9es isra\u00e9liennes, l&rsquo;arm\u00e9e ukrainienne et, bien s\u00fbr, les forces arm\u00e9es britanniques. \u00bb<\/p><\/blockquote>\n<p>Le Hamas est repr\u00e9sent\u00e9 au Royaume-Uni par la firme <em>Riverway Law<\/em>, qui a engag\u00e9 deux avocats britanniques exp\u00e9riment\u00e9s en vue de pr\u00e9senter les arguments juridiques qui permettront de radier le Hamas de la liste des organisations terroristes.<\/p>\n<blockquote><p>\u00ab La demande vient dans un contexte qui, de certaines fa\u00e7ons, est on ne peut plus \u00e9vident. Le contexte, c&rsquo;est qu&rsquo;Isra\u00ebl semble devenu un \u00c9tat voyou et que son id\u00e9ologie, le sionisme, est devenue toxique \u00bb,<\/p><\/blockquote>\n<p>a d\u00e9clar\u00e9 Franck Magennis, l&rsquo;avocat qui pr\u00e9sente le dossier \u00e0 la ministre de l&rsquo;Int\u00e9rieur Yvette Cooper.<\/p>\n<blockquote><p>\u00ab Le prix de votre association avec le gouvernement isra\u00e9lien devient bien trop \u00e9lev\u00e9, m\u00eame pour ses alli\u00e9s les plus fid\u00e8les. Et m\u00eame si, au sens strict, cela ne devrait pas affecter l&rsquo;analyse juridique \u2013 la ministre devrait consid\u00e9rer la demande selon ses m\u00e9rites \u2013, il est clair qu&rsquo;elle dispose d&rsquo;une discr\u00e9tion extr\u00eamement large \u00e0 propos de qui elle d\u00e9cide ou pas d&rsquo;ajouter \u00e0 la liste des organisations proscrites \u00bb,<\/p><\/blockquote>\n<p>a expliqu\u00e9 Magennis \u00e0 Drop Site.<\/p>\n<blockquote><p>\u00ab Il y a tout lieu de croire qu&rsquo;elle trouvera les arguments persuasifs et que, par cons\u00e9quent, elle accueillera favorablement la demande. \u00bb<\/p><\/blockquote>\n<p>Dans leur r\u00e9sum\u00e9 de l&rsquo;affaire, les avocats du Hamas affirment que la Grande-Bretagne a le devoir l\u00e9gal d&#8217;emp\u00eacher le g\u00e9nocide et les crimes contre l&rsquo;humanit\u00e9 et d\u2019\u0153uvrer \u00e0 mettre un terme \u00e0 l&rsquo;occupation par Isra\u00ebl des territoires palestiniens occup\u00e9s.<\/p>\n<blockquote><p>\u00ab La proscription est contraire aux obligations de la Grande-Bretagne en vertu des lois internationales \u00bb,<\/p><\/blockquote>\n<p>ont \u00e9crit les avocats.<\/p>\n<blockquote><p>\u00ab Le Hamas est la seule force militaire r\u00e9elle qui r\u00e9siste \u2013 tout en cherchant \u00e0 les faire cesser et \u00e0 les emp\u00eacher \u2013 aux actes en cours de g\u00e9nocide et de crimes contre l&rsquo;humanit\u00e9 commis par l&rsquo;\u00c9tat sioniste contre les Palestiniens de Gaza. Le maintien de son interdiction entrave \u00e0 dessein \u2013 et, quoi qu&rsquo;il en soit, il le fait de fa\u00e7on pratique \u2013 les efforts du peuple palestinien en vue de recourir \u00e0 la force militaire pour faire cesser et emp\u00eacher ces actes de g\u00e9nocide en cours. \u00bb<\/p><\/blockquote>\n<p>Les avocats du Hamas ont \u00e9galement pr\u00e9tendu que la d\u00e9signation en tant qu&rsquo;organisation terroriste avait \u00e9touff\u00e9 tout d\u00e9bat honn\u00eate \u00e0 propos des objectifs et actions du Hamas, parce que, dans le cadre des politiques du gouvernement britannique, tout discours qui soutient de fa\u00e7on manifeste une organisation terroriste est effectivement criminalis\u00e9.<\/p>\n<blockquote><p>\u00ab Plut\u00f4t que de permettre la libert\u00e9 d&rsquo;expression, la police s&rsquo;est embarqu\u00e9e dans une campagne d&rsquo;intimidation politique et de poursuites \u00e0 l&rsquo;encontre des journalistes, universitaires, activistes de la paix et \u00e9tudiants \u00e0 propos de leur soutien per\u00e7u au Hamas \u00bb,<\/p><\/blockquote>\n<p>ont affirm\u00e9 les avocats.<\/p>\n<blockquote><p>\u00ab Les gens en Grande-Bretagne doivent \u00eatre libres de s&rsquo;exprimer sur le Hamas et sur son combat en vue de rendre au peuple palestinien son droit \u00e0 l&rsquo;autod\u00e9termination. \u00bb<\/p><\/blockquote>\n<p>Magennis affirme :<\/p>\n<blockquote><p>\u00ab M\u00eame si le gouvernement britannique veut essayer de restreindre le discours du Hamas m\u00eame, il est possible de soutenir la demande sans soutenir l&rsquo;organisation, parce que vous pensez que l&rsquo;actuel r\u00e9gime de proscription emp\u00eache les gens de parler plus ouvertement de ce \u00e0 quoi pourrait ressembler une solution pacifique et nuanc\u00e9e. \u00bb<\/p><\/blockquote>\n<p>La ministre de l&rsquo;Int\u00e9rieur du Royaume-Uni dispose de 90 jours pour r\u00e9pondre \u00e0 la requ\u00eate du Hamas. Si Cooper la rejette \u2013 et maintient la d\u00e9signation de terrorisme \u00e0 l&rsquo;encontre de l&rsquo;organisation politique \u2013 l&rsquo;affaire devrait aller en appel devant un tribunal. Le proc\u00e8s juridique qui s&rsquo;ensuivrait pourrait toujours inverser la d\u00e9signation.<\/p>\n<p>&nbsp;<\/p>\n<h3>Un consensus national<\/h3>\n<p>Marzouk \u00e9tait l&rsquo;un des fondateurs du Hamas en 1987 et il est une personnalit\u00e9 de pointe du mouvement. Il est n\u00e9 en 1951 comme r\u00e9fugi\u00e9 \u00e0 Rafah, dans la bande de Gaza, apr\u00e8s que sa famille avait \u00e9t\u00e9 d\u00e9plac\u00e9e de force de ses terres en 1948.<\/p>\n<blockquote><p>\u00ab Mes parents ont \u00e9t\u00e9 forc\u00e9s de s&rsquo;enfuir de Yibna lors de la Nakba en 1948 \u00bb,<\/p><\/blockquote>\n<p>\u00e9crit-il dans sa d\u00e9claration de t\u00e9moin.<\/p>\n<blockquote><p>\u00ab En raison des violences s\u00e9v\u00e8res perp\u00e9tr\u00e9es par les soldats sionistes de la <strong>colonisation,<\/strong> ma ville natale a \u00e9t\u00e9 transform\u00e9e en une ville palestinienne d\u00e9peupl\u00e9e dont les ruines sont situ\u00e9es au sud-est de la ville moderne de &lsquo;Yavne&rsquo;. \u00bb<\/p><\/blockquote>\n<p>Ing\u00e9nieur de m\u00e9tier d\u00e9tenteur d&rsquo;un master de l&rsquo;Universit\u00e9 du Colorado, il a re\u00e7u son doctorat \u00e0 Louisiana Tech en 1991, l&rsquo;ann\u00e9e m\u00eame o\u00f9 il a \u00e9t\u00e9 \u00e9lu pr\u00e9sident du bureau politique du Hamas. En 2004, Marzouk et deux autres personnes ont \u00e9t\u00e9 arr\u00eat\u00e9s puis condamn\u00e9s aux \u00c9tats-Unis par un grand jury f\u00e9d\u00e9ral pour avoir financ\u00e9 ill\u00e9galement une organisation terroriste. Dans sa d\u00e9claration adress\u00e9e \u00e0 la ministre britannique de l&rsquo;Int\u00e9rieur et qui accompagnait les m\u00e9moires juridiques, Marzouk disait qu&rsquo;il d\u00e9posait la plainte dans l&rsquo;affaire de d\u00e9proscription du terrorisme au nom du Hamas.<br \/>\nDans sa d\u00e9claration, Marzouk invoquait le colonialisme britannique dans la Palestine historique et il identifiait le r\u00f4le de la Grande-Bretagne dans l&rsquo;instauration par la violence de l&rsquo;\u00c9tat isra\u00e9lien en territoire palestinien. Il d\u00e9crivait l&rsquo;actuel soutien du Royaume-Uni \u00e0 la guerre g\u00e9nocidaire d&rsquo;Isra\u00ebl contre Gaza comme une extension contemporaine moderne des politiques du pass\u00e9.<\/p>\n<blockquote><p>\u00ab Nous consid\u00e9rons ce qui suit comme nul et non avenu : la D\u00e9claration Balfour, le Mandat britannique sur la Palestine, la R\u00e9solution de partition de la Palestine par l&rsquo;ONU et toutes les r\u00e9solutions et mesures d\u00e9rivant des pr\u00e9c\u00e9dentes ou qui leur sont similaires. L&rsquo;\u00e9tablissement d\u00a0\u00bbIsra\u00ebl&rsquo; est une grave erreur historique, contraire aux droits inali\u00e9nables du peuple palestinien \u00bb,<\/p><\/blockquote>\n<p>\u00e9crivait-il.<\/p>\n<blockquote><p>\u00ab Il n&rsquo;est gu\u00e8re surprenant que l&rsquo;\u00c9tat britannique continue de d\u00e9fendre le colonisateur g\u00e9nocidaire sioniste tout en interdisant les organisations comme la n\u00f4tre qui luttent pour affirmer la dignit\u00e9 palestinienne. Le Hamas est un mouvement de r\u00e9sistance qui \u2013 \u00e0 l&rsquo;instar de tout peuple qui a combattu pour affirmer sa dignit\u00e9 face au capitalisme colonial europ\u00e9en et nord-am\u00e9ricain \u2013 lib\u00e9rera notre peuple palestinien colonis\u00e9 en d\u00e9pit du gouvernement britannique, et non gr\u00e2ce \u00e0 lui. \u00bb<\/p><\/blockquote>\n<p>Marzouk pr\u00e9tendait que le Hamas avait \u00e9t\u00e9 tax\u00e9 d&rsquo;antis\u00e9mitisme dans le cadre d&rsquo;une campagne de calomnie s&rsquo;\u00e9tendant sur plusieurs d\u00e9cennies et visant \u00e0 d\u00e9l\u00e9gitimer non seulement le Hamas, mais \u00e9galement la lutte historique pour l&rsquo;autod\u00e9termination palestinienne.<\/p>\n<blockquote><p>\u00ab Notre lutte n&rsquo;est pas contre le peuple juif \u00e0 cause de sa religion, mais contre les sionistes qui occupent la Palestine. Pourtant, ce sont les sionistes qui identifient constamment le juda\u00efsme et le peuple juif \u00e0 leur propre projet colonial et \u00e0 leur entit\u00e9 ill\u00e9gale \u00bb,<\/p><\/blockquote>\n<p>\u00e9crivait-il.<\/p>\n<blockquote><p>\u00ab Nous reconnaissons et appr\u00e9cions la solidarit\u00e9 t\u00e9moign\u00e9e \u00e0 notre peuple et \u00e0 notre lutte par de nombreux juifs du monde entier, y compris en &lsquo;Isra\u00ebl&rsquo;, et dont la position contre le sionisme d\u00e9nonce le dangereux mensonge qui confond le juda\u00efsme et le sionisme. \u00bb<\/p><\/blockquote>\n<p>Historiquement, le Hamas a adopt\u00e9 la position selon laquelle Isra\u00ebl est une entit\u00e9 coloniale ill\u00e9gitime qui n&rsquo;a pas le droit de coloniser la moindre parcelle de terre de la Palestine historique saisie par la fondation d&rsquo;Isra\u00ebl durant la campagne de la Nakba de d\u00e9placement forc\u00e9 par la violence en 1948. Marzouk a r\u00e9it\u00e9r\u00e9 cette position dans son dossier judiciaire.<\/p>\n<blockquote><p>\u00ab Nous ne reconna\u00eetrons jamais la l\u00e9gitimit\u00e9 de l&rsquo;entit\u00e9 sioniste ni son &lsquo;droit \u00e0 l&rsquo;existence&rsquo;, un concept qui n&rsquo;a aucun fondement aux yeux du droit international. C&rsquo;est vous et l&rsquo;entit\u00e9 sioniste qui continuez de refuser \u00e0 notre peuple le droit d&rsquo;exister \u00bb,<\/p><\/blockquote>\n<p>a-t-il affirm\u00e9.<\/p>\n<blockquote><p>\u00ab Le Hamas croit que pas une seule partie de la terre de Palestine ne sera compromise ou c\u00e9d\u00e9e, qu&rsquo;importe les causes, les circonstances et les pressions et qu&rsquo;importe la longueur de l&rsquo;occupation. Le Hamas rejette toute alternative \u00e0 la lib\u00e9ration enti\u00e8re et compl\u00e8te de la Palestine, du fleuve \u00e0 la mer. \u00bb<\/p><\/blockquote>\n<p>Il a \u00e9galement rejet\u00e9 toute possibilit\u00e9 de d\u00e9militarisation des forces palestiniennes en disant :<\/p>\n<blockquote><p>\u00ab La r\u00e9sistance et le djihad pour la lib\u00e9ration de la Palestine resteront un droit l\u00e9gitime, un devoir et un honneur pour tous les fils et filles de notre peuple et de notre Ummah. \u00bb<\/p><\/blockquote>\n<p>Ces derni\u00e8res ann\u00e9es, le Hamas a indiqu\u00e9 qu&rsquo;il ne ferait pas obstacle \u00e0 l&rsquo;acceptation d&rsquo;un \u00c9tat palestinien ind\u00e9pendant dans les fronti\u00e8res d&rsquo;avant la guerre de 1967, ce qui \u00e9quivaudrait effectivement \u00e0 reconna\u00eetre \u00e0 Isra\u00ebl le contr\u00f4le d&rsquo;importantes parties de la Palestine historique \u2013 ce \u00e0 quoi on fait habituellement r\u00e9f\u00e9rence dans la solution \u00e0 deux \u00c9tats \u2013 une position que Marzouk a r\u00e9it\u00e9r\u00e9e dans son dossier.<\/p>\n<blockquote><p>\u00ab Sans compromettre son rejet de l&rsquo;entit\u00e9 sioniste et sans renoncer \u00e0 un seul des droits palestiniens \u00bb,<\/p><\/blockquote>\n<p>affirme Marzouk,<\/p>\n<blockquote><p>\u00ab le Hamas consid\u00e8re l&rsquo;\u00e9tablissement d&rsquo;un \u00c9tat palestinien enti\u00e8rement souverain et ind\u00e9pendant, avec J\u00e9rusalem comme capitale le long de la ligne de cessez-le-feu du 4 juin 1967, avec le retour des r\u00e9fugi\u00e9s et des personnes d\u00e9plac\u00e9es de leurs foyers dont elles ont \u00e9t\u00e9 expuls\u00e9es, comme une formule de consensus national. \u00bb<\/p><\/blockquote>\n<p>Il poursuivait :<\/p>\n<blockquote><p>\u00ab La lutte palestinienne ne concerne pas que la terre ; elle veut la dignit\u00e9 et la libert\u00e9 de notre peuple. La dignit\u00e9 et les droits de toutes les personnes vivant en Palestine doivent constituer le fondement de toute solution juste au conflit. \u00bb<\/p><\/blockquote>\n<p>Il a bl\u00e2m\u00e9 Isra\u00ebl parce qu&rsquo;il recourait en m\u00eame temps \u00e0 des moyens diplomatiques et militaires pour bloquer une r\u00e9solution durable.<\/p>\n<blockquote><p>\u00ab En de nombreuses occasions, en plus de deux d\u00e9cennies, le Hamas a propos\u00e9 une hudnah ou une tr\u00eave \u00e0 long terme, sur cette base \u00bb,<\/p><\/blockquote>\n<p>a affirm\u00e9 Marzouk.<\/p>\n<blockquote><p>\u00ab Sa bonne volont\u00e9 a \u00e9t\u00e9 abus\u00e9e par les sionistes, qui ont assassin\u00e9 des membres de sa direction afin de saper ce genre d&rsquo;efforts. \u00bb<\/p><\/blockquote>\n<p>Alors qu&rsquo;Isra\u00ebl a un interminable palmar\u00e8s dans l&rsquo;assassinat de dirigeants palestiniens, dont bon nombre du Hamas, la d\u00e9claration de Marzouk constitue en partie une r\u00e9f\u00e9rence \u00e0 l&rsquo;assassinat par Isra\u00ebl du dirigeant du Hamas, <strong>Ahmed Jabari<\/strong>, lors d&rsquo;une frappe cibl\u00e9e en 2012. Personnalit\u00e9 importante dans la consolidation du pouvoir du Hamas dans la bande de Gaza, Jabari \u00e9tait un des principaux commandants des <strong>Brigades Qassam<\/strong> et l&rsquo;un des architectes de la capture du soldat isra\u00e9lien <strong>Gilad Shalit<\/strong> en juin 2006. En 2011, dans un accord largement n\u00e9goci\u00e9 par le militant pacifiste et m\u00e9diateur isra\u00e9lien Gershon Baskin, Shalit \u00e9tait lib\u00e9r\u00e9 de captivit\u00e9 et \u00e9chang\u00e9 contre plus d&rsquo;un millier de prisonniers palestiniens, dont le futur chef du Hamas, <strong>Yahya Sinwar<\/strong>. Apr\u00e8s l&rsquo;assassinat de Jabari en 2012, Baskin avait r\u00e9v\u00e9l\u00e9 qu&rsquo;il venait de pr\u00e9senter \u00e0 Jabari une proposition compl\u00e8te de cessez-le-feu permanent quand Isra\u00ebl avait bombard\u00e9 la voiture qui transportait Jabari.<\/p>\n<blockquote><p>\u00ab Je pense qu&rsquo;ils ont commis une erreur strat\u00e9gique \u00bb,<\/p><\/blockquote>\n<p>avait d\u00e9clar\u00e9 Baskin \u00e0 Haaretz \u00e0 l&rsquo;\u00e9poque. Il avait dit qu&rsquo;il s&rsquo;agissait d&rsquo;une erreur<\/p>\n<blockquote><p>\u00ab qui allait co\u00fbter la vie \u00e0 un grand nombre de personnes innocentes dans les deux camps \u00bb.<\/p><\/blockquote>\n<p>Et il avait ajout\u00e9 :<\/p>\n<blockquote><p>\u00ab Avec chaque personne qui perd la vie, nous engendrons la prochaine g\u00e9n\u00e9ration de gens qui nous ha\u00efront et de terroristes. \u00bb<\/p><\/blockquote>\n<p>Depuis que le Hamas a gagn\u00e9 les \u00e9lections palestiniennes en 2006, Isra\u00ebl a maintes fois assassin\u00e9 ses dirigeants politiques \u2013 les responsables m\u00eames avec l&rsquo;autorit\u00e9 et la cr\u00e9dibilit\u00e9 n\u00e9cessaires pour n\u00e9gocier un accord de paix complet. Tout r\u00e9cemment, Isra\u00ebl a assassin\u00e9 l&rsquo;ancien Premier ministre palestinien<strong> Isma\u00efl Haniyeh<\/strong> \u00e0 T\u00e9h\u00e9ran, en juillet 2024. \u00c0 l&rsquo;\u00e9poque, Haniyeh \u00e9tait le principal n\u00e9gociateur du Hamas \u00e0 propos de la guerre \u00e0 Gaza.<\/p>\n<blockquote><p>\u00ab Le Hamas insiste sur cette transgression \u00e0 l&rsquo;encontre du peuple palestinien : Usurper sa terre et le bannir de sa patrie ne peut \u00eatre appel\u00e9 la &lsquo;paix&rsquo; \u00bb,<\/p><\/blockquote>\n<p>\u00e9crivait Marzouk.<\/p>\n<blockquote><p>\u00ab Aucun accord d\u00e9gag\u00e9 sur cette base n&rsquo;aboutira \u00e0 la paix. \u00bb<\/p><\/blockquote>\n<p>Alors que la d\u00e9claration de Marzouk \u2013 et le r\u00e9sum\u00e9 juridique pr\u00e9par\u00e9 par les avocats du Hamas \u2013 affirme carr\u00e9ment le droit du Hamas \u00e0 la r\u00e9sistance arm\u00e9e, le dirigeant du Hamas affirmait de son c\u00f4t\u00e9 que ses forces ne cherchaient pas la confrontation avec les nations occidentales. En guise de preuve, il pointe le fait que le Hamas n&rsquo;a jamais commis d&rsquo;attentats au Royaume-Uni ni ailleurs.<\/p>\n<blockquote><p>\u00ab En pr\u00e8s de quarante ann\u00e9es d&rsquo;existence, le Hamas n&rsquo;a jamais effectu\u00e9 d&rsquo;op\u00e9rations que dans le territoire de la Palestine historique. Il n&rsquo;a jamais men\u00e9 d&rsquo;op\u00e9ration en dehors de la Palestine, m\u00eame quand d&rsquo;autres organisations de la r\u00e9sistance palestinienne l&rsquo;ont fait. Telle est notre politique et vous n&rsquo;avez aucune raison de douter de son importance cruciale dans notre strat\u00e9gie \u00bb,<\/p><\/blockquote>\n<p>a affirm\u00e9 Marzouk.<\/p>\n<blockquote><p>\u00ab Nous ne sommes pas comme les sionistes pour qui le monde entier est un champ de bataille, puisqu&rsquo;ils se livrent \u00e0 des tentatives d&rsquo;assassinat de dirigeants du Hamas en Iran, au Liban et dans les EAU, apr\u00e8s avoir m\u00eame tent\u00e9 de commettre un assassinat en Jordanie, une nation avec laquelle l&rsquo;entit\u00e9 sioniste a sign\u00e9 un accord de paix et de s\u00e9curit\u00e9. Le Hamas n&rsquo;a jamais men\u00e9 la moindre op\u00e9ration en dehors des fronti\u00e8res de la Palestine. \u00bb<\/p><\/blockquote>\n<p>&nbsp;<\/p>\n<div id=\"attachment_83862\" style=\"width: 890px\" class=\"wp-caption alignnone\"><img loading=\"lazy\" decoding=\"async\" aria-describedby=\"caption-attachment-83862\" class=\"wp-image-83862 size-full\" src=\"https:\/\/charleroi-pourlapalestine.be\/wp-content\/uploads\/2025\/04\/Signature-Mousa-Abu-Marzouk.png\" alt=\"Le Hamas lance une affaire juridique sans pr\u00e9c\u00e9dent en Grande-Bretagne. Photo : la signature de Mousa Abu Marzouk en bas du document : J'invite d\u00e8s \u00e0 pr\u00e9sent l'Etat britannique \u00e0 se d\u00e9partir de cette politique d'oppression et \u00e0 se ranger du bon c\u00f4t\u00e9 de l'Histoire en cessant de proscrire notre mouvement.Je crois que les faits \u00e9nonc\u00e9s dans ce t\u00e9moignage sont conformes \u00e0 la v\u00e9rit\u00e9. Sign\u00e9 : Mousa Abu Marzouk\" width=\"880\" height=\"362\"><p id=\"caption-attachment-83862\" class=\"wp-caption-text\"><strong>La signature du fondateur du Hamas, Mousa Abu Marzouk, au bas d&rsquo;un document juridique soumis \u00e0 la ministre britannique de l&rsquo;Int\u00e9rieur : \u00ab\u00a0J&rsquo;invite d\u00e8s \u00e0 pr\u00e9sent l&rsquo;Etat britannique \u00e0 se d\u00e9partir de cette politique d&rsquo;oppression et \u00e0 se ranger du bon c\u00f4t\u00e9 de l&rsquo;Histoire en cessant de proscrire notre mouvement. Je crois que les faits \u00e9nonc\u00e9s dans ce t\u00e9moignage sont conformes \u00e0 la v\u00e9rit\u00e9. Sign\u00e9 : Mousa Abu Marzouk. Date : 26 mars 2025.\u00a0\u00bb<\/strong><\/p><\/div>\n<p>&nbsp;<\/p>\n<p>&nbsp;<\/p>\n<h3>Justice et responsabilisation<\/h3>\n<p>Marzouk a affirm\u00e9 que l&rsquo;attaque du 7 octobre 2023 contre Isra\u00ebl, baptis\u00e9e <strong><em>\u00ab D\u00e9luge d&rsquo;Al-Aqsa \u00bb,<\/em><\/strong> \u00e9tait con\u00e7ue comme une <strong><em>\u00ab man\u0153uvre militaire ciblant la Division Gaza du Commandement du Sud d&rsquo;Isra\u00ebl \u00bb<\/em><\/strong>. Les seuls ordres transmis \u00e0 la Nukhba \u2013 l&rsquo;unit\u00e9 des forces sp\u00e9ciales des Brigades Qassam &#8211; <strong><em>\u00ab \u00e9taient de tuer et de capturer des soldats sionistes et non de cibler les femmes, les enfants et les personnes \u00e2g\u00e9es \u00bb<\/em><\/strong>, a-t-il ajout\u00e9. Il a d\u00e9clar\u00e9 que le Hamas allait coop\u00e9rer aux enqu\u00eates internationales sur les homicides de civils.<\/p>\n<blockquote><p>\u00ab Au contraire de l&rsquo;entit\u00e9 sioniste, nous prenons la justice et la responsabilisation tr\u00e8s au s\u00e9rieux et, \u00e0 cet \u00e9gard, nous restons, comme toujours, pr\u00eats \u00e0 coop\u00e9rer avec toutes les investigations et enqu\u00eates internationales autour de l&rsquo;op\u00e9ration, m\u00eame si &lsquo;Isra\u00ebl&rsquo; refuse de le faire \u00bb,<\/p><\/blockquote>\n<p>a \u00e9crit Marzouk.<\/p>\n<p>L\u2019agence isra\u00e9lienne de la s\u00e9curit\u00e9 sociale a d\u00e9termin\u00e9 le nombre officiel de morts du 7 octobre : 1 139 personnes. Parmi les personnes tu\u00e9es, 695 ont \u00e9t\u00e9 catalogu\u00e9es comme civils isra\u00e9liens, en m\u00eame temps que 71 civils \u00e9trangers et 373 membres des forces s\u00e9curitaires isra\u00e9liennes.<\/p>\n<p>Alors que le Hamas a admis que des civils avaient \u00e9t\u00e9 tu\u00e9s par les combattants palestiniens le 7 octobre, il a \u00e9galement pr\u00e9tendu que ces morts avaient \u00e9t\u00e9 le r\u00e9sultat de tirs crois\u00e9s, d&rsquo;erreurs ou du fait que des forces indisciplin\u00e9es avaient ralli\u00e9 les combats.<\/p>\n<blockquote><p>\u00ab S&rsquo;il y a eu le moindre cas de ciblage de civils \u00bb,<\/p><\/blockquote>\n<p>affirmait le Hamas dans son manifeste de janvier 2024 pr\u00e9sentant la justification des attaques du 7 octobre,<\/p>\n<blockquote><p>\u00ab cela s&rsquo;est produit accidentellement et au cours de la confrontation avec les forces d&rsquo;occupation. \u00bb<\/p><\/blockquote>\n<p>Le Hamas a \u00e9galement fait \u00e9tat de preuves, parmi lesquelles des rapports \u00e9manant de m\u00e9dias isra\u00e9liens et de t\u00e9moignages de survivants du 7 octobre, qui \u00e9tablissent que les forces arm\u00e9es isra\u00e9liennes ont tu\u00e9 nombre de leurs propres concitoyens. Dans certains cas, cela a consist\u00e9 en bombardements de maisons o\u00f9 \u00e9taient retranch\u00e9s des combattants palestiniens ou en tirs crois\u00e9s ayant tu\u00e9 des civils. Dans d&rsquo;autres cas, les forces isra\u00e9liennes ont tir\u00e9 intentionnellement sur des v\u00e9hicules suspect\u00e9s de transporter des captifs isra\u00e9liens, afin d&#8217;emp\u00eacher qu&rsquo;on ram\u00e8ne ces derniers dans la bande de Gaza. Cette pratique, connue sous le nom de <strong><em>\u00ab directive Hannibal \u00bb<\/em><\/strong>, remonte \u00e0 1986 et autorise les forces arm\u00e9es \u00e0 mettre fin \u00e0 tout prix \u00e0 l&rsquo;enl\u00e8vement de soldats isra\u00e9liens, m\u00eame si cela signifie abattre ou blesser les captifs. Dans une enqu\u00eate de 2003, le quotidien isra\u00e9lien <em>Ha\u2019aretz<\/em> faisait \u00e9tat de cette compr\u00e9hension largement r\u00e9pandue de la directive :<\/p>\n<blockquote><p>\u00ab Du point de vue de l&rsquo;arm\u00e9e, il vaut mieux un soldat mort qu&rsquo;un soldat captif qui, lui-m\u00eame, souffre et force l&rsquo;\u00c9tat \u00e0 lib\u00e9rer des milliers de captifs afin d&rsquo;obtenir sa lib\u00e9ration. \u00bb<\/p><\/blockquote>\n<p>On ignore \u2013 et peut-\u00eatre l&rsquo;ignorera-t-on toujours \u2013 le nombre d&rsquo;Isra\u00e9liens tu\u00e9s dans ce genre de \u00ab tirs amis \u00bb ou au cours d&rsquo;op\u00e9rations de style Hannibal.<\/p>\n<p>Puisqu&rsquo;il existe sur vid\u00e9o des preuves ind\u00e9niables de combattants palestiniens qui ont tu\u00e9 intentionnellement des gens sans armes, particuli\u00e8rement au festival musical Nova, un tribunal international des crimes de guerre \u00e9tablirait non seulement la structure de commandement des forces qui ont ex\u00e9cut\u00e9 de telles actions, mais il d\u00e9terminerait \u00e9galement si les auteurs de ces homicides \u00e9taient des agents appartenant au Hamas ou \u00e0 d&rsquo;autres factions de la r\u00e9sistance, ou encore des acteurs ind\u00e9pendants.<\/p>\n<p>La m\u00eame dynamique existe \u00e0 propos de la question de certaines des quelque 250 personnes faites prisonni\u00e8res et ramen\u00e9es \u00e0 Gaza le 7 octobre. Le Hamas a dit que ses forces avaient re\u00e7u l&rsquo;ordre de ne pas capturer d&rsquo;enfants ni de personnes \u00e2g\u00e9es. Dans de pr\u00e9c\u00e9dentes interviews r\u00e9alis\u00e9es par <em>Drop Site,<\/em> des responsables du Hamas ont d\u00e9clar\u00e9 que d&rsquo;autres organisations avaient captur\u00e9 des personnes de ces cat\u00e9gories et que, d\u00e8s les premiers temps de la guerre, le Hamas avait cherch\u00e9 \u00e0 les renvoyer, mais qu&rsquo;Isra\u00ebl avait rejet\u00e9 ces propositions.<\/p>\n<p>Les responsables isra\u00e9liens et am\u00e9ricains d\u00e9crivent en gros les attaques du 7 octobre comme des actions du Hamas, mais le fait est que plusieurs organisations actives s\u00e9par\u00e9es ont particip\u00e9 aux attaques. Il y a \u00e9galement eu par la suite un afflux de gens et de bandes en tous genres qui n&rsquo;avaient aucune connexion officielle avec l&rsquo;un ou l&rsquo;autre faction politique ou faction de la r\u00e9sistance et qui sont entr\u00e9s en Isra\u00ebl une fois que les cl\u00f4tures et les murailles ont \u00e9t\u00e9 perc\u00e9es. L&rsquo;un des \u00e9l\u00e9ments centraux de la justice internationale consiste en la notion que les victimes ont le droit de r\u00e9clamer des comptes aux auteurs directs des crimes perp\u00e9tr\u00e9s contre elles.<\/p>\n<blockquote><p>\u00ab Le Hamas dispose d&rsquo;une aile militaire. Sa demande prouve que l&rsquo;aile militaire est constitu\u00e9e sous forme d&rsquo;une arm\u00e9e disciplin\u00e9e qui d\u00e9clare explicitement son intention de respecter \u00e0 la fois la loi islamique et les lois internationales des conflits arm\u00e9s, les lois internationales humanitaires \u00bb,<\/p><\/blockquote>\n<p>a d\u00e9clar\u00e9 Magennis, l&rsquo;avocat qui pr\u00e9sente l&rsquo;affaire du Hamas.<\/p>\n<blockquote><p>\u00ab Et en fait partie la n\u00e9cessit\u00e9 de s&rsquo;assurer qu&rsquo;il y a des r\u00e8gles d&rsquo;engagement et que, si ces r\u00e8gles d&rsquo;engagement ont \u00e9t\u00e9 viol\u00e9es par les membres m\u00eames du Hamas, ces derniers devront en subir les cons\u00e9quences disciplinaires. \u00bb<\/p><\/blockquote>\n<p>Le Hamas, a d\u00e9clar\u00e9 Magennis,<\/p>\n<blockquote><p>\u00ab est engag\u00e9 \u00e0 tenir ses propres membres responsables. Ils savent clairement qu&rsquo;ils doivent respecter les lois internationales. Ils savent clairement qu&rsquo;ils ne peuvent pas cibler des civils. Et, si c&rsquo;est le cas, il s&rsquo;agit d&rsquo;une violation des r\u00e8gles d&rsquo;engagement. C&rsquo;est criminel ou potentiellement criminel et les personnes responsables devraient en affronter les cons\u00e9quences disciplinaires. Et, naturellement, cela fait partie de notre argumentation. Une partie de l&rsquo;argumentation que nous avan\u00e7ons, c&rsquo;est que cela nous dit quelque chose du genre d&rsquo;organisation avec laquelle traite la ministre \u00bb.<\/p><\/blockquote>\n<p>Le Hamas a d\u00e9clar\u00e9 officiellement qu&rsquo;il reconnaissait la juridiction de<strong> la Cour p\u00e9nale internationale<\/strong> et il a fait remarquer dans son manifeste de janvier 2004 que l&rsquo;\u00c9tat de Palestine \u00e9tait signataire du Statut de Rome qui a \u00e9tabli la CPI. Malgr\u00e9 l&rsquo;inqui\u00e9tude de voir les EU et leurs alli\u00e9s saboter une enqu\u00eate ind\u00e9pendante, le Hamas a demand\u00e9<\/p>\n<blockquote><p>\u00ab au procureur de la CPI et \u00e0 son \u00e9quipe de venir imm\u00e9diatement et de toute urgence en Palestine occup\u00e9e afin d&rsquo;examiner les crimes et violations perp\u00e9tr\u00e9s ici, plut\u00f4t que de simplement observer la situation \u00e0 distance ou d&rsquo;\u00eatre soumis aux restrictions isra\u00e9liennes \u00bb.<\/p><\/blockquote>\n<p>En novembre 2024, les procureurs traitant des crimes de guerre ont officiellement accus\u00e9 trois hauts responsables du Hamas, \u00e0 propos des attaques du 7 octobre : <strong>Sinwar, Haniyeh<\/strong> et <strong>Mohammed Deif<\/strong>, le commandant des Brigades Qassam. Le Hamas a condamn\u00e9 ces accusations en disant qu&rsquo;elles cherchaient<\/p>\n<blockquote><p>\u00ab \u00e0 mettre sur un m\u00eame pied la victime et l&rsquo;ex\u00e9cuteur en \u00e9mettant des mandats d&rsquo;arr\u00eat contre un certain nombre de dirigeants de la r\u00e9sistance palestinienne \u00bb.<\/p><\/blockquote>\n<p>Les responsables du Hamas ont dit qu&rsquo;ils contesteraient juridiquement les accusations en pr\u00e9tendant que les Palestiniens avaient<\/p>\n<blockquote><p>\u00ab le droit et, en effet, le devoir de r\u00e9sister \u00e0 l&rsquo;occupation par tous les moyens disponibles, y compris la r\u00e9sistance arm\u00e9e \u00bb.<\/p><\/blockquote>\n<p>Apr\u00e8s que le procureur principal de la CPI avait demand\u00e9 des mandats d&rsquo;arr\u00eat contre les trois hommes en mai 2014, Isra\u00ebl les avait assassin\u00e9s tous trois quelque temps apr\u00e8s.<\/p>\n<p>La CPI a \u00e9galement accus\u00e9 le Premier ministre isra\u00e9lien Benjamin Netanyahou et son ancien ministre de la D\u00e9fense Yoav Gallant. Malgr\u00e9 ces mandats actifs en vue de leur arrestation, ces hommes continuent d&rsquo;\u00eatre chaleureusement accueillis par les nations occidentales. Les EU ont men\u00e9 une campagne en vue de d\u00e9l\u00e9gitimer le tribunal de la CP\u00cf et, peu apr\u00e8s son \u00e9lection, le pr\u00e9sident Donald Trump a impos\u00e9 des sanctions aux procureurs de la CPI pour ce qu&rsquo;il a appel\u00e9 <em>\u00ab des actions ill\u00e9gitimes et sans fondement ciblant l&rsquo;Am\u00e9rique et notre proche alli\u00e9 Isra\u00ebl \u00bb<\/em>.<\/p>\n<p style=\"text-align: center;\">*****<\/p>\n<p>Publi\u00e9 le 9 avril 2025 sur <a href=\"https:\/\/www.dropsitenews.com\/p\/hamas-terrorism-uk-marzouk\" target=\"_blank\" rel=\"noopener\">Drop Site<\/a><br \/>\nTraduction : Jean-Marie Fl\u00e9mal, <a href=\"https:\/\/charleroi-pourlapalestine.be\/\" target=\"_blank\" rel=\"noopener\">Charleroi pour la Palestine<\/a><\/p>\n","protected":false},"excerpt":{"rendered":"<p>Dans un dossier juridique, un fondateur du Hamas affirme que l&rsquo;organisation a le droit de recourir \u00e0 la r\u00e9sistance arm\u00e9e afin d&rsquo;en arriver \u00e0 la lib\u00e9ration de la Palestine. <\/p>\n","protected":false},"author":1,"featured_media":83858,"comment_status":"closed","ping_status":"closed","sticky":false,"template":"","format":"standard","meta":{"ngg_post_thumbnail":0,"footnotes":""},"categories":[927,6,344,382,197,95,391,358,25,998],"tags":[],"class_list":["post-83856","post","type-post","status-publish","format-standard","has-post-thumbnail","hentry","category-7-octobre-2023","category-gaza","category-genocide","category-grande-bretagne","category-hamas","category-hasbara-propagande-israelienne","category-lutte-armee","category-repression","category-la-resistance-palestinienne","category-yahya-sinwar"],"yoast_head":"<!-- This site is optimized with the Yoast SEO plugin v27.3 - https:\/\/yoast.com\/product\/yoast-seo-wordpress\/ -->\n<title>Le Hamas lance une affaire juridique sans pr\u00e9c\u00e9dent en Grande-Bretagne (1)<\/title>\n<meta name=\"description\" content=\"Le Hamas affirme que l&#039;organisation a le droit de recourir \u00e0 la r\u00e9sistance arm\u00e9e afin d&#039;en arriver \u00e0 la lib\u00e9ration de la Palestine\" \/>\n<meta name=\"robots\" content=\"index, follow, max-snippet:-1, max-image-preview:large, max-video-preview:-1\" \/>\n<link rel=\"canonical\" href=\"https:\/\/charleroi-pourlapalestine.be\/index.php\/2025\/04\/14\/le-hamas-lance-une-affaire-juridique-sans-precedent-en-grande-bretagne\/\" \/>\n<script type=\"application\/ld+json\" class=\"yoast-schema-graph\">{\"@context\":\"https:\\\/\\\/schema.org\",\"@graph\":[{\"@type\":\"Article\",\"@id\":\"https:\\\/\\\/charleroi-pourlapalestine.be\\\/index.php\\\/2025\\\/04\\\/14\\\/le-hamas-lance-une-affaire-juridique-sans-precedent-en-grande-bretagne\\\/#article\",\"isPartOf\":{\"@id\":\"https:\\\/\\\/charleroi-pourlapalestine.be\\\/index.php\\\/2025\\\/04\\\/14\\\/le-hamas-lance-une-affaire-juridique-sans-precedent-en-grande-bretagne\\\/\"},\"author\":{\"name\":\"admin1873\",\"@id\":\"https:\\\/\\\/charleroi-pourlapalestine.be\\\/#\\\/schema\\\/person\\\/c19ff515112f1299d8c12671d8fe3faa\"},\"headline\":\"Le Hamas lance une affaire juridique sans pr\u00e9c\u00e9dent en Grande-Bretagne (1)\",\"datePublished\":\"2025-04-14T11:45:33+00:00\",\"dateModified\":\"2025-04-17T14:04:36+00:00\",\"mainEntityOfPage\":{\"@id\":\"https:\\\/\\\/charleroi-pourlapalestine.be\\\/index.php\\\/2025\\\/04\\\/14\\\/le-hamas-lance-une-affaire-juridique-sans-precedent-en-grande-bretagne\\\/\"},\"wordCount\":4657,\"publisher\":{\"@id\":\"https:\\\/\\\/charleroi-pourlapalestine.be\\\/#organization\"},\"image\":{\"@id\":\"https:\\\/\\\/charleroi-pourlapalestine.be\\\/index.php\\\/2025\\\/04\\\/14\\\/le-hamas-lance-une-affaire-juridique-sans-precedent-en-grande-bretagne\\\/#primaryimage\"},\"thumbnailUrl\":\"https:\\\/\\\/charleroi-pourlapalestine.be\\\/wp-content\\\/uploads\\\/2025\\\/04\\\/Mousa-Abu-Marzouk.jpg\",\"articleSection\":[\"7 octobre 2023\",\"Gaza\",\"G\u00e9nocide\",\"Grande Bretagne\",\"Hamas\",\"Hasbara\",\"Lutte arm\u00e9e\",\"R\u00e9pression\",\"R\u00e9sistance\",\"Yahya Sinwar\"],\"inLanguage\":\"fr-FR\"},{\"@type\":\"WebPage\",\"@id\":\"https:\\\/\\\/charleroi-pourlapalestine.be\\\/index.php\\\/2025\\\/04\\\/14\\\/le-hamas-lance-une-affaire-juridique-sans-precedent-en-grande-bretagne\\\/\",\"url\":\"https:\\\/\\\/charleroi-pourlapalestine.be\\\/index.php\\\/2025\\\/04\\\/14\\\/le-hamas-lance-une-affaire-juridique-sans-precedent-en-grande-bretagne\\\/\",\"name\":\"Le Hamas lance une affaire juridique sans pr\u00e9c\u00e9dent en Grande-Bretagne (1)\",\"isPartOf\":{\"@id\":\"https:\\\/\\\/charleroi-pourlapalestine.be\\\/#website\"},\"primaryImageOfPage\":{\"@id\":\"https:\\\/\\\/charleroi-pourlapalestine.be\\\/index.php\\\/2025\\\/04\\\/14\\\/le-hamas-lance-une-affaire-juridique-sans-precedent-en-grande-bretagne\\\/#primaryimage\"},\"image\":{\"@id\":\"https:\\\/\\\/charleroi-pourlapalestine.be\\\/index.php\\\/2025\\\/04\\\/14\\\/le-hamas-lance-une-affaire-juridique-sans-precedent-en-grande-bretagne\\\/#primaryimage\"},\"thumbnailUrl\":\"https:\\\/\\\/charleroi-pourlapalestine.be\\\/wp-content\\\/uploads\\\/2025\\\/04\\\/Mousa-Abu-Marzouk.jpg\",\"datePublished\":\"2025-04-14T11:45:33+00:00\",\"dateModified\":\"2025-04-17T14:04:36+00:00\",\"description\":\"Le Hamas affirme que l'organisation a le droit de recourir \u00e0 la r\u00e9sistance arm\u00e9e afin d'en arriver \u00e0 la lib\u00e9ration de la Palestine\",\"breadcrumb\":{\"@id\":\"https:\\\/\\\/charleroi-pourlapalestine.be\\\/index.php\\\/2025\\\/04\\\/14\\\/le-hamas-lance-une-affaire-juridique-sans-precedent-en-grande-bretagne\\\/#breadcrumb\"},\"inLanguage\":\"fr-FR\",\"potentialAction\":[{\"@type\":\"ReadAction\",\"target\":[\"https:\\\/\\\/charleroi-pourlapalestine.be\\\/index.php\\\/2025\\\/04\\\/14\\\/le-hamas-lance-une-affaire-juridique-sans-precedent-en-grande-bretagne\\\/\"]}]},{\"@type\":\"ImageObject\",\"inLanguage\":\"fr-FR\",\"@id\":\"https:\\\/\\\/charleroi-pourlapalestine.be\\\/index.php\\\/2025\\\/04\\\/14\\\/le-hamas-lance-une-affaire-juridique-sans-precedent-en-grande-bretagne\\\/#primaryimage\",\"url\":\"https:\\\/\\\/charleroi-pourlapalestine.be\\\/wp-content\\\/uploads\\\/2025\\\/04\\\/Mousa-Abu-Marzouk.jpg\",\"contentUrl\":\"https:\\\/\\\/charleroi-pourlapalestine.be\\\/wp-content\\\/uploads\\\/2025\\\/04\\\/Mousa-Abu-Marzouk.jpg\",\"width\":864,\"height\":486},{\"@type\":\"BreadcrumbList\",\"@id\":\"https:\\\/\\\/charleroi-pourlapalestine.be\\\/index.php\\\/2025\\\/04\\\/14\\\/le-hamas-lance-une-affaire-juridique-sans-precedent-en-grande-bretagne\\\/#breadcrumb\",\"itemListElement\":[{\"@type\":\"ListItem\",\"position\":1,\"name\":\"Accueil\",\"item\":\"https:\\\/\\\/charleroi-pourlapalestine.be\\\/\"},{\"@type\":\"ListItem\",\"position\":2,\"name\":\"Le Hamas lance une affaire juridique sans pr\u00e9c\u00e9dent en Grande-Bretagne (1)\"}]},{\"@type\":\"WebSite\",\"@id\":\"https:\\\/\\\/charleroi-pourlapalestine.be\\\/#website\",\"url\":\"https:\\\/\\\/charleroi-pourlapalestine.be\\\/\",\"name\":\"Charleroi Pour la Palestine\",\"description\":\"\",\"publisher\":{\"@id\":\"https:\\\/\\\/charleroi-pourlapalestine.be\\\/#organization\"},\"potentialAction\":[{\"@type\":\"SearchAction\",\"target\":{\"@type\":\"EntryPoint\",\"urlTemplate\":\"https:\\\/\\\/charleroi-pourlapalestine.be\\\/?s={search_term_string}\"},\"query-input\":{\"@type\":\"PropertyValueSpecification\",\"valueRequired\":true,\"valueName\":\"search_term_string\"}}],\"inLanguage\":\"fr-FR\"},{\"@type\":\"Organization\",\"@id\":\"https:\\\/\\\/charleroi-pourlapalestine.be\\\/#organization\",\"name\":\"Plate-forme Charleroi-Palestine\",\"url\":\"https:\\\/\\\/charleroi-pourlapalestine.be\\\/\",\"logo\":{\"@type\":\"ImageObject\",\"inLanguage\":\"fr-FR\",\"@id\":\"https:\\\/\\\/charleroi-pourlapalestine.be\\\/#\\\/schema\\\/logo\\\/image\\\/\",\"url\":\"https:\\\/\\\/charleroi-pourlapalestine.be\\\/wp-content\\\/uploads\\\/2020\\\/01\\\/logo-Copy.jpg\",\"contentUrl\":\"https:\\\/\\\/charleroi-pourlapalestine.be\\\/wp-content\\\/uploads\\\/2020\\\/01\\\/logo-Copy.jpg\",\"width\":180,\"height\":180,\"caption\":\"Plate-forme Charleroi-Palestine\"},\"image\":{\"@id\":\"https:\\\/\\\/charleroi-pourlapalestine.be\\\/#\\\/schema\\\/logo\\\/image\\\/\"},\"sameAs\":[\"https:\\\/\\\/www.facebook.com\\\/PlateformeCharleroiPalestine\\\/\",\"https:\\\/\\\/x.com\\\/LaCharleroi\"]},{\"@type\":\"Person\",\"@id\":\"https:\\\/\\\/charleroi-pourlapalestine.be\\\/#\\\/schema\\\/person\\\/c19ff515112f1299d8c12671d8fe3faa\",\"name\":\"admin1873\",\"url\":\"https:\\\/\\\/charleroi-pourlapalestine.be\\\/index.php\\\/author\\\/admin1873\\\/\"}]}<\/script>\n<!-- \/ Yoast SEO plugin. -->","yoast_head_json":{"title":"Le Hamas lance une affaire juridique sans pr\u00e9c\u00e9dent en Grande-Bretagne (1)","description":"Le Hamas affirme que l'organisation a le droit de recourir \u00e0 la r\u00e9sistance arm\u00e9e afin d'en arriver \u00e0 la lib\u00e9ration de la Palestine","robots":{"index":"index","follow":"follow","max-snippet":"max-snippet:-1","max-image-preview":"max-image-preview:large","max-video-preview":"max-video-preview:-1"},"canonical":"https:\/\/charleroi-pourlapalestine.be\/index.php\/2025\/04\/14\/le-hamas-lance-une-affaire-juridique-sans-precedent-en-grande-bretagne\/","schema":{"@context":"https:\/\/schema.org","@graph":[{"@type":"Article","@id":"https:\/\/charleroi-pourlapalestine.be\/index.php\/2025\/04\/14\/le-hamas-lance-une-affaire-juridique-sans-precedent-en-grande-bretagne\/#article","isPartOf":{"@id":"https:\/\/charleroi-pourlapalestine.be\/index.php\/2025\/04\/14\/le-hamas-lance-une-affaire-juridique-sans-precedent-en-grande-bretagne\/"},"author":{"name":"admin1873","@id":"https:\/\/charleroi-pourlapalestine.be\/#\/schema\/person\/c19ff515112f1299d8c12671d8fe3faa"},"headline":"Le Hamas lance une affaire juridique sans pr\u00e9c\u00e9dent en Grande-Bretagne (1)","datePublished":"2025-04-14T11:45:33+00:00","dateModified":"2025-04-17T14:04:36+00:00","mainEntityOfPage":{"@id":"https:\/\/charleroi-pourlapalestine.be\/index.php\/2025\/04\/14\/le-hamas-lance-une-affaire-juridique-sans-precedent-en-grande-bretagne\/"},"wordCount":4657,"publisher":{"@id":"https:\/\/charleroi-pourlapalestine.be\/#organization"},"image":{"@id":"https:\/\/charleroi-pourlapalestine.be\/index.php\/2025\/04\/14\/le-hamas-lance-une-affaire-juridique-sans-precedent-en-grande-bretagne\/#primaryimage"},"thumbnailUrl":"https:\/\/charleroi-pourlapalestine.be\/wp-content\/uploads\/2025\/04\/Mousa-Abu-Marzouk.jpg","articleSection":["7 octobre 2023","Gaza","G\u00e9nocide","Grande Bretagne","Hamas","Hasbara","Lutte arm\u00e9e","R\u00e9pression","R\u00e9sistance","Yahya Sinwar"],"inLanguage":"fr-FR"},{"@type":"WebPage","@id":"https:\/\/charleroi-pourlapalestine.be\/index.php\/2025\/04\/14\/le-hamas-lance-une-affaire-juridique-sans-precedent-en-grande-bretagne\/","url":"https:\/\/charleroi-pourlapalestine.be\/index.php\/2025\/04\/14\/le-hamas-lance-une-affaire-juridique-sans-precedent-en-grande-bretagne\/","name":"Le Hamas lance une affaire juridique sans pr\u00e9c\u00e9dent en Grande-Bretagne (1)","isPartOf":{"@id":"https:\/\/charleroi-pourlapalestine.be\/#website"},"primaryImageOfPage":{"@id":"https:\/\/charleroi-pourlapalestine.be\/index.php\/2025\/04\/14\/le-hamas-lance-une-affaire-juridique-sans-precedent-en-grande-bretagne\/#primaryimage"},"image":{"@id":"https:\/\/charleroi-pourlapalestine.be\/index.php\/2025\/04\/14\/le-hamas-lance-une-affaire-juridique-sans-precedent-en-grande-bretagne\/#primaryimage"},"thumbnailUrl":"https:\/\/charleroi-pourlapalestine.be\/wp-content\/uploads\/2025\/04\/Mousa-Abu-Marzouk.jpg","datePublished":"2025-04-14T11:45:33+00:00","dateModified":"2025-04-17T14:04:36+00:00","description":"Le Hamas affirme que l'organisation a le droit de recourir \u00e0 la r\u00e9sistance arm\u00e9e afin d'en arriver \u00e0 la lib\u00e9ration de la Palestine","breadcrumb":{"@id":"https:\/\/charleroi-pourlapalestine.be\/index.php\/2025\/04\/14\/le-hamas-lance-une-affaire-juridique-sans-precedent-en-grande-bretagne\/#breadcrumb"},"inLanguage":"fr-FR","potentialAction":[{"@type":"ReadAction","target":["https:\/\/charleroi-pourlapalestine.be\/index.php\/2025\/04\/14\/le-hamas-lance-une-affaire-juridique-sans-precedent-en-grande-bretagne\/"]}]},{"@type":"ImageObject","inLanguage":"fr-FR","@id":"https:\/\/charleroi-pourlapalestine.be\/index.php\/2025\/04\/14\/le-hamas-lance-une-affaire-juridique-sans-precedent-en-grande-bretagne\/#primaryimage","url":"https:\/\/charleroi-pourlapalestine.be\/wp-content\/uploads\/2025\/04\/Mousa-Abu-Marzouk.jpg","contentUrl":"https:\/\/charleroi-pourlapalestine.be\/wp-content\/uploads\/2025\/04\/Mousa-Abu-Marzouk.jpg","width":864,"height":486},{"@type":"BreadcrumbList","@id":"https:\/\/charleroi-pourlapalestine.be\/index.php\/2025\/04\/14\/le-hamas-lance-une-affaire-juridique-sans-precedent-en-grande-bretagne\/#breadcrumb","itemListElement":[{"@type":"ListItem","position":1,"name":"Accueil","item":"https:\/\/charleroi-pourlapalestine.be\/"},{"@type":"ListItem","position":2,"name":"Le Hamas lance une affaire juridique sans pr\u00e9c\u00e9dent en Grande-Bretagne (1)"}]},{"@type":"WebSite","@id":"https:\/\/charleroi-pourlapalestine.be\/#website","url":"https:\/\/charleroi-pourlapalestine.be\/","name":"Charleroi Pour la Palestine","description":"","publisher":{"@id":"https:\/\/charleroi-pourlapalestine.be\/#organization"},"potentialAction":[{"@type":"SearchAction","target":{"@type":"EntryPoint","urlTemplate":"https:\/\/charleroi-pourlapalestine.be\/?s={search_term_string}"},"query-input":{"@type":"PropertyValueSpecification","valueRequired":true,"valueName":"search_term_string"}}],"inLanguage":"fr-FR"},{"@type":"Organization","@id":"https:\/\/charleroi-pourlapalestine.be\/#organization","name":"Plate-forme Charleroi-Palestine","url":"https:\/\/charleroi-pourlapalestine.be\/","logo":{"@type":"ImageObject","inLanguage":"fr-FR","@id":"https:\/\/charleroi-pourlapalestine.be\/#\/schema\/logo\/image\/","url":"https:\/\/charleroi-pourlapalestine.be\/wp-content\/uploads\/2020\/01\/logo-Copy.jpg","contentUrl":"https:\/\/charleroi-pourlapalestine.be\/wp-content\/uploads\/2020\/01\/logo-Copy.jpg","width":180,"height":180,"caption":"Plate-forme Charleroi-Palestine"},"image":{"@id":"https:\/\/charleroi-pourlapalestine.be\/#\/schema\/logo\/image\/"},"sameAs":["https:\/\/www.facebook.com\/PlateformeCharleroiPalestine\/","https:\/\/x.com\/LaCharleroi"]},{"@type":"Person","@id":"https:\/\/charleroi-pourlapalestine.be\/#\/schema\/person\/c19ff515112f1299d8c12671d8fe3faa","name":"admin1873","url":"https:\/\/charleroi-pourlapalestine.be\/index.php\/author\/admin1873\/"}]}},"_links":{"self":[{"href":"https:\/\/charleroi-pourlapalestine.be\/index.php\/wp-json\/wp\/v2\/posts\/83856","targetHints":{"allow":["GET"]}}],"collection":[{"href":"https:\/\/charleroi-pourlapalestine.be\/index.php\/wp-json\/wp\/v2\/posts"}],"about":[{"href":"https:\/\/charleroi-pourlapalestine.be\/index.php\/wp-json\/wp\/v2\/types\/post"}],"author":[{"embeddable":true,"href":"https:\/\/charleroi-pourlapalestine.be\/index.php\/wp-json\/wp\/v2\/users\/1"}],"replies":[{"embeddable":true,"href":"https:\/\/charleroi-pourlapalestine.be\/index.php\/wp-json\/wp\/v2\/comments?post=83856"}],"version-history":[{"count":0,"href":"https:\/\/charleroi-pourlapalestine.be\/index.php\/wp-json\/wp\/v2\/posts\/83856\/revisions"}],"wp:featuredmedia":[{"embeddable":true,"href":"https:\/\/charleroi-pourlapalestine.be\/index.php\/wp-json\/wp\/v2\/media\/83858"}],"wp:attachment":[{"href":"https:\/\/charleroi-pourlapalestine.be\/index.php\/wp-json\/wp\/v2\/media?parent=83856"}],"wp:term":[{"taxonomy":"category","embeddable":true,"href":"https:\/\/charleroi-pourlapalestine.be\/index.php\/wp-json\/wp\/v2\/categories?post=83856"},{"taxonomy":"post_tag","embeddable":true,"href":"https:\/\/charleroi-pourlapalestine.be\/index.php\/wp-json\/wp\/v2\/tags?post=83856"}],"curies":[{"name":"wp","href":"https:\/\/api.w.org\/{rel}","templated":true}]}}