{"id":83898,"date":"2025-04-17T17:07:39","date_gmt":"2025-04-17T15:07:39","guid":{"rendered":"https:\/\/charleroi-pourlapalestine.be\/?p=83898"},"modified":"2025-04-18T03:27:21","modified_gmt":"2025-04-18T01:27:21","slug":"journee-des-prisonnier-e-s-palestinien-ne-s-2025-le-combat-pour-la-liberation-contre-le-genocide-imperialiste-et-sioniste","status":"publish","type":"post","link":"https:\/\/charleroi-pourlapalestine.be\/index.php\/2025\/04\/17\/journee-des-prisonnier-e-s-palestinien-ne-s-2025-le-combat-pour-la-liberation-contre-le-genocide-imperialiste-et-sioniste\/","title":{"rendered":"Journ\u00e9e des prisonnier.e.s palestinien.ne.s \u2013 2025 : Le combat pour la lib\u00e9ration contre le g\u00e9nocide imp\u00e9rialiste et sioniste"},"content":{"rendered":"<p><strong>Le 17 avril marque la Journ\u00e9e des prisonnier.e.s palestinien.ne.s<\/strong>, la journ\u00e9e internationale annuelle en vue de se concentrer sur la lutte et la lib\u00e9ration des prisonnier.e.s palestinien.ne.s ; cette ann\u00e9e 2025 est la deuxi\u00e8me Journ\u00e9e des prisonnier.e.s palestinien.ne.s qui a lieu au moment de l&rsquo;intensification du g\u00e9nocide am\u00e9ricano-sioniste perp\u00e9tr\u00e9 contre le peuple palestinien, particuli\u00e8rement dans la bande de Gaza et dans toute la Palestine occup\u00e9e.<\/p>\n<p><img loading=\"lazy\" decoding=\"async\" class=\"aligncenter wp-image-83918 size-full\" src=\"https:\/\/charleroi-pourlapalestine.be\/wp-content\/uploads\/2025\/04\/Liberte-pour-tous-les-prisonniers-palestiniens-e1744900978935.jpg\" alt=\"Libert\u00e9 pour tou.te.s les prisonnier.e.s palestinien.ne.s - Samidoun\" width=\"481\" height=\"680\"><\/p>\n<p>&nbsp;<\/p>\n<p><strong>Samidoun<\/strong>, 16 avril 2025<\/p>\n<p>Comm\u00e9mor\u00e9e depuis 1974, la Journ\u00e9e des prisonnier.e.s palestinien.ne.s \u00e9claire la lutte des prisonnier.e.s politiques palestinien.ne.s dans les ge\u00f4les sionistes, leur r\u00f4le directeur dans la r\u00e9sistance et la r\u00e9volution en cours et elle met l&rsquo;accent sur la demande permanente de lib\u00e9ration compl\u00e8te de tous les prisonnier.e.s palestinien.ne.s, qui est une composante n\u00e9cessaire de la lib\u00e9ration de la Palestine du fleuve \u00e0 la mer.<\/p>\n<p><strong>Le R\u00e9seau Samidoun de solidarit\u00e9 avec les prisonnier.e.s palestinien.ne.s s&rsquo;unit au Mouvement des prisonnier.e.s palestinien.ne.s, au mouvement de lib\u00e9ration, et s&rsquo;exprime en faveur de la justice dans le monde entier afin d&rsquo;acc\u00e9l\u00e9rer l&rsquo;action et la mobilisation autour de la Journ\u00e9e des prisonnier.e.s palestinien.ne.s 2025 partout dans le monde, dans le cadre d&rsquo;une escalade mondiale en vue de mettre un terme d\u00e8s maintenant au g\u00e9nocide de Gaza.<\/strong><\/p>\n<p>Depuis 1948, au moins un million de Palestinien.ne.s ont \u00e9t\u00e9 emprisonn\u00e9.e.s par l&rsquo;occupation. Ils (elles) proviennent de tous les secteurs de la soci\u00e9t\u00e9, particuli\u00e8rement des classes populaires des camps de r\u00e9fugi\u00e9s, des villages et des villes de Palestine. Il n&rsquo;existe pratiquement pas de famille palestinienne qui n&rsquo;ait \u00e9t\u00e9 touch\u00e9e par le syst\u00e8me d&#8217;emprisonnement colonial mis en place par l&rsquo;occupation. Chaque prisonnier.e palestinien.ne est un p\u00e8re, une m\u00e8re, un fils, une fille, un oncle, une tante, un cousin, une cousine, un ami, une amie, un \u00eatre cher. Derri\u00e8re les barreaux, l&rsquo;occupation cherche \u00e0 les isoler de leurs familles, communaut\u00e9s et peuple et, en effet, du mouvement palestinien, arabe et international, et le d\u00e9fi pour nous consiste \u00e0 mettre tout en \u0153uvre pour rompre cet isolement, prendre fait et cause pour les prisonnier.e.s et la r\u00e9sistance et b\u00e2tir la lutte pour la lib\u00e9ration de la Palestine face \u00e0 la r\u00e9pression, \u00e0 la criminalisation et \u00e0 l&rsquo;agression imp\u00e9rialiste.<\/p>\n<p>Quant aux femmes prisonni\u00e8res comme <strong><a href=\"https:\/\/samidoun.net\/2024\/12\/haneen-jaber-mother-of-the-martyrs-abu-shujaa-and-mahmoud-jaber-abducted-by-occupation-forces\/\" target=\"_blank\" rel=\"noopener\">Haneen Jaber<\/a><\/strong>et<strong><a href=\"https:\/\/samidoun.net\/2020\/04\/palestinian-women-prisoners-the-continuing-struggle-for-freedom\/\" target=\"_blank\" rel=\"noopener\">Shatila Abu Ayyad<\/a><\/strong>, aux \u00e9tudiants comme<strong> Amr Kayed <\/strong>et<strong> Karmel Khawaja,<\/strong> aux travailleurs de la sant\u00e9 comme le<strong> <a href=\"https:\/\/charleroi-pourlapalestine.be\/index.php\/2025\/02\/15\/israel-torture-le-dr-hussam-abu-safiya-et-prolonge-sa-detention-arbitraire\/\" target=\"_blank\" rel=\"noopener\">Dr Hussam Abu Safiya<\/a><\/strong>, aux dirigeants du mouvement comme<strong><a href=\"https:\/\/samidoun.net\/2020\/04\/samidoun-palestine-and-asra-voice-broadcast-solidarity-to-palestinian-prisoner-ibrahim-hamed\/\" target=\"_blank\" rel=\"noopener\"> Ibrahim Hamed<\/a>, <a href=\"https:\/\/charleroi-pourlapalestine.be\/index.php\/tag\/ahmad-saadat\/\" target=\"_blank\" rel=\"noopener\">Ahmad Sa\u2019adat<\/a>, <a href=\"https:\/\/charleroi-pourlapalestine.be\/index.php\/2022\/05\/26\/les-heros-du-tunnel-de-la-liberte-condamnes-a-cinq-annees-supplementaires\/\" target=\"_blank\" rel=\"noopener\">Mahmoud al-Ardah <\/a><\/strong>et<a href=\"https:\/\/samidoun.net\/2024\/10\/the-attack-on-marwan-barghouti-and-the-leaders-of-the-prisoners-movement-act-and-organize\/\" target=\"_blank\" rel=\"noopener\"> <strong>Marwan Barghouti<\/strong>,<\/a> chacune de leurs vies et chacun de leurs avenirs sont pr\u00e9cieux. La r\u00e9sistance et le peuple palestinien, particuli\u00e8rement \u00e0 Gaza, continuent de porter le fardeau du g\u00e9nocide afin de concr\u00e9tiser leurs lib\u00e9ration \u2013 et la lib\u00e9ration de toute la Palestine de la domination coloniale sioniste et imp\u00e9rialiste.<\/p>\n<p><strong>Cette Journ\u00e9e des prisonnier.e.s palestinien.ne.s, avec le D\u00e9luge d&rsquo;Al-Aqsa et le D\u00e9luge des Libres, constitue le moment id\u00e9al de notre mouvement mondial afin d&rsquo;intensifier la lutte, de renverser les murs des prisons, de soutenir la r\u00e9sistance dans sa d\u00e9fense de la Palestine et de l&rsquo;humanit\u00e9 et d&rsquo;entreprendre des actions en vue d&rsquo;abattre le r\u00e9gime sioniste, ses soutiens imp\u00e9rialistes et leurs flux d&rsquo;armement et de destruction qui entretiennent le g\u00e9nocide en cours.<\/strong><\/p>\n<p><strong>Nous r\u00e9clamons la lib\u00e9ration de tous les prisonnier.e.s palestinien.ne.s dans les prisons sionistes, les prisons imp\u00e9rialistes et dans celles des r\u00e9gimes arabes r\u00e9actionnaires et de l&rsquo;Autorit\u00e9 palestinienne, qui continuent s&rsquo;assi\u00e9ger la r\u00e9sistance m\u00eame si elle d\u00e9fend le peuple palestinien en lutte pour son existence m\u00eame.<\/strong><\/p>\n<p>&nbsp;<\/p>\n<h3>La situation actuelle des prisonnier.e.s palestinien.ne.s<\/h3>\n<p>L&#8217;emprisonnement a toujours \u00e9t\u00e9 une arme du colonialisme en Palestine. Depuis les colonisateurs britanniques \u2013 qui ont r\u00e9prim\u00e9 les r\u00e9voltes palestiniennes en recourant \u00e0 l&#8217;emprisonnement massif, aux d\u00e9molitions de maisons et aux ex\u00e9cutions et qui ont \u00e9t\u00e9 les premiers \u00e0 imposer la <em>\u00ab loi d&rsquo;urgence \u00bb<\/em> de l&rsquo;arrestation administrative utilis\u00e9e contre les Palestinien.ne.s aujourd&rsquo;hui \u2013 jusqu&rsquo;aux colonisateurs sionistes qui, depuis 77 ans, imposent un syst\u00e8me d&rsquo;occupation, d&rsquo;apartheid, de criminalisation, de racisme et de d\u00e9possession au peuple palestinien, les colonisateurs de la Palestine ont emprisonn\u00e9 les combattants, les dirigeants et les visionnaires. L&#8217;emprisonnement vise tous les secteurs du peuple palestinien : travailleurs, combattants, enseignants, journalistes, m\u00e9decins et travailleurs de la sant\u00e9, fermiers et p\u00eacheurs, etc ; de J\u00e9rusalem, de Cisjordanie, de la bande de Gaza, de la Palestine &rsquo;48 occup\u00e9e, des camps de r\u00e9fugi\u00e9s \u00e0 l&rsquo;int\u00e9rieur de la Palestine et dans le monde entier \u2013 ils sont des millions \u00e0 qui l&rsquo;on refuse leur droit au retour, alors que ceux qui mobilisent, organisent et r\u00e9sistent peuvent \u00eatre poursuivis et emprisonn\u00e9s dans les prisons r\u00e9actionnaires arabes et imp\u00e9rialistes internationales.<\/p>\n<p>Actuellement, il y a environ <strong>9 900 Palestinien.ne.s d\u00e9tenu.e.s<\/strong> par le r\u00e9gime d&rsquo;occupation sioniste, dont pr\u00e8s de <strong>3 500 en d\u00e9tention administrative<\/strong>, un emprisonnement sans accusation ni proc\u00e8s en fonction d&rsquo;un dossier<em> \u00ab secret \u00bb<\/em> et renouvelable \u00e0 l&rsquo;infini, ce qui fait que des Palestinien.ne.s sont habituellement emprisonn\u00e9.e.s pendant plusieurs ann\u00e9es d&rsquo;affil\u00e9e, selon ces ordonnances arbitraires. Il y a en outre quelque <strong>400 enfants prisonniers, 29 femmes emprisonn\u00e9es et 200 Palestiniens de Palestine &rsquo;48 occup\u00e9e.<\/strong> Ces chiffres, toutefois, ne r\u00e9v\u00e8lent pas l&rsquo;ampleur de la d\u00e9tention et de l&rsquo;incarc\u00e9ration actuellement appliqu\u00e9es aux Palestiniens enlev\u00e9s de Gaza par les forces d&rsquo;invasion g\u00e9nocidaires. Alors qu&rsquo;<strong>un millier de Palestiniens de Gaza ont \u00e9t\u00e9 lib\u00e9r\u00e9s par la R\u00e9sistance<\/strong> dans le cadre de l&rsquo;\u00e9change de prisonniers Toufan al-Ahrar, un nombre non r\u00e9v\u00e9l\u00e9 de prisonniers restent enferm\u00e9s dans diverses prisons ainsi que dans les inf\u00e2mes camps de torture comme <a href=\"https:\/\/charleroi-pourlapalestine.be\/index.php\/2024\/07\/30\/sde-teiman-le-vrai-visage-du-projet-sioniste\/\" target=\"_blank\" rel=\"noopener\"><strong>Sde Teiman<\/strong> <\/a>et <strong>Anatot,<\/strong> \u00e9rig\u00e9s dans le but d&#8217;emprisonner les Palestiniens de Gaza dans les conditions les plus s\u00e9v\u00e8res qui soient. <strong>Au moins 1 555 Palestiniens de Gaza<\/strong> sont connus des organisations de prisonniers comme \u00e9tant d\u00e9tenus par le r\u00e9gime sioniste.<\/p>\n<p>Les prisonnier.e.s palestinien.ne.s subissent une torture routini\u00e8re et syst\u00e9matique, toutes sortes de violences et d&rsquo;abus, ils se voient refuser des soins m\u00e9dicaux, on les affame, on les agresse sexuellement, physiquement et psychologiquement, on les prive en permanence de leurs droits les plus \u00e9l\u00e9mentaires. Pour \u00eatre clair, chaque droit obtenu par les prisonnier.e.s palestinien.ne.s ne leur a pas \u00e9t\u00e9 donn\u00e9 par la r\u00e9gime sioniste, mais a d\u00fb \u00eatre arrach\u00e9 par la lutte et par la direction du mouvement des prisonnier.e.s palestinien.ne.s, via des gr\u00e8ves de la faim et des actions organis\u00e9es. Depuis des ann\u00e9es, la confiscation de ces r\u00e9alisations constitue une priorit\u00e9 centrale du r\u00e9gime sioniste et une plate-forme pour les \u00ab dirigeants \u00bb fascistes du projet sioniste, depuis Gilad Erdan jusqu&rsquo;\u00e0 Itamar Ben-Gvir.<\/p>\n<p>&nbsp;<\/p>\n<h3>Les martyr.e.s du mouvement des prisonnier.e.s<\/h3>\n<p>En m\u00eame temps que le g\u00e9nocide intensifi\u00e9 \u00e0 l&rsquo;extr\u00eame \u00e0 Gaza, les d\u00e9placements massifs et les vols de terres en Cisjordanie et l&rsquo;agression en cours contre le peuple palestinien partout en Palestine occup\u00e9e, en exil et dans la diaspora, le r\u00e9gime sioniste m\u00e8ne une guerre d&rsquo;agression totale contre les prisonnier.e.s palestinien.ne.s. Depuis le 7 octobre 2023, au cours de la p\u00e9riode du D\u00e9luge d&rsquo;Al-Aqsa et en plein g\u00e9nocide de Gaza, au moins 64 Palestinien.ne.s sont mort.e.s en martyr.e.s dans les prisons de l&rsquo;occupation. Ce nombre n&rsquo;est pas exact du fait que le r\u00e9gime d&rsquo;occupation refuse constamment de r\u00e9v\u00e9ler la moindre information sur le statut des prisonniers captur\u00e9s \u00e0 Gaza.<\/p>\n<p>Parmi les martyr.e.s du mouvement des prisonnier.e.s palestinien.ne.s ces 18 derniers mois figurent les personnes qui suivent :<\/p>\n<ul>\n<li aria-level=\"1\"><strong>Omar Daraghmeh&nbsp;<\/strong><\/li>\n<li aria-level=\"1\"><strong>Arafat Hamdan<\/strong><\/li>\n<li aria-level=\"1\"><strong>Majed Ahmed Zaqoul<\/strong><\/li>\n<li aria-level=\"1\"><strong>Abdel-Rahman Al-Bahsh<\/strong><\/li>\n<li aria-level=\"1\"><strong>Atta Yousef Hasan Fayyad<\/strong><\/li>\n<li aria-level=\"1\"><strong>Zuhair Omar Sharif<\/strong><\/li>\n<li aria-level=\"1\"><strong>Raja Ismail Samour<\/strong><\/li>\n<li aria-level=\"1\"><strong>Walid Abdel-Hadi Hamid<\/strong><\/li>\n<li aria-level=\"1\"><strong>Abdel-Rahman Mar\u2019i&nbsp;<\/strong><\/li>\n<li aria-level=\"1\"><strong>Dr. Iyad Al Rantisi<\/strong><\/li>\n<li aria-level=\"1\"><strong>Thaer Samih Abu Assab<\/strong><\/li>\n<li aria-level=\"1\"><strong>Faraj Hussein Hasan Ali<\/strong><\/li>\n<li aria-level=\"1\"><strong>Hamdan Hassan Anaba<\/strong><\/li>\n<li aria-level=\"1\"><strong>Hussein Saber Abu Obeida<\/strong><\/li>\n<li aria-level=\"1\"><strong>Ali Abdullah Suleiman Al-Houli<\/strong><\/li>\n<li aria-level=\"1\"><strong>Arafat Al-Khawaja<\/strong><\/li>\n<li aria-level=\"1\"><strong>Mohammed Ahmed Al-Sabbar<\/strong><\/li>\n<li aria-level=\"1\"><strong>Mohammed Abu Sneineh<\/strong><\/li>\n<li aria-level=\"1\"><strong>Ahmed Rizq Qudaih<\/strong><\/li>\n<li aria-level=\"1\"><strong>Izz al-Din Ziad Al-Banna<\/strong><\/li>\n<li aria-level=\"1\"><strong>Asif Abdel-Mu\u2019ti Al-Rifai<\/strong><\/li>\n<li aria-level=\"1\"><strong>Khaled Musa Jamal Al-Shawish<\/strong><\/li>\n<li aria-level=\"1\"><strong>Majed Hamdi Ibrahim Sawafiri<\/strong><\/li>\n<li aria-level=\"1\"><strong>Ahmed Abdel Marjan Al-Aqqad<\/strong><\/li>\n<li aria-level=\"1\"><strong>Jumaa Abu Ghanima<\/strong><\/li>\n<li aria-level=\"1\"><strong>Dr. Ziad Mohammed Al-Dalou<\/strong><\/li>\n<li aria-level=\"1\"><strong>Wafa Amin Mohammed Abdelhadi<\/strong><\/li>\n<li aria-level=\"1\"><strong>Kamal Hussein Ahmad Radi<\/strong><\/li>\n<li aria-level=\"1\"><strong>Walid Nimr Daqqah<\/strong><\/li>\n<li aria-level=\"1\"><strong>Fathi Mohammed Mahmoud Jadallah<\/strong><\/li>\n<li aria-level=\"1\"><strong>Abdel-Rahim Abdel-Karim Amer<\/strong><\/li>\n<li aria-level=\"1\"><strong>Dr. Adnan Al-Bursh<\/strong><\/li>\n<li aria-level=\"1\"><strong>Karim Abu Saleh<\/strong><\/li>\n<li aria-level=\"1\"><strong>Ismail Abdel-Bari Khader<\/strong><\/li>\n<li aria-level=\"1\"><strong>Mohammed Sharif Al-Assali<\/strong><\/li>\n<li aria-level=\"1\"><strong>Omar Abdelaziz Junaid<\/strong><\/li>\n<li aria-level=\"1\"><strong>Adnan Ashour<\/strong><\/li>\n<li aria-level=\"1\"><strong>Islam Al-Sarsawi<\/strong><\/li>\n<li aria-level=\"1\"><strong>Sheikh Mustafa Abu Ora<\/strong><\/li>\n<li aria-level=\"1\"><strong>Nasr el-Din Ziyara<\/strong><\/li>\n<li aria-level=\"1\"><strong>Kifah Dabaya<\/strong><\/li>\n<li aria-level=\"1\"><strong>Ayman Rajeh Issa Abed<\/strong><\/li>\n<li aria-level=\"1\"><strong>Zaher Tahsin Raddad<\/strong><\/li>\n<li aria-level=\"1\"><strong>Mohammed Munir Musa<\/strong><\/li>\n<li aria-level=\"1\"><strong>Walid Ahmed Khalifa<\/strong><\/li>\n<li aria-level=\"1\"><strong>Samir Mahmoud Al-Kahlout<\/strong><\/li>\n<li aria-level=\"1\"><strong>Moath Khaled Rayyan<\/strong><\/li>\n<li aria-level=\"1\"><strong>Anwar Aslim<\/strong><\/li>\n<li aria-level=\"1\"><strong>Sheikh Samih Suleiman Muhammad Aliwi<\/strong><\/li>\n<li aria-level=\"1\"><strong>Munir Abdullah al-Faqaawi<\/strong><\/li>\n<li aria-level=\"1\"><strong>Yassin Munir al-Faqaawi<\/strong><\/li>\n<li aria-level=\"1\"><strong>Mohammed Abdel-Rahman Idris<\/strong><\/li>\n<li aria-level=\"1\"><strong>Mohammed Anwar Labad<\/strong><\/li>\n<li aria-level=\"1\"><strong>Alaa Marwan Hamza al-Mahlawi<\/strong><\/li>\n<li aria-level=\"1\"><strong>Mohammed Walid Hussein Al-Aref<\/strong><\/li>\n<li aria-level=\"1\"><strong>Mohammed Rashid Saeed Al-Akka<\/strong><\/li>\n<li aria-level=\"1\"><strong>Ashraf Mohammed Abu Warda<\/strong><\/li>\n<li aria-level=\"1\"><strong>Motaz Mahmoud Abu Zneid<\/strong><\/li>\n<li aria-level=\"1\"><strong>Musaab Hani Haniyeh<\/strong><\/li>\n<li aria-level=\"1\"><strong>Ali Ashour Ali Al Batsh<\/strong><\/li>\n<li aria-level=\"1\"><strong>Tayseer Sababa Abou Al Saeed<\/strong><\/li>\n<li aria-level=\"1\"><strong>Khalil Haniyeh<\/strong><\/li>\n<li aria-level=\"1\"><strong>Ayman Abdel-Hadi Qudaih<\/strong><\/li>\n<li aria-level=\"1\"><strong>Mohammed Yassin Jabr<\/strong><\/li>\n<li aria-level=\"1\"><strong>Raafat Adnan Abu Fannouneh<\/strong><\/li>\n<li aria-level=\"1\"><strong>Khaled Mahmoud Qassem Abdallah<\/strong><\/li>\n<li aria-level=\"1\"><strong>Walid Khaled Ahmad<\/strong><\/li>\n<li aria-level=\"1\"><strong>Musaab Hassan Adili<\/strong><\/li>\n<li aria-level=\"1\"><strong>Il y a au moins deux travailleurs martyrs originaires de Gaza et dont les noms n&rsquo;ont pas \u00e9t\u00e9 r\u00e9v\u00e9l\u00e9s.<\/strong><\/li>\n<\/ul>\n<p>Les prisonniers lib\u00e9r\u00e9s dont les noms suivent sont \u00e9galement morts en martyrs presque imm\u00e9diatement apr\u00e8s leur lib\u00e9ration en raison des tortures et du refus de soins m\u00e9dicaux ou encore, dans le cas de <strong>Kazem Zawahreh<\/strong>, \u00e0 la suite de l&rsquo;\u00e9change de prisonniers, quand il a \u00e9t\u00e9 renvoy\u00e9 dans le coma dans un h\u00f4pital palestinien.<\/p>\n<blockquote><p><strong>Rami Attiya Jumaa Abu Mustafa<\/strong><br \/>\n<strong>Farouk Ahmed Issa Khatib<\/strong><br \/>\n<strong>Kazem Issa Zawahreh<\/strong><\/p><\/blockquote>\n<p>Le martyre des prisonnier.e.s palestinien.ne.s t\u00e9moigne des formes multiples de violence exerc\u00e9es par le r\u00e9gime sioniste, dont le refus de soins m\u00e9dicaux, les tortures physiques et sexuelles, la malnutrition et l&rsquo;affamement, le tout accompagn\u00e9 du refus de visites familiales et juridiques, l&#8217;emp\u00eachement de toute surveillance ext\u00e9rieure des mauvais traitements inflig\u00e9s aux prisonnier.e.s palestinien.ne.s. L&#8217;emprisonnement des Palestinien.ne.s a toujours \u00e9t\u00e9 une forme <em>\u00ab de mort lente \u00bb<\/em>, \u00e9tant donn\u00e9 le recours syst\u00e9matique \u00e0 la n\u00e9gligence m\u00e9dicale par l&rsquo;occupation. Toutefois, ces choses se sont clairement intensifi\u00e9es jusqu&rsquo;\u00e0 faire partie int\u00e9grante de la politique sioniste d&rsquo;assassinat \u00e0 l&rsquo;encontre du peuple palestinien, avec des exemples comme <a href=\"https:\/\/charleroi-pourlapalestine.be\/index.php\/tag\/walid-daqqa\/\"><strong>Walid Daqqah<\/strong><\/a>, \u00e9crivain, combattant de la libert\u00e9 et intellectuel r\u00e9volutionnaire palestinien d\u00e9c\u00e9d\u00e9 le 7 avril 2024 apr\u00e8s qu&rsquo;on lui avait refus des soins m\u00e9dicaux appropri\u00e9s ou sa lib\u00e9ration n\u00e9cessaire. Ou encore <a href=\"https:\/\/samidoun.net\/2024\/12\/mohammed-walid-ali-al-aref-martyred-in-zionist-prisons-one-week-after-his-re-arrest\/\" target=\"_blank\" rel=\"noopener\"><strong>Mohammed Walid Hussein Ali al-Aref,<\/strong><\/a> du camp de Nour Shams \u00e0 Tulkarem, devenu martyr le 4 d\u00e9cembre 2024 apr\u00e8s avoir \u00e9t\u00e9 enlev\u00e9 de chez lui et battu, dans le cadre du ciblage de la r\u00e9sistance \u00e0 Tulkarem, J\u00e9nine et Tubas. Leur martyre a \u00e9t\u00e9 une forme d&rsquo;assassinat et de ciblage destin\u00e9 \u00e0 les \u00e9loigner de l&rsquo;environnement politique et social palestinien.<\/p>\n<p>Plus r\u00e9cemment, l&rsquo;enfant prisonnier palestino-br\u00e9silien <a href=\"https:\/\/soundcloud.com\/channelislam\/130425-nurul-khair-insight-of-palestinians-treatment-in-detention-at-israel-prison?si=bc3c18ad360f4d77b6f6656be3949124&amp;utm_source=clipboard&amp;utm_medium=text&amp;utm_campaign=social_sharing\" target=\"_blank\" rel=\"noopener\"><strong>Walid Khaled Ahmed,<\/strong> <\/a>\u00e2g\u00e9 de 17 ans, de Silwad \u2013 l&rsquo;un des<em> \u00ab lionceaux \u00bb<\/em> et des <em>\u00ab fleurs \u00bb<\/em> du mouvement des prisonnier.e.s, enlev\u00e9s de chez eux au cours des nuits de raids violents, \u00e0 qui ont refuse tout enseignement et qu&rsquo;on soumet \u00e0 la torture \u2013 a perdu la vie dans les prisons sionistes. Son corps portait des signes manifestes d&rsquo;affamement, de malnutrition, il souffrait de la gale ainsi que d&rsquo;infections provoqu\u00e9es par des aliments malsains ; le r\u00e9gime d&rsquo;occupation refusait de r\u00e9frig\u00e9rer la nourriture tout au long du mois sacr\u00e9 de Ramadan.<\/p>\n<p>La quasi-totalit\u00e9 des corps des prisonnier.e.s martyr.e.s continuent d&rsquo;\u00eatre retenus par l&rsquo;occupation, parmi des centaines de corps d&rsquo;autres martyr.e.s palestinien.ne.s retenus d\u00e9lib\u00e9r\u00e9ment depuis des dizaines d&rsquo;ann\u00e9es, depuis le combattant iconique <a href=\"https:\/\/samidoun.net\/2024\/08\/women-of-resistance-the-women-martyrs-bodies-held-captive-by-the-zionist-occupation\/\" target=\"_blank\" rel=\"noopener\"><strong>Dalal al-Mughrabi<\/strong> <\/a>au martyr <a href=\"https:\/\/charleroi-pourlapalestine.be\/index.php\/tag\/khader-adnan\/\" target=\"_blank\" rel=\"noopener\"><strong>Sheikh Khader Adnan<\/strong><\/a> et \u00e0 l&rsquo;\u00e9crivain de la r\u00e9volution <strong>Walid Daqqah<\/strong>. L&#8217;emprisonnement des corps des martyr.e.s a pour but d&rsquo;imposer une punition collective aux familles et aux communaut\u00e9s qu&rsquo;ils aimaient, lesquelles sont ainsi emp\u00each\u00e9es de leur faire leurs adieux ; et c&rsquo;est \u00e9galement une tentative de les garder en otage et d&rsquo;arracher ainsi des concessions \u00e0 la r\u00e9sistance palestinienne lors d&rsquo;un \u00e9ventuel \u00e9change de prisonniers.<\/p>\n<p>&nbsp;<\/p>\n<h3>Les prisonnier.e.s palestinien.ne.s et la R\u00e9sistance<\/h3>\n<p align=\"JUSTIFY\"><span style=\"font-size: medium;\"><span lang=\"fr-BE\">Bien s\u00fbr, la Journ\u00e9e des prisonnier.e.s palestinien.ne.s ne comm\u00e9more pas uniquement les exp\u00e9riences horribles de torture et de violence v\u00e9cues par les prisonnier.e.s palestinien.ne.s, mais elle c\u00e9l\u00e8bre aussi leur r\u00f4le directeur et organisationnel dans la r\u00e9sistance palestinienne. Le mouvement des prisonnier.e.s palestinien.ne.s remonte \u00e0 l&rsquo;\u00e9poque de la colonisation britannique de la Palestine (qui est \u00e9galement la p\u00e9riode qui a vu l&rsquo;introduction de l&rsquo;arrestation administrative en Palestine), quand les prisonniers de la r\u00e9sistance palestinienne au colonialisme britannique et au colonialisme sioniste \u00e9taient emprisonn\u00e9s et ex\u00e9cut\u00e9s. Les prisonnier.e.s ont d\u00e9velopp\u00e9 po\u00e9sie, musique et arts, se sont organis\u00e9.e.s politiquement, ont mis sur pied r\u00e9sistance et d\u00e9termination derri\u00e8re les barreaux, <a href=\"https:\/\/hamascase.com\/volume-ii\/kates-prisoners\/\" target=\"_blank\" rel=\"noopener\">depuis les camps sionistes de travail forc\u00e9 des d\u00e9buts,<\/a> durant la Nakba, jusqu&rsquo;\u00e0 l&rsquo;organisation d&rsquo;institutions du mouvement des prisonnier.e.s \u00e0 l&rsquo;\u00e9poque moderne de la r\u00e9volution palestinienne. <\/span><\/span><\/p>\n<p lang=\"fr-BE\" align=\"JUSTIFY\"><span style=\"font-size: medium;\"><span style=\"font-family: Times New Roman, serif;\">\u00c0<\/span><span style=\"font-family: Times New Roman, serif;\"> l&rsquo;int\u00e9rieur des cellules et des tentes de la prison, les prisonnier.e.s palestinien.ne.s ont mis sur pied un mouvement qui a transform\u00e9 les donjons sionistes en \u00e9coles r\u00e9volutionnaires. Ce n&rsquo;est pas un hasard si des g\u00e9n\u00e9rations de dirigeants de la r\u00e9sistance et de la r\u00e9volution palestinienne ont pass\u00e9 des ann\u00e9es parmi leurs camarades dans les prisons sionistes et si l&rsquo;entit\u00e9 sioniste cherche en permanence \u00e0 les garder en confinement solitaire et bien \u00e0 l&rsquo;\u00e9cart de leurs compagnons et du mouvement global de la r\u00e9sistance et de son berceau populaire international. <\/span><\/span><\/p>\n<p align=\"JUSTIFY\"><span style=\"font-size: medium;\"><span lang=\"fr-BE\">Chaque organisation politique palestinienne a d\u00e9velopp\u00e9 de fortes organisations \u00e0 l&rsquo;int\u00e9rieur des prisons, o\u00f9 les cadres se forment ensemble, d\u00e9veloppent leur pens\u00e9e et leurs capacit\u00e9s pour les actions strat\u00e9giques et organis\u00e9es. Les dirigeants emprisonn\u00e9s de la r\u00e9volution et de la r\u00e9sistance palestinienne, dont <a href=\"https:\/\/samidoun.net\/2022\/01\/events-and-endorsers-join-the-week-of-action-to-free-ahmad-saadat-and-all-palestinian-prisoners-15-22-january-2022\/\" target=\"_blank\" rel=\"noreferrer nofollow noopener\"><strong>Ahmad Sa\u2019adat<\/strong><\/a><strong>, <a href=\"https:\/\/samidoun.net\/2024\/10\/the-attack-on-marwan-barghouti-and-the-leaders-of-the-prisoners-movement-act-and-organize\/\" target=\"_blank\" rel=\"noreferrer nofollow noopener\">Marwan Barghouti<\/a>, <a href=\"https:\/\/samidoun.net\/2013\/07\/abdullah-barghouthi-suffering-liver-disease-as-jordanian-strike-continues-for-77-days\/\" target=\"_blank\" rel=\"noreferrer nofollow noopener\">Abdullah Barghouti<\/a>, <a href=\"https:\/\/samidoun.net\/2024\/11\/mohammed-abu-warda-serving-48-life-sentences-enters-23rd-year-in-zionist-prisons\/\" target=\"_blank\" rel=\"noreferrer nofollow noopener\">Ibrahim Hamed<\/a>, <a href=\"https:\/\/samidoun.net\/2024\/11\/mohammed-abu-warda-serving-48-life-sentences-enters-23rd-year-in-zionist-prisons\/\" target=\"_blank\" rel=\"noreferrer nofollow noopener\">Hassan Salameh<\/a>, <a href=\"https:\/\/en.majalla.com\/node\/315786\/culture-social-affairs\/basim-khandaqji-wins-top-arabic-literary-award-behind-prison\" target=\"_blank\" rel=\"noreferrer nofollow noopener\">Bassem Khandakji<\/a> et <a href=\"https:\/\/samidoun.net\/2012\/04\/wife-of-isolated-captive-abbas-al-sayyed-expresses-fear-for-his-life\/\" target=\"_blank\" rel=\"noreferrer nofollow noopener\">Abbas al-Sayyed<\/a><\/strong>, continuent non seulement de symboliser la direction dans la lutte et la d\u00e9termination dans la r\u00e9sistance dans les circonstances les plus impossibles, mais aussi de diriger activement la cause palestinienne et la r\u00e9sistance globale totale. <\/span><\/span><\/p>\n<p align=\"JUSTIFY\"><span style=\"font-size: medium;\"><span lang=\"fr-BE\">Le dirigeant devenu martyr <a href=\"https:\/\/samidoun.net\/2024\/10\/prisoner-leader-martyr-yahya-sinwar-the-great-hero-of-palestine\/\" target=\"_blank\" rel=\"noreferrer nofollow noopener\"><strong>Yahya Sinwar<\/strong><\/a> a parl\u00e9 de ce ph\u00e9nom\u00e8ne dans son roman <strong><em>\u00ab L&rsquo;\u00e9pine et l\u2019\u0153illet \u00bb<\/em><\/strong>, r\u00e9dig\u00e9 par lui-m\u00eame et publi\u00e9 alors qu&rsquo;il purgeait quatre condamnations \u00e0 vie \u00e0 la prison de Bir al-Saba en 2003. Il y d\u00e9crit les \u00e9v\u00e9nements de<strong> la grande Intifada populaire<\/strong> : <\/span><\/span><\/p>\n<blockquote>\n<p lang=\"fr-BE\" align=\"JUSTIFY\"><span style=\"font-size: medium;\">\u00ab La prison s&rsquo;est transform\u00e9e en une universit\u00e9 o\u00f9 l&rsquo;on enseigne la culture et les arts de l&rsquo;Intifada. Dans une tente se tenait une session sur l&rsquo;histoire de la cause palestinienne ; dans une autre, une session sur les sciences de la s\u00e9curit\u00e9 et les m\u00e9thodes d&rsquo;interrogatoire ; dans une troisi\u00e8me, une discussion sur la jurisprudence du djihad et sur le martyre. Il y avait des classes d&rsquo;alphab\u00e9tisation, des cours de calligraphie arabe, et bien d&rsquo;autres choses. Des jeunes hommes entraient en prison en \u00e9tant illettr\u00e9s et, six mois plus tard, ils \u00e9taient \u00e0 m\u00eame de lire et \u00e9crire, et \u00e9quip\u00e9s de diverses comp\u00e9tences n\u00e9cessaires \u00e0 leur cause. \u00bb <\/span><\/p>\n<p lang=\"fr-BE\" align=\"JUSTIFY\"><span style=\"font-size: medium;\">\u00ab Des groupes d&rsquo;amis dans diff\u00e9rentes zones ou mosqu\u00e9es planifiaient leurs activit\u00e9s pour quand ils seraient lib\u00e9r\u00e9s, promettant ainsi de poursuivre et de d\u00e9velopper l&rsquo;Intifada (&#8230;) La prison du N\u00e9guev, qui h\u00e9bergeait des dizaines de milliers de d\u00e9tenus, s&rsquo;\u00e9tait transform\u00e9e en une v\u00e9ritable universit\u00e9. Des vagues de jeunes entraient et obtenaient un dipl\u00f4me, tout en \u00e9tudiant, en acqu\u00e9rant de l&rsquo;exp\u00e9rience et en \u00e9changeant des connaissances. \u00bb <\/span><\/p>\n<\/blockquote>\n<p lang=\"fr-BE\" align=\"JUSTIFY\"><span style=\"font-size: medium;\">Les prisonnier.e.s palestinien.ne.s restent la boussole de la lutte qui pointe vers la lib\u00e9ration et le retour, et leur lib\u00e9ration est si urgente et essentielle au peuple palestinien qu&rsquo;ils (elles) restent une tr\u00e8s importante priorit\u00e9 de la r\u00e9sistance palestinienne, d\u00e9clenchant des op\u00e9rations afin d&rsquo;assurer un \u00e9change de prisonniers. Il a \u00e9t\u00e9 prouv\u00e9 maintes fois que la seule fa\u00e7on dont les Palestiniens peuvent efficacement garantir la lib\u00e9ration de leurs prisonniers consiste \u00e0 effectuer un \u00e9change avec l&rsquo;occupation en capturant des soldats et colons sionistes et en les d\u00e9tenant comme prisonniers de guerre de la R\u00e9sistance. <\/span><\/p>\n<p align=\"JUSTIFY\"><span style=\"font-size: medium;\"><span lang=\"fr-BE\">Tr\u00e8s r\u00e9cemment, <a href=\"https:\/\/samidoun.net\/2025\/02\/toufan-al-ahrar-updates-resistance-prepares-to-hand-over-bodies-of-zionist-captives-liberation-of-hundreds-of-palestinians-on-saturday\/\" target=\"_blank\" rel=\"noreferrer nofollow noopener\"><strong>1777 prisonnier.e.s palestinien.ne.s ont \u00e9t\u00e9 lib\u00e9r\u00e9s lors de l&rsquo;\u00e9change Toufan al-Ahrar<\/strong><\/a> r\u00e9alis\u00e9 par la R\u00e9sistance palestinienne dans le cadre de la premi\u00e8re phase du cessez-le-feu \u00e0 Gaza, dont le r\u00e9gime sioniste a refus\u00e9 plus tard d&rsquo;appliquer les phases suivantes. Cet \u00e9change comprenait des centaines de prisonniers frapp\u00e9s de sentences \u00e0 vie et de longues peines, qui ont exprim\u00e9 leur amour et leur admiration pour le peuple de Gaza et la r\u00e9sistance en raison des immenses sacrifices qu&rsquo;ils ont consentis et des souffrances qu&rsquo;ils ont subies dans leur bataille pour la lib\u00e9ration des prisonniers et de toute la Palestine. <\/span><\/span><\/p>\n<p lang=\"fr-BE\" align=\"JUSTIFY\"><span style=\"font-size: medium;\">En ce moment, quand le r\u00e9gime sioniste, les \u00c9tats-Unis et les puissances imp\u00e9rialistes qui sont leurs alli\u00e9es \u2013 Grande-Bretagne, France, Allemagne, Canada \u2013 pour ne pas citer les r\u00e9gimes r\u00e9actionnaires arabes qu&rsquo;ils soutiennent et auxquels ils s&rsquo;allient, comme l&rsquo;\u00c9gypte et les \u00c9mirats arabes unis \u2013 exigent le d\u00e9sarmement de la r\u00e9sistance, il est clair qu&rsquo;il ne s&rsquo;agit que des armes de la r\u00e9sistance qui a lib\u00e9r\u00e9 les gens en prison, les tortur\u00e9s et les opprim\u00e9s des donjons de l&rsquo;occupant. <\/span><\/p>\n<p align=\"JUSTIFY\"><strong><span style=\"font-size: medium;\"><span lang=\"fr-BE\">Toute attaque contre les armes de la R\u00e9sistance est une attaque contre les prisonnier.e.s palestinien.ne.s et le peuple palestinien dans son ensemble, cela \u00e9quivaut \u00e0 exiger que leurs armes l\u00e9gitimes et leur droit \u00e0 la lutte arm\u00e9e, d\u00e9fendu conform\u00e9ment aux lois internationales et aux principes humanitaires \u00e9l\u00e9mentaires, soient abandonn\u00e9s afin de faciliter la mise en place sur leur terre d&rsquo;un projet colonial imp\u00e9rialiste ill\u00e9gitime qui parach\u00e8vera le g\u00e9nocide. En fait, c&rsquo;est cette entit\u00e9 ill\u00e9gitime qui devrait \u00eatre d\u00e9pouill\u00e9e de son armement \u2013 souvent obtenu des EU et de ses partisans imp\u00e9rialistes \u2013 et ses dirigeants tenus responsables de leurs innombrables crimes contre l&rsquo;humanit\u00e9. Ce ne sont que les armes de la r\u00e9sistance, depuis la Palestine jusqu&rsquo;au Liban et au Y\u00e9men, soutenue par les armes populaires, depuis le boycott jusqu&rsquo;\u00e0 l&rsquo;action directe, du berceau populaire r\u00e9gional et international de la r\u00e9sistance, qui pourront faire na\u00eetre un avenir de justice. <\/span><\/span><\/strong><\/p>\n<p align=\"JUSTIFY\"><span style=\"font-size: medium;\"><span lang=\"fr-BE\">Nous insistons \u00e0 nouveau sur l&rsquo;importance de la lib\u00e9ration des prisonnier.e.s palestinien.ne.s enferm\u00e9s <strong>par l&rsquo;Autorit\u00e9 palestinienne<\/strong> de Ramallah pour leur r\u00f4le dans la r\u00e9sistance \u00e0 l&rsquo;occupation.<\/span><\/span><\/p>\n<p align=\"JUSTIFY\">Alors que le r\u00e9gime sioniste assi\u00e8ge, expulse les r\u00e9fugi\u00e9.e.s palestinien.ne.s et d\u00e9truit des habitations \u00e0 J\u00e9nine, Tulkarem, Tubas, Naplouse et dans toute la Cisjordanie occup\u00e9e, des centaines de Palestinien.ne.s ont \u00e9t\u00e9 enlev\u00e9.e.s, tortur\u00e9.e.s et restent emprisonn\u00e9.e.s par l\u2019AP, notamment des dirigeants \u00e9tudiants, des militants sociaux, des r\u00e9sistants \u2013 et m\u00eame des personnes ayant organis\u00e9 des manifestations en hommage au martyr <strong>Sayyed Hassan Nasrallah<\/strong> ou particip\u00e9 \u00e0 la gr\u00e8ve mondiale pour Gaza d\u00e9but avril. Cet emprisonnement des militant.e.s et combattants palestinien.ne.s s\u2019inscrit dans le cadre de la <em>\u00ab coordination s\u00e9curitaire \u00bb<\/em> avec le r\u00e9gime sioniste, qui est une collaboration directe avec l\u2019ennemi en pleine p\u00e9riode de g\u00e9nocide. Il s\u2019inscrit dans le cadre des efforts de l\u2019AP pour priver les familles des prisonnier.e.s palestinien.ne.s&nbsp; de leur soutien financier et de le remplacer par des \u0153uvres caritatives privatis\u00e9es.<br \/>\n&nbsp;<\/p>\n<h3>La lutte internationale pour la lib\u00e9ration des prisonnier.e.s du sionisme et de l\u2019imp\u00e9rialisme<\/h3>\n<p>\u00c0 l\u2019occasion de la Journ\u00e9e des prisonnier.e.s palestinien.ne.s, <a href=\"https:\/\/samidoun.net\/2022\/04\/palestinian-prisoners-day-message-from-occupation-prisons-to-the-global-movement-for-liberation-and-solidarity\/\" target=\"_blank\" rel=\"noopener\">nous r\u00e9affirmons la d\u00e9claration de 2022 des prisonnier.e.s palestinien.ne.s<\/a> incarc\u00e9r\u00e9.es dans les prisons de l\u2019occupation, en solidarit\u00e9 avec tous les prisonnier.e.s r\u00e9volutionnaires incarc\u00e9r\u00e9.e.s dans les prisons imp\u00e9rialistes :<br \/>\n<strong><em>&nbsp;<\/em><\/strong><br \/>\n<strong><em>\u00ab Notre lutte de lib\u00e9ration a \u00e9t\u00e9 et demeure partie int\u00e9grante de la lutte internationale contre les forces colonialistes, imp\u00e9rialistes, sionistes et r\u00e9actionnaires. Par cons\u00e9quent, nous saluons tou.te.s les prisonnier.e.s politiques dans le monde entier, la lutte du mouvement de lib\u00e9ration des Noir.e.s en Am\u00e9rique, la lutte des peuples autochtones pour leur autod\u00e9termination et leur lib\u00e9ration, ainsi que toutes les forces de lib\u00e9ration dans le monde, et nous appelons au renforcement des liens entre ces mouvements et toutes les communaut\u00e9s palestiniennes en exil et en diaspora. \u00bb&nbsp;<\/em><\/strong><br \/>\n&nbsp;<br \/>\n&nbsp;<br \/>\nQue la Journ\u00e9e des prisonnier.e.s palestinien.ne.s&nbsp; soit aussi l\u2019occasion d\u2019exiger la lib\u00e9ration de tou.te.s les prisonnier.e.s&nbsp; de la cause<br \/>\npalestinienne, de la lutte de lib\u00e9ration et de la r\u00e9sistance d\u00e9tenu\u2022es dans les prisons des \u00c9tats imp\u00e9rialistes et r\u00e9actionnaires : <a href=\"https:\/\/charleroi-pourlapalestine.be\/?s=Georges+abdallah\"><strong>Georges Ibrahim Abdallah<\/strong><\/a>, le communiste arabe libanais, combattant de la r\u00e9sistance Palestinienne, emprisonn\u00e9 depuis 40 ans en France et attendant sa libert\u00e9 longtemps refus\u00e9e ; <strong><a href=\"https:\/\/charleroi-pourlapalestine.be\/?s=Anan+Yaeesh\">Anan Yaeesh<\/a>, Ali Arar <\/strong>et<strong> Mansour Doghmosh<\/strong>, pers\u00e9cut\u00e9s en Italie dans une nouvelle attaque contre la r\u00e9sistance palestinienne ;<a href=\"https:\/\/charleroi-pourlapalestine.be\/index.php\/2025\/03\/28\/freethefilton18-liberte-pour-les-activistes-de-filton-poemes\/\"><strong> les Filton 18<\/strong><\/a> et tou.te.s les prisonnier.e.s&nbsp; de <strong>Palestine Action<\/strong> dans les prisons britanniques, emprisonn\u00e9s pour avoir agi de mani\u00e8re concr\u00e8te pour arr\u00eater la machine de guerre; <a href=\"https:\/\/samidoun.net\/2024\/08\/nida-abu-baker-on-the-holy-land-5-they-put-these-men-in-prison-because-they-dont-want-you-in-the-streets-today-protesting-a-genocide\/\" target=\"_blank\" rel=\"noopener\"><strong>Ghassan Elashi <\/strong>et <strong>Shukri Abu Baker des Holy Land Five<\/strong><\/a>, purgeant des peines de 65 ans dans des prisons f\u00e9d\u00e9rales am\u00e9ricaines pour avoir apport\u00e9 un soutien caritatif \u00e0 la Palestine;<strong> Mahmoud Khalil, Rumeysa Ozturk, Badar Khan Suri, Mohsen Mahdawi, Yunseo Chung, Leqaa Kordia<\/strong> et les quatre \u00e9tudiants internationaux emprisonn\u00e9s en Allemagne par les services d\u2019immigration imp\u00e9rialistes pour avoir d\u00e9fendu la Palestine, ainsi que tou.te.s celles et ceux emprisonn\u00e9.e.s, r\u00e9prim\u00e9.e.s et criminalis\u00e9.e.s en raison de leur engagement en faveur de la lib\u00e9ration.<br \/>\n&nbsp;<br \/>\n\u00c0 cette occasion, nous r\u00e9it\u00e9rons notre demande de suppression des<a href=\"https:\/\/samidoun.net\/2021\/11\/samidoun-condemns-british-terror-designation-targeting-hamas-urges-action-for-palestinian-liberation\/\" target=\"_blank\" rel=\"noopener\"><em> \u00ab listes d\u2019organisations terroristes \u00bb<\/em><\/a> des puissances imp\u00e9rialistes, utilis\u00e9es presque exclusivement pour r\u00e9primer les mouvements de lib\u00e9ration mondiaux, s\u00e9parer les personnes en exil et en diaspora de leurs peuples en lutte, criminaliser la r\u00e9sistance arm\u00e9e l\u00e9gitime au regard du droit international et diaboliser la parole et l\u2019organisation en faveur de la lib\u00e9ration palestinienne et de la lutte anti-imp\u00e9rialiste. Il est plus que temps d\u2019exiger le retrait imm\u00e9diat<strong> du Hamas, du Jihad islamique palestinien, du Front populaire de Lib\u00e9ration de la Palestine, des Brigades des martyrs d\u2019Al-Aqsa, du Hezbollah et d\u2019AnsarAllah<\/strong> de ces \u00ab <em>listes terroristes<\/em> \u00bb. Ces organisations se consacrent \u00e0 l\u2019autod\u00e9fense et \u00e0 la lib\u00e9ration nationale et \u0153uvrent \u00e0 la d\u00e9fense de notre humanit\u00e9 commune, en luttant contre le g\u00e9nocide imp\u00e9rialiste-sioniste.<br \/>\n&nbsp;<br \/>\nParall\u00e8lement, <strong>Samidoun<\/strong> a \u00e9t\u00e9<a href=\"https:\/\/samidoun.net\/2024\/10\/we-keep-resisting-us-and-canada-sanction-samidoun\/\" target=\"_blank\" rel=\"noopener\"> interdite, d\u00e9sign\u00e9e organisation terroriste et sanctionn\u00e9e<\/a> par <strong>le r\u00e9gime sioniste, l\u2019Allemagne, le Canada et les \u00c9tats-Unis<\/strong> \u2013 avec des demandes d\u2019organisations fascistes et sionistes pour \u00e9tendre cette pratique<strong> en Belgique, aux Pays-Bas, en France et ailleurs<\/strong> \u2013 dans le but de saper le soutien populaire \u00e0 la R\u00e9sistance en Palestine et dans toute la r\u00e9gion, de semer la peur et la terreur et en essayant d\u2019invisibiliser le mouvement des prisonnier.e.s palestinien.ne.s et la R\u00e9sistance, et de saper le mouvement mondial croissant pour mettre fin au g\u00e9nocide et soutenir la lib\u00e9ration de la Palestine du fleuve \u00e0 la mer. Ces sanctions tentent de briser le berceau populaire de la r\u00e9sistance au niveau international par la criminalisation, la r\u00e9pression et l\u2019emprisonnement, et il est de notre responsabilit\u00e9 de nous efforcer d\u2019\u00eatre \u00e0 la hauteur de l\u2019exemple de pers\u00e9v\u00e9rance donn\u00e9 quotidiennement par le mouvement des prisonnier.e.s palestinien.ne.s dans les conditions les plus horribles.<br \/>\n&nbsp;<br \/>\n<strong>\u00c0 l\u2019occasion de la Journ\u00e9e des prisonnier.e.s palestinien.ne.s, nous appelons chacun.e \u00e0 agir, \u00e0 se mobiliser et \u00e0 s\u2019organiser pour la lib\u00e9ration des prisonnier.e.s palestinien.ne.s et plus g\u00e9n\u00e9ralement de toute la Palestine; \u00e0 d\u00e9fendre les armes de la r\u00e9sistance, ainsi que le droit l\u00e9gitime du peuple palestinien de r\u00e9sister; \u00e0 rejeter la politique de terreur d\u2019\u00c9tat des puissances imp\u00e9rialistes en s\u2019opposant clairement aux appellations de <em>\u00ab terrorisme \u00bb<\/em> et en soutenant les forces de la r\u00e9sistance qui d\u00e9fendent notre humanit\u00e9 commune face au g\u00e9nocide en cours. La lib\u00e9ration des prisonnier.e.s palestinien.ne.s est une \u00e9tape n\u00e9cessaire de la lib\u00e9ration de la terre et du peuple palestiniens du colonialisme sioniste, et plus largement de la nation arabe et de la r\u00e9gion de l\u2019imp\u00e9rialisme. Chaque jour, les prisonnier.e.s palestinien.ne.s&nbsp; luttent derri\u00e8re les barreaux, tout comme le peuple palestinien fait face au g\u00e9nocide ; en ce jour, construisons le berceau populaire international de la r\u00e9sistance, jusqu\u2019\u00e0 ce que chaque prisonnier.e soit lib\u00e9r\u00e9.e et que la Palestine soit libre, du fleuve \u00e0 la mer.<\/strong><\/p>\n<p style=\"text-align: center;\" align=\"JUSTIFY\">****<\/p>\n<p align=\"JUSTIFY\">Publi\u00e9 le 16 avril sur <a href=\"https:\/\/samidoun.net\/2025\/04\/palestinian-prisoners-day-2025-fighting-for-liberation-against-imperialist-zionist-genocide\/\" target=\"_blank\" rel=\"noopener\">Samidoun<\/a><br \/>\nTraduction : Jean-Marie Fl\u00e9mal, <a href=\"https:\/\/charleroi-pourlapalestine.be\/\">Charleroi pour la Palestine<\/a> et <a href=\"https:\/\/samidoun.net\/fr\/2025\/04\/journee-des-prisonnieres-palestiniennes-2025-luttons-pour-la-liberation-et-contre-le-genocide-imperialiste-sioniste\/\" target=\"_blank\" rel=\"noopener\">Samidoun<\/a><\/p>\n<p style=\"text-align: center;\" align=\"JUSTIFY\">*****<\/p>\n<p><strong>Ce samedi 19 avril, de 15 h \u00e0 17 h, la Plateforme Charleroi-Palestine sera pr\u00e9sente sur la Place Verte \u00e0 Charleroi avec une tonnelle Palestine, en soutien aux prisonnier.e.s palestinien.ne.s. Venez nous rejoindre ! <a href=\"https:\/\/www.facebook.com\/events\/3638779016421609\/?post_id=3643733805926130&amp;acontext=%7B%22event_action_history%22%3A[%7B%22mechanism%22%3A%22footer_attachment%22%2C%22surface%22%3A%22newsfeed%22%7D]%2C%22ref_notif_type%22%3Anull%7D\" target=\"_blank\" rel=\"noopener\">Trouvez l&rsquo;\u00e9v\u00e9nement FB ICI.<\/a><\/strong><\/p>\n<p>Le vendredi 11 avril, <span class=\"x193iq5w xeuugli x13faqbe x1vvkbs x1xmvt09 x1lliihq x1s928wv xhkezso x1gmr53x x1cpjm7i x1fgarty x1943h6x xudqn12 x3x7a5m x6prxxf xvq8zen xo1l8bm xzsf02u x1yc453h\" dir=\"auto\">La Plateforme Charleroi-Palestine \u00e9tait pr\u00e9sente ce vendredi sur le pont devant la gare de Charleroi pour appeler \u00e0 la mobilisation contre le g\u00e9nocide, revendiquer la lib\u00e9ration de <strong>Georges Ibrahim Abdallah<\/strong> et rendre hommage au prisonnier et militant r\u00e9volutionnaire<strong> Walid Daqqah,<\/strong> assassin\u00e9 il y a un un dans une des prisons sionistes.<\/span><\/p>\n<p>&nbsp;<\/p>\n<p><img loading=\"lazy\" decoding=\"async\" class=\"aligncenter wp-image-83932 size-full\" src=\"https:\/\/charleroi-pourlapalestine.be\/wp-content\/uploads\/2025\/04\/11-avril-8-Saleha-1-e1744904201293.jpeg\" alt=\"Soutien \u00e0 Georges Abdallah sur le pont devant la gare de Charleroi\" width=\"486\" height=\"648\"><\/p>\n<p>&nbsp;<\/p>\n<p align=\"JUSTIFY\"><img loading=\"lazy\" decoding=\"async\" class=\"aligncenter wp-image-83931 size-full\" src=\"https:\/\/charleroi-pourlapalestine.be\/wp-content\/uploads\/2025\/04\/11-avril-6-Leila-et-groupe-e1744904002689.jpeg\" alt=\"Soutien aux prisonnier.e.s palestinien.ne.s\" width=\"1020\" height=\"695\"><\/p>\n<p align=\"JUSTIFY\">&nbsp;<\/p>\n","protected":false},"excerpt":{"rendered":"<p>Rejoignez-nous ce samedi 19 avril, de 15 h \u00e0 17 h, place Verte, Charleroi, \u00e0 la tonnelle Palestine en soutien aux prisonnier.e.s palestinien.ne.s<\/p>\n","protected":false},"author":1,"featured_media":83928,"comment_status":"closed","ping_status":"closed","sticky":false,"template":"","format":"standard","meta":{"ngg_post_thumbnail":0,"footnotes":""},"categories":[344,13,25],"tags":[],"class_list":["post-83898","post","type-post","status-publish","format-standard","has-post-thumbnail","hentry","category-genocide","category-les-prisionners-palestiniens","category-la-resistance-palestinienne"],"yoast_head":"<!-- This site is optimized with the Yoast SEO plugin v27.3 - https:\/\/yoast.com\/product\/yoast-seo-wordpress\/ -->\n<title>Journ\u00e9e des prisonnier.e.s palestinien.ne.s \u2013 2025 : Le combat pour la lib\u00e9ration contre le g\u00e9nocide imp\u00e9rialiste et sioniste<\/title>\n<meta name=\"description\" content=\"La Journ\u00e9e des prisonnier.e.s palestinien.ne.s a lieu au moment de l&#039;intensification du g\u00e9nocide perp\u00e9tr\u00e9 contre le peuple palestinien\" \/>\n<meta name=\"robots\" content=\"index, follow, max-snippet:-1, max-image-preview:large, max-video-preview:-1\" \/>\n<link rel=\"canonical\" href=\"https:\/\/charleroi-pourlapalestine.be\/index.php\/2025\/04\/17\/journee-des-prisonnier-e-s-palestinien-ne-s-2025-le-combat-pour-la-liberation-contre-le-genocide-imperialiste-et-sioniste\/\" \/>\n<script type=\"application\/ld+json\" class=\"yoast-schema-graph\">{\"@context\":\"https:\\\/\\\/schema.org\",\"@graph\":[{\"@type\":\"Article\",\"@id\":\"https:\\\/\\\/charleroi-pourlapalestine.be\\\/index.php\\\/2025\\\/04\\\/17\\\/journee-des-prisonnier-e-s-palestinien-ne-s-2025-le-combat-pour-la-liberation-contre-le-genocide-imperialiste-et-sioniste\\\/#article\",\"isPartOf\":{\"@id\":\"https:\\\/\\\/charleroi-pourlapalestine.be\\\/index.php\\\/2025\\\/04\\\/17\\\/journee-des-prisonnier-e-s-palestinien-ne-s-2025-le-combat-pour-la-liberation-contre-le-genocide-imperialiste-et-sioniste\\\/\"},\"author\":{\"name\":\"admin1873\",\"@id\":\"https:\\\/\\\/charleroi-pourlapalestine.be\\\/#\\\/schema\\\/person\\\/c19ff515112f1299d8c12671d8fe3faa\"},\"headline\":\"Journ\u00e9e des prisonnier.e.s palestinien.ne.s \u2013 2025 : Le combat pour la lib\u00e9ration contre le g\u00e9nocide imp\u00e9rialiste et sioniste\",\"datePublished\":\"2025-04-17T15:07:39+00:00\",\"dateModified\":\"2025-04-18T01:27:21+00:00\",\"mainEntityOfPage\":{\"@id\":\"https:\\\/\\\/charleroi-pourlapalestine.be\\\/index.php\\\/2025\\\/04\\\/17\\\/journee-des-prisonnier-e-s-palestinien-ne-s-2025-le-combat-pour-la-liberation-contre-le-genocide-imperialiste-et-sioniste\\\/\"},\"wordCount\":4639,\"publisher\":{\"@id\":\"https:\\\/\\\/charleroi-pourlapalestine.be\\\/#organization\"},\"image\":{\"@id\":\"https:\\\/\\\/charleroi-pourlapalestine.be\\\/index.php\\\/2025\\\/04\\\/17\\\/journee-des-prisonnier-e-s-palestinien-ne-s-2025-le-combat-pour-la-liberation-contre-le-genocide-imperialiste-et-sioniste\\\/#primaryimage\"},\"thumbnailUrl\":\"https:\\\/\\\/charleroi-pourlapalestine.be\\\/wp-content\\\/uploads\\\/2025\\\/04\\\/Liberte-pour-les-prisonniers-palestiniens-Samidoun.png\",\"articleSection\":[\"G\u00e9nocide\",\"Prisonniers\",\"R\u00e9sistance\"],\"inLanguage\":\"fr-FR\"},{\"@type\":\"WebPage\",\"@id\":\"https:\\\/\\\/charleroi-pourlapalestine.be\\\/index.php\\\/2025\\\/04\\\/17\\\/journee-des-prisonnier-e-s-palestinien-ne-s-2025-le-combat-pour-la-liberation-contre-le-genocide-imperialiste-et-sioniste\\\/\",\"url\":\"https:\\\/\\\/charleroi-pourlapalestine.be\\\/index.php\\\/2025\\\/04\\\/17\\\/journee-des-prisonnier-e-s-palestinien-ne-s-2025-le-combat-pour-la-liberation-contre-le-genocide-imperialiste-et-sioniste\\\/\",\"name\":\"Journ\u00e9e des prisonnier.e.s palestinien.ne.s \u2013 2025 : Le combat pour la lib\u00e9ration contre le g\u00e9nocide imp\u00e9rialiste et sioniste\",\"isPartOf\":{\"@id\":\"https:\\\/\\\/charleroi-pourlapalestine.be\\\/#website\"},\"primaryImageOfPage\":{\"@id\":\"https:\\\/\\\/charleroi-pourlapalestine.be\\\/index.php\\\/2025\\\/04\\\/17\\\/journee-des-prisonnier-e-s-palestinien-ne-s-2025-le-combat-pour-la-liberation-contre-le-genocide-imperialiste-et-sioniste\\\/#primaryimage\"},\"image\":{\"@id\":\"https:\\\/\\\/charleroi-pourlapalestine.be\\\/index.php\\\/2025\\\/04\\\/17\\\/journee-des-prisonnier-e-s-palestinien-ne-s-2025-le-combat-pour-la-liberation-contre-le-genocide-imperialiste-et-sioniste\\\/#primaryimage\"},\"thumbnailUrl\":\"https:\\\/\\\/charleroi-pourlapalestine.be\\\/wp-content\\\/uploads\\\/2025\\\/04\\\/Liberte-pour-les-prisonniers-palestiniens-Samidoun.png\",\"datePublished\":\"2025-04-17T15:07:39+00:00\",\"dateModified\":\"2025-04-18T01:27:21+00:00\",\"description\":\"La Journ\u00e9e des prisonnier.e.s palestinien.ne.s a lieu au moment de l'intensification du g\u00e9nocide perp\u00e9tr\u00e9 contre le peuple palestinien\",\"breadcrumb\":{\"@id\":\"https:\\\/\\\/charleroi-pourlapalestine.be\\\/index.php\\\/2025\\\/04\\\/17\\\/journee-des-prisonnier-e-s-palestinien-ne-s-2025-le-combat-pour-la-liberation-contre-le-genocide-imperialiste-et-sioniste\\\/#breadcrumb\"},\"inLanguage\":\"fr-FR\",\"potentialAction\":[{\"@type\":\"ReadAction\",\"target\":[\"https:\\\/\\\/charleroi-pourlapalestine.be\\\/index.php\\\/2025\\\/04\\\/17\\\/journee-des-prisonnier-e-s-palestinien-ne-s-2025-le-combat-pour-la-liberation-contre-le-genocide-imperialiste-et-sioniste\\\/\"]}]},{\"@type\":\"ImageObject\",\"inLanguage\":\"fr-FR\",\"@id\":\"https:\\\/\\\/charleroi-pourlapalestine.be\\\/index.php\\\/2025\\\/04\\\/17\\\/journee-des-prisonnier-e-s-palestinien-ne-s-2025-le-combat-pour-la-liberation-contre-le-genocide-imperialiste-et-sioniste\\\/#primaryimage\",\"url\":\"https:\\\/\\\/charleroi-pourlapalestine.be\\\/wp-content\\\/uploads\\\/2025\\\/04\\\/Liberte-pour-les-prisonniers-palestiniens-Samidoun.png\",\"contentUrl\":\"https:\\\/\\\/charleroi-pourlapalestine.be\\\/wp-content\\\/uploads\\\/2025\\\/04\\\/Liberte-pour-les-prisonniers-palestiniens-Samidoun.png\",\"width\":623,\"height\":480},{\"@type\":\"BreadcrumbList\",\"@id\":\"https:\\\/\\\/charleroi-pourlapalestine.be\\\/index.php\\\/2025\\\/04\\\/17\\\/journee-des-prisonnier-e-s-palestinien-ne-s-2025-le-combat-pour-la-liberation-contre-le-genocide-imperialiste-et-sioniste\\\/#breadcrumb\",\"itemListElement\":[{\"@type\":\"ListItem\",\"position\":1,\"name\":\"Accueil\",\"item\":\"https:\\\/\\\/charleroi-pourlapalestine.be\\\/\"},{\"@type\":\"ListItem\",\"position\":2,\"name\":\"Journ\u00e9e des prisonnier.e.s palestinien.ne.s \u2013 2025 : Le combat pour la lib\u00e9ration contre le g\u00e9nocide imp\u00e9rialiste et sioniste\"}]},{\"@type\":\"WebSite\",\"@id\":\"https:\\\/\\\/charleroi-pourlapalestine.be\\\/#website\",\"url\":\"https:\\\/\\\/charleroi-pourlapalestine.be\\\/\",\"name\":\"Charleroi Pour la Palestine\",\"description\":\"\",\"publisher\":{\"@id\":\"https:\\\/\\\/charleroi-pourlapalestine.be\\\/#organization\"},\"potentialAction\":[{\"@type\":\"SearchAction\",\"target\":{\"@type\":\"EntryPoint\",\"urlTemplate\":\"https:\\\/\\\/charleroi-pourlapalestine.be\\\/?s={search_term_string}\"},\"query-input\":{\"@type\":\"PropertyValueSpecification\",\"valueRequired\":true,\"valueName\":\"search_term_string\"}}],\"inLanguage\":\"fr-FR\"},{\"@type\":\"Organization\",\"@id\":\"https:\\\/\\\/charleroi-pourlapalestine.be\\\/#organization\",\"name\":\"Plate-forme Charleroi-Palestine\",\"url\":\"https:\\\/\\\/charleroi-pourlapalestine.be\\\/\",\"logo\":{\"@type\":\"ImageObject\",\"inLanguage\":\"fr-FR\",\"@id\":\"https:\\\/\\\/charleroi-pourlapalestine.be\\\/#\\\/schema\\\/logo\\\/image\\\/\",\"url\":\"https:\\\/\\\/charleroi-pourlapalestine.be\\\/wp-content\\\/uploads\\\/2020\\\/01\\\/logo-Copy.jpg\",\"contentUrl\":\"https:\\\/\\\/charleroi-pourlapalestine.be\\\/wp-content\\\/uploads\\\/2020\\\/01\\\/logo-Copy.jpg\",\"width\":180,\"height\":180,\"caption\":\"Plate-forme Charleroi-Palestine\"},\"image\":{\"@id\":\"https:\\\/\\\/charleroi-pourlapalestine.be\\\/#\\\/schema\\\/logo\\\/image\\\/\"},\"sameAs\":[\"https:\\\/\\\/www.facebook.com\\\/PlateformeCharleroiPalestine\\\/\",\"https:\\\/\\\/x.com\\\/LaCharleroi\"]},{\"@type\":\"Person\",\"@id\":\"https:\\\/\\\/charleroi-pourlapalestine.be\\\/#\\\/schema\\\/person\\\/c19ff515112f1299d8c12671d8fe3faa\",\"name\":\"admin1873\",\"url\":\"https:\\\/\\\/charleroi-pourlapalestine.be\\\/index.php\\\/author\\\/admin1873\\\/\"}]}<\/script>\n<!-- \/ Yoast SEO plugin. -->","yoast_head_json":{"title":"Journ\u00e9e des prisonnier.e.s palestinien.ne.s \u2013 2025 : Le combat pour la lib\u00e9ration contre le g\u00e9nocide imp\u00e9rialiste et sioniste","description":"La Journ\u00e9e des prisonnier.e.s palestinien.ne.s a lieu au moment de l'intensification du g\u00e9nocide perp\u00e9tr\u00e9 contre le peuple palestinien","robots":{"index":"index","follow":"follow","max-snippet":"max-snippet:-1","max-image-preview":"max-image-preview:large","max-video-preview":"max-video-preview:-1"},"canonical":"https:\/\/charleroi-pourlapalestine.be\/index.php\/2025\/04\/17\/journee-des-prisonnier-e-s-palestinien-ne-s-2025-le-combat-pour-la-liberation-contre-le-genocide-imperialiste-et-sioniste\/","schema":{"@context":"https:\/\/schema.org","@graph":[{"@type":"Article","@id":"https:\/\/charleroi-pourlapalestine.be\/index.php\/2025\/04\/17\/journee-des-prisonnier-e-s-palestinien-ne-s-2025-le-combat-pour-la-liberation-contre-le-genocide-imperialiste-et-sioniste\/#article","isPartOf":{"@id":"https:\/\/charleroi-pourlapalestine.be\/index.php\/2025\/04\/17\/journee-des-prisonnier-e-s-palestinien-ne-s-2025-le-combat-pour-la-liberation-contre-le-genocide-imperialiste-et-sioniste\/"},"author":{"name":"admin1873","@id":"https:\/\/charleroi-pourlapalestine.be\/#\/schema\/person\/c19ff515112f1299d8c12671d8fe3faa"},"headline":"Journ\u00e9e des prisonnier.e.s palestinien.ne.s \u2013 2025 : Le combat pour la lib\u00e9ration contre le g\u00e9nocide imp\u00e9rialiste et sioniste","datePublished":"2025-04-17T15:07:39+00:00","dateModified":"2025-04-18T01:27:21+00:00","mainEntityOfPage":{"@id":"https:\/\/charleroi-pourlapalestine.be\/index.php\/2025\/04\/17\/journee-des-prisonnier-e-s-palestinien-ne-s-2025-le-combat-pour-la-liberation-contre-le-genocide-imperialiste-et-sioniste\/"},"wordCount":4639,"publisher":{"@id":"https:\/\/charleroi-pourlapalestine.be\/#organization"},"image":{"@id":"https:\/\/charleroi-pourlapalestine.be\/index.php\/2025\/04\/17\/journee-des-prisonnier-e-s-palestinien-ne-s-2025-le-combat-pour-la-liberation-contre-le-genocide-imperialiste-et-sioniste\/#primaryimage"},"thumbnailUrl":"https:\/\/charleroi-pourlapalestine.be\/wp-content\/uploads\/2025\/04\/Liberte-pour-les-prisonniers-palestiniens-Samidoun.png","articleSection":["G\u00e9nocide","Prisonniers","R\u00e9sistance"],"inLanguage":"fr-FR"},{"@type":"WebPage","@id":"https:\/\/charleroi-pourlapalestine.be\/index.php\/2025\/04\/17\/journee-des-prisonnier-e-s-palestinien-ne-s-2025-le-combat-pour-la-liberation-contre-le-genocide-imperialiste-et-sioniste\/","url":"https:\/\/charleroi-pourlapalestine.be\/index.php\/2025\/04\/17\/journee-des-prisonnier-e-s-palestinien-ne-s-2025-le-combat-pour-la-liberation-contre-le-genocide-imperialiste-et-sioniste\/","name":"Journ\u00e9e des prisonnier.e.s palestinien.ne.s \u2013 2025 : Le combat pour la lib\u00e9ration contre le g\u00e9nocide imp\u00e9rialiste et sioniste","isPartOf":{"@id":"https:\/\/charleroi-pourlapalestine.be\/#website"},"primaryImageOfPage":{"@id":"https:\/\/charleroi-pourlapalestine.be\/index.php\/2025\/04\/17\/journee-des-prisonnier-e-s-palestinien-ne-s-2025-le-combat-pour-la-liberation-contre-le-genocide-imperialiste-et-sioniste\/#primaryimage"},"image":{"@id":"https:\/\/charleroi-pourlapalestine.be\/index.php\/2025\/04\/17\/journee-des-prisonnier-e-s-palestinien-ne-s-2025-le-combat-pour-la-liberation-contre-le-genocide-imperialiste-et-sioniste\/#primaryimage"},"thumbnailUrl":"https:\/\/charleroi-pourlapalestine.be\/wp-content\/uploads\/2025\/04\/Liberte-pour-les-prisonniers-palestiniens-Samidoun.png","datePublished":"2025-04-17T15:07:39+00:00","dateModified":"2025-04-18T01:27:21+00:00","description":"La Journ\u00e9e des prisonnier.e.s palestinien.ne.s a lieu au moment de l'intensification du g\u00e9nocide perp\u00e9tr\u00e9 contre le peuple palestinien","breadcrumb":{"@id":"https:\/\/charleroi-pourlapalestine.be\/index.php\/2025\/04\/17\/journee-des-prisonnier-e-s-palestinien-ne-s-2025-le-combat-pour-la-liberation-contre-le-genocide-imperialiste-et-sioniste\/#breadcrumb"},"inLanguage":"fr-FR","potentialAction":[{"@type":"ReadAction","target":["https:\/\/charleroi-pourlapalestine.be\/index.php\/2025\/04\/17\/journee-des-prisonnier-e-s-palestinien-ne-s-2025-le-combat-pour-la-liberation-contre-le-genocide-imperialiste-et-sioniste\/"]}]},{"@type":"ImageObject","inLanguage":"fr-FR","@id":"https:\/\/charleroi-pourlapalestine.be\/index.php\/2025\/04\/17\/journee-des-prisonnier-e-s-palestinien-ne-s-2025-le-combat-pour-la-liberation-contre-le-genocide-imperialiste-et-sioniste\/#primaryimage","url":"https:\/\/charleroi-pourlapalestine.be\/wp-content\/uploads\/2025\/04\/Liberte-pour-les-prisonniers-palestiniens-Samidoun.png","contentUrl":"https:\/\/charleroi-pourlapalestine.be\/wp-content\/uploads\/2025\/04\/Liberte-pour-les-prisonniers-palestiniens-Samidoun.png","width":623,"height":480},{"@type":"BreadcrumbList","@id":"https:\/\/charleroi-pourlapalestine.be\/index.php\/2025\/04\/17\/journee-des-prisonnier-e-s-palestinien-ne-s-2025-le-combat-pour-la-liberation-contre-le-genocide-imperialiste-et-sioniste\/#breadcrumb","itemListElement":[{"@type":"ListItem","position":1,"name":"Accueil","item":"https:\/\/charleroi-pourlapalestine.be\/"},{"@type":"ListItem","position":2,"name":"Journ\u00e9e des prisonnier.e.s palestinien.ne.s \u2013 2025 : Le combat pour la lib\u00e9ration contre le g\u00e9nocide imp\u00e9rialiste et sioniste"}]},{"@type":"WebSite","@id":"https:\/\/charleroi-pourlapalestine.be\/#website","url":"https:\/\/charleroi-pourlapalestine.be\/","name":"Charleroi Pour la Palestine","description":"","publisher":{"@id":"https:\/\/charleroi-pourlapalestine.be\/#organization"},"potentialAction":[{"@type":"SearchAction","target":{"@type":"EntryPoint","urlTemplate":"https:\/\/charleroi-pourlapalestine.be\/?s={search_term_string}"},"query-input":{"@type":"PropertyValueSpecification","valueRequired":true,"valueName":"search_term_string"}}],"inLanguage":"fr-FR"},{"@type":"Organization","@id":"https:\/\/charleroi-pourlapalestine.be\/#organization","name":"Plate-forme Charleroi-Palestine","url":"https:\/\/charleroi-pourlapalestine.be\/","logo":{"@type":"ImageObject","inLanguage":"fr-FR","@id":"https:\/\/charleroi-pourlapalestine.be\/#\/schema\/logo\/image\/","url":"https:\/\/charleroi-pourlapalestine.be\/wp-content\/uploads\/2020\/01\/logo-Copy.jpg","contentUrl":"https:\/\/charleroi-pourlapalestine.be\/wp-content\/uploads\/2020\/01\/logo-Copy.jpg","width":180,"height":180,"caption":"Plate-forme Charleroi-Palestine"},"image":{"@id":"https:\/\/charleroi-pourlapalestine.be\/#\/schema\/logo\/image\/"},"sameAs":["https:\/\/www.facebook.com\/PlateformeCharleroiPalestine\/","https:\/\/x.com\/LaCharleroi"]},{"@type":"Person","@id":"https:\/\/charleroi-pourlapalestine.be\/#\/schema\/person\/c19ff515112f1299d8c12671d8fe3faa","name":"admin1873","url":"https:\/\/charleroi-pourlapalestine.be\/index.php\/author\/admin1873\/"}]}},"_links":{"self":[{"href":"https:\/\/charleroi-pourlapalestine.be\/index.php\/wp-json\/wp\/v2\/posts\/83898","targetHints":{"allow":["GET"]}}],"collection":[{"href":"https:\/\/charleroi-pourlapalestine.be\/index.php\/wp-json\/wp\/v2\/posts"}],"about":[{"href":"https:\/\/charleroi-pourlapalestine.be\/index.php\/wp-json\/wp\/v2\/types\/post"}],"author":[{"embeddable":true,"href":"https:\/\/charleroi-pourlapalestine.be\/index.php\/wp-json\/wp\/v2\/users\/1"}],"replies":[{"embeddable":true,"href":"https:\/\/charleroi-pourlapalestine.be\/index.php\/wp-json\/wp\/v2\/comments?post=83898"}],"version-history":[{"count":0,"href":"https:\/\/charleroi-pourlapalestine.be\/index.php\/wp-json\/wp\/v2\/posts\/83898\/revisions"}],"wp:featuredmedia":[{"embeddable":true,"href":"https:\/\/charleroi-pourlapalestine.be\/index.php\/wp-json\/wp\/v2\/media\/83928"}],"wp:attachment":[{"href":"https:\/\/charleroi-pourlapalestine.be\/index.php\/wp-json\/wp\/v2\/media?parent=83898"}],"wp:term":[{"taxonomy":"category","embeddable":true,"href":"https:\/\/charleroi-pourlapalestine.be\/index.php\/wp-json\/wp\/v2\/categories?post=83898"},{"taxonomy":"post_tag","embeddable":true,"href":"https:\/\/charleroi-pourlapalestine.be\/index.php\/wp-json\/wp\/v2\/tags?post=83898"}],"curies":[{"name":"wp","href":"https:\/\/api.w.org\/{rel}","templated":true}]}}