{"id":83975,"date":"2025-04-22T12:25:25","date_gmt":"2025-04-22T10:25:25","guid":{"rendered":"https:\/\/charleroi-pourlapalestine.be\/?p=83975"},"modified":"2025-04-22T16:39:34","modified_gmt":"2025-04-22T14:39:34","slug":"des-mobilisations-pour-les-prisonnier-e-s-palestinien-ne-s-a-bruxelles-et-charleroi","status":"publish","type":"post","link":"https:\/\/charleroi-pourlapalestine.be\/index.php\/2025\/04\/22\/des-mobilisations-pour-les-prisonnier-e-s-palestinien-ne-s-a-bruxelles-et-charleroi\/","title":{"rendered":"Des mobilisations pour les prisonnier.e.s palestinien.ne.s \u00e0 Bruxelles et Charleroi"},"content":{"rendered":"<p>Le 17 avril marque la Journ\u00e9e des prisonnier.e.s palestinien.ne.s, la journ\u00e9e internationale annuelle en vue de se concentrer sur la lutte et la lib\u00e9ration des prisonnier.e.s palestinien.ne.&nbsp; A cette occasion, parmi d&rsquo;autres, une soir\u00e9e impressionnante a eu lieu \u00e0 Bruxelles et une action a \u00e9t\u00e9 organis\u00e9e dans le centre de Charleroi.<\/p>\n<p>&nbsp;<\/p>\n<p data-wp-editing=\"1\"><img loading=\"lazy\" decoding=\"async\" class=\"aligncenter wp-image-83989 size-full\" src=\"https:\/\/charleroi-pourlapalestine.be\/wp-content\/uploads\/2025\/04\/18-avril-soiree-Bxl-e1745249165246.jpeg\" alt=\"Rencontre publique &quot;Prisonniers palestiniens - Enjeux actuels et perspectives de lib\u00e9ration&quot;. Photo : Charleroi pour la Palestine.\" width=\"784\" height=\"1048\"><\/p>\n<p>&nbsp;<\/p>\n<p>Une d\u00e9l\u00e9gation de la Plateforme Charleroi-Palestine s&rsquo;est rendue ce vendredi 18 avril \u00e0 l&rsquo;excellente rencontre publique <a href=\"https:\/\/charleroi-pourlapalestine.be\/index.php\/2025\/04\/17\/journee-des-prisonnier-e-s-palestinien-ne-s-2025-le-combat-pour-la-liberation-contre-le-genocide-imperialiste-et-sioniste\/\" target=\"_blank\" rel=\"noopener\"><em><strong>\u00ab\u00a0Prisonniers palestiniens &#8211; Enjeux actuels et perspectives de lib\u00e9ration\u00a0\u00bb.<\/strong><\/em><\/a><\/p>\n<p>Nous publions ici le t\u00e9moignage qu&rsquo;un ami bruxellois nous a fait parvenir et qui traduit tout \u00e0 fait nos sentiments. Merci \u00e0 lui.<\/p>\n<blockquote><p>\u00ab\u00a0Le 18 avril, j&rsquo;ai particip\u00e9 \u00e0 la conf\u00e9rence organis\u00e9e par<a href=\"https:\/\/samidoun.net\/fr\/\" target=\"_blank\" rel=\"noopener\"> <strong>Samidoun<\/strong><\/a> et d&rsquo;autres collectifs \u00e0 Bruxelles (Pianofabriek &#8211; Saint-Gilles) \u00e0 l&rsquo;occasion de la&nbsp; Journ\u00e9e des prisonnier.e.s politiques palestinien.ne.s.<br \/>\nCe fut une soir\u00e9e de tr\u00e8s haut niveau, tant sur le fond que sur la forme. Il y avait plus de 100 participants, dont 95 % de jeunes et 80 % de jeunes femmes motiv\u00e9es. C&rsquo;est une participation tr\u00e8s remarquable et pleine d&rsquo;espoir.<\/p>\n<p>&nbsp;<\/p><\/blockquote>\n<p><img loading=\"lazy\" decoding=\"async\" class=\"aligncenter wp-image-83995 size-full\" src=\"https:\/\/charleroi-pourlapalestine.be\/wp-content\/uploads\/2025\/04\/18-avril-grand-public-e1745250155144.jpeg\" alt=\"Rencontre publique &quot;Prisonniers palestiniens - Enjeux actuels et perspectives de lib\u00e9ration&quot;. Photo : Samidoun\" width=\"1248\" height=\"936\"><\/p>\n<blockquote><p>&nbsp;<\/p>\n<p>Les deux camarades qui animaient la soir\u00e9e sont de jeunes Palestiniennes qui \u00e9tudient \u00e0 la VUB, l&rsquo;une de <strong>Gaza<\/strong> et l&rsquo;autre du camp de r\u00e9fugi\u00e9s d&rsquo;<strong>Ain al-Helweh<\/strong> (Sa\u00efda, Liban). Elles parlaient couramment le fran\u00e7ais et l&rsquo;anglais (ainsi que l&rsquo;arabe et le n\u00e9erlandais) et ont men\u00e9 la discussion de mani\u00e8re excellente, en se concentrant sur les th\u00e8mes centraux de la r\u00e9sistance et de la lutte pour la lib\u00e9ration de la Palestine.<\/p>\n<p>Cinq personnes ont \u00e9t\u00e9 invit\u00e9es \u00e0 prendre la parole : <strong>Hadeel Shattara <\/strong>et <strong>Fadia Barghouti,<\/strong> deux Palestiniens lib\u00e9r\u00e9s par la r\u00e9sistance dans les Accords de Toufan al Ahrar ; <strong>Adel<\/strong>, un camarade de Samidoun Paris Banlieue ; <strong>Nathan<\/strong>, un camarade actif au sein de l&rsquo;Universit\u00e9 Populaire de Bruxelles (l&rsquo;occupation \u00e9tudiante de l&rsquo;ULB au printemps 2024) ; ainsi qu&rsquo;une camarade du collectif <strong><em>Getting the Voice Out<\/em><\/strong>, qui lutte contre l&rsquo;enfermement des sans-papiers, pour souligner la convergence des luttes.<\/p>\n<p>Les anciennes prisonni\u00e8res, avec nous sur Zoom, ont d\u00e9nonc\u00e9 la r\u00e9pression et d\u00e9crit la mis\u00e8re en prison. Mais leurs propos n&rsquo;\u00e9taient ni des plaintes, ni des lamentations, leurs t\u00e9moignages \u00e9taient pleins de dignit\u00e9 et illustratifs de la volont\u00e9 et de la force de tout un peuple, que l&rsquo;on peut caract\u00e9riser par le terme &lsquo;sumud&rsquo;.<\/p>\n<p>&nbsp;<\/p><\/blockquote>\n<div id=\"attachment_83990\" style=\"width: 1237px\" class=\"wp-caption aligncenter\"><img loading=\"lazy\" decoding=\"async\" aria-describedby=\"caption-attachment-83990\" class=\"wp-image-83990 size-full\" src=\"https:\/\/charleroi-pourlapalestine.be\/wp-content\/uploads\/2025\/04\/18-avril-prisonn-scaled-e1745249582548.jpeg\" alt=\"Rencontre publique &quot;Prisonniers palestiniens - Enjeux actuels et perspectives de lib\u00e9ration&quot; : Hadeel Shattara et Fadia Barghouti, deux Palestiniens lib\u00e9r\u00e9s par la r\u00e9sistance dans les Accords de Toufan al Ahrar (Photo : Samidoun)\" width=\"1227\" height=\"920\"><p id=\"caption-attachment-83990\" class=\"wp-caption-text\"><strong>Hadeel Shattara et Fadia Barghouti<\/strong><\/p><\/div>\n<p>&nbsp;<\/p>\n<blockquote><p>Le discours du camarade de <a href=\"https:\/\/t.me\/samidounparisbanlieue\" target=\"_blank\" rel=\"noopener\"><strong>Samidoun Paris<\/strong><\/a> \u00e9tait tr\u00e8s int\u00e9ressant. Il a expliqu\u00e9 l&rsquo;immense importance politique de la lutte des prisonnier.e.s, leur r\u00f4le central dans la lutte de lib\u00e9ration (\u00ab les prisonniers sont notre boussole \u00bb) et la fa\u00e7on dont leur existence et leurs actions nous accompagnent dans nos luttes au-del\u00e0 des murs de la prison. Il a notamment \u00e9voqu\u00e9<a href=\"https:\/\/charleroi-pourlapalestine.be\/?s=Georges+abdallah\"> <strong>Georges Ibrahim Abdallah<\/strong><\/a> et <a href=\"https:\/\/charleroi-pourlapalestine.be\/?s=walid+daqqah\"><strong>Walid Daqqah<\/strong><\/a> (et l&rsquo;\u0153uvre de ce dernier, exemple de l&rsquo;importance de la litt\u00e9rature produite par les prisonniers pour comprendre le syst\u00e8me carc\u00e9ral colonial). Il a \u00e9galement rappel\u00e9 la place de <em><strong>Toufan al Aqsa<\/strong><\/em> (le 7 octobre) dans un contexte o\u00f9 la lib\u00e9ration des prisonniers est au c\u0153ur de la lutte palestinienne. Enfin, il a parl\u00e9 de toutes ces autres luttes, pour nous rappeler la force des peuples lorsqu&rsquo;ils se soul\u00e8vent contre l&rsquo;oppresseur, d&rsquo;<strong>Ha\u00efti<\/strong> (peuple de prisonniers asservis qui a arrach\u00e9 sa libert\u00e9 au pouvoir colonial fran\u00e7ais il y a 200 ans) \u00e0 l&rsquo;<strong>Alg\u00e9rie.<\/strong> Ce slogan l&rsquo;illustre : Ha\u00efti a gagn\u00e9, le Vietnam a gagn\u00e9, l&rsquo;Alg\u00e9rie a gagn\u00e9, la Palestine gagnera elle aussi.<\/p>\n<p>&nbsp;<\/p>\n<div id=\"attachment_83998\" style=\"width: 794px\" class=\"wp-caption aligncenter\"><img loading=\"lazy\" decoding=\"async\" aria-describedby=\"caption-attachment-83998\" class=\"wp-image-83998 size-full\" src=\"https:\/\/charleroi-pourlapalestine.be\/wp-content\/uploads\/2025\/04\/18-avril-Adel-e1745253126787.jpeg\" alt=\"Rencontre publique &quot;Prisonniers palestiniens - Enjeux actuels et perspectives de lib\u00e9ration&quot; : Adel, un camarade de Samidoun Paris Banlieue (Photo : Charleroi pour la Palestine)\" width=\"784\" height=\"1048\"><p id=\"caption-attachment-83998\" class=\"wp-caption-text\">Adel, un camarade de Samidoun Paris Banlieue<\/p><\/div>\n<p>&nbsp;<\/p><\/blockquote>\n<p>&nbsp;<\/p>\n<blockquote><p>Le camarade qui a particip\u00e9 \u00e0 l&rsquo;occupation de la Palestine par l&rsquo;ULB a expliqu\u00e9 comment lui et ses camarades ont men\u00e9 des discussions approfondies et d\u00e9velopp\u00e9 une position politique anticoloniale, qui ne se limitait pas \u00e0 <em>\u00ab lib\u00e9rer la Palestine \u00bb<\/em>, <em>\u00ab arr\u00eater le g\u00e9nocide \u00bb<\/em> et obtenir une <em>\u00ab tr\u00eave \u00bb<\/em>, mais soutenait la lutte, y compris la lutte arm\u00e9e, des Palestiniens pour retrouver l&rsquo;int\u00e9gralit\u00e9 de leur patrie. Par cons\u00e9quent, cette occupation est all\u00e9e beaucoup plus loin que la courageuse occupation de Gand.<\/p><\/blockquote>\n<p>&nbsp;<\/p>\n<p><img loading=\"lazy\" decoding=\"async\" class=\"aligncenter wp-image-83999 size-full\" src=\"https:\/\/charleroi-pourlapalestine.be\/wp-content\/uploads\/2025\/04\/18-avril-Nathan-e1745253297258.jpeg\" alt=\"Rencontre publique &quot;Prisonniers palestiniens - Enjeux actuels et perspectives de lib\u00e9ration&quot;. Nathan, le camarade qui a particip\u00e9 \u00e0 l'occupation de la Palestine par l'ULB (Photo : Charleroi pour la Palestine)\" width=\"784\" height=\"1048\"><\/p>\n<blockquote><p>&nbsp;<\/p>\n<p>La camarade du collectif <em>Getting the voice out<\/em>, qui d\u00e9fend les sans-papiers d\u00e9tenus, a t\u00e9moign\u00e9 de la fa\u00e7on dont ces personnes sans d\u00e9fense sont humili\u00e9es et isol\u00e9es sans aucune perspective de trouver la libert\u00e9 et la protection qu&rsquo;elles ont recherch\u00e9es dans notre pays.<\/p><\/blockquote>\n<p>&nbsp;<\/p>\n<p><img loading=\"lazy\" decoding=\"async\" class=\"aligncenter wp-image-84000 size-full\" src=\"https:\/\/charleroi-pourlapalestine.be\/wp-content\/uploads\/2025\/04\/18-avril-Getting-the-voice-out-e1745253474715.jpeg\" alt=\"La camarade du Collectif &quot;Getting the voice out&quot; (Photo : Charleroi pour la Palestine)\" width=\"784\" height=\"1048\"><\/p>\n<blockquote><p>&nbsp;<\/p>\n<p>La soir\u00e9e s&rsquo;est termin\u00e9e sur l&rsquo;appel de <strong>Hadeel Shattara,<\/strong> ancienne prisonni\u00e8re :<\/p>\n<p><strong>\u00ab\u00a0Continuons \u00e0 affaiblir l&rsquo;entit\u00e9 sioniste et ses soutiens imp\u00e9rialistes, partout o\u00f9 nous le pouvons et de toutes les fa\u00e7ons que nous le pouvons.\u00a0\u00bb<\/strong><\/p><\/blockquote>\n<p>&nbsp;<\/p>\n<h3>Action dans le centre-ville de Charleroi<\/h3>\n<p>Le lendemain, samedi 19 avril, une \u00e9quipe de la Plateforme s&rsquo;est install\u00e9e Place Verte \u00e0 Charleroi. Une tonnelle a \u00e9t\u00e9 dress\u00e9e, d\u00e9cor\u00e9e des photos des prisonnier.e.s palestinien.ne.s et des prisonnier.e.s martyr.e.s, ainsi que des calicots pour la lib\u00e9ration de Georges Abdallah, d&rsquo;Ahmad Sa&rsquo;adat et de tou.te.s les prisonnier.e.s palestinien.ne.s. Les drapeaux palestiniens flottaient sur la place et les passants d\u00e9couvraient \u00e9galement des messages contre le g\u00e9nocide en cours, pour le boycott d&rsquo;Isra\u00ebl et en faveur de la r\u00e9sistance palestinienne.<\/p>\n<p>&nbsp;<\/p>\n<p><img loading=\"lazy\" decoding=\"async\" class=\"aligncenter wp-image-84048 size-full\" src=\"https:\/\/charleroi-pourlapalestine.be\/wp-content\/uploads\/2025\/04\/19-avril-liberez-Georges-e1745326452809.jpeg\" alt=\"\" width=\"1381\" height=\"1036\"><\/p>\n<p>&nbsp;<\/p>\n<p>&nbsp;<\/p>\n<p><img loading=\"lazy\" decoding=\"async\" class=\"alignnone wp-image-84024 size-full\" src=\"https:\/\/charleroi-pourlapalestine.be\/wp-content\/uploads\/2025\/04\/19-avril-tente-prisonn-e1745311580654.jpeg\" alt=\"\" width=\"1005\" height=\"1032\" srcset=\"https:\/\/charleroi-pourlapalestine.be\/wp-content\/uploads\/2025\/04\/19-avril-tente-prisonn-e1745311580654.jpeg 1005w, https:\/\/charleroi-pourlapalestine.be\/wp-content\/uploads\/2025\/04\/19-avril-tente-prisonn-e1745311580654-243x250.jpeg 243w, https:\/\/charleroi-pourlapalestine.be\/wp-content\/uploads\/2025\/04\/19-avril-tente-prisonn-e1745311580654-487x500.jpeg 487w, https:\/\/charleroi-pourlapalestine.be\/wp-content\/uploads\/2025\/04\/19-avril-tente-prisonn-e1745311580654-768x789.jpeg 768w\" sizes=\"auto, (max-width: 1005px) 100vw, 1005px\" \/><\/p>\n<p>&nbsp;<\/p>\n<p><img loading=\"lazy\" decoding=\"async\" class=\"aligncenter wp-image-84049 size-full\" src=\"https:\/\/charleroi-pourlapalestine.be\/wp-content\/uploads\/2025\/04\/19-avril-Ahmad-Saadat-Aballah-Barghouti-e1745326642218.jpeg\" alt=\"\" width=\"648\" height=\"1048\"><\/p>\n<p>&nbsp;<\/p>\n<p><img loading=\"lazy\" decoding=\"async\" class=\"aligncenter wp-image-84066 size-full\" src=\"https:\/\/charleroi-pourlapalestine.be\/wp-content\/uploads\/2025\/04\/19-avril-De-Jenine-a-Gaza-e1745330622655.jpeg\" alt=\"\" width=\"1870\" height=\"1050\"><\/p>\n<p>&nbsp;<\/p>\n<p>&nbsp;<\/p>\n<p><img loading=\"lazy\" decoding=\"async\" class=\"aligncenter wp-image-84069 size-full\" src=\"https:\/\/charleroi-pourlapalestine.be\/wp-content\/uploads\/2025\/04\/19-avril-Choi-soutien-Gaza-e1745331647983.jpeg\" alt=\"\" width=\"1870\" height=\"908\" srcset=\"https:\/\/charleroi-pourlapalestine.be\/wp-content\/uploads\/2025\/04\/19-avril-Choi-soutien-Gaza-e1745331647983.jpeg 1870w, https:\/\/charleroi-pourlapalestine.be\/wp-content\/uploads\/2025\/04\/19-avril-Choi-soutien-Gaza-e1745331647983-350x170.jpeg 350w, https:\/\/charleroi-pourlapalestine.be\/wp-content\/uploads\/2025\/04\/19-avril-Choi-soutien-Gaza-e1745331647983-700x340.jpeg 700w, https:\/\/charleroi-pourlapalestine.be\/wp-content\/uploads\/2025\/04\/19-avril-Choi-soutien-Gaza-e1745331647983-768x373.jpeg 768w, https:\/\/charleroi-pourlapalestine.be\/wp-content\/uploads\/2025\/04\/19-avril-Choi-soutien-Gaza-e1745331647983-1536x746.jpeg 1536w\" sizes=\"auto, (max-width: 1870px) 100vw, 1870px\" \/><\/p>\n<p>&nbsp;<\/p>\n<p><img loading=\"lazy\" decoding=\"async\" class=\"aligncenter wp-image-84020 size-full\" src=\"https:\/\/charleroi-pourlapalestine.be\/wp-content\/uploads\/2025\/04\/19-avril-panneau-femmes-affiches-hommes-L-e1745310993778.jpeg\" alt=\"\" width=\"1220\" height=\"1032\"><\/p>\n<p>&nbsp;<\/p>\n<p><img loading=\"lazy\" decoding=\"async\" class=\"alignnone size-medium wp-image-84056\" src=\"https:\/\/charleroi-pourlapalestine.be\/wp-content\/uploads\/2025\/04\/19-avril-gamin-et-portraits-prisonniers.jpeg\" alt=\"\" width=\"1\" height=\"1\"><img loading=\"lazy\" decoding=\"async\" class=\"aligncenter wp-image-84060 size-full\" src=\"https:\/\/charleroi-pourlapalestine.be\/wp-content\/uploads\/2025\/04\/19-avril-gamin-et-portraits-prisonniers-e1745329473561.jpeg\" alt=\"\" width=\"786\" height=\"1048\"><\/p>\n<p>&nbsp;<\/p>\n<p>&nbsp;<\/p>\n<p><img loading=\"lazy\" decoding=\"async\" class=\"alignnone wp-image-84033 size-full\" src=\"https:\/\/charleroi-pourlapalestine.be\/wp-content\/uploads\/2025\/04\/19-avril-panneau-prisonnieres-e1745315936736.jpeg\" alt=\"\" width=\"1380\" height=\"1032\"><\/p>\n<p>&nbsp;<\/p>\n<p>&nbsp;<\/p>\n<p>&nbsp;<\/p>\n<p><img loading=\"lazy\" decoding=\"async\" class=\"aligncenter wp-image-84050 size-full\" src=\"https:\/\/charleroi-pourlapalestine.be\/wp-content\/uploads\/2025\/04\/19-avril-Free-the-Filton-five-e1745327254264.jpeg\" alt=\"\" width=\"906\" height=\"1070\"><\/p>\n<p>&nbsp;<\/p>\n<p><img loading=\"lazy\" decoding=\"async\" class=\"aligncenter wp-image-84067 size-full\" src=\"https:\/\/charleroi-pourlapalestine.be\/wp-content\/uploads\/2025\/04\/19-avril-boycott-e1745330911358.jpeg\" alt=\"\" width=\"1253\" height=\"773\" srcset=\"https:\/\/charleroi-pourlapalestine.be\/wp-content\/uploads\/2025\/04\/19-avril-boycott-e1745330911358.jpeg 1253w, https:\/\/charleroi-pourlapalestine.be\/wp-content\/uploads\/2025\/04\/19-avril-boycott-e1745330911358-350x216.jpeg 350w, https:\/\/charleroi-pourlapalestine.be\/wp-content\/uploads\/2025\/04\/19-avril-boycott-e1745330911358-700x432.jpeg 700w, https:\/\/charleroi-pourlapalestine.be\/wp-content\/uploads\/2025\/04\/19-avril-boycott-e1745330911358-768x474.jpeg 768w\" sizes=\"auto, (max-width: 1253px) 100vw, 1253px\" \/><\/p>\n<p>&nbsp;<\/p>\n<p>&nbsp;<\/p>\n<p><img loading=\"lazy\" decoding=\"async\" class=\"aligncenter wp-image-84055 size-full\" src=\"https:\/\/charleroi-pourlapalestine.be\/wp-content\/uploads\/2025\/04\/19-avril-les-refugies-ont-droit-a-lasile-e1745327987945.jpeg\" alt=\"\" width=\"1381\" height=\"1036\"><\/p>\n<p>&nbsp;<\/p>\n<p><img loading=\"lazy\" decoding=\"async\" class=\"aligncenter wp-image-84064 size-full\" src=\"https:\/\/charleroi-pourlapalestine.be\/wp-content\/uploads\/2025\/04\/19-avril-Walid-Daqqah-e1745330202350.jpeg\" alt=\"\" width=\"786\" height=\"1048\"><\/p>\n<p>Au stand, les passant.e.s retrouvaient des foulards et bracelets en soutien \u00e0 la Palestine, des T-shirts&nbsp; et des livres et pouvaient \u00e9galement adresser des cartes aux prisonni\u00e8res palestiniennes.<\/p>\n<p>&nbsp;<\/p>\n<p><img loading=\"lazy\" decoding=\"async\" class=\"aligncenter wp-image-84063 size-full\" src=\"https:\/\/charleroi-pourlapalestine.be\/wp-content\/uploads\/2025\/04\/19-avril-stand-cartes-e1745329954300.jpeg\" alt=\"\" width=\"1381\" height=\"1036\"><\/p>\n<p>&nbsp;<\/p>\n<p><img loading=\"lazy\" decoding=\"async\" class=\"aligncenter wp-image-84029 size-full\" src=\"https:\/\/charleroi-pourlapalestine.be\/wp-content\/uploads\/2025\/04\/19-avril-t-shirts-L-e1745315194419.jpeg\" alt=\"\" width=\"1380\" height=\"1032\"><\/p>\n<p>&nbsp;<\/p>\n<p><img loading=\"lazy\" decoding=\"async\" class=\"aligncenter wp-image-84010 size-full\" src=\"https:\/\/charleroi-pourlapalestine.be\/wp-content\/uploads\/2025\/04\/18-avril-brochure-femmes-e1745308846361.jpeg\" alt=\"\" width=\"1125\" height=\"685\" srcset=\"https:\/\/charleroi-pourlapalestine.be\/wp-content\/uploads\/2025\/04\/18-avril-brochure-femmes-e1745308846361.jpeg 1125w, https:\/\/charleroi-pourlapalestine.be\/wp-content\/uploads\/2025\/04\/18-avril-brochure-femmes-e1745308846361-350x213.jpeg 350w, https:\/\/charleroi-pourlapalestine.be\/wp-content\/uploads\/2025\/04\/18-avril-brochure-femmes-e1745308846361-700x426.jpeg 700w, https:\/\/charleroi-pourlapalestine.be\/wp-content\/uploads\/2025\/04\/18-avril-brochure-femmes-e1745308846361-768x468.jpeg 768w\" sizes=\"auto, (max-width: 1125px) 100vw, 1125px\" \/><\/p>\n<p>&nbsp;<\/p>\n<p><img loading=\"lazy\" decoding=\"async\" class=\"aligncenter wp-image-84068 size-full\" src=\"https:\/\/charleroi-pourlapalestine.be\/wp-content\/uploads\/2025\/04\/19-avril-grand-drapeau-e1745331137233.jpeg\" alt=\"\" width=\"1195\" height=\"960\" srcset=\"https:\/\/charleroi-pourlapalestine.be\/wp-content\/uploads\/2025\/04\/19-avril-grand-drapeau-e1745331137233.jpeg 1195w, https:\/\/charleroi-pourlapalestine.be\/wp-content\/uploads\/2025\/04\/19-avril-grand-drapeau-e1745331137233-311x250.jpeg 311w, https:\/\/charleroi-pourlapalestine.be\/wp-content\/uploads\/2025\/04\/19-avril-grand-drapeau-e1745331137233-622x500.jpeg 622w, https:\/\/charleroi-pourlapalestine.be\/wp-content\/uploads\/2025\/04\/19-avril-grand-drapeau-e1745331137233-768x617.jpeg 768w\" sizes=\"auto, (max-width: 1195px) 100vw, 1195px\" \/><\/p>\n<p>&nbsp;<\/p>\n<p><img loading=\"lazy\" decoding=\"async\" class=\"aligncenter wp-image-84013 size-full\" src=\"https:\/\/charleroi-pourlapalestine.be\/wp-content\/uploads\/2025\/04\/18-avril-cartes-aux-pris-2-e1745309085709.jpeg\" alt=\"\" width=\"1240\" height=\"970\" srcset=\"https:\/\/charleroi-pourlapalestine.be\/wp-content\/uploads\/2025\/04\/18-avril-cartes-aux-pris-2-e1745309085709.jpeg 1240w, https:\/\/charleroi-pourlapalestine.be\/wp-content\/uploads\/2025\/04\/18-avril-cartes-aux-pris-2-e1745309085709-320x250.jpeg 320w, https:\/\/charleroi-pourlapalestine.be\/wp-content\/uploads\/2025\/04\/18-avril-cartes-aux-pris-2-e1745309085709-639x500.jpeg 639w, https:\/\/charleroi-pourlapalestine.be\/wp-content\/uploads\/2025\/04\/18-avril-cartes-aux-pris-2-e1745309085709-768x601.jpeg 768w\" sizes=\"auto, (max-width: 1240px) 100vw, 1240px\" \/><\/p>\n<p>&nbsp;<\/p>\n<p>&nbsp;<\/p>\n<p><img loading=\"lazy\" decoding=\"async\" class=\"alignnone wp-image-84032 size-full\" src=\"https:\/\/charleroi-pourlapalestine.be\/wp-content\/uploads\/2025\/04\/19-avril-ecrit-cartes-e1745315732598.jpeg\" alt=\"\" width=\"1380\" height=\"1032\"><\/p>\n<p><img loading=\"lazy\" decoding=\"async\" class=\"aligncenter wp-image-84052 size-full\" src=\"https:\/\/charleroi-pourlapalestine.be\/wp-content\/uploads\/2025\/04\/19-avril-free-Anan-e1745327563596.jpeg\" alt=\"\" width=\"786\" height=\"1048\"><\/p>\n<p>&nbsp;<\/p>\n<p><img loading=\"lazy\" decoding=\"async\" class=\"aligncenter wp-image-84065 size-full\" src=\"https:\/\/charleroi-pourlapalestine.be\/wp-content\/uploads\/2025\/04\/19-avril-panneau-Georges-e1745330379629.jpeg\" alt=\"\" width=\"1381\" height=\"1036\"><\/p>\n<p>&nbsp;<\/p>\n<p><strong>Deux participantes ont lu un texte \u00e9crit par plusieurs r\u00e9sistantes palestiniennes qui ont connu les ge\u00f4les sionistes.<\/strong><\/p>\n<p><strong>Elles ont \u00e9crit ce texte le 25 novembre dernier en soutien \u00e0 leurs s\u0153urs enferm\u00e9es. Depuis, une partie d&rsquo;entre elles sont sorties gr\u00e2ce \u00e0 l&rsquo;accord d&rsquo;\u00e9change arrach\u00e9 par la R\u00e9sistance et le peuple de Gaza, en ce d\u00e9but d&rsquo;ann\u00e9e<\/strong>.<\/p>\n<p>Actuellement 29 prisonni\u00e8res Palestiniennes restent incarc\u00e9r\u00e9es . Ce texte nous est parvenu par la campagne <a href=\"https:\/\/www.instagram.com\/dismantle_damon\/\" target=\"_blank\" rel=\"noopener\"><strong>Dismantle Damon.<\/strong><\/a><\/p>\n<p>&nbsp;<\/p>\n<p><img loading=\"lazy\" decoding=\"async\" class=\"aligncenter wp-image-84007 size-full\" src=\"https:\/\/charleroi-pourlapalestine.be\/wp-content\/uploads\/2025\/04\/19-avril-lecture-du-texte-de-DD-e1745265498243.jpeg\" alt=\"\" width=\"1273\" height=\"1036\"><\/p>\n<p>&nbsp;<\/p>\n<p>Voici le texte :<\/p>\n<blockquote><p>Chers camarades,<\/p>\n<p>Depuis la Palestine, je vous \u00e9cris avec ma voix,&nbsp; avec la voix de toutes les prisonni\u00e8res opprim\u00e9es dans la prison de Damon, avec la voix de Khalida Jarrar depuis sa cellule d&rsquo;isolement, et avec la voix de toutes les femmes de Palestine, qui subissent en permanence diverses formes d\u2019oppression et de violence \u2013 que ce soit de la part de la dite <em>\u00ab Autorit\u00e9 palestinienne \u00bb<\/em> locale ou de l\u2019arm\u00e9e coloniale sioniste.<\/p>\n<p>Elles sont cibl\u00e9es \u00e0 plusieurs niveaux : d\u2019abord parce qu\u2019elles sont Palestiniennes, ensuite parce qu\u2019elles sont des femmes. Leurs corps deviennent alors des instruments de pression et de violence \u2013 une r\u00e9alit\u00e9 constante qui ne prendra fin qu\u2019avec une<br \/>\nlib\u00e9ration totale et compl\u00e8te.<\/p>\n<p>Dans une bo\u00eete de fer ferm\u00e9e, glaciale en ces jours, sans nourriture, sans traitement pour les maladies, sans v\u00eatements ni couvertures, les filles de Damon souffrent aujourd\u2019hui. Elles sont maintenant pr\u00e8s d\u2019une centaine. Dans ces conditions difficiles et inhumaines, chacune est priv\u00e9e de ses enfants, de sa m\u00e8re ou de l&rsquo;\u00eatre aim\u00e9: ce sont autant d\u2019histoires que le monde doit \u00e9couter.<\/p>\n<p>L\u2019un des aspects les plus durs de leur d\u00e9tention est la rupture avec leurs familles, l\u2019absence totale de lien avec l\u2019ext\u00e9rieur, et la<br \/>\nn\u00e9gligence des institutions et des avocats, qui se comportent comme des marchands dans cette guerre. Un autre point crucial est l\u2019absence de toute intimit\u00e9, les ge\u00f4liers surveillant les prisonni\u00e8res 24 heures sur 24.<\/p>\n<p>Bien que les femmes prisonni\u00e8res d\u00e9crivent Damon comme un cimeti\u00e8re pour les vivantes, elles r\u00e9sistent avec patience et r\u00e9silience, sachant avec certitude qu\u2019un jour elles seront libres. Elles ne laissent pas l\u2019occupation, avec tous ses outils (explicites ou implicites) briser leurs \u00e2mes. Les prisons politiques ont \u00e9t\u00e9 con\u00e7ues pour nous briser, mais nous les transformons en espaces<br \/>\nd\u2019apprentissage o\u00f9 nous devenons plus fortes.<\/p>\n<p>Aujourd\u2019hui, les masques tombent : tous les colonisateurs et oppresseurs se reconnaissent dans Isra\u00ebl, et tous les colonis\u00e9s et opprim\u00e9s se reconnaissent dans la Palestine. Les oppresseurs croient que leur voix est la plus forte, mais la n\u00f4tre, celle du peuple, est plus puissante.<\/p>\n<p>De nombreux pays sont complices du g\u00e9nocide : ils continuent de soutenir Isra\u00ebl non seulement financi\u00e8rement, mais aussi militairement. Ces m\u00eames pays qui se pr\u00e9tendent d\u00e9fenseurs des droits humains et du droit international ont r\u00e9v\u00e9l\u00e9 leur double discours et standards en r\u00e9agissant au mandat d\u2019arr\u00eat \u00e9mis par la Cour p\u00e9nale internationale contre deux criminels sionistes brutaux alors m\u00eame qu&rsquo;il s&rsquo;agissait d&rsquo;appliquer l&rsquo;\u00e9galit\u00e9 des droits et le droit international.<\/p>\n<p>Le monde continue d\u2019ignorer la vie de deux millions de personnes \u00e0 Gaza. Nous voyons chaque jour, sous nos yeux, la violence du colonialisme en Cisjordanie, sans qu\u2019aucun compte ne soit exig\u00e9 et rendu. Le nombre de captifs palestiniens dans les prisons isra\u00e9liennes augmente rapidement, en particulier celles et ceux sous le coup des d\u00e9tentions administratives.<\/p>\n<p>Les Palestinien-nes dans les prisons sionistes sont confront\u00e9s \u00e0 la famine d\u00e9lib\u00e9r\u00e9e, aux maladies et aux \u00e9pid\u00e9mies.<\/p>\n<p>Nous promettons de ne pas laisser nos femmes seules \u00e0 Damon ! Nous ne nous plierons jamais<br \/>\n\u00e0 l\u2019oppression, au nettoyage ethnique, ni au g\u00e9nocide !<\/p>\n<p>Aux gouvernements et r\u00e9gimes abusifs, nous disons: votre violence ne fera pas taire nos voix. Nous<br \/>\nne serons pas du mauvais c\u00f4t\u00e9 de l\u2019Histoire !<\/p>\n<p>Comme Khalida Jarrar l\u2019a dit :<br \/>\n<strong>\u00ab Ils essaient de faire taire nos voix, mais ils n\u2019y arriveront pas, et nous continuerons \u00e0 les<\/strong><br \/>\n<strong>\u00e9lever haut et fort. \u00bb<\/strong><\/p>\n<p><strong>Lib\u00e9rez nos femmes de la prison de Damon et toutes les femmes victimes de disparition forc\u00e9e par l&rsquo;\u00e9tat sioniste.<\/strong><br \/>\n<strong>Lib\u00e9rez nos p\u00e8res, fr\u00e8res et maris bien-aim\u00e9s de toutes les prisons coloniales isra\u00e9liennes.<\/strong><br \/>\n<strong>Et souvenez-vous : l\u00e0 o\u00f9 il y a oppression, la r\u00e9sistance est un devoir.<\/strong><br \/>\n<strong>G\u00e9n\u00e9ration apr\u00e8s g\u00e9n\u00e9ration, jusqu\u2019\u00e0 la lib\u00e9ration totale !<\/strong><\/p><\/blockquote>\n<p>&nbsp;<\/p>\n<p><img loading=\"lazy\" decoding=\"async\" class=\"aligncenter wp-image-84034 size-full\" src=\"https:\/\/charleroi-pourlapalestine.be\/wp-content\/uploads\/2025\/04\/19-avril-vive-la-resistance-pal-e1745316143227.jpeg\" alt=\"\" width=\"2048\" height=\"1106\" srcset=\"https:\/\/charleroi-pourlapalestine.be\/wp-content\/uploads\/2025\/04\/19-avril-vive-la-resistance-pal-e1745316143227.jpeg 2048w, https:\/\/charleroi-pourlapalestine.be\/wp-content\/uploads\/2025\/04\/19-avril-vive-la-resistance-pal-e1745316143227-350x189.jpeg 350w, https:\/\/charleroi-pourlapalestine.be\/wp-content\/uploads\/2025\/04\/19-avril-vive-la-resistance-pal-e1745316143227-700x378.jpeg 700w, https:\/\/charleroi-pourlapalestine.be\/wp-content\/uploads\/2025\/04\/19-avril-vive-la-resistance-pal-e1745316143227-768x415.jpeg 768w, https:\/\/charleroi-pourlapalestine.be\/wp-content\/uploads\/2025\/04\/19-avril-vive-la-resistance-pal-e1745316143227-1536x830.jpeg 1536w\" sizes=\"auto, (max-width: 2048px) 100vw, 2048px\" \/><\/p>\n<h4>&nbsp;<\/h4>\n<h4>Rejoignez-nous lors de notre prochaine pr\u00e9sence Place Verte : ce sera le samedi 17 mai, de 15 h \u00e0 17 h.<\/h4>\n<p>&nbsp;<\/p>\n<p>&nbsp;<\/p>\n<p><img loading=\"lazy\" decoding=\"async\" class=\"aligncenter wp-image-84035 size-full\" src=\"https:\/\/charleroi-pourlapalestine.be\/wp-content\/uploads\/2025\/04\/19-avril-participante-e1745316358730.jpeg\" alt=\"\" width=\"786\" height=\"1048\"><\/p>\n","protected":false},"excerpt":{"rendered":"<p>A l&rsquo;occasion de la Journ\u00e9e internationale de soutien aux prisonnier.e.s palestinien.ne.s, une soir\u00e9e impressionnante a eu lieu \u00e0 Bruxelles et une action a \u00e9t\u00e9 organis\u00e9e dans le centre de Charleroi.<\/p>\n","protected":false},"author":1,"featured_media":84020,"comment_status":"closed","ping_status":"closed","sticky":false,"template":"","format":"standard","meta":{"ngg_post_thumbnail":0,"footnotes":""},"categories":[190,13,866],"tags":[],"class_list":["post-83975","post","type-post","status-publish","format-standard","has-post-thumbnail","hentry","category-plate-forme-charleroi-palestine","category-les-prisionners-palestiniens","category-samidoun"],"yoast_head":"<!-- This site is optimized with the Yoast SEO plugin v27.3 - https:\/\/yoast.com\/product\/yoast-seo-wordpress\/ -->\n<title>Des mobilisations pour les prisonnier.e.s palestinien.ne.s \u00e0 Bruxelles et Charleroi<\/title>\n<meta name=\"description\" content=\"Une soir\u00e9e impressionnante avec les prisonnier.e.s palestinien.nes a eu lieu \u00e0 Bruxelles et une action a \u00e9t\u00e9 organis\u00e9e dans le centre de Charleroi.\" \/>\n<meta name=\"robots\" content=\"index, follow, max-snippet:-1, max-image-preview:large, max-video-preview:-1\" \/>\n<link rel=\"canonical\" href=\"https:\/\/charleroi-pourlapalestine.be\/index.php\/2025\/04\/22\/des-mobilisations-pour-les-prisonnier-e-s-palestinien-ne-s-a-bruxelles-et-charleroi\/\" \/>\n<script type=\"application\/ld+json\" class=\"yoast-schema-graph\">{\"@context\":\"https:\\\/\\\/schema.org\",\"@graph\":[{\"@type\":\"Article\",\"@id\":\"https:\\\/\\\/charleroi-pourlapalestine.be\\\/index.php\\\/2025\\\/04\\\/22\\\/des-mobilisations-pour-les-prisonnier-e-s-palestinien-ne-s-a-bruxelles-et-charleroi\\\/#article\",\"isPartOf\":{\"@id\":\"https:\\\/\\\/charleroi-pourlapalestine.be\\\/index.php\\\/2025\\\/04\\\/22\\\/des-mobilisations-pour-les-prisonnier-e-s-palestinien-ne-s-a-bruxelles-et-charleroi\\\/\"},\"author\":{\"name\":\"admin1873\",\"@id\":\"https:\\\/\\\/charleroi-pourlapalestine.be\\\/#\\\/schema\\\/person\\\/c19ff515112f1299d8c12671d8fe3faa\"},\"headline\":\"Des mobilisations pour les prisonnier.e.s palestinien.ne.s \u00e0 Bruxelles et Charleroi\",\"datePublished\":\"2025-04-22T10:25:25+00:00\",\"dateModified\":\"2025-04-22T14:39:34+00:00\",\"mainEntityOfPage\":{\"@id\":\"https:\\\/\\\/charleroi-pourlapalestine.be\\\/index.php\\\/2025\\\/04\\\/22\\\/des-mobilisations-pour-les-prisonnier-e-s-palestinien-ne-s-a-bruxelles-et-charleroi\\\/\"},\"wordCount\":1817,\"publisher\":{\"@id\":\"https:\\\/\\\/charleroi-pourlapalestine.be\\\/#organization\"},\"image\":{\"@id\":\"https:\\\/\\\/charleroi-pourlapalestine.be\\\/index.php\\\/2025\\\/04\\\/22\\\/des-mobilisations-pour-les-prisonnier-e-s-palestinien-ne-s-a-bruxelles-et-charleroi\\\/#primaryimage\"},\"thumbnailUrl\":\"https:\\\/\\\/charleroi-pourlapalestine.be\\\/wp-content\\\/uploads\\\/2025\\\/04\\\/19-avril-panneau-femmes-affiches-hommes-L-e1745332746885.jpeg\",\"articleSection\":[\"La Plate-forme\",\"Prisonniers\",\"Samidoun\"],\"inLanguage\":\"fr-FR\"},{\"@type\":\"WebPage\",\"@id\":\"https:\\\/\\\/charleroi-pourlapalestine.be\\\/index.php\\\/2025\\\/04\\\/22\\\/des-mobilisations-pour-les-prisonnier-e-s-palestinien-ne-s-a-bruxelles-et-charleroi\\\/\",\"url\":\"https:\\\/\\\/charleroi-pourlapalestine.be\\\/index.php\\\/2025\\\/04\\\/22\\\/des-mobilisations-pour-les-prisonnier-e-s-palestinien-ne-s-a-bruxelles-et-charleroi\\\/\",\"name\":\"Des mobilisations pour les prisonnier.e.s palestinien.ne.s \u00e0 Bruxelles et Charleroi\",\"isPartOf\":{\"@id\":\"https:\\\/\\\/charleroi-pourlapalestine.be\\\/#website\"},\"primaryImageOfPage\":{\"@id\":\"https:\\\/\\\/charleroi-pourlapalestine.be\\\/index.php\\\/2025\\\/04\\\/22\\\/des-mobilisations-pour-les-prisonnier-e-s-palestinien-ne-s-a-bruxelles-et-charleroi\\\/#primaryimage\"},\"image\":{\"@id\":\"https:\\\/\\\/charleroi-pourlapalestine.be\\\/index.php\\\/2025\\\/04\\\/22\\\/des-mobilisations-pour-les-prisonnier-e-s-palestinien-ne-s-a-bruxelles-et-charleroi\\\/#primaryimage\"},\"thumbnailUrl\":\"https:\\\/\\\/charleroi-pourlapalestine.be\\\/wp-content\\\/uploads\\\/2025\\\/04\\\/19-avril-panneau-femmes-affiches-hommes-L-e1745332746885.jpeg\",\"datePublished\":\"2025-04-22T10:25:25+00:00\",\"dateModified\":\"2025-04-22T14:39:34+00:00\",\"description\":\"Une soir\u00e9e impressionnante avec les prisonnier.e.s palestinien.nes a eu lieu \u00e0 Bruxelles et une action a \u00e9t\u00e9 organis\u00e9e dans le centre de Charleroi.\",\"breadcrumb\":{\"@id\":\"https:\\\/\\\/charleroi-pourlapalestine.be\\\/index.php\\\/2025\\\/04\\\/22\\\/des-mobilisations-pour-les-prisonnier-e-s-palestinien-ne-s-a-bruxelles-et-charleroi\\\/#breadcrumb\"},\"inLanguage\":\"fr-FR\",\"potentialAction\":[{\"@type\":\"ReadAction\",\"target\":[\"https:\\\/\\\/charleroi-pourlapalestine.be\\\/index.php\\\/2025\\\/04\\\/22\\\/des-mobilisations-pour-les-prisonnier-e-s-palestinien-ne-s-a-bruxelles-et-charleroi\\\/\"]}]},{\"@type\":\"ImageObject\",\"inLanguage\":\"fr-FR\",\"@id\":\"https:\\\/\\\/charleroi-pourlapalestine.be\\\/index.php\\\/2025\\\/04\\\/22\\\/des-mobilisations-pour-les-prisonnier-e-s-palestinien-ne-s-a-bruxelles-et-charleroi\\\/#primaryimage\",\"url\":\"https:\\\/\\\/charleroi-pourlapalestine.be\\\/wp-content\\\/uploads\\\/2025\\\/04\\\/19-avril-panneau-femmes-affiches-hommes-L-e1745332746885.jpeg\",\"contentUrl\":\"https:\\\/\\\/charleroi-pourlapalestine.be\\\/wp-content\\\/uploads\\\/2025\\\/04\\\/19-avril-panneau-femmes-affiches-hommes-L-e1745332746885.jpeg\",\"width\":1220,\"height\":854},{\"@type\":\"BreadcrumbList\",\"@id\":\"https:\\\/\\\/charleroi-pourlapalestine.be\\\/index.php\\\/2025\\\/04\\\/22\\\/des-mobilisations-pour-les-prisonnier-e-s-palestinien-ne-s-a-bruxelles-et-charleroi\\\/#breadcrumb\",\"itemListElement\":[{\"@type\":\"ListItem\",\"position\":1,\"name\":\"Accueil\",\"item\":\"https:\\\/\\\/charleroi-pourlapalestine.be\\\/\"},{\"@type\":\"ListItem\",\"position\":2,\"name\":\"Des mobilisations pour les prisonnier.e.s palestinien.ne.s \u00e0 Bruxelles et Charleroi\"}]},{\"@type\":\"WebSite\",\"@id\":\"https:\\\/\\\/charleroi-pourlapalestine.be\\\/#website\",\"url\":\"https:\\\/\\\/charleroi-pourlapalestine.be\\\/\",\"name\":\"Charleroi Pour la Palestine\",\"description\":\"\",\"publisher\":{\"@id\":\"https:\\\/\\\/charleroi-pourlapalestine.be\\\/#organization\"},\"potentialAction\":[{\"@type\":\"SearchAction\",\"target\":{\"@type\":\"EntryPoint\",\"urlTemplate\":\"https:\\\/\\\/charleroi-pourlapalestine.be\\\/?s={search_term_string}\"},\"query-input\":{\"@type\":\"PropertyValueSpecification\",\"valueRequired\":true,\"valueName\":\"search_term_string\"}}],\"inLanguage\":\"fr-FR\"},{\"@type\":\"Organization\",\"@id\":\"https:\\\/\\\/charleroi-pourlapalestine.be\\\/#organization\",\"name\":\"Plate-forme Charleroi-Palestine\",\"url\":\"https:\\\/\\\/charleroi-pourlapalestine.be\\\/\",\"logo\":{\"@type\":\"ImageObject\",\"inLanguage\":\"fr-FR\",\"@id\":\"https:\\\/\\\/charleroi-pourlapalestine.be\\\/#\\\/schema\\\/logo\\\/image\\\/\",\"url\":\"https:\\\/\\\/charleroi-pourlapalestine.be\\\/wp-content\\\/uploads\\\/2020\\\/01\\\/logo-Copy.jpg\",\"contentUrl\":\"https:\\\/\\\/charleroi-pourlapalestine.be\\\/wp-content\\\/uploads\\\/2020\\\/01\\\/logo-Copy.jpg\",\"width\":180,\"height\":180,\"caption\":\"Plate-forme Charleroi-Palestine\"},\"image\":{\"@id\":\"https:\\\/\\\/charleroi-pourlapalestine.be\\\/#\\\/schema\\\/logo\\\/image\\\/\"},\"sameAs\":[\"https:\\\/\\\/www.facebook.com\\\/PlateformeCharleroiPalestine\\\/\",\"https:\\\/\\\/x.com\\\/LaCharleroi\"]},{\"@type\":\"Person\",\"@id\":\"https:\\\/\\\/charleroi-pourlapalestine.be\\\/#\\\/schema\\\/person\\\/c19ff515112f1299d8c12671d8fe3faa\",\"name\":\"admin1873\",\"url\":\"https:\\\/\\\/charleroi-pourlapalestine.be\\\/index.php\\\/author\\\/admin1873\\\/\"}]}<\/script>\n<!-- \/ Yoast SEO plugin. -->","yoast_head_json":{"title":"Des mobilisations pour les prisonnier.e.s palestinien.ne.s \u00e0 Bruxelles et Charleroi","description":"Une soir\u00e9e impressionnante avec les prisonnier.e.s palestinien.nes a eu lieu \u00e0 Bruxelles et une action a \u00e9t\u00e9 organis\u00e9e dans le centre de Charleroi.","robots":{"index":"index","follow":"follow","max-snippet":"max-snippet:-1","max-image-preview":"max-image-preview:large","max-video-preview":"max-video-preview:-1"},"canonical":"https:\/\/charleroi-pourlapalestine.be\/index.php\/2025\/04\/22\/des-mobilisations-pour-les-prisonnier-e-s-palestinien-ne-s-a-bruxelles-et-charleroi\/","schema":{"@context":"https:\/\/schema.org","@graph":[{"@type":"Article","@id":"https:\/\/charleroi-pourlapalestine.be\/index.php\/2025\/04\/22\/des-mobilisations-pour-les-prisonnier-e-s-palestinien-ne-s-a-bruxelles-et-charleroi\/#article","isPartOf":{"@id":"https:\/\/charleroi-pourlapalestine.be\/index.php\/2025\/04\/22\/des-mobilisations-pour-les-prisonnier-e-s-palestinien-ne-s-a-bruxelles-et-charleroi\/"},"author":{"name":"admin1873","@id":"https:\/\/charleroi-pourlapalestine.be\/#\/schema\/person\/c19ff515112f1299d8c12671d8fe3faa"},"headline":"Des mobilisations pour les prisonnier.e.s palestinien.ne.s \u00e0 Bruxelles et Charleroi","datePublished":"2025-04-22T10:25:25+00:00","dateModified":"2025-04-22T14:39:34+00:00","mainEntityOfPage":{"@id":"https:\/\/charleroi-pourlapalestine.be\/index.php\/2025\/04\/22\/des-mobilisations-pour-les-prisonnier-e-s-palestinien-ne-s-a-bruxelles-et-charleroi\/"},"wordCount":1817,"publisher":{"@id":"https:\/\/charleroi-pourlapalestine.be\/#organization"},"image":{"@id":"https:\/\/charleroi-pourlapalestine.be\/index.php\/2025\/04\/22\/des-mobilisations-pour-les-prisonnier-e-s-palestinien-ne-s-a-bruxelles-et-charleroi\/#primaryimage"},"thumbnailUrl":"https:\/\/charleroi-pourlapalestine.be\/wp-content\/uploads\/2025\/04\/19-avril-panneau-femmes-affiches-hommes-L-e1745332746885.jpeg","articleSection":["La Plate-forme","Prisonniers","Samidoun"],"inLanguage":"fr-FR"},{"@type":"WebPage","@id":"https:\/\/charleroi-pourlapalestine.be\/index.php\/2025\/04\/22\/des-mobilisations-pour-les-prisonnier-e-s-palestinien-ne-s-a-bruxelles-et-charleroi\/","url":"https:\/\/charleroi-pourlapalestine.be\/index.php\/2025\/04\/22\/des-mobilisations-pour-les-prisonnier-e-s-palestinien-ne-s-a-bruxelles-et-charleroi\/","name":"Des mobilisations pour les prisonnier.e.s palestinien.ne.s \u00e0 Bruxelles et Charleroi","isPartOf":{"@id":"https:\/\/charleroi-pourlapalestine.be\/#website"},"primaryImageOfPage":{"@id":"https:\/\/charleroi-pourlapalestine.be\/index.php\/2025\/04\/22\/des-mobilisations-pour-les-prisonnier-e-s-palestinien-ne-s-a-bruxelles-et-charleroi\/#primaryimage"},"image":{"@id":"https:\/\/charleroi-pourlapalestine.be\/index.php\/2025\/04\/22\/des-mobilisations-pour-les-prisonnier-e-s-palestinien-ne-s-a-bruxelles-et-charleroi\/#primaryimage"},"thumbnailUrl":"https:\/\/charleroi-pourlapalestine.be\/wp-content\/uploads\/2025\/04\/19-avril-panneau-femmes-affiches-hommes-L-e1745332746885.jpeg","datePublished":"2025-04-22T10:25:25+00:00","dateModified":"2025-04-22T14:39:34+00:00","description":"Une soir\u00e9e impressionnante avec les prisonnier.e.s palestinien.nes a eu lieu \u00e0 Bruxelles et une action a \u00e9t\u00e9 organis\u00e9e dans le centre de Charleroi.","breadcrumb":{"@id":"https:\/\/charleroi-pourlapalestine.be\/index.php\/2025\/04\/22\/des-mobilisations-pour-les-prisonnier-e-s-palestinien-ne-s-a-bruxelles-et-charleroi\/#breadcrumb"},"inLanguage":"fr-FR","potentialAction":[{"@type":"ReadAction","target":["https:\/\/charleroi-pourlapalestine.be\/index.php\/2025\/04\/22\/des-mobilisations-pour-les-prisonnier-e-s-palestinien-ne-s-a-bruxelles-et-charleroi\/"]}]},{"@type":"ImageObject","inLanguage":"fr-FR","@id":"https:\/\/charleroi-pourlapalestine.be\/index.php\/2025\/04\/22\/des-mobilisations-pour-les-prisonnier-e-s-palestinien-ne-s-a-bruxelles-et-charleroi\/#primaryimage","url":"https:\/\/charleroi-pourlapalestine.be\/wp-content\/uploads\/2025\/04\/19-avril-panneau-femmes-affiches-hommes-L-e1745332746885.jpeg","contentUrl":"https:\/\/charleroi-pourlapalestine.be\/wp-content\/uploads\/2025\/04\/19-avril-panneau-femmes-affiches-hommes-L-e1745332746885.jpeg","width":1220,"height":854},{"@type":"BreadcrumbList","@id":"https:\/\/charleroi-pourlapalestine.be\/index.php\/2025\/04\/22\/des-mobilisations-pour-les-prisonnier-e-s-palestinien-ne-s-a-bruxelles-et-charleroi\/#breadcrumb","itemListElement":[{"@type":"ListItem","position":1,"name":"Accueil","item":"https:\/\/charleroi-pourlapalestine.be\/"},{"@type":"ListItem","position":2,"name":"Des mobilisations pour les prisonnier.e.s palestinien.ne.s \u00e0 Bruxelles et Charleroi"}]},{"@type":"WebSite","@id":"https:\/\/charleroi-pourlapalestine.be\/#website","url":"https:\/\/charleroi-pourlapalestine.be\/","name":"Charleroi Pour la Palestine","description":"","publisher":{"@id":"https:\/\/charleroi-pourlapalestine.be\/#organization"},"potentialAction":[{"@type":"SearchAction","target":{"@type":"EntryPoint","urlTemplate":"https:\/\/charleroi-pourlapalestine.be\/?s={search_term_string}"},"query-input":{"@type":"PropertyValueSpecification","valueRequired":true,"valueName":"search_term_string"}}],"inLanguage":"fr-FR"},{"@type":"Organization","@id":"https:\/\/charleroi-pourlapalestine.be\/#organization","name":"Plate-forme Charleroi-Palestine","url":"https:\/\/charleroi-pourlapalestine.be\/","logo":{"@type":"ImageObject","inLanguage":"fr-FR","@id":"https:\/\/charleroi-pourlapalestine.be\/#\/schema\/logo\/image\/","url":"https:\/\/charleroi-pourlapalestine.be\/wp-content\/uploads\/2020\/01\/logo-Copy.jpg","contentUrl":"https:\/\/charleroi-pourlapalestine.be\/wp-content\/uploads\/2020\/01\/logo-Copy.jpg","width":180,"height":180,"caption":"Plate-forme Charleroi-Palestine"},"image":{"@id":"https:\/\/charleroi-pourlapalestine.be\/#\/schema\/logo\/image\/"},"sameAs":["https:\/\/www.facebook.com\/PlateformeCharleroiPalestine\/","https:\/\/x.com\/LaCharleroi"]},{"@type":"Person","@id":"https:\/\/charleroi-pourlapalestine.be\/#\/schema\/person\/c19ff515112f1299d8c12671d8fe3faa","name":"admin1873","url":"https:\/\/charleroi-pourlapalestine.be\/index.php\/author\/admin1873\/"}]}},"_links":{"self":[{"href":"https:\/\/charleroi-pourlapalestine.be\/index.php\/wp-json\/wp\/v2\/posts\/83975","targetHints":{"allow":["GET"]}}],"collection":[{"href":"https:\/\/charleroi-pourlapalestine.be\/index.php\/wp-json\/wp\/v2\/posts"}],"about":[{"href":"https:\/\/charleroi-pourlapalestine.be\/index.php\/wp-json\/wp\/v2\/types\/post"}],"author":[{"embeddable":true,"href":"https:\/\/charleroi-pourlapalestine.be\/index.php\/wp-json\/wp\/v2\/users\/1"}],"replies":[{"embeddable":true,"href":"https:\/\/charleroi-pourlapalestine.be\/index.php\/wp-json\/wp\/v2\/comments?post=83975"}],"version-history":[{"count":0,"href":"https:\/\/charleroi-pourlapalestine.be\/index.php\/wp-json\/wp\/v2\/posts\/83975\/revisions"}],"wp:featuredmedia":[{"embeddable":true,"href":"https:\/\/charleroi-pourlapalestine.be\/index.php\/wp-json\/wp\/v2\/media\/84020"}],"wp:attachment":[{"href":"https:\/\/charleroi-pourlapalestine.be\/index.php\/wp-json\/wp\/v2\/media?parent=83975"}],"wp:term":[{"taxonomy":"category","embeddable":true,"href":"https:\/\/charleroi-pourlapalestine.be\/index.php\/wp-json\/wp\/v2\/categories?post=83975"},{"taxonomy":"post_tag","embeddable":true,"href":"https:\/\/charleroi-pourlapalestine.be\/index.php\/wp-json\/wp\/v2\/tags?post=83975"}],"curies":[{"name":"wp","href":"https:\/\/api.w.org\/{rel}","templated":true}]}}