{"id":84758,"date":"2025-06-05T13:37:39","date_gmt":"2025-06-05T11:37:39","guid":{"rendered":"https:\/\/charleroi-pourlapalestine.be\/?p=84758"},"modified":"2025-06-05T13:46:17","modified_gmt":"2025-06-05T11:46:17","slug":"les-6-7-et-8-juin-le-festival-resistance-a-bruxelles","status":"publish","type":"post","link":"https:\/\/charleroi-pourlapalestine.be\/index.php\/2025\/06\/05\/les-6-7-et-8-juin-le-festival-resistance-a-bruxelles\/","title":{"rendered":"Le Festival R\u00e9sistance \u00e0 Bruxelles les 6, 7 et 8 juin"},"content":{"rendered":"<p><span class=\"x193iq5w xeuugli x13faqbe x1vvkbs x1xmvt09 x1lliihq x1s928wv xhkezso x1gmr53x x1cpjm7i x1fgarty x1943h6x xudqn12 x3x7a5m x6prxxf xvq8zen xo1l8bm xzsf02u x1yc453h\" dir=\"auto\">Le Festival R\u00e9sistance \u00e0 Bruxelles : trois jours de rencontres, de projections, de d\u00e9bats, de musiques, d\u2019ateliers et de cuisine pour faire vivre la r\u00e9sistance culturelle et politique du peuple palestinien ! <\/span><\/p>\n<p><span class=\"x193iq5w xeuugli x13faqbe x1vvkbs x1xmvt09 x1lliihq x1s928wv xhkezso x1gmr53x x1cpjm7i x1fgarty x1943h6x xudqn12 x3x7a5m x6prxxf xvq8zen xo1l8bm xzsf02u x1yc453h\" dir=\"auto\"><span class=\"html-span xdj266r x11i5rnm xat24cr x1mh8g0r xexx8yu x4uap5 x18d9i69 xkhd6sd x1hl2dhg x16tdsg8 x1vvkbs\"><strong><a class=\"x1i10hfl xjbqb8w x1ejq31n xd10rxx x1sy0etr x17r0tee x972fbf xcfux6l x1qhh985 xm0m39n x9f619 x1ypdohk xt0psk2 xe8uvvx xdj266r x11i5rnm xat24cr x1mh8g0r xexx8yu x4uap5 x18d9i69 xkhd6sd x16tdsg8 x1hl2dhg xggy1nq x1a2a7pz xkrqix3 x1sur9pj x1fey0fg x1s688f\" tabindex=\"0\" role=\"link\" href=\"https:\/\/www.instagram.com\/p\/DKK22AYtEI0\/?img_index=1&amp;fbclid=IwZXh0bgNhZW0CMTAAYnJpZBEwcjJQRkRBdkM2MGM1d3BpZQEeZO3tFpOt85zl85GJtQAsy9g9BnwQ_tc1ziCejgkKrvObwAq7KzdOFhmT4Z0_aem_dwsk9d4r66Ajfm7jaOen9Q\" target=\"_blank\" rel=\"nofollow noopener noreferrer\">https:\/\/www.instagram.com\/p\/DKK22AYtEI0\/?img_index=1<\/a>&nbsp;<\/strong> <strong>&nbsp; &nbsp; <a href=\"https:\/\/www.facebook.com\/events\/1372078754061662?acontext=%7B%22event_action_history%22%3A[%7B%22mechanism%22%3A%22attachment%22%2C%22surface%22%3A%22newsfeed%22%7D]%2C%22ref_notif_type%22%3Anull%7D\" target=\"_blank\" rel=\"noopener\">Ev\u00e9nement FB<\/a><\/strong><br \/>\n<\/span><\/span><\/p>\n<h3>&nbsp;<\/h3>\n<h3>Les associations participantes au Festival R\u00e9sistance : &nbsp;<\/h3>\n<p>&nbsp;<\/p>\n<blockquote><p>AJAB (Alliance Juive Antisioniste de Belgique), Alfalasteniyeh, Antwerp for Palestine, Bamko asbl, Bruxelles Panth\u00e8res, Bxl D\u00e9vie, C3, Charleroi pour la Palestine, Comit\u00e9 BDS-ULB, Comit\u00e9 Ujamaa, Collectif 8 mars, Collectif des madres, Decolonial EU, De-Colonizer, Estafette 4 Palestine, Flavors of Resistance, Flyers for Palestine, Front2M\u00e8res, Getting The Voice Out, JOC Bruxelles, JOC Li\u00e8ge, La Voix des Sans-Papiers, Le Comit\u00e9 des Femmes Sans Papiers, Le DK, Le Steki, Liege Occupation Free, M\u00e9moire Coloniale, Mouvement Citoyen Palestine, Palettes of Palestine, ODSI (One Democtaric State Initiative), PCP (Popular Committee for Palestine), Queef, Rise &amp; Resist Festival, OSVP (Outils solidaire contre les violences polici\u00e8res), Samidoun Brussels, Unitedscreen4palestine, Zin TV.<\/p><\/blockquote>\n<p>&nbsp;<\/p>\n<p><img loading=\"lazy\" decoding=\"async\" class=\"aligncenter wp-image-84761 size-full\" src=\"https:\/\/charleroi-pourlapalestine.be\/wp-content\/uploads\/2025\/05\/Resistance-Festival-1.png\" alt=\"Les 6, 7 et 8 juin : le Festival R\u00e9sistance \u00e0 Bruxelles !\" width=\"620\" height=\"781\" srcset=\"https:\/\/charleroi-pourlapalestine.be\/wp-content\/uploads\/2025\/05\/Resistance-Festival-1.png 620w, https:\/\/charleroi-pourlapalestine.be\/wp-content\/uploads\/2025\/05\/Resistance-Festival-1-198x250.png 198w, https:\/\/charleroi-pourlapalestine.be\/wp-content\/uploads\/2025\/05\/Resistance-Festival-1-397x500.png 397w\" sizes=\"auto, (max-width: 620px) 100vw, 620px\" \/><\/p>\n<p dir=\"auto\">&nbsp;<\/p>\n<p class=\"_ap3a _aaco _aacu _aacx _aad7 _aade\" dir=\"auto\">Cette 3\u00e8me \u00e9dition sera un espace de soutien \u00e0 toutes les luttes de lib\u00e9ration faisant face \u00e0 l\u2019empire dans tous ses d\u00e9ploiements et qui, malgr\u00e9 tout, continuent de porter haut les espoirs des peuples.<\/p>\n<p dir=\"auto\">&nbsp;<\/p>\n<h3>Vendredi 6 juin, 19 h<\/h3>\n<p>&nbsp;<\/p>\n<p><img loading=\"lazy\" decoding=\"async\" class=\"aligncenter wp-image-84786 size-full\" src=\"https:\/\/charleroi-pourlapalestine.be\/wp-content\/uploads\/2025\/05\/6-juin-19-h.png\" alt=\"Les 6, 7 et 8 juin : le Festival R\u00e9sistance \u00e0 Bruxelles !\" width=\"623\" height=\"782\" srcset=\"https:\/\/charleroi-pourlapalestine.be\/wp-content\/uploads\/2025\/05\/6-juin-19-h.png 623w, https:\/\/charleroi-pourlapalestine.be\/wp-content\/uploads\/2025\/05\/6-juin-19-h-199x250.png 199w, https:\/\/charleroi-pourlapalestine.be\/wp-content\/uploads\/2025\/05\/6-juin-19-h-398x500.png 398w\" sizes=\"auto, (max-width: 623px) 100vw, 623px\" \/><\/p>\n<p>&nbsp;<\/p>\n<p><img loading=\"lazy\" decoding=\"async\" class=\"aligncenter wp-image-84787 size-full\" src=\"https:\/\/charleroi-pourlapalestine.be\/wp-content\/uploads\/2025\/05\/6-juin-behind-the-lines.png\" alt=\"Les 6, 7 et 8 juin : le Festival R\u00e9sistance \u00e0 Bruxelles !\" width=\"617\" height=\"777\" srcset=\"https:\/\/charleroi-pourlapalestine.be\/wp-content\/uploads\/2025\/05\/6-juin-behind-the-lines.png 617w, https:\/\/charleroi-pourlapalestine.be\/wp-content\/uploads\/2025\/05\/6-juin-behind-the-lines-199x250.png 199w, https:\/\/charleroi-pourlapalestine.be\/wp-content\/uploads\/2025\/05\/6-juin-behind-the-lines-397x500.png 397w\" sizes=\"auto, (max-width: 617px) 100vw, 617px\" \/><\/p>\n<p>&nbsp;<\/p>\n<h3>Samedi 7 juin<\/h3>\n<h4>De 10 h \u00e0 15 h, terrain de sport, rue Vlogaert<\/h4>\n<p><strong>Tournoi de football organis\u00e9 avec les Gaza Stars<\/strong><\/p>\n<p>&nbsp;<\/p>\n<h4>De 15 h 30 \u00e0 22 h, place Bethl\u00e9em<\/h4>\n<div class=\"x14z9mp xat24cr x1lziwak x1vvkbs xtlvy1s x126k92a\">\n<div dir=\"auto\"><strong>Un moment festif \u00e0 l\u2019esprit militant \u2014 avec prises de parole, musique, tatouages au henn\u00e9, ateliers de calligraphie, espace enfants, restauration solidaire\u2026<\/strong><\/div>\n<\/div>\n<div dir=\"auto\">&nbsp;<\/div>\n<p><img loading=\"lazy\" decoding=\"async\" class=\"wp-image-84867 size-full aligncenter\" src=\"https:\/\/charleroi-pourlapalestine.be\/wp-content\/uploads\/2025\/06\/Henna.png\" alt=\"\" width=\"602\" height=\"497\" srcset=\"https:\/\/charleroi-pourlapalestine.be\/wp-content\/uploads\/2025\/06\/Henna.png 602w, https:\/\/charleroi-pourlapalestine.be\/wp-content\/uploads\/2025\/06\/Henna-303x250.png 303w\" sizes=\"auto, (max-width: 602px) 100vw, 602px\" \/><\/p>\n<p>&nbsp;<\/p>\n<h4>De 16 h \u00e0 18 h<\/h4>\n<p><strong>Spectacle de th\u00e9\u00e2tre par de jeunes Gazaouis<\/strong><br \/>\n<strong>Slam par Asma Soulista<\/strong><br \/>\n<strong>Po\u00e8mes de Malika, Hala, Ihssane &amp; Abu Tareq<\/strong><\/p>\n<p>&nbsp;<\/p>\n<h4>De 18 h \u00e0 22 h<\/h4>\n<p>&nbsp;<\/p>\n<p><img loading=\"lazy\" decoding=\"async\" class=\"aligncenter wp-image-84864 size-full\" src=\"https:\/\/charleroi-pourlapalestine.be\/wp-content\/uploads\/2025\/06\/Rajeen-e1749116055524.png\" alt=\"\" width=\"447\" height=\"756\" srcset=\"https:\/\/charleroi-pourlapalestine.be\/wp-content\/uploads\/2025\/06\/Rajeen-e1749116055524.png 447w, https:\/\/charleroi-pourlapalestine.be\/wp-content\/uploads\/2025\/06\/Rajeen-e1749116055524-148x250.png 148w, https:\/\/charleroi-pourlapalestine.be\/wp-content\/uploads\/2025\/06\/Rajeen-e1749116055524-296x500.png 296w\" sizes=\"auto, (max-width: 447px) 100vw, 447px\" \/><\/p>\n<p>&nbsp;<\/p>\n<p><strong>Concerts de Ryaam, Osloob, Achille &amp; T\u00e9moin<\/strong><br \/>\n<strong>Dabk\u00e9 : Raj&rsquo;een.<\/strong><br \/>\n<strong>DJ set de Hishek Bishek &amp; invit\u00e9s<\/strong><\/p>\n<p>&nbsp;<\/p>\n<p><img loading=\"lazy\" decoding=\"async\" class=\"aligncenter wp-image-84859 size-full\" src=\"https:\/\/charleroi-pourlapalestine.be\/wp-content\/uploads\/2025\/06\/DJ-Hussam.png\" alt=\"Le Festival de la R\u00e9sistance, avec DJ Hussam\" width=\"590\" height=\"808\" srcset=\"https:\/\/charleroi-pourlapalestine.be\/wp-content\/uploads\/2025\/06\/DJ-Hussam.png 590w, https:\/\/charleroi-pourlapalestine.be\/wp-content\/uploads\/2025\/06\/DJ-Hussam-183x250.png 183w, https:\/\/charleroi-pourlapalestine.be\/wp-content\/uploads\/2025\/06\/DJ-Hussam-365x500.png 365w\" sizes=\"auto, (max-width: 590px) 100vw, 590px\" \/><\/p>\n<p>&nbsp;<\/p>\n<p><img loading=\"lazy\" decoding=\"async\" class=\"aligncenter wp-image-84861 size-full\" src=\"https:\/\/charleroi-pourlapalestine.be\/wp-content\/uploads\/2025\/06\/Achille-et-TMoin-e1749114839411.png\" alt=\"Le Festival de la R\u00e9sistance, avec Achille &amp; Tmoin\" width=\"393\" height=\"254\" srcset=\"https:\/\/charleroi-pourlapalestine.be\/wp-content\/uploads\/2025\/06\/Achille-et-TMoin-e1749114839411.png 393w, https:\/\/charleroi-pourlapalestine.be\/wp-content\/uploads\/2025\/06\/Achille-et-TMoin-e1749114839411-350x226.png 350w\" sizes=\"auto, (max-width: 393px) 100vw, 393px\" \/><\/p>\n<p>&nbsp;<\/p>\n<p>&nbsp;<\/p>\n<p><img loading=\"lazy\" decoding=\"async\" class=\"aligncenter wp-image-84860 size-full\" src=\"https:\/\/charleroi-pourlapalestine.be\/wp-content\/uploads\/2025\/06\/Hussein-abu-Shammala-e1749114219924.png\" alt=\"Le Festival de la R\u00e9sistance, avec Husein Abu Shammala \" width=\"627\" height=\"668\" srcset=\"https:\/\/charleroi-pourlapalestine.be\/wp-content\/uploads\/2025\/06\/Hussein-abu-Shammala-e1749114219924.png 627w, https:\/\/charleroi-pourlapalestine.be\/wp-content\/uploads\/2025\/06\/Hussein-abu-Shammala-e1749114219924-235x250.png 235w, https:\/\/charleroi-pourlapalestine.be\/wp-content\/uploads\/2025\/06\/Hussein-abu-Shammala-e1749114219924-469x500.png 469w\" sizes=\"auto, (max-width: 627px) 100vw, 627px\" \/><\/p>\n<p>&nbsp;<\/p>\n<h3>Dimanche 8 juin au DK, rue de Danmark 7B<\/h3>\n<p><strong>Expositons, stand d&rsquo;\u00e9criture aux prisonni\u00e8res palestiniennes, discussions&#8230;<\/strong><\/p>\n<h4><strong><br \/>\nDe 10 h 30 h \u00e0 15 h : L&rsquo;\u00e9cole de la r\u00e9volution<\/strong><\/h4>\n<p>&nbsp;<\/p>\n<p><img loading=\"lazy\" decoding=\"async\" class=\"aligncenter wp-image-84869 size-large\" src=\"https:\/\/charleroi-pourlapalestine.be\/wp-content\/uploads\/2025\/06\/School-of-the-revolution-396x500.png\" alt=\"En collaboration avec le Festival de la R\u00e9sistance : l'\u00e9cole de la r\u00e9volution\" width=\"396\" height=\"500\" srcset=\"https:\/\/charleroi-pourlapalestine.be\/wp-content\/uploads\/2025\/06\/School-of-the-revolution-396x500.png 396w, https:\/\/charleroi-pourlapalestine.be\/wp-content\/uploads\/2025\/06\/School-of-the-revolution-198x250.png 198w, https:\/\/charleroi-pourlapalestine.be\/wp-content\/uploads\/2025\/06\/School-of-the-revolution.png 616w\" sizes=\"auto, (max-width: 396px) 100vw, 396px\" \/><\/p>\n<blockquote><p>\nEn collaboration avec le Festival de la R\u00e9sistance, la prochaine \u00e9cole rassemble des collectifs bruxellois qui r\u00e9sistent \u00e0 la violence polici\u00e8re, s&rsquo;organisent contre le fascisme, luttent pour un monde sans fronti\u00e8res et se mobilisent en solidarit\u00e9 avec la Palestine.<\/p>\n<p style=\"text-align: left;\">En apprenant ensemble, nous cherchons \u00e0 construire notre capacit\u00e9 collective \u00e0 comprendre et \u00e0 d\u00e9manteler les diff\u00e9rents syst\u00e8mes d&rsquo;oppression pr\u00e9sents dans notre ville.<\/p>\n<\/blockquote>\n<p>&nbsp;<\/p>\n<h3>De 15 h \u00e0 20 h 30 : Panels politiques&nbsp;<\/h3>\n<p>&nbsp;<\/p>\n<p><strong>&#8211; de 15 h \u00e0 h&nbsp; 16 h 30 : Palestiniens et non-Palestiniens, juifs et non-juifs : tous ensemble contre le sionisme<\/strong><\/p>\n<p><strong>-de 17 h \u00e0 18 h 30 : Que signifie le boycott en tant que mouvement r\u00e9volutionnaire ?<\/strong><\/p>\n<p><strong>-de 19 h \u00e0 20 h 30 : Les luttes anticoloniales et anti-imp\u00e9rialistes actuelles et la coalition au c\u0153ur de l&#8217;empire<\/strong><\/p>\n<p>&nbsp;<\/p>\n<p style=\"text-align: center;\">*****<\/p>\n<p>Lisez \u00e9galement :&nbsp; <a href=\"https:\/\/charleroi-pourlapalestine.be\/index.php\/2025\/06\/05\/le-festival-resistance-palestine-a-bruxelles-et-le-droit-detre-hostile\/\">Le Festival R\u00e9sistance \u2013 Palestine \u00e0 Bruxelles et le <em>\u00ab droit d\u2019\u00eatre hostile \u00bb<\/em><\/a><\/p>\n","protected":false},"excerpt":{"rendered":"<p>Trois jours de rencontres, de projections, de d\u00e9bats, de musiques, d\u2019ateliers et de cuisine pour faire vivre la r\u00e9sistance culturelle et politique du peuple palestinien !<\/p>\n","protected":false},"author":1,"featured_media":84857,"comment_status":"closed","ping_status":"closed","sticky":false,"template":"","format":"standard","meta":{"ngg_post_thumbnail":0,"footnotes":""},"categories":[178,25],"tags":[],"class_list":["post-84758","post","type-post","status-publish","format-standard","has-post-thumbnail","hentry","category-culture-2","category-la-resistance-palestinienne"],"yoast_head":"<!-- This site is optimized with the Yoast SEO plugin v27.3 - https:\/\/yoast.com\/product\/yoast-seo-wordpress\/ -->\n<title>Le Festival R\u00e9sistance \u00e0 Bruxelles les 6, 7 et 8 juin<\/title>\n<meta name=\"description\" content=\"Le Festival R\u00e9sistance \u00e0 Bruxelles : faire vivre la r\u00e9sistance culturelle et politique du peuple palestinien\" \/>\n<meta name=\"robots\" content=\"index, follow, max-snippet:-1, max-image-preview:large, max-video-preview:-1\" \/>\n<link rel=\"canonical\" href=\"https:\/\/charleroi-pourlapalestine.be\/index.php\/2025\/06\/05\/les-6-7-et-8-juin-le-festival-resistance-a-bruxelles\/\" \/>\n<script type=\"application\/ld+json\" class=\"yoast-schema-graph\">{\"@context\":\"https:\\\/\\\/schema.org\",\"@graph\":[{\"@type\":\"Article\",\"@id\":\"https:\\\/\\\/charleroi-pourlapalestine.be\\\/index.php\\\/2025\\\/06\\\/05\\\/les-6-7-et-8-juin-le-festival-resistance-a-bruxelles\\\/#article\",\"isPartOf\":{\"@id\":\"https:\\\/\\\/charleroi-pourlapalestine.be\\\/index.php\\\/2025\\\/06\\\/05\\\/les-6-7-et-8-juin-le-festival-resistance-a-bruxelles\\\/\"},\"author\":{\"name\":\"admin1873\",\"@id\":\"https:\\\/\\\/charleroi-pourlapalestine.be\\\/#\\\/schema\\\/person\\\/c19ff515112f1299d8c12671d8fe3faa\"},\"headline\":\"Le Festival R\u00e9sistance \u00e0 Bruxelles les 6, 7 et 8 juin\",\"datePublished\":\"2025-06-05T11:37:39+00:00\",\"dateModified\":\"2025-06-05T11:46:17+00:00\",\"mainEntityOfPage\":{\"@id\":\"https:\\\/\\\/charleroi-pourlapalestine.be\\\/index.php\\\/2025\\\/06\\\/05\\\/les-6-7-et-8-juin-le-festival-resistance-a-bruxelles\\\/\"},\"wordCount\":491,\"publisher\":{\"@id\":\"https:\\\/\\\/charleroi-pourlapalestine.be\\\/#organization\"},\"image\":{\"@id\":\"https:\\\/\\\/charleroi-pourlapalestine.be\\\/index.php\\\/2025\\\/06\\\/05\\\/les-6-7-et-8-juin-le-festival-resistance-a-bruxelles\\\/#primaryimage\"},\"thumbnailUrl\":\"https:\\\/\\\/charleroi-pourlapalestine.be\\\/wp-content\\\/uploads\\\/2025\\\/06\\\/Le-festival-Resistance.png\",\"articleSection\":[\"Culture\",\"R\u00e9sistance\"],\"inLanguage\":\"fr-FR\"},{\"@type\":\"WebPage\",\"@id\":\"https:\\\/\\\/charleroi-pourlapalestine.be\\\/index.php\\\/2025\\\/06\\\/05\\\/les-6-7-et-8-juin-le-festival-resistance-a-bruxelles\\\/\",\"url\":\"https:\\\/\\\/charleroi-pourlapalestine.be\\\/index.php\\\/2025\\\/06\\\/05\\\/les-6-7-et-8-juin-le-festival-resistance-a-bruxelles\\\/\",\"name\":\"Le Festival R\u00e9sistance \u00e0 Bruxelles les 6, 7 et 8 juin\",\"isPartOf\":{\"@id\":\"https:\\\/\\\/charleroi-pourlapalestine.be\\\/#website\"},\"primaryImageOfPage\":{\"@id\":\"https:\\\/\\\/charleroi-pourlapalestine.be\\\/index.php\\\/2025\\\/06\\\/05\\\/les-6-7-et-8-juin-le-festival-resistance-a-bruxelles\\\/#primaryimage\"},\"image\":{\"@id\":\"https:\\\/\\\/charleroi-pourlapalestine.be\\\/index.php\\\/2025\\\/06\\\/05\\\/les-6-7-et-8-juin-le-festival-resistance-a-bruxelles\\\/#primaryimage\"},\"thumbnailUrl\":\"https:\\\/\\\/charleroi-pourlapalestine.be\\\/wp-content\\\/uploads\\\/2025\\\/06\\\/Le-festival-Resistance.png\",\"datePublished\":\"2025-06-05T11:37:39+00:00\",\"dateModified\":\"2025-06-05T11:46:17+00:00\",\"description\":\"Le Festival R\u00e9sistance \u00e0 Bruxelles : faire vivre la r\u00e9sistance culturelle et politique du peuple palestinien\",\"breadcrumb\":{\"@id\":\"https:\\\/\\\/charleroi-pourlapalestine.be\\\/index.php\\\/2025\\\/06\\\/05\\\/les-6-7-et-8-juin-le-festival-resistance-a-bruxelles\\\/#breadcrumb\"},\"inLanguage\":\"fr-FR\",\"potentialAction\":[{\"@type\":\"ReadAction\",\"target\":[\"https:\\\/\\\/charleroi-pourlapalestine.be\\\/index.php\\\/2025\\\/06\\\/05\\\/les-6-7-et-8-juin-le-festival-resistance-a-bruxelles\\\/\"]}]},{\"@type\":\"ImageObject\",\"inLanguage\":\"fr-FR\",\"@id\":\"https:\\\/\\\/charleroi-pourlapalestine.be\\\/index.php\\\/2025\\\/06\\\/05\\\/les-6-7-et-8-juin-le-festival-resistance-a-bruxelles\\\/#primaryimage\",\"url\":\"https:\\\/\\\/charleroi-pourlapalestine.be\\\/wp-content\\\/uploads\\\/2025\\\/06\\\/Le-festival-Resistance.png\",\"contentUrl\":\"https:\\\/\\\/charleroi-pourlapalestine.be\\\/wp-content\\\/uploads\\\/2025\\\/06\\\/Le-festival-Resistance.png\",\"width\":708,\"height\":372},{\"@type\":\"BreadcrumbList\",\"@id\":\"https:\\\/\\\/charleroi-pourlapalestine.be\\\/index.php\\\/2025\\\/06\\\/05\\\/les-6-7-et-8-juin-le-festival-resistance-a-bruxelles\\\/#breadcrumb\",\"itemListElement\":[{\"@type\":\"ListItem\",\"position\":1,\"name\":\"Accueil\",\"item\":\"https:\\\/\\\/charleroi-pourlapalestine.be\\\/\"},{\"@type\":\"ListItem\",\"position\":2,\"name\":\"Le Festival R\u00e9sistance \u00e0 Bruxelles les 6, 7 et 8 juin\"}]},{\"@type\":\"WebSite\",\"@id\":\"https:\\\/\\\/charleroi-pourlapalestine.be\\\/#website\",\"url\":\"https:\\\/\\\/charleroi-pourlapalestine.be\\\/\",\"name\":\"Charleroi Pour la Palestine\",\"description\":\"\",\"publisher\":{\"@id\":\"https:\\\/\\\/charleroi-pourlapalestine.be\\\/#organization\"},\"potentialAction\":[{\"@type\":\"SearchAction\",\"target\":{\"@type\":\"EntryPoint\",\"urlTemplate\":\"https:\\\/\\\/charleroi-pourlapalestine.be\\\/?s={search_term_string}\"},\"query-input\":{\"@type\":\"PropertyValueSpecification\",\"valueRequired\":true,\"valueName\":\"search_term_string\"}}],\"inLanguage\":\"fr-FR\"},{\"@type\":\"Organization\",\"@id\":\"https:\\\/\\\/charleroi-pourlapalestine.be\\\/#organization\",\"name\":\"Plate-forme Charleroi-Palestine\",\"url\":\"https:\\\/\\\/charleroi-pourlapalestine.be\\\/\",\"logo\":{\"@type\":\"ImageObject\",\"inLanguage\":\"fr-FR\",\"@id\":\"https:\\\/\\\/charleroi-pourlapalestine.be\\\/#\\\/schema\\\/logo\\\/image\\\/\",\"url\":\"https:\\\/\\\/charleroi-pourlapalestine.be\\\/wp-content\\\/uploads\\\/2020\\\/01\\\/logo-Copy.jpg\",\"contentUrl\":\"https:\\\/\\\/charleroi-pourlapalestine.be\\\/wp-content\\\/uploads\\\/2020\\\/01\\\/logo-Copy.jpg\",\"width\":180,\"height\":180,\"caption\":\"Plate-forme Charleroi-Palestine\"},\"image\":{\"@id\":\"https:\\\/\\\/charleroi-pourlapalestine.be\\\/#\\\/schema\\\/logo\\\/image\\\/\"},\"sameAs\":[\"https:\\\/\\\/www.facebook.com\\\/PlateformeCharleroiPalestine\\\/\",\"https:\\\/\\\/x.com\\\/LaCharleroi\"]},{\"@type\":\"Person\",\"@id\":\"https:\\\/\\\/charleroi-pourlapalestine.be\\\/#\\\/schema\\\/person\\\/c19ff515112f1299d8c12671d8fe3faa\",\"name\":\"admin1873\",\"url\":\"https:\\\/\\\/charleroi-pourlapalestine.be\\\/index.php\\\/author\\\/admin1873\\\/\"}]}<\/script>\n<!-- \/ Yoast SEO plugin. -->","yoast_head_json":{"title":"Le Festival R\u00e9sistance \u00e0 Bruxelles les 6, 7 et 8 juin","description":"Le Festival R\u00e9sistance \u00e0 Bruxelles : faire vivre la r\u00e9sistance culturelle et politique du peuple palestinien","robots":{"index":"index","follow":"follow","max-snippet":"max-snippet:-1","max-image-preview":"max-image-preview:large","max-video-preview":"max-video-preview:-1"},"canonical":"https:\/\/charleroi-pourlapalestine.be\/index.php\/2025\/06\/05\/les-6-7-et-8-juin-le-festival-resistance-a-bruxelles\/","schema":{"@context":"https:\/\/schema.org","@graph":[{"@type":"Article","@id":"https:\/\/charleroi-pourlapalestine.be\/index.php\/2025\/06\/05\/les-6-7-et-8-juin-le-festival-resistance-a-bruxelles\/#article","isPartOf":{"@id":"https:\/\/charleroi-pourlapalestine.be\/index.php\/2025\/06\/05\/les-6-7-et-8-juin-le-festival-resistance-a-bruxelles\/"},"author":{"name":"admin1873","@id":"https:\/\/charleroi-pourlapalestine.be\/#\/schema\/person\/c19ff515112f1299d8c12671d8fe3faa"},"headline":"Le Festival R\u00e9sistance \u00e0 Bruxelles les 6, 7 et 8 juin","datePublished":"2025-06-05T11:37:39+00:00","dateModified":"2025-06-05T11:46:17+00:00","mainEntityOfPage":{"@id":"https:\/\/charleroi-pourlapalestine.be\/index.php\/2025\/06\/05\/les-6-7-et-8-juin-le-festival-resistance-a-bruxelles\/"},"wordCount":491,"publisher":{"@id":"https:\/\/charleroi-pourlapalestine.be\/#organization"},"image":{"@id":"https:\/\/charleroi-pourlapalestine.be\/index.php\/2025\/06\/05\/les-6-7-et-8-juin-le-festival-resistance-a-bruxelles\/#primaryimage"},"thumbnailUrl":"https:\/\/charleroi-pourlapalestine.be\/wp-content\/uploads\/2025\/06\/Le-festival-Resistance.png","articleSection":["Culture","R\u00e9sistance"],"inLanguage":"fr-FR"},{"@type":"WebPage","@id":"https:\/\/charleroi-pourlapalestine.be\/index.php\/2025\/06\/05\/les-6-7-et-8-juin-le-festival-resistance-a-bruxelles\/","url":"https:\/\/charleroi-pourlapalestine.be\/index.php\/2025\/06\/05\/les-6-7-et-8-juin-le-festival-resistance-a-bruxelles\/","name":"Le Festival R\u00e9sistance \u00e0 Bruxelles les 6, 7 et 8 juin","isPartOf":{"@id":"https:\/\/charleroi-pourlapalestine.be\/#website"},"primaryImageOfPage":{"@id":"https:\/\/charleroi-pourlapalestine.be\/index.php\/2025\/06\/05\/les-6-7-et-8-juin-le-festival-resistance-a-bruxelles\/#primaryimage"},"image":{"@id":"https:\/\/charleroi-pourlapalestine.be\/index.php\/2025\/06\/05\/les-6-7-et-8-juin-le-festival-resistance-a-bruxelles\/#primaryimage"},"thumbnailUrl":"https:\/\/charleroi-pourlapalestine.be\/wp-content\/uploads\/2025\/06\/Le-festival-Resistance.png","datePublished":"2025-06-05T11:37:39+00:00","dateModified":"2025-06-05T11:46:17+00:00","description":"Le Festival R\u00e9sistance \u00e0 Bruxelles : faire vivre la r\u00e9sistance culturelle et politique du peuple palestinien","breadcrumb":{"@id":"https:\/\/charleroi-pourlapalestine.be\/index.php\/2025\/06\/05\/les-6-7-et-8-juin-le-festival-resistance-a-bruxelles\/#breadcrumb"},"inLanguage":"fr-FR","potentialAction":[{"@type":"ReadAction","target":["https:\/\/charleroi-pourlapalestine.be\/index.php\/2025\/06\/05\/les-6-7-et-8-juin-le-festival-resistance-a-bruxelles\/"]}]},{"@type":"ImageObject","inLanguage":"fr-FR","@id":"https:\/\/charleroi-pourlapalestine.be\/index.php\/2025\/06\/05\/les-6-7-et-8-juin-le-festival-resistance-a-bruxelles\/#primaryimage","url":"https:\/\/charleroi-pourlapalestine.be\/wp-content\/uploads\/2025\/06\/Le-festival-Resistance.png","contentUrl":"https:\/\/charleroi-pourlapalestine.be\/wp-content\/uploads\/2025\/06\/Le-festival-Resistance.png","width":708,"height":372},{"@type":"BreadcrumbList","@id":"https:\/\/charleroi-pourlapalestine.be\/index.php\/2025\/06\/05\/les-6-7-et-8-juin-le-festival-resistance-a-bruxelles\/#breadcrumb","itemListElement":[{"@type":"ListItem","position":1,"name":"Accueil","item":"https:\/\/charleroi-pourlapalestine.be\/"},{"@type":"ListItem","position":2,"name":"Le Festival R\u00e9sistance \u00e0 Bruxelles les 6, 7 et 8 juin"}]},{"@type":"WebSite","@id":"https:\/\/charleroi-pourlapalestine.be\/#website","url":"https:\/\/charleroi-pourlapalestine.be\/","name":"Charleroi Pour la Palestine","description":"","publisher":{"@id":"https:\/\/charleroi-pourlapalestine.be\/#organization"},"potentialAction":[{"@type":"SearchAction","target":{"@type":"EntryPoint","urlTemplate":"https:\/\/charleroi-pourlapalestine.be\/?s={search_term_string}"},"query-input":{"@type":"PropertyValueSpecification","valueRequired":true,"valueName":"search_term_string"}}],"inLanguage":"fr-FR"},{"@type":"Organization","@id":"https:\/\/charleroi-pourlapalestine.be\/#organization","name":"Plate-forme Charleroi-Palestine","url":"https:\/\/charleroi-pourlapalestine.be\/","logo":{"@type":"ImageObject","inLanguage":"fr-FR","@id":"https:\/\/charleroi-pourlapalestine.be\/#\/schema\/logo\/image\/","url":"https:\/\/charleroi-pourlapalestine.be\/wp-content\/uploads\/2020\/01\/logo-Copy.jpg","contentUrl":"https:\/\/charleroi-pourlapalestine.be\/wp-content\/uploads\/2020\/01\/logo-Copy.jpg","width":180,"height":180,"caption":"Plate-forme Charleroi-Palestine"},"image":{"@id":"https:\/\/charleroi-pourlapalestine.be\/#\/schema\/logo\/image\/"},"sameAs":["https:\/\/www.facebook.com\/PlateformeCharleroiPalestine\/","https:\/\/x.com\/LaCharleroi"]},{"@type":"Person","@id":"https:\/\/charleroi-pourlapalestine.be\/#\/schema\/person\/c19ff515112f1299d8c12671d8fe3faa","name":"admin1873","url":"https:\/\/charleroi-pourlapalestine.be\/index.php\/author\/admin1873\/"}]}},"_links":{"self":[{"href":"https:\/\/charleroi-pourlapalestine.be\/index.php\/wp-json\/wp\/v2\/posts\/84758","targetHints":{"allow":["GET"]}}],"collection":[{"href":"https:\/\/charleroi-pourlapalestine.be\/index.php\/wp-json\/wp\/v2\/posts"}],"about":[{"href":"https:\/\/charleroi-pourlapalestine.be\/index.php\/wp-json\/wp\/v2\/types\/post"}],"author":[{"embeddable":true,"href":"https:\/\/charleroi-pourlapalestine.be\/index.php\/wp-json\/wp\/v2\/users\/1"}],"replies":[{"embeddable":true,"href":"https:\/\/charleroi-pourlapalestine.be\/index.php\/wp-json\/wp\/v2\/comments?post=84758"}],"version-history":[{"count":0,"href":"https:\/\/charleroi-pourlapalestine.be\/index.php\/wp-json\/wp\/v2\/posts\/84758\/revisions"}],"wp:featuredmedia":[{"embeddable":true,"href":"https:\/\/charleroi-pourlapalestine.be\/index.php\/wp-json\/wp\/v2\/media\/84857"}],"wp:attachment":[{"href":"https:\/\/charleroi-pourlapalestine.be\/index.php\/wp-json\/wp\/v2\/media?parent=84758"}],"wp:term":[{"taxonomy":"category","embeddable":true,"href":"https:\/\/charleroi-pourlapalestine.be\/index.php\/wp-json\/wp\/v2\/categories?post=84758"},{"taxonomy":"post_tag","embeddable":true,"href":"https:\/\/charleroi-pourlapalestine.be\/index.php\/wp-json\/wp\/v2\/tags?post=84758"}],"curies":[{"name":"wp","href":"https:\/\/api.w.org\/{rel}","templated":true}]}}