{"id":84762,"date":"2025-05-29T12:35:03","date_gmt":"2025-05-29T10:35:03","guid":{"rendered":"https:\/\/charleroi-pourlapalestine.be\/?p=84762"},"modified":"2025-05-29T12:37:32","modified_gmt":"2025-05-29T10:37:32","slug":"l-etoile-noire-du-travail-kwame-ture-decernee-en-2025-au-dirigeant-martyr-yahya-al-sinwar","status":"publish","type":"post","link":"https:\/\/charleroi-pourlapalestine.be\/index.php\/2025\/05\/29\/l-etoile-noire-du-travail-kwame-ture-decernee-en-2025-au-dirigeant-martyr-yahya-al-sinwar\/","title":{"rendered":"L&rsquo;\u00c9toile noire du Travail &#8211; Kwame Ture d\u00e9cern\u00e9e en 2025 au dirigeant martyr Yahya al-Sinwar"},"content":{"rendered":"<p>Au cours d&rsquo;une occasion symbolique exprimant l&rsquo;unit\u00e9 des luttes populaires contre le colonialisme et la domination, le <strong>Parti r\u00e9volutionnaire du peuple panafricain<\/strong> a annonc\u00e9 la remise de<strong> l&rsquo;\u00c9toile noire du Travail Kwame-Ture<\/strong> 2025 au commandant martyr <strong>Yahya al-Sinwar<\/strong> (Abu Ibrahim), en reconnaissance de son r\u00f4le de pionnier et de sa d\u00e9fense h\u00e9ro\u00efque de la dignit\u00e9 et des droits du peuple palestinien face \u00e0 l&rsquo;occupation sioniste \u2013 et plus particuli\u00e8rement au cours de la glorieuse op\u00e9ration <strong>D\u00e9luge d&rsquo;Al-Aqsa.<\/strong><\/p>\n<p>&nbsp;<\/p>\n<p>&nbsp;<\/p>\n<p><img loading=\"lazy\" decoding=\"async\" class=\"aligncenter wp-image-84763 size-full\" src=\"https:\/\/charleroi-pourlapalestine.be\/wp-content\/uploads\/2025\/05\/Etoile-Noire.png\" alt=\"\" width=\"980\" height=\"551\" srcset=\"https:\/\/charleroi-pourlapalestine.be\/wp-content\/uploads\/2025\/05\/Etoile-Noire.png 980w, https:\/\/charleroi-pourlapalestine.be\/wp-content\/uploads\/2025\/05\/Etoile-Noire-350x197.png 350w, https:\/\/charleroi-pourlapalestine.be\/wp-content\/uploads\/2025\/05\/Etoile-Noire-700x394.png 700w, https:\/\/charleroi-pourlapalestine.be\/wp-content\/uploads\/2025\/05\/Etoile-Noire-768x432.png 768w\" sizes=\"auto, (max-width: 980px) 100vw, 980px\" \/><\/p>\n<p>&nbsp;<\/p>\n<p><strong>Masar Badil<\/strong>, 27 mai 2025<\/p>\n<p>&nbsp;<\/p>\n<p>La r\u00e9compense a \u00e9t\u00e9 d\u00e9cern\u00e9e au cours de la c\u00e9l\u00e9bration annuelle de la <strong>Journ\u00e9e de lib\u00e9ration de l&rsquo;Afrique<\/strong>, qui a lieu chaque ann\u00e9e le 25 mai et co\u00efncide avec l&rsquo;anniversaire de la fondation de <strong>l&rsquo;Organisation de l&rsquo;Unit\u00e9 africaine<\/strong>. Cette date est \u00e9galement celle o\u00f9 l&rsquo;on honore les luttes des peuples africains contre le colonialisme, le racisme et la d\u00e9pendance.<\/p>\n<p>&nbsp;<\/p>\n<p><img loading=\"lazy\" decoding=\"async\" class=\"wp-image-84765 size-full aligncenter\" src=\"https:\/\/charleroi-pourlapalestine.be\/wp-content\/uploads\/2025\/05\/Dia-de-liberacion-africana.png\" alt=\"\" width=\"730\" height=\"447\" srcset=\"https:\/\/charleroi-pourlapalestine.be\/wp-content\/uploads\/2025\/05\/Dia-de-liberacion-africana.png 730w, https:\/\/charleroi-pourlapalestine.be\/wp-content\/uploads\/2025\/05\/Dia-de-liberacion-africana-350x214.png 350w, https:\/\/charleroi-pourlapalestine.be\/wp-content\/uploads\/2025\/05\/Dia-de-liberacion-africana-700x429.png 700w\" sizes=\"auto, (max-width: 730px) 100vw, 730px\" \/><\/p>\n<p>&nbsp;<\/p>\n<p>Le <strong>Mouvement alternatif de la voie r\u00e9volutionnaire palestinienne (Masar Badil)<\/strong> a re\u00e7u la r\u00e9compense au nom de la famille du dirigeant martyr <strong>Yahya al-Sinwar<\/strong> et de ses camarades dans la r\u00e9sistance.<\/p>\n<p>Dans le discours prononc\u00e9 au nom de Masar Badil, <a href=\"https:\/\/x.com\/AAPRP\/status\/1926679738325573887\" target=\"_blank\" rel=\"noopener\">il a \u00e9t\u00e9 dit ceci<\/a> :<\/p>\n<p>&nbsp;<\/p>\n<blockquote><p>\u00ab C&rsquo;est un honneur pour nous, de Masar Badil, de participer et d&rsquo;\u00eatre pr\u00e9sents \u00e0 cet \u00e9v\u00e9nement important \u2013 la Journ\u00e9e de lib\u00e9ration de l&rsquo;Afrique \u2013 et de nous voir remettre cette distinction qu&rsquo;est <strong>l&rsquo;\u00c9toile noire du travail \u2013 Kwame Ture<\/strong> afin de la transmettre \u00e0 la famille et aux camarades du grand dirigeant national palestinien et martyr <strong>Yahya al-Sinwar<\/strong> (Abu Ibrahim). \u00bb<br \/>\nLe mouvement a affirm\u00e9 :<\/p>\n<p>\u00ab Cette r\u00e9compense confirme la profonde et puissante relation historique entre le mouvement de lib\u00e9ration de la Palestine et le mouvement de lib\u00e9ration de l&rsquo;Afrique. Vos sacrifices, vos martyrs et vos dirigeants r\u00e9volutionnaires nous ont toujours inspir\u00e9s \u2013 en t\u00eate parmi ceux-ci, naturellement, Kwame Ture, qui a toujours \u00e9t\u00e9 clair et pr\u00e9cis dans sa position au sujet de la cause palestinienne et dans sa compr\u00e9hension de la relation entre le sionisme et l&rsquo;imp\u00e9rialisme. \u00bb&nbsp;<\/p><\/blockquote>\n<p>Le mouvement a \u00e9galement fait remarquer :<\/p>\n<blockquote><p>\u00ab Aujourd&rsquo;hui, nous sommes doublement fiers, puisque la Journ\u00e9e de lib\u00e9ration de l&rsquo;Afrique et l&rsquo;octroi de cet honneur au grand commandant martyr Yahya al-Sinwar co\u00efncident avec la Journ\u00e9e de la r\u00e9sistance et de la lib\u00e9ration au Liban, marquant ainsi la victoire historique sur l&rsquo;ennemi sioniste et la lib\u00e9ration du Sud-Liban le 25 mai 2000. \u00bb<\/p><\/blockquote>\n<p>La distinction porte le nom du grand combattant africain de la libert\u00e9, <strong>Kwame Ture<\/strong>, l&rsquo;un des dirigeants r\u00e9volutionnaires qui ont consacr\u00e9 leur vie \u00e0 combattre le colonialisme sur le continent africain, et qui soutenait fermement la cause palestinienne, percevant la lutte contre le sionisme comme une partie ins\u00e9parable du combat mondial contre le colonialisme et la discrimination raciale.<\/p>\n<p>Cette reconnaissance vient \u00e0 un moment historique o\u00f9 les voix des peuples soutenant la Palestine se font entendre de plus en plus et o\u00f9 les batailles pour la lib\u00e9ration se croisent \u2013 de<strong> l&rsquo;Afrique du Sud<\/strong> au <strong>Sud-Liban<\/strong>, de<strong> Gaza<\/strong> au <strong>Mali<\/strong> et au <strong>Burkina Faso<\/strong>. Son message est que la lutte r\u00e9volutionnaire pour la libert\u00e9 n&rsquo;est pas confin\u00e9e par la g\u00e9ographie ; c&rsquo;est une cause mondiale, au sein de laquelle le sang des martyrs et les sacrifices des gens libres sont unis partout.<\/p>\n<p>&nbsp;<\/p>\n<p>Ci-dessous, vous pouvez lire le texte int\u00e9gral du discours :<\/p>\n<p>&nbsp;<\/p>\n<div id=\"attachment_84764\" style=\"width: 742px\" class=\"wp-caption aligncenter\"><img loading=\"lazy\" decoding=\"async\" aria-describedby=\"caption-attachment-84764\" class=\"wp-image-84764 size-full\" src=\"https:\/\/charleroi-pourlapalestine.be\/wp-content\/uploads\/2025\/05\/Khaled-Barakat-a-propos-du-prix-Kwame-Toure.png\" alt=\"L'\u00c9toile noire du Travail - Kwame Ture d\u00e9cern\u00e9e en 2025 au dirigeant martyr Yahya al-Sinwar. Photo : Khaled Barakat, Masar Badil\" width=\"732\" height=\"402\" srcset=\"https:\/\/charleroi-pourlapalestine.be\/wp-content\/uploads\/2025\/05\/Khaled-Barakat-a-propos-du-prix-Kwame-Toure.png 732w, https:\/\/charleroi-pourlapalestine.be\/wp-content\/uploads\/2025\/05\/Khaled-Barakat-a-propos-du-prix-Kwame-Toure-350x192.png 350w, https:\/\/charleroi-pourlapalestine.be\/wp-content\/uploads\/2025\/05\/Khaled-Barakat-a-propos-du-prix-Kwame-Toure-700x384.png 700w\" sizes=\"auto, (max-width: 732px) 100vw, 732px\" \/><p id=\"caption-attachment-84764\" class=\"wp-caption-text\"><strong>Khaled Barakat transmet ses salutations r\u00e9volutionnaires au Parti r\u00e9volutionnaire populaire panafricain et \u00e0 tous ceux qui luttent contre l&rsquo;imp\u00e9rialisme.&nbsp;<\/strong><\/p><\/div>\n<blockquote><p>Camarades, as-salam u-aleykum, la paix soit avec vous.<\/p>\n<p>Avec les salutations r\u00e9volutionnaires de vos camarades de Masar Badil, le Mouvement alternatif de la voie r\u00e9volutionnaire palestinienne.<\/p>\n<p>C&rsquo;est un honneur pour nous, de Masar Badil, de participer et d&rsquo;\u00eatre pr\u00e9sents \u00e0 cet \u00e9v\u00e9nement important \u2013 la Journ\u00e9e de lib\u00e9ration de l&rsquo;Afrique \u2013 et de nous voir remettre cette distinction qu&rsquo;est l&rsquo;\u00c9toile noire du travail \u2013 Kwame Ture afin de la transmettre \u00e0 la famille et aux camarades du grand dirigeant national palestinien et martyr Yahya al-Sinwar (Abu Ibrahim).<\/p>\n<p>Je suis \u00e9galement ici pour exprimer les salutations des fr\u00e8res et s\u0153urs du mouvement de la r\u00e9sistance dirig\u00e9 par le martyr Sinwar, non seulement \u00e0 Gaza, mais aussi dans les prisons sionistes, et dans toute al Palestine, c&rsquo;est-\u00e0-dire le Mouvement de la r\u00e9sistance islamique, le Hamas. Il \u00e9tait une voix de l&rsquo;unit\u00e9, un grand combattant qui a dirig\u00e9 en montrant l&rsquo;exemple, un dirigeant qui a toujours \u00e9t\u00e9 aux premi\u00e8res lignes du combat.<\/p>\n<p>Cette r\u00e9compense confirme la profonde et puissante relation historique entre le mouvement de lib\u00e9ration de la Palestine et le mouvement de lib\u00e9ration de l&rsquo;Afrique. Vos sacrifices, vos martyrs et vos dirigeants r\u00e9volutionnaires nous ont toujours inspir\u00e9s \u2013 en t\u00eate parmi ceux-ci, naturellement, <strong>Kwame Ture<\/strong>, qui a toujours \u00e9t\u00e9 clair et pr\u00e9cis dans sa position au sujet de la cause palestinienne et dans sa compr\u00e9hension de la relation entre le sionisme et l&rsquo;imp\u00e9rialisme.<\/p>\n<p>Aujourd&rsquo;hui, nous sommes doublement fiers, puisque <strong>la Journ\u00e9e de lib\u00e9ration de l&rsquo;Afrique<\/strong> et l&rsquo;octroi de cet honneur au grand commandant martyr <strong>Yahya al-Sinwar<\/strong> co\u00efncident avec <strong>la Journ\u00e9e de la r\u00e9sistance et de la lib\u00e9ration au Liban<\/strong>, marquant ainsi la victoire historique sur l&rsquo;ennemi sioniste et la lib\u00e9ration du Sud-Liban le 25 mai 2000. Il s&rsquo;agissait de la premi\u00e8re victoire arm\u00e9e sur la colonie d&rsquo;\u00ab Isra\u00ebl \u00bb depuis sa cr\u00e9ation en 1948.<\/p>\n<p>Camarades, comme vous le savez, le peuple palestinien, aujourd&rsquo;hui, est confront\u00e9 \u00e0 un g\u00e9nocide. Au cours des 20 mois \u00e9coul\u00e9s, plus de 53 000 martyrs ont \u00e9t\u00e9 tu\u00e9s par le r\u00e9gime criminel sioniste et sa machine de guerre. Plus de 130 000 personnes ont \u00e9t\u00e9 bless\u00e9es. Avec le soutien des \u00c9tats-Unis et de l&rsquo;imp\u00e9rialisme occidental, \u00ab Isra\u00ebl \u00bb a men\u00e9 une guerre de nettoyage ethnique contre le peuple palestinien, en particulier \u00e0 Gaza. Malgr\u00e9 tous les crimes sionistes, notre peuple poursuivra la marche de la r\u00e9volution jusqu&rsquo;\u00e0 la fin de ce projet de peuplement colonial et notre terre sera libre du fleuve \u00e0 la mer.<\/p>\n<p>Aujourd&rsquo;hui, nous voulons exprimer nos salutations et remerciements au Parti r\u00e9volutionnaire du peuple panafricain pour son engagement. Nous exprimons nos salutations r\u00e9volutionnaires \u00e0 tous ceux qui combattent l&rsquo;imp\u00e9rialisme dans le ventre m\u00eame de la b\u00eate et sur les lignes de front de la confrontation. Il est n\u00e9cessaire de dire que la victoire et les r\u00e9alisations de notre lutte seront une victoire non seulement pour la Palestine mais aussi pour la totalit\u00e9 du continent africain et du Sud mondial. Ce sera une victoire pour l&rsquo;humanit\u00e9.<\/p>\n<p>Le Mouvement de lib\u00e9ration de la Palestine et le Mouvement de lib\u00e9ration de l&rsquo;Afrique sont des jumeaux de bien des fa\u00e7ons. Les Palestiniens se rappellent les positions de principe des <strong>Black Panthers<\/strong>, des dirigeants r\u00e9volutionnaires anticoloniaux africains. Rappelons la visite \u00e0 Gaza, le 5 septembre 1964, du grand dirigeant<strong> Malcolm X<\/strong>, et l&rsquo;article qu&rsquo;il avait r\u00e9dig\u00e9 \u00e0 propos de la lutte de notre peuple en Palestine. Cet article r\u00e9sonne dans nos c\u0153urs et nos esprits comme s&rsquo;il avait \u00e9t\u00e9 \u00e9crit hier. Sa marche vers la r\u00e9volution avait \u00e9t\u00e9 suivie par <strong>Kwame Ture<\/strong> et aujourd&rsquo;hui, elle est suivie par vous tous.<\/p>\n<p>Le grand \u00e9crivain r\u00e9volutionnaire palestinien, <strong>Ghassan Kanafani<\/strong>, a dit un jour que la Palestine n&rsquo;\u00e9tait pas seulement la cause du peuple palestinien, mais qu&rsquo;elle \u00e9tait celle de chaque r\u00e9volutionnaire, des masses opprim\u00e9es et exploit\u00e9es de notre \u00e9poque. La nouvelle g\u00e9n\u00e9ration palestinienne des jeunes, aussi bien en Palestine que dans la diaspora, per\u00e7oivent le grand fr\u00e8re martyr <strong>Yahya Sinwar<\/strong> de la m\u00eame fa\u00e7on, pour ainsi dire, que les r\u00e9volutionnaires noirs et africains per\u00e7oivent <strong>Kwame Nkrumah, S\u00e9kou Tour\u00e9<\/strong> et <strong>Am\u00edlcar Cabral<\/strong>.<\/p>\n<p>Nos deux peuples de Palestine et d&rsquo;Afrique luttent contre le m\u00eame ennemi. De m\u00eame qu&rsquo;il existe une diaspora africaine, il existe une diaspora palestinienne. Et, du fait de l&rsquo;exil de notre peuple, nous sommes en mesure de transformer cet exil en une ar\u00e8ne puissante afin de b\u00e2tir des ponts en compagnie des mouvements de lib\u00e9ration du monde entier. Alors que notre ennemi cherche \u00e0 nous plonger dans la soumission, dans l&rsquo;isolement des camps de r\u00e9fugi\u00e9s et des ghettos et dans la destruction, nous avons fait de chaque camp un front de lutte et de chaque ar\u00e8ne un lieu pour notre mouvement de lib\u00e9ration, que ce soit dans notre patrie ou dans le ventre de la b\u00eate.<\/p>\n<p>Il n&rsquo;y a pas de meilleur moment pour \u00eatre clair dans nos r\u00e9flexions et dans nos strat\u00e9gies politiques r\u00e9volutionnaires. L&rsquo;alternative au capitalisme est le socialisme, l&rsquo;alternative \u00e0 la guerre est la paix \u2013 avec la justice, l&rsquo;alternative \u00e0 l&rsquo;oppression est la lib\u00e9ration.<\/p>\n<p>C&rsquo;est pr\u00e9cis\u00e9ment en ces moments, o\u00f9 l&rsquo;administration Trump lance de nouvelles attaques contre les moindres efforts en vue de d\u00e9fendre la terre africaine contre la colonisation que les sionistes tentent de se d\u00e9finir comme des victimes. Mais le monde se r\u00e9veille et il est clair pour tous que les imp\u00e9rialistes et les sionistes sont les criminels de guerre, les bouchers et les ennemis de l&rsquo;humanit\u00e9. Les Africains jouent un r\u00f4le pr\u00e9pond\u00e9rant dans la t\u00e2che consistant \u00e0 tenir les criminels de guerre sionistes responsables aux niveaux juridique et populaire.<\/p>\n<p>Quand la direction de la r\u00e9sistance palestinienne \u00e0 Gaza a d\u00e9cid\u00e9 de lancer l&rsquo;op\u00e9ration du <strong>7 octobre<\/strong>, <strong>Toufan al-Aqsa<\/strong>, elle a dit que nous allions changer le cours de l&rsquo;Histoire. Elle savait que cette attaque requ\u00e9rait une vision claire et un engagement ind\u00e9fectible envers l&rsquo;action, l&rsquo;action r\u00e9volutionnaire. Le changement, chers fr\u00e8res et s\u0153urs, ne viendra que via la r\u00e9volution. Toutes les autres options sont soit futiles soit compromises.<\/p>\n<p>L&rsquo;Afrique change, avec la volont\u00e9 de ses fils et filles de briser les cha\u00eenes. Et \u00ab Isra\u00ebl \u00bb, qui s&rsquo;est vant\u00e9 de son influence en Afrique, est aujourd&rsquo;hui vaincu par les mouvements r\u00e9volutionnaires et conscients un peu partout sur le continent. Nous sommes sur le point d&rsquo;assister \u00e0 la naissance d&rsquo;une \u00e8re nouvelle, o\u00f9 le soleil de l&rsquo;Afrique et du monde arabe se l\u00e8vera de nouveau.<\/p>\n<p>Au nom de Masar Badil et de la r\u00e9sistance palestinienne, nous vous remercions une fois de plus, nous vous saluons et, ensemble, nous vaincrons l&rsquo;imp\u00e9rialisme, le sionisme, le fascisme.<\/p>\n<p>La Palestine sera libre, du fleuve \u00e0 la mer.<\/p>\n<p>Notre grand continent, le continent arabe et africain, sera libre d&rsquo;un rivage \u00e0 l&rsquo;autre.<\/p>\n<p>La r\u00e9sistance n&rsquo;est plus un choix, c&rsquo;est un devoir. La victoire est imminente.<\/p>\n<p>L&rsquo;imp\u00e9rialisme et le sionisme seront vaincus.<\/p><\/blockquote>\n<p>&nbsp;<\/p>\n<p style=\"text-align: center;\">*****<\/p>\n<p>Publi\u00e9 le 27 mai 2025 sur<a href=\"https:\/\/masarbadil.org\/en\/2025\/05\/5831\/\" target=\"_blank\" rel=\"noopener\"> Masar Badil<\/a><br \/>\nTraduction : Jean-Marie Fl\u00e9mal, <a href=\"https:\/\/masarbadil.org\/en\/2025\/05\/5831\/\" target=\"_blank\" rel=\"noopener\">Charleroi pour la Palestine<\/a><\/p>\n","protected":false},"excerpt":{"rendered":"<p>Le Mouvement de lib\u00e9ration de la Palestine et le Mouvement de lib\u00e9ration de l&rsquo;Afrique sont des jumeaux de bien des fa\u00e7ons<\/p>\n","protected":false},"author":1,"featured_media":84763,"comment_status":"closed","ping_status":"closed","sticky":false,"template":"","format":"standard","meta":{"ngg_post_thumbnail":0,"footnotes":""},"categories":[56,192],"tags":[],"class_list":["post-84762","post","type-post","status-publish","format-standard","has-post-thumbnail","hentry","category-l-afrique","category-palestine"],"yoast_head":"<!-- This site is optimized with the Yoast SEO plugin v27.3 - https:\/\/yoast.com\/product\/yoast-seo-wordpress\/ -->\n<title>L&#039;\u00c9toile noire du Travail - Kwame Ture d\u00e9cern\u00e9e en 2025 au dirigeant martyr Yahya al-Sinwar<\/title>\n<meta name=\"description\" content=\"Kwame Ture a toujours \u00e9t\u00e9 clair et pr\u00e9cis dans sa position au sujet de la cause palestinienne et dans sa compr\u00e9hension de la relation entre le sionisme et l&#039;imp\u00e9rialisme.\" \/>\n<meta name=\"robots\" content=\"index, follow, max-snippet:-1, max-image-preview:large, max-video-preview:-1\" \/>\n<link rel=\"canonical\" href=\"https:\/\/charleroi-pourlapalestine.be\/index.php\/2025\/05\/29\/l-etoile-noire-du-travail-kwame-ture-decernee-en-2025-au-dirigeant-martyr-yahya-al-sinwar\/\" \/>\n<script type=\"application\/ld+json\" class=\"yoast-schema-graph\">{\"@context\":\"https:\\\/\\\/schema.org\",\"@graph\":[{\"@type\":\"Article\",\"@id\":\"https:\\\/\\\/charleroi-pourlapalestine.be\\\/index.php\\\/2025\\\/05\\\/29\\\/l-etoile-noire-du-travail-kwame-ture-decernee-en-2025-au-dirigeant-martyr-yahya-al-sinwar\\\/#article\",\"isPartOf\":{\"@id\":\"https:\\\/\\\/charleroi-pourlapalestine.be\\\/index.php\\\/2025\\\/05\\\/29\\\/l-etoile-noire-du-travail-kwame-ture-decernee-en-2025-au-dirigeant-martyr-yahya-al-sinwar\\\/\"},\"author\":{\"name\":\"admin1873\",\"@id\":\"https:\\\/\\\/charleroi-pourlapalestine.be\\\/#\\\/schema\\\/person\\\/c19ff515112f1299d8c12671d8fe3faa\"},\"headline\":\"L&rsquo;\u00c9toile noire du Travail &#8211; Kwame Ture d\u00e9cern\u00e9e en 2025 au dirigeant martyr Yahya al-Sinwar\",\"datePublished\":\"2025-05-29T10:35:03+00:00\",\"dateModified\":\"2025-05-29T10:37:32+00:00\",\"mainEntityOfPage\":{\"@id\":\"https:\\\/\\\/charleroi-pourlapalestine.be\\\/index.php\\\/2025\\\/05\\\/29\\\/l-etoile-noire-du-travail-kwame-ture-decernee-en-2025-au-dirigeant-martyr-yahya-al-sinwar\\\/\"},\"wordCount\":1909,\"publisher\":{\"@id\":\"https:\\\/\\\/charleroi-pourlapalestine.be\\\/#organization\"},\"image\":{\"@id\":\"https:\\\/\\\/charleroi-pourlapalestine.be\\\/index.php\\\/2025\\\/05\\\/29\\\/l-etoile-noire-du-travail-kwame-ture-decernee-en-2025-au-dirigeant-martyr-yahya-al-sinwar\\\/#primaryimage\"},\"thumbnailUrl\":\"https:\\\/\\\/charleroi-pourlapalestine.be\\\/wp-content\\\/uploads\\\/2025\\\/05\\\/Etoile-Noire.png\",\"articleSection\":[\"Afrique\",\"Palestine\"],\"inLanguage\":\"fr-FR\"},{\"@type\":\"WebPage\",\"@id\":\"https:\\\/\\\/charleroi-pourlapalestine.be\\\/index.php\\\/2025\\\/05\\\/29\\\/l-etoile-noire-du-travail-kwame-ture-decernee-en-2025-au-dirigeant-martyr-yahya-al-sinwar\\\/\",\"url\":\"https:\\\/\\\/charleroi-pourlapalestine.be\\\/index.php\\\/2025\\\/05\\\/29\\\/l-etoile-noire-du-travail-kwame-ture-decernee-en-2025-au-dirigeant-martyr-yahya-al-sinwar\\\/\",\"name\":\"L'\u00c9toile noire du Travail - Kwame Ture d\u00e9cern\u00e9e en 2025 au dirigeant martyr Yahya al-Sinwar\",\"isPartOf\":{\"@id\":\"https:\\\/\\\/charleroi-pourlapalestine.be\\\/#website\"},\"primaryImageOfPage\":{\"@id\":\"https:\\\/\\\/charleroi-pourlapalestine.be\\\/index.php\\\/2025\\\/05\\\/29\\\/l-etoile-noire-du-travail-kwame-ture-decernee-en-2025-au-dirigeant-martyr-yahya-al-sinwar\\\/#primaryimage\"},\"image\":{\"@id\":\"https:\\\/\\\/charleroi-pourlapalestine.be\\\/index.php\\\/2025\\\/05\\\/29\\\/l-etoile-noire-du-travail-kwame-ture-decernee-en-2025-au-dirigeant-martyr-yahya-al-sinwar\\\/#primaryimage\"},\"thumbnailUrl\":\"https:\\\/\\\/charleroi-pourlapalestine.be\\\/wp-content\\\/uploads\\\/2025\\\/05\\\/Etoile-Noire.png\",\"datePublished\":\"2025-05-29T10:35:03+00:00\",\"dateModified\":\"2025-05-29T10:37:32+00:00\",\"description\":\"Kwame Ture a toujours \u00e9t\u00e9 clair et pr\u00e9cis dans sa position au sujet de la cause palestinienne et dans sa compr\u00e9hension de la relation entre le sionisme et l'imp\u00e9rialisme.\",\"breadcrumb\":{\"@id\":\"https:\\\/\\\/charleroi-pourlapalestine.be\\\/index.php\\\/2025\\\/05\\\/29\\\/l-etoile-noire-du-travail-kwame-ture-decernee-en-2025-au-dirigeant-martyr-yahya-al-sinwar\\\/#breadcrumb\"},\"inLanguage\":\"fr-FR\",\"potentialAction\":[{\"@type\":\"ReadAction\",\"target\":[\"https:\\\/\\\/charleroi-pourlapalestine.be\\\/index.php\\\/2025\\\/05\\\/29\\\/l-etoile-noire-du-travail-kwame-ture-decernee-en-2025-au-dirigeant-martyr-yahya-al-sinwar\\\/\"]}]},{\"@type\":\"ImageObject\",\"inLanguage\":\"fr-FR\",\"@id\":\"https:\\\/\\\/charleroi-pourlapalestine.be\\\/index.php\\\/2025\\\/05\\\/29\\\/l-etoile-noire-du-travail-kwame-ture-decernee-en-2025-au-dirigeant-martyr-yahya-al-sinwar\\\/#primaryimage\",\"url\":\"https:\\\/\\\/charleroi-pourlapalestine.be\\\/wp-content\\\/uploads\\\/2025\\\/05\\\/Etoile-Noire.png\",\"contentUrl\":\"https:\\\/\\\/charleroi-pourlapalestine.be\\\/wp-content\\\/uploads\\\/2025\\\/05\\\/Etoile-Noire.png\",\"width\":980,\"height\":551},{\"@type\":\"BreadcrumbList\",\"@id\":\"https:\\\/\\\/charleroi-pourlapalestine.be\\\/index.php\\\/2025\\\/05\\\/29\\\/l-etoile-noire-du-travail-kwame-ture-decernee-en-2025-au-dirigeant-martyr-yahya-al-sinwar\\\/#breadcrumb\",\"itemListElement\":[{\"@type\":\"ListItem\",\"position\":1,\"name\":\"Accueil\",\"item\":\"https:\\\/\\\/charleroi-pourlapalestine.be\\\/\"},{\"@type\":\"ListItem\",\"position\":2,\"name\":\"L&rsquo;\u00c9toile noire du Travail &#8211; Kwame Ture d\u00e9cern\u00e9e en 2025 au dirigeant martyr Yahya al-Sinwar\"}]},{\"@type\":\"WebSite\",\"@id\":\"https:\\\/\\\/charleroi-pourlapalestine.be\\\/#website\",\"url\":\"https:\\\/\\\/charleroi-pourlapalestine.be\\\/\",\"name\":\"Charleroi Pour la Palestine\",\"description\":\"\",\"publisher\":{\"@id\":\"https:\\\/\\\/charleroi-pourlapalestine.be\\\/#organization\"},\"potentialAction\":[{\"@type\":\"SearchAction\",\"target\":{\"@type\":\"EntryPoint\",\"urlTemplate\":\"https:\\\/\\\/charleroi-pourlapalestine.be\\\/?s={search_term_string}\"},\"query-input\":{\"@type\":\"PropertyValueSpecification\",\"valueRequired\":true,\"valueName\":\"search_term_string\"}}],\"inLanguage\":\"fr-FR\"},{\"@type\":\"Organization\",\"@id\":\"https:\\\/\\\/charleroi-pourlapalestine.be\\\/#organization\",\"name\":\"Plate-forme Charleroi-Palestine\",\"url\":\"https:\\\/\\\/charleroi-pourlapalestine.be\\\/\",\"logo\":{\"@type\":\"ImageObject\",\"inLanguage\":\"fr-FR\",\"@id\":\"https:\\\/\\\/charleroi-pourlapalestine.be\\\/#\\\/schema\\\/logo\\\/image\\\/\",\"url\":\"https:\\\/\\\/charleroi-pourlapalestine.be\\\/wp-content\\\/uploads\\\/2020\\\/01\\\/logo-Copy.jpg\",\"contentUrl\":\"https:\\\/\\\/charleroi-pourlapalestine.be\\\/wp-content\\\/uploads\\\/2020\\\/01\\\/logo-Copy.jpg\",\"width\":180,\"height\":180,\"caption\":\"Plate-forme Charleroi-Palestine\"},\"image\":{\"@id\":\"https:\\\/\\\/charleroi-pourlapalestine.be\\\/#\\\/schema\\\/logo\\\/image\\\/\"},\"sameAs\":[\"https:\\\/\\\/www.facebook.com\\\/PlateformeCharleroiPalestine\\\/\",\"https:\\\/\\\/x.com\\\/LaCharleroi\"]},{\"@type\":\"Person\",\"@id\":\"https:\\\/\\\/charleroi-pourlapalestine.be\\\/#\\\/schema\\\/person\\\/c19ff515112f1299d8c12671d8fe3faa\",\"name\":\"admin1873\",\"url\":\"https:\\\/\\\/charleroi-pourlapalestine.be\\\/index.php\\\/author\\\/admin1873\\\/\"}]}<\/script>\n<!-- \/ Yoast SEO plugin. -->","yoast_head_json":{"title":"L'\u00c9toile noire du Travail - Kwame Ture d\u00e9cern\u00e9e en 2025 au dirigeant martyr Yahya al-Sinwar","description":"Kwame Ture a toujours \u00e9t\u00e9 clair et pr\u00e9cis dans sa position au sujet de la cause palestinienne et dans sa compr\u00e9hension de la relation entre le sionisme et l'imp\u00e9rialisme.","robots":{"index":"index","follow":"follow","max-snippet":"max-snippet:-1","max-image-preview":"max-image-preview:large","max-video-preview":"max-video-preview:-1"},"canonical":"https:\/\/charleroi-pourlapalestine.be\/index.php\/2025\/05\/29\/l-etoile-noire-du-travail-kwame-ture-decernee-en-2025-au-dirigeant-martyr-yahya-al-sinwar\/","schema":{"@context":"https:\/\/schema.org","@graph":[{"@type":"Article","@id":"https:\/\/charleroi-pourlapalestine.be\/index.php\/2025\/05\/29\/l-etoile-noire-du-travail-kwame-ture-decernee-en-2025-au-dirigeant-martyr-yahya-al-sinwar\/#article","isPartOf":{"@id":"https:\/\/charleroi-pourlapalestine.be\/index.php\/2025\/05\/29\/l-etoile-noire-du-travail-kwame-ture-decernee-en-2025-au-dirigeant-martyr-yahya-al-sinwar\/"},"author":{"name":"admin1873","@id":"https:\/\/charleroi-pourlapalestine.be\/#\/schema\/person\/c19ff515112f1299d8c12671d8fe3faa"},"headline":"L&rsquo;\u00c9toile noire du Travail &#8211; Kwame Ture d\u00e9cern\u00e9e en 2025 au dirigeant martyr Yahya al-Sinwar","datePublished":"2025-05-29T10:35:03+00:00","dateModified":"2025-05-29T10:37:32+00:00","mainEntityOfPage":{"@id":"https:\/\/charleroi-pourlapalestine.be\/index.php\/2025\/05\/29\/l-etoile-noire-du-travail-kwame-ture-decernee-en-2025-au-dirigeant-martyr-yahya-al-sinwar\/"},"wordCount":1909,"publisher":{"@id":"https:\/\/charleroi-pourlapalestine.be\/#organization"},"image":{"@id":"https:\/\/charleroi-pourlapalestine.be\/index.php\/2025\/05\/29\/l-etoile-noire-du-travail-kwame-ture-decernee-en-2025-au-dirigeant-martyr-yahya-al-sinwar\/#primaryimage"},"thumbnailUrl":"https:\/\/charleroi-pourlapalestine.be\/wp-content\/uploads\/2025\/05\/Etoile-Noire.png","articleSection":["Afrique","Palestine"],"inLanguage":"fr-FR"},{"@type":"WebPage","@id":"https:\/\/charleroi-pourlapalestine.be\/index.php\/2025\/05\/29\/l-etoile-noire-du-travail-kwame-ture-decernee-en-2025-au-dirigeant-martyr-yahya-al-sinwar\/","url":"https:\/\/charleroi-pourlapalestine.be\/index.php\/2025\/05\/29\/l-etoile-noire-du-travail-kwame-ture-decernee-en-2025-au-dirigeant-martyr-yahya-al-sinwar\/","name":"L'\u00c9toile noire du Travail - Kwame Ture d\u00e9cern\u00e9e en 2025 au dirigeant martyr Yahya al-Sinwar","isPartOf":{"@id":"https:\/\/charleroi-pourlapalestine.be\/#website"},"primaryImageOfPage":{"@id":"https:\/\/charleroi-pourlapalestine.be\/index.php\/2025\/05\/29\/l-etoile-noire-du-travail-kwame-ture-decernee-en-2025-au-dirigeant-martyr-yahya-al-sinwar\/#primaryimage"},"image":{"@id":"https:\/\/charleroi-pourlapalestine.be\/index.php\/2025\/05\/29\/l-etoile-noire-du-travail-kwame-ture-decernee-en-2025-au-dirigeant-martyr-yahya-al-sinwar\/#primaryimage"},"thumbnailUrl":"https:\/\/charleroi-pourlapalestine.be\/wp-content\/uploads\/2025\/05\/Etoile-Noire.png","datePublished":"2025-05-29T10:35:03+00:00","dateModified":"2025-05-29T10:37:32+00:00","description":"Kwame Ture a toujours \u00e9t\u00e9 clair et pr\u00e9cis dans sa position au sujet de la cause palestinienne et dans sa compr\u00e9hension de la relation entre le sionisme et l'imp\u00e9rialisme.","breadcrumb":{"@id":"https:\/\/charleroi-pourlapalestine.be\/index.php\/2025\/05\/29\/l-etoile-noire-du-travail-kwame-ture-decernee-en-2025-au-dirigeant-martyr-yahya-al-sinwar\/#breadcrumb"},"inLanguage":"fr-FR","potentialAction":[{"@type":"ReadAction","target":["https:\/\/charleroi-pourlapalestine.be\/index.php\/2025\/05\/29\/l-etoile-noire-du-travail-kwame-ture-decernee-en-2025-au-dirigeant-martyr-yahya-al-sinwar\/"]}]},{"@type":"ImageObject","inLanguage":"fr-FR","@id":"https:\/\/charleroi-pourlapalestine.be\/index.php\/2025\/05\/29\/l-etoile-noire-du-travail-kwame-ture-decernee-en-2025-au-dirigeant-martyr-yahya-al-sinwar\/#primaryimage","url":"https:\/\/charleroi-pourlapalestine.be\/wp-content\/uploads\/2025\/05\/Etoile-Noire.png","contentUrl":"https:\/\/charleroi-pourlapalestine.be\/wp-content\/uploads\/2025\/05\/Etoile-Noire.png","width":980,"height":551},{"@type":"BreadcrumbList","@id":"https:\/\/charleroi-pourlapalestine.be\/index.php\/2025\/05\/29\/l-etoile-noire-du-travail-kwame-ture-decernee-en-2025-au-dirigeant-martyr-yahya-al-sinwar\/#breadcrumb","itemListElement":[{"@type":"ListItem","position":1,"name":"Accueil","item":"https:\/\/charleroi-pourlapalestine.be\/"},{"@type":"ListItem","position":2,"name":"L&rsquo;\u00c9toile noire du Travail &#8211; Kwame Ture d\u00e9cern\u00e9e en 2025 au dirigeant martyr Yahya al-Sinwar"}]},{"@type":"WebSite","@id":"https:\/\/charleroi-pourlapalestine.be\/#website","url":"https:\/\/charleroi-pourlapalestine.be\/","name":"Charleroi Pour la Palestine","description":"","publisher":{"@id":"https:\/\/charleroi-pourlapalestine.be\/#organization"},"potentialAction":[{"@type":"SearchAction","target":{"@type":"EntryPoint","urlTemplate":"https:\/\/charleroi-pourlapalestine.be\/?s={search_term_string}"},"query-input":{"@type":"PropertyValueSpecification","valueRequired":true,"valueName":"search_term_string"}}],"inLanguage":"fr-FR"},{"@type":"Organization","@id":"https:\/\/charleroi-pourlapalestine.be\/#organization","name":"Plate-forme Charleroi-Palestine","url":"https:\/\/charleroi-pourlapalestine.be\/","logo":{"@type":"ImageObject","inLanguage":"fr-FR","@id":"https:\/\/charleroi-pourlapalestine.be\/#\/schema\/logo\/image\/","url":"https:\/\/charleroi-pourlapalestine.be\/wp-content\/uploads\/2020\/01\/logo-Copy.jpg","contentUrl":"https:\/\/charleroi-pourlapalestine.be\/wp-content\/uploads\/2020\/01\/logo-Copy.jpg","width":180,"height":180,"caption":"Plate-forme Charleroi-Palestine"},"image":{"@id":"https:\/\/charleroi-pourlapalestine.be\/#\/schema\/logo\/image\/"},"sameAs":["https:\/\/www.facebook.com\/PlateformeCharleroiPalestine\/","https:\/\/x.com\/LaCharleroi"]},{"@type":"Person","@id":"https:\/\/charleroi-pourlapalestine.be\/#\/schema\/person\/c19ff515112f1299d8c12671d8fe3faa","name":"admin1873","url":"https:\/\/charleroi-pourlapalestine.be\/index.php\/author\/admin1873\/"}]}},"_links":{"self":[{"href":"https:\/\/charleroi-pourlapalestine.be\/index.php\/wp-json\/wp\/v2\/posts\/84762","targetHints":{"allow":["GET"]}}],"collection":[{"href":"https:\/\/charleroi-pourlapalestine.be\/index.php\/wp-json\/wp\/v2\/posts"}],"about":[{"href":"https:\/\/charleroi-pourlapalestine.be\/index.php\/wp-json\/wp\/v2\/types\/post"}],"author":[{"embeddable":true,"href":"https:\/\/charleroi-pourlapalestine.be\/index.php\/wp-json\/wp\/v2\/users\/1"}],"replies":[{"embeddable":true,"href":"https:\/\/charleroi-pourlapalestine.be\/index.php\/wp-json\/wp\/v2\/comments?post=84762"}],"version-history":[{"count":0,"href":"https:\/\/charleroi-pourlapalestine.be\/index.php\/wp-json\/wp\/v2\/posts\/84762\/revisions"}],"wp:featuredmedia":[{"embeddable":true,"href":"https:\/\/charleroi-pourlapalestine.be\/index.php\/wp-json\/wp\/v2\/media\/84763"}],"wp:attachment":[{"href":"https:\/\/charleroi-pourlapalestine.be\/index.php\/wp-json\/wp\/v2\/media?parent=84762"}],"wp:term":[{"taxonomy":"category","embeddable":true,"href":"https:\/\/charleroi-pourlapalestine.be\/index.php\/wp-json\/wp\/v2\/categories?post=84762"},{"taxonomy":"post_tag","embeddable":true,"href":"https:\/\/charleroi-pourlapalestine.be\/index.php\/wp-json\/wp\/v2\/tags?post=84762"}],"curies":[{"name":"wp","href":"https:\/\/api.w.org\/{rel}","templated":true}]}}