{"id":84782,"date":"2025-05-30T06:09:06","date_gmt":"2025-05-30T04:09:06","guid":{"rendered":"https:\/\/charleroi-pourlapalestine.be\/?p=84782"},"modified":"2025-05-30T06:09:06","modified_gmt":"2025-05-30T04:09:06","slug":"oui-mais-le-hamas","status":"publish","type":"post","link":"https:\/\/charleroi-pourlapalestine.be\/index.php\/2025\/05\/30\/oui-mais-le-hamas\/","title":{"rendered":"Oui, mais le Hamas&#8230; !"},"content":{"rendered":"<p><em><strong>\u00ab Oui, mais le Hamas ? \u00bb<\/strong><\/em>&nbsp; est une r\u00e9ponse courante quand on menace de parler un peu trop du massacre par Isra\u00ebl de dizaines de milliers d&rsquo;hommes, de femmes et d&rsquo;enfants.<\/p>\n<p>&nbsp;<\/p>\n<p><img loading=\"lazy\" decoding=\"async\" class=\"aligncenter wp-image-84784 size-full\" src=\"https:\/\/charleroi-pourlapalestine.be\/wp-content\/uploads\/2025\/05\/Rudi-Vranckx.png\" alt=\"\u00ab Oui, mais le Hamas ? \u00bb C'est une r\u00e9ponse courante quand on menace de parler un peu trop du massacre par Isra\u00ebl de dizaines de milliers d'hommes, de femmes et d'enfants. Photo : Rudi Vranckx (capture d'\u00e9cran VRT\/NWS)\" width=\"793\" height=\"397\" srcset=\"https:\/\/charleroi-pourlapalestine.be\/wp-content\/uploads\/2025\/05\/Rudi-Vranckx.png 793w, https:\/\/charleroi-pourlapalestine.be\/wp-content\/uploads\/2025\/05\/Rudi-Vranckx-350x175.png 350w, https:\/\/charleroi-pourlapalestine.be\/wp-content\/uploads\/2025\/05\/Rudi-Vranckx-700x350.png 700w, https:\/\/charleroi-pourlapalestine.be\/wp-content\/uploads\/2025\/05\/Rudi-Vranckx-768x384.png 768w\" sizes=\"auto, (max-width: 793px) 100vw, 793px\" \/><\/p>\n<p>&nbsp;<\/p>\n<p><strong>Johan Depoortere (*)<\/strong>, 29 mai 2025<\/p>\n<p>Un changement timide est perceptible dans la fa\u00e7on dont les m\u00e9dias en place consid\u00e8rent le g\u00e9nocide \u00e0 Gaza. Le mot G est toujours tabou mais les critiques \u00e0 l&rsquo;encontre de la boucherie perp\u00e9tr\u00e9e par Isra\u00ebl augmentent, m\u00eame si elles s&rsquo;expriment encore g\u00e9n\u00e9ralement en termes prudents.<\/p>\n<p>\u00c7&rsquo;a \u00e9t\u00e9 par exemple le cas dans l&rsquo;\u00e9mission <a href=\"https:\/\/www.vrt.be\/vrtmax\/a-z\/de-afspraak\/2025\/de-afspraak-d20250527\/\" target=\"_blank\" rel=\"noopener\"><strong>De Afspraak<\/strong><\/a> (**) du 27 mai (\u00e0 la VRT)<a href=\"https:\/\/www.vrt.be\/vrtmax\/a-z\/de-afspraak\/2025\/de-afspraak-d20250527\/\" target=\"_blank\" rel=\"noopener\">,<\/a> lorsque Rudi Vranckx a pos\u00e9 des questions sur \u00ab l&rsquo;action humanitaire \u00bb d&rsquo;Isra\u00ebl : la distribution de nourriture par une organisation am\u00e9ricaine et contr\u00f4l\u00e9e par la m\u00eame arm\u00e9e isra\u00e9lienne qui, en premi\u00e8re instance, avait organis\u00e9 la famine. Cette critique mitig\u00e9e devait en m\u00eame temps \u00eatre neutralis\u00e9e par un auteur de travaux populaires-historiques dont on n&rsquo;a pas pu surprendre plus t\u00f4t l&rsquo;int\u00e9r\u00eat et surtout pas l&rsquo;expertise au sujet du Moyen-Orient. <em>\u00ab Oui, mais le Hamas&#8230; ! \u00bb<\/em> est le nouveau shibboleth quand il n&rsquo;y a plus moyen autrement de dire du bien de l&rsquo;attitude d&rsquo;Isra\u00ebl.<\/p>\n<blockquote><p>\u00ab Pourquoi devoir utiliser ici une organisation louche alors qu&rsquo;il existe des organisations exp\u00e9riment\u00e9es pour le faire ? \u00bb<\/p><\/blockquote>\n<p>se demande Rudi Vranckx \u00e0 propos de l&rsquo;<em>\u00ab action humanitaire \u00bb<\/em> d&rsquo;Isra\u00ebl \u00e0 Gaza. Rudi conna\u00eet parfaitement la r\u00e9ponse \u00e0 cette question : Parce que l&rsquo;op\u00e9ration mont\u00e9e par Isra\u00ebl est tout sauf une<em> \u00ab action humanitaire \u00bb<\/em>, mais bien son contraire. C&rsquo;est une nouvelle fa\u00e7on d&rsquo;utiliser la faim comme arme sous l&rsquo;appellation perverse d&rsquo;<em>\u00ab aide alimentaire \u00bb.<\/em> C&rsquo;est un moyen de confiner la population de Gaza dans un ghetto de plus en plus exigu, de la contr\u00f4ler et, finalement, de l&rsquo;exp\u00e9dier de l&rsquo;autre c\u00f4t\u00e9 de la fronti\u00e8re. C&rsquo;est le prolongement de la politique qu&rsquo;on nomme cyniquement <em>\u00ab <a href=\"https:\/\/electronicintifada.net\/content\/israels-starvation-diet-gaza\/11810\" target=\"_blank\" rel=\"noopener\">mettre Gaza au r\u00e9gime<\/a> \u00bb<\/em> et qui \u00e9tait d&rsquo;application bien avant d\u00e9j\u00e0 le 7 octobre 2023. \u00c0 cette \u00e9poque aussi, les sp\u00e9cialistes calculaient le nombre de calories qu&rsquo;on pouvait laisser entrer dans l&rsquo;enclave (le camp de concentration) : juste assez pour \u00e9viter une mortalit\u00e9 massive, mais trop peu pour une vie humaine normale.<\/p>\n<p>Aujourd&rsquo;hui aussi, le gouvernement Netanyahou d&rsquo;extr\u00eame droite veut \u00e9viter qu&rsquo;un exc\u00e8s d&rsquo;images d&rsquo;enfants en train de mourir n&rsquo;aillent perturber les petites \u00e2mes sensibles des s\u00e9nateurs et d\u00e9put\u00e9s am\u00e9ricains, ce qui pourrait compromettre le soutien \u00e0 son entreprise g\u00e9nocidaire. C&rsquo;est pourquoi, aujourd&rsquo;hui, la <em>\u00ab mise au r\u00e9gime \u00bb<\/em> conna\u00eet une nette acc\u00e9l\u00e9ration. Le but est et reste l&rsquo;\u00e9puration ethnique de Gaza par les bombardements et une famine d\u00e9guis\u00e9e en<em> \u00ab aide alimentaire \u00bb<\/em>. Cela, Rudi le sait tr\u00e8s bien. Pourquoi, dans ce cas, ne le dit-il pas ?<\/p>\n<p>La r\u00e9daction de<strong> De Afspraak<\/strong> avait encore invit\u00e9 un autre \u00e9minent sp\u00e9cialiste du Moyen-Orient : le <em>\u00ab journaliste \u00bb<\/em> et <em>\u00ab \u00e9crivain \u00bb<\/em> Johan Op de Beeck. Il faut quand m\u00eame bien trouver quelqu&rsquo;un pour r\u00e9p\u00e9ter servilement la propagande isra\u00e9lienne et ce ne peut pas toujours \u00eatre l&rsquo;ambassadrice d&rsquo;Isra\u00ebl. Op de Beeck l&rsquo;a fait avec brio et a r\u00e9p\u00e9t\u00e9 le m\u00e8me de la hasbara absolument <a href=\"https:\/\/jonathancook.substack.com\/p\/israels-claim-that-hamas-is-stealing\" target=\"_blank\" rel=\"noopener\">d\u00e9nu\u00e9 de fondement<\/a> disant que <em>\u00ab le Hamas vole l&rsquo;aide alimentaire \u00bb<\/em>.<\/p>\n<p><em>\u00ab Oui, mais le Hamas ? \u00bb.<\/em> C&rsquo;est une r\u00e9ponse courante quand on menace de parler un peu trop du massacre par Isra\u00ebl de dizaines de milliers d&rsquo;hommes, de femmes et d&rsquo;enfants. L\u00e0 o\u00f9 l&rsquo;affaire devient absolument comique, c&rsquo;est quand, sur ce plan, Op de Beeck nous met en garde contre <em>\u00ab la haine et l&rsquo;incompr\u00e9hension \u00bb.<\/em><\/p>\n<p style=\"text-align: center;\">*****<\/p>\n<p>Publi\u00e9 le 29 mai 2025 sur<a href=\"https:\/\/salonvansisyphus.wordpress.com\/2025\/05\/29\/ja-maar-hamas\/\" target=\"_blank\" rel=\"noopener\"> Het Salon van Sisyphus<\/a><br \/>\nTraduction : Jean-Marie Fl\u00e9mal, <a href=\"https:\/\/charleroi-pourlapalestine.be\/\">Charleroi pour la Palestine<\/a><\/p>\n<p>(*)<strong>Johan Depoortere<\/strong> a travaill\u00e9 comme journaliste pour la BRT\/VRT de 1973 \u00e0 2009.<br \/>\n(**) <strong>De Afspraak<\/strong> : Un talk-show quotidien de la VRT (Canvas).<\/p>\n","protected":false},"excerpt":{"rendered":"<p>Un changement timide est perceptible dans la fa\u00e7on dont les m\u00e9dias en place consid\u00e8rent le g\u00e9nocide \u00e0 Gaza. Le mot G est toujours tabou mais les critiques \u00e0 l&rsquo;encontre de la boucherie perp\u00e9tr\u00e9e par Isra\u00ebl augmentent, m\u00eame si elles s&rsquo;expriment encore g\u00e9n\u00e9ralement en termes prudents.<\/p>\n","protected":false},"author":1,"featured_media":84784,"comment_status":"closed","ping_status":"closed","sticky":false,"template":"","format":"standard","meta":{"ngg_post_thumbnail":0,"footnotes":""},"categories":[6,344,244],"tags":[],"class_list":["post-84782","post","type-post","status-publish","format-standard","has-post-thumbnail","hentry","category-gaza","category-genocide","category-medias-2"],"yoast_head":"<!-- This site is optimized with the Yoast SEO plugin v27.3 - https:\/\/yoast.com\/product\/yoast-seo-wordpress\/ -->\n<title>Oui, mais le Hamas... ! - Charleroi Pour la Palestine<\/title>\n<meta name=\"description\" content=\"\u00ab Oui, mais le Hamas ? \u00bb\u00a0 est une r\u00e9ponse courante quand on menace de parler un peu trop du massacre par Isra\u00ebl de dizaines de milliers d&#039;hommes, de femmes et d&#039;enfants.\" \/>\n<meta name=\"robots\" content=\"index, follow, max-snippet:-1, max-image-preview:large, max-video-preview:-1\" \/>\n<link rel=\"canonical\" href=\"https:\/\/charleroi-pourlapalestine.be\/index.php\/2025\/05\/30\/oui-mais-le-hamas\/\" \/>\n<script type=\"application\/ld+json\" class=\"yoast-schema-graph\">{\"@context\":\"https:\\\/\\\/schema.org\",\"@graph\":[{\"@type\":\"Article\",\"@id\":\"https:\\\/\\\/charleroi-pourlapalestine.be\\\/index.php\\\/2025\\\/05\\\/30\\\/oui-mais-le-hamas\\\/#article\",\"isPartOf\":{\"@id\":\"https:\\\/\\\/charleroi-pourlapalestine.be\\\/index.php\\\/2025\\\/05\\\/30\\\/oui-mais-le-hamas\\\/\"},\"author\":{\"name\":\"admin1873\",\"@id\":\"https:\\\/\\\/charleroi-pourlapalestine.be\\\/#\\\/schema\\\/person\\\/c19ff515112f1299d8c12671d8fe3faa\"},\"headline\":\"Oui, mais le Hamas&#8230; !\",\"datePublished\":\"2025-05-30T04:09:06+00:00\",\"mainEntityOfPage\":{\"@id\":\"https:\\\/\\\/charleroi-pourlapalestine.be\\\/index.php\\\/2025\\\/05\\\/30\\\/oui-mais-le-hamas\\\/\"},\"wordCount\":693,\"publisher\":{\"@id\":\"https:\\\/\\\/charleroi-pourlapalestine.be\\\/#organization\"},\"image\":{\"@id\":\"https:\\\/\\\/charleroi-pourlapalestine.be\\\/index.php\\\/2025\\\/05\\\/30\\\/oui-mais-le-hamas\\\/#primaryimage\"},\"thumbnailUrl\":\"https:\\\/\\\/charleroi-pourlapalestine.be\\\/wp-content\\\/uploads\\\/2025\\\/05\\\/Rudi-Vranckx.png\",\"articleSection\":[\"Gaza\",\"G\u00e9nocide\",\"M\u00e9dias\"],\"inLanguage\":\"fr-FR\"},{\"@type\":\"WebPage\",\"@id\":\"https:\\\/\\\/charleroi-pourlapalestine.be\\\/index.php\\\/2025\\\/05\\\/30\\\/oui-mais-le-hamas\\\/\",\"url\":\"https:\\\/\\\/charleroi-pourlapalestine.be\\\/index.php\\\/2025\\\/05\\\/30\\\/oui-mais-le-hamas\\\/\",\"name\":\"Oui, mais le Hamas... ! - Charleroi Pour la Palestine\",\"isPartOf\":{\"@id\":\"https:\\\/\\\/charleroi-pourlapalestine.be\\\/#website\"},\"primaryImageOfPage\":{\"@id\":\"https:\\\/\\\/charleroi-pourlapalestine.be\\\/index.php\\\/2025\\\/05\\\/30\\\/oui-mais-le-hamas\\\/#primaryimage\"},\"image\":{\"@id\":\"https:\\\/\\\/charleroi-pourlapalestine.be\\\/index.php\\\/2025\\\/05\\\/30\\\/oui-mais-le-hamas\\\/#primaryimage\"},\"thumbnailUrl\":\"https:\\\/\\\/charleroi-pourlapalestine.be\\\/wp-content\\\/uploads\\\/2025\\\/05\\\/Rudi-Vranckx.png\",\"datePublished\":\"2025-05-30T04:09:06+00:00\",\"description\":\"\u00ab Oui, mais le Hamas ? \u00bb\u00a0 est une r\u00e9ponse courante quand on menace de parler un peu trop du massacre par Isra\u00ebl de dizaines de milliers d'hommes, de femmes et d'enfants.\",\"breadcrumb\":{\"@id\":\"https:\\\/\\\/charleroi-pourlapalestine.be\\\/index.php\\\/2025\\\/05\\\/30\\\/oui-mais-le-hamas\\\/#breadcrumb\"},\"inLanguage\":\"fr-FR\",\"potentialAction\":[{\"@type\":\"ReadAction\",\"target\":[\"https:\\\/\\\/charleroi-pourlapalestine.be\\\/index.php\\\/2025\\\/05\\\/30\\\/oui-mais-le-hamas\\\/\"]}]},{\"@type\":\"ImageObject\",\"inLanguage\":\"fr-FR\",\"@id\":\"https:\\\/\\\/charleroi-pourlapalestine.be\\\/index.php\\\/2025\\\/05\\\/30\\\/oui-mais-le-hamas\\\/#primaryimage\",\"url\":\"https:\\\/\\\/charleroi-pourlapalestine.be\\\/wp-content\\\/uploads\\\/2025\\\/05\\\/Rudi-Vranckx.png\",\"contentUrl\":\"https:\\\/\\\/charleroi-pourlapalestine.be\\\/wp-content\\\/uploads\\\/2025\\\/05\\\/Rudi-Vranckx.png\",\"width\":793,\"height\":397},{\"@type\":\"BreadcrumbList\",\"@id\":\"https:\\\/\\\/charleroi-pourlapalestine.be\\\/index.php\\\/2025\\\/05\\\/30\\\/oui-mais-le-hamas\\\/#breadcrumb\",\"itemListElement\":[{\"@type\":\"ListItem\",\"position\":1,\"name\":\"Accueil\",\"item\":\"https:\\\/\\\/charleroi-pourlapalestine.be\\\/\"},{\"@type\":\"ListItem\",\"position\":2,\"name\":\"Oui, mais le Hamas&#8230; !\"}]},{\"@type\":\"WebSite\",\"@id\":\"https:\\\/\\\/charleroi-pourlapalestine.be\\\/#website\",\"url\":\"https:\\\/\\\/charleroi-pourlapalestine.be\\\/\",\"name\":\"Charleroi Pour la Palestine\",\"description\":\"\",\"publisher\":{\"@id\":\"https:\\\/\\\/charleroi-pourlapalestine.be\\\/#organization\"},\"potentialAction\":[{\"@type\":\"SearchAction\",\"target\":{\"@type\":\"EntryPoint\",\"urlTemplate\":\"https:\\\/\\\/charleroi-pourlapalestine.be\\\/?s={search_term_string}\"},\"query-input\":{\"@type\":\"PropertyValueSpecification\",\"valueRequired\":true,\"valueName\":\"search_term_string\"}}],\"inLanguage\":\"fr-FR\"},{\"@type\":\"Organization\",\"@id\":\"https:\\\/\\\/charleroi-pourlapalestine.be\\\/#organization\",\"name\":\"Plate-forme Charleroi-Palestine\",\"url\":\"https:\\\/\\\/charleroi-pourlapalestine.be\\\/\",\"logo\":{\"@type\":\"ImageObject\",\"inLanguage\":\"fr-FR\",\"@id\":\"https:\\\/\\\/charleroi-pourlapalestine.be\\\/#\\\/schema\\\/logo\\\/image\\\/\",\"url\":\"https:\\\/\\\/charleroi-pourlapalestine.be\\\/wp-content\\\/uploads\\\/2020\\\/01\\\/logo-Copy.jpg\",\"contentUrl\":\"https:\\\/\\\/charleroi-pourlapalestine.be\\\/wp-content\\\/uploads\\\/2020\\\/01\\\/logo-Copy.jpg\",\"width\":180,\"height\":180,\"caption\":\"Plate-forme Charleroi-Palestine\"},\"image\":{\"@id\":\"https:\\\/\\\/charleroi-pourlapalestine.be\\\/#\\\/schema\\\/logo\\\/image\\\/\"},\"sameAs\":[\"https:\\\/\\\/www.facebook.com\\\/PlateformeCharleroiPalestine\\\/\",\"https:\\\/\\\/x.com\\\/LaCharleroi\"]},{\"@type\":\"Person\",\"@id\":\"https:\\\/\\\/charleroi-pourlapalestine.be\\\/#\\\/schema\\\/person\\\/c19ff515112f1299d8c12671d8fe3faa\",\"name\":\"admin1873\",\"url\":\"https:\\\/\\\/charleroi-pourlapalestine.be\\\/index.php\\\/author\\\/admin1873\\\/\"}]}<\/script>\n<!-- \/ Yoast SEO plugin. -->","yoast_head_json":{"title":"Oui, mais le Hamas... ! - Charleroi Pour la Palestine","description":"\u00ab Oui, mais le Hamas ? \u00bb\u00a0 est une r\u00e9ponse courante quand on menace de parler un peu trop du massacre par Isra\u00ebl de dizaines de milliers d'hommes, de femmes et d'enfants.","robots":{"index":"index","follow":"follow","max-snippet":"max-snippet:-1","max-image-preview":"max-image-preview:large","max-video-preview":"max-video-preview:-1"},"canonical":"https:\/\/charleroi-pourlapalestine.be\/index.php\/2025\/05\/30\/oui-mais-le-hamas\/","schema":{"@context":"https:\/\/schema.org","@graph":[{"@type":"Article","@id":"https:\/\/charleroi-pourlapalestine.be\/index.php\/2025\/05\/30\/oui-mais-le-hamas\/#article","isPartOf":{"@id":"https:\/\/charleroi-pourlapalestine.be\/index.php\/2025\/05\/30\/oui-mais-le-hamas\/"},"author":{"name":"admin1873","@id":"https:\/\/charleroi-pourlapalestine.be\/#\/schema\/person\/c19ff515112f1299d8c12671d8fe3faa"},"headline":"Oui, mais le Hamas&#8230; !","datePublished":"2025-05-30T04:09:06+00:00","mainEntityOfPage":{"@id":"https:\/\/charleroi-pourlapalestine.be\/index.php\/2025\/05\/30\/oui-mais-le-hamas\/"},"wordCount":693,"publisher":{"@id":"https:\/\/charleroi-pourlapalestine.be\/#organization"},"image":{"@id":"https:\/\/charleroi-pourlapalestine.be\/index.php\/2025\/05\/30\/oui-mais-le-hamas\/#primaryimage"},"thumbnailUrl":"https:\/\/charleroi-pourlapalestine.be\/wp-content\/uploads\/2025\/05\/Rudi-Vranckx.png","articleSection":["Gaza","G\u00e9nocide","M\u00e9dias"],"inLanguage":"fr-FR"},{"@type":"WebPage","@id":"https:\/\/charleroi-pourlapalestine.be\/index.php\/2025\/05\/30\/oui-mais-le-hamas\/","url":"https:\/\/charleroi-pourlapalestine.be\/index.php\/2025\/05\/30\/oui-mais-le-hamas\/","name":"Oui, mais le Hamas... ! - Charleroi Pour la Palestine","isPartOf":{"@id":"https:\/\/charleroi-pourlapalestine.be\/#website"},"primaryImageOfPage":{"@id":"https:\/\/charleroi-pourlapalestine.be\/index.php\/2025\/05\/30\/oui-mais-le-hamas\/#primaryimage"},"image":{"@id":"https:\/\/charleroi-pourlapalestine.be\/index.php\/2025\/05\/30\/oui-mais-le-hamas\/#primaryimage"},"thumbnailUrl":"https:\/\/charleroi-pourlapalestine.be\/wp-content\/uploads\/2025\/05\/Rudi-Vranckx.png","datePublished":"2025-05-30T04:09:06+00:00","description":"\u00ab Oui, mais le Hamas ? \u00bb\u00a0 est une r\u00e9ponse courante quand on menace de parler un peu trop du massacre par Isra\u00ebl de dizaines de milliers d'hommes, de femmes et d'enfants.","breadcrumb":{"@id":"https:\/\/charleroi-pourlapalestine.be\/index.php\/2025\/05\/30\/oui-mais-le-hamas\/#breadcrumb"},"inLanguage":"fr-FR","potentialAction":[{"@type":"ReadAction","target":["https:\/\/charleroi-pourlapalestine.be\/index.php\/2025\/05\/30\/oui-mais-le-hamas\/"]}]},{"@type":"ImageObject","inLanguage":"fr-FR","@id":"https:\/\/charleroi-pourlapalestine.be\/index.php\/2025\/05\/30\/oui-mais-le-hamas\/#primaryimage","url":"https:\/\/charleroi-pourlapalestine.be\/wp-content\/uploads\/2025\/05\/Rudi-Vranckx.png","contentUrl":"https:\/\/charleroi-pourlapalestine.be\/wp-content\/uploads\/2025\/05\/Rudi-Vranckx.png","width":793,"height":397},{"@type":"BreadcrumbList","@id":"https:\/\/charleroi-pourlapalestine.be\/index.php\/2025\/05\/30\/oui-mais-le-hamas\/#breadcrumb","itemListElement":[{"@type":"ListItem","position":1,"name":"Accueil","item":"https:\/\/charleroi-pourlapalestine.be\/"},{"@type":"ListItem","position":2,"name":"Oui, mais le Hamas&#8230; !"}]},{"@type":"WebSite","@id":"https:\/\/charleroi-pourlapalestine.be\/#website","url":"https:\/\/charleroi-pourlapalestine.be\/","name":"Charleroi Pour la Palestine","description":"","publisher":{"@id":"https:\/\/charleroi-pourlapalestine.be\/#organization"},"potentialAction":[{"@type":"SearchAction","target":{"@type":"EntryPoint","urlTemplate":"https:\/\/charleroi-pourlapalestine.be\/?s={search_term_string}"},"query-input":{"@type":"PropertyValueSpecification","valueRequired":true,"valueName":"search_term_string"}}],"inLanguage":"fr-FR"},{"@type":"Organization","@id":"https:\/\/charleroi-pourlapalestine.be\/#organization","name":"Plate-forme Charleroi-Palestine","url":"https:\/\/charleroi-pourlapalestine.be\/","logo":{"@type":"ImageObject","inLanguage":"fr-FR","@id":"https:\/\/charleroi-pourlapalestine.be\/#\/schema\/logo\/image\/","url":"https:\/\/charleroi-pourlapalestine.be\/wp-content\/uploads\/2020\/01\/logo-Copy.jpg","contentUrl":"https:\/\/charleroi-pourlapalestine.be\/wp-content\/uploads\/2020\/01\/logo-Copy.jpg","width":180,"height":180,"caption":"Plate-forme Charleroi-Palestine"},"image":{"@id":"https:\/\/charleroi-pourlapalestine.be\/#\/schema\/logo\/image\/"},"sameAs":["https:\/\/www.facebook.com\/PlateformeCharleroiPalestine\/","https:\/\/x.com\/LaCharleroi"]},{"@type":"Person","@id":"https:\/\/charleroi-pourlapalestine.be\/#\/schema\/person\/c19ff515112f1299d8c12671d8fe3faa","name":"admin1873","url":"https:\/\/charleroi-pourlapalestine.be\/index.php\/author\/admin1873\/"}]}},"_links":{"self":[{"href":"https:\/\/charleroi-pourlapalestine.be\/index.php\/wp-json\/wp\/v2\/posts\/84782","targetHints":{"allow":["GET"]}}],"collection":[{"href":"https:\/\/charleroi-pourlapalestine.be\/index.php\/wp-json\/wp\/v2\/posts"}],"about":[{"href":"https:\/\/charleroi-pourlapalestine.be\/index.php\/wp-json\/wp\/v2\/types\/post"}],"author":[{"embeddable":true,"href":"https:\/\/charleroi-pourlapalestine.be\/index.php\/wp-json\/wp\/v2\/users\/1"}],"replies":[{"embeddable":true,"href":"https:\/\/charleroi-pourlapalestine.be\/index.php\/wp-json\/wp\/v2\/comments?post=84782"}],"version-history":[{"count":0,"href":"https:\/\/charleroi-pourlapalestine.be\/index.php\/wp-json\/wp\/v2\/posts\/84782\/revisions"}],"wp:featuredmedia":[{"embeddable":true,"href":"https:\/\/charleroi-pourlapalestine.be\/index.php\/wp-json\/wp\/v2\/media\/84784"}],"wp:attachment":[{"href":"https:\/\/charleroi-pourlapalestine.be\/index.php\/wp-json\/wp\/v2\/media?parent=84782"}],"wp:term":[{"taxonomy":"category","embeddable":true,"href":"https:\/\/charleroi-pourlapalestine.be\/index.php\/wp-json\/wp\/v2\/categories?post=84782"},{"taxonomy":"post_tag","embeddable":true,"href":"https:\/\/charleroi-pourlapalestine.be\/index.php\/wp-json\/wp\/v2\/tags?post=84782"}],"curies":[{"name":"wp","href":"https:\/\/api.w.org\/{rel}","templated":true}]}}