{"id":84804,"date":"2025-05-31T16:00:15","date_gmt":"2025-05-31T14:00:15","guid":{"rendered":"https:\/\/charleroi-pourlapalestine.be\/?p=84804"},"modified":"2025-05-31T16:05:34","modified_gmt":"2025-05-31T14:05:34","slug":"condamnez-vous-le-7-octobre-non-dit-la-chine","status":"publish","type":"post","link":"https:\/\/charleroi-pourlapalestine.be\/index.php\/2025\/05\/31\/condamnez-vous-le-7-octobre-non-dit-la-chine\/","title":{"rendered":"Condamnez-vous le 7 octobre ? \u00ab Non \u00bb, dit la Chine"},"content":{"rendered":"<p><strong>La Chine n&rsquo;a jamais condamn\u00e9 explicitement les attaques du 7 octobre.<\/strong> Selon son point de vue, le 7 octobre ne peut \u00eatre s\u00e9par\u00e9 des sept d\u00e9cennies et plus de violence, d&rsquo;apartheid et d&rsquo;occupation par Isra\u00ebl.<\/p>\n<p>&nbsp;<\/p>\n<div id=\"attachment_84809\" style=\"width: 688px\" class=\"wp-caption aligncenter\"><img loading=\"lazy\" decoding=\"async\" aria-describedby=\"caption-attachment-84809\" class=\"wp-image-84809 size-full\" src=\"https:\/\/charleroi-pourlapalestine.be\/wp-content\/uploads\/2025\/05\/China_ICJ_ICJ.png\" alt=\"Ma Xinmin, repr\u00e9sentant de la Chine aupr\u00e8s de la CIJ. (Photo : via le site web de la CIJ)\" width=\"678\" height=\"455\" srcset=\"https:\/\/charleroi-pourlapalestine.be\/wp-content\/uploads\/2025\/05\/China_ICJ_ICJ.png 678w, https:\/\/charleroi-pourlapalestine.be\/wp-content\/uploads\/2025\/05\/China_ICJ_ICJ-350x235.png 350w\" sizes=\"auto, (max-width: 678px) 100vw, 678px\" \/><p id=\"caption-attachment-84809\" class=\"wp-caption-text\"><strong>Ma Xinmin, repr\u00e9sentant de la Chine aupr\u00e8s de la CIJ.<\/strong> (Photo : via le site web de la CIJ)<\/p><\/div>\n<p>&nbsp;<\/p>\n<p>Mike Whitney, 25 mai 2025<\/p>\n<p>&nbsp;<\/p>\n<p>Naturellement, la chose a attir\u00e9 des critiques v\u00e9h\u00e9mentes de la part de l&rsquo;\u00c9tat juif qui a exprim\u00e9 sa <em>\u00ab profonde d\u00e9ception \u00bb<\/em> \u00e0 l&rsquo;\u00e9gard du refus de la Chine de r\u00e9pudier le Hamas. Et m\u00eame alors, <strong>la Chine n&rsquo;a ni c\u00e9d\u00e9 \u00e0 la pression isra\u00e9lienne ni adouci sa rh\u00e9torique<\/strong>. Au contraire. Le 22 f\u00e9vrier 2024, Ma Xinmin \u2013 un conseiller juridique du minist\u00e8re chinois des Affaires \u00e9trang\u00e8res et membre de la Commission du droit international \u2013 a r\u00e9sum\u00e9 la perception par la Chine des activit\u00e9s du Hamas lors d&rsquo;un expos\u00e9 \u00e0 la Cour internationale de Justice \u00e0 La Haye. Voici une partie de ce qu&rsquo;il a d\u00e9clar\u00e9 :<\/p>\n<blockquote><p>\u00ab <strong>Le conflit palestino-isra\u00e9lien vient de l&rsquo;occupation prolong\u00e9e par Isra\u00ebl du territoire palestinien et de la longue oppression par Isra\u00ebl du peuple palestinien.<\/strong> Que les Palestiniens luttent contre l&rsquo;oppression isra\u00e9lienne et qu&rsquo;ils se battent pour obtenir la mise en place d&rsquo;un \u00c9tat ind\u00e9pendant sur le territoire occup\u00e9 constituent essentiellement des actions qui tendent \u00e0 restaurer leurs droits l\u00e9gitimes. Le droit \u00e0 l&rsquo;autod\u00e9termination a \u00e9t\u00e9 la base l\u00e9gale pr\u00e9cise de cette lutte. \u00bb <em>(<a href=\"https:\/\/www.memri.org\/reports\/chinese-foreign-ministry-legal-advisor-ma-xinmin-international-court-justice-icj\" target=\"_blank\" rel=\"noopener\">MEMRI<\/a><\/em>)<\/p><\/blockquote>\n<p>Le fait que la Chine a choisi un sp\u00e9cialiste du droit \u2013 membre de surcro\u00eet de la Commission du droit international \u2013 pour d\u00e9fendre la cause palestinienne, met en \u00e9vidence l&rsquo;importance que la Chine accorde \u00e0 la question juridique \u00e9largie de savoir si l&rsquo;attaque du Hamas \u00e9tait justifiable aux yeux du droit international. Ma conclut que l&rsquo;attaque \u00e9tait non seulement justifiable, mais que les militants impliqu\u00e9s dans l&rsquo;attaque avaient un \u00ab droit inali\u00e9nable \u00bb de mener des op\u00e9rations visant \u00e0 mettre un terme \u00e0 l&rsquo;occupation isra\u00e9lienne. Voici ce que dit Ma :<\/p>\n<blockquote><p>\u00ab <strong>Le recours du peuple palestinien \u00e0 la force pour r\u00e9sister \u00e0 l&rsquo;oppression \u00e9trang\u00e8re et concr\u00e9tiser l&rsquo;\u00e9tablissement d&rsquo;un \u00c9tat ind\u00e9pendant est un droit inali\u00e9nable<\/strong> (&#8230;) La lutte men\u00e9e par les peuples pour leur lib\u00e9ration, le droit \u00e0 l&rsquo;autod\u00e9termination,<strong> y compris la lutte arm\u00e9e contre le colonialisme, l&rsquo;occupation, l&rsquo;agression, la domination par des forces \u00e9trang\u00e8res ne devrait pas \u00eatre consid\u00e9r\u00e9e comme du terrorisme<\/strong>. \u00bb <em>(<a href=\"https:\/\/www.memri.org\/reports\/chinese-foreign-ministry-legal-advisor-ma-xinmin-international-court-justice-icj\" target=\"_blank\" rel=\"noopener\">MEMRI<\/a><\/em>)<\/p><\/blockquote>\n<p>La d\u00e9claration de Ma ne devrait pas \u00eatre interpr\u00e9t\u00e9e comme un soutien \u00e0 des meurtres et mutilations de civils innocents. Elle constitue toutefois une d\u00e9fense \u00e9nergique du droit des peuples pers\u00e9cut\u00e9s \u00e0 participer \u00e0 une lutte arm\u00e9e contre leurs oppresseurs.<\/p>\n<p>&nbsp;<\/p>\n<p><img loading=\"lazy\" decoding=\"async\" class=\"aligncenter wp-image-84807 size-large\" src=\"https:\/\/charleroi-pourlapalestine.be\/wp-content\/uploads\/2025\/05\/Chine-600x500.png\" alt=\"\" width=\"600\" height=\"500\" srcset=\"https:\/\/charleroi-pourlapalestine.be\/wp-content\/uploads\/2025\/05\/Chine-600x500.png 600w, https:\/\/charleroi-pourlapalestine.be\/wp-content\/uploads\/2025\/05\/Chine-300x250.png 300w, https:\/\/charleroi-pourlapalestine.be\/wp-content\/uploads\/2025\/05\/Chine-768x640.png 768w, https:\/\/charleroi-pourlapalestine.be\/wp-content\/uploads\/2025\/05\/Chine.png 873w\" sizes=\"auto, (max-width: 600px) 100vw, 600px\" \/><\/p>\n<p>&nbsp;<\/p>\n<p>La plupart des lecteurs ne savent pas que la Chine a r\u00e9sist\u00e9 \u00e0 des coercitions de la part d&rsquo;Isra\u00ebl et qu&rsquo;elle a d\u00e9fendu le droit international quand il se rapporte aux attaques du 7 octobre. <strong>Ils ne savent pas que la Chine a adopt\u00e9 une position de principe et qu&rsquo;elle ne s&rsquo;en est jamais \u00e9cart\u00e9e. Bien s\u00fbr, la plupart des gens ne comprennent pas que, parmi les 195 pays qui constituent le monde, 13 seulement d\u00e9signent officiellement le Hamas comme une \u00ab organisation terroriste \u00bb.<\/strong> Beaucoup croient que le qualificatif <em>\u00ab terroriste \u00bb<\/em> est appliqu\u00e9 universellement et que le reste de l&rsquo;humanit\u00e9 voit le monde \u00e0 travers la m\u00eame lentille d\u00e9formante que celle des Am\u00e9ricains. Mais ce n&rsquo;est pas le cas. <strong>Elle per\u00e7oit le Hamas comme un mouvement de lib\u00e9ration nationale<\/strong> qui a \u00e9t\u00e9 l\u00e9galement \u00e9lu en 2006 pour gouverner Gaza \u00e0 la suite d&rsquo;\u00e9lections \u00ab libres et r\u00e9guli\u00e8res \u00bb impos\u00e9es aux Palestiniens par l&rsquo;administration Bush. Aujourd&rsquo;hui, le Hamas est utilis\u00e9 comme pr\u00e9texte pour massacrer des femmes et des enfants \u00e0 Gaza \u00e0 une \u00e9chelle industrielle. La plupart des dirigeants occidentaux ont exprim\u00e9 leur soutien au bain de sang perp\u00e9tr\u00e9 pendant 18 mois par Isra\u00ebl, alors que la Chine s&rsquo;y est non seulement oppos\u00e9e mais a \u00e9galement d\u00e9fendu le droit palestinien \u00e0 la lutte arm\u00e9e. Voici ce que dit le professeur <strong>Richard Falk<\/strong>, un tr\u00e8s \u00e9minent sp\u00e9cialiste du droit international et ancien rapporteur sp\u00e9cial de l&rsquo;ONU pour la Palestine :<\/p>\n<blockquote><p>\u00ab Le droit \u00e0 la r\u00e9sistance a \u00e9t\u00e9 affirm\u00e9 au cours du processus de d\u00e9colonisation dans les ann\u00e9es 1980 et 1990, et cela incluait le droit \u00e0 la r\u00e9sistance arm\u00e9e. Toutefois, cette r\u00e9sistance est cens\u00e9e se soumettre aux lois internationales de la guerre. \u00bb<\/p><\/blockquote>\n<p>M\u00eame le pr\u00e9ambule de la<strong> D\u00e9claration universelle des droits de l&rsquo;homme <\/strong>dit ceci :<\/p>\n<blockquote><p>\u00ab Consid\u00e9rant qu\u2019il est essentiel que les droits de l\u2019Homme soient prot\u00e9g\u00e9s par l\u2019exercice des lois, \u00e0 condition que l\u2019homme ne soit pas oblig\u00e9 d\u2019avoir recours, en dernier ressort, \u00e0 la r\u00e9bellion pour lutter contre la tyrannie et l\u2019oppression. \u00bb<\/p><\/blockquote>\n<p>Isra\u00ebl ne se soumet pas aux lois internationales de la guerre. Par exemple, <strong>l&rsquo;int\u00e9gralit\u00e9 de la situation \u00e0 Gaza constitue l&rsquo;une des violations les plus flagrantes par Isra\u00ebl non seulement des lois de la guerre, mais aussi de tout l&rsquo;appareil des lois internationales et humanitaires.<\/strong><\/p>\n<p>Par ailleurs, les Palestiniens, qui sont en \u00e9tat permanent de l\u00e9gitime d\u00e9fense, sont motiv\u00e9s par un ensemble de valeurs diff\u00e9rentes de celles d&rsquo;Isra\u00ebl. La premi\u00e8re, c&rsquo;est qu&rsquo;ils sont pleinement conscients de la n\u00e9cessit\u00e9 de pr\u00e9server la l\u00e9gitimit\u00e9 morale dans leurs m\u00e9thodes de r\u00e9sistance (&#8230;)<\/p>\n<blockquote><p>\u00ab Dans la mesure o\u00f9 il existe des preuves r\u00e9elles d&rsquo;atrocit\u00e9s accompagnant l&rsquo;attaque du 7 octobre, elles constitueraient des violations mais l&rsquo;attaque en soi est quelque chose qui, dans son contexte, appara\u00eet tout \u00e0 fait justifiable et d&rsquo;ailleurs attendue depuis longtemps \u00bb,<\/p><\/blockquote>\n<p>avait ajout\u00e9 Falk. <a href=\"https:\/\/www.palestinechronicle.com\/breaking-the-silence-on-palestinian-armed-struggle-a-call-for-legal-clarity\/\" target=\"_blank\" rel=\"noopener\"><em>(The Palestine Chronicle<\/em><\/a>)<\/p>\n<p>C&rsquo;est la raison pour laquelle Isra\u00ebl a invent\u00e9 de toutes pi\u00e8ces tant d&rsquo;histoires de b\u00e9b\u00e9s d\u00e9capit\u00e9s, de viols de masse et de massacres de civils innocents. L&rsquo;intention est de persuader le public que le 7 octobre n&rsquo;\u00e9tait pas l&rsquo;expression l\u00e9gitime d&rsquo;une r\u00e9sistance politique mais un acte d\u00e9lib\u00e9r\u00e9, gratuit de terrorisme \u00e0 l&rsquo;encontre de personnes ordinaires. Les analystes occidentaux font typiquement leurs choux gras des atrocit\u00e9s destin\u00e9es \u00e0 noyer toute discussion raisonnable autour de l&rsquo;oppression historique ou des r\u00e9alit\u00e9s politiques. Une fois de plus, voici ce que dit <strong>Richard Falk<\/strong> :<\/p>\n<blockquote><p>\u00ab L&rsquo;une des tactiques utilis\u00e9es par l&rsquo;Occident et Isra\u00ebl a consist\u00e9 \u00e0 tenter \u2013 et \u00e7a a failli r\u00e9ussir \u2013 <strong>de d\u00e9contextualiser le 7 octobre de fa\u00e7on \u00e0 faire croire qu&rsquo;il \u00e9tait sorti de nulle part<\/strong>&#8230; Le secr\u00e9taire g\u00e9n\u00e9ral de l&rsquo;ONU s&rsquo;est m\u00eame fait incendier comme antis\u00e9mite simplement pour avoir fait remarquer un fait on ne peut plus \u00e9vident \u2013 il y avait un lourd pass\u00e9 de violence contre le peuple isra\u00e9lien pour en arriver l\u00e0 \u00bb, avait-il ajout\u00e9, faisant allusion \u00e0 la simple d\u00e9claration d&rsquo;Antonio Guterres disant que le 7 octobre &lsquo;n&rsquo;\u00e9tait pas sorti de rien&rsquo;. \u00bb <a href=\"https:\/\/www.palestinechronicle.com\/breaking-the-silence-on-palestinian-armed-struggle-a-call-for-legal-clarity\/\" target=\"_blank\" rel=\"noopener\"><em>(The Palestine Chronicle<\/em><\/a>)<\/p><\/blockquote>\n<p>&nbsp;<\/p>\n<p><img loading=\"lazy\" decoding=\"async\" class=\"aligncenter wp-image-84810 size-large\" src=\"https:\/\/charleroi-pourlapalestine.be\/wp-content\/uploads\/2025\/05\/Never-again-is-now-487x500.png\" alt=\"\" width=\"487\" height=\"500\" srcset=\"https:\/\/charleroi-pourlapalestine.be\/wp-content\/uploads\/2025\/05\/Never-again-is-now-487x500.png 487w, https:\/\/charleroi-pourlapalestine.be\/wp-content\/uploads\/2025\/05\/Never-again-is-now-243x250.png 243w, https:\/\/charleroi-pourlapalestine.be\/wp-content\/uploads\/2025\/05\/Never-again-is-now-768x789.png 768w, https:\/\/charleroi-pourlapalestine.be\/wp-content\/uploads\/2025\/05\/Never-again-is-now.png 806w\" sizes=\"auto, (max-width: 487px) 100vw, 487px\" \/><\/p>\n<p>&nbsp;<\/p>\n<p>Pr\u00e9cis\u00e9ment.<strong> Les arguments en faveur du g\u00e9nocide s&rsquo;appuient sur le fait qu&rsquo;il est possible d&rsquo;\u00e9carter le 7 octobre de son <em>\u00ab contexte \u00bb<\/em> historique \u00e9largi et de le percevoir comme un \u00e9v\u00e9nement<em> \u00ab isol\u00e9 \u00bb<\/em> n\u00e9cessitant une r\u00e9ponse particuli\u00e8rement violente. <\/strong>Mais le 7 octobre n&rsquo;est pas un \u00e9v\u00e9nement isol\u00e9, c&rsquo;est l&rsquo;explosion in\u00e9vitable d&rsquo;une r\u00e9sistance collective \u00e0 des d\u00e9cennies de haine ethnique et de brutalit\u00e9 envers un peuple particulier qui a \u00e9t\u00e9 d\u00e9pouill\u00e9 de ses droits civiques et qu&rsquo;on a laiss\u00e9 d\u00e9p\u00e9rir dans un \u00c9tat d&rsquo;apartheid. Voici ce qu&rsquo;ajoute Ma :<\/p>\n<blockquote><p>\u00ab <strong>Notre \u00c9tat est oblig\u00e9 de promouvoir la r\u00e9alisation du droit \u00e0 l&rsquo;autod\u00e9termination et \u00e0 s&rsquo;abstenir de toute r\u00e9action \u00e9nergique qui priverait le peuple de ce droit.<\/strong> En poursuivant son droit \u00e0 l&rsquo;autod\u00e9termination, ce peuple a le droit de s&rsquo;engager dans des luttes, de chercher et de recevoir du soutien en s&rsquo;appuyant sur ce droit&#8230;<\/p>\n<p>\u00ab <strong>De nombreuses r\u00e9solutions de l&rsquo;Assembl\u00e9e g\u00e9n\u00e9rale de l&rsquo;ONU reconnaissent la l\u00e9gitimit\u00e9 de la lutte par tous les moyens possibles, y compris la lutte arm\u00e9e,<\/strong> pour les peuples sous domination coloniale ou sous occupation \u00e9trang\u00e8re afin de r\u00e9aliser leur droit \u00e0 l&rsquo;autod\u00e9termination. \u00bb <em>(<a href=\"https:\/\/www.memri.org\/reports\/chinese-foreign-ministry-legal-advisor-ma-xinmin-international-court-justice-icj\" target=\"_blank\" rel=\"noopener\">MEMRI<\/a><\/em>)<\/p><\/blockquote>\n<p>&nbsp;<\/p>\n<div class=\"video-container\"><iframe loading=\"lazy\" title=\"Ma Xinmin, China&#039;s Foreign Ministry&#039;s legal adviser and representative at the ICJ\" width=\"500\" height=\"281\" src=\"https:\/\/www.youtube.com\/embed\/JQmozaAEbks?feature=oembed&#038;wmode=opaque\" frameborder=\"0\" allow=\"accelerometer; autoplay; clipboard-write; encrypted-media; gyroscope; picture-in-picture; web-share\" referrerpolicy=\"strict-origin-when-cross-origin\" allowfullscreen><\/iframe><\/div>\n<p>Naturellement, le discours de Ma a \u00e9t\u00e9 largement occult\u00e9 dans les m\u00e9dias occidentaux o\u00f9 rien de ce qui ne s&rsquo;accorde pas avec le discours isra\u00e9lien (affirmant que le 7 octobre \u00e9tait un acte de terrorisme) n&rsquo;appara\u00eet <em>\u00ab dans la salle de montage \u00bb.<\/em> Nous pouvons affirmer avec confiance que, si la position morale forte de Ma avait circul\u00e9 bien davantage, le soutien d&rsquo;Isra\u00ebl aux \u00c9tats-Unis se serait \u00e9croul\u00e9.<\/p>\n<p>&nbsp;<\/p>\n<h3>La Chine propose de reconstruire Gaza<\/h3>\n<p><strong>La Chine a soutenu chaque r\u00e9solution de l&rsquo;ONU visant \u00e0 fournir de l&rsquo;aide humanitaire \u00e0 la population de Gaza. Les Chinois ont \u00e9t\u00e9 de fid\u00e8les supporters d&rsquo;un \u00c9tat palestinien et de la solution \u00e0 deux \u00c9tats depuis le d\u00e9but. \u00c0 de maintes reprises, ils ont r\u00e9clam\u00e9 la fin des combats et un cessez-le-feu imm\u00e9diat.<\/strong> Ils ont m\u00eame rencontr\u00e9 les dirigeants du Hamas et du Fatah (en avril et juin 2024) pour voir si la r\u00e9conciliation entre les deux organisations \u00e9tait possible afin de promouvoir l&rsquo;unit\u00e9 palestinienne. <strong>Finalement, la Chine a plusieurs fois propos\u00e9 de \u00ab <em>reconstruire Gaza<\/em> \u00bb<\/strong> d\u00e8s la fin des hostilit\u00e9s, ce qui souligne l&rsquo;engagement de Beijing envers un \u00c9tat palestinien ind\u00e9pendant vivant c\u00f4te \u00e0 c\u00f4te avec Isra\u00ebl.<\/p>\n<p><strong>\u00c0 chaque occasion, la Chine a soutenu des mesures visant la d\u00e9sescalade, la r\u00e9conciliation et la paix.<\/strong> Elle a fait montre du genre de <em>\u00ab lucidit\u00e9 morale \u00bb<\/em> et de leadership moral qu&rsquo;on aimerait voir de la part des \u00c9tats-Unis et qu&rsquo;on ne verra jamais. <strong>C&rsquo;est la lucidit\u00e9 morale de la Chine qui&nbsp; guide ses d\u00e9cisions, m\u00eame dans des situations complexes ou ambigu\u00ebs, sans qu&rsquo;elle soit influenc\u00e9e par des int\u00e9r\u00eats concurrents ou par le relativisme.<\/strong> Il s&rsquo;agit d&rsquo;aligner des actions en fonction d&rsquo;un cadre moral constant, souvent enracin\u00e9 dans des valeurs universelles comme l&rsquo;honn\u00eatet\u00e9, l&rsquo;\u00e9quit\u00e9 ou la compassion \u00bb.<\/p>\n<p><strong>La sauvagerie d&rsquo;Isra\u00ebl \u00e0 Gaza sugg\u00e8re que l&rsquo;Occident se trouve dans un \u00e9tat d&rsquo;effondrement moral irr\u00e9versible.<\/strong> Nous devrions \u00eatre reconnaissants de voir la Chine intervenir pour combler un vide et diriger le monde vers le prochain si\u00e8cle.<\/p>\n<p>\u00c0 propos de l&rsquo;un des probl\u00e8mes les plus lourds de cons\u00e9quences de notre \u00e9poque, la Chine s&rsquo;est rang\u00e9e du c\u00f4t\u00e9 de la d\u00e9cence et de l&rsquo;humanit\u00e9.<\/p>\n<p style=\"text-align: center;\">*****<\/p>\n<p>Publi\u00e9 le 25 mai 2024 sur <a href=\"https:\/\/www.unz.com\/mwhitney\/do-you-condemn-october-7-china-says-no\/\" target=\"_blank\" rel=\"noopener\">The Unz Review<\/a><br \/>\nTraduction : Jean-Marie Fl\u00e9mal, <a href=\"https:\/\/charleroi-pourlapalestine.be\/\">Charleroi pour la Palestine<\/a><\/p>\n<p>&nbsp;<\/p>\n","protected":false},"excerpt":{"rendered":"<p>Elle per\u00e7oit le Hamas comme un mouvement de lib\u00e9ration nationale qui a \u00e9t\u00e9 l\u00e9galement \u00e9lu en 2006 pour gouverner Gaza<\/p>\n","protected":false},"author":1,"featured_media":84813,"comment_status":"closed","ping_status":"closed","sticky":false,"template":"","format":"standard","meta":{"ngg_post_thumbnail":0,"footnotes":""},"categories":[927,147,6,344],"tags":[],"class_list":["post-84804","post","type-post","status-publish","format-standard","has-post-thumbnail","hentry","category-7-octobre-2023","category-chine","category-gaza","category-genocide"],"yoast_head":"<!-- This site is optimized with the Yoast SEO plugin v27.3 - https:\/\/yoast.com\/product\/yoast-seo-wordpress\/ -->\n<title>Condamnez-vous le 7 octobre ? \u00ab Non \u00bb, dit la Chine<\/title>\n<meta name=\"description\" content=\"Selon le point de la Chine, le 7 octobre ne peut \u00eatre s\u00e9par\u00e9 des sept d\u00e9cennies et plus de violence, d&#039;apartheid et d&#039;occupation par Isra\u00ebl.\" \/>\n<meta name=\"robots\" content=\"index, follow, max-snippet:-1, max-image-preview:large, max-video-preview:-1\" \/>\n<link rel=\"canonical\" href=\"https:\/\/charleroi-pourlapalestine.be\/index.php\/2025\/05\/31\/condamnez-vous-le-7-octobre-non-dit-la-chine\/\" \/>\n<script type=\"application\/ld+json\" class=\"yoast-schema-graph\">{\"@context\":\"https:\\\/\\\/schema.org\",\"@graph\":[{\"@type\":\"Article\",\"@id\":\"https:\\\/\\\/charleroi-pourlapalestine.be\\\/index.php\\\/2025\\\/05\\\/31\\\/condamnez-vous-le-7-octobre-non-dit-la-chine\\\/#article\",\"isPartOf\":{\"@id\":\"https:\\\/\\\/charleroi-pourlapalestine.be\\\/index.php\\\/2025\\\/05\\\/31\\\/condamnez-vous-le-7-octobre-non-dit-la-chine\\\/\"},\"author\":{\"name\":\"admin1873\",\"@id\":\"https:\\\/\\\/charleroi-pourlapalestine.be\\\/#\\\/schema\\\/person\\\/c19ff515112f1299d8c12671d8fe3faa\"},\"headline\":\"Condamnez-vous le 7 octobre ? \u00ab Non \u00bb, dit la Chine\",\"datePublished\":\"2025-05-31T14:00:15+00:00\",\"dateModified\":\"2025-05-31T14:05:34+00:00\",\"mainEntityOfPage\":{\"@id\":\"https:\\\/\\\/charleroi-pourlapalestine.be\\\/index.php\\\/2025\\\/05\\\/31\\\/condamnez-vous-le-7-octobre-non-dit-la-chine\\\/\"},\"wordCount\":1881,\"publisher\":{\"@id\":\"https:\\\/\\\/charleroi-pourlapalestine.be\\\/#organization\"},\"image\":{\"@id\":\"https:\\\/\\\/charleroi-pourlapalestine.be\\\/index.php\\\/2025\\\/05\\\/31\\\/condamnez-vous-le-7-octobre-non-dit-la-chine\\\/#primaryimage\"},\"thumbnailUrl\":\"https:\\\/\\\/charleroi-pourlapalestine.be\\\/wp-content\\\/uploads\\\/2025\\\/05\\\/but-do-you-condemn-Hamas-.png\",\"articleSection\":[\"7 octobre 2023\",\"Chine\",\"Gaza\",\"G\u00e9nocide\"],\"inLanguage\":\"fr-FR\"},{\"@type\":\"WebPage\",\"@id\":\"https:\\\/\\\/charleroi-pourlapalestine.be\\\/index.php\\\/2025\\\/05\\\/31\\\/condamnez-vous-le-7-octobre-non-dit-la-chine\\\/\",\"url\":\"https:\\\/\\\/charleroi-pourlapalestine.be\\\/index.php\\\/2025\\\/05\\\/31\\\/condamnez-vous-le-7-octobre-non-dit-la-chine\\\/\",\"name\":\"Condamnez-vous le 7 octobre ? \u00ab Non \u00bb, dit la Chine\",\"isPartOf\":{\"@id\":\"https:\\\/\\\/charleroi-pourlapalestine.be\\\/#website\"},\"primaryImageOfPage\":{\"@id\":\"https:\\\/\\\/charleroi-pourlapalestine.be\\\/index.php\\\/2025\\\/05\\\/31\\\/condamnez-vous-le-7-octobre-non-dit-la-chine\\\/#primaryimage\"},\"image\":{\"@id\":\"https:\\\/\\\/charleroi-pourlapalestine.be\\\/index.php\\\/2025\\\/05\\\/31\\\/condamnez-vous-le-7-octobre-non-dit-la-chine\\\/#primaryimage\"},\"thumbnailUrl\":\"https:\\\/\\\/charleroi-pourlapalestine.be\\\/wp-content\\\/uploads\\\/2025\\\/05\\\/but-do-you-condemn-Hamas-.png\",\"datePublished\":\"2025-05-31T14:00:15+00:00\",\"dateModified\":\"2025-05-31T14:05:34+00:00\",\"description\":\"Selon le point de la Chine, le 7 octobre ne peut \u00eatre s\u00e9par\u00e9 des sept d\u00e9cennies et plus de violence, d'apartheid et d'occupation par Isra\u00ebl.\",\"breadcrumb\":{\"@id\":\"https:\\\/\\\/charleroi-pourlapalestine.be\\\/index.php\\\/2025\\\/05\\\/31\\\/condamnez-vous-le-7-octobre-non-dit-la-chine\\\/#breadcrumb\"},\"inLanguage\":\"fr-FR\",\"potentialAction\":[{\"@type\":\"ReadAction\",\"target\":[\"https:\\\/\\\/charleroi-pourlapalestine.be\\\/index.php\\\/2025\\\/05\\\/31\\\/condamnez-vous-le-7-octobre-non-dit-la-chine\\\/\"]}]},{\"@type\":\"ImageObject\",\"inLanguage\":\"fr-FR\",\"@id\":\"https:\\\/\\\/charleroi-pourlapalestine.be\\\/index.php\\\/2025\\\/05\\\/31\\\/condamnez-vous-le-7-octobre-non-dit-la-chine\\\/#primaryimage\",\"url\":\"https:\\\/\\\/charleroi-pourlapalestine.be\\\/wp-content\\\/uploads\\\/2025\\\/05\\\/but-do-you-condemn-Hamas-.png\",\"contentUrl\":\"https:\\\/\\\/charleroi-pourlapalestine.be\\\/wp-content\\\/uploads\\\/2025\\\/05\\\/but-do-you-condemn-Hamas-.png\",\"width\":727,\"height\":500},{\"@type\":\"BreadcrumbList\",\"@id\":\"https:\\\/\\\/charleroi-pourlapalestine.be\\\/index.php\\\/2025\\\/05\\\/31\\\/condamnez-vous-le-7-octobre-non-dit-la-chine\\\/#breadcrumb\",\"itemListElement\":[{\"@type\":\"ListItem\",\"position\":1,\"name\":\"Accueil\",\"item\":\"https:\\\/\\\/charleroi-pourlapalestine.be\\\/\"},{\"@type\":\"ListItem\",\"position\":2,\"name\":\"Condamnez-vous le 7 octobre ? \u00ab Non \u00bb, dit la Chine\"}]},{\"@type\":\"WebSite\",\"@id\":\"https:\\\/\\\/charleroi-pourlapalestine.be\\\/#website\",\"url\":\"https:\\\/\\\/charleroi-pourlapalestine.be\\\/\",\"name\":\"Charleroi Pour la Palestine\",\"description\":\"\",\"publisher\":{\"@id\":\"https:\\\/\\\/charleroi-pourlapalestine.be\\\/#organization\"},\"potentialAction\":[{\"@type\":\"SearchAction\",\"target\":{\"@type\":\"EntryPoint\",\"urlTemplate\":\"https:\\\/\\\/charleroi-pourlapalestine.be\\\/?s={search_term_string}\"},\"query-input\":{\"@type\":\"PropertyValueSpecification\",\"valueRequired\":true,\"valueName\":\"search_term_string\"}}],\"inLanguage\":\"fr-FR\"},{\"@type\":\"Organization\",\"@id\":\"https:\\\/\\\/charleroi-pourlapalestine.be\\\/#organization\",\"name\":\"Plate-forme Charleroi-Palestine\",\"url\":\"https:\\\/\\\/charleroi-pourlapalestine.be\\\/\",\"logo\":{\"@type\":\"ImageObject\",\"inLanguage\":\"fr-FR\",\"@id\":\"https:\\\/\\\/charleroi-pourlapalestine.be\\\/#\\\/schema\\\/logo\\\/image\\\/\",\"url\":\"https:\\\/\\\/charleroi-pourlapalestine.be\\\/wp-content\\\/uploads\\\/2020\\\/01\\\/logo-Copy.jpg\",\"contentUrl\":\"https:\\\/\\\/charleroi-pourlapalestine.be\\\/wp-content\\\/uploads\\\/2020\\\/01\\\/logo-Copy.jpg\",\"width\":180,\"height\":180,\"caption\":\"Plate-forme Charleroi-Palestine\"},\"image\":{\"@id\":\"https:\\\/\\\/charleroi-pourlapalestine.be\\\/#\\\/schema\\\/logo\\\/image\\\/\"},\"sameAs\":[\"https:\\\/\\\/www.facebook.com\\\/PlateformeCharleroiPalestine\\\/\",\"https:\\\/\\\/x.com\\\/LaCharleroi\"]},{\"@type\":\"Person\",\"@id\":\"https:\\\/\\\/charleroi-pourlapalestine.be\\\/#\\\/schema\\\/person\\\/c19ff515112f1299d8c12671d8fe3faa\",\"name\":\"admin1873\",\"url\":\"https:\\\/\\\/charleroi-pourlapalestine.be\\\/index.php\\\/author\\\/admin1873\\\/\"}]}<\/script>\n<!-- \/ Yoast SEO plugin. -->","yoast_head_json":{"title":"Condamnez-vous le 7 octobre ? \u00ab Non \u00bb, dit la Chine","description":"Selon le point de la Chine, le 7 octobre ne peut \u00eatre s\u00e9par\u00e9 des sept d\u00e9cennies et plus de violence, d'apartheid et d'occupation par Isra\u00ebl.","robots":{"index":"index","follow":"follow","max-snippet":"max-snippet:-1","max-image-preview":"max-image-preview:large","max-video-preview":"max-video-preview:-1"},"canonical":"https:\/\/charleroi-pourlapalestine.be\/index.php\/2025\/05\/31\/condamnez-vous-le-7-octobre-non-dit-la-chine\/","schema":{"@context":"https:\/\/schema.org","@graph":[{"@type":"Article","@id":"https:\/\/charleroi-pourlapalestine.be\/index.php\/2025\/05\/31\/condamnez-vous-le-7-octobre-non-dit-la-chine\/#article","isPartOf":{"@id":"https:\/\/charleroi-pourlapalestine.be\/index.php\/2025\/05\/31\/condamnez-vous-le-7-octobre-non-dit-la-chine\/"},"author":{"name":"admin1873","@id":"https:\/\/charleroi-pourlapalestine.be\/#\/schema\/person\/c19ff515112f1299d8c12671d8fe3faa"},"headline":"Condamnez-vous le 7 octobre ? \u00ab Non \u00bb, dit la Chine","datePublished":"2025-05-31T14:00:15+00:00","dateModified":"2025-05-31T14:05:34+00:00","mainEntityOfPage":{"@id":"https:\/\/charleroi-pourlapalestine.be\/index.php\/2025\/05\/31\/condamnez-vous-le-7-octobre-non-dit-la-chine\/"},"wordCount":1881,"publisher":{"@id":"https:\/\/charleroi-pourlapalestine.be\/#organization"},"image":{"@id":"https:\/\/charleroi-pourlapalestine.be\/index.php\/2025\/05\/31\/condamnez-vous-le-7-octobre-non-dit-la-chine\/#primaryimage"},"thumbnailUrl":"https:\/\/charleroi-pourlapalestine.be\/wp-content\/uploads\/2025\/05\/but-do-you-condemn-Hamas-.png","articleSection":["7 octobre 2023","Chine","Gaza","G\u00e9nocide"],"inLanguage":"fr-FR"},{"@type":"WebPage","@id":"https:\/\/charleroi-pourlapalestine.be\/index.php\/2025\/05\/31\/condamnez-vous-le-7-octobre-non-dit-la-chine\/","url":"https:\/\/charleroi-pourlapalestine.be\/index.php\/2025\/05\/31\/condamnez-vous-le-7-octobre-non-dit-la-chine\/","name":"Condamnez-vous le 7 octobre ? \u00ab Non \u00bb, dit la Chine","isPartOf":{"@id":"https:\/\/charleroi-pourlapalestine.be\/#website"},"primaryImageOfPage":{"@id":"https:\/\/charleroi-pourlapalestine.be\/index.php\/2025\/05\/31\/condamnez-vous-le-7-octobre-non-dit-la-chine\/#primaryimage"},"image":{"@id":"https:\/\/charleroi-pourlapalestine.be\/index.php\/2025\/05\/31\/condamnez-vous-le-7-octobre-non-dit-la-chine\/#primaryimage"},"thumbnailUrl":"https:\/\/charleroi-pourlapalestine.be\/wp-content\/uploads\/2025\/05\/but-do-you-condemn-Hamas-.png","datePublished":"2025-05-31T14:00:15+00:00","dateModified":"2025-05-31T14:05:34+00:00","description":"Selon le point de la Chine, le 7 octobre ne peut \u00eatre s\u00e9par\u00e9 des sept d\u00e9cennies et plus de violence, d'apartheid et d'occupation par Isra\u00ebl.","breadcrumb":{"@id":"https:\/\/charleroi-pourlapalestine.be\/index.php\/2025\/05\/31\/condamnez-vous-le-7-octobre-non-dit-la-chine\/#breadcrumb"},"inLanguage":"fr-FR","potentialAction":[{"@type":"ReadAction","target":["https:\/\/charleroi-pourlapalestine.be\/index.php\/2025\/05\/31\/condamnez-vous-le-7-octobre-non-dit-la-chine\/"]}]},{"@type":"ImageObject","inLanguage":"fr-FR","@id":"https:\/\/charleroi-pourlapalestine.be\/index.php\/2025\/05\/31\/condamnez-vous-le-7-octobre-non-dit-la-chine\/#primaryimage","url":"https:\/\/charleroi-pourlapalestine.be\/wp-content\/uploads\/2025\/05\/but-do-you-condemn-Hamas-.png","contentUrl":"https:\/\/charleroi-pourlapalestine.be\/wp-content\/uploads\/2025\/05\/but-do-you-condemn-Hamas-.png","width":727,"height":500},{"@type":"BreadcrumbList","@id":"https:\/\/charleroi-pourlapalestine.be\/index.php\/2025\/05\/31\/condamnez-vous-le-7-octobre-non-dit-la-chine\/#breadcrumb","itemListElement":[{"@type":"ListItem","position":1,"name":"Accueil","item":"https:\/\/charleroi-pourlapalestine.be\/"},{"@type":"ListItem","position":2,"name":"Condamnez-vous le 7 octobre ? \u00ab Non \u00bb, dit la Chine"}]},{"@type":"WebSite","@id":"https:\/\/charleroi-pourlapalestine.be\/#website","url":"https:\/\/charleroi-pourlapalestine.be\/","name":"Charleroi Pour la Palestine","description":"","publisher":{"@id":"https:\/\/charleroi-pourlapalestine.be\/#organization"},"potentialAction":[{"@type":"SearchAction","target":{"@type":"EntryPoint","urlTemplate":"https:\/\/charleroi-pourlapalestine.be\/?s={search_term_string}"},"query-input":{"@type":"PropertyValueSpecification","valueRequired":true,"valueName":"search_term_string"}}],"inLanguage":"fr-FR"},{"@type":"Organization","@id":"https:\/\/charleroi-pourlapalestine.be\/#organization","name":"Plate-forme Charleroi-Palestine","url":"https:\/\/charleroi-pourlapalestine.be\/","logo":{"@type":"ImageObject","inLanguage":"fr-FR","@id":"https:\/\/charleroi-pourlapalestine.be\/#\/schema\/logo\/image\/","url":"https:\/\/charleroi-pourlapalestine.be\/wp-content\/uploads\/2020\/01\/logo-Copy.jpg","contentUrl":"https:\/\/charleroi-pourlapalestine.be\/wp-content\/uploads\/2020\/01\/logo-Copy.jpg","width":180,"height":180,"caption":"Plate-forme Charleroi-Palestine"},"image":{"@id":"https:\/\/charleroi-pourlapalestine.be\/#\/schema\/logo\/image\/"},"sameAs":["https:\/\/www.facebook.com\/PlateformeCharleroiPalestine\/","https:\/\/x.com\/LaCharleroi"]},{"@type":"Person","@id":"https:\/\/charleroi-pourlapalestine.be\/#\/schema\/person\/c19ff515112f1299d8c12671d8fe3faa","name":"admin1873","url":"https:\/\/charleroi-pourlapalestine.be\/index.php\/author\/admin1873\/"}]}},"_links":{"self":[{"href":"https:\/\/charleroi-pourlapalestine.be\/index.php\/wp-json\/wp\/v2\/posts\/84804","targetHints":{"allow":["GET"]}}],"collection":[{"href":"https:\/\/charleroi-pourlapalestine.be\/index.php\/wp-json\/wp\/v2\/posts"}],"about":[{"href":"https:\/\/charleroi-pourlapalestine.be\/index.php\/wp-json\/wp\/v2\/types\/post"}],"author":[{"embeddable":true,"href":"https:\/\/charleroi-pourlapalestine.be\/index.php\/wp-json\/wp\/v2\/users\/1"}],"replies":[{"embeddable":true,"href":"https:\/\/charleroi-pourlapalestine.be\/index.php\/wp-json\/wp\/v2\/comments?post=84804"}],"version-history":[{"count":0,"href":"https:\/\/charleroi-pourlapalestine.be\/index.php\/wp-json\/wp\/v2\/posts\/84804\/revisions"}],"wp:featuredmedia":[{"embeddable":true,"href":"https:\/\/charleroi-pourlapalestine.be\/index.php\/wp-json\/wp\/v2\/media\/84813"}],"wp:attachment":[{"href":"https:\/\/charleroi-pourlapalestine.be\/index.php\/wp-json\/wp\/v2\/media?parent=84804"}],"wp:term":[{"taxonomy":"category","embeddable":true,"href":"https:\/\/charleroi-pourlapalestine.be\/index.php\/wp-json\/wp\/v2\/categories?post=84804"},{"taxonomy":"post_tag","embeddable":true,"href":"https:\/\/charleroi-pourlapalestine.be\/index.php\/wp-json\/wp\/v2\/tags?post=84804"}],"curies":[{"name":"wp","href":"https:\/\/api.w.org\/{rel}","templated":true}]}}