{"id":84837,"date":"2025-06-05T06:08:24","date_gmt":"2025-06-05T04:08:24","guid":{"rendered":"https:\/\/charleroi-pourlapalestine.be\/?p=84837"},"modified":"2025-06-05T06:08:24","modified_gmt":"2025-06-05T04:08:24","slug":"le-festival-resistance-palestine-a-bruxelles-et-le-droit-detre-hostile","status":"publish","type":"post","link":"https:\/\/charleroi-pourlapalestine.be\/index.php\/2025\/06\/05\/le-festival-resistance-palestine-a-bruxelles-et-le-droit-detre-hostile\/","title":{"rendered":"Le Festival R\u00e9sistance \u2013 Palestine \u00e0 Bruxelles et le \u00ab droit d&rsquo;\u00eatre hostile \u00bb"},"content":{"rendered":"<p><strong>Le Festival R\u00e9sistance \u2013 Palestine \u00e0 Bruxelles (du 6 au 8 juin)<\/strong>,<\/p>\n<blockquote><p>\u00ab trois jours de c\u00e9l\u00e9bration de la culture, de la r\u00e9sistance et de la solidarit\u00e9, avec des discussions politiques, un village militant, une foire aux livres, \u00e0 manger, \u00e0 boire et de la musique, DJ, concerts et expositions \u00bb,<\/p><\/blockquote>\n<p>met en \u00e9vidence la port\u00e9e mondiale de la cause palestinienne. Des organisations comme le R\u00e9seau<em> Samidoun de solidarit\u00e9 avec les prisonniers palestiniens<\/em> et<em> Masar Badil<\/em> (Mouvement alternatif de la voie r\u00e9volutionnaire palestinienne) sont engag\u00e9es dans l&rsquo;organisation d&rsquo;\u00e9v\u00e9nements du festival appelant \u00e0 l&rsquo;action au niveau mondial. (NDLR : de nombreuses autres associations, dont la Plateforme Charleroi-Palestine font \u00e9galement partie du festival, voir la liste ci-dessous).<\/p>\n<p>&nbsp;<\/p>\n<div id=\"attachment_84839\" style=\"width: 1212px\" class=\"wp-caption aligncenter\"><img loading=\"lazy\" decoding=\"async\" aria-describedby=\"caption-attachment-84839\" class=\"wp-image-84839 size-full\" src=\"https:\/\/charleroi-pourlapalestine.be\/wp-content\/uploads\/2025\/06\/Le-Festival-de-Resistance-e1749035997794.png\" alt=\"Photo : Aquarelle repr\u00e9sentant l'Intifada palestinienne. Artiste inconnu.\" width=\"1202\" height=\"720\" srcset=\"https:\/\/charleroi-pourlapalestine.be\/wp-content\/uploads\/2025\/06\/Le-Festival-de-Resistance-e1749035997794.png 1202w, https:\/\/charleroi-pourlapalestine.be\/wp-content\/uploads\/2025\/06\/Le-Festival-de-Resistance-e1749035997794-350x210.png 350w, https:\/\/charleroi-pourlapalestine.be\/wp-content\/uploads\/2025\/06\/Le-Festival-de-Resistance-e1749035997794-700x419.png 700w, https:\/\/charleroi-pourlapalestine.be\/wp-content\/uploads\/2025\/06\/Le-Festival-de-Resistance-e1749035997794-768x460.png 768w\" sizes=\"auto, (max-width: 1202px) 100vw, 1202px\" \/><p id=\"caption-attachment-84839\" class=\"wp-caption-text\">&nbsp; &nbsp; &nbsp; &nbsp; &nbsp; &nbsp; &nbsp; &nbsp; &nbsp; &nbsp; &nbsp; &nbsp; &nbsp; &nbsp; &nbsp; &nbsp; &nbsp; &nbsp; &nbsp; &nbsp; &nbsp;<strong>Aquarelle repr\u00e9sentant l&rsquo;Intifada palestinienne. Artiste inconnu.<\/strong><\/p><\/div>\n<p>&nbsp;<\/p>\n<p><strong>Rima Najjar,<\/strong> 2 juin 2025<\/p>\n<p>Du fait que la cause palestinienne \u00e9tablit des parall\u00e8les avec les mouvements anticoloniaux, anti-apartheid et anti-imp\u00e9rialistes (par exemple, Afrique du Sud, Vietnam, Alg\u00e9rie, Am\u00e9rique latine et mouvements autochtones), elle r\u00e9sonne aupr\u00e8s des peuples opprim\u00e9s du monde entier.<\/p>\n<p>L&rsquo;occupation de la Palestine par Isra\u00ebl est aujourd&rsquo;hui associ\u00e9e au commerce mondial des armes, particuli\u00e8rement les exportations d&rsquo;armes am\u00e9ricaines et la technologie de surveillance tel le logiciel espion isra\u00e9lien Pegasus test\u00e9 sur les Palestiniens. Le mouvement BDS (Boycott, D\u00e9sinvestissement, Sanctions) a une port\u00e9e mondiale. Black Lives Matter et les organisations en faveur de la justice climatique per\u00e7oivent la lib\u00e9ration palestinienne comme \u00e9tant li\u00e9e au d\u00e9mant\u00e8lement de la violence syst\u00e9mique dans le monde. La Russie, la Chine et des puissances r\u00e9gionales comme l&rsquo;Iran et la Turquie s&rsquo;engagent aussi politiquement, ce qui fait de la Palestine un champ de bataille par procuration pour l&rsquo;influence mondiale entre l&rsquo;Orient et l&rsquo;Occident.<\/p>\n<p>En outre, il y a la dimension juridique internationale mise en \u00e9vidence par le dossier introduit par l&rsquo;Afrique du Sud \u00e0 la CIJ (2024), accusant Isra\u00ebl de g\u00e9nocide. L&rsquo;ONU, la CPI et les organisations des droits humains (Amnesty International, Human Rights Watch) ont toutes condamn\u00e9 les colonies et le mur d&rsquo;Isra\u00ebl en Cisjordanie, ses arrestations administratives (il y a en ce moment plus de 10 000 Palestiniens dans les prisons de l&rsquo;occupation), le blocus de Gaza et les crimes de guerre isra\u00e9liens, pr\u00e9sentant ainsi la lutte comme une question de justice mondiale.<\/p>\n<p>Cela dit, pourquoi se fait-il, comme l&rsquo;a dit l&rsquo;historien Nur Masalha,<\/p>\n<blockquote><p>\u00ab qu&rsquo;un grand nombre d&rsquo;entre nous, Palestiniens, ne comprennent pas \u00e0 quel point la cause palestinienne est devenue le centre de la conscience mondiale ? \u00bb<\/p><\/blockquote>\n<p>Peut-\u00eatre parce que la&nbsp;<em> \u00ab conscience mondiale \u00bb<\/em> reste confin\u00e9e \u00e0 des r\u00e9seaux sociaux qui continuent d&rsquo;\u00eatre brutalement r\u00e9prim\u00e9s pour le militantisme par les puissances occidentales et leurs alli\u00e9s. Cette r\u00e9pression tire ses racines d&rsquo;une combinaison d&rsquo;int\u00e9r\u00eats g\u00e9opolitiques, d&rsquo;alliances historiques et de cadres id\u00e9ologiques qui font passer Isra\u00ebl avant l&rsquo;existence de la Palestine et la justice universelle.<\/p>\n<p>Les m\u00e9dias et gouvernements occidentaux d\u00e9shumanisent souvent les Palestiniens, pr\u00e9sentant la r\u00e9sistance comme du <em>\u00ab terrorisme \u00bb<\/em> tout en l\u00e9gitimant la violence isra\u00e9lienne en la faisant passer pour de l&rsquo;<em>\u00ab autod\u00e9fense \u00bb.<\/em><\/p>\n<p>L&rsquo;exp\u00e9rience de Mohammad Khatib, le coordinateur de Samidoun pour l&rsquo;UE et participant dynamique au <em>Festival R\u00e9sistance \u2013 Palestine<\/em> annuel \u00e0 Bruxelles (le premier festival a eu lieu en mai 2023), illustrera les d\u00e9fis auxquels sont confront\u00e9s les Palestiniens et leurs partisans ainsi que la fa\u00e7on de continuer de les surmonter.<\/p>\n<p>&nbsp;<\/p>\n<div id=\"attachment_84080\" style=\"width: 677px\" class=\"wp-caption aligncenter\"><img loading=\"lazy\" decoding=\"async\" aria-describedby=\"caption-attachment-84080\" class=\"wp-image-84080 size-large\" src=\"https:\/\/charleroi-pourlapalestine.be\/wp-content\/uploads\/2025\/04\/Mohammed-Khatib-gare-de-midi-667x500.jpg\" alt=\"Mohammed Khatib\" width=\"667\" height=\"500\" srcset=\"https:\/\/charleroi-pourlapalestine.be\/wp-content\/uploads\/2025\/04\/Mohammed-Khatib-gare-de-midi-667x500.jpg 667w, https:\/\/charleroi-pourlapalestine.be\/wp-content\/uploads\/2025\/04\/Mohammed-Khatib-gare-de-midi-333x250.jpg 333w, https:\/\/charleroi-pourlapalestine.be\/wp-content\/uploads\/2025\/04\/Mohammed-Khatib-gare-de-midi-768x576.jpg 768w, https:\/\/charleroi-pourlapalestine.be\/wp-content\/uploads\/2025\/04\/Mohammed-Khatib-gare-de-midi.jpg 800w\" sizes=\"auto, (max-width: 667px) 100vw, 667px\" \/><p id=\"caption-attachment-84080\" class=\"wp-caption-text\"><strong>Mohammed Khatib<\/strong><\/p><\/div>\n<p>&nbsp;<\/p>\n<p>Khatib est un orateur passionn\u00e9 et \u00e9loquent en m\u00eame temps qu&rsquo;un organisateur. Son r\u00f4le inclut typiquement la coordination d&rsquo;\u00e9v\u00e9nements qui mettent en exergue la culture et la r\u00e9sistance de la Palestine ainsi que les efforts de solidarit\u00e9. Toutefois, sa participation a fait l&rsquo;objet d&rsquo;un examen de plus en plus minutieux de la part des autorit\u00e9s belges, qui tentent de <a href=\"https:\/\/charleroi-pourlapalestine.be\/index.php\/2024\/07\/16\/mohammed-khatib-coordinateur-de-samidoun-europe-est-menace-de-revocation-de-lasile-en-belgique-prenez-la-parole-pour-defendre-la-palestine\/\">r\u00e9voquer son statut de r\u00e9fugi\u00e9<\/a> en pr\u00e9tendant que son activisme \u2013 y compris des discours soutenant la r\u00e9sistance arm\u00e9e palestinienne et son r\u00f4le au sein de Samidoun \u2013 constitue <em>\u00ab un danger et une perturbation de la soci\u00e9t\u00e9 \u00bb.<\/em><\/p>\n<p>Cette affaire est manifestement une campagne de diffamation politiquement motiv\u00e9e afin de r\u00e9duire au silence les mouvements de solidarit\u00e9 avec la Palestine. Elle s&rsquo;aligne sur un contexte plus large de r\u00e9pression \u00e0 l&rsquo;encontre des militants propalestiniens en Europe, dont des interdictions d&rsquo;entr\u00e9e en Suisse (10 ans d&rsquo;interdiction) et aux Pays-Bas, un harc\u00e8lement policier en Belgique (surveillance et arrestations lors de manifestations) et la d\u00e9signation de Samidoun comme<em> \u00ab entit\u00e9 terroriste \u00bb<\/em> par les EU et le Canada en 2024.<\/p>\n<p>La d\u00e9portation de Khatib serait compliqu\u00e9e du fait qu&rsquo;il est apatride (n\u00e9 au camp de r\u00e9fugi\u00e9s d&rsquo;Ein el-Helweh, au Liban) \u2014 \u00e0 l&rsquo;instar de bien d&rsquo;autres r\u00e9fugi\u00e9s palestiniens. Vu que l&rsquo;issue de son cas pourrait s\u00e9rieusement impacter les droits des r\u00e9fugi\u00e9s et militants politiques partout en Europe, Samidoun et ses alli\u00e9s propalestiniens mobilisent la pression internationale dans le cadre d&rsquo;une lutte mondiale contre la r\u00e9pression \u00e0 l&rsquo;encontre des voix palestiniennes.<\/p>\n<p>Dans son essai, <em>\u00ab The Right to Be Hostile \u00bb<\/em> (Le droit d&rsquo;\u00eatre hostile), Alex Gourevitch d\u00e9crit la r\u00e9pression des protestations propalestiniennes comme un <em>\u00ab plan de r\u00e9pression contre-r\u00e9volutionnaire \u00bb.<\/em> Il fait du petit bois des arguments qui pr\u00e9tendent que cette r\u00e9pression concerne<em> \u00ab l&rsquo;ordre \u00bb<\/em> plut\u00f4t que la politique et il affirme que, depuis les gr\u00e8ves ouvri\u00e8res jusqu&rsquo;aux manifestations en faveur des droits civiques, la col\u00e8re dans le militantisme est une r\u00e9ponse \u00e0 la r\u00e9pression syst\u00e9mique. Historiquement, la col\u00e8re et l&rsquo;hostilit\u00e9 sont des carburants du changement social.<\/p>\n<p>Mohammad Khatib est l\u00e9gitimement en col\u00e8re. Ce que le gouvernement belge appelle <em>\u00ab perturbation de sa part \u00bb<\/em> est essentiel pour protester. Rendre les gens mal \u00e0 l&rsquo;aise est souvent la seule fa\u00e7on de forcer les institutions \u00e0 reconna\u00eetre l&rsquo;injustice.<\/p>\n<p style=\"text-align: center;\">*****<\/p>\n<p>(*) <strong>Les associations participantes au Festival R\u00e9sistance : &nbsp;AJAB (Alliance Juive Antisioniste de Belgique), Alfalasteniyeh, Antwerp for Palestine, Bamko asbl, Bruxelles Panth\u00e8res, Bxl D\u00e9vie, C3, Charleroi pour la Palestine, Comit\u00e9 BDS-ULB, Comit\u00e9 Ujamaa, Collectif 8 mars, Collectif des madres, Decolonial EU, De-Colonizer, Estafette 4 Palestine, Flavors of Resistance, Flyers for Palestine, Front2M\u00e8res, Getting The Voice Out, JOC Bruxelles, JOC Li\u00e8ge, La Voix des Sans-Papiers, Le Comit\u00e9 des Femmes Sans Papiers, Le DK, Le Steki, Liege Occupation Free, M\u00e9moire Coloniale, Mouvement Citoyen Palestine, Palettes of Palestine, ODSI (One Democtaric State Initiative), PCP (Popular Committee for Palestine), Queef, Rise &amp; Resist Festival, OSVP (Outils solidaire contre les violences polici\u00e8res), Samidoun Brussels, Unitedscreen4palestine, Zin TV.<\/strong><\/p>\n<p><a href=\"https:\/\/www.instagram.com\/festivalresistance\/\" target=\"_blank\" rel=\"noopener\"><strong>https:\/\/www.instagram.com\/festivalresistance\/<\/strong><\/a><br \/>\n<strong><a href=\"https:\/\/www.facebook.com\/events\/1372078754061662?acontext=%7B%22event_action_history%22%3A[%7B%22mechanism%22%3A%22attachment%22%2C%22surface%22%3A%22newsfeed%22%7D]%2C%22ref_notif_type%22%3Anull%7D\" target=\"_blank\" rel=\"noopener\">\u00c9v\u00e9nement FB<\/a><\/strong><\/p>\n<p style=\"text-align: center;\">*****<\/p>\n<p>Rima Najjar est une Palestinienne dont la branche paternelle de la famille vient du village d\u00e9peupl\u00e9 de force de Lifta, dans la p\u00e9riph\u00e9rie occidentale de J\u00e9rusalem et dont la branche maternelle de la famille est originaire d&rsquo;Ijzim, au sud de Ha\u00effa. C&rsquo;est une activiste, une enqu\u00eateuse et une professeure de litt\u00e9rature anglais retrait\u00e9e de l&rsquo;Universit\u00e9 d&rsquo;Al-Quds, en Cisjordanie occup\u00e9e.<\/p>\n<p style=\"text-align: center;\">*****<\/p>\n<p>Publi\u00e9 le 3 juin 2025 sur <a href=\"https:\/\/rimanajjar.medium.com\/the-palestine-resistance-festival-in-brussels-and-the-right-to-be-hostile-b4dcfbf031d9\" target=\"_blank\" rel=\"noopener\"><strong>le blog de Rima Najjar<\/strong><\/a><br \/>\nTraduction : Jean-Marie Fl\u00e9mal, <a href=\"https:\/\/charleroi-pourlapalestine.be\/\" target=\"_blank\" rel=\"noopener\">Charleroi pour la Palestine<\/a><\/p>\n","protected":false},"excerpt":{"rendered":"<p>Le Festival R\u00e9sistance aura lieu les 6, 7 et 8 juin \u00e0 Bruxelles. Suivez : https:\/\/www.instagram.com\/festivalresistance<\/p>\n","protected":false},"author":1,"featured_media":84839,"comment_status":"closed","ping_status":"closed","sticky":false,"template":"","format":"standard","meta":{"ngg_post_thumbnail":0,"footnotes":""},"categories":[64,358,25],"tags":[],"class_list":["post-84837","post","type-post","status-publish","format-standard","has-post-thumbnail","hentry","category-la-belgique","category-repression","category-la-resistance-palestinienne"],"yoast_head":"<!-- This site is optimized with the Yoast SEO plugin v27.3 - https:\/\/yoast.com\/product\/yoast-seo-wordpress\/ -->\n<title>Le Festival R\u00e9sistance \u2013 Palestine \u00e0 Bruxelles et le \u00ab droit d&#039;\u00eatre hostile \u00bb<\/title>\n<meta name=\"description\" content=\"Le Festival R\u00e9sistance aura lieu les 6, 7 et 8 juin \u00e0 Bruxelles. Suivez : https:\/\/www.instagram.com\/festivalresistance\" \/>\n<meta name=\"robots\" content=\"index, follow, max-snippet:-1, max-image-preview:large, max-video-preview:-1\" \/>\n<link rel=\"canonical\" href=\"https:\/\/charleroi-pourlapalestine.be\/index.php\/2025\/06\/05\/le-festival-resistance-palestine-a-bruxelles-et-le-droit-detre-hostile\/\" \/>\n<script type=\"application\/ld+json\" class=\"yoast-schema-graph\">{\"@context\":\"https:\\\/\\\/schema.org\",\"@graph\":[{\"@type\":\"Article\",\"@id\":\"https:\\\/\\\/charleroi-pourlapalestine.be\\\/index.php\\\/2025\\\/06\\\/05\\\/le-festival-resistance-palestine-a-bruxelles-et-le-droit-detre-hostile\\\/#article\",\"isPartOf\":{\"@id\":\"https:\\\/\\\/charleroi-pourlapalestine.be\\\/index.php\\\/2025\\\/06\\\/05\\\/le-festival-resistance-palestine-a-bruxelles-et-le-droit-detre-hostile\\\/\"},\"author\":{\"name\":\"admin1873\",\"@id\":\"https:\\\/\\\/charleroi-pourlapalestine.be\\\/#\\\/schema\\\/person\\\/c19ff515112f1299d8c12671d8fe3faa\"},\"headline\":\"Le Festival R\u00e9sistance \u2013 Palestine \u00e0 Bruxelles et le \u00ab droit d&rsquo;\u00eatre hostile \u00bb\",\"datePublished\":\"2025-06-05T04:08:24+00:00\",\"mainEntityOfPage\":{\"@id\":\"https:\\\/\\\/charleroi-pourlapalestine.be\\\/index.php\\\/2025\\\/06\\\/05\\\/le-festival-resistance-palestine-a-bruxelles-et-le-droit-detre-hostile\\\/\"},\"wordCount\":1285,\"publisher\":{\"@id\":\"https:\\\/\\\/charleroi-pourlapalestine.be\\\/#organization\"},\"image\":{\"@id\":\"https:\\\/\\\/charleroi-pourlapalestine.be\\\/index.php\\\/2025\\\/06\\\/05\\\/le-festival-resistance-palestine-a-bruxelles-et-le-droit-detre-hostile\\\/#primaryimage\"},\"thumbnailUrl\":\"https:\\\/\\\/charleroi-pourlapalestine.be\\\/wp-content\\\/uploads\\\/2025\\\/06\\\/Le-Festival-de-Resistance-e1749035997794.png\",\"articleSection\":[\"Belgique\",\"R\u00e9pression\",\"R\u00e9sistance\"],\"inLanguage\":\"fr-FR\"},{\"@type\":\"WebPage\",\"@id\":\"https:\\\/\\\/charleroi-pourlapalestine.be\\\/index.php\\\/2025\\\/06\\\/05\\\/le-festival-resistance-palestine-a-bruxelles-et-le-droit-detre-hostile\\\/\",\"url\":\"https:\\\/\\\/charleroi-pourlapalestine.be\\\/index.php\\\/2025\\\/06\\\/05\\\/le-festival-resistance-palestine-a-bruxelles-et-le-droit-detre-hostile\\\/\",\"name\":\"Le Festival R\u00e9sistance \u2013 Palestine \u00e0 Bruxelles et le \u00ab droit d'\u00eatre hostile \u00bb\",\"isPartOf\":{\"@id\":\"https:\\\/\\\/charleroi-pourlapalestine.be\\\/#website\"},\"primaryImageOfPage\":{\"@id\":\"https:\\\/\\\/charleroi-pourlapalestine.be\\\/index.php\\\/2025\\\/06\\\/05\\\/le-festival-resistance-palestine-a-bruxelles-et-le-droit-detre-hostile\\\/#primaryimage\"},\"image\":{\"@id\":\"https:\\\/\\\/charleroi-pourlapalestine.be\\\/index.php\\\/2025\\\/06\\\/05\\\/le-festival-resistance-palestine-a-bruxelles-et-le-droit-detre-hostile\\\/#primaryimage\"},\"thumbnailUrl\":\"https:\\\/\\\/charleroi-pourlapalestine.be\\\/wp-content\\\/uploads\\\/2025\\\/06\\\/Le-Festival-de-Resistance-e1749035997794.png\",\"datePublished\":\"2025-06-05T04:08:24+00:00\",\"description\":\"Le Festival R\u00e9sistance aura lieu les 6, 7 et 8 juin \u00e0 Bruxelles. Suivez : https:\\\/\\\/www.instagram.com\\\/festivalresistance\",\"breadcrumb\":{\"@id\":\"https:\\\/\\\/charleroi-pourlapalestine.be\\\/index.php\\\/2025\\\/06\\\/05\\\/le-festival-resistance-palestine-a-bruxelles-et-le-droit-detre-hostile\\\/#breadcrumb\"},\"inLanguage\":\"fr-FR\",\"potentialAction\":[{\"@type\":\"ReadAction\",\"target\":[\"https:\\\/\\\/charleroi-pourlapalestine.be\\\/index.php\\\/2025\\\/06\\\/05\\\/le-festival-resistance-palestine-a-bruxelles-et-le-droit-detre-hostile\\\/\"]}]},{\"@type\":\"ImageObject\",\"inLanguage\":\"fr-FR\",\"@id\":\"https:\\\/\\\/charleroi-pourlapalestine.be\\\/index.php\\\/2025\\\/06\\\/05\\\/le-festival-resistance-palestine-a-bruxelles-et-le-droit-detre-hostile\\\/#primaryimage\",\"url\":\"https:\\\/\\\/charleroi-pourlapalestine.be\\\/wp-content\\\/uploads\\\/2025\\\/06\\\/Le-Festival-de-Resistance-e1749035997794.png\",\"contentUrl\":\"https:\\\/\\\/charleroi-pourlapalestine.be\\\/wp-content\\\/uploads\\\/2025\\\/06\\\/Le-Festival-de-Resistance-e1749035997794.png\",\"width\":1202,\"height\":720},{\"@type\":\"BreadcrumbList\",\"@id\":\"https:\\\/\\\/charleroi-pourlapalestine.be\\\/index.php\\\/2025\\\/06\\\/05\\\/le-festival-resistance-palestine-a-bruxelles-et-le-droit-detre-hostile\\\/#breadcrumb\",\"itemListElement\":[{\"@type\":\"ListItem\",\"position\":1,\"name\":\"Accueil\",\"item\":\"https:\\\/\\\/charleroi-pourlapalestine.be\\\/\"},{\"@type\":\"ListItem\",\"position\":2,\"name\":\"Le Festival R\u00e9sistance \u2013 Palestine \u00e0 Bruxelles et le \u00ab droit d&rsquo;\u00eatre hostile \u00bb\"}]},{\"@type\":\"WebSite\",\"@id\":\"https:\\\/\\\/charleroi-pourlapalestine.be\\\/#website\",\"url\":\"https:\\\/\\\/charleroi-pourlapalestine.be\\\/\",\"name\":\"Charleroi Pour la Palestine\",\"description\":\"\",\"publisher\":{\"@id\":\"https:\\\/\\\/charleroi-pourlapalestine.be\\\/#organization\"},\"potentialAction\":[{\"@type\":\"SearchAction\",\"target\":{\"@type\":\"EntryPoint\",\"urlTemplate\":\"https:\\\/\\\/charleroi-pourlapalestine.be\\\/?s={search_term_string}\"},\"query-input\":{\"@type\":\"PropertyValueSpecification\",\"valueRequired\":true,\"valueName\":\"search_term_string\"}}],\"inLanguage\":\"fr-FR\"},{\"@type\":\"Organization\",\"@id\":\"https:\\\/\\\/charleroi-pourlapalestine.be\\\/#organization\",\"name\":\"Plate-forme Charleroi-Palestine\",\"url\":\"https:\\\/\\\/charleroi-pourlapalestine.be\\\/\",\"logo\":{\"@type\":\"ImageObject\",\"inLanguage\":\"fr-FR\",\"@id\":\"https:\\\/\\\/charleroi-pourlapalestine.be\\\/#\\\/schema\\\/logo\\\/image\\\/\",\"url\":\"https:\\\/\\\/charleroi-pourlapalestine.be\\\/wp-content\\\/uploads\\\/2020\\\/01\\\/logo-Copy.jpg\",\"contentUrl\":\"https:\\\/\\\/charleroi-pourlapalestine.be\\\/wp-content\\\/uploads\\\/2020\\\/01\\\/logo-Copy.jpg\",\"width\":180,\"height\":180,\"caption\":\"Plate-forme Charleroi-Palestine\"},\"image\":{\"@id\":\"https:\\\/\\\/charleroi-pourlapalestine.be\\\/#\\\/schema\\\/logo\\\/image\\\/\"},\"sameAs\":[\"https:\\\/\\\/www.facebook.com\\\/PlateformeCharleroiPalestine\\\/\",\"https:\\\/\\\/x.com\\\/LaCharleroi\"]},{\"@type\":\"Person\",\"@id\":\"https:\\\/\\\/charleroi-pourlapalestine.be\\\/#\\\/schema\\\/person\\\/c19ff515112f1299d8c12671d8fe3faa\",\"name\":\"admin1873\",\"url\":\"https:\\\/\\\/charleroi-pourlapalestine.be\\\/index.php\\\/author\\\/admin1873\\\/\"}]}<\/script>\n<!-- \/ Yoast SEO plugin. -->","yoast_head_json":{"title":"Le Festival R\u00e9sistance \u2013 Palestine \u00e0 Bruxelles et le \u00ab droit d'\u00eatre hostile \u00bb","description":"Le Festival R\u00e9sistance aura lieu les 6, 7 et 8 juin \u00e0 Bruxelles. Suivez : https:\/\/www.instagram.com\/festivalresistance","robots":{"index":"index","follow":"follow","max-snippet":"max-snippet:-1","max-image-preview":"max-image-preview:large","max-video-preview":"max-video-preview:-1"},"canonical":"https:\/\/charleroi-pourlapalestine.be\/index.php\/2025\/06\/05\/le-festival-resistance-palestine-a-bruxelles-et-le-droit-detre-hostile\/","schema":{"@context":"https:\/\/schema.org","@graph":[{"@type":"Article","@id":"https:\/\/charleroi-pourlapalestine.be\/index.php\/2025\/06\/05\/le-festival-resistance-palestine-a-bruxelles-et-le-droit-detre-hostile\/#article","isPartOf":{"@id":"https:\/\/charleroi-pourlapalestine.be\/index.php\/2025\/06\/05\/le-festival-resistance-palestine-a-bruxelles-et-le-droit-detre-hostile\/"},"author":{"name":"admin1873","@id":"https:\/\/charleroi-pourlapalestine.be\/#\/schema\/person\/c19ff515112f1299d8c12671d8fe3faa"},"headline":"Le Festival R\u00e9sistance \u2013 Palestine \u00e0 Bruxelles et le \u00ab droit d&rsquo;\u00eatre hostile \u00bb","datePublished":"2025-06-05T04:08:24+00:00","mainEntityOfPage":{"@id":"https:\/\/charleroi-pourlapalestine.be\/index.php\/2025\/06\/05\/le-festival-resistance-palestine-a-bruxelles-et-le-droit-detre-hostile\/"},"wordCount":1285,"publisher":{"@id":"https:\/\/charleroi-pourlapalestine.be\/#organization"},"image":{"@id":"https:\/\/charleroi-pourlapalestine.be\/index.php\/2025\/06\/05\/le-festival-resistance-palestine-a-bruxelles-et-le-droit-detre-hostile\/#primaryimage"},"thumbnailUrl":"https:\/\/charleroi-pourlapalestine.be\/wp-content\/uploads\/2025\/06\/Le-Festival-de-Resistance-e1749035997794.png","articleSection":["Belgique","R\u00e9pression","R\u00e9sistance"],"inLanguage":"fr-FR"},{"@type":"WebPage","@id":"https:\/\/charleroi-pourlapalestine.be\/index.php\/2025\/06\/05\/le-festival-resistance-palestine-a-bruxelles-et-le-droit-detre-hostile\/","url":"https:\/\/charleroi-pourlapalestine.be\/index.php\/2025\/06\/05\/le-festival-resistance-palestine-a-bruxelles-et-le-droit-detre-hostile\/","name":"Le Festival R\u00e9sistance \u2013 Palestine \u00e0 Bruxelles et le \u00ab droit d'\u00eatre hostile \u00bb","isPartOf":{"@id":"https:\/\/charleroi-pourlapalestine.be\/#website"},"primaryImageOfPage":{"@id":"https:\/\/charleroi-pourlapalestine.be\/index.php\/2025\/06\/05\/le-festival-resistance-palestine-a-bruxelles-et-le-droit-detre-hostile\/#primaryimage"},"image":{"@id":"https:\/\/charleroi-pourlapalestine.be\/index.php\/2025\/06\/05\/le-festival-resistance-palestine-a-bruxelles-et-le-droit-detre-hostile\/#primaryimage"},"thumbnailUrl":"https:\/\/charleroi-pourlapalestine.be\/wp-content\/uploads\/2025\/06\/Le-Festival-de-Resistance-e1749035997794.png","datePublished":"2025-06-05T04:08:24+00:00","description":"Le Festival R\u00e9sistance aura lieu les 6, 7 et 8 juin \u00e0 Bruxelles. Suivez : https:\/\/www.instagram.com\/festivalresistance","breadcrumb":{"@id":"https:\/\/charleroi-pourlapalestine.be\/index.php\/2025\/06\/05\/le-festival-resistance-palestine-a-bruxelles-et-le-droit-detre-hostile\/#breadcrumb"},"inLanguage":"fr-FR","potentialAction":[{"@type":"ReadAction","target":["https:\/\/charleroi-pourlapalestine.be\/index.php\/2025\/06\/05\/le-festival-resistance-palestine-a-bruxelles-et-le-droit-detre-hostile\/"]}]},{"@type":"ImageObject","inLanguage":"fr-FR","@id":"https:\/\/charleroi-pourlapalestine.be\/index.php\/2025\/06\/05\/le-festival-resistance-palestine-a-bruxelles-et-le-droit-detre-hostile\/#primaryimage","url":"https:\/\/charleroi-pourlapalestine.be\/wp-content\/uploads\/2025\/06\/Le-Festival-de-Resistance-e1749035997794.png","contentUrl":"https:\/\/charleroi-pourlapalestine.be\/wp-content\/uploads\/2025\/06\/Le-Festival-de-Resistance-e1749035997794.png","width":1202,"height":720},{"@type":"BreadcrumbList","@id":"https:\/\/charleroi-pourlapalestine.be\/index.php\/2025\/06\/05\/le-festival-resistance-palestine-a-bruxelles-et-le-droit-detre-hostile\/#breadcrumb","itemListElement":[{"@type":"ListItem","position":1,"name":"Accueil","item":"https:\/\/charleroi-pourlapalestine.be\/"},{"@type":"ListItem","position":2,"name":"Le Festival R\u00e9sistance \u2013 Palestine \u00e0 Bruxelles et le \u00ab droit d&rsquo;\u00eatre hostile \u00bb"}]},{"@type":"WebSite","@id":"https:\/\/charleroi-pourlapalestine.be\/#website","url":"https:\/\/charleroi-pourlapalestine.be\/","name":"Charleroi Pour la Palestine","description":"","publisher":{"@id":"https:\/\/charleroi-pourlapalestine.be\/#organization"},"potentialAction":[{"@type":"SearchAction","target":{"@type":"EntryPoint","urlTemplate":"https:\/\/charleroi-pourlapalestine.be\/?s={search_term_string}"},"query-input":{"@type":"PropertyValueSpecification","valueRequired":true,"valueName":"search_term_string"}}],"inLanguage":"fr-FR"},{"@type":"Organization","@id":"https:\/\/charleroi-pourlapalestine.be\/#organization","name":"Plate-forme Charleroi-Palestine","url":"https:\/\/charleroi-pourlapalestine.be\/","logo":{"@type":"ImageObject","inLanguage":"fr-FR","@id":"https:\/\/charleroi-pourlapalestine.be\/#\/schema\/logo\/image\/","url":"https:\/\/charleroi-pourlapalestine.be\/wp-content\/uploads\/2020\/01\/logo-Copy.jpg","contentUrl":"https:\/\/charleroi-pourlapalestine.be\/wp-content\/uploads\/2020\/01\/logo-Copy.jpg","width":180,"height":180,"caption":"Plate-forme Charleroi-Palestine"},"image":{"@id":"https:\/\/charleroi-pourlapalestine.be\/#\/schema\/logo\/image\/"},"sameAs":["https:\/\/www.facebook.com\/PlateformeCharleroiPalestine\/","https:\/\/x.com\/LaCharleroi"]},{"@type":"Person","@id":"https:\/\/charleroi-pourlapalestine.be\/#\/schema\/person\/c19ff515112f1299d8c12671d8fe3faa","name":"admin1873","url":"https:\/\/charleroi-pourlapalestine.be\/index.php\/author\/admin1873\/"}]}},"_links":{"self":[{"href":"https:\/\/charleroi-pourlapalestine.be\/index.php\/wp-json\/wp\/v2\/posts\/84837","targetHints":{"allow":["GET"]}}],"collection":[{"href":"https:\/\/charleroi-pourlapalestine.be\/index.php\/wp-json\/wp\/v2\/posts"}],"about":[{"href":"https:\/\/charleroi-pourlapalestine.be\/index.php\/wp-json\/wp\/v2\/types\/post"}],"author":[{"embeddable":true,"href":"https:\/\/charleroi-pourlapalestine.be\/index.php\/wp-json\/wp\/v2\/users\/1"}],"replies":[{"embeddable":true,"href":"https:\/\/charleroi-pourlapalestine.be\/index.php\/wp-json\/wp\/v2\/comments?post=84837"}],"version-history":[{"count":0,"href":"https:\/\/charleroi-pourlapalestine.be\/index.php\/wp-json\/wp\/v2\/posts\/84837\/revisions"}],"wp:featuredmedia":[{"embeddable":true,"href":"https:\/\/charleroi-pourlapalestine.be\/index.php\/wp-json\/wp\/v2\/media\/84839"}],"wp:attachment":[{"href":"https:\/\/charleroi-pourlapalestine.be\/index.php\/wp-json\/wp\/v2\/media?parent=84837"}],"wp:term":[{"taxonomy":"category","embeddable":true,"href":"https:\/\/charleroi-pourlapalestine.be\/index.php\/wp-json\/wp\/v2\/categories?post=84837"},{"taxonomy":"post_tag","embeddable":true,"href":"https:\/\/charleroi-pourlapalestine.be\/index.php\/wp-json\/wp\/v2\/tags?post=84837"}],"curies":[{"name":"wp","href":"https:\/\/api.w.org\/{rel}","templated":true}]}}