{"id":84883,"date":"2025-06-09T14:13:58","date_gmt":"2025-06-09T12:13:58","guid":{"rendered":"https:\/\/charleroi-pourlapalestine.be\/?p=84883"},"modified":"2025-06-09T19:25:59","modified_gmt":"2025-06-09T17:25:59","slug":"lattaque-contre-le-madleen-et-notre-devoir-responsable-de-resister-dintensifier-la-lutte-et-de-rompre-le-siege","status":"publish","type":"post","link":"https:\/\/charleroi-pourlapalestine.be\/index.php\/2025\/06\/09\/lattaque-contre-le-madleen-et-notre-devoir-responsable-de-resister-dintensifier-la-lutte-et-de-rompre-le-siege\/","title":{"rendered":"L&rsquo;attaque contre le \u00ab Madleen \u00bb et notre devoir responsable de r\u00e9sister, d&rsquo;intensifier la lutte et de rompre le si\u00e8ge"},"content":{"rendered":"<p>D\u00e8s l&rsquo;aube du 9 juin 2025, les forces d&rsquo;occupation sionistes ont arraisonn\u00e9, pris d&rsquo;assaut et d\u00e9rout\u00e9 le \u00ab Madleen \u00bb, le navire de la Flottille de la Libert\u00e9, alors qu&rsquo;il se trouvait dans les eaux internationales. Le \u00ab Madleen \u00bb, le navire international qui cherchait \u00e0 rompre le blocus de Gaza en plein g\u00e9nocide imp\u00e9rialiste-sioniste, compte 12 membres d&rsquo;\u00e9quipage en provenance de Su\u00e8de, de France, du Br\u00e9sil, d&rsquo;Allemagne, d&rsquo;Espagne, de Turquie et des Pays-Bas.<\/p>\n<p>&nbsp;<\/p>\n<p><img loading=\"lazy\" decoding=\"async\" class=\"aligncenter wp-image-84886 size-full\" src=\"https:\/\/charleroi-pourlapalestine.be\/wp-content\/uploads\/2025\/06\/Madleen-1.png\" alt=\"La Coalition de la Flottille de la Libert\u00e9 (CFL) a adress\u00e9 un appel urgent aux citoyens du monde entier afin qu'ils contactent les minist\u00e8res des Affaires \u00e9trang\u00e8res de ces pays pour exiger la lib\u00e9ration des activistes enlev\u00e9s, la rupture du si\u00e8ge de Gaza et la fin du g\u00e9nocide.\" width=\"672\" height=\"378\" srcset=\"https:\/\/charleroi-pourlapalestine.be\/wp-content\/uploads\/2025\/06\/Madleen-1.png 672w, https:\/\/charleroi-pourlapalestine.be\/wp-content\/uploads\/2025\/06\/Madleen-1-350x197.png 350w\" sizes=\"auto, (max-width: 672px) 100vw, 672px\" \/><\/p>\n<p>&nbsp;<\/p>\n<p><a href=\"https:\/\/samidoun.net\/2025\/06\/the-attack-on-the-madleen-and-our-responsibility-to-resist-escalate-and-break-the-siege\/\" target=\"_blank\" rel=\"noopener\"><strong>Samidoun<\/strong><\/a>, 9 juin 2025<\/p>\n<p><a href=\"https:\/\/freedomflotilla.org\/2025\/06\/09\/israeli-military-attacks-madleen-in-international-waters-weeks-after-bombing-of-conscience\/\" target=\"_blank\" rel=\"noopener\">La Coalition de la Flottille de la Libert\u00e9 (CFL) a adress\u00e9 un appel urgent<\/a> aux citoyens du monde entier afin qu&rsquo;ils contactent les minist\u00e8res des Affaires \u00e9trang\u00e8res de ces pays pour exiger la lib\u00e9ration des activistes enlev\u00e9s, la rupture du si\u00e8ge de Gaza et la fin du g\u00e9nocide.<\/p>\n<p>Les exigences de la CFL sont les suivantes :<\/p>\n<blockquote><p>-La fin du si\u00e8ge ill\u00e9gal et meurtrier contre Gaza<\/p>\n<p>-La lib\u00e9ration imm\u00e9diate de tous les volontaires enlev\u00e9s<\/p>\n<p>-La livraison imm\u00e9diate de l&rsquo;aide humanitaire, directement aux Palestiniens et ind\u00e9pendamment du contr\u00f4le de la puissance occupante<\/p>\n<p>-L&rsquo;enti\u00e8re responsabilisation des attaques militaires contre le \u00ab Madleen \u00bb et le \u00ab Conscience \u00bb.<\/p><\/blockquote>\n<p><strong>Les activistes enlev\u00e9s Baptiste Andr\u00e9, Omar Faiad, Pascal Maurieras, Reva Viard, Rima Hassan et Yanis M\u2019hamdi sont des citoyens fran\u00e7ais.<\/strong>E: <a href=\"https:\/\/samidoun.net\/2025\/06\/the-attack-on-the-madleen-and-our-responsibility-to-resist-escalate-and-break-the-siege\/alertes.cdc@diplomatie.gouv.fr\">alertes.cdc@diplomatie.gouv.fr<\/a> &amp; <a href=\"mailto:courrier.scec@diplomatie.gouv.fr\">courrier.scec@diplomatie.gouv.fr<\/a><br \/>\nX : @<a href=\"https:\/\/x.com\/FranceDiplo_EN\">FranceDiplo_EN<\/a> &amp; <a href=\"https:\/\/x.com\/FranceDiplo\">@francediplo<\/a> &amp; <a href=\"https:\/\/x.com\/jnbarrot\">@jnbarrot<\/a><br \/>\nFB : @<a href=\"https:\/\/www.facebook.com\/france.diplomatie\">France Diplomatie<\/a> &amp; @<a href=\"https:\/\/www.facebook.com\/jnbarrot78\">Jean-No\u00ebl Barrot<\/a><br \/>\nIG : @<a href=\"https:\/\/www.instagram.com\/francediplo\/\">francediplo<\/a> &amp; <a href=\"https:\/\/www.instagram.com\/jeannoelbarrot\/\">@jeannoelbarrot<\/a><\/p>\n<p><strong><br \/>\nL&rsquo;activiste enlev\u00e9 Thiago Avila est un citoyen br\u00e9silien.<br \/>\n<\/strong>Email : <a href=\"mailto:portal@itamaraty.gov.br\">portal@itamaraty.gov.br<\/a><br \/>\nX : @<a href=\"https:\/\/x.com\/ItamaratyGovBr\">ItamaratyGovBr<\/a><br \/>\nIG : <a href=\"https:\/\/instagram.com\/itamaratygovbr\">@itamaratygovbr<\/a><br \/>\nFB : @<a href=\"https:\/\/www.facebook.com\/ItamaratyGovBr\">Ministerio das relacoes exteriroes<\/a><\/p>\n<p><strong>L&rsquo;activiste enlev\u00e9e Greta Thunberg est une citoyenne su\u00e9doise.<\/strong><br \/>\nWeb: <a href=\"https:\/\/www.government.se\/contacts\/\">https:\/\/www.government.se\/contacts\/<\/a><br \/>\nX : @<a href=\"https:\/\/x.com\/SweMFA\">SweMFA<\/a><br \/>\nFB : <a href=\"https:\/\/www.facebook.com\/SweMFA\">@SweMFA<\/a><br \/>\nIG : <a href=\"https:\/\/www.instagram.com\/swedishmfa\/\">swedishmfa<\/a><\/p>\n<p><strong>L&rsquo;activiste enlev\u00e9 Suyab Ordu est un citoyen turc.<\/strong><br \/>\nX : <a href=\"https:\/\/x.com\/MFATurkiye\">@MFATurkiye<\/a><br \/>\nIG : <a href=\"https:\/\/instagram.com\/tcdisisleri\">@tcdisisleri<\/a><br \/>\nFB : @<a href=\"https:\/\/www.facebook.com\/TCDisisleri\">T.C. D\u0131\u015fi\u015fleri Bakanl\u0131\u011f\u0131<\/a><\/p>\n<p><strong>L&rsquo;activiste enlev\u00e9 Sergio Toribio est un citoyen espagnol.<\/strong><br \/>\nE: <a href=\"mailto:consular@maec.es\">consular@maec.es<\/a><br \/>\nX @<a href=\"https:\/\/x.com\/SpainMFA\">SpainMFA<\/a> &amp; @<a href=\"https:\/\/x.com\/MAECgob\">MAECgob<\/a> @<a href=\"https:\/\/x.com\/jmalbares\">jmalbares<\/a><br \/>\nIG : @<a href=\"https:\/\/instagram.com\/exteriores.maec\">exteriores.maec<\/a><br \/>\nBsky: @<a href=\"https:\/\/bsky.app\/profile\/jmalbares.bsky.social\">jmalbares.bsky.social<\/a> @<a href=\"https:\/\/bsky.app\/profile\/exterioresgob.bsky.social\">exterioresgob.bsky.social<\/a><\/p>\n<p><strong>L&rsquo;activiste enlev\u00e9e Yasemin Acar ezst une citoyenne allemande.<\/strong><br \/>\n<span class=\"OYPEnA font-feature-liga-off font-feature-clig-off font-feature-calt-off text-decoration-none text-strikethrough-none\">W: <a href=\"https:\/\/www.auswaertiges-amt.de\/en\/visa-service\/buergerservice\/contact-form\">www.auswaertiges-amt.de\/en\/visa-service\/buergerservice\/contact-form<\/a><br \/>\n<\/span>IG : @<a href=\"https:\/\/instagram.com\/auswaertigesamt\">auswaertigesamt<\/a><br \/>\nFB : @<a href=\"https:\/\/www.facebook.com\/AuswaertigesAmt\">Ausw\u00e4rtiges Amt<\/a><br \/>\nX :&nbsp;<a href=\"https:\/\/x.com\/GermanyDiplo\">GermanyDiplo<\/a><\/p>\n<p><strong>L&rsquo;activiste enlev\u00e9 Marco van Rennes est un citoyen hollandais.<\/strong><br \/>\nX : <a href=\"https:\/\/x.com\/DutchMFA\">@DutchMFA<\/a><br \/>\nIG : <a href=\"https:\/\/instagram.com\/minbz\">minbz<\/a><br \/>\nFB : <a href=\"https:\/\/www.facebook.com\/ministeriebz\">Ministerie van Buitenlandse Zaken<\/a><br \/>\nEmail : <a href=\"https:\/\/samidoun.net\/2025\/06\/the-attack-on-the-madleen-and-our-responsibility-to-resist-escalate-and-break-the-siege\/info@minbuza.nl\">info@minbuza.nl<\/a> <a href=\"https:\/\/samidoun.net\/2025\/06\/the-attack-on-the-madleen-and-our-responsibility-to-resist-escalate-and-break-the-siege\/VCl@minbuza.nl\">VCl@minbuza.nl<\/a><\/p>\n<p>La r\u00e9quisition par les sionistes du navire a commenc\u00e9 comme suit : Le \u00ab Madleen \u00bb a d&rsquo;abord \u00e9t\u00e9 encercl\u00e9 par les navires de guerre de l&rsquo;occupation avant que des drones quadricopt\u00e8res \u2013 les m\u00eames types que ceux utilis\u00e9s pour mitrailler et bombarder les Palestiniens de Gaza \u2013 se mettent \u00e0 asperger une substance chimique blanche \u2013 toujours pas identifi\u00e9e pour l&rsquo;instant \u2013 sur le pont du navire. Peu apr\u00e8s, les forces d&rsquo;occupation sont mont\u00e9es \u00e0 bord du navire et en ont pris possession, tout en annon\u00e7ant qu&rsquo;elles le r\u00e9quisitionnaient et le d\u00e9routaient vers le port de &lsquo;Isdud (Ashdod) occup\u00e9.<\/p>\n<p>L&rsquo;abordage du \u00ab Madleen \u00bb constitue une violation flagrante du droit international ; toutefois, elle ne constitue pas une surprise de la part d&rsquo;une entit\u00e9 ouvertement engag\u00e9e dans un g\u00e9nocide, le pire des crimes, selon le droit international. C&rsquo;est une agression contre une initiative populaire de gens libres et de mouvements sociaux cherchant \u00e0 rompre le si\u00e8ge et \u00e0 mettre fin au g\u00e9nocide en affrontant la machine de guerre sioniste-imp\u00e9rialiste ; le piratage du \u00ab Madleen \u00bb sert la poursuite du g\u00e9nocide, y compris le blocus ill\u00e9gal de Gaza.<\/p>\n<p>Il a lieu pr\u00e8s de 18 ans jour pour jour apr\u00e8s la violente intensification du si\u00e8ge de Gaza par le r\u00e9gime \u00ab isra\u00e9lien \u00bb, les puissances imp\u00e9rialistes et les r\u00e9gimes arabes r\u00e9actionnaires complices, en particulier l&rsquo;\u00c9gypte, en juin 2007, lorsque le passage de Rafah avait \u00e9t\u00e9 ferm\u00e9 apr\u00e8s que les \u00ab contr\u00f4les \u00bb de l&rsquo;Union europ\u00e9enne impos\u00e9s au commerce \u00e9gypto-palestinien et \u00e0 la circulation des personnes avaient refus\u00e9 d&rsquo;accepter la volont\u00e9 d\u00e9mocratique du peuple palestinien, la victoire du parti du Changement et de la R\u00e9forme associ\u00e9 au Hamas lors des \u00e9lections palestiniennes de 2006, et la d\u00e9fense par les Palestiniens de leurs acquis \u00e9lectoraux et de leur r\u00e9sistance \u00e0 une tentative de coup d&rsquo;\u00c9tat un peu plus t\u00f4t ce m\u00eame mois.<\/p>\n<p>Gaza a \u00e9t\u00e9 assi\u00e9g\u00e9e de diverses fa\u00e7ons, depuis 1967 \u2014 sous la colonisation, l&rsquo;occupation et le g\u00e9nocide impos\u00e9s au peuple palestinien depuis 1948 par le r\u00e9gime sioniste et, auparavant, par le mandat colonial britannique. Plus de 70 % des Palestiniens de Gaza sont eux-m\u00eames des r\u00e9fugi\u00e9s \u00e0 qui l&rsquo;on a refus\u00e9 le droit au retour dans leurs foyers et terres d&rsquo;origine dans la Palestine occup\u00e9e en 1948.<\/p>\n<p>Au milieu du g\u00e9nocide et de la politique de famine actuellement impos\u00e9s aux Palestiniens de Gaza, le r\u00e9gime d&rsquo;occupation a poursuivi ses attaques contre les p\u00eacheurs palestiniens de Gaza, \u00e0 l&rsquo;aide de ses navires de guerre qui \u00e0 maintes reprises leur tirent dessus chaque fois qu&rsquo;ils tentent de ramener de la nourriture \u00e0 leurs concitoyens. Naufrager, confisquer ou endommager les navires de Gaza constitue une politique de l&rsquo;occupation qui remonte bien avant d\u00e9j\u00e0 les 18 ann\u00e9es de si\u00e8ge impos\u00e9es \u00e0 l&rsquo;enclave. C&rsquo;est pour cette raison que le navire \u00ab Madleen \u00bb a ainsi \u00e9t\u00e9 appel\u00e9 en 2014 : d&rsquo;apr\u00e8s le nom de <strong>Madleen Kullab<\/strong>, une<a href=\"https:\/\/www.youtube.com\/watch?v=od_NQ8RjQUc\" target=\"_blank\" rel=\"noopener\"> jeune p\u00eacheuse palestinienne<\/a>.<\/p>\n<p>Il y a quelques jours \u00e0 peine, le 4 juin, les forces de l&rsquo;occupation ont <a href=\"https:\/\/en.al-akhbar.com\/Preview\/838524\" target=\"_blank\" rel=\"noopener\">attaqu\u00e9 un autre bateau \u2013 un bateau de p\u00eache libanais<\/a> \u2013 \u00e0 proximit\u00e9 de Ras Naqoura, <strong>dans les eaux libanaises<\/strong>, pilot\u00e9 par le p\u00eacheur libanais <strong>Ali Fneich<\/strong>. Il y a quelques mois, son coll\u00e8gue p\u00eacheur <strong>Mohammed Juheir<\/strong> avait d\u00e9j\u00e0 \u00e9t\u00e9 enlev\u00e9 au cours d&rsquo;un incident similaire ; tous deux, Ali et Mohammed, sont toujours aux mains de l&rsquo;occupation. Un autre p\u00eacheur qui a surv\u00e9cu \u00e0 l&rsquo;attaque a d\u00e9clar\u00e9 :<\/p>\n<blockquote><p>\u00ab Nous p\u00eachions depuis t\u00f4t le matin, comme d&rsquo;habitude. Puis, vers 10 h 30, quatre bateaux isra\u00e9liens sont apparus, naviguant en plein \u00e0 l&rsquo;int\u00e9rieur de nos eaux territoriales. Ils ont mis le cap sur nous tout en ouvrant le feu. Ils ont captur\u00e9 Ali, m&rsquo;ont jet\u00e9 dans l&rsquo;eau, se sont empar\u00e9s de mes v\u00eatements et de tout ce que nous avions d&rsquo;autre \u00e0 bord. Ils ont fait pareil avec les autres p\u00eacheurs qui se trouvaient dans nos parages. \u00bb<\/p><\/blockquote>\n<p>Ce n&rsquo;est qu&rsquo;une des nombreuses attaques actuelles contre le Liban et qui se poursuivent en violation flagrante de l&rsquo;accord de cessez-le-feu de novembre, avec la complicit\u00e9 enti\u00e8re des \u00c9tats-Unis et des autres puissances imp\u00e9rialistes : parmi ces crimes figurent r\u00e9guli\u00e8rement des assassinats, des bombardements de quartiers r\u00e9sidentiels et de fr\u00e9quentes tentatives d&rsquo;invasion du Sud-Liban. (<a href=\"https:\/\/allforlebanon.com\/\" target=\"_blank\" rel=\"noopener\"><strong>Souscrivez \u00e0 la campagne Tous pour le Liban<\/strong><\/a> afin de rallier les nombreuses personnes dans le monde qui ont d\u00e9cid\u00e9 de soutenir le Liban contre ces agressions.)<\/p>\n<p>Le p\u00e9riple du \u00ab Madleen \u00bb, l&rsquo;attaque qu&rsquo;il a subie de la part des sionistes et l&rsquo;enl\u00e8vement de son \u00e9quipage ont eu lieu en m\u00eame temps qu&rsquo;une s\u00e9rie d&rsquo;activit\u00e9s populaires organis\u00e9es un peu partout dans le monde et cherchant toutes \u00e0 rompre le si\u00e8ge, \u00e0 mettre un terme au g\u00e9nocide et \u00e0 s&rsquo;opposer \u00e0 la politique de famine impos\u00e9e au peuple palestinien. D&rsquo;importantes marches populaires, y compris <strong>la Marche mondiale sur Gaza,<\/strong> avec plus de 2 500 participants de nombreux pays, partiront du Caire le 12 juin pour constituer une marche vers le passage de Rafah, o\u00f9 des milliers de camions attendent d&rsquo;entrer \u00e0 Gaza, charg\u00e9s de l&rsquo;aide n\u00e9cessaire (vivres, farine et m\u00e9dicaments, mat\u00e9riaux de construction, caravanes et tentes, etc.), mais en sont emp\u00each\u00e9s par le si\u00e8ge actuel impos\u00e9 par le r\u00e9gime g\u00e9nocidaire sioniste.<\/p>\n<p>Plus de 10 000 personnes de l&rsquo;ensemble de l&rsquo;Afrique du Nord se sont inscrites pour rallier <strong>la Caravane du Sumud,<\/strong> qui d\u00e9marre aujourd&rsquo;hui d&rsquo;Alg\u00e9rie, avec des participants du Maroc \u00e0 la Mauritanie, et passera par Tunis, o\u00f9 des milliers de personnes la rallieront \u00e0 l&rsquo;initiative d&rsquo;une large alliance d&rsquo;organisations tunisiennes, y compris la <strong>Coalition Action commune pour la Palestine en Tunisie<\/strong>, par la Libye, puis par l&rsquo;\u00c9gypte, pour se diriger vers le passage de Rafah avec des cars, des camionnettes et des camions. Ces trois initiatives populaires rassemblent des gens qui veulent affronter le si\u00e8ge avec leurs seuls corps et conscience face \u00e0 la machine de guerre sioniste-imp\u00e9rialiste.<\/p>\n<p>Le \u00ab Madleen \u00bb n&rsquo;est que la derni\u00e8re en date des initiatives de la Coalition de la Flottille de la Libert\u00e9 pour chercher \u00e0 rompre le si\u00e8ge ; en 2008, <a href=\"https:\/\/www.freegaza.org\/We-Were-Given-Palestinian-Passports\/\" target=\"_blank\" rel=\"noopener\">les premiers raids maritimes de la <strong>Campagne Lib\u00e9rez Gaza<\/strong><\/a> avaient d\u00e9fi\u00e9 le si\u00e8ge avec succ\u00e8s et avaient accost\u00e9 sur le rivage de Gaza pour y \u00eatre accueillis par le peuple palestinien. Au cours des ann\u00e9es suivantes, les attaques du r\u00e9gime sioniste pour emp\u00eacher les navires d&rsquo;atteindre Gaza allaient s&rsquo;intensifier, y compris via des pressions diplomatiques sur les pays afin d&#8217;emp\u00eacher les navires de la Flottille de quitter leurs propres ports et afin de faire enlever compl\u00e8tement les pavillons des navires faisant partie de la Flottille ; via le sabotage des navires de la Flottille avant m\u00eame leur d\u00e9part ; et, plus honteusement encore, via l&rsquo;attaque en 2010 contre le<a href=\"https:\/\/charleroi-pourlapalestine.be\/index.php\/2010\/10\/18\/minuit-sur-le-mavi-marmara-le-temoignage-de-lubna-masarwa\/\"> <strong>\u00ab Mavi Marmara \u00bb<\/strong>,<\/a> le bateau amiral de la Flottille, \u00e0 bord duquel les forces d&rsquo;occupation allaient massacrer 10 martyrs pour la cause palestinienne. Il y a deux mois \u00e0 peine, en avril 2025, le navire <strong>\u00ab Conscience \u00bb<\/strong> de la Flottille de la Libert\u00e9 venait d&rsquo;appareiller pour Gaza depuis Malte quand il a \u00e9t\u00e9 attaqu\u00e9 au large de l&rsquo;\u00eele, tr\u00e8s probablement par des drones \u00ab isra\u00e9liens \u00bb, et ravag\u00e9 par un incendie avant d&rsquo;\u00eatre finalement pris en remorque et ramen\u00e9 sur la terre ferme.<\/p>\n<p>L&rsquo;attaque contre le \u00ab Madleen \u00bb vient aussi au moment o\u00f9 le r\u00e9gime sioniste et ses sponsors imp\u00e9rialistes, les \u00c9tats-Unis en t\u00eate, cherchent \u00e0 imposer au peuple palestinien un syst\u00e8me de chantage \u00e0 \u00ab l&rsquo;aide \u00bb par le biais d&rsquo;une certaine \u00ab Gaza Humanitarian Foundation \u00bb (Fondation humanitaire pour Gaza), qui entend remplacer l&rsquo;Agence des Nations unies pour les r\u00e9fugi\u00e9s de Palestine (UNRWA) et autres organisations l\u00e9gitimes de distribution d&rsquo;aide par une vaste op\u00e9ration de surveillance contr\u00f4l\u00e9e par les \u00c9tats-Unis et \u00ab Isra\u00ebl \u00bb et qui cible les Palestiniens dans l&rsquo;intention de les enlever et de les assassiner. Plus de 126 Palestiniens \u00e0 Gaza ont d\u00e9j\u00e0 \u00e9t\u00e9 massacr\u00e9s sur ces pr\u00e9tendus \u00ab sites de distribution d&rsquo;aide \u00bb \u2013 en r\u00e9alit\u00e9, des pi\u00e8ges mortels \u2013 et des centaines d&rsquo;autres ont \u00e9t\u00e9 bless\u00e9s, rien que lors des tout premiers jour de cette op\u00e9ration.<\/p>\n<p>Ces sites ne distribuent que de petites quantit\u00e9s d&rsquo;aide, exigeant donc des Palestiniens qu&rsquo;ils y reviennent \u00e0 diverses reprises et ils ont pour but de forcer les Palestiniens \u00e0 s&rsquo;installer dans des zones de camps de concentration plus exigu\u00ebs encore \u00e0 Rafah et dans le sud de Gaza, en guise de pr\u00e9lude \u00e0 leur d\u00e9placement. L&rsquo;op\u00e9ration s&rsquo;accompagne du soutien syst\u00e9matique de gangs de collaborateurs arm\u00e9s cens\u00e9s attaquer et piller les v\u00e9ritables camions humanitaires, vendre aux Palestiniens la farine et les autres denr\u00e9es de base \u00e0 des prix exorbitants, de nouveau dans une tentative \u00e0 la fois d&rsquo;imposer la politique de famine et de forcer la population affam\u00e9e \u00e0 se rendre sur ces \u00ab sites humanitaires \u00bb am\u00e9ricano-sionistes qui ne sont que des pi\u00e8ges mortels. Dans une d\u00e9claration publi\u00e9e le dimanche 8 juin, <strong>les factions de la r\u00e9sistance palestinienne<\/strong> ont dit ceci :<\/p>\n<blockquote><p>Les centres am\u00e9ricains de distribution d&rsquo;aide se sont mu\u00e9s en pi\u00e8ges mortels et en emb\u00fbches visant la population affam\u00e9e incit\u00e9e par la faim et la soif \u00e0 venir chercher refuge en ces endroits. Ces centres trompeurs se sont mu\u00e9s en lieux de boucheries et de massacres quotidiens sous les yeux et les oreilles du monde entier.<\/p><\/blockquote>\n<p>Des responsables du gouvernement palestinien, des travailleurs du minist\u00e8re de l&rsquo;Int\u00e9rieur, des travailleurs de la d\u00e9fense civile, des responsables de la distribution d&rsquo;aide, des membres de la police et des forces s\u00e9curitaires, ainsi que des travailleurs humanitaires ont \u00e9t\u00e9 syst\u00e9matiquement cibl\u00e9s en vue d&rsquo;\u00eatre assassin\u00e9s ; les forces s\u00e9curitaires palestiniennes qui prot\u00e8gent les camions humanitaires et qui affrontent les \u00ab voleurs \u00bb soutenus par l&rsquo;occupation ont \u00e9t\u00e9 \u00e0 maintes reprises massacr\u00e9s par des frappes a\u00e9riennes et des attaques de drones. Hier encore, des forces s\u00e9curitaires palestiniennes appartenant aux<a href=\"https:\/\/mondoweiss.net\/2025\/06\/inside-the-hamas-unit-fighting-israeli-armed-gangs-that-loot-aid-and-facilitate-displacement-in-gaza\/?ml_recipient=156549974891430969&amp;ml_link=156549919608407624\" target=\"_blank\" rel=\"noopener\"><strong> Arrow Units<\/strong> <\/a>(Unit\u00e9s Fl\u00e8che), qui avaient r\u00e9clam\u00e9 des comptes \u00e0 un changeur de devises qui extorquait plus de 50 % de profit aux Palestiniens en \u00e9tat de si\u00e8ge et de g\u00e9nocide, ont \u00e9t\u00e9 cibl\u00e9s et assassin\u00e9s par une nouvelle frappe de drone.<\/p>\n<p><strong>Tous les gouvernements qui sont complices du g\u00e9nocide sioniste en cours en Palestine occup\u00e9e depuis 77 ans sont \u00e9galement complices de l&rsquo;attaque contre le \u00ab Madleen \u00bb et de la famine et de l&rsquo;affamement actuellement impos\u00e9s de fa\u00e7on d\u00e9lib\u00e9r\u00e9e aux Palestiniens de Gaza. Ce sont les forces de la r\u00e9sistance en Palestine m\u00eame, depuis le c\u0153ur de leur terre et les gens soumis au g\u00e9nocide, et dans la r\u00e9gion, du Hezbollah et du berceau populaire de la r\u00e9sistance libanaise au gouvernement du Y\u00e9men, aux forces arm\u00e9es, au mouvement AnsarAllah et aux gens, qui affrontent quotidiennement le si\u00e8ge et le g\u00e9nocide en harcelant l&rsquo;occupant dans la mer Rouge avec des drones et des missiles qui affrontent le r\u00e9gime g\u00e9nocidaire au beau milieu de la complicit\u00e9 active et de l&rsquo;engagement des puissances imp\u00e9rialistes et des r\u00e9gimes arabes r\u00e9actionnaires.<\/strong><\/p>\n<p><strong>Les mouvements populaires du monde entier, visibles gr\u00e2ce aux actions directes contre les usines d&rsquo;armement et autres sites de la machine de guerre imp\u00e9rialiste, aux manifestations massives, aux campements dans les universit\u00e9s, aux actions sur les lieux de travail \u2013 depuis les dockers refusant de charger des armes pour l&rsquo;occupation jusqu&rsquo;aux travailleurs de la technologie refusant de produire de l&rsquo;IA facilitant le g\u00e9nocide \u2013 aux initiatives visant \u00e0 rompre le si\u00e8ge telles les Flottilles, aux marches mondiales, aux caravanes et \u00e0 toute une vari\u00e9t\u00e9 de confrontations individuelles et collectives avec les forces fascistes \u2013 y compris les actuels soul\u00e8vements contre l&rsquo;ICE et contre le r\u00e9gime de d\u00e9portation mis en place aux \u00c9tats-Unis \u2013 font partie d&rsquo;un camp de la r\u00e9sistance qui affronte l&rsquo;imp\u00e9rialisme, le sioniste et la r\u00e9action.<\/strong><\/p>\n<p><strong>L&rsquo;attaque contre le \u00ab Madleen \u00bb qui a lieu de concert avec la violente r\u00e9pression au sein de nombreux \u00c9tats imp\u00e9rialistes, comme les \u00c9tats-Unis, l&rsquo;Allemagne, la Grande-Bretagne et la France, contre le mouvement pour la lib\u00e9ration de la Palestine, doit servir d&rsquo;appel \u00e0 intensifier la lutte en vue d&rsquo;enrayer de fa\u00e7on significative les m\u00e9canismes du g\u00e9nocide et d&rsquo;\u00e9lever notre niveau d&rsquo;organisation et de mobilisation, de tactique, d&rsquo;action et de r\u00e9sistance afin de nous montrer \u00e0 la hauteur de l&rsquo;exemple fourni quotidiennement par le Y\u00e9men et de nous inciter \u00e0 assumer pleinement nos responsabilit\u00e9s en ce moment critique.<\/strong><\/p>\n<p><strong>Comme l&rsquo;ont \u00e9crit nos camarades de <a href=\"https:\/\/samidoun.net\/fr\/2025\/06\/flottille-de-la-liberte-casser-le-siege-est-une-responsabilite-internationale-que-nadmet-pas-le-rapport\/\" target=\"_blank\" rel=\"noopener\">Samidoun Brasil, Masar Badil et Alkarama<\/a> : <\/strong><\/p>\n<blockquote><p><strong>\u00ab Chaque menotte autour du poignet d&rsquo;un activiste \u00e0 bord de cette flottille est une preuve de plus de la brutalit\u00e9 de l&rsquo;entit\u00e9 et de l&rsquo;\u00e9chec de sa propagande trompeuse. Et chaque mille parcouru par la flottille dans son p\u00e9riple vers Gaza est un appel ouvert \u00e0 la d\u00e9sob\u00e9issance politique et populaire \u2013 contre l&rsquo;imp\u00e9rialisme, contre le silence et contre la d\u00e9faite. Une mobilisation internationale imm\u00e9diate et efficace en vue de lever le si\u00e8ge de Gaza n&rsquo;est pas un choix \u2013 c&rsquo;est un devoir r\u00e9volutionnaire. Et l&rsquo;Histoire ne pardonnera pas la complaisance ! \u00bb<\/strong><\/p><\/blockquote>\n<p style=\"text-align: center;\">*****<\/p>\n<p>Publi\u00e9 le juin 9 juin 2025 sur <a href=\"https:\/\/samidoun.net\/2025\/06\/the-attack-on-the-madleen-and-our-responsibility-to-resist-escalate-and-break-the-siege\/\" target=\"_blank\" rel=\"noopener\">Samidoun<\/a><br \/>\nTraduction : Jean-Marie Fl\u00e9mal, <a href=\"https:\/\/charleroi-pourlapalestine.be\/\" target=\"_blank\" rel=\"noopener\">Charleroi pour la Palestine<\/a><\/p>\n","protected":false},"excerpt":{"rendered":"<p>Tous les gouvernements qui sont complices du g\u00e9nocide sioniste en cours en Palestine occup\u00e9e depuis 77 ans sont \u00e9galement complices de l\u2019attaque contre le \u00ab Madleen \u00bb et de la famine et de l\u2019affamement actuellement impos\u00e9s de fa\u00e7on d\u00e9lib\u00e9r\u00e9e aux Palestiniens de Gaza. <\/p>\n","protected":false},"author":1,"featured_media":84886,"comment_status":"closed","ping_status":"closed","sticky":false,"template":"","format":"standard","meta":{"ngg_post_thumbnail":0,"footnotes":""},"categories":[989,1024,383,682,6,344,530,191,391,25,707],"tags":[],"class_list":["post-84883","post","type-post","status-publish","format-standard","has-post-thumbnail","hentry","category-affamement","category-aide-humanitarie","category-blocus","category-droit-international-2","category-gaza","category-genocide","category-internationalisme","category-liban","category-lutte-armee","category-la-resistance-palestinienne","category-yemen"],"yoast_head":"<!-- This site is optimized with the Yoast SEO plugin v27.3 - https:\/\/yoast.com\/product\/yoast-seo-wordpress\/ -->\n<title>L&#039;attaque contre le \u00ab Madleen \u00bb et notre devoir responsable de r\u00e9sister, d&#039;intensifier la lutte et de rompre le si\u00e8ge<\/title>\n<meta name=\"description\" content=\"Tous les gouvernements qui sont complices du g\u00e9nocide sioniste en cours en Palestine occup\u00e9e depuis 77 ans sont \u00e9galement complices de l\u2019attaque contre le \u00ab Madleen \u00bb\" \/>\n<meta name=\"robots\" content=\"index, follow, max-snippet:-1, max-image-preview:large, max-video-preview:-1\" \/>\n<link rel=\"canonical\" href=\"https:\/\/charleroi-pourlapalestine.be\/index.php\/2025\/06\/09\/lattaque-contre-le-madleen-et-notre-devoir-responsable-de-resister-dintensifier-la-lutte-et-de-rompre-le-siege\/\" \/>\n<script type=\"application\/ld+json\" class=\"yoast-schema-graph\">{\"@context\":\"https:\\\/\\\/schema.org\",\"@graph\":[{\"@type\":\"Article\",\"@id\":\"https:\\\/\\\/charleroi-pourlapalestine.be\\\/index.php\\\/2025\\\/06\\\/09\\\/lattaque-contre-le-madleen-et-notre-devoir-responsable-de-resister-dintensifier-la-lutte-et-de-rompre-le-siege\\\/#article\",\"isPartOf\":{\"@id\":\"https:\\\/\\\/charleroi-pourlapalestine.be\\\/index.php\\\/2025\\\/06\\\/09\\\/lattaque-contre-le-madleen-et-notre-devoir-responsable-de-resister-dintensifier-la-lutte-et-de-rompre-le-siege\\\/\"},\"author\":{\"name\":\"admin1873\",\"@id\":\"https:\\\/\\\/charleroi-pourlapalestine.be\\\/#\\\/schema\\\/person\\\/c19ff515112f1299d8c12671d8fe3faa\"},\"headline\":\"L&rsquo;attaque contre le \u00ab Madleen \u00bb et notre devoir responsable de r\u00e9sister, d&rsquo;intensifier la lutte et de rompre le si\u00e8ge\",\"datePublished\":\"2025-06-09T12:13:58+00:00\",\"dateModified\":\"2025-06-09T17:25:59+00:00\",\"mainEntityOfPage\":{\"@id\":\"https:\\\/\\\/charleroi-pourlapalestine.be\\\/index.php\\\/2025\\\/06\\\/09\\\/lattaque-contre-le-madleen-et-notre-devoir-responsable-de-resister-dintensifier-la-lutte-et-de-rompre-le-siege\\\/\"},\"wordCount\":2755,\"publisher\":{\"@id\":\"https:\\\/\\\/charleroi-pourlapalestine.be\\\/#organization\"},\"image\":{\"@id\":\"https:\\\/\\\/charleroi-pourlapalestine.be\\\/index.php\\\/2025\\\/06\\\/09\\\/lattaque-contre-le-madleen-et-notre-devoir-responsable-de-resister-dintensifier-la-lutte-et-de-rompre-le-siege\\\/#primaryimage\"},\"thumbnailUrl\":\"https:\\\/\\\/charleroi-pourlapalestine.be\\\/wp-content\\\/uploads\\\/2025\\\/06\\\/Madleen-1.png\",\"articleSection\":[\"Affamement\",\"Aide humanitarie\",\"blocus\",\"droit international\",\"Gaza\",\"G\u00e9nocide\",\"Internationalisme\",\"Liban\",\"Lutte arm\u00e9e\",\"R\u00e9sistance\",\"Yemen\"],\"inLanguage\":\"fr-FR\"},{\"@type\":\"WebPage\",\"@id\":\"https:\\\/\\\/charleroi-pourlapalestine.be\\\/index.php\\\/2025\\\/06\\\/09\\\/lattaque-contre-le-madleen-et-notre-devoir-responsable-de-resister-dintensifier-la-lutte-et-de-rompre-le-siege\\\/\",\"url\":\"https:\\\/\\\/charleroi-pourlapalestine.be\\\/index.php\\\/2025\\\/06\\\/09\\\/lattaque-contre-le-madleen-et-notre-devoir-responsable-de-resister-dintensifier-la-lutte-et-de-rompre-le-siege\\\/\",\"name\":\"L'attaque contre le \u00ab Madleen \u00bb et notre devoir responsable de r\u00e9sister, d'intensifier la lutte et de rompre le si\u00e8ge\",\"isPartOf\":{\"@id\":\"https:\\\/\\\/charleroi-pourlapalestine.be\\\/#website\"},\"primaryImageOfPage\":{\"@id\":\"https:\\\/\\\/charleroi-pourlapalestine.be\\\/index.php\\\/2025\\\/06\\\/09\\\/lattaque-contre-le-madleen-et-notre-devoir-responsable-de-resister-dintensifier-la-lutte-et-de-rompre-le-siege\\\/#primaryimage\"},\"image\":{\"@id\":\"https:\\\/\\\/charleroi-pourlapalestine.be\\\/index.php\\\/2025\\\/06\\\/09\\\/lattaque-contre-le-madleen-et-notre-devoir-responsable-de-resister-dintensifier-la-lutte-et-de-rompre-le-siege\\\/#primaryimage\"},\"thumbnailUrl\":\"https:\\\/\\\/charleroi-pourlapalestine.be\\\/wp-content\\\/uploads\\\/2025\\\/06\\\/Madleen-1.png\",\"datePublished\":\"2025-06-09T12:13:58+00:00\",\"dateModified\":\"2025-06-09T17:25:59+00:00\",\"description\":\"Tous les gouvernements qui sont complices du g\u00e9nocide sioniste en cours en Palestine occup\u00e9e depuis 77 ans sont \u00e9galement complices de l\u2019attaque contre le \u00ab Madleen \u00bb\",\"breadcrumb\":{\"@id\":\"https:\\\/\\\/charleroi-pourlapalestine.be\\\/index.php\\\/2025\\\/06\\\/09\\\/lattaque-contre-le-madleen-et-notre-devoir-responsable-de-resister-dintensifier-la-lutte-et-de-rompre-le-siege\\\/#breadcrumb\"},\"inLanguage\":\"fr-FR\",\"potentialAction\":[{\"@type\":\"ReadAction\",\"target\":[\"https:\\\/\\\/charleroi-pourlapalestine.be\\\/index.php\\\/2025\\\/06\\\/09\\\/lattaque-contre-le-madleen-et-notre-devoir-responsable-de-resister-dintensifier-la-lutte-et-de-rompre-le-siege\\\/\"]}]},{\"@type\":\"ImageObject\",\"inLanguage\":\"fr-FR\",\"@id\":\"https:\\\/\\\/charleroi-pourlapalestine.be\\\/index.php\\\/2025\\\/06\\\/09\\\/lattaque-contre-le-madleen-et-notre-devoir-responsable-de-resister-dintensifier-la-lutte-et-de-rompre-le-siege\\\/#primaryimage\",\"url\":\"https:\\\/\\\/charleroi-pourlapalestine.be\\\/wp-content\\\/uploads\\\/2025\\\/06\\\/Madleen-1.png\",\"contentUrl\":\"https:\\\/\\\/charleroi-pourlapalestine.be\\\/wp-content\\\/uploads\\\/2025\\\/06\\\/Madleen-1.png\",\"width\":672,\"height\":378},{\"@type\":\"BreadcrumbList\",\"@id\":\"https:\\\/\\\/charleroi-pourlapalestine.be\\\/index.php\\\/2025\\\/06\\\/09\\\/lattaque-contre-le-madleen-et-notre-devoir-responsable-de-resister-dintensifier-la-lutte-et-de-rompre-le-siege\\\/#breadcrumb\",\"itemListElement\":[{\"@type\":\"ListItem\",\"position\":1,\"name\":\"Accueil\",\"item\":\"https:\\\/\\\/charleroi-pourlapalestine.be\\\/\"},{\"@type\":\"ListItem\",\"position\":2,\"name\":\"L&rsquo;attaque contre le \u00ab Madleen \u00bb et notre devoir responsable de r\u00e9sister, d&rsquo;intensifier la lutte et de rompre le si\u00e8ge\"}]},{\"@type\":\"WebSite\",\"@id\":\"https:\\\/\\\/charleroi-pourlapalestine.be\\\/#website\",\"url\":\"https:\\\/\\\/charleroi-pourlapalestine.be\\\/\",\"name\":\"Charleroi Pour la Palestine\",\"description\":\"\",\"publisher\":{\"@id\":\"https:\\\/\\\/charleroi-pourlapalestine.be\\\/#organization\"},\"potentialAction\":[{\"@type\":\"SearchAction\",\"target\":{\"@type\":\"EntryPoint\",\"urlTemplate\":\"https:\\\/\\\/charleroi-pourlapalestine.be\\\/?s={search_term_string}\"},\"query-input\":{\"@type\":\"PropertyValueSpecification\",\"valueRequired\":true,\"valueName\":\"search_term_string\"}}],\"inLanguage\":\"fr-FR\"},{\"@type\":\"Organization\",\"@id\":\"https:\\\/\\\/charleroi-pourlapalestine.be\\\/#organization\",\"name\":\"Plate-forme Charleroi-Palestine\",\"url\":\"https:\\\/\\\/charleroi-pourlapalestine.be\\\/\",\"logo\":{\"@type\":\"ImageObject\",\"inLanguage\":\"fr-FR\",\"@id\":\"https:\\\/\\\/charleroi-pourlapalestine.be\\\/#\\\/schema\\\/logo\\\/image\\\/\",\"url\":\"https:\\\/\\\/charleroi-pourlapalestine.be\\\/wp-content\\\/uploads\\\/2020\\\/01\\\/logo-Copy.jpg\",\"contentUrl\":\"https:\\\/\\\/charleroi-pourlapalestine.be\\\/wp-content\\\/uploads\\\/2020\\\/01\\\/logo-Copy.jpg\",\"width\":180,\"height\":180,\"caption\":\"Plate-forme Charleroi-Palestine\"},\"image\":{\"@id\":\"https:\\\/\\\/charleroi-pourlapalestine.be\\\/#\\\/schema\\\/logo\\\/image\\\/\"},\"sameAs\":[\"https:\\\/\\\/www.facebook.com\\\/PlateformeCharleroiPalestine\\\/\",\"https:\\\/\\\/x.com\\\/LaCharleroi\"]},{\"@type\":\"Person\",\"@id\":\"https:\\\/\\\/charleroi-pourlapalestine.be\\\/#\\\/schema\\\/person\\\/c19ff515112f1299d8c12671d8fe3faa\",\"name\":\"admin1873\",\"url\":\"https:\\\/\\\/charleroi-pourlapalestine.be\\\/index.php\\\/author\\\/admin1873\\\/\"}]}<\/script>\n<!-- \/ Yoast SEO plugin. -->","yoast_head_json":{"title":"L'attaque contre le \u00ab Madleen \u00bb et notre devoir responsable de r\u00e9sister, d'intensifier la lutte et de rompre le si\u00e8ge","description":"Tous les gouvernements qui sont complices du g\u00e9nocide sioniste en cours en Palestine occup\u00e9e depuis 77 ans sont \u00e9galement complices de l\u2019attaque contre le \u00ab Madleen \u00bb","robots":{"index":"index","follow":"follow","max-snippet":"max-snippet:-1","max-image-preview":"max-image-preview:large","max-video-preview":"max-video-preview:-1"},"canonical":"https:\/\/charleroi-pourlapalestine.be\/index.php\/2025\/06\/09\/lattaque-contre-le-madleen-et-notre-devoir-responsable-de-resister-dintensifier-la-lutte-et-de-rompre-le-siege\/","schema":{"@context":"https:\/\/schema.org","@graph":[{"@type":"Article","@id":"https:\/\/charleroi-pourlapalestine.be\/index.php\/2025\/06\/09\/lattaque-contre-le-madleen-et-notre-devoir-responsable-de-resister-dintensifier-la-lutte-et-de-rompre-le-siege\/#article","isPartOf":{"@id":"https:\/\/charleroi-pourlapalestine.be\/index.php\/2025\/06\/09\/lattaque-contre-le-madleen-et-notre-devoir-responsable-de-resister-dintensifier-la-lutte-et-de-rompre-le-siege\/"},"author":{"name":"admin1873","@id":"https:\/\/charleroi-pourlapalestine.be\/#\/schema\/person\/c19ff515112f1299d8c12671d8fe3faa"},"headline":"L&rsquo;attaque contre le \u00ab Madleen \u00bb et notre devoir responsable de r\u00e9sister, d&rsquo;intensifier la lutte et de rompre le si\u00e8ge","datePublished":"2025-06-09T12:13:58+00:00","dateModified":"2025-06-09T17:25:59+00:00","mainEntityOfPage":{"@id":"https:\/\/charleroi-pourlapalestine.be\/index.php\/2025\/06\/09\/lattaque-contre-le-madleen-et-notre-devoir-responsable-de-resister-dintensifier-la-lutte-et-de-rompre-le-siege\/"},"wordCount":2755,"publisher":{"@id":"https:\/\/charleroi-pourlapalestine.be\/#organization"},"image":{"@id":"https:\/\/charleroi-pourlapalestine.be\/index.php\/2025\/06\/09\/lattaque-contre-le-madleen-et-notre-devoir-responsable-de-resister-dintensifier-la-lutte-et-de-rompre-le-siege\/#primaryimage"},"thumbnailUrl":"https:\/\/charleroi-pourlapalestine.be\/wp-content\/uploads\/2025\/06\/Madleen-1.png","articleSection":["Affamement","Aide humanitarie","blocus","droit international","Gaza","G\u00e9nocide","Internationalisme","Liban","Lutte arm\u00e9e","R\u00e9sistance","Yemen"],"inLanguage":"fr-FR"},{"@type":"WebPage","@id":"https:\/\/charleroi-pourlapalestine.be\/index.php\/2025\/06\/09\/lattaque-contre-le-madleen-et-notre-devoir-responsable-de-resister-dintensifier-la-lutte-et-de-rompre-le-siege\/","url":"https:\/\/charleroi-pourlapalestine.be\/index.php\/2025\/06\/09\/lattaque-contre-le-madleen-et-notre-devoir-responsable-de-resister-dintensifier-la-lutte-et-de-rompre-le-siege\/","name":"L'attaque contre le \u00ab Madleen \u00bb et notre devoir responsable de r\u00e9sister, d'intensifier la lutte et de rompre le si\u00e8ge","isPartOf":{"@id":"https:\/\/charleroi-pourlapalestine.be\/#website"},"primaryImageOfPage":{"@id":"https:\/\/charleroi-pourlapalestine.be\/index.php\/2025\/06\/09\/lattaque-contre-le-madleen-et-notre-devoir-responsable-de-resister-dintensifier-la-lutte-et-de-rompre-le-siege\/#primaryimage"},"image":{"@id":"https:\/\/charleroi-pourlapalestine.be\/index.php\/2025\/06\/09\/lattaque-contre-le-madleen-et-notre-devoir-responsable-de-resister-dintensifier-la-lutte-et-de-rompre-le-siege\/#primaryimage"},"thumbnailUrl":"https:\/\/charleroi-pourlapalestine.be\/wp-content\/uploads\/2025\/06\/Madleen-1.png","datePublished":"2025-06-09T12:13:58+00:00","dateModified":"2025-06-09T17:25:59+00:00","description":"Tous les gouvernements qui sont complices du g\u00e9nocide sioniste en cours en Palestine occup\u00e9e depuis 77 ans sont \u00e9galement complices de l\u2019attaque contre le \u00ab Madleen \u00bb","breadcrumb":{"@id":"https:\/\/charleroi-pourlapalestine.be\/index.php\/2025\/06\/09\/lattaque-contre-le-madleen-et-notre-devoir-responsable-de-resister-dintensifier-la-lutte-et-de-rompre-le-siege\/#breadcrumb"},"inLanguage":"fr-FR","potentialAction":[{"@type":"ReadAction","target":["https:\/\/charleroi-pourlapalestine.be\/index.php\/2025\/06\/09\/lattaque-contre-le-madleen-et-notre-devoir-responsable-de-resister-dintensifier-la-lutte-et-de-rompre-le-siege\/"]}]},{"@type":"ImageObject","inLanguage":"fr-FR","@id":"https:\/\/charleroi-pourlapalestine.be\/index.php\/2025\/06\/09\/lattaque-contre-le-madleen-et-notre-devoir-responsable-de-resister-dintensifier-la-lutte-et-de-rompre-le-siege\/#primaryimage","url":"https:\/\/charleroi-pourlapalestine.be\/wp-content\/uploads\/2025\/06\/Madleen-1.png","contentUrl":"https:\/\/charleroi-pourlapalestine.be\/wp-content\/uploads\/2025\/06\/Madleen-1.png","width":672,"height":378},{"@type":"BreadcrumbList","@id":"https:\/\/charleroi-pourlapalestine.be\/index.php\/2025\/06\/09\/lattaque-contre-le-madleen-et-notre-devoir-responsable-de-resister-dintensifier-la-lutte-et-de-rompre-le-siege\/#breadcrumb","itemListElement":[{"@type":"ListItem","position":1,"name":"Accueil","item":"https:\/\/charleroi-pourlapalestine.be\/"},{"@type":"ListItem","position":2,"name":"L&rsquo;attaque contre le \u00ab Madleen \u00bb et notre devoir responsable de r\u00e9sister, d&rsquo;intensifier la lutte et de rompre le si\u00e8ge"}]},{"@type":"WebSite","@id":"https:\/\/charleroi-pourlapalestine.be\/#website","url":"https:\/\/charleroi-pourlapalestine.be\/","name":"Charleroi Pour la Palestine","description":"","publisher":{"@id":"https:\/\/charleroi-pourlapalestine.be\/#organization"},"potentialAction":[{"@type":"SearchAction","target":{"@type":"EntryPoint","urlTemplate":"https:\/\/charleroi-pourlapalestine.be\/?s={search_term_string}"},"query-input":{"@type":"PropertyValueSpecification","valueRequired":true,"valueName":"search_term_string"}}],"inLanguage":"fr-FR"},{"@type":"Organization","@id":"https:\/\/charleroi-pourlapalestine.be\/#organization","name":"Plate-forme Charleroi-Palestine","url":"https:\/\/charleroi-pourlapalestine.be\/","logo":{"@type":"ImageObject","inLanguage":"fr-FR","@id":"https:\/\/charleroi-pourlapalestine.be\/#\/schema\/logo\/image\/","url":"https:\/\/charleroi-pourlapalestine.be\/wp-content\/uploads\/2020\/01\/logo-Copy.jpg","contentUrl":"https:\/\/charleroi-pourlapalestine.be\/wp-content\/uploads\/2020\/01\/logo-Copy.jpg","width":180,"height":180,"caption":"Plate-forme Charleroi-Palestine"},"image":{"@id":"https:\/\/charleroi-pourlapalestine.be\/#\/schema\/logo\/image\/"},"sameAs":["https:\/\/www.facebook.com\/PlateformeCharleroiPalestine\/","https:\/\/x.com\/LaCharleroi"]},{"@type":"Person","@id":"https:\/\/charleroi-pourlapalestine.be\/#\/schema\/person\/c19ff515112f1299d8c12671d8fe3faa","name":"admin1873","url":"https:\/\/charleroi-pourlapalestine.be\/index.php\/author\/admin1873\/"}]}},"_links":{"self":[{"href":"https:\/\/charleroi-pourlapalestine.be\/index.php\/wp-json\/wp\/v2\/posts\/84883","targetHints":{"allow":["GET"]}}],"collection":[{"href":"https:\/\/charleroi-pourlapalestine.be\/index.php\/wp-json\/wp\/v2\/posts"}],"about":[{"href":"https:\/\/charleroi-pourlapalestine.be\/index.php\/wp-json\/wp\/v2\/types\/post"}],"author":[{"embeddable":true,"href":"https:\/\/charleroi-pourlapalestine.be\/index.php\/wp-json\/wp\/v2\/users\/1"}],"replies":[{"embeddable":true,"href":"https:\/\/charleroi-pourlapalestine.be\/index.php\/wp-json\/wp\/v2\/comments?post=84883"}],"version-history":[{"count":0,"href":"https:\/\/charleroi-pourlapalestine.be\/index.php\/wp-json\/wp\/v2\/posts\/84883\/revisions"}],"wp:featuredmedia":[{"embeddable":true,"href":"https:\/\/charleroi-pourlapalestine.be\/index.php\/wp-json\/wp\/v2\/media\/84886"}],"wp:attachment":[{"href":"https:\/\/charleroi-pourlapalestine.be\/index.php\/wp-json\/wp\/v2\/media?parent=84883"}],"wp:term":[{"taxonomy":"category","embeddable":true,"href":"https:\/\/charleroi-pourlapalestine.be\/index.php\/wp-json\/wp\/v2\/categories?post=84883"},{"taxonomy":"post_tag","embeddable":true,"href":"https:\/\/charleroi-pourlapalestine.be\/index.php\/wp-json\/wp\/v2\/tags?post=84883"}],"curies":[{"name":"wp","href":"https:\/\/api.w.org\/{rel}","templated":true}]}}