{"id":84896,"date":"2025-06-10T08:13:00","date_gmt":"2025-06-10T06:13:00","guid":{"rendered":"https:\/\/charleroi-pourlapalestine.be\/?p=84896"},"modified":"2025-06-10T18:26:57","modified_gmt":"2025-06-10T16:26:57","slug":"la-resistance-palestinienne-a-laction-a-bruxelles","status":"publish","type":"post","link":"https:\/\/charleroi-pourlapalestine.be\/index.php\/2025\/06\/10\/la-resistance-palestinienne-a-laction-a-bruxelles\/","title":{"rendered":"La R\u00e9sistance palestinienne \u00e0 l&rsquo;action \u00e0 Bruxelles"},"content":{"rendered":"<p>Le recours au spectacle pour illustrer l&rsquo;occupation, la d\u00e9portation et l&rsquo;identit\u00e9 nationale fait depuis longtemps partie de la r\u00e9sistance culturelle populaire en Palestine.<\/p>\n<p>&nbsp;<\/p>\n<div id=\"attachment_84898\" style=\"width: 574px\" class=\"wp-caption aligncenter\"><img loading=\"lazy\" decoding=\"async\" aria-describedby=\"caption-attachment-84898\" class=\"wp-image-84898 size-large\" src=\"https:\/\/charleroi-pourlapalestine.be\/wp-content\/uploads\/2025\/06\/7-juin-RF-1--564x500.png\" alt=\"Des enfants posent pour une photo en compagnie d'\u00ab Ahrar Palestine \u00bb, acteur au Festival R\u00e9sistance de Bruxelles, le 7 juin 2025. (Photo : RN)\" width=\"564\" height=\"500\" srcset=\"https:\/\/charleroi-pourlapalestine.be\/wp-content\/uploads\/2025\/06\/7-juin-RF-1--564x500.png 564w, https:\/\/charleroi-pourlapalestine.be\/wp-content\/uploads\/2025\/06\/7-juin-RF-1--282x250.png 282w, https:\/\/charleroi-pourlapalestine.be\/wp-content\/uploads\/2025\/06\/7-juin-RF-1--768x681.png 768w, https:\/\/charleroi-pourlapalestine.be\/wp-content\/uploads\/2025\/06\/7-juin-RF-1-.png 887w\" sizes=\"auto, (max-width: 564px) 100vw, 564px\" \/><p id=\"caption-attachment-84898\" class=\"wp-caption-text\"><strong>Des enfants posent pour une photo en compagnie d&rsquo;\u00ab Ahrar Palestine \u00bb, acteur au Festival R\u00e9sistance de Bruxelles, le 7 juin 2025.<\/strong> (Photo : RN)<\/p><\/div>\n<p>&nbsp;<\/p>\n<p><strong>Rima Najjar,<\/strong> 9 juin 2025<\/p>\n<p>Au Moyen \u00c2ge, \u00e0 une \u00e9poque o\u00f9 la majeure partie de la population \u00e9tait illettr\u00e9e et ne pouvait donc pas lire la Bible, les spectacles de th\u00e9\u00e2tre \u2013 surtout ce qu&rsquo;on appelait les \u00ab myst\u00e8res \u00bb et les \u00ab miracles \u00bb \u2013 constituaient un moyen id\u00e9al pour enseigner des r\u00e9cits bibliques et inculquer des le\u00e7ons morales. Ces pi\u00e8ces dramatisaient des histoires de la Bible, rendant ainsi des myst\u00e8res divins accessibles et compr\u00e9hensibles pour les petites gens. Elles \u00e9taient, pour ainsi dire, la bible en action.<\/p>\n<p>Les myst\u00e8res m\u00e9di\u00e9vaux me sont venus \u00e0 l&rsquo;esprit au moment o\u00f9 je regardais le spectacle th\u00e9\u00e2tral d<strong>&lsquo; <\/strong><a href=\"https:\/\/www.instagram.com\/ahrar_palestine_asbl\/\" target=\"_blank\" rel=\"noopener\"><strong>Ahrar Palestine <\/strong><\/a>au<a href=\"https:\/\/charleroi-pourlapalestine.be\/\" target=\"_blank\" rel=\"noopener\"><strong> Festival R\u00e9sistance<\/strong><\/a> de Bruxelles, le 7 juin. Via un sketch bref qui illustrait la violence isra\u00e9lienne \u00e0 l&rsquo;\u00e9gard des Palestiniens et la r\u00e9sistance en recourant \u00e0 des acteurs<em> \u00ab arm\u00e9s \u00bb<\/em> en tenue de combat et le visage dissimul\u00e9 sous un keffieh, Ahrar rendait l&rsquo;histoire de la Palestine bien vivante et m\u00e9morable pour le public pr\u00e9sent.<\/p>\n<p><strong>\u00ab Ahrar \u00bb (\u0623\u062d\u0631\u0627\u0631)<\/strong> signifie <em>\u00ab gens libres \u00bb<\/em> ou <em>\u00ab lib\u00e9rateurs \u00bb<\/em> en arabe. C&rsquo;est un mot souvent utilis\u00e9 dans des contextes politiques ou r\u00e9volutionnaires.<\/p>\n<p>Le recours au spectacle pour illustrer l&rsquo;occupation, la d\u00e9portation et l&rsquo;identit\u00e9 nationale fait depuis longtemps partie de la r\u00e9sistance culturelle populaire en Palestine. Le <strong>Th\u00e9\u00e2tre de la Libert\u00e9<\/strong>, au<strong> camp de r\u00e9fugi\u00e9s de J\u00e9nine<\/strong>, connu pour des pi\u00e8ces comme <strong><em>\u00ab Animal Farm \u00bb<\/em><\/strong> (\u00ab La ferme des animaux \u00bb, adapt\u00e9e pour critiquer l&rsquo;occupation) et \u00ab<strong><em> The Siege \u00bb<\/em><\/strong> (\u00e0 propos du si\u00e8ge de la basilique de la Nativit\u00e9, \u00e0 Bethl\u00e9em, du 2 avril au 10 mai 2002), et pour ses formations d&rsquo;acteurs dans la narration de la r\u00e9sistance, a \u00e9t\u00e9 confront\u00e9 \u00e0 des d\u00e9fis significatifs, dont des arrestations, des perquisitions et l&rsquo;assassinat de son cofondateur, <strong>Juliano Mer-Khamis<\/strong>, un acteur et metteur en sc\u00e8ne palestinien qui avait une carte d&rsquo;identit\u00e9 isra\u00e9lienne. (L&rsquo;autre fondateur est <strong>Zakaria Zubeidi,<\/strong> ancien dirigeant de la Brigade des Martyrs d&rsquo;Al-Aqsa, qui est devenu activiste.)<\/p>\n<p>En 2022\u20132023, <strong>Mustafa Sheta<\/strong> (directeur de th\u00e9\u00e2tre) et <strong>Jamal Abu Joas<\/strong> (acteur) ont \u00e9t\u00e9 arr\u00eat\u00e9s et plac\u00e9s en d\u00e9tention administrative (autrement dit, emprisonn\u00e9s sans accusation). Le th\u00e9\u00e2tre continue de fonctionner (gr\u00e2ce aux toll\u00e9s internationaux) mis il est plac\u00e9 sous de s\u00e9v\u00e8res restrictions.<\/p>\n<p>Je mentionne les exp\u00e9riences du Th\u00e9\u00e2tre de la Libert\u00e9 (le plus en vue des trois th\u00e9\u00e2tres de ce genre en Palestine occup\u00e9e \u2013 les deux autres \u00e9tant<strong> Al-Kasaba<\/strong> et <strong>Al-Harah<\/strong>) quelque peu en d\u00e9tail ici en raison des parall\u00e8les avec les exp\u00e9riences du Festival R\u00e9sistance annuel \u00e0 Bruxelles en terme de m\u00e9lange d&rsquo;art et de politique afin d&rsquo;\u00e9manciper l&rsquo;identit\u00e9 palestinienne et de diffuser le message de la r\u00e9sistance. Bien que l&rsquo;un soit sous occupation en Palestine et l&rsquo;autre en Europe, tous deux subissent la r\u00e9pression de la perfidie sioniste via des tactiques de r\u00e9pression similaires (culpabilit\u00e9 pr\u00e9tendue en raison d&rsquo;une \u2013 fausse \u2013 association avec des organisations militantes palestiniennes \u2013 le Front populaire pour la lib\u00e9ration de la Palestine, FPLP, dans ce cas) et tous deux ont besoin d&rsquo;un soutien populaire pour se prot\u00e9ger d&rsquo;Isra\u00ebl et de ses alli\u00e9s.<\/p>\n<p>La performance d&rsquo;<strong>Ahrar Palestine<\/strong> place Bethl\u00e9em a \u00e9mancip\u00e9 l&rsquo;identit\u00e9 palestinienne des jeunes. Plusieurs d&rsquo;entre eux ont insist\u00e9 pour \u00eatre photographi\u00e9s en compagnie des acteurs qui jouaient les militants \u2013 et repr\u00e9sentaient des combattants pour la libert\u00e9, et non des terroristes.<\/p>\n<p>&nbsp;<\/p>\n<div id=\"attachment_84899\" style=\"width: 518px\" class=\"wp-caption aligncenter\"><img loading=\"lazy\" decoding=\"async\" aria-describedby=\"caption-attachment-84899\" class=\"wp-image-84899 size-large\" src=\"https:\/\/charleroi-pourlapalestine.be\/wp-content\/uploads\/2025\/06\/7-juin-RF-2-508x500.png\" alt=\"Se faire photographier en compagnie d'un combattant pour la libert\u00e9 \u2013 Festival R\u00e9sistance, Bruxelles, 7 juin 2025. (Photo : RN)\" width=\"508\" height=\"500\"><p id=\"caption-attachment-84899\" class=\"wp-caption-text\"><strong>Se faire photographier en compagnie d&rsquo;un combattant pour la libert\u00e9 \u2013 Festival R\u00e9sistance, Bruxelles, 7 juin 2025.<\/strong> (Photo : RN)<\/p><\/div>\n<p>&nbsp;<\/p>\n<p>Dans l&rsquo;un des d\u00e9bats du festival, Mohammad Khatib, le coordinateur pour l&rsquo;UE du R\u00e9seau Samidoun de solidarit\u00e9 avec les prisonniers palestiniens, a insist\u00e9 pour dire ceci :<\/p>\n<blockquote><p>\u00ab Nous organisons ce festival sans l&rsquo;autorisation de la commune. C&rsquo;est la troisi\u00e8me ann\u00e9e que le bourgmestre refuse d&rsquo;octroyer un permis au festival. Au lieu de cela, il le tol\u00e8re en tant que &lsquo;manifestation tol\u00e9r\u00e9e&rsquo;.<\/p><\/blockquote>\n<p><strong>Une <em>\u00ab manifestation tol\u00e9r\u00e9e<\/em> \u00bb<\/strong> est une zone grise juridique dans laquelle les autorit\u00e9s permettent qu&rsquo;une manifestation ait lieu sans toutefois l&rsquo;autoriser officiellement. Cela signifie que les organisateurs ne disposent pas des protections juridiques compl\u00e8tes d&rsquo;un \u00e9v\u00e9nement autoris\u00e9. Toutefois, la police ne dispersera pas la manifestation par la force sauf en cas de violence et de perturbations majeures. Les autorit\u00e9s peuvent imposer des limites strictes (par exemple, concernant l&#8217;emplacement, la dur\u00e9e ou des slogans du genre <em>\u00ab Du fleuve \u00e0 le mer, la Palestine sera libre \u00bb<\/em>). Si des manifestants violent ces limites en s&rsquo;\u00e9cartant du parcours convenu, par exemple, la police peut intervenir. Au contraire des manifestations autoris\u00e9es, celles qui ne sont que tol\u00e9r\u00e9es sont plus \u00e9troitement surveill\u00e9es et comportent un risque d&rsquo;intervention plus \u00e9lev\u00e9 si les choses d\u00e9g\u00e9n\u00e8rent. Et, puisqu&rsquo;elle n&rsquo;est pas officiellement autoris\u00e9e, les organisateurs pourraient se voir infliger des amendes, voire des accusations en cas d&rsquo;infraction aux lois.<\/p>\n<p>Bruxelles utilise ce statut pour le Festival R\u00e9sistance afin d&rsquo;\u00e9viter des interdictions pures et simples, ce qui pourrait d\u00e9clencher des r\u00e9actions n\u00e9gatives. Aux yeux du bourgmestre, la r\u00e9sistance palestinienne implique l&rsquo;approbation \u00e0 l&rsquo;<em>\u00ab incitation \u00e0 la violence contre Isra\u00ebl \u00bb<\/em> et, politiquement, c&rsquo;est peu recommandable, d&rsquo;o\u00f9 le statut <em>\u00ab tol\u00e9r\u00e9 \u00bb.<\/em> Pour les militants palestiniens, la r\u00e9sistance r\u00e9volutionnaire est \u00e0 la fois une strat\u00e9gie pratique et un engagement id\u00e9ologique \u00e0 mettre un terme \u00e0 l&rsquo;occupation.<\/p>\n<p>Khatib poursuit :<\/p>\n<blockquote><p>\u00ab (&#8230;) le bourgmestre ne peut nous interdire d&rsquo;\u00eatre pr\u00e9sents dans nos espaces publics ; nous serons l\u00e0 \u00e0 protester place Bethl\u00e9em \u00e0 chaque fin mai d\u00e9but juin (&#8230;) en tant que Samidoun, nous sommes attaqu\u00e9s, parce que nous luttons pour la r\u00e9sistance palestinienne. Nous le faisions d\u00e9j\u00e0 avant le 7 octobre et nous continuerons de le faire apr\u00e8s le 7 octobre. Nous soutenons le droit du peuple palestinien \u00e0 r\u00e9sister ; en tant qu&rsquo;organisation, nous sommes non violents, mais nous ne d\u00e9non\u00e7ons pas la r\u00e9sistance r\u00e9volutionnaire du peuple ; nous sommes derri\u00e8re elle ; nous la soutenons par tous les moyens \u00e0 notre disposition, parce que cela fait partie de notre devoir. Nous sommes avec la r\u00e9sistance, mais nous savons aujourd&rsquo;hui qu&rsquo;il n&rsquo;y a pas que Samidoun qui soutient la r\u00e9sistance ; des dizaines de milliers de personnes ont march\u00e9 et ont scand\u00e9 \u00ab lib\u00e9rez la Palestine du fleuve \u00e0 la mer \u00bb.<\/p>\n<p>&nbsp;<\/p><\/blockquote>\n<div id=\"attachment_84900\" style=\"width: 513px\" class=\"wp-caption aligncenter\"><img loading=\"lazy\" decoding=\"async\" aria-describedby=\"caption-attachment-84900\" class=\"wp-image-84900 size-large\" src=\"https:\/\/charleroi-pourlapalestine.be\/wp-content\/uploads\/2025\/06\/7-juin-RF-3-503x500.png\" alt=\"Un t-shirt Samidoun avec le slogan \u00ab R\u00e9sistance pour une Palestine libre \u00bb en vente au festival. \" width=\"503\" height=\"500\" srcset=\"https:\/\/charleroi-pourlapalestine.be\/wp-content\/uploads\/2025\/06\/7-juin-RF-3-503x500.png 503w, https:\/\/charleroi-pourlapalestine.be\/wp-content\/uploads\/2025\/06\/7-juin-RF-3-251x250.png 251w, https:\/\/charleroi-pourlapalestine.be\/wp-content\/uploads\/2025\/06\/7-juin-RF-3-768x764.png 768w, https:\/\/charleroi-pourlapalestine.be\/wp-content\/uploads\/2025\/06\/7-juin-RF-3-80x80.png 80w, https:\/\/charleroi-pourlapalestine.be\/wp-content\/uploads\/2025\/06\/7-juin-RF-3.png 877w\" sizes=\"auto, (max-width: 503px) 100vw, 503px\" \/><p id=\"caption-attachment-84900\" class=\"wp-caption-text\"><strong>Un t-shirt Samidoun avec le slogan \u00ab R\u00e9sistance pour une Palestine libre \u00bb en vente au festival.&nbsp;<\/strong><\/p><\/div>\n<p>&nbsp;<\/p>\n<p>Un grand nombre des activit\u00e9s du Festival ont lieu <strong>place Bethl\u00e9em.<\/strong> C&rsquo;est une place publique situ\u00e9e dans le quartier des Marolles de Bruxelles et qui rev\u00eat une importance culturelle et politique significative pour la communaut\u00e9 palestinienne locale, de m\u00eame que pour les activistes et organisations qui d\u00e9fendent la Palestine.<\/p>\n<p>La place a \u00e9t\u00e9 officiellement rebaptis\u00e9e <strong><em>\u00ab place Bethl\u00e9em \u00bb<\/em> <\/strong>en 1988, dans un geste de solidarit\u00e9 avec les Palestiniens, et en particulier ceux de Bethl\u00e9em. Ce rebapt\u00eame co\u00efncidait avec le fait que la Premi\u00e8re Intifada refl\u00e9tait les enseignements politiques de gauche et pro-palestiniens de Bruxelles \u00e0 l&rsquo;\u00e9poque. Des organisations et politiciens sionistes ont critiqu\u00e9 le nom et le symbolisme de la place, mais elle continue d&rsquo;\u00eatre un rare exemple d&rsquo;espace public europ\u00e9en explicitement d\u00e9di\u00e9 \u00e0 la cause palestinienne, ce qui en fait un point central \u00e0 la fois de c\u00e9l\u00e9bration et de protestation.<\/p>\n<p><img loading=\"lazy\" decoding=\"async\" class=\"aligncenter wp-image-84901 size-large\" src=\"https:\/\/charleroi-pourlapalestine.be\/wp-content\/uploads\/2025\/06\/7-juin-RF-4-591x500.png\" alt=\"\" width=\"591\" height=\"500\" srcset=\"https:\/\/charleroi-pourlapalestine.be\/wp-content\/uploads\/2025\/06\/7-juin-RF-4-591x500.png 591w, https:\/\/charleroi-pourlapalestine.be\/wp-content\/uploads\/2025\/06\/7-juin-RF-4-295x250.png 295w, https:\/\/charleroi-pourlapalestine.be\/wp-content\/uploads\/2025\/06\/7-juin-RF-4-768x650.png 768w, https:\/\/charleroi-pourlapalestine.be\/wp-content\/uploads\/2025\/06\/7-juin-RF-4.png 851w\" sizes=\"auto, (max-width: 591px) 100vw, 591px\" \/><\/p>\n<div id=\"attachment_84902\" style=\"width: 564px\" class=\"wp-caption aligncenter\"><img loading=\"lazy\" decoding=\"async\" aria-describedby=\"caption-attachment-84902\" class=\"wp-image-84902 size-large\" src=\"https:\/\/charleroi-pourlapalestine.be\/wp-content\/uploads\/2025\/06\/7-juin-RF-5-554x500.png\" alt=\"Le tournoi de football Toufan Al-Aqsa au Festival R\u00e9sistance le 7 juin. Les noms des \u00e9quipes concurrentes sont : Leila Khaled, Jabalia, Mohammad Sinwar, Rafah, Mohammad El-Deif et Gaza Stars. (Photo : RJ)\" width=\"554\" height=\"500\" srcset=\"https:\/\/charleroi-pourlapalestine.be\/wp-content\/uploads\/2025\/06\/7-juin-RF-5-554x500.png 554w, https:\/\/charleroi-pourlapalestine.be\/wp-content\/uploads\/2025\/06\/7-juin-RF-5-277x250.png 277w, https:\/\/charleroi-pourlapalestine.be\/wp-content\/uploads\/2025\/06\/7-juin-RF-5-768x693.png 768w, https:\/\/charleroi-pourlapalestine.be\/wp-content\/uploads\/2025\/06\/7-juin-RF-5.png 845w\" sizes=\"auto, (max-width: 554px) 100vw, 554px\" \/><p id=\"caption-attachment-84902\" class=\"wp-caption-text\"><strong>Le tournoi de football Toufan Al-Aqsa au Festival R\u00e9sistance le 7 juin. Les noms des \u00e9quipes concurrentes sont : Leila Khaled, Jabalia, Mohammad Sinwar, Rafah, Mohammad El-Deif et Gaza Stars.<\/strong> (Photo : RJ)<\/p><\/div>\n<p>&nbsp;<\/p>\n<p>Quand on d\u00e9ambule dans ce quartier de Bruxelles (les Marolles), il est facile de comprendre la classe ouvri\u00e8re qui, historiquement, l&rsquo;a habit\u00e9. Dans l&rsquo;environ, on trouve \u00e9galement des librairies de gauche, des centres sociaux et des espaces adapt\u00e9s aux migrants qui s&rsquo;alignent sur l&rsquo;\u00e9thique de solidarit\u00e9 de la place.<\/p>\n<div id=\"attachment_84903\" style=\"width: 630px\" class=\"wp-caption aligncenter\"><img loading=\"lazy\" decoding=\"async\" aria-describedby=\"caption-attachment-84903\" class=\"wp-image-84903 size-large\" src=\"https:\/\/charleroi-pourlapalestine.be\/wp-content\/uploads\/2025\/06\/7-juin-RF-6-620x500.png\" alt=\"Enfants dans le quartier des Marolles \u00e0 Bruxelles. (Photo :\" width=\"620\" height=\"500\" srcset=\"https:\/\/charleroi-pourlapalestine.be\/wp-content\/uploads\/2025\/06\/7-juin-RF-6-620x500.png 620w, https:\/\/charleroi-pourlapalestine.be\/wp-content\/uploads\/2025\/06\/7-juin-RF-6-310x250.png 310w, https:\/\/charleroi-pourlapalestine.be\/wp-content\/uploads\/2025\/06\/7-juin-RF-6-768x619.png 768w, https:\/\/charleroi-pourlapalestine.be\/wp-content\/uploads\/2025\/06\/7-juin-RF-6.png 881w\" sizes=\"auto, (max-width: 620px) 100vw, 620px\" \/><p id=\"caption-attachment-84903\" class=\"wp-caption-text\"><strong>Enfants dans le quartier des Marolles \u00e0 Bruxelles<\/strong>. (Photo :<\/p><\/div>\n<p>&nbsp;<\/p>\n<p>Ce dimanche (8 juin), les activistes propalestiniens impliqu\u00e9s dans le Festival R\u00e9sistance ont report\u00e9 une discussion pr\u00e9vue sur la r\u00e9sistance r\u00e9volutionnaire afin de rejoindre des centaines de personnes en col\u00e8re qui manifestaient contre le meurtre par la police, le 2 juin, d&rsquo;un jeune Moldave de 11 ans appel\u00e9<strong> Fabian,<\/strong> qui conduisait une trottinette \u00e9lectrique dans un parc, jusqu&rsquo;au moment o\u00f9 un v\u00e9hicule de la police l&rsquo;avait pris en chasse et l&rsquo;avait renvers\u00e9, provoquant ainsi son d\u00e9c\u00e8s. Les manifestants condamnaient les brutalit\u00e9s polici\u00e8res, le racisme syst\u00e9mique de la police belge et ils r\u00e9clamaient justice pour Fabian.<\/p>\n<div id=\"attachment_84904\" style=\"width: 562px\" class=\"wp-caption aligncenter\"><img loading=\"lazy\" decoding=\"async\" aria-describedby=\"caption-attachment-84904\" class=\"wp-image-84904 size-large\" src=\"https:\/\/charleroi-pourlapalestine.be\/wp-content\/uploads\/2025\/06\/7-juin-RF-7-552x500.png\" alt=\"Une participante de la manifestation \u00ab Justice pour Fabian \u00bb, le 8 juin 2025. (Photo : RN)\" width=\"552\" height=\"500\" srcset=\"https:\/\/charleroi-pourlapalestine.be\/wp-content\/uploads\/2025\/06\/7-juin-RF-7-552x500.png 552w, https:\/\/charleroi-pourlapalestine.be\/wp-content\/uploads\/2025\/06\/7-juin-RF-7-276x250.png 276w, https:\/\/charleroi-pourlapalestine.be\/wp-content\/uploads\/2025\/06\/7-juin-RF-7-768x695.png 768w, https:\/\/charleroi-pourlapalestine.be\/wp-content\/uploads\/2025\/06\/7-juin-RF-7.png 878w\" sizes=\"auto, (max-width: 552px) 100vw, 552px\" \/><p id=\"caption-attachment-84904\" class=\"wp-caption-text\"><strong>Une participante de la manifestation \u00ab Justice pour Fabian \u00bb, le 8 juin 2025.<\/strong> (Photo : RN)<\/p><\/div>\n<p>&nbsp;<\/p>\n<p>Je me trouvais parmi les participants de la manifestation qui r\u00e9clamait justice pour Fabian. \u00c0 certain moment, un journaliste m&rsquo;a approch\u00e9e et m&rsquo;a demand\u00e9 pourquoi j&rsquo;avais ralli\u00e9 la marche. Sans analyser les points de rencontre entre les violences polici\u00e8res en Europe, aux EU et la violence en Palestine, sans associer la brutalit\u00e9 de la police europ\u00e9enne aux syst\u00e8mes mondiaux du racisme et du colonialisme, je lui ai simplement expliqu\u00e9 que j&rsquo;\u00e9tais \u00e0 Bruxelles pour assister au Festival R\u00e9sistance de la Palestine et que je d\u00e9filais pour Fabian parce que la justice pour la Palestine, c&rsquo;est la justice pour tout le monde.<\/p>\n<p style=\"text-align: center;\">*****<\/p>\n<p><strong><img loading=\"lazy\" decoding=\"async\" class=\"alignleft wp-image-84911 size-medium\" src=\"https:\/\/charleroi-pourlapalestine.be\/wp-content\/uploads\/2025\/06\/Rima-Najjar-184x250.png\" alt=\"Rima Najjar\" width=\"184\" height=\"250\" srcset=\"https:\/\/charleroi-pourlapalestine.be\/wp-content\/uploads\/2025\/06\/Rima-Najjar-184x250.png 184w, https:\/\/charleroi-pourlapalestine.be\/wp-content\/uploads\/2025\/06\/Rima-Najjar.png 266w\" sizes=\"auto, (max-width: 184px) 100vw, 184px\" \/><a href=\"https:\/\/charleroi-pourlapalestine.be\/index.php\/page\/2\/?s=rima+najjar\" target=\"_blank\" rel=\"noopener\">Rima Najjar<\/a><\/strong> est une Palestinienne dont la branche paternelle de la famille provient du village d\u00e9peupl\u00e9 de force de Lifta, dans la p\u00e9riph\u00e9rie occidentale de J\u00e9rusalem et dont la branche maternelle de la famille est originaire d\u2019Ijzim, au sud de Ha\u00effa. C\u2019est une activiste, une chercheuse et une professeure retrait\u00e9e de litt\u00e9rature anglaise, \u00e0 l\u2019Universit\u00e9 Al-Quds, en Cisjordanie occup\u00e9e.<\/p>\n<p style=\"text-align: center;\">*****<\/p>\n<p>&nbsp;<\/p>\n<p>Publi\u00e9 le 9 juin 2025 sur <a href=\"https:\/\/rimanajjar.medium.com\/palestine-resistance-in-action-in-brussels-aac3d89c2b2e\" target=\"_blank\" rel=\"noopener\"><strong>le blog de Rima Najjar<\/strong><\/a><br \/>\nTraduction&nbsp; : Jean-Marie Fl\u00e9mal, <a href=\"https:\/\/charleroi-pourlapalestine.be\/\" target=\"_blank\" rel=\"noopener\">Charleroi pour la Palestine<\/a><\/p>\n","protected":false},"excerpt":{"rendered":"<p>La performance d&rsquo;Ahrar Palestine place Bethl\u00e9em a \u00e9mancip\u00e9 l&rsquo;identit\u00e9 palestinienne des jeunes. Plusieurs d&rsquo;entre eux ont insist\u00e9 pour \u00eatre photographi\u00e9s en compagnie des acteurs qui jouaient les militants \u2013 et repr\u00e9sentaient des combattants pour la libert\u00e9, et non des terroristes.<\/p>\n","protected":false},"author":1,"featured_media":84899,"comment_status":"closed","ping_status":"closed","sticky":false,"template":"","format":"standard","meta":{"ngg_post_thumbnail":0,"footnotes":""},"categories":[34,178,87,33,26,25,650,109,28],"tags":[],"class_list":["post-84896","post","type-post","status-publish","format-standard","has-post-thumbnail","hentry","category-les-chants","category-culture-2","category-liberte-dexpression","category-la-musique","category-la-poesie","category-la-resistance-palestinienne","category-sport","category-street-art","category-le-theatre"],"yoast_head":"<!-- This site is optimized with the Yoast SEO plugin v27.3 - https:\/\/yoast.com\/product\/yoast-seo-wordpress\/ -->\n<title>La R\u00e9sistance palestinienne \u00e0 l&#039;action \u00e0 Bruxelles<\/title>\n<meta name=\"description\" content=\"Le recours au spectacle pour illustrer l&#039;occupation, la d\u00e9portation et l&#039;identit\u00e9 nationale fait depuis longtemps partie de la r\u00e9sistance culturelle populaire en Palestine.\" \/>\n<meta name=\"robots\" content=\"index, follow, max-snippet:-1, max-image-preview:large, max-video-preview:-1\" \/>\n<link rel=\"canonical\" href=\"https:\/\/charleroi-pourlapalestine.be\/index.php\/2025\/06\/10\/la-resistance-palestinienne-a-laction-a-bruxelles\/\" \/>\n<script type=\"application\/ld+json\" class=\"yoast-schema-graph\">{\"@context\":\"https:\\\/\\\/schema.org\",\"@graph\":[{\"@type\":\"Article\",\"@id\":\"https:\\\/\\\/charleroi-pourlapalestine.be\\\/index.php\\\/2025\\\/06\\\/10\\\/la-resistance-palestinienne-a-laction-a-bruxelles\\\/#article\",\"isPartOf\":{\"@id\":\"https:\\\/\\\/charleroi-pourlapalestine.be\\\/index.php\\\/2025\\\/06\\\/10\\\/la-resistance-palestinienne-a-laction-a-bruxelles\\\/\"},\"author\":{\"name\":\"admin1873\",\"@id\":\"https:\\\/\\\/charleroi-pourlapalestine.be\\\/#\\\/schema\\\/person\\\/c19ff515112f1299d8c12671d8fe3faa\"},\"headline\":\"La R\u00e9sistance palestinienne \u00e0 l&rsquo;action \u00e0 Bruxelles\",\"datePublished\":\"2025-06-10T06:13:00+00:00\",\"dateModified\":\"2025-06-10T16:26:57+00:00\",\"mainEntityOfPage\":{\"@id\":\"https:\\\/\\\/charleroi-pourlapalestine.be\\\/index.php\\\/2025\\\/06\\\/10\\\/la-resistance-palestinienne-a-laction-a-bruxelles\\\/\"},\"wordCount\":1800,\"publisher\":{\"@id\":\"https:\\\/\\\/charleroi-pourlapalestine.be\\\/#organization\"},\"image\":{\"@id\":\"https:\\\/\\\/charleroi-pourlapalestine.be\\\/index.php\\\/2025\\\/06\\\/10\\\/la-resistance-palestinienne-a-laction-a-bruxelles\\\/#primaryimage\"},\"thumbnailUrl\":\"https:\\\/\\\/charleroi-pourlapalestine.be\\\/wp-content\\\/uploads\\\/2025\\\/06\\\/7-juin-RF-2-e1749535420485.png\",\"articleSection\":[\"Chants\",\"Culture\",\"Libert\u00e9 d'expression\",\"Musique\",\"Po\u00e9sie\",\"R\u00e9sistance\",\"Sport\",\"Street art\",\"Th\u00e9\u00e2tre\"],\"inLanguage\":\"fr-FR\"},{\"@type\":\"WebPage\",\"@id\":\"https:\\\/\\\/charleroi-pourlapalestine.be\\\/index.php\\\/2025\\\/06\\\/10\\\/la-resistance-palestinienne-a-laction-a-bruxelles\\\/\",\"url\":\"https:\\\/\\\/charleroi-pourlapalestine.be\\\/index.php\\\/2025\\\/06\\\/10\\\/la-resistance-palestinienne-a-laction-a-bruxelles\\\/\",\"name\":\"La R\u00e9sistance palestinienne \u00e0 l'action \u00e0 Bruxelles\",\"isPartOf\":{\"@id\":\"https:\\\/\\\/charleroi-pourlapalestine.be\\\/#website\"},\"primaryImageOfPage\":{\"@id\":\"https:\\\/\\\/charleroi-pourlapalestine.be\\\/index.php\\\/2025\\\/06\\\/10\\\/la-resistance-palestinienne-a-laction-a-bruxelles\\\/#primaryimage\"},\"image\":{\"@id\":\"https:\\\/\\\/charleroi-pourlapalestine.be\\\/index.php\\\/2025\\\/06\\\/10\\\/la-resistance-palestinienne-a-laction-a-bruxelles\\\/#primaryimage\"},\"thumbnailUrl\":\"https:\\\/\\\/charleroi-pourlapalestine.be\\\/wp-content\\\/uploads\\\/2025\\\/06\\\/7-juin-RF-2-e1749535420485.png\",\"datePublished\":\"2025-06-10T06:13:00+00:00\",\"dateModified\":\"2025-06-10T16:26:57+00:00\",\"description\":\"Le recours au spectacle pour illustrer l'occupation, la d\u00e9portation et l'identit\u00e9 nationale fait depuis longtemps partie de la r\u00e9sistance culturelle populaire en Palestine.\",\"breadcrumb\":{\"@id\":\"https:\\\/\\\/charleroi-pourlapalestine.be\\\/index.php\\\/2025\\\/06\\\/10\\\/la-resistance-palestinienne-a-laction-a-bruxelles\\\/#breadcrumb\"},\"inLanguage\":\"fr-FR\",\"potentialAction\":[{\"@type\":\"ReadAction\",\"target\":[\"https:\\\/\\\/charleroi-pourlapalestine.be\\\/index.php\\\/2025\\\/06\\\/10\\\/la-resistance-palestinienne-a-laction-a-bruxelles\\\/\"]}]},{\"@type\":\"ImageObject\",\"inLanguage\":\"fr-FR\",\"@id\":\"https:\\\/\\\/charleroi-pourlapalestine.be\\\/index.php\\\/2025\\\/06\\\/10\\\/la-resistance-palestinienne-a-laction-a-bruxelles\\\/#primaryimage\",\"url\":\"https:\\\/\\\/charleroi-pourlapalestine.be\\\/wp-content\\\/uploads\\\/2025\\\/06\\\/7-juin-RF-2-e1749535420485.png\",\"contentUrl\":\"https:\\\/\\\/charleroi-pourlapalestine.be\\\/wp-content\\\/uploads\\\/2025\\\/06\\\/7-juin-RF-2-e1749535420485.png\",\"width\":882,\"height\":557},{\"@type\":\"BreadcrumbList\",\"@id\":\"https:\\\/\\\/charleroi-pourlapalestine.be\\\/index.php\\\/2025\\\/06\\\/10\\\/la-resistance-palestinienne-a-laction-a-bruxelles\\\/#breadcrumb\",\"itemListElement\":[{\"@type\":\"ListItem\",\"position\":1,\"name\":\"Accueil\",\"item\":\"https:\\\/\\\/charleroi-pourlapalestine.be\\\/\"},{\"@type\":\"ListItem\",\"position\":2,\"name\":\"La R\u00e9sistance palestinienne \u00e0 l&rsquo;action \u00e0 Bruxelles\"}]},{\"@type\":\"WebSite\",\"@id\":\"https:\\\/\\\/charleroi-pourlapalestine.be\\\/#website\",\"url\":\"https:\\\/\\\/charleroi-pourlapalestine.be\\\/\",\"name\":\"Charleroi Pour la Palestine\",\"description\":\"\",\"publisher\":{\"@id\":\"https:\\\/\\\/charleroi-pourlapalestine.be\\\/#organization\"},\"potentialAction\":[{\"@type\":\"SearchAction\",\"target\":{\"@type\":\"EntryPoint\",\"urlTemplate\":\"https:\\\/\\\/charleroi-pourlapalestine.be\\\/?s={search_term_string}\"},\"query-input\":{\"@type\":\"PropertyValueSpecification\",\"valueRequired\":true,\"valueName\":\"search_term_string\"}}],\"inLanguage\":\"fr-FR\"},{\"@type\":\"Organization\",\"@id\":\"https:\\\/\\\/charleroi-pourlapalestine.be\\\/#organization\",\"name\":\"Plate-forme Charleroi-Palestine\",\"url\":\"https:\\\/\\\/charleroi-pourlapalestine.be\\\/\",\"logo\":{\"@type\":\"ImageObject\",\"inLanguage\":\"fr-FR\",\"@id\":\"https:\\\/\\\/charleroi-pourlapalestine.be\\\/#\\\/schema\\\/logo\\\/image\\\/\",\"url\":\"https:\\\/\\\/charleroi-pourlapalestine.be\\\/wp-content\\\/uploads\\\/2020\\\/01\\\/logo-Copy.jpg\",\"contentUrl\":\"https:\\\/\\\/charleroi-pourlapalestine.be\\\/wp-content\\\/uploads\\\/2020\\\/01\\\/logo-Copy.jpg\",\"width\":180,\"height\":180,\"caption\":\"Plate-forme Charleroi-Palestine\"},\"image\":{\"@id\":\"https:\\\/\\\/charleroi-pourlapalestine.be\\\/#\\\/schema\\\/logo\\\/image\\\/\"},\"sameAs\":[\"https:\\\/\\\/www.facebook.com\\\/PlateformeCharleroiPalestine\\\/\",\"https:\\\/\\\/x.com\\\/LaCharleroi\"]},{\"@type\":\"Person\",\"@id\":\"https:\\\/\\\/charleroi-pourlapalestine.be\\\/#\\\/schema\\\/person\\\/c19ff515112f1299d8c12671d8fe3faa\",\"name\":\"admin1873\",\"url\":\"https:\\\/\\\/charleroi-pourlapalestine.be\\\/index.php\\\/author\\\/admin1873\\\/\"}]}<\/script>\n<!-- \/ Yoast SEO plugin. -->","yoast_head_json":{"title":"La R\u00e9sistance palestinienne \u00e0 l'action \u00e0 Bruxelles","description":"Le recours au spectacle pour illustrer l'occupation, la d\u00e9portation et l'identit\u00e9 nationale fait depuis longtemps partie de la r\u00e9sistance culturelle populaire en Palestine.","robots":{"index":"index","follow":"follow","max-snippet":"max-snippet:-1","max-image-preview":"max-image-preview:large","max-video-preview":"max-video-preview:-1"},"canonical":"https:\/\/charleroi-pourlapalestine.be\/index.php\/2025\/06\/10\/la-resistance-palestinienne-a-laction-a-bruxelles\/","schema":{"@context":"https:\/\/schema.org","@graph":[{"@type":"Article","@id":"https:\/\/charleroi-pourlapalestine.be\/index.php\/2025\/06\/10\/la-resistance-palestinienne-a-laction-a-bruxelles\/#article","isPartOf":{"@id":"https:\/\/charleroi-pourlapalestine.be\/index.php\/2025\/06\/10\/la-resistance-palestinienne-a-laction-a-bruxelles\/"},"author":{"name":"admin1873","@id":"https:\/\/charleroi-pourlapalestine.be\/#\/schema\/person\/c19ff515112f1299d8c12671d8fe3faa"},"headline":"La R\u00e9sistance palestinienne \u00e0 l&rsquo;action \u00e0 Bruxelles","datePublished":"2025-06-10T06:13:00+00:00","dateModified":"2025-06-10T16:26:57+00:00","mainEntityOfPage":{"@id":"https:\/\/charleroi-pourlapalestine.be\/index.php\/2025\/06\/10\/la-resistance-palestinienne-a-laction-a-bruxelles\/"},"wordCount":1800,"publisher":{"@id":"https:\/\/charleroi-pourlapalestine.be\/#organization"},"image":{"@id":"https:\/\/charleroi-pourlapalestine.be\/index.php\/2025\/06\/10\/la-resistance-palestinienne-a-laction-a-bruxelles\/#primaryimage"},"thumbnailUrl":"https:\/\/charleroi-pourlapalestine.be\/wp-content\/uploads\/2025\/06\/7-juin-RF-2-e1749535420485.png","articleSection":["Chants","Culture","Libert\u00e9 d'expression","Musique","Po\u00e9sie","R\u00e9sistance","Sport","Street art","Th\u00e9\u00e2tre"],"inLanguage":"fr-FR"},{"@type":"WebPage","@id":"https:\/\/charleroi-pourlapalestine.be\/index.php\/2025\/06\/10\/la-resistance-palestinienne-a-laction-a-bruxelles\/","url":"https:\/\/charleroi-pourlapalestine.be\/index.php\/2025\/06\/10\/la-resistance-palestinienne-a-laction-a-bruxelles\/","name":"La R\u00e9sistance palestinienne \u00e0 l'action \u00e0 Bruxelles","isPartOf":{"@id":"https:\/\/charleroi-pourlapalestine.be\/#website"},"primaryImageOfPage":{"@id":"https:\/\/charleroi-pourlapalestine.be\/index.php\/2025\/06\/10\/la-resistance-palestinienne-a-laction-a-bruxelles\/#primaryimage"},"image":{"@id":"https:\/\/charleroi-pourlapalestine.be\/index.php\/2025\/06\/10\/la-resistance-palestinienne-a-laction-a-bruxelles\/#primaryimage"},"thumbnailUrl":"https:\/\/charleroi-pourlapalestine.be\/wp-content\/uploads\/2025\/06\/7-juin-RF-2-e1749535420485.png","datePublished":"2025-06-10T06:13:00+00:00","dateModified":"2025-06-10T16:26:57+00:00","description":"Le recours au spectacle pour illustrer l'occupation, la d\u00e9portation et l'identit\u00e9 nationale fait depuis longtemps partie de la r\u00e9sistance culturelle populaire en Palestine.","breadcrumb":{"@id":"https:\/\/charleroi-pourlapalestine.be\/index.php\/2025\/06\/10\/la-resistance-palestinienne-a-laction-a-bruxelles\/#breadcrumb"},"inLanguage":"fr-FR","potentialAction":[{"@type":"ReadAction","target":["https:\/\/charleroi-pourlapalestine.be\/index.php\/2025\/06\/10\/la-resistance-palestinienne-a-laction-a-bruxelles\/"]}]},{"@type":"ImageObject","inLanguage":"fr-FR","@id":"https:\/\/charleroi-pourlapalestine.be\/index.php\/2025\/06\/10\/la-resistance-palestinienne-a-laction-a-bruxelles\/#primaryimage","url":"https:\/\/charleroi-pourlapalestine.be\/wp-content\/uploads\/2025\/06\/7-juin-RF-2-e1749535420485.png","contentUrl":"https:\/\/charleroi-pourlapalestine.be\/wp-content\/uploads\/2025\/06\/7-juin-RF-2-e1749535420485.png","width":882,"height":557},{"@type":"BreadcrumbList","@id":"https:\/\/charleroi-pourlapalestine.be\/index.php\/2025\/06\/10\/la-resistance-palestinienne-a-laction-a-bruxelles\/#breadcrumb","itemListElement":[{"@type":"ListItem","position":1,"name":"Accueil","item":"https:\/\/charleroi-pourlapalestine.be\/"},{"@type":"ListItem","position":2,"name":"La R\u00e9sistance palestinienne \u00e0 l&rsquo;action \u00e0 Bruxelles"}]},{"@type":"WebSite","@id":"https:\/\/charleroi-pourlapalestine.be\/#website","url":"https:\/\/charleroi-pourlapalestine.be\/","name":"Charleroi Pour la Palestine","description":"","publisher":{"@id":"https:\/\/charleroi-pourlapalestine.be\/#organization"},"potentialAction":[{"@type":"SearchAction","target":{"@type":"EntryPoint","urlTemplate":"https:\/\/charleroi-pourlapalestine.be\/?s={search_term_string}"},"query-input":{"@type":"PropertyValueSpecification","valueRequired":true,"valueName":"search_term_string"}}],"inLanguage":"fr-FR"},{"@type":"Organization","@id":"https:\/\/charleroi-pourlapalestine.be\/#organization","name":"Plate-forme Charleroi-Palestine","url":"https:\/\/charleroi-pourlapalestine.be\/","logo":{"@type":"ImageObject","inLanguage":"fr-FR","@id":"https:\/\/charleroi-pourlapalestine.be\/#\/schema\/logo\/image\/","url":"https:\/\/charleroi-pourlapalestine.be\/wp-content\/uploads\/2020\/01\/logo-Copy.jpg","contentUrl":"https:\/\/charleroi-pourlapalestine.be\/wp-content\/uploads\/2020\/01\/logo-Copy.jpg","width":180,"height":180,"caption":"Plate-forme Charleroi-Palestine"},"image":{"@id":"https:\/\/charleroi-pourlapalestine.be\/#\/schema\/logo\/image\/"},"sameAs":["https:\/\/www.facebook.com\/PlateformeCharleroiPalestine\/","https:\/\/x.com\/LaCharleroi"]},{"@type":"Person","@id":"https:\/\/charleroi-pourlapalestine.be\/#\/schema\/person\/c19ff515112f1299d8c12671d8fe3faa","name":"admin1873","url":"https:\/\/charleroi-pourlapalestine.be\/index.php\/author\/admin1873\/"}]}},"_links":{"self":[{"href":"https:\/\/charleroi-pourlapalestine.be\/index.php\/wp-json\/wp\/v2\/posts\/84896","targetHints":{"allow":["GET"]}}],"collection":[{"href":"https:\/\/charleroi-pourlapalestine.be\/index.php\/wp-json\/wp\/v2\/posts"}],"about":[{"href":"https:\/\/charleroi-pourlapalestine.be\/index.php\/wp-json\/wp\/v2\/types\/post"}],"author":[{"embeddable":true,"href":"https:\/\/charleroi-pourlapalestine.be\/index.php\/wp-json\/wp\/v2\/users\/1"}],"replies":[{"embeddable":true,"href":"https:\/\/charleroi-pourlapalestine.be\/index.php\/wp-json\/wp\/v2\/comments?post=84896"}],"version-history":[{"count":0,"href":"https:\/\/charleroi-pourlapalestine.be\/index.php\/wp-json\/wp\/v2\/posts\/84896\/revisions"}],"wp:featuredmedia":[{"embeddable":true,"href":"https:\/\/charleroi-pourlapalestine.be\/index.php\/wp-json\/wp\/v2\/media\/84899"}],"wp:attachment":[{"href":"https:\/\/charleroi-pourlapalestine.be\/index.php\/wp-json\/wp\/v2\/media?parent=84896"}],"wp:term":[{"taxonomy":"category","embeddable":true,"href":"https:\/\/charleroi-pourlapalestine.be\/index.php\/wp-json\/wp\/v2\/categories?post=84896"},{"taxonomy":"post_tag","embeddable":true,"href":"https:\/\/charleroi-pourlapalestine.be\/index.php\/wp-json\/wp\/v2\/tags?post=84896"}],"curies":[{"name":"wp","href":"https:\/\/api.w.org\/{rel}","templated":true}]}}