{"id":84914,"date":"2025-06-11T22:32:07","date_gmt":"2025-06-11T20:32:07","guid":{"rendered":"https:\/\/charleroi-pourlapalestine.be\/?p=84914"},"modified":"2025-06-12T16:35:09","modified_gmt":"2025-06-12T14:35:09","slug":"le-degout-face-a-israel-croit-dans-le-monde-entier-revele-une-nouvelle-enquete","status":"publish","type":"post","link":"https:\/\/charleroi-pourlapalestine.be\/index.php\/2025\/06\/11\/le-degout-face-a-israel-croit-dans-le-monde-entier-revele-une-nouvelle-enquete\/","title":{"rendered":"Le d\u00e9go\u00fbt face \u00e0 Isra\u00ebl cro\u00eet dans le monde entier"},"content":{"rendered":"<p>Au bout de vingt mois de son g\u00e9nocide perp\u00e9tr\u00e9 en direct \u00e0 Gaza et \u00e0 l&rsquo;intensit\u00e9 sans cesse accrue, il ne serait gu\u00e8re controvers\u00e9 de conclure qu&rsquo;Isra\u00ebl est l&rsquo;un des pays les plus d\u00e9test\u00e9s de la plan\u00e8te.<\/p>\n<p>&nbsp;<\/p>\n<div id=\"attachment_84937\" style=\"width: 1090px\" class=\"wp-caption aligncenter\"><img loading=\"lazy\" decoding=\"async\" aria-describedby=\"caption-attachment-84937\" class=\"wp-image-84937 size-full\" src=\"https:\/\/charleroi-pourlapalestine.be\/wp-content\/uploads\/2025\/06\/Caravane-du-Sumud-e1749668703255.jpg\" alt=\"Le d\u00e9go\u00fbt face \u00e0 Isra\u00ebl cro\u00eet dans le monde entier, r\u00e9v\u00e8le une nouvelle enqu\u00eate. Photo : Plus de 10 000 personnes de l\u2019ensemble de l\u2019Afrique du Nord se sont inscrites pour rallier la Caravane du Sumud, qui a d\u00e9marre de l'Alg\u00e9rie, avec des participants du Maroc \u00e0 la Mauritanie, et passera par Tunis, o\u00f9 des milliers de personnes la rallieront \u00e0 l\u2019initiative d\u2019une large alliance d\u2019organisations tunisiennes, y compris la Coalition Action commune pour la Palestine en Tunisie, par la Libye, puis par l\u2019\u00c9gypte, pour se diriger vers le passage de Rafah avec des cars, des camionnettes et des camions. \" width=\"1080\" height=\"835\" srcset=\"https:\/\/charleroi-pourlapalestine.be\/wp-content\/uploads\/2025\/06\/Caravane-du-Sumud-e1749668703255.jpg 1080w, https:\/\/charleroi-pourlapalestine.be\/wp-content\/uploads\/2025\/06\/Caravane-du-Sumud-e1749668703255-323x250.jpg 323w, https:\/\/charleroi-pourlapalestine.be\/wp-content\/uploads\/2025\/06\/Caravane-du-Sumud-e1749668703255-647x500.jpg 647w, https:\/\/charleroi-pourlapalestine.be\/wp-content\/uploads\/2025\/06\/Caravane-du-Sumud-e1749668703255-768x594.jpg 768w\" sizes=\"auto, (max-width: 1080px) 100vw, 1080px\" \/><p id=\"caption-attachment-84937\" class=\"wp-caption-text\"><strong>Plus de 10 000 personnes de l\u2019ensemble de l\u2019Afrique du Nord se sont inscrites pour rallier la Caravane du Sumud, qui a d\u00e9marr\u00e9 de l&rsquo;Alg\u00e9rie, avec des participants du Maroc \u00e0 la Mauritanie, et qui passera par Tunis, o\u00f9 des milliers de personnes la rallieront \u00e0 l\u2019initiative d\u2019une large alliance d\u2019organisations tunisiennes, y compris la Coalition Action commune pour la Palestine en Tunisie, par la Libye, puis par l\u2019\u00c9gypte, pour se diriger vers le passage de Rafah avec des cars, des camionnettes et des camions.<\/strong><\/p><\/div>\n<p>&nbsp;<\/p>\n<p><strong>Ali Abunimah,<\/strong> 4 juin 2025<\/p>\n<p>Mais une nouvelle enqu\u00eate au niveau mondial men\u00e9e par le Pew Research Center (install\u00e9 aux EU) r\u00e9v\u00e8le pr\u00e9cis\u00e9ment \u00e0 quel point Isra\u00ebl est devenu impopulaire, particuli\u00e8rement dans les \u00c9tats nord-am\u00e9ricains et europ\u00e9ens o\u00f9 Tel-Aviv a toujours trouv\u00e9 ses principales sources de soutien financier, militaire et politique.<\/p>\n<blockquote><p>\u00ab Dans 20 des 24 pays examin\u00e9s, environ une moiti\u00e9 ou plus des adultes portent un regard d\u00e9favorable sur Isra\u00ebl \u00bb,<\/p><\/blockquote>\n<p>rapportait Pew le 3 juin.<\/p>\n<blockquote><p>\u00ab Environ trois quarts ou plus partagent ce point de vue en Australie, en Gr\u00e8ce, en Indon\u00e9sie, au Japon, aux Pays-Bas, en Espagne, en Su\u00e8de et en Turquie. \u00bb<\/p><\/blockquote>\n<p>Pew dit qu&rsquo;il a pos\u00e9 derni\u00e8rement la question dans 10 des pays repris dans son nouveau rapport en 2013.<\/p>\n<blockquote><p>\u00ab Dans sept de ces pays, la part des adultes portant un regard n\u00e9gatif sur Isra\u00ebl a augment\u00e9 significativement. \u00bb<\/p><\/blockquote>\n<p>Isra\u00ebl \u00e9tait particuli\u00e8rement impopulaire en Turquie, o\u00f9 93 pour 100 des personnes interrog\u00e9es le per\u00e7oivent d\u00e9favorablement. La Turquie \u00e9tait le seul pays des abords imm\u00e9diats de la Palestine a \u00eatre examin\u00e9 par Pew.<\/p>\n<p>&nbsp;<\/p>\n<div id=\"attachment_84915\" style=\"width: 497px\" class=\"wp-caption aligncenter\"><img loading=\"lazy\" decoding=\"async\" aria-describedby=\"caption-attachment-84915\" class=\"wp-image-84915 size-full\" src=\"https:\/\/charleroi-pourlapalestine.be\/wp-content\/uploads\/2025\/06\/Graphique.png\" alt=\"Le d\u00e9go\u00fbt face \u00e0 Isra\u00ebl cro\u00eet dans le monde entier, r\u00e9v\u00e8le une nouvelle enqu\u00eate. Photo :&nbsp;Isra\u00ebl est per\u00e7u n\u00e9gativement par une large majorit\u00e9 dans la plupart des pays examin\u00e9s par le Pew Research Center.\" width=\"487\" height=\"837\" srcset=\"https:\/\/charleroi-pourlapalestine.be\/wp-content\/uploads\/2025\/06\/Graphique.png 487w, https:\/\/charleroi-pourlapalestine.be\/wp-content\/uploads\/2025\/06\/Graphique-145x250.png 145w, https:\/\/charleroi-pourlapalestine.be\/wp-content\/uploads\/2025\/06\/Graphique-291x500.png 291w\" sizes=\"auto, (max-width: 487px) 100vw, 487px\" \/><p id=\"caption-attachment-84915\" class=\"wp-caption-text\"><strong>&nbsp;Isra\u00ebl est per\u00e7u n\u00e9gativement par une large majorit\u00e9 dans la plupart des pays examin\u00e9s par le Pew Research Center.<\/strong><\/p><\/div>\n<p>&nbsp;<\/p>\n<p>Parmi les pays europ\u00e9ens \u00e9tudi\u00e9s, Isra\u00ebl \u00e9tait per\u00e7u le plus n\u00e9gativement aux Pays-Bas (78 pour 100), un fait remarquable dans un pays dont les gouvernements sont<a href=\"https:\/\/electronicintifada.net\/blogs\/ali-abunimah\/netherlands-rewards-israel-killing-gaza-children\" target=\"_blank\" rel=\"noopener\"> traditionnellement<\/a> des amis fid\u00e8les d&rsquo;Isra\u00ebl.<\/p>\n<p>M\u00eame en Hongrie \u2013 dont le dirigeant Viktor Orban a <a href=\"https:\/\/x.com\/PM_ViktorOrban\/status\/1907727009091867014\" target=\"_blank\" rel=\"noopener\">accueilli<\/a> Benjamin Netanyahou \u00e0 Budapest un peu plus t\u00f4t cette ann\u00e9e, en d\u00e9pit du mandat d&rsquo;arr\u00eat international \u00e9mis contre le Premier isra\u00e9lien \u2013 53 pour 100 du public per\u00e7oit Isra\u00ebl n\u00e9gativement.<\/p>\n<p>&nbsp;<\/p>\n<h3>Un glissement historique aux EU<\/h3>\n<p>Aux \u00c9tats-Unis \u2013 le principal financier et fournisseur d&rsquo;armes de l&rsquo;\u00e9tat g\u00e9nocidaire \u2013, 53 pour 100 des personnes interrog\u00e9es portent d\u00e9sormais un regard n\u00e9gatif sur Isra\u00ebl \u2013 une augmentation de 11 pour 100 par rapport \u00e0 2011, indique Pew.<\/p>\n<p>Ces derni\u00e8res ann\u00e9es, les enqu\u00eates ont <a href=\"https:\/\/electronicintifada.net\/blogs\/ali-abunimah\/another-poll-signals-fall-us-support-israel\" target=\"_blank\" rel=\"noopener\">constamment \u00e9tabli<\/a> qu&rsquo;Isra\u00ebl \u00e9tait extr\u00eamement impopulaire au sein des majorit\u00e9s d\u00e9mocrates, chez les jeunes Am\u00e9ricains et les gens de couleur.<\/p>\n<p>Mais c&rsquo;est un ph\u00e9nom\u00e8ne absolument in\u00e9dit qu&rsquo;une majorit\u00e9 de la population en g\u00e9n\u00e9ral per\u00e7oive Isra\u00ebl de fa\u00e7on n\u00e9gative.<\/p>\n<p>L&rsquo;\u00e9rosion du soutien \u00e0 Isra\u00ebl aux \u00c9tats-Unis \u2013 particuli\u00e8rement chez les plus jaunes \u2013 embarrasse depuis longtemps Isra\u00ebl et ses groupes de pression qui y voient une menace potentielle contre le soutien \u00e0 long terme des EU \u00e0 Isra\u00ebl.<\/p>\n<p>Cela explique sans doute pourquoi l&rsquo;administration Trump a concentr\u00e9 sa r\u00e9pression anticonstitutionnelle sur la libre expression critique \u00e0 l&rsquo;\u00e9gard d&rsquo;Isra\u00ebl dans les campus universitaires et ce, dans un effort en vue d&rsquo;effrayer la jeune g\u00e9n\u00e9ration en ligne.<\/p>\n<p>Le passage \u00e0 une censure \u00e0 la main lourde, pas seulement aux EU mais \u00e9galement dans maints pays d&rsquo;Europe, constitue \u00e9galement un aveu de ce que les efforts en vue d&rsquo;assimiler la d\u00e9sapprobation des crimes d&rsquo;Isra\u00ebl \u00e0 de l&rsquo;antis\u00e9mitisme ou de redorer le blason d&rsquo;Isra\u00ebl via d&rsquo;on\u00e9reuses campagnes de relations publiques, ne peuvent rien face \u00e0 l&rsquo;horrible r\u00e9alit\u00e9 d\u00e9vers\u00e9e quotidiennement depuis Gaza sur les \u00e9crans de t\u00e9l\u00e9phone des gens.<\/p>\n<p>&nbsp;<\/p>\n<h3>Une fissure dans la droite am\u00e9ricaine ?<\/h3>\n<p>Dans bien des pays o\u00f9 il a effectu\u00e9 des enqu\u00eates, Pew a remarqu\u00e9 que<\/p>\n<blockquote><p>\u00ab les gens qui se situent eux-m\u00eames \u00e0 gauche ont une perception plus n\u00e9gative d&rsquo;Isra\u00ebl que les gens de droite \u00bb.<\/p><\/blockquote>\n<p>Mais ce foss\u00e9 id\u00e9ologique est le plus prononc\u00e9 aux EU, selon Pew, o\u00f9<\/p>\n<blockquote><p>\u00ab 74 pour 100 des lib\u00e9raux (c&rsquo;est-\u00e0-dire des progressistes, en gros \u2013 NdT) ont une image n\u00e9gative d&rsquo;Isra\u00ebl, compar\u00e9s aux 30 pour 100 de conservateurs \u00bb.<\/p><\/blockquote>\n<p>Toutefois, dans une enqu\u00eate r\u00e9alis\u00e9e en avril, Pew a d\u00e9couvert<a href=\"https:\/\/www.pewresearch.org\/short-reads\/2025\/04\/08\/how-americans-view-israel-and-the-israel-hamas-war-at-the-start-of-trumps-second-term\/#views-of-israel\" target=\"_blank\" rel=\"noopener\"> une forte hausse<\/a> du nombre d&rsquo;\u00e9lecteurs r\u00e9publicains qui per\u00e7oivent d\u00e9favorablement Isra\u00ebl \u2013 de 27 \u00e0 37 pour 100 \u2013, ce qui indique qu&rsquo;Isra\u00ebl perd r\u00e9ellement du soutien dans l&rsquo;ensemble du spectre politique.<\/p>\n<p>Ces derni\u00e8res ann\u00e9es, un nouveau ph\u00e9nom\u00e8ne remarquable est apparu : d&rsquo;\u00e9minents commentateurs de droite, tels Tucker Carlson, Candace Owens et le juge Andrew Napolitano, ont exprim\u00e9 leur scepticisme, et parfois m\u00eame des critiques virulentes, \u00e0 l&rsquo;\u00e9gard d&rsquo;Isra\u00ebl et du soutien am\u00e9ricain dont il b\u00e9n\u00e9ficie, alors que cela e\u00fbt sembl\u00e9 impensable quelque temps plus t\u00f4t.<\/p>\n<p>Le progression des sceptiques \u00e0 l&rsquo;\u00e9gard d&rsquo;Isra\u00ebl au sein de l&rsquo;administration Trump et, plus g\u00e9n\u00e9ralement, de la droite am\u00e9ricaine a, para\u00eet-il, pouss\u00e9 Netanyahou \u00e0 confier \u00e0 des proches qu&rsquo;<\/p>\n<blockquote><p>\u00ab il avait mal \u00e9valu\u00e9 la direction que prenaient les EU \u00e0 propos d&rsquo;Isra\u00ebl et du Moyen-Orient au sens plus large \u00bb,<\/p><\/blockquote>\n<p>a<a href=\"https:\/\/www.ynetnews.com\/article\/byduenimee\" target=\"_blank\" rel=\"noopener\"> rapport\u00e9<\/a> le site isra\u00e9lien Ynet.<\/p>\n<p>Avec des personnalit\u00e9s remarquables comme Napolitano, un fervent partisan des droits palestiniens s&rsquo;appuyant sur des bases morales, la rupture dans le consensus pro-isra\u00e9lien de la droite am\u00e9ricaine est davantage motiv\u00e9e par des d\u00e9saccords quant \u00e0 la fa\u00e7on dont Isra\u00ebl s&rsquo;int\u00e8gre dans une vision de \u00ab l&rsquo;Am\u00e9rique d&rsquo;abord \u00bb et par la perception de ce qu&rsquo;Isra\u00ebl pousse \u00e0 son profit les EU \u00e0 s&rsquo;engager dans des guerres d\u00e9sastreuses.<\/p>\n<p>Certes, quels que puissent \u00eatre \u00e0 la Maison-Blanche les sentiments n\u00e9gatifs \u00e0 l&rsquo;\u00e9gard d&rsquo;Isra\u00ebl et de son dirigeant, ils n&rsquo;ont pas \u00e9t\u00e9 suivis de la moindre pression am\u00e9ricaine pour qu&rsquo;Isra\u00ebl mette un terme au g\u00e9nocide.<\/p>\n<p>&nbsp;<\/p>\n<h3>La r\u00e9putation d&rsquo;Isra\u00ebl s&rsquo;effondre en Europe<\/h3>\n<p>La pression publique semble n\u00e9anmoins avoir de l&rsquo;effet dans d&rsquo;autres pays occidentaux, o\u00f9 les gouvernements fid\u00e8lement pro-isra\u00e9liens intensifient leurs critiques \u00e0 l&rsquo;\u00e9gard d&rsquo;Isra\u00ebl.<\/p>\n<p>En mai, la France, le Royaume-Uni et le Canada ont <a href=\"https:\/\/www.gov.uk\/government\/news\/joint-statement-from-the-leaders-of-the-united-kingdom-france-and-canada-on-the-situation-in-gaza-and-the-west-bank\" target=\"_blank\" rel=\"noopener\">menac\u00e9<\/a> Isra\u00ebl d&rsquo;<em>\u00ab actions concr\u00e8tes \u00bb<\/em> non pr\u00e9cis\u00e9es s&rsquo;il ne met pas un terme \u00e0 son si\u00e8ge de Gaza par la famine.<\/p>\n<p>Et, la semaine derni\u00e8re, pr\u00e9cis\u00e9ment, l&rsquo;Irlande est devenue le premier pays europ\u00e9en et membre de l&rsquo;UE \u00e0 d\u00e9clarer au plus haut niveau qu&rsquo;<a href=\"https:\/\/electronicintifada.net\/blogs\/eli-gerzon\/livestream-us-and-israel-play-ceasefire-tricks-hamas\" target=\"_blank\" rel=\"noopener\">Isra\u00ebl commettait un g\u00e9nocide<\/a> \u00e0 Gaza.<\/p>\n<p>L&rsquo;Union europ\u00e9enne<a href=\"https:\/\/www.reuters.com\/world\/middle-east\/eu-will-review-trade-deal-with-israel-kallas-says-2025-05-20\/\" target=\"_blank\" rel=\"noopener\"><em> \u00ab r\u00e9vise \u00bb<\/em><\/a> elle aussi son accord associatif avec Isra\u00ebl et ce, parmi des appels de plus en plus nombreux lui demandant de suspendre cet accord commercial des plus lucratifs.<\/p>\n<p>\u00c9tant donn\u00e9 que, r\u00e9cemment, l&rsquo;UE s&rsquo;est <a href=\"https:\/\/enlargement.ec.europa.eu\/news\/eu-adopts-17th-sanctions-package-against-russia-2025-05-20_en\" target=\"_blank\" rel=\"noopener\">vant\u00e9e<\/a> d&rsquo;avoir adopt\u00e9 son 17e <em>\u00ab paquet \u00bb<\/em> de sanctions contre la Russie depuis 2022, ces d\u00e9clarations concernant Isra\u00ebl s&rsquo;av\u00e8rent malheureusement tardives et inad\u00e9quates.<\/p>\n<p>Du fait qu&rsquo;Isra\u00ebl extermine ouvertement les Palestiniens via d&rsquo;incessants bombardements et par la famine, Bruxelles se doit d&rsquo;imposer \u00e0 Tel-Aviv tout <a href=\"https:\/\/www.politico.eu\/article\/eu-imposes-sanctions-on-extremist-settlers-and-entities-over-violence-in-west-bank\/\" target=\"_blank\" rel=\"noopener\">autre chose<\/a> que des sanctions symboliques.<\/p>\n<p>Pourtant, il y a des signes de mouvement. Cette semaine, l&rsquo;Espagne a <a href=\"https:\/\/www.ynetnews.com\/business\/article\/b1g1bphgll\" target=\"_blank\" rel=\"noopener\">annul\u00e9<\/a> un achat d&rsquo;armes de 310 millions de USD aupr\u00e8s de la firme d&rsquo;armement isra\u00e9lienne Rafael. Cela faisait partie d&rsquo;une s\u00e9rie de mesures d\u00e9cid\u00e9es par Madrid \u00ab afin de r\u00e9duire la d\u00e9pendance de l&rsquo;Espagne vis-\u00e0-vis de la technologie de d\u00e9fense isra\u00e9lienne et ce, \u00e0 la lumi\u00e8re des actuelles op\u00e9rations militaires isra\u00e9liennes \u00e0 Gaza \u00bb.<\/p>\n<p>En Espagne, selon Pew, 75 pour 100 du public a une perception n\u00e9gative d&rsquo;Isra\u00ebl.<\/p>\n<p>Ces d\u00e9marches ont beau sembler modestes et tardives, elles n&rsquo;auraient sans doute pas eu lieu du tout sans l&rsquo;indignation constante et ouverte du public soulev\u00e9e par les crimes d&rsquo;Isra\u00ebl et la complicit\u00e9 des gouvernements europ\u00e9ens et autres.<\/p>\n<p>Ce sont des signes qui r\u00e9v\u00e8lent que la pression et les protestations du public importent malgr\u00e9 tout et qu&rsquo;elles sont plus importantes que jamais pour mettre un terme \u00e0 ce g\u00e9nocide.<\/p>\n<p style=\"text-align: center;\">*****<\/p>\n<p>Publi\u00e9 le 4 juin 2025 sur<a href=\"https:\/\/electronicintifada.net\/blogs\/ali-abunimah\/revulsion-israel-surges-worldwide-new-survey-finds\" target=\"_blank\" rel=\"noopener\"> The Electronic Intifada<\/a><br \/>\nTraduction : Jean-Marie Fl\u00e9mal, <a href=\"https:\/\/charleroi-pourlapalestine.be\/\">Charleroi pour la Palestine<\/a><\/p>\n<p>&nbsp;<\/p>\n","protected":false},"excerpt":{"rendered":"<p>Au bout de vingt mois de son g\u00e9nocide perp\u00e9tr\u00e9 en direct \u00e0 Gaza et \u00e0 l&rsquo;intensit\u00e9 sans cesse accrue, il ne serait gu\u00e8re controvers\u00e9 de conclure qu&rsquo;Isra\u00ebl est l&rsquo;un des pays les plus d\u00e9test\u00e9s de la plan\u00e8te.<\/p>\n","protected":false},"author":1,"featured_media":84937,"comment_status":"closed","ping_status":"closed","sticky":false,"template":"","format":"standard","meta":{"ngg_post_thumbnail":0,"footnotes":""},"categories":[52,344,126],"tags":[],"class_list":["post-84914","post","type-post","status-publish","format-standard","has-post-thumbnail","hentry","category-la-cour-penale-internationale","category-genocide","category-israel"],"yoast_head":"<!-- This site is optimized with the Yoast SEO plugin v27.3 - https:\/\/yoast.com\/product\/yoast-seo-wordpress\/ -->\n<title>Le d\u00e9go\u00fbt face \u00e0 Isra\u00ebl cro\u00eet dans le monde entier<\/title>\n<meta name=\"description\" content=\"Une enqu\u00eate pr\u00e9cise \u00e0 quel point Isra\u00ebl est devenu impopulaire, particuli\u00e8rement dans les \u00c9tats nord-am\u00e9ricains et europ\u00e9ens\" \/>\n<meta name=\"robots\" content=\"index, follow, max-snippet:-1, max-image-preview:large, max-video-preview:-1\" \/>\n<link rel=\"canonical\" href=\"https:\/\/charleroi-pourlapalestine.be\/index.php\/2025\/06\/11\/le-degout-face-a-israel-croit-dans-le-monde-entier-revele-une-nouvelle-enquete\/\" \/>\n<script type=\"application\/ld+json\" class=\"yoast-schema-graph\">{\"@context\":\"https:\\\/\\\/schema.org\",\"@graph\":[{\"@type\":\"Article\",\"@id\":\"https:\\\/\\\/charleroi-pourlapalestine.be\\\/index.php\\\/2025\\\/06\\\/11\\\/le-degout-face-a-israel-croit-dans-le-monde-entier-revele-une-nouvelle-enquete\\\/#article\",\"isPartOf\":{\"@id\":\"https:\\\/\\\/charleroi-pourlapalestine.be\\\/index.php\\\/2025\\\/06\\\/11\\\/le-degout-face-a-israel-croit-dans-le-monde-entier-revele-une-nouvelle-enquete\\\/\"},\"author\":{\"name\":\"admin1873\",\"@id\":\"https:\\\/\\\/charleroi-pourlapalestine.be\\\/#\\\/schema\\\/person\\\/c19ff515112f1299d8c12671d8fe3faa\"},\"headline\":\"Le d\u00e9go\u00fbt face \u00e0 Isra\u00ebl cro\u00eet dans le monde entier\",\"datePublished\":\"2025-06-11T20:32:07+00:00\",\"dateModified\":\"2025-06-12T14:35:09+00:00\",\"mainEntityOfPage\":{\"@id\":\"https:\\\/\\\/charleroi-pourlapalestine.be\\\/index.php\\\/2025\\\/06\\\/11\\\/le-degout-face-a-israel-croit-dans-le-monde-entier-revele-une-nouvelle-enquete\\\/\"},\"wordCount\":1518,\"publisher\":{\"@id\":\"https:\\\/\\\/charleroi-pourlapalestine.be\\\/#organization\"},\"image\":{\"@id\":\"https:\\\/\\\/charleroi-pourlapalestine.be\\\/index.php\\\/2025\\\/06\\\/11\\\/le-degout-face-a-israel-croit-dans-le-monde-entier-revele-une-nouvelle-enquete\\\/#primaryimage\"},\"thumbnailUrl\":\"https:\\\/\\\/charleroi-pourlapalestine.be\\\/wp-content\\\/uploads\\\/2025\\\/06\\\/Caravane-du-Sumud-e1749668703255.jpg\",\"articleSection\":[\"Etats-Unis\",\"G\u00e9nocide\",\"Isra\u00ebl\"],\"inLanguage\":\"fr-FR\"},{\"@type\":\"WebPage\",\"@id\":\"https:\\\/\\\/charleroi-pourlapalestine.be\\\/index.php\\\/2025\\\/06\\\/11\\\/le-degout-face-a-israel-croit-dans-le-monde-entier-revele-une-nouvelle-enquete\\\/\",\"url\":\"https:\\\/\\\/charleroi-pourlapalestine.be\\\/index.php\\\/2025\\\/06\\\/11\\\/le-degout-face-a-israel-croit-dans-le-monde-entier-revele-une-nouvelle-enquete\\\/\",\"name\":\"Le d\u00e9go\u00fbt face \u00e0 Isra\u00ebl cro\u00eet dans le monde entier\",\"isPartOf\":{\"@id\":\"https:\\\/\\\/charleroi-pourlapalestine.be\\\/#website\"},\"primaryImageOfPage\":{\"@id\":\"https:\\\/\\\/charleroi-pourlapalestine.be\\\/index.php\\\/2025\\\/06\\\/11\\\/le-degout-face-a-israel-croit-dans-le-monde-entier-revele-une-nouvelle-enquete\\\/#primaryimage\"},\"image\":{\"@id\":\"https:\\\/\\\/charleroi-pourlapalestine.be\\\/index.php\\\/2025\\\/06\\\/11\\\/le-degout-face-a-israel-croit-dans-le-monde-entier-revele-une-nouvelle-enquete\\\/#primaryimage\"},\"thumbnailUrl\":\"https:\\\/\\\/charleroi-pourlapalestine.be\\\/wp-content\\\/uploads\\\/2025\\\/06\\\/Caravane-du-Sumud-e1749668703255.jpg\",\"datePublished\":\"2025-06-11T20:32:07+00:00\",\"dateModified\":\"2025-06-12T14:35:09+00:00\",\"description\":\"Une enqu\u00eate pr\u00e9cise \u00e0 quel point Isra\u00ebl est devenu impopulaire, particuli\u00e8rement dans les \u00c9tats nord-am\u00e9ricains et europ\u00e9ens\",\"breadcrumb\":{\"@id\":\"https:\\\/\\\/charleroi-pourlapalestine.be\\\/index.php\\\/2025\\\/06\\\/11\\\/le-degout-face-a-israel-croit-dans-le-monde-entier-revele-une-nouvelle-enquete\\\/#breadcrumb\"},\"inLanguage\":\"fr-FR\",\"potentialAction\":[{\"@type\":\"ReadAction\",\"target\":[\"https:\\\/\\\/charleroi-pourlapalestine.be\\\/index.php\\\/2025\\\/06\\\/11\\\/le-degout-face-a-israel-croit-dans-le-monde-entier-revele-une-nouvelle-enquete\\\/\"]}]},{\"@type\":\"ImageObject\",\"inLanguage\":\"fr-FR\",\"@id\":\"https:\\\/\\\/charleroi-pourlapalestine.be\\\/index.php\\\/2025\\\/06\\\/11\\\/le-degout-face-a-israel-croit-dans-le-monde-entier-revele-une-nouvelle-enquete\\\/#primaryimage\",\"url\":\"https:\\\/\\\/charleroi-pourlapalestine.be\\\/wp-content\\\/uploads\\\/2025\\\/06\\\/Caravane-du-Sumud-e1749668703255.jpg\",\"contentUrl\":\"https:\\\/\\\/charleroi-pourlapalestine.be\\\/wp-content\\\/uploads\\\/2025\\\/06\\\/Caravane-du-Sumud-e1749668703255.jpg\",\"width\":1080,\"height\":835},{\"@type\":\"BreadcrumbList\",\"@id\":\"https:\\\/\\\/charleroi-pourlapalestine.be\\\/index.php\\\/2025\\\/06\\\/11\\\/le-degout-face-a-israel-croit-dans-le-monde-entier-revele-une-nouvelle-enquete\\\/#breadcrumb\",\"itemListElement\":[{\"@type\":\"ListItem\",\"position\":1,\"name\":\"Accueil\",\"item\":\"https:\\\/\\\/charleroi-pourlapalestine.be\\\/\"},{\"@type\":\"ListItem\",\"position\":2,\"name\":\"Le d\u00e9go\u00fbt face \u00e0 Isra\u00ebl cro\u00eet dans le monde entier\"}]},{\"@type\":\"WebSite\",\"@id\":\"https:\\\/\\\/charleroi-pourlapalestine.be\\\/#website\",\"url\":\"https:\\\/\\\/charleroi-pourlapalestine.be\\\/\",\"name\":\"Charleroi Pour la Palestine\",\"description\":\"\",\"publisher\":{\"@id\":\"https:\\\/\\\/charleroi-pourlapalestine.be\\\/#organization\"},\"potentialAction\":[{\"@type\":\"SearchAction\",\"target\":{\"@type\":\"EntryPoint\",\"urlTemplate\":\"https:\\\/\\\/charleroi-pourlapalestine.be\\\/?s={search_term_string}\"},\"query-input\":{\"@type\":\"PropertyValueSpecification\",\"valueRequired\":true,\"valueName\":\"search_term_string\"}}],\"inLanguage\":\"fr-FR\"},{\"@type\":\"Organization\",\"@id\":\"https:\\\/\\\/charleroi-pourlapalestine.be\\\/#organization\",\"name\":\"Plate-forme Charleroi-Palestine\",\"url\":\"https:\\\/\\\/charleroi-pourlapalestine.be\\\/\",\"logo\":{\"@type\":\"ImageObject\",\"inLanguage\":\"fr-FR\",\"@id\":\"https:\\\/\\\/charleroi-pourlapalestine.be\\\/#\\\/schema\\\/logo\\\/image\\\/\",\"url\":\"https:\\\/\\\/charleroi-pourlapalestine.be\\\/wp-content\\\/uploads\\\/2020\\\/01\\\/logo-Copy.jpg\",\"contentUrl\":\"https:\\\/\\\/charleroi-pourlapalestine.be\\\/wp-content\\\/uploads\\\/2020\\\/01\\\/logo-Copy.jpg\",\"width\":180,\"height\":180,\"caption\":\"Plate-forme Charleroi-Palestine\"},\"image\":{\"@id\":\"https:\\\/\\\/charleroi-pourlapalestine.be\\\/#\\\/schema\\\/logo\\\/image\\\/\"},\"sameAs\":[\"https:\\\/\\\/www.facebook.com\\\/PlateformeCharleroiPalestine\\\/\",\"https:\\\/\\\/x.com\\\/LaCharleroi\"]},{\"@type\":\"Person\",\"@id\":\"https:\\\/\\\/charleroi-pourlapalestine.be\\\/#\\\/schema\\\/person\\\/c19ff515112f1299d8c12671d8fe3faa\",\"name\":\"admin1873\",\"url\":\"https:\\\/\\\/charleroi-pourlapalestine.be\\\/index.php\\\/author\\\/admin1873\\\/\"}]}<\/script>\n<!-- \/ Yoast SEO plugin. -->","yoast_head_json":{"title":"Le d\u00e9go\u00fbt face \u00e0 Isra\u00ebl cro\u00eet dans le monde entier","description":"Une enqu\u00eate pr\u00e9cise \u00e0 quel point Isra\u00ebl est devenu impopulaire, particuli\u00e8rement dans les \u00c9tats nord-am\u00e9ricains et europ\u00e9ens","robots":{"index":"index","follow":"follow","max-snippet":"max-snippet:-1","max-image-preview":"max-image-preview:large","max-video-preview":"max-video-preview:-1"},"canonical":"https:\/\/charleroi-pourlapalestine.be\/index.php\/2025\/06\/11\/le-degout-face-a-israel-croit-dans-le-monde-entier-revele-une-nouvelle-enquete\/","schema":{"@context":"https:\/\/schema.org","@graph":[{"@type":"Article","@id":"https:\/\/charleroi-pourlapalestine.be\/index.php\/2025\/06\/11\/le-degout-face-a-israel-croit-dans-le-monde-entier-revele-une-nouvelle-enquete\/#article","isPartOf":{"@id":"https:\/\/charleroi-pourlapalestine.be\/index.php\/2025\/06\/11\/le-degout-face-a-israel-croit-dans-le-monde-entier-revele-une-nouvelle-enquete\/"},"author":{"name":"admin1873","@id":"https:\/\/charleroi-pourlapalestine.be\/#\/schema\/person\/c19ff515112f1299d8c12671d8fe3faa"},"headline":"Le d\u00e9go\u00fbt face \u00e0 Isra\u00ebl cro\u00eet dans le monde entier","datePublished":"2025-06-11T20:32:07+00:00","dateModified":"2025-06-12T14:35:09+00:00","mainEntityOfPage":{"@id":"https:\/\/charleroi-pourlapalestine.be\/index.php\/2025\/06\/11\/le-degout-face-a-israel-croit-dans-le-monde-entier-revele-une-nouvelle-enquete\/"},"wordCount":1518,"publisher":{"@id":"https:\/\/charleroi-pourlapalestine.be\/#organization"},"image":{"@id":"https:\/\/charleroi-pourlapalestine.be\/index.php\/2025\/06\/11\/le-degout-face-a-israel-croit-dans-le-monde-entier-revele-une-nouvelle-enquete\/#primaryimage"},"thumbnailUrl":"https:\/\/charleroi-pourlapalestine.be\/wp-content\/uploads\/2025\/06\/Caravane-du-Sumud-e1749668703255.jpg","articleSection":["Etats-Unis","G\u00e9nocide","Isra\u00ebl"],"inLanguage":"fr-FR"},{"@type":"WebPage","@id":"https:\/\/charleroi-pourlapalestine.be\/index.php\/2025\/06\/11\/le-degout-face-a-israel-croit-dans-le-monde-entier-revele-une-nouvelle-enquete\/","url":"https:\/\/charleroi-pourlapalestine.be\/index.php\/2025\/06\/11\/le-degout-face-a-israel-croit-dans-le-monde-entier-revele-une-nouvelle-enquete\/","name":"Le d\u00e9go\u00fbt face \u00e0 Isra\u00ebl cro\u00eet dans le monde entier","isPartOf":{"@id":"https:\/\/charleroi-pourlapalestine.be\/#website"},"primaryImageOfPage":{"@id":"https:\/\/charleroi-pourlapalestine.be\/index.php\/2025\/06\/11\/le-degout-face-a-israel-croit-dans-le-monde-entier-revele-une-nouvelle-enquete\/#primaryimage"},"image":{"@id":"https:\/\/charleroi-pourlapalestine.be\/index.php\/2025\/06\/11\/le-degout-face-a-israel-croit-dans-le-monde-entier-revele-une-nouvelle-enquete\/#primaryimage"},"thumbnailUrl":"https:\/\/charleroi-pourlapalestine.be\/wp-content\/uploads\/2025\/06\/Caravane-du-Sumud-e1749668703255.jpg","datePublished":"2025-06-11T20:32:07+00:00","dateModified":"2025-06-12T14:35:09+00:00","description":"Une enqu\u00eate pr\u00e9cise \u00e0 quel point Isra\u00ebl est devenu impopulaire, particuli\u00e8rement dans les \u00c9tats nord-am\u00e9ricains et europ\u00e9ens","breadcrumb":{"@id":"https:\/\/charleroi-pourlapalestine.be\/index.php\/2025\/06\/11\/le-degout-face-a-israel-croit-dans-le-monde-entier-revele-une-nouvelle-enquete\/#breadcrumb"},"inLanguage":"fr-FR","potentialAction":[{"@type":"ReadAction","target":["https:\/\/charleroi-pourlapalestine.be\/index.php\/2025\/06\/11\/le-degout-face-a-israel-croit-dans-le-monde-entier-revele-une-nouvelle-enquete\/"]}]},{"@type":"ImageObject","inLanguage":"fr-FR","@id":"https:\/\/charleroi-pourlapalestine.be\/index.php\/2025\/06\/11\/le-degout-face-a-israel-croit-dans-le-monde-entier-revele-une-nouvelle-enquete\/#primaryimage","url":"https:\/\/charleroi-pourlapalestine.be\/wp-content\/uploads\/2025\/06\/Caravane-du-Sumud-e1749668703255.jpg","contentUrl":"https:\/\/charleroi-pourlapalestine.be\/wp-content\/uploads\/2025\/06\/Caravane-du-Sumud-e1749668703255.jpg","width":1080,"height":835},{"@type":"BreadcrumbList","@id":"https:\/\/charleroi-pourlapalestine.be\/index.php\/2025\/06\/11\/le-degout-face-a-israel-croit-dans-le-monde-entier-revele-une-nouvelle-enquete\/#breadcrumb","itemListElement":[{"@type":"ListItem","position":1,"name":"Accueil","item":"https:\/\/charleroi-pourlapalestine.be\/"},{"@type":"ListItem","position":2,"name":"Le d\u00e9go\u00fbt face \u00e0 Isra\u00ebl cro\u00eet dans le monde entier"}]},{"@type":"WebSite","@id":"https:\/\/charleroi-pourlapalestine.be\/#website","url":"https:\/\/charleroi-pourlapalestine.be\/","name":"Charleroi Pour la Palestine","description":"","publisher":{"@id":"https:\/\/charleroi-pourlapalestine.be\/#organization"},"potentialAction":[{"@type":"SearchAction","target":{"@type":"EntryPoint","urlTemplate":"https:\/\/charleroi-pourlapalestine.be\/?s={search_term_string}"},"query-input":{"@type":"PropertyValueSpecification","valueRequired":true,"valueName":"search_term_string"}}],"inLanguage":"fr-FR"},{"@type":"Organization","@id":"https:\/\/charleroi-pourlapalestine.be\/#organization","name":"Plate-forme Charleroi-Palestine","url":"https:\/\/charleroi-pourlapalestine.be\/","logo":{"@type":"ImageObject","inLanguage":"fr-FR","@id":"https:\/\/charleroi-pourlapalestine.be\/#\/schema\/logo\/image\/","url":"https:\/\/charleroi-pourlapalestine.be\/wp-content\/uploads\/2020\/01\/logo-Copy.jpg","contentUrl":"https:\/\/charleroi-pourlapalestine.be\/wp-content\/uploads\/2020\/01\/logo-Copy.jpg","width":180,"height":180,"caption":"Plate-forme Charleroi-Palestine"},"image":{"@id":"https:\/\/charleroi-pourlapalestine.be\/#\/schema\/logo\/image\/"},"sameAs":["https:\/\/www.facebook.com\/PlateformeCharleroiPalestine\/","https:\/\/x.com\/LaCharleroi"]},{"@type":"Person","@id":"https:\/\/charleroi-pourlapalestine.be\/#\/schema\/person\/c19ff515112f1299d8c12671d8fe3faa","name":"admin1873","url":"https:\/\/charleroi-pourlapalestine.be\/index.php\/author\/admin1873\/"}]}},"_links":{"self":[{"href":"https:\/\/charleroi-pourlapalestine.be\/index.php\/wp-json\/wp\/v2\/posts\/84914","targetHints":{"allow":["GET"]}}],"collection":[{"href":"https:\/\/charleroi-pourlapalestine.be\/index.php\/wp-json\/wp\/v2\/posts"}],"about":[{"href":"https:\/\/charleroi-pourlapalestine.be\/index.php\/wp-json\/wp\/v2\/types\/post"}],"author":[{"embeddable":true,"href":"https:\/\/charleroi-pourlapalestine.be\/index.php\/wp-json\/wp\/v2\/users\/1"}],"replies":[{"embeddable":true,"href":"https:\/\/charleroi-pourlapalestine.be\/index.php\/wp-json\/wp\/v2\/comments?post=84914"}],"version-history":[{"count":0,"href":"https:\/\/charleroi-pourlapalestine.be\/index.php\/wp-json\/wp\/v2\/posts\/84914\/revisions"}],"wp:featuredmedia":[{"embeddable":true,"href":"https:\/\/charleroi-pourlapalestine.be\/index.php\/wp-json\/wp\/v2\/media\/84937"}],"wp:attachment":[{"href":"https:\/\/charleroi-pourlapalestine.be\/index.php\/wp-json\/wp\/v2\/media?parent=84914"}],"wp:term":[{"taxonomy":"category","embeddable":true,"href":"https:\/\/charleroi-pourlapalestine.be\/index.php\/wp-json\/wp\/v2\/categories?post=84914"},{"taxonomy":"post_tag","embeddable":true,"href":"https:\/\/charleroi-pourlapalestine.be\/index.php\/wp-json\/wp\/v2\/tags?post=84914"}],"curies":[{"name":"wp","href":"https:\/\/api.w.org\/{rel}","templated":true}]}}