{"id":84920,"date":"2025-06-11T16:12:30","date_gmt":"2025-06-11T14:12:30","guid":{"rendered":"https:\/\/charleroi-pourlapalestine.be\/?p=84920"},"modified":"2025-06-11T16:12:30","modified_gmt":"2025-06-11T14:12:30","slug":"de-saint-gilles-a-gaza-defendre-la-palestine-face-a-la-machine-de-diffamation","status":"publish","type":"post","link":"https:\/\/charleroi-pourlapalestine.be\/index.php\/2025\/06\/11\/de-saint-gilles-a-gaza-defendre-la-palestine-face-a-la-machine-de-diffamation\/","title":{"rendered":"De Saint-Gilles \u00e0 Gaza : d\u00e9fendre la Palestine face \u00e0 la machine de diffamation"},"content":{"rendered":"<p><strong>D\u00e8<\/strong><strong>s lors que des voix critiques \u2014 celles qui sortent du cadre dominant, qui proposent d\u2019autres r\u00e9cits \u2014 prennent la parole, elles sont aussit\u00f4t musel\u00e9es, criminalis\u00e9es.<\/strong><\/p>\n<p><strong><a href=\"https:\/\/www.instagram.com\/festivalresistance\/\" target=\"_blank\" rel=\"noopener\">La 3e \u00e9dition<\/a> du<a href=\"https:\/\/charleroi-pourlapalestine.be\/index.php\/2025\/06\/05\/les-6-7-et-8-juin-le-festival-resistance-a-bruxelles\/\"> Festival R\u00e9sistance<\/a> s\u2019est tenue \u00e0 Saint-Gilles, sur la place Bethl\u00e9em.<\/strong> Cet \u00e9v\u00e9nement culturel, organis\u00e9 par une coalition de collectifs vari\u00e9s, visait \u00e0 c\u00e9l\u00e9brer pendant trois jours les luttes de lib\u00e9ration populaire \u00e0 travers le monde. L\u2019objectif : honorer ces luttes, en apprendre collectivement et cr\u00e9er du lien. <strong>Le programme \u00e9tait riche<\/strong> : discussions politiques, ateliers, tournoi sportif, projections, village militant, performances musicales, th\u00e9\u00e2trales et po\u00e9tiques, interventions militantes, etc.<\/p>\n<p>&nbsp;<\/p>\n<p><img loading=\"lazy\" decoding=\"async\" class=\"aligncenter wp-image-84857 size-full\" src=\"https:\/\/charleroi-pourlapalestine.be\/wp-content\/uploads\/2025\/06\/Le-festival-Resistance.png\" alt=\"La 3e \u00e9dition du Festival R\u00e9sistance s\u2019est tenue \u00e0 Saint-Gilles, sur la place Bethl\u00e9em.\" width=\"708\" height=\"372\" srcset=\"https:\/\/charleroi-pourlapalestine.be\/wp-content\/uploads\/2025\/06\/Le-festival-Resistance.png 708w, https:\/\/charleroi-pourlapalestine.be\/wp-content\/uploads\/2025\/06\/Le-festival-Resistance-350x184.png 350w, https:\/\/charleroi-pourlapalestine.be\/wp-content\/uploads\/2025\/06\/Le-festival-Resistance-700x368.png 700w\" sizes=\"auto, (max-width: 708px) 100vw, 708px\" \/><\/p>\n<div id=\"attachment_84932\" style=\"width: 677px\" class=\"wp-caption aligncenter\"><img loading=\"lazy\" decoding=\"async\" aria-describedby=\"caption-attachment-84932\" class=\"wp-image-84932 size-large\" src=\"https:\/\/charleroi-pourlapalestine.be\/wp-content\/uploads\/2025\/06\/7-juin-RF-keffiehs-667x500.jpg\" alt=\"La 3e \u00e9dition du Festival R\u00e9sistance s\u2019est tenue \u00e0 Saint-Gilles, sur la place Bethl\u00e9em\" width=\"667\" height=\"500\" srcset=\"https:\/\/charleroi-pourlapalestine.be\/wp-content\/uploads\/2025\/06\/7-juin-RF-keffiehs-667x500.jpg 667w, https:\/\/charleroi-pourlapalestine.be\/wp-content\/uploads\/2025\/06\/7-juin-RF-keffiehs-333x250.jpg 333w, https:\/\/charleroi-pourlapalestine.be\/wp-content\/uploads\/2025\/06\/7-juin-RF-keffiehs-768x576.jpg 768w, https:\/\/charleroi-pourlapalestine.be\/wp-content\/uploads\/2025\/06\/7-juin-RF-keffiehs-1536x1152.jpg 1536w, https:\/\/charleroi-pourlapalestine.be\/wp-content\/uploads\/2025\/06\/7-juin-RF-keffiehs.jpg 2048w\" sizes=\"auto, (max-width: 667px) 100vw, 667px\" \/><p id=\"caption-attachment-84932\" class=\"wp-caption-text\">Photo : Plateforme Charleroi-Palestine<\/p><\/div>\n<p>&nbsp;<\/p>\n<p><strong><br \/>\nCe festival s\u2019est tenu sans aucun soutien officiel de la commune de Saint-Gilles<\/strong>, qui s\u2019est content\u00e9e de le \u00ab tol\u00e9rer \u00bb, posant n\u00e9anmoins une condition : <em>\u00ab Aucun appel \u00e0 la haine (chants, vid\u00e9os, pancartes), ni drapeaux, notamment du Hamas ou du Hezbollah, ne sera tol\u00e9r\u00e9. \u00bb<\/em> Nous n\u2019appelons jamais appeler \u00e0 la haine bien au contraire, pas de soucis \u00e0 ce niveau. Concernant le Hamas ou le Hezbollah, nous avons choisi de ne pas ouvrir ce d\u00e9bat, conscients du traitement caricatural et diabolisant auquel ces partis sont soumis. Comme leurs drapeaux sont tr\u00e8s rarement brandis, nous acceptons la condition. Et nous avons tenu tous nos engagements.<\/p>\n<p>Comme chaque ann\u00e9e, le public a r\u00e9pondu pr\u00e9sent. Le samedi, malgr\u00e9 la m\u00e9t\u00e9o, la place \u00e9tait noire de monde : familles, enfants, habitants du quartier, curieux venus pour la premi\u00e8re fois\u2026 Une ambiance chaleureuse, r\u00e9confortante, un moment de respiration pour celles et ceux qui suivent impuissants le d\u00e9roulement du g\u00e9nocide en Palestine. <strong>Pour les habitants de Saint-Gilles, habitu\u00e9s \u00e0 voir leur quartier stigmatis\u00e9 dans les m\u00e9dias, quel bonheur de voir cette place au nom si symbolique battre au rythme de la solidarit\u00e9 avec la Palestine.<\/strong><\/p>\n<p><strong>Le 6 juin, soir\u00e9e d\u2019ouverture du festival, deux projections ont eu lieu dans une salle comble.<\/strong> D\u2019abord, le court-m\u00e9trage <strong><em>Behind the Lines<\/em><\/strong>, de Fanny Arnulf et Youssef Haider, qui explore les pratiques artistiques et de r\u00e9sistance \u00e0 travers le regard de 14 artistes vivant dans des camps de r\u00e9fugi\u00e9s palestiniens au Liban et dans des favelas au Br\u00e9sil. Ensuite, le film <strong><em>The Dupes<\/em><\/strong>, adaptation de la nouvelle Men in the Sun de Ghassan Kanafani. Les projections, qui ont fait salle comble au Pianofabriek, ont \u00e9t\u00e9 suivies d\u2019une discussion avec Fanny Arnulf, Youssef Haider, Reem Shilleh et Hazem Jamjoum. Reem Shilleh est chercheuse, r\u00e9alisatrice et commissaire d\u2019exposition, vivant entre Bruxelles et Ramallah. Hazem Jamjoum est chercheur, auteur, et traducteur de l\u2019\u0153uvre de Kanafani.<\/p>\n<p><strong>Le samedi 7 juin<\/strong>, les festivit\u00e9s continuent sur la place Bethl\u00e9em. Apr\u00e8s un <strong>tournoi de foot<\/strong> le matin organis\u00e9 par les<strong> Gaza Stars<\/strong>, les activit\u00e9s ont encha\u00een\u00e9 de 15h \u00e0 22h, malgr\u00e9 une m\u00e9t\u00e9o capricieuse. Le village militant a attir\u00e9 de nombreux visiteurs, et les performances artistiques ont rythm\u00e9 l\u2019apr\u00e8s-midi. <strong>Chaque \u0153uvre refl\u00e9tait l\u2019engagement de ses artistes dans le cadre d\u2019un festival d\u00e9di\u00e9 aux luttes de lib\u00e9ration. Les collectifs organisateurs respectent la libert\u00e9 d\u2019expression des artistes.<\/strong><\/p>\n<p>&nbsp;<\/p>\n<div id=\"attachment_84934\" style=\"width: 677px\" class=\"wp-caption aligncenter\"><img loading=\"lazy\" decoding=\"async\" aria-describedby=\"caption-attachment-84934\" class=\"wp-image-84934 size-large\" src=\"https:\/\/charleroi-pourlapalestine.be\/wp-content\/uploads\/2025\/06\/7-juin-RF-Raj-667x500.jpg\" alt=\"La 3e \u00e9dition du Festival R\u00e9sistance s\u2019est tenue \u00e0 Saint-Gilles, sur la place Bethl\u00e9em.\" width=\"667\" height=\"500\" srcset=\"https:\/\/charleroi-pourlapalestine.be\/wp-content\/uploads\/2025\/06\/7-juin-RF-Raj-667x500.jpg 667w, https:\/\/charleroi-pourlapalestine.be\/wp-content\/uploads\/2025\/06\/7-juin-RF-Raj-333x250.jpg 333w, https:\/\/charleroi-pourlapalestine.be\/wp-content\/uploads\/2025\/06\/7-juin-RF-Raj-768x576.jpg 768w, https:\/\/charleroi-pourlapalestine.be\/wp-content\/uploads\/2025\/06\/7-juin-RF-Raj-1536x1152.jpg 1536w, https:\/\/charleroi-pourlapalestine.be\/wp-content\/uploads\/2025\/06\/7-juin-RF-Raj.jpg 2048w\" sizes=\"auto, (max-width: 667px) 100vw, 667px\" \/><p id=\"caption-attachment-84934\" class=\"wp-caption-text\">Photo : Plateforme Charleroi-Palestine<\/p><\/div>\n<p>&nbsp;<\/p>\n<p><strong>Le dimanche<\/strong>, les activit\u00e9s ont pris place au DK, toujours \u00e0 Saint-Gilles. La journ\u00e9e a d\u00e9but\u00e9 avec une session de la \u00ab<strong><em> School of the Revolution<\/em> <\/strong>\u00bb, un espace d\u2019\u00e9ducation politique, collective et populaire. <strong>Les participant\u00b7es ont d\u00e9cid\u00e9 de rejoindre une marche en hommage \u00e0 Fabian, 11 ans, tu\u00e9 par la police quelques jours plus t\u00f4t. Une \u00e9vidence : relier la lutte contre les violences polici\u00e8res ici \u00e0 celle du peuple palestinien l\u00e0-bas.<\/strong> Les violences polici\u00e8res, partout dans le monde, ne sont pas un accident, ni le fait de quelques \u00ab<em> brebis galeuses<\/em> \u00bb . Non, elles font partie d&rsquo;un syst\u00e8me structur\u00e9 de domination. Ce syst\u00e8me repose sur la logique du contr\u00f4le, de la r\u00e9pression et de l\u2019\u00e9crasement de toute forme de r\u00e9sistance qui menace l\u2019ordre \u00e9tabli. <strong>Que ce soit dans les banlieues de Paris, les quartiers populaires de Bruxelles, ou les rues de Gaza, ce contr\u00f4le s\u2019exerce sur des populations historiquement marginalis\u00e9es et opprim\u00e9es.<\/strong><\/p>\n<p>L\u2019apr\u00e8s-midi a \u00e9t\u00e9 consacr\u00e9 \u00e0 trois discussions : \u00ab Palestinien\u00b7nes et non-palestinien\u00b7nes, juif\u00b7ves et non-juif\u00b7ves : tous\u00b7tes contre le sionisme \u00bb, avec des militant\u00b7es de terrain bruxellois\u00b7es&nbsp;; \u00ab Que signifie le boycott comme mouvement r\u00e9volutionnaire ? \u00bb, avec des membres de Palestine Action, BDS ULB et University Workers for Palestine&nbsp;; \u00ab Luttes anticoloniales et anti-imp\u00e9rialistes aujourd\u2019hui, et la coalition au c\u0153ur de l\u2019empire \u00bb, avec Amzat Boukari Yabara, Luis Martinez Andrade, Kenji et Khaldia Abubakra.<\/p>\n<p>Ces discussions ont offert un espace pour partager analyses, exp\u00e9riences et visions de la r\u00e9sistance.<\/p>\n<p>&nbsp;<\/p>\n<p><img loading=\"lazy\" decoding=\"async\" class=\"aligncenter wp-image-84761 size-large\" src=\"https:\/\/charleroi-pourlapalestine.be\/wp-content\/uploads\/2025\/05\/Resistance-Festival-1-397x500.png\" alt=\"La 3e \u00e9dition du Festival R\u00e9sistance s\u2019est tenue \u00e0 Saint-Gilles, sur la place Bethl\u00e9em.\" width=\"397\" height=\"500\" srcset=\"https:\/\/charleroi-pourlapalestine.be\/wp-content\/uploads\/2025\/05\/Resistance-Festival-1-397x500.png 397w, https:\/\/charleroi-pourlapalestine.be\/wp-content\/uploads\/2025\/05\/Resistance-Festival-1-198x250.png 198w, https:\/\/charleroi-pourlapalestine.be\/wp-content\/uploads\/2025\/05\/Resistance-Festival-1.png 620w\" sizes=\"auto, (max-width: 397px) 100vw, 397px\" \/><\/p>\n<p>&nbsp;<\/p>\n<p><strong>Mais de ces dizaines d\u2019heures d\u2019activit\u00e9s, certains ont choisi d\u2019extraire trois minutes d\u2019une performance th\u00e9\u00e2trale, sortie de son contexte<\/strong>, qui posait la question de l\u2019impunit\u00e9 isra\u00e9lienne face au g\u00e9nocide en cours et c\u00e9l\u00e9brait la r\u00e9sistance palestinienne. <strong>S\u2019en est suivie une&nbsp;<\/strong>: fausses informations, mensonges, amplification m\u00e9diatique, le tout orchestr\u00e9 par une figure politique influente qui capte les voix de l\u2019extr\u00eame droite.<\/p>\n<p>Plut\u00f4t que de nous contacter pour entendre notre version, le bourgmestre Spinette de Saint-Gilles s\u2019est d\u00e9fil\u00e9. Il est m\u00eame all\u00e9 jusqu\u2019\u00e0 accorder une interview \u00e0 Radio Judaica, un m\u00e9dia revendiquant ses liens avec l\u2019\u00c9tat d\u2019Isra\u00ebl. Il a aussi expos\u00e9 publiquement l\u2019une des co-organisatrices du festival, dont une photo circule d\u00e9sormais sur des comptes pro-isra\u00e9liens.<\/p>\n<p>Nous sommes cibl\u00e9\u00b7es par une campagne de criminalisation nourrie d\u2019arguments absurdes et racistes (voir plus loin : le bingo des sionistes). Nous tentons de r\u00e9tablir les faits, avec nuance et complexit\u00e9. Mais c\u2019est une bataille in\u00e9gale. Nous manquons de ressources. Nous sommes \u00e9puis\u00e9\u00b7es par l\u2019organisation du festival, les nouvelles terribles venues de Palestine, la r\u00e9pression contre nos camarades mobilis\u00e9\u00b7es chaque jour \u00e0 la Bourse.<\/p>\n<p>Comment r\u00e9pondre \u00e0 des adversaires pr\u00eats \u00e0 mentir sans vergogne, qui recyclent sans fin la propagande sioniste la plus \u00e9cul\u00e9e ?<\/p>\n<p>Nous avons accept\u00e9 une interview de RTL Info, pensant y voir une opportunit\u00e9 de r\u00e9tablir un peu de v\u00e9rit\u00e9. Peine perdue. Soyons clairs : il ne s\u2019agit pas ici de jeter l\u2019opprobre sur la journaliste. Elle a \u00e9t\u00e9 honn\u00eate quant \u00e0 ses intentions : elle ne garderait que quelques minutes d\u2019interview, et donnerait aussi la parole \u00e0 un opposant qui se pr\u00e9sente comme repr\u00e9sentant de <em>\u00ab la communaut\u00e9 juive \u00bb<\/em> (sic). L\u2019argument principal de cette personne ? Les victimes repr\u00e9sent\u00e9es dans la pi\u00e8ce ne peuvent \u00eatre gazaouies&#8230; car elles portent des shorts. Que r\u00e9pondre \u00e0 un tel niveau de vacuit\u00e9 raciste ? Je n\u2019insulterai pas votre intelligence en y revenant.<\/p>\n<p>La journaliste elle-m\u00eame, bien qu&rsquo;honn\u00eate dans ses intentions, se retrouve pi\u00e9g\u00e9e dans un format qui privil\u00e9gie la confrontation facile et la caricature, plut\u00f4t que la confrontation d\u2019id\u00e9es et la prise en compte des contextes historiques, politiques et sociaux.<\/p>\n<p>Le fond du probl\u00e8me, c\u2019est que le syst\u00e8me m\u00e9diatique ne cherche plus \u00e0 informer. Il fabrique le consentement : au g\u00e9nocide, aux violences polici\u00e8res, au capitalisme et au racisme toujours plus violents.<\/p>\n<p>Plut\u00f4t que de questionner les logiques de pouvoir et d\u2019oppression, les m\u00e9dias servent souvent \u00e0 les l\u00e9gitimer, voire \u00e0 les amplifier. La couverture m\u00e9diatique d\u00e9gueulasse du meurtre du petit Fabian en est une \u00e9ni\u00e8me preuve.<\/p>\n<p>Ce dont nous avons droit dor\u00e9navant, ce sont des r\u00e9cits simplifi\u00e9s et une vision du monde caricaturale, qui marginalisent et silencent ceux qui osent prendre position contre les structures de pouvoir dominantes.<\/p>\n<p>Nous aurons essay\u00e9. Et une chose est s\u00fbre : nous ne l\u00e2cherons rien. Nous continuerons \u00e0 crier, protester, r\u00e9sister \u2014 <strong>par tous les moyens n\u00e9cessaires<\/strong> \u2014 tant que ce g\u00e9nocide durera, tant que tous les peuples ne seront pas libres : du colonialisme, du capitalisme, du patriarcat.<\/p>\n<p>Oui, c\u2019est un vaste programme, oui c\u2019est ambitieux. Mais quand je dis <em>\u00ab nous \u00bb<\/em>, je parle de notre g\u00e9n\u00e9ration et des suivantes. Les flics peuvent continuer \u00e0 nous traquer, nous frapper (au LBD d\u00e9sormais), nous surveiller. Les marchands de haine \u00e9lus peuvent prosp\u00e9rer. Cela ne fera que renforcer notre d\u00e9termination.<\/p>\n<p>&nbsp;<\/p>\n<h4 style=\"text-align: center;\"><strong>Le bingo des sionistes<\/strong><\/h4>\n<blockquote><p><strong>Khaaamas<\/strong><\/p><\/blockquote>\n<p>Parce que tout ce qui touche \u00e0 la Palestine, c&rsquo;est automatiquement du Hamas. La r\u00e9sistance arm\u00e9e (la r\u00e9sistance arm\u00e9e palestinienne s\u2019organise depuis les ann\u00e9es 60, le Hamas nait en 1987), c\u2019est le Khaaamas, le keffieh (port\u00e9 depuis des si\u00e8cles par les paysans et les b\u00e9douins, devenu un symbole de r\u00e9sistance dans les ann\u00e9es 1930), c\u2019est le Khamaas, l\u2019huile d\u2019olive, c\u2019est le Khaamas, le houmous aussi&nbsp;!<\/p>\n<blockquote><p><strong>Samidoun, Samidoun, Samidoun !<\/strong><\/p><\/blockquote>\n<p>Tout comme le Khaamas, Samidoun est partout, tout le temps, pire que la CIA.<\/p>\n<blockquote><p><strong>Apologie du terrorisme<\/strong><\/p><\/blockquote>\n<p>C\u00e9l\u00e9brer la r\u00e9sistance palestinienne quel qu\u2019elle soit c\u2019est \u00e9videmment faire apologie de la violence. De toute fa\u00e7on, les Palestiniens ne savent faire que \u00e7a, n&rsquo;est-ce pas ? Qui n\u2019a jamais r\u00eav\u00e9 de voir un \u00e9v\u00e9nement culturel s&rsquo;ouvrir sur un petit discours pro-terrorisme, juste pour d\u00e9tendre l\u2019atmosph\u00e8re ?<\/p>\n<blockquote><p><strong>Antis\u00e9mitisme<\/strong><\/p><\/blockquote>\n<p>Aaah, le vieux classique : critiquer Isra\u00ebl ? antis\u00e9mite&nbsp;? protester contre un g\u00e9nocide&nbsp;? antis\u00e9mite&nbsp;? demander la lib\u00e9ration de la Palestine&nbsp;? antis\u00e9mite&nbsp;? s\u2019\u00e9mouvoir devant la mort de dizaines de milliers d\u2019enfants&nbsp;? antis\u00e9mite&nbsp;? souligner que pour le moment Isra\u00ebl arme des milices proches de Daesh&nbsp;? antis\u00e9mite&nbsp;! Dire que l\u2019histoire ne commence pas le 7\/10\/23&nbsp;? antis\u00e9mite&nbsp;! Demander le respect du droit international&nbsp;? antis\u00e9mite&nbsp;? Amnesty International, l\u2019ONU, M\u00e9decins sans fronti\u00e8res&nbsp;? antis\u00e9mite<\/p>\n<blockquote><p><strong>Performance de mauvais go\u00fbt<\/strong><\/p><\/blockquote>\n<p>La performance \u00e9tait de mauvais go\u00fbt ? Bien s\u00fbr, glorifier des r\u00e9sistants opprim\u00e9s, c\u2019est toujours plus joli avec une touche de pastel et des papillons.<\/p>\n<blockquote><p><strong>D\u00e9rive islamiste<\/strong><\/p><\/blockquote>\n<p>Festival Resistance, entrisme ou s\u00e9paratisme, les 2&nbsp;\u00e9videmment&nbsp;!&nbsp;<\/p>\n<blockquote><p><strong>Risque de violence<\/strong><\/p><\/blockquote>\n<p>Attention, un petit tournoi de foot dans la rue, et hop, c\u2019est la guerre civile.<\/p>\n<p style=\"text-align: center;\"><strong><em>*****<\/em><\/strong><\/p>\n<p style=\"text-align: center;\"><strong><em>Merci \u00e0 Sarah pour le partage de ce texte<\/em><\/strong><\/p>\n<p>&nbsp;<\/p>\n","protected":false},"excerpt":{"rendered":"<p>Des dizaines d\u2019heures d\u2019activit\u00e9s, certains ont choisi d\u2019extraire trois minutes d\u2019une performance th\u00e9\u00e2trale, sortie de son contexte, pour lancer une campagne de diffamation abjecte.<\/p>\n","protected":false},"author":1,"featured_media":84932,"comment_status":"closed","ping_status":"closed","sticky":false,"template":"","format":"standard","meta":{"ngg_post_thumbnail":0,"footnotes":""},"categories":[903,64,34,29,454,178,36,344,87,33,12,26,358,25,650,109,28,896],"tags":[],"class_list":["post-84920","post","type-post","status-publish","format-standard","has-post-thumbnail","hentry","category-anti-imperialisme","category-la-belgique","category-les-chants","category-le-cinema","category-criminalisation","category-culture-2","category-le-folklore","category-genocide","category-liberte-dexpression","category-la-musique","category-les-palestiniens-en-belgique","category-la-poesie","category-repression","category-la-resistance-palestinienne","category-sport","category-street-art","category-le-theatre","category-violences-policieres"],"yoast_head":"<!-- This site is optimized with the Yoast SEO plugin v27.3 - https:\/\/yoast.com\/product\/yoast-seo-wordpress\/ -->\n<title>De Saint-Gilles \u00e0 Gaza : d\u00e9fendre la Palestine face \u00e0 la machine de diffamation<\/title>\n<meta name=\"description\" content=\"La 3e \u00e9dition du Festival R\u00e9sistance \u00e0 Saint-Gilles visait \u00e0 c\u00e9l\u00e9brer les luttes de lib\u00e9ration populaire \u00e0 travers le monde\" \/>\n<meta name=\"robots\" content=\"index, follow, max-snippet:-1, max-image-preview:large, max-video-preview:-1\" \/>\n<link rel=\"canonical\" href=\"https:\/\/charleroi-pourlapalestine.be\/index.php\/2025\/06\/11\/de-saint-gilles-a-gaza-defendre-la-palestine-face-a-la-machine-de-diffamation\/\" \/>\n<script type=\"application\/ld+json\" class=\"yoast-schema-graph\">{\"@context\":\"https:\\\/\\\/schema.org\",\"@graph\":[{\"@type\":\"Article\",\"@id\":\"https:\\\/\\\/charleroi-pourlapalestine.be\\\/index.php\\\/2025\\\/06\\\/11\\\/de-saint-gilles-a-gaza-defendre-la-palestine-face-a-la-machine-de-diffamation\\\/#article\",\"isPartOf\":{\"@id\":\"https:\\\/\\\/charleroi-pourlapalestine.be\\\/index.php\\\/2025\\\/06\\\/11\\\/de-saint-gilles-a-gaza-defendre-la-palestine-face-a-la-machine-de-diffamation\\\/\"},\"author\":{\"name\":\"admin1873\",\"@id\":\"https:\\\/\\\/charleroi-pourlapalestine.be\\\/#\\\/schema\\\/person\\\/c19ff515112f1299d8c12671d8fe3faa\"},\"headline\":\"De Saint-Gilles \u00e0 Gaza : d\u00e9fendre la Palestine face \u00e0 la machine de diffamation\",\"datePublished\":\"2025-06-11T14:12:30+00:00\",\"mainEntityOfPage\":{\"@id\":\"https:\\\/\\\/charleroi-pourlapalestine.be\\\/index.php\\\/2025\\\/06\\\/11\\\/de-saint-gilles-a-gaza-defendre-la-palestine-face-a-la-machine-de-diffamation\\\/\"},\"wordCount\":1780,\"publisher\":{\"@id\":\"https:\\\/\\\/charleroi-pourlapalestine.be\\\/#organization\"},\"image\":{\"@id\":\"https:\\\/\\\/charleroi-pourlapalestine.be\\\/index.php\\\/2025\\\/06\\\/11\\\/de-saint-gilles-a-gaza-defendre-la-palestine-face-a-la-machine-de-diffamation\\\/#primaryimage\"},\"thumbnailUrl\":\"https:\\\/\\\/charleroi-pourlapalestine.be\\\/wp-content\\\/uploads\\\/2025\\\/06\\\/7-juin-RF-keffiehs.jpg\",\"articleSection\":[\"anti-imp\u00e9rialisme\",\"Belgique\",\"Chants\",\"Cin\u00e9ma\",\"criminalisation\",\"Culture\",\"Folklore\",\"G\u00e9nocide\",\"Libert\u00e9 d'expression\",\"Musique\",\"Palestiniens en Belgique\",\"Po\u00e9sie\",\"R\u00e9pression\",\"R\u00e9sistance\",\"Sport\",\"Street art\",\"Th\u00e9\u00e2tre\",\"violences polici\u00e8res\"],\"inLanguage\":\"fr-FR\"},{\"@type\":\"WebPage\",\"@id\":\"https:\\\/\\\/charleroi-pourlapalestine.be\\\/index.php\\\/2025\\\/06\\\/11\\\/de-saint-gilles-a-gaza-defendre-la-palestine-face-a-la-machine-de-diffamation\\\/\",\"url\":\"https:\\\/\\\/charleroi-pourlapalestine.be\\\/index.php\\\/2025\\\/06\\\/11\\\/de-saint-gilles-a-gaza-defendre-la-palestine-face-a-la-machine-de-diffamation\\\/\",\"name\":\"De Saint-Gilles \u00e0 Gaza : d\u00e9fendre la Palestine face \u00e0 la machine de diffamation\",\"isPartOf\":{\"@id\":\"https:\\\/\\\/charleroi-pourlapalestine.be\\\/#website\"},\"primaryImageOfPage\":{\"@id\":\"https:\\\/\\\/charleroi-pourlapalestine.be\\\/index.php\\\/2025\\\/06\\\/11\\\/de-saint-gilles-a-gaza-defendre-la-palestine-face-a-la-machine-de-diffamation\\\/#primaryimage\"},\"image\":{\"@id\":\"https:\\\/\\\/charleroi-pourlapalestine.be\\\/index.php\\\/2025\\\/06\\\/11\\\/de-saint-gilles-a-gaza-defendre-la-palestine-face-a-la-machine-de-diffamation\\\/#primaryimage\"},\"thumbnailUrl\":\"https:\\\/\\\/charleroi-pourlapalestine.be\\\/wp-content\\\/uploads\\\/2025\\\/06\\\/7-juin-RF-keffiehs.jpg\",\"datePublished\":\"2025-06-11T14:12:30+00:00\",\"description\":\"La 3e \u00e9dition du Festival R\u00e9sistance \u00e0 Saint-Gilles visait \u00e0 c\u00e9l\u00e9brer les luttes de lib\u00e9ration populaire \u00e0 travers le monde\",\"breadcrumb\":{\"@id\":\"https:\\\/\\\/charleroi-pourlapalestine.be\\\/index.php\\\/2025\\\/06\\\/11\\\/de-saint-gilles-a-gaza-defendre-la-palestine-face-a-la-machine-de-diffamation\\\/#breadcrumb\"},\"inLanguage\":\"fr-FR\",\"potentialAction\":[{\"@type\":\"ReadAction\",\"target\":[\"https:\\\/\\\/charleroi-pourlapalestine.be\\\/index.php\\\/2025\\\/06\\\/11\\\/de-saint-gilles-a-gaza-defendre-la-palestine-face-a-la-machine-de-diffamation\\\/\"]}]},{\"@type\":\"ImageObject\",\"inLanguage\":\"fr-FR\",\"@id\":\"https:\\\/\\\/charleroi-pourlapalestine.be\\\/index.php\\\/2025\\\/06\\\/11\\\/de-saint-gilles-a-gaza-defendre-la-palestine-face-a-la-machine-de-diffamation\\\/#primaryimage\",\"url\":\"https:\\\/\\\/charleroi-pourlapalestine.be\\\/wp-content\\\/uploads\\\/2025\\\/06\\\/7-juin-RF-keffiehs.jpg\",\"contentUrl\":\"https:\\\/\\\/charleroi-pourlapalestine.be\\\/wp-content\\\/uploads\\\/2025\\\/06\\\/7-juin-RF-keffiehs.jpg\",\"width\":2048,\"height\":1536},{\"@type\":\"BreadcrumbList\",\"@id\":\"https:\\\/\\\/charleroi-pourlapalestine.be\\\/index.php\\\/2025\\\/06\\\/11\\\/de-saint-gilles-a-gaza-defendre-la-palestine-face-a-la-machine-de-diffamation\\\/#breadcrumb\",\"itemListElement\":[{\"@type\":\"ListItem\",\"position\":1,\"name\":\"Accueil\",\"item\":\"https:\\\/\\\/charleroi-pourlapalestine.be\\\/\"},{\"@type\":\"ListItem\",\"position\":2,\"name\":\"De Saint-Gilles \u00e0 Gaza : d\u00e9fendre la Palestine face \u00e0 la machine de diffamation\"}]},{\"@type\":\"WebSite\",\"@id\":\"https:\\\/\\\/charleroi-pourlapalestine.be\\\/#website\",\"url\":\"https:\\\/\\\/charleroi-pourlapalestine.be\\\/\",\"name\":\"Charleroi Pour la Palestine\",\"description\":\"\",\"publisher\":{\"@id\":\"https:\\\/\\\/charleroi-pourlapalestine.be\\\/#organization\"},\"potentialAction\":[{\"@type\":\"SearchAction\",\"target\":{\"@type\":\"EntryPoint\",\"urlTemplate\":\"https:\\\/\\\/charleroi-pourlapalestine.be\\\/?s={search_term_string}\"},\"query-input\":{\"@type\":\"PropertyValueSpecification\",\"valueRequired\":true,\"valueName\":\"search_term_string\"}}],\"inLanguage\":\"fr-FR\"},{\"@type\":\"Organization\",\"@id\":\"https:\\\/\\\/charleroi-pourlapalestine.be\\\/#organization\",\"name\":\"Plate-forme Charleroi-Palestine\",\"url\":\"https:\\\/\\\/charleroi-pourlapalestine.be\\\/\",\"logo\":{\"@type\":\"ImageObject\",\"inLanguage\":\"fr-FR\",\"@id\":\"https:\\\/\\\/charleroi-pourlapalestine.be\\\/#\\\/schema\\\/logo\\\/image\\\/\",\"url\":\"https:\\\/\\\/charleroi-pourlapalestine.be\\\/wp-content\\\/uploads\\\/2020\\\/01\\\/logo-Copy.jpg\",\"contentUrl\":\"https:\\\/\\\/charleroi-pourlapalestine.be\\\/wp-content\\\/uploads\\\/2020\\\/01\\\/logo-Copy.jpg\",\"width\":180,\"height\":180,\"caption\":\"Plate-forme Charleroi-Palestine\"},\"image\":{\"@id\":\"https:\\\/\\\/charleroi-pourlapalestine.be\\\/#\\\/schema\\\/logo\\\/image\\\/\"},\"sameAs\":[\"https:\\\/\\\/www.facebook.com\\\/PlateformeCharleroiPalestine\\\/\",\"https:\\\/\\\/x.com\\\/LaCharleroi\"]},{\"@type\":\"Person\",\"@id\":\"https:\\\/\\\/charleroi-pourlapalestine.be\\\/#\\\/schema\\\/person\\\/c19ff515112f1299d8c12671d8fe3faa\",\"name\":\"admin1873\",\"url\":\"https:\\\/\\\/charleroi-pourlapalestine.be\\\/index.php\\\/author\\\/admin1873\\\/\"}]}<\/script>\n<!-- \/ Yoast SEO plugin. -->","yoast_head_json":{"title":"De Saint-Gilles \u00e0 Gaza : d\u00e9fendre la Palestine face \u00e0 la machine de diffamation","description":"La 3e \u00e9dition du Festival R\u00e9sistance \u00e0 Saint-Gilles visait \u00e0 c\u00e9l\u00e9brer les luttes de lib\u00e9ration populaire \u00e0 travers le monde","robots":{"index":"index","follow":"follow","max-snippet":"max-snippet:-1","max-image-preview":"max-image-preview:large","max-video-preview":"max-video-preview:-1"},"canonical":"https:\/\/charleroi-pourlapalestine.be\/index.php\/2025\/06\/11\/de-saint-gilles-a-gaza-defendre-la-palestine-face-a-la-machine-de-diffamation\/","schema":{"@context":"https:\/\/schema.org","@graph":[{"@type":"Article","@id":"https:\/\/charleroi-pourlapalestine.be\/index.php\/2025\/06\/11\/de-saint-gilles-a-gaza-defendre-la-palestine-face-a-la-machine-de-diffamation\/#article","isPartOf":{"@id":"https:\/\/charleroi-pourlapalestine.be\/index.php\/2025\/06\/11\/de-saint-gilles-a-gaza-defendre-la-palestine-face-a-la-machine-de-diffamation\/"},"author":{"name":"admin1873","@id":"https:\/\/charleroi-pourlapalestine.be\/#\/schema\/person\/c19ff515112f1299d8c12671d8fe3faa"},"headline":"De Saint-Gilles \u00e0 Gaza : d\u00e9fendre la Palestine face \u00e0 la machine de diffamation","datePublished":"2025-06-11T14:12:30+00:00","mainEntityOfPage":{"@id":"https:\/\/charleroi-pourlapalestine.be\/index.php\/2025\/06\/11\/de-saint-gilles-a-gaza-defendre-la-palestine-face-a-la-machine-de-diffamation\/"},"wordCount":1780,"publisher":{"@id":"https:\/\/charleroi-pourlapalestine.be\/#organization"},"image":{"@id":"https:\/\/charleroi-pourlapalestine.be\/index.php\/2025\/06\/11\/de-saint-gilles-a-gaza-defendre-la-palestine-face-a-la-machine-de-diffamation\/#primaryimage"},"thumbnailUrl":"https:\/\/charleroi-pourlapalestine.be\/wp-content\/uploads\/2025\/06\/7-juin-RF-keffiehs.jpg","articleSection":["anti-imp\u00e9rialisme","Belgique","Chants","Cin\u00e9ma","criminalisation","Culture","Folklore","G\u00e9nocide","Libert\u00e9 d'expression","Musique","Palestiniens en Belgique","Po\u00e9sie","R\u00e9pression","R\u00e9sistance","Sport","Street art","Th\u00e9\u00e2tre","violences polici\u00e8res"],"inLanguage":"fr-FR"},{"@type":"WebPage","@id":"https:\/\/charleroi-pourlapalestine.be\/index.php\/2025\/06\/11\/de-saint-gilles-a-gaza-defendre-la-palestine-face-a-la-machine-de-diffamation\/","url":"https:\/\/charleroi-pourlapalestine.be\/index.php\/2025\/06\/11\/de-saint-gilles-a-gaza-defendre-la-palestine-face-a-la-machine-de-diffamation\/","name":"De Saint-Gilles \u00e0 Gaza : d\u00e9fendre la Palestine face \u00e0 la machine de diffamation","isPartOf":{"@id":"https:\/\/charleroi-pourlapalestine.be\/#website"},"primaryImageOfPage":{"@id":"https:\/\/charleroi-pourlapalestine.be\/index.php\/2025\/06\/11\/de-saint-gilles-a-gaza-defendre-la-palestine-face-a-la-machine-de-diffamation\/#primaryimage"},"image":{"@id":"https:\/\/charleroi-pourlapalestine.be\/index.php\/2025\/06\/11\/de-saint-gilles-a-gaza-defendre-la-palestine-face-a-la-machine-de-diffamation\/#primaryimage"},"thumbnailUrl":"https:\/\/charleroi-pourlapalestine.be\/wp-content\/uploads\/2025\/06\/7-juin-RF-keffiehs.jpg","datePublished":"2025-06-11T14:12:30+00:00","description":"La 3e \u00e9dition du Festival R\u00e9sistance \u00e0 Saint-Gilles visait \u00e0 c\u00e9l\u00e9brer les luttes de lib\u00e9ration populaire \u00e0 travers le monde","breadcrumb":{"@id":"https:\/\/charleroi-pourlapalestine.be\/index.php\/2025\/06\/11\/de-saint-gilles-a-gaza-defendre-la-palestine-face-a-la-machine-de-diffamation\/#breadcrumb"},"inLanguage":"fr-FR","potentialAction":[{"@type":"ReadAction","target":["https:\/\/charleroi-pourlapalestine.be\/index.php\/2025\/06\/11\/de-saint-gilles-a-gaza-defendre-la-palestine-face-a-la-machine-de-diffamation\/"]}]},{"@type":"ImageObject","inLanguage":"fr-FR","@id":"https:\/\/charleroi-pourlapalestine.be\/index.php\/2025\/06\/11\/de-saint-gilles-a-gaza-defendre-la-palestine-face-a-la-machine-de-diffamation\/#primaryimage","url":"https:\/\/charleroi-pourlapalestine.be\/wp-content\/uploads\/2025\/06\/7-juin-RF-keffiehs.jpg","contentUrl":"https:\/\/charleroi-pourlapalestine.be\/wp-content\/uploads\/2025\/06\/7-juin-RF-keffiehs.jpg","width":2048,"height":1536},{"@type":"BreadcrumbList","@id":"https:\/\/charleroi-pourlapalestine.be\/index.php\/2025\/06\/11\/de-saint-gilles-a-gaza-defendre-la-palestine-face-a-la-machine-de-diffamation\/#breadcrumb","itemListElement":[{"@type":"ListItem","position":1,"name":"Accueil","item":"https:\/\/charleroi-pourlapalestine.be\/"},{"@type":"ListItem","position":2,"name":"De Saint-Gilles \u00e0 Gaza : d\u00e9fendre la Palestine face \u00e0 la machine de diffamation"}]},{"@type":"WebSite","@id":"https:\/\/charleroi-pourlapalestine.be\/#website","url":"https:\/\/charleroi-pourlapalestine.be\/","name":"Charleroi Pour la Palestine","description":"","publisher":{"@id":"https:\/\/charleroi-pourlapalestine.be\/#organization"},"potentialAction":[{"@type":"SearchAction","target":{"@type":"EntryPoint","urlTemplate":"https:\/\/charleroi-pourlapalestine.be\/?s={search_term_string}"},"query-input":{"@type":"PropertyValueSpecification","valueRequired":true,"valueName":"search_term_string"}}],"inLanguage":"fr-FR"},{"@type":"Organization","@id":"https:\/\/charleroi-pourlapalestine.be\/#organization","name":"Plate-forme Charleroi-Palestine","url":"https:\/\/charleroi-pourlapalestine.be\/","logo":{"@type":"ImageObject","inLanguage":"fr-FR","@id":"https:\/\/charleroi-pourlapalestine.be\/#\/schema\/logo\/image\/","url":"https:\/\/charleroi-pourlapalestine.be\/wp-content\/uploads\/2020\/01\/logo-Copy.jpg","contentUrl":"https:\/\/charleroi-pourlapalestine.be\/wp-content\/uploads\/2020\/01\/logo-Copy.jpg","width":180,"height":180,"caption":"Plate-forme Charleroi-Palestine"},"image":{"@id":"https:\/\/charleroi-pourlapalestine.be\/#\/schema\/logo\/image\/"},"sameAs":["https:\/\/www.facebook.com\/PlateformeCharleroiPalestine\/","https:\/\/x.com\/LaCharleroi"]},{"@type":"Person","@id":"https:\/\/charleroi-pourlapalestine.be\/#\/schema\/person\/c19ff515112f1299d8c12671d8fe3faa","name":"admin1873","url":"https:\/\/charleroi-pourlapalestine.be\/index.php\/author\/admin1873\/"}]}},"_links":{"self":[{"href":"https:\/\/charleroi-pourlapalestine.be\/index.php\/wp-json\/wp\/v2\/posts\/84920","targetHints":{"allow":["GET"]}}],"collection":[{"href":"https:\/\/charleroi-pourlapalestine.be\/index.php\/wp-json\/wp\/v2\/posts"}],"about":[{"href":"https:\/\/charleroi-pourlapalestine.be\/index.php\/wp-json\/wp\/v2\/types\/post"}],"author":[{"embeddable":true,"href":"https:\/\/charleroi-pourlapalestine.be\/index.php\/wp-json\/wp\/v2\/users\/1"}],"replies":[{"embeddable":true,"href":"https:\/\/charleroi-pourlapalestine.be\/index.php\/wp-json\/wp\/v2\/comments?post=84920"}],"version-history":[{"count":0,"href":"https:\/\/charleroi-pourlapalestine.be\/index.php\/wp-json\/wp\/v2\/posts\/84920\/revisions"}],"wp:featuredmedia":[{"embeddable":true,"href":"https:\/\/charleroi-pourlapalestine.be\/index.php\/wp-json\/wp\/v2\/media\/84932"}],"wp:attachment":[{"href":"https:\/\/charleroi-pourlapalestine.be\/index.php\/wp-json\/wp\/v2\/media?parent=84920"}],"wp:term":[{"taxonomy":"category","embeddable":true,"href":"https:\/\/charleroi-pourlapalestine.be\/index.php\/wp-json\/wp\/v2\/categories?post=84920"},{"taxonomy":"post_tag","embeddable":true,"href":"https:\/\/charleroi-pourlapalestine.be\/index.php\/wp-json\/wp\/v2\/tags?post=84920"}],"curies":[{"name":"wp","href":"https:\/\/api.w.org\/{rel}","templated":true}]}}