{"id":8494,"date":"2016-10-13T13:47:00","date_gmt":"2016-10-13T11:47:00","guid":{"rendered":"https:\/\/charleroi-pourlapalestine.be\/?p=8494"},"modified":"2020-03-09T13:53:32","modified_gmt":"2020-03-09T12:53:32","slug":"samia-halaby-nous-ne-cesserons-pas-de-raconter-notre-histoire-sur-le-pillage-de-lart-palestinien","status":"publish","type":"post","link":"https:\/\/charleroi-pourlapalestine.be\/index.php\/2016\/10\/13\/samia-halaby-nous-ne-cesserons-pas-de-raconter-notre-histoire-sur-le-pillage-de-lart-palestinien\/","title":{"rendered":"Samia Halaby : <em>\u00ab\u00a0Nous ne cesserons pas de raconter notre histoire sur le pillage de l\u2019art palestinien\u00a0\u00bb<\/em>"},"content":{"rendered":"<header class=\"entry-header mh-clearfix\">\n<h4 class=\"entry-title\"><strong>Aucune entit\u00e9 n\u2019a autant pill\u00e9 l\u2019art et la culture des Palestiniens que ne l\u2019a fait \u2013 et continue de le faire \u2013 l\u2019entit\u00e9 isra\u00e9lienne.<\/strong><\/h4>\n<p class=\"entry-title\">Au programme de l&rsquo;\u00e9v\u00e9nement <em>\u00ab \u00c9valuation de l\u2019art palestinien avant 1948 \u00bb <\/em>au mus\u00e9e <a href=\"https:\/\/mondoweiss.net\/2016\/09\/debriefing-palestinian-guggenheim\/\" target=\"_blank\" rel=\"noopener noreferrer\">Guggenheim<\/a> \u00e0 New York, figuraient une discussion sur le pillage de l\u2019art au moment de la cr\u00e9ation d\u2019Isra\u00ebl, de m\u00eame que suggestions pr\u00e9tendant que les Palestiniens avaient pill\u00e9 des \u0153uvres d\u2019art du mus\u00e9e de Tel-Aviv et dans d\u2019autres endroits.<\/p>\n<\/header>\n<div class=\"entry-content mh-clearfix\">\n<div class=\"pf-content\">\n<p>Aucune entit\u00e9 n\u2019a autant pill\u00e9 l\u2019art et la culture des <strong>Palestiniens<\/strong> que ne l\u2019a fait \u2013 et continue de le faire \u2013 l\u2019entit\u00e9 isra\u00e9lienne.<\/p>\n<p>Elle a ferm\u00e9 et confisqu\u00e9 d\u2019innombrables expositions de peinture et endommag\u00e9 ou d\u00e9truit de tr\u00e8s nombreux tableaux ou repr\u00e9sentations. Il suffit de chercher quelque peu, tout en gardant l\u2019esprit ouvert, pour se rendre compte de cette \u00e9vidence.<\/p>\n<p>J\u2019ai toujours esp\u00e9r\u00e9 qu\u2019au moins les Isra\u00e9liens pr\u00e9serveraient ce dont ils s\u2019emparaient&nbsp;; je r\u00eave de d\u00e9couvrir un entrep\u00f4t rempli de grandes peintures palestiniennes une fois que nous aurons lib\u00e9r\u00e9 le pays et \u00e9tabli l\u2019\u00e9galit\u00e9. S\u2019ils les ont d\u00e9truites et br\u00fbl\u00e9es comme ils l\u2019ont fait avec d\u2019autres expositions, ce serait tr\u00e8s triste.<\/p>\n<p>O\u00f9 est le contenu des studios et ateliers de photographes et de peintres remplis d\u2019\u0153uvres soigneusement emball\u00e9es et enferm\u00e9es avant 1948, quand tout le monde essayait d\u2019\u00e9chapper \u00e0 la terreur et pensait pouvoir rentrer quelques semaines plus tard&nbsp;?<\/p>\n<p>Naturellement, personne n\u2019a \u00e9t\u00e9 autoris\u00e9 \u00e0 rentrer et ces studios et ateliers ont tous \u00e9t\u00e9 pill\u00e9s, en esp\u00e9rant que leur contenu ait \u00e9t\u00e9 dissimul\u00e9 et non jet\u00e9 au feu. Quand nous obtenons des passeports \u00e9trangers et que nous revenons finalement pour visiter nos demeures bien-aim\u00e9es, nous les retrouvons vid\u00e9es de tous nos biens pr\u00e9cieux et compl\u00e8tement occup\u00e9es par des \u00e9trangers.<\/p>\n<figure id=\"attachment_19223\" class=\"wp-caption aligncenter\" aria-describedby=\"caption-attachment-19223\">\n<p><div id=\"attachment_19223\" style=\"width: 510px\" class=\"wp-caption aligncenter\"><img loading=\"lazy\" decoding=\"async\" aria-describedby=\"caption-attachment-19223\" class=\"wp-image-19223 size-full\" src=\"https:\/\/www.pourlapalestine.be\/wp-content\/uploads\/2016\/10\/338024TheChildFathi.jpg\" sizes=\"auto, (max-width: 500px) 100vw, 500px\" srcset=\"https:\/\/www.pourlapalestine.be\/wp-content\/uploads\/2016\/10\/338024TheChildFathi.jpg 500w, https:\/\/www.pourlapalestine.be\/wp-content\/uploads\/2016\/10\/338024TheChildFathi-350x257.jpg 350w\" alt=\"L'art du dessin : l'histoire de Kafr Qassem\" width=\"500\" height=\"367\"><p id=\"caption-attachment-19223\" class=\"wp-caption-text\">\u00ab Le massacre de Kafr Qassem, en 1956. La troisi\u00e8me vague de mort : Fathi l\u2019enfant \u00bb , par Samia Halaby<\/p><\/div><\/figure>\n<p>Au moment m\u00eame o\u00f9 je r\u00e9dige cette lettre, je suis en <strong>Allemagne<\/strong> pour superviser l\u2019impression de mon livre&nbsp;:<em> \u00ab&nbsp;Dessiner le massacre de Kafr Qassem \u00bb<\/em> et je me souviens d\u2019une interview de l\u2019artiste le plus en vue de cette localit\u00e9, lequel a pass\u00e9 des ann\u00e9es en prison en raison de son militantisme contre l\u2019horrible massacre qui avait eu lieu en 1956 dans son village.<\/p>\n<p>Il m\u2019avait racont\u00e9 que la police isra\u00e9lienne faisait souvent irruption sans pr\u00e9venir dans sa maison qu\u2019elle confisquait ses tableaux d\u00e9peignant le massacre. Il m\u2019avait \u00e9galement racont\u00e9 qu\u2019une fois en prison, il n\u2019avait plus os\u00e9 faire de dessins du massacre, de sorte qu\u2019il s\u2019\u00e9tait mis \u00e0 dessiner pour exprimer sa sympathie avec la lutte du <strong>Vietnam.<\/strong><\/p>\n<p>Ils avaient aussi confisqu\u00e9 toutes ces \u0153uvres. Quand je lui avais dit qu\u2019il devait retourner l\u00e0-bas pour les r\u00e9clamer, il m\u2019avait r\u00e9pondu tant verbalement qu\u2019avec le langage poignant de son corps qu\u2019il ne retournerait jamais dans un endroit o\u00f9 il avait tant souffert.<\/p>\n<p>Les \u0153uvres d\u2019art d\u2019un prisonnier politique qui a v\u00e9cu le massacre de<strong> Kafr Qassem<\/strong> et qui a dessin\u00e9 par solidarit\u00e9 avec le <strong>Vietnam<\/strong> sont des documents inestimables de l\u2019histoire palestinienne. O\u00f9 sont donc toutes ces \u0153uvres d\u2019art vol\u00e9es par <strong>Isra\u00ebl<\/strong>&nbsp;?<\/p>\n<p>L\u2019art, la culture, le journalisme, la litt\u00e9rature et la musique de la <strong>Palestine<\/strong> \u00e9taient bien vivants et florissants avant 1948, et ce, malgr\u00e9 les tentatives britanniques de les r\u00e9primer.<\/p>\n<p><strong>Mariam Said<\/strong> (1) a mis g\u00e9n\u00e9reusement en exergue mes \u00e9crits sur l\u2019art palestinien \u00e0 <strong>J\u00e9rusalem<\/strong> avant qu\u2019<strong>Isra\u00ebl<\/strong> n\u2019occup\u00e2t les terres palestiniennes en 1948. Il n\u2019est nul besoin de r\u00e9pertorier les sources et les \u00e9v\u00e9nements. Tout \u00e9rudit sinc\u00e8re peut les d\u00e9couvrir.<\/p>\n<p>Ce qui est int\u00e9ressant, toutefois, dans le rapport de <strong>Mariam<\/strong>, c\u2019est la fa\u00e7on dont la r\u00e9alit\u00e9 a \u00e9t\u00e9 invers\u00e9e. Ce n\u2019est pas une chose nouvelle pour nous, <strong>Palestiniens<\/strong>, puisque l\u2019inversion majeure que nous vivons, c\u2019est qu\u2019on nous colle une \u00e9tiquette de terroristes et qu\u2019on nous traite en tant que tels alors qu\u2019en fait, nous sommes les victimes du terrorisme isra\u00e9lien.<\/p>\n<p>On se demande comment il se fait qu\u2019un ou une artiste vole ses propres \u0153uvres s\u2019il ou elle les emporte pour \u00e9chapper aux bombes, aux balles et aux gangs de terroristes.<\/p>\n<p>Comment ce que les <strong>Palestiniens<\/strong> ont sauvegard\u00e9 du gigantesque pillage perp\u00e9tr\u00e9 par<strong> Isra\u00ebl<\/strong> des terres, des b\u00e2timents, de l\u2019art, des livres, des bijoux, des meubles, des entrep\u00f4ts de marchandises peut-il \u00eatre qualifi\u00e9 de <em>\u00ab&nbsp;vol&nbsp;\u00bb<\/em> et ce, dans le m\u00eame temps que ce qu\u2019ils ont <em>\u00ab&nbsp;vol\u00e9&nbsp;\u00bb<\/em> est qualifi\u00e9 de <em>\u00ab&nbsp;propri\u00e9t\u00e9 isra\u00e9lienne&nbsp;\u00bb<\/em>&nbsp;?<\/p>\n<p>Comment fait-on pour voler ce qui vous appartient&nbsp;? Comment peut-on voler le produit de ses propres mains&nbsp;?<\/p>\n<p>Permettez-moi ici d\u2019y aller de mon t\u00e9moignage personnel.<\/p>\n<p>Dans la maison de mon enfance en <strong>Palestine<\/strong>, que j\u2019ai \u00e9t\u00e9 forc\u00e9e de quitter en 1948, il y avait des livres, des peintures \u00e0 l\u2019huile, de pr\u00e9cieux tapis persans, des \u00e9quipements modernes et des meubles.<\/p>\n<p>Tout fut pill\u00e9, y compris la maison elle-m\u00eame ainsi qu\u2019un entrep\u00f4t rempli de voitures neuves Rover, de pneus Goodyear et de beaucoup d\u2019autres choses que mon p\u00e8re avait import\u00e9es.<\/p>\n<p>Et ceci, sans faire \u00e9tat de ses autres propri\u00e9t\u00e9s \u00e0 <strong>Jaffa, Ha\u00effa<\/strong> et<strong> J\u00e9rusalem<\/strong>. Mon p\u00e8re n\u2019avait h\u00e9rit\u00e9 de rien de mat\u00e9riel. Il avait d\u00e9but\u00e9 dans la vie en vendant dans les rues de <strong>J\u00e9rusalem<\/strong> le pain que cuisait sa m\u00e8re durant les ann\u00e9es de famine de la Premi\u00e8re Guerre mondiale. Tout ce qu\u2019il a construit pour lui-m\u00eame et sa famille a \u00e9t\u00e9 pill\u00e9 par <strong>Isra\u00ebl.<\/strong><\/p>\n<p>Nous continuerons \u00e0 raconter notre histoire. Les<strong> Isra\u00e9liens<\/strong> peuvent inverser la v\u00e9rit\u00e9 et influencer profond\u00e9ment les m\u00e9dias, mais l\u2019avenir sera \u00e0 nous, puisque les gens sont de plus en plus nombreux \u00e0 \u00e9couter ce que nous disons et \u00e0 ne plus respecter les m\u00e9dias de masse. Ces derniers temps, mon discours sur la <strong>Palestine<\/strong> suscite l\u2019approbation. Les gens n\u2019accusent plus mais acquiescent plut\u00f4t en signe d\u2019accord.<\/p>\n<p>La nouvelle propagande isra\u00e9lienne reprend le vieux slogan \u00e9cul\u00e9 de la terre sans peuple pour un peuple [sans terre] \u2013 ce slogan est trop \u00e9cul\u00e9 pour qu\u2019on le r\u00e9p\u00e8te une fois de plus.<\/p>\n<p>Aujourd\u2019hui, ils le refourbissent en essayant de faire croire qu\u2019<strong>Isra\u00ebl<\/strong> a toujours exist\u00e9 \u2013 une sorte d\u2019\u00e9ternit\u00e9 absolue du pass\u00e9. Leurs inversions irrationnelles laissent d\u2019abord les gens sans voix mais elles m\u00e9ritent toutefois un minimum d\u2019attention.<\/p>\n<p>Il vaut mieux \u00eatre cr\u00e9atif en enrichissant notre propre culture ainsi que la culture internationale. R\u00e9pondre \u00e0 la propagande, c\u2019est perdre du temps dans les limites de leur propre narration \u2013 des limites qui contredisent la cr\u00e9ativit\u00e9. Je souhaite qu\u2019ils puissent sortir la t\u00eate des miasmes aveuglants de leur propre propagande et embrasser une cause \u00e9galitaire.<\/p>\n<p>Le sous-titre de <strong>Guggenheim<\/strong> pour l\u2019exposition que <strong>Mariam Said<\/strong> a si pertinemment d\u00e9crite \u00e9tait <em>\u00ab&nbsp;Art contemporain du Moyen-Orient et de l\u2019Afrique du Nord&nbsp;\u00bb.<\/em><\/p>\n<p>Dans un titre pareil, la <strong>Palestine<\/strong> est mise \u00e0 l\u2019\u00e9cart et<strong> Isra\u00ebl<\/strong> la remplace. Les deux pi\u00e8ces de l\u2019exposition r\u00e9alis\u00e9es par des artistes isra\u00e9liens r\u00e9v\u00e8lent d\u2019\u00e9tranges limitations et intentions.<\/p>\n<p>L\u2019une parle de la souffrance des <strong>Juifs<\/strong> en <strong>Europe<\/strong> dans le contexte d\u2019une exposition pr\u00e9sentant surtout de l\u2019art arabe&nbsp;; alors que l\u2019autre, l\u2019\u00e9valuation, nous dit qu\u2019<strong>Isra\u00ebl<\/strong> a toujours \u00e9t\u00e9 l\u00e0 et que toutes les terres appartiennent en propre \u00e0 <strong>Isra\u00ebl<\/strong>.<\/p>\n<p>Autrement dit, l\u2019une parle de la souffrance des <strong>Juifs<\/strong> alors que l\u2019autre exploite cette souffrance pour justifier le pillage. En r\u00e9action \u00e0 une telle formule, je me rangerais du c\u00f4t\u00e9 des<strong> Juifs<\/strong> qui exigent que l\u2019\u00c9toile de David soit \u00f4t\u00e9e de leur drapeau.<\/p>\n<figure id=\"attachment_19224\" class=\"wp-caption alignleft\" aria-describedby=\"caption-attachment-19224\">\n<p><div id=\"attachment_19224\" style=\"width: 360px\" class=\"wp-caption alignleft\"><img loading=\"lazy\" decoding=\"async\" aria-describedby=\"caption-attachment-19224\" class=\"wp-image-19224 size-medium\" src=\"https:\/\/www.pourlapalestine.be\/wp-content\/uploads\/2016\/10\/The_Dome_of_the_Rock-580x353-350x213.jpeg\" sizes=\"auto, (max-width: 350px) 100vw, 350px\" srcset=\"https:\/\/www.pourlapalestine.be\/wp-content\/uploads\/2016\/10\/The_Dome_of_the_Rock-580x353-350x213.jpeg 350w, https:\/\/www.pourlapalestine.be\/wp-content\/uploads\/2016\/10\/The_Dome_of_the_Rock-580x353.jpeg 580w\" alt=\"\" width=\"350\" height=\"213\"><p id=\"caption-attachment-19224\" class=\"wp-caption-text\">Le D\u00f4me du Rocher \u00e0 J\u00e9rusalem.<\/p><\/div><\/figure>\n<p class=\"wp-caption alignleft\" aria-describedby=\"caption-attachment-19224\">Mon impression en consid\u00e9rant le discours critique sur l\u2019art arabe, c\u2019est que ce discours est un \u00e9chec.<\/p>\n<p>J\u2019ai fini par \u00eatre persuad\u00e9e que les philosophes de l\u2019art occidentaux ne comprennent pas vraiment l\u2019art arabe parce qu\u2019ils sont toujours \u00e0 la recherche de la profondeur et de la perspective et, plus r\u00e9cemment, des cr\u00e9ations id\u00e9alistes, anthropologiques, g\u00e9n\u00e9ralement non visuelles du post-modernisme occidental.<\/p>\n<p>Ils recherchent ces choses au sujet desquelles ils sont bien inform\u00e9s et cela les emp\u00eache de voir tout le reste. Ils reconnaissent rarement la profonde influence de l\u2019art arabe sur l\u2019art occidental \u2013 ou, pour le dire plus cr\u00fbment, l\u2019influence de l\u2019art palestinien sur l\u2019art de la Renaissance italienne, qu\u2019ils per\u00e7oivent comme la base de l\u2019art occidental.<\/p>\n<p>L\u2019un des grands monuments du brillant art islamique, le <strong>D\u00f4me du Rocher<\/strong> \u00e0<strong> J\u00e9rusalem<\/strong> (691), a \u00e9t\u00e9 d\u2019une influence majeure et catalytique sur le <strong>Baptist\u00e8re [Saint-Jean]<\/strong> de <strong>Florence<\/strong> (1059-1128).<\/p>\n<figure id=\"attachment_19225\" class=\"wp-caption alignright\" aria-describedby=\"caption-attachment-19225\">\n<div id=\"attachment_19225\" style=\"width: 360px\" class=\"wp-caption alignright\"><img loading=\"lazy\" decoding=\"async\" aria-describedby=\"caption-attachment-19225\" class=\"wp-image-19225 size-medium\" src=\"https:\/\/www.pourlapalestine.be\/wp-content\/uploads\/2016\/10\/dd3727b8093812d57d48396b8dcf5dac-580x435-350x263.jpg\" sizes=\"auto, (max-width: 350px) 100vw, 350px\" srcset=\"https:\/\/www.pourlapalestine.be\/wp-content\/uploads\/2016\/10\/dd3727b8093812d57d48396b8dcf5dac-580x435-350x263.jpg 350w, https:\/\/www.pourlapalestine.be\/wp-content\/uploads\/2016\/10\/dd3727b8093812d57d48396b8dcf5dac-580x435-174x131.jpg 174w, https:\/\/www.pourlapalestine.be\/wp-content\/uploads\/2016\/10\/dd3727b8093812d57d48396b8dcf5dac-580x435-300x225.jpg 300w, https:\/\/www.pourlapalestine.be\/wp-content\/uploads\/2016\/10\/dd3727b8093812d57d48396b8dcf5dac-580x435-70x53.jpg 70w, https:\/\/www.pourlapalestine.be\/wp-content\/uploads\/2016\/10\/dd3727b8093812d57d48396b8dcf5dac-580x435.jpg 580w\" alt=\"\" width=\"350\" height=\"263\"><p id=\"caption-attachment-19225\" class=\"wp-caption-text\">Le Baptist\u00e8re [Saint-Jean] de Florence.<\/p><\/div>&nbsp;<\/figure>\n<p>En outre, la division de l\u2019espace mural dans l\u2019architecture islamique en segments g\u00e9om\u00e9triques en harmonie avec l\u2019architecture elle-m\u00eame a influenc\u00e9 la segmentation visuelle des cath\u00e9drales europ\u00e9ennes.<\/p>\n<p>L\u2019art arabe et palestinien moderne et contemporain a \u00e9t\u00e9 influenc\u00e9 par des sources internationales en provenance tant de l\u2019Orient et de l\u2019Occident que de leurs anc\u00eatres dans la r\u00e9gion.<\/p>\n<p>C\u2019est une attitude culturelle typiquement saine de notre \u00e9poque. Le narcissisme national des si\u00e8cles r\u00e9cents n\u2019est plus appropri\u00e9. Le probl\u00e8me est que les composantes orientales sont invisibles pour ceux qui sont incapables de percevoir la sym\u00e9trie comme une imitation de la nature.<\/p>\n<p>C\u2019est vraiment trop d\u00e9cevant. Je pense parfois qu\u2019ayant entra\u00een\u00e9 mon regard \u00e0 la sym\u00e9trie de l\u2019art islamique, je suis plus facilement \u00e0 m\u00eame de percevoir les beaux rythmes de la nature que ceux qui n\u2019ont pas b\u00e9n\u00e9fici\u00e9 d\u2019un tel apprentissage. Je tire de semblables b\u00e9n\u00e9fices de l\u2019\u00e9tude visuelle de l\u2019art asiatique, depuis l\u2019<strong>Iran<\/strong> jusqu\u2019au <strong>Japon<\/strong>.<\/p>\n<hr>\n<p>Publi\u00e9 le 12 octobre 2016 sur<a href=\"http:\/\/mondoweiss.net\/2016\/10\/telling-looting-palestinian\/\" target=\"_blank\" rel=\"noopener noreferrer\"> Mondoweiss<\/a><br \/>\nTraduction : Jean-Marie Fl\u00e9mal<\/p>\n<p><img loading=\"lazy\" decoding=\"async\" class=\"alignleft wp-image-19226 size-thumbnail\" src=\"https:\/\/www.pourlapalestine.be\/wp-content\/uploads\/2016\/10\/Samia-Halabi-150x150.jpg\" alt=\"samia-halabi\" width=\"150\" height=\"150\"><strong>Samia Halaby <\/strong>est n\u00e9e \u00e0 J\u00e9rusalem en 1936 et elle a grandi \u00e0 Jaffa. Elle vit \u00e0 New York depuis 1951 o\u00f9 elle est reconnue comme un peintre abstrait de premier plan et une experte influente sur l\u2019art palestinien et arabe.<\/p>\n<p>Elle travaille actuellement sur un livre de dessins qui documentent le massacre de Kfar Qasem, en 1956, lorsque 49 Palestiniens du village ont \u00e9t\u00e9 assassin\u00e9s par la police isra\u00e9lienne des fronti\u00e8res.<\/p>\n<p><em>(1) <strong>Mariam C. Said<\/strong> est n\u00e9e et a grandi \u00e0 Beyrouth (Liban). Elle vit \u00e0 New-York. Elle fut l\u2019\u00e9pouse de grand intellectuel palestinien Edward W. Said (1935-2003)<\/em><\/p>\n<p><a href=\"https:\/\/charleroi-pourlapalestine.be\/index.php\/category\/culture-2\/\">Trouvez ici d&rsquo;autres articles sur la culture palestinienne, publi\u00e9s sur ce site<\/a><\/p>\n<\/div>\n<\/div>\n","protected":false},"excerpt":{"rendered":"<p>Aucune entit\u00e9 n\u2019a autant pill\u00e9 l\u2019art et la culture des Palestiniens que ne l\u2019a fait \u2013 et continue de le faire \u2013 l\u2019entit\u00e9 isra\u00e9lienne.<\/p>\n","protected":false},"author":1,"featured_media":8703,"comment_status":"closed","ping_status":"closed","sticky":false,"template":"","format":"standard","meta":{"ngg_post_thumbnail":0,"footnotes":""},"categories":[178,95,132,140,20],"tags":[],"class_list":["post-8494","post","type-post","status-publish","format-standard","has-post-thumbnail","hentry","category-culture-2","category-hasbara-propagande-israelienne","category-histoire","category-letat-colonial","category-la-nakba"],"yoast_head":"<!-- This site is optimized with the Yoast SEO plugin v27.3 - https:\/\/yoast.com\/product\/yoast-seo-wordpress\/ -->\n<title>Nous ne cesserons pas de raconter notre histoire sur le pillage de l\u2019art palestinien<\/title>\n<meta name=\"description\" content=\"Aucune entit\u00e9 n\u2019a autant pill\u00e9 l\u2019art et la culture des Palestiniens que ne l\u2019a fait \u2013 et continue de le faire \u2013 l\u2019entit\u00e9 isra\u00e9lienne.\" \/>\n<meta name=\"robots\" content=\"index, follow, max-snippet:-1, max-image-preview:large, max-video-preview:-1\" \/>\n<link rel=\"canonical\" href=\"https:\/\/charleroi-pourlapalestine.be\/index.php\/2016\/10\/13\/samia-halaby-nous-ne-cesserons-pas-de-raconter-notre-histoire-sur-le-pillage-de-lart-palestinien\/\" \/>\n<script type=\"application\/ld+json\" class=\"yoast-schema-graph\">{\"@context\":\"https:\\\/\\\/schema.org\",\"@graph\":[{\"@type\":\"Article\",\"@id\":\"https:\\\/\\\/charleroi-pourlapalestine.be\\\/index.php\\\/2016\\\/10\\\/13\\\/samia-halaby-nous-ne-cesserons-pas-de-raconter-notre-histoire-sur-le-pillage-de-lart-palestinien\\\/#article\",\"isPartOf\":{\"@id\":\"https:\\\/\\\/charleroi-pourlapalestine.be\\\/index.php\\\/2016\\\/10\\\/13\\\/samia-halaby-nous-ne-cesserons-pas-de-raconter-notre-histoire-sur-le-pillage-de-lart-palestinien\\\/\"},\"author\":{\"name\":\"admin1873\",\"@id\":\"https:\\\/\\\/charleroi-pourlapalestine.be\\\/#\\\/schema\\\/person\\\/c19ff515112f1299d8c12671d8fe3faa\"},\"headline\":\"Samia Halaby : \u00ab\u00a0Nous ne cesserons pas de raconter notre histoire sur le pillage de l\u2019art palestinien\u00a0\u00bb\",\"datePublished\":\"2016-10-13T11:47:00+00:00\",\"dateModified\":\"2020-03-09T12:53:32+00:00\",\"mainEntityOfPage\":{\"@id\":\"https:\\\/\\\/charleroi-pourlapalestine.be\\\/index.php\\\/2016\\\/10\\\/13\\\/samia-halaby-nous-ne-cesserons-pas-de-raconter-notre-histoire-sur-le-pillage-de-lart-palestinien\\\/\"},\"wordCount\":1924,\"publisher\":{\"@id\":\"https:\\\/\\\/charleroi-pourlapalestine.be\\\/#organization\"},\"image\":{\"@id\":\"https:\\\/\\\/charleroi-pourlapalestine.be\\\/index.php\\\/2016\\\/10\\\/13\\\/samia-halaby-nous-ne-cesserons-pas-de-raconter-notre-histoire-sur-le-pillage-de-lart-palestinien\\\/#primaryimage\"},\"thumbnailUrl\":\"https:\\\/\\\/charleroi-pourlapalestine.be\\\/wp-content\\\/uploads\\\/2020\\\/03\\\/Samia-Halabi.jpg\",\"articleSection\":[\"Culture\",\"Hasbara\",\"Histoire\",\"L'Etat colonial\",\"Nakba\"],\"inLanguage\":\"fr-FR\"},{\"@type\":\"WebPage\",\"@id\":\"https:\\\/\\\/charleroi-pourlapalestine.be\\\/index.php\\\/2016\\\/10\\\/13\\\/samia-halaby-nous-ne-cesserons-pas-de-raconter-notre-histoire-sur-le-pillage-de-lart-palestinien\\\/\",\"url\":\"https:\\\/\\\/charleroi-pourlapalestine.be\\\/index.php\\\/2016\\\/10\\\/13\\\/samia-halaby-nous-ne-cesserons-pas-de-raconter-notre-histoire-sur-le-pillage-de-lart-palestinien\\\/\",\"name\":\"Nous ne cesserons pas de raconter notre histoire sur le pillage de l\u2019art palestinien\",\"isPartOf\":{\"@id\":\"https:\\\/\\\/charleroi-pourlapalestine.be\\\/#website\"},\"primaryImageOfPage\":{\"@id\":\"https:\\\/\\\/charleroi-pourlapalestine.be\\\/index.php\\\/2016\\\/10\\\/13\\\/samia-halaby-nous-ne-cesserons-pas-de-raconter-notre-histoire-sur-le-pillage-de-lart-palestinien\\\/#primaryimage\"},\"image\":{\"@id\":\"https:\\\/\\\/charleroi-pourlapalestine.be\\\/index.php\\\/2016\\\/10\\\/13\\\/samia-halaby-nous-ne-cesserons-pas-de-raconter-notre-histoire-sur-le-pillage-de-lart-palestinien\\\/#primaryimage\"},\"thumbnailUrl\":\"https:\\\/\\\/charleroi-pourlapalestine.be\\\/wp-content\\\/uploads\\\/2020\\\/03\\\/Samia-Halabi.jpg\",\"datePublished\":\"2016-10-13T11:47:00+00:00\",\"dateModified\":\"2020-03-09T12:53:32+00:00\",\"description\":\"Aucune entit\u00e9 n\u2019a autant pill\u00e9 l\u2019art et la culture des Palestiniens que ne l\u2019a fait \u2013 et continue de le faire \u2013 l\u2019entit\u00e9 isra\u00e9lienne.\",\"breadcrumb\":{\"@id\":\"https:\\\/\\\/charleroi-pourlapalestine.be\\\/index.php\\\/2016\\\/10\\\/13\\\/samia-halaby-nous-ne-cesserons-pas-de-raconter-notre-histoire-sur-le-pillage-de-lart-palestinien\\\/#breadcrumb\"},\"inLanguage\":\"fr-FR\",\"potentialAction\":[{\"@type\":\"ReadAction\",\"target\":[\"https:\\\/\\\/charleroi-pourlapalestine.be\\\/index.php\\\/2016\\\/10\\\/13\\\/samia-halaby-nous-ne-cesserons-pas-de-raconter-notre-histoire-sur-le-pillage-de-lart-palestinien\\\/\"]}]},{\"@type\":\"ImageObject\",\"inLanguage\":\"fr-FR\",\"@id\":\"https:\\\/\\\/charleroi-pourlapalestine.be\\\/index.php\\\/2016\\\/10\\\/13\\\/samia-halaby-nous-ne-cesserons-pas-de-raconter-notre-histoire-sur-le-pillage-de-lart-palestinien\\\/#primaryimage\",\"url\":\"https:\\\/\\\/charleroi-pourlapalestine.be\\\/wp-content\\\/uploads\\\/2020\\\/03\\\/Samia-Halabi.jpg\",\"contentUrl\":\"https:\\\/\\\/charleroi-pourlapalestine.be\\\/wp-content\\\/uploads\\\/2020\\\/03\\\/Samia-Halabi.jpg\",\"width\":1500,\"height\":1120},{\"@type\":\"BreadcrumbList\",\"@id\":\"https:\\\/\\\/charleroi-pourlapalestine.be\\\/index.php\\\/2016\\\/10\\\/13\\\/samia-halaby-nous-ne-cesserons-pas-de-raconter-notre-histoire-sur-le-pillage-de-lart-palestinien\\\/#breadcrumb\",\"itemListElement\":[{\"@type\":\"ListItem\",\"position\":1,\"name\":\"Accueil\",\"item\":\"https:\\\/\\\/charleroi-pourlapalestine.be\\\/\"},{\"@type\":\"ListItem\",\"position\":2,\"name\":\"Samia Halaby : \u00ab\u00a0Nous ne cesserons pas de raconter notre histoire sur le pillage de l\u2019art palestinien\u00a0\u00bb\"}]},{\"@type\":\"WebSite\",\"@id\":\"https:\\\/\\\/charleroi-pourlapalestine.be\\\/#website\",\"url\":\"https:\\\/\\\/charleroi-pourlapalestine.be\\\/\",\"name\":\"Charleroi Pour la Palestine\",\"description\":\"\",\"publisher\":{\"@id\":\"https:\\\/\\\/charleroi-pourlapalestine.be\\\/#organization\"},\"potentialAction\":[{\"@type\":\"SearchAction\",\"target\":{\"@type\":\"EntryPoint\",\"urlTemplate\":\"https:\\\/\\\/charleroi-pourlapalestine.be\\\/?s={search_term_string}\"},\"query-input\":{\"@type\":\"PropertyValueSpecification\",\"valueRequired\":true,\"valueName\":\"search_term_string\"}}],\"inLanguage\":\"fr-FR\"},{\"@type\":\"Organization\",\"@id\":\"https:\\\/\\\/charleroi-pourlapalestine.be\\\/#organization\",\"name\":\"Plate-forme Charleroi-Palestine\",\"url\":\"https:\\\/\\\/charleroi-pourlapalestine.be\\\/\",\"logo\":{\"@type\":\"ImageObject\",\"inLanguage\":\"fr-FR\",\"@id\":\"https:\\\/\\\/charleroi-pourlapalestine.be\\\/#\\\/schema\\\/logo\\\/image\\\/\",\"url\":\"https:\\\/\\\/charleroi-pourlapalestine.be\\\/wp-content\\\/uploads\\\/2020\\\/01\\\/logo-Copy.jpg\",\"contentUrl\":\"https:\\\/\\\/charleroi-pourlapalestine.be\\\/wp-content\\\/uploads\\\/2020\\\/01\\\/logo-Copy.jpg\",\"width\":180,\"height\":180,\"caption\":\"Plate-forme Charleroi-Palestine\"},\"image\":{\"@id\":\"https:\\\/\\\/charleroi-pourlapalestine.be\\\/#\\\/schema\\\/logo\\\/image\\\/\"},\"sameAs\":[\"https:\\\/\\\/www.facebook.com\\\/PlateformeCharleroiPalestine\\\/\",\"https:\\\/\\\/x.com\\\/LaCharleroi\"]},{\"@type\":\"Person\",\"@id\":\"https:\\\/\\\/charleroi-pourlapalestine.be\\\/#\\\/schema\\\/person\\\/c19ff515112f1299d8c12671d8fe3faa\",\"name\":\"admin1873\",\"url\":\"https:\\\/\\\/charleroi-pourlapalestine.be\\\/index.php\\\/author\\\/admin1873\\\/\"}]}<\/script>\n<!-- \/ Yoast SEO plugin. -->","yoast_head_json":{"title":"Nous ne cesserons pas de raconter notre histoire sur le pillage de l\u2019art palestinien","description":"Aucune entit\u00e9 n\u2019a autant pill\u00e9 l\u2019art et la culture des Palestiniens que ne l\u2019a fait \u2013 et continue de le faire \u2013 l\u2019entit\u00e9 isra\u00e9lienne.","robots":{"index":"index","follow":"follow","max-snippet":"max-snippet:-1","max-image-preview":"max-image-preview:large","max-video-preview":"max-video-preview:-1"},"canonical":"https:\/\/charleroi-pourlapalestine.be\/index.php\/2016\/10\/13\/samia-halaby-nous-ne-cesserons-pas-de-raconter-notre-histoire-sur-le-pillage-de-lart-palestinien\/","schema":{"@context":"https:\/\/schema.org","@graph":[{"@type":"Article","@id":"https:\/\/charleroi-pourlapalestine.be\/index.php\/2016\/10\/13\/samia-halaby-nous-ne-cesserons-pas-de-raconter-notre-histoire-sur-le-pillage-de-lart-palestinien\/#article","isPartOf":{"@id":"https:\/\/charleroi-pourlapalestine.be\/index.php\/2016\/10\/13\/samia-halaby-nous-ne-cesserons-pas-de-raconter-notre-histoire-sur-le-pillage-de-lart-palestinien\/"},"author":{"name":"admin1873","@id":"https:\/\/charleroi-pourlapalestine.be\/#\/schema\/person\/c19ff515112f1299d8c12671d8fe3faa"},"headline":"Samia Halaby : \u00ab\u00a0Nous ne cesserons pas de raconter notre histoire sur le pillage de l\u2019art palestinien\u00a0\u00bb","datePublished":"2016-10-13T11:47:00+00:00","dateModified":"2020-03-09T12:53:32+00:00","mainEntityOfPage":{"@id":"https:\/\/charleroi-pourlapalestine.be\/index.php\/2016\/10\/13\/samia-halaby-nous-ne-cesserons-pas-de-raconter-notre-histoire-sur-le-pillage-de-lart-palestinien\/"},"wordCount":1924,"publisher":{"@id":"https:\/\/charleroi-pourlapalestine.be\/#organization"},"image":{"@id":"https:\/\/charleroi-pourlapalestine.be\/index.php\/2016\/10\/13\/samia-halaby-nous-ne-cesserons-pas-de-raconter-notre-histoire-sur-le-pillage-de-lart-palestinien\/#primaryimage"},"thumbnailUrl":"https:\/\/charleroi-pourlapalestine.be\/wp-content\/uploads\/2020\/03\/Samia-Halabi.jpg","articleSection":["Culture","Hasbara","Histoire","L'Etat colonial","Nakba"],"inLanguage":"fr-FR"},{"@type":"WebPage","@id":"https:\/\/charleroi-pourlapalestine.be\/index.php\/2016\/10\/13\/samia-halaby-nous-ne-cesserons-pas-de-raconter-notre-histoire-sur-le-pillage-de-lart-palestinien\/","url":"https:\/\/charleroi-pourlapalestine.be\/index.php\/2016\/10\/13\/samia-halaby-nous-ne-cesserons-pas-de-raconter-notre-histoire-sur-le-pillage-de-lart-palestinien\/","name":"Nous ne cesserons pas de raconter notre histoire sur le pillage de l\u2019art palestinien","isPartOf":{"@id":"https:\/\/charleroi-pourlapalestine.be\/#website"},"primaryImageOfPage":{"@id":"https:\/\/charleroi-pourlapalestine.be\/index.php\/2016\/10\/13\/samia-halaby-nous-ne-cesserons-pas-de-raconter-notre-histoire-sur-le-pillage-de-lart-palestinien\/#primaryimage"},"image":{"@id":"https:\/\/charleroi-pourlapalestine.be\/index.php\/2016\/10\/13\/samia-halaby-nous-ne-cesserons-pas-de-raconter-notre-histoire-sur-le-pillage-de-lart-palestinien\/#primaryimage"},"thumbnailUrl":"https:\/\/charleroi-pourlapalestine.be\/wp-content\/uploads\/2020\/03\/Samia-Halabi.jpg","datePublished":"2016-10-13T11:47:00+00:00","dateModified":"2020-03-09T12:53:32+00:00","description":"Aucune entit\u00e9 n\u2019a autant pill\u00e9 l\u2019art et la culture des Palestiniens que ne l\u2019a fait \u2013 et continue de le faire \u2013 l\u2019entit\u00e9 isra\u00e9lienne.","breadcrumb":{"@id":"https:\/\/charleroi-pourlapalestine.be\/index.php\/2016\/10\/13\/samia-halaby-nous-ne-cesserons-pas-de-raconter-notre-histoire-sur-le-pillage-de-lart-palestinien\/#breadcrumb"},"inLanguage":"fr-FR","potentialAction":[{"@type":"ReadAction","target":["https:\/\/charleroi-pourlapalestine.be\/index.php\/2016\/10\/13\/samia-halaby-nous-ne-cesserons-pas-de-raconter-notre-histoire-sur-le-pillage-de-lart-palestinien\/"]}]},{"@type":"ImageObject","inLanguage":"fr-FR","@id":"https:\/\/charleroi-pourlapalestine.be\/index.php\/2016\/10\/13\/samia-halaby-nous-ne-cesserons-pas-de-raconter-notre-histoire-sur-le-pillage-de-lart-palestinien\/#primaryimage","url":"https:\/\/charleroi-pourlapalestine.be\/wp-content\/uploads\/2020\/03\/Samia-Halabi.jpg","contentUrl":"https:\/\/charleroi-pourlapalestine.be\/wp-content\/uploads\/2020\/03\/Samia-Halabi.jpg","width":1500,"height":1120},{"@type":"BreadcrumbList","@id":"https:\/\/charleroi-pourlapalestine.be\/index.php\/2016\/10\/13\/samia-halaby-nous-ne-cesserons-pas-de-raconter-notre-histoire-sur-le-pillage-de-lart-palestinien\/#breadcrumb","itemListElement":[{"@type":"ListItem","position":1,"name":"Accueil","item":"https:\/\/charleroi-pourlapalestine.be\/"},{"@type":"ListItem","position":2,"name":"Samia Halaby : \u00ab\u00a0Nous ne cesserons pas de raconter notre histoire sur le pillage de l\u2019art palestinien\u00a0\u00bb"}]},{"@type":"WebSite","@id":"https:\/\/charleroi-pourlapalestine.be\/#website","url":"https:\/\/charleroi-pourlapalestine.be\/","name":"Charleroi Pour la Palestine","description":"","publisher":{"@id":"https:\/\/charleroi-pourlapalestine.be\/#organization"},"potentialAction":[{"@type":"SearchAction","target":{"@type":"EntryPoint","urlTemplate":"https:\/\/charleroi-pourlapalestine.be\/?s={search_term_string}"},"query-input":{"@type":"PropertyValueSpecification","valueRequired":true,"valueName":"search_term_string"}}],"inLanguage":"fr-FR"},{"@type":"Organization","@id":"https:\/\/charleroi-pourlapalestine.be\/#organization","name":"Plate-forme Charleroi-Palestine","url":"https:\/\/charleroi-pourlapalestine.be\/","logo":{"@type":"ImageObject","inLanguage":"fr-FR","@id":"https:\/\/charleroi-pourlapalestine.be\/#\/schema\/logo\/image\/","url":"https:\/\/charleroi-pourlapalestine.be\/wp-content\/uploads\/2020\/01\/logo-Copy.jpg","contentUrl":"https:\/\/charleroi-pourlapalestine.be\/wp-content\/uploads\/2020\/01\/logo-Copy.jpg","width":180,"height":180,"caption":"Plate-forme Charleroi-Palestine"},"image":{"@id":"https:\/\/charleroi-pourlapalestine.be\/#\/schema\/logo\/image\/"},"sameAs":["https:\/\/www.facebook.com\/PlateformeCharleroiPalestine\/","https:\/\/x.com\/LaCharleroi"]},{"@type":"Person","@id":"https:\/\/charleroi-pourlapalestine.be\/#\/schema\/person\/c19ff515112f1299d8c12671d8fe3faa","name":"admin1873","url":"https:\/\/charleroi-pourlapalestine.be\/index.php\/author\/admin1873\/"}]}},"_links":{"self":[{"href":"https:\/\/charleroi-pourlapalestine.be\/index.php\/wp-json\/wp\/v2\/posts\/8494","targetHints":{"allow":["GET"]}}],"collection":[{"href":"https:\/\/charleroi-pourlapalestine.be\/index.php\/wp-json\/wp\/v2\/posts"}],"about":[{"href":"https:\/\/charleroi-pourlapalestine.be\/index.php\/wp-json\/wp\/v2\/types\/post"}],"author":[{"embeddable":true,"href":"https:\/\/charleroi-pourlapalestine.be\/index.php\/wp-json\/wp\/v2\/users\/1"}],"replies":[{"embeddable":true,"href":"https:\/\/charleroi-pourlapalestine.be\/index.php\/wp-json\/wp\/v2\/comments?post=8494"}],"version-history":[{"count":0,"href":"https:\/\/charleroi-pourlapalestine.be\/index.php\/wp-json\/wp\/v2\/posts\/8494\/revisions"}],"wp:featuredmedia":[{"embeddable":true,"href":"https:\/\/charleroi-pourlapalestine.be\/index.php\/wp-json\/wp\/v2\/media\/8703"}],"wp:attachment":[{"href":"https:\/\/charleroi-pourlapalestine.be\/index.php\/wp-json\/wp\/v2\/media?parent=8494"}],"wp:term":[{"taxonomy":"category","embeddable":true,"href":"https:\/\/charleroi-pourlapalestine.be\/index.php\/wp-json\/wp\/v2\/categories?post=8494"},{"taxonomy":"post_tag","embeddable":true,"href":"https:\/\/charleroi-pourlapalestine.be\/index.php\/wp-json\/wp\/v2\/tags?post=8494"}],"curies":[{"name":"wp","href":"https:\/\/api.w.org\/{rel}","templated":true}]}}