{"id":8553,"date":"2020-03-08T12:16:04","date_gmt":"2020-03-08T11:16:04","guid":{"rendered":"https:\/\/charleroi-pourlapalestine.be\/?p=8553"},"modified":"2020-03-08T12:17:31","modified_gmt":"2020-03-08T11:17:31","slug":"ces-prisonniers-a-qui-israel-refuse-lacces-opportun-a-des-soins-et-qui-en-meurent","status":"publish","type":"post","link":"https:\/\/charleroi-pourlapalestine.be\/index.php\/2020\/03\/08\/ces-prisonniers-a-qui-israel-refuse-lacces-opportun-a-des-soins-et-qui-en-meurent\/","title":{"rendered":"Ces prisonniers \u00e0 qui Isra\u00ebl refuse l&rsquo;acc\u00e8s opportun \u00e0 des soins et qui en meurent"},"content":{"rendered":"<p>&nbsp;<\/p>\n<div id=\"attachment_8564\" style=\"width: 530px\" class=\"wp-caption aligncenter\"><img loading=\"lazy\" decoding=\"async\" aria-describedby=\"caption-attachment-8564\" class=\"wp-image-8564 size-full\" src=\"https:\/\/charleroi-pourlapalestine.be\/wp-content\/uploads\/2020\/03\/amna-abu-diak-Copy.jpg\" alt=\"Amna Abu Diak aux fun\u00e9railles de son fils, un des 222 prisonniers palestiniens mort en prison\" width=\"520\" height=\"275\" srcset=\"https:\/\/charleroi-pourlapalestine.be\/wp-content\/uploads\/2020\/03\/amna-abu-diak-Copy.jpg 520w, https:\/\/charleroi-pourlapalestine.be\/wp-content\/uploads\/2020\/03\/amna-abu-diak-Copy-300x159.jpg 300w\" sizes=\"auto, (max-width: 520px) 100vw, 520px\" \/><p id=\"caption-attachment-8564\" class=\"wp-caption-text\">Amna Abu Diak aux fun\u00e9railles de son fils<\/p><\/div>\n<p><strong>Amna Abu Diyak<\/strong> \u00e9prouve toujours les pires difficult\u00e9s \u00e0 parler de la mort de son fils.<\/p>\n<p><em>\u00ab&nbsp;J&rsquo;ai eu l&rsquo;impression que j&rsquo;allais m&rsquo;effrondrer, quand j&rsquo;ai appris la nouvelle&nbsp;\u00bb,<\/em> explique la femme de 55 ans \u00e0 The Electronic Intifada au cours d&rsquo;une interview par t\u00e9l\u00e9phone.<\/p>\n<blockquote><p>\u00ab&nbsp;Je ne parviens toujours pas \u00e0 croire ce qui s&rsquo;est pass\u00e9. Je suis tellement d\u00e9sol\u00e9e pour mon fils. On l&rsquo;a jet\u00e9 en prison alors qu&rsquo;il n&rsquo;\u00e9tait encore qu&rsquo;un enfant. Puis il a \u00e9t\u00e9 oblig\u00e9 de mourir l\u00e0-bas.&nbsp;\u00bb<\/p><\/blockquote>\n<p>\u00c0 l&rsquo;\u00e2ge de 36 ans, <strong>Sami Abu Diyak<\/strong> est mort dans une prison isra\u00e9lienne \u00e0 la fin de l&rsquo;an dernier. Il avait \u00e9t\u00e9 emprisonn\u00e9 \u00e0 l&rsquo;\u00e2ge de 17 ans.<\/p>\n<p><strong>Amna<\/strong> avait rendu visite \u00e0 son fils quelque jours avant qu&rsquo;il ne succombe \u00e0 la maladie, le 26 novembre. \u00c0 cette occasion, les agents de la prison de Ramleh avaient d\u00fb amener Sami dans une chaise roulante pour qu&rsquo;il puisse \u00eatre pr\u00e9sent \u00e0 l&rsquo;heure de la visite.<\/p>\n<blockquote><p>\u00ab&nbsp;Il \u00e9tait dans un si mauvais \u00e9tat&#8230; Il \u00e9tait \u00e0 peine conscient. Je devais essayer en permanence de le tenir \u00e9veill\u00e9. On aurait dit qu&rsquo;il \u00e9tait d\u00e9j\u00e0 mort&nbsp;\u00bb,<\/p><\/blockquote>\n<p>ajoute Amna.<\/p>\n<p>Les Services p\u00e9nitentiaires isra\u00e9liens (IPS) ont adopt\u00e9 <em>\u00ab&nbsp;une politique de n\u00e9gligence m\u00e9dicale d\u00e9lib\u00e9r\u00e9e envers les prisonniers et les d\u00e9tenus&nbsp;<\/em>\u00bb, et ce, depuis l&rsquo;occupation de la Cisjordanie, J\u00e9rusalem-Est y compris, et de la bande de Gaza par Isra\u00ebl, en 1967, explique Ehteram Ghazawneh, de l&rsquo;association palestinienne Addameer pour les droits des prisonniers.<\/p>\n<p><strong>Selon Ghazawneh, 222 prisonniers palestiniens sont morts dans les prisons isra\u00e9liennes depuis 1967, dont 67 de n\u00e9gligence m\u00e9dicale. <\/strong><\/p>\n<p><strong>Cinq Palestiniens sont morts dans les prisons isra\u00e9liennes, en 2019.<\/strong><\/p>\n<h3>&nbsp;<br \/>\nRamleh&nbsp;: \u00ab&nbsp;Ce n&rsquo;est pas un h\u00f4pital, mais un tombeau&nbsp;\u00bb<\/h3>\n<p><strong>Sami,<\/strong> qui \u00e9tait originaire du village de Silat al-Dahr, dans le nord de la Cisjordanie occup\u00e9e, avait \u00e9t\u00e9 arr\u00eat\u00e9 en 2002 au cours de la deuxi\u00e8me Intifada palestinienne.<\/p>\n<p>Il purgeait trois condamnations \u00e0 vie dans une prison isra\u00e9lienne apr\u00e8s avoir \u00e9t\u00e9 accus\u00e9 de liens avec les<strong> Brigades des Martyrs d&rsquo;al-Aqsa<\/strong>, l&rsquo;aile arm\u00e9e du mouvement du<strong> Fatah,<\/strong> et d&rsquo;implication dans le meurtre de trois Isra\u00e9liens.<\/p>\n<p>En 2015, il avait commenc\u00e9 \u00e0 souffrir de douleurs abdominales, alors qu&rsquo;il \u00e9tait d\u00e9tenu \u00e0 la prison de Rimon.<\/p>\n<p>La clinique de la prison lui avait donn\u00e9 des antidouleurs et n&rsquo;avait pas \u00e9t\u00e9 \u00e0 m\u00eame de poser un diagnostic correct, selon Addameer.<\/p>\n<p>Deux semaines plus tard, il avait perdu conscience et avait \u00e9t\u00e9 transf\u00e9r\u00e9 \u00e0 l&rsquo;h\u00f4pital de Soroka, o\u00f9 les m\u00e9decins lui avaient \u00f4t\u00e9 l&rsquo;appendice.<\/p>\n<p>Apr\u00e8s de nombreux transferts entre l&rsquo;h\u00f4pital de la prison de Ramleh et les h\u00f4pitaux civils isra\u00e9liens, les m\u00e9decins lui avaient enlev\u00e9 30 centim\u00e8tres d&rsquo;intestin et lui avaient diagnostiqu\u00e9 un cancer.<\/p>\n<p>Il \u00e9tait rest\u00e9 dans le coma pendant 34 jours, apr\u00e8s avoir subi quatre op\u00e9rations. Au cours des huit mois suivants, Sami avait re\u00e7u une chimioth\u00e9rapie \u00e0 la clinique de Ramleh.<\/p>\n<p>Les autorit\u00e9s de la prison avaient accord\u00e9 \u00e0 Amna une demi-heure de visite toutes les deux semaines.<\/p>\n<p>En 2017, Sami avait recommenc\u00e9 \u00e0 se plaindre de douleurs. On l&rsquo;avait transf\u00e9r\u00e9 une fois de plus \u00e0 la clinique de la prison de Ramleh, o\u00f9 il allait subir des tests qui devaient d\u00e9celer un cancer de l&rsquo;estomac.<\/p>\n<p>D\u00e8s ce moment, sa sant\u00e9 s&rsquo;\u00e9tait mise \u00e0 empirer tr\u00e8s r\u00e9guli\u00e8rement, explique Amna \u00e0 <em>The Electronic Intifada.<\/em><\/p>\n<p><em>\u00ab&nbsp;Il avait de graves douleurs. Il avait subi six op\u00e9rations et on lui donnait une chimioth\u00e9rapie&nbsp;\u00bb<\/em>, dit-elle.<\/p>\n<blockquote><p>\u00ab&nbsp;Il a commenc\u00e9 \u00e0 perdre sa facult\u00e9 de marcher. Il est pass\u00e9 de 95 kilos \u00e0 30 \u00e0 peine. Le cancer s&rsquo;\u00e9tait r\u00e9pandu dans tout son corps et sa colonne vert\u00e9brale.&nbsp;\u00bb<\/p><\/blockquote>\n<p>Selon Qadura Fares, responsable du Club des prisonniers palestiniens,<\/p>\n<blockquote><p>\u00ab&nbsp;d\u00e9j\u00e0 en 2015, nous savions \u00e0 coup s\u00fbr qu&rsquo;il allait mourir \u00e0 cause de la n\u00e9gligence qui r\u00e8gne dans les prisons isra\u00e9liennes&nbsp;\u00bb.<\/p><\/blockquote>\n<p>Ehteram Ghazawneh, d&rsquo;<strong>Addameer<\/strong>, fait remarquer que l&rsquo;erreur initiale de diagnostic de la prison et le fait que Sami ne se voyait prescrire que des antidouleurs quand il montrait des sympt\u00f4mes de douleurs abdominales extr\u00eames ont contribu\u00e9 \u00e0 la grave d\u00e9t\u00e9rioration de son \u00e9tat par la suite.<\/p>\n<p>Dans une lettre \u00e9crite par Sami quelques jours avant sa mort, il disait qu&rsquo;il voulait passer ses <em>\u00ab&nbsp;derniers jours et heures&nbsp;<\/em>\u00bb avec sa m\u00e8re et sa <em>\u00ab&nbsp;famille bien-aim\u00e9e&nbsp;\u00bb.<\/em><\/p>\n<blockquote><p>\u00ab&nbsp;Je veux mourir dans les bras de ma m\u00e8re. Je ne veux pas quitter la vie les mains et les jambes menott\u00e9s face \u00e0 des gardiens qui aiment la mort et se r\u00e9jouissent de nos douleurs et souffrances. Ces mots seront-ils entendus par les responsables&nbsp;? Je vous le dis, si je meurs s\u00e9par\u00e9 de ma m\u00e8re, je ne le vous pardonnerai pas&nbsp;\u00bb,<\/p><\/blockquote>\n<p>\u00e9crivait Sami.<\/p>\n<p>Amna a donc tent\u00e9 d\u00e9sesp\u00e9r\u00e9ment d&rsquo;assurer sa lib\u00e9ration avant son d\u00e9c\u00e8s, mais en vain.<\/p>\n<p><em>\u00ab&nbsp;Ramleh n&rsquo;est pas un h\u00f4pital&nbsp;<\/em>\u00bb, a dit Amna. <em>\u00ab&nbsp;C&rsquo;est un tombeau.&nbsp;\u00bb<\/em><\/p>\n<p>Amna explique \u00e0 <em>The Electronic Intifada<\/em> que les autorit\u00e9s isra\u00e9liennes avaient refus\u00e9 la permission \u00e0 Sami d&rsquo;\u00eatre enterr\u00e9 chez lui, en Cisjordanie, et qu&rsquo;en lieu et place elles avaient envoy\u00e9 sa d\u00e9pouille en Jordanie pour qu&rsquo;elle y soit ensevelie, du fait qu&rsquo;il avait la nationalit\u00e9 jordanienne en m\u00eame temps qu&rsquo;une carte d&rsquo;identit\u00e9 de Palestinien.<\/p>\n<p>Moins d&rsquo;une semaine apr\u00e8s le d\u00e9c\u00e8s de Sami, les forces isra\u00e9liennes ont effectu\u00e9 un raid dans la maison de la famille, dans le district de J\u00e9nine, et, apr\u00e8s avoir mis la maison sens dessus dessous, ont arr\u00eat\u00e9<strong> Salah<\/strong>, 22 ans, un autre fils d&rsquo;Amna.<\/p>\n<p><strong>Salah<\/strong> reste en prison et n&rsquo;a pas encore \u00e9t\u00e9 accus\u00e9 de quelque crime que ce soit.<\/p>\n<p>Un autre des quatre enfants d&rsquo;Amna, <strong>Samer<\/strong>, 36 ans, est en prison en Isra\u00ebl depuis pr\u00e8s de 15 ans, accus\u00e9 d&rsquo;avoir tu\u00e9 des Isra\u00e9liens au cours de la deuxi\u00e8me Intifada.<\/p>\n<h3>&nbsp;<br \/>\nLa mort \u00ab&nbsp;n&rsquo;avait rien de surprenant&nbsp;\u00bb<\/h3>\n<p>Le cas de Sami est un<em> \u00ab&nbsp;clair exemple des conditions tr\u00e8s s\u00e9v\u00e8res de la prison et de la n\u00e9gligence m\u00e9dicale qui r\u00e8gne dans les cliniques des prisons&nbsp;\u00bb<\/em>, explique Ghazawneh (d&rsquo;Addameer) \u00e0 The Electronic Intifada.<\/p>\n<p>Les cliniques des prisons ne satisfont pas aux \u00ab&nbsp;normes minimales&nbsp;\u00bb de fourniture de soins m\u00e9dicaux, a d\u00e9clar\u00e9 le porte-parole.<\/p>\n<p>Les cliniques des prisons sont mal \u00e9quip\u00e9es pour traiter des probl\u00e8mes m\u00e9dicaux graves, d\u00e9clare Qadura Fares, du Club des prisonniers palestiniens. Fares lui-m\u00eame a pass\u00e9 12 ans dans une prison isra\u00e9lienne.<\/p>\n<p><em>\u00ab&nbsp;Les m\u00e9decins des prisons viennent de l&rsquo;arm\u00e9e et ils n&rsquo;ont pas les certificats qu&rsquo;il faut pour pratiquer la m\u00e9decine&nbsp;\u00bb<\/em>, ajoute-t-il.<\/p>\n<p>De temps \u00e0 autre, un m\u00e9decin g\u00e9n\u00e9raliste visite les prisons, mais les cliniques des prisons n&rsquo;ont en permanence qu&rsquo;une infirmi\u00e8re, fait remarquer Ghazawneh, d&rsquo;Addameer. Elles manquent de m\u00e9decins sp\u00e9cialis\u00e9s et d&rsquo;\u00e9quipements pour effectuer les contr\u00f4les m\u00e9dicaux n\u00e9cessaires.<\/p>\n<p>Les prisonniers peuvent demander de subir des tests m\u00e9dicaux ou des consultations aupr\u00e8s de m\u00e9decins g\u00e9n\u00e9ralistes ou de sp\u00e9cialistes.<\/p>\n<p>Mais ces requ\u00eates tra\u00eenent souvent<em> \u00ab&nbsp;tr\u00e8s longtemps&nbsp;\u00bb<\/em> et peuvent parfois \u00eatre ignor\u00e9es compl\u00e8tement par l&rsquo;\u00e9quipe de la prison, qui se contente de fournir des antidouleurs aux prisonniers, fait encore remarquer Ghazawneh.<\/p>\n<p>Qadura Fares explique \u00e0 The Electronic Intifada que, dans les tout derniers mois de sa vie,<strong> Sami<\/strong> avait refus\u00e9 d&rsquo;\u00eatre transport\u00e9 entre Ramleh et les h\u00f4pitaux civils, du fait que le trajet devenait bien trop p\u00e9nible pour lui.<\/p>\n<blockquote><p>\u00ab&nbsp;Quand il \u00e9tait \u00e0 l&rsquo;h\u00f4pital, une de ses jambes et une de ses mains \u00e9taient menott\u00e9es en permanence au lit. C&rsquo;est trop pour une personne qui souffre d&rsquo;une maladie grave&nbsp;\u00bb,<\/p><\/blockquote>\n<p>explique Fares. <em>\u00ab&nbsp;Nous n&rsquo;avons pas \u00e9t\u00e9 surpris d&rsquo;apprendre la nouvelle de sa mort.&nbsp;\u00bb<\/em><\/p>\n<p>La d\u00e9cision de Sami est habituelle, chez les prisonniers. Les prisonniers palestiniens ne sont pas transport\u00e9s en ambulance, mais ils vont dans la bosta, le nom que les prisonniers donnent au v\u00e9hicule de prison utilis\u00e9 par Isra\u00ebl et dans lequel les prisonniers sont s\u00e9par\u00e9s dans des cages en m\u00e9tal.<\/p>\n<p>Pendant le transfert, bras et jambes des prisonniers sont enferr\u00e9s, qu&rsquo;ils souffrent ou pas de maladies graves. Au vu de ces conditions de transport, bien des prisonniers choisissent de ne pas demander leur transfert dans un h\u00f4pital civil.<\/p>\n<p>Les prisonniers palestiniens sont \u00e9galement confront\u00e9s \u00e0 des traitements inad\u00e9quats de la part du personnel m\u00e9dical des h\u00f4pitaux civils isra\u00e9liens qui, souvent, ne leur fournissent pas le traitement requis ou n\u00e9gligent de pr\u00e9voir des rendez-vous de suivi ap\u00e8s des op\u00e9rations critiques, ce qui peut mener \u00e0 de graves complications m\u00e9dicales, ajoute Ghazawneh, d&rsquo;Addameer.<\/p>\n<p>Les erreurs de diagnostic sont \u00e9galement tr\u00e8s, tr\u00e8s fr\u00e9quentes, fait remarquer Ghazawneh, ce qui a retard\u00e9 le traitement n\u00e9cessaire de certains prisonniers et, dans bien des cas, a r\u00e9sult\u00e9 en leur d\u00e9c\u00e8s.<\/p>\n<p>Les IPC ont \u00e9t\u00e9 contact\u00e9s dans l&rsquo;espoir d&rsquo;un commentaire, mais n&rsquo;ont jamais r\u00e9pondu.<\/p>\n<h3>\u00ab&nbsp;Une politique syst\u00e9matique&nbsp;\u00bb<\/h3>\n<p><strong>Bassam al-Sayih<\/strong> est mort en d\u00e9tention en Isra\u00ebl environ un mois apr\u00e8s Sami. Il avait \u00e9t\u00e9 arr\u00eat\u00e9 en 2015 en plein tribunal militaire isra\u00e9lien de Salem, pr\u00e8s de J\u00e9nine, dans le nord de la Cisjordanie occup\u00e9e, alors qu&rsquo;il assistait \u00e0 une session du proc\u00e8s de son ancienne femme.<\/p>\n<div id=\"attachment_8560\" style=\"width: 498px\" class=\"wp-caption aligncenter\"><img loading=\"lazy\" decoding=\"async\" aria-describedby=\"caption-attachment-8560\" class=\"wp-image-8560 size-full\" src=\"https:\/\/charleroi-pourlapalestine.be\/wp-content\/uploads\/2020\/03\/bassam_saiyeh-Copy.jpg\" alt=\"\" width=\"488\" height=\"325\" srcset=\"https:\/\/charleroi-pourlapalestine.be\/wp-content\/uploads\/2020\/03\/bassam_saiyeh-Copy.jpg 488w, https:\/\/charleroi-pourlapalestine.be\/wp-content\/uploads\/2020\/03\/bassam_saiyeh-Copy-300x200.jpg 300w\" sizes=\"auto, (max-width: 488px) 100vw, 488px\" \/><p id=\"caption-attachment-8560\" class=\"wp-caption-text\">Des gens assistent \u00e0 un service fun\u00e8bre \u00e0 la m\u00e9moire de Bassam al-Sayih, \u00e0 Gaza, en septembre 2019. (Photo&nbsp;: Mahmoud Ajjour APA images)<\/p><\/div>\n<p>Finalement, celle-ci a pass\u00e9 sept mois en prison, explique <strong>Khaldoun al-Sayih<\/strong>, le fr\u00e8re de Bassam.<\/p>\n<p><strong>Bassam<\/strong>, originaire du district de Naplouse, dans le nord de la Cisjordanie, souffrait d&rsquo;un cancer des os et du sang, d&rsquo;une faiblesse des muscles cardiaques et de complications m\u00e9dicales dans le foie.<\/p>\n<p>Malgr\u00e9 ces graves probl\u00e8mes de sant\u00e9, il avait \u00e9t\u00e9 interrog\u00e9 chaque jour pendant de longues heures, ce qui l&rsquo;avait amen\u00e9 \u00e0 plusieurs reprises \u00e0 perdre conscience, nous apprend Addameer.<\/p>\n<p>Pendant une vingtaine de jours, il n&rsquo;avait pas re\u00e7u le moindre traitement m\u00e9dical, ce qui avait provoqu\u00e9 une grave d\u00e9t\u00e9rioration de son \u00e9tat.<\/p>\n<blockquote><p>\u00ab&nbsp;En raison de la torture, de la n\u00e9gligence m\u00e9dicale et du report constant des soins m\u00e9dicaux dont il avait besoin, sa sant\u00e9 s&rsquo;est d\u00e9t\u00e9rior\u00e9e et a abouti \u00e0 80 pour 100 de faiblesse cardiaque et \u00e0 une incapacit\u00e9 de se d\u00e9placer ou de s&rsquo;exprimer&nbsp;\u00bb,<\/p><\/blockquote>\n<p>poursuit Addameer.<\/p>\n<p>Bassam avait finalement \u00e9t\u00e9 condamn\u00e9 \u00e0 l&#8217;emprisonnement \u00e0 vie plus trente ans. On l&rsquo;accusait d&rsquo;avoir \u00e9t\u00e9 impliqu\u00e9 dans un attentat qui s&rsquo;\u00e9tait sold\u00e9 par la mort de deux colons isra\u00e9liens.<\/p>\n<p>Sa sant\u00e9 avait continu\u00e9 \u00e0 se d\u00e9t\u00e9riorer. On ne lui permettait pas de subir des op\u00e9rations, pr\u00e9tend son fr\u00e8re Khaldoun, et ses s\u00e9ances de chimioth\u00e9rapie \u00e9taient souvent interrompues par les autorit\u00e9s de la prison, qui lui refusaient l&rsquo;acc\u00e8s \u00e0 des sp\u00e9cialistes.<\/p>\n<p><em>\u00ab&nbsp;Il \u00e9tait dans un tr\u00e8s mauvais \u00e9tat&nbsp;\u00bb<\/em>, explique Khaldoun \u00e0 The Electronic Intifada.<\/p>\n<blockquote><p>\u00ab&nbsp;J&rsquo;ai \u00e9t\u00e9 forc\u00e9 d&rsquo;assister \u00e0 la mort de mon fr\u00e8re en prison et je n&rsquo;avais pas le moindre pouvoir d&rsquo;y faire quoi que ce soit. Nous lui rendions visite comme s&rsquo;il \u00e9tait un d\u00e9tenu absolument comme les autres \u2013 comme s&rsquo;il n&rsquo;\u00e9tait pas en train de mourir.&nbsp;\u00bb<\/p><\/blockquote>\n<p>Suite au d\u00e9c\u00e8s de Bassam en septembre dernier, les autorit\u00e9s isra\u00e9liennes ont retenu le corps de l&rsquo;homme de 44 ans.<\/p>\n<p><strong> Selon Addameer, Isra\u00ebl retient pour l&rsquo;instant les d\u00e9pouilles de cinq Palestiniens d\u00e9c\u00e9d\u00e9s \u2013 dont Bassam \u2013 dans des prisons isra\u00e9liennes.<\/strong><\/p>\n<p>La politique isra\u00e9lienne permet aux autorit\u00e9s de retenir les corps des Palestiniens et de ne pas les restituer \u00e0 leurs familles, s&rsquo;ils sont suppos\u00e9s avoir \u00e9t\u00e9 responsables d&rsquo;attentats contre des Isra\u00e9liens. Les organisations de d\u00e9fense des droits des prisonniers, comme Addameer, classifient cette fa\u00e7on de faire comme un cas manifeste de punition collective, ce qui est ill\u00e9gal, aux yeux des lois internationales.<\/p>\n<blockquote><p>\u00ab&nbsp;Nous n&rsquo;avons m\u00eame pas le moindre id\u00e9e de l&rsquo;endroit o\u00f9 se trouve son corps et nous ne savons absolument pas si nous le r\u00e9cup\u00e9rerons jamais et serons ainsi en mesure de lui dire d\u00e9cemment au revoir&nbsp;\u00bb,<\/p><\/blockquote>\n<p>a ajout\u00e9 Khaldoun.<\/p>\n<p>Ghazawneh, d&rsquo;Addameer, explique \u00e0<em> The Electronic Intifada<\/em> qu&rsquo;il y a actuellement quelque <strong>750 prisonniers palestiniens malades dans les prisons isra\u00e9liennes, dont 26 femmes et quelque 160 hommes dans un besoin critique de soins m\u00e9dicaux permanents.<\/strong><\/p>\n<p>Les cas les plus s\u00e9rieux impliquent des prisonniers souffrant de cancer.<\/p>\n<p><strong>Muwaffaq Uruq<\/strong>, 75 ans, a \u00e9t\u00e9 arr\u00eat\u00e9 en 2003. Selon un rapport fourni par Addameer, Uruq souffre d&rsquo;un cancer de l&rsquo;estomac, d&rsquo;an\u00e9mie, de douleurs chroniques dans le dos et de douleurs aigu\u00ebs dans les membres inf\u00e9rieurs et les articulations.<\/p>\n<p>Au cours de ses 17 ann\u00e9es de d\u00e9tention, il a \u00e9t\u00e9 transf\u00e9r\u00e9 dans diverses prisons isra\u00e9liennes, ce qui a aggrav\u00e9 son \u00e9tat et a provoqu\u00e9 une d\u00e9t\u00e9rioration de sa sant\u00e9. Il n&rsquo;a commenc\u00e9 une chimioth\u00e9rapie qu&rsquo;en novembre l&rsquo;an dernier et il est aujourd&rsquo;hui incapable de manger et souffre de naus\u00e9es permanentes.<\/p>\n<p>Il est consid\u00e9r\u00e9 comme l&rsquo;un des cas les plus critiques parmi les prisonniers en Isra\u00ebl.<\/p>\n<p>Et les perspectives pour ces prisonniers sont des plus lugubres, selon certains. Qadura Fares, du Club des prisonniers, croit que la n\u00e9gligence m\u00e9dicale \u00e0 l&rsquo;encontre des prisonniers palestiniens s&rsquo;inscrit dans une<em> \u00ab&nbsp;politique syst\u00e9matique&nbsp;\u00bb.<\/em><\/p>\n<p><em>\u00ab&nbsp;Cela a commenc\u00e9 avec l&rsquo;occupation m\u00eame&nbsp;\u00bb<\/em>, dit-il.<\/p>\n<blockquote><p>\u00ab Ils [les Isra\u00e9liens] veulent faire de nous [les prisonniers] un exemple pour les autres g\u00e9n\u00e9rations. Ils veulent nous humilier et montrer ce qu&rsquo;il adviendra d&rsquo;eux s&rsquo;ils tentent de r\u00e9sister \u00e0 l&rsquo;occupation. \u00bb<\/p><\/blockquote>\n<hr>\n<p>Publi\u00e9 le 5 mars 2020 sur<a href=\"https:\/\/electronicintifada.net\/content\/prisoners-denied-timely-treatment-dying-israeli-custody\/29691?fbclid=IwAR0Ow5VCZdSMhSUpQbrUj4rATZq9Vt-irEH6RJcMmXqC2PuyQrcVLX2LUmw\" target=\"_blank\" rel=\"noopener noreferrer\"> The Electronic Intifada<\/a><br \/>\nTraduction : Jean-Marie Fl\u00e9mal<\/p>\n<p><strong>Jaclynn Ashly<\/strong> est une journaliste free-lance couvrant les questions de politique et de droits de l&rsquo;homme dans les territoires palestiniens occup\u00e9s et en Isra\u00ebl.<\/p>\n<p>Lisez aussi : <a href=\"https:\/\/charleroi-pourlapalestine.be\/index.php\/2020\/03\/02\/israel-coupable-de-necro-violence-sur-les-corps-des-palestiniens\/\"> Isra\u00ebl coupable de \u00ab n\u00e9cro-violence \u00bb sur les corps des Palestiniens<\/a><\/p>\n<p>&nbsp;<\/p>\n","protected":false},"excerpt":{"rendered":"<p>Selon Addameer, 222 prisonniers palestiniens sont morts dans les prisons isra\u00e9liennes depuis 1967, dont 67 de n\u00e9gligence m\u00e9dicale<\/p>\n","protected":false},"author":1,"featured_media":8564,"comment_status":"closed","ping_status":"closed","sticky":false,"template":"","format":"standard","meta":{"ngg_post_thumbnail":0,"footnotes":""},"categories":[388,13],"tags":[],"class_list":["post-8553","post","type-post","status-publish","format-standard","has-post-thumbnail","hentry","category-negligences-medicales","category-les-prisionners-palestiniens"],"yoast_head":"<!-- This site is optimized with the Yoast SEO plugin v27.3 - https:\/\/yoast.com\/product\/yoast-seo-wordpress\/ -->\n<title>Ces prisonniers \u00e0 qui Isra\u00ebl refuse l&#039;acc\u00e8s \u00e0 des soins et qui en meurent<\/title>\n<meta name=\"description\" content=\"Selon Addameer, 222 prisonniers palestiniens sont morts dans les prisons isra\u00e9liennes depuis 1967, dont 67 de n\u00e9gligence m\u00e9dicale\" \/>\n<meta name=\"robots\" content=\"index, follow, max-snippet:-1, max-image-preview:large, max-video-preview:-1\" \/>\n<link rel=\"canonical\" href=\"https:\/\/charleroi-pourlapalestine.be\/index.php\/2020\/03\/08\/ces-prisonniers-a-qui-israel-refuse-lacces-opportun-a-des-soins-et-qui-en-meurent\/\" \/>\n<script type=\"application\/ld+json\" class=\"yoast-schema-graph\">{\"@context\":\"https:\\\/\\\/schema.org\",\"@graph\":[{\"@type\":\"Article\",\"@id\":\"https:\\\/\\\/charleroi-pourlapalestine.be\\\/index.php\\\/2020\\\/03\\\/08\\\/ces-prisonniers-a-qui-israel-refuse-lacces-opportun-a-des-soins-et-qui-en-meurent\\\/#article\",\"isPartOf\":{\"@id\":\"https:\\\/\\\/charleroi-pourlapalestine.be\\\/index.php\\\/2020\\\/03\\\/08\\\/ces-prisonniers-a-qui-israel-refuse-lacces-opportun-a-des-soins-et-qui-en-meurent\\\/\"},\"author\":{\"name\":\"admin1873\",\"@id\":\"https:\\\/\\\/charleroi-pourlapalestine.be\\\/#\\\/schema\\\/person\\\/c19ff515112f1299d8c12671d8fe3faa\"},\"headline\":\"Ces prisonniers \u00e0 qui Isra\u00ebl refuse l&rsquo;acc\u00e8s opportun \u00e0 des soins et qui en meurent\",\"datePublished\":\"2020-03-08T11:16:04+00:00\",\"dateModified\":\"2020-03-08T11:17:31+00:00\",\"mainEntityOfPage\":{\"@id\":\"https:\\\/\\\/charleroi-pourlapalestine.be\\\/index.php\\\/2020\\\/03\\\/08\\\/ces-prisonniers-a-qui-israel-refuse-lacces-opportun-a-des-soins-et-qui-en-meurent\\\/\"},\"wordCount\":2525,\"publisher\":{\"@id\":\"https:\\\/\\\/charleroi-pourlapalestine.be\\\/#organization\"},\"image\":{\"@id\":\"https:\\\/\\\/charleroi-pourlapalestine.be\\\/index.php\\\/2020\\\/03\\\/08\\\/ces-prisonniers-a-qui-israel-refuse-lacces-opportun-a-des-soins-et-qui-en-meurent\\\/#primaryimage\"},\"thumbnailUrl\":\"https:\\\/\\\/charleroi-pourlapalestine.be\\\/wp-content\\\/uploads\\\/2020\\\/03\\\/amna-abu-diak-Copy.jpg\",\"articleSection\":[\"N\u00e9gligences m\u00e9dicales\",\"Prisonniers\"],\"inLanguage\":\"fr-FR\"},{\"@type\":\"WebPage\",\"@id\":\"https:\\\/\\\/charleroi-pourlapalestine.be\\\/index.php\\\/2020\\\/03\\\/08\\\/ces-prisonniers-a-qui-israel-refuse-lacces-opportun-a-des-soins-et-qui-en-meurent\\\/\",\"url\":\"https:\\\/\\\/charleroi-pourlapalestine.be\\\/index.php\\\/2020\\\/03\\\/08\\\/ces-prisonniers-a-qui-israel-refuse-lacces-opportun-a-des-soins-et-qui-en-meurent\\\/\",\"name\":\"Ces prisonniers \u00e0 qui Isra\u00ebl refuse l'acc\u00e8s \u00e0 des soins et qui en meurent\",\"isPartOf\":{\"@id\":\"https:\\\/\\\/charleroi-pourlapalestine.be\\\/#website\"},\"primaryImageOfPage\":{\"@id\":\"https:\\\/\\\/charleroi-pourlapalestine.be\\\/index.php\\\/2020\\\/03\\\/08\\\/ces-prisonniers-a-qui-israel-refuse-lacces-opportun-a-des-soins-et-qui-en-meurent\\\/#primaryimage\"},\"image\":{\"@id\":\"https:\\\/\\\/charleroi-pourlapalestine.be\\\/index.php\\\/2020\\\/03\\\/08\\\/ces-prisonniers-a-qui-israel-refuse-lacces-opportun-a-des-soins-et-qui-en-meurent\\\/#primaryimage\"},\"thumbnailUrl\":\"https:\\\/\\\/charleroi-pourlapalestine.be\\\/wp-content\\\/uploads\\\/2020\\\/03\\\/amna-abu-diak-Copy.jpg\",\"datePublished\":\"2020-03-08T11:16:04+00:00\",\"dateModified\":\"2020-03-08T11:17:31+00:00\",\"description\":\"Selon Addameer, 222 prisonniers palestiniens sont morts dans les prisons isra\u00e9liennes depuis 1967, dont 67 de n\u00e9gligence m\u00e9dicale\",\"breadcrumb\":{\"@id\":\"https:\\\/\\\/charleroi-pourlapalestine.be\\\/index.php\\\/2020\\\/03\\\/08\\\/ces-prisonniers-a-qui-israel-refuse-lacces-opportun-a-des-soins-et-qui-en-meurent\\\/#breadcrumb\"},\"inLanguage\":\"fr-FR\",\"potentialAction\":[{\"@type\":\"ReadAction\",\"target\":[\"https:\\\/\\\/charleroi-pourlapalestine.be\\\/index.php\\\/2020\\\/03\\\/08\\\/ces-prisonniers-a-qui-israel-refuse-lacces-opportun-a-des-soins-et-qui-en-meurent\\\/\"]}]},{\"@type\":\"ImageObject\",\"inLanguage\":\"fr-FR\",\"@id\":\"https:\\\/\\\/charleroi-pourlapalestine.be\\\/index.php\\\/2020\\\/03\\\/08\\\/ces-prisonniers-a-qui-israel-refuse-lacces-opportun-a-des-soins-et-qui-en-meurent\\\/#primaryimage\",\"url\":\"https:\\\/\\\/charleroi-pourlapalestine.be\\\/wp-content\\\/uploads\\\/2020\\\/03\\\/amna-abu-diak-Copy.jpg\",\"contentUrl\":\"https:\\\/\\\/charleroi-pourlapalestine.be\\\/wp-content\\\/uploads\\\/2020\\\/03\\\/amna-abu-diak-Copy.jpg\",\"width\":520,\"height\":275},{\"@type\":\"BreadcrumbList\",\"@id\":\"https:\\\/\\\/charleroi-pourlapalestine.be\\\/index.php\\\/2020\\\/03\\\/08\\\/ces-prisonniers-a-qui-israel-refuse-lacces-opportun-a-des-soins-et-qui-en-meurent\\\/#breadcrumb\",\"itemListElement\":[{\"@type\":\"ListItem\",\"position\":1,\"name\":\"Accueil\",\"item\":\"https:\\\/\\\/charleroi-pourlapalestine.be\\\/\"},{\"@type\":\"ListItem\",\"position\":2,\"name\":\"Ces prisonniers \u00e0 qui Isra\u00ebl refuse l&#8217;acc\u00e8s opportun \u00e0 des soins et qui en meurent\"}]},{\"@type\":\"WebSite\",\"@id\":\"https:\\\/\\\/charleroi-pourlapalestine.be\\\/#website\",\"url\":\"https:\\\/\\\/charleroi-pourlapalestine.be\\\/\",\"name\":\"Charleroi Pour la Palestine\",\"description\":\"\",\"publisher\":{\"@id\":\"https:\\\/\\\/charleroi-pourlapalestine.be\\\/#organization\"},\"potentialAction\":[{\"@type\":\"SearchAction\",\"target\":{\"@type\":\"EntryPoint\",\"urlTemplate\":\"https:\\\/\\\/charleroi-pourlapalestine.be\\\/?s={search_term_string}\"},\"query-input\":{\"@type\":\"PropertyValueSpecification\",\"valueRequired\":true,\"valueName\":\"search_term_string\"}}],\"inLanguage\":\"fr-FR\"},{\"@type\":\"Organization\",\"@id\":\"https:\\\/\\\/charleroi-pourlapalestine.be\\\/#organization\",\"name\":\"Plate-forme Charleroi-Palestine\",\"url\":\"https:\\\/\\\/charleroi-pourlapalestine.be\\\/\",\"logo\":{\"@type\":\"ImageObject\",\"inLanguage\":\"fr-FR\",\"@id\":\"https:\\\/\\\/charleroi-pourlapalestine.be\\\/#\\\/schema\\\/logo\\\/image\\\/\",\"url\":\"https:\\\/\\\/charleroi-pourlapalestine.be\\\/wp-content\\\/uploads\\\/2020\\\/01\\\/logo-Copy.jpg\",\"contentUrl\":\"https:\\\/\\\/charleroi-pourlapalestine.be\\\/wp-content\\\/uploads\\\/2020\\\/01\\\/logo-Copy.jpg\",\"width\":180,\"height\":180,\"caption\":\"Plate-forme Charleroi-Palestine\"},\"image\":{\"@id\":\"https:\\\/\\\/charleroi-pourlapalestine.be\\\/#\\\/schema\\\/logo\\\/image\\\/\"},\"sameAs\":[\"https:\\\/\\\/www.facebook.com\\\/PlateformeCharleroiPalestine\\\/\",\"https:\\\/\\\/x.com\\\/LaCharleroi\"]},{\"@type\":\"Person\",\"@id\":\"https:\\\/\\\/charleroi-pourlapalestine.be\\\/#\\\/schema\\\/person\\\/c19ff515112f1299d8c12671d8fe3faa\",\"name\":\"admin1873\",\"url\":\"https:\\\/\\\/charleroi-pourlapalestine.be\\\/index.php\\\/author\\\/admin1873\\\/\"}]}<\/script>\n<!-- \/ Yoast SEO plugin. -->","yoast_head_json":{"title":"Ces prisonniers \u00e0 qui Isra\u00ebl refuse l'acc\u00e8s \u00e0 des soins et qui en meurent","description":"Selon Addameer, 222 prisonniers palestiniens sont morts dans les prisons isra\u00e9liennes depuis 1967, dont 67 de n\u00e9gligence m\u00e9dicale","robots":{"index":"index","follow":"follow","max-snippet":"max-snippet:-1","max-image-preview":"max-image-preview:large","max-video-preview":"max-video-preview:-1"},"canonical":"https:\/\/charleroi-pourlapalestine.be\/index.php\/2020\/03\/08\/ces-prisonniers-a-qui-israel-refuse-lacces-opportun-a-des-soins-et-qui-en-meurent\/","schema":{"@context":"https:\/\/schema.org","@graph":[{"@type":"Article","@id":"https:\/\/charleroi-pourlapalestine.be\/index.php\/2020\/03\/08\/ces-prisonniers-a-qui-israel-refuse-lacces-opportun-a-des-soins-et-qui-en-meurent\/#article","isPartOf":{"@id":"https:\/\/charleroi-pourlapalestine.be\/index.php\/2020\/03\/08\/ces-prisonniers-a-qui-israel-refuse-lacces-opportun-a-des-soins-et-qui-en-meurent\/"},"author":{"name":"admin1873","@id":"https:\/\/charleroi-pourlapalestine.be\/#\/schema\/person\/c19ff515112f1299d8c12671d8fe3faa"},"headline":"Ces prisonniers \u00e0 qui Isra\u00ebl refuse l&rsquo;acc\u00e8s opportun \u00e0 des soins et qui en meurent","datePublished":"2020-03-08T11:16:04+00:00","dateModified":"2020-03-08T11:17:31+00:00","mainEntityOfPage":{"@id":"https:\/\/charleroi-pourlapalestine.be\/index.php\/2020\/03\/08\/ces-prisonniers-a-qui-israel-refuse-lacces-opportun-a-des-soins-et-qui-en-meurent\/"},"wordCount":2525,"publisher":{"@id":"https:\/\/charleroi-pourlapalestine.be\/#organization"},"image":{"@id":"https:\/\/charleroi-pourlapalestine.be\/index.php\/2020\/03\/08\/ces-prisonniers-a-qui-israel-refuse-lacces-opportun-a-des-soins-et-qui-en-meurent\/#primaryimage"},"thumbnailUrl":"https:\/\/charleroi-pourlapalestine.be\/wp-content\/uploads\/2020\/03\/amna-abu-diak-Copy.jpg","articleSection":["N\u00e9gligences m\u00e9dicales","Prisonniers"],"inLanguage":"fr-FR"},{"@type":"WebPage","@id":"https:\/\/charleroi-pourlapalestine.be\/index.php\/2020\/03\/08\/ces-prisonniers-a-qui-israel-refuse-lacces-opportun-a-des-soins-et-qui-en-meurent\/","url":"https:\/\/charleroi-pourlapalestine.be\/index.php\/2020\/03\/08\/ces-prisonniers-a-qui-israel-refuse-lacces-opportun-a-des-soins-et-qui-en-meurent\/","name":"Ces prisonniers \u00e0 qui Isra\u00ebl refuse l'acc\u00e8s \u00e0 des soins et qui en meurent","isPartOf":{"@id":"https:\/\/charleroi-pourlapalestine.be\/#website"},"primaryImageOfPage":{"@id":"https:\/\/charleroi-pourlapalestine.be\/index.php\/2020\/03\/08\/ces-prisonniers-a-qui-israel-refuse-lacces-opportun-a-des-soins-et-qui-en-meurent\/#primaryimage"},"image":{"@id":"https:\/\/charleroi-pourlapalestine.be\/index.php\/2020\/03\/08\/ces-prisonniers-a-qui-israel-refuse-lacces-opportun-a-des-soins-et-qui-en-meurent\/#primaryimage"},"thumbnailUrl":"https:\/\/charleroi-pourlapalestine.be\/wp-content\/uploads\/2020\/03\/amna-abu-diak-Copy.jpg","datePublished":"2020-03-08T11:16:04+00:00","dateModified":"2020-03-08T11:17:31+00:00","description":"Selon Addameer, 222 prisonniers palestiniens sont morts dans les prisons isra\u00e9liennes depuis 1967, dont 67 de n\u00e9gligence m\u00e9dicale","breadcrumb":{"@id":"https:\/\/charleroi-pourlapalestine.be\/index.php\/2020\/03\/08\/ces-prisonniers-a-qui-israel-refuse-lacces-opportun-a-des-soins-et-qui-en-meurent\/#breadcrumb"},"inLanguage":"fr-FR","potentialAction":[{"@type":"ReadAction","target":["https:\/\/charleroi-pourlapalestine.be\/index.php\/2020\/03\/08\/ces-prisonniers-a-qui-israel-refuse-lacces-opportun-a-des-soins-et-qui-en-meurent\/"]}]},{"@type":"ImageObject","inLanguage":"fr-FR","@id":"https:\/\/charleroi-pourlapalestine.be\/index.php\/2020\/03\/08\/ces-prisonniers-a-qui-israel-refuse-lacces-opportun-a-des-soins-et-qui-en-meurent\/#primaryimage","url":"https:\/\/charleroi-pourlapalestine.be\/wp-content\/uploads\/2020\/03\/amna-abu-diak-Copy.jpg","contentUrl":"https:\/\/charleroi-pourlapalestine.be\/wp-content\/uploads\/2020\/03\/amna-abu-diak-Copy.jpg","width":520,"height":275},{"@type":"BreadcrumbList","@id":"https:\/\/charleroi-pourlapalestine.be\/index.php\/2020\/03\/08\/ces-prisonniers-a-qui-israel-refuse-lacces-opportun-a-des-soins-et-qui-en-meurent\/#breadcrumb","itemListElement":[{"@type":"ListItem","position":1,"name":"Accueil","item":"https:\/\/charleroi-pourlapalestine.be\/"},{"@type":"ListItem","position":2,"name":"Ces prisonniers \u00e0 qui Isra\u00ebl refuse l&#8217;acc\u00e8s opportun \u00e0 des soins et qui en meurent"}]},{"@type":"WebSite","@id":"https:\/\/charleroi-pourlapalestine.be\/#website","url":"https:\/\/charleroi-pourlapalestine.be\/","name":"Charleroi Pour la Palestine","description":"","publisher":{"@id":"https:\/\/charleroi-pourlapalestine.be\/#organization"},"potentialAction":[{"@type":"SearchAction","target":{"@type":"EntryPoint","urlTemplate":"https:\/\/charleroi-pourlapalestine.be\/?s={search_term_string}"},"query-input":{"@type":"PropertyValueSpecification","valueRequired":true,"valueName":"search_term_string"}}],"inLanguage":"fr-FR"},{"@type":"Organization","@id":"https:\/\/charleroi-pourlapalestine.be\/#organization","name":"Plate-forme Charleroi-Palestine","url":"https:\/\/charleroi-pourlapalestine.be\/","logo":{"@type":"ImageObject","inLanguage":"fr-FR","@id":"https:\/\/charleroi-pourlapalestine.be\/#\/schema\/logo\/image\/","url":"https:\/\/charleroi-pourlapalestine.be\/wp-content\/uploads\/2020\/01\/logo-Copy.jpg","contentUrl":"https:\/\/charleroi-pourlapalestine.be\/wp-content\/uploads\/2020\/01\/logo-Copy.jpg","width":180,"height":180,"caption":"Plate-forme Charleroi-Palestine"},"image":{"@id":"https:\/\/charleroi-pourlapalestine.be\/#\/schema\/logo\/image\/"},"sameAs":["https:\/\/www.facebook.com\/PlateformeCharleroiPalestine\/","https:\/\/x.com\/LaCharleroi"]},{"@type":"Person","@id":"https:\/\/charleroi-pourlapalestine.be\/#\/schema\/person\/c19ff515112f1299d8c12671d8fe3faa","name":"admin1873","url":"https:\/\/charleroi-pourlapalestine.be\/index.php\/author\/admin1873\/"}]}},"_links":{"self":[{"href":"https:\/\/charleroi-pourlapalestine.be\/index.php\/wp-json\/wp\/v2\/posts\/8553","targetHints":{"allow":["GET"]}}],"collection":[{"href":"https:\/\/charleroi-pourlapalestine.be\/index.php\/wp-json\/wp\/v2\/posts"}],"about":[{"href":"https:\/\/charleroi-pourlapalestine.be\/index.php\/wp-json\/wp\/v2\/types\/post"}],"author":[{"embeddable":true,"href":"https:\/\/charleroi-pourlapalestine.be\/index.php\/wp-json\/wp\/v2\/users\/1"}],"replies":[{"embeddable":true,"href":"https:\/\/charleroi-pourlapalestine.be\/index.php\/wp-json\/wp\/v2\/comments?post=8553"}],"version-history":[{"count":0,"href":"https:\/\/charleroi-pourlapalestine.be\/index.php\/wp-json\/wp\/v2\/posts\/8553\/revisions"}],"wp:featuredmedia":[{"embeddable":true,"href":"https:\/\/charleroi-pourlapalestine.be\/index.php\/wp-json\/wp\/v2\/media\/8564"}],"wp:attachment":[{"href":"https:\/\/charleroi-pourlapalestine.be\/index.php\/wp-json\/wp\/v2\/media?parent=8553"}],"wp:term":[{"taxonomy":"category","embeddable":true,"href":"https:\/\/charleroi-pourlapalestine.be\/index.php\/wp-json\/wp\/v2\/categories?post=8553"},{"taxonomy":"post_tag","embeddable":true,"href":"https:\/\/charleroi-pourlapalestine.be\/index.php\/wp-json\/wp\/v2\/tags?post=8553"}],"curies":[{"name":"wp","href":"https:\/\/api.w.org\/{rel}","templated":true}]}}