{"id":85701,"date":"2025-07-18T08:58:31","date_gmt":"2025-07-18T06:58:31","guid":{"rendered":"https:\/\/charleroi-pourlapalestine.be\/?p=85701"},"modified":"2025-07-18T08:58:31","modified_gmt":"2025-07-18T06:58:31","slug":"le-25-juillet-2025-apres-40-ans-de-prison-et-toute-une-vie-de-combat-georges-ibrahim-abdallah-sera-libre","status":"publish","type":"post","link":"https:\/\/charleroi-pourlapalestine.be\/index.php\/2025\/07\/18\/le-25-juillet-2025-apres-40-ans-de-prison-et-toute-une-vie-de-combat-georges-ibrahim-abdallah-sera-libre\/","title":{"rendered":"Le 25 juillet 2025, apr\u00e8s 40 ans de prison et toute une vie de combat, Georges Ibrahim Abdallah sera libre !"},"content":{"rendered":"<p>Aujourd\u2019hui, jeudi 17 juillet 2025, la Cour d\u2019Appel de Paris a ordonn\u00e9 la lib\u00e9ration de notre camarade, communiste libanais, combattant de la r\u00e9sistance palestinienne incarc\u00e9r\u00e9 depuis plus de 40 ans, Georges Ibrahim Abdallah. Apr\u00e8s plus de quatre d\u00e9cennies d\u2019acharnement politique et judiciaire par les autorit\u00e9s fran\u00e7aises et les gouvernements successifs, apr\u00e8s une vie de lutte et de r\u00e9sistance acharn\u00e9e, apr\u00e8s des d\u00e9cennies de mobilisation par ses soutiens pour arracher Georges Abdallah des prisons colonialistes et imp\u00e9rialistes fran\u00e7aises, notre camarade devrait \u00eatre enfin lib\u00e9r\u00e9 le 25 juillet prochain.<\/p>\n<p>&nbsp;<\/p>\n<p><img loading=\"lazy\" decoding=\"async\" class=\"aligncenter wp-image-85705 size-large\" src=\"https:\/\/charleroi-pourlapalestine.be\/wp-content\/uploads\/2025\/07\/finally-free-698x500.png\" alt=\"Le 25 juillet 2025, apr\u00e8s 40 ans de prison et toute une vie de combat, Georges Ibrahim Abdallah sera libre !\" width=\"698\" height=\"500\" srcset=\"https:\/\/charleroi-pourlapalestine.be\/wp-content\/uploads\/2025\/07\/finally-free-698x500.png 698w, https:\/\/charleroi-pourlapalestine.be\/wp-content\/uploads\/2025\/07\/finally-free-350x250.png 350w, https:\/\/charleroi-pourlapalestine.be\/wp-content\/uploads\/2025\/07\/finally-free-175x125.png 175w, https:\/\/charleroi-pourlapalestine.be\/wp-content\/uploads\/2025\/07\/finally-free-768x550.png 768w, https:\/\/charleroi-pourlapalestine.be\/wp-content\/uploads\/2025\/07\/finally-free.png 937w\" sizes=\"auto, (max-width: 698px) 100vw, 698px\" \/><\/p>\n<p>&nbsp;<\/p>\n<p>&nbsp;<\/p>\n<p>Notre joie immense \u00e0 l\u2019annonce de cette d\u00e9cision ne saurait malgr\u00e9 tout \u00eatre compl\u00e8te tant qu\u2019il ne sera pas arriv\u00e9 au Liban, sur sa terre, entour\u00e9 de ses camarades, de ses proches et de sa famille, lui, dont la flamme de la r\u00e9sistance n\u2019a jamais pu \u00eatre \u00e9teinte malgr\u00e9 les efforts de la France et de ses alli\u00e9es. Tout au long de ces plus de 40 ans de prison, Georges Ibrahim Abdallah a repr\u00e9sent\u00e9 un exemple de lutte et de d\u00e9termination, pour des g\u00e9n\u00e9rations enti\u00e8res de militant\u00b7es, qui tout au long de leur engagement politique ont grandi avec sa figure et ont pu se mobiliser pour exiger sa lib\u00e9ration. Aujourd\u2019hui, depuis les cellules de sa prison, Georges Abdallah demeure un symbole vivant de la r\u00e9sistance des peuples face \u00e0 l\u2019imp\u00e9rialisme, au colonialisme et au sionisme, et d\u2019une r\u00e9sistance qui refuse toute compromission face \u00e0 ses ennemis. Un exemple qui s\u2019est av\u00e9r\u00e9 plus que vital pour le mouvement de soutien au peuple palestinien et \u00e0 sa r\u00e9sistance ces derni\u00e8res d\u00e9cennies.<\/p>\n<p>Cette responsabilit\u00e9 politique endoss\u00e9e par Georges Abdallah depuis sa cellule ces 40 derni\u00e8res ann\u00e9es, illustre la place particuli\u00e8re et la mission qu\u2019endossent tous les prisonnier\u00b7es r\u00e9volutionnaires, les plus de 10 800 prisonnier\u00b7es palestinien\u00b7nes, et en particulier leurs leaders emprisonn\u00e9s. Ceux et celles qui affrontent les appareils r\u00e9pressifs et p\u00e9nitentiaires imp\u00e9rialistes, r\u00e9actionnaires et coloniaux, constituent, par leur r\u00f4le avant et pendant leur incarc\u00e9ration, la frange la plus avanc\u00e9e de la r\u00e9sistance de leur peuple face \u00e0 l\u2019oppression.<\/p>\n<p>\u00c0 l\u2019heure o\u00f9 nous c\u00e9l\u00e9brons la lib\u00e9ration prochaine de notre camarade, nos coeurs et nos esprits restent d\u00e9chir\u00e9s et nos pens\u00e9es sont dirig\u00e9es vers les plus de 10 800 prisonnier\u00b7es palestinien\u00b7nes qui endurent la famine, la maladie, l\u2019isolement, la violence, les agressions sexuelles et les assassinats cibl\u00e9s dans les prisons sionistes. Nous avons une pens\u00e9e sinc\u00e8re envers le leadership de la r\u00e9sistance emprisonn\u00e9e, ceux condamn\u00e9s \u00e0 des dizaines, des centaines voire des milliers d\u2019ann\u00e9es d\u2019incarc\u00e9ration, cumulant les peines \u00e0 perp\u00e9tuit\u00e9, mais dont la certitude d\u2019\u00eatre arrach\u00e9s des prisons sionistes par la lutte de leurs camarades demeure intacte. Nous pensons \u00e0 ces p\u00e8res, m\u00e8res, fr\u00e8res, soeurs, hommes et femmes, entre les mains de l\u2019ennemi, loin de leurs \u00eatres aim\u00e9\u00b7es, loin de la chaleur de leurs communaut\u00e9, mais qui ont, \u00e0 force de sacrifices, de combat et de lutte, r\u00e9ussi \u00e0 construire une \u00e9cole de la r\u00e9volution et une communaut\u00e9 r\u00e9sistante dans les prisons sionistes. Nos pens\u00e9es sont dirig\u00e9es vers les 73 prisonniers tomb\u00e9s martyrs dans les prisons sionistes depuis le 7 octobre, et vers les morgues et les cimeti\u00e8res des nombres du r\u00e9gime sioniste o\u00f9 plus de 700 corps de martyr.es palestinien\u00b7nes sont d\u00e9tenus et vol\u00e9s \u00e0 leurs familles qui ne peuvent les enterrer dignement, laissant un gouffre immense qui ne saurait \u00eatre combl\u00e9 malgr\u00e9 l\u2019amour infini de leur peuple. Nous pensons \u00e0 tous\u00b7tes les prisonnier\u00b7es de la cause palestinienne et \u00e0 tous\u00b7tes les prisonnier\u00b7es r\u00e9volutionnaires arrach\u00e9\u00b7es \u00e0 leurs camarades et \u00e0 leurs proches, dans les prisons coloniales, imp\u00e9rialistes et r\u00e9actionnaires \u00e0 travers le monde. La lib\u00e9ration prochaine de notre camarade Georges Ibrahim Abdallah sera leur victoire, et nous continuerons \u00e0 nous mobiliser pour f\u00eater les leurs prochainement.<\/p>\n<p>\u00c0 l\u2019heure o\u00f9 notre camarade Georges Ibrahim Abdallah apprend cette nouvelle, dans sa cellule exigu\u00eb de Lannemezan, et partage sa joie et son impatience avec ses camarades de d\u00e9tention, nos coeurs saignent face \u00e0 la situation actuelle \u00e0 Gaza et plus largement dans la r\u00e9gion, et face au g\u00e9nocide que subit le peuple palestinien depuis plus de 21 mois d\u00e9sormais. Chaque lib\u00e9ration de prisonnier\u00b7es arrach\u00e9\u00b7es aux prisons imp\u00e9rialistes et sionistes, en particulier ceux et celles qui ont refus\u00e9 toute compromission et toute trahison malgr\u00e9 des d\u00e9cennies d\u2019incarc\u00e9ration, est la promesse d\u2019une victoire prochaine, de lendemains qui chantent et d\u2019une vengeance pour les destins et les vies scarifi\u00e9es et d\u00e9chir\u00e9es par la violence coloniale.<\/p>\n<p>Nous adressons nos salutations et remerciements les plus chaleureux et sinc\u00e8res aux g\u00e9n\u00e9rations successives de camarades qui ont men\u00e9 cette lutte avec d\u00e9termination, \u00e0 celles et ceux qui nous ont quitt\u00e9s avant de vivre ce moment, \u00e0 toutes celles et ceux dont les coeurs battent \u00e0 l\u2019unisson avec notre camarade, \u00e0 toutes les organisations et militant\u00b7es qui ont d\u00e9di\u00e9 des ann\u00e9es de leur vie, des nuits blanches, des mois de mobilisation pour construire des \u00e9v\u00e8nements et manifestations, celles et ceux qui ont cri\u00e9 le nom de notre camarade dans les rues de leurs villes, dans leurs facs, qui ont port\u00e9 son combat partout o\u00f9 leurs pas les ont men\u00e9.es. Cette victoire est une victoire collective, c\u2019est celle d\u2019un mouvement tout entier, qui doit nous permettre de construire la suite et de continuer \u00e0 lutter pour arracher plus de victoire, jusqu\u2019\u00e0 la lib\u00e9ration de la Palestine, de la Mer au Jourdain.<\/p>\n<p><strong>Continuons la mobilisation jusqu\u2019au 25 juillet et l\u2019arriv\u00e9e de notre camarade au Liban !<\/strong><\/p>\n<p><strong>Libert\u00e9 pour tous\u00b7tes nos prisonnier\u00b7es !<\/strong><\/p>\n<p><strong>Gloire \u00e0 la r\u00e9sistance palestinienne !<\/strong><\/p>\n<p><strong>De la Mer au Jourdain : Palestine Vaincra !<\/strong><\/p>\n<p>&nbsp;<\/p>\n<p style=\"text-align: center;\">*****<\/p>\n<p>Publi\u00e9 le 17 juillet 2025 sur <a href=\"https:\/\/samidoun.net\/fr\/\" target=\"_blank\" rel=\"noopener\"><strong>Samidoun<\/strong><\/a><\/p>\n<p><a href=\"https:\/\/charleroi-pourlapalestine.be\/index.php\/category\/palestine\/les-prisionners-palestiniens\/georges-ibrahim-abdallah\/\"><strong>Trouvez ICI<\/strong><\/a> des articles de Georges Abdallah ou des articles, des mobilisations qui le concernent<\/p>\n","protected":false},"excerpt":{"rendered":"<p>Apr\u00e8s plus de quatre d\u00e9cennies d\u2019acharnement politique et judiciaire par les autorit\u00e9s fran\u00e7aises et les gouvernements successifs, apr\u00e8s une vie de lutte et de r\u00e9sistance acharn\u00e9e, apr\u00e8s des d\u00e9cennies de mobilisation par ses soutiens pour arracher Georges Abdallah des prisons colonialistes et imp\u00e9rialistes fran\u00e7aises, notre camarade devrait \u00eatre enfin lib\u00e9r\u00e9 le 25 juillet prochain.<\/p>\n","protected":false},"author":1,"featured_media":85705,"comment_status":"closed","ping_status":"closed","sticky":false,"template":"","format":"standard","meta":{"ngg_post_thumbnail":0,"footnotes":""},"categories":[14,13,25],"tags":[],"class_list":["post-85701","post","type-post","status-publish","format-standard","has-post-thumbnail","hentry","category-georges-ibrahim-abdallah","category-les-prisionners-palestiniens","category-la-resistance-palestinienne"],"yoast_head":"<!-- This site is optimized with the Yoast SEO plugin v27.3 - https:\/\/yoast.com\/product\/yoast-seo-wordpress\/ -->\n<title>Le 25 juillet 2025, apr\u00e8s 40 ans de prison et toute une vie de combat, Georges Ibrahim Abdallah sera libre !<\/title>\n<meta name=\"description\" content=\"Apr\u00e8s plus de quatre d\u00e9cennies d\u2019acharnement politique et judiciaire par les autorit\u00e9s fran\u00e7aises et les gouvernements successifs, apr\u00e8s une vie de lutte et de r\u00e9sistance acharn\u00e9e, apr\u00e8s des d\u00e9cennies de mobilisation par ses soutiens pour arracher Georges Abdallah des prisons colonialistes et imp\u00e9rialistes fran\u00e7aises, notre camarade devrait \u00eatre enfin lib\u00e9r\u00e9 le 25 juillet prochain.\" \/>\n<meta name=\"robots\" content=\"index, follow, max-snippet:-1, max-image-preview:large, max-video-preview:-1\" \/>\n<link rel=\"canonical\" href=\"https:\/\/charleroi-pourlapalestine.be\/index.php\/2025\/07\/18\/le-25-juillet-2025-apres-40-ans-de-prison-et-toute-une-vie-de-combat-georges-ibrahim-abdallah-sera-libre\/\" \/>\n<script type=\"application\/ld+json\" class=\"yoast-schema-graph\">{\"@context\":\"https:\\\/\\\/schema.org\",\"@graph\":[{\"@type\":\"Article\",\"@id\":\"https:\\\/\\\/charleroi-pourlapalestine.be\\\/index.php\\\/2025\\\/07\\\/18\\\/le-25-juillet-2025-apres-40-ans-de-prison-et-toute-une-vie-de-combat-georges-ibrahim-abdallah-sera-libre\\\/#article\",\"isPartOf\":{\"@id\":\"https:\\\/\\\/charleroi-pourlapalestine.be\\\/index.php\\\/2025\\\/07\\\/18\\\/le-25-juillet-2025-apres-40-ans-de-prison-et-toute-une-vie-de-combat-georges-ibrahim-abdallah-sera-libre\\\/\"},\"author\":{\"name\":\"admin1873\",\"@id\":\"https:\\\/\\\/charleroi-pourlapalestine.be\\\/#\\\/schema\\\/person\\\/c19ff515112f1299d8c12671d8fe3faa\"},\"headline\":\"Le 25 juillet 2025, apr\u00e8s 40 ans de prison et toute une vie de combat, Georges Ibrahim Abdallah sera libre !\",\"datePublished\":\"2025-07-18T06:58:31+00:00\",\"mainEntityOfPage\":{\"@id\":\"https:\\\/\\\/charleroi-pourlapalestine.be\\\/index.php\\\/2025\\\/07\\\/18\\\/le-25-juillet-2025-apres-40-ans-de-prison-et-toute-une-vie-de-combat-georges-ibrahim-abdallah-sera-libre\\\/\"},\"wordCount\":1053,\"publisher\":{\"@id\":\"https:\\\/\\\/charleroi-pourlapalestine.be\\\/#organization\"},\"image\":{\"@id\":\"https:\\\/\\\/charleroi-pourlapalestine.be\\\/index.php\\\/2025\\\/07\\\/18\\\/le-25-juillet-2025-apres-40-ans-de-prison-et-toute-une-vie-de-combat-georges-ibrahim-abdallah-sera-libre\\\/#primaryimage\"},\"thumbnailUrl\":\"https:\\\/\\\/charleroi-pourlapalestine.be\\\/wp-content\\\/uploads\\\/2025\\\/07\\\/finally-free.png\",\"articleSection\":[\"Georges Abdallah\",\"Prisonniers\",\"R\u00e9sistance\"],\"inLanguage\":\"fr-FR\"},{\"@type\":\"WebPage\",\"@id\":\"https:\\\/\\\/charleroi-pourlapalestine.be\\\/index.php\\\/2025\\\/07\\\/18\\\/le-25-juillet-2025-apres-40-ans-de-prison-et-toute-une-vie-de-combat-georges-ibrahim-abdallah-sera-libre\\\/\",\"url\":\"https:\\\/\\\/charleroi-pourlapalestine.be\\\/index.php\\\/2025\\\/07\\\/18\\\/le-25-juillet-2025-apres-40-ans-de-prison-et-toute-une-vie-de-combat-georges-ibrahim-abdallah-sera-libre\\\/\",\"name\":\"Le 25 juillet 2025, apr\u00e8s 40 ans de prison et toute une vie de combat, Georges Ibrahim Abdallah sera libre !\",\"isPartOf\":{\"@id\":\"https:\\\/\\\/charleroi-pourlapalestine.be\\\/#website\"},\"primaryImageOfPage\":{\"@id\":\"https:\\\/\\\/charleroi-pourlapalestine.be\\\/index.php\\\/2025\\\/07\\\/18\\\/le-25-juillet-2025-apres-40-ans-de-prison-et-toute-une-vie-de-combat-georges-ibrahim-abdallah-sera-libre\\\/#primaryimage\"},\"image\":{\"@id\":\"https:\\\/\\\/charleroi-pourlapalestine.be\\\/index.php\\\/2025\\\/07\\\/18\\\/le-25-juillet-2025-apres-40-ans-de-prison-et-toute-une-vie-de-combat-georges-ibrahim-abdallah-sera-libre\\\/#primaryimage\"},\"thumbnailUrl\":\"https:\\\/\\\/charleroi-pourlapalestine.be\\\/wp-content\\\/uploads\\\/2025\\\/07\\\/finally-free.png\",\"datePublished\":\"2025-07-18T06:58:31+00:00\",\"description\":\"Apr\u00e8s plus de quatre d\u00e9cennies d\u2019acharnement politique et judiciaire par les autorit\u00e9s fran\u00e7aises et les gouvernements successifs, apr\u00e8s une vie de lutte et de r\u00e9sistance acharn\u00e9e, apr\u00e8s des d\u00e9cennies de mobilisation par ses soutiens pour arracher Georges Abdallah des prisons colonialistes et imp\u00e9rialistes fran\u00e7aises, notre camarade devrait \u00eatre enfin lib\u00e9r\u00e9 le 25 juillet prochain.\",\"breadcrumb\":{\"@id\":\"https:\\\/\\\/charleroi-pourlapalestine.be\\\/index.php\\\/2025\\\/07\\\/18\\\/le-25-juillet-2025-apres-40-ans-de-prison-et-toute-une-vie-de-combat-georges-ibrahim-abdallah-sera-libre\\\/#breadcrumb\"},\"inLanguage\":\"fr-FR\",\"potentialAction\":[{\"@type\":\"ReadAction\",\"target\":[\"https:\\\/\\\/charleroi-pourlapalestine.be\\\/index.php\\\/2025\\\/07\\\/18\\\/le-25-juillet-2025-apres-40-ans-de-prison-et-toute-une-vie-de-combat-georges-ibrahim-abdallah-sera-libre\\\/\"]}]},{\"@type\":\"ImageObject\",\"inLanguage\":\"fr-FR\",\"@id\":\"https:\\\/\\\/charleroi-pourlapalestine.be\\\/index.php\\\/2025\\\/07\\\/18\\\/le-25-juillet-2025-apres-40-ans-de-prison-et-toute-une-vie-de-combat-georges-ibrahim-abdallah-sera-libre\\\/#primaryimage\",\"url\":\"https:\\\/\\\/charleroi-pourlapalestine.be\\\/wp-content\\\/uploads\\\/2025\\\/07\\\/finally-free.png\",\"contentUrl\":\"https:\\\/\\\/charleroi-pourlapalestine.be\\\/wp-content\\\/uploads\\\/2025\\\/07\\\/finally-free.png\",\"width\":937,\"height\":671},{\"@type\":\"BreadcrumbList\",\"@id\":\"https:\\\/\\\/charleroi-pourlapalestine.be\\\/index.php\\\/2025\\\/07\\\/18\\\/le-25-juillet-2025-apres-40-ans-de-prison-et-toute-une-vie-de-combat-georges-ibrahim-abdallah-sera-libre\\\/#breadcrumb\",\"itemListElement\":[{\"@type\":\"ListItem\",\"position\":1,\"name\":\"Accueil\",\"item\":\"https:\\\/\\\/charleroi-pourlapalestine.be\\\/\"},{\"@type\":\"ListItem\",\"position\":2,\"name\":\"Le 25 juillet 2025, apr\u00e8s 40 ans de prison et toute une vie de combat, Georges Ibrahim Abdallah sera libre !\"}]},{\"@type\":\"WebSite\",\"@id\":\"https:\\\/\\\/charleroi-pourlapalestine.be\\\/#website\",\"url\":\"https:\\\/\\\/charleroi-pourlapalestine.be\\\/\",\"name\":\"Charleroi Pour la Palestine\",\"description\":\"\",\"publisher\":{\"@id\":\"https:\\\/\\\/charleroi-pourlapalestine.be\\\/#organization\"},\"potentialAction\":[{\"@type\":\"SearchAction\",\"target\":{\"@type\":\"EntryPoint\",\"urlTemplate\":\"https:\\\/\\\/charleroi-pourlapalestine.be\\\/?s={search_term_string}\"},\"query-input\":{\"@type\":\"PropertyValueSpecification\",\"valueRequired\":true,\"valueName\":\"search_term_string\"}}],\"inLanguage\":\"fr-FR\"},{\"@type\":\"Organization\",\"@id\":\"https:\\\/\\\/charleroi-pourlapalestine.be\\\/#organization\",\"name\":\"Plate-forme Charleroi-Palestine\",\"url\":\"https:\\\/\\\/charleroi-pourlapalestine.be\\\/\",\"logo\":{\"@type\":\"ImageObject\",\"inLanguage\":\"fr-FR\",\"@id\":\"https:\\\/\\\/charleroi-pourlapalestine.be\\\/#\\\/schema\\\/logo\\\/image\\\/\",\"url\":\"https:\\\/\\\/charleroi-pourlapalestine.be\\\/wp-content\\\/uploads\\\/2020\\\/01\\\/logo-Copy.jpg\",\"contentUrl\":\"https:\\\/\\\/charleroi-pourlapalestine.be\\\/wp-content\\\/uploads\\\/2020\\\/01\\\/logo-Copy.jpg\",\"width\":180,\"height\":180,\"caption\":\"Plate-forme Charleroi-Palestine\"},\"image\":{\"@id\":\"https:\\\/\\\/charleroi-pourlapalestine.be\\\/#\\\/schema\\\/logo\\\/image\\\/\"},\"sameAs\":[\"https:\\\/\\\/www.facebook.com\\\/PlateformeCharleroiPalestine\\\/\",\"https:\\\/\\\/x.com\\\/LaCharleroi\"]},{\"@type\":\"Person\",\"@id\":\"https:\\\/\\\/charleroi-pourlapalestine.be\\\/#\\\/schema\\\/person\\\/c19ff515112f1299d8c12671d8fe3faa\",\"name\":\"admin1873\",\"url\":\"https:\\\/\\\/charleroi-pourlapalestine.be\\\/index.php\\\/author\\\/admin1873\\\/\"}]}<\/script>\n<!-- \/ Yoast SEO plugin. -->","yoast_head_json":{"title":"Le 25 juillet 2025, apr\u00e8s 40 ans de prison et toute une vie de combat, Georges Ibrahim Abdallah sera libre !","description":"Apr\u00e8s plus de quatre d\u00e9cennies d\u2019acharnement politique et judiciaire par les autorit\u00e9s fran\u00e7aises et les gouvernements successifs, apr\u00e8s une vie de lutte et de r\u00e9sistance acharn\u00e9e, apr\u00e8s des d\u00e9cennies de mobilisation par ses soutiens pour arracher Georges Abdallah des prisons colonialistes et imp\u00e9rialistes fran\u00e7aises, notre camarade devrait \u00eatre enfin lib\u00e9r\u00e9 le 25 juillet prochain.","robots":{"index":"index","follow":"follow","max-snippet":"max-snippet:-1","max-image-preview":"max-image-preview:large","max-video-preview":"max-video-preview:-1"},"canonical":"https:\/\/charleroi-pourlapalestine.be\/index.php\/2025\/07\/18\/le-25-juillet-2025-apres-40-ans-de-prison-et-toute-une-vie-de-combat-georges-ibrahim-abdallah-sera-libre\/","schema":{"@context":"https:\/\/schema.org","@graph":[{"@type":"Article","@id":"https:\/\/charleroi-pourlapalestine.be\/index.php\/2025\/07\/18\/le-25-juillet-2025-apres-40-ans-de-prison-et-toute-une-vie-de-combat-georges-ibrahim-abdallah-sera-libre\/#article","isPartOf":{"@id":"https:\/\/charleroi-pourlapalestine.be\/index.php\/2025\/07\/18\/le-25-juillet-2025-apres-40-ans-de-prison-et-toute-une-vie-de-combat-georges-ibrahim-abdallah-sera-libre\/"},"author":{"name":"admin1873","@id":"https:\/\/charleroi-pourlapalestine.be\/#\/schema\/person\/c19ff515112f1299d8c12671d8fe3faa"},"headline":"Le 25 juillet 2025, apr\u00e8s 40 ans de prison et toute une vie de combat, Georges Ibrahim Abdallah sera libre !","datePublished":"2025-07-18T06:58:31+00:00","mainEntityOfPage":{"@id":"https:\/\/charleroi-pourlapalestine.be\/index.php\/2025\/07\/18\/le-25-juillet-2025-apres-40-ans-de-prison-et-toute-une-vie-de-combat-georges-ibrahim-abdallah-sera-libre\/"},"wordCount":1053,"publisher":{"@id":"https:\/\/charleroi-pourlapalestine.be\/#organization"},"image":{"@id":"https:\/\/charleroi-pourlapalestine.be\/index.php\/2025\/07\/18\/le-25-juillet-2025-apres-40-ans-de-prison-et-toute-une-vie-de-combat-georges-ibrahim-abdallah-sera-libre\/#primaryimage"},"thumbnailUrl":"https:\/\/charleroi-pourlapalestine.be\/wp-content\/uploads\/2025\/07\/finally-free.png","articleSection":["Georges Abdallah","Prisonniers","R\u00e9sistance"],"inLanguage":"fr-FR"},{"@type":"WebPage","@id":"https:\/\/charleroi-pourlapalestine.be\/index.php\/2025\/07\/18\/le-25-juillet-2025-apres-40-ans-de-prison-et-toute-une-vie-de-combat-georges-ibrahim-abdallah-sera-libre\/","url":"https:\/\/charleroi-pourlapalestine.be\/index.php\/2025\/07\/18\/le-25-juillet-2025-apres-40-ans-de-prison-et-toute-une-vie-de-combat-georges-ibrahim-abdallah-sera-libre\/","name":"Le 25 juillet 2025, apr\u00e8s 40 ans de prison et toute une vie de combat, Georges Ibrahim Abdallah sera libre !","isPartOf":{"@id":"https:\/\/charleroi-pourlapalestine.be\/#website"},"primaryImageOfPage":{"@id":"https:\/\/charleroi-pourlapalestine.be\/index.php\/2025\/07\/18\/le-25-juillet-2025-apres-40-ans-de-prison-et-toute-une-vie-de-combat-georges-ibrahim-abdallah-sera-libre\/#primaryimage"},"image":{"@id":"https:\/\/charleroi-pourlapalestine.be\/index.php\/2025\/07\/18\/le-25-juillet-2025-apres-40-ans-de-prison-et-toute-une-vie-de-combat-georges-ibrahim-abdallah-sera-libre\/#primaryimage"},"thumbnailUrl":"https:\/\/charleroi-pourlapalestine.be\/wp-content\/uploads\/2025\/07\/finally-free.png","datePublished":"2025-07-18T06:58:31+00:00","description":"Apr\u00e8s plus de quatre d\u00e9cennies d\u2019acharnement politique et judiciaire par les autorit\u00e9s fran\u00e7aises et les gouvernements successifs, apr\u00e8s une vie de lutte et de r\u00e9sistance acharn\u00e9e, apr\u00e8s des d\u00e9cennies de mobilisation par ses soutiens pour arracher Georges Abdallah des prisons colonialistes et imp\u00e9rialistes fran\u00e7aises, notre camarade devrait \u00eatre enfin lib\u00e9r\u00e9 le 25 juillet prochain.","breadcrumb":{"@id":"https:\/\/charleroi-pourlapalestine.be\/index.php\/2025\/07\/18\/le-25-juillet-2025-apres-40-ans-de-prison-et-toute-une-vie-de-combat-georges-ibrahim-abdallah-sera-libre\/#breadcrumb"},"inLanguage":"fr-FR","potentialAction":[{"@type":"ReadAction","target":["https:\/\/charleroi-pourlapalestine.be\/index.php\/2025\/07\/18\/le-25-juillet-2025-apres-40-ans-de-prison-et-toute-une-vie-de-combat-georges-ibrahim-abdallah-sera-libre\/"]}]},{"@type":"ImageObject","inLanguage":"fr-FR","@id":"https:\/\/charleroi-pourlapalestine.be\/index.php\/2025\/07\/18\/le-25-juillet-2025-apres-40-ans-de-prison-et-toute-une-vie-de-combat-georges-ibrahim-abdallah-sera-libre\/#primaryimage","url":"https:\/\/charleroi-pourlapalestine.be\/wp-content\/uploads\/2025\/07\/finally-free.png","contentUrl":"https:\/\/charleroi-pourlapalestine.be\/wp-content\/uploads\/2025\/07\/finally-free.png","width":937,"height":671},{"@type":"BreadcrumbList","@id":"https:\/\/charleroi-pourlapalestine.be\/index.php\/2025\/07\/18\/le-25-juillet-2025-apres-40-ans-de-prison-et-toute-une-vie-de-combat-georges-ibrahim-abdallah-sera-libre\/#breadcrumb","itemListElement":[{"@type":"ListItem","position":1,"name":"Accueil","item":"https:\/\/charleroi-pourlapalestine.be\/"},{"@type":"ListItem","position":2,"name":"Le 25 juillet 2025, apr\u00e8s 40 ans de prison et toute une vie de combat, Georges Ibrahim Abdallah sera libre !"}]},{"@type":"WebSite","@id":"https:\/\/charleroi-pourlapalestine.be\/#website","url":"https:\/\/charleroi-pourlapalestine.be\/","name":"Charleroi Pour la Palestine","description":"","publisher":{"@id":"https:\/\/charleroi-pourlapalestine.be\/#organization"},"potentialAction":[{"@type":"SearchAction","target":{"@type":"EntryPoint","urlTemplate":"https:\/\/charleroi-pourlapalestine.be\/?s={search_term_string}"},"query-input":{"@type":"PropertyValueSpecification","valueRequired":true,"valueName":"search_term_string"}}],"inLanguage":"fr-FR"},{"@type":"Organization","@id":"https:\/\/charleroi-pourlapalestine.be\/#organization","name":"Plate-forme Charleroi-Palestine","url":"https:\/\/charleroi-pourlapalestine.be\/","logo":{"@type":"ImageObject","inLanguage":"fr-FR","@id":"https:\/\/charleroi-pourlapalestine.be\/#\/schema\/logo\/image\/","url":"https:\/\/charleroi-pourlapalestine.be\/wp-content\/uploads\/2020\/01\/logo-Copy.jpg","contentUrl":"https:\/\/charleroi-pourlapalestine.be\/wp-content\/uploads\/2020\/01\/logo-Copy.jpg","width":180,"height":180,"caption":"Plate-forme Charleroi-Palestine"},"image":{"@id":"https:\/\/charleroi-pourlapalestine.be\/#\/schema\/logo\/image\/"},"sameAs":["https:\/\/www.facebook.com\/PlateformeCharleroiPalestine\/","https:\/\/x.com\/LaCharleroi"]},{"@type":"Person","@id":"https:\/\/charleroi-pourlapalestine.be\/#\/schema\/person\/c19ff515112f1299d8c12671d8fe3faa","name":"admin1873","url":"https:\/\/charleroi-pourlapalestine.be\/index.php\/author\/admin1873\/"}]}},"_links":{"self":[{"href":"https:\/\/charleroi-pourlapalestine.be\/index.php\/wp-json\/wp\/v2\/posts\/85701","targetHints":{"allow":["GET"]}}],"collection":[{"href":"https:\/\/charleroi-pourlapalestine.be\/index.php\/wp-json\/wp\/v2\/posts"}],"about":[{"href":"https:\/\/charleroi-pourlapalestine.be\/index.php\/wp-json\/wp\/v2\/types\/post"}],"author":[{"embeddable":true,"href":"https:\/\/charleroi-pourlapalestine.be\/index.php\/wp-json\/wp\/v2\/users\/1"}],"replies":[{"embeddable":true,"href":"https:\/\/charleroi-pourlapalestine.be\/index.php\/wp-json\/wp\/v2\/comments?post=85701"}],"version-history":[{"count":0,"href":"https:\/\/charleroi-pourlapalestine.be\/index.php\/wp-json\/wp\/v2\/posts\/85701\/revisions"}],"wp:featuredmedia":[{"embeddable":true,"href":"https:\/\/charleroi-pourlapalestine.be\/index.php\/wp-json\/wp\/v2\/media\/85705"}],"wp:attachment":[{"href":"https:\/\/charleroi-pourlapalestine.be\/index.php\/wp-json\/wp\/v2\/media?parent=85701"}],"wp:term":[{"taxonomy":"category","embeddable":true,"href":"https:\/\/charleroi-pourlapalestine.be\/index.php\/wp-json\/wp\/v2\/categories?post=85701"},{"taxonomy":"post_tag","embeddable":true,"href":"https:\/\/charleroi-pourlapalestine.be\/index.php\/wp-json\/wp\/v2\/tags?post=85701"}],"curies":[{"name":"wp","href":"https:\/\/api.w.org\/{rel}","templated":true}]}}