{"id":85751,"date":"2025-07-19T08:58:10","date_gmt":"2025-07-19T06:58:10","guid":{"rendered":"https:\/\/charleroi-pourlapalestine.be\/?p=85751"},"modified":"2025-07-21T14:59:25","modified_gmt":"2025-07-21T12:59:25","slug":"israel-bombarde-et-affame-gaza-sans-perspective-darret","status":"publish","type":"post","link":"https:\/\/charleroi-pourlapalestine.be\/index.php\/2025\/07\/19\/israel-bombarde-et-affame-gaza-sans-perspective-darret\/","title":{"rendered":"Isra\u00ebl bombarde et affame Gaza sans perspective d&rsquo;arr\u00eat"},"content":{"rendered":"<p>Isra\u00ebl a tu\u00e9 pr\u00e8s de 650 Palestiniens et en a bless\u00e9 environ 2 200 entre le 9 et le 16 juillet, selon des rapports \u00e9manant du minist\u00e8re de la Sant\u00e9 \u00e0 Gaza. Ces victimes sont le r\u00e9sultat de frappes a\u00e9riennes, d&rsquo;attaques de drones et de tirs sur les pr\u00e9tendus sites am\u00e9ricano-isra\u00e9liens de distribution d&rsquo;aide<\/p>\n<p>&nbsp;<\/p>\n<p>&nbsp;<\/p>\n<div id=\"attachment_85752\" style=\"width: 710px\" class=\"wp-caption aligncenter\"><img loading=\"lazy\" decoding=\"async\" aria-describedby=\"caption-attachment-85752\" class=\"wp-image-85752 size-large\" src=\"https:\/\/charleroi-pourlapalestine.be\/wp-content\/uploads\/2025\/07\/Israel-continue-de-bombarder-Gaza-et-il-ny-a-pas-darret-en-vue-700x464.png\" alt=\"Des gens \u00e9plor\u00e9s portent les corps d'enfants palestiniens qui viennent de perdre la vie lors d'une frappe de l'aviation isra\u00e9lienne sur le camp de r\u00e9fugi\u00e9s de Beach, \u00e0 Gaza, le 12 juillet.\" width=\"700\" height=\"464\" srcset=\"https:\/\/charleroi-pourlapalestine.be\/wp-content\/uploads\/2025\/07\/Israel-continue-de-bombarder-Gaza-et-il-ny-a-pas-darret-en-vue-700x464.png 700w, https:\/\/charleroi-pourlapalestine.be\/wp-content\/uploads\/2025\/07\/Israel-continue-de-bombarder-Gaza-et-il-ny-a-pas-darret-en-vue-350x232.png 350w, https:\/\/charleroi-pourlapalestine.be\/wp-content\/uploads\/2025\/07\/Israel-continue-de-bombarder-Gaza-et-il-ny-a-pas-darret-en-vue-768x509.png 768w, https:\/\/charleroi-pourlapalestine.be\/wp-content\/uploads\/2025\/07\/Israel-continue-de-bombarder-Gaza-et-il-ny-a-pas-darret-en-vue.png 1022w\" sizes=\"auto, (max-width: 700px) 100vw, 700px\" \/><p id=\"caption-attachment-85752\" class=\"wp-caption-text\"><strong>Des gens \u00e9plor\u00e9s portent les corps d&rsquo;enfants palestiniens qui viennent de perdre la vie lors d&rsquo;une frappe de l&rsquo;aviation isra\u00e9lienne sur le camp de r\u00e9fugi\u00e9s de Beach, \u00e0 Gaza, le 12 juillet.<\/strong> (Photo : Hadi Daoud \/ APA images)<\/p><\/div>\n<p>&nbsp;<\/p>\n<p>&nbsp;<\/p>\n<p><strong>Nora Barrows-Friedman<\/strong>, 18 juillet 2025<\/p>\n<p>&nbsp;<\/p>\n<p><em>Le texte qui suit est un condens\u00e9 des informations communiqu\u00e9es lors du <strong>livestream du 17 juillet.<\/strong> Vous pouvez voir l&rsquo;\u00e9mission au complet ici.<\/em><\/p>\n<p>&nbsp;<\/p>\n<p>Mardi 15 juillet, Isra\u00ebl a attaqu\u00e9 le camp de r\u00e9fugi\u00e9s Beach Camp, \u00e0 l&rsquo;ouest de la ville de Gaza, tuant 23 personnes, ainsi que le quartier d&rsquo;al-Tuffah, \u00e0 Gaza m\u00eame, tuant 14 personnes, dont des enfants. Toutes les victimes faisaient partie de la m\u00eame famille.<\/p>\n<p>Une femme, Hala Arafat, a \u00e9t\u00e9 prise en vid\u00e9o alors qu&rsquo;elle suppliait les sauveteurs de la sauver, elle, ses enfants et les autres membres de sa famille.<\/p>\n<p>Les unit\u00e9s de la d\u00e9fense civile ont tent\u00e9 de d\u00e9gager les personnes pi\u00e9g\u00e9es sous les d\u00e9combres, mais en ont \u00e9t\u00e9 emp\u00each\u00e9es par l&rsquo;arm\u00e9e isra\u00e9lienne.<\/p>\n<p>Mahmoud Basal, le porte-parole de la d\u00e9fense civile, a d\u00e9clar\u00e9 que les sauveteurs<\/p>\n<blockquote><p>\u00ab avaient mis tout en \u0153uvre pour coordonner leur acc\u00e8s \u00e0 la zone de fa\u00e7on \u00e0 pouvoir atteindre l&rsquo;endroit o\u00f9 la femme se trouvait avant qu&rsquo;elle ne succombe. Mais tous ces efforts ont \u00e9chou\u00e9. Le lendemain seulement nous avons pu entrer dans la zone. Nos \u00e9quipes ont d\u00e9couvert que la femme \u00e9tait morte. \u00bb<\/p><\/blockquote>\n<p>Basal a ajout\u00e9 qu&rsquo;ils avaient encore re\u00e7u des appels t\u00e9l\u00e9phoniques de personnes toujours coinc\u00e9es sous les d\u00e9combres de leurs habitations et qui avaient r\u00e9ussi \u00e0 se maintenir en vie. Mais elles \u00e9taient d\u00e9sormais pr\u00e9sum\u00e9es mortes.<\/p>\n<blockquote><p>\u00ab Est-il raisonnable de s&rsquo;imaginer que la conscience humaine, jusqu&rsquo;\u00e0 pr\u00e9sent, ne se soit pas \u00e9mue au vu d&rsquo;\u00e9v\u00e9nements comme ceux qui ont lieu dans la bande de Gaza ? \u00bb,<\/p><\/blockquote>\n<p>se demandait Basal.<\/p>\n<p>Il a d\u00e9clar\u00e9 dans un autre reportage vid\u00e9o qu&rsquo;au cours des deux semaines \u00e9coul\u00e9es, Isra\u00ebl avait violemment attaqu\u00e9 des zones sp\u00e9cifiquement situ\u00e9es dans le nord de la bande de Gaza, dont la ville m\u00eame de Gaza et Jabaliya.<\/p>\n<p>Il a fait remarquer que des centaines de b\u00e2timents avaient \u00e9t\u00e9 d\u00e9truits au cours de cette derni\u00e8re s\u00e9rie d&rsquo;attaques, dans le m\u00eame temps que des immeubles \u00e0 la population nombreuse avaient \u00e9t\u00e9 ras\u00e9s au cours de ces frappes. Il a d\u00e9clar\u00e9 qu&rsquo;environ 300 Palestiniens \u00e9taient toujours coinc\u00e9s sous les d\u00e9combres et qu&rsquo;il n&rsquo;y avait pas de r\u00e9pit dans l&rsquo;intensit\u00e9 des attaques.<\/p>\n<p>Ces frappes co\u00efncident avec les nouveaux ordres de d\u00e9placement forc\u00e9s isra\u00e9liens adress\u00e9s aux zones du nord de Gaza. L&rsquo;agence humanitaire de l&rsquo;ONU a dit le 15 juillet qu&rsquo;Isra\u00ebl ordonnait aux gens de se r\u00e9installer \u00e0 al-Mawasi,<\/p>\n<blockquote><p>\u00ab une zone d\u00e9j\u00e0 surpeupl\u00e9e, d\u00e9nu\u00e9e des moindres \u00e9l\u00e9ments de base cens\u00e9s assurer la survie \u00bb.<\/p><\/blockquote>\n<p>L&rsquo;ordre le plus r\u00e9cent<\/p>\n<blockquote><p>\u00ab couvre approximativement 9 kilom\u00e8tres carr\u00e9s et englobe 11 quartiers dans les gouvernorats de Gaza et de Gaza-Nord, o\u00f9 l&rsquo;on estime le nombre actuel de r\u00e9sidents \u00e0 quelque 120 000 \u00bb,<\/p><\/blockquote>\n<p>a ajout\u00e9 l&rsquo;ONU.<\/p>\n<p>&nbsp;<\/p>\n<h3>Tu\u00e9s en tentant de r\u00e9cup\u00e9rer de l&rsquo;eau<\/h3>\n<p>Dimanche 13 juillet, Isra\u00ebl a cibl\u00e9 et tu\u00e9 sept enfants et quatre adultes au cours d&rsquo;une frappe de drone alors que des gens tentaient de r\u00e9cup\u00e9rer de l&rsquo;eau potable d&rsquo;un camion-citerne.<\/p>\n<p>La p\u00e9nurie d&rsquo;eau a s\u00e9v\u00e8rement empir\u00e9 \u00e0 Gaza, ces derni\u00e8res semaines, avec la p\u00e9nurie de carburant qui a oblig\u00e9 les sites de d\u00e9salinisation et d&rsquo;assainissement \u00e0 fermer, rendant ainsi les gens d\u00e9pendants des centres de distribution o\u00f9 ils peuvent remplir leurs divers r\u00e9cipients en plastique, a rapport\u00e9 Reuters.<\/p>\n<p>Il ne s&rsquo;agissait que d&rsquo;un massacre parmi tant d&rsquo;autres qui se sont \u00e9tal\u00e9s dans tout Gaza sur une p\u00e9riode de 24 heures, entre le 12 et le 13 juillet.<\/p>\n<p>Le minist\u00e8re palestinien de la sant\u00e9 \u00e0 Gaza a rapport\u00e9 que 139 corps avaient \u00e9t\u00e9 amen\u00e9s aux h\u00f4pitaux, durant cette m\u00eame p\u00e9riode.<\/p>\n<p>Lundi 14 juillet, Isra\u00ebl a bombard\u00e9 un autre camion-citerne d&rsquo;eau dans le centre de Gaza, tuant le conducteur.<\/p>\n<p>Asem Alnabih, le porte-parole de la Municipalit\u00e9 de Gaza qui est venu nous rejoindre lors du livestream du 17 juillet, a \u00e9crit pour <em>The Electronic Intifada<\/em> cette semaine :<\/p>\n<blockquote><p>\u00ab Au cours des 21 mois \u00e9coul\u00e9s de l&rsquo;agression isra\u00e9lienne, 75 pour 100 des puits de la ville de Gaza ont \u00e9t\u00e9 d\u00e9truits par Isra\u00ebl alors que les puits restants ont cess\u00e9 de fonctionner ou ne le font plus que partiellement, durant un nombre d&rsquo;heures limit\u00e9, et ne suffisent donc pas \u00e0 couvrir les besoins de la population. \u00bb<\/p><\/blockquote>\n<p>Entre-temps, le Groupe mondial des clusters de protection des Nations unies a fait savoir que, depuis le d\u00e9but de ce g\u00e9nocide, plus de 134 000 Palestiniens, dont plus de 40 000 enfants, pr\u00e9sentaient actuellement des blessures d\u00e9coulant de la guerre.<\/p>\n<p>On estime qu&rsquo;un quart de ces personnes pr\u00e9sentent de nouveaux handicaps n\u00e9cessitant une r\u00e9adaptation aigu\u00eb et continue et l&rsquo;on croit que plus de 35 000 Palestiniens<em> \u00ab souffrent d&rsquo;importantes l\u00e9sions auditives dues aux explosions \u00bb<\/em>, fait encore savoir le groupe.<\/p>\n<p>En moyenne, 10 enfants par jour perdent une jambe, ou les deux, ajoute le rapport \u2013 une statistique sinistre qui se maintient depuis janvier 2024, selon ce qu&rsquo;a d\u00e9clar\u00e9 Save the Children trois mois d\u00e9j\u00e0 apr\u00e8s le d\u00e9but du g\u00e9nocide.<\/p>\n<p>Les Nations unies ont dit que Gaza pr\u00e9sentait le nombre d&rsquo;amput\u00e9s par habitant le plus \u00e9lev\u00e9 au monde.<\/p>\n<p>&nbsp;<\/p>\n<h3>900 personnes tu\u00e9es aux sites \u00ab humanitaires \u00bb<\/h3>\n<p>Isra\u00ebl continue de tuer et de blesser des Palestiniens qui tentent d&rsquo;obtenir de faibles quantit\u00e9s d&rsquo;aide alimentaire aux pr\u00e9tendus centres de distribution g\u00e9r\u00e9s par la Gaza Humanitarian Foundation (GHF), une entreprise mercenaire priv\u00e9e dans laquelle les EU et Isra\u00ebl sont associ\u00e9s.<\/p>\n<p><strong>Jusqu&rsquo;\u00e0 pr\u00e9sent, environ 900 personnes ont \u00e9t\u00e9 tu\u00e9es et plus de 5 700 bless\u00e9es depuis que la GHF a entam\u00e9 ses op\u00e9rations sous le pr\u00e9texte de distribuer de l&rsquo;aide, voici sept semaines, en mai dernier<\/strong>.<\/p>\n<p>Le 16 juillet, au moins 21 Palestiniens ont \u00e9t\u00e9 tu\u00e9s par des tirs directs ou par \u00e9touffement lors d&rsquo;une bousculade sur un site de la GHF \u00e0 Khan Younis, dans le sud de Gaza.<\/p>\n<p>L&rsquo;office gouvernemental des m\u00e9dias de Gaza a d\u00e9clar\u00e9 que l&rsquo;organisation mercenaire avait dit \u00e0 ces centaines de Palestiniens de se rendre \u00e0 un centre d&rsquo;aide appel\u00e9 \u00ab SDS3 \u00bb.<\/p>\n<blockquote><p>\u00ab Elle a alors proc\u00e9d\u00e9 \u00e0 la fermeture des barri\u00e8res m\u00e9talliques apr\u00e8s avoir rassembl\u00e9 des milliers de personnes affam\u00e9es dans des passages \u00e9troits d\u00e9lib\u00e9r\u00e9ment destin\u00e9s \u00e0 les \u00e9touffer \u00bb,<\/p><\/blockquote>\n<p>a d\u00e9clar\u00e9 le bureau des m\u00e9dias.<\/p>\n<blockquote><p>\u00ab Les employ\u00e9s de l&rsquo;organisation criminelle et les soldats isra\u00e9liens de l&rsquo;occupation ont lanc\u00e9 du gaz au poivre et ont ouvert directement le feu sur les affam\u00e9s qui avaient r\u00e9pondu \u00e0 leur appel \u00e0 l\u00a0\u00bbaide&rsquo;, ce qui avait provoqu\u00e9 des \u00e9touffements massifs et la mort imm\u00e9diate d&rsquo;un grand nombre de personnes sur les lieux m\u00eames.\u00bb&nbsp;<\/p>\n<p>\u00ab Il y a eu des dizaines de bless\u00e9s \u00e0 la suite d&rsquo;une bousculade en un espace ferm\u00e9 d\u00e9nu\u00e9 de la moindre sortie et donc destin\u00e9 \u00e0 tuer \u00bb, a encore ajout\u00e9 le bureau des m\u00e9dias.<\/p><\/blockquote>\n<p>Le journaliste Samer al-Boji a enregistr\u00e9 des personnes qui se lamentaient sur les corps de leurs \u00eatres chers tu\u00e9s mercredi sur ce pr\u00e9tendu site d&rsquo;aide.<\/p>\n<p>Samedi 12 juillet, \u00e0 un site de distribution situ\u00e9 \u00e0 Rafah, une vid\u00e9o a montr\u00e9 des forces isra\u00e9liennes ouvrant le feu tr\u00e8s rapidement sur une foule \u00e9norme de Palestiniens. Certains ont \u00e9t\u00e9 forc\u00e9s de ramper par terre sur le ventre pour \u00e9viter d&rsquo;\u00eatre abattus.<\/p>\n<p>Des images capt\u00e9es par des t\u00e9moins ont \u00e9galement montr\u00e9 un soldat am\u00e9ricain qui lan\u00e7ait vers la foule un objet dont Euro-Med Human Rights Monitor affirme qu&rsquo;il s&rsquo;agissait d&rsquo;une grenade incapacitante.<\/p>\n<p>Un t\u00e9moin a expliqu\u00e9 \u00e0 Euro-Med Monitor :<\/p>\n<blockquote><p>\u00ab Il y a un large trou juste avant l&rsquo;entr\u00e9e d&rsquo;un point d&rsquo;aide et o\u00f9 les gens se planquent habituellement avant l&rsquo;ouverture des portes. Aujourd&rsquo;hui, nous avons \u00e9t\u00e9 surpris de voir trois monticules de sable en face du trou. Une fois celui-ci satur\u00e9 de monde, trois chars ont escalad\u00e9 les monticules, chacun portant des mitrailleuses lourdes. Une trentaine de soldats et de snipers les accompagnaient, arm\u00e9s jusqu&rsquo;aux dents. Ils ont lanc\u00e9 des bombes incapacitantes par-dessus la foule. Toute personne qui tentait de s&rsquo;extraire du trou \u00e9tait abattue s\u00e9ance tenante. \u00bb<\/p><\/blockquote>\n<p>Plus de 30 Palestiniens ont ainsi \u00e9t\u00e9 tu\u00e9s.<\/p>\n<p>Tareq Hajjaj a \u00e9crit pour <em>Mondoweiss<\/em> sur le massacre du 12 juillet. Il a \u00e9chang\u00e9 des propos avec un survivant de l&rsquo;attaque, qui lui a parl\u00e9 depuis son lit d&rsquo;h\u00f4pital pour raconter les \u00e9v\u00e9nements de la journ\u00e9e.<\/p>\n<p><em>\u00ab La seule nourriture que nous pouvons obtenir, c&rsquo;est via l&rsquo;aide qu&rsquo;ils nous jettent \u00bb<\/em>, a-t-il dit.<\/p>\n<blockquote><p>\u00ab Mais, quand nous y sommes all\u00e9s aujourd&rsquo;hui, les soldats se sont amen\u00e9s avec leurs fusils et les chars avec leurs mitrailleuses. Nous avons vu les soldats pointer de tout pr\u00e8s leurs armes vers nos t\u00eates et nous descendre comme des oiseaux, comme si nous n&rsquo;avions aucune valeur, comme s&rsquo;ils s&rsquo;amusaient \u00e0 verser notre sang et \u00e0 nous tuer par dizaines. \u00bb<\/p><\/blockquote>\n<p>Haddad dit que les chars isra\u00e9liens tiraient au hasard dans la foule, pendant que les soldats cherchaient du regard ceux qui se relevaient pour les abattre d&rsquo;une balle dans la t\u00eate.<\/p>\n<blockquote><p>\u00ab Nous \u00e9tions couch\u00e9s au sol, craignant les balles et tentant de sauver nos vies \u00bb, dit-il. \u00ab Mais les soldats nous attendaient, install\u00e9s en embuscade. Quiconque se redressait retombait, mort. \u00bb<\/p><\/blockquote>\n<p>Ceux qui parviennent \u00e0 obtenir un carton d&rsquo;aide de la firme mercenaire de tueurs am\u00e9ricano-isra\u00e9liens disent que ce qui se trouve \u00e0 l&rsquo;int\u00e9rieur des cartons ne suffit pas \u00e0 nourrir une famille affam\u00e9e.<\/p>\n<p>La journaliste d&rsquo;Al Jazeera, Hind Khoudary, a d\u00e9clar\u00e9 lundi 14 juillet que les seules denr\u00e9es distribu\u00e9es par la GHF sont<\/p>\n<blockquote><p>\u00ab de la farine, du riz, de l&rsquo;huile et deux ou trois autres denr\u00e9es alimentaires, qui ne suffisent pas pour les familles palestiniennes. Il n&rsquo;y a pas d&rsquo;\u00e9l\u00e9ments pour s&rsquo;abriter, pas de m\u00e9dicaments, pas d&rsquo;eau potable. Les camions n&rsquo;entrent pas \u00e0 Gaza et les Palestiniens attendent jour apr\u00e8s jour d&rsquo;en savoir plus sur d&rsquo;autres camions. Quoi qu&rsquo;il entre \u00e0 Gaza, cela ne suffit pas. \u00bb<\/p><\/blockquote>\n<p>Entre-temps, l&rsquo;agence de l&rsquo;ONU pour les r\u00e9fugi\u00e9s palestiniens, l&rsquo;UNRWA, a d\u00e9clar\u00e9 qu&rsquo;un enfant sur dix qu&rsquo;elle examine dans ses cliniques souffre de malnutrition.<\/p>\n<blockquote><p>La situation \u00e9tait <em>\u00ab sans pr\u00e9c\u00e9dent dans l&rsquo;enclave \u00bb<\/em>, avant octobre 2023, mais, entre mars et juin, les chiffres ont plus que doubl\u00e9, pour les enfants de moins de cinq ans, au milieu de ce si\u00e8ge quasi total \u00bb,<\/p><\/blockquote>\n<p>a d\u00e9clar\u00e9 l&rsquo;ONU.<\/p>\n<p>La haute responsable des urgences de l&rsquo;agence, Louise Wateridge, a d\u00e9clar\u00e9 le 16 juillet :<\/p>\n<blockquote><p>\u00ab Il devient de plus en plus malais\u00e9 pour nous de continuer de fournir des services. \u00bb<\/p><\/blockquote>\n<p>Au moins 188 installations de l&rsquo;UNRWA, c&rsquo;est-\u00e0-dire, d&rsquo;apr\u00e8s elle, plus de la moiti\u00e9 de toutes les installations de l&rsquo;agence dans la bande de Gaza,<\/p>\n<blockquote><p>\u00ab sont situ\u00e9es au sein de la zone militaris\u00e9e &lsquo;isra\u00e9lienne&rsquo;, plac\u00e9e sous ordonnances de d\u00e9placement ou se trouvant l\u00e0 o\u00f9 chevauchent ces ordonnances \u00bb.<\/p><\/blockquote>\n<p>Pr\u00e8s de 60 pour 100 des fournitures m\u00e9dicales essentielles sont d\u00e9sormais hors de stock, selon l&rsquo;agence de l&rsquo;ONU. \u00ab Des enfants meurent sous nos yeux, parce que nous ne disposons pas des fournitures m\u00e9dicales ou d&rsquo;une alimentation soutenue pour les traiter \u00bb, a d\u00e9clar\u00e9 l&rsquo;UNRWA.<\/p>\n<p>Et, cette semaine, Isra\u00ebl a \u00e9mis une ordonnance mena\u00e7ant d&rsquo;affamer les Palestiniens qui tentent d&rsquo;aller p\u00eacher en mer afin de se nourrir.<\/p>\n<p>Le 12 juillet, l&rsquo;arm\u00e9e a d\u00e9clar\u00e9 qu&rsquo;elle avait impos\u00e9 des restrictions le long du littoral de Gaza et qu&rsquo;elle emp\u00eachait toute entr\u00e9e en mer. L&rsquo;arm\u00e9e a dit qu&rsquo;elle \u00ab s&rsquo;occuperait de toute violation de ces restrictions \u00bb.<\/p>\n<p>&nbsp;<\/p>\n<h3>Un m\u00e9decin assassin\u00e9<\/h3>\n<p>Isra\u00ebl continue de cibler les travailleurs des soins de sant\u00e9 alors que les h\u00f4pitaux et les services d&rsquo;ambulance restent au bord de l&rsquo;effondrement total.<\/p>\n<p>Le directeur g\u00e9n\u00e9ral de la d\u00e9fense civile de la bande de Gaza a annonc\u00e9 le 10 juillet que tous ses v\u00e9hicules avaient d\u00fb cesser de fournir des services de secours aux gens de la ville de Gaza et des zones du nord de la bande du fait que tous avaient besoin de r\u00e9parations et qu&rsquo;ils \u00e9taient compl\u00e8tement d\u00e9pourvus de pi\u00e8ces de rechange, ne serait-ce que pour un entretien rudimentaire.<\/p>\n<p>Un camion de pompiers est tout ce qu&rsquo;il reste pour desservir toute la zone du nord de Gaza.<\/p>\n<p>Dans le sud de Gaza, la d\u00e9fense civile dit que trois de ses six camions de pompiers et quatre de ses six ambulances sont totalement hors service aussi.<\/p>\n<p>Cette semaine, les forces isra\u00e9liennes ont assassin\u00e9 le <strong>Dr Ahmed Atallah Hamed Qandil,<\/strong> l&rsquo;un des plus \u00e9minents m\u00e9decins de Gaza, consultant exp\u00e9riment\u00e9 en m\u00e9decine g\u00e9n\u00e9rale. Il a \u00e9t\u00e9 tu\u00e9 d&rsquo;une frappe de drone qui l&rsquo;a cibl\u00e9 alors qu&rsquo;il rentrait chez lui d&rsquo;avoir travaill\u00e9 \u00e0 l&rsquo;h\u00f4pital arabe <em>Al Ahli<\/em> \u00e0 Gaza m\u00eame.<\/p>\n<p>Cette semaine aussi, l&rsquo;avocat du <strong>Dr Hussam Abu Safiya,<\/strong> qui venait de lui avoir rendu visite \u00e0 la prison isra\u00e9lienne d&rsquo;Ofer, de triste renomm\u00e9e, a mis en garde contre le fait que la sant\u00e9 du m\u00e9decin se d\u00e9t\u00e9riore apr\u00e8s plus de six mois d&rsquo;incarc\u00e9ration et de traitements particuli\u00e8rement brutaux de la part de ses ge\u00f4liers isra\u00e9liens.<\/p>\n<p>Ghaid Qassem, l&rsquo;avocate du m\u00e9decin, a d\u00e9clar\u00e9 que le p\u00e9diatre et directeur de l&rsquo;h\u00f4pital Kamal Adwan, qui avait \u00e9t\u00e9 enlev\u00e9 par les troupes isra\u00e9liennes fin d\u00e9cembre dernier, a perdu aux alentours de 40 kilos en d\u00e9tention.<\/p>\n<blockquote><p>\u00ab Le Dr Hussam Abu Safiya n&rsquo;est pas bien \u00bb,<\/p><\/blockquote>\n<p>a-t-elle \u00e9crit dans un post sur Facebook.<\/p>\n<blockquote><p>\u00ab Ma derni\u00e8re visite date d&rsquo;il y a quelques jours, le 9 juillet. Il a perdu plus de 40 kg \u2013 plus d&rsquo;un tiers \u2013 de son poids. \u00bb<\/p><\/blockquote>\n<p>Qassem a ajout\u00e9 qu&rsquo;il avait \u00e9t\u00e9 battu par les gardiens de prison le 24 juin, le lendemain de la fin de la guerre contre l&rsquo;Iran. Sa cellule avait \u00e9t\u00e9 perquisitionn\u00e9e par les gardiens et il avait \u00e9t\u00e9 violemment battu, entre autres dans les c\u00f4tes.<\/p>\n<p>Il souffrait en outre de vilaines contusions au visage, \u00e0 la t\u00eate, au dos et au cou \u00e9galement. Le tabassage avait dur\u00e9 une trentaine de minutes.<\/p>\n<p>Qassem a ajout\u00e9 qu&rsquo;Abu Safiya avait demand\u00e9 des soins m\u00e9dicaux mais que sa demande avait \u00e9t\u00e9 rejet\u00e9e. Il souffre de pulsations cardiaques irr\u00e9guli\u00e8res, non trait\u00e9es, et derni\u00e8rement on lui a bris\u00e9 ses lunettes.<\/p>\n<p>Elle a encore dit qu&rsquo;Abu Safiya<\/p>\n<blockquote><p>\u00ab portait toujours des v\u00eatements d&rsquo;hiver et qu&rsquo;il devait subir la faim, la torture et l&rsquo;isolement (&#8230;) restant au sous-sol sans la moindre exposition \u00e0 la lumi\u00e8re du soleil. Le Dr Hussam Abu Safiya et le reste des prisonniers palestiniens ne vont vraiment pas bien. \u00bb<\/p><\/blockquote>\n<p>&nbsp;<\/p>\n<h3>Les pogroms des colons en Cisjordanie<\/h3>\n<p>En Cisjordanie occup\u00e9e, les colons isra\u00e9liens continuent d&rsquo;intensifier leurs attaques contre les Palestiniens.<\/p>\n<p>Le 11 juillet, Sayfollah Musallet, 20 ans, a \u00e9t\u00e9 battu \u00e0 mort par une foule de colons juifs \u00e0 Sinjil, pr\u00e8s de Ramallah. Les colons ont \u00e9galement abattu et tu\u00e9 un autre jeune homme de 23 ans, Muhammad al-Shalabi, au cours de cette attaque.<\/p>\n<p>La famille de Musallet a dit que les colons l&rsquo;avaient entour\u00e9 pendant trois heures, au cours de l&rsquo;attaque, et qu&rsquo;ils s&rsquo;en \u00e9taient pris aux param\u00e9dicaux qui tentaient de l&rsquo;atteindre.<\/p>\n<p>Le Comit\u00e9 am\u00e9ricano-arabe contre la discrimination a dit que les \u00c9tats-Unis<\/p>\n<blockquote><p>\u00ab devaient cesser de traiter les vies des Palestino-Am\u00e9ricains comme \u00e9tant n\u00e9gligeables \u00bb.<\/p>\n<p>\u00ab Les colons isra\u00e9liens ont lynch\u00e9 le Palestino-Am\u00e9ricain Sayfollah Musallet, 20 ans, alors que les responsables am\u00e9ricains sont rest\u00e9s silencieux \u00bb,<\/p><\/blockquote>\n<p>a expliqu\u00e9 le groupe de d\u00e9fense dans une d\u00e9claration.<\/p>\n<blockquote><p>\u00ab Sayfollah \u00e9tait n\u00e9 et avait grandi en Floride. Il rendait visite cet \u00e9t\u00e9 \u00e0 sa famille en Cisjordanie quand des colons l&rsquo;ont battu \u00e0 mort alors qu&rsquo;il protestait contre les saisies ill\u00e9gales de terres. \u00bb<\/p><\/blockquote>\n<p>Le cousin de Musallet a d\u00e9clar\u00e9 :<\/p>\n<blockquote><p>\u00ab Nous sommes effondr\u00e9s apr\u00e8s que notre bien-aim\u00e9 Sayfollah Musallet, surnomm\u00e9 Saif, a \u00e9t\u00e9 bestialement battu \u00e0 mort sur la terre de notre famille par des colons isra\u00e9liens ill\u00e9gaux qui tentaient de la voler. Apr\u00e8s que la foule des colons isra\u00e9liens s&rsquo;est retir\u00e9e quelques heures plus tard, le jeune fr\u00e8re de Saif s&rsquo;est h\u00e2t\u00e9 de le transporter vers l&rsquo;ambulance. Mais Saif est mort avant d&rsquo;avoir atteint l&rsquo;h\u00f4pital. \u00bb<\/p><\/blockquote>\n<p>D&rsquo;autres pogroms de colons ont \u00e9t\u00e9 rapport\u00e9s ailleurs en Cisjordanie cette semaine. Le 14 juillet, des colons et des soldats isra\u00e9liens ont lanc\u00e9 plusieurs autres attaques, y compris \u00e0 Bethl\u00e9em, o\u00f9 des colons ont d\u00e9racin\u00e9 des centaines d&rsquo;oliviers au village d&rsquo;al-Maniya, dans le m\u00eame temps que les autorit\u00e9s isra\u00e9liennes d\u00e9molissaient un immeuble r\u00e9sidentiel de quatre \u00e9tages, a rapport\u00e9 Al Jazeera.<\/p>\n<p>Le chef du conseil villageois d&rsquo;al-Maniya a d\u00e9clar\u00e9 \u00e0 l&rsquo;agende de presse Wafa qu&rsquo;un groupe de colons avaient fait irruption dans le centre d&rsquo;al-Maniya, qu&rsquo;ils avaient dress\u00e9 quatre tentes et qu&rsquo;ils avaient d\u00e9racin\u00e9 environ 1 500 jeunes oliviers appartenant \u00e0 des familles palestiniennes.<\/p>\n<p>Le 11 juillet, des colons isra\u00e9liens ont attaqu\u00e9 et bless\u00e9 une fillette palestinienne de 3 ans, lui jetant des pierres \u00e0 la t\u00eate lors d&rsquo;un raid contre le village de Sair, dans les environs de H\u00e9bron. Les colons ont attaqu\u00e9 les r\u00e9sidents alors qu&rsquo;ils se rassemblaient pour c\u00e9l\u00e9brer un mariage.<\/p>\n<p>Les Nations unies ont rapport\u00e9 qu&rsquo;entre le 8 et le 14 juillet, son bureau humanitaire a r\u00e9pertori\u00e9 au moins 30 agressions de colons isra\u00e9liens \u00e0 l&rsquo;encontre de Palestiniens, lesquelles agressions se sont traduites par des pertes en vies humaines et des d\u00e9pr\u00e9dations de biens, ou par les deux en m\u00eame temps.<\/p>\n<p>Ces attaques se sont sold\u00e9es par la mort de deux Palestiniens, l&rsquo;un du chef des colons et l&rsquo;autre dont on ne sait s&rsquo;il a \u00e9t\u00e9 tu\u00e9 par les colons ou par les forces isra\u00e9liennes, a d\u00e9clar\u00e9 l&rsquo;ONU. Quelque 92 autres Palestiniens ont \u00e9galement \u00e9t\u00e9 bless\u00e9s durant ces attaques : 14 par les forces isra\u00e9liennes et 78 par les colons.<\/p>\n<p style=\"text-align: center;\">*****<\/p>\n<p>Publi\u00e9 le 18 juillet 2025 sur<a href=\"https:\/\/electronicintifada.net\/blogs\/nora-barrows-friedman\/israel-bombs-and-starves-gaza-no-end-sight\" target=\"_blank\" rel=\"noopener\"> The Electronic Intifada<\/a><br \/>\nTraduction : Jean-Marie Fl\u00e9mal, <a href=\"https:\/\/electronicintifada.net\/blogs\/nora-barrows-friedman\/israel-bombs-and-starves-gaza-no-end-sight\">Charleroi pour la Palestine<\/a><\/p>\n<p>&nbsp;<\/p>\n","protected":false},"excerpt":{"rendered":"<p>Jusqu&rsquo;\u00e0 pr\u00e9sent, environ 900 personnes ont \u00e9t\u00e9 tu\u00e9es et plus de 5 700 bless\u00e9es depuis que la GHF a entam\u00e9 ses op\u00e9rations sous le pr\u00e9texte de distribuer de l&rsquo;aide, voici sept semaines, en mai dernier.<\/p>\n","protected":false},"author":1,"featured_media":85752,"comment_status":"closed","ping_status":"closed","sticky":false,"template":"","format":"standard","meta":{"ngg_post_thumbnail":0,"footnotes":""},"categories":[989,1024,958,7,884,997,931,6,344,126,140,45,838],"tags":[],"class_list":["post-85751","post","type-post","status-publish","format-standard","has-post-thumbnail","hentry","category-affamement","category-aide-humanitarie","category-bombardements","category-cisjordanie","category-colonies","category-extermination","category-famine","category-gaza","category-genocide","category-israel","category-letat-colonial","category-le-nettoyage-ethique","category-violence-des-colons"],"yoast_head":"<!-- This site is optimized with the Yoast SEO plugin v27.3 - https:\/\/yoast.com\/product\/yoast-seo-wordpress\/ -->\n<title>Isra\u00ebl bombarde et affame Gaza sans perspective d&#039;arr\u00eat<\/title>\n<meta name=\"description\" content=\"Isra\u00ebl a tu\u00e9 pr\u00e8s de 650 Palestiniens et en a bless\u00e9 environ 2 200 entre le 9 et le 16 juillet, selon le minist\u00e8re de la Sant\u00e9 \u00e0 Gaza.\" \/>\n<meta name=\"robots\" content=\"index, follow, max-snippet:-1, max-image-preview:large, max-video-preview:-1\" \/>\n<link rel=\"canonical\" href=\"https:\/\/charleroi-pourlapalestine.be\/index.php\/2025\/07\/19\/israel-bombarde-et-affame-gaza-sans-perspective-darret\/\" \/>\n<script type=\"application\/ld+json\" class=\"yoast-schema-graph\">{\"@context\":\"https:\\\/\\\/schema.org\",\"@graph\":[{\"@type\":\"Article\",\"@id\":\"https:\\\/\\\/charleroi-pourlapalestine.be\\\/index.php\\\/2025\\\/07\\\/19\\\/israel-bombarde-et-affame-gaza-sans-perspective-darret\\\/#article\",\"isPartOf\":{\"@id\":\"https:\\\/\\\/charleroi-pourlapalestine.be\\\/index.php\\\/2025\\\/07\\\/19\\\/israel-bombarde-et-affame-gaza-sans-perspective-darret\\\/\"},\"author\":{\"name\":\"admin1873\",\"@id\":\"https:\\\/\\\/charleroi-pourlapalestine.be\\\/#\\\/schema\\\/person\\\/c19ff515112f1299d8c12671d8fe3faa\"},\"headline\":\"Isra\u00ebl bombarde et affame Gaza sans perspective d&rsquo;arr\u00eat\",\"datePublished\":\"2025-07-19T06:58:10+00:00\",\"dateModified\":\"2025-07-21T12:59:25+00:00\",\"mainEntityOfPage\":{\"@id\":\"https:\\\/\\\/charleroi-pourlapalestine.be\\\/index.php\\\/2025\\\/07\\\/19\\\/israel-bombarde-et-affame-gaza-sans-perspective-darret\\\/\"},\"wordCount\":3300,\"publisher\":{\"@id\":\"https:\\\/\\\/charleroi-pourlapalestine.be\\\/#organization\"},\"image\":{\"@id\":\"https:\\\/\\\/charleroi-pourlapalestine.be\\\/index.php\\\/2025\\\/07\\\/19\\\/israel-bombarde-et-affame-gaza-sans-perspective-darret\\\/#primaryimage\"},\"thumbnailUrl\":\"https:\\\/\\\/charleroi-pourlapalestine.be\\\/wp-content\\\/uploads\\\/2025\\\/07\\\/Israel-continue-de-bombarder-Gaza-et-il-ny-a-pas-darret-en-vue.png\",\"articleSection\":[\"Affamement\",\"Aide humanitarie\",\"Bombardements\",\"Cisjordanie\",\"colonies\",\"Extermination\",\"Famine\",\"Gaza\",\"G\u00e9nocide\",\"Isra\u00ebl\",\"L'Etat colonial\",\"Nettoyage ethnique\",\"violence des colons\"],\"inLanguage\":\"fr-FR\"},{\"@type\":\"WebPage\",\"@id\":\"https:\\\/\\\/charleroi-pourlapalestine.be\\\/index.php\\\/2025\\\/07\\\/19\\\/israel-bombarde-et-affame-gaza-sans-perspective-darret\\\/\",\"url\":\"https:\\\/\\\/charleroi-pourlapalestine.be\\\/index.php\\\/2025\\\/07\\\/19\\\/israel-bombarde-et-affame-gaza-sans-perspective-darret\\\/\",\"name\":\"Isra\u00ebl bombarde et affame Gaza sans perspective d'arr\u00eat\",\"isPartOf\":{\"@id\":\"https:\\\/\\\/charleroi-pourlapalestine.be\\\/#website\"},\"primaryImageOfPage\":{\"@id\":\"https:\\\/\\\/charleroi-pourlapalestine.be\\\/index.php\\\/2025\\\/07\\\/19\\\/israel-bombarde-et-affame-gaza-sans-perspective-darret\\\/#primaryimage\"},\"image\":{\"@id\":\"https:\\\/\\\/charleroi-pourlapalestine.be\\\/index.php\\\/2025\\\/07\\\/19\\\/israel-bombarde-et-affame-gaza-sans-perspective-darret\\\/#primaryimage\"},\"thumbnailUrl\":\"https:\\\/\\\/charleroi-pourlapalestine.be\\\/wp-content\\\/uploads\\\/2025\\\/07\\\/Israel-continue-de-bombarder-Gaza-et-il-ny-a-pas-darret-en-vue.png\",\"datePublished\":\"2025-07-19T06:58:10+00:00\",\"dateModified\":\"2025-07-21T12:59:25+00:00\",\"description\":\"Isra\u00ebl a tu\u00e9 pr\u00e8s de 650 Palestiniens et en a bless\u00e9 environ 2 200 entre le 9 et le 16 juillet, selon le minist\u00e8re de la Sant\u00e9 \u00e0 Gaza.\",\"breadcrumb\":{\"@id\":\"https:\\\/\\\/charleroi-pourlapalestine.be\\\/index.php\\\/2025\\\/07\\\/19\\\/israel-bombarde-et-affame-gaza-sans-perspective-darret\\\/#breadcrumb\"},\"inLanguage\":\"fr-FR\",\"potentialAction\":[{\"@type\":\"ReadAction\",\"target\":[\"https:\\\/\\\/charleroi-pourlapalestine.be\\\/index.php\\\/2025\\\/07\\\/19\\\/israel-bombarde-et-affame-gaza-sans-perspective-darret\\\/\"]}]},{\"@type\":\"ImageObject\",\"inLanguage\":\"fr-FR\",\"@id\":\"https:\\\/\\\/charleroi-pourlapalestine.be\\\/index.php\\\/2025\\\/07\\\/19\\\/israel-bombarde-et-affame-gaza-sans-perspective-darret\\\/#primaryimage\",\"url\":\"https:\\\/\\\/charleroi-pourlapalestine.be\\\/wp-content\\\/uploads\\\/2025\\\/07\\\/Israel-continue-de-bombarder-Gaza-et-il-ny-a-pas-darret-en-vue.png\",\"contentUrl\":\"https:\\\/\\\/charleroi-pourlapalestine.be\\\/wp-content\\\/uploads\\\/2025\\\/07\\\/Israel-continue-de-bombarder-Gaza-et-il-ny-a-pas-darret-en-vue.png\",\"width\":1022,\"height\":678},{\"@type\":\"BreadcrumbList\",\"@id\":\"https:\\\/\\\/charleroi-pourlapalestine.be\\\/index.php\\\/2025\\\/07\\\/19\\\/israel-bombarde-et-affame-gaza-sans-perspective-darret\\\/#breadcrumb\",\"itemListElement\":[{\"@type\":\"ListItem\",\"position\":1,\"name\":\"Accueil\",\"item\":\"https:\\\/\\\/charleroi-pourlapalestine.be\\\/\"},{\"@type\":\"ListItem\",\"position\":2,\"name\":\"Isra\u00ebl bombarde et affame Gaza sans perspective d&rsquo;arr\u00eat\"}]},{\"@type\":\"WebSite\",\"@id\":\"https:\\\/\\\/charleroi-pourlapalestine.be\\\/#website\",\"url\":\"https:\\\/\\\/charleroi-pourlapalestine.be\\\/\",\"name\":\"Charleroi Pour la Palestine\",\"description\":\"\",\"publisher\":{\"@id\":\"https:\\\/\\\/charleroi-pourlapalestine.be\\\/#organization\"},\"potentialAction\":[{\"@type\":\"SearchAction\",\"target\":{\"@type\":\"EntryPoint\",\"urlTemplate\":\"https:\\\/\\\/charleroi-pourlapalestine.be\\\/?s={search_term_string}\"},\"query-input\":{\"@type\":\"PropertyValueSpecification\",\"valueRequired\":true,\"valueName\":\"search_term_string\"}}],\"inLanguage\":\"fr-FR\"},{\"@type\":\"Organization\",\"@id\":\"https:\\\/\\\/charleroi-pourlapalestine.be\\\/#organization\",\"name\":\"Plate-forme Charleroi-Palestine\",\"url\":\"https:\\\/\\\/charleroi-pourlapalestine.be\\\/\",\"logo\":{\"@type\":\"ImageObject\",\"inLanguage\":\"fr-FR\",\"@id\":\"https:\\\/\\\/charleroi-pourlapalestine.be\\\/#\\\/schema\\\/logo\\\/image\\\/\",\"url\":\"https:\\\/\\\/charleroi-pourlapalestine.be\\\/wp-content\\\/uploads\\\/2020\\\/01\\\/logo-Copy.jpg\",\"contentUrl\":\"https:\\\/\\\/charleroi-pourlapalestine.be\\\/wp-content\\\/uploads\\\/2020\\\/01\\\/logo-Copy.jpg\",\"width\":180,\"height\":180,\"caption\":\"Plate-forme Charleroi-Palestine\"},\"image\":{\"@id\":\"https:\\\/\\\/charleroi-pourlapalestine.be\\\/#\\\/schema\\\/logo\\\/image\\\/\"},\"sameAs\":[\"https:\\\/\\\/www.facebook.com\\\/PlateformeCharleroiPalestine\\\/\",\"https:\\\/\\\/x.com\\\/LaCharleroi\"]},{\"@type\":\"Person\",\"@id\":\"https:\\\/\\\/charleroi-pourlapalestine.be\\\/#\\\/schema\\\/person\\\/c19ff515112f1299d8c12671d8fe3faa\",\"name\":\"admin1873\",\"url\":\"https:\\\/\\\/charleroi-pourlapalestine.be\\\/index.php\\\/author\\\/admin1873\\\/\"}]}<\/script>\n<!-- \/ Yoast SEO plugin. -->","yoast_head_json":{"title":"Isra\u00ebl bombarde et affame Gaza sans perspective d'arr\u00eat","description":"Isra\u00ebl a tu\u00e9 pr\u00e8s de 650 Palestiniens et en a bless\u00e9 environ 2 200 entre le 9 et le 16 juillet, selon le minist\u00e8re de la Sant\u00e9 \u00e0 Gaza.","robots":{"index":"index","follow":"follow","max-snippet":"max-snippet:-1","max-image-preview":"max-image-preview:large","max-video-preview":"max-video-preview:-1"},"canonical":"https:\/\/charleroi-pourlapalestine.be\/index.php\/2025\/07\/19\/israel-bombarde-et-affame-gaza-sans-perspective-darret\/","schema":{"@context":"https:\/\/schema.org","@graph":[{"@type":"Article","@id":"https:\/\/charleroi-pourlapalestine.be\/index.php\/2025\/07\/19\/israel-bombarde-et-affame-gaza-sans-perspective-darret\/#article","isPartOf":{"@id":"https:\/\/charleroi-pourlapalestine.be\/index.php\/2025\/07\/19\/israel-bombarde-et-affame-gaza-sans-perspective-darret\/"},"author":{"name":"admin1873","@id":"https:\/\/charleroi-pourlapalestine.be\/#\/schema\/person\/c19ff515112f1299d8c12671d8fe3faa"},"headline":"Isra\u00ebl bombarde et affame Gaza sans perspective d&rsquo;arr\u00eat","datePublished":"2025-07-19T06:58:10+00:00","dateModified":"2025-07-21T12:59:25+00:00","mainEntityOfPage":{"@id":"https:\/\/charleroi-pourlapalestine.be\/index.php\/2025\/07\/19\/israel-bombarde-et-affame-gaza-sans-perspective-darret\/"},"wordCount":3300,"publisher":{"@id":"https:\/\/charleroi-pourlapalestine.be\/#organization"},"image":{"@id":"https:\/\/charleroi-pourlapalestine.be\/index.php\/2025\/07\/19\/israel-bombarde-et-affame-gaza-sans-perspective-darret\/#primaryimage"},"thumbnailUrl":"https:\/\/charleroi-pourlapalestine.be\/wp-content\/uploads\/2025\/07\/Israel-continue-de-bombarder-Gaza-et-il-ny-a-pas-darret-en-vue.png","articleSection":["Affamement","Aide humanitarie","Bombardements","Cisjordanie","colonies","Extermination","Famine","Gaza","G\u00e9nocide","Isra\u00ebl","L'Etat colonial","Nettoyage ethnique","violence des colons"],"inLanguage":"fr-FR"},{"@type":"WebPage","@id":"https:\/\/charleroi-pourlapalestine.be\/index.php\/2025\/07\/19\/israel-bombarde-et-affame-gaza-sans-perspective-darret\/","url":"https:\/\/charleroi-pourlapalestine.be\/index.php\/2025\/07\/19\/israel-bombarde-et-affame-gaza-sans-perspective-darret\/","name":"Isra\u00ebl bombarde et affame Gaza sans perspective d'arr\u00eat","isPartOf":{"@id":"https:\/\/charleroi-pourlapalestine.be\/#website"},"primaryImageOfPage":{"@id":"https:\/\/charleroi-pourlapalestine.be\/index.php\/2025\/07\/19\/israel-bombarde-et-affame-gaza-sans-perspective-darret\/#primaryimage"},"image":{"@id":"https:\/\/charleroi-pourlapalestine.be\/index.php\/2025\/07\/19\/israel-bombarde-et-affame-gaza-sans-perspective-darret\/#primaryimage"},"thumbnailUrl":"https:\/\/charleroi-pourlapalestine.be\/wp-content\/uploads\/2025\/07\/Israel-continue-de-bombarder-Gaza-et-il-ny-a-pas-darret-en-vue.png","datePublished":"2025-07-19T06:58:10+00:00","dateModified":"2025-07-21T12:59:25+00:00","description":"Isra\u00ebl a tu\u00e9 pr\u00e8s de 650 Palestiniens et en a bless\u00e9 environ 2 200 entre le 9 et le 16 juillet, selon le minist\u00e8re de la Sant\u00e9 \u00e0 Gaza.","breadcrumb":{"@id":"https:\/\/charleroi-pourlapalestine.be\/index.php\/2025\/07\/19\/israel-bombarde-et-affame-gaza-sans-perspective-darret\/#breadcrumb"},"inLanguage":"fr-FR","potentialAction":[{"@type":"ReadAction","target":["https:\/\/charleroi-pourlapalestine.be\/index.php\/2025\/07\/19\/israel-bombarde-et-affame-gaza-sans-perspective-darret\/"]}]},{"@type":"ImageObject","inLanguage":"fr-FR","@id":"https:\/\/charleroi-pourlapalestine.be\/index.php\/2025\/07\/19\/israel-bombarde-et-affame-gaza-sans-perspective-darret\/#primaryimage","url":"https:\/\/charleroi-pourlapalestine.be\/wp-content\/uploads\/2025\/07\/Israel-continue-de-bombarder-Gaza-et-il-ny-a-pas-darret-en-vue.png","contentUrl":"https:\/\/charleroi-pourlapalestine.be\/wp-content\/uploads\/2025\/07\/Israel-continue-de-bombarder-Gaza-et-il-ny-a-pas-darret-en-vue.png","width":1022,"height":678},{"@type":"BreadcrumbList","@id":"https:\/\/charleroi-pourlapalestine.be\/index.php\/2025\/07\/19\/israel-bombarde-et-affame-gaza-sans-perspective-darret\/#breadcrumb","itemListElement":[{"@type":"ListItem","position":1,"name":"Accueil","item":"https:\/\/charleroi-pourlapalestine.be\/"},{"@type":"ListItem","position":2,"name":"Isra\u00ebl bombarde et affame Gaza sans perspective d&rsquo;arr\u00eat"}]},{"@type":"WebSite","@id":"https:\/\/charleroi-pourlapalestine.be\/#website","url":"https:\/\/charleroi-pourlapalestine.be\/","name":"Charleroi Pour la Palestine","description":"","publisher":{"@id":"https:\/\/charleroi-pourlapalestine.be\/#organization"},"potentialAction":[{"@type":"SearchAction","target":{"@type":"EntryPoint","urlTemplate":"https:\/\/charleroi-pourlapalestine.be\/?s={search_term_string}"},"query-input":{"@type":"PropertyValueSpecification","valueRequired":true,"valueName":"search_term_string"}}],"inLanguage":"fr-FR"},{"@type":"Organization","@id":"https:\/\/charleroi-pourlapalestine.be\/#organization","name":"Plate-forme Charleroi-Palestine","url":"https:\/\/charleroi-pourlapalestine.be\/","logo":{"@type":"ImageObject","inLanguage":"fr-FR","@id":"https:\/\/charleroi-pourlapalestine.be\/#\/schema\/logo\/image\/","url":"https:\/\/charleroi-pourlapalestine.be\/wp-content\/uploads\/2020\/01\/logo-Copy.jpg","contentUrl":"https:\/\/charleroi-pourlapalestine.be\/wp-content\/uploads\/2020\/01\/logo-Copy.jpg","width":180,"height":180,"caption":"Plate-forme Charleroi-Palestine"},"image":{"@id":"https:\/\/charleroi-pourlapalestine.be\/#\/schema\/logo\/image\/"},"sameAs":["https:\/\/www.facebook.com\/PlateformeCharleroiPalestine\/","https:\/\/x.com\/LaCharleroi"]},{"@type":"Person","@id":"https:\/\/charleroi-pourlapalestine.be\/#\/schema\/person\/c19ff515112f1299d8c12671d8fe3faa","name":"admin1873","url":"https:\/\/charleroi-pourlapalestine.be\/index.php\/author\/admin1873\/"}]}},"_links":{"self":[{"href":"https:\/\/charleroi-pourlapalestine.be\/index.php\/wp-json\/wp\/v2\/posts\/85751","targetHints":{"allow":["GET"]}}],"collection":[{"href":"https:\/\/charleroi-pourlapalestine.be\/index.php\/wp-json\/wp\/v2\/posts"}],"about":[{"href":"https:\/\/charleroi-pourlapalestine.be\/index.php\/wp-json\/wp\/v2\/types\/post"}],"author":[{"embeddable":true,"href":"https:\/\/charleroi-pourlapalestine.be\/index.php\/wp-json\/wp\/v2\/users\/1"}],"replies":[{"embeddable":true,"href":"https:\/\/charleroi-pourlapalestine.be\/index.php\/wp-json\/wp\/v2\/comments?post=85751"}],"version-history":[{"count":0,"href":"https:\/\/charleroi-pourlapalestine.be\/index.php\/wp-json\/wp\/v2\/posts\/85751\/revisions"}],"wp:featuredmedia":[{"embeddable":true,"href":"https:\/\/charleroi-pourlapalestine.be\/index.php\/wp-json\/wp\/v2\/media\/85752"}],"wp:attachment":[{"href":"https:\/\/charleroi-pourlapalestine.be\/index.php\/wp-json\/wp\/v2\/media?parent=85751"}],"wp:term":[{"taxonomy":"category","embeddable":true,"href":"https:\/\/charleroi-pourlapalestine.be\/index.php\/wp-json\/wp\/v2\/categories?post=85751"},{"taxonomy":"post_tag","embeddable":true,"href":"https:\/\/charleroi-pourlapalestine.be\/index.php\/wp-json\/wp\/v2\/tags?post=85751"}],"curies":[{"name":"wp","href":"https:\/\/api.w.org\/{rel}","templated":true}]}}