{"id":8630,"date":"2012-10-28T19:11:00","date_gmt":"2012-10-28T18:11:00","guid":{"rendered":"https:\/\/charleroi-pourlapalestine.be\/?p=8630"},"modified":"2020-03-15T12:17:01","modified_gmt":"2020-03-15T11:17:01","slug":"lapartheid-des-le-jardin-denfants","status":"publish","type":"post","link":"https:\/\/charleroi-pourlapalestine.be\/index.php\/2012\/10\/28\/lapartheid-des-le-jardin-denfants\/","title":{"rendered":"L\u2019apartheid d\u00e8s le jardin d\u2019enfants"},"content":{"rendered":"<div class=\"entry-content mh-clearfix\">\n<figure class=\"entry-thumbnail\"><figcaption class=\"wp-caption-text\"><\/figcaption><\/figure>\n<div class=\"pf-content\">\n<p>Il y a quelques jours \u00e0 peine, le quotidien<strong> Haaretz <\/strong>publiait les r\u00e9sultats d\u00e9rangeants \u2013 bien que non surprenants \u2013 d\u2019un sondage effectu\u00e9 parmi des Isra\u00e9liens juifs et r\u00e9v\u00e9lant que la plupart des Isra\u00e9liens soutenaient le r\u00e9gime d\u2019apartheid en Isra\u00ebl.<\/p>\n<p>Parmi les nombreuses donn\u00e9es d\u00e9rangeantes de ce sondage, nous relevons que 42% des personnes interrog\u00e9es ne veulent pas vivre dans un immeuble \u00e9galement occup\u00e9 par des <strong>Arabes<\/strong> et que 42% ne veulent pas non plus que leurs enfants aient des condisciples arabes dans leur classe.<\/p>\n<figure id=\"attachment_2970\" class=\"wp-caption alignright\" aria-describedby=\"caption-attachment-2970\">\n<p><div id=\"attachment_2970\" style=\"width: 476px\" class=\"wp-caption aligncenter\"><a class=\"fancybox image\" href=\"https:\/\/www.pourlapalestine.be\/wp-content\/uploads\/2015\/10\/nazareth.kind_.jpg\"><img loading=\"lazy\" decoding=\"async\" aria-describedby=\"caption-attachment-2970\" class=\"wp-image-2970 size-full\" src=\"https:\/\/www.pourlapalestine.be\/wp-content\/uploads\/2015\/10\/nazareth.kind_.jpg\" sizes=\"auto, (max-width: 466px) 100vw, 466px\" srcset=\"https:\/\/www.pourlapalestine.be\/wp-content\/uploads\/2015\/10\/nazareth.kind_.jpg 466w, https:\/\/www.pourlapalestine.be\/wp-content\/uploads\/2015\/10\/nazareth.kind_-400x233.jpg 400w\" alt=\"Le jardin d'enfants Lilach \u00e0 Nazareth Illit. (Photo : Eran Gilvarg\/Walla News)\" width=\"466\" height=\"271\"><\/a><p id=\"caption-attachment-2970\" class=\"wp-caption-text\">Le jardin d\u2019enfants Lilach \u00e0 Nazareth Illit. (Photo : Eran Gilvarg\/Walla News)<\/p><\/div><\/figure>\n<figure class=\"wp-caption alignright\" aria-describedby=\"caption-attachment-2970\"><\/figure>\n<p>&nbsp;<\/p>\n<p>&nbsp;<\/p>\n<p>&nbsp;<\/p>\n<p>&nbsp;<\/p>\n<p>&nbsp;<\/p>\n<p>&nbsp;<\/p>\n<p>&nbsp;<\/p>\n<p>Assez rapidement, on a pu en voir des exemples dans la r\u00e9alit\u00e9. Selon le site d\u2019information de <strong>Walla<\/strong> sur Internet, les parents d\u2019enfants juifs du jardin d\u2019enfants \u00ab&nbsp;<strong>Lilach&nbsp;<\/strong>\u00bb,&nbsp; \u00e0 <strong>Nazareth Illit<\/strong>, menacent de faire gr\u00e8ve et de fermer le jardin d\u2019enfants si celui-ci int\u00e8gre un projet qui rassemblera des enfants arabes et juifs.<\/p>\n<p>Le jardin d\u2019enfants \u00ab<strong> Lilach<\/strong> \u00bb, dans la ville de <strong>Nazareth Illit<\/strong>, a \u00e9t\u00e9 inclus dans le projet pilote du minist\u00e8re isra\u00e9lien de l\u2019\u00c9ducation.<\/p>\n<p>Le nouveau projet, \u00ab <em>Conna\u00eetre ce qui est diff\u00e9rent <\/em>\u00bb, est destin\u00e9 \u00e0 cr\u00e9er des liens entre <strong>Juifs <\/strong>et <strong>Arabes<\/strong> afin de promouvoir la \u00ab <em>coexistence<\/em> \u00bb.<\/p>\n<p>En tant que composante de ce projet, \u00ab<strong> Lilach<\/strong> \u00bb va accueillir chaque semaine les enfants du jardin d\u2019enfants \u00ab&nbsp;<strong>Nitsan&nbsp;<\/strong>\u00bb, auquel des familles palestiniennes de <strong>Nazareth Illit <\/strong>confient leurs enfants.<\/p>\n<p>Le projet cherche \u00e0 mettre en contact les enfants avec la culture des deux c\u00f4t\u00e9s et \u00e0 promouvoir la coop\u00e9ration \u00e9ducationnelle entre les deux.<\/p>\n<p>Les parents des enfants juifs tentent d\u2019emp\u00eacher la r\u00e9alisation de ce projet de toutes les mani\u00e8res possibles.<\/p>\n<p>Le pr\u00e9sident du comit\u00e9 des parents a confi\u00e9 \u00e0<strong> Walla&nbsp;<\/strong>: \u00ab<em> Je ne collaborerai en aucun cas \u00e0 ce que ma famille apprennent les us et coutumes de la communaut\u00e9 arabe.&nbsp;<\/em>\u00bb<\/p>\n<p>Et d\u2019ajouter&nbsp;: <em>\u00ab&nbsp;Pour moi, c\u2019est d\u00e9j\u00e0 assez que nous vivions \u00e0 proximit\u00e9 les unes des autres, il n\u2019est nullement n\u00e9cessaire que nos enfants soient \u00e9duqu\u00e9s en compagnie d\u2019enfants arabes.&nbsp;\u00bb<\/em><\/p>\n<p>L\u2019une des m\u00e8res a surench\u00e9ri :<em> \u00ab Je ne comprends pas pourquoi mon fils devrait apprendre les traditions de No\u00ebl ou d\u2019autres coutumes non juives. Nous vivons en <strong>Isra\u00ebl, <\/strong>un pays \u00e0 caract\u00e8re juif. Je ne vois pas l\u2019utilit\u00e9 de tenter d\u2019\u00e9duquer nos enfants de fa\u00e7on diff\u00e9rente.&nbsp;<\/em>\u00bb<\/p>\n<p>Les parents juifs ont fait appel au rabbin de <strong>Nazareth Illit<\/strong>, <strong>Rabbi Yesha\u2019yahu Herzel<\/strong>, lui demandant de convaincre le maire, <strong>Shimon Gabso<\/strong>, d\u2019annuler le projet. Le rabbin a expliqu\u00e9 \u00e0 l\u2019adresse de <strong>Walla&nbsp;<\/strong>: \u00ab&nbsp;<em>On a examin\u00e9 la question. Je comprends le d\u00e9sir des parents. Nous avons suffisamment de probl\u00e8mes d\u2019int\u00e9gration dans notre propre nation.&nbsp;\u00bb<\/em><\/p>\n<p>Il a ensuite expliqu\u00e9&nbsp;: <em>\u00ab&nbsp;Les parents sont pr\u00e9occup\u00e9s du fait que ce genre de relations pourraient cr\u00e9er des probl\u00e8mes, \u00e0 l\u2019avenir, tels que l\u2019assimilation ou le contact de nourritures non kasher.&nbsp;\u00bb <\/em><\/p>\n<p>Le comit\u00e9 des parents a menac\u00e9 le conseil local et le minist\u00e8re de l\u2019\u00c9ducation de cl\u00f4turer l\u2019ann\u00e9e scolaire et de fermer le jardin d\u2019enfants si on ne trouvait pas de solution.<em> \u00ab&nbsp;Nous voulons \u00e9tablir une s\u00e9paration compl\u00e8te, dans le jardin d\u2019enfants&nbsp;\u00bb, <\/em>a expliqu\u00e9 le pr\u00e9sident du comit\u00e9.<\/p>\n<p>Les parents ont le soutien d\u2019un personnage \u00e9lu de la ville, <strong>Wolf Hartmann<\/strong>, membre du conseil municipal et candidat \u00e0 la mairie, qui a d\u00e9clar\u00e9&nbsp;: \u00ab&nbsp;<em>Nous consid\u00e9rons ce probl\u00e8me comme tr\u00e8s grave. J\u2019adresserai une demande au ministre de l\u2019\u00c9ducation et lui pr\u00e9senterai la gravit\u00e9 du probl\u00e8me. Je ne doute pas que ce projet soit annul\u00e9.&nbsp;\u00bb<\/em><\/p>\n<p><strong>Nazareth Illit<\/strong> (Nazareth \u00ab<em> ville haute <\/em>\u00bb) a \u00e9t\u00e9 cr\u00e9\u00e9 au milieu des ann\u00e9es 1950 comme colonie juive sur des terres confisqu\u00e9es \u00e0 la municipalit\u00e9 du <strong>grand Nazareth<\/strong> et des villages palestiniens avoisinants.<\/p>\n<p>Au fil des ann\u00e9es, nombre de familles palestiniennes sont all\u00e9es r\u00e9sider \u00e0 <strong>Nazareth Illit<\/strong>.<\/p>\n<p>On estime qu\u2019elles composent aujourd\u2019hui quelque 20% de la population de la ville, ce qui est per\u00e7u par de nombreux mouvements et personnalit\u00e9s racistes comme une \u00ab&nbsp;<em>menace&nbsp;<\/em>\u00bb au caract\u00e8re juif de la ville.<\/p>\n<p>Vous pouvez en savoir plus \u00e0 propos de la ville, <a href=\"https:\/\/electronicintifada.net\/blogs\/ben-white\/initiative-upper-nazareth-10000-every-arab-family-leaves\" target=\"_blank\" rel=\"noopener noreferrer\">\u00e0 propos d\u2019une autre cas de racisme<\/a>. (en anglais).<\/p>\n<p>Si tel est l\u2019environnement dans lequel les enfants juifs sont \u00e9lev\u00e9s, outre le syst\u00e8me \u00e9ducatif qui leur enseigne la haine et la soci\u00e9t\u00e9 militariste dans laquelle ces m\u00eames enfants naissent, il n\u2019est gu\u00e8re \u00e9tonnant que la majeure partie des <strong>Isra\u00e9liens<\/strong> soutiennent l\u2019apartheid.<\/p>\n<hr>\n<p>Cet article a \u00e9t\u00e9 publi\u00e9 la premi\u00e8re fois le 26 octobre 2012 par<a href=\"https:\/\/abirkopty.wordpress.com\/2012\/10\/26\/natzrat-ilit-there-is-no-need-for-our-children-to-be-educated-with-arabs\/\"> AbirKopty.wordpress.com<\/a>.<\/p>\n<div id=\"attachment_9199\" style=\"width: 160px\" class=\"wp-caption alignleft\"><img loading=\"lazy\" decoding=\"async\" aria-describedby=\"caption-attachment-9199\" class=\"wp-image-9199 size-thumbnail\" src=\"https:\/\/charleroi-pourlapalestine.be\/wp-content\/uploads\/2012\/10\/abir-kopty-150x150.jpg\" alt=\"Abir Kopty\" width=\"150\" height=\"150\"><p id=\"caption-attachment-9199\" class=\"wp-caption-text\">Abir Kopty<\/p><\/div>\n<p><strong>Abir Kopty<\/strong> est une activiste palestinienne membre de plusieurs mouvements et organisations favorables au changement social portant surtout leur attention sur le f\u00e9minisme, les droits de l\u2019homme et la lutte pour mettre un terme \u00e0 l\u2019occupation de la <strong>Palestine<\/strong> par <strong>Isra\u00ebl<\/strong>.<\/p>\n<p>Elle travaille comme analyste et consultante des m\u00e9dias et a nagu\u00e8re \u00e9t\u00e9 membre du conseil municipal de <strong>Nazareth<\/strong> et porte-parole de <strong>Mossawa<\/strong>, le Centre de promotion des citoyens arabes en Isra\u00ebl.<\/p>\n<p>Elle d\u00e9tient une ma\u00eetrise en communication sociale de l\u2019Universit\u00e9 de la Ville de <strong>Londres<\/strong>.<\/p>\n<p><a href=\"https:\/\/charleroi-pourlapalestine.be\/index.php\/tag\/abir-kopty\/\">Trouvez ici d&rsquo;autres articles d&rsquo;Abir Kopty, publi\u00e9s sur ce site<\/a><\/p>\n<\/div>\n<\/div>\n","protected":false},"excerpt":{"rendered":"<p>Les parents d\u2019enfants juifs du jardin d\u2019enfants\u00a0Lilach \u00e0 Nazareth Illit, veulent fermer le jardin d\u2019enfants s&rsquo;il rassemblerait des enfants arabes et juifs.<\/p>\n","protected":false},"author":1,"featured_media":9205,"comment_status":"closed","ping_status":"closed","sticky":false,"template":"","format":"standard","meta":{"ngg_post_thumbnail":0,"footnotes":""},"categories":[44,17,42,91],"tags":[],"class_list":["post-8630","post","type-post","status-publish","format-standard","has-post-thumbnail","hentry","category-lappartheid","category-les-enfants-jeunes","category-letat-juif","category-racisme"],"yoast_head":"<!-- This site is optimized with the Yoast SEO plugin v27.3 - https:\/\/yoast.com\/product\/yoast-seo-wordpress\/ -->\n<title>L\u2019apartheid d\u00e8s le jardin d\u2019enfants - Charleroi Pour la Palestine<\/title>\n<meta name=\"description\" content=\"Les parents d\u2019enfants juifs du jardin d\u2019enfants\u00a0Lilach \u00e0 Nazareth Illit, veulent fermer le jardin d\u2019enfants s&#039;il rassemblerait des enfants arabes et juifs.\" \/>\n<meta name=\"robots\" content=\"index, follow, max-snippet:-1, max-image-preview:large, max-video-preview:-1\" \/>\n<link rel=\"canonical\" href=\"https:\/\/charleroi-pourlapalestine.be\/index.php\/2012\/10\/28\/lapartheid-des-le-jardin-denfants\/\" \/>\n<script type=\"application\/ld+json\" class=\"yoast-schema-graph\">{\"@context\":\"https:\\\/\\\/schema.org\",\"@graph\":[{\"@type\":\"Article\",\"@id\":\"https:\\\/\\\/charleroi-pourlapalestine.be\\\/index.php\\\/2012\\\/10\\\/28\\\/lapartheid-des-le-jardin-denfants\\\/#article\",\"isPartOf\":{\"@id\":\"https:\\\/\\\/charleroi-pourlapalestine.be\\\/index.php\\\/2012\\\/10\\\/28\\\/lapartheid-des-le-jardin-denfants\\\/\"},\"author\":{\"name\":\"admin1873\",\"@id\":\"https:\\\/\\\/charleroi-pourlapalestine.be\\\/#\\\/schema\\\/person\\\/c19ff515112f1299d8c12671d8fe3faa\"},\"headline\":\"L\u2019apartheid d\u00e8s le jardin d\u2019enfants\",\"datePublished\":\"2012-10-28T18:11:00+00:00\",\"dateModified\":\"2020-03-15T11:17:01+00:00\",\"mainEntityOfPage\":{\"@id\":\"https:\\\/\\\/charleroi-pourlapalestine.be\\\/index.php\\\/2012\\\/10\\\/28\\\/lapartheid-des-le-jardin-denfants\\\/\"},\"wordCount\":956,\"publisher\":{\"@id\":\"https:\\\/\\\/charleroi-pourlapalestine.be\\\/#organization\"},\"image\":{\"@id\":\"https:\\\/\\\/charleroi-pourlapalestine.be\\\/index.php\\\/2012\\\/10\\\/28\\\/lapartheid-des-le-jardin-denfants\\\/#primaryimage\"},\"thumbnailUrl\":\"https:\\\/\\\/charleroi-pourlapalestine.be\\\/wp-content\\\/uploads\\\/2012\\\/10\\\/nazareth.kind_.jpg\",\"articleSection\":[\"Apartheid\",\"Enfants\",\"Etat juif\",\"Racisme\"],\"inLanguage\":\"fr-FR\"},{\"@type\":\"WebPage\",\"@id\":\"https:\\\/\\\/charleroi-pourlapalestine.be\\\/index.php\\\/2012\\\/10\\\/28\\\/lapartheid-des-le-jardin-denfants\\\/\",\"url\":\"https:\\\/\\\/charleroi-pourlapalestine.be\\\/index.php\\\/2012\\\/10\\\/28\\\/lapartheid-des-le-jardin-denfants\\\/\",\"name\":\"L\u2019apartheid d\u00e8s le jardin d\u2019enfants - Charleroi Pour la Palestine\",\"isPartOf\":{\"@id\":\"https:\\\/\\\/charleroi-pourlapalestine.be\\\/#website\"},\"primaryImageOfPage\":{\"@id\":\"https:\\\/\\\/charleroi-pourlapalestine.be\\\/index.php\\\/2012\\\/10\\\/28\\\/lapartheid-des-le-jardin-denfants\\\/#primaryimage\"},\"image\":{\"@id\":\"https:\\\/\\\/charleroi-pourlapalestine.be\\\/index.php\\\/2012\\\/10\\\/28\\\/lapartheid-des-le-jardin-denfants\\\/#primaryimage\"},\"thumbnailUrl\":\"https:\\\/\\\/charleroi-pourlapalestine.be\\\/wp-content\\\/uploads\\\/2012\\\/10\\\/nazareth.kind_.jpg\",\"datePublished\":\"2012-10-28T18:11:00+00:00\",\"dateModified\":\"2020-03-15T11:17:01+00:00\",\"description\":\"Les parents d\u2019enfants juifs du jardin d\u2019enfants\u00a0Lilach \u00e0 Nazareth Illit, veulent fermer le jardin d\u2019enfants s'il rassemblerait des enfants arabes et juifs.\",\"breadcrumb\":{\"@id\":\"https:\\\/\\\/charleroi-pourlapalestine.be\\\/index.php\\\/2012\\\/10\\\/28\\\/lapartheid-des-le-jardin-denfants\\\/#breadcrumb\"},\"inLanguage\":\"fr-FR\",\"potentialAction\":[{\"@type\":\"ReadAction\",\"target\":[\"https:\\\/\\\/charleroi-pourlapalestine.be\\\/index.php\\\/2012\\\/10\\\/28\\\/lapartheid-des-le-jardin-denfants\\\/\"]}]},{\"@type\":\"ImageObject\",\"inLanguage\":\"fr-FR\",\"@id\":\"https:\\\/\\\/charleroi-pourlapalestine.be\\\/index.php\\\/2012\\\/10\\\/28\\\/lapartheid-des-le-jardin-denfants\\\/#primaryimage\",\"url\":\"https:\\\/\\\/charleroi-pourlapalestine.be\\\/wp-content\\\/uploads\\\/2012\\\/10\\\/nazareth.kind_.jpg\",\"contentUrl\":\"https:\\\/\\\/charleroi-pourlapalestine.be\\\/wp-content\\\/uploads\\\/2012\\\/10\\\/nazareth.kind_.jpg\",\"width\":466,\"height\":271},{\"@type\":\"BreadcrumbList\",\"@id\":\"https:\\\/\\\/charleroi-pourlapalestine.be\\\/index.php\\\/2012\\\/10\\\/28\\\/lapartheid-des-le-jardin-denfants\\\/#breadcrumb\",\"itemListElement\":[{\"@type\":\"ListItem\",\"position\":1,\"name\":\"Accueil\",\"item\":\"https:\\\/\\\/charleroi-pourlapalestine.be\\\/\"},{\"@type\":\"ListItem\",\"position\":2,\"name\":\"L\u2019apartheid d\u00e8s le jardin d\u2019enfants\"}]},{\"@type\":\"WebSite\",\"@id\":\"https:\\\/\\\/charleroi-pourlapalestine.be\\\/#website\",\"url\":\"https:\\\/\\\/charleroi-pourlapalestine.be\\\/\",\"name\":\"Charleroi Pour la Palestine\",\"description\":\"\",\"publisher\":{\"@id\":\"https:\\\/\\\/charleroi-pourlapalestine.be\\\/#organization\"},\"potentialAction\":[{\"@type\":\"SearchAction\",\"target\":{\"@type\":\"EntryPoint\",\"urlTemplate\":\"https:\\\/\\\/charleroi-pourlapalestine.be\\\/?s={search_term_string}\"},\"query-input\":{\"@type\":\"PropertyValueSpecification\",\"valueRequired\":true,\"valueName\":\"search_term_string\"}}],\"inLanguage\":\"fr-FR\"},{\"@type\":\"Organization\",\"@id\":\"https:\\\/\\\/charleroi-pourlapalestine.be\\\/#organization\",\"name\":\"Plate-forme Charleroi-Palestine\",\"url\":\"https:\\\/\\\/charleroi-pourlapalestine.be\\\/\",\"logo\":{\"@type\":\"ImageObject\",\"inLanguage\":\"fr-FR\",\"@id\":\"https:\\\/\\\/charleroi-pourlapalestine.be\\\/#\\\/schema\\\/logo\\\/image\\\/\",\"url\":\"https:\\\/\\\/charleroi-pourlapalestine.be\\\/wp-content\\\/uploads\\\/2020\\\/01\\\/logo-Copy.jpg\",\"contentUrl\":\"https:\\\/\\\/charleroi-pourlapalestine.be\\\/wp-content\\\/uploads\\\/2020\\\/01\\\/logo-Copy.jpg\",\"width\":180,\"height\":180,\"caption\":\"Plate-forme Charleroi-Palestine\"},\"image\":{\"@id\":\"https:\\\/\\\/charleroi-pourlapalestine.be\\\/#\\\/schema\\\/logo\\\/image\\\/\"},\"sameAs\":[\"https:\\\/\\\/www.facebook.com\\\/PlateformeCharleroiPalestine\\\/\",\"https:\\\/\\\/x.com\\\/LaCharleroi\"]},{\"@type\":\"Person\",\"@id\":\"https:\\\/\\\/charleroi-pourlapalestine.be\\\/#\\\/schema\\\/person\\\/c19ff515112f1299d8c12671d8fe3faa\",\"name\":\"admin1873\",\"url\":\"https:\\\/\\\/charleroi-pourlapalestine.be\\\/index.php\\\/author\\\/admin1873\\\/\"}]}<\/script>\n<!-- \/ Yoast SEO plugin. -->","yoast_head_json":{"title":"L\u2019apartheid d\u00e8s le jardin d\u2019enfants - Charleroi Pour la Palestine","description":"Les parents d\u2019enfants juifs du jardin d\u2019enfants\u00a0Lilach \u00e0 Nazareth Illit, veulent fermer le jardin d\u2019enfants s'il rassemblerait des enfants arabes et juifs.","robots":{"index":"index","follow":"follow","max-snippet":"max-snippet:-1","max-image-preview":"max-image-preview:large","max-video-preview":"max-video-preview:-1"},"canonical":"https:\/\/charleroi-pourlapalestine.be\/index.php\/2012\/10\/28\/lapartheid-des-le-jardin-denfants\/","schema":{"@context":"https:\/\/schema.org","@graph":[{"@type":"Article","@id":"https:\/\/charleroi-pourlapalestine.be\/index.php\/2012\/10\/28\/lapartheid-des-le-jardin-denfants\/#article","isPartOf":{"@id":"https:\/\/charleroi-pourlapalestine.be\/index.php\/2012\/10\/28\/lapartheid-des-le-jardin-denfants\/"},"author":{"name":"admin1873","@id":"https:\/\/charleroi-pourlapalestine.be\/#\/schema\/person\/c19ff515112f1299d8c12671d8fe3faa"},"headline":"L\u2019apartheid d\u00e8s le jardin d\u2019enfants","datePublished":"2012-10-28T18:11:00+00:00","dateModified":"2020-03-15T11:17:01+00:00","mainEntityOfPage":{"@id":"https:\/\/charleroi-pourlapalestine.be\/index.php\/2012\/10\/28\/lapartheid-des-le-jardin-denfants\/"},"wordCount":956,"publisher":{"@id":"https:\/\/charleroi-pourlapalestine.be\/#organization"},"image":{"@id":"https:\/\/charleroi-pourlapalestine.be\/index.php\/2012\/10\/28\/lapartheid-des-le-jardin-denfants\/#primaryimage"},"thumbnailUrl":"https:\/\/charleroi-pourlapalestine.be\/wp-content\/uploads\/2012\/10\/nazareth.kind_.jpg","articleSection":["Apartheid","Enfants","Etat juif","Racisme"],"inLanguage":"fr-FR"},{"@type":"WebPage","@id":"https:\/\/charleroi-pourlapalestine.be\/index.php\/2012\/10\/28\/lapartheid-des-le-jardin-denfants\/","url":"https:\/\/charleroi-pourlapalestine.be\/index.php\/2012\/10\/28\/lapartheid-des-le-jardin-denfants\/","name":"L\u2019apartheid d\u00e8s le jardin d\u2019enfants - Charleroi Pour la Palestine","isPartOf":{"@id":"https:\/\/charleroi-pourlapalestine.be\/#website"},"primaryImageOfPage":{"@id":"https:\/\/charleroi-pourlapalestine.be\/index.php\/2012\/10\/28\/lapartheid-des-le-jardin-denfants\/#primaryimage"},"image":{"@id":"https:\/\/charleroi-pourlapalestine.be\/index.php\/2012\/10\/28\/lapartheid-des-le-jardin-denfants\/#primaryimage"},"thumbnailUrl":"https:\/\/charleroi-pourlapalestine.be\/wp-content\/uploads\/2012\/10\/nazareth.kind_.jpg","datePublished":"2012-10-28T18:11:00+00:00","dateModified":"2020-03-15T11:17:01+00:00","description":"Les parents d\u2019enfants juifs du jardin d\u2019enfants\u00a0Lilach \u00e0 Nazareth Illit, veulent fermer le jardin d\u2019enfants s'il rassemblerait des enfants arabes et juifs.","breadcrumb":{"@id":"https:\/\/charleroi-pourlapalestine.be\/index.php\/2012\/10\/28\/lapartheid-des-le-jardin-denfants\/#breadcrumb"},"inLanguage":"fr-FR","potentialAction":[{"@type":"ReadAction","target":["https:\/\/charleroi-pourlapalestine.be\/index.php\/2012\/10\/28\/lapartheid-des-le-jardin-denfants\/"]}]},{"@type":"ImageObject","inLanguage":"fr-FR","@id":"https:\/\/charleroi-pourlapalestine.be\/index.php\/2012\/10\/28\/lapartheid-des-le-jardin-denfants\/#primaryimage","url":"https:\/\/charleroi-pourlapalestine.be\/wp-content\/uploads\/2012\/10\/nazareth.kind_.jpg","contentUrl":"https:\/\/charleroi-pourlapalestine.be\/wp-content\/uploads\/2012\/10\/nazareth.kind_.jpg","width":466,"height":271},{"@type":"BreadcrumbList","@id":"https:\/\/charleroi-pourlapalestine.be\/index.php\/2012\/10\/28\/lapartheid-des-le-jardin-denfants\/#breadcrumb","itemListElement":[{"@type":"ListItem","position":1,"name":"Accueil","item":"https:\/\/charleroi-pourlapalestine.be\/"},{"@type":"ListItem","position":2,"name":"L\u2019apartheid d\u00e8s le jardin d\u2019enfants"}]},{"@type":"WebSite","@id":"https:\/\/charleroi-pourlapalestine.be\/#website","url":"https:\/\/charleroi-pourlapalestine.be\/","name":"Charleroi Pour la Palestine","description":"","publisher":{"@id":"https:\/\/charleroi-pourlapalestine.be\/#organization"},"potentialAction":[{"@type":"SearchAction","target":{"@type":"EntryPoint","urlTemplate":"https:\/\/charleroi-pourlapalestine.be\/?s={search_term_string}"},"query-input":{"@type":"PropertyValueSpecification","valueRequired":true,"valueName":"search_term_string"}}],"inLanguage":"fr-FR"},{"@type":"Organization","@id":"https:\/\/charleroi-pourlapalestine.be\/#organization","name":"Plate-forme Charleroi-Palestine","url":"https:\/\/charleroi-pourlapalestine.be\/","logo":{"@type":"ImageObject","inLanguage":"fr-FR","@id":"https:\/\/charleroi-pourlapalestine.be\/#\/schema\/logo\/image\/","url":"https:\/\/charleroi-pourlapalestine.be\/wp-content\/uploads\/2020\/01\/logo-Copy.jpg","contentUrl":"https:\/\/charleroi-pourlapalestine.be\/wp-content\/uploads\/2020\/01\/logo-Copy.jpg","width":180,"height":180,"caption":"Plate-forme Charleroi-Palestine"},"image":{"@id":"https:\/\/charleroi-pourlapalestine.be\/#\/schema\/logo\/image\/"},"sameAs":["https:\/\/www.facebook.com\/PlateformeCharleroiPalestine\/","https:\/\/x.com\/LaCharleroi"]},{"@type":"Person","@id":"https:\/\/charleroi-pourlapalestine.be\/#\/schema\/person\/c19ff515112f1299d8c12671d8fe3faa","name":"admin1873","url":"https:\/\/charleroi-pourlapalestine.be\/index.php\/author\/admin1873\/"}]}},"_links":{"self":[{"href":"https:\/\/charleroi-pourlapalestine.be\/index.php\/wp-json\/wp\/v2\/posts\/8630","targetHints":{"allow":["GET"]}}],"collection":[{"href":"https:\/\/charleroi-pourlapalestine.be\/index.php\/wp-json\/wp\/v2\/posts"}],"about":[{"href":"https:\/\/charleroi-pourlapalestine.be\/index.php\/wp-json\/wp\/v2\/types\/post"}],"author":[{"embeddable":true,"href":"https:\/\/charleroi-pourlapalestine.be\/index.php\/wp-json\/wp\/v2\/users\/1"}],"replies":[{"embeddable":true,"href":"https:\/\/charleroi-pourlapalestine.be\/index.php\/wp-json\/wp\/v2\/comments?post=8630"}],"version-history":[{"count":0,"href":"https:\/\/charleroi-pourlapalestine.be\/index.php\/wp-json\/wp\/v2\/posts\/8630\/revisions"}],"wp:featuredmedia":[{"embeddable":true,"href":"https:\/\/charleroi-pourlapalestine.be\/index.php\/wp-json\/wp\/v2\/media\/9205"}],"wp:attachment":[{"href":"https:\/\/charleroi-pourlapalestine.be\/index.php\/wp-json\/wp\/v2\/media?parent=8630"}],"wp:term":[{"taxonomy":"category","embeddable":true,"href":"https:\/\/charleroi-pourlapalestine.be\/index.php\/wp-json\/wp\/v2\/categories?post=8630"},{"taxonomy":"post_tag","embeddable":true,"href":"https:\/\/charleroi-pourlapalestine.be\/index.php\/wp-json\/wp\/v2\/tags?post=8630"}],"curies":[{"name":"wp","href":"https:\/\/api.w.org\/{rel}","templated":true}]}}