{"id":86564,"date":"2025-09-04T15:20:44","date_gmt":"2025-09-04T13:20:44","guid":{"rendered":"https:\/\/charleroi-pourlapalestine.be\/?p=86564"},"modified":"2025-09-04T15:28:13","modified_gmt":"2025-09-04T13:28:13","slug":"mobilisation-contre-le-genocide-vendredi-sur-le-pont-de-la-sambre-dimanche-a-bruxelles","status":"publish","type":"post","link":"https:\/\/charleroi-pourlapalestine.be\/index.php\/2025\/09\/04\/mobilisation-contre-le-genocide-vendredi-sur-le-pont-de-la-sambre-dimanche-a-bruxelles\/","title":{"rendered":"Mobilisation contre le g\u00e9nocide : vendredi sur le pont de la Sambre, dimanche \u00e0 Bruxelles"},"content":{"rendered":"<h3><strong>Premi\u00e8re mobilisation de ce WE : notre RV hebdomadaire sur le pont de la Sambre ce vendredi 5 septembre \u00e0 17 h.<\/strong><\/h3>\n<p>&nbsp;<\/p>\n<p><img loading=\"lazy\" decoding=\"async\" class=\"aligncenter wp-image-86592 size-large\" src=\"https:\/\/charleroi-pourlapalestine.be\/wp-content\/uploads\/2025\/09\/Rass-pont-5-septembre-700x394.jpeg\" alt=\"\" width=\"700\" height=\"394\" srcset=\"https:\/\/charleroi-pourlapalestine.be\/wp-content\/uploads\/2025\/09\/Rass-pont-5-septembre-700x394.jpeg 700w, https:\/\/charleroi-pourlapalestine.be\/wp-content\/uploads\/2025\/09\/Rass-pont-5-septembre-350x197.jpeg 350w, https:\/\/charleroi-pourlapalestine.be\/wp-content\/uploads\/2025\/09\/Rass-pont-5-septembre-768x432.jpeg 768w, https:\/\/charleroi-pourlapalestine.be\/wp-content\/uploads\/2025\/09\/Rass-pont-5-septembre-1536x864.jpeg 1536w, https:\/\/charleroi-pourlapalestine.be\/wp-content\/uploads\/2025\/09\/Rass-pont-5-septembre.jpeg 1920w\" sizes=\"auto, (max-width: 700px) 100vw, 700px\" \/><\/p>\n<p>&nbsp;<\/p>\n<p>&nbsp;<\/p>\n<h3>Deuxi\u00e8me RV : Mobilisation nationale ce&nbsp; dimanche 7 septembre \u00e0 Bruxelles&nbsp;<\/h3>\n<h3><strong><span class=\"x193iq5w xeuugli x13faqbe x1vvkbs x1xmvt09 x1lliihq x1s928wv xhkezso x1gmr53x x1cpjm7i x1fgarty x1943h6x xudqn12 x3x7a5m x6prxxf xvq8zen xo1l8bm xzsf02u x1yc453h\" dir=\"auto\">D\u00e9part de Charleroi en car \u00e0 12h30 ! Prix : 3\u20ac. R\u00e9servation par SMS au <\/span><\/strong><strong><span class=\"x193iq5w xeuugli x13faqbe x1vvkbs x1xmvt09 x1lliihq x1s928wv xhkezso x1gmr53x x1cpjm7i x1fgarty x1943h6x xudqn12 x3x7a5m x6prxxf xvq8zen xo1l8bm xzsf02u x1yc453h\" dir=\"auto\">0484 11 73 37.<\/span><\/strong><\/h3>\n<p><strong><br \/>\nLa Plateforme Charleroi-Palestine soutient l&rsquo;Appel de l&rsquo;asbl Ahrar Palestine et plusieurs autres mouvements \u00e0 former un bloc combatif devant O&rsquo;cheese Rogier (Bd Emile Jacqmain 137) \u00e0 partir de 14h.<\/strong><\/p>\n<p>Lors de la derni\u00e8re marche nationale, nous \u00e9tions plus de 110.000 \u00e0 prendre la rue et \u00e0 faire entendre nos voix. Soyons encore plus nombreux.ses ce dimanche 7 septembre pour exiger la fin du g\u00e9nocide, de l&rsquo;occupation, de l&rsquo;impunit\u00e9 et la complicit\u00e9 de l\u2019\u00c9tat belge et de l&rsquo;Union europ\u00e9enne.<\/p>\n<p>Marchons aussi en soutien \u00e0 la Global Sumud Flotilla en route vers Gaza pour briser le blocus, en soutien \u00e0 tou.te.s celles et ceux vis\u00e9.e.s par la r\u00e9pression suite \u00e0 leur engagement pour une Palestine libre, du Fleuve \u00e0 la Mer et pour le droit au retour de tous les Palestinien.ne.s ainsi que le droit \u00e0 l\u2019asile de tou.te.s les r\u00e9fugi\u00e9.e.s palestinien.ne.s.<\/p>\n<p>&nbsp;<\/p>\n<h3>Bloquez d\u00e9j\u00e0 la date : Journ\u00e9e pour la Palestine le 18 octobre.&nbsp;<\/h3>\n<p><strong>Trouvez ici les listes des premier.e.s intervenant.e.s et partenaires de la Journ\u00e9e pour la Palestine du 18 octobre, organis\u00e9e par la Plateforme Charleroi-Palestine.&nbsp;<\/strong><\/p>\n<p>Ouverture des portes \u00e0 10 h &#8211; Cl\u00f4ture des portes \u00e0 21 h.<\/p>\n<p><img loading=\"lazy\" decoding=\"async\" class=\"aligncenter wp-image-86591 size-full\" src=\"https:\/\/charleroi-pourlapalestine.be\/wp-content\/uploads\/2025\/09\/Save-the-date-18-10.png\" alt=\"\" width=\"631\" height=\"843\" srcset=\"https:\/\/charleroi-pourlapalestine.be\/wp-content\/uploads\/2025\/09\/Save-the-date-18-10.png 631w, https:\/\/charleroi-pourlapalestine.be\/wp-content\/uploads\/2025\/09\/Save-the-date-18-10-187x250.png 187w, https:\/\/charleroi-pourlapalestine.be\/wp-content\/uploads\/2025\/09\/Save-the-date-18-10-374x500.png 374w\" sizes=\"auto, (max-width: 631px) 100vw, 631px\" \/><\/p>\n<p>&nbsp;<\/p>\n<p><strong>Voici quelques photos de nos mobilisations cette semaine :<\/strong><\/p>\n<p><strong>-le samedi 30 ao\u00fbt autour de la tonnelle Palestine de notre Plateforme<\/strong><\/p>\n<p>&nbsp;<\/p>\n<p><img loading=\"lazy\" decoding=\"async\" class=\"aligncenter wp-image-86587 size-large\" src=\"https:\/\/charleroi-pourlapalestine.be\/wp-content\/uploads\/2025\/09\/30-8-pl-ve-nat-mic-667x500.jpeg\" alt=\"\" width=\"667\" height=\"500\"><\/p>\n<p>&nbsp;<\/p>\n<p><img loading=\"lazy\" decoding=\"async\" class=\"aligncenter wp-image-86583 size-large\" src=\"https:\/\/charleroi-pourlapalestine.be\/wp-content\/uploads\/2025\/09\/30-8-pl-verte-temoign-667x500.jpeg\" alt=\"\" width=\"667\" height=\"500\"><\/p>\n<p>&nbsp;<\/p>\n<p><img loading=\"lazy\" decoding=\"async\" class=\"aligncenter wp-image-86588 size-large\" src=\"https:\/\/charleroi-pourlapalestine.be\/wp-content\/uploads\/2025\/09\/30-8-pl-ve-mc-stand-667x500.jpeg\" alt=\"\" width=\"667\" height=\"500\"><\/p>\n<p>&nbsp;<\/p>\n<p><img loading=\"lazy\" decoding=\"async\" class=\"aligncenter wp-image-86589 size-large\" src=\"https:\/\/charleroi-pourlapalestine.be\/wp-content\/uploads\/2025\/09\/30-8-pl-ve-trio-375x500.jpeg\" alt=\"\" width=\"375\" height=\"500\" srcset=\"https:\/\/charleroi-pourlapalestine.be\/wp-content\/uploads\/2025\/09\/30-8-pl-ve-trio-375x500.jpeg 375w, https:\/\/charleroi-pourlapalestine.be\/wp-content\/uploads\/2025\/09\/30-8-pl-ve-trio-188x250.jpeg 188w, https:\/\/charleroi-pourlapalestine.be\/wp-content\/uploads\/2025\/09\/30-8-pl-ve-trio-768x1024.jpeg 768w, https:\/\/charleroi-pourlapalestine.be\/wp-content\/uploads\/2025\/09\/30-8-pl-ve-trio-1152x1536.jpeg 1152w, https:\/\/charleroi-pourlapalestine.be\/wp-content\/uploads\/2025\/09\/30-8-pl-ve-trio.jpeg 1200w\" sizes=\"auto, (max-width: 375px) 100vw, 375px\" \/><\/p>\n<p>&nbsp;<\/p>\n<p><strong>-Le lundi 1er septembre,&nbsp; lors d&rsquo;un rassemblement syndical : mobilisation en soutien \u00e0 Mohammed Khatib, r\u00e9fugi\u00e9 palestinien, \u00e0 qui la CGRA a retir\u00e9 son statut en raison de son engagement dans Samidoun, le r\u00e9seau de soutien aux prisonniers palestiniens, dont fait partie la Plateforme Charleroi-Palestine.<\/strong><\/p>\n<p>&nbsp;<\/p>\n<p><img loading=\"lazy\" decoding=\"async\" class=\"aligncenter wp-image-86581 size-large\" src=\"https:\/\/charleroi-pourlapalestine.be\/wp-content\/uploads\/2025\/09\/1-9-soutien-moh-5-375x500.jpg\" alt=\"Mobilisation sur la Place Verte \u00e0 Charleroi en faveur de Mohammed Khatib\" width=\"375\" height=\"500\"><\/p>\n<p>&nbsp;<\/p>\n<p><img loading=\"lazy\" decoding=\"async\" class=\"aligncenter wp-image-86577 size-large\" src=\"https:\/\/charleroi-pourlapalestine.be\/wp-content\/uploads\/2025\/09\/1-9-soutien-moh-16-375x500.jpg\" alt=\"Mobilisation sur la Place Verte \u00e0 Charleroi en faveur de Mohammed Khatib\" width=\"375\" height=\"500\"><\/p>\n<p>&nbsp;<\/p>\n<p><img loading=\"lazy\" decoding=\"async\" class=\"aligncenter wp-image-86579 size-large\" src=\"https:\/\/charleroi-pourlapalestine.be\/wp-content\/uploads\/2025\/09\/1-9-soutien-moh-8-375x500.jpg\" alt=\"Mobilisation sur la Place Verte \u00e0 Charleroi en faveur de Mohammed Khatib\" width=\"375\" height=\"500\" srcset=\"https:\/\/charleroi-pourlapalestine.be\/wp-content\/uploads\/2025\/09\/1-9-soutien-moh-8-375x500.jpg 375w, https:\/\/charleroi-pourlapalestine.be\/wp-content\/uploads\/2025\/09\/1-9-soutien-moh-8-188x250.jpg 188w, https:\/\/charleroi-pourlapalestine.be\/wp-content\/uploads\/2025\/09\/1-9-soutien-moh-8-768x1024.jpg 768w, https:\/\/charleroi-pourlapalestine.be\/wp-content\/uploads\/2025\/09\/1-9-soutien-moh-8-1152x1536.jpg 1152w, https:\/\/charleroi-pourlapalestine.be\/wp-content\/uploads\/2025\/09\/1-9-soutien-moh-8.jpg 1536w\" sizes=\"auto, (max-width: 375px) 100vw, 375px\" \/><\/p>\n<p>&nbsp;<\/p>\n<p style=\"text-align: center;\">Plus de photos sur<a href=\"https:\/\/www.facebook.com\/PlateformeCharleroiPalestine\/\" target=\"_blank\" rel=\"noopener\"> la page FB de la Plateforme Charleroi-Palestine<\/a><\/p>\n<p>&nbsp;<\/p>\n","protected":false},"excerpt":{"rendered":"<p>Manifestation nationale de dimanche : rejoignez le bloc r\u00e9volutionnaire devant O&rsquo;cheese Rogier (Bd Emile Jacqmain 137) \u00e0 partir de 14h<\/p>\n","protected":false},"author":1,"featured_media":86592,"comment_status":"closed","ping_status":"closed","sticky":false,"template":"","format":"standard","meta":{"ngg_post_thumbnail":0,"footnotes":""},"categories":[175,64,6,344],"tags":[],"class_list":["post-86564","post","type-post","status-publish","format-standard","has-post-thumbnail","hentry","category-agir","category-la-belgique","category-gaza","category-genocide"],"yoast_head":"<!-- This site is optimized with the Yoast SEO plugin v27.3 - https:\/\/yoast.com\/product\/yoast-seo-wordpress\/ -->\n<title>Mobilisation contre le g\u00e9nocide : vendredi sur le pont de la Sambre, dimanche \u00e0 Bruxelles<\/title>\n<meta name=\"description\" content=\"Manifestation nationale de dimanche : rejoignez le bloc r\u00e9volutionnaire devant O&#039;cheese Rogier (Bd Emile Jacqmain 137) \u00e0 partir de 14h\" \/>\n<meta name=\"robots\" content=\"index, follow, max-snippet:-1, max-image-preview:large, max-video-preview:-1\" \/>\n<link rel=\"canonical\" href=\"https:\/\/charleroi-pourlapalestine.be\/index.php\/2025\/09\/04\/mobilisation-contre-le-genocide-vendredi-sur-le-pont-de-la-sambre-dimanche-a-bruxelles\/\" \/>\n<script type=\"application\/ld+json\" class=\"yoast-schema-graph\">{\"@context\":\"https:\\\/\\\/schema.org\",\"@graph\":[{\"@type\":\"Article\",\"@id\":\"https:\\\/\\\/charleroi-pourlapalestine.be\\\/index.php\\\/2025\\\/09\\\/04\\\/mobilisation-contre-le-genocide-vendredi-sur-le-pont-de-la-sambre-dimanche-a-bruxelles\\\/#article\",\"isPartOf\":{\"@id\":\"https:\\\/\\\/charleroi-pourlapalestine.be\\\/index.php\\\/2025\\\/09\\\/04\\\/mobilisation-contre-le-genocide-vendredi-sur-le-pont-de-la-sambre-dimanche-a-bruxelles\\\/\"},\"author\":{\"name\":\"admin1873\",\"@id\":\"https:\\\/\\\/charleroi-pourlapalestine.be\\\/#\\\/schema\\\/person\\\/c19ff515112f1299d8c12671d8fe3faa\"},\"headline\":\"Mobilisation contre le g\u00e9nocide : vendredi sur le pont de la Sambre, dimanche \u00e0 Bruxelles\",\"datePublished\":\"2025-09-04T13:20:44+00:00\",\"dateModified\":\"2025-09-04T13:28:13+00:00\",\"mainEntityOfPage\":{\"@id\":\"https:\\\/\\\/charleroi-pourlapalestine.be\\\/index.php\\\/2025\\\/09\\\/04\\\/mobilisation-contre-le-genocide-vendredi-sur-le-pont-de-la-sambre-dimanche-a-bruxelles\\\/\"},\"wordCount\":355,\"publisher\":{\"@id\":\"https:\\\/\\\/charleroi-pourlapalestine.be\\\/#organization\"},\"image\":{\"@id\":\"https:\\\/\\\/charleroi-pourlapalestine.be\\\/index.php\\\/2025\\\/09\\\/04\\\/mobilisation-contre-le-genocide-vendredi-sur-le-pont-de-la-sambre-dimanche-a-bruxelles\\\/#primaryimage\"},\"thumbnailUrl\":\"https:\\\/\\\/charleroi-pourlapalestine.be\\\/wp-content\\\/uploads\\\/2025\\\/09\\\/Rass-pont-5-septembre.jpeg\",\"articleSection\":[\"Agir\",\"Belgique\",\"Gaza\",\"G\u00e9nocide\"],\"inLanguage\":\"fr-FR\"},{\"@type\":\"WebPage\",\"@id\":\"https:\\\/\\\/charleroi-pourlapalestine.be\\\/index.php\\\/2025\\\/09\\\/04\\\/mobilisation-contre-le-genocide-vendredi-sur-le-pont-de-la-sambre-dimanche-a-bruxelles\\\/\",\"url\":\"https:\\\/\\\/charleroi-pourlapalestine.be\\\/index.php\\\/2025\\\/09\\\/04\\\/mobilisation-contre-le-genocide-vendredi-sur-le-pont-de-la-sambre-dimanche-a-bruxelles\\\/\",\"name\":\"Mobilisation contre le g\u00e9nocide : vendredi sur le pont de la Sambre, dimanche \u00e0 Bruxelles\",\"isPartOf\":{\"@id\":\"https:\\\/\\\/charleroi-pourlapalestine.be\\\/#website\"},\"primaryImageOfPage\":{\"@id\":\"https:\\\/\\\/charleroi-pourlapalestine.be\\\/index.php\\\/2025\\\/09\\\/04\\\/mobilisation-contre-le-genocide-vendredi-sur-le-pont-de-la-sambre-dimanche-a-bruxelles\\\/#primaryimage\"},\"image\":{\"@id\":\"https:\\\/\\\/charleroi-pourlapalestine.be\\\/index.php\\\/2025\\\/09\\\/04\\\/mobilisation-contre-le-genocide-vendredi-sur-le-pont-de-la-sambre-dimanche-a-bruxelles\\\/#primaryimage\"},\"thumbnailUrl\":\"https:\\\/\\\/charleroi-pourlapalestine.be\\\/wp-content\\\/uploads\\\/2025\\\/09\\\/Rass-pont-5-septembre.jpeg\",\"datePublished\":\"2025-09-04T13:20:44+00:00\",\"dateModified\":\"2025-09-04T13:28:13+00:00\",\"description\":\"Manifestation nationale de dimanche : rejoignez le bloc r\u00e9volutionnaire devant O'cheese Rogier (Bd Emile Jacqmain 137) \u00e0 partir de 14h\",\"breadcrumb\":{\"@id\":\"https:\\\/\\\/charleroi-pourlapalestine.be\\\/index.php\\\/2025\\\/09\\\/04\\\/mobilisation-contre-le-genocide-vendredi-sur-le-pont-de-la-sambre-dimanche-a-bruxelles\\\/#breadcrumb\"},\"inLanguage\":\"fr-FR\",\"potentialAction\":[{\"@type\":\"ReadAction\",\"target\":[\"https:\\\/\\\/charleroi-pourlapalestine.be\\\/index.php\\\/2025\\\/09\\\/04\\\/mobilisation-contre-le-genocide-vendredi-sur-le-pont-de-la-sambre-dimanche-a-bruxelles\\\/\"]}]},{\"@type\":\"ImageObject\",\"inLanguage\":\"fr-FR\",\"@id\":\"https:\\\/\\\/charleroi-pourlapalestine.be\\\/index.php\\\/2025\\\/09\\\/04\\\/mobilisation-contre-le-genocide-vendredi-sur-le-pont-de-la-sambre-dimanche-a-bruxelles\\\/#primaryimage\",\"url\":\"https:\\\/\\\/charleroi-pourlapalestine.be\\\/wp-content\\\/uploads\\\/2025\\\/09\\\/Rass-pont-5-septembre.jpeg\",\"contentUrl\":\"https:\\\/\\\/charleroi-pourlapalestine.be\\\/wp-content\\\/uploads\\\/2025\\\/09\\\/Rass-pont-5-septembre.jpeg\",\"width\":1920,\"height\":1080},{\"@type\":\"BreadcrumbList\",\"@id\":\"https:\\\/\\\/charleroi-pourlapalestine.be\\\/index.php\\\/2025\\\/09\\\/04\\\/mobilisation-contre-le-genocide-vendredi-sur-le-pont-de-la-sambre-dimanche-a-bruxelles\\\/#breadcrumb\",\"itemListElement\":[{\"@type\":\"ListItem\",\"position\":1,\"name\":\"Accueil\",\"item\":\"https:\\\/\\\/charleroi-pourlapalestine.be\\\/\"},{\"@type\":\"ListItem\",\"position\":2,\"name\":\"Mobilisation contre le g\u00e9nocide : vendredi sur le pont de la Sambre, dimanche \u00e0 Bruxelles\"}]},{\"@type\":\"WebSite\",\"@id\":\"https:\\\/\\\/charleroi-pourlapalestine.be\\\/#website\",\"url\":\"https:\\\/\\\/charleroi-pourlapalestine.be\\\/\",\"name\":\"Charleroi Pour la Palestine\",\"description\":\"\",\"publisher\":{\"@id\":\"https:\\\/\\\/charleroi-pourlapalestine.be\\\/#organization\"},\"potentialAction\":[{\"@type\":\"SearchAction\",\"target\":{\"@type\":\"EntryPoint\",\"urlTemplate\":\"https:\\\/\\\/charleroi-pourlapalestine.be\\\/?s={search_term_string}\"},\"query-input\":{\"@type\":\"PropertyValueSpecification\",\"valueRequired\":true,\"valueName\":\"search_term_string\"}}],\"inLanguage\":\"fr-FR\"},{\"@type\":\"Organization\",\"@id\":\"https:\\\/\\\/charleroi-pourlapalestine.be\\\/#organization\",\"name\":\"Plate-forme Charleroi-Palestine\",\"url\":\"https:\\\/\\\/charleroi-pourlapalestine.be\\\/\",\"logo\":{\"@type\":\"ImageObject\",\"inLanguage\":\"fr-FR\",\"@id\":\"https:\\\/\\\/charleroi-pourlapalestine.be\\\/#\\\/schema\\\/logo\\\/image\\\/\",\"url\":\"https:\\\/\\\/charleroi-pourlapalestine.be\\\/wp-content\\\/uploads\\\/2020\\\/01\\\/logo-Copy.jpg\",\"contentUrl\":\"https:\\\/\\\/charleroi-pourlapalestine.be\\\/wp-content\\\/uploads\\\/2020\\\/01\\\/logo-Copy.jpg\",\"width\":180,\"height\":180,\"caption\":\"Plate-forme Charleroi-Palestine\"},\"image\":{\"@id\":\"https:\\\/\\\/charleroi-pourlapalestine.be\\\/#\\\/schema\\\/logo\\\/image\\\/\"},\"sameAs\":[\"https:\\\/\\\/www.facebook.com\\\/PlateformeCharleroiPalestine\\\/\",\"https:\\\/\\\/x.com\\\/LaCharleroi\"]},{\"@type\":\"Person\",\"@id\":\"https:\\\/\\\/charleroi-pourlapalestine.be\\\/#\\\/schema\\\/person\\\/c19ff515112f1299d8c12671d8fe3faa\",\"name\":\"admin1873\",\"url\":\"https:\\\/\\\/charleroi-pourlapalestine.be\\\/index.php\\\/author\\\/admin1873\\\/\"}]}<\/script>\n<!-- \/ Yoast SEO plugin. -->","yoast_head_json":{"title":"Mobilisation contre le g\u00e9nocide : vendredi sur le pont de la Sambre, dimanche \u00e0 Bruxelles","description":"Manifestation nationale de dimanche : rejoignez le bloc r\u00e9volutionnaire devant O'cheese Rogier (Bd Emile Jacqmain 137) \u00e0 partir de 14h","robots":{"index":"index","follow":"follow","max-snippet":"max-snippet:-1","max-image-preview":"max-image-preview:large","max-video-preview":"max-video-preview:-1"},"canonical":"https:\/\/charleroi-pourlapalestine.be\/index.php\/2025\/09\/04\/mobilisation-contre-le-genocide-vendredi-sur-le-pont-de-la-sambre-dimanche-a-bruxelles\/","schema":{"@context":"https:\/\/schema.org","@graph":[{"@type":"Article","@id":"https:\/\/charleroi-pourlapalestine.be\/index.php\/2025\/09\/04\/mobilisation-contre-le-genocide-vendredi-sur-le-pont-de-la-sambre-dimanche-a-bruxelles\/#article","isPartOf":{"@id":"https:\/\/charleroi-pourlapalestine.be\/index.php\/2025\/09\/04\/mobilisation-contre-le-genocide-vendredi-sur-le-pont-de-la-sambre-dimanche-a-bruxelles\/"},"author":{"name":"admin1873","@id":"https:\/\/charleroi-pourlapalestine.be\/#\/schema\/person\/c19ff515112f1299d8c12671d8fe3faa"},"headline":"Mobilisation contre le g\u00e9nocide : vendredi sur le pont de la Sambre, dimanche \u00e0 Bruxelles","datePublished":"2025-09-04T13:20:44+00:00","dateModified":"2025-09-04T13:28:13+00:00","mainEntityOfPage":{"@id":"https:\/\/charleroi-pourlapalestine.be\/index.php\/2025\/09\/04\/mobilisation-contre-le-genocide-vendredi-sur-le-pont-de-la-sambre-dimanche-a-bruxelles\/"},"wordCount":355,"publisher":{"@id":"https:\/\/charleroi-pourlapalestine.be\/#organization"},"image":{"@id":"https:\/\/charleroi-pourlapalestine.be\/index.php\/2025\/09\/04\/mobilisation-contre-le-genocide-vendredi-sur-le-pont-de-la-sambre-dimanche-a-bruxelles\/#primaryimage"},"thumbnailUrl":"https:\/\/charleroi-pourlapalestine.be\/wp-content\/uploads\/2025\/09\/Rass-pont-5-septembre.jpeg","articleSection":["Agir","Belgique","Gaza","G\u00e9nocide"],"inLanguage":"fr-FR"},{"@type":"WebPage","@id":"https:\/\/charleroi-pourlapalestine.be\/index.php\/2025\/09\/04\/mobilisation-contre-le-genocide-vendredi-sur-le-pont-de-la-sambre-dimanche-a-bruxelles\/","url":"https:\/\/charleroi-pourlapalestine.be\/index.php\/2025\/09\/04\/mobilisation-contre-le-genocide-vendredi-sur-le-pont-de-la-sambre-dimanche-a-bruxelles\/","name":"Mobilisation contre le g\u00e9nocide : vendredi sur le pont de la Sambre, dimanche \u00e0 Bruxelles","isPartOf":{"@id":"https:\/\/charleroi-pourlapalestine.be\/#website"},"primaryImageOfPage":{"@id":"https:\/\/charleroi-pourlapalestine.be\/index.php\/2025\/09\/04\/mobilisation-contre-le-genocide-vendredi-sur-le-pont-de-la-sambre-dimanche-a-bruxelles\/#primaryimage"},"image":{"@id":"https:\/\/charleroi-pourlapalestine.be\/index.php\/2025\/09\/04\/mobilisation-contre-le-genocide-vendredi-sur-le-pont-de-la-sambre-dimanche-a-bruxelles\/#primaryimage"},"thumbnailUrl":"https:\/\/charleroi-pourlapalestine.be\/wp-content\/uploads\/2025\/09\/Rass-pont-5-septembre.jpeg","datePublished":"2025-09-04T13:20:44+00:00","dateModified":"2025-09-04T13:28:13+00:00","description":"Manifestation nationale de dimanche : rejoignez le bloc r\u00e9volutionnaire devant O'cheese Rogier (Bd Emile Jacqmain 137) \u00e0 partir de 14h","breadcrumb":{"@id":"https:\/\/charleroi-pourlapalestine.be\/index.php\/2025\/09\/04\/mobilisation-contre-le-genocide-vendredi-sur-le-pont-de-la-sambre-dimanche-a-bruxelles\/#breadcrumb"},"inLanguage":"fr-FR","potentialAction":[{"@type":"ReadAction","target":["https:\/\/charleroi-pourlapalestine.be\/index.php\/2025\/09\/04\/mobilisation-contre-le-genocide-vendredi-sur-le-pont-de-la-sambre-dimanche-a-bruxelles\/"]}]},{"@type":"ImageObject","inLanguage":"fr-FR","@id":"https:\/\/charleroi-pourlapalestine.be\/index.php\/2025\/09\/04\/mobilisation-contre-le-genocide-vendredi-sur-le-pont-de-la-sambre-dimanche-a-bruxelles\/#primaryimage","url":"https:\/\/charleroi-pourlapalestine.be\/wp-content\/uploads\/2025\/09\/Rass-pont-5-septembre.jpeg","contentUrl":"https:\/\/charleroi-pourlapalestine.be\/wp-content\/uploads\/2025\/09\/Rass-pont-5-septembre.jpeg","width":1920,"height":1080},{"@type":"BreadcrumbList","@id":"https:\/\/charleroi-pourlapalestine.be\/index.php\/2025\/09\/04\/mobilisation-contre-le-genocide-vendredi-sur-le-pont-de-la-sambre-dimanche-a-bruxelles\/#breadcrumb","itemListElement":[{"@type":"ListItem","position":1,"name":"Accueil","item":"https:\/\/charleroi-pourlapalestine.be\/"},{"@type":"ListItem","position":2,"name":"Mobilisation contre le g\u00e9nocide : vendredi sur le pont de la Sambre, dimanche \u00e0 Bruxelles"}]},{"@type":"WebSite","@id":"https:\/\/charleroi-pourlapalestine.be\/#website","url":"https:\/\/charleroi-pourlapalestine.be\/","name":"Charleroi Pour la Palestine","description":"","publisher":{"@id":"https:\/\/charleroi-pourlapalestine.be\/#organization"},"potentialAction":[{"@type":"SearchAction","target":{"@type":"EntryPoint","urlTemplate":"https:\/\/charleroi-pourlapalestine.be\/?s={search_term_string}"},"query-input":{"@type":"PropertyValueSpecification","valueRequired":true,"valueName":"search_term_string"}}],"inLanguage":"fr-FR"},{"@type":"Organization","@id":"https:\/\/charleroi-pourlapalestine.be\/#organization","name":"Plate-forme Charleroi-Palestine","url":"https:\/\/charleroi-pourlapalestine.be\/","logo":{"@type":"ImageObject","inLanguage":"fr-FR","@id":"https:\/\/charleroi-pourlapalestine.be\/#\/schema\/logo\/image\/","url":"https:\/\/charleroi-pourlapalestine.be\/wp-content\/uploads\/2020\/01\/logo-Copy.jpg","contentUrl":"https:\/\/charleroi-pourlapalestine.be\/wp-content\/uploads\/2020\/01\/logo-Copy.jpg","width":180,"height":180,"caption":"Plate-forme Charleroi-Palestine"},"image":{"@id":"https:\/\/charleroi-pourlapalestine.be\/#\/schema\/logo\/image\/"},"sameAs":["https:\/\/www.facebook.com\/PlateformeCharleroiPalestine\/","https:\/\/x.com\/LaCharleroi"]},{"@type":"Person","@id":"https:\/\/charleroi-pourlapalestine.be\/#\/schema\/person\/c19ff515112f1299d8c12671d8fe3faa","name":"admin1873","url":"https:\/\/charleroi-pourlapalestine.be\/index.php\/author\/admin1873\/"}]}},"_links":{"self":[{"href":"https:\/\/charleroi-pourlapalestine.be\/index.php\/wp-json\/wp\/v2\/posts\/86564","targetHints":{"allow":["GET"]}}],"collection":[{"href":"https:\/\/charleroi-pourlapalestine.be\/index.php\/wp-json\/wp\/v2\/posts"}],"about":[{"href":"https:\/\/charleroi-pourlapalestine.be\/index.php\/wp-json\/wp\/v2\/types\/post"}],"author":[{"embeddable":true,"href":"https:\/\/charleroi-pourlapalestine.be\/index.php\/wp-json\/wp\/v2\/users\/1"}],"replies":[{"embeddable":true,"href":"https:\/\/charleroi-pourlapalestine.be\/index.php\/wp-json\/wp\/v2\/comments?post=86564"}],"version-history":[{"count":0,"href":"https:\/\/charleroi-pourlapalestine.be\/index.php\/wp-json\/wp\/v2\/posts\/86564\/revisions"}],"wp:featuredmedia":[{"embeddable":true,"href":"https:\/\/charleroi-pourlapalestine.be\/index.php\/wp-json\/wp\/v2\/media\/86592"}],"wp:attachment":[{"href":"https:\/\/charleroi-pourlapalestine.be\/index.php\/wp-json\/wp\/v2\/media?parent=86564"}],"wp:term":[{"taxonomy":"category","embeddable":true,"href":"https:\/\/charleroi-pourlapalestine.be\/index.php\/wp-json\/wp\/v2\/categories?post=86564"},{"taxonomy":"post_tag","embeddable":true,"href":"https:\/\/charleroi-pourlapalestine.be\/index.php\/wp-json\/wp\/v2\/tags?post=86564"}],"curies":[{"name":"wp","href":"https:\/\/api.w.org\/{rel}","templated":true}]}}