{"id":86567,"date":"2025-09-03T12:27:03","date_gmt":"2025-09-03T10:27:03","guid":{"rendered":"https:\/\/charleroi-pourlapalestine.be\/?p=86567"},"modified":"2025-09-03T12:28:58","modified_gmt":"2025-09-03T10:28:58","slug":"salman-abu-sitta-message-a-un-professeur-juif-americain","status":"publish","type":"post","link":"https:\/\/charleroi-pourlapalestine.be\/index.php\/2025\/09\/03\/salman-abu-sitta-message-a-un-professeur-juif-americain\/","title":{"rendered":"Salman Abu Sitta : Message \u00e0 un professeur juif am\u00e9ricain"},"content":{"rendered":"<p>&nbsp;<\/p>\n<p><img loading=\"lazy\" decoding=\"async\" class=\"aligncenter wp-image-86569 size-large\" src=\"https:\/\/charleroi-pourlapalestine.be\/wp-content\/uploads\/2025\/09\/Salman-Abu-Sitta-3-500x500.jpg\" alt=\"Salman Abu Sitta\" width=\"500\" height=\"500\" srcset=\"https:\/\/charleroi-pourlapalestine.be\/wp-content\/uploads\/2025\/09\/Salman-Abu-Sitta-3-500x500.jpg 500w, https:\/\/charleroi-pourlapalestine.be\/wp-content\/uploads\/2025\/09\/Salman-Abu-Sitta-3-250x250.jpg 250w, https:\/\/charleroi-pourlapalestine.be\/wp-content\/uploads\/2025\/09\/Salman-Abu-Sitta-3-768x768.jpg 768w, https:\/\/charleroi-pourlapalestine.be\/wp-content\/uploads\/2025\/09\/Salman-Abu-Sitta-3-80x80.jpg 80w, https:\/\/charleroi-pourlapalestine.be\/wp-content\/uploads\/2025\/09\/Salman-Abu-Sitta-3-320x320.jpg 320w, https:\/\/charleroi-pourlapalestine.be\/wp-content\/uploads\/2025\/09\/Salman-Abu-Sitta-3.jpg 800w\" sizes=\"auto, (max-width: 500px) 100vw, 500px\" \/><\/p>\n<p>&nbsp;<\/p>\n<p>Cher Professeur XXX,<\/p>\n<p>Pendant de nombreuses ann\u00e9es, vous avez \u00e9crit des articles acad\u00e9miques \u00ab nuanc\u00e9s \u00bb sur le sionisme et Isra\u00ebl.<\/p>\n<p>Hier, vous avez \u00e9crit que \u00ab Isra\u00ebl a le droit d&rsquo;exister \u00bb n&rsquo;\u00e9tait pas remis en question.<\/p>\n<p>En tant que Palestinien n\u00e9 \u00e0 <strong>Al Ma\u2019in Abu Sitta<\/strong>, je vous pose une simple question personnelle, en dehors de tout contexte acad\u00e9mique : Cet \u00c9tat va-t-il exister sur ma terre ?<\/p>\n<p>Si oui, je ne suis pas d&rsquo;accord, je ne l&rsquo;ai jamais \u00e9t\u00e9 et ne le serai jamais.<\/p>\n<p>Ma famille a \u00e9t\u00e9 attaqu\u00e9e par les milices sionistes le 14 mai 1948 et notre paysage a \u00e9t\u00e9 d\u00e9truit. Depuis lors, nous sommes devenus des r\u00e9fugi\u00e9s. Quatre kibboutzim ont \u00e9t\u00e9 am\u00e9nag\u00e9s sur ma terre.<\/p>\n<p>Disons les choses simplement : Des criminels sont venus dans mon pays \u00e0 bord de navires de contrebandiers, avec les armes et le soutien d&rsquo;autres criminels et ils se sont empar\u00e9s de ma terre. Dans cet endroit exigu qui est le mien (6 km sur 8), je n&rsquo;accepterai jamais que des criminels s&#8217;emparent de ma terre, m&rsquo;en chassent et l&rsquo;appellent ensuite leur \u00ab \u00c9tat \u00bb.<\/p>\n<p>Je ne suis pas na\u00eff. J&rsquo;ai plus de 80 ans, dont au moins 60 en tant qu&rsquo;universitaire. Et je dis ceci. Nous ne tol\u00e9rerons jamais qu&rsquo;un \u00c9tat ou ses agents s&#8217;emparent de notre foyer, m\u00eame aujourd&rsquo;hui, apr\u00e8s 18 000 jours, apr\u00e8s plusieurs intifadas, de nombreux octobres ou toute une s\u00e9rie de Naksa.<\/p>\n<p>Je ne vous r\u00e9capitulerai pas le droit ou la justice de l&rsquo;ONU ni le droit international, ni ne vous rappellerai la sauvagerie incarn\u00e9e des sionistes. Ma famille et moi-m\u00eame, y compris nos g\u00e9n\u00e9rations futures, ne l&rsquo;accepterons jamais. Nous n&rsquo;avons pas de F-35, de chars ou de gros canons. Nous n&rsquo;avons pas achet\u00e9 le Congr\u00e8s. Nous n&rsquo;avons pas fait appel aux pires agents du racisme. Nous n&rsquo;avons pas propag\u00e9 des expressions d&rsquo;antis\u00e9mitisme par le biais d&rsquo;actes de g\u00e9nocide sauvage et de famine.<\/p>\n<p>Nous ne sommes pas devenus les parias du monde. Le sang de nos femmes et enfants massacr\u00e9s a aliment\u00e9 l&rsquo;indignation des gens honn\u00eates ordinaires du monde entier.<\/p>\n<p>Nous sommes des gens honn\u00eates ordinaires.<\/p>\n<p>Nous retournerons.<\/p>\n<p><strong>Salman Abu Sitta<\/strong><\/p>\n<p>Publi\u00e9 sur <a href=\"https:\/\/www.facebook.com\/palestinelandsociety\" target=\"_blank\" rel=\"noopener\">le compte FB<\/a> de Salman Abu Sitta<\/p>\n<p>&nbsp;<\/p>\n<p style=\"text-align: center;\">*****<\/p>\n<p>Lisez \u00e9galement :<\/p>\n<p><a href=\"https:\/\/charleroi-pourlapalestine.be\/index.php\/2024\/01\/12\/jaurais-pu-etre-lun-de-ceux-qui-ont-brise-le-siege-de-gaza-le-7-octobre\/\">J\u2019aurais pu \u00eatre l\u2019un de ceux qui ont bris\u00e9 le si\u00e8ge de Gaza le 7 octobre<\/a><\/p>\n<p>Salman Abu Sitta : <a href=\"https:\/\/charleroi-pourlapalestine.be\/index.php\/2022\/12\/14\/dr-salman-abu-sitta\/\">Que la Palestine soit libre du Fleuve jusqu&rsquo;\u00e0 la Mer<\/a><\/p>\n<p>&nbsp;<\/p>\n","protected":false},"excerpt":{"rendered":"<p>\u00ab\u00a0Nous ne sommes pas devenus les parias du monde. Le sang de nos femmes et enfants massacr\u00e9s a aliment\u00e9 l&rsquo;indignation des gens honn\u00eates ordinaires du monde entier. Nous sommes des gens honn\u00eates. Nous retournerons.<\/p>\n","protected":false},"author":1,"featured_media":86572,"comment_status":"closed","ping_status":"closed","sticky":false,"template":"","format":"standard","meta":{"ngg_post_thumbnail":0,"footnotes":""},"categories":[817,99,6,344,140,480,20,192,18,9,647],"tags":[],"class_list":["post-86567","post","type-post","status-publish","format-standard","has-post-thumbnail","hentry","category-colonialisme-de-peuplement","category-droit-au-retour","category-gaza","category-genocide","category-letat-colonial","category-liberation","category-la-nakba","category-palestine","category-la-palestine-historique","category-les-refugies-pamestiniens","category-vol-de-terres"],"yoast_head":"<!-- This site is optimized with the Yoast SEO plugin v27.3 - https:\/\/yoast.com\/product\/yoast-seo-wordpress\/ -->\n<title>Salman Abu Sitta : Message \u00e0 un professeur juif am\u00e9ricain<\/title>\n<meta name=\"description\" content=\"Salman Abu Sitta : Nous retournerons.\" \/>\n<meta name=\"robots\" content=\"index, follow, max-snippet:-1, max-image-preview:large, max-video-preview:-1\" \/>\n<link rel=\"canonical\" href=\"https:\/\/charleroi-pourlapalestine.be\/index.php\/2025\/09\/03\/salman-abu-sitta-message-a-un-professeur-juif-americain\/\" \/>\n<script type=\"application\/ld+json\" class=\"yoast-schema-graph\">{\"@context\":\"https:\\\/\\\/schema.org\",\"@graph\":[{\"@type\":\"Article\",\"@id\":\"https:\\\/\\\/charleroi-pourlapalestine.be\\\/index.php\\\/2025\\\/09\\\/03\\\/salman-abu-sitta-message-a-un-professeur-juif-americain\\\/#article\",\"isPartOf\":{\"@id\":\"https:\\\/\\\/charleroi-pourlapalestine.be\\\/index.php\\\/2025\\\/09\\\/03\\\/salman-abu-sitta-message-a-un-professeur-juif-americain\\\/\"},\"author\":{\"name\":\"admin1873\",\"@id\":\"https:\\\/\\\/charleroi-pourlapalestine.be\\\/#\\\/schema\\\/person\\\/c19ff515112f1299d8c12671d8fe3faa\"},\"headline\":\"Salman Abu Sitta : Message \u00e0 un professeur juif am\u00e9ricain\",\"datePublished\":\"2025-09-03T10:27:03+00:00\",\"dateModified\":\"2025-09-03T10:28:58+00:00\",\"mainEntityOfPage\":{\"@id\":\"https:\\\/\\\/charleroi-pourlapalestine.be\\\/index.php\\\/2025\\\/09\\\/03\\\/salman-abu-sitta-message-a-un-professeur-juif-americain\\\/\"},\"wordCount\":447,\"publisher\":{\"@id\":\"https:\\\/\\\/charleroi-pourlapalestine.be\\\/#organization\"},\"image\":{\"@id\":\"https:\\\/\\\/charleroi-pourlapalestine.be\\\/index.php\\\/2025\\\/09\\\/03\\\/salman-abu-sitta-message-a-un-professeur-juif-americain\\\/#primaryimage\"},\"thumbnailUrl\":\"https:\\\/\\\/charleroi-pourlapalestine.be\\\/wp-content\\\/uploads\\\/2025\\\/09\\\/salman-abu-sitta.png\",\"articleSection\":[\"colonialisme de peuplement\",\"Droit au retour\",\"Gaza\",\"G\u00e9nocide\",\"L'Etat colonial\",\"Lib\u00e9ration\",\"Nakba\",\"Palestine\",\"Palestine historique\",\"R\u00e9fugi\u00e9s\",\"Vol de terres\"],\"inLanguage\":\"fr-FR\"},{\"@type\":\"WebPage\",\"@id\":\"https:\\\/\\\/charleroi-pourlapalestine.be\\\/index.php\\\/2025\\\/09\\\/03\\\/salman-abu-sitta-message-a-un-professeur-juif-americain\\\/\",\"url\":\"https:\\\/\\\/charleroi-pourlapalestine.be\\\/index.php\\\/2025\\\/09\\\/03\\\/salman-abu-sitta-message-a-un-professeur-juif-americain\\\/\",\"name\":\"Salman Abu Sitta : Message \u00e0 un professeur juif am\u00e9ricain\",\"isPartOf\":{\"@id\":\"https:\\\/\\\/charleroi-pourlapalestine.be\\\/#website\"},\"primaryImageOfPage\":{\"@id\":\"https:\\\/\\\/charleroi-pourlapalestine.be\\\/index.php\\\/2025\\\/09\\\/03\\\/salman-abu-sitta-message-a-un-professeur-juif-americain\\\/#primaryimage\"},\"image\":{\"@id\":\"https:\\\/\\\/charleroi-pourlapalestine.be\\\/index.php\\\/2025\\\/09\\\/03\\\/salman-abu-sitta-message-a-un-professeur-juif-americain\\\/#primaryimage\"},\"thumbnailUrl\":\"https:\\\/\\\/charleroi-pourlapalestine.be\\\/wp-content\\\/uploads\\\/2025\\\/09\\\/salman-abu-sitta.png\",\"datePublished\":\"2025-09-03T10:27:03+00:00\",\"dateModified\":\"2025-09-03T10:28:58+00:00\",\"description\":\"Salman Abu Sitta : Nous retournerons.\",\"breadcrumb\":{\"@id\":\"https:\\\/\\\/charleroi-pourlapalestine.be\\\/index.php\\\/2025\\\/09\\\/03\\\/salman-abu-sitta-message-a-un-professeur-juif-americain\\\/#breadcrumb\"},\"inLanguage\":\"fr-FR\",\"potentialAction\":[{\"@type\":\"ReadAction\",\"target\":[\"https:\\\/\\\/charleroi-pourlapalestine.be\\\/index.php\\\/2025\\\/09\\\/03\\\/salman-abu-sitta-message-a-un-professeur-juif-americain\\\/\"]}]},{\"@type\":\"ImageObject\",\"inLanguage\":\"fr-FR\",\"@id\":\"https:\\\/\\\/charleroi-pourlapalestine.be\\\/index.php\\\/2025\\\/09\\\/03\\\/salman-abu-sitta-message-a-un-professeur-juif-americain\\\/#primaryimage\",\"url\":\"https:\\\/\\\/charleroi-pourlapalestine.be\\\/wp-content\\\/uploads\\\/2025\\\/09\\\/salman-abu-sitta.png\",\"contentUrl\":\"https:\\\/\\\/charleroi-pourlapalestine.be\\\/wp-content\\\/uploads\\\/2025\\\/09\\\/salman-abu-sitta.png\",\"width\":655,\"height\":455},{\"@type\":\"BreadcrumbList\",\"@id\":\"https:\\\/\\\/charleroi-pourlapalestine.be\\\/index.php\\\/2025\\\/09\\\/03\\\/salman-abu-sitta-message-a-un-professeur-juif-americain\\\/#breadcrumb\",\"itemListElement\":[{\"@type\":\"ListItem\",\"position\":1,\"name\":\"Accueil\",\"item\":\"https:\\\/\\\/charleroi-pourlapalestine.be\\\/\"},{\"@type\":\"ListItem\",\"position\":2,\"name\":\"Salman Abu Sitta : Message \u00e0 un professeur juif am\u00e9ricain\"}]},{\"@type\":\"WebSite\",\"@id\":\"https:\\\/\\\/charleroi-pourlapalestine.be\\\/#website\",\"url\":\"https:\\\/\\\/charleroi-pourlapalestine.be\\\/\",\"name\":\"Charleroi Pour la Palestine\",\"description\":\"\",\"publisher\":{\"@id\":\"https:\\\/\\\/charleroi-pourlapalestine.be\\\/#organization\"},\"potentialAction\":[{\"@type\":\"SearchAction\",\"target\":{\"@type\":\"EntryPoint\",\"urlTemplate\":\"https:\\\/\\\/charleroi-pourlapalestine.be\\\/?s={search_term_string}\"},\"query-input\":{\"@type\":\"PropertyValueSpecification\",\"valueRequired\":true,\"valueName\":\"search_term_string\"}}],\"inLanguage\":\"fr-FR\"},{\"@type\":\"Organization\",\"@id\":\"https:\\\/\\\/charleroi-pourlapalestine.be\\\/#organization\",\"name\":\"Plate-forme Charleroi-Palestine\",\"url\":\"https:\\\/\\\/charleroi-pourlapalestine.be\\\/\",\"logo\":{\"@type\":\"ImageObject\",\"inLanguage\":\"fr-FR\",\"@id\":\"https:\\\/\\\/charleroi-pourlapalestine.be\\\/#\\\/schema\\\/logo\\\/image\\\/\",\"url\":\"https:\\\/\\\/charleroi-pourlapalestine.be\\\/wp-content\\\/uploads\\\/2020\\\/01\\\/logo-Copy.jpg\",\"contentUrl\":\"https:\\\/\\\/charleroi-pourlapalestine.be\\\/wp-content\\\/uploads\\\/2020\\\/01\\\/logo-Copy.jpg\",\"width\":180,\"height\":180,\"caption\":\"Plate-forme Charleroi-Palestine\"},\"image\":{\"@id\":\"https:\\\/\\\/charleroi-pourlapalestine.be\\\/#\\\/schema\\\/logo\\\/image\\\/\"},\"sameAs\":[\"https:\\\/\\\/www.facebook.com\\\/PlateformeCharleroiPalestine\\\/\",\"https:\\\/\\\/x.com\\\/LaCharleroi\"]},{\"@type\":\"Person\",\"@id\":\"https:\\\/\\\/charleroi-pourlapalestine.be\\\/#\\\/schema\\\/person\\\/c19ff515112f1299d8c12671d8fe3faa\",\"name\":\"admin1873\",\"url\":\"https:\\\/\\\/charleroi-pourlapalestine.be\\\/index.php\\\/author\\\/admin1873\\\/\"}]}<\/script>\n<!-- \/ Yoast SEO plugin. -->","yoast_head_json":{"title":"Salman Abu Sitta : Message \u00e0 un professeur juif am\u00e9ricain","description":"Salman Abu Sitta : Nous retournerons.","robots":{"index":"index","follow":"follow","max-snippet":"max-snippet:-1","max-image-preview":"max-image-preview:large","max-video-preview":"max-video-preview:-1"},"canonical":"https:\/\/charleroi-pourlapalestine.be\/index.php\/2025\/09\/03\/salman-abu-sitta-message-a-un-professeur-juif-americain\/","schema":{"@context":"https:\/\/schema.org","@graph":[{"@type":"Article","@id":"https:\/\/charleroi-pourlapalestine.be\/index.php\/2025\/09\/03\/salman-abu-sitta-message-a-un-professeur-juif-americain\/#article","isPartOf":{"@id":"https:\/\/charleroi-pourlapalestine.be\/index.php\/2025\/09\/03\/salman-abu-sitta-message-a-un-professeur-juif-americain\/"},"author":{"name":"admin1873","@id":"https:\/\/charleroi-pourlapalestine.be\/#\/schema\/person\/c19ff515112f1299d8c12671d8fe3faa"},"headline":"Salman Abu Sitta : Message \u00e0 un professeur juif am\u00e9ricain","datePublished":"2025-09-03T10:27:03+00:00","dateModified":"2025-09-03T10:28:58+00:00","mainEntityOfPage":{"@id":"https:\/\/charleroi-pourlapalestine.be\/index.php\/2025\/09\/03\/salman-abu-sitta-message-a-un-professeur-juif-americain\/"},"wordCount":447,"publisher":{"@id":"https:\/\/charleroi-pourlapalestine.be\/#organization"},"image":{"@id":"https:\/\/charleroi-pourlapalestine.be\/index.php\/2025\/09\/03\/salman-abu-sitta-message-a-un-professeur-juif-americain\/#primaryimage"},"thumbnailUrl":"https:\/\/charleroi-pourlapalestine.be\/wp-content\/uploads\/2025\/09\/salman-abu-sitta.png","articleSection":["colonialisme de peuplement","Droit au retour","Gaza","G\u00e9nocide","L'Etat colonial","Lib\u00e9ration","Nakba","Palestine","Palestine historique","R\u00e9fugi\u00e9s","Vol de terres"],"inLanguage":"fr-FR"},{"@type":"WebPage","@id":"https:\/\/charleroi-pourlapalestine.be\/index.php\/2025\/09\/03\/salman-abu-sitta-message-a-un-professeur-juif-americain\/","url":"https:\/\/charleroi-pourlapalestine.be\/index.php\/2025\/09\/03\/salman-abu-sitta-message-a-un-professeur-juif-americain\/","name":"Salman Abu Sitta : Message \u00e0 un professeur juif am\u00e9ricain","isPartOf":{"@id":"https:\/\/charleroi-pourlapalestine.be\/#website"},"primaryImageOfPage":{"@id":"https:\/\/charleroi-pourlapalestine.be\/index.php\/2025\/09\/03\/salman-abu-sitta-message-a-un-professeur-juif-americain\/#primaryimage"},"image":{"@id":"https:\/\/charleroi-pourlapalestine.be\/index.php\/2025\/09\/03\/salman-abu-sitta-message-a-un-professeur-juif-americain\/#primaryimage"},"thumbnailUrl":"https:\/\/charleroi-pourlapalestine.be\/wp-content\/uploads\/2025\/09\/salman-abu-sitta.png","datePublished":"2025-09-03T10:27:03+00:00","dateModified":"2025-09-03T10:28:58+00:00","description":"Salman Abu Sitta : Nous retournerons.","breadcrumb":{"@id":"https:\/\/charleroi-pourlapalestine.be\/index.php\/2025\/09\/03\/salman-abu-sitta-message-a-un-professeur-juif-americain\/#breadcrumb"},"inLanguage":"fr-FR","potentialAction":[{"@type":"ReadAction","target":["https:\/\/charleroi-pourlapalestine.be\/index.php\/2025\/09\/03\/salman-abu-sitta-message-a-un-professeur-juif-americain\/"]}]},{"@type":"ImageObject","inLanguage":"fr-FR","@id":"https:\/\/charleroi-pourlapalestine.be\/index.php\/2025\/09\/03\/salman-abu-sitta-message-a-un-professeur-juif-americain\/#primaryimage","url":"https:\/\/charleroi-pourlapalestine.be\/wp-content\/uploads\/2025\/09\/salman-abu-sitta.png","contentUrl":"https:\/\/charleroi-pourlapalestine.be\/wp-content\/uploads\/2025\/09\/salman-abu-sitta.png","width":655,"height":455},{"@type":"BreadcrumbList","@id":"https:\/\/charleroi-pourlapalestine.be\/index.php\/2025\/09\/03\/salman-abu-sitta-message-a-un-professeur-juif-americain\/#breadcrumb","itemListElement":[{"@type":"ListItem","position":1,"name":"Accueil","item":"https:\/\/charleroi-pourlapalestine.be\/"},{"@type":"ListItem","position":2,"name":"Salman Abu Sitta : Message \u00e0 un professeur juif am\u00e9ricain"}]},{"@type":"WebSite","@id":"https:\/\/charleroi-pourlapalestine.be\/#website","url":"https:\/\/charleroi-pourlapalestine.be\/","name":"Charleroi Pour la Palestine","description":"","publisher":{"@id":"https:\/\/charleroi-pourlapalestine.be\/#organization"},"potentialAction":[{"@type":"SearchAction","target":{"@type":"EntryPoint","urlTemplate":"https:\/\/charleroi-pourlapalestine.be\/?s={search_term_string}"},"query-input":{"@type":"PropertyValueSpecification","valueRequired":true,"valueName":"search_term_string"}}],"inLanguage":"fr-FR"},{"@type":"Organization","@id":"https:\/\/charleroi-pourlapalestine.be\/#organization","name":"Plate-forme Charleroi-Palestine","url":"https:\/\/charleroi-pourlapalestine.be\/","logo":{"@type":"ImageObject","inLanguage":"fr-FR","@id":"https:\/\/charleroi-pourlapalestine.be\/#\/schema\/logo\/image\/","url":"https:\/\/charleroi-pourlapalestine.be\/wp-content\/uploads\/2020\/01\/logo-Copy.jpg","contentUrl":"https:\/\/charleroi-pourlapalestine.be\/wp-content\/uploads\/2020\/01\/logo-Copy.jpg","width":180,"height":180,"caption":"Plate-forme Charleroi-Palestine"},"image":{"@id":"https:\/\/charleroi-pourlapalestine.be\/#\/schema\/logo\/image\/"},"sameAs":["https:\/\/www.facebook.com\/PlateformeCharleroiPalestine\/","https:\/\/x.com\/LaCharleroi"]},{"@type":"Person","@id":"https:\/\/charleroi-pourlapalestine.be\/#\/schema\/person\/c19ff515112f1299d8c12671d8fe3faa","name":"admin1873","url":"https:\/\/charleroi-pourlapalestine.be\/index.php\/author\/admin1873\/"}]}},"_links":{"self":[{"href":"https:\/\/charleroi-pourlapalestine.be\/index.php\/wp-json\/wp\/v2\/posts\/86567","targetHints":{"allow":["GET"]}}],"collection":[{"href":"https:\/\/charleroi-pourlapalestine.be\/index.php\/wp-json\/wp\/v2\/posts"}],"about":[{"href":"https:\/\/charleroi-pourlapalestine.be\/index.php\/wp-json\/wp\/v2\/types\/post"}],"author":[{"embeddable":true,"href":"https:\/\/charleroi-pourlapalestine.be\/index.php\/wp-json\/wp\/v2\/users\/1"}],"replies":[{"embeddable":true,"href":"https:\/\/charleroi-pourlapalestine.be\/index.php\/wp-json\/wp\/v2\/comments?post=86567"}],"version-history":[{"count":0,"href":"https:\/\/charleroi-pourlapalestine.be\/index.php\/wp-json\/wp\/v2\/posts\/86567\/revisions"}],"wp:featuredmedia":[{"embeddable":true,"href":"https:\/\/charleroi-pourlapalestine.be\/index.php\/wp-json\/wp\/v2\/media\/86572"}],"wp:attachment":[{"href":"https:\/\/charleroi-pourlapalestine.be\/index.php\/wp-json\/wp\/v2\/media?parent=86567"}],"wp:term":[{"taxonomy":"category","embeddable":true,"href":"https:\/\/charleroi-pourlapalestine.be\/index.php\/wp-json\/wp\/v2\/categories?post=86567"},{"taxonomy":"post_tag","embeddable":true,"href":"https:\/\/charleroi-pourlapalestine.be\/index.php\/wp-json\/wp\/v2\/tags?post=86567"}],"curies":[{"name":"wp","href":"https:\/\/api.w.org\/{rel}","templated":true}]}}