{"id":86602,"date":"2025-09-04T10:40:25","date_gmt":"2025-09-04T08:40:25","guid":{"rendered":"https:\/\/charleroi-pourlapalestine.be\/?p=86602"},"modified":"2025-09-04T15:59:29","modified_gmt":"2025-09-04T13:59:29","slug":"bart-de-wever-adresse-une-lettre-de-solidarite-a-son-ami-benjamin-netanyahou","status":"publish","type":"post","link":"https:\/\/charleroi-pourlapalestine.be\/index.php\/2025\/09\/04\/bart-de-wever-adresse-une-lettre-de-solidarite-a-son-ami-benjamin-netanyahou\/","title":{"rendered":"Bart De Wever adresse une lettre de solidarit\u00e9 \u00e0 son ami Benjamin Netanyahou"},"content":{"rendered":"<p>Un jour, dans dix, quinze ou vingt ans, un semeur d&rsquo;alerte ou un journaliste d&rsquo;investigation tombera sur la correspondance \u00e9chang\u00e9e entre des sionistes comme Bart De Wever (N-VA) ou Georges-Louis Bouchez (MR) et leurs pairs en Isra\u00ebl au moment o\u00f9 le g\u00e9nocide palestinien battait son plein.<\/p>\n<p>Ludo De Witte imagine ci-dessous \u00e0 quoi pourrait ressembler cet \u00e9change \u00e9pistolaire.<\/p>\n<p>&nbsp;<\/p>\n<div id=\"attachment_86603\" style=\"width: 606px\" class=\"wp-caption aligncenter\"><img loading=\"lazy\" decoding=\"async\" aria-describedby=\"caption-attachment-86603\" class=\"wp-image-86603 size-large\" src=\"https:\/\/charleroi-pourlapalestine.be\/wp-content\/uploads\/2025\/09\/Bart-De-Wever-596x500.png\" alt=\"Bart De Wever adresse une lettre de solidarit\u00e9 \u00e0 son ami Benjamin Netanyahou. Image modifi\u00e9e : Dati Bendo\/ CC BY 4.0, Artulina d'Artulina, via Canva.com.\" width=\"596\" height=\"500\"><p id=\"caption-attachment-86603\" class=\"wp-caption-text\"><strong>Image modifi\u00e9e : Dati Bendo\/ CC BY 4.0, Artulina d&rsquo;Artulina, via Canva.com<\/strong><\/p><\/div>\n<p>&nbsp;<\/p>\n<p><strong><br \/>\nLudo De Witte<\/strong>, 3 septembre 2025<\/p>\n<p>Il ne serait pas impensable, mais tr\u00e8s envisageable, au contraire, qu&rsquo;aujourd&rsquo;hui, en ce 2 septembre 2025, par exemple, Bart De Wever adresse une lettre par courrier diplomatique au Premier ministre isra\u00e9lien.<\/p>\n<p>Une lettre exprimant les pens\u00e9es les plus profondes de sionistes \u00ab raisonnables \u00bb tels De Wever, Macron ou Starmer en cette ann\u00e9e 2025. Une lettre qui proposerait des concessions purement symboliques destin\u00e9es \u00e0 \u00e9mousser en Europe la r\u00e9sistance au g\u00e9nocide, et un plaidoyer aupr\u00e8s d&rsquo;Isra\u00ebl en vue de faire cesser l&rsquo;affamement des enfants, de sorte que la carte humanitaire soit \u00f4t\u00e9e des mains de cette r\u00e9sistance. Ensuite, elle ouvrirait une perspective de remake des accords d&rsquo;Oslo (1993,1995) dans laquelle, en sus d&rsquo;une vague promesse d&rsquo;\u00c9tat palestinien quelque part dans le futur, la colonisation en cours de la Palestine se d\u00e9ploierait sous les auspices d&rsquo;Isra\u00ebl et du r\u00e9gime collaborationniste de Mahmoud Abbas.<\/p>\n<p>La question est de savoir si les fascistes qui tiennent les r\u00eanes du gouvernement isra\u00e9lien d\u00e9sirent renoncer \u00e0 la famine comme arme g\u00e9nocidaire. Le r\u00e9gime se radicalise, pr\u00e9cis\u00e9ment comme cela avait \u00e9t\u00e9 le cas jadis avec le r\u00e9gime hitl\u00e9rien qui avait attendu le d\u00e9but 1942 pour d\u00e9cider d&rsquo;an\u00e9antir physiquement le peuple juif.<\/p>\n<p>Voici \u00e0 quoi pourrait ressembler cette lettre :<\/p>\n<p>&nbsp;<\/p>\n<blockquote><p>Cher Premier ministre Netanyahou,<\/p>\n<p>Comme vos services vous l&rsquo;ont sans doute d\u00e9j\u00e0 fait savoir, le 2 septembre, le gouvernement belge a pris position \u00e0 propos des \u00e9v\u00e9nements d\u00e9clench\u00e9s par l&rsquo;attaque terroriste du Hamas.<\/p>\n<p>Vous connaissez mon point de vue, car je suis r\u00e9guli\u00e8rement en concertation avec votre ambassadrice et il ne laisse rien \u00e0 d\u00e9sirer en termes de clart\u00e9 : Isra\u00ebl m\u00e9rite tout le soutien en tant que terre d&rsquo;accueil du peuple juif et phare de d\u00e9mocratie dans un monde o\u00f9 l&rsquo;extr\u00e9misme islamique est en pleine ascension.<\/p>\n<p>J&rsquo;ai d\u00e9fendu cette position sans rel\u00e2che au sein de mon parti, la N-VA. Avec succ\u00e8s, car les points de vue d&rsquo;hommes politiques de la N-VA tels Piet De Bruyn, Mark Demesmaeker et Wilfried Vandaele qui, alors qu&rsquo;ils \u00e9taient d\u00e9put\u00e9s, en 2018, avaient chapitr\u00e9 dans une lettre ouverte ce qu&rsquo;ils appelaient \u00ab la colonisation par Isra\u00ebl de la Palestine \u00bb en tant que \u00ab crime de guerre \u00bb, appartiennent aujourd&rsquo;hui \u00e0 un lointain pass\u00e9.<\/p>\n<p>L&rsquo;actuelle position du gouvernement est un compromis. Ce n&rsquo;est certainement pas la mienne, mais je voudrais la d\u00e9fendre aupr\u00e8s de vous car elle sauve l&rsquo;essentiel et \u00f4te la pression sur notre pays \u2013 esp\u00e9rons-le \u2013 en vue d&rsquo;aborder de nouvelles \u00e9tapes.<\/p>\n<p>Car, parmi de larges couches de la population vit l&rsquo;horreur des images qui leur parviennent quotidiennement sur leurs t\u00e9l\u00e9phones, sans les filtres ou la contextualisation qui s&rsquo;imposent. Bref, la pression sur mon gouvernement \u00e9tait devenue trop forte pour continuer \u00e0 l&rsquo;ignorer.<\/p>\n<p>Jens Franssen, journaliste de notre cha\u00eene publique, dit que, effectivement, le point de vue gouvernemental \u00ab va tr\u00e8s loin et est sans pr\u00e9c\u00e9dent au cours des vingt derni\u00e8res ann\u00e9es \u00bb. Quant \u00e0 l&rsquo;affirmation de Conner Rousseau disant qu&rsquo;Isra\u00ebl \u00ab va le sentir dans son porte-monnaie \u00bb, ce sont des mots qui font surtout en sorte que le compromis gouvernemental en arrive l\u00e0 o\u00f9 je veux en venir : convaincre la population qu&rsquo;on a atteint ce qui pouvait l&rsquo;\u00eatre et que les groupes d&rsquo;agitation en faveur de la Palestine doivent \u00eatre marginalis\u00e9s \u2013 mais sans qu&rsquo;il y ait de changement essentiel.<\/p>\n<p>\u00c0 titre d&rsquo;exemple, je mentionne le titre du principal journal d&rsquo;opinion flamand De Standaard : \u00ab La Belgique va boycotter les produits des territoires occup\u00e9s par Isra\u00ebl. \u00bb Remarque : Isra\u00ebl reste hors d&rsquo;atteinte.<\/p>\n<p>Et m\u00eame \u00ab les territoires occup\u00e9s \u00bb (que vos partenaires de coalition veulent annexer) restent pour ainsi dire hors de port\u00e9e, lit-on dans le journal :<\/p>\n<p>\u00ab Mais l&rsquo;application de cette mesure n&rsquo;est pas si simple. Sur le plan \u00e9conomique, les colonies isra\u00e9liennes en Cisjordanie sont totalement int\u00e9gr\u00e9es \u00e0 l&rsquo;\u00e9conomie isra\u00e9lienne. Il s&rsquo;agit d&rsquo;entreprises de fruits et l\u00e9gumes, mais aussi de zones industrielles o\u00f9 se trouvent des usines et des ateliers et destin\u00e9es \u00e9galement \u00e0 la production de cosm\u00e9tiques \u00e0 partir des min\u00e9raux de la mer Morte. Tous les produits fabriqu\u00e9s et cultiv\u00e9s l\u00e0-bas sont \u00e9tiquet\u00e9s Product of Israel et sont achemin\u00e9s vers les march\u00e9s d&rsquo;exportation via les ports et a\u00e9roports isra\u00e9liens. \u00bb<\/p>\n<p>Remarquez par ailleurs que, pour toutes les autres sanctions possibles contre Isra\u00ebl (comme la limitation de l&rsquo;accord associatif UE-Isra\u00ebl), les d\u00e9cisions sont renvoy\u00e9es \u00e0 l&rsquo;Europe, un niveau qui est tr\u00e8s \u00e9loign\u00e9 des pressions \u00e9motionnelles d&rsquo;en bas.<\/p>\n<p>Et alors il y a la reconnaissance de l&rsquo;\u00c9tat palestinien. Une reconnaissance li\u00e9e \u00e0 des conditions : Le Hamas doit \u00eatre d\u00e9sarm\u00e9 et les 49 otages isra\u00e9liens doivent \u00eatre lib\u00e9r\u00e9s. Cela signifie que le peuple palestinien pourrait recevoir un \u00c9tat quand la voie sera d\u00e9gag\u00e9e pour l&rsquo;Autorit\u00e9 palestinienne de Mahmoud Abbas.<\/p>\n<p>Une Autorit\u00e9 palestinienne qui, depuis des d\u00e9cennies, gouverne les territoires en collaboration avec l&rsquo;\u00c9tat juif et se porte garante de la s\u00e9curit\u00e9 d&rsquo;Isra\u00ebl. De la sorte, nous aurions une r\u00e9p\u00e9tition des accords d&rsquo;Oslo entre Mahmoud Abbas et Shimon Peres. Des accords qui, durant les trois derni\u00e8res d\u00e9cennies, se sont traduits par une vague promesse d&rsquo;un \u00c9tat palestinien mais qui, dans la pratique, ont renforc\u00e9 l&#8217;empreinte isra\u00e9lienne sur le territoire, et ce, from the river to the sea, du fleuve \u00e0 la mer.<\/p>\n<p>Permettez-moi de faire un commentaire sur ce compromis du gouvernement. Si mon gouvernement a \u00e9labor\u00e9 un point de vue \u00e9loign\u00e9 du mien, cela n&rsquo;a rien \u00e0 voir avec l&rsquo;agitation des activistes propalestiniens ou des \u00ab partisans du Hamas \u00bb.<\/p>\n<p>Cette agitation, il est vrai, a eu un impact jusqu&rsquo;en avril-mai de cette ann\u00e9e, mais elle est rest\u00e9e pour une bonne part limit\u00e9e aux m\u00e9dias sociaux. Cette propagande n&rsquo;a pas vraiment eu d&#8217;emprise sur les m\u00e9dias de masse. Les journalistes et les faiseurs d&rsquo;opinion importants sont peut-\u00eatre rest\u00e9s critiques, mais ils suivent n\u00e9anmoins les d\u00e9veloppements avec bienveillance.<\/p>\n<p>J&rsquo;ose en conclure que les grands axes strat\u00e9giques de la politique isra\u00e9lienne ne sont pas vraiment remis en question, ici.<\/p>\n<p>Toutefois, le changement est survenu quand votre gouvernement a d\u00e9cid\u00e9 de restreindre fortement l&rsquo;entr\u00e9e de vivres \u00e0 Gaza : c&rsquo;est l&rsquo;image des enfants affam\u00e9s et non les choix strat\u00e9giques d&rsquo;Isra\u00ebl qui a cr\u00e9\u00e9 un point de basculement de l&rsquo;opinion publique vers un rejet de la politique isra\u00e9lienne.<\/p>\n<p>En tant qu&rsquo;ami d&rsquo;Isra\u00ebl, je sugg\u00e8re par cons\u00e9quent d&rsquo;\u00f4ter la carte humanitaire des mains des forces antis\u00e9mites, de sorte que l&rsquo;\u00c9tat juif puisse sans encombre et avec le soutien international n\u00e9cessaire continuer de faire ce pour quoi il a \u00e9t\u00e9 cr\u00e9\u00e9 : fournir un refuge s\u00fbr au peuple juif.<\/p>\n<p>Cedendo vinces ! (En c\u00e9dant, tu vaincras!)<\/p><\/blockquote>\n<blockquote><p>En toute solidarit\u00e9,<\/p><\/blockquote>\n<blockquote><p>Bart De Wever<\/p><\/blockquote>\n<p>&nbsp;<\/p>\n<p>PS. Pour qui ne l&rsquo;aurait pas encore compris, cette lettre est une fiction.<\/p>\n<p style=\"text-align: center;\">*****<\/p>\n<p>Publi\u00e9 le 3 septembre 2025 sur <a href=\"https:\/\/www.dewereldmorgen.be\/artikel\/2025\/09\/03\/bart-de-wever-schrijft-vriend-benjamin-netanyahu-een-solidaire-brief\/\" target=\"_blank\" rel=\"noopener\">De Wereld Morgen&nbsp;<\/a><br \/>\nTraduction : Jean-Marie Fl\u00e9mal, <a href=\"https:\/\/charleroi-pourlapalestine.be\/\" target=\"_blank\" rel=\"noopener\">Charleroi pour la Palestine<\/a><\/p>\n<p>&nbsp;<\/p>\n","protected":false},"excerpt":{"rendered":"<p>Il ne serait pas impensable, mais tr\u00e8s envisageable, au contraire, qu&rsquo;aujourd&rsquo;hui, en ce 2 septembre 2025, par exemple, Bart De Wever adresse une lettre par courrier diplomatique au Premier ministre isra\u00e9lien.<\/p>\n","protected":false},"author":1,"featured_media":86603,"comment_status":"closed","ping_status":"closed","sticky":false,"template":"","format":"standard","meta":{"ngg_post_thumbnail":0,"footnotes":""},"categories":[64,6,344,140],"tags":[],"class_list":["post-86602","post","type-post","status-publish","format-standard","has-post-thumbnail","hentry","category-la-belgique","category-gaza","category-genocide","category-letat-colonial"],"yoast_head":"<!-- This site is optimized with the Yoast SEO plugin v27.3 - https:\/\/yoast.com\/product\/yoast-seo-wordpress\/ -->\n<title>Bart De Wever adresse une lettre de solidarit\u00e9 \u00e0 son ami Benjamin Netanyahou<\/title>\n<meta name=\"description\" content=\"Il ne serait pas impensable qu&#039;en ce 2 septembre 2025, par exemple, Bart De Wever adresse une lettre par courrier diplomatique au Premier ministre isra\u00e9lien.\" \/>\n<meta name=\"robots\" content=\"index, follow, max-snippet:-1, max-image-preview:large, max-video-preview:-1\" \/>\n<link rel=\"canonical\" href=\"https:\/\/charleroi-pourlapalestine.be\/index.php\/2025\/09\/04\/bart-de-wever-adresse-une-lettre-de-solidarite-a-son-ami-benjamin-netanyahou\/\" \/>\n<script type=\"application\/ld+json\" class=\"yoast-schema-graph\">{\"@context\":\"https:\\\/\\\/schema.org\",\"@graph\":[{\"@type\":\"Article\",\"@id\":\"https:\\\/\\\/charleroi-pourlapalestine.be\\\/index.php\\\/2025\\\/09\\\/04\\\/bart-de-wever-adresse-une-lettre-de-solidarite-a-son-ami-benjamin-netanyahou\\\/#article\",\"isPartOf\":{\"@id\":\"https:\\\/\\\/charleroi-pourlapalestine.be\\\/index.php\\\/2025\\\/09\\\/04\\\/bart-de-wever-adresse-une-lettre-de-solidarite-a-son-ami-benjamin-netanyahou\\\/\"},\"author\":{\"name\":\"admin1873\",\"@id\":\"https:\\\/\\\/charleroi-pourlapalestine.be\\\/#\\\/schema\\\/person\\\/c19ff515112f1299d8c12671d8fe3faa\"},\"headline\":\"Bart De Wever adresse une lettre de solidarit\u00e9 \u00e0 son ami Benjamin Netanyahou\",\"datePublished\":\"2025-09-04T08:40:25+00:00\",\"dateModified\":\"2025-09-04T13:59:29+00:00\",\"mainEntityOfPage\":{\"@id\":\"https:\\\/\\\/charleroi-pourlapalestine.be\\\/index.php\\\/2025\\\/09\\\/04\\\/bart-de-wever-adresse-une-lettre-de-solidarite-a-son-ami-benjamin-netanyahou\\\/\"},\"wordCount\":1350,\"publisher\":{\"@id\":\"https:\\\/\\\/charleroi-pourlapalestine.be\\\/#organization\"},\"image\":{\"@id\":\"https:\\\/\\\/charleroi-pourlapalestine.be\\\/index.php\\\/2025\\\/09\\\/04\\\/bart-de-wever-adresse-une-lettre-de-solidarite-a-son-ami-benjamin-netanyahou\\\/#primaryimage\"},\"thumbnailUrl\":\"https:\\\/\\\/charleroi-pourlapalestine.be\\\/wp-content\\\/uploads\\\/2025\\\/09\\\/Bart-De-Wever-e1756993456580.png\",\"articleSection\":[\"Belgique\",\"Gaza\",\"G\u00e9nocide\",\"L'Etat colonial\"],\"inLanguage\":\"fr-FR\"},{\"@type\":\"WebPage\",\"@id\":\"https:\\\/\\\/charleroi-pourlapalestine.be\\\/index.php\\\/2025\\\/09\\\/04\\\/bart-de-wever-adresse-une-lettre-de-solidarite-a-son-ami-benjamin-netanyahou\\\/\",\"url\":\"https:\\\/\\\/charleroi-pourlapalestine.be\\\/index.php\\\/2025\\\/09\\\/04\\\/bart-de-wever-adresse-une-lettre-de-solidarite-a-son-ami-benjamin-netanyahou\\\/\",\"name\":\"Bart De Wever adresse une lettre de solidarit\u00e9 \u00e0 son ami Benjamin Netanyahou\",\"isPartOf\":{\"@id\":\"https:\\\/\\\/charleroi-pourlapalestine.be\\\/#website\"},\"primaryImageOfPage\":{\"@id\":\"https:\\\/\\\/charleroi-pourlapalestine.be\\\/index.php\\\/2025\\\/09\\\/04\\\/bart-de-wever-adresse-une-lettre-de-solidarite-a-son-ami-benjamin-netanyahou\\\/#primaryimage\"},\"image\":{\"@id\":\"https:\\\/\\\/charleroi-pourlapalestine.be\\\/index.php\\\/2025\\\/09\\\/04\\\/bart-de-wever-adresse-une-lettre-de-solidarite-a-son-ami-benjamin-netanyahou\\\/#primaryimage\"},\"thumbnailUrl\":\"https:\\\/\\\/charleroi-pourlapalestine.be\\\/wp-content\\\/uploads\\\/2025\\\/09\\\/Bart-De-Wever-e1756993456580.png\",\"datePublished\":\"2025-09-04T08:40:25+00:00\",\"dateModified\":\"2025-09-04T13:59:29+00:00\",\"description\":\"Il ne serait pas impensable qu'en ce 2 septembre 2025, par exemple, Bart De Wever adresse une lettre par courrier diplomatique au Premier ministre isra\u00e9lien.\",\"breadcrumb\":{\"@id\":\"https:\\\/\\\/charleroi-pourlapalestine.be\\\/index.php\\\/2025\\\/09\\\/04\\\/bart-de-wever-adresse-une-lettre-de-solidarite-a-son-ami-benjamin-netanyahou\\\/#breadcrumb\"},\"inLanguage\":\"fr-FR\",\"potentialAction\":[{\"@type\":\"ReadAction\",\"target\":[\"https:\\\/\\\/charleroi-pourlapalestine.be\\\/index.php\\\/2025\\\/09\\\/04\\\/bart-de-wever-adresse-une-lettre-de-solidarite-a-son-ami-benjamin-netanyahou\\\/\"]}]},{\"@type\":\"ImageObject\",\"inLanguage\":\"fr-FR\",\"@id\":\"https:\\\/\\\/charleroi-pourlapalestine.be\\\/index.php\\\/2025\\\/09\\\/04\\\/bart-de-wever-adresse-une-lettre-de-solidarite-a-son-ami-benjamin-netanyahou\\\/#primaryimage\",\"url\":\"https:\\\/\\\/charleroi-pourlapalestine.be\\\/wp-content\\\/uploads\\\/2025\\\/09\\\/Bart-De-Wever-e1756993456580.png\",\"contentUrl\":\"https:\\\/\\\/charleroi-pourlapalestine.be\\\/wp-content\\\/uploads\\\/2025\\\/09\\\/Bart-De-Wever-e1756993456580.png\",\"width\":1213,\"height\":1017},{\"@type\":\"BreadcrumbList\",\"@id\":\"https:\\\/\\\/charleroi-pourlapalestine.be\\\/index.php\\\/2025\\\/09\\\/04\\\/bart-de-wever-adresse-une-lettre-de-solidarite-a-son-ami-benjamin-netanyahou\\\/#breadcrumb\",\"itemListElement\":[{\"@type\":\"ListItem\",\"position\":1,\"name\":\"Accueil\",\"item\":\"https:\\\/\\\/charleroi-pourlapalestine.be\\\/\"},{\"@type\":\"ListItem\",\"position\":2,\"name\":\"Bart De Wever adresse une lettre de solidarit\u00e9 \u00e0 son ami Benjamin Netanyahou\"}]},{\"@type\":\"WebSite\",\"@id\":\"https:\\\/\\\/charleroi-pourlapalestine.be\\\/#website\",\"url\":\"https:\\\/\\\/charleroi-pourlapalestine.be\\\/\",\"name\":\"Charleroi Pour la Palestine\",\"description\":\"\",\"publisher\":{\"@id\":\"https:\\\/\\\/charleroi-pourlapalestine.be\\\/#organization\"},\"potentialAction\":[{\"@type\":\"SearchAction\",\"target\":{\"@type\":\"EntryPoint\",\"urlTemplate\":\"https:\\\/\\\/charleroi-pourlapalestine.be\\\/?s={search_term_string}\"},\"query-input\":{\"@type\":\"PropertyValueSpecification\",\"valueRequired\":true,\"valueName\":\"search_term_string\"}}],\"inLanguage\":\"fr-FR\"},{\"@type\":\"Organization\",\"@id\":\"https:\\\/\\\/charleroi-pourlapalestine.be\\\/#organization\",\"name\":\"Plate-forme Charleroi-Palestine\",\"url\":\"https:\\\/\\\/charleroi-pourlapalestine.be\\\/\",\"logo\":{\"@type\":\"ImageObject\",\"inLanguage\":\"fr-FR\",\"@id\":\"https:\\\/\\\/charleroi-pourlapalestine.be\\\/#\\\/schema\\\/logo\\\/image\\\/\",\"url\":\"https:\\\/\\\/charleroi-pourlapalestine.be\\\/wp-content\\\/uploads\\\/2020\\\/01\\\/logo-Copy.jpg\",\"contentUrl\":\"https:\\\/\\\/charleroi-pourlapalestine.be\\\/wp-content\\\/uploads\\\/2020\\\/01\\\/logo-Copy.jpg\",\"width\":180,\"height\":180,\"caption\":\"Plate-forme Charleroi-Palestine\"},\"image\":{\"@id\":\"https:\\\/\\\/charleroi-pourlapalestine.be\\\/#\\\/schema\\\/logo\\\/image\\\/\"},\"sameAs\":[\"https:\\\/\\\/www.facebook.com\\\/PlateformeCharleroiPalestine\\\/\",\"https:\\\/\\\/x.com\\\/LaCharleroi\"]},{\"@type\":\"Person\",\"@id\":\"https:\\\/\\\/charleroi-pourlapalestine.be\\\/#\\\/schema\\\/person\\\/c19ff515112f1299d8c12671d8fe3faa\",\"name\":\"admin1873\",\"url\":\"https:\\\/\\\/charleroi-pourlapalestine.be\\\/index.php\\\/author\\\/admin1873\\\/\"}]}<\/script>\n<!-- \/ Yoast SEO plugin. -->","yoast_head_json":{"title":"Bart De Wever adresse une lettre de solidarit\u00e9 \u00e0 son ami Benjamin Netanyahou","description":"Il ne serait pas impensable qu'en ce 2 septembre 2025, par exemple, Bart De Wever adresse une lettre par courrier diplomatique au Premier ministre isra\u00e9lien.","robots":{"index":"index","follow":"follow","max-snippet":"max-snippet:-1","max-image-preview":"max-image-preview:large","max-video-preview":"max-video-preview:-1"},"canonical":"https:\/\/charleroi-pourlapalestine.be\/index.php\/2025\/09\/04\/bart-de-wever-adresse-une-lettre-de-solidarite-a-son-ami-benjamin-netanyahou\/","schema":{"@context":"https:\/\/schema.org","@graph":[{"@type":"Article","@id":"https:\/\/charleroi-pourlapalestine.be\/index.php\/2025\/09\/04\/bart-de-wever-adresse-une-lettre-de-solidarite-a-son-ami-benjamin-netanyahou\/#article","isPartOf":{"@id":"https:\/\/charleroi-pourlapalestine.be\/index.php\/2025\/09\/04\/bart-de-wever-adresse-une-lettre-de-solidarite-a-son-ami-benjamin-netanyahou\/"},"author":{"name":"admin1873","@id":"https:\/\/charleroi-pourlapalestine.be\/#\/schema\/person\/c19ff515112f1299d8c12671d8fe3faa"},"headline":"Bart De Wever adresse une lettre de solidarit\u00e9 \u00e0 son ami Benjamin Netanyahou","datePublished":"2025-09-04T08:40:25+00:00","dateModified":"2025-09-04T13:59:29+00:00","mainEntityOfPage":{"@id":"https:\/\/charleroi-pourlapalestine.be\/index.php\/2025\/09\/04\/bart-de-wever-adresse-une-lettre-de-solidarite-a-son-ami-benjamin-netanyahou\/"},"wordCount":1350,"publisher":{"@id":"https:\/\/charleroi-pourlapalestine.be\/#organization"},"image":{"@id":"https:\/\/charleroi-pourlapalestine.be\/index.php\/2025\/09\/04\/bart-de-wever-adresse-une-lettre-de-solidarite-a-son-ami-benjamin-netanyahou\/#primaryimage"},"thumbnailUrl":"https:\/\/charleroi-pourlapalestine.be\/wp-content\/uploads\/2025\/09\/Bart-De-Wever-e1756993456580.png","articleSection":["Belgique","Gaza","G\u00e9nocide","L'Etat colonial"],"inLanguage":"fr-FR"},{"@type":"WebPage","@id":"https:\/\/charleroi-pourlapalestine.be\/index.php\/2025\/09\/04\/bart-de-wever-adresse-une-lettre-de-solidarite-a-son-ami-benjamin-netanyahou\/","url":"https:\/\/charleroi-pourlapalestine.be\/index.php\/2025\/09\/04\/bart-de-wever-adresse-une-lettre-de-solidarite-a-son-ami-benjamin-netanyahou\/","name":"Bart De Wever adresse une lettre de solidarit\u00e9 \u00e0 son ami Benjamin Netanyahou","isPartOf":{"@id":"https:\/\/charleroi-pourlapalestine.be\/#website"},"primaryImageOfPage":{"@id":"https:\/\/charleroi-pourlapalestine.be\/index.php\/2025\/09\/04\/bart-de-wever-adresse-une-lettre-de-solidarite-a-son-ami-benjamin-netanyahou\/#primaryimage"},"image":{"@id":"https:\/\/charleroi-pourlapalestine.be\/index.php\/2025\/09\/04\/bart-de-wever-adresse-une-lettre-de-solidarite-a-son-ami-benjamin-netanyahou\/#primaryimage"},"thumbnailUrl":"https:\/\/charleroi-pourlapalestine.be\/wp-content\/uploads\/2025\/09\/Bart-De-Wever-e1756993456580.png","datePublished":"2025-09-04T08:40:25+00:00","dateModified":"2025-09-04T13:59:29+00:00","description":"Il ne serait pas impensable qu'en ce 2 septembre 2025, par exemple, Bart De Wever adresse une lettre par courrier diplomatique au Premier ministre isra\u00e9lien.","breadcrumb":{"@id":"https:\/\/charleroi-pourlapalestine.be\/index.php\/2025\/09\/04\/bart-de-wever-adresse-une-lettre-de-solidarite-a-son-ami-benjamin-netanyahou\/#breadcrumb"},"inLanguage":"fr-FR","potentialAction":[{"@type":"ReadAction","target":["https:\/\/charleroi-pourlapalestine.be\/index.php\/2025\/09\/04\/bart-de-wever-adresse-une-lettre-de-solidarite-a-son-ami-benjamin-netanyahou\/"]}]},{"@type":"ImageObject","inLanguage":"fr-FR","@id":"https:\/\/charleroi-pourlapalestine.be\/index.php\/2025\/09\/04\/bart-de-wever-adresse-une-lettre-de-solidarite-a-son-ami-benjamin-netanyahou\/#primaryimage","url":"https:\/\/charleroi-pourlapalestine.be\/wp-content\/uploads\/2025\/09\/Bart-De-Wever-e1756993456580.png","contentUrl":"https:\/\/charleroi-pourlapalestine.be\/wp-content\/uploads\/2025\/09\/Bart-De-Wever-e1756993456580.png","width":1213,"height":1017},{"@type":"BreadcrumbList","@id":"https:\/\/charleroi-pourlapalestine.be\/index.php\/2025\/09\/04\/bart-de-wever-adresse-une-lettre-de-solidarite-a-son-ami-benjamin-netanyahou\/#breadcrumb","itemListElement":[{"@type":"ListItem","position":1,"name":"Accueil","item":"https:\/\/charleroi-pourlapalestine.be\/"},{"@type":"ListItem","position":2,"name":"Bart De Wever adresse une lettre de solidarit\u00e9 \u00e0 son ami Benjamin Netanyahou"}]},{"@type":"WebSite","@id":"https:\/\/charleroi-pourlapalestine.be\/#website","url":"https:\/\/charleroi-pourlapalestine.be\/","name":"Charleroi Pour la Palestine","description":"","publisher":{"@id":"https:\/\/charleroi-pourlapalestine.be\/#organization"},"potentialAction":[{"@type":"SearchAction","target":{"@type":"EntryPoint","urlTemplate":"https:\/\/charleroi-pourlapalestine.be\/?s={search_term_string}"},"query-input":{"@type":"PropertyValueSpecification","valueRequired":true,"valueName":"search_term_string"}}],"inLanguage":"fr-FR"},{"@type":"Organization","@id":"https:\/\/charleroi-pourlapalestine.be\/#organization","name":"Plate-forme Charleroi-Palestine","url":"https:\/\/charleroi-pourlapalestine.be\/","logo":{"@type":"ImageObject","inLanguage":"fr-FR","@id":"https:\/\/charleroi-pourlapalestine.be\/#\/schema\/logo\/image\/","url":"https:\/\/charleroi-pourlapalestine.be\/wp-content\/uploads\/2020\/01\/logo-Copy.jpg","contentUrl":"https:\/\/charleroi-pourlapalestine.be\/wp-content\/uploads\/2020\/01\/logo-Copy.jpg","width":180,"height":180,"caption":"Plate-forme Charleroi-Palestine"},"image":{"@id":"https:\/\/charleroi-pourlapalestine.be\/#\/schema\/logo\/image\/"},"sameAs":["https:\/\/www.facebook.com\/PlateformeCharleroiPalestine\/","https:\/\/x.com\/LaCharleroi"]},{"@type":"Person","@id":"https:\/\/charleroi-pourlapalestine.be\/#\/schema\/person\/c19ff515112f1299d8c12671d8fe3faa","name":"admin1873","url":"https:\/\/charleroi-pourlapalestine.be\/index.php\/author\/admin1873\/"}]}},"_links":{"self":[{"href":"https:\/\/charleroi-pourlapalestine.be\/index.php\/wp-json\/wp\/v2\/posts\/86602","targetHints":{"allow":["GET"]}}],"collection":[{"href":"https:\/\/charleroi-pourlapalestine.be\/index.php\/wp-json\/wp\/v2\/posts"}],"about":[{"href":"https:\/\/charleroi-pourlapalestine.be\/index.php\/wp-json\/wp\/v2\/types\/post"}],"author":[{"embeddable":true,"href":"https:\/\/charleroi-pourlapalestine.be\/index.php\/wp-json\/wp\/v2\/users\/1"}],"replies":[{"embeddable":true,"href":"https:\/\/charleroi-pourlapalestine.be\/index.php\/wp-json\/wp\/v2\/comments?post=86602"}],"version-history":[{"count":0,"href":"https:\/\/charleroi-pourlapalestine.be\/index.php\/wp-json\/wp\/v2\/posts\/86602\/revisions"}],"wp:featuredmedia":[{"embeddable":true,"href":"https:\/\/charleroi-pourlapalestine.be\/index.php\/wp-json\/wp\/v2\/media\/86603"}],"wp:attachment":[{"href":"https:\/\/charleroi-pourlapalestine.be\/index.php\/wp-json\/wp\/v2\/media?parent=86602"}],"wp:term":[{"taxonomy":"category","embeddable":true,"href":"https:\/\/charleroi-pourlapalestine.be\/index.php\/wp-json\/wp\/v2\/categories?post=86602"},{"taxonomy":"post_tag","embeddable":true,"href":"https:\/\/charleroi-pourlapalestine.be\/index.php\/wp-json\/wp\/v2\/tags?post=86602"}],"curies":[{"name":"wp","href":"https:\/\/api.w.org\/{rel}","templated":true}]}}