{"id":86613,"date":"2025-09-03T20:32:00","date_gmt":"2025-09-03T18:32:00","guid":{"rendered":"https:\/\/charleroi-pourlapalestine.be\/?p=86613"},"modified":"2025-09-04T18:41:50","modified_gmt":"2025-09-04T16:41:50","slug":"masar-badil-salue-les-travailleurs-des-ports-de-genes-et-dathenes-prets-a-paralyser-toute-activite-portuaire","status":"publish","type":"post","link":"https:\/\/charleroi-pourlapalestine.be\/index.php\/2025\/09\/03\/masar-badil-salue-les-travailleurs-des-ports-de-genes-et-dathenes-prets-a-paralyser-toute-activite-portuaire\/","title":{"rendered":"Masar Badil salue les travailleurs des ports de G\u00eanes et d&rsquo;Ath\u00e8nes pr\u00eats \u00e0 paralyser toute activit\u00e9 portuaire"},"content":{"rendered":"<p>Masar Badil, le Mouvement alternatif de la voie r\u00e9volutionnaire palestinienne, a adress\u00e9 ses salutations militantes aux travailleurs portuaires de G\u00eanes et d&rsquo;Ath\u00e8nes et \u00e0 tous les syndicats ouvriers participant au soutien de la <strong>Flottille mondiale du Sumud<\/strong> en route vers Gaza et encensant sa position h\u00e9ro\u00efque face au si\u00e8ge sioniste en cours qui dure depuis 22 mois ainsi que sa reconnaissance des ports comme des lieux de confrontation contre l&rsquo;occupation et ses partisans.<\/p>\n<p>&nbsp;<\/p>\n<p><img loading=\"lazy\" decoding=\"async\" class=\"aligncenter wp-image-86614 size-full\" src=\"https:\/\/charleroi-pourlapalestine.be\/wp-content\/uploads\/2025\/09\/Les-dockers-de-Genes.jpeg\" alt=\"Masar Badil salue les travailleurs des ports de G\u00eanes et d'Ath\u00e8nes\" width=\"512\" height=\"640\" srcset=\"https:\/\/charleroi-pourlapalestine.be\/wp-content\/uploads\/2025\/09\/Les-dockers-de-Genes.jpeg 512w, https:\/\/charleroi-pourlapalestine.be\/wp-content\/uploads\/2025\/09\/Les-dockers-de-Genes-200x250.jpeg 200w, https:\/\/charleroi-pourlapalestine.be\/wp-content\/uploads\/2025\/09\/Les-dockers-de-Genes-400x500.jpeg 400w\" sizes=\"auto, (max-width: 512px) 100vw, 512px\" \/><\/p>\n<p>&nbsp;<\/p>\n<p>&nbsp;<\/p>\n<p>Masar Badil affirme que la d\u00e9claration des travailleurs de G\u00eanes et d&rsquo;Ath\u00e8nes se disant pr\u00eats \u00e0 paralyser l&rsquo;activit\u00e9 portuaire et \u00e0 bloquer tout acheminement d&rsquo;armes et de marchandises vers l&rsquo;entit\u00e9 occupante repr\u00e9sente<\/p>\n<blockquote><p>\u00ab une transformation strat\u00e9gique dans le combat en vue de rompre le si\u00e8ge ainsi qu&rsquo;un message fort \u00e0 l&rsquo;adresse des gouvernements europ\u00e9ens complices leur disant que les peuples ne sont pas du c\u00f4t\u00e9 du bourreau mais sont avec la victime \u00bb.<\/p><\/blockquote>\n<p>Les travailleurs portuaires des deux villes ont d\u00e9j\u00e0 entrepris des actions en vue d&#8217;emp\u00eacher dans leurs ports m\u00eames le chargement ou le d\u00e9chargement de navires transportant de l&rsquo;armement vers l&rsquo;entit\u00e9 sioniste.<\/p>\n<p>Nous nous joignons aux travailleurs en pr\u00e9venant que la moindre attaque sioniste contre la Flottille mondiale du Sumud ou contre les volontaires qui y participent \u00ab sera accueillie par une r\u00e9ponse mondiale sans pr\u00e9c\u00e9dent \u00bb, et nous faisons remarquer que les syndicats ouvriers de plusieurs pays envisagent de lancer un appel \u00e0 une<strong> gr\u00e8ve internationale des travailleurs qui paralyserait les ports et a\u00e9roports<\/strong> et mettrait \u00e0 l&rsquo;arr\u00eat le commerce avec l&rsquo;occupation.<\/p>\n<p><strong>Nous appelons tous les syndicats ouvriers et f\u00e9d\u00e9rations portuaires du monde entier \u00e0 se pr\u00e9parer \u00e0 l&rsquo;action imm\u00e9diate et \u00e0 organiser de larges gr\u00e8ves en d\u00e9fense des volontaires qui participent \u00e0 la flottille et en d\u00e9fense du droit de notre peuple \u00e0 la vie, \u00e0 la libert\u00e9 et \u00e0 la dignit\u00e9 tant \u00e0 Gaza que dans toute la Palestine occup\u00e9e et nous affirmons qu&rsquo;affronter le si\u00e8ge et briser les lignes de livraison du g\u00e9nocide constituent des responsabilit\u00e9s humaines fondamentales, en sus d&rsquo;une position politique de principe.<\/strong><\/p>\n<p style=\"text-align: center;\">*****<\/p>\n<p>Publi\u00e9 le 2 septembre 2025 sur <a href=\"https:\/\/masarbadil.org\/en\/2025\/09\/6810\/\" target=\"_blank\" rel=\"noopener\">Masar Badil<\/a><br \/>\nTraduction : Jean-Marie Fl\u00e9mal,<a href=\"https:\/\/charleroi-pourlapalestine.be\/\"> Charleroi pour la Palestine<\/a><\/p>\n","protected":false},"excerpt":{"rendered":"<p>Les travailleurs de G\u00eanes et d&rsquo;Ath\u00e8nes ont d\u00e9j\u00e0 entrepris des actions en vue d&#8217;emp\u00eacher dans leurs ports m\u00eames le chargement ou le d\u00e9chargement de navires transportant de l&rsquo;armement vers l&rsquo;entit\u00e9 sioniste    <\/p>\n","protected":false},"author":1,"featured_media":86618,"comment_status":"closed","ping_status":"closed","sticky":false,"template":"","format":"standard","meta":{"ngg_post_thumbnail":0,"footnotes":""},"categories":[793,908,1054,502,1015,438,193,86],"tags":[],"class_list":["post-86613","post","type-post","status-publish","format-standard","has-post-thumbnail","hentry","category-action-directe","category-classe-ouvriere","category-flotille-mondiale-du-sumud","category-grece","category-heros","category-italie","category-mouvement-de-solidarite","category-les-syndicats"],"yoast_head":"<!-- This site is optimized with the Yoast SEO plugin v27.3 - https:\/\/yoast.com\/product\/yoast-seo-wordpress\/ -->\n<title>Masar Badil salue les travailleurs des ports de G\u00eanes et d&#039;Ath\u00e8nes pr\u00eats \u00e0 paralyser toute activit\u00e9 portuaire<\/title>\n<meta name=\"description\" content=\"Les travailleurs de de G\u00eanes et d&#039;Ath\u00e8nes ont d\u00e9j\u00e0 entrepris des actions en vue d&#039;emp\u00eacher dans leurs ports m\u00eames le chargement ou le d\u00e9chargement de navires transportant de l&#039;armement vers l&#039;entit\u00e9 sioniste.\" \/>\n<meta name=\"robots\" content=\"index, follow, max-snippet:-1, max-image-preview:large, max-video-preview:-1\" \/>\n<link rel=\"canonical\" href=\"https:\/\/charleroi-pourlapalestine.be\/index.php\/2025\/09\/03\/masar-badil-salue-les-travailleurs-des-ports-de-genes-et-dathenes-prets-a-paralyser-toute-activite-portuaire\/\" \/>\n<script type=\"application\/ld+json\" class=\"yoast-schema-graph\">{\"@context\":\"https:\\\/\\\/schema.org\",\"@graph\":[{\"@type\":\"Article\",\"@id\":\"https:\\\/\\\/charleroi-pourlapalestine.be\\\/index.php\\\/2025\\\/09\\\/03\\\/masar-badil-salue-les-travailleurs-des-ports-de-genes-et-dathenes-prets-a-paralyser-toute-activite-portuaire\\\/#article\",\"isPartOf\":{\"@id\":\"https:\\\/\\\/charleroi-pourlapalestine.be\\\/index.php\\\/2025\\\/09\\\/03\\\/masar-badil-salue-les-travailleurs-des-ports-de-genes-et-dathenes-prets-a-paralyser-toute-activite-portuaire\\\/\"},\"author\":{\"name\":\"admin1873\",\"@id\":\"https:\\\/\\\/charleroi-pourlapalestine.be\\\/#\\\/schema\\\/person\\\/c19ff515112f1299d8c12671d8fe3faa\"},\"headline\":\"Masar Badil salue les travailleurs des ports de G\u00eanes et d&rsquo;Ath\u00e8nes pr\u00eats \u00e0 paralyser toute activit\u00e9 portuaire\",\"datePublished\":\"2025-09-03T18:32:00+00:00\",\"dateModified\":\"2025-09-04T16:41:50+00:00\",\"mainEntityOfPage\":{\"@id\":\"https:\\\/\\\/charleroi-pourlapalestine.be\\\/index.php\\\/2025\\\/09\\\/03\\\/masar-badil-salue-les-travailleurs-des-ports-de-genes-et-dathenes-prets-a-paralyser-toute-activite-portuaire\\\/\"},\"wordCount\":405,\"publisher\":{\"@id\":\"https:\\\/\\\/charleroi-pourlapalestine.be\\\/#organization\"},\"image\":{\"@id\":\"https:\\\/\\\/charleroi-pourlapalestine.be\\\/index.php\\\/2025\\\/09\\\/03\\\/masar-badil-salue-les-travailleurs-des-ports-de-genes-et-dathenes-prets-a-paralyser-toute-activite-portuaire\\\/#primaryimage\"},\"thumbnailUrl\":\"https:\\\/\\\/charleroi-pourlapalestine.be\\\/wp-content\\\/uploads\\\/2025\\\/09\\\/Dockers-1.png\",\"articleSection\":[\"Action directe\",\"Classe ouvri\u00e8re\",\"Flotille mondiale du Sumud\",\"Gr\u00e8ce\",\"h\u00e9ros\",\"italie\",\"Solidarit\u00e9 internationale\",\"Syndicats\"],\"inLanguage\":\"fr-FR\"},{\"@type\":\"WebPage\",\"@id\":\"https:\\\/\\\/charleroi-pourlapalestine.be\\\/index.php\\\/2025\\\/09\\\/03\\\/masar-badil-salue-les-travailleurs-des-ports-de-genes-et-dathenes-prets-a-paralyser-toute-activite-portuaire\\\/\",\"url\":\"https:\\\/\\\/charleroi-pourlapalestine.be\\\/index.php\\\/2025\\\/09\\\/03\\\/masar-badil-salue-les-travailleurs-des-ports-de-genes-et-dathenes-prets-a-paralyser-toute-activite-portuaire\\\/\",\"name\":\"Masar Badil salue les travailleurs des ports de G\u00eanes et d'Ath\u00e8nes pr\u00eats \u00e0 paralyser toute activit\u00e9 portuaire\",\"isPartOf\":{\"@id\":\"https:\\\/\\\/charleroi-pourlapalestine.be\\\/#website\"},\"primaryImageOfPage\":{\"@id\":\"https:\\\/\\\/charleroi-pourlapalestine.be\\\/index.php\\\/2025\\\/09\\\/03\\\/masar-badil-salue-les-travailleurs-des-ports-de-genes-et-dathenes-prets-a-paralyser-toute-activite-portuaire\\\/#primaryimage\"},\"image\":{\"@id\":\"https:\\\/\\\/charleroi-pourlapalestine.be\\\/index.php\\\/2025\\\/09\\\/03\\\/masar-badil-salue-les-travailleurs-des-ports-de-genes-et-dathenes-prets-a-paralyser-toute-activite-portuaire\\\/#primaryimage\"},\"thumbnailUrl\":\"https:\\\/\\\/charleroi-pourlapalestine.be\\\/wp-content\\\/uploads\\\/2025\\\/09\\\/Dockers-1.png\",\"datePublished\":\"2025-09-03T18:32:00+00:00\",\"dateModified\":\"2025-09-04T16:41:50+00:00\",\"description\":\"Les travailleurs de de G\u00eanes et d'Ath\u00e8nes ont d\u00e9j\u00e0 entrepris des actions en vue d'emp\u00eacher dans leurs ports m\u00eames le chargement ou le d\u00e9chargement de navires transportant de l'armement vers l'entit\u00e9 sioniste.\",\"breadcrumb\":{\"@id\":\"https:\\\/\\\/charleroi-pourlapalestine.be\\\/index.php\\\/2025\\\/09\\\/03\\\/masar-badil-salue-les-travailleurs-des-ports-de-genes-et-dathenes-prets-a-paralyser-toute-activite-portuaire\\\/#breadcrumb\"},\"inLanguage\":\"fr-FR\",\"potentialAction\":[{\"@type\":\"ReadAction\",\"target\":[\"https:\\\/\\\/charleroi-pourlapalestine.be\\\/index.php\\\/2025\\\/09\\\/03\\\/masar-badil-salue-les-travailleurs-des-ports-de-genes-et-dathenes-prets-a-paralyser-toute-activite-portuaire\\\/\"]}]},{\"@type\":\"ImageObject\",\"inLanguage\":\"fr-FR\",\"@id\":\"https:\\\/\\\/charleroi-pourlapalestine.be\\\/index.php\\\/2025\\\/09\\\/03\\\/masar-badil-salue-les-travailleurs-des-ports-de-genes-et-dathenes-prets-a-paralyser-toute-activite-portuaire\\\/#primaryimage\",\"url\":\"https:\\\/\\\/charleroi-pourlapalestine.be\\\/wp-content\\\/uploads\\\/2025\\\/09\\\/Dockers-1.png\",\"contentUrl\":\"https:\\\/\\\/charleroi-pourlapalestine.be\\\/wp-content\\\/uploads\\\/2025\\\/09\\\/Dockers-1.png\",\"width\":656,\"height\":385},{\"@type\":\"BreadcrumbList\",\"@id\":\"https:\\\/\\\/charleroi-pourlapalestine.be\\\/index.php\\\/2025\\\/09\\\/03\\\/masar-badil-salue-les-travailleurs-des-ports-de-genes-et-dathenes-prets-a-paralyser-toute-activite-portuaire\\\/#breadcrumb\",\"itemListElement\":[{\"@type\":\"ListItem\",\"position\":1,\"name\":\"Accueil\",\"item\":\"https:\\\/\\\/charleroi-pourlapalestine.be\\\/\"},{\"@type\":\"ListItem\",\"position\":2,\"name\":\"Masar Badil salue les travailleurs des ports de G\u00eanes et d&rsquo;Ath\u00e8nes pr\u00eats \u00e0 paralyser toute activit\u00e9 portuaire\"}]},{\"@type\":\"WebSite\",\"@id\":\"https:\\\/\\\/charleroi-pourlapalestine.be\\\/#website\",\"url\":\"https:\\\/\\\/charleroi-pourlapalestine.be\\\/\",\"name\":\"Charleroi Pour la Palestine\",\"description\":\"\",\"publisher\":{\"@id\":\"https:\\\/\\\/charleroi-pourlapalestine.be\\\/#organization\"},\"potentialAction\":[{\"@type\":\"SearchAction\",\"target\":{\"@type\":\"EntryPoint\",\"urlTemplate\":\"https:\\\/\\\/charleroi-pourlapalestine.be\\\/?s={search_term_string}\"},\"query-input\":{\"@type\":\"PropertyValueSpecification\",\"valueRequired\":true,\"valueName\":\"search_term_string\"}}],\"inLanguage\":\"fr-FR\"},{\"@type\":\"Organization\",\"@id\":\"https:\\\/\\\/charleroi-pourlapalestine.be\\\/#organization\",\"name\":\"Plate-forme Charleroi-Palestine\",\"url\":\"https:\\\/\\\/charleroi-pourlapalestine.be\\\/\",\"logo\":{\"@type\":\"ImageObject\",\"inLanguage\":\"fr-FR\",\"@id\":\"https:\\\/\\\/charleroi-pourlapalestine.be\\\/#\\\/schema\\\/logo\\\/image\\\/\",\"url\":\"https:\\\/\\\/charleroi-pourlapalestine.be\\\/wp-content\\\/uploads\\\/2020\\\/01\\\/logo-Copy.jpg\",\"contentUrl\":\"https:\\\/\\\/charleroi-pourlapalestine.be\\\/wp-content\\\/uploads\\\/2020\\\/01\\\/logo-Copy.jpg\",\"width\":180,\"height\":180,\"caption\":\"Plate-forme Charleroi-Palestine\"},\"image\":{\"@id\":\"https:\\\/\\\/charleroi-pourlapalestine.be\\\/#\\\/schema\\\/logo\\\/image\\\/\"},\"sameAs\":[\"https:\\\/\\\/www.facebook.com\\\/PlateformeCharleroiPalestine\\\/\",\"https:\\\/\\\/x.com\\\/LaCharleroi\"]},{\"@type\":\"Person\",\"@id\":\"https:\\\/\\\/charleroi-pourlapalestine.be\\\/#\\\/schema\\\/person\\\/c19ff515112f1299d8c12671d8fe3faa\",\"name\":\"admin1873\",\"url\":\"https:\\\/\\\/charleroi-pourlapalestine.be\\\/index.php\\\/author\\\/admin1873\\\/\"}]}<\/script>\n<!-- \/ Yoast SEO plugin. -->","yoast_head_json":{"title":"Masar Badil salue les travailleurs des ports de G\u00eanes et d'Ath\u00e8nes pr\u00eats \u00e0 paralyser toute activit\u00e9 portuaire","description":"Les travailleurs de de G\u00eanes et d'Ath\u00e8nes ont d\u00e9j\u00e0 entrepris des actions en vue d'emp\u00eacher dans leurs ports m\u00eames le chargement ou le d\u00e9chargement de navires transportant de l'armement vers l'entit\u00e9 sioniste.","robots":{"index":"index","follow":"follow","max-snippet":"max-snippet:-1","max-image-preview":"max-image-preview:large","max-video-preview":"max-video-preview:-1"},"canonical":"https:\/\/charleroi-pourlapalestine.be\/index.php\/2025\/09\/03\/masar-badil-salue-les-travailleurs-des-ports-de-genes-et-dathenes-prets-a-paralyser-toute-activite-portuaire\/","schema":{"@context":"https:\/\/schema.org","@graph":[{"@type":"Article","@id":"https:\/\/charleroi-pourlapalestine.be\/index.php\/2025\/09\/03\/masar-badil-salue-les-travailleurs-des-ports-de-genes-et-dathenes-prets-a-paralyser-toute-activite-portuaire\/#article","isPartOf":{"@id":"https:\/\/charleroi-pourlapalestine.be\/index.php\/2025\/09\/03\/masar-badil-salue-les-travailleurs-des-ports-de-genes-et-dathenes-prets-a-paralyser-toute-activite-portuaire\/"},"author":{"name":"admin1873","@id":"https:\/\/charleroi-pourlapalestine.be\/#\/schema\/person\/c19ff515112f1299d8c12671d8fe3faa"},"headline":"Masar Badil salue les travailleurs des ports de G\u00eanes et d&rsquo;Ath\u00e8nes pr\u00eats \u00e0 paralyser toute activit\u00e9 portuaire","datePublished":"2025-09-03T18:32:00+00:00","dateModified":"2025-09-04T16:41:50+00:00","mainEntityOfPage":{"@id":"https:\/\/charleroi-pourlapalestine.be\/index.php\/2025\/09\/03\/masar-badil-salue-les-travailleurs-des-ports-de-genes-et-dathenes-prets-a-paralyser-toute-activite-portuaire\/"},"wordCount":405,"publisher":{"@id":"https:\/\/charleroi-pourlapalestine.be\/#organization"},"image":{"@id":"https:\/\/charleroi-pourlapalestine.be\/index.php\/2025\/09\/03\/masar-badil-salue-les-travailleurs-des-ports-de-genes-et-dathenes-prets-a-paralyser-toute-activite-portuaire\/#primaryimage"},"thumbnailUrl":"https:\/\/charleroi-pourlapalestine.be\/wp-content\/uploads\/2025\/09\/Dockers-1.png","articleSection":["Action directe","Classe ouvri\u00e8re","Flotille mondiale du Sumud","Gr\u00e8ce","h\u00e9ros","italie","Solidarit\u00e9 internationale","Syndicats"],"inLanguage":"fr-FR"},{"@type":"WebPage","@id":"https:\/\/charleroi-pourlapalestine.be\/index.php\/2025\/09\/03\/masar-badil-salue-les-travailleurs-des-ports-de-genes-et-dathenes-prets-a-paralyser-toute-activite-portuaire\/","url":"https:\/\/charleroi-pourlapalestine.be\/index.php\/2025\/09\/03\/masar-badil-salue-les-travailleurs-des-ports-de-genes-et-dathenes-prets-a-paralyser-toute-activite-portuaire\/","name":"Masar Badil salue les travailleurs des ports de G\u00eanes et d'Ath\u00e8nes pr\u00eats \u00e0 paralyser toute activit\u00e9 portuaire","isPartOf":{"@id":"https:\/\/charleroi-pourlapalestine.be\/#website"},"primaryImageOfPage":{"@id":"https:\/\/charleroi-pourlapalestine.be\/index.php\/2025\/09\/03\/masar-badil-salue-les-travailleurs-des-ports-de-genes-et-dathenes-prets-a-paralyser-toute-activite-portuaire\/#primaryimage"},"image":{"@id":"https:\/\/charleroi-pourlapalestine.be\/index.php\/2025\/09\/03\/masar-badil-salue-les-travailleurs-des-ports-de-genes-et-dathenes-prets-a-paralyser-toute-activite-portuaire\/#primaryimage"},"thumbnailUrl":"https:\/\/charleroi-pourlapalestine.be\/wp-content\/uploads\/2025\/09\/Dockers-1.png","datePublished":"2025-09-03T18:32:00+00:00","dateModified":"2025-09-04T16:41:50+00:00","description":"Les travailleurs de de G\u00eanes et d'Ath\u00e8nes ont d\u00e9j\u00e0 entrepris des actions en vue d'emp\u00eacher dans leurs ports m\u00eames le chargement ou le d\u00e9chargement de navires transportant de l'armement vers l'entit\u00e9 sioniste.","breadcrumb":{"@id":"https:\/\/charleroi-pourlapalestine.be\/index.php\/2025\/09\/03\/masar-badil-salue-les-travailleurs-des-ports-de-genes-et-dathenes-prets-a-paralyser-toute-activite-portuaire\/#breadcrumb"},"inLanguage":"fr-FR","potentialAction":[{"@type":"ReadAction","target":["https:\/\/charleroi-pourlapalestine.be\/index.php\/2025\/09\/03\/masar-badil-salue-les-travailleurs-des-ports-de-genes-et-dathenes-prets-a-paralyser-toute-activite-portuaire\/"]}]},{"@type":"ImageObject","inLanguage":"fr-FR","@id":"https:\/\/charleroi-pourlapalestine.be\/index.php\/2025\/09\/03\/masar-badil-salue-les-travailleurs-des-ports-de-genes-et-dathenes-prets-a-paralyser-toute-activite-portuaire\/#primaryimage","url":"https:\/\/charleroi-pourlapalestine.be\/wp-content\/uploads\/2025\/09\/Dockers-1.png","contentUrl":"https:\/\/charleroi-pourlapalestine.be\/wp-content\/uploads\/2025\/09\/Dockers-1.png","width":656,"height":385},{"@type":"BreadcrumbList","@id":"https:\/\/charleroi-pourlapalestine.be\/index.php\/2025\/09\/03\/masar-badil-salue-les-travailleurs-des-ports-de-genes-et-dathenes-prets-a-paralyser-toute-activite-portuaire\/#breadcrumb","itemListElement":[{"@type":"ListItem","position":1,"name":"Accueil","item":"https:\/\/charleroi-pourlapalestine.be\/"},{"@type":"ListItem","position":2,"name":"Masar Badil salue les travailleurs des ports de G\u00eanes et d&rsquo;Ath\u00e8nes pr\u00eats \u00e0 paralyser toute activit\u00e9 portuaire"}]},{"@type":"WebSite","@id":"https:\/\/charleroi-pourlapalestine.be\/#website","url":"https:\/\/charleroi-pourlapalestine.be\/","name":"Charleroi Pour la Palestine","description":"","publisher":{"@id":"https:\/\/charleroi-pourlapalestine.be\/#organization"},"potentialAction":[{"@type":"SearchAction","target":{"@type":"EntryPoint","urlTemplate":"https:\/\/charleroi-pourlapalestine.be\/?s={search_term_string}"},"query-input":{"@type":"PropertyValueSpecification","valueRequired":true,"valueName":"search_term_string"}}],"inLanguage":"fr-FR"},{"@type":"Organization","@id":"https:\/\/charleroi-pourlapalestine.be\/#organization","name":"Plate-forme Charleroi-Palestine","url":"https:\/\/charleroi-pourlapalestine.be\/","logo":{"@type":"ImageObject","inLanguage":"fr-FR","@id":"https:\/\/charleroi-pourlapalestine.be\/#\/schema\/logo\/image\/","url":"https:\/\/charleroi-pourlapalestine.be\/wp-content\/uploads\/2020\/01\/logo-Copy.jpg","contentUrl":"https:\/\/charleroi-pourlapalestine.be\/wp-content\/uploads\/2020\/01\/logo-Copy.jpg","width":180,"height":180,"caption":"Plate-forme Charleroi-Palestine"},"image":{"@id":"https:\/\/charleroi-pourlapalestine.be\/#\/schema\/logo\/image\/"},"sameAs":["https:\/\/www.facebook.com\/PlateformeCharleroiPalestine\/","https:\/\/x.com\/LaCharleroi"]},{"@type":"Person","@id":"https:\/\/charleroi-pourlapalestine.be\/#\/schema\/person\/c19ff515112f1299d8c12671d8fe3faa","name":"admin1873","url":"https:\/\/charleroi-pourlapalestine.be\/index.php\/author\/admin1873\/"}]}},"_links":{"self":[{"href":"https:\/\/charleroi-pourlapalestine.be\/index.php\/wp-json\/wp\/v2\/posts\/86613","targetHints":{"allow":["GET"]}}],"collection":[{"href":"https:\/\/charleroi-pourlapalestine.be\/index.php\/wp-json\/wp\/v2\/posts"}],"about":[{"href":"https:\/\/charleroi-pourlapalestine.be\/index.php\/wp-json\/wp\/v2\/types\/post"}],"author":[{"embeddable":true,"href":"https:\/\/charleroi-pourlapalestine.be\/index.php\/wp-json\/wp\/v2\/users\/1"}],"replies":[{"embeddable":true,"href":"https:\/\/charleroi-pourlapalestine.be\/index.php\/wp-json\/wp\/v2\/comments?post=86613"}],"version-history":[{"count":0,"href":"https:\/\/charleroi-pourlapalestine.be\/index.php\/wp-json\/wp\/v2\/posts\/86613\/revisions"}],"wp:featuredmedia":[{"embeddable":true,"href":"https:\/\/charleroi-pourlapalestine.be\/index.php\/wp-json\/wp\/v2\/media\/86618"}],"wp:attachment":[{"href":"https:\/\/charleroi-pourlapalestine.be\/index.php\/wp-json\/wp\/v2\/media?parent=86613"}],"wp:term":[{"taxonomy":"category","embeddable":true,"href":"https:\/\/charleroi-pourlapalestine.be\/index.php\/wp-json\/wp\/v2\/categories?post=86613"},{"taxonomy":"post_tag","embeddable":true,"href":"https:\/\/charleroi-pourlapalestine.be\/index.php\/wp-json\/wp\/v2\/tags?post=86613"}],"curies":[{"name":"wp","href":"https:\/\/api.w.org\/{rel}","templated":true}]}}