{"id":86620,"date":"2025-09-07T08:14:21","date_gmt":"2025-09-07T06:14:21","guid":{"rendered":"https:\/\/charleroi-pourlapalestine.be\/?p=86620"},"modified":"2025-09-07T08:15:48","modified_gmt":"2025-09-07T06:15:48","slug":"manifestation-a-beyrouth-en-solidarite-avec-les-journalistes-palestinien-ne-s-assassine-e-s-et-emprisonne-e-s","status":"publish","type":"post","link":"https:\/\/charleroi-pourlapalestine.be\/index.php\/2025\/09\/07\/manifestation-a-beyrouth-en-solidarite-avec-les-journalistes-palestinien-ne-s-assassine-e-s-et-emprisonne-e-s\/","title":{"rendered":"Manifestation \u00e0 Beyrouth en solidarit\u00e9 avec les journalistes palestinien.ne.s assassin\u00e9.e.s et emprisonn\u00e9.e.s"},"content":{"rendered":"<p>Lundi, 1er septembre, place des Martyrs \u00e0 Beyrouth, a eu lieu une journ\u00e9e internationale d&rsquo;action des m\u00e9dias et de solidarit\u00e9 avec les journalistes cibl\u00e9.e.s et assassin\u00e9.e.s par le r\u00e9gime sioniste dans le cadre de son g\u00e9nocide \u00e0 Gaza. Cette manifestation de solidarit\u00e9 faisait suite \u00e0 un appel lanc\u00e9 par les journalistes libanais.es et palestinien.ne.s \u00e0 soutenir les journalistes palestinien.ne.s de la bande de Gaza confront\u00e9.e.s \u00e0 des assassinats, \u00e0 des bombardements et \u00e0 un si\u00e8ge interminable de la part des forces d&rsquo;occupation sionistes.<\/p>\n<p>&nbsp;<\/p>\n<p><img loading=\"lazy\" decoding=\"async\" class=\"aligncenter wp-image-86632 size-large\" src=\"https:\/\/charleroi-pourlapalestine.be\/wp-content\/uploads\/2025\/09\/Beyrouth-manif-pour-journalistes-assassines-667x500.jpg\" alt=\"\" width=\"667\" height=\"500\" srcset=\"https:\/\/charleroi-pourlapalestine.be\/wp-content\/uploads\/2025\/09\/Beyrouth-manif-pour-journalistes-assassines-667x500.jpg 667w, https:\/\/charleroi-pourlapalestine.be\/wp-content\/uploads\/2025\/09\/Beyrouth-manif-pour-journalistes-assassines-333x250.jpg 333w, https:\/\/charleroi-pourlapalestine.be\/wp-content\/uploads\/2025\/09\/Beyrouth-manif-pour-journalistes-assassines-768x576.jpg 768w, https:\/\/charleroi-pourlapalestine.be\/wp-content\/uploads\/2025\/09\/Beyrouth-manif-pour-journalistes-assassines.jpg 980w\" sizes=\"auto, (max-width: 667px) 100vw, 667px\" \/><\/p>\n<p>&nbsp;<\/p>\n<p>Les participant.e.s brandissaient des \u00e9criteaux r\u00e9clamant la fin de la politique isra\u00e9lienne d&rsquo;assassinat des journalistes ainsi que la libert\u00e9 des journalistes d\u00e9tenu.e.s dans les prisons de l&rsquo;occupation, et affirmant ainsi leur position aux c\u00f4t\u00e9s de leurs coll\u00e8gues de Gaza pour affronter la guerre ouverte contre la v\u00e9rit\u00e9 et la libert\u00e9 d&rsquo;expression. <strong>Samidoun<\/strong> participait \u00e0 l&rsquo;\u00e9v\u00e9nement, en promouvant les appels \u00e0 l&rsquo;action des journalistes et d\u00e9fenseurs des droits internationaux et en d\u00e9non\u00e7ant la politique des assassinats de journalistes, c&rsquo;est-\u00e0-dire d&rsquo;autres crimes de guerre et crimes contre l&rsquo;humanit\u00e9 imputables au r\u00e9gime g\u00e9nocidaire.<\/p>\n<p><strong>Plus de 247 journalistes en Palestine ont \u00e9t\u00e9 assassin\u00e9s par l&rsquo;occupation sioniste, dont Anas al-Sharif, Ismail al-Ghoul, Hassan Esleih, Hossam Shabat, Wafa al-Udaini, Maryam Abu Daqqa et, tout r\u00e9cemment, Islam Abed, tu\u00e9 le 31 ao\u00fbt. En m\u00eame temps, plus de 50 journalistes palestinien.ne.s sont d\u00e9tenu.e.s dans les prisons de l&rsquo;occupation, soumis \u00e0 des tortures s\u00e9v\u00e8res, \u00e0 l&rsquo;affamement et \u00e0 l&rsquo;isolement dans le cadre d&rsquo;une politique syst\u00e9matique de ciblage des voix des journalistes palestinien.ne.s et de tout travail voulant exposer aux yeux du monde les r\u00e9alit\u00e9s du g\u00e9nocide sioniste-imp\u00e9rialiste.<\/strong><\/p>\n<p>De brefs discours ont \u00e9t\u00e9 tenus, durant ce rassemblement, entre autres par le chef du Syndicat de la presse libanaise Awni El-Kaaki, le chef du Syndicat des r\u00e9dacteurs en chef Joseph Kossaifi et le journaliste palestinien Walid Kilani, qui a pris la parole au nom de la collectivit\u00e9 des journalistes palestiniens.<\/p>\n<p>La journaliste <strong>Wafaa Bahani<\/strong> a prononc\u00e9 le discours d&rsquo;introduction du rassemblement, affirmant que l&rsquo;occupation isra\u00e9lienne continuait de cibler les journalistes \u00e0 Gaza et dans toute la Palestine occup\u00e9e \u00ab parce qu&rsquo;ils d\u00e9noncent ses crimes et d\u00e9masquent sa brutalit\u00e9 \u00bb. Elle a insist\u00e9 en disant que \u00ab le sang des journalistes n&rsquo;\u00e9tait pas bon march\u00e9 \u00bb et que \u00ab la v\u00e9rit\u00e9 ne mourrait pas, aussi intense que puisse \u00eatre la criminalit\u00e9 sioniste \u00bb.<\/p>\n<p>Bahani a fait remarquer que la caravane des martyrs de la v\u00e9rit\u00e9 et de la libert\u00e9 de parole \u00e9tait longue, \u00e0 commencer par<strong> Ghassan Kanafani, Ali Fouda et Shireen Abu Akleh<\/strong> et allant jusqu&rsquo;\u00e0 <strong>Anas al-Sharif, Farah Omar, Rabie al-Maamari, Ghassan Najjar, Mohammed Reda, Wissam Qassam, Hadi al-Sayyed et Issam Abdallah<\/strong> et elle a insist\u00e9 sur le fait que les journalistes \u00ab poursuivraient la voie de la v\u00e9rit\u00e9 jusqu&rsquo;\u00e0 la lib\u00e9ration \u00bb.<\/p>\n<p>Elle a \u00e9galement exprim\u00e9 son enti\u00e8re solidarit\u00e9 avec <strong>les journalistes du Y\u00e9men,<\/strong> d\u00e9plorant la mort de son coll\u00e8gue <strong>Hashem Sharaf al-Din<\/strong>, le ministre y\u00e9m\u00e9nite de l&rsquo;Information et ancien correspondant d&rsquo;Al-Manar, r\u00e9cemment tu\u00e9 lors de la s\u00e9rie d&rsquo;assassinats qui, le 28 ao\u00fbt, a cibl\u00e9 le gouvernement y\u00e9m\u00e9nite de Sanaa, dirig\u00e9 par le Premier ministre<strong> Ahmad al-Rahwi<\/strong>. Elle a affirm\u00e9 que \u00ab son message resterait vivant aussi longtemps que le peuple combattrait dans les tranch\u00e9es de la libert\u00e9 et de la dignit\u00e9 \u00bb.<\/p>\n<p>De son c\u00f4t\u00e9, <strong>Charlotte Kates<\/strong>, coordinatrice internationale du R\u00e9seau Samidoun de solidarit\u00e9 avec les prisonniers palestiniens, a encens\u00e9 l&rsquo;initiative des m\u00e9dias \u00e0 Beyrouth, consid\u00e9rant leur d\u00e9marche comme \u00ab un message fort face \u00e0 l&rsquo;occupation et \u00e0 ses tentatives en vue d&rsquo;assassiner la voix de la v\u00e9rit\u00e9 \u00bb, et r\u00e9clamant que \u00ab l&rsquo;on d\u00e9fende le peuple palestinien et son droit de r\u00e9sister jusqu&rsquo;\u00e0 la lib\u00e9ration et le retour \u00bb.<\/p>\n<p>Charlotte Kates a insist\u00e9 sur l&rsquo;importance, lors des rencontres avec nombre de journalistes,<\/p>\n<blockquote><p>\u00ab de <strong>soutenir la voix des journalistes palestinien.ne.s d\u00e9tenus dans les prisons de l&rsquo;occupation et celle de leurs coll\u00e8gues qui transmettent au monde la r\u00e9alit\u00e9 des crimes commis quotidiennement<\/strong> par les sionistes et les Am\u00e9ricains contre les Palestiniens \u00e0 Gaza et dans toute la Palestine occup\u00e9e \u00bb.<\/p><\/blockquote>\n<p>Elle a en outre d\u00e9nonc\u00e9 les d\u00e9plorables <strong><a href=\"https:\/\/charleroi-pourlapalestine.be\/index.php\/2025\/08\/28\/indignation-au-liban-apres-que-barrack-lenvoye-des-eu-a-qualifie-les-journalistes-de-bestiaux-non-civilises\/\">d\u00e9clarations de l&rsquo;envoy\u00e9 am\u00e9ricain Tom Barrack<\/a> <\/strong>\u00e0 l&rsquo;encontre des journalistes libanais alors qu&rsquo;il demandait que le Liban c\u00e8de aux exigences des EU et d&rsquo;\u00ab Isra\u00ebl \u00bb en vue de d\u00e9sarmer la r\u00e9sistance et elle a qualifi\u00e9 ces d\u00e9clarations de<\/p>\n<blockquote><p>\u00ab langage colonial arrogant qui refl\u00e8te bien la d\u00e9gradation morale de Barrack et des gens qu&rsquo;il repr\u00e9sente parmi les criminels de guerre de Washington et de Tel-Aviv \u00bb.<\/p><\/blockquote>\n<p>Elle a fait remarquer que <strong>la d\u00e9shumanisation des journalistes palestinien.ne.s et libanais.es<\/strong>, manifeste dans les propos de Barrack, faisait partie de la m\u00eame d\u00e9shumanisation d\u00e9lib\u00e9r\u00e9e utilis\u00e9e par le r\u00e9gime sioniste afin de perp\u00e9tuer le g\u00e9nocide et l&rsquo;assassinat de centaines de journalistes palestinien.ne.s \u00e0 Gaza, et elle a invit\u00e9 les journalistes occidentaux \u00e0 assumer leurs responsabilit\u00e9s en prenant parti pour leurs coll\u00e8gues et en d\u00e9non\u00e7ant les crimes de l&rsquo;occupation sioniste et des puissances imp\u00e9rialistes.<\/p>\n<h3>&nbsp;<\/h3>\n<h3>L&rsquo;intervention de Wafaa Bahani<\/h3>\n<blockquote><p>Cher.e.s bien-aim\u00e9.e.s, cher.e.s journalistes libres,<\/p>\n<p>Au nom de la v\u00e9rit\u00e9 et au nom de la parole qu&rsquo;on ne peut assassiner&#8230;<\/p>\n<p>Nous sommes ici aujourd&rsquo;hui dans un \u00e9tat de col\u00e8re et de loyaut\u00e9 et nous \u00e9levons nos voix pour les journalistes qui se font assassiner jour apr\u00e8s jour \u00e0 Gaza, parce qu&rsquo;ils (elles) ont d\u00e9nonc\u00e9 les crimes de l&rsquo;occupation et qu&rsquo;ils (elles) continuent de les d\u00e9noncer.<\/p>\n<p>Et cette occupation criminelle n&rsquo;\u00e9prouve nul besoin de justifier ses assassinats&#8230; car elle est criminelle de nature : Toute personne qui tue des enfants n&rsquo;h\u00e9sitera pas \u00e0 assassiner les personnes qui d\u00e9noncent ses crimes.<\/p>\n<p>De Ghassan Kanafani \u00e0 Ali Fouda, \u00e0 Shireen Abu Akleh, \u00e0 Maryam Abu Daqqa, \u00e0 Mohammed Mansour, \u00e0 Mohammed Balousha, \u00e0 Anas al-Sharif et \u00e0 toute une longue constellation de journalistes martyr.e.s \u2013 voil\u00e0 ceux et celles qui ont emprunt\u00e9 la voie du don et du sacrifice, qui ont sauvegard\u00e9 leurs mots et leurs images et qui restent aussi odorants que la fleur de sureau dans nos souvenirs ; aussi d\u00e9termin\u00e9s que les racines de l&rsquo;olivier ; aussi nobles et inflexibles ; et qui sont devenus martyrs en restant debout.<\/p>\n<p>Et nous rappelons aussi les \u00e2mes des <strong>martyr.e.s du journalisme au Liban<\/strong>, qui ont \u00e9t\u00e9 assassin\u00e9.e.s par l&rsquo;occupation dans le sud : <strong>Farah Omar, Rabie al-Maamari, Issam Abdallah, Mohammed Shehadeh<\/strong> et la liste est loin d&rsquo;\u00eatre termin\u00e9e.<\/p>\n<p>Ils sont comme le c\u00e8dre puissant qu&rsquo;aucune temp\u00eate ne peut \u00e9branler, comme le ph\u00e9nix qui rena\u00eet plus fort de ses cendres, ils gardent vivante la voix de la v\u00e9rit\u00e9 et leurs propos sont une flamme qui attise la conscience humaine.<\/p>\n<p>Et nous n&rsquo;oublions pas le journaliste militant et ministre y\u00e9m\u00e9nite de l&rsquo;Information, <strong>Hashem Sharaf al-Din<\/strong>, qui a \u00e9t\u00e9 dans le temps correspondant d&rsquo;Al-Manar, et que l&rsquo;ennemi sioniste a honteusement assassin\u00e9 au cours d&rsquo;une frappe cibl\u00e9e, ajoutant ainsi son nom \u00e0 la caravane des martyr.e.s de la v\u00e9rit\u00e9 et du verbe.<\/p>\n<p>Nous le disons aujourd&rsquo;hui d&rsquo;une voix audacieuse :<\/p>\n<p>Le sang des journalistes n&rsquo;est pas bon march\u00e9&#8230; Leurs crimes ne nous r\u00e9duiront pas au silence&#8230; et rien ne parviendra jamais \u00e0 \u00e9teindre la v\u00e9rit\u00e9.<\/p>\n<p>Nos coll\u00e8gues martyr.e.s sont pr\u00e9sent.e.s dans chaque image qu&rsquo;ils (elles) ont capt\u00e9e, dans chaque mot qu&rsquo;ils (elles) ont \u00e9crit, dans chaque larme qu&rsquo;ils (elles) ont transmise depuis Gaza, depuis le Sud, depuis le Y\u00e9men \u00e0 la conscience du monde.<\/p>\n<p>Nous continuerons d&rsquo;\u00e9crire, de prendre des photos, de t\u00e9moigner&#8230; jusqu&rsquo;\u00e0 ce que la v\u00e9rit\u00e9 triomphe et que les projets de mort et de falsification s&rsquo;\u00e9croulent.<\/p><\/blockquote>\n<p style=\"text-align: center;\">*****<\/p>\n<p>Publi\u00e9 sur<a href=\"https:\/\/samidoun.net\/2025\/09\/beirut-event-stands-in-solidarity-with-assassinated-and-imprisoned-palestinian-journalists\/\" target=\"_blank\" rel=\"noopener\"> Samidoun<\/a>, le 1er septembre 2025<br \/>\nTraduction : Jean-Marie Fl\u00e9mal, <a href=\"https:\/\/charleroi-pourlapalestine.be\/\">Charleroi pour la Palestine<\/a><\/p>\n<p>&nbsp;<\/p>\n<p><strong>Vid\u00e9o-reportage sur l&rsquo;\u00e9v\u00e9nement. A partir de 5:30, le commentaire de Charlotte Kates, au nom de l&rsquo;IADL<\/strong><\/p>\n<div class=\"video-container\"><iframe loading=\"lazy\" title=\"We Will Continue Our Coverage: Lebanon Stands in Solidarity with Palestinian Journalists\" width=\"500\" height=\"281\" src=\"https:\/\/www.youtube.com\/embed\/OV-jWXm2Of0?feature=oembed&#038;wmode=opaque\" frameborder=\"0\" allow=\"accelerometer; autoplay; clipboard-write; encrypted-media; gyroscope; picture-in-picture; web-share\" referrerpolicy=\"strict-origin-when-cross-origin\" allowfullscreen><\/iframe><\/div>\n<p>&nbsp;<\/p>\n<p>&nbsp;<\/p>\n","protected":false},"excerpt":{"rendered":"<p>La d\u00e9shumanisation des journalistes palestinien.ne.s et libanais.es fait partie de la m\u00eame d\u00e9shumanisation d\u00e9lib\u00e9r\u00e9e utilis\u00e9e par le r\u00e9gime sioniste afin de perp\u00e9tuer le g\u00e9nocide<\/p>\n","protected":false},"author":1,"featured_media":86632,"comment_status":"closed","ping_status":"closed","sticky":false,"template":"","format":"standard","meta":{"ngg_post_thumbnail":0,"footnotes":""},"categories":[979,6,344,972,939,191,25],"tags":[],"class_list":["post-86620","post","type-post","status-publish","format-standard","has-post-thumbnail","hentry","category-deshumanisation","category-gaza","category-genocide","category-journalistes","category-journalistes-palestiniens","category-liban","category-la-resistance-palestinienne"],"yoast_head":"<!-- This site is optimized with the Yoast SEO plugin v27.3 - https:\/\/yoast.com\/product\/yoast-seo-wordpress\/ -->\n<title>Manifestation \u00e0 Beyrouth en solidarit\u00e9 avec les journalistes palestinien.ne.s assassin\u00e9.e.s et emprisonn\u00e9.e.s<\/title>\n<meta name=\"description\" content=\"Lundi 1er septembre, place des Martyrs \u00e0 Beyrouth, a eu lieu une journ\u00e9e internationale d&#039;action des m\u00e9dias et de solidarit\u00e9 avec les journalistes cibl\u00e9.e.s et assassin\u00e9.e.s par le r\u00e9gime sioniste dans le cadre de son g\u00e9nocide \u00e0 Gaza\" \/>\n<meta name=\"robots\" content=\"index, follow, max-snippet:-1, max-image-preview:large, max-video-preview:-1\" \/>\n<link rel=\"canonical\" href=\"https:\/\/charleroi-pourlapalestine.be\/index.php\/2025\/09\/07\/manifestation-a-beyrouth-en-solidarite-avec-les-journalistes-palestinien-ne-s-assassine-e-s-et-emprisonne-e-s\/\" \/>\n<script type=\"application\/ld+json\" class=\"yoast-schema-graph\">{\"@context\":\"https:\\\/\\\/schema.org\",\"@graph\":[{\"@type\":\"Article\",\"@id\":\"https:\\\/\\\/charleroi-pourlapalestine.be\\\/index.php\\\/2025\\\/09\\\/07\\\/manifestation-a-beyrouth-en-solidarite-avec-les-journalistes-palestinien-ne-s-assassine-e-s-et-emprisonne-e-s\\\/#article\",\"isPartOf\":{\"@id\":\"https:\\\/\\\/charleroi-pourlapalestine.be\\\/index.php\\\/2025\\\/09\\\/07\\\/manifestation-a-beyrouth-en-solidarite-avec-les-journalistes-palestinien-ne-s-assassine-e-s-et-emprisonne-e-s\\\/\"},\"author\":{\"name\":\"admin1873\",\"@id\":\"https:\\\/\\\/charleroi-pourlapalestine.be\\\/#\\\/schema\\\/person\\\/c19ff515112f1299d8c12671d8fe3faa\"},\"headline\":\"Manifestation \u00e0 Beyrouth en solidarit\u00e9 avec les journalistes palestinien.ne.s assassin\u00e9.e.s et emprisonn\u00e9.e.s\",\"datePublished\":\"2025-09-07T06:14:21+00:00\",\"dateModified\":\"2025-09-07T06:15:48+00:00\",\"mainEntityOfPage\":{\"@id\":\"https:\\\/\\\/charleroi-pourlapalestine.be\\\/index.php\\\/2025\\\/09\\\/07\\\/manifestation-a-beyrouth-en-solidarite-avec-les-journalistes-palestinien-ne-s-assassine-e-s-et-emprisonne-e-s\\\/\"},\"wordCount\":1459,\"publisher\":{\"@id\":\"https:\\\/\\\/charleroi-pourlapalestine.be\\\/#organization\"},\"image\":{\"@id\":\"https:\\\/\\\/charleroi-pourlapalestine.be\\\/index.php\\\/2025\\\/09\\\/07\\\/manifestation-a-beyrouth-en-solidarite-avec-les-journalistes-palestinien-ne-s-assassine-e-s-et-emprisonne-e-s\\\/#primaryimage\"},\"thumbnailUrl\":\"https:\\\/\\\/charleroi-pourlapalestine.be\\\/wp-content\\\/uploads\\\/2025\\\/09\\\/Beyrouth-manif-pour-journalistes-assassines.jpg\",\"articleSection\":[\"D\u00e9shumanisation\",\"Gaza\",\"G\u00e9nocide\",\"Journalistes\",\"Journalistes palestiniens\",\"Liban\",\"R\u00e9sistance\"],\"inLanguage\":\"fr-FR\"},{\"@type\":\"WebPage\",\"@id\":\"https:\\\/\\\/charleroi-pourlapalestine.be\\\/index.php\\\/2025\\\/09\\\/07\\\/manifestation-a-beyrouth-en-solidarite-avec-les-journalistes-palestinien-ne-s-assassine-e-s-et-emprisonne-e-s\\\/\",\"url\":\"https:\\\/\\\/charleroi-pourlapalestine.be\\\/index.php\\\/2025\\\/09\\\/07\\\/manifestation-a-beyrouth-en-solidarite-avec-les-journalistes-palestinien-ne-s-assassine-e-s-et-emprisonne-e-s\\\/\",\"name\":\"Manifestation \u00e0 Beyrouth en solidarit\u00e9 avec les journalistes palestinien.ne.s assassin\u00e9.e.s et emprisonn\u00e9.e.s\",\"isPartOf\":{\"@id\":\"https:\\\/\\\/charleroi-pourlapalestine.be\\\/#website\"},\"primaryImageOfPage\":{\"@id\":\"https:\\\/\\\/charleroi-pourlapalestine.be\\\/index.php\\\/2025\\\/09\\\/07\\\/manifestation-a-beyrouth-en-solidarite-avec-les-journalistes-palestinien-ne-s-assassine-e-s-et-emprisonne-e-s\\\/#primaryimage\"},\"image\":{\"@id\":\"https:\\\/\\\/charleroi-pourlapalestine.be\\\/index.php\\\/2025\\\/09\\\/07\\\/manifestation-a-beyrouth-en-solidarite-avec-les-journalistes-palestinien-ne-s-assassine-e-s-et-emprisonne-e-s\\\/#primaryimage\"},\"thumbnailUrl\":\"https:\\\/\\\/charleroi-pourlapalestine.be\\\/wp-content\\\/uploads\\\/2025\\\/09\\\/Beyrouth-manif-pour-journalistes-assassines.jpg\",\"datePublished\":\"2025-09-07T06:14:21+00:00\",\"dateModified\":\"2025-09-07T06:15:48+00:00\",\"description\":\"Lundi 1er septembre, place des Martyrs \u00e0 Beyrouth, a eu lieu une journ\u00e9e internationale d'action des m\u00e9dias et de solidarit\u00e9 avec les journalistes cibl\u00e9.e.s et assassin\u00e9.e.s par le r\u00e9gime sioniste dans le cadre de son g\u00e9nocide \u00e0 Gaza\",\"breadcrumb\":{\"@id\":\"https:\\\/\\\/charleroi-pourlapalestine.be\\\/index.php\\\/2025\\\/09\\\/07\\\/manifestation-a-beyrouth-en-solidarite-avec-les-journalistes-palestinien-ne-s-assassine-e-s-et-emprisonne-e-s\\\/#breadcrumb\"},\"inLanguage\":\"fr-FR\",\"potentialAction\":[{\"@type\":\"ReadAction\",\"target\":[\"https:\\\/\\\/charleroi-pourlapalestine.be\\\/index.php\\\/2025\\\/09\\\/07\\\/manifestation-a-beyrouth-en-solidarite-avec-les-journalistes-palestinien-ne-s-assassine-e-s-et-emprisonne-e-s\\\/\"]}]},{\"@type\":\"ImageObject\",\"inLanguage\":\"fr-FR\",\"@id\":\"https:\\\/\\\/charleroi-pourlapalestine.be\\\/index.php\\\/2025\\\/09\\\/07\\\/manifestation-a-beyrouth-en-solidarite-avec-les-journalistes-palestinien-ne-s-assassine-e-s-et-emprisonne-e-s\\\/#primaryimage\",\"url\":\"https:\\\/\\\/charleroi-pourlapalestine.be\\\/wp-content\\\/uploads\\\/2025\\\/09\\\/Beyrouth-manif-pour-journalistes-assassines.jpg\",\"contentUrl\":\"https:\\\/\\\/charleroi-pourlapalestine.be\\\/wp-content\\\/uploads\\\/2025\\\/09\\\/Beyrouth-manif-pour-journalistes-assassines.jpg\",\"width\":980,\"height\":735},{\"@type\":\"BreadcrumbList\",\"@id\":\"https:\\\/\\\/charleroi-pourlapalestine.be\\\/index.php\\\/2025\\\/09\\\/07\\\/manifestation-a-beyrouth-en-solidarite-avec-les-journalistes-palestinien-ne-s-assassine-e-s-et-emprisonne-e-s\\\/#breadcrumb\",\"itemListElement\":[{\"@type\":\"ListItem\",\"position\":1,\"name\":\"Accueil\",\"item\":\"https:\\\/\\\/charleroi-pourlapalestine.be\\\/\"},{\"@type\":\"ListItem\",\"position\":2,\"name\":\"Manifestation \u00e0 Beyrouth en solidarit\u00e9 avec les journalistes palestinien.ne.s assassin\u00e9.e.s et emprisonn\u00e9.e.s\"}]},{\"@type\":\"WebSite\",\"@id\":\"https:\\\/\\\/charleroi-pourlapalestine.be\\\/#website\",\"url\":\"https:\\\/\\\/charleroi-pourlapalestine.be\\\/\",\"name\":\"Charleroi Pour la Palestine\",\"description\":\"\",\"publisher\":{\"@id\":\"https:\\\/\\\/charleroi-pourlapalestine.be\\\/#organization\"},\"potentialAction\":[{\"@type\":\"SearchAction\",\"target\":{\"@type\":\"EntryPoint\",\"urlTemplate\":\"https:\\\/\\\/charleroi-pourlapalestine.be\\\/?s={search_term_string}\"},\"query-input\":{\"@type\":\"PropertyValueSpecification\",\"valueRequired\":true,\"valueName\":\"search_term_string\"}}],\"inLanguage\":\"fr-FR\"},{\"@type\":\"Organization\",\"@id\":\"https:\\\/\\\/charleroi-pourlapalestine.be\\\/#organization\",\"name\":\"Plate-forme Charleroi-Palestine\",\"url\":\"https:\\\/\\\/charleroi-pourlapalestine.be\\\/\",\"logo\":{\"@type\":\"ImageObject\",\"inLanguage\":\"fr-FR\",\"@id\":\"https:\\\/\\\/charleroi-pourlapalestine.be\\\/#\\\/schema\\\/logo\\\/image\\\/\",\"url\":\"https:\\\/\\\/charleroi-pourlapalestine.be\\\/wp-content\\\/uploads\\\/2020\\\/01\\\/logo-Copy.jpg\",\"contentUrl\":\"https:\\\/\\\/charleroi-pourlapalestine.be\\\/wp-content\\\/uploads\\\/2020\\\/01\\\/logo-Copy.jpg\",\"width\":180,\"height\":180,\"caption\":\"Plate-forme Charleroi-Palestine\"},\"image\":{\"@id\":\"https:\\\/\\\/charleroi-pourlapalestine.be\\\/#\\\/schema\\\/logo\\\/image\\\/\"},\"sameAs\":[\"https:\\\/\\\/www.facebook.com\\\/PlateformeCharleroiPalestine\\\/\",\"https:\\\/\\\/x.com\\\/LaCharleroi\"]},{\"@type\":\"Person\",\"@id\":\"https:\\\/\\\/charleroi-pourlapalestine.be\\\/#\\\/schema\\\/person\\\/c19ff515112f1299d8c12671d8fe3faa\",\"name\":\"admin1873\",\"url\":\"https:\\\/\\\/charleroi-pourlapalestine.be\\\/index.php\\\/author\\\/admin1873\\\/\"}]}<\/script>\n<!-- \/ Yoast SEO plugin. -->","yoast_head_json":{"title":"Manifestation \u00e0 Beyrouth en solidarit\u00e9 avec les journalistes palestinien.ne.s assassin\u00e9.e.s et emprisonn\u00e9.e.s","description":"Lundi 1er septembre, place des Martyrs \u00e0 Beyrouth, a eu lieu une journ\u00e9e internationale d'action des m\u00e9dias et de solidarit\u00e9 avec les journalistes cibl\u00e9.e.s et assassin\u00e9.e.s par le r\u00e9gime sioniste dans le cadre de son g\u00e9nocide \u00e0 Gaza","robots":{"index":"index","follow":"follow","max-snippet":"max-snippet:-1","max-image-preview":"max-image-preview:large","max-video-preview":"max-video-preview:-1"},"canonical":"https:\/\/charleroi-pourlapalestine.be\/index.php\/2025\/09\/07\/manifestation-a-beyrouth-en-solidarite-avec-les-journalistes-palestinien-ne-s-assassine-e-s-et-emprisonne-e-s\/","schema":{"@context":"https:\/\/schema.org","@graph":[{"@type":"Article","@id":"https:\/\/charleroi-pourlapalestine.be\/index.php\/2025\/09\/07\/manifestation-a-beyrouth-en-solidarite-avec-les-journalistes-palestinien-ne-s-assassine-e-s-et-emprisonne-e-s\/#article","isPartOf":{"@id":"https:\/\/charleroi-pourlapalestine.be\/index.php\/2025\/09\/07\/manifestation-a-beyrouth-en-solidarite-avec-les-journalistes-palestinien-ne-s-assassine-e-s-et-emprisonne-e-s\/"},"author":{"name":"admin1873","@id":"https:\/\/charleroi-pourlapalestine.be\/#\/schema\/person\/c19ff515112f1299d8c12671d8fe3faa"},"headline":"Manifestation \u00e0 Beyrouth en solidarit\u00e9 avec les journalistes palestinien.ne.s assassin\u00e9.e.s et emprisonn\u00e9.e.s","datePublished":"2025-09-07T06:14:21+00:00","dateModified":"2025-09-07T06:15:48+00:00","mainEntityOfPage":{"@id":"https:\/\/charleroi-pourlapalestine.be\/index.php\/2025\/09\/07\/manifestation-a-beyrouth-en-solidarite-avec-les-journalistes-palestinien-ne-s-assassine-e-s-et-emprisonne-e-s\/"},"wordCount":1459,"publisher":{"@id":"https:\/\/charleroi-pourlapalestine.be\/#organization"},"image":{"@id":"https:\/\/charleroi-pourlapalestine.be\/index.php\/2025\/09\/07\/manifestation-a-beyrouth-en-solidarite-avec-les-journalistes-palestinien-ne-s-assassine-e-s-et-emprisonne-e-s\/#primaryimage"},"thumbnailUrl":"https:\/\/charleroi-pourlapalestine.be\/wp-content\/uploads\/2025\/09\/Beyrouth-manif-pour-journalistes-assassines.jpg","articleSection":["D\u00e9shumanisation","Gaza","G\u00e9nocide","Journalistes","Journalistes palestiniens","Liban","R\u00e9sistance"],"inLanguage":"fr-FR"},{"@type":"WebPage","@id":"https:\/\/charleroi-pourlapalestine.be\/index.php\/2025\/09\/07\/manifestation-a-beyrouth-en-solidarite-avec-les-journalistes-palestinien-ne-s-assassine-e-s-et-emprisonne-e-s\/","url":"https:\/\/charleroi-pourlapalestine.be\/index.php\/2025\/09\/07\/manifestation-a-beyrouth-en-solidarite-avec-les-journalistes-palestinien-ne-s-assassine-e-s-et-emprisonne-e-s\/","name":"Manifestation \u00e0 Beyrouth en solidarit\u00e9 avec les journalistes palestinien.ne.s assassin\u00e9.e.s et emprisonn\u00e9.e.s","isPartOf":{"@id":"https:\/\/charleroi-pourlapalestine.be\/#website"},"primaryImageOfPage":{"@id":"https:\/\/charleroi-pourlapalestine.be\/index.php\/2025\/09\/07\/manifestation-a-beyrouth-en-solidarite-avec-les-journalistes-palestinien-ne-s-assassine-e-s-et-emprisonne-e-s\/#primaryimage"},"image":{"@id":"https:\/\/charleroi-pourlapalestine.be\/index.php\/2025\/09\/07\/manifestation-a-beyrouth-en-solidarite-avec-les-journalistes-palestinien-ne-s-assassine-e-s-et-emprisonne-e-s\/#primaryimage"},"thumbnailUrl":"https:\/\/charleroi-pourlapalestine.be\/wp-content\/uploads\/2025\/09\/Beyrouth-manif-pour-journalistes-assassines.jpg","datePublished":"2025-09-07T06:14:21+00:00","dateModified":"2025-09-07T06:15:48+00:00","description":"Lundi 1er septembre, place des Martyrs \u00e0 Beyrouth, a eu lieu une journ\u00e9e internationale d'action des m\u00e9dias et de solidarit\u00e9 avec les journalistes cibl\u00e9.e.s et assassin\u00e9.e.s par le r\u00e9gime sioniste dans le cadre de son g\u00e9nocide \u00e0 Gaza","breadcrumb":{"@id":"https:\/\/charleroi-pourlapalestine.be\/index.php\/2025\/09\/07\/manifestation-a-beyrouth-en-solidarite-avec-les-journalistes-palestinien-ne-s-assassine-e-s-et-emprisonne-e-s\/#breadcrumb"},"inLanguage":"fr-FR","potentialAction":[{"@type":"ReadAction","target":["https:\/\/charleroi-pourlapalestine.be\/index.php\/2025\/09\/07\/manifestation-a-beyrouth-en-solidarite-avec-les-journalistes-palestinien-ne-s-assassine-e-s-et-emprisonne-e-s\/"]}]},{"@type":"ImageObject","inLanguage":"fr-FR","@id":"https:\/\/charleroi-pourlapalestine.be\/index.php\/2025\/09\/07\/manifestation-a-beyrouth-en-solidarite-avec-les-journalistes-palestinien-ne-s-assassine-e-s-et-emprisonne-e-s\/#primaryimage","url":"https:\/\/charleroi-pourlapalestine.be\/wp-content\/uploads\/2025\/09\/Beyrouth-manif-pour-journalistes-assassines.jpg","contentUrl":"https:\/\/charleroi-pourlapalestine.be\/wp-content\/uploads\/2025\/09\/Beyrouth-manif-pour-journalistes-assassines.jpg","width":980,"height":735},{"@type":"BreadcrumbList","@id":"https:\/\/charleroi-pourlapalestine.be\/index.php\/2025\/09\/07\/manifestation-a-beyrouth-en-solidarite-avec-les-journalistes-palestinien-ne-s-assassine-e-s-et-emprisonne-e-s\/#breadcrumb","itemListElement":[{"@type":"ListItem","position":1,"name":"Accueil","item":"https:\/\/charleroi-pourlapalestine.be\/"},{"@type":"ListItem","position":2,"name":"Manifestation \u00e0 Beyrouth en solidarit\u00e9 avec les journalistes palestinien.ne.s assassin\u00e9.e.s et emprisonn\u00e9.e.s"}]},{"@type":"WebSite","@id":"https:\/\/charleroi-pourlapalestine.be\/#website","url":"https:\/\/charleroi-pourlapalestine.be\/","name":"Charleroi Pour la Palestine","description":"","publisher":{"@id":"https:\/\/charleroi-pourlapalestine.be\/#organization"},"potentialAction":[{"@type":"SearchAction","target":{"@type":"EntryPoint","urlTemplate":"https:\/\/charleroi-pourlapalestine.be\/?s={search_term_string}"},"query-input":{"@type":"PropertyValueSpecification","valueRequired":true,"valueName":"search_term_string"}}],"inLanguage":"fr-FR"},{"@type":"Organization","@id":"https:\/\/charleroi-pourlapalestine.be\/#organization","name":"Plate-forme Charleroi-Palestine","url":"https:\/\/charleroi-pourlapalestine.be\/","logo":{"@type":"ImageObject","inLanguage":"fr-FR","@id":"https:\/\/charleroi-pourlapalestine.be\/#\/schema\/logo\/image\/","url":"https:\/\/charleroi-pourlapalestine.be\/wp-content\/uploads\/2020\/01\/logo-Copy.jpg","contentUrl":"https:\/\/charleroi-pourlapalestine.be\/wp-content\/uploads\/2020\/01\/logo-Copy.jpg","width":180,"height":180,"caption":"Plate-forme Charleroi-Palestine"},"image":{"@id":"https:\/\/charleroi-pourlapalestine.be\/#\/schema\/logo\/image\/"},"sameAs":["https:\/\/www.facebook.com\/PlateformeCharleroiPalestine\/","https:\/\/x.com\/LaCharleroi"]},{"@type":"Person","@id":"https:\/\/charleroi-pourlapalestine.be\/#\/schema\/person\/c19ff515112f1299d8c12671d8fe3faa","name":"admin1873","url":"https:\/\/charleroi-pourlapalestine.be\/index.php\/author\/admin1873\/"}]}},"_links":{"self":[{"href":"https:\/\/charleroi-pourlapalestine.be\/index.php\/wp-json\/wp\/v2\/posts\/86620","targetHints":{"allow":["GET"]}}],"collection":[{"href":"https:\/\/charleroi-pourlapalestine.be\/index.php\/wp-json\/wp\/v2\/posts"}],"about":[{"href":"https:\/\/charleroi-pourlapalestine.be\/index.php\/wp-json\/wp\/v2\/types\/post"}],"author":[{"embeddable":true,"href":"https:\/\/charleroi-pourlapalestine.be\/index.php\/wp-json\/wp\/v2\/users\/1"}],"replies":[{"embeddable":true,"href":"https:\/\/charleroi-pourlapalestine.be\/index.php\/wp-json\/wp\/v2\/comments?post=86620"}],"version-history":[{"count":0,"href":"https:\/\/charleroi-pourlapalestine.be\/index.php\/wp-json\/wp\/v2\/posts\/86620\/revisions"}],"wp:featuredmedia":[{"embeddable":true,"href":"https:\/\/charleroi-pourlapalestine.be\/index.php\/wp-json\/wp\/v2\/media\/86632"}],"wp:attachment":[{"href":"https:\/\/charleroi-pourlapalestine.be\/index.php\/wp-json\/wp\/v2\/media?parent=86620"}],"wp:term":[{"taxonomy":"category","embeddable":true,"href":"https:\/\/charleroi-pourlapalestine.be\/index.php\/wp-json\/wp\/v2\/categories?post=86620"},{"taxonomy":"post_tag","embeddable":true,"href":"https:\/\/charleroi-pourlapalestine.be\/index.php\/wp-json\/wp\/v2\/tags?post=86620"}],"curies":[{"name":"wp","href":"https:\/\/api.w.org\/{rel}","templated":true}]}}