{"id":86635,"date":"2025-09-06T12:02:31","date_gmt":"2025-09-06T10:02:31","guid":{"rendered":"https:\/\/charleroi-pourlapalestine.be\/?p=86635"},"modified":"2025-09-06T12:02:31","modified_gmt":"2025-09-06T10:02:31","slug":"si-israel-cesse-de-combattre-le-genocide-va-se-terminer-si-le-hamas-cesse-de-se-battre-le-nettoyage-ethnique-va-continuer-de-plus-belle","status":"publish","type":"post","link":"https:\/\/charleroi-pourlapalestine.be\/index.php\/2025\/09\/06\/si-israel-cesse-de-combattre-le-genocide-va-se-terminer-si-le-hamas-cesse-de-se-battre-le-nettoyage-ethnique-va-continuer-de-plus-belle\/","title":{"rendered":"Si Isra\u00ebl cesse de combattre, le g\u00e9nocide va se terminer ; si le Hamas cesse de se battre, le nettoyage ethnique va continuer de plus belle"},"content":{"rendered":"<p>On entend toujours des apologistes d&rsquo;Isra\u00ebl dire : \u00ab Si le Hamas d\u00e9pose les armes, il n&rsquo;y aura plus de guerre ; si Isra\u00ebl d\u00e9pose les armes, il n&rsquo;y aura plus d&rsquo;Isra\u00ebl. \u00bb<\/p>\n<p>&nbsp;<\/p>\n<p><img loading=\"lazy\" decoding=\"async\" class=\"aligncenter wp-image-86636 size-large\" src=\"https:\/\/charleroi-pourlapalestine.be\/wp-content\/uploads\/2025\/09\/Si-le-Hamas-700x380.png\" alt=\"Si le Hamas d\u00e9pose les armes, le nettoyage ethnique de Gaza pr\u00e9vu par Isra\u00ebl va avoir lieu tr\u00e8s rapidement et sans r\u00e9sistance.\" width=\"700\" height=\"380\" srcset=\"https:\/\/charleroi-pourlapalestine.be\/wp-content\/uploads\/2025\/09\/Si-le-Hamas-700x380.png 700w, https:\/\/charleroi-pourlapalestine.be\/wp-content\/uploads\/2025\/09\/Si-le-Hamas-350x190.png 350w, https:\/\/charleroi-pourlapalestine.be\/wp-content\/uploads\/2025\/09\/Si-le-Hamas-768x416.png 768w, https:\/\/charleroi-pourlapalestine.be\/wp-content\/uploads\/2025\/09\/Si-le-Hamas.png 1398w\" sizes=\"auto, (max-width: 700px) 100vw, 700px\" \/><\/p>\n<p>&nbsp;<\/p>\n<p>&nbsp;<\/p>\n<p><strong>Newsletter de Caitlin Johnstone<\/strong> (*),&nbsp;5 septembre 2025<\/p>\n<p>En r\u00e9alit\u00e9, c&rsquo;est exactement le contraire, qui est vrai. Si les Isra\u00e9liens d\u00e9posent les armes, un g\u00e9nocide va se terminer. Si le Hamas d\u00e9pose les armes, le nettoyage ethnique de Gaza pr\u00e9vu par Isra\u00ebl va avoir lieu tr\u00e8s rapidement et sans r\u00e9sistance.<\/p>\n<p><a href=\"https:\/\/www.caitlinjohnst.one\/p\/its-a-complete-lie-to-say-gaza-can\" target=\"_blank\" rel=\"noopener\">Isra\u00ebl a \u00e9t\u00e9 tr\u00e8s clair et explicite<\/a> \u00e0 ce propos : Son offensive contre Gaza<a href=\"https:\/\/www.timesofisrael.com\/liveblog_entry\/netanyahu-implementation-of-trumps-gaza-relocation-plan-is-condition-for-ending-war\/\" target=\"_blank\" rel=\"noopener\"> ne finira pas<\/a> tant que le plan de nettoyage ethnique de la bande de Gaza pr\u00e9vu par Trump n&rsquo;aura pas \u00e9t\u00e9 r\u00e9alis\u00e9. Le Hamas pourrait capituler et lib\u00e9rer tous les otages aujourd&rsquo;hui que ce nettoyage ethnique aurait quand m\u00eame lieu comme pr\u00e9vu, et ce sont les hauts responsables isra\u00e9liens qui le disent. Ils ont \u00e9t\u00e9 on ne peut plus clairs \u00e0 ce propos.<\/p>\n<p>Toute personne qui dit que ce cauchemar se terminerait si le Hamas se rendait ment. Tout ce qui se passerait si le Hamas se rendait, c&rsquo;est que les Palestiniens seraient expuls\u00e9s \u00e0 jamais d&rsquo;un territoire palestinien.<\/p>\n<p style=\"text-align: center;\">*****<\/p>\n<h3>Quelques autres bri\u00e8ves<\/h3>\n<p>Les comptes des politiciens isra\u00e9liens et du gouvernement officiel sur les m\u00e9dias sociaux ont commenc\u00e9 \u00e0 faire mousser l&rsquo;histoire disant que les immigrants musulmans sont une menace pour l&rsquo;Europe, ce qui implique que les Europ\u00e9ens devraient soutenir Isra\u00ebl puisque Isra\u00ebl contribue \u00e0 tuer les musulmans.<\/p>\n<p>Le compte Twitter en langue arabe d&rsquo;Isra\u00ebl a publi\u00e9 r\u00e9cemment un <a href=\"https:\/\/x.com\/israelarabic\/status\/1959994177523200317\" target=\"_blank\" rel=\"noopener\">graphique<\/a> montrant le nombre de mosqu\u00e9es en Europe et accompagn\u00e9 de points de discussion du style du \u00ab grand remplacement \u00bb imagin\u00e9 par l&rsquo;extr\u00eame droite et disant : \u00ab Voil\u00e0 le vrai visage de la colonisation. Et c&rsquo;est ce qui arrive quand l&rsquo;Europe est inconsciente et ne se soucie pas du danger. \u00bb<\/p>\n<p>Le mois dernier, l&rsquo;ancien Premier ministre Naftali Bennett<a href=\"https:\/\/x.com\/naftalibennett\/status\/1957318400109101487\" target=\"_blank\" rel=\"noopener\"> tweetait<\/a> que \u00ab l&rsquo;Europe s&rsquo;islamise \u00bb, semant ainsi la crainte \u00e0 propos du nombre d&rsquo;immigr\u00e9s musulmans en Europe.<\/p>\n<p>Mercredi, Benjamin Netanyahu <a href=\"https:\/\/x.com\/IsraeliPM\/status\/1963229973784764567\" target=\"_blank\" rel=\"noopener\">tweetait<\/a> que \u00ab le Premier ministre belge De Wever est un dirigeant faible qui cherche \u00e0 calmer le terrorisme islamique en sacrifiant Isra\u00ebl. Il veut nourrir le crocodile terroriste avant qu&rsquo;il ne d\u00e9vore la Belgique. \u00bb<\/p>\n<p>Ils ne veulent pas que des musulmans vivent en Palestine. Ils ne veulent pas que des musulmans vivent en Europe. Apparemment, ils ne veulent tout simplement pas que les musulmans vivent.<\/p>\n<p>&nbsp;<\/p>\n<p style=\"text-align: center;\">*****<\/p>\n<p>Il para\u00eet que le pr\u00e9sident Trump s&rsquo;appr\u00eate \u00e0 modifier le nom du d\u00e9partement de la D\u00e9fense pour en refaire le <a href=\"https:\/\/www.9news.com.au\/world\/donald-trump-to-rename-pentagon-department-of-war-us\/8ef5b6fc-e705-4cf1-a337-868a8b954a2f\" target=\"_blank\" rel=\"noopener\">d\u00e9partement de la Guerre<\/a>, puisque tel \u00e9tait le nom qu&rsquo;avait port\u00e9 le d\u00e9partement de l&rsquo;arm\u00e9e am\u00e9ricaine jusque peu de temps apr\u00e8s la Seconde Guerre mondiale.<\/p>\n<p>Je subodore quelques critiques contre cette d\u00e9marche mais elle me semble personnellement appropri\u00e9e. Depuis quand les \u00c9tats-Unis n&rsquo;ont-ils plus utilis\u00e9 leur arm\u00e9e \u00e0 des fins d\u00e9fensives ? L&rsquo;appellation <a href=\"https:\/\/en.wikipedia.org\/wiki\/United_States_Department_of_War\" target=\"_blank\" rel=\"noopener\">d\u00e9partement de la Guerre<\/a> est celle qui convient le mieux. Autant \u00eatre honn\u00eate \u00e0 ce propos.<\/p>\n<p>&nbsp;<\/p>\n<p style=\"text-align: center;\">*****<\/p>\n<p>Le secr\u00e9taire \u00e0 la D\u00e9fense Pete Hegseth (qui va bient\u00f4t devenir secr\u00e9taire \u00e0 la Guerre, je suppose) <a href=\"https:\/\/news.antiwar.com\/2025\/09\/03\/hegseth-doesnt-rule-out-regime-change-in-venezuela-suggests-more-us-strikes-on-boats-are-coming\/\" target=\"_blank\" rel=\"noopener\">a annonc\u00e9<\/a> que nous pouvions nous attendre \u00e0 plus d&rsquo;attaques encore contre des navires v\u00e9n\u00e9zu\u00e9liens, au lendemain d&rsquo;une attaque meurtri\u00e8re des EU contre un navire dont l&rsquo;administration Trump pr\u00e9tend qu&rsquo;il se livrait au trafic de drogue.<\/p>\n<p>\u00ab Nous disposons de moyens a\u00e9riens, de moyens maritimes, de moyens sur nos navires parce qu&rsquo;il s&rsquo;agit d&rsquo;une mission terriblement s\u00e9rieuse, pour nous, et elle ne se limitera pas (&#8230;) \u00e0 cette seule frappe \u00bb, a expliqu\u00e9 Hegseth \u00e0 la presse mercredi.<\/p>\n<p>Le secr\u00e9taire d&rsquo;\u00c9tat Marco Rubio <a href=\"https:\/\/x.com\/StateDept\/status\/1963679096728391793\" target=\"_blank\" rel=\"noopener\">a d\u00e9clar\u00e9<\/a> : \u00ab Je ne m&rsquo;occupe pas de ce que dit l&rsquo;ONU \u00bb, quand la presse lui a reproch\u00e9 ses affirmations concernant la responsabilit\u00e9 du Venezuela dans les probl\u00e8mes de drogue de l&rsquo;Am\u00e9rique, et il a ajout\u00e9 : \u00ab Maduro est un trafiquant de drogue condamn\u00e9 aux \u00c9tats-Unis et c&rsquo;est un fugitif de la justice am\u00e9ricaine. \u00bb<\/p>\n<p>Nous ne pourrions nous repr\u00e9senter de fa\u00e7on plus honn\u00eate la politique \u00e9trang\u00e8re am\u00e9ricaine qu&rsquo;en entendant le premier des diplomates am\u00e9ricains d\u00e9clarer \u00ab Je ne m&rsquo;occupe pas de ce que dit l&rsquo;ONU \u00bb et pr\u00e9tendre ensuite que les dirigeants des nations souveraines sont soumis \u00e0 la \u00ab justice am\u00e9ricaine \u00bb. Ces ph\u00e9nom\u00e8nes de foire croient vraiment que la plan\u00e8te tout enti\u00e8re leur appartient.<\/p>\n<p>Comme<a href=\"https:\/\/www.caitlinjohnst.one\/p\/theyre-lying-about-venezuela-while\" target=\"_blank\" rel=\"noopener\"> nous l&rsquo;avions dit pr\u00e9c\u00e9demment<\/a>, tout cela n&rsquo;est qu&rsquo;une couverture d&rsquo;un programme de changement de r\u00e9gime de longue date contre un gouvernement socialiste riche en p\u00e9trole que Washington tente de renverser depuis de nombreuses ann\u00e9es. Le r\u00f4le du Venezuela dans le trafic de drogue est <a href=\"https:\/\/archive.vn\/MrDtD\" target=\"_blank\" rel=\"noopener\">gravement surestim\u00e9<\/a> et son r\u00f4le dans l&rsquo;\u00e9pid\u00e9mie de fentanyl est inexistant. Il s&rsquo;agit ici de p\u00e9trole, de capitalisme et de contr\u00f4le g\u00e9ostrat\u00e9gique.<\/p>\n<p style=\"text-align: center;\">*****<\/p>\n<p>&nbsp;<\/p>\n<div class=\"video-container\"><iframe loading=\"lazy\" title=\"If Israel Stops Fighting, A Genocide Ends; If Hamas Stops Fighting, Ethnic Cleansing Moves\u00a0Forward\" width=\"500\" height=\"281\" src=\"https:\/\/www.youtube.com\/embed\/zPIINIw6bzI?feature=oembed&#038;wmode=opaque\" frameborder=\"0\" allow=\"accelerometer; autoplay; clipboard-write; encrypted-media; gyroscope; picture-in-picture; web-share\" referrerpolicy=\"strict-origin-when-cross-origin\" allowfullscreen><\/iframe><\/div>\n<p>&nbsp;<\/p>\n<p>Une autre vid\u00e9o, publi\u00e9 r\u00e9cemment,&nbsp; sur le m\u00eame th\u00e8me :&nbsp;<\/p>\n<p>&nbsp;<\/p>\n<div class=\"video-container\"><iframe loading=\"lazy\" title=\"It&#039;s A Complete Lie To Say Gaza Can Have Peace If Hamas Surrenders\" width=\"500\" height=\"281\" src=\"https:\/\/www.youtube.com\/embed\/CyqKNpHYKcA?start=228&#038;feature=oembed&#038;wmode=opaque\" frameborder=\"0\" allow=\"accelerometer; autoplay; clipboard-write; encrypted-media; gyroscope; picture-in-picture; web-share\" referrerpolicy=\"strict-origin-when-cross-origin\" allowfullscreen><\/iframe><\/div>\n<p>&nbsp;<\/p>\n<p style=\"text-align: left;\">(*) Caitlin Johnstone est une journaliste australienne<\/p>\n<p style=\"text-align: center;\">*****<\/p>\n<p>Publi\u00e9 le 5 septembre 2025 sur <a href=\"https:\/\/www.caitlinjohnst.one\/p\/if-israel-stops-fighting-a-genocide\" target=\"_blank\" rel=\"noopener\">la lettre d&rsquo;info de Caitlin Johnstone<\/a><br \/>\nTraduction : Jean-Marie Fl\u00e9mal, <a href=\"https:\/\/charleroi-pourlapalestine.be\/\">Charleroi pour la Palestine<\/a><\/p>\n","protected":false},"excerpt":{"rendered":"<p>Tout ce qui se passerait si le Hamas se rendait, c&rsquo;est que les Palestiniens seraient expuls\u00e9s \u00e0 jamais d&rsquo;un territoire palestinien.<\/p>\n","protected":false},"author":1,"featured_media":86636,"comment_status":"closed","ping_status":"closed","sticky":false,"template":"","format":"standard","meta":{"ngg_post_thumbnail":0,"footnotes":""},"categories":[52,6,344,197,140,527],"tags":[],"class_list":["post-86635","post","type-post","status-publish","format-standard","has-post-thumbnail","hentry","category-la-cour-penale-internationale","category-gaza","category-genocide","category-hamas","category-letat-colonial","category-venezuela"],"yoast_head":"<!-- This site is optimized with the Yoast SEO plugin v27.3 - https:\/\/yoast.com\/product\/yoast-seo-wordpress\/ -->\n<title>Si Isra\u00ebl cesse de combattre, le g\u00e9nocide va se terminer ; si le Hamas cesse de se battre, le nettoyage ethnique va continuer de plus belle<\/title>\n<meta name=\"description\" content=\"Tout ce qui se passerait si le Hamas se rendait, c&#039;est que les Palestiniens seraient expuls\u00e9s \u00e0 jamais d&#039;un territoire palestinien.\" \/>\n<meta name=\"robots\" content=\"index, follow, max-snippet:-1, max-image-preview:large, max-video-preview:-1\" \/>\n<link rel=\"canonical\" href=\"https:\/\/charleroi-pourlapalestine.be\/index.php\/2025\/09\/06\/si-israel-cesse-de-combattre-le-genocide-va-se-terminer-si-le-hamas-cesse-de-se-battre-le-nettoyage-ethnique-va-continuer-de-plus-belle\/\" \/>\n<script type=\"application\/ld+json\" class=\"yoast-schema-graph\">{\"@context\":\"https:\\\/\\\/schema.org\",\"@graph\":[{\"@type\":\"Article\",\"@id\":\"https:\\\/\\\/charleroi-pourlapalestine.be\\\/index.php\\\/2025\\\/09\\\/06\\\/si-israel-cesse-de-combattre-le-genocide-va-se-terminer-si-le-hamas-cesse-de-se-battre-le-nettoyage-ethnique-va-continuer-de-plus-belle\\\/#article\",\"isPartOf\":{\"@id\":\"https:\\\/\\\/charleroi-pourlapalestine.be\\\/index.php\\\/2025\\\/09\\\/06\\\/si-israel-cesse-de-combattre-le-genocide-va-se-terminer-si-le-hamas-cesse-de-se-battre-le-nettoyage-ethnique-va-continuer-de-plus-belle\\\/\"},\"author\":{\"name\":\"admin1873\",\"@id\":\"https:\\\/\\\/charleroi-pourlapalestine.be\\\/#\\\/schema\\\/person\\\/c19ff515112f1299d8c12671d8fe3faa\"},\"headline\":\"Si Isra\u00ebl cesse de combattre, le g\u00e9nocide va se terminer ; si le Hamas cesse de se battre, le nettoyage ethnique va continuer de plus belle\",\"datePublished\":\"2025-09-06T10:02:31+00:00\",\"mainEntityOfPage\":{\"@id\":\"https:\\\/\\\/charleroi-pourlapalestine.be\\\/index.php\\\/2025\\\/09\\\/06\\\/si-israel-cesse-de-combattre-le-genocide-va-se-terminer-si-le-hamas-cesse-de-se-battre-le-nettoyage-ethnique-va-continuer-de-plus-belle\\\/\"},\"wordCount\":968,\"publisher\":{\"@id\":\"https:\\\/\\\/charleroi-pourlapalestine.be\\\/#organization\"},\"image\":{\"@id\":\"https:\\\/\\\/charleroi-pourlapalestine.be\\\/index.php\\\/2025\\\/09\\\/06\\\/si-israel-cesse-de-combattre-le-genocide-va-se-terminer-si-le-hamas-cesse-de-se-battre-le-nettoyage-ethnique-va-continuer-de-plus-belle\\\/#primaryimage\"},\"thumbnailUrl\":\"https:\\\/\\\/charleroi-pourlapalestine.be\\\/wp-content\\\/uploads\\\/2025\\\/09\\\/Si-le-Hamas.png\",\"articleSection\":[\"Etats-Unis\",\"Gaza\",\"G\u00e9nocide\",\"Hamas\",\"L'Etat colonial\",\"Venezuela\"],\"inLanguage\":\"fr-FR\"},{\"@type\":\"WebPage\",\"@id\":\"https:\\\/\\\/charleroi-pourlapalestine.be\\\/index.php\\\/2025\\\/09\\\/06\\\/si-israel-cesse-de-combattre-le-genocide-va-se-terminer-si-le-hamas-cesse-de-se-battre-le-nettoyage-ethnique-va-continuer-de-plus-belle\\\/\",\"url\":\"https:\\\/\\\/charleroi-pourlapalestine.be\\\/index.php\\\/2025\\\/09\\\/06\\\/si-israel-cesse-de-combattre-le-genocide-va-se-terminer-si-le-hamas-cesse-de-se-battre-le-nettoyage-ethnique-va-continuer-de-plus-belle\\\/\",\"name\":\"Si Isra\u00ebl cesse de combattre, le g\u00e9nocide va se terminer ; si le Hamas cesse de se battre, le nettoyage ethnique va continuer de plus belle\",\"isPartOf\":{\"@id\":\"https:\\\/\\\/charleroi-pourlapalestine.be\\\/#website\"},\"primaryImageOfPage\":{\"@id\":\"https:\\\/\\\/charleroi-pourlapalestine.be\\\/index.php\\\/2025\\\/09\\\/06\\\/si-israel-cesse-de-combattre-le-genocide-va-se-terminer-si-le-hamas-cesse-de-se-battre-le-nettoyage-ethnique-va-continuer-de-plus-belle\\\/#primaryimage\"},\"image\":{\"@id\":\"https:\\\/\\\/charleroi-pourlapalestine.be\\\/index.php\\\/2025\\\/09\\\/06\\\/si-israel-cesse-de-combattre-le-genocide-va-se-terminer-si-le-hamas-cesse-de-se-battre-le-nettoyage-ethnique-va-continuer-de-plus-belle\\\/#primaryimage\"},\"thumbnailUrl\":\"https:\\\/\\\/charleroi-pourlapalestine.be\\\/wp-content\\\/uploads\\\/2025\\\/09\\\/Si-le-Hamas.png\",\"datePublished\":\"2025-09-06T10:02:31+00:00\",\"description\":\"Tout ce qui se passerait si le Hamas se rendait, c'est que les Palestiniens seraient expuls\u00e9s \u00e0 jamais d'un territoire palestinien.\",\"breadcrumb\":{\"@id\":\"https:\\\/\\\/charleroi-pourlapalestine.be\\\/index.php\\\/2025\\\/09\\\/06\\\/si-israel-cesse-de-combattre-le-genocide-va-se-terminer-si-le-hamas-cesse-de-se-battre-le-nettoyage-ethnique-va-continuer-de-plus-belle\\\/#breadcrumb\"},\"inLanguage\":\"fr-FR\",\"potentialAction\":[{\"@type\":\"ReadAction\",\"target\":[\"https:\\\/\\\/charleroi-pourlapalestine.be\\\/index.php\\\/2025\\\/09\\\/06\\\/si-israel-cesse-de-combattre-le-genocide-va-se-terminer-si-le-hamas-cesse-de-se-battre-le-nettoyage-ethnique-va-continuer-de-plus-belle\\\/\"]}]},{\"@type\":\"ImageObject\",\"inLanguage\":\"fr-FR\",\"@id\":\"https:\\\/\\\/charleroi-pourlapalestine.be\\\/index.php\\\/2025\\\/09\\\/06\\\/si-israel-cesse-de-combattre-le-genocide-va-se-terminer-si-le-hamas-cesse-de-se-battre-le-nettoyage-ethnique-va-continuer-de-plus-belle\\\/#primaryimage\",\"url\":\"https:\\\/\\\/charleroi-pourlapalestine.be\\\/wp-content\\\/uploads\\\/2025\\\/09\\\/Si-le-Hamas.png\",\"contentUrl\":\"https:\\\/\\\/charleroi-pourlapalestine.be\\\/wp-content\\\/uploads\\\/2025\\\/09\\\/Si-le-Hamas.png\",\"width\":1398,\"height\":758},{\"@type\":\"BreadcrumbList\",\"@id\":\"https:\\\/\\\/charleroi-pourlapalestine.be\\\/index.php\\\/2025\\\/09\\\/06\\\/si-israel-cesse-de-combattre-le-genocide-va-se-terminer-si-le-hamas-cesse-de-se-battre-le-nettoyage-ethnique-va-continuer-de-plus-belle\\\/#breadcrumb\",\"itemListElement\":[{\"@type\":\"ListItem\",\"position\":1,\"name\":\"Accueil\",\"item\":\"https:\\\/\\\/charleroi-pourlapalestine.be\\\/\"},{\"@type\":\"ListItem\",\"position\":2,\"name\":\"Si Isra\u00ebl cesse de combattre, le g\u00e9nocide va se terminer ; si le Hamas cesse de se battre, le nettoyage ethnique va continuer de plus belle\"}]},{\"@type\":\"WebSite\",\"@id\":\"https:\\\/\\\/charleroi-pourlapalestine.be\\\/#website\",\"url\":\"https:\\\/\\\/charleroi-pourlapalestine.be\\\/\",\"name\":\"Charleroi Pour la Palestine\",\"description\":\"\",\"publisher\":{\"@id\":\"https:\\\/\\\/charleroi-pourlapalestine.be\\\/#organization\"},\"potentialAction\":[{\"@type\":\"SearchAction\",\"target\":{\"@type\":\"EntryPoint\",\"urlTemplate\":\"https:\\\/\\\/charleroi-pourlapalestine.be\\\/?s={search_term_string}\"},\"query-input\":{\"@type\":\"PropertyValueSpecification\",\"valueRequired\":true,\"valueName\":\"search_term_string\"}}],\"inLanguage\":\"fr-FR\"},{\"@type\":\"Organization\",\"@id\":\"https:\\\/\\\/charleroi-pourlapalestine.be\\\/#organization\",\"name\":\"Plate-forme Charleroi-Palestine\",\"url\":\"https:\\\/\\\/charleroi-pourlapalestine.be\\\/\",\"logo\":{\"@type\":\"ImageObject\",\"inLanguage\":\"fr-FR\",\"@id\":\"https:\\\/\\\/charleroi-pourlapalestine.be\\\/#\\\/schema\\\/logo\\\/image\\\/\",\"url\":\"https:\\\/\\\/charleroi-pourlapalestine.be\\\/wp-content\\\/uploads\\\/2020\\\/01\\\/logo-Copy.jpg\",\"contentUrl\":\"https:\\\/\\\/charleroi-pourlapalestine.be\\\/wp-content\\\/uploads\\\/2020\\\/01\\\/logo-Copy.jpg\",\"width\":180,\"height\":180,\"caption\":\"Plate-forme Charleroi-Palestine\"},\"image\":{\"@id\":\"https:\\\/\\\/charleroi-pourlapalestine.be\\\/#\\\/schema\\\/logo\\\/image\\\/\"},\"sameAs\":[\"https:\\\/\\\/www.facebook.com\\\/PlateformeCharleroiPalestine\\\/\",\"https:\\\/\\\/x.com\\\/LaCharleroi\"]},{\"@type\":\"Person\",\"@id\":\"https:\\\/\\\/charleroi-pourlapalestine.be\\\/#\\\/schema\\\/person\\\/c19ff515112f1299d8c12671d8fe3faa\",\"name\":\"admin1873\",\"url\":\"https:\\\/\\\/charleroi-pourlapalestine.be\\\/index.php\\\/author\\\/admin1873\\\/\"}]}<\/script>\n<!-- \/ Yoast SEO plugin. -->","yoast_head_json":{"title":"Si Isra\u00ebl cesse de combattre, le g\u00e9nocide va se terminer ; si le Hamas cesse de se battre, le nettoyage ethnique va continuer de plus belle","description":"Tout ce qui se passerait si le Hamas se rendait, c'est que les Palestiniens seraient expuls\u00e9s \u00e0 jamais d'un territoire palestinien.","robots":{"index":"index","follow":"follow","max-snippet":"max-snippet:-1","max-image-preview":"max-image-preview:large","max-video-preview":"max-video-preview:-1"},"canonical":"https:\/\/charleroi-pourlapalestine.be\/index.php\/2025\/09\/06\/si-israel-cesse-de-combattre-le-genocide-va-se-terminer-si-le-hamas-cesse-de-se-battre-le-nettoyage-ethnique-va-continuer-de-plus-belle\/","schema":{"@context":"https:\/\/schema.org","@graph":[{"@type":"Article","@id":"https:\/\/charleroi-pourlapalestine.be\/index.php\/2025\/09\/06\/si-israel-cesse-de-combattre-le-genocide-va-se-terminer-si-le-hamas-cesse-de-se-battre-le-nettoyage-ethnique-va-continuer-de-plus-belle\/#article","isPartOf":{"@id":"https:\/\/charleroi-pourlapalestine.be\/index.php\/2025\/09\/06\/si-israel-cesse-de-combattre-le-genocide-va-se-terminer-si-le-hamas-cesse-de-se-battre-le-nettoyage-ethnique-va-continuer-de-plus-belle\/"},"author":{"name":"admin1873","@id":"https:\/\/charleroi-pourlapalestine.be\/#\/schema\/person\/c19ff515112f1299d8c12671d8fe3faa"},"headline":"Si Isra\u00ebl cesse de combattre, le g\u00e9nocide va se terminer ; si le Hamas cesse de se battre, le nettoyage ethnique va continuer de plus belle","datePublished":"2025-09-06T10:02:31+00:00","mainEntityOfPage":{"@id":"https:\/\/charleroi-pourlapalestine.be\/index.php\/2025\/09\/06\/si-israel-cesse-de-combattre-le-genocide-va-se-terminer-si-le-hamas-cesse-de-se-battre-le-nettoyage-ethnique-va-continuer-de-plus-belle\/"},"wordCount":968,"publisher":{"@id":"https:\/\/charleroi-pourlapalestine.be\/#organization"},"image":{"@id":"https:\/\/charleroi-pourlapalestine.be\/index.php\/2025\/09\/06\/si-israel-cesse-de-combattre-le-genocide-va-se-terminer-si-le-hamas-cesse-de-se-battre-le-nettoyage-ethnique-va-continuer-de-plus-belle\/#primaryimage"},"thumbnailUrl":"https:\/\/charleroi-pourlapalestine.be\/wp-content\/uploads\/2025\/09\/Si-le-Hamas.png","articleSection":["Etats-Unis","Gaza","G\u00e9nocide","Hamas","L'Etat colonial","Venezuela"],"inLanguage":"fr-FR"},{"@type":"WebPage","@id":"https:\/\/charleroi-pourlapalestine.be\/index.php\/2025\/09\/06\/si-israel-cesse-de-combattre-le-genocide-va-se-terminer-si-le-hamas-cesse-de-se-battre-le-nettoyage-ethnique-va-continuer-de-plus-belle\/","url":"https:\/\/charleroi-pourlapalestine.be\/index.php\/2025\/09\/06\/si-israel-cesse-de-combattre-le-genocide-va-se-terminer-si-le-hamas-cesse-de-se-battre-le-nettoyage-ethnique-va-continuer-de-plus-belle\/","name":"Si Isra\u00ebl cesse de combattre, le g\u00e9nocide va se terminer ; si le Hamas cesse de se battre, le nettoyage ethnique va continuer de plus belle","isPartOf":{"@id":"https:\/\/charleroi-pourlapalestine.be\/#website"},"primaryImageOfPage":{"@id":"https:\/\/charleroi-pourlapalestine.be\/index.php\/2025\/09\/06\/si-israel-cesse-de-combattre-le-genocide-va-se-terminer-si-le-hamas-cesse-de-se-battre-le-nettoyage-ethnique-va-continuer-de-plus-belle\/#primaryimage"},"image":{"@id":"https:\/\/charleroi-pourlapalestine.be\/index.php\/2025\/09\/06\/si-israel-cesse-de-combattre-le-genocide-va-se-terminer-si-le-hamas-cesse-de-se-battre-le-nettoyage-ethnique-va-continuer-de-plus-belle\/#primaryimage"},"thumbnailUrl":"https:\/\/charleroi-pourlapalestine.be\/wp-content\/uploads\/2025\/09\/Si-le-Hamas.png","datePublished":"2025-09-06T10:02:31+00:00","description":"Tout ce qui se passerait si le Hamas se rendait, c'est que les Palestiniens seraient expuls\u00e9s \u00e0 jamais d'un territoire palestinien.","breadcrumb":{"@id":"https:\/\/charleroi-pourlapalestine.be\/index.php\/2025\/09\/06\/si-israel-cesse-de-combattre-le-genocide-va-se-terminer-si-le-hamas-cesse-de-se-battre-le-nettoyage-ethnique-va-continuer-de-plus-belle\/#breadcrumb"},"inLanguage":"fr-FR","potentialAction":[{"@type":"ReadAction","target":["https:\/\/charleroi-pourlapalestine.be\/index.php\/2025\/09\/06\/si-israel-cesse-de-combattre-le-genocide-va-se-terminer-si-le-hamas-cesse-de-se-battre-le-nettoyage-ethnique-va-continuer-de-plus-belle\/"]}]},{"@type":"ImageObject","inLanguage":"fr-FR","@id":"https:\/\/charleroi-pourlapalestine.be\/index.php\/2025\/09\/06\/si-israel-cesse-de-combattre-le-genocide-va-se-terminer-si-le-hamas-cesse-de-se-battre-le-nettoyage-ethnique-va-continuer-de-plus-belle\/#primaryimage","url":"https:\/\/charleroi-pourlapalestine.be\/wp-content\/uploads\/2025\/09\/Si-le-Hamas.png","contentUrl":"https:\/\/charleroi-pourlapalestine.be\/wp-content\/uploads\/2025\/09\/Si-le-Hamas.png","width":1398,"height":758},{"@type":"BreadcrumbList","@id":"https:\/\/charleroi-pourlapalestine.be\/index.php\/2025\/09\/06\/si-israel-cesse-de-combattre-le-genocide-va-se-terminer-si-le-hamas-cesse-de-se-battre-le-nettoyage-ethnique-va-continuer-de-plus-belle\/#breadcrumb","itemListElement":[{"@type":"ListItem","position":1,"name":"Accueil","item":"https:\/\/charleroi-pourlapalestine.be\/"},{"@type":"ListItem","position":2,"name":"Si Isra\u00ebl cesse de combattre, le g\u00e9nocide va se terminer ; si le Hamas cesse de se battre, le nettoyage ethnique va continuer de plus belle"}]},{"@type":"WebSite","@id":"https:\/\/charleroi-pourlapalestine.be\/#website","url":"https:\/\/charleroi-pourlapalestine.be\/","name":"Charleroi Pour la Palestine","description":"","publisher":{"@id":"https:\/\/charleroi-pourlapalestine.be\/#organization"},"potentialAction":[{"@type":"SearchAction","target":{"@type":"EntryPoint","urlTemplate":"https:\/\/charleroi-pourlapalestine.be\/?s={search_term_string}"},"query-input":{"@type":"PropertyValueSpecification","valueRequired":true,"valueName":"search_term_string"}}],"inLanguage":"fr-FR"},{"@type":"Organization","@id":"https:\/\/charleroi-pourlapalestine.be\/#organization","name":"Plate-forme Charleroi-Palestine","url":"https:\/\/charleroi-pourlapalestine.be\/","logo":{"@type":"ImageObject","inLanguage":"fr-FR","@id":"https:\/\/charleroi-pourlapalestine.be\/#\/schema\/logo\/image\/","url":"https:\/\/charleroi-pourlapalestine.be\/wp-content\/uploads\/2020\/01\/logo-Copy.jpg","contentUrl":"https:\/\/charleroi-pourlapalestine.be\/wp-content\/uploads\/2020\/01\/logo-Copy.jpg","width":180,"height":180,"caption":"Plate-forme Charleroi-Palestine"},"image":{"@id":"https:\/\/charleroi-pourlapalestine.be\/#\/schema\/logo\/image\/"},"sameAs":["https:\/\/www.facebook.com\/PlateformeCharleroiPalestine\/","https:\/\/x.com\/LaCharleroi"]},{"@type":"Person","@id":"https:\/\/charleroi-pourlapalestine.be\/#\/schema\/person\/c19ff515112f1299d8c12671d8fe3faa","name":"admin1873","url":"https:\/\/charleroi-pourlapalestine.be\/index.php\/author\/admin1873\/"}]}},"_links":{"self":[{"href":"https:\/\/charleroi-pourlapalestine.be\/index.php\/wp-json\/wp\/v2\/posts\/86635","targetHints":{"allow":["GET"]}}],"collection":[{"href":"https:\/\/charleroi-pourlapalestine.be\/index.php\/wp-json\/wp\/v2\/posts"}],"about":[{"href":"https:\/\/charleroi-pourlapalestine.be\/index.php\/wp-json\/wp\/v2\/types\/post"}],"author":[{"embeddable":true,"href":"https:\/\/charleroi-pourlapalestine.be\/index.php\/wp-json\/wp\/v2\/users\/1"}],"replies":[{"embeddable":true,"href":"https:\/\/charleroi-pourlapalestine.be\/index.php\/wp-json\/wp\/v2\/comments?post=86635"}],"version-history":[{"count":0,"href":"https:\/\/charleroi-pourlapalestine.be\/index.php\/wp-json\/wp\/v2\/posts\/86635\/revisions"}],"wp:featuredmedia":[{"embeddable":true,"href":"https:\/\/charleroi-pourlapalestine.be\/index.php\/wp-json\/wp\/v2\/media\/86636"}],"wp:attachment":[{"href":"https:\/\/charleroi-pourlapalestine.be\/index.php\/wp-json\/wp\/v2\/media?parent=86635"}],"wp:term":[{"taxonomy":"category","embeddable":true,"href":"https:\/\/charleroi-pourlapalestine.be\/index.php\/wp-json\/wp\/v2\/categories?post=86635"},{"taxonomy":"post_tag","embeddable":true,"href":"https:\/\/charleroi-pourlapalestine.be\/index.php\/wp-json\/wp\/v2\/tags?post=86635"}],"curies":[{"name":"wp","href":"https:\/\/api.w.org\/{rel}","templated":true}]}}