{"id":86655,"date":"2025-09-08T14:17:34","date_gmt":"2025-09-08T12:17:34","guid":{"rendered":"https:\/\/charleroi-pourlapalestine.be\/?p=86655"},"modified":"2025-09-08T14:17:34","modified_gmt":"2025-09-08T12:17:34","slug":"le-choix-difficile-de-liran-la-guerre-en-tant-que-moindre-mal","status":"publish","type":"post","link":"https:\/\/charleroi-pourlapalestine.be\/index.php\/2025\/09\/08\/le-choix-difficile-de-liran-la-guerre-en-tant-que-moindre-mal\/","title":{"rendered":"Le choix difficile de l&rsquo;Iran : La guerre en tant que moindre mal"},"content":{"rendered":"<p>Aujourd&rsquo;hui, l&rsquo;Iran est confront\u00e9 \u00e0 l&rsquo;une de ses conjonctures historiques les plus complexes depuis la guerre contre l&rsquo;Irak dans les ann\u00e9es 1980. Les tensions r\u00e9gionales et internationales montent au fur et \u00e0 mesure que les EU, l&rsquo;Europe et l&rsquo;entit\u00e9 isra\u00e9lienne accroissent les pressions sur T\u00e9h\u00e9ran dans le cadre de leur strat\u00e9gie d&rsquo;ensemble visant \u00e0 isoler la R\u00e9publique islamique, \u00e0 bloquer son \u00e9conomie, \u00e0 paralyser ses capacit\u00e9s r\u00e9gionales et mondiales, le tout via des sanctions ainsi que des menaces militaires directes.<\/p>\n<p>&nbsp;<\/p>\n<p><img loading=\"lazy\" decoding=\"async\" class=\"aligncenter wp-image-86656 size-full\" src=\"https:\/\/charleroi-pourlapalestine.be\/wp-content\/uploads\/2025\/09\/Iran-2.png\" alt=\"Le choix difficile de l'Iran : La guerre en tant que moindre mal\" width=\"931\" height=\"556\" srcset=\"https:\/\/charleroi-pourlapalestine.be\/wp-content\/uploads\/2025\/09\/Iran-2.png 931w, https:\/\/charleroi-pourlapalestine.be\/wp-content\/uploads\/2025\/09\/Iran-2-350x209.png 350w, https:\/\/charleroi-pourlapalestine.be\/wp-content\/uploads\/2025\/09\/Iran-2-700x418.png 700w, https:\/\/charleroi-pourlapalestine.be\/wp-content\/uploads\/2025\/09\/Iran-2-768x459.png 768w\" sizes=\"auto, (max-width: 931px) 100vw, 931px\" \/><\/p>\n<p><strong>Khaled Barakat<\/strong>, 3 septembre 2025<\/p>\n<p>&nbsp;<\/p>\n<blockquote><p>\u00ab Nous disposons d&rsquo;un moment pour agir de fa\u00e7on d\u00e9cisive afin de mettre un terme \u00e0 l&rsquo;influence iranienne dans la r\u00e9gion. 2026 sera l&rsquo;ann\u00e9e de l&rsquo;int\u00e9gration d&rsquo;Isra\u00ebl \u00e0 la r\u00e9gion. \u00bb<\/p>\n<p>\u2014Lindsey Graham, lors d&rsquo;un discours \u00e0 Tel-Aviv, le 29 ao\u00fbt 2025<\/p><\/blockquote>\n<p>&nbsp;<\/p>\n<p>Les sanctions am\u00e9ricaines et europ\u00e9ennes contre l&rsquo;Iran se multiplient de jour en jour. Les routes commerciales sont \u00e9troitement surveill\u00e9es. Dans le m\u00eame temps, les efforts se multiplient afin de taxer l&rsquo;Iran de <em>\u00ab menace existentielle contre la s\u00e9curit\u00e9 r\u00e9gionale et mondiale \u00bb.<\/em> Cela montre que l&rsquo;on est pass\u00e9 de la simple pression \u00e9conomique vers une campagne totale de ciblage politique et \u00e9conomique de la r\u00e9publique.<\/p>\n<p>Mais l&rsquo;offensive ne s&rsquo;arr\u00eate pas \u00e0 T\u00e9h\u00e9ran. Elle s&rsquo;\u00e9tend \u00e0 ses alli\u00e9s dans la r\u00e9gion : pressions sur la r\u00e9sistance au Liban et \u00e0 Gaza ; agression et si\u00e8ge permanents contre les parties lib\u00e9r\u00e9es du Y\u00e9men ; et tentatives d&rsquo;encerclement des partenaires de l&rsquo;Iran en Irak. Washington insiste sans rel\u00e2che en vue de d\u00e9manteler ce qu&rsquo;elle appelle le \u00ab r\u00e9seau d&rsquo;influence \u00bb de l&rsquo;Iran et de remodeler le rapport des forces de fa\u00e7on \u00e0 garantir la s\u00e9curit\u00e9 de l&rsquo;entit\u00e9 isra\u00e9lienne tout en accroissant le contr\u00f4le des EU sur l&rsquo;Asie occidentale. Les lignes de livraison allant de T\u00e9h\u00e9ran \u00e0 Beyrouth, Sanaa et Bagdad font face \u00e0 une immense pression dans le m\u00eame temps que les gouvernements de Beyrouth et de Bagdad sont soumis \u00e0 des pressions politiques et s\u00e9curitaires visant \u00e0 couper les art\u00e8res logistiques et financi\u00e8res alimentant les alli\u00e9s de l&rsquo;Iran.<\/p>\n<p>En Irak, sp\u00e9cifiquement, T\u00e9h\u00e9ran est confront\u00e9 \u00e0 l&rsquo;une des phases les plus complexes de sa guerre \u00ab non d\u00e9clar\u00e9e \u00bb. Washington et Tel-Aviv s&#8217;emploient ouvertement \u00e0 affaiblir les Forces de mobilisation populaire (FMP), l&rsquo;une des pierres angulaires de l&rsquo;influence iranienne dans la r\u00e9gion. N\u00e9es au cours du combat contre l&rsquo;EI, les FPM sont devenues depuis une formidable force militaire et politique, en m\u00eame temps qu&rsquo;une menace directe pour la pr\u00e9sence am\u00e9ricaine en Irak et au-del\u00e0.<\/p>\n<p>De ce fait, Washington insiste pour imposer des contraintes strictes aux mouvements des FMP et les isoler de la souverainet\u00e9 irakienne, en exer\u00e7ant des pressions sur Bagdad afin qu&rsquo;elle limite ses capacit\u00e9s logistiques et militaires et qu&rsquo;elle aille m\u00eame jusqu&rsquo;\u00e0 d\u00e9manteler certaines de ses brigades d&rsquo;\u00e9lite, sous le pr\u00e9texte de \u00ab restructuration des forces s\u00e9curitaires \u00bb.<\/p>\n<p>Cette trajectoire converge avec une volont\u00e9 am\u00e9ricano-europ\u00e9enne plus large de d\u00e9sarmer le Hezbollah au Liban ainsi que d&rsquo;autres forces align\u00e9es sur l&rsquo;Iran et \u0153uvrant sur divers fronts. Comme elles ne sont pas parvenues \u00e0 d\u00e9manteler militairement la r\u00e9sistance au Liban et \u00e0 Gaza, Washington et Tel-Aviv se tournent vers des outils politiques et \u00e9conomiques pour imposer la \u00ab dissuasion asym\u00e9trique \u00bb des EU face \u00e0 l&rsquo;influence de T\u00e9h\u00e9ran. La doctrine est claire : Ce qui ne peut \u00eatre r\u00e9alis\u00e9 par la force doit l&rsquo;\u00eatre en recourant \u00e0 une force plus grande.<\/p>\n<p>En Irak, des projets de loi cherchent \u00e0 limiter les armes d\u00e9tenues en dehors du cadre de contr\u00f4le de l&rsquo;\u00c9tat. Au Y\u00e9men, Ansar Allah est confront\u00e9 aux pressions am\u00e9ricaines visant \u00e0 restreindre ses capacit\u00e9s balistiques et navales, ce qui s&rsquo;inscrit dans une strat\u00e9gie compl\u00e8te destin\u00e9e \u00e0 d\u00e9pouiller les alli\u00e9s de T\u00e9h\u00e9ran d&rsquo;un pouvoir de dissuasion tout en coupant r\u00e9guli\u00e8rement leurs lignes d&rsquo;approvisionnement.<\/p>\n<p>Sur le plan g\u00e9opolitique, l&rsquo;Iran est plus encercl\u00e9 qu&rsquo;en tout autre moment de l&rsquo;histoire r\u00e9cente. Au nord, le corridor Azerba\u00efdjan\u2013Arm\u00e9nie est devenu un champ de bataille pour Moscou, Ankara et Washington. Les EU et l&rsquo;OTAN cherchent \u00e0 transformer Bakou en une plate-forme de pression contre T\u00e9h\u00e9ran, plus particuli\u00e8rement en approfondissant la coop\u00e9ration militaire et les \u00e9changes de renseignements entre l&rsquo;Azerba\u00efdjan et l&rsquo;entit\u00e9 isra\u00e9lienne.<\/p>\n<p>Ceci ouvre la porte \u00e0 l&rsquo;\u00e9tablissement de bases de renseignement dangereusement proches de la fronti\u00e8re nord de l&rsquo;Iran, ce qui multiplie les menaces directes et ne manquera pas de rendre la confrontation encore plus complexe dans un proche avenir. Les inqui\u00e9tudes de T\u00e9h\u00e9ran \u00e0 propos du Caucase sont l\u00e9gitimes et n&rsquo;ont fait que s&rsquo;intensifier apr\u00e8s que Washington a accueilli un sommet entre l&rsquo;Arm\u00e9nie et l&rsquo;Azerba\u00efdjan, lequel a accouch\u00e9 d&rsquo;un pr\u00e9tendu \u00ab accord de paix \u00bb. La pi\u00e8ce ma\u00eetresse \u00e9tait le d\u00e9veloppement du corridor de Zangezur sous le contr\u00f4le direct et la protection des EU, ce qui accorde effectivement \u00e0 Washington une domination militaire et \u00e9conomique quasi totale.<\/p>\n<p>Au niveau int\u00e9rieur, l&rsquo;Iran est confront\u00e9 \u00e0 une escalade sans pr\u00e9c\u00e9dent de la guerre des renseignements. Ces derniers mois, ses agences de s\u00e9curit\u00e9 ont annonc\u00e9 le d\u00e9mant\u00e8lement de r\u00e9seaux d&rsquo;espionnage comptant en tout des centaines, voire des milliers d&rsquo;agents li\u00e9s aux renseignements isra\u00e9liens et am\u00e9ricains. Dans le m\u00eame temps, l&rsquo;opposition iranienne \u00e0 l&rsquo;\u00e9tranger a \u00e9t\u00e9 mobilis\u00e9e : en armant de petits groupes de militants, en d\u00e9versant d&rsquo;\u00e9normes sommes d&rsquo;argent dans des campagnes m\u00e9diatiques en vue de saper la l\u00e9gitimit\u00e9 de la R\u00e9publique et en \u0153uvrant \u00e0 provoquer le chaos au niveau interne.<\/p>\n<p>Entre-temps, certaines voix de l&rsquo;\u00e9lite iranienne se disant \u00ab r\u00e9alistes \u00bb \u00e9mettent des d\u00e9clarations confuses et h\u00e9sitantes qui ne servent qu&rsquo;\u00e0 encourager l&rsquo;agression isra\u00e9lienne et \u00e0 affaiblir l&rsquo;effort de l&rsquo;Iran en vue de d\u00e9fendre et de fortifier le pays.<\/p>\n<p>Tout cela constitue ce que l&rsquo;on peut qualifier de \u00ab guerre hybride \u00bb contre l&rsquo;Iran, une guerre men\u00e9e en m\u00eame temps de l&rsquo;ext\u00e9rieur et de l&rsquo;int\u00e9rieur du pays, accompagn\u00e9e d&rsquo;une vaste campagne politique et m\u00e9diatique en vue de recadrer le \u00ab dossier nucl\u00e9aire de l&rsquo;Iran \u00bb comme pr\u00e9texte tout pr\u00eat \u00e0 l&rsquo;escalade et \u00e0 l&rsquo;agression. La rh\u00e9torique occidentale est devenue plus hostile encore \u00e0 cause du refus de l&rsquo;Iran de capituler.<\/p>\n<p>Dans ce contexte, les dirigeants de l&rsquo;Iran sont confront\u00e9s \u00e0 des choix difficiles. D&rsquo;une part, des contraintes permanentes risquent d&rsquo;\u00e9roder plus encore ses capacit\u00e9s \u00e9conomiques, politiques et s\u00e9curitaires, tout en provoquant une perte progressive de son pouvoir dissuasif r\u00e9gional \u00e0 mesure que le si\u00e8ge se durcit. D&rsquo;autre part, la confrontation militaire est peut-\u00eatre co\u00fbteuse mais, en fin de compte, elle pourrait constituer le moindre mal. En d\u00e9pit de ses dangers, la guerre a le potentiel d&rsquo;unifier le front domestique, de redessiner les \u00e9quations de dissuasion et d&#8217;emp\u00eacher Washington et Tel-Aviv de d\u00e9manteler pi\u00e8ce par pi\u00e8ce l&rsquo;influence de l&rsquo;Iran sur une voie qui m\u00e8nerait finalement au d\u00e9mant\u00e8lement de l&rsquo;Iran m\u00eame.<\/p>\n<p>Le plus grand d\u00e9fi de l&rsquo;Iran, c&rsquo;est que le temps n&rsquo;est pas de son c\u00f4t\u00e9. La strat\u00e9gie am\u00e9ricaine de la \u00ab pression maximale \u00bb peut avoir \u00e9chou\u00e9 dans la r\u00e9alisation de ses grands objectifs ces derni\u00e8res ann\u00e9es, mais elle a rapport\u00e9 des gains tactiques \u00e0 Washington et \u00e0 ses alli\u00e9s ; des gains qui pourraient bient\u00f4t se traduire par des menaces existentielles pour T\u00e9h\u00e9ran.<\/p>\n<p>M\u00eame dans ce cas, l&rsquo;Axe de la r\u00e9sistance a fait preuve d&rsquo;une patience et d&rsquo;une r\u00e9silience remarquables, en particulier \u00e0 Gaza, \u00e0 Beyrouth et \u00e0 Sanaa. Entre-temps, la position isra\u00e9lienne a d\u00e9clin\u00e9 tant au niveau r\u00e9gional qu&rsquo;international. Apr\u00e8s le 7 octobre et la guerre g\u00e9nocidaire contre Gaza, l&rsquo;opinion populaire dans la r\u00e9gion ainsi que dans le monde s&rsquo;est d\u00e9plac\u00e9e de fa\u00e7on d\u00e9cisive du c\u00f4t\u00e9 de la r\u00e9sistance et de l&rsquo;option de la confrontation totale.<\/p>\n<p>Aujourd&rsquo;hui, l&rsquo;entit\u00e9 isra\u00e9lienne est embourb\u00e9e dans un d\u00e9sarroi interne et une confusion strat\u00e9gique sans pr\u00e9c\u00e9dent, malgr\u00e9 le \u00ab surplus de pouvoir \u00bb garanti par Washington. L&rsquo;image soigneusement cultiv\u00e9e du \u00ab pauvre petit Isra\u00ebl \u00bb, longtemps promue par la propagande occidentale, s&rsquo;est effondr\u00e9e, d\u00e9non\u00e7ant aux publics du monde entier la nature raciste et criminelle du projet sioniste. Viennent s&rsquo;ajouter \u00e0 cela l&rsquo;effondrement du moral de l&rsquo;arm\u00e9e isra\u00e9lienne et les cons\u00e9quences strat\u00e9giques de la guerre de 12 jours contre l&rsquo;Iran, qui ont r\u00e9v\u00e9l\u00e9 cr\u00fbment les faiblesses qui r\u00e8gnent au c\u0153ur de l&rsquo;appareil militaire isra\u00e9lien.<\/p>\n<p>Le message que l&rsquo;Iran pourrait transmettre au monde est celui-ci : Le prix de la guerre est \u00e9lev\u00e9, mais celui de la reddition l&rsquo;est bien plus encore. Dans une r\u00e9gion qui subit des transformations rapides, T\u00e9h\u00e9ran pourrait conclure que la guerre n&rsquo;est pas simplement une option parmi tant d&rsquo;autres, mais avant tout l&rsquo;option la moins co\u00fbteuse face \u00e0 un projet con\u00e7u \u00e0 le saigner compl\u00e8tement jusqu&rsquo;au moment o\u00f9 il n&rsquo;en restera plus rien.<\/p>\n<p style=\"text-align: center;\">*****<\/p>\n<p>Cet article, initialement r\u00e9dig\u00e9 en arabe, a \u00e9t\u00e9 publi\u00e9 ensuite dans <a href=\"https:\/\/en.al-akhbar.com\/news\/iran-s-stark-choice--war-as-the-lesser-loss\" target=\"_blank\" rel=\"noopener\">Al-Akhbar English<\/a> avant d&rsquo;\u00eatre repris dans <a href=\"https:\/\/masarbadil.org\/en\/2025\/09\/6830\/\" target=\"_blank\" rel=\"noopener\">Masar Badil<\/a> le 3 septembre 2025.<br \/>\nTraduction de l&rsquo;anglais : Jean-Marie Fl\u00e9mal, <a href=\"https:\/\/charleroi-pourlapalestine.be\/\">Charleroi pour la Palestine.<\/a><\/p>\n<p>&nbsp;<\/p>\n","protected":false},"excerpt":{"rendered":"<p>Dans une r\u00e9gion qui subit des transformations rapides, T\u00e9h\u00e9ran pourrait conclure que la guerre n&rsquo;est pas simplement une option parmi tant d&rsquo;autres, mais avant tout l&rsquo;option la moins co\u00fbteuse face \u00e0 un projet con\u00e7u \u00e0 le saigner compl\u00e8tement jusqu&rsquo;au moment o\u00f9 il n&rsquo;en restera plus rien.<\/p>\n","protected":false},"author":1,"featured_media":86656,"comment_status":"closed","ping_status":"closed","sticky":false,"template":"","format":"standard","meta":{"ngg_post_thumbnail":0,"footnotes":""},"categories":[52,62,344,652,142,140,191,25,940],"tags":[],"class_list":["post-86655","post","type-post","status-publish","format-standard","has-post-thumbnail","hentry","category-la-cour-penale-internationale","category-leurope","category-genocide","category-irak","category-iran","category-letat-colonial","category-liban","category-la-resistance-palestinienne","category-yemen-2"],"yoast_head":"<!-- This site is optimized with the Yoast SEO plugin v27.3 - https:\/\/yoast.com\/product\/yoast-seo-wordpress\/ -->\n<title>Le choix difficile de l&#039;Iran : La guerre en tant que moindre mal<\/title>\n<meta name=\"description\" content=\"Le message que l&#039;Iran pourrait transmettre au monde est celui-ci : Le prix de la guerre est \u00e9lev\u00e9, mais celui de la reddition l&#039;est bien plus encore.\" \/>\n<meta name=\"robots\" content=\"index, follow, max-snippet:-1, max-image-preview:large, max-video-preview:-1\" \/>\n<link rel=\"canonical\" href=\"https:\/\/charleroi-pourlapalestine.be\/index.php\/2025\/09\/08\/le-choix-difficile-de-liran-la-guerre-en-tant-que-moindre-mal\/\" \/>\n<script type=\"application\/ld+json\" class=\"yoast-schema-graph\">{\"@context\":\"https:\\\/\\\/schema.org\",\"@graph\":[{\"@type\":\"Article\",\"@id\":\"https:\\\/\\\/charleroi-pourlapalestine.be\\\/index.php\\\/2025\\\/09\\\/08\\\/le-choix-difficile-de-liran-la-guerre-en-tant-que-moindre-mal\\\/#article\",\"isPartOf\":{\"@id\":\"https:\\\/\\\/charleroi-pourlapalestine.be\\\/index.php\\\/2025\\\/09\\\/08\\\/le-choix-difficile-de-liran-la-guerre-en-tant-que-moindre-mal\\\/\"},\"author\":{\"name\":\"admin1873\",\"@id\":\"https:\\\/\\\/charleroi-pourlapalestine.be\\\/#\\\/schema\\\/person\\\/c19ff515112f1299d8c12671d8fe3faa\"},\"headline\":\"Le choix difficile de l&rsquo;Iran : La guerre en tant que moindre mal\",\"datePublished\":\"2025-09-08T12:17:34+00:00\",\"mainEntityOfPage\":{\"@id\":\"https:\\\/\\\/charleroi-pourlapalestine.be\\\/index.php\\\/2025\\\/09\\\/08\\\/le-choix-difficile-de-liran-la-guerre-en-tant-que-moindre-mal\\\/\"},\"wordCount\":1689,\"publisher\":{\"@id\":\"https:\\\/\\\/charleroi-pourlapalestine.be\\\/#organization\"},\"image\":{\"@id\":\"https:\\\/\\\/charleroi-pourlapalestine.be\\\/index.php\\\/2025\\\/09\\\/08\\\/le-choix-difficile-de-liran-la-guerre-en-tant-que-moindre-mal\\\/#primaryimage\"},\"thumbnailUrl\":\"https:\\\/\\\/charleroi-pourlapalestine.be\\\/wp-content\\\/uploads\\\/2025\\\/09\\\/Iran-2.png\",\"articleSection\":[\"Etats-Unis\",\"Europe\",\"G\u00e9nocide\",\"Irak\",\"Iran\",\"L'Etat colonial\",\"Liban\",\"R\u00e9sistance\",\"Y\u00e9men\"],\"inLanguage\":\"fr-FR\"},{\"@type\":\"WebPage\",\"@id\":\"https:\\\/\\\/charleroi-pourlapalestine.be\\\/index.php\\\/2025\\\/09\\\/08\\\/le-choix-difficile-de-liran-la-guerre-en-tant-que-moindre-mal\\\/\",\"url\":\"https:\\\/\\\/charleroi-pourlapalestine.be\\\/index.php\\\/2025\\\/09\\\/08\\\/le-choix-difficile-de-liran-la-guerre-en-tant-que-moindre-mal\\\/\",\"name\":\"Le choix difficile de l'Iran : La guerre en tant que moindre mal\",\"isPartOf\":{\"@id\":\"https:\\\/\\\/charleroi-pourlapalestine.be\\\/#website\"},\"primaryImageOfPage\":{\"@id\":\"https:\\\/\\\/charleroi-pourlapalestine.be\\\/index.php\\\/2025\\\/09\\\/08\\\/le-choix-difficile-de-liran-la-guerre-en-tant-que-moindre-mal\\\/#primaryimage\"},\"image\":{\"@id\":\"https:\\\/\\\/charleroi-pourlapalestine.be\\\/index.php\\\/2025\\\/09\\\/08\\\/le-choix-difficile-de-liran-la-guerre-en-tant-que-moindre-mal\\\/#primaryimage\"},\"thumbnailUrl\":\"https:\\\/\\\/charleroi-pourlapalestine.be\\\/wp-content\\\/uploads\\\/2025\\\/09\\\/Iran-2.png\",\"datePublished\":\"2025-09-08T12:17:34+00:00\",\"description\":\"Le message que l'Iran pourrait transmettre au monde est celui-ci : Le prix de la guerre est \u00e9lev\u00e9, mais celui de la reddition l'est bien plus encore.\",\"breadcrumb\":{\"@id\":\"https:\\\/\\\/charleroi-pourlapalestine.be\\\/index.php\\\/2025\\\/09\\\/08\\\/le-choix-difficile-de-liran-la-guerre-en-tant-que-moindre-mal\\\/#breadcrumb\"},\"inLanguage\":\"fr-FR\",\"potentialAction\":[{\"@type\":\"ReadAction\",\"target\":[\"https:\\\/\\\/charleroi-pourlapalestine.be\\\/index.php\\\/2025\\\/09\\\/08\\\/le-choix-difficile-de-liran-la-guerre-en-tant-que-moindre-mal\\\/\"]}]},{\"@type\":\"ImageObject\",\"inLanguage\":\"fr-FR\",\"@id\":\"https:\\\/\\\/charleroi-pourlapalestine.be\\\/index.php\\\/2025\\\/09\\\/08\\\/le-choix-difficile-de-liran-la-guerre-en-tant-que-moindre-mal\\\/#primaryimage\",\"url\":\"https:\\\/\\\/charleroi-pourlapalestine.be\\\/wp-content\\\/uploads\\\/2025\\\/09\\\/Iran-2.png\",\"contentUrl\":\"https:\\\/\\\/charleroi-pourlapalestine.be\\\/wp-content\\\/uploads\\\/2025\\\/09\\\/Iran-2.png\",\"width\":931,\"height\":556},{\"@type\":\"BreadcrumbList\",\"@id\":\"https:\\\/\\\/charleroi-pourlapalestine.be\\\/index.php\\\/2025\\\/09\\\/08\\\/le-choix-difficile-de-liran-la-guerre-en-tant-que-moindre-mal\\\/#breadcrumb\",\"itemListElement\":[{\"@type\":\"ListItem\",\"position\":1,\"name\":\"Accueil\",\"item\":\"https:\\\/\\\/charleroi-pourlapalestine.be\\\/\"},{\"@type\":\"ListItem\",\"position\":2,\"name\":\"Le choix difficile de l&rsquo;Iran : La guerre en tant que moindre mal\"}]},{\"@type\":\"WebSite\",\"@id\":\"https:\\\/\\\/charleroi-pourlapalestine.be\\\/#website\",\"url\":\"https:\\\/\\\/charleroi-pourlapalestine.be\\\/\",\"name\":\"Charleroi Pour la Palestine\",\"description\":\"\",\"publisher\":{\"@id\":\"https:\\\/\\\/charleroi-pourlapalestine.be\\\/#organization\"},\"potentialAction\":[{\"@type\":\"SearchAction\",\"target\":{\"@type\":\"EntryPoint\",\"urlTemplate\":\"https:\\\/\\\/charleroi-pourlapalestine.be\\\/?s={search_term_string}\"},\"query-input\":{\"@type\":\"PropertyValueSpecification\",\"valueRequired\":true,\"valueName\":\"search_term_string\"}}],\"inLanguage\":\"fr-FR\"},{\"@type\":\"Organization\",\"@id\":\"https:\\\/\\\/charleroi-pourlapalestine.be\\\/#organization\",\"name\":\"Plate-forme Charleroi-Palestine\",\"url\":\"https:\\\/\\\/charleroi-pourlapalestine.be\\\/\",\"logo\":{\"@type\":\"ImageObject\",\"inLanguage\":\"fr-FR\",\"@id\":\"https:\\\/\\\/charleroi-pourlapalestine.be\\\/#\\\/schema\\\/logo\\\/image\\\/\",\"url\":\"https:\\\/\\\/charleroi-pourlapalestine.be\\\/wp-content\\\/uploads\\\/2020\\\/01\\\/logo-Copy.jpg\",\"contentUrl\":\"https:\\\/\\\/charleroi-pourlapalestine.be\\\/wp-content\\\/uploads\\\/2020\\\/01\\\/logo-Copy.jpg\",\"width\":180,\"height\":180,\"caption\":\"Plate-forme Charleroi-Palestine\"},\"image\":{\"@id\":\"https:\\\/\\\/charleroi-pourlapalestine.be\\\/#\\\/schema\\\/logo\\\/image\\\/\"},\"sameAs\":[\"https:\\\/\\\/www.facebook.com\\\/PlateformeCharleroiPalestine\\\/\",\"https:\\\/\\\/x.com\\\/LaCharleroi\"]},{\"@type\":\"Person\",\"@id\":\"https:\\\/\\\/charleroi-pourlapalestine.be\\\/#\\\/schema\\\/person\\\/c19ff515112f1299d8c12671d8fe3faa\",\"name\":\"admin1873\",\"url\":\"https:\\\/\\\/charleroi-pourlapalestine.be\\\/index.php\\\/author\\\/admin1873\\\/\"}]}<\/script>\n<!-- \/ Yoast SEO plugin. -->","yoast_head_json":{"title":"Le choix difficile de l'Iran : La guerre en tant que moindre mal","description":"Le message que l'Iran pourrait transmettre au monde est celui-ci : Le prix de la guerre est \u00e9lev\u00e9, mais celui de la reddition l'est bien plus encore.","robots":{"index":"index","follow":"follow","max-snippet":"max-snippet:-1","max-image-preview":"max-image-preview:large","max-video-preview":"max-video-preview:-1"},"canonical":"https:\/\/charleroi-pourlapalestine.be\/index.php\/2025\/09\/08\/le-choix-difficile-de-liran-la-guerre-en-tant-que-moindre-mal\/","schema":{"@context":"https:\/\/schema.org","@graph":[{"@type":"Article","@id":"https:\/\/charleroi-pourlapalestine.be\/index.php\/2025\/09\/08\/le-choix-difficile-de-liran-la-guerre-en-tant-que-moindre-mal\/#article","isPartOf":{"@id":"https:\/\/charleroi-pourlapalestine.be\/index.php\/2025\/09\/08\/le-choix-difficile-de-liran-la-guerre-en-tant-que-moindre-mal\/"},"author":{"name":"admin1873","@id":"https:\/\/charleroi-pourlapalestine.be\/#\/schema\/person\/c19ff515112f1299d8c12671d8fe3faa"},"headline":"Le choix difficile de l&rsquo;Iran : La guerre en tant que moindre mal","datePublished":"2025-09-08T12:17:34+00:00","mainEntityOfPage":{"@id":"https:\/\/charleroi-pourlapalestine.be\/index.php\/2025\/09\/08\/le-choix-difficile-de-liran-la-guerre-en-tant-que-moindre-mal\/"},"wordCount":1689,"publisher":{"@id":"https:\/\/charleroi-pourlapalestine.be\/#organization"},"image":{"@id":"https:\/\/charleroi-pourlapalestine.be\/index.php\/2025\/09\/08\/le-choix-difficile-de-liran-la-guerre-en-tant-que-moindre-mal\/#primaryimage"},"thumbnailUrl":"https:\/\/charleroi-pourlapalestine.be\/wp-content\/uploads\/2025\/09\/Iran-2.png","articleSection":["Etats-Unis","Europe","G\u00e9nocide","Irak","Iran","L'Etat colonial","Liban","R\u00e9sistance","Y\u00e9men"],"inLanguage":"fr-FR"},{"@type":"WebPage","@id":"https:\/\/charleroi-pourlapalestine.be\/index.php\/2025\/09\/08\/le-choix-difficile-de-liran-la-guerre-en-tant-que-moindre-mal\/","url":"https:\/\/charleroi-pourlapalestine.be\/index.php\/2025\/09\/08\/le-choix-difficile-de-liran-la-guerre-en-tant-que-moindre-mal\/","name":"Le choix difficile de l'Iran : La guerre en tant que moindre mal","isPartOf":{"@id":"https:\/\/charleroi-pourlapalestine.be\/#website"},"primaryImageOfPage":{"@id":"https:\/\/charleroi-pourlapalestine.be\/index.php\/2025\/09\/08\/le-choix-difficile-de-liran-la-guerre-en-tant-que-moindre-mal\/#primaryimage"},"image":{"@id":"https:\/\/charleroi-pourlapalestine.be\/index.php\/2025\/09\/08\/le-choix-difficile-de-liran-la-guerre-en-tant-que-moindre-mal\/#primaryimage"},"thumbnailUrl":"https:\/\/charleroi-pourlapalestine.be\/wp-content\/uploads\/2025\/09\/Iran-2.png","datePublished":"2025-09-08T12:17:34+00:00","description":"Le message que l'Iran pourrait transmettre au monde est celui-ci : Le prix de la guerre est \u00e9lev\u00e9, mais celui de la reddition l'est bien plus encore.","breadcrumb":{"@id":"https:\/\/charleroi-pourlapalestine.be\/index.php\/2025\/09\/08\/le-choix-difficile-de-liran-la-guerre-en-tant-que-moindre-mal\/#breadcrumb"},"inLanguage":"fr-FR","potentialAction":[{"@type":"ReadAction","target":["https:\/\/charleroi-pourlapalestine.be\/index.php\/2025\/09\/08\/le-choix-difficile-de-liran-la-guerre-en-tant-que-moindre-mal\/"]}]},{"@type":"ImageObject","inLanguage":"fr-FR","@id":"https:\/\/charleroi-pourlapalestine.be\/index.php\/2025\/09\/08\/le-choix-difficile-de-liran-la-guerre-en-tant-que-moindre-mal\/#primaryimage","url":"https:\/\/charleroi-pourlapalestine.be\/wp-content\/uploads\/2025\/09\/Iran-2.png","contentUrl":"https:\/\/charleroi-pourlapalestine.be\/wp-content\/uploads\/2025\/09\/Iran-2.png","width":931,"height":556},{"@type":"BreadcrumbList","@id":"https:\/\/charleroi-pourlapalestine.be\/index.php\/2025\/09\/08\/le-choix-difficile-de-liran-la-guerre-en-tant-que-moindre-mal\/#breadcrumb","itemListElement":[{"@type":"ListItem","position":1,"name":"Accueil","item":"https:\/\/charleroi-pourlapalestine.be\/"},{"@type":"ListItem","position":2,"name":"Le choix difficile de l&rsquo;Iran : La guerre en tant que moindre mal"}]},{"@type":"WebSite","@id":"https:\/\/charleroi-pourlapalestine.be\/#website","url":"https:\/\/charleroi-pourlapalestine.be\/","name":"Charleroi Pour la Palestine","description":"","publisher":{"@id":"https:\/\/charleroi-pourlapalestine.be\/#organization"},"potentialAction":[{"@type":"SearchAction","target":{"@type":"EntryPoint","urlTemplate":"https:\/\/charleroi-pourlapalestine.be\/?s={search_term_string}"},"query-input":{"@type":"PropertyValueSpecification","valueRequired":true,"valueName":"search_term_string"}}],"inLanguage":"fr-FR"},{"@type":"Organization","@id":"https:\/\/charleroi-pourlapalestine.be\/#organization","name":"Plate-forme Charleroi-Palestine","url":"https:\/\/charleroi-pourlapalestine.be\/","logo":{"@type":"ImageObject","inLanguage":"fr-FR","@id":"https:\/\/charleroi-pourlapalestine.be\/#\/schema\/logo\/image\/","url":"https:\/\/charleroi-pourlapalestine.be\/wp-content\/uploads\/2020\/01\/logo-Copy.jpg","contentUrl":"https:\/\/charleroi-pourlapalestine.be\/wp-content\/uploads\/2020\/01\/logo-Copy.jpg","width":180,"height":180,"caption":"Plate-forme Charleroi-Palestine"},"image":{"@id":"https:\/\/charleroi-pourlapalestine.be\/#\/schema\/logo\/image\/"},"sameAs":["https:\/\/www.facebook.com\/PlateformeCharleroiPalestine\/","https:\/\/x.com\/LaCharleroi"]},{"@type":"Person","@id":"https:\/\/charleroi-pourlapalestine.be\/#\/schema\/person\/c19ff515112f1299d8c12671d8fe3faa","name":"admin1873","url":"https:\/\/charleroi-pourlapalestine.be\/index.php\/author\/admin1873\/"}]}},"_links":{"self":[{"href":"https:\/\/charleroi-pourlapalestine.be\/index.php\/wp-json\/wp\/v2\/posts\/86655","targetHints":{"allow":["GET"]}}],"collection":[{"href":"https:\/\/charleroi-pourlapalestine.be\/index.php\/wp-json\/wp\/v2\/posts"}],"about":[{"href":"https:\/\/charleroi-pourlapalestine.be\/index.php\/wp-json\/wp\/v2\/types\/post"}],"author":[{"embeddable":true,"href":"https:\/\/charleroi-pourlapalestine.be\/index.php\/wp-json\/wp\/v2\/users\/1"}],"replies":[{"embeddable":true,"href":"https:\/\/charleroi-pourlapalestine.be\/index.php\/wp-json\/wp\/v2\/comments?post=86655"}],"version-history":[{"count":0,"href":"https:\/\/charleroi-pourlapalestine.be\/index.php\/wp-json\/wp\/v2\/posts\/86655\/revisions"}],"wp:featuredmedia":[{"embeddable":true,"href":"https:\/\/charleroi-pourlapalestine.be\/index.php\/wp-json\/wp\/v2\/media\/86656"}],"wp:attachment":[{"href":"https:\/\/charleroi-pourlapalestine.be\/index.php\/wp-json\/wp\/v2\/media?parent=86655"}],"wp:term":[{"taxonomy":"category","embeddable":true,"href":"https:\/\/charleroi-pourlapalestine.be\/index.php\/wp-json\/wp\/v2\/categories?post=86655"},{"taxonomy":"post_tag","embeddable":true,"href":"https:\/\/charleroi-pourlapalestine.be\/index.php\/wp-json\/wp\/v2\/tags?post=86655"}],"curies":[{"name":"wp","href":"https:\/\/api.w.org\/{rel}","templated":true}]}}