{"id":86665,"date":"2025-09-10T11:02:20","date_gmt":"2025-09-10T09:02:20","guid":{"rendered":"https:\/\/charleroi-pourlapalestine.be\/?p=86665"},"modified":"2025-09-10T21:03:01","modified_gmt":"2025-09-10T19:03:01","slug":"israel-pourrait-detruire-la-ville-de-gaza-dans-les-60-jours","status":"publish","type":"post","link":"https:\/\/charleroi-pourlapalestine.be\/index.php\/2025\/09\/10\/israel-pourrait-detruire-la-ville-de-gaza-dans-les-60-jours\/","title":{"rendered":"Isra\u00ebl pourrait d\u00e9truire la ville de Gaza dans les 60 jours"},"content":{"rendered":"<p>Isra\u00ebl est bien d\u00e9cid\u00e9 \u00e0 rayer la ville de Gaza de la carte, a d\u00e9clar\u00e9 Euro-Med le 1er septembre. Et il se sert en toute impunit\u00e9 d&rsquo;un arsenal \u00e9quip\u00e9 des outils les plus destructifs jamais fabriqu\u00e9s.<\/p>\n<p>&nbsp;<\/p>\n<div id=\"attachment_86666\" style=\"width: 710px\" class=\"wp-caption aligncenter\"><img loading=\"lazy\" decoding=\"async\" aria-describedby=\"caption-attachment-86666\" class=\"wp-image-86666 size-large\" src=\"https:\/\/charleroi-pourlapalestine.be\/wp-content\/uploads\/2025\/09\/Enfant-blesse-Gaza-700x463.png\" alt=\"Cette semaine, Isra\u00ebl a massacr\u00e9 des enfants et des adultes sur des sites de distribution d'eau, ainsi que dans une boulangerie et dans des abris. \" width=\"700\" height=\"463\" srcset=\"https:\/\/charleroi-pourlapalestine.be\/wp-content\/uploads\/2025\/09\/Enfant-blesse-Gaza-700x463.png 700w, https:\/\/charleroi-pourlapalestine.be\/wp-content\/uploads\/2025\/09\/Enfant-blesse-Gaza-350x232.png 350w, https:\/\/charleroi-pourlapalestine.be\/wp-content\/uploads\/2025\/09\/Enfant-blesse-Gaza-768x509.png 768w, https:\/\/charleroi-pourlapalestine.be\/wp-content\/uploads\/2025\/09\/Enfant-blesse-Gaza.png 1027w\" sizes=\"auto, (max-width: 700px) 100vw, 700px\" \/><p id=\"caption-attachment-86666\" class=\"wp-caption-text\"><strong>Cette semaine, Isra\u00ebl a massacr\u00e9 des enfants et des adultes sur des sites de distribution d&rsquo;eau, ainsi que dans une boulangerie et dans des abris.<\/strong> (Photo : Omar Ashtawy \/ APA Images)<\/p><\/div>\n<p>&nbsp;<\/p>\n<p>&nbsp;<\/p>\n<p><strong>Nora Barrows-Friedman<\/strong>, 5 septembre 2025<\/p>\n<p>Le texte qui suit est un condens\u00e9 des informations communiqu\u00e9es lors du livestream du 4 septembre. Vous pouvez voir l&rsquo;\u00e9mission au complet <a href=\"https:\/\/www.youtube.com\/watch?v=CfK_Y84Vdpg\" target=\"_blank\" rel=\"noopener\"><strong>ici.<\/strong><\/a><\/p>\n<p>Entre le 27 ao\u00fbt et le 3 septembre, Isra\u00ebl a tu\u00e9 au moins 571 Palestiniens et en a bless\u00e9 pr\u00e8s de 2 318, selon les rapports officiels<a href=\"https:\/\/www.ochaopt.org\/content\/humanitarian-situation-update-319-gaza-strip\" target=\"_blank\" rel=\"noopener\"> \u00e9manant<\/a> du minist\u00e8re de la Sant\u00e9 \u00e0 Gaza.<\/p>\n<p>L&rsquo;arm\u00e9e isra\u00e9lienne a perp\u00e9tr\u00e9 des massacres dans la ville de Gaza et dans les zones du nord de Gaza, au moyen de frappes a\u00e9riennes, de tirs d&rsquo;artillerie, d&rsquo;attaques de drones et de v\u00e9hicules t\u00e9l\u00e9guid\u00e9s bourr\u00e9s d&rsquo;explosifs cens\u00e9s d\u00e9truire des b\u00e2timents r\u00e9sidentiels, des ambulances et des tentes-abris de familles palestiniennes d\u00e9plac\u00e9es.<\/p>\n<p>Samedi 30 ao\u00fbt, Isra\u00ebl a <a href=\"https:\/\/www.middleeasteye.net\/live-blog\/live-blog-update\/least-12-killed-israeli-attack-gaza-city-bakery\" target=\"_blank\" rel=\"noopener\">bombard\u00e9<\/a> une boulangerie et une tente-abri dans le quartier d&rsquo;al-Nasr, \u00e0 Gaza, tuant au moins 12 enfants et adultes au moment o\u00f9 ils faisaient la file pour avoir du pain.<\/p>\n<p>Le journaliste Mustafa Sarsour a <a href=\"https:\/\/www.instagram.com\/p\/DN-Z6VkCG8o\/\" target=\"_blank\" rel=\"noopener\">pris une vid\u00e9o<\/a> d&rsquo;un homme compl\u00e8tement d\u00e9sesp\u00e9r\u00e9 au moment o\u00f9 il se lamente sur les corps de trois de ses enfants.<\/p>\n<p>Le quartier d&rsquo;al-Nasr a de nouveau \u00e9t\u00e9 bombard\u00e9 le lundi 1er septembre.<\/p>\n<p>Le journaliste Mahmoud Abusalama <a href=\"https:\/\/x.com\/translatingpal\/status\/1962479717740593312\" target=\"_blank\" rel=\"noopener\">\u00e9tait pr\u00e9sent<\/a> \u00e0 l&rsquo;h\u00f4pital Al-Shifa de Gaza, o\u00f9 des corps de Palestiniens ont \u00e9t\u00e9 amen\u00e9s par leurs familles sur des charrettes et des brancards.<\/p>\n<p>Un autre massacre d&rsquo;enfants a eu lieu le mardi 2 septembre, quand cinq enfants au moins ont \u00e9t\u00e9 tu\u00e9s alors qu&rsquo;ils faisaient la file pour avoir de l&rsquo;eau, \u00e0 al-Mawasi, dans le sud de Gaza, une zone pourtant d\u00e9sign\u00e9e comme s\u00fbre par l&rsquo;arm\u00e9e isra\u00e9lienne, ce qui n&rsquo;a pas emp\u00each\u00e9 cette derni\u00e8re de la bombarder sans rel\u00e2che au cours des 23 mois \u00e9coul\u00e9s.<\/p>\n<p>Mahmoud Basal, le porte-parole de la d\u00e9fense civile de Gaza, <a href=\"https:\/\/www.aljazeera.com\/news\/liveblog\/2025\/9\/2\/live-israel-kills-17-palestinians-in-gaza-since-dawn?update=3921095\" target=\"_blank\" rel=\"noopener\">a expliqu\u00e9<\/a> que les enfants<\/p>\n<blockquote><p>\u00ab faisaient la file pour avoir de l&rsquo;eau dans la zone d&rsquo;al-Mawasi, pourtant d\u00e9crite comme \u00ab s\u00fbre \u00bb, quand les forces d&rsquo;occupation les ont directement cibl\u00e9s, transformant ainsi leur qu\u00eate de vie en un nouveau massacre \u00bb.<\/p><\/blockquote>\n<p>Euro-Med Human Rights Monitor <a href=\"https:\/\/euromedmonitor.org\/en\/article\/6846\/Israel-escalates-random-civilian-killings-in-claimed-humanitarian-zone-Al-Mawasi\" target=\"_blank\" rel=\"noopener\">a d\u00e9clar\u00e9<\/a> le 3 septembre que son \u00e9quipe sur le terrain avait visionn\u00e9 plusieurs vid\u00e9os publi\u00e9es par des soldats isra\u00e9liens et montrant ces derniers<\/p>\n<blockquote><p>\u00ab tirant sur des Palestiniens dans les camps de personnes d\u00e9plac\u00e9es tout simplement pour s&rsquo;amuser ou pour parier sur leur adresse \u00bb.<\/p><\/blockquote>\n<p>Ceci prouve, explique l&rsquo;organisation de d\u00e9fense des droits,<\/p>\n<blockquote><p>\u00ab que les tirs ne r\u00e9sultent pas de l&rsquo;un ou l&rsquo;autre but sp\u00e9cifique ou n\u00e9cessit\u00e9 militaire, mais qu&rsquo;ils refl\u00e8tent plut\u00f4t une politique d\u00e9lib\u00e9r\u00e9e tendant \u00e0 provoquer le plus de tu\u00e9s possible parmi les civils et le plus de destruction tout en refusant aux Palestiniens le moindre sentiment de s\u00e9curit\u00e9 \u00bb.<\/p><\/blockquote>\n<p>L&rsquo;organisation a fait \u00e9tat de la mort, le matin du 1er septembre, d&rsquo;Ahlam Raed Fayez al-Shaer, 26 ans, une m\u00e8re de deux enfants, abattue alors qu&rsquo;elle pr\u00e9parait du th\u00e9 dans sa tente \u00e0 al-Mawasi.<\/p>\n<p>Le beau-p\u00e8re d&rsquo;Al-Shaer a dit \u00e0 l&rsquo;\u00e9quipe d&rsquo;Euro-Med que sa bru pr\u00e9parait du th\u00e9 pour ses deux enfants, Ayman et Karam, lorsqu&rsquo;un quadricopt\u00e8re isra\u00e9lien l&rsquo;a abattue d&rsquo;une balle dans la t\u00eate devant ses deux enfants. D\u00e9sormais, a-t-il ajout\u00e9, ses deux petits-enfants sont orphelins.<\/p>\n<p>L&rsquo;activiste humanitaire Said Shoaib a isol\u00e9 ces images vid\u00e9o apr\u00e8s que les forces isra\u00e9liennes ont commis dimanche un massacre au camp de r\u00e9fugi\u00e9s d&rsquo;al-Bureij, dans le centre de la bande de Gaza. On peut entendre les cris des enfants au moment o\u00f9 la cam\u00e9ra montre des images de corps d\u00e9chiquet\u00e9s et d&rsquo;enfants bless\u00e9s.<\/p>\n<p>Isra\u00ebl utilise des bombes et grenades incendiaires afin de d\u00e9clencher des incendies dans les b\u00e2timents et les tentes-abris.<\/p>\n<p>L&rsquo;usager d&rsquo;Instagram Ehab Nuor<a href=\"https:\/\/www.instagram.com\/p\/DOAqtoGiES8\/\" target=\"_blank\" rel=\"noopener\"> a film\u00e9<\/a> l&rsquo;une de ces attaques en d\u00e9but de semaine. On peut voir d&rsquo;\u00e9normes panaches de flammes et de fum\u00e9e envelopper un immeuble r\u00e9sidentiel.<\/p>\n<p>Le mercredi 3 septembre, les forces isra\u00e9liennes ont incendi\u00e9 des tentes de personnes d\u00e9plac\u00e9es en larguant des grenades sur des abris dans le quartier de Sheikh Radwan \u00e0 Gaza m\u00eame.<\/p>\n<p>Une femme de 60 ans, m\u00e8re de cinq enfants, <a href=\"https:\/\/www.reuters.com\/world\/middle-east\/israeli-military-pushes-further-into-gaza-city-forcing-more-displacement-2025-09-03\/\" target=\"_blank\" rel=\"noopener\">a dit<\/a> \u00e0 Reuters que Sheikh Radwan<\/p>\n<blockquote><p>\u00ab avait \u00e9t\u00e9 compl\u00e8tement incendi\u00e9. L&rsquo;occupation a d\u00e9truit des maisons, br\u00fbl\u00e9 des tentes et des drones diffusaient des messages audio ordonnant aux gens de quitter la zone \u00bb.<\/p>\n<p>\u00ab Si l&rsquo;on n&rsquo;arr\u00eate pas la conqu\u00eate de la ville de Gaza City, nous pourrions mourir et nous ne pardonnerons pas \u00e0 ceux qui regardent sans rien faire pour emp\u00eacher notre mort \u00bb,<\/p><\/blockquote>\n<p>a ajout\u00e9 la femme.<\/p>\n<p>Mardi, Isra\u00ebl a utilis\u00e9 des bombes incendiaires pour cibler des voitures et des ambulances \u00e0 proximit\u00e9 d&rsquo;une clinique du quartier de Sheikh Radwan.<\/p>\n<p>Le travailleur de la d\u00e9fense civile Mohammed Abu Loay a <a href=\"https:\/\/x.com\/translatingpal\/status\/1962987163529683243?ref_src=twsrc%5Etfw%7Ctwcamp%5Etweetembed%7Ctwterm%5E1962987163529683243%7Ctwgr%5E78f413cf4a07ac7532c5b0d5fb1ae42d87799a89%7Ctwcon%5Es1_&amp;ref_url=https%3A%2F%2Felectronicintifada.net%2Fblogs%2Fnora-barrows-friedman%2Fisrael-could-destroy-gaza-city-within-60-days\" target=\"_blank\" rel=\"noopener\">film\u00e9 ses coll\u00e8gues<\/a> au moment o\u00f9 ils se h\u00e2taient de trouver des seaux d&rsquo;eau pour tenter d&rsquo;\u00e9teindre les flammes.<\/p>\n<p>En d\u00e9but de journ\u00e9e, le journaliste Mahmoud Abusalama \u00e9tait \u00e0 <a href=\"https:\/\/www.instagram.com\/p\/DOGEj-wAiuA\/\" target=\"_blank\" rel=\"noopener\">Sheikh Radwan<\/a> pour s&rsquo;enqu\u00e9rir de la progression de l&rsquo;arm\u00e9e isra\u00e9lienne. Il dit que, lors de l&rsquo;invasion, en sus de v\u00e9hicules charg\u00e9s d&rsquo;explosifs pour d\u00e9truire les b\u00e2timents, des snipers isra\u00e9liens ciblaient les Palestiniens dans les rues.<\/p>\n<blockquote><p>\u00ab Comme vous pouvez le voir, des balles frappent des civils et elles proviennent des v\u00e9hicules et des snipers positionn\u00e9s autour de Sheikh Radwan \u00bb,<\/p><\/blockquote>\n<p>a-t-il dit.<\/p>\n<p>En d\u00e9but de semaine, alors qu&rsquo;elle effectuait un reportage pour Al Jazeera, la journaliste Nour Abu Rokba s&rsquo;est mise \u00e0 pleurer <a href=\"https:\/\/x.com\/WearThePeaceCo\/status\/1962646469363548523?ref_src=twsrc%5Etfw%7Ctwcamp%5Etweetembed%7Ctwterm%5E1962646469363548523%7Ctwgr%5E78f413cf4a07ac7532c5b0d5fb1ae42d87799a89%7Ctwcon%5Es1_&amp;ref_url=https%3A%2F%2Felectronicintifada.net%2Fblogs%2Fnora-barrows-friedman%2Fisrael-could-destroy-gaza-city-within-60-days\" target=\"_blank\" rel=\"noopener\">en parlant<\/a> de sa m\u00e8re d\u00e9plac\u00e9e de force en pleine destruction de la ville de Gaza.<\/p>\n<p>&nbsp;<\/p>\n<p><img loading=\"lazy\" decoding=\"async\" class=\"aligncenter wp-image-86679 size-full\" src=\"https:\/\/charleroi-pourlapalestine.be\/wp-content\/uploads\/2025\/09\/Nour-.png\" alt=\"\" width=\"667\" height=\"491\" srcset=\"https:\/\/charleroi-pourlapalestine.be\/wp-content\/uploads\/2025\/09\/Nour-.png 667w, https:\/\/charleroi-pourlapalestine.be\/wp-content\/uploads\/2025\/09\/Nour--340x250.png 340w\" sizes=\"auto, (max-width: 667px) 100vw, 667px\" \/><\/p>\n<p>&nbsp;<\/p>\n<p>&nbsp;<\/p>\n<h3>\u00ab Bien d\u00e9cid\u00e9 \u00e0 rayer la ville de Gaza de la carte \u00bb<\/h3>\n<p>Isra\u00ebl est bien d\u00e9cid\u00e9 \u00e0 rayer la ville de Gaza de la carte, a d\u00e9clar\u00e9 Euro-Med le 1er septembre. Et il se sert en toute impunit\u00e9 d&rsquo;un arsenal \u00e9quip\u00e9 des outils les plus destructifs jamais fabriqu\u00e9s.<\/p>\n<blockquote><p>\u00ab L&rsquo;arm\u00e9e isra\u00e9lienne d\u00e9truit environ 300 unit\u00e9s r\u00e9sidentielles quotidiennement \u00e0 Gaza et \u00e0 Jabaliya, en utilisant une quinzaine de robots transportant pr\u00e8s d&rsquo;une centaine de tonnes d&rsquo;explosifs \u00bb,<\/p><\/blockquote>\n<p>a encore d\u00e9clar\u00e9 Euro-Med.<\/p>\n<blockquote><p>\u00ab Ces bombardements ont lieu \u00e0 une cadence sans pr\u00e9c\u00e9dent, ils visent \u00e0 d\u00e9truire Gaza et \u00e0 d\u00e9placer ses habitants dans le cadre de la dangereuse escalade du g\u00e9nocide en cours contre les Palestiniens de la bande de Gaza et qui dure depuis pr\u00e8s de 23 mois. \u00bb<\/p><\/blockquote>\n<p>L&rsquo;\u00e9quipe sur place d&rsquo;Euro-Med a document\u00e9 l&rsquo;usage accru par l&rsquo;arm\u00e9e isra\u00e9lienne de robots blind\u00e9s, charg\u00e9s d&rsquo;explosifs afin de concr\u00e9tiser son but consistant \u00e0 raser int\u00e9gralement l&rsquo;une des plus anciennes et des plus grandes villes palestiniennes.<\/p>\n<p>Euro-Med affirme qu&rsquo;au rythme actuel, le reste de la ville pourrait \u00eatre d\u00e9truit en deux mois,<\/p>\n<blockquote><p>\u00ab un d\u00e9lai qui pourrait encore \u00eatre raccourci \u00e9tant donn\u00e9 la puissance de feu massive de l&rsquo;arm\u00e9e isra\u00e9lienne et l&rsquo;absence de toute pression sur Isra\u00ebl pour qu&rsquo;il mette un terme \u00e0 ses crimes contre les Palestiniens \u00bb.<\/p><\/blockquote>\n<p>Apr\u00e8s des \u00e9valuations pr\u00e9liminaires, l&rsquo;organisation estime<\/p>\n<blockquote><p>\u00ab que chaque robot peut d\u00e9truire compl\u00e8tement ou partiellement environ 20 unit\u00e9s de logement. Cela va bient\u00f4t laisser des centaines de milliers de personnes sans logement ni abri, les for\u00e7ant \u00e0 fuir une fois de plus dans des conditions meurtri\u00e8res, sans m\u00eame disposer du minimum pour survivre \u00bb.<\/p><\/blockquote>\n<p>Les robots utilis\u00e9s par l&rsquo;arm\u00e9e isra\u00e9lienne<\/p>\n<blockquote><p>\u00ab sont essentiellement des v\u00e9hicules militaires isra\u00e9liens, tels que les transporteurs de troupes blind\u00e9s et d\u00e9class\u00e9s M113, charg\u00e9s de tonnes d&rsquo;explosifs et t\u00e9l\u00e9guid\u00e9s pour progresser dans les quartiers civils \u00bb.<\/p><\/blockquote>\n<p>Cependant, les sauveteurs et les \u00e9quipes de la d\u00e9fense civile disent qu&rsquo;ils continuent d&rsquo;utiliser tous les outils disponibles pour poursuivre leur t\u00e2che de protection de la communaut\u00e9.<\/p>\n<p>Mohammad Abu Loay, le travailleur de la d\u00e9fense civile, a <a href=\"https:\/\/x.com\/translatingpal\/status\/1962467089693691986?ref_src=twsrc%5Etfw%7Ctwcamp%5Etweetembed%7Ctwterm%5E1962467089693691986%7Ctwgr%5E78f413cf4a07ac7532c5b0d5fb1ae42d87799a89%7Ctwcon%5Es1_&amp;ref_url=https%3A%2F%2Felectronicintifada.net%2Fblogs%2Fnora-barrows-friedman%2Fisrael-could-destroy-gaza-city-within-60-days\">r\u00e9alis\u00e9 cette vid\u00e9o<\/a> pour expliquer comment lui et ses coll\u00e8gues parviennent \u00e0 sauver des vies dans les conditions les plus insupportables.<\/p>\n<p>&nbsp;<\/p>\n<h3>De plus en plus d&rsquo;enfants disparaissent et sont enlev\u00e9s par Isra\u00ebl sur les sites \u00ab humanitaires \u00bb<\/h3>\n<p>Entre-temps, les soldats isra\u00e9liens qui travaillent avec les forces mercenaires am\u00e9ricaines continuent de pi\u00e9ger, enlever, traquer et tuer des Palestiniens qui cherchent quotidiennement de l&rsquo;aide sur les sites de l&rsquo;organisation priv\u00e9e GHF (Gaza Humanitarian Foundation) et sur d&rsquo;autres sites encore.<\/p>\n<p>Le minist\u00e8re palestinien de la Sant\u00e9 \u00e0 Gaza<a href=\"https:\/\/www.ochaopt.org\/content\/humanitarian-situation-update-319-gaza-strip\" target=\"_blank\" rel=\"noopener\"> a rapport\u00e9<\/a> que, depuis le 27 mai, date de l&rsquo;ouverture des sites de la GHF, au moins 2 339 Palestiniens avaient \u00e9t\u00e9 tu\u00e9s et plus de 17 000 bless\u00e9s alors qu&rsquo;ils essayaient d&rsquo;obtenir de maigres rations d&rsquo;aide alimentaire.<\/p>\n<p>Cette semaine, l&rsquo;usager d&rsquo;Instagram Ehab Nuor <a href=\"https:\/\/www.instagram.com\/p\/DOEiUr2jLF5\/\" target=\"_blank\" rel=\"noopener\">s&rsquo;est film\u00e9<\/a> sur un site de la GHF et ce, sous les tirs incessants, alors qu&rsquo;il tentait d&rsquo;obtenir un sac de farine pour sa famille.<\/p>\n<p>Un groupe d&rsquo;experts des Nations unies, dont la rapporteuse sp\u00e9ciale pour les droits humains, Francesca Albanese, et le rapporteur sp\u00e9cial pour le droit \u00e0 la nourriture, Michael Fakhri, <a href=\"https:\/\/www.ohchr.org\/en\/press-releases\/2025\/08\/un-experts-alarmed-reports-enforced-disappearances-gaza-humanitarian\" target=\"_blank\" rel=\"noopener\">ont condamn\u00e9<\/a> la disparition r\u00e9p\u00e9t\u00e9e de Palestiniens affam\u00e9s sur les sites de la GHF et ils ont invit\u00e9 instamment Isra\u00ebl \u00e0 mettre fin \u00ab \u00e0 ces crimes r\u00e9pugnants contre une population d\u00e9j\u00e0 si vuln\u00e9rable \u00bb.<\/p>\n<blockquote><p>\u00ab Les rapports sur les disparitions forc\u00e9es de civils affam\u00e9s d\u00e9fendant leur droit \u00e9l\u00e9mentaire \u00e0 la nourriture sont non seulement choquants mais ce qu&rsquo;ils d\u00e9crivent \u00e9quivaut \u00e0 de la torture. Il convient d\u00e8s \u00e0 pr\u00e9sent de cesser d&rsquo;utiliser la nourriture comme un outil servant \u00e0 des disparitions massives cibl\u00e9es \u00bb,<\/p><\/blockquote>\n<p>disent les experts.<\/p>\n<p>Fin ao\u00fbt, l&rsquo;organisation juridique Defense for Children International \u2013 Palestine (DCI-P) <a href=\"https:\/\/www.dci-palestine.org\/palestinian_children_disappear_while_seeking_aid_in_northern_gaza\" target=\"_blank\" rel=\"noopener\">rapportait<\/a> que cinq jeunes Palestiniens d&rsquo;entre 12 et 16 ans avaient \u00e9t\u00e9 port\u00e9s manquants \u00e0 la suite d&rsquo;incidents s\u00e9par\u00e9s ayant eu lieu entre fin juin et d\u00e9but ao\u00fbt.<\/p>\n<p>DCI-P dit avoir interview\u00e9 les familles des gar\u00e7ons, \u00ab lesquelles n&rsquo;ont pas cess\u00e9 de questionner h\u00f4pitaux et morgues dans l&rsquo;espoir de retrouver les corps de leurs fils, mais sans d\u00e9couvrir la moindre trace des gar\u00e7ons \u00bb.<\/p>\n<p>Chacun des gar\u00e7ons a disparu alors qu&rsquo;il se trouvait dans la zone frontali\u00e8re de Zikim, dans le nord de Gaza, o\u00f9 passent des camions entrant \u00e0 Gaza. Les familles craignent que leurs enfants n&rsquo;aient \u00e9t\u00e9 enlev\u00e9s par les forces isra\u00e9liennes.<\/p>\n<p>Ayed Abu Eqtaish, directeur du programme de responsabilisation \u00e0 DCI-P, a d\u00e9clar\u00e9 que<\/p>\n<blockquote><p>\u00ab les forces isra\u00e9liennes abattent, arr\u00eatent et font dispara\u00eetre des enfants palestiniens qui cherchent \u00e0 obtenir de l&rsquo;aide alimentaire \u00e0 Gaza. Les forces isra\u00e9liennes ont refus\u00e9 de r\u00e9v\u00e9ler les nombres, les noms et les all\u00e9es et venues des enfants palestiniens de Gaza gard\u00e9s par les militaires et ces enfants n&rsquo;ont plus eu le moindre contact avec le monde ext\u00e9rieur \u00bb.<\/p><\/blockquote>\n<p>L&rsquo;organisation d\u00e9tient plus de deux d\u00e9cennies de preuves<\/p>\n<blockquote><p>\u00ab indiquant que les forces isra\u00e9liennes torturent des enfants palestiniens en d\u00e9tention militaire \u00bb,<\/p><\/blockquote>\n<p>a ajout\u00e9 Abu Eqtaish.<\/p>\n<blockquote><p>\u00ab Tous ces enfants doivent \u00eatre lib\u00e9r\u00e9s et retrouver leurs familles imm\u00e9diatement. \u00bb<\/p><\/blockquote>\n<p>Comme le rapportait <em>The Electronic Intifada<\/em> en ao\u00fbt, un groupe d&rsquo;enfants kidnapp\u00e9s fin juin par les forces isra\u00e9liennes sur un site de la GHF \u00e0 Rafah, dans le sud de Gaza, ont \u00e9t\u00e9 rel\u00e2ch\u00e9s un mois plus tard. Ils ont d\u00e9crit leurs tortures brutales et leur d\u00e9tention dans le camp de concentration isra\u00e9lien de Sde Teiman, o\u00f9 ils ont \u00e9t\u00e9 interrog\u00e9s, battus et tortur\u00e9s tant psychologiquement que physiquement.<\/p>\n<p>&nbsp;<\/p>\n<h3>Augmentation des d\u00e9c\u00e8s provoqu\u00e9s par la famine<\/h3>\n<p>Des enfants aussi bien que des adultes continuent de mourir de faim partout \u00e0 Gaza.<\/p>\n<p>L&rsquo;UNICEF, le fonds des Nations unies pour les enfants, <a href=\"https:\/\/x.com\/UNICEF\/status\/1963180413964140562?ref_src=twsrc%5Etfw%7Ctwcamp%5Etweetembed%7Ctwterm%5E1963180413964140562%7Ctwgr%5E78f413cf4a07ac7532c5b0d5fb1ae42d87799a89%7Ctwcon%5Es1_&amp;ref_url=https%3A%2F%2Felectronicintifada.net%2Fblogs%2Fnora-barrows-friedman%2Fisrael-could-destroy-gaza-city-within-60-days\" target=\"_blank\" rel=\"noopener\">a d\u00e9clar\u00e9<\/a> que chaque enfant gazaoui de moins de 5 ans \u2013 ils sont plus de 320 000 \u2013 risquait de souffrir de malnutrition aigu\u00eb.<\/p>\n<p>Mercredi, le minist\u00e8re de la sant\u00e9 de Gaza rapportait que six personnes \u00e9taient mortes de famine en 24 heures, dont un enfant, ce qui portait le nombre total de d\u00e9c\u00e8s dus \u00e0 la famine \u00e0 367, dont 131 enfants.<\/p>\n<p>Depuis l&rsquo;annonce faite il y a deux semaines par la Classification int\u00e9gr\u00e9e des phases de s\u00e9curit\u00e9 alimentaire (IPC) que la famine r\u00e9gnait officiellement, le minist\u00e8re de la sant\u00e9 a dit que 89 d\u00e9c\u00e8s, dont ceux de 16 enfants, avaient \u00e9t\u00e9 enregistr\u00e9s.<\/p>\n<p>Le bureau gouvernemental des m\u00e9dias de Gaza <a href=\"https:\/\/t.me\/mediagovps\/3860\" target=\"_blank\" rel=\"noopener\">a d\u00e9clar\u00e9<\/a> lundi 1er septembre que 15 pour 100 seulement du nombre n\u00e9cessaire de camions \u00e9taient entr\u00e9s \u00e0 Gaza.<\/p>\n<p>Le pillage et les vols par les gangs arm\u00e9s soutenus par Isra\u00ebl se poursuivent, rapporte le bureau des m\u00e9dias, et Isra\u00ebl a emp\u00each\u00e9 l&rsquo;entr\u00e9e de 430 produits alimentaires \u00e9l\u00e9mentaires et vitaux tels \u0153ufs, viande, poisson, fromage et autres produits laitiers, fruits et l\u00e9gumes ainsi que suppl\u00e9ments nutritifs requis pour les femmes enceintes et m\u00e8res qui allaitent.<\/p>\n<p>&nbsp;<\/p>\n<h3>Des journalistes assassin\u00e9s<\/h3>\n<p>Isra\u00ebl a assassin\u00e9 au moins deux journalistes \u00e0 Gaza, cette semaine.<\/p>\n<p>Dimanche 31 ao\u00fbt, <a href=\"https:\/\/x.com\/PalPress24\/status\/1962223217742897657?ref_src=twsrc%5Etfw%7Ctwcamp%5Etweetembed%7Ctwterm%5E1962223217742897657%7Ctwgr%5E78f413cf4a07ac7532c5b0d5fb1ae42d87799a89%7Ctwcon%5Es1_&amp;ref_url=https%3A%2F%2Felectronicintifada.net%2Fblogs%2Fnora-barrows-friedman%2Fisrael-could-destroy-gaza-city-within-60-days\" target=\"_blank\" rel=\"noopener\"><strong>Islam Muharib Abed<\/strong><\/a>, qui travaillait comme journaliste pour la cha\u00eene satellitaire Al-Quds Al-Yom, a \u00e9t\u00e9 tu\u00e9e en compagnie de son mari et de ses enfants au cours d&rsquo;une attaque contre son appartement \u00e0 Gaza.<\/p>\n<p>&nbsp;<\/p>\n<p><img loading=\"lazy\" decoding=\"async\" class=\"aligncenter wp-image-86682 size-large\" src=\"https:\/\/charleroi-pourlapalestine.be\/wp-content\/uploads\/2025\/09\/Islam-532x500.png\" alt=\"\" width=\"532\" height=\"500\" srcset=\"https:\/\/charleroi-pourlapalestine.be\/wp-content\/uploads\/2025\/09\/Islam-532x500.png 532w, https:\/\/charleroi-pourlapalestine.be\/wp-content\/uploads\/2025\/09\/Islam-266x250.png 266w, https:\/\/charleroi-pourlapalestine.be\/wp-content\/uploads\/2025\/09\/Islam.png 663w\" sizes=\"auto, (max-width: 532px) 100vw, 532px\" \/><\/p>\n<p>&nbsp;<\/p>\n<p>Mardi 2 septembre, le photojournaliste <a href=\"https:\/\/x.com\/DropSiteNews\/status\/1962895801690046621?ref_src=twsrc%5Etfw%7Ctwcamp%5Etweetembed%7Ctwterm%5E1962895801690046621%7Ctwgr%5E78f413cf4a07ac7532c5b0d5fb1ae42d87799a89%7Ctwcon%5Es1_&amp;ref_url=https%3A%2F%2Felectronicintifada.net%2Fblogs%2Fnora-barrows-friedman%2Fisrael-could-destroy-gaza-city-within-60-days\" target=\"_blank\" rel=\"noopener\"><strong>Rasmi Jihad Salem<\/strong><\/a> a lui aussi \u00e9t\u00e9 tu\u00e9.<\/p>\n<p>&nbsp;<\/p>\n<p><img loading=\"lazy\" decoding=\"async\" class=\"aligncenter wp-image-86683 size-large\" src=\"https:\/\/charleroi-pourlapalestine.be\/wp-content\/uploads\/2025\/09\/Journaliste-assassine-531x500.png\" alt=\"\" width=\"531\" height=\"500\" srcset=\"https:\/\/charleroi-pourlapalestine.be\/wp-content\/uploads\/2025\/09\/Journaliste-assassine-531x500.png 531w, https:\/\/charleroi-pourlapalestine.be\/wp-content\/uploads\/2025\/09\/Journaliste-assassine-266x250.png 266w, https:\/\/charleroi-pourlapalestine.be\/wp-content\/uploads\/2025\/09\/Journaliste-assassine.png 661w\" sizes=\"auto, (max-width: 531px) 100vw, 531px\" \/><\/p>\n<p>&nbsp;<\/p>\n<p>Salem travaillait pour la soci\u00e9t\u00e9 Al-Manara Media, ainsi que pour <a href=\"https:\/\/www.presstv.ir\/Detail\/2025\/09\/03\/754319\/Israel-kills-Press-TV,-Al-Alam-cameraman-Rasmi-Salem-in-Gaza\" target=\"_blank\" rel=\"noopener\">Press-TV et Al-Alam TV<\/a>. L&rsquo;agence d&rsquo;information Shebab a rapport\u00e9 qu&rsquo;il avait \u00e9t\u00e9 tu\u00e9 par des tirs d&rsquo;obus isra\u00e9liens \u00e0 Gaza.<\/p>\n<p>Le bureau gouvernemental des m\u00e9dias de Gaza dit qu&rsquo;au moins 248 journalistes et travailleurs des m\u00e9dias ont \u00e9t\u00e9 tu\u00e9s par Isra\u00ebl depuis octobre 2023.<\/p>\n<p>&nbsp;<\/p>\n<h3>Un h\u00f4pital bombard\u00e9 pour la 14e fois<\/h3>\n<p>Une fois de plus \u2013 la 14e fois depuis octobre 2023 \u2013, le 1er septembre, les forces isra\u00e9liennes ont bombard\u00e9 l&rsquo;int\u00e9rieur de l&rsquo;h\u00f4pital des Martyrs d&rsquo;Al-Aqsa \u00e0 Deir al-Balah, fait encore savoir le bureau des m\u00e9dias.<\/p>\n<p>Isra\u00ebl a bombard\u00e9 une tente de personnes d\u00e9plac\u00e9es \u00e0 l&rsquo;int\u00e9rieur des murs de l&rsquo;h\u00f4pital, plus sp\u00e9cifiquement \u00e0 proximit\u00e9 de la clinique ambulatoire de l&rsquo;h\u00f4pital, a ajout\u00e9 le bureau des m\u00e9dias.<\/p>\n<blockquote><p>\u00ab Cela s&rsquo;est traduit par des blessures sur le site du bombardement, des d\u00e9g\u00e2ts mat\u00e9riels et une menace de mort imm\u00e9diate \u00e0 l&rsquo;encontre des dizaines de patients se trouvant \u00e0 l&rsquo;int\u00e9rieur de l&rsquo;h\u00f4pital \u00bb,<\/p><\/blockquote>\n<p>a encore dit le bureau des m\u00e9dias.<\/p>\n<p>Mercredi, \u00e0 Gaza m\u00eame, le journaliste Saed Hasballah<a href=\"https:\/\/www.instagram.com\/p\/DOJEpXyiIU-\/\" target=\"_blank\" rel=\"noopener\"> a film\u00e9<\/a> un quadricopt\u00e8re survolant \u00e0 tr\u00e8s basse l&rsquo;h\u00f4pital arabe Al Ahli.<\/p>\n<p>\u00c0 l&rsquo;h\u00f4pital Al-Shifa, \u00e9galement \u00e0 Gaza, le m\u00e9decin urgentiste Farhan Abdul Azeez <a href=\"https:\/\/www.instagram.com\/p\/DOCwY_LDHAZ\/\" target=\"_blank\" rel=\"noopener\">a d\u00e9crit<\/a> la destruction totale des b\u00e2timents de l&rsquo;h\u00f4pital. Il s&rsquo;est rendu dans le cimeti\u00e8re tout proche o\u00f9 des patients ont \u00e9t\u00e9 enterr\u00e9s avec les t\u00eates de lit de leurs lits d&rsquo;h\u00f4pital comme pierres tombales.<\/p>\n<p>L&rsquo;avocate du<strong> Dr Hussam Abu Safiya<\/strong>, le p\u00e9diatre et directeur de l&rsquo;h\u00f4pital Kamal Adwan, dans le nord de l&rsquo;enclave, qui avait \u00e9t\u00e9 enlev\u00e9 par les forces isra\u00e9liennes fin d\u00e9cembre 2024, a<a href=\"https:\/\/x.com\/DropSiteNews\/status\/1962513042207314126?ref_src=twsrc%5Etfw%7Ctwcamp%5Etweetembed%7Ctwterm%5E1962513042207314126%7Ctwgr%5E78f413cf4a07ac7532c5b0d5fb1ae42d87799a89%7Ctwcon%5Es1_&amp;ref_url=https%3A%2F%2Felectronicintifada.net%2Fblogs%2Fnora-barrows-friedman%2Fisrael-could-destroy-gaza-city-within-60-days\" target=\"_blank\" rel=\"noopener\"> pu rendre visite<\/a> \u00e0 son client le 28 ao\u00fbt.<\/p>\n<p>Gheed Kassem, l&rsquo;avocate, a dit qu&rsquo;Abu Safiya et son neveu \u00e9taient tous deux d\u00e9tenus \u00e0 la prison militaire d&rsquo;Ofer. Tous deux souffrent de la gale et d&rsquo;autres infections cutan\u00e9es du fait que les gardiens isra\u00e9liens les obligent de porter les m\u00eames v\u00eatements de jour en jour et qu&rsquo;on ne leur permet que de tr\u00e8s rares ablutions de deux minutes \u00e0 la fois.<\/p>\n<p>Abu Safiya et son neveu ont tous deux perdu un tiers de leur poids et ils sont d\u00e9tenus dans des cellules sans le moindre acc\u00e8s \u00e0 la lumi\u00e8re du soleil \u2013 on ne leur permet d&rsquo;aller dehors que 30 minutes par mois, a-t-elle dit.<\/p>\n<p>Le Dr Abu Safiya a donn\u00e9 \u00e0 son avocat le message suivant pour qu&rsquo;elle le transmette au monde :<\/p>\n<blockquote><p><strong>\u00ab Je suis entr\u00e9 au nom de l&rsquo;humanit\u00e9 et je sortirai au nom de l&rsquo;humanit\u00e9. Je suis celui qui a \u00e9t\u00e9 enlev\u00e9 \u00e0 l&rsquo;int\u00e9rieur de l&rsquo;h\u00f4pital. Nous resterons sur notre terre et continuerons de fournir des services de soins de sant\u00e9 aux gens, si Dieu le veut, m\u00eame depuis une tente. \u00bb<\/strong><\/p><\/blockquote>\n<p>Entre-temps, les m\u00e9decins et le personnel de l&rsquo;h\u00f4pital Al-Quds \u00e0 Gaza, accompagn\u00e9s de la Soci\u00e9t\u00e9 du Croissant-Rouge de Palestine, ont annonc\u00e9 contre toute attente qu&rsquo;ils \u00e9taient parvenus \u00e0 relancer la clinique de cath\u00e9t\u00e9risme cardiaque cette semaine.<\/p>\n<p>Le Croissant-Rouge a dit que, en 48 heures, les \u00e9quipes m\u00e9dicales avaient accompli avec succ\u00e8s trois proc\u00e9dures de cath\u00e9t\u00e9risme cardiaque et qu&rsquo;elles en pr\u00e9voyaient trois autres \u2013 en d\u00e9pit des conditions p\u00e9nibles et de la p\u00e9nurie de m\u00e9dicaments essentiels et de fournitures m\u00e9dicales d&rsquo;absolue n\u00e9cessit\u00e9.<\/p>\n<blockquote><p>\u00ab Cette r\u00e9alisation est particuli\u00e8rement importante au vu de la fermeture permanente des passages frontaliers, ce qui emp\u00eache des milliers de patients de voyager en dehors de la bande pour b\u00e9n\u00e9ficier d&rsquo;un traitement \u00bb,<\/p><\/blockquote>\n<p>a ajout\u00e9 le Croissant-Rouge.<\/p>\n<p>Dans l&rsquo;actualit\u00e9 connexe, la Hind Rajab Foundation <a href=\"https:\/\/www.hindrajabfoundation.org\/perpetrators\/hrf-and-pchr-file-icc-complaint-on-the-nasser-hospital-massacre-exposing-the-command-chain-behind-the-killing-of-22-civilians\" target=\"_blank\" rel=\"noopener\">a annonc\u00e9<\/a> que, en compagnie du Centre palestinien pour les droits humains (CPDH), elle avait soumis une plainte officielle \u00e0 la Cour p\u00e9nale internationale portant sur le massacre perp\u00e9tr\u00e9 au Centre m\u00e9dical Nasser \u00e0 Khan Younis le 25 ao\u00fbt.<\/p>\n<p>L&rsquo;attaque, comme <a href=\"https:\/\/electronicintifada.net\/blogs\/nora-barrows-friedman\/israel-targets-journalists-rescuers-double-tap-strike-gaza-hospital\" target=\"_blank\" rel=\"noopener\">nous l&rsquo;avions rapport\u00e9<\/a>, avait<a href=\"https:\/\/x.com\/HindRFoundation\/status\/1962195315387191619?ref_src=twsrc%5Etfw%7Ctwcamp%5Etweetembed%7Ctwterm%5E1962195315387191619%7Ctwgr%5E801417fba31a096bd92065a508764132b2ff73fa%7Ctwcon%5Es1_&amp;ref_url=https%3A%2F%2Felectronicintifada.net%2Fblogs%2Fnora-barrows-friedman%2Fisrael-could-destroy-gaza-city-within-60-days\" target=\"_blank\" rel=\"noopener\"> tu\u00e9 22 civils, dont 5 journalistes<\/a>, trois membres du personnel de l&rsquo;h\u00f4pital, un m\u00e9decin, un travailleur de la d\u00e9fense civile et un enfant de 14 ans, Rayan Omar Mahmoud Abu Omar.<\/p>\n<blockquote><p>\u00ab Plus de 50 autres personnes ont \u00e9t\u00e9 bless\u00e9es dans ce que l&rsquo;on peut qualifier de double frappe d\u00e9lib\u00e9r\u00e9e effectu\u00e9e en toute conscience de ce que des civils \u00e9taient pr\u00e9sents \u00bb,<\/p><\/blockquote>\n<p>ont d\u00e9clar\u00e9 les organisations.<\/p>\n<p>&nbsp;<\/p>\n<p><img loading=\"lazy\" decoding=\"async\" class=\"aligncenter wp-image-86685 size-large\" src=\"https:\/\/charleroi-pourlapalestine.be\/wp-content\/uploads\/2025\/09\/Plainte-479x500.png\" alt=\"\" width=\"479\" height=\"500\" srcset=\"https:\/\/charleroi-pourlapalestine.be\/wp-content\/uploads\/2025\/09\/Plainte-479x500.png 479w, https:\/\/charleroi-pourlapalestine.be\/wp-content\/uploads\/2025\/09\/Plainte-239x250.png 239w, https:\/\/charleroi-pourlapalestine.be\/wp-content\/uploads\/2025\/09\/Plainte.png 706w\" sizes=\"auto, (max-width: 479px) 100vw, 479px\" \/><\/p>\n<p>Le lieutenant-colonel Bar Veakart de la Sayeret Golani, l&rsquo;unit\u00e9 de reconnaissance de la Brigade Golani de l&rsquo;arm\u00e9e isra\u00e9lienne ; le colonel Bar Ganon de la Brigade Golani ; le colonel Miki Sharvit de la 188e Brigade ; et le brigadier-g\u00e9n\u00e9ral Moran Omer de la 36e Division blind\u00e9e ont \u00e9t\u00e9 cit\u00e9s dans la plainte adress\u00e9e \u00e0 la CPI, en m\u00eame temps que d&rsquo;autres commandants et dirigeants militaires de haut rang \u2013 dont le Premier ministre isra\u00e9lien Benjamin Netanyahou, qui est par ailleurs un fugitif notoire recherch\u00e9 pour crimes de guerre.<\/p>\n<blockquote><p>\u00ab Avec le dossier d\u00e9pos\u00e9 aujourd&rsquo;hui \u00e0 la CPI, la Hind Rajab Foundation et le CPDH demandent que la cour lance des proc\u00e9dures et \u00e9mette des mandats d&rsquo;arr\u00eat contre les responsables \u2013 depuis les op\u00e9rateurs de la Golani qui ont d\u00e9sign\u00e9 la cible jusqu&rsquo;aux commandants des chars qui ont lanc\u00e9 les missiles, aux g\u00e9n\u00e9raux qui ont approuv\u00e9 l&rsquo;attaque et, enfin, au Premier ministre Netanyahou qui leur a fourni une couverture politique \u00bb,<\/p><\/blockquote>\n<p>ont d\u00e9clar\u00e9 les deux organisations.<\/p>\n<p>\u00ab Ce massacre n&rsquo;\u00e9tait pas le r\u00e9sultat d&rsquo;un chaos ou d&rsquo;une confusion mais d&rsquo;un plan soigneusement ex\u00e9cut\u00e9 sous une cha\u00eene de commandement tr\u00e8s claire. Des journalistes, des m\u00e9decins, des secouristes et m\u00eame un enfant ont \u00e9t\u00e9 tu\u00e9s d\u00e9lib\u00e9r\u00e9ment, sous la surveillance des drones isra\u00e9liens. Ce n&rsquo;\u00e9tait pas seulement un crime de guerre \u2013 c&rsquo;\u00e9tait un acte de g\u00e9nocide. \u00bb<\/p>\n<p>&nbsp;<\/p>\n<h3>Mise en \u00e9vidence de la r\u00e9silience<\/h3>\n<p>Enfin, selon notre habitude, nous avons voulu mettre en exergue des personnes exprimant leur joie, leur d\u00e9termination et leur r\u00e9silience ou que ce soit \u00e0 Gaza.<\/p>\n<p>Les \u00e9tudiants de l&rsquo;\u00e9quipe de danse de Camp Breakerz, install\u00e9e \u00e0 Gaza, ont d\u00e9voil\u00e9<a href=\"https:\/\/www.instagram.com\/p\/DN-8NEPCDqI\/\" target=\"_blank\" rel=\"noopener\"> leurs talents<\/a>, cette semaine.<\/p>\n<p>Le professeur de musique Ahmed Muin Abu Amsha, dont nous avions montr\u00e9 une vid\u00e9o il y a quelques semaines, sur laquelle lui et ses \u00e9tudiants \u00e9voluaient en harmonie avec le vrombissement des drones, d\u00e9clare que lui et ses coll\u00e8gues ont<a href=\"https:\/\/www.instagram.com\/p\/DN85WrMDS2H\/\" target=\"_blank\" rel=\"noopener\"> emmen\u00e9 leurs \u00e9tudiants \u00e0 la plage afin de faire de la musique.<\/a><\/p>\n<blockquote><p>\u00ab Ils ont apport\u00e9 leurs instruments et, \u00e0 notre grande surprise, Muin, Ibrahim, Youssef, Mohammad et Yassin se sont mis \u00e0 chanter et \u00e0 faire de la musique pour les enfants qui vivaient dans les tentes sur la plage.<\/p>\n<p>\u00ab Nous les avons regard\u00e9s avec fiert\u00e9 et avec joie en comprenant que, d\u00e9sormais, nos \u00e9tudiants suivent les traces de leurs professeurs \u2013 propageant amour et musique et transmettant de l&rsquo;espoir \u00e0 autrui. \u00bb<\/p>\n<p>\u00ab C&rsquo;est la preuve la plus forte de notre succ\u00e8s en enseignant la musique, m\u00eame durant les p\u00e9riodes les plus difficiles \u00bb,<\/p><\/blockquote>\n<p>dit-il.<\/p>\n<p>Et l&rsquo;usag\u00e8re des m\u00e9dias sociaux, Nour Abdullatif, qui est \u00e9galement m\u00e8re, a <a href=\"https:\/\/x.com\/NourGaza\/status\/1963150136500015208?ref_src=twsrc%5Etfw%7Ctwcamp%5Etweetembed%7Ctwterm%5E1963150136500015208%7Ctwgr%5E801417fba31a096bd92065a508764132b2ff73fa%7Ctwcon%5Es1_&amp;ref_url=https%3A%2F%2Felectronicintifada.net%2Fblogs%2Fnora-barrows-friedman%2Fisrael-could-destroy-gaza-city-within-60-days\" target=\"_blank\" rel=\"noopener\">post\u00e9 cette photo<\/a> de son fils, Yamen, le premier jour de son entr\u00e9e \u00e0 la cr\u00e8che.<\/p>\n<p>Plus tard dans la journ\u00e9e, elle a post\u00e9 :<\/p>\n<blockquote><p>\u00ab Apr\u00e8s son premier jour, la joie l&rsquo;a illumin\u00e9 avec tant d&rsquo;\u00e9clat, et c&rsquo;est alors qu&rsquo;il a l\u00e2ch\u00e9 ma main pour la premi\u00e8re fois depuis le d\u00e9but de la guerre. Il s&rsquo;est pr\u00e9cipit\u00e9 en avant, les pieds touchant \u00e0 peine le sol, comme si la brise de mer l&rsquo;avait soulev\u00e9 et emport\u00e9 tout en jouant avec ses cheveux. \u00bb<\/p>\n<p>\u00ab Vole, petit oiseau de mon c\u0153ur, car c&rsquo;est pour cela que naissent les oiseaux : s&rsquo;\u00e9lever, danser avec le vent, et go\u00fbter le ciel&#8230; en libert\u00e9. \u00bb<\/p><\/blockquote>\n<p>&nbsp;<\/p>\n<p style=\"text-align: center;\">*****<\/p>\n<p>Publi\u00e9 le&nbsp; 5 septembre 2025 sur <a href=\"https:\/\/electronicintifada.net\/blogs\/nora-barrows-friedman\/israel-could-destroy-gaza-city-within-60-days\" target=\"_blank\" rel=\"noopener\">The Electronic Intifada<\/a><br \/>\nTraduction : Jean-Marie Fl\u00e9mal, <a href=\"https:\/\/charleroi-pourlapalestine.be\/\">Charleroi pour la Palestine<\/a><\/p>\n<p>&nbsp;<\/p>\n","protected":false},"excerpt":{"rendered":"<p>Isra\u00ebl est bien d\u00e9cid\u00e9 \u00e0 rayer la ville de Gaza de la carte et se sert en toute impunit\u00e9 d&rsquo;un arsenal \u00e9quip\u00e9 des outils les plus destructifs jamais fabriqu\u00e9s.<\/p>\n","protected":false},"author":1,"featured_media":86666,"comment_status":"closed","ping_status":"closed","sticky":false,"template":"","format":"standard","meta":{"ngg_post_thumbnail":0,"footnotes":""},"categories":[98,40,6,344,140],"tags":[],"class_list":["post-86665","post","type-post","status-publish","format-standard","has-post-thumbnail","hentry","category-crimes-contre-lhumanite","category-les-crimes-de-guerre","category-gaza","category-genocide","category-letat-colonial"],"yoast_head":"<!-- This site is optimized with the Yoast SEO plugin v27.3 - https:\/\/yoast.com\/product\/yoast-seo-wordpress\/ -->\n<title>Isra\u00ebl pourrait d\u00e9truire la ville de Gaza dans les 60 jours<\/title>\n<meta name=\"description\" content=\"Isra\u00ebl est bien d\u00e9cid\u00e9 \u00e0 rayer la ville de Gaza de la carte et se sert en toute impunit\u00e9 d&#039;un arsenal \u00e9quip\u00e9 des outils les plus destructifs jamais fabriqu\u00e9s.\" \/>\n<meta name=\"robots\" content=\"index, follow, max-snippet:-1, max-image-preview:large, max-video-preview:-1\" \/>\n<link rel=\"canonical\" href=\"https:\/\/charleroi-pourlapalestine.be\/index.php\/2025\/09\/10\/israel-pourrait-detruire-la-ville-de-gaza-dans-les-60-jours\/\" \/>\n<script type=\"application\/ld+json\" class=\"yoast-schema-graph\">{\"@context\":\"https:\\\/\\\/schema.org\",\"@graph\":[{\"@type\":\"Article\",\"@id\":\"https:\\\/\\\/charleroi-pourlapalestine.be\\\/index.php\\\/2025\\\/09\\\/10\\\/israel-pourrait-detruire-la-ville-de-gaza-dans-les-60-jours\\\/#article\",\"isPartOf\":{\"@id\":\"https:\\\/\\\/charleroi-pourlapalestine.be\\\/index.php\\\/2025\\\/09\\\/10\\\/israel-pourrait-detruire-la-ville-de-gaza-dans-les-60-jours\\\/\"},\"author\":{\"name\":\"admin1873\",\"@id\":\"https:\\\/\\\/charleroi-pourlapalestine.be\\\/#\\\/schema\\\/person\\\/c19ff515112f1299d8c12671d8fe3faa\"},\"headline\":\"Isra\u00ebl pourrait d\u00e9truire la ville de Gaza dans les 60 jours\",\"datePublished\":\"2025-09-10T09:02:20+00:00\",\"dateModified\":\"2025-09-10T19:03:01+00:00\",\"mainEntityOfPage\":{\"@id\":\"https:\\\/\\\/charleroi-pourlapalestine.be\\\/index.php\\\/2025\\\/09\\\/10\\\/israel-pourrait-detruire-la-ville-de-gaza-dans-les-60-jours\\\/\"},\"wordCount\":3823,\"publisher\":{\"@id\":\"https:\\\/\\\/charleroi-pourlapalestine.be\\\/#organization\"},\"image\":{\"@id\":\"https:\\\/\\\/charleroi-pourlapalestine.be\\\/index.php\\\/2025\\\/09\\\/10\\\/israel-pourrait-detruire-la-ville-de-gaza-dans-les-60-jours\\\/#primaryimage\"},\"thumbnailUrl\":\"https:\\\/\\\/charleroi-pourlapalestine.be\\\/wp-content\\\/uploads\\\/2025\\\/09\\\/Enfant-blesse-Gaza.png\",\"articleSection\":[\"Crimes contre l'humanit\u00e9\",\"Crimes de guerre\",\"Gaza\",\"G\u00e9nocide\",\"L'Etat colonial\"],\"inLanguage\":\"fr-FR\"},{\"@type\":\"WebPage\",\"@id\":\"https:\\\/\\\/charleroi-pourlapalestine.be\\\/index.php\\\/2025\\\/09\\\/10\\\/israel-pourrait-detruire-la-ville-de-gaza-dans-les-60-jours\\\/\",\"url\":\"https:\\\/\\\/charleroi-pourlapalestine.be\\\/index.php\\\/2025\\\/09\\\/10\\\/israel-pourrait-detruire-la-ville-de-gaza-dans-les-60-jours\\\/\",\"name\":\"Isra\u00ebl pourrait d\u00e9truire la ville de Gaza dans les 60 jours\",\"isPartOf\":{\"@id\":\"https:\\\/\\\/charleroi-pourlapalestine.be\\\/#website\"},\"primaryImageOfPage\":{\"@id\":\"https:\\\/\\\/charleroi-pourlapalestine.be\\\/index.php\\\/2025\\\/09\\\/10\\\/israel-pourrait-detruire-la-ville-de-gaza-dans-les-60-jours\\\/#primaryimage\"},\"image\":{\"@id\":\"https:\\\/\\\/charleroi-pourlapalestine.be\\\/index.php\\\/2025\\\/09\\\/10\\\/israel-pourrait-detruire-la-ville-de-gaza-dans-les-60-jours\\\/#primaryimage\"},\"thumbnailUrl\":\"https:\\\/\\\/charleroi-pourlapalestine.be\\\/wp-content\\\/uploads\\\/2025\\\/09\\\/Enfant-blesse-Gaza.png\",\"datePublished\":\"2025-09-10T09:02:20+00:00\",\"dateModified\":\"2025-09-10T19:03:01+00:00\",\"description\":\"Isra\u00ebl est bien d\u00e9cid\u00e9 \u00e0 rayer la ville de Gaza de la carte et se sert en toute impunit\u00e9 d'un arsenal \u00e9quip\u00e9 des outils les plus destructifs jamais fabriqu\u00e9s.\",\"breadcrumb\":{\"@id\":\"https:\\\/\\\/charleroi-pourlapalestine.be\\\/index.php\\\/2025\\\/09\\\/10\\\/israel-pourrait-detruire-la-ville-de-gaza-dans-les-60-jours\\\/#breadcrumb\"},\"inLanguage\":\"fr-FR\",\"potentialAction\":[{\"@type\":\"ReadAction\",\"target\":[\"https:\\\/\\\/charleroi-pourlapalestine.be\\\/index.php\\\/2025\\\/09\\\/10\\\/israel-pourrait-detruire-la-ville-de-gaza-dans-les-60-jours\\\/\"]}]},{\"@type\":\"ImageObject\",\"inLanguage\":\"fr-FR\",\"@id\":\"https:\\\/\\\/charleroi-pourlapalestine.be\\\/index.php\\\/2025\\\/09\\\/10\\\/israel-pourrait-detruire-la-ville-de-gaza-dans-les-60-jours\\\/#primaryimage\",\"url\":\"https:\\\/\\\/charleroi-pourlapalestine.be\\\/wp-content\\\/uploads\\\/2025\\\/09\\\/Enfant-blesse-Gaza.png\",\"contentUrl\":\"https:\\\/\\\/charleroi-pourlapalestine.be\\\/wp-content\\\/uploads\\\/2025\\\/09\\\/Enfant-blesse-Gaza.png\",\"width\":1027,\"height\":680},{\"@type\":\"BreadcrumbList\",\"@id\":\"https:\\\/\\\/charleroi-pourlapalestine.be\\\/index.php\\\/2025\\\/09\\\/10\\\/israel-pourrait-detruire-la-ville-de-gaza-dans-les-60-jours\\\/#breadcrumb\",\"itemListElement\":[{\"@type\":\"ListItem\",\"position\":1,\"name\":\"Accueil\",\"item\":\"https:\\\/\\\/charleroi-pourlapalestine.be\\\/\"},{\"@type\":\"ListItem\",\"position\":2,\"name\":\"Isra\u00ebl pourrait d\u00e9truire la ville de Gaza dans les 60 jours\"}]},{\"@type\":\"WebSite\",\"@id\":\"https:\\\/\\\/charleroi-pourlapalestine.be\\\/#website\",\"url\":\"https:\\\/\\\/charleroi-pourlapalestine.be\\\/\",\"name\":\"Charleroi Pour la Palestine\",\"description\":\"\",\"publisher\":{\"@id\":\"https:\\\/\\\/charleroi-pourlapalestine.be\\\/#organization\"},\"potentialAction\":[{\"@type\":\"SearchAction\",\"target\":{\"@type\":\"EntryPoint\",\"urlTemplate\":\"https:\\\/\\\/charleroi-pourlapalestine.be\\\/?s={search_term_string}\"},\"query-input\":{\"@type\":\"PropertyValueSpecification\",\"valueRequired\":true,\"valueName\":\"search_term_string\"}}],\"inLanguage\":\"fr-FR\"},{\"@type\":\"Organization\",\"@id\":\"https:\\\/\\\/charleroi-pourlapalestine.be\\\/#organization\",\"name\":\"Plate-forme Charleroi-Palestine\",\"url\":\"https:\\\/\\\/charleroi-pourlapalestine.be\\\/\",\"logo\":{\"@type\":\"ImageObject\",\"inLanguage\":\"fr-FR\",\"@id\":\"https:\\\/\\\/charleroi-pourlapalestine.be\\\/#\\\/schema\\\/logo\\\/image\\\/\",\"url\":\"https:\\\/\\\/charleroi-pourlapalestine.be\\\/wp-content\\\/uploads\\\/2020\\\/01\\\/logo-Copy.jpg\",\"contentUrl\":\"https:\\\/\\\/charleroi-pourlapalestine.be\\\/wp-content\\\/uploads\\\/2020\\\/01\\\/logo-Copy.jpg\",\"width\":180,\"height\":180,\"caption\":\"Plate-forme Charleroi-Palestine\"},\"image\":{\"@id\":\"https:\\\/\\\/charleroi-pourlapalestine.be\\\/#\\\/schema\\\/logo\\\/image\\\/\"},\"sameAs\":[\"https:\\\/\\\/www.facebook.com\\\/PlateformeCharleroiPalestine\\\/\",\"https:\\\/\\\/x.com\\\/LaCharleroi\"]},{\"@type\":\"Person\",\"@id\":\"https:\\\/\\\/charleroi-pourlapalestine.be\\\/#\\\/schema\\\/person\\\/c19ff515112f1299d8c12671d8fe3faa\",\"name\":\"admin1873\",\"url\":\"https:\\\/\\\/charleroi-pourlapalestine.be\\\/index.php\\\/author\\\/admin1873\\\/\"}]}<\/script>\n<!-- \/ Yoast SEO plugin. -->","yoast_head_json":{"title":"Isra\u00ebl pourrait d\u00e9truire la ville de Gaza dans les 60 jours","description":"Isra\u00ebl est bien d\u00e9cid\u00e9 \u00e0 rayer la ville de Gaza de la carte et se sert en toute impunit\u00e9 d'un arsenal \u00e9quip\u00e9 des outils les plus destructifs jamais fabriqu\u00e9s.","robots":{"index":"index","follow":"follow","max-snippet":"max-snippet:-1","max-image-preview":"max-image-preview:large","max-video-preview":"max-video-preview:-1"},"canonical":"https:\/\/charleroi-pourlapalestine.be\/index.php\/2025\/09\/10\/israel-pourrait-detruire-la-ville-de-gaza-dans-les-60-jours\/","schema":{"@context":"https:\/\/schema.org","@graph":[{"@type":"Article","@id":"https:\/\/charleroi-pourlapalestine.be\/index.php\/2025\/09\/10\/israel-pourrait-detruire-la-ville-de-gaza-dans-les-60-jours\/#article","isPartOf":{"@id":"https:\/\/charleroi-pourlapalestine.be\/index.php\/2025\/09\/10\/israel-pourrait-detruire-la-ville-de-gaza-dans-les-60-jours\/"},"author":{"name":"admin1873","@id":"https:\/\/charleroi-pourlapalestine.be\/#\/schema\/person\/c19ff515112f1299d8c12671d8fe3faa"},"headline":"Isra\u00ebl pourrait d\u00e9truire la ville de Gaza dans les 60 jours","datePublished":"2025-09-10T09:02:20+00:00","dateModified":"2025-09-10T19:03:01+00:00","mainEntityOfPage":{"@id":"https:\/\/charleroi-pourlapalestine.be\/index.php\/2025\/09\/10\/israel-pourrait-detruire-la-ville-de-gaza-dans-les-60-jours\/"},"wordCount":3823,"publisher":{"@id":"https:\/\/charleroi-pourlapalestine.be\/#organization"},"image":{"@id":"https:\/\/charleroi-pourlapalestine.be\/index.php\/2025\/09\/10\/israel-pourrait-detruire-la-ville-de-gaza-dans-les-60-jours\/#primaryimage"},"thumbnailUrl":"https:\/\/charleroi-pourlapalestine.be\/wp-content\/uploads\/2025\/09\/Enfant-blesse-Gaza.png","articleSection":["Crimes contre l'humanit\u00e9","Crimes de guerre","Gaza","G\u00e9nocide","L'Etat colonial"],"inLanguage":"fr-FR"},{"@type":"WebPage","@id":"https:\/\/charleroi-pourlapalestine.be\/index.php\/2025\/09\/10\/israel-pourrait-detruire-la-ville-de-gaza-dans-les-60-jours\/","url":"https:\/\/charleroi-pourlapalestine.be\/index.php\/2025\/09\/10\/israel-pourrait-detruire-la-ville-de-gaza-dans-les-60-jours\/","name":"Isra\u00ebl pourrait d\u00e9truire la ville de Gaza dans les 60 jours","isPartOf":{"@id":"https:\/\/charleroi-pourlapalestine.be\/#website"},"primaryImageOfPage":{"@id":"https:\/\/charleroi-pourlapalestine.be\/index.php\/2025\/09\/10\/israel-pourrait-detruire-la-ville-de-gaza-dans-les-60-jours\/#primaryimage"},"image":{"@id":"https:\/\/charleroi-pourlapalestine.be\/index.php\/2025\/09\/10\/israel-pourrait-detruire-la-ville-de-gaza-dans-les-60-jours\/#primaryimage"},"thumbnailUrl":"https:\/\/charleroi-pourlapalestine.be\/wp-content\/uploads\/2025\/09\/Enfant-blesse-Gaza.png","datePublished":"2025-09-10T09:02:20+00:00","dateModified":"2025-09-10T19:03:01+00:00","description":"Isra\u00ebl est bien d\u00e9cid\u00e9 \u00e0 rayer la ville de Gaza de la carte et se sert en toute impunit\u00e9 d'un arsenal \u00e9quip\u00e9 des outils les plus destructifs jamais fabriqu\u00e9s.","breadcrumb":{"@id":"https:\/\/charleroi-pourlapalestine.be\/index.php\/2025\/09\/10\/israel-pourrait-detruire-la-ville-de-gaza-dans-les-60-jours\/#breadcrumb"},"inLanguage":"fr-FR","potentialAction":[{"@type":"ReadAction","target":["https:\/\/charleroi-pourlapalestine.be\/index.php\/2025\/09\/10\/israel-pourrait-detruire-la-ville-de-gaza-dans-les-60-jours\/"]}]},{"@type":"ImageObject","inLanguage":"fr-FR","@id":"https:\/\/charleroi-pourlapalestine.be\/index.php\/2025\/09\/10\/israel-pourrait-detruire-la-ville-de-gaza-dans-les-60-jours\/#primaryimage","url":"https:\/\/charleroi-pourlapalestine.be\/wp-content\/uploads\/2025\/09\/Enfant-blesse-Gaza.png","contentUrl":"https:\/\/charleroi-pourlapalestine.be\/wp-content\/uploads\/2025\/09\/Enfant-blesse-Gaza.png","width":1027,"height":680},{"@type":"BreadcrumbList","@id":"https:\/\/charleroi-pourlapalestine.be\/index.php\/2025\/09\/10\/israel-pourrait-detruire-la-ville-de-gaza-dans-les-60-jours\/#breadcrumb","itemListElement":[{"@type":"ListItem","position":1,"name":"Accueil","item":"https:\/\/charleroi-pourlapalestine.be\/"},{"@type":"ListItem","position":2,"name":"Isra\u00ebl pourrait d\u00e9truire la ville de Gaza dans les 60 jours"}]},{"@type":"WebSite","@id":"https:\/\/charleroi-pourlapalestine.be\/#website","url":"https:\/\/charleroi-pourlapalestine.be\/","name":"Charleroi Pour la Palestine","description":"","publisher":{"@id":"https:\/\/charleroi-pourlapalestine.be\/#organization"},"potentialAction":[{"@type":"SearchAction","target":{"@type":"EntryPoint","urlTemplate":"https:\/\/charleroi-pourlapalestine.be\/?s={search_term_string}"},"query-input":{"@type":"PropertyValueSpecification","valueRequired":true,"valueName":"search_term_string"}}],"inLanguage":"fr-FR"},{"@type":"Organization","@id":"https:\/\/charleroi-pourlapalestine.be\/#organization","name":"Plate-forme Charleroi-Palestine","url":"https:\/\/charleroi-pourlapalestine.be\/","logo":{"@type":"ImageObject","inLanguage":"fr-FR","@id":"https:\/\/charleroi-pourlapalestine.be\/#\/schema\/logo\/image\/","url":"https:\/\/charleroi-pourlapalestine.be\/wp-content\/uploads\/2020\/01\/logo-Copy.jpg","contentUrl":"https:\/\/charleroi-pourlapalestine.be\/wp-content\/uploads\/2020\/01\/logo-Copy.jpg","width":180,"height":180,"caption":"Plate-forme Charleroi-Palestine"},"image":{"@id":"https:\/\/charleroi-pourlapalestine.be\/#\/schema\/logo\/image\/"},"sameAs":["https:\/\/www.facebook.com\/PlateformeCharleroiPalestine\/","https:\/\/x.com\/LaCharleroi"]},{"@type":"Person","@id":"https:\/\/charleroi-pourlapalestine.be\/#\/schema\/person\/c19ff515112f1299d8c12671d8fe3faa","name":"admin1873","url":"https:\/\/charleroi-pourlapalestine.be\/index.php\/author\/admin1873\/"}]}},"_links":{"self":[{"href":"https:\/\/charleroi-pourlapalestine.be\/index.php\/wp-json\/wp\/v2\/posts\/86665","targetHints":{"allow":["GET"]}}],"collection":[{"href":"https:\/\/charleroi-pourlapalestine.be\/index.php\/wp-json\/wp\/v2\/posts"}],"about":[{"href":"https:\/\/charleroi-pourlapalestine.be\/index.php\/wp-json\/wp\/v2\/types\/post"}],"author":[{"embeddable":true,"href":"https:\/\/charleroi-pourlapalestine.be\/index.php\/wp-json\/wp\/v2\/users\/1"}],"replies":[{"embeddable":true,"href":"https:\/\/charleroi-pourlapalestine.be\/index.php\/wp-json\/wp\/v2\/comments?post=86665"}],"version-history":[{"count":0,"href":"https:\/\/charleroi-pourlapalestine.be\/index.php\/wp-json\/wp\/v2\/posts\/86665\/revisions"}],"wp:featuredmedia":[{"embeddable":true,"href":"https:\/\/charleroi-pourlapalestine.be\/index.php\/wp-json\/wp\/v2\/media\/86666"}],"wp:attachment":[{"href":"https:\/\/charleroi-pourlapalestine.be\/index.php\/wp-json\/wp\/v2\/media?parent=86665"}],"wp:term":[{"taxonomy":"category","embeddable":true,"href":"https:\/\/charleroi-pourlapalestine.be\/index.php\/wp-json\/wp\/v2\/categories?post=86665"},{"taxonomy":"post_tag","embeddable":true,"href":"https:\/\/charleroi-pourlapalestine.be\/index.php\/wp-json\/wp\/v2\/tags?post=86665"}],"curies":[{"name":"wp","href":"https:\/\/api.w.org\/{rel}","templated":true}]}}