{"id":86677,"date":"2025-09-11T09:33:25","date_gmt":"2025-09-11T07:33:25","guid":{"rendered":"https:\/\/charleroi-pourlapalestine.be\/?p=86677"},"modified":"2025-09-11T09:33:25","modified_gmt":"2025-09-11T07:33:25","slug":"frappes-israeliennes-au-qatar","status":"publish","type":"post","link":"https:\/\/charleroi-pourlapalestine.be\/index.php\/2025\/09\/11\/frappes-israeliennes-au-qatar\/","title":{"rendered":"Frappes isra\u00e9liennes au Qatar"},"content":{"rendered":"<div class=\"xdj266r x14z9mp xat24cr x1lziwak x1vvkbs x126k92a\">\n<p>La seule fa\u00e7on d&rsquo;expliquer l&rsquo;attaque par les Isra\u00e9liens de la direction du Hamas au Qatar, pendant qu&rsquo;elle discute de la proposition am\u00e9ricaine de cessez-le-feu, est qu&rsquo;Isra\u00ebl ne veut pas que les otages soient lib\u00e9r\u00e9s ni qu&rsquo;il soit mis un terme au g\u00e9nocide.<\/p>\n<p>&nbsp;<\/p>\n<p>&nbsp;<\/p>\n<div id=\"attachment_86694\" style=\"width: 601px\" class=\"wp-caption aligncenter\"><img loading=\"lazy\" decoding=\"async\" aria-describedby=\"caption-attachment-86694\" class=\"wp-image-86694 size-large\" src=\"https:\/\/charleroi-pourlapalestine.be\/wp-content\/uploads\/2025\/09\/Photo-du-negociateur-en-chef-du-Hamas-591x500.png\" alt=\"Photo de Khalil al-Hayya, n\u00e9gociateur en chef du Hamas, apr\u00e8s l'attaque terroriste d'Isra\u00ebl au Qatar\" width=\"591\" height=\"500\" srcset=\"https:\/\/charleroi-pourlapalestine.be\/wp-content\/uploads\/2025\/09\/Photo-du-negociateur-en-chef-du-Hamas-591x500.png 591w, https:\/\/charleroi-pourlapalestine.be\/wp-content\/uploads\/2025\/09\/Photo-du-negociateur-en-chef-du-Hamas-295x250.png 295w, https:\/\/charleroi-pourlapalestine.be\/wp-content\/uploads\/2025\/09\/Photo-du-negociateur-en-chef-du-Hamas-768x650.png 768w, https:\/\/charleroi-pourlapalestine.be\/wp-content\/uploads\/2025\/09\/Photo-du-negociateur-en-chef-du-Hamas.png 963w\" sizes=\"auto, (max-width: 591px) 100vw, 591px\" \/><p id=\"caption-attachment-86694\" class=\"wp-caption-text\"><strong>Photo de Khalil al-Hayya, n\u00e9gociateur en chef du Hamas, apr\u00e8s l&rsquo;attaque terroriste d&rsquo;Isra\u00ebl<\/strong><\/p><\/div>\n<p>&nbsp;<\/p>\n<p>Depuis des dizaines d&rsquo;ann\u00e9es, Isra\u00ebl nous fait voir que la diplomatie est un objectif en soi. \u00c0 Doha, la chose a \u00e9t\u00e9 de nouveau tr\u00e8s claire&nbsp;: Pendant que les dirigeants du Hamas discutent de la proposition de cessez-le-feu des Am\u00e9ricains, Netanyahou les bombarde \u00e0 coups de missiles. Il est carr\u00e9ment r\u00e9pugnant de jeter des bombes au moment o\u00f9 l&rsquo;on discute d&rsquo;un cessez-le-feu, mais cela s&rsquo;inscrit parfaitement dans la tradition isra\u00e9lienne consistant \u00e0 cibler diplomates et n\u00e9gociateurs.<\/p>\n<p>Voici quelques mois \u00e0 peine, en juin 2025, au moment o\u00f9, \u00e0 Mascate, l&rsquo;Iran allait inaugurer avec les EU un nouveau tour de discussions autour de son programme nucl\u00e9aire, Isra\u00ebl avait frapp\u00e9. Cette attaque contre l&rsquo;Iran visait \u00e9galement des n\u00e9gociateurs et des scientifiques iraniens et nombre d&rsquo;entre eux avaient \u00e9t\u00e9 tu\u00e9s. Le fait que, dans le m\u00eame temps, les EU avaient eux aussi bombard\u00e9 des installations iraniennes, avait rendu impossible toute discussion autour du programme nucl\u00e9aire.<\/p>\n<p>Un an plus t\u00f4t, en juillet 2024, le dirigeant du Hamas Isma\u00efl Haniyeh \u00e9tait assassin\u00e9 \u00e0 T\u00e9h\u00e9ran. \u00c0 l&rsquo;\u00e9poque \u00e9galement, le but \u00e9tait le m\u00eame&nbsp;: torpiller aussi bien un cessez-le-feu autour de Gaza qu&rsquo;un accord nucl\u00e9aire entre les EU et l&rsquo;Iran.<\/p>\n<p>Cette fa\u00e7on de faire remonte aux ann\u00e9es 1970. En 1997, le Mossad essayait d&#8217;empoisonner le dirigeant du Hamas Khaled Meshaal \u00e0 Amman, au beau milieu d&rsquo;un processus de paix officiel. En 1988, Abu Jihad, le num\u00e9ro deux de l&rsquo;OLP, \u00e9tait assassin\u00e9 \u00e0 Tunis parce qu&rsquo;il orientait l&rsquo;organisation vers la diplomatie. Et, en 1972 d\u00e9j\u00e0, Mahmoud Hamshari, le repr\u00e9sentant de l&rsquo;OLP, \u00e9tait tu\u00e9 par l&rsquo;explosion d&rsquo;une bombe plac\u00e9e dans son t\u00e9l\u00e9phone. Son \u00ab&nbsp;crime&nbsp;\u00bb \u00e9tait d&rsquo;avoir nou\u00e9 des contacts diplomatiques en Europe.<\/p>\n<p>Toute tentative de n\u00e9gociation ou de m\u00e9diation a \u00e9t\u00e9 syst\u00e9matiquement an\u00e9antie, quel que soit le temps ou le lieu. Le mod\u00e8le est ind\u00e9niablement le m\u00eame chaque fois&nbsp;: De Paris \u00e0 Doha, Isra\u00ebl attaque d\u00e9lib\u00e9r\u00e9ment les n\u00e9gociateurs et les m\u00e9diateurs.<\/p>\n<p>Entre-temps, les pays europ\u00e9ens continuent d&rsquo;armer Isra\u00ebl alors qu&rsquo;il s&rsquo;agit d&rsquo;une violation \u00e0 la cha\u00eene du droit international et des normes diplomatiques. Les initiatives de paix sont habilement sabot\u00e9es et la diplomatie est rendue structurellement impossible.<\/p>\n<p>Sans pression internationale, cela ne cessera pas. Ce n&rsquo;est pas une strat\u00e9gie mais une inconscience dangereuse qui entra\u00eene toute la r\u00e9gion. Le moindre signal de diplomatie est per\u00e7u comme une faiblesse par Isra\u00ebl, qui y r\u00e9pond par la violence. C&rsquo;est une politique qui \u00e9limine les m\u00e9diateurs et qui ferme syst\u00e9matiquement la porte \u00e0 la paix.<\/p>\n<p>Sous le r\u00e9gime extr\u00e9miste de Netanyahou, Isra\u00ebl transgresse impun\u00e9ment une ligne rouge apr\u00e8s l&rsquo;autre. La communaut\u00e9 internationale, avec les EU en t\u00eate, d\u00e9tourne les yeux et n&rsquo;intervient pas, ce qui fait qu&rsquo;une bande de gangsters disposant d&rsquo;armes nucl\u00e9aires peut continuer \u00e0 d\u00e9truire, assassiner, nettoyer ethniquement, enterrer des otages, liquider des n\u00e9gociateurs et \u00e9liminer tous les chemins qui m\u00e8nent vers la paix.<\/p>\n<\/div>\n<div class=\"x14z9mp xat24cr x1lziwak x1vvkbs xtlvy1s x126k92a\">\n<div dir=\"auto\" style=\"text-align: center;\">\n<p>*****<\/p>\n<p>Francis Jorissen <a href=\"https:\/\/www.facebook.com\/francis.jorissen\" target=\"_blank\" rel=\"noopener\">sur FB<\/a><\/p>\n<\/div>\n<div dir=\"auto\">&nbsp;<\/div>\n<\/div>\n<div class=\"x14z9mp xat24cr x1lziwak x1vvkbs xtlvy1s x126k92a\">&nbsp;<\/div>\n<div>&nbsp;<\/div>\n<h3 class=\"x14z9mp xat24cr x1lziwak x1vvkbs xtlvy1s x126k92a\">Communiqu\u00e9 du Hamas<\/h3>\n<div class=\"x14z9mp xat24cr x1lziwak x1vvkbs xtlvy1s x126k92a\">\n<div dir=\"auto\">&nbsp;<\/div>\n<\/div>\n<blockquote><p>La tentative perfide de l\u2019occupation sioniste d\u2019assassiner aujourd\u2019hui la d\u00e9l\u00e9gation de n\u00e9gociation du mouvement Hamas dans la capitale qatarienne, Doha, constitue un crime odieux, un acte d\u2019agression manifeste et une violation flagrante de toutes les normes et lois internationales.<\/p>\n<p>Ce crime est une atteinte \u00e0 la souverainet\u00e9 de l\u2019\u00c9tat fr\u00e8re du Qatar qui, aux c\u00f4t\u00e9s de l\u2019\u00c9gypte s\u0153ur, joue un r\u00f4le essentiel et responsable dans le parrainage des efforts de m\u00e9diation visant \u00e0 mettre fin \u00e0 l\u2019agression, \u00e0 parvenir \u00e0 un accord de cessez-le-feu et \u00e0 organiser un \u00e9change de prisonniers. Il r\u00e9v\u00e8le une fois de plus la nature criminelle de l\u2019occupation et sa volont\u00e9 de torpiller toute possibilit\u00e9 d\u2019accord.<\/p>\n<p>Nous affirmons que l\u2019ennemi a \u00e9chou\u00e9 dans sa tentative d\u2019assassiner les fr\u00e8res de la d\u00e9l\u00e9gation de n\u00e9gociation, tandis qu\u2019un certain nombre de nos fr\u00e8res ont rejoint le rang des martyrs, atteignant ainsi les plus hauts degr\u00e9s de gloire. Il s\u2019agit de :<\/p><\/blockquote>\n<blockquote><p><strong>Le martyr Jihad Labad (Abu Bilal)<\/strong> \u2013 Directeur du bureau du Dr Khalil al-Hayyah<br \/>\n<strong>Le martyr Humam al-Hayya (Abu Yahya)<\/strong> \u2013 Fils du Dr Khalil al-Hayyah<br \/>\n<strong>Le martyr Abdullah Abdul Wahid (Abu Khalil)<\/strong> \u2013 Bureau<br \/>\n<strong>Le martyr Muamen Husuna (Abu Omar)<\/strong> \u2013 Bureau<br \/>\n<strong>Le martyr Ahmed al-Mamlouk (Abu Malik)<\/strong> \u2013 Bureau<\/p><\/blockquote>\n<p>&nbsp;<\/p>\n<p><img loading=\"lazy\" decoding=\"async\" class=\"aligncenter wp-image-86692 size-large\" src=\"https:\/\/charleroi-pourlapalestine.be\/wp-content\/uploads\/2025\/09\/Les-martyrs-du-Qatar-497x500.png\" alt=\"\" width=\"497\" height=\"500\" srcset=\"https:\/\/charleroi-pourlapalestine.be\/wp-content\/uploads\/2025\/09\/Les-martyrs-du-Qatar-497x500.png 497w, https:\/\/charleroi-pourlapalestine.be\/wp-content\/uploads\/2025\/09\/Les-martyrs-du-Qatar-248x250.png 248w, https:\/\/charleroi-pourlapalestine.be\/wp-content\/uploads\/2025\/09\/Les-martyrs-du-Qatar-768x773.png 768w, https:\/\/charleroi-pourlapalestine.be\/wp-content\/uploads\/2025\/09\/Les-martyrs-du-Qatar-80x80.png 80w, https:\/\/charleroi-pourlapalestine.be\/wp-content\/uploads\/2025\/09\/Les-martyrs-du-Qatar.png 781w\" sizes=\"auto, (max-width: 497px) 100vw, 497px\" \/><\/p>\n<blockquote><p>&nbsp;<\/p>\n<p>Nous pleurons \u00e9galement le martyr caporal<strong> Badr Saad Mohammed al-Humaidi<\/strong>, membre des forces de s\u00e9curit\u00e9 int\u00e9rieure qataries (Lekhwiya).<\/p>\n<p>Nous prions Allah de les envelopper de Sa vaste mis\u00e9ricorde et de leur accorder la plus haute place dans Son Paradis.<\/p>\n<p>Le fait que la d\u00e9l\u00e9gation de n\u00e9gociation ait \u00e9t\u00e9 prise pour cible pr\u00e9cis\u00e9ment alors qu\u2019elle discutait de la derni\u00e8re proposition du pr\u00e9sident am\u00e9ricain Donald Trump confirme, sans l\u2019ombre d\u2019un doute, que Netanyahou et son gouvernement ne recherchent aucun accord. Au contraire, ils s\u2019emploient d\u00e9lib\u00e9r\u00e9ment \u00e0 saboter toutes les opportunit\u00e9s et \u00e0 saper les efforts internationaux, au m\u00e9pris de la vie de leurs prisonniers d\u00e9tenus par la R\u00e9sistance, de la souverainet\u00e9 des \u00c9tats, ainsi que de la s\u00e9curit\u00e9 et de la stabilit\u00e9 de la r\u00e9gion.<\/p>\n<p>Nous tenons l\u2019administration am\u00e9ricaine pour coresponsable, aux c\u00f4t\u00e9s de l\u2019occupant, de ce crime, en raison de son soutien continu \u00e0 l\u2019agression et aux crimes commis par l\u2019occupation contre notre peuple.<\/p>\n<p>Ce crime a d\u00e9montr\u00e9 que l\u2019occupation sioniste constitue un danger imminent pour la r\u00e9gion et pour le monde, et que Netanyahou cherche \u00e0 effacer notre cause nationale et les droits de notre peuple, en les poussant vers le d\u00e9placement forc\u00e9, tout en poursuivant ses projets criminels de g\u00e9nocide, de nettoyage ethnique, de famine et d\u2019expulsion.<\/p>\n<p>Nous, au sein du Mouvement de r\u00e9sistance islamique (Hamas), appelons les nations du monde, les Nations unies et toutes les forces vives ainsi que les consciences libres \u00e0 condamner cette agression criminelle contre l\u2019\u00c9tat fr\u00e8re du Qatar, \u00e0 agir de toute urgence pour faire pression sur l\u2019occupant afin qu\u2019il mette un terme \u00e0 sa guerre d\u2019extermination et de nettoyage ethnique, \u00e0 rendre justice \u00e0 notre peuple palestinien et \u00e0 soutenir son droit l\u00e9gitime \u00e0 la libert\u00e9 et \u00e0 l\u2019autod\u00e9termination.<\/p>\n<p>Cette l\u00e2che tentative d\u2019assassinat ne modifiera en rien nos positions ni nos revendications claires, qui sont les suivantes : la cessation imm\u00e9diate de l\u2019agression contre notre peuple, le retrait complet de l\u2019arm\u00e9e d\u2019occupation de la bande de Gaza, un v\u00e9ritable \u00e9change de prisonniers, l\u2019acheminement d\u2019une aide humanitaire \u00e0 notre peuple et la reconstruction.<\/p>\n<p>Nous affirmons que ces crimes terroristes ne briseront pas la d\u00e9termination de notre mouvement et de nos dirigeants, et ne nous dissuaderont pas de d\u00e9fendre fermement les droits nationaux de notre peuple, ni de poursuivre la voie de la r\u00e9sistance jusqu\u2019\u00e0 la lev\u00e9e de l\u2019occupation de notre terre et l\u2019\u00e9tablissement de notre \u00c9tat palestinien ind\u00e9pendant, avec Al-Quds (J\u00e9rusalem) pour capitale.<\/p><\/blockquote>\n<p style=\"text-align: center;\">*****<\/p>\n<p>Source :<a href=\"https:\/\/t.me\/enemywatch\" target=\"_blank\" rel=\"noopener\"> Enemy Watch<\/a><\/p>\n<p>Traduction :<a href=\"https:\/\/lecridespeuples.fr\/2025\/09\/10\/frappes-israeliennes-au-qatar-les-communiques-de-laxe-de-la-resistance\/\" target=\"_blank\" rel=\"noopener\"> Le cri des peuples<\/a><\/p>\n","protected":false},"excerpt":{"rendered":"<p>Pendant que les dirigeants du Hamas discutent de la proposition de cessez-le-feu des Am\u00e9ricains, Netanyahou les bombarde \u00e0 coups de missiles.<\/p>\n","protected":false},"author":1,"featured_media":86694,"comment_status":"closed","ping_status":"closed","sticky":false,"template":"","format":"standard","meta":{"ngg_post_thumbnail":0,"footnotes":""},"categories":[52,6,197,126,140,146,387],"tags":[],"class_list":["post-86677","post","type-post","status-publish","format-standard","has-post-thumbnail","hentry","category-la-cour-penale-internationale","category-gaza","category-hamas","category-israel","category-letat-colonial","category-qatar","category-terrorisme-detat"],"yoast_head":"<!-- This site is optimized with the Yoast SEO plugin v27.3 - https:\/\/yoast.com\/product\/yoast-seo-wordpress\/ -->\n<title>Frappes isra\u00e9liennes au Qatar<\/title>\n<meta name=\"description\" content=\"Pendant que les dirigeants du Hamas discutent de la proposition de cessez-le-feu des Am\u00e9ricains au Qatar, Netanyahou les bombarde \u00e0 coups de missiles.\" \/>\n<meta name=\"robots\" content=\"index, follow, max-snippet:-1, max-image-preview:large, max-video-preview:-1\" \/>\n<link rel=\"canonical\" href=\"https:\/\/charleroi-pourlapalestine.be\/index.php\/2025\/09\/11\/frappes-israeliennes-au-qatar\/\" \/>\n<script type=\"application\/ld+json\" class=\"yoast-schema-graph\">{\"@context\":\"https:\\\/\\\/schema.org\",\"@graph\":[{\"@type\":\"Article\",\"@id\":\"https:\\\/\\\/charleroi-pourlapalestine.be\\\/index.php\\\/2025\\\/09\\\/11\\\/frappes-israeliennes-au-qatar\\\/#article\",\"isPartOf\":{\"@id\":\"https:\\\/\\\/charleroi-pourlapalestine.be\\\/index.php\\\/2025\\\/09\\\/11\\\/frappes-israeliennes-au-qatar\\\/\"},\"author\":{\"name\":\"admin1873\",\"@id\":\"https:\\\/\\\/charleroi-pourlapalestine.be\\\/#\\\/schema\\\/person\\\/c19ff515112f1299d8c12671d8fe3faa\"},\"headline\":\"Frappes isra\u00e9liennes au Qatar\",\"datePublished\":\"2025-09-11T07:33:25+00:00\",\"mainEntityOfPage\":{\"@id\":\"https:\\\/\\\/charleroi-pourlapalestine.be\\\/index.php\\\/2025\\\/09\\\/11\\\/frappes-israeliennes-au-qatar\\\/\"},\"wordCount\":1322,\"publisher\":{\"@id\":\"https:\\\/\\\/charleroi-pourlapalestine.be\\\/#organization\"},\"image\":{\"@id\":\"https:\\\/\\\/charleroi-pourlapalestine.be\\\/index.php\\\/2025\\\/09\\\/11\\\/frappes-israeliennes-au-qatar\\\/#primaryimage\"},\"thumbnailUrl\":\"https:\\\/\\\/charleroi-pourlapalestine.be\\\/wp-content\\\/uploads\\\/2025\\\/09\\\/Photo-du-negociateur-en-chef-du-Hamas.png\",\"articleSection\":[\"Etats-Unis\",\"Gaza\",\"Hamas\",\"Isra\u00ebl\",\"L'Etat colonial\",\"Qatar\",\"Terrorisme d'Etat\"],\"inLanguage\":\"fr-FR\"},{\"@type\":\"WebPage\",\"@id\":\"https:\\\/\\\/charleroi-pourlapalestine.be\\\/index.php\\\/2025\\\/09\\\/11\\\/frappes-israeliennes-au-qatar\\\/\",\"url\":\"https:\\\/\\\/charleroi-pourlapalestine.be\\\/index.php\\\/2025\\\/09\\\/11\\\/frappes-israeliennes-au-qatar\\\/\",\"name\":\"Frappes isra\u00e9liennes au Qatar\",\"isPartOf\":{\"@id\":\"https:\\\/\\\/charleroi-pourlapalestine.be\\\/#website\"},\"primaryImageOfPage\":{\"@id\":\"https:\\\/\\\/charleroi-pourlapalestine.be\\\/index.php\\\/2025\\\/09\\\/11\\\/frappes-israeliennes-au-qatar\\\/#primaryimage\"},\"image\":{\"@id\":\"https:\\\/\\\/charleroi-pourlapalestine.be\\\/index.php\\\/2025\\\/09\\\/11\\\/frappes-israeliennes-au-qatar\\\/#primaryimage\"},\"thumbnailUrl\":\"https:\\\/\\\/charleroi-pourlapalestine.be\\\/wp-content\\\/uploads\\\/2025\\\/09\\\/Photo-du-negociateur-en-chef-du-Hamas.png\",\"datePublished\":\"2025-09-11T07:33:25+00:00\",\"description\":\"Pendant que les dirigeants du Hamas discutent de la proposition de cessez-le-feu des Am\u00e9ricains au Qatar, Netanyahou les bombarde \u00e0 coups de missiles.\",\"breadcrumb\":{\"@id\":\"https:\\\/\\\/charleroi-pourlapalestine.be\\\/index.php\\\/2025\\\/09\\\/11\\\/frappes-israeliennes-au-qatar\\\/#breadcrumb\"},\"inLanguage\":\"fr-FR\",\"potentialAction\":[{\"@type\":\"ReadAction\",\"target\":[\"https:\\\/\\\/charleroi-pourlapalestine.be\\\/index.php\\\/2025\\\/09\\\/11\\\/frappes-israeliennes-au-qatar\\\/\"]}]},{\"@type\":\"ImageObject\",\"inLanguage\":\"fr-FR\",\"@id\":\"https:\\\/\\\/charleroi-pourlapalestine.be\\\/index.php\\\/2025\\\/09\\\/11\\\/frappes-israeliennes-au-qatar\\\/#primaryimage\",\"url\":\"https:\\\/\\\/charleroi-pourlapalestine.be\\\/wp-content\\\/uploads\\\/2025\\\/09\\\/Photo-du-negociateur-en-chef-du-Hamas.png\",\"contentUrl\":\"https:\\\/\\\/charleroi-pourlapalestine.be\\\/wp-content\\\/uploads\\\/2025\\\/09\\\/Photo-du-negociateur-en-chef-du-Hamas.png\",\"width\":963,\"height\":815},{\"@type\":\"BreadcrumbList\",\"@id\":\"https:\\\/\\\/charleroi-pourlapalestine.be\\\/index.php\\\/2025\\\/09\\\/11\\\/frappes-israeliennes-au-qatar\\\/#breadcrumb\",\"itemListElement\":[{\"@type\":\"ListItem\",\"position\":1,\"name\":\"Accueil\",\"item\":\"https:\\\/\\\/charleroi-pourlapalestine.be\\\/\"},{\"@type\":\"ListItem\",\"position\":2,\"name\":\"Frappes isra\u00e9liennes au Qatar\"}]},{\"@type\":\"WebSite\",\"@id\":\"https:\\\/\\\/charleroi-pourlapalestine.be\\\/#website\",\"url\":\"https:\\\/\\\/charleroi-pourlapalestine.be\\\/\",\"name\":\"Charleroi Pour la Palestine\",\"description\":\"\",\"publisher\":{\"@id\":\"https:\\\/\\\/charleroi-pourlapalestine.be\\\/#organization\"},\"potentialAction\":[{\"@type\":\"SearchAction\",\"target\":{\"@type\":\"EntryPoint\",\"urlTemplate\":\"https:\\\/\\\/charleroi-pourlapalestine.be\\\/?s={search_term_string}\"},\"query-input\":{\"@type\":\"PropertyValueSpecification\",\"valueRequired\":true,\"valueName\":\"search_term_string\"}}],\"inLanguage\":\"fr-FR\"},{\"@type\":\"Organization\",\"@id\":\"https:\\\/\\\/charleroi-pourlapalestine.be\\\/#organization\",\"name\":\"Plate-forme Charleroi-Palestine\",\"url\":\"https:\\\/\\\/charleroi-pourlapalestine.be\\\/\",\"logo\":{\"@type\":\"ImageObject\",\"inLanguage\":\"fr-FR\",\"@id\":\"https:\\\/\\\/charleroi-pourlapalestine.be\\\/#\\\/schema\\\/logo\\\/image\\\/\",\"url\":\"https:\\\/\\\/charleroi-pourlapalestine.be\\\/wp-content\\\/uploads\\\/2020\\\/01\\\/logo-Copy.jpg\",\"contentUrl\":\"https:\\\/\\\/charleroi-pourlapalestine.be\\\/wp-content\\\/uploads\\\/2020\\\/01\\\/logo-Copy.jpg\",\"width\":180,\"height\":180,\"caption\":\"Plate-forme Charleroi-Palestine\"},\"image\":{\"@id\":\"https:\\\/\\\/charleroi-pourlapalestine.be\\\/#\\\/schema\\\/logo\\\/image\\\/\"},\"sameAs\":[\"https:\\\/\\\/www.facebook.com\\\/PlateformeCharleroiPalestine\\\/\",\"https:\\\/\\\/x.com\\\/LaCharleroi\"]},{\"@type\":\"Person\",\"@id\":\"https:\\\/\\\/charleroi-pourlapalestine.be\\\/#\\\/schema\\\/person\\\/c19ff515112f1299d8c12671d8fe3faa\",\"name\":\"admin1873\",\"url\":\"https:\\\/\\\/charleroi-pourlapalestine.be\\\/index.php\\\/author\\\/admin1873\\\/\"}]}<\/script>\n<!-- \/ Yoast SEO plugin. -->","yoast_head_json":{"title":"Frappes isra\u00e9liennes au Qatar","description":"Pendant que les dirigeants du Hamas discutent de la proposition de cessez-le-feu des Am\u00e9ricains au Qatar, Netanyahou les bombarde \u00e0 coups de missiles.","robots":{"index":"index","follow":"follow","max-snippet":"max-snippet:-1","max-image-preview":"max-image-preview:large","max-video-preview":"max-video-preview:-1"},"canonical":"https:\/\/charleroi-pourlapalestine.be\/index.php\/2025\/09\/11\/frappes-israeliennes-au-qatar\/","schema":{"@context":"https:\/\/schema.org","@graph":[{"@type":"Article","@id":"https:\/\/charleroi-pourlapalestine.be\/index.php\/2025\/09\/11\/frappes-israeliennes-au-qatar\/#article","isPartOf":{"@id":"https:\/\/charleroi-pourlapalestine.be\/index.php\/2025\/09\/11\/frappes-israeliennes-au-qatar\/"},"author":{"name":"admin1873","@id":"https:\/\/charleroi-pourlapalestine.be\/#\/schema\/person\/c19ff515112f1299d8c12671d8fe3faa"},"headline":"Frappes isra\u00e9liennes au Qatar","datePublished":"2025-09-11T07:33:25+00:00","mainEntityOfPage":{"@id":"https:\/\/charleroi-pourlapalestine.be\/index.php\/2025\/09\/11\/frappes-israeliennes-au-qatar\/"},"wordCount":1322,"publisher":{"@id":"https:\/\/charleroi-pourlapalestine.be\/#organization"},"image":{"@id":"https:\/\/charleroi-pourlapalestine.be\/index.php\/2025\/09\/11\/frappes-israeliennes-au-qatar\/#primaryimage"},"thumbnailUrl":"https:\/\/charleroi-pourlapalestine.be\/wp-content\/uploads\/2025\/09\/Photo-du-negociateur-en-chef-du-Hamas.png","articleSection":["Etats-Unis","Gaza","Hamas","Isra\u00ebl","L'Etat colonial","Qatar","Terrorisme d'Etat"],"inLanguage":"fr-FR"},{"@type":"WebPage","@id":"https:\/\/charleroi-pourlapalestine.be\/index.php\/2025\/09\/11\/frappes-israeliennes-au-qatar\/","url":"https:\/\/charleroi-pourlapalestine.be\/index.php\/2025\/09\/11\/frappes-israeliennes-au-qatar\/","name":"Frappes isra\u00e9liennes au Qatar","isPartOf":{"@id":"https:\/\/charleroi-pourlapalestine.be\/#website"},"primaryImageOfPage":{"@id":"https:\/\/charleroi-pourlapalestine.be\/index.php\/2025\/09\/11\/frappes-israeliennes-au-qatar\/#primaryimage"},"image":{"@id":"https:\/\/charleroi-pourlapalestine.be\/index.php\/2025\/09\/11\/frappes-israeliennes-au-qatar\/#primaryimage"},"thumbnailUrl":"https:\/\/charleroi-pourlapalestine.be\/wp-content\/uploads\/2025\/09\/Photo-du-negociateur-en-chef-du-Hamas.png","datePublished":"2025-09-11T07:33:25+00:00","description":"Pendant que les dirigeants du Hamas discutent de la proposition de cessez-le-feu des Am\u00e9ricains au Qatar, Netanyahou les bombarde \u00e0 coups de missiles.","breadcrumb":{"@id":"https:\/\/charleroi-pourlapalestine.be\/index.php\/2025\/09\/11\/frappes-israeliennes-au-qatar\/#breadcrumb"},"inLanguage":"fr-FR","potentialAction":[{"@type":"ReadAction","target":["https:\/\/charleroi-pourlapalestine.be\/index.php\/2025\/09\/11\/frappes-israeliennes-au-qatar\/"]}]},{"@type":"ImageObject","inLanguage":"fr-FR","@id":"https:\/\/charleroi-pourlapalestine.be\/index.php\/2025\/09\/11\/frappes-israeliennes-au-qatar\/#primaryimage","url":"https:\/\/charleroi-pourlapalestine.be\/wp-content\/uploads\/2025\/09\/Photo-du-negociateur-en-chef-du-Hamas.png","contentUrl":"https:\/\/charleroi-pourlapalestine.be\/wp-content\/uploads\/2025\/09\/Photo-du-negociateur-en-chef-du-Hamas.png","width":963,"height":815},{"@type":"BreadcrumbList","@id":"https:\/\/charleroi-pourlapalestine.be\/index.php\/2025\/09\/11\/frappes-israeliennes-au-qatar\/#breadcrumb","itemListElement":[{"@type":"ListItem","position":1,"name":"Accueil","item":"https:\/\/charleroi-pourlapalestine.be\/"},{"@type":"ListItem","position":2,"name":"Frappes isra\u00e9liennes au Qatar"}]},{"@type":"WebSite","@id":"https:\/\/charleroi-pourlapalestine.be\/#website","url":"https:\/\/charleroi-pourlapalestine.be\/","name":"Charleroi Pour la Palestine","description":"","publisher":{"@id":"https:\/\/charleroi-pourlapalestine.be\/#organization"},"potentialAction":[{"@type":"SearchAction","target":{"@type":"EntryPoint","urlTemplate":"https:\/\/charleroi-pourlapalestine.be\/?s={search_term_string}"},"query-input":{"@type":"PropertyValueSpecification","valueRequired":true,"valueName":"search_term_string"}}],"inLanguage":"fr-FR"},{"@type":"Organization","@id":"https:\/\/charleroi-pourlapalestine.be\/#organization","name":"Plate-forme Charleroi-Palestine","url":"https:\/\/charleroi-pourlapalestine.be\/","logo":{"@type":"ImageObject","inLanguage":"fr-FR","@id":"https:\/\/charleroi-pourlapalestine.be\/#\/schema\/logo\/image\/","url":"https:\/\/charleroi-pourlapalestine.be\/wp-content\/uploads\/2020\/01\/logo-Copy.jpg","contentUrl":"https:\/\/charleroi-pourlapalestine.be\/wp-content\/uploads\/2020\/01\/logo-Copy.jpg","width":180,"height":180,"caption":"Plate-forme Charleroi-Palestine"},"image":{"@id":"https:\/\/charleroi-pourlapalestine.be\/#\/schema\/logo\/image\/"},"sameAs":["https:\/\/www.facebook.com\/PlateformeCharleroiPalestine\/","https:\/\/x.com\/LaCharleroi"]},{"@type":"Person","@id":"https:\/\/charleroi-pourlapalestine.be\/#\/schema\/person\/c19ff515112f1299d8c12671d8fe3faa","name":"admin1873","url":"https:\/\/charleroi-pourlapalestine.be\/index.php\/author\/admin1873\/"}]}},"_links":{"self":[{"href":"https:\/\/charleroi-pourlapalestine.be\/index.php\/wp-json\/wp\/v2\/posts\/86677","targetHints":{"allow":["GET"]}}],"collection":[{"href":"https:\/\/charleroi-pourlapalestine.be\/index.php\/wp-json\/wp\/v2\/posts"}],"about":[{"href":"https:\/\/charleroi-pourlapalestine.be\/index.php\/wp-json\/wp\/v2\/types\/post"}],"author":[{"embeddable":true,"href":"https:\/\/charleroi-pourlapalestine.be\/index.php\/wp-json\/wp\/v2\/users\/1"}],"replies":[{"embeddable":true,"href":"https:\/\/charleroi-pourlapalestine.be\/index.php\/wp-json\/wp\/v2\/comments?post=86677"}],"version-history":[{"count":0,"href":"https:\/\/charleroi-pourlapalestine.be\/index.php\/wp-json\/wp\/v2\/posts\/86677\/revisions"}],"wp:featuredmedia":[{"embeddable":true,"href":"https:\/\/charleroi-pourlapalestine.be\/index.php\/wp-json\/wp\/v2\/media\/86694"}],"wp:attachment":[{"href":"https:\/\/charleroi-pourlapalestine.be\/index.php\/wp-json\/wp\/v2\/media?parent=86677"}],"wp:term":[{"taxonomy":"category","embeddable":true,"href":"https:\/\/charleroi-pourlapalestine.be\/index.php\/wp-json\/wp\/v2\/categories?post=86677"},{"taxonomy":"post_tag","embeddable":true,"href":"https:\/\/charleroi-pourlapalestine.be\/index.php\/wp-json\/wp\/v2\/tags?post=86677"}],"curies":[{"name":"wp","href":"https:\/\/api.w.org\/{rel}","templated":true}]}}