{"id":86703,"date":"2025-09-12T11:31:51","date_gmt":"2025-09-12T09:31:51","guid":{"rendered":"https:\/\/charleroi-pourlapalestine.be\/?p=86703"},"modified":"2025-09-12T11:33:37","modified_gmt":"2025-09-12T09:33:37","slug":"arrestations-en-serie-de-refugies-palestiniens-de-gaza-a-bruxelles","status":"publish","type":"post","link":"https:\/\/charleroi-pourlapalestine.be\/index.php\/2025\/09\/12\/arrestations-en-serie-de-refugies-palestiniens-de-gaza-a-bruxelles\/","title":{"rendered":"Arrestations en s\u00e9rie de r\u00e9fugi\u00e9s palestiniens de Gaza \u00e0 Bruxelles"},"content":{"rendered":"<p>Arrestation de plusieurs r\u00e9fugi\u00e9s palestiniens \u00e0 Bruxelles ces derni\u00e8res semaines, en marge ou apr\u00e8s des manifestations propalestiniennes ! Certains auraient \u00e9t\u00e9 arr\u00eat\u00e9s \u00ab pour potentiels troubles \u00e0 l\u2019ordre public \u00bb, selon des organisations militantes propalestiniennes.<\/p>\n<p>Plusieurs jeunes Palestiniens sont maintenant incarc\u00e9r\u00e9s en centre ferm\u00e9 et risquent la d\u00e9portation<\/p>\n<p><a href=\"https:\/\/www.instagram.com\/bxl_intifada\/\" target=\"_blank\" rel=\"noopener\"><em>Bruxelles Intifada<\/em><\/a>, d\u00e9nonce des arrestations arbitraires et \u00ab sans charges claires \u00bb, ainsi qu\u2019un d\u00e9ni de la protection internationale qui devrait \u00eatre accord\u00e9e aux r\u00e9fugi\u00e9s palestiniens.<\/p>\n<p>Le mercredi 3 septembre <strong>Anas, un jeune Gazaoui<\/strong>, <strong>qui est en proc\u00e9dure d\u2019asile en Belgique<\/strong> a \u00e9t\u00e9 arr\u00eat\u00e9 et incarc\u00e9r\u00e9 en centre ferm\u00e9. Il est d\u00e9sormais d\u00e9tenu <strong>\u00e0 Merkplas<\/strong>, pr\u00e8s d\u2019Anvers.<\/p>\n<p>&nbsp;<\/p>\n<p><img loading=\"lazy\" decoding=\"async\" class=\"aligncenter wp-image-86711 size-large\" src=\"https:\/\/charleroi-pourlapalestine.be\/wp-content\/uploads\/2025\/09\/Free-Anas-380x500.png\" alt=\"Arrestations en s\u00e9rie de jeunes r\u00e9fugi\u00e9s palestiniens de Gaza\" width=\"380\" height=\"500\" srcset=\"https:\/\/charleroi-pourlapalestine.be\/wp-content\/uploads\/2025\/09\/Free-Anas-380x500.png 380w, https:\/\/charleroi-pourlapalestine.be\/wp-content\/uploads\/2025\/09\/Free-Anas-190x250.png 190w, https:\/\/charleroi-pourlapalestine.be\/wp-content\/uploads\/2025\/09\/Free-Anas.png 572w\" sizes=\"auto, (max-width: 380px) 100vw, 380px\" \/><\/p>\n<p>&nbsp;<\/p>\n<p>Le jeudi 4 septembre,<strong> Hamouda, lui aussi Palestinien de Gaza et en proc\u00e9dure d\u2019asile en Belgique a \u00e9t\u00e9 arr\u00eat\u00e9<\/strong>, il a \u00e9t\u00e9 incarc\u00e9r\u00e9 en centre ferm\u00e9, au 127bis situ\u00e9 en bordure de l\u2019a\u00e9roport de Bruxelles. Dans une vid\u00e9o publi\u00e9e plusieurs jours apr\u00e8s son arrestation, on peut l\u2019entendre crier \u201cFree Palestine\u201d depuis le<strong> centre 127bis.<\/strong><\/p>\n<p>&nbsp;<\/p>\n<p><img loading=\"lazy\" decoding=\"async\" class=\"aligncenter wp-image-86710 size-large\" src=\"https:\/\/charleroi-pourlapalestine.be\/wp-content\/uploads\/2025\/09\/Free-Hamouda-390x500.png\" alt=\"Arrestations en s\u00e9rie de jeunes r\u00e9fugi\u00e9s palestiniens de Gaza\" width=\"390\" height=\"500\" srcset=\"https:\/\/charleroi-pourlapalestine.be\/wp-content\/uploads\/2025\/09\/Free-Hamouda-390x500.png 390w, https:\/\/charleroi-pourlapalestine.be\/wp-content\/uploads\/2025\/09\/Free-Hamouda-195x250.png 195w, https:\/\/charleroi-pourlapalestine.be\/wp-content\/uploads\/2025\/09\/Free-Hamouda.png 588w\" sizes=\"auto, (max-width: 390px) 100vw, 390px\" \/><\/p>\n<p>&nbsp;<\/p>\n<p>Le samedi 6 septembre lors de la manifestation quotidienne \u00e0 Bourse, <strong>Ayman, r\u00e9fugi\u00e9 Gazaoui,<\/strong> a \u00e9t\u00e9 violemment arr\u00eat\u00e9 par la police. Au commissariat il a subi des violences, il est ensuite ressorti avec des traces de coup sur le visage et un bras en \u00e9charpe.<\/p>\n<p>&nbsp;<\/p>\n<p><img loading=\"lazy\" decoding=\"async\" class=\"aligncenter wp-image-86712 size-large\" src=\"https:\/\/charleroi-pourlapalestine.be\/wp-content\/uploads\/2025\/09\/Ayman--341x500.png\" alt=\"Arrestations en s\u00e9rie de jeunes r\u00e9fugi\u00e9s palestiniens de Gaza\" width=\"341\" height=\"500\" srcset=\"https:\/\/charleroi-pourlapalestine.be\/wp-content\/uploads\/2025\/09\/Ayman--341x500.png 341w, https:\/\/charleroi-pourlapalestine.be\/wp-content\/uploads\/2025\/09\/Ayman--171x250.png 171w, https:\/\/charleroi-pourlapalestine.be\/wp-content\/uploads\/2025\/09\/Ayman-.png 445w\" sizes=\"auto, (max-width: 341px) 100vw, 341px\" \/><\/p>\n<p>&nbsp;<\/p>\n<p>Dimanche 7 septembre, \u00e0 la fin de la manifestation nationale pour la Palestine, <strong>deux jeunes palestiniens ont \u00e9t\u00e9 arr\u00eat\u00e9s<\/strong> par la police. <strong>Fathi s\u2019est fait arr\u00eat\u00e9 en marge de la manifestation nationale<\/strong>, pr\u00e8s de la porte d\u2019Anderlecht. Fathi est d\u00e9sormais emprisonn\u00e9 en centre ferm\u00e9 de <strong>Vottem,<\/strong> pr\u00e8s de Li\u00e8ge.<\/p>\n<p>&nbsp;<\/p>\n<p><img loading=\"lazy\" decoding=\"async\" class=\"aligncenter wp-image-86708 size-large\" src=\"https:\/\/charleroi-pourlapalestine.be\/wp-content\/uploads\/2025\/09\/Free-Fathi-Al-Hamas-372x500.png\" alt=\"Arrestations en s\u00e9rie de jeunes r\u00e9fugi\u00e9s palestiniens de Gaza\" width=\"372\" height=\"500\" srcset=\"https:\/\/charleroi-pourlapalestine.be\/wp-content\/uploads\/2025\/09\/Free-Fathi-Al-Hamas-372x500.png 372w, https:\/\/charleroi-pourlapalestine.be\/wp-content\/uploads\/2025\/09\/Free-Fathi-Al-Hamas-186x250.png 186w, https:\/\/charleroi-pourlapalestine.be\/wp-content\/uploads\/2025\/09\/Free-Fathi-Al-Hamas.png 402w\" sizes=\"auto, (max-width: 372px) 100vw, 372px\" \/><\/p>\n<p>&nbsp;<\/p>\n<p>Parall\u00e8lement \u00e0 cette arrestation, un autre r\u00e9fugi\u00e9 palestinien a \u00e9galement \u00e9t\u00e9 arr\u00eat\u00e9 dans une boulangerie.<\/p>\n<p><strong>Un papa palestinien, Saied, a \u00e9galement \u00e9t\u00e9 arr\u00eat\u00e9<\/strong> le dimanche 7 septembre, \u00e0 son domicile en pr\u00e9sence de son fils. Le fils de Saied, Mohammed est atteint d\u2019une maladie grave, il a \u00e9t\u00e9 accueilli en Belgique avec son p\u00e8re pour lui procurer un traitement vital. Saied et son fils ont \u00e9t\u00e9 s\u00e9par\u00e9s, Saied a \u00e9t\u00e9 arr\u00eat\u00e9 et son fils emmen\u00e9 seul \u00e0 l\u2019h\u00f4pital. 24 heures plus tard, Saied a \u00e9t\u00e9 lib\u00e9r\u00e9.&nbsp;<\/p>\n<p>&nbsp;<\/p>\n<p><img loading=\"lazy\" decoding=\"async\" class=\"aligncenter wp-image-86707 size-full\" src=\"https:\/\/charleroi-pourlapalestine.be\/wp-content\/uploads\/2025\/09\/saeid.png\" alt=\"Arrestations en s\u00e9rie de jeunes r\u00e9fugi\u00e9s palestiniens de Gaza\" width=\"550\" height=\"497\" srcset=\"https:\/\/charleroi-pourlapalestine.be\/wp-content\/uploads\/2025\/09\/saeid.png 550w, https:\/\/charleroi-pourlapalestine.be\/wp-content\/uploads\/2025\/09\/saeid-277x250.png 277w\" sizes=\"auto, (max-width: 550px) 100vw, 550px\" \/><\/p>\n<p>&nbsp;<\/p>\n<p>Son arrestation a eu lieu \u00e0 la suite de pression exerc\u00e9e en ligne par des comptes d\u2019extr\u00eame droite et pro-isra\u00e9liens qui s\u2019en prennent r\u00e9guli\u00e8rement au mouvement de solidarit\u00e9 avec la Palestine \u00e0 Bruxelles, comme Jo\u00ebl Rubenfeld.<\/p>\n<p>Si les motifs exacts de ces arrestations ne sont pas connus, des t\u00e9moins des ces arrestations parlent d\u2019interventions cibl\u00e9es de la police. Dont l\u2019objectif serait d\u2019effrayer les jeunes r\u00e9fugi\u00e9s palestiniens qui rejoignent r\u00e9guli\u00e8rement les manifestations quotidiennes pour \u201ctenter de briser le mouvement\u201d. Ces arrestations cons\u00e9cutives sont v\u00e9cues comme des rafles \u00e0 l\u2019encontre des r\u00e9fugi\u00e9s palestiniens, faisant planer en permanence la menace d\u2019une arrestation et d\u2019une expulsion du territoire belge.<\/p>\n<p>Le mercredi 10 septembre apr\u00e8s la manifestation \u00e0 la Bourse, <strong>Hussam, un r\u00e9fugi\u00e9 palestinien a \u00e9t\u00e9 arr\u00eat\u00e9<\/strong>, par plusieurs policiers en civil dans une station de m\u00e9tro de Bourse.<\/p>\n<p>&nbsp;<\/p>\n<p><img loading=\"lazy\" decoding=\"async\" class=\"aligncenter wp-image-86704 size-large\" src=\"https:\/\/charleroi-pourlapalestine.be\/wp-content\/uploads\/2025\/09\/Free-Hussam-al-Faqawi-429x500.png\" alt=\"Arrestations en s\u00e9rie de jeunes r\u00e9fugi\u00e9s palestiniens de Gaza\" width=\"429\" height=\"500\" srcset=\"https:\/\/charleroi-pourlapalestine.be\/wp-content\/uploads\/2025\/09\/Free-Hussam-al-Faqawi-429x500.png 429w, https:\/\/charleroi-pourlapalestine.be\/wp-content\/uploads\/2025\/09\/Free-Hussam-al-Faqawi-215x250.png 215w, https:\/\/charleroi-pourlapalestine.be\/wp-content\/uploads\/2025\/09\/Free-Hussam-al-Faqawi.png 642w\" sizes=\"auto, (max-width: 429px) 100vw, 429px\" \/><\/p>\n<p>&nbsp;<\/p>\n<p>La police a d\u2019abord pr\u00e9tendu \u00e0 un contr\u00f4le d\u2019identit\u00e9, avant que d\u2019autres agents en civils viennent violemment l\u2019arr\u00eater.<\/p>\n<p>Cette nouvelle arrestation survient apr\u00e8s l\u2019arrestation de 5 r\u00e9fugi\u00e9s palestiniens, en marge de manifestations dans les jours pr\u00e9c\u00e9dents. Les organisations propalestiniennes, comme<a href=\"https:\/\/www.instagram.com\/ahrar_palestine_asbl\/\" target=\"_blank\" rel=\"noopener\"> <strong>Ahrar Palestine<\/strong> <\/a>et <a href=\"https:\/\/www.instagram.com\/bxl_intifada\/\" target=\"_blank\" rel=\"noopener\"><strong>Bruxelles Intifada<\/strong>,<\/a> d\u00e9noncent des arrestations arbitraires aux allures de kidnapping et v\u00e9cues comme des rafles. Ainsi que le d\u00e9ni syst\u00e9matique de la protection internationale qui devrait \u00eatre accord\u00e9e aux r\u00e9fugi\u00e9s palestiniens.<\/p>\n<p>Plusieurs r\u00e9fugi\u00e9s palestiniens sont d\u00e9sormais incarc\u00e9r\u00e9s en centre ferm\u00e9.<\/p>\n<p><strong>Les organisateurs des rassemblements quotidiens \u00e0 Bourse \u00e0 19 h, appellent \u00e0 rejoindre les manifestations face \u00e0 la r\u00e9pression croissante.<\/strong><\/p>\n<p>Source : <a href=\"https:\/\/bruxellesdevie.com\/\" target=\"_blank\" rel=\"noopener\">Bruxelles D\u00e9vie<\/a><\/p>\n","protected":false},"excerpt":{"rendered":"<p>Plusieurs r\u00e9fugi\u00e9s palestiniens ont \u00e9t\u00e9 arr\u00eat\u00e9s \u00e0 Bruxelles ces derni\u00e8res semaines, en marge ou apr\u00e8s des manifestations pour la Palestine<\/p>\n","protected":false},"author":1,"featured_media":86704,"comment_status":"closed","ping_status":"closed","sticky":false,"template":"","format":"standard","meta":{"ngg_post_thumbnail":0,"footnotes":""},"categories":[64,11,837,6,344,12,9,358],"tags":[],"class_list":["post-86703","post","type-post","status-publish","format-standard","has-post-thumbnail","hentry","category-la-belgique","category-les-demandeurs-d-asile-palestiniens","category-deportations","category-gaza","category-genocide","category-les-palestiniens-en-belgique","category-les-refugies-pamestiniens","category-repression"],"yoast_head":"<!-- This site is optimized with the Yoast SEO plugin v27.3 - https:\/\/yoast.com\/product\/yoast-seo-wordpress\/ -->\n<title>Arrestations en s\u00e9rie de r\u00e9fugi\u00e9s palestiniens de Gaza \u00e0 Bruxelles<\/title>\n<meta name=\"description\" content=\"Plusieurs r\u00e9fugi\u00e9s palestiniens ont \u00e9t\u00e9 arr\u00eat\u00e9s \u00e0 Bruxelles ces derni\u00e8res semaines, en marge ou apr\u00e8s des manifestations propalestiniennes\" \/>\n<meta name=\"robots\" content=\"index, follow, max-snippet:-1, max-image-preview:large, max-video-preview:-1\" \/>\n<link rel=\"canonical\" href=\"https:\/\/charleroi-pourlapalestine.be\/index.php\/2025\/09\/12\/arrestations-en-serie-de-refugies-palestiniens-de-gaza-a-bruxelles\/\" \/>\n<script type=\"application\/ld+json\" class=\"yoast-schema-graph\">{\"@context\":\"https:\\\/\\\/schema.org\",\"@graph\":[{\"@type\":\"Article\",\"@id\":\"https:\\\/\\\/charleroi-pourlapalestine.be\\\/index.php\\\/2025\\\/09\\\/12\\\/arrestations-en-serie-de-refugies-palestiniens-de-gaza-a-bruxelles\\\/#article\",\"isPartOf\":{\"@id\":\"https:\\\/\\\/charleroi-pourlapalestine.be\\\/index.php\\\/2025\\\/09\\\/12\\\/arrestations-en-serie-de-refugies-palestiniens-de-gaza-a-bruxelles\\\/\"},\"author\":{\"name\":\"admin1873\",\"@id\":\"https:\\\/\\\/charleroi-pourlapalestine.be\\\/#\\\/schema\\\/person\\\/c19ff515112f1299d8c12671d8fe3faa\"},\"headline\":\"Arrestations en s\u00e9rie de r\u00e9fugi\u00e9s palestiniens de Gaza \u00e0 Bruxelles\",\"datePublished\":\"2025-09-12T09:31:51+00:00\",\"dateModified\":\"2025-09-12T09:33:37+00:00\",\"mainEntityOfPage\":{\"@id\":\"https:\\\/\\\/charleroi-pourlapalestine.be\\\/index.php\\\/2025\\\/09\\\/12\\\/arrestations-en-serie-de-refugies-palestiniens-de-gaza-a-bruxelles\\\/\"},\"wordCount\":686,\"publisher\":{\"@id\":\"https:\\\/\\\/charleroi-pourlapalestine.be\\\/#organization\"},\"image\":{\"@id\":\"https:\\\/\\\/charleroi-pourlapalestine.be\\\/index.php\\\/2025\\\/09\\\/12\\\/arrestations-en-serie-de-refugies-palestiniens-de-gaza-a-bruxelles\\\/#primaryimage\"},\"thumbnailUrl\":\"https:\\\/\\\/charleroi-pourlapalestine.be\\\/wp-content\\\/uploads\\\/2025\\\/09\\\/Free-Hussam-al-Faqawi.png\",\"articleSection\":[\"Belgique\",\"Demandeurs d'asile\",\"d\u00e9portations\",\"Gaza\",\"G\u00e9nocide\",\"Palestiniens en Belgique\",\"R\u00e9fugi\u00e9s\",\"R\u00e9pression\"],\"inLanguage\":\"fr-FR\"},{\"@type\":\"WebPage\",\"@id\":\"https:\\\/\\\/charleroi-pourlapalestine.be\\\/index.php\\\/2025\\\/09\\\/12\\\/arrestations-en-serie-de-refugies-palestiniens-de-gaza-a-bruxelles\\\/\",\"url\":\"https:\\\/\\\/charleroi-pourlapalestine.be\\\/index.php\\\/2025\\\/09\\\/12\\\/arrestations-en-serie-de-refugies-palestiniens-de-gaza-a-bruxelles\\\/\",\"name\":\"Arrestations en s\u00e9rie de r\u00e9fugi\u00e9s palestiniens de Gaza \u00e0 Bruxelles\",\"isPartOf\":{\"@id\":\"https:\\\/\\\/charleroi-pourlapalestine.be\\\/#website\"},\"primaryImageOfPage\":{\"@id\":\"https:\\\/\\\/charleroi-pourlapalestine.be\\\/index.php\\\/2025\\\/09\\\/12\\\/arrestations-en-serie-de-refugies-palestiniens-de-gaza-a-bruxelles\\\/#primaryimage\"},\"image\":{\"@id\":\"https:\\\/\\\/charleroi-pourlapalestine.be\\\/index.php\\\/2025\\\/09\\\/12\\\/arrestations-en-serie-de-refugies-palestiniens-de-gaza-a-bruxelles\\\/#primaryimage\"},\"thumbnailUrl\":\"https:\\\/\\\/charleroi-pourlapalestine.be\\\/wp-content\\\/uploads\\\/2025\\\/09\\\/Free-Hussam-al-Faqawi.png\",\"datePublished\":\"2025-09-12T09:31:51+00:00\",\"dateModified\":\"2025-09-12T09:33:37+00:00\",\"description\":\"Plusieurs r\u00e9fugi\u00e9s palestiniens ont \u00e9t\u00e9 arr\u00eat\u00e9s \u00e0 Bruxelles ces derni\u00e8res semaines, en marge ou apr\u00e8s des manifestations propalestiniennes\",\"breadcrumb\":{\"@id\":\"https:\\\/\\\/charleroi-pourlapalestine.be\\\/index.php\\\/2025\\\/09\\\/12\\\/arrestations-en-serie-de-refugies-palestiniens-de-gaza-a-bruxelles\\\/#breadcrumb\"},\"inLanguage\":\"fr-FR\",\"potentialAction\":[{\"@type\":\"ReadAction\",\"target\":[\"https:\\\/\\\/charleroi-pourlapalestine.be\\\/index.php\\\/2025\\\/09\\\/12\\\/arrestations-en-serie-de-refugies-palestiniens-de-gaza-a-bruxelles\\\/\"]}]},{\"@type\":\"ImageObject\",\"inLanguage\":\"fr-FR\",\"@id\":\"https:\\\/\\\/charleroi-pourlapalestine.be\\\/index.php\\\/2025\\\/09\\\/12\\\/arrestations-en-serie-de-refugies-palestiniens-de-gaza-a-bruxelles\\\/#primaryimage\",\"url\":\"https:\\\/\\\/charleroi-pourlapalestine.be\\\/wp-content\\\/uploads\\\/2025\\\/09\\\/Free-Hussam-al-Faqawi.png\",\"contentUrl\":\"https:\\\/\\\/charleroi-pourlapalestine.be\\\/wp-content\\\/uploads\\\/2025\\\/09\\\/Free-Hussam-al-Faqawi.png\",\"width\":642,\"height\":748},{\"@type\":\"BreadcrumbList\",\"@id\":\"https:\\\/\\\/charleroi-pourlapalestine.be\\\/index.php\\\/2025\\\/09\\\/12\\\/arrestations-en-serie-de-refugies-palestiniens-de-gaza-a-bruxelles\\\/#breadcrumb\",\"itemListElement\":[{\"@type\":\"ListItem\",\"position\":1,\"name\":\"Accueil\",\"item\":\"https:\\\/\\\/charleroi-pourlapalestine.be\\\/\"},{\"@type\":\"ListItem\",\"position\":2,\"name\":\"Arrestations en s\u00e9rie de r\u00e9fugi\u00e9s palestiniens de Gaza \u00e0 Bruxelles\"}]},{\"@type\":\"WebSite\",\"@id\":\"https:\\\/\\\/charleroi-pourlapalestine.be\\\/#website\",\"url\":\"https:\\\/\\\/charleroi-pourlapalestine.be\\\/\",\"name\":\"Charleroi Pour la Palestine\",\"description\":\"\",\"publisher\":{\"@id\":\"https:\\\/\\\/charleroi-pourlapalestine.be\\\/#organization\"},\"potentialAction\":[{\"@type\":\"SearchAction\",\"target\":{\"@type\":\"EntryPoint\",\"urlTemplate\":\"https:\\\/\\\/charleroi-pourlapalestine.be\\\/?s={search_term_string}\"},\"query-input\":{\"@type\":\"PropertyValueSpecification\",\"valueRequired\":true,\"valueName\":\"search_term_string\"}}],\"inLanguage\":\"fr-FR\"},{\"@type\":\"Organization\",\"@id\":\"https:\\\/\\\/charleroi-pourlapalestine.be\\\/#organization\",\"name\":\"Plate-forme Charleroi-Palestine\",\"url\":\"https:\\\/\\\/charleroi-pourlapalestine.be\\\/\",\"logo\":{\"@type\":\"ImageObject\",\"inLanguage\":\"fr-FR\",\"@id\":\"https:\\\/\\\/charleroi-pourlapalestine.be\\\/#\\\/schema\\\/logo\\\/image\\\/\",\"url\":\"https:\\\/\\\/charleroi-pourlapalestine.be\\\/wp-content\\\/uploads\\\/2020\\\/01\\\/logo-Copy.jpg\",\"contentUrl\":\"https:\\\/\\\/charleroi-pourlapalestine.be\\\/wp-content\\\/uploads\\\/2020\\\/01\\\/logo-Copy.jpg\",\"width\":180,\"height\":180,\"caption\":\"Plate-forme Charleroi-Palestine\"},\"image\":{\"@id\":\"https:\\\/\\\/charleroi-pourlapalestine.be\\\/#\\\/schema\\\/logo\\\/image\\\/\"},\"sameAs\":[\"https:\\\/\\\/www.facebook.com\\\/PlateformeCharleroiPalestine\\\/\",\"https:\\\/\\\/x.com\\\/LaCharleroi\"]},{\"@type\":\"Person\",\"@id\":\"https:\\\/\\\/charleroi-pourlapalestine.be\\\/#\\\/schema\\\/person\\\/c19ff515112f1299d8c12671d8fe3faa\",\"name\":\"admin1873\",\"url\":\"https:\\\/\\\/charleroi-pourlapalestine.be\\\/index.php\\\/author\\\/admin1873\\\/\"}]}<\/script>\n<!-- \/ Yoast SEO plugin. -->","yoast_head_json":{"title":"Arrestations en s\u00e9rie de r\u00e9fugi\u00e9s palestiniens de Gaza \u00e0 Bruxelles","description":"Plusieurs r\u00e9fugi\u00e9s palestiniens ont \u00e9t\u00e9 arr\u00eat\u00e9s \u00e0 Bruxelles ces derni\u00e8res semaines, en marge ou apr\u00e8s des manifestations propalestiniennes","robots":{"index":"index","follow":"follow","max-snippet":"max-snippet:-1","max-image-preview":"max-image-preview:large","max-video-preview":"max-video-preview:-1"},"canonical":"https:\/\/charleroi-pourlapalestine.be\/index.php\/2025\/09\/12\/arrestations-en-serie-de-refugies-palestiniens-de-gaza-a-bruxelles\/","schema":{"@context":"https:\/\/schema.org","@graph":[{"@type":"Article","@id":"https:\/\/charleroi-pourlapalestine.be\/index.php\/2025\/09\/12\/arrestations-en-serie-de-refugies-palestiniens-de-gaza-a-bruxelles\/#article","isPartOf":{"@id":"https:\/\/charleroi-pourlapalestine.be\/index.php\/2025\/09\/12\/arrestations-en-serie-de-refugies-palestiniens-de-gaza-a-bruxelles\/"},"author":{"name":"admin1873","@id":"https:\/\/charleroi-pourlapalestine.be\/#\/schema\/person\/c19ff515112f1299d8c12671d8fe3faa"},"headline":"Arrestations en s\u00e9rie de r\u00e9fugi\u00e9s palestiniens de Gaza \u00e0 Bruxelles","datePublished":"2025-09-12T09:31:51+00:00","dateModified":"2025-09-12T09:33:37+00:00","mainEntityOfPage":{"@id":"https:\/\/charleroi-pourlapalestine.be\/index.php\/2025\/09\/12\/arrestations-en-serie-de-refugies-palestiniens-de-gaza-a-bruxelles\/"},"wordCount":686,"publisher":{"@id":"https:\/\/charleroi-pourlapalestine.be\/#organization"},"image":{"@id":"https:\/\/charleroi-pourlapalestine.be\/index.php\/2025\/09\/12\/arrestations-en-serie-de-refugies-palestiniens-de-gaza-a-bruxelles\/#primaryimage"},"thumbnailUrl":"https:\/\/charleroi-pourlapalestine.be\/wp-content\/uploads\/2025\/09\/Free-Hussam-al-Faqawi.png","articleSection":["Belgique","Demandeurs d'asile","d\u00e9portations","Gaza","G\u00e9nocide","Palestiniens en Belgique","R\u00e9fugi\u00e9s","R\u00e9pression"],"inLanguage":"fr-FR"},{"@type":"WebPage","@id":"https:\/\/charleroi-pourlapalestine.be\/index.php\/2025\/09\/12\/arrestations-en-serie-de-refugies-palestiniens-de-gaza-a-bruxelles\/","url":"https:\/\/charleroi-pourlapalestine.be\/index.php\/2025\/09\/12\/arrestations-en-serie-de-refugies-palestiniens-de-gaza-a-bruxelles\/","name":"Arrestations en s\u00e9rie de r\u00e9fugi\u00e9s palestiniens de Gaza \u00e0 Bruxelles","isPartOf":{"@id":"https:\/\/charleroi-pourlapalestine.be\/#website"},"primaryImageOfPage":{"@id":"https:\/\/charleroi-pourlapalestine.be\/index.php\/2025\/09\/12\/arrestations-en-serie-de-refugies-palestiniens-de-gaza-a-bruxelles\/#primaryimage"},"image":{"@id":"https:\/\/charleroi-pourlapalestine.be\/index.php\/2025\/09\/12\/arrestations-en-serie-de-refugies-palestiniens-de-gaza-a-bruxelles\/#primaryimage"},"thumbnailUrl":"https:\/\/charleroi-pourlapalestine.be\/wp-content\/uploads\/2025\/09\/Free-Hussam-al-Faqawi.png","datePublished":"2025-09-12T09:31:51+00:00","dateModified":"2025-09-12T09:33:37+00:00","description":"Plusieurs r\u00e9fugi\u00e9s palestiniens ont \u00e9t\u00e9 arr\u00eat\u00e9s \u00e0 Bruxelles ces derni\u00e8res semaines, en marge ou apr\u00e8s des manifestations propalestiniennes","breadcrumb":{"@id":"https:\/\/charleroi-pourlapalestine.be\/index.php\/2025\/09\/12\/arrestations-en-serie-de-refugies-palestiniens-de-gaza-a-bruxelles\/#breadcrumb"},"inLanguage":"fr-FR","potentialAction":[{"@type":"ReadAction","target":["https:\/\/charleroi-pourlapalestine.be\/index.php\/2025\/09\/12\/arrestations-en-serie-de-refugies-palestiniens-de-gaza-a-bruxelles\/"]}]},{"@type":"ImageObject","inLanguage":"fr-FR","@id":"https:\/\/charleroi-pourlapalestine.be\/index.php\/2025\/09\/12\/arrestations-en-serie-de-refugies-palestiniens-de-gaza-a-bruxelles\/#primaryimage","url":"https:\/\/charleroi-pourlapalestine.be\/wp-content\/uploads\/2025\/09\/Free-Hussam-al-Faqawi.png","contentUrl":"https:\/\/charleroi-pourlapalestine.be\/wp-content\/uploads\/2025\/09\/Free-Hussam-al-Faqawi.png","width":642,"height":748},{"@type":"BreadcrumbList","@id":"https:\/\/charleroi-pourlapalestine.be\/index.php\/2025\/09\/12\/arrestations-en-serie-de-refugies-palestiniens-de-gaza-a-bruxelles\/#breadcrumb","itemListElement":[{"@type":"ListItem","position":1,"name":"Accueil","item":"https:\/\/charleroi-pourlapalestine.be\/"},{"@type":"ListItem","position":2,"name":"Arrestations en s\u00e9rie de r\u00e9fugi\u00e9s palestiniens de Gaza \u00e0 Bruxelles"}]},{"@type":"WebSite","@id":"https:\/\/charleroi-pourlapalestine.be\/#website","url":"https:\/\/charleroi-pourlapalestine.be\/","name":"Charleroi Pour la Palestine","description":"","publisher":{"@id":"https:\/\/charleroi-pourlapalestine.be\/#organization"},"potentialAction":[{"@type":"SearchAction","target":{"@type":"EntryPoint","urlTemplate":"https:\/\/charleroi-pourlapalestine.be\/?s={search_term_string}"},"query-input":{"@type":"PropertyValueSpecification","valueRequired":true,"valueName":"search_term_string"}}],"inLanguage":"fr-FR"},{"@type":"Organization","@id":"https:\/\/charleroi-pourlapalestine.be\/#organization","name":"Plate-forme Charleroi-Palestine","url":"https:\/\/charleroi-pourlapalestine.be\/","logo":{"@type":"ImageObject","inLanguage":"fr-FR","@id":"https:\/\/charleroi-pourlapalestine.be\/#\/schema\/logo\/image\/","url":"https:\/\/charleroi-pourlapalestine.be\/wp-content\/uploads\/2020\/01\/logo-Copy.jpg","contentUrl":"https:\/\/charleroi-pourlapalestine.be\/wp-content\/uploads\/2020\/01\/logo-Copy.jpg","width":180,"height":180,"caption":"Plate-forme Charleroi-Palestine"},"image":{"@id":"https:\/\/charleroi-pourlapalestine.be\/#\/schema\/logo\/image\/"},"sameAs":["https:\/\/www.facebook.com\/PlateformeCharleroiPalestine\/","https:\/\/x.com\/LaCharleroi"]},{"@type":"Person","@id":"https:\/\/charleroi-pourlapalestine.be\/#\/schema\/person\/c19ff515112f1299d8c12671d8fe3faa","name":"admin1873","url":"https:\/\/charleroi-pourlapalestine.be\/index.php\/author\/admin1873\/"}]}},"_links":{"self":[{"href":"https:\/\/charleroi-pourlapalestine.be\/index.php\/wp-json\/wp\/v2\/posts\/86703","targetHints":{"allow":["GET"]}}],"collection":[{"href":"https:\/\/charleroi-pourlapalestine.be\/index.php\/wp-json\/wp\/v2\/posts"}],"about":[{"href":"https:\/\/charleroi-pourlapalestine.be\/index.php\/wp-json\/wp\/v2\/types\/post"}],"author":[{"embeddable":true,"href":"https:\/\/charleroi-pourlapalestine.be\/index.php\/wp-json\/wp\/v2\/users\/1"}],"replies":[{"embeddable":true,"href":"https:\/\/charleroi-pourlapalestine.be\/index.php\/wp-json\/wp\/v2\/comments?post=86703"}],"version-history":[{"count":0,"href":"https:\/\/charleroi-pourlapalestine.be\/index.php\/wp-json\/wp\/v2\/posts\/86703\/revisions"}],"wp:featuredmedia":[{"embeddable":true,"href":"https:\/\/charleroi-pourlapalestine.be\/index.php\/wp-json\/wp\/v2\/media\/86704"}],"wp:attachment":[{"href":"https:\/\/charleroi-pourlapalestine.be\/index.php\/wp-json\/wp\/v2\/media?parent=86703"}],"wp:term":[{"taxonomy":"category","embeddable":true,"href":"https:\/\/charleroi-pourlapalestine.be\/index.php\/wp-json\/wp\/v2\/categories?post=86703"},{"taxonomy":"post_tag","embeddable":true,"href":"https:\/\/charleroi-pourlapalestine.be\/index.php\/wp-json\/wp\/v2\/tags?post=86703"}],"curies":[{"name":"wp","href":"https:\/\/api.w.org\/{rel}","templated":true}]}}