{"id":87601,"date":"2025-12-08T22:08:39","date_gmt":"2025-12-08T21:08:39","guid":{"rendered":"https:\/\/charleroi-pourlapalestine.be\/?p=87601"},"modified":"2025-12-09T15:43:44","modified_gmt":"2025-12-09T14:43:44","slug":"les-grevistes-de-la-faim-britanniques-tirent-des-lecons-des-prisons-de-palestine","status":"publish","type":"post","link":"https:\/\/charleroi-pourlapalestine.be\/index.php\/2025\/12\/08\/les-grevistes-de-la-faim-britanniques-tirent-des-lecons-des-prisons-de-palestine\/","title":{"rendered":"Les gr\u00e9vistes de la faim britanniques tirent des le\u00e7ons des prisons de Palestine"},"content":{"rendered":"<p>La sant\u00e9 des gr\u00e9vistes de la faim se d\u00e9grade de fa\u00e7on tr\u00e8s grave, mais le gouvernement refuse toujours d&rsquo;examiner leurs revendications<\/p>\n<p><strong><a href=\"https:\/\/electronicintifada.net\/people\/asa-winstanley\">Asa Winstanley<\/a><\/strong>&nbsp; &nbsp;<a href=\"https:\/\/electronicintifada.net\/blog\/electronic-intifada-podcast\">The electronic Intifada &nbsp; <\/a>3 d\u00e9cembre 2025<\/p>\n<p>&nbsp;<\/p>\n<div id=\"attachment_87644\" style=\"width: 791px\" class=\"wp-caption aligncenter\"><img loading=\"lazy\" decoding=\"async\" aria-describedby=\"caption-attachment-87644\" class=\" wp-image-87644\" src=\"https:\/\/charleroi-pourlapalestine.be\/wp-content\/uploads\/2025\/12\/hunger-striker-collage-350x233.webp\" alt=\"\" width=\"781\" height=\"520\" srcset=\"https:\/\/charleroi-pourlapalestine.be\/wp-content\/uploads\/2025\/12\/hunger-striker-collage-350x233.webp 350w, https:\/\/charleroi-pourlapalestine.be\/wp-content\/uploads\/2025\/12\/hunger-striker-collage-700x466.webp 700w, https:\/\/charleroi-pourlapalestine.be\/wp-content\/uploads\/2025\/12\/hunger-striker-collage-768x512.webp 768w, https:\/\/charleroi-pourlapalestine.be\/wp-content\/uploads\/2025\/12\/hunger-striker-collage.webp 800w\" sizes=\"auto, (max-width: 781px) 100vw, 781px\" \/><p id=\"caption-attachment-87644\" class=\"wp-caption-text\"><strong>Les prisonniers politiques pour la Palestine actuellement en gr\u00e8ve de la faim : T Hoxha, Kamran Ahmed, Jon Cink, Heba Muraisi, Qesser Zuhrah et Amu Gib (de gauche \u00e0 droite, du haut vers le bas<\/strong>). (Photos : Prisonniers pour la Palestine)<\/p><\/div>\n<p>&nbsp;<\/p>\n<p>Six prisonniers politiques d\u00e9tenus dans les prisons britanniques et associ\u00e9s \u00e0 l&rsquo;organisation interdite <a href=\"https:\/\/electronicintifada.net\/tags\/palestine-action\">Palestine Action<\/a> sont actuellement en gr\u00e8ve de la faim depuis un mois.<\/p>\n<p>Ils exigent leur lib\u00e9ration sous caution, le droit \u00e0 un proc\u00e8s \u00e9quitable et la fin imm\u00e9diate de ce qu&rsquo;ils qualifient de pers\u00e9cutions de la part du gouvernement britannique.<\/p>\n<p>La plupart sont actuellement maintenus en d\u00e9tention provisoire depuis bien davantage que la <a href=\"https:\/\/www.fairtrials.org\/articles\/news\/uk-thousands-held-prison-longer-legal-time-limit-while-awaiting-trial\/\">dur\u00e9e maximale de six mois<\/a> autoris\u00e9e par la loi avant que n&rsquo;ait lieu le proc\u00e8s.<\/p>\n<p>Lors du tout dernier \u00e9pisode du podcast de The Electronic Intifada, la s\u0153ur de <a href=\"https:\/\/prisonersforpalestine.org\/prisoner\/kamran-ahmed\/\">Kamran Ahmed<\/a>, l&rsquo;un des gr\u00e9vistes de la faim, nous a dit que l&rsquo;\u00e9tat de son fr\u00e8re se d\u00e9t\u00e9riorait rapidement.<\/p>\n<p>Nous nous sommes \u00e9galement entretenus avec Francesca Nadin, une porte-parole de la nouvelle organisation <a href=\"https:\/\/prisonersforpalestine.org\/\">Prisoners for Palestine<\/a> (Prisonniers pour la Palestine), qui soutient la gr\u00e8ve de la faim.<\/p>\n<p>&nbsp;<\/p>\n<p style=\"text-align: center;\"><a href=\"https:\/\/electronicintifada.net\/blogs\/asa-winstanley\/british-hunger-strikers-learn-prison-lessons-palestine\"><strong>D\u00e9couvrez la totalit\u00e9 de l&rsquo;interview dans cette vid\u00e9o, ou d\u00e9filez jusqu&rsquo;au bas du pr\u00e9sent article pour la version audio.<\/strong><\/a><\/p>\n<p>&nbsp;<\/p>\n<p><a href=\"https:\/\/prisonersforpalestine.org\/prisoner\/amu-gib\/\">Amu Gib<\/a>, <a href=\"https:\/\/prisonersforpalestine.org\/prisoner\/qesser-zuhrah\/\">Qesser Zuhrah<\/a> et <a href=\"https:\/\/prisonersforpalestine.org\/prisoner\/heba-muraisi\/\">Heba Muraisi<\/a> sont tous en gr\u00e8ve de la faim depuis un mois. <a href=\"https:\/\/prisonersforpalestine.org\/prisoner\/jon-cink\/\">Jon Cink<\/a> les a rejoints il y a 28 jours et <a href=\"https:\/\/prisonersforpalestine.org\/prisoner\/teuta-hoxha\/\">Teuta \u00ab T \u00bb Hoxha<\/a> et <a href=\"https:\/\/prisonersforpalestine.org\/prisoner\/kamran-ahmed\/\">Kamran Ahmed<\/a> sont en gr\u00e8ve de la faim depuis respectivement 25 et 24 jours.<\/p>\n<p>Tous sont accus\u00e9s d&rsquo;\u00eatre impliqu\u00e9s dans les campagnes men\u00e9es par Palestine Action avant son interdiction, qui a \u00e9t\u00e9 officialis\u00e9e un peu plus t\u00f4t cette ann\u00e9e.<\/p>\n<p><a href=\"https:\/\/electronicintifada.net\/people\/francesca-nadin\">Francesca Nadin<\/a> est elle-m\u00eame une ancienne prisonni\u00e8re politique et, depuis sa prison en Grande-Bretagne, elle <a href=\"https:\/\/electronicintifada.net\/content\/letter-jailed-palestine-activist\/48686\">avait adress\u00e9<\/a> deux <a href=\"https:\/\/electronicintifada.net\/content\/i-am-political-prisoner-not-hero\/50321\">lettres<\/a> \u00e0 The Electronic Intifada.<\/p>\n<p>Elle avait \u00e9t\u00e9 maintenue en d\u00e9tention provisoire pendant neuf mois avant d&rsquo;\u00eatre finalement lib\u00e9r\u00e9e sous caution. Elle va devoir affronter son proc\u00e8s en janvier 2027 pour des accusations relatives \u00e0 une campagne d&rsquo;action directe men\u00e9e par Palestine Action contre la firme d&rsquo;armement isra\u00e9lienne Elbit Systems et ses complices au Royaume-Uni.<\/p>\n<p>La s\u0153ur d&rsquo;Ahmed, Shahmina Alam, nous a dit que son fr\u00e8re avait \u00e9t\u00e9 trait\u00e9 d&rsquo;abominable fa\u00e7on en prison et que sa sant\u00e9 se d\u00e9gradait, mais qu&rsquo;il \u00e9tait malgr\u00e9 cela bien d\u00e9cid\u00e9 lui aussi \u00e0 remporter une victoire.<\/p>\n<p>En raison des effets de la gr\u00e8ve de la faim sur son organisme, il a \u00e9t\u00e9 hospitalis\u00e9 le 25 novembre, mais est ressorti de l&rsquo;h\u00f4pital trois jours plus tard. Il lui est tr\u00e8s difficile de rester \u00e9veill\u00e9 et parfois m\u00eame de respirer, a expliqu\u00e9 Shahmina Alam, et il va tr\u00e8s probablement \u00eatre admis de nouveau \u00e0 l&rsquo;h\u00f4pital d&rsquo;ici peu.<\/p>\n<p>Cela dit, le syst\u00e8me carc\u00e9ral des soins de sant\u00e9 est tout sauf performant.<\/p>\n<p>\u00ab Il a dit que c&rsquo;\u00e9tait l&rsquo;exp\u00e9rience la plus inhumaine et la plus d\u00e9gradante de toute sa vie, a d\u00e9clar\u00e9 Shahmina Alam. \u00ab En fait, il a voulu sortir de l&rsquo;h\u00f4pital parce qu&rsquo;il ne supportait plus d&rsquo;\u00eatre l\u00e0. \u00bb<\/p>\n<p>Elle a racont\u00e9 les conditions anti-hygi\u00e9niques et d\u00e9gradantes \u00e0 l&rsquo;int\u00e9rieur de l&rsquo;h\u00f4pital. Les gardiens l&rsquo;ont m\u00eame oblig\u00e9 \u00e0 retourner pieds nus en prison, a-t-elle dit. Les m\u00e9decins ne voulaient pas lui parler et lui refusaient tout acc\u00e8s \u00e0 son dossier m\u00e9dical.<\/p>\n<p>&nbsp;<\/p>\n<h2><strong>Un coup mont\u00e9 de l&rsquo;establishment<\/strong><\/h2>\n<p>&nbsp;<\/p>\n<p>Palestine Action a <a href=\"https:\/\/electronicintifada.net\/blogs\/asa-winstanley\/will-terrorist-ban-stop-palestine-action\">notoirement \u00e9t\u00e9 interdite<\/a> cet \u00e9t\u00e9 en tant qu&rsquo;organisation \u00ab terroriste \u00bb par un gouvernement britannique \u00e0 la solde du lobby pro-isra\u00e9lien. La cofondatrice de l&rsquo;organisation, l&rsquo;activiste palestino-irakienne Huda Ammori, comparaissait devant la Haute Cour cette semaine afin de contester l&rsquo;interdiction. Le jugement est attendu au d\u00e9but de l&rsquo;ann\u00e9e prochaine.<\/p>\n<p>Mais elle doit affronter des adversaires acharn\u00e9s. Le mois dernier, le juge de cette affaire tr\u00e8s m\u00e9diatis\u00e9e a \u00e9t\u00e9 <a href=\"https:\/\/electronicintifada.net\/content\/judge-palestine-action-case-has-ties-israel-lobby\/51085\">remplac\u00e9 au tout dernier moment par un panel de trois juges<\/a> dirig\u00e9 par Victoria Sharp, une ancienne \u00ab conseill\u00e8re principale \u00bb de Robert Maxwell, le magnat de la presse dont on devait apprendre par la suite qu&rsquo;il \u00e9tait un espion au service d&rsquo;Isra\u00ebl.<\/p>\n<p>Francesca Nadin et Shahmina Alam nous ont dit qu&rsquo;elles percevaient des indications similaires de coup mont\u00e9 par l&rsquo;establishment britannique, dans le traitement des prisonniers politiques tant par le syst\u00e8me judiciaire que par les m\u00e9dias.<\/p>\n<p>Nadin a d\u00e9clar\u00e9 qu&rsquo;il y avait eu \u00ab dans les m\u00e9dias traditionnels un silence quasi complet autour de cette affaire \u00bb, en d\u00e9pit de son importance.<\/p>\n<p>Nadin a expliqu\u00e9 que son organisation avait eu des entretiens avec des journalistes grand public qui avaient voulu \u00e9crire sur les gr\u00e9vistes de la faim des articles qui, plus tard, avaient \u00e9t\u00e9 bloqu\u00e9s par leurs patrons : \u00ab Cela me semble tr\u00e8s suspect (&#8230;) Je peux voir un mod\u00e8le \u00e9merger, ici, d\u00e8s que les choses sont bloqu\u00e9es par les r\u00e9dacteurs en chef ou les avocats. \u00bb<\/p>\n<p>Un peu plus t\u00f4t cette ann\u00e9e, le journaliste <a href=\"https:\/\/x.com\/kennardmatt\/status\/1922320934381207732\">Matt Kennard a r\u00e9v\u00e9l\u00e9<\/a> que le d\u00e9partement de police du \u00ab contre-terrorisme \u00bb avait \u00e9t\u00e9 ajout\u00e9 en novembre 2024 au syst\u00e8me \u00ab D Notice \u00bb (syst\u00e8me de \u00ab Notification consultative de d\u00e9fense \u00bb, permettant de requ\u00e9rir que la presse garde le silence sur une certaine affaire, par exemple \u2013 NdT), c&rsquo;est-\u00e0-dire, effectivement, <a href=\"https:\/\/thegrayzone.com\/2025\/11\/30\/files-expose-britains-secret-d-notice-censorship-regime\/\">un syst\u00e8me de censure militaire des m\u00e9dias du Royaume-Uni<\/a>.<\/p>\n<p>La couverture publique de leur affaire pourrait d\u00e9boucher sur un tr\u00e8s large soutien public aux gr\u00e9vistes de la faim, a d\u00e9clar\u00e9 Nadin.<\/p>\n<p><a href=\"https:\/\/prisonersforpalestine.org\/demands\/\">Leurs revendications<\/a> sont celles-ci :<\/p>\n<p>&nbsp;<\/p>\n<ul>\n<li style=\"list-style-type: none;\">\n<ul>\n<li><strong>Fin de la censure en prison. Les lettres et appels t\u00e9l\u00e9phoniques des prisonniers ont \u00e9t\u00e9 bloqu\u00e9s.<\/strong><\/li>\n<li><strong>Lib\u00e9ration imm\u00e9diate sous caution. La plupart sont d\u00e9tenus depuis plus longtemps que la limite habituelle de six mois.<\/strong><\/li>\n<li><strong>Droit \u00e0 un proc\u00e8s \u00e9quitable. Fin de la diabolisation par le gouvernement et des mensonges.<\/strong><\/li>\n<li><strong>Lev\u00e9e de l&rsquo;interdiction de Palestine Action et abandon du lien de ces cas avec le \u00ab terrorisme \u00bb.<\/strong><\/li>\n<li><strong>Fermeture d&rsquo;Elbit Systems.<\/strong><\/li>\n<\/ul>\n<\/li>\n<\/ul>\n<p>&nbsp;<\/p>\n<h2>Un juge myst\u00e9rieusement \u00e9cart\u00e9<\/h2>\n<p>&nbsp;<\/p>\n<p>Shahmina Alam, elle aussi, a fait \u00e9tat d&rsquo;un coup mont\u00e9 de la part du syst\u00e8me judiciaire britannique.<\/p>\n<p>Son fr\u00e8re a \u00e9t\u00e9 arr\u00eat\u00e9 le 19 novembre 2024 et est donc ainsi d\u00e9tenu depuis pr\u00e8s de 13 mois \u2013 ce qui d\u00e9passe de loin la dur\u00e9e l\u00e9gale maximale de la d\u00e9tention provisoire.<\/p>\n<p>En fait, la juge Bobbie Cheema-Grubb a ordonn\u00e9 devant un tribunal de la Couronne que Kamran Ahmed soit lib\u00e9r\u00e9 sous caution en f\u00e9vrier de cette ann\u00e9e. Mais la lib\u00e9ration sous caution a fait imm\u00e9diatement l&rsquo;objet d&rsquo;un appel par les procureurs du gouvernement et Ahmed n&rsquo;a donc pas \u00e9t\u00e9 lib\u00e9r\u00e9.<\/p>\n<p>Non seulement sa proc\u00e9dure de lib\u00e9ration sous caution a \u00e9t\u00e9 transf\u00e9r\u00e9e \u00e0 la Haute Cour, mais la juge Cheema-Grubb a \u00e9t\u00e9 aussit\u00f4t \u00e9cart\u00e9e et emp\u00each\u00e9e d\u00e9sormais de juger des affaires similaires, fait savoir Alam.<\/p>\n<p>Le proc\u00e8s d&rsquo;Ahmed est actuellement pr\u00e9vu pour juin 2026. \u00c0 cette date, il aura \u00e9t\u00e9 emprisonn\u00e9 sans proc\u00e8s depuis 18 mois. Il devra r\u00e9pondre d&rsquo;accusations de d\u00e9g\u00e2ts criminels, de violents troubles de l&rsquo;ordre et de cambriolage aggrav\u00e9.<\/p>\n<p>Malgr\u00e9 tout cela, Alam a d\u00e9clar\u00e9 que chaque fois qu&rsquo;elle s&rsquo;entretient avec son fr\u00e8re, \u00ab il a l&rsquo;air optimiste. C&rsquo;est comme si c&rsquo;\u00e9tait lui qui essayait de me rendre heureuse (&#8230;) Il est tr\u00e8s d\u00e9cid\u00e9 \u00e0 faire en sorte que ces revendications soient \u00e9cout\u00e9es (&#8230;) C&rsquo;est pr\u00e9cis\u00e9ment un nouvel engagement qu&rsquo;il prend en faveur de la lib\u00e9ration de la Palestine. \u00bb<\/p>\n<p>&nbsp;<\/p>\n<h2>Des le\u00e7ons tir\u00e9es de la Palestine<\/h2>\n<p>&nbsp;<\/p>\n<p>Lors de la marche de solidarit\u00e9 avec la Palestine, dimanche, Shahmina Alam nous a dit qu&rsquo;elle avait \u00e9t\u00e9 approch\u00e9e par des Palestiniens qui avaient fait passer un message \u00e9manant de Palestiniens de Cisjordanie qui avaient \u00e9t\u00e9 mis au courant de la gr\u00e8ve de la faim de Kamran.<\/p>\n<p>\u00ab Ils \u00e9taient tr\u00e8s \u00e9mus et reconnaissants \u00bb, a d\u00e9clar\u00e9 Alam. Ils voulaient que j&rsquo;envoie un message \u00e0 Kamran pour lui dire sp\u00e9cifiquement qu&rsquo;ils \u00e9taient tr\u00e8s reconnaissants pour sa solidarit\u00e9 et pour tout ce qu&rsquo;il faisait. \u00bb<\/p>\n<p>L&rsquo;exp\u00e9rience de ces gr\u00e9vistes de la faim refl\u00e8te un peu ce que les Palestiniens subissent : \u00ab C&rsquo;est comme s&rsquo;ils vivaient l&rsquo;exp\u00e9rience d&rsquo;un Palestinien. \u00bb<\/p>\n<p>Alam a racont\u00e9 que les conditions de son fr\u00e8re ne s&rsquo;\u00e9taient am\u00e9lior\u00e9es que lorsqu&rsquo;elle et d&rsquo;autres en dehors de la prison avaient pris la parole en sa faveur et exerc\u00e9 des pressions sur les autorit\u00e9s de la prison : \u00ab Les gens d&rsquo;ici doivent \u00eatre leurs voix, ils doivent se faire entendre haut et fort et avec fiert\u00e9. \u00bb<\/p>\n<p>Nadin a dit des gr\u00e9vistes de la faim que \u00ab leur sant\u00e9 se d\u00e9grade maintenant de fa\u00e7on tr\u00e8s grave. Malgr\u00e9 cela, le gouvernement refuse toujours de s&rsquo;engager dans un processus de n\u00e9gociations [ou] d&rsquo;examen des revendications. Nous avons adress\u00e9 des lettres au minist\u00e8re de l&rsquo;Int\u00e9rieur (&#8230;) qui est derri\u00e8re toute cette chasse aux sorci\u00e8res contre les gens en prison et contre le mouvement plus large des protestations propalestiniennes dans ce pays. \u00bb<\/p>\n<p>&nbsp;<\/p>\n<p>\u00b0\u00b0\u00b0\u00b0\u00b0<\/p>\n<p>&nbsp;<\/p>\n<p>Apprenez-en davantage sur la campagne sur <a href=\"https:\/\/prisonersforpalestine.org\/\">prisonersforpalestine.org<\/a>.<\/p>\n<p>Visionnez la vid\u00e9o ci-dessus ou \u00e9coutez l&rsquo;\u00e9pisode via SoundCloud, Apple Podcasts ou Spotify.*<\/p>\n<p><iframe loading=\"lazy\" title=\"Hunger striking UK political prisoners learn lessons from Palestine | Shamina Amal &amp; Francesca Nadin by The Electronic Intifada\" width=\"500\" height=\"400\" scrolling=\"no\" frameborder=\"no\" src=\"https:\/\/w.soundcloud.com\/player\/?visual=true&#038;url=https%3A%2F%2Fapi.soundcloud.com%2Ftracks%2F2222918807&#038;show_artwork=true&#038;maxheight=750&#038;maxwidth=500\"><\/iframe><\/p>\n<audio class=\"wp-audio-shortcode\" id=\"audio-87601-1\" preload=\"none\" style=\"width: 100%;\" controls=\"controls\"><source type=\"audio\/mpeg\" src=\"https:\/\/electronicintifada.net\/sites\/default\/files\/2025-12\/interview_with_shahmina_alam_and_francesca_nadin_0.mp3?_=1\" \/><a href=\"https:\/\/electronicintifada.net\/sites\/default\/files\/2025-12\/interview_with_shahmina_alam_and_francesca_nadin_0.mp3\">https:\/\/electronicintifada.net\/sites\/default\/files\/2025-12\/interview_with_shahmina_alam_and_francesca_nadin_0.mp3<\/a><\/audio>\n<p>Production : Tamara Nassar.<\/p>\n<p>\u00b0\u00b0\u00b0\u00b0\u00b0<\/p>\n<p>Traduction : Jean-Marie Fl\u00e9mal,&nbsp;<a href=\"https:\/\/charleroi-pourlapalestine.be\/\">Charleroi pour la Palestine<\/a><\/p>\n<p>\u00b0\u00b0\u00b0\u00b0\u00b0<\/p>\n<p>Lisez \u00e9galement :&nbsp; <a href=\"https:\/\/secoursrouge.org\/royaume-uni-situation-alarmante-pour-les-prisonniers-pro-palestiniens-en-greve-de-la-faim\/?fbclid=IwY2xjawOk2ZdleHRuA2FlbQIxMQBzcnRjBmFwcF9pZBAyMjIwMzkxNzg4MjAwODkyAAEe4-QxhtlUfKEa5lHsE311dsHAVlfsfQl3Y5xFi_aj0kzgSPgYJNMkH-r8g3A_aem_ySRoZV4sxu6eSZq1QM0UNA\" target=\"_blank\" rel=\"noopener\"><strong>Royaume-Uni : Situation alarmante pour les prisonniers pro-palestiniens en gr\u00e8ve de la faim<\/strong><\/a><\/p>\n","protected":false},"excerpt":{"rendered":"<p>La sant\u00e9 des gr\u00e9vistes de la faim se d\u00e9grade de fa\u00e7on tr\u00e8s grave, mais le gouvernement refuse toujours d&rsquo;examiner leurs revendications<\/p>\n","protected":false},"author":1,"featured_media":87644,"comment_status":"closed","ping_status":"closed","sticky":false,"template":"","format":"standard","meta":{"ngg_post_thumbnail":0,"footnotes":""},"categories":[793,175,454,907,938,1070,386,87,906,1074,362],"tags":[],"class_list":["post-87601","post","type-post","status-publish","format-standard","has-post-thumbnail","hentry","category-action-directe","category-agir","category-criminalisation","category-elbit","category-elbit-2","category-filton24","category-greves-de-la-faim","category-liberte-dexpression","category-palestine-action","category-prisonniers-pour-la-palestine","category-repression-lautorite-palestinienne"],"yoast_head":"<!-- This site is optimized with the Yoast SEO plugin v27.3 - https:\/\/yoast.com\/product\/yoast-seo-wordpress\/ -->\n<title>Les gr\u00e9vistes de la faim britanniques tirent des le\u00e7ons des prisons de Palestine<\/title>\n<meta name=\"description\" content=\"La sant\u00e9 des gr\u00e9vistes de la faim se d\u00e9grade de fa\u00e7on tr\u00e8s grave, mais le gouvernement refuse toujours d&#039;examiner leurs revendications\" \/>\n<meta name=\"robots\" content=\"index, follow, max-snippet:-1, max-image-preview:large, max-video-preview:-1\" \/>\n<link rel=\"canonical\" href=\"https:\/\/charleroi-pourlapalestine.be\/index.php\/2025\/12\/08\/les-grevistes-de-la-faim-britanniques-tirent-des-lecons-des-prisons-de-palestine\/\" \/>\n<script type=\"application\/ld+json\" class=\"yoast-schema-graph\">{\"@context\":\"https:\\\/\\\/schema.org\",\"@graph\":[{\"@type\":\"Article\",\"@id\":\"https:\\\/\\\/charleroi-pourlapalestine.be\\\/index.php\\\/2025\\\/12\\\/08\\\/les-grevistes-de-la-faim-britanniques-tirent-des-lecons-des-prisons-de-palestine\\\/#article\",\"isPartOf\":{\"@id\":\"https:\\\/\\\/charleroi-pourlapalestine.be\\\/index.php\\\/2025\\\/12\\\/08\\\/les-grevistes-de-la-faim-britanniques-tirent-des-lecons-des-prisons-de-palestine\\\/\"},\"author\":{\"name\":\"admin1873\",\"@id\":\"https:\\\/\\\/charleroi-pourlapalestine.be\\\/#\\\/schema\\\/person\\\/c19ff515112f1299d8c12671d8fe3faa\"},\"headline\":\"Les gr\u00e9vistes de la faim britanniques tirent des le\u00e7ons des prisons de Palestine\",\"datePublished\":\"2025-12-08T21:08:39+00:00\",\"dateModified\":\"2025-12-09T14:43:44+00:00\",\"mainEntityOfPage\":{\"@id\":\"https:\\\/\\\/charleroi-pourlapalestine.be\\\/index.php\\\/2025\\\/12\\\/08\\\/les-grevistes-de-la-faim-britanniques-tirent-des-lecons-des-prisons-de-palestine\\\/\"},\"wordCount\":1761,\"publisher\":{\"@id\":\"https:\\\/\\\/charleroi-pourlapalestine.be\\\/#organization\"},\"image\":{\"@id\":\"https:\\\/\\\/charleroi-pourlapalestine.be\\\/index.php\\\/2025\\\/12\\\/08\\\/les-grevistes-de-la-faim-britanniques-tirent-des-lecons-des-prisons-de-palestine\\\/#primaryimage\"},\"thumbnailUrl\":\"https:\\\/\\\/charleroi-pourlapalestine.be\\\/wp-content\\\/uploads\\\/2025\\\/12\\\/hunger-striker-collage.webp\",\"articleSection\":[\"Action directe\",\"Agir\",\"criminalisation\",\"elbit\",\"Elbit\",\"Filton24\",\"Gr\u00e8ves de la faim\",\"Libert\u00e9 d'expression\",\"Palestine Action\",\"Prisonniers pour la Palestine\",\"R\u00e9pression\"],\"inLanguage\":\"fr-FR\"},{\"@type\":\"WebPage\",\"@id\":\"https:\\\/\\\/charleroi-pourlapalestine.be\\\/index.php\\\/2025\\\/12\\\/08\\\/les-grevistes-de-la-faim-britanniques-tirent-des-lecons-des-prisons-de-palestine\\\/\",\"url\":\"https:\\\/\\\/charleroi-pourlapalestine.be\\\/index.php\\\/2025\\\/12\\\/08\\\/les-grevistes-de-la-faim-britanniques-tirent-des-lecons-des-prisons-de-palestine\\\/\",\"name\":\"Les gr\u00e9vistes de la faim britanniques tirent des le\u00e7ons des prisons de Palestine\",\"isPartOf\":{\"@id\":\"https:\\\/\\\/charleroi-pourlapalestine.be\\\/#website\"},\"primaryImageOfPage\":{\"@id\":\"https:\\\/\\\/charleroi-pourlapalestine.be\\\/index.php\\\/2025\\\/12\\\/08\\\/les-grevistes-de-la-faim-britanniques-tirent-des-lecons-des-prisons-de-palestine\\\/#primaryimage\"},\"image\":{\"@id\":\"https:\\\/\\\/charleroi-pourlapalestine.be\\\/index.php\\\/2025\\\/12\\\/08\\\/les-grevistes-de-la-faim-britanniques-tirent-des-lecons-des-prisons-de-palestine\\\/#primaryimage\"},\"thumbnailUrl\":\"https:\\\/\\\/charleroi-pourlapalestine.be\\\/wp-content\\\/uploads\\\/2025\\\/12\\\/hunger-striker-collage.webp\",\"datePublished\":\"2025-12-08T21:08:39+00:00\",\"dateModified\":\"2025-12-09T14:43:44+00:00\",\"description\":\"La sant\u00e9 des gr\u00e9vistes de la faim se d\u00e9grade de fa\u00e7on tr\u00e8s grave, mais le gouvernement refuse toujours d'examiner leurs revendications\",\"breadcrumb\":{\"@id\":\"https:\\\/\\\/charleroi-pourlapalestine.be\\\/index.php\\\/2025\\\/12\\\/08\\\/les-grevistes-de-la-faim-britanniques-tirent-des-lecons-des-prisons-de-palestine\\\/#breadcrumb\"},\"inLanguage\":\"fr-FR\",\"potentialAction\":[{\"@type\":\"ReadAction\",\"target\":[\"https:\\\/\\\/charleroi-pourlapalestine.be\\\/index.php\\\/2025\\\/12\\\/08\\\/les-grevistes-de-la-faim-britanniques-tirent-des-lecons-des-prisons-de-palestine\\\/\"]}]},{\"@type\":\"ImageObject\",\"inLanguage\":\"fr-FR\",\"@id\":\"https:\\\/\\\/charleroi-pourlapalestine.be\\\/index.php\\\/2025\\\/12\\\/08\\\/les-grevistes-de-la-faim-britanniques-tirent-des-lecons-des-prisons-de-palestine\\\/#primaryimage\",\"url\":\"https:\\\/\\\/charleroi-pourlapalestine.be\\\/wp-content\\\/uploads\\\/2025\\\/12\\\/hunger-striker-collage.webp\",\"contentUrl\":\"https:\\\/\\\/charleroi-pourlapalestine.be\\\/wp-content\\\/uploads\\\/2025\\\/12\\\/hunger-striker-collage.webp\",\"width\":800,\"height\":533,\"caption\":\"Les prisonniers politiques pour la Palestine actuellement en gr\u00e8ve de la faim : T Hoxha, Kamran Ahmed, Jon Cink, Heba Muraisi, Qesser Zuhrah et Amu Gib (de gauche \u00e0 droite, du haut vers le bas). (Photos : Prisonniers pour la Palestine)\"},{\"@type\":\"BreadcrumbList\",\"@id\":\"https:\\\/\\\/charleroi-pourlapalestine.be\\\/index.php\\\/2025\\\/12\\\/08\\\/les-grevistes-de-la-faim-britanniques-tirent-des-lecons-des-prisons-de-palestine\\\/#breadcrumb\",\"itemListElement\":[{\"@type\":\"ListItem\",\"position\":1,\"name\":\"Accueil\",\"item\":\"https:\\\/\\\/charleroi-pourlapalestine.be\\\/\"},{\"@type\":\"ListItem\",\"position\":2,\"name\":\"Les gr\u00e9vistes de la faim britanniques tirent des le\u00e7ons des prisons de Palestine\"}]},{\"@type\":\"WebSite\",\"@id\":\"https:\\\/\\\/charleroi-pourlapalestine.be\\\/#website\",\"url\":\"https:\\\/\\\/charleroi-pourlapalestine.be\\\/\",\"name\":\"Charleroi Pour la Palestine\",\"description\":\"\",\"publisher\":{\"@id\":\"https:\\\/\\\/charleroi-pourlapalestine.be\\\/#organization\"},\"potentialAction\":[{\"@type\":\"SearchAction\",\"target\":{\"@type\":\"EntryPoint\",\"urlTemplate\":\"https:\\\/\\\/charleroi-pourlapalestine.be\\\/?s={search_term_string}\"},\"query-input\":{\"@type\":\"PropertyValueSpecification\",\"valueRequired\":true,\"valueName\":\"search_term_string\"}}],\"inLanguage\":\"fr-FR\"},{\"@type\":\"Organization\",\"@id\":\"https:\\\/\\\/charleroi-pourlapalestine.be\\\/#organization\",\"name\":\"Plate-forme Charleroi-Palestine\",\"url\":\"https:\\\/\\\/charleroi-pourlapalestine.be\\\/\",\"logo\":{\"@type\":\"ImageObject\",\"inLanguage\":\"fr-FR\",\"@id\":\"https:\\\/\\\/charleroi-pourlapalestine.be\\\/#\\\/schema\\\/logo\\\/image\\\/\",\"url\":\"https:\\\/\\\/charleroi-pourlapalestine.be\\\/wp-content\\\/uploads\\\/2020\\\/01\\\/logo-Copy.jpg\",\"contentUrl\":\"https:\\\/\\\/charleroi-pourlapalestine.be\\\/wp-content\\\/uploads\\\/2020\\\/01\\\/logo-Copy.jpg\",\"width\":180,\"height\":180,\"caption\":\"Plate-forme Charleroi-Palestine\"},\"image\":{\"@id\":\"https:\\\/\\\/charleroi-pourlapalestine.be\\\/#\\\/schema\\\/logo\\\/image\\\/\"},\"sameAs\":[\"https:\\\/\\\/www.facebook.com\\\/PlateformeCharleroiPalestine\\\/\",\"https:\\\/\\\/x.com\\\/LaCharleroi\"]},{\"@type\":\"Person\",\"@id\":\"https:\\\/\\\/charleroi-pourlapalestine.be\\\/#\\\/schema\\\/person\\\/c19ff515112f1299d8c12671d8fe3faa\",\"name\":\"admin1873\",\"url\":\"https:\\\/\\\/charleroi-pourlapalestine.be\\\/index.php\\\/author\\\/admin1873\\\/\"}]}<\/script>\n<!-- \/ Yoast SEO plugin. -->","yoast_head_json":{"title":"Les gr\u00e9vistes de la faim britanniques tirent des le\u00e7ons des prisons de Palestine","description":"La sant\u00e9 des gr\u00e9vistes de la faim se d\u00e9grade de fa\u00e7on tr\u00e8s grave, mais le gouvernement refuse toujours d'examiner leurs revendications","robots":{"index":"index","follow":"follow","max-snippet":"max-snippet:-1","max-image-preview":"max-image-preview:large","max-video-preview":"max-video-preview:-1"},"canonical":"https:\/\/charleroi-pourlapalestine.be\/index.php\/2025\/12\/08\/les-grevistes-de-la-faim-britanniques-tirent-des-lecons-des-prisons-de-palestine\/","schema":{"@context":"https:\/\/schema.org","@graph":[{"@type":"Article","@id":"https:\/\/charleroi-pourlapalestine.be\/index.php\/2025\/12\/08\/les-grevistes-de-la-faim-britanniques-tirent-des-lecons-des-prisons-de-palestine\/#article","isPartOf":{"@id":"https:\/\/charleroi-pourlapalestine.be\/index.php\/2025\/12\/08\/les-grevistes-de-la-faim-britanniques-tirent-des-lecons-des-prisons-de-palestine\/"},"author":{"name":"admin1873","@id":"https:\/\/charleroi-pourlapalestine.be\/#\/schema\/person\/c19ff515112f1299d8c12671d8fe3faa"},"headline":"Les gr\u00e9vistes de la faim britanniques tirent des le\u00e7ons des prisons de Palestine","datePublished":"2025-12-08T21:08:39+00:00","dateModified":"2025-12-09T14:43:44+00:00","mainEntityOfPage":{"@id":"https:\/\/charleroi-pourlapalestine.be\/index.php\/2025\/12\/08\/les-grevistes-de-la-faim-britanniques-tirent-des-lecons-des-prisons-de-palestine\/"},"wordCount":1761,"publisher":{"@id":"https:\/\/charleroi-pourlapalestine.be\/#organization"},"image":{"@id":"https:\/\/charleroi-pourlapalestine.be\/index.php\/2025\/12\/08\/les-grevistes-de-la-faim-britanniques-tirent-des-lecons-des-prisons-de-palestine\/#primaryimage"},"thumbnailUrl":"https:\/\/charleroi-pourlapalestine.be\/wp-content\/uploads\/2025\/12\/hunger-striker-collage.webp","articleSection":["Action directe","Agir","criminalisation","elbit","Elbit","Filton24","Gr\u00e8ves de la faim","Libert\u00e9 d'expression","Palestine Action","Prisonniers pour la Palestine","R\u00e9pression"],"inLanguage":"fr-FR"},{"@type":"WebPage","@id":"https:\/\/charleroi-pourlapalestine.be\/index.php\/2025\/12\/08\/les-grevistes-de-la-faim-britanniques-tirent-des-lecons-des-prisons-de-palestine\/","url":"https:\/\/charleroi-pourlapalestine.be\/index.php\/2025\/12\/08\/les-grevistes-de-la-faim-britanniques-tirent-des-lecons-des-prisons-de-palestine\/","name":"Les gr\u00e9vistes de la faim britanniques tirent des le\u00e7ons des prisons de Palestine","isPartOf":{"@id":"https:\/\/charleroi-pourlapalestine.be\/#website"},"primaryImageOfPage":{"@id":"https:\/\/charleroi-pourlapalestine.be\/index.php\/2025\/12\/08\/les-grevistes-de-la-faim-britanniques-tirent-des-lecons-des-prisons-de-palestine\/#primaryimage"},"image":{"@id":"https:\/\/charleroi-pourlapalestine.be\/index.php\/2025\/12\/08\/les-grevistes-de-la-faim-britanniques-tirent-des-lecons-des-prisons-de-palestine\/#primaryimage"},"thumbnailUrl":"https:\/\/charleroi-pourlapalestine.be\/wp-content\/uploads\/2025\/12\/hunger-striker-collage.webp","datePublished":"2025-12-08T21:08:39+00:00","dateModified":"2025-12-09T14:43:44+00:00","description":"La sant\u00e9 des gr\u00e9vistes de la faim se d\u00e9grade de fa\u00e7on tr\u00e8s grave, mais le gouvernement refuse toujours d'examiner leurs revendications","breadcrumb":{"@id":"https:\/\/charleroi-pourlapalestine.be\/index.php\/2025\/12\/08\/les-grevistes-de-la-faim-britanniques-tirent-des-lecons-des-prisons-de-palestine\/#breadcrumb"},"inLanguage":"fr-FR","potentialAction":[{"@type":"ReadAction","target":["https:\/\/charleroi-pourlapalestine.be\/index.php\/2025\/12\/08\/les-grevistes-de-la-faim-britanniques-tirent-des-lecons-des-prisons-de-palestine\/"]}]},{"@type":"ImageObject","inLanguage":"fr-FR","@id":"https:\/\/charleroi-pourlapalestine.be\/index.php\/2025\/12\/08\/les-grevistes-de-la-faim-britanniques-tirent-des-lecons-des-prisons-de-palestine\/#primaryimage","url":"https:\/\/charleroi-pourlapalestine.be\/wp-content\/uploads\/2025\/12\/hunger-striker-collage.webp","contentUrl":"https:\/\/charleroi-pourlapalestine.be\/wp-content\/uploads\/2025\/12\/hunger-striker-collage.webp","width":800,"height":533,"caption":"Les prisonniers politiques pour la Palestine actuellement en gr\u00e8ve de la faim : T Hoxha, Kamran Ahmed, Jon Cink, Heba Muraisi, Qesser Zuhrah et Amu Gib (de gauche \u00e0 droite, du haut vers le bas). (Photos : Prisonniers pour la Palestine)"},{"@type":"BreadcrumbList","@id":"https:\/\/charleroi-pourlapalestine.be\/index.php\/2025\/12\/08\/les-grevistes-de-la-faim-britanniques-tirent-des-lecons-des-prisons-de-palestine\/#breadcrumb","itemListElement":[{"@type":"ListItem","position":1,"name":"Accueil","item":"https:\/\/charleroi-pourlapalestine.be\/"},{"@type":"ListItem","position":2,"name":"Les gr\u00e9vistes de la faim britanniques tirent des le\u00e7ons des prisons de Palestine"}]},{"@type":"WebSite","@id":"https:\/\/charleroi-pourlapalestine.be\/#website","url":"https:\/\/charleroi-pourlapalestine.be\/","name":"Charleroi Pour la Palestine","description":"","publisher":{"@id":"https:\/\/charleroi-pourlapalestine.be\/#organization"},"potentialAction":[{"@type":"SearchAction","target":{"@type":"EntryPoint","urlTemplate":"https:\/\/charleroi-pourlapalestine.be\/?s={search_term_string}"},"query-input":{"@type":"PropertyValueSpecification","valueRequired":true,"valueName":"search_term_string"}}],"inLanguage":"fr-FR"},{"@type":"Organization","@id":"https:\/\/charleroi-pourlapalestine.be\/#organization","name":"Plate-forme Charleroi-Palestine","url":"https:\/\/charleroi-pourlapalestine.be\/","logo":{"@type":"ImageObject","inLanguage":"fr-FR","@id":"https:\/\/charleroi-pourlapalestine.be\/#\/schema\/logo\/image\/","url":"https:\/\/charleroi-pourlapalestine.be\/wp-content\/uploads\/2020\/01\/logo-Copy.jpg","contentUrl":"https:\/\/charleroi-pourlapalestine.be\/wp-content\/uploads\/2020\/01\/logo-Copy.jpg","width":180,"height":180,"caption":"Plate-forme Charleroi-Palestine"},"image":{"@id":"https:\/\/charleroi-pourlapalestine.be\/#\/schema\/logo\/image\/"},"sameAs":["https:\/\/www.facebook.com\/PlateformeCharleroiPalestine\/","https:\/\/x.com\/LaCharleroi"]},{"@type":"Person","@id":"https:\/\/charleroi-pourlapalestine.be\/#\/schema\/person\/c19ff515112f1299d8c12671d8fe3faa","name":"admin1873","url":"https:\/\/charleroi-pourlapalestine.be\/index.php\/author\/admin1873\/"}]}},"_links":{"self":[{"href":"https:\/\/charleroi-pourlapalestine.be\/index.php\/wp-json\/wp\/v2\/posts\/87601","targetHints":{"allow":["GET"]}}],"collection":[{"href":"https:\/\/charleroi-pourlapalestine.be\/index.php\/wp-json\/wp\/v2\/posts"}],"about":[{"href":"https:\/\/charleroi-pourlapalestine.be\/index.php\/wp-json\/wp\/v2\/types\/post"}],"author":[{"embeddable":true,"href":"https:\/\/charleroi-pourlapalestine.be\/index.php\/wp-json\/wp\/v2\/users\/1"}],"replies":[{"embeddable":true,"href":"https:\/\/charleroi-pourlapalestine.be\/index.php\/wp-json\/wp\/v2\/comments?post=87601"}],"version-history":[{"count":0,"href":"https:\/\/charleroi-pourlapalestine.be\/index.php\/wp-json\/wp\/v2\/posts\/87601\/revisions"}],"wp:featuredmedia":[{"embeddable":true,"href":"https:\/\/charleroi-pourlapalestine.be\/index.php\/wp-json\/wp\/v2\/media\/87644"}],"wp:attachment":[{"href":"https:\/\/charleroi-pourlapalestine.be\/index.php\/wp-json\/wp\/v2\/media?parent=87601"}],"wp:term":[{"taxonomy":"category","embeddable":true,"href":"https:\/\/charleroi-pourlapalestine.be\/index.php\/wp-json\/wp\/v2\/categories?post=87601"},{"taxonomy":"post_tag","embeddable":true,"href":"https:\/\/charleroi-pourlapalestine.be\/index.php\/wp-json\/wp\/v2\/tags?post=87601"}],"curies":[{"name":"wp","href":"https:\/\/api.w.org\/{rel}","templated":true}]}}