{"id":87603,"date":"2025-12-07T17:19:34","date_gmt":"2025-12-07T16:19:34","guid":{"rendered":"https:\/\/charleroi-pourlapalestine.be\/?p=87603"},"modified":"2025-12-07T18:59:44","modified_gmt":"2025-12-07T17:59:44","slug":"deux-freres-nous-parlent-de-leur-detention","status":"publish","type":"post","link":"https:\/\/charleroi-pourlapalestine.be\/index.php\/2025\/12\/07\/deux-freres-nous-parlent-de-leur-detention\/","title":{"rendered":"Deux fr\u00e8res, des jeunes Palestiniens de Gaza, nous parlent de leur d\u00e9tention"},"content":{"rendered":"<p>&nbsp;<\/p>\n<div id=\"attachment_87613\" style=\"width: 710px\" class=\"wp-caption aligncenter\"><img loading=\"lazy\" decoding=\"async\" aria-describedby=\"caption-attachment-87613\" class=\"wp-image-87613 size-large\" src=\"https:\/\/charleroi-pourlapalestine.be\/wp-content\/uploads\/2025\/12\/Deux-freres-700x398.png\" alt=\"Deux fr\u00e8res nous parlent de leur d\u00e9tention. Photo : 13 octobre 2025. Premi\u00e8re rang\u00e9e, troisi\u00e8me et quatri\u00e8me \u00e0 partir de la droite : Hady et Mumin Thaher \u2013 derri\u00e8re eux, leur p\u00e8re Adham \u2013 en compagnie de leur cousin Muhammad Thaher. Hady, Mumin et Muhammad portent encore l'uniforme gris de la prison. Ils viennent d'\u00eatre lib\u00e9r\u00e9s de leur d\u00e9tention en Isra\u00ebl. \" width=\"700\" height=\"398\" srcset=\"https:\/\/charleroi-pourlapalestine.be\/wp-content\/uploads\/2025\/12\/Deux-freres-700x398.png 700w, https:\/\/charleroi-pourlapalestine.be\/wp-content\/uploads\/2025\/12\/Deux-freres-350x199.png 350w, https:\/\/charleroi-pourlapalestine.be\/wp-content\/uploads\/2025\/12\/Deux-freres-768x437.png 768w, https:\/\/charleroi-pourlapalestine.be\/wp-content\/uploads\/2025\/12\/Deux-freres.png 1025w\" sizes=\"auto, (max-width: 700px) 100vw, 700px\" \/><p id=\"caption-attachment-87613\" class=\"wp-caption-text\"><strong>13 octobre 2025. Premi\u00e8re rang\u00e9e, troisi\u00e8me et quatri\u00e8me \u00e0 partir de la droite : Hady et Mumin Thaher \u2013 derri\u00e8re eux, leur p\u00e8re Adham \u2013 en compagnie de leur cousin Muhammad Thaher. Hady, Mumin et Muhammad portent encore l&rsquo;uniforme gris de la prison. Ils viennent d&rsquo;\u00eatre lib\u00e9r\u00e9s de leur d\u00e9tention en Isra\u00ebl. <\/strong>(Photo : Asala Thaher)<\/p><\/div>\n<p>&nbsp;<\/p>\n<p><strong>Asala Thaher<\/strong>, 4 d\u00e9cembre 2025<\/p>\n<p>&nbsp;<\/p>\n<p>Le 19 octobre 2024, ma famille et moi \u00e9tions tous terr\u00e9s ensemble dans le plus grand silence. L&rsquo;arm\u00e9e isra\u00e9lienne, toute proche, assi\u00e9geait l&rsquo;h\u00f4pital indon\u00e9sien.<\/p>\n<p>Pendant trois semaines, nous avons \u00e9t\u00e9 bloqu\u00e9s \u00e0 l&rsquo;int\u00e9rieur de notre maison, au camp de r\u00e9fugi\u00e9s de Jabaliya, jusqu&rsquo;au moment o\u00f9, le 10 novembre, l&rsquo;arm\u00e9e a ordonn\u00e9 d&rsquo;\u00e9vacuer \u00e0 toutes les personnes rest\u00e9es dans le quartier.<\/p>\n<p>Ma famille et moi avons d\u00e9cid\u00e9 de nous rendre dans l&rsquo;ouest de la ville de Gaza, et nous avons donc emball\u00e9 quelques v\u00eatements et des provisions, dont de la farine, entre autres.<\/p>\n<p>Le lendemain, le 11 novembre, vers 15 heures, ma famille et moi nous sommes mises en route : ma grand-m\u00e8re, ma m\u00e8re, ma petite s\u0153ur et moi marchions pendant que mon p\u00e8re Adham et mes trois fr\u00e8res, Hady, Mumin et Muhammad, poussaient tour \u00e0 tour notre grand-p\u00e8re dans sa chaise roulante.<\/p>\n<p>Au bout de cinq kilom\u00e8tres environ, nous sommes arriv\u00e9s rue Salah al-Din ; \u00e0 l&rsquo;est de Jabaliya, o\u00f9 il y avait un check-point isra\u00e9lien.<\/p>\n<p>C&rsquo;\u00e9tait une obligation \u2013 par ordonnance militaire \u2013 de passer par ce check-point.<\/p>\n<p>Il y avait des soldats isra\u00e9liens, certains sur des chars, qui ordonnaient aux femmes et filles de traverser, mais tr\u00e8s vite et sans regarder en arri\u00e8re.<\/p>\n<p>Les hommes \u00e9taient s\u00e9par\u00e9s et interrog\u00e9s ensuite.<\/p>\n<p>Ma m\u00e8re et moi poussions mon grand-p\u00e8re. Ma grand-m\u00e8re et ma petite s\u0153ur de sept ans, Ghazal, suivaient.<\/p>\n<p>Au bout de pr\u00e8s de trois heures d&rsquo;attente, mon p\u00e8re et mon fr\u00e8re de 17 ans sont finalement r\u00e9apparus.<\/p>\n<p>Mais sans Hady et Mumin.<\/p>\n<p>Nous \u00e9tions de plus en plus inquiets. Nous attendions, mais ils ne venaient toujours pas.<\/p>\n<p>&nbsp;<\/p>\n<h3>Des mois \u00e9prouvants<\/h3>\n<p>Toutefois, alors que la nuit approchait, il nous a fallu nous remettre en route pour trouver un endroit o\u00f9 s\u00e9journer.<\/p>\n<p>Nous avons pass\u00e9 les douze heures suivantes \u00e0 chercher un abri dans l&rsquo;ouest de la ville de Gaza avant que la famille ne s&rsquo;installe finalement \u00e0 proximit\u00e9 de l&rsquo;h\u00f4pital Al-Shifa.<\/p>\n<p>Ensuite, une nouvelle \u00e9preuve \u00e9puisante a commenc\u00e9 : essayer de savoir ce qu&rsquo;il \u00e9tait advenu de mes deux fr\u00e8res.<\/p>\n<p>Des proches et des amis qui avaient franchi les check-points un peu plus t\u00f4t nous ont dit que l&rsquo;arm\u00e9e isra\u00e9lienne arr\u00eatait tous les jeunes hommes.<\/p>\n<p>Nous avons appel\u00e9 chaque organisation humanitaire que nous connaissions et qui s&rsquo;occupait des prisonniers palestiniens \u2013 l<strong>a Commission des affaires des d\u00e9tenus, l&rsquo;organisation des droits humains Addameer, l&rsquo;ONG des droits humains HaMoked et le Comit\u00e9 international de la Croix-Rouge<\/strong> \u2013 en esp\u00e9rant d&rsquo;obtenir des informations sur mes fr\u00e8res.<\/p>\n<p>Nous n&rsquo;avons rien re\u00e7u.<\/p>\n<p>Un mois plus tard, le 11 d\u00e9cembre, le CICR a appel\u00e9 mon p\u00e8re pour lui dire que ses deux fils \u00e9taient emprisonn\u00e9s dans le tristement c\u00e9l\u00e8bre camp militaire de <strong>Sde Teiman.<\/strong><\/p>\n<p>Aucune autre information suppl\u00e9mentaire n&rsquo;a \u00e9t\u00e9 r\u00e9v\u00e9l\u00e9e.<\/p>\n<p>Mon p\u00e8re a d\u00e9pos\u00e9 le t\u00e9l\u00e9phone pour nous faire part des nouvelles les yeux remplis de larmes.<\/p>\n<p>Ma m\u00e8re s&rsquo;est effondr\u00e9e.<\/p>\n<p>J&rsquo;ai fondu en larmes.<\/p>\n<p>Mes fr\u00e8res me sont incroyablement proches.<\/p>\n<p><strong>Mumin, 23 ans<\/strong>, avait \u00e9tudi\u00e9 la programmation \u00e0 l&rsquo;Universit\u00e9 islamique de Gaza.<\/p>\n<p>J&rsquo;\u00e9tais sa confidente. Il me racontait tout \u2013 les d\u00e9fis qu&rsquo;il affrontait, les mauvaises notes occasionnelles, ses \u00e9motions, ses espoirs ou ses succ\u00e8s de carri\u00e8re.<\/p>\n<p>M\u00eame apr\u00e8s le d\u00e9but du g\u00e9nocide, il avait continu\u00e9 d&rsquo;\u00e9tudier jusqu&rsquo;au moment de sa capture.<\/p>\n<p><strong>Hady, 25 ans<\/strong>, avait \u00e9tudi\u00e9 l&rsquo;\u00e9ducation physique et il avait demand\u00e9 une bourse en vue de poursuivre un master. Il travaillait comme coach en athl\u00e9tisme et il me rapportait toujours des choses que j&rsquo;aimais bien. Si je voyais une pi\u00e8ce de tissu en ligne, il l&rsquo;achetait en secret pour moi. Quand j&rsquo;avais envie de chocolat ou de quelque chose \u00e0 grignoter, il n&rsquo;h\u00e9sitait pas \u00e0 sortir pour aller me les chercher.<\/p>\n<p>Le lien entre nous trois \u00e9tait particulier.<\/p>\n<p>Nous nous disputions parfois, comme le font tous les fr\u00e8res et s\u0153urs, mais nous finissions toujours par nous remettre d&rsquo;accord.<\/p>\n<p>La nouvelle de leur emprisonnement m&rsquo;avait an\u00e9antie.<\/p>\n<p>&nbsp;<\/p>\n<div id=\"attachment_87614\" style=\"width: 475px\" class=\"wp-caption aligncenter\"><img loading=\"lazy\" decoding=\"async\" aria-describedby=\"caption-attachment-87614\" class=\"wp-image-87614 size-full\" src=\"https:\/\/charleroi-pourlapalestine.be\/wp-content\/uploads\/2025\/12\/Deux-freres-racontent-leur-detention.png\" alt=\"Deux fr\u00e8res racontent leur d\u00e9tention. Photo : Mumin Thaher, \u00e0 gauche, and Hady Thaher, \u00e0 droite. \" width=\"465\" height=\"467\" srcset=\"https:\/\/charleroi-pourlapalestine.be\/wp-content\/uploads\/2025\/12\/Deux-freres-racontent-leur-detention.png 465w, https:\/\/charleroi-pourlapalestine.be\/wp-content\/uploads\/2025\/12\/Deux-freres-racontent-leur-detention-249x250.png 249w, https:\/\/charleroi-pourlapalestine.be\/wp-content\/uploads\/2025\/12\/Deux-freres-racontent-leur-detention-80x80.png 80w, https:\/\/charleroi-pourlapalestine.be\/wp-content\/uploads\/2025\/12\/Deux-freres-racontent-leur-detention-320x320.png 320w\" sizes=\"auto, (max-width: 465px) 100vw, 465px\" \/><p id=\"caption-attachment-87614\" class=\"wp-caption-text\"><strong>Mumin Thaher, \u00e0 gauche, and Hady Thaher, \u00e0 droite. (Photo : Asala Thaher)<\/strong><\/p><\/div>\n<p>&nbsp;<\/p>\n<h3>Dans les t\u00e9n\u00e8bres<\/h3>\n<p>Nous \u00e9tions an\u00e9antis. Nous ne savions pas pourquoi ils avaient \u00e9t\u00e9 emmen\u00e9s ni combien de temps ils seraient d\u00e9tenus.<\/p>\n<p>Nos espoirs ont encore fondu un peu plus quand ils n&rsquo;ont pas \u00e9t\u00e9 rel\u00e2ch\u00e9s lors de l&rsquo;accord d&rsquo;\u00e9change du fragile cessez-le-feu de janvier, cette ann\u00e9e.<\/p>\n<p>Des mois plus tard, apr\u00e8s l&rsquo;\u00e9chec du cessez-le-feu de janvier, un voisin de Jabaliya \u2013 Shaaban, qui, avait-on appris, avait \u00e9t\u00e9 d\u00e9tenu avec mes fr\u00e8res \u00e0 la prison d&rsquo;Ofer \u2013 a rencontr\u00e9 mon p\u00e8re par hasard.<\/p>\n<p>Il l&rsquo;a rassur\u00e9 en lui disant que mes fr\u00e8res \u00e9taient en bonne sant\u00e9 et qu&rsquo;ils avaient vraiment le moral.<\/p>\n<p>D\u00e9but septembre, quand Isra\u00ebl a ordonn\u00e9 que tout le nord de Gaza \u00e9vacue vers le sud, nous nous sommes relog\u00e9s \u00e0 Nuseirat.<\/p>\n<p>Notre d\u00e9sarroi \u00e0 propos de mes fr\u00e8res s&rsquo;est prolong\u00e9 jusqu&rsquo;en octobre, lorsqu&rsquo;on a appris la nouvelle d&rsquo;un prochain cessez-le-feu avec un accord d&rsquo;\u00e9change de prisonniers.<\/p>\n<p>Comme tous les prisonniers palestiniens n&rsquo;allaient pas \u00eatre rel\u00e2ch\u00e9s, ma famille et moi \u00e9tions partag\u00e9s \u2013 pleins d&rsquo;espoir, mais anxieux et craignant que mes fr\u00e8res ne soient pas lib\u00e9r\u00e9s, comme cela s&rsquo;\u00e9tait pass\u00e9 en janvier.<\/p>\n<p>Le 13 octobre, une liste de prisonniers palestiniens devant \u00eatre rel\u00e2ch\u00e9s lors de l&rsquo;accord d&rsquo;\u00e9change a \u00e9t\u00e9 publi\u00e9e en d\u00e9but de matin\u00e9e.<\/p>\n<p>Nous avons parcouru la liste jusqu&rsquo;au moment o\u00f9 nous avons lu les noms de mes fr\u00e8res.<\/p>\n<p>Il n&rsquo;y a pas de mots pour d\u00e9crire nos sentiments et le bonheur que nous avons \u00e9prouv\u00e9 ma famille et moi.<\/p>\n<p>&nbsp;<\/p>\n<h3>Des histoires de prison<\/h3>\n<p>Il \u00e9tait aux alentours de 5 heures du matin quand mon p\u00e8re s&rsquo;est rendu au Complexe m\u00e9dical Nasser \u00e0 Khan Younis, o\u00f9 les prisonniers devaient arriver apr\u00e8s avoir \u00e9t\u00e9 lib\u00e9r\u00e9s.<\/p>\n<p>Ma m\u00e8re a dit qu&rsquo;elle voulait compenser chaque moment p\u00e9nible que mes fr\u00e8res avaient endur\u00e9 en prison et elle est donc all\u00e9e au march\u00e9 de Nuseirat pour leur acheter des v\u00eatements et de la nourriture pendant que mon p\u00e8re attendait \u00e0 l&rsquo;h\u00f4pital.<\/p>\n<p>Apr\u00e8s onze heures d&rsquo;attente, vers 16 heures, Hady et Mumin sont finalement arriv\u00e9s.<\/p>\n<p>J&rsquo;envie mon p\u00e8re d&rsquo;avoir \u00e9t\u00e9 la premi\u00e8re personne \u00e0 les embrasser.<\/p>\n<p>Il a fallu attendre six heures de plus avant que mes fr\u00e8res n&rsquo;arrivent \u00e0 Nuseirat, o\u00f9 nous avions \u00e9t\u00e9 d\u00e9plac\u00e9s.<\/p>\n<p>Mes grands-parents, mes oncles et tantes, les amis de mes fr\u00e8res et nos voisins en d\u00e9placement nous accompagnaient tous ma famille et moi pour attendre leur arriv\u00e9e.<\/p>\n<p>J&rsquo;ai fondu en larmes et les ai embrass\u00e9s tr\u00e8s fort. Ma m\u00e8re a fait de m\u00eame.<\/p>\n<p>Nous avons pass\u00e9 toute la nuit \u00e0 bavarder.<\/p>\n<p>Mes fr\u00e8res nous ont dit qu&rsquo;apr\u00e8s qu&rsquo;ils avaient \u00e9t\u00e9 arr\u00eat\u00e9s au check-point de Jabaliya, on les avait d&rsquo;abord transf\u00e9r\u00e9s au camp militaire de <strong>Sde Teiman, dans le d\u00e9sert du N\u00e9guev.<\/strong><\/p>\n<p>Pendant les six mois pass\u00e9s \u00e0 Sde Teiman, ils n&rsquo;avaient pas pu dormir correctement. Ce n&rsquo;est qu&rsquo;apr\u00e8s avoir \u00e9t\u00e9 transf\u00e9r\u00e9s \u00e0 la prison d&rsquo;<strong>Ofer<\/strong>, en avril 2025, qu&rsquo;ils avaient pu avoir un peu de repos.<\/p>\n<p>Les conditions \u00e0 Ofer \u00e9taient sensiblement meilleures, mais la prison \u00e9tait n\u00e9anmoins insalubre. Tous deux avaient attrap\u00e9 la gale et, tout au long de leur d\u00e9tention \u00e0 Ofer, ils avaient \u00e9t\u00e9 forc\u00e9s apr\u00e8s chaque douche d&rsquo;enfiler les m\u00eames v\u00eatements qu&rsquo;ils portaient.<\/p>\n<p>En ao\u00fbt 2025, ils avaient \u00e9t\u00e9 transf\u00e9r\u00e9s \u00e0 la prison d&rsquo;<strong>Al-Naqab,<\/strong> o\u00f9 ils allaient rester jusqu&rsquo;\u00e0 leur lib\u00e9ration.<\/p>\n<p>\u00c0 Al-Naqab, ont expliqu\u00e9 mes fr\u00e8res, la nourriture \u00e9tait l\u00e9g\u00e8rement meilleure, les conditions hygi\u00e9niques \u2013 douches et rasage \u2013 \u00e9taient normales et les tabassages \u2013 quoique toujours fr\u00e9quents \u2013 n&rsquo;\u00e9taient pas permanents.<\/p>\n<p>En comparaison avec Ofer et Sde Teiman, ils d\u00e9crivaient Al-Naqab comme un<em> \u00ab paradis \u00bb<\/em>. Je m&rsquo;imaginais mal que quelqu&rsquo;un puisse appeler une prison un paradis.<\/p>\n<p>En m\u00eame temps qu&rsquo;une faiblesse g\u00e9n\u00e9ralis\u00e9e, que la gale et l&rsquo;an\u00e9mie, Mumin et Hady avaient contract\u00e9 plusieurs autres maladies, au cours de leur emprisonnement.<\/p>\n<p>Mumin avait attrap\u00e9 de l&rsquo;ecz\u00e9ma ainsi qu&rsquo;une infection fongique (mycose). Ces conditions auraient pu \u00eatre trait\u00e9es avec des m\u00e9dicaments, mais les gardiens de prison retardaient tr\u00e8s r\u00e9guli\u00e8rement l&rsquo;acc\u00e8s aux m\u00e9dicaments, quand ils ne le refusaient pas tout simplement.<\/p>\n<p>Mumin dit que les soldats prenaient du plaisir \u00e0 voir les prisonniers souffrir.<\/p>\n<p>Hady souffre toujours de douleurs articulaires et d&rsquo;un probl\u00e8me persistant \u00e0 l\u2019\u0153il gauche, caus\u00e9 par les coups violents qu&rsquo;il a re\u00e7us.<\/p>\n<p>&nbsp;<\/p>\n<h3>Des mesures punitives<\/h3>\n<p>Auparavant, Hady avait \u00e9galement le teint h\u00e2l\u00e9 mais, apr\u00e8s sa lib\u00e9ration, sa peau \u00e9tait devenue p\u00e2le.<\/p>\n<p>Les m\u00e9decins du Complexe m\u00e9dical Nasser ont expliqu\u00e9 que c&rsquo;\u00e9tait d\u00fb \u00e0 la nourriture pauvre et au manque de soleil.<\/p>\n<p>Les repas en prison \u00e9taient chiches : une tranche de pain avec de la marmelade, du thon en bo\u00eete, une tranche de tomate, un \u0153uf cuit dur et un morceau de fromage. Mes fr\u00e8res ont dit qu&rsquo;ils ne recevaient jamais de viande et des l\u00e9gumes tr\u00e8s rarement seulement.<\/p>\n<p>Les prisonniers qui essayaient de mettre des restes de nourriture de c\u00f4t\u00e9 \u00e9taient punis, ont dit mes fr\u00e8res.<\/p>\n<p>Les punitions pouvaient inclure des tabassages s\u00e9v\u00e8res. Certains d\u00e9tenus \u00e9taient br\u00fbl\u00e9s \u00e0 l&rsquo;eau bouillante ou avec des outils m\u00e9talliques chauff\u00e9s, mais mes fr\u00e8res ont dit qu&rsquo;ils n&rsquo;ont pas v\u00e9cu cela eux-m\u00eames.<\/p>\n<p>Parfois, les prisonniers \u00e9taient forc\u00e9s de se tenir debout toute la journ\u00e9e les mains en l&rsquo;air ou de rester menott\u00e9s, les yeux band\u00e9s, pendant de longues heures, voire pendant des journ\u00e9es enti\u00e8res.<\/p>\n<p>Ils \u00e9taient punis, ont dit mes fr\u00e8res, pour n&rsquo;importe quoi : lever la t\u00eate, regarder les soldats, changer de position ou m\u00eame rire \u00e0 l&rsquo;int\u00e9rieur de leur cellule.<\/p>\n<p>Tous les quelques jours, les soldats for\u00e7aient les prisonniers \u00e0 sortir de leur cellule pour une <em>\u00ab session de r\u00e9pression \u00bb<\/em>, au cours de laquelle les prisonniers \u00e9taient impitoyablement tabass\u00e9s.<\/p>\n<p>Un jour, Hady avait \u00e9t\u00e9 si s\u00e9v\u00e8rement battu qu&rsquo;il n&rsquo;avait plus pu remuer le c\u00f4t\u00e9 gauche de la t\u00eate pendant deux mois, et il lui en \u00e9tait rest\u00e9 ce probl\u00e8me persistant \u00e0 l\u2019\u0153il gauche.<\/p>\n<p>Les prisonniers \u00e9taient \u00e9galement soumis fr\u00e9quemment \u00e0 l&rsquo;isolement, ont dit mes fr\u00e8res. Le silence total de l&rsquo;isolement \u00e9tait alors suivi d&rsquo;un s\u00e9jour dans des locaux o\u00f9 une musique assourdissante sortait \u00e0 plein volume de haut-parleurs \u2013 <a href=\"https:\/\/www.dci-palestine.org\/_the_prison_is_inside_me_three_released_palestinian_boys_abducted_tortured_by_israeli_forces_while_seeking_aid#:~:text=Faris%20was%20then%20transported%20to,and%20having%20my%20hair%20pulled.%E2%80%9D\" target=\"_blank\" rel=\"noopener\">une m\u00e9thode de torture<\/a> qu&rsquo;on d\u00e9signait du nom de <em>\u00ab chambre disco \u00bb.<\/em><\/p>\n<p>Les soldats disaient m\u00eame aux prisonniers qu&rsquo;ils avaient tu\u00e9 tous les membres de leur famille. C&rsquo;est pourquoi la premi\u00e8re chose que mes fr\u00e8res ont voulu savoir apr\u00e8s leur lib\u00e9ration, c&rsquo;\u00e9tait <em>\u00ab si nous allions tous bien \u00bb.<\/em><\/p>\n<p>&nbsp;<\/p>\n<h3>Pas de r\u00e9confort<\/h3>\n<p>Depuis octobre 2023, <a href=\"https:\/\/www.theguardian.com\/world\/2025\/nov\/17\/at-least-98-palestinians-have-died-in-custody-since-october-2023-israeli-data-shows\" target=\"_blank\" rel=\"noopener\">au moins 98 prisonniers palestiniens sont morts en prison en Isra\u00ebl.<\/a> Environ<a href=\"https:\/\/addameer.ps\/news\/5631\" target=\"_blank\" rel=\"noopener\"> 3 368 restent en d\u00e9tention administrative<\/a>, sans accusation ni proc\u00e8s, sans compter tous les d\u00e9tenus de Gaza, explique l&rsquo;organisation de d\u00e9fense des droits des prisonniers Addameer.<\/p>\n<p>Mes fr\u00e8res n&rsquo;\u00e9taient pas r\u00e9pertori\u00e9s comme prisonniers.<\/p>\n<p>Tous les six mois, ils ont \u00e9t\u00e9 confront\u00e9s \u00e0 une parodie de proc\u00e8s, au cours de laquelle un juge les qualifiait de<em> \u00ab combattants ill\u00e9gaux \u00bb<\/em>, une classification pour les Palestiniens d\u00e9tenus conform\u00e9ment \u00e0 la<a href=\"https:\/\/opiniojuris.org\/2025\/04\/08\/gaza-amendments-to-israels-unlawful-combatants-law-are-inconsistent-with-international-law\/\" target=\"_blank\" rel=\"noopener\"> Loi sur l&rsquo;incarc\u00e9ration des combattants ill\u00e9gaux.<\/a><\/p>\n<p>Cette loi permet \u00e0 Isra\u00ebl de tenir emprisonn\u00e9s des d\u00e9tenus palestiniens ind\u00e9finiment, sans accusation ni proc\u00e8s et, en novembre 2025, ils sont toujours 1 205 \u00e0 \u00eatre emprisonn\u00e9s sous ce r\u00e9gime.<\/p>\n<p>Le cauchemar de mes fr\u00e8res a beau \u00eatre termin\u00e9, leurs s\u00e9quelles psychologiques restent.<\/p>\n<p>Mais ils nous demandent toujours de prier pour les milliers de prisonniers qui souffrent encore en d\u00e9tention en Isra\u00ebl.<\/p>\n<p style=\"text-align: center;\">*****<\/p>\n<p><strong>Asala Thaher<\/strong> est autrice et \u00e9tudiante en traduction de l&rsquo;anglais. Elle vit \u00e0 Gaza.<\/p>\n<p style=\"text-align: center;\">*****<\/p>\n<p>Publi\u00e9 le 4 d\u00e9cembre 2025 sur <a href=\"https:\/\/electronicintifada.net\/content\/two-brothers-tell-tales-detention\/51093\" target=\"_blank\" rel=\"noopener\">The Electronic Intifada<\/a><br \/>\nTraduction : Jean-Marie Fl\u00e9mal, <a href=\"https:\/\/charleroi-pourlapalestine.be\/\">Charleroi pour la Palestine<\/a><\/p>\n","protected":false},"excerpt":{"rendered":"<p>Le cauchemar de deux jeunes Palestiniens de Gaza d\u00e9tenus dans les ge\u00f4les isra\u00e9liennes et le calvaire de leur famille<\/p>\n","protected":false},"author":1,"featured_media":87614,"comment_status":"closed","ping_status":"closed","sticky":false,"template":"","format":"standard","meta":{"ngg_post_thumbnail":0,"footnotes":""},"categories":[1042,123,6,344,13,494],"tags":[],"class_list":["post-87603","post","type-post","status-publish","format-standard","has-post-thumbnail","hentry","category-combattants-illegaux","category-familles-de-prisonniers","category-gaza","category-genocide","category-les-prisionners-palestiniens","category-torture"],"yoast_head":"<!-- This site is optimized with the Yoast SEO plugin v27.3 - https:\/\/yoast.com\/product\/yoast-seo-wordpress\/ -->\n<title>Deux fr\u00e8res, des jeunes Palestiniens de Gaza, nous parlent de leur d\u00e9tention<\/title>\n<meta name=\"description\" content=\"La d\u00e9tention de mes fr\u00e8res a beau \u00eatre termin\u00e9, leurs s\u00e9quelles psychologiques restent.\" \/>\n<meta name=\"robots\" content=\"index, follow, max-snippet:-1, max-image-preview:large, max-video-preview:-1\" \/>\n<link rel=\"canonical\" href=\"https:\/\/charleroi-pourlapalestine.be\/index.php\/2025\/12\/07\/deux-freres-nous-parlent-de-leur-detention\/\" \/>\n<script type=\"application\/ld+json\" class=\"yoast-schema-graph\">{\"@context\":\"https:\\\/\\\/schema.org\",\"@graph\":[{\"@type\":\"Article\",\"@id\":\"https:\\\/\\\/charleroi-pourlapalestine.be\\\/index.php\\\/2025\\\/12\\\/07\\\/deux-freres-nous-parlent-de-leur-detention\\\/#article\",\"isPartOf\":{\"@id\":\"https:\\\/\\\/charleroi-pourlapalestine.be\\\/index.php\\\/2025\\\/12\\\/07\\\/deux-freres-nous-parlent-de-leur-detention\\\/\"},\"author\":{\"name\":\"admin1873\",\"@id\":\"https:\\\/\\\/charleroi-pourlapalestine.be\\\/#\\\/schema\\\/person\\\/c19ff515112f1299d8c12671d8fe3faa\"},\"headline\":\"Deux fr\u00e8res, des jeunes Palestiniens de Gaza, nous parlent de leur d\u00e9tention\",\"datePublished\":\"2025-12-07T16:19:34+00:00\",\"dateModified\":\"2025-12-07T17:59:44+00:00\",\"mainEntityOfPage\":{\"@id\":\"https:\\\/\\\/charleroi-pourlapalestine.be\\\/index.php\\\/2025\\\/12\\\/07\\\/deux-freres-nous-parlent-de-leur-detention\\\/\"},\"wordCount\":2254,\"publisher\":{\"@id\":\"https:\\\/\\\/charleroi-pourlapalestine.be\\\/#organization\"},\"image\":{\"@id\":\"https:\\\/\\\/charleroi-pourlapalestine.be\\\/index.php\\\/2025\\\/12\\\/07\\\/deux-freres-nous-parlent-de-leur-detention\\\/#primaryimage\"},\"thumbnailUrl\":\"https:\\\/\\\/charleroi-pourlapalestine.be\\\/wp-content\\\/uploads\\\/2025\\\/12\\\/Deux-freres-racontent-leur-detention.png\",\"articleSection\":[\"\\\"Combattants ill\u00e9gaux\\\"\",\"Familles de prisonniers\",\"Gaza\",\"G\u00e9nocide\",\"Prisonniers\",\"Torture\"],\"inLanguage\":\"fr-FR\"},{\"@type\":\"WebPage\",\"@id\":\"https:\\\/\\\/charleroi-pourlapalestine.be\\\/index.php\\\/2025\\\/12\\\/07\\\/deux-freres-nous-parlent-de-leur-detention\\\/\",\"url\":\"https:\\\/\\\/charleroi-pourlapalestine.be\\\/index.php\\\/2025\\\/12\\\/07\\\/deux-freres-nous-parlent-de-leur-detention\\\/\",\"name\":\"Deux fr\u00e8res, des jeunes Palestiniens de Gaza, nous parlent de leur d\u00e9tention\",\"isPartOf\":{\"@id\":\"https:\\\/\\\/charleroi-pourlapalestine.be\\\/#website\"},\"primaryImageOfPage\":{\"@id\":\"https:\\\/\\\/charleroi-pourlapalestine.be\\\/index.php\\\/2025\\\/12\\\/07\\\/deux-freres-nous-parlent-de-leur-detention\\\/#primaryimage\"},\"image\":{\"@id\":\"https:\\\/\\\/charleroi-pourlapalestine.be\\\/index.php\\\/2025\\\/12\\\/07\\\/deux-freres-nous-parlent-de-leur-detention\\\/#primaryimage\"},\"thumbnailUrl\":\"https:\\\/\\\/charleroi-pourlapalestine.be\\\/wp-content\\\/uploads\\\/2025\\\/12\\\/Deux-freres-racontent-leur-detention.png\",\"datePublished\":\"2025-12-07T16:19:34+00:00\",\"dateModified\":\"2025-12-07T17:59:44+00:00\",\"description\":\"La d\u00e9tention de mes fr\u00e8res a beau \u00eatre termin\u00e9, leurs s\u00e9quelles psychologiques restent.\",\"breadcrumb\":{\"@id\":\"https:\\\/\\\/charleroi-pourlapalestine.be\\\/index.php\\\/2025\\\/12\\\/07\\\/deux-freres-nous-parlent-de-leur-detention\\\/#breadcrumb\"},\"inLanguage\":\"fr-FR\",\"potentialAction\":[{\"@type\":\"ReadAction\",\"target\":[\"https:\\\/\\\/charleroi-pourlapalestine.be\\\/index.php\\\/2025\\\/12\\\/07\\\/deux-freres-nous-parlent-de-leur-detention\\\/\"]}]},{\"@type\":\"ImageObject\",\"inLanguage\":\"fr-FR\",\"@id\":\"https:\\\/\\\/charleroi-pourlapalestine.be\\\/index.php\\\/2025\\\/12\\\/07\\\/deux-freres-nous-parlent-de-leur-detention\\\/#primaryimage\",\"url\":\"https:\\\/\\\/charleroi-pourlapalestine.be\\\/wp-content\\\/uploads\\\/2025\\\/12\\\/Deux-freres-racontent-leur-detention.png\",\"contentUrl\":\"https:\\\/\\\/charleroi-pourlapalestine.be\\\/wp-content\\\/uploads\\\/2025\\\/12\\\/Deux-freres-racontent-leur-detention.png\",\"width\":465,\"height\":467},{\"@type\":\"BreadcrumbList\",\"@id\":\"https:\\\/\\\/charleroi-pourlapalestine.be\\\/index.php\\\/2025\\\/12\\\/07\\\/deux-freres-nous-parlent-de-leur-detention\\\/#breadcrumb\",\"itemListElement\":[{\"@type\":\"ListItem\",\"position\":1,\"name\":\"Accueil\",\"item\":\"https:\\\/\\\/charleroi-pourlapalestine.be\\\/\"},{\"@type\":\"ListItem\",\"position\":2,\"name\":\"Deux fr\u00e8res, des jeunes Palestiniens de Gaza, nous parlent de leur d\u00e9tention\"}]},{\"@type\":\"WebSite\",\"@id\":\"https:\\\/\\\/charleroi-pourlapalestine.be\\\/#website\",\"url\":\"https:\\\/\\\/charleroi-pourlapalestine.be\\\/\",\"name\":\"Charleroi Pour la Palestine\",\"description\":\"\",\"publisher\":{\"@id\":\"https:\\\/\\\/charleroi-pourlapalestine.be\\\/#organization\"},\"potentialAction\":[{\"@type\":\"SearchAction\",\"target\":{\"@type\":\"EntryPoint\",\"urlTemplate\":\"https:\\\/\\\/charleroi-pourlapalestine.be\\\/?s={search_term_string}\"},\"query-input\":{\"@type\":\"PropertyValueSpecification\",\"valueRequired\":true,\"valueName\":\"search_term_string\"}}],\"inLanguage\":\"fr-FR\"},{\"@type\":\"Organization\",\"@id\":\"https:\\\/\\\/charleroi-pourlapalestine.be\\\/#organization\",\"name\":\"Plate-forme Charleroi-Palestine\",\"url\":\"https:\\\/\\\/charleroi-pourlapalestine.be\\\/\",\"logo\":{\"@type\":\"ImageObject\",\"inLanguage\":\"fr-FR\",\"@id\":\"https:\\\/\\\/charleroi-pourlapalestine.be\\\/#\\\/schema\\\/logo\\\/image\\\/\",\"url\":\"https:\\\/\\\/charleroi-pourlapalestine.be\\\/wp-content\\\/uploads\\\/2020\\\/01\\\/logo-Copy.jpg\",\"contentUrl\":\"https:\\\/\\\/charleroi-pourlapalestine.be\\\/wp-content\\\/uploads\\\/2020\\\/01\\\/logo-Copy.jpg\",\"width\":180,\"height\":180,\"caption\":\"Plate-forme Charleroi-Palestine\"},\"image\":{\"@id\":\"https:\\\/\\\/charleroi-pourlapalestine.be\\\/#\\\/schema\\\/logo\\\/image\\\/\"},\"sameAs\":[\"https:\\\/\\\/www.facebook.com\\\/PlateformeCharleroiPalestine\\\/\",\"https:\\\/\\\/x.com\\\/LaCharleroi\"]},{\"@type\":\"Person\",\"@id\":\"https:\\\/\\\/charleroi-pourlapalestine.be\\\/#\\\/schema\\\/person\\\/c19ff515112f1299d8c12671d8fe3faa\",\"name\":\"admin1873\",\"url\":\"https:\\\/\\\/charleroi-pourlapalestine.be\\\/index.php\\\/author\\\/admin1873\\\/\"}]}<\/script>\n<!-- \/ Yoast SEO plugin. -->","yoast_head_json":{"title":"Deux fr\u00e8res, des jeunes Palestiniens de Gaza, nous parlent de leur d\u00e9tention","description":"La d\u00e9tention de mes fr\u00e8res a beau \u00eatre termin\u00e9, leurs s\u00e9quelles psychologiques restent.","robots":{"index":"index","follow":"follow","max-snippet":"max-snippet:-1","max-image-preview":"max-image-preview:large","max-video-preview":"max-video-preview:-1"},"canonical":"https:\/\/charleroi-pourlapalestine.be\/index.php\/2025\/12\/07\/deux-freres-nous-parlent-de-leur-detention\/","schema":{"@context":"https:\/\/schema.org","@graph":[{"@type":"Article","@id":"https:\/\/charleroi-pourlapalestine.be\/index.php\/2025\/12\/07\/deux-freres-nous-parlent-de-leur-detention\/#article","isPartOf":{"@id":"https:\/\/charleroi-pourlapalestine.be\/index.php\/2025\/12\/07\/deux-freres-nous-parlent-de-leur-detention\/"},"author":{"name":"admin1873","@id":"https:\/\/charleroi-pourlapalestine.be\/#\/schema\/person\/c19ff515112f1299d8c12671d8fe3faa"},"headline":"Deux fr\u00e8res, des jeunes Palestiniens de Gaza, nous parlent de leur d\u00e9tention","datePublished":"2025-12-07T16:19:34+00:00","dateModified":"2025-12-07T17:59:44+00:00","mainEntityOfPage":{"@id":"https:\/\/charleroi-pourlapalestine.be\/index.php\/2025\/12\/07\/deux-freres-nous-parlent-de-leur-detention\/"},"wordCount":2254,"publisher":{"@id":"https:\/\/charleroi-pourlapalestine.be\/#organization"},"image":{"@id":"https:\/\/charleroi-pourlapalestine.be\/index.php\/2025\/12\/07\/deux-freres-nous-parlent-de-leur-detention\/#primaryimage"},"thumbnailUrl":"https:\/\/charleroi-pourlapalestine.be\/wp-content\/uploads\/2025\/12\/Deux-freres-racontent-leur-detention.png","articleSection":["\"Combattants ill\u00e9gaux\"","Familles de prisonniers","Gaza","G\u00e9nocide","Prisonniers","Torture"],"inLanguage":"fr-FR"},{"@type":"WebPage","@id":"https:\/\/charleroi-pourlapalestine.be\/index.php\/2025\/12\/07\/deux-freres-nous-parlent-de-leur-detention\/","url":"https:\/\/charleroi-pourlapalestine.be\/index.php\/2025\/12\/07\/deux-freres-nous-parlent-de-leur-detention\/","name":"Deux fr\u00e8res, des jeunes Palestiniens de Gaza, nous parlent de leur d\u00e9tention","isPartOf":{"@id":"https:\/\/charleroi-pourlapalestine.be\/#website"},"primaryImageOfPage":{"@id":"https:\/\/charleroi-pourlapalestine.be\/index.php\/2025\/12\/07\/deux-freres-nous-parlent-de-leur-detention\/#primaryimage"},"image":{"@id":"https:\/\/charleroi-pourlapalestine.be\/index.php\/2025\/12\/07\/deux-freres-nous-parlent-de-leur-detention\/#primaryimage"},"thumbnailUrl":"https:\/\/charleroi-pourlapalestine.be\/wp-content\/uploads\/2025\/12\/Deux-freres-racontent-leur-detention.png","datePublished":"2025-12-07T16:19:34+00:00","dateModified":"2025-12-07T17:59:44+00:00","description":"La d\u00e9tention de mes fr\u00e8res a beau \u00eatre termin\u00e9, leurs s\u00e9quelles psychologiques restent.","breadcrumb":{"@id":"https:\/\/charleroi-pourlapalestine.be\/index.php\/2025\/12\/07\/deux-freres-nous-parlent-de-leur-detention\/#breadcrumb"},"inLanguage":"fr-FR","potentialAction":[{"@type":"ReadAction","target":["https:\/\/charleroi-pourlapalestine.be\/index.php\/2025\/12\/07\/deux-freres-nous-parlent-de-leur-detention\/"]}]},{"@type":"ImageObject","inLanguage":"fr-FR","@id":"https:\/\/charleroi-pourlapalestine.be\/index.php\/2025\/12\/07\/deux-freres-nous-parlent-de-leur-detention\/#primaryimage","url":"https:\/\/charleroi-pourlapalestine.be\/wp-content\/uploads\/2025\/12\/Deux-freres-racontent-leur-detention.png","contentUrl":"https:\/\/charleroi-pourlapalestine.be\/wp-content\/uploads\/2025\/12\/Deux-freres-racontent-leur-detention.png","width":465,"height":467},{"@type":"BreadcrumbList","@id":"https:\/\/charleroi-pourlapalestine.be\/index.php\/2025\/12\/07\/deux-freres-nous-parlent-de-leur-detention\/#breadcrumb","itemListElement":[{"@type":"ListItem","position":1,"name":"Accueil","item":"https:\/\/charleroi-pourlapalestine.be\/"},{"@type":"ListItem","position":2,"name":"Deux fr\u00e8res, des jeunes Palestiniens de Gaza, nous parlent de leur d\u00e9tention"}]},{"@type":"WebSite","@id":"https:\/\/charleroi-pourlapalestine.be\/#website","url":"https:\/\/charleroi-pourlapalestine.be\/","name":"Charleroi Pour la Palestine","description":"","publisher":{"@id":"https:\/\/charleroi-pourlapalestine.be\/#organization"},"potentialAction":[{"@type":"SearchAction","target":{"@type":"EntryPoint","urlTemplate":"https:\/\/charleroi-pourlapalestine.be\/?s={search_term_string}"},"query-input":{"@type":"PropertyValueSpecification","valueRequired":true,"valueName":"search_term_string"}}],"inLanguage":"fr-FR"},{"@type":"Organization","@id":"https:\/\/charleroi-pourlapalestine.be\/#organization","name":"Plate-forme Charleroi-Palestine","url":"https:\/\/charleroi-pourlapalestine.be\/","logo":{"@type":"ImageObject","inLanguage":"fr-FR","@id":"https:\/\/charleroi-pourlapalestine.be\/#\/schema\/logo\/image\/","url":"https:\/\/charleroi-pourlapalestine.be\/wp-content\/uploads\/2020\/01\/logo-Copy.jpg","contentUrl":"https:\/\/charleroi-pourlapalestine.be\/wp-content\/uploads\/2020\/01\/logo-Copy.jpg","width":180,"height":180,"caption":"Plate-forme Charleroi-Palestine"},"image":{"@id":"https:\/\/charleroi-pourlapalestine.be\/#\/schema\/logo\/image\/"},"sameAs":["https:\/\/www.facebook.com\/PlateformeCharleroiPalestine\/","https:\/\/x.com\/LaCharleroi"]},{"@type":"Person","@id":"https:\/\/charleroi-pourlapalestine.be\/#\/schema\/person\/c19ff515112f1299d8c12671d8fe3faa","name":"admin1873","url":"https:\/\/charleroi-pourlapalestine.be\/index.php\/author\/admin1873\/"}]}},"_links":{"self":[{"href":"https:\/\/charleroi-pourlapalestine.be\/index.php\/wp-json\/wp\/v2\/posts\/87603","targetHints":{"allow":["GET"]}}],"collection":[{"href":"https:\/\/charleroi-pourlapalestine.be\/index.php\/wp-json\/wp\/v2\/posts"}],"about":[{"href":"https:\/\/charleroi-pourlapalestine.be\/index.php\/wp-json\/wp\/v2\/types\/post"}],"author":[{"embeddable":true,"href":"https:\/\/charleroi-pourlapalestine.be\/index.php\/wp-json\/wp\/v2\/users\/1"}],"replies":[{"embeddable":true,"href":"https:\/\/charleroi-pourlapalestine.be\/index.php\/wp-json\/wp\/v2\/comments?post=87603"}],"version-history":[{"count":0,"href":"https:\/\/charleroi-pourlapalestine.be\/index.php\/wp-json\/wp\/v2\/posts\/87603\/revisions"}],"wp:featuredmedia":[{"embeddable":true,"href":"https:\/\/charleroi-pourlapalestine.be\/index.php\/wp-json\/wp\/v2\/media\/87614"}],"wp:attachment":[{"href":"https:\/\/charleroi-pourlapalestine.be\/index.php\/wp-json\/wp\/v2\/media?parent=87603"}],"wp:term":[{"taxonomy":"category","embeddable":true,"href":"https:\/\/charleroi-pourlapalestine.be\/index.php\/wp-json\/wp\/v2\/categories?post=87603"},{"taxonomy":"post_tag","embeddable":true,"href":"https:\/\/charleroi-pourlapalestine.be\/index.php\/wp-json\/wp\/v2\/tags?post=87603"}],"curies":[{"name":"wp","href":"https:\/\/api.w.org\/{rel}","templated":true}]}}