{"id":8761,"date":"2016-02-19T16:53:00","date_gmt":"2016-02-19T15:53:00","guid":{"rendered":"https:\/\/charleroi-pourlapalestine.be\/?p=8761"},"modified":"2020-03-09T17:14:49","modified_gmt":"2020-03-09T16:14:49","slug":"susan-abulhawa-le-bleu-entre-le-ciel-et-la-mer","status":"publish","type":"post","link":"https:\/\/charleroi-pourlapalestine.be\/index.php\/2016\/02\/19\/susan-abulhawa-le-bleu-entre-le-ciel-et-la-mer\/","title":{"rendered":"Susan Abulhawa : <em>\u00ab\u00a0Le bleu entre le ciel et la mer\u00a0\u00bb<\/em>"},"content":{"rendered":"<div class=\"entry-content mh-clearfix\">\n<div class=\"pf-content\">\n<p><img loading=\"lazy\" decoding=\"async\" class=\"size-full wp-image-9276 alignleft\" src=\"https:\/\/www.pourlapalestine.be\/wp-content\/uploads\/2016\/02\/product_9782207131015_195x320.jpg\" alt=\"product_9782207131015_195x320\" width=\"195\" height=\"291\"><strong>Un nouveau livre de Susan Abulhawa, paru aux \u00e9ditions <a href=\"http:\/\/www.denoel.fr\/Catalogue\/DENOEL\/Hors-collection\/Litterature\/Le-Bleu-entre-le-ciel-et-la-mer\" target=\"_blank\" rel=\"noopener noreferrer\">Deno\u00ebl<\/a> le 25 janvier 2016.<\/strong><\/p>\n<p>1947. La famille <strong>Baraka<\/strong> vit \u00e0 <strong>Beit Daras,<\/strong> village paisible de <strong>Palestine<\/strong> entour\u00e9 d\u2019oliveraies.<\/p>\n<p><strong>Nazmiyeh<\/strong>, la fille a\u00een\u00e9e, s\u2019occupe de leur m\u00e8re, une veuve sujette \u00e0 d\u2019\u00e9tranges crises de d\u00e9mence, tandis que son fr\u00e8re <strong>Mamdouh<\/strong> s\u2019occupe des abeilles du village.<\/p>\n<p><strong>Mariam<\/strong>, leur jeune s\u0153ur aux magnifiques yeux vairons, passe ses journ\u00e9es \u00e0 \u00e9crire en compagnie de son ami imaginaire.<\/p>\n<p>Lorsque les troupes isra\u00e9liennes se regroupent aux abords du village, <strong>Beit Daras<\/strong> est mis \u00e0 feu et \u00e0 sang, et la famille doit prendre la route, au milieu de la fum\u00e9e et des cendres, pour rejoindre <strong>Gaza<\/strong> et tenter de se reconstruire dans l\u2019exil.<\/p>\n<p>Seize ans plus tard, <strong>Nur,<\/strong> la petite-fille de <strong>Mamdouh,<\/strong> s\u2019est install\u00e9e aux <strong>\u00c9tats-Unis<\/strong>.<\/p>\n<p>Tomb\u00e9e amoureuse d\u2019un m\u00e9decin qui travaille en<strong> Palestine<\/strong>, elle d\u00e9cide de l\u2019y suivre.<\/p>\n<p>Un voyage au cours duquel elle d\u00e9couvrira que les liens du sang r\u00e9sistent \u00e0 toutes les s\u00e9parations m\u00eame la mort.<\/p>\n<p><em><strong>Le Bleu entre le ciel et la mer<\/strong> <\/em>est une histoire de femmes, de d\u00e9racinement, de s\u00e9paration et d\u2019amour.<\/p>\n<p>Avec ce conte d\u2019une beaut\u00e9 bouleversante, empreint d\u2019humanit\u00e9 \u00e0 l\u2019\u00e9tat pur, <strong>Susan Abulhawa<\/strong> montre l\u2019histoire de la Palestine sous un nouveau jour.<\/p>\n<p><em><strong>The Blue Between Sky and Water<\/strong><\/em>. Traduction de l\u2019anglais&nbsp; par <strong>Nordine Haddad<\/strong><\/p>\n<div id=\"attachment_3080\" class=\"wp-caption alignleft\">\n<div id=\"attachment_3080\" style=\"width: 160px\" class=\"wp-caption alignleft\"><a class=\"fancybox image\" href=\"https:\/\/www.pourlapalestine.be\/wp-content\/uploads\/2015\/10\/susan-abulhawa.jpg\"><img loading=\"lazy\" decoding=\"async\" aria-describedby=\"caption-attachment-3080\" class=\"wp-image-3080 size-thumbnail\" src=\"https:\/\/www.pourlapalestine.be\/wp-content\/uploads\/2015\/10\/susan-abulhawa-150x150.jpg\" alt=\"\" width=\"150\" height=\"150\"><\/a><p id=\"caption-attachment-3080\" class=\"wp-caption-text\">Susan Abulhawa<\/p><\/div>\n<p>&nbsp;<\/p>\n<p class=\"wp-caption-text\">&nbsp;<\/p>\n<\/div>\n<p><strong> Susan Abulhawa<\/strong> est une femme de lettres palestinienne et activiste palestinienne, auteur du roman et best-seller international,<a href=\"http:\/\/www.babelio.com\/livres\/Abulhawa-Les-matins-de-Jenine\/84716\"> Les matins de J\u00e9nine<\/a> (Buchet\/Chastel 2008).<\/p>\n<p>En 2012, elle publia un recueil de po\u00e9sie : <a href=\"http:\/\/www.palestinechronicle.com\/susan-abulhawas-my-voice-sought-the-wind-poetry-review\/\">\u00ab&nbsp;My voice sought the wind&nbsp;\u00bb.<\/a><\/p>\n<div class=\"yj6qo ajU\">\n<div id=\":6k\" class=\"ajR\" tabindex=\"0\" data-tooltip=\"Afficher le contenu abr\u00e9g\u00e9\">Son dernier roman s\u2019intitule <a href=\"https:\/\/www.amazon.com\/The-Blue-Between-Sky-Water\/dp\/1632862212\" target=\"_blank\" rel=\"noopener noreferrer\">The Blue Between Sky and Water<\/a> (Le bleu entre le ciel et l\u2019eau \u2013 Bloomsbury, 2015), et ses droits ont \u00e9t\u00e9 c\u00e9d\u00e9s pour \u00eatre traduits dans 21 langues.<\/div>\n<\/div>\n<div class=\"ajR\" tabindex=\"0\" data-tooltip=\"Afficher le contenu abr\u00e9g\u00e9\">Elle est aussi fondatrice de <a href=\"http:\/\/www.playgroundsforpalestine.org\/homepage.php\">Playgrounds for Palestine<\/a> (Terrains de jeu pour la Palestine), une <strong>ONG <\/strong>au profit des enfants.<\/div>\n<p><a href=\"https:\/\/charleroi-pourlapalestine.be\/index.php\/tag\/susan-abulhawa\/\" target=\"_blank\" rel=\"noopener noreferrer\">Trouvez ici tous les articles concernant Susan Abulhawa, publi\u00e9s sur ce site<\/a><\/p>\n<\/div>\n<\/div>\n","protected":false},"excerpt":{"rendered":"<p>Avec ce conte d\u2019une beaut\u00e9 bouleversante, empreint d\u2019humanit\u00e9 \u00e0 l\u2019\u00e9tat pur, Susan Abulhawa montre l\u2019histoire de la Palestine sous un nouveau jour.<\/p>\n","protected":false},"author":1,"featured_media":0,"comment_status":"closed","ping_status":"closed","sticky":false,"template":"","format":"standard","meta":{"ngg_post_thumbnail":0,"footnotes":""},"categories":[178,27,187],"tags":[242],"class_list":["post-8761","post","type-post","status-publish","format-standard","hentry","category-culture-2","category-la-litterature","category-susan-abulhawa","tag-susan-abulhawa"],"yoast_head":"<!-- This site is optimized with the Yoast SEO plugin v27.3 - https:\/\/yoast.com\/product\/yoast-seo-wordpress\/ -->\n<title>Susan Abulhawa : &quot;Le bleu entre le ciel et la mer&quot;<\/title>\n<meta name=\"description\" content=\"Avec ce conte d\u2019une beaut\u00e9 bouleversante, empreint d\u2019humanit\u00e9 \u00e0 l\u2019\u00e9tat pur, Susan Abulhawa montre l\u2019histoire de la Palestine sous un nouveau jour.\" \/>\n<meta name=\"robots\" content=\"index, follow, max-snippet:-1, max-image-preview:large, max-video-preview:-1\" \/>\n<link rel=\"canonical\" href=\"https:\/\/charleroi-pourlapalestine.be\/index.php\/2016\/02\/19\/susan-abulhawa-le-bleu-entre-le-ciel-et-la-mer\/\" \/>\n<script type=\"application\/ld+json\" class=\"yoast-schema-graph\">{\"@context\":\"https:\\\/\\\/schema.org\",\"@graph\":[{\"@type\":\"Article\",\"@id\":\"https:\\\/\\\/charleroi-pourlapalestine.be\\\/index.php\\\/2016\\\/02\\\/19\\\/susan-abulhawa-le-bleu-entre-le-ciel-et-la-mer\\\/#article\",\"isPartOf\":{\"@id\":\"https:\\\/\\\/charleroi-pourlapalestine.be\\\/index.php\\\/2016\\\/02\\\/19\\\/susan-abulhawa-le-bleu-entre-le-ciel-et-la-mer\\\/\"},\"author\":{\"name\":\"admin1873\",\"@id\":\"https:\\\/\\\/charleroi-pourlapalestine.be\\\/#\\\/schema\\\/person\\\/c19ff515112f1299d8c12671d8fe3faa\"},\"headline\":\"Susan Abulhawa : \u00ab\u00a0Le bleu entre le ciel et la mer\u00a0\u00bb\",\"datePublished\":\"2016-02-19T15:53:00+00:00\",\"dateModified\":\"2020-03-09T16:14:49+00:00\",\"mainEntityOfPage\":{\"@id\":\"https:\\\/\\\/charleroi-pourlapalestine.be\\\/index.php\\\/2016\\\/02\\\/19\\\/susan-abulhawa-le-bleu-entre-le-ciel-et-la-mer\\\/\"},\"wordCount\":367,\"publisher\":{\"@id\":\"https:\\\/\\\/charleroi-pourlapalestine.be\\\/#organization\"},\"image\":{\"@id\":\"https:\\\/\\\/charleroi-pourlapalestine.be\\\/index.php\\\/2016\\\/02\\\/19\\\/susan-abulhawa-le-bleu-entre-le-ciel-et-la-mer\\\/#primaryimage\"},\"thumbnailUrl\":\"https:\\\/\\\/www.pourlapalestine.be\\\/wp-content\\\/uploads\\\/2016\\\/02\\\/product_9782207131015_195x320.jpg\",\"keywords\":[\"Susan Abulhawa\"],\"articleSection\":[\"Culture\",\"Litt\u00e9rature\",\"Susan Abulhawa\"],\"inLanguage\":\"fr-FR\"},{\"@type\":\"WebPage\",\"@id\":\"https:\\\/\\\/charleroi-pourlapalestine.be\\\/index.php\\\/2016\\\/02\\\/19\\\/susan-abulhawa-le-bleu-entre-le-ciel-et-la-mer\\\/\",\"url\":\"https:\\\/\\\/charleroi-pourlapalestine.be\\\/index.php\\\/2016\\\/02\\\/19\\\/susan-abulhawa-le-bleu-entre-le-ciel-et-la-mer\\\/\",\"name\":\"Susan Abulhawa : \\\"Le bleu entre le ciel et la mer\\\"\",\"isPartOf\":{\"@id\":\"https:\\\/\\\/charleroi-pourlapalestine.be\\\/#website\"},\"primaryImageOfPage\":{\"@id\":\"https:\\\/\\\/charleroi-pourlapalestine.be\\\/index.php\\\/2016\\\/02\\\/19\\\/susan-abulhawa-le-bleu-entre-le-ciel-et-la-mer\\\/#primaryimage\"},\"image\":{\"@id\":\"https:\\\/\\\/charleroi-pourlapalestine.be\\\/index.php\\\/2016\\\/02\\\/19\\\/susan-abulhawa-le-bleu-entre-le-ciel-et-la-mer\\\/#primaryimage\"},\"thumbnailUrl\":\"https:\\\/\\\/www.pourlapalestine.be\\\/wp-content\\\/uploads\\\/2016\\\/02\\\/product_9782207131015_195x320.jpg\",\"datePublished\":\"2016-02-19T15:53:00+00:00\",\"dateModified\":\"2020-03-09T16:14:49+00:00\",\"description\":\"Avec ce conte d\u2019une beaut\u00e9 bouleversante, empreint d\u2019humanit\u00e9 \u00e0 l\u2019\u00e9tat pur, Susan Abulhawa montre l\u2019histoire de la Palestine sous un nouveau jour.\",\"breadcrumb\":{\"@id\":\"https:\\\/\\\/charleroi-pourlapalestine.be\\\/index.php\\\/2016\\\/02\\\/19\\\/susan-abulhawa-le-bleu-entre-le-ciel-et-la-mer\\\/#breadcrumb\"},\"inLanguage\":\"fr-FR\",\"potentialAction\":[{\"@type\":\"ReadAction\",\"target\":[\"https:\\\/\\\/charleroi-pourlapalestine.be\\\/index.php\\\/2016\\\/02\\\/19\\\/susan-abulhawa-le-bleu-entre-le-ciel-et-la-mer\\\/\"]}]},{\"@type\":\"ImageObject\",\"inLanguage\":\"fr-FR\",\"@id\":\"https:\\\/\\\/charleroi-pourlapalestine.be\\\/index.php\\\/2016\\\/02\\\/19\\\/susan-abulhawa-le-bleu-entre-le-ciel-et-la-mer\\\/#primaryimage\",\"url\":\"https:\\\/\\\/www.pourlapalestine.be\\\/wp-content\\\/uploads\\\/2016\\\/02\\\/product_9782207131015_195x320.jpg\",\"contentUrl\":\"https:\\\/\\\/www.pourlapalestine.be\\\/wp-content\\\/uploads\\\/2016\\\/02\\\/product_9782207131015_195x320.jpg\"},{\"@type\":\"BreadcrumbList\",\"@id\":\"https:\\\/\\\/charleroi-pourlapalestine.be\\\/index.php\\\/2016\\\/02\\\/19\\\/susan-abulhawa-le-bleu-entre-le-ciel-et-la-mer\\\/#breadcrumb\",\"itemListElement\":[{\"@type\":\"ListItem\",\"position\":1,\"name\":\"Accueil\",\"item\":\"https:\\\/\\\/charleroi-pourlapalestine.be\\\/\"},{\"@type\":\"ListItem\",\"position\":2,\"name\":\"Susan Abulhawa : &#8220;Le bleu entre le ciel et la mer&#8221;\"}]},{\"@type\":\"WebSite\",\"@id\":\"https:\\\/\\\/charleroi-pourlapalestine.be\\\/#website\",\"url\":\"https:\\\/\\\/charleroi-pourlapalestine.be\\\/\",\"name\":\"Charleroi Pour la Palestine\",\"description\":\"\",\"publisher\":{\"@id\":\"https:\\\/\\\/charleroi-pourlapalestine.be\\\/#organization\"},\"potentialAction\":[{\"@type\":\"SearchAction\",\"target\":{\"@type\":\"EntryPoint\",\"urlTemplate\":\"https:\\\/\\\/charleroi-pourlapalestine.be\\\/?s={search_term_string}\"},\"query-input\":{\"@type\":\"PropertyValueSpecification\",\"valueRequired\":true,\"valueName\":\"search_term_string\"}}],\"inLanguage\":\"fr-FR\"},{\"@type\":\"Organization\",\"@id\":\"https:\\\/\\\/charleroi-pourlapalestine.be\\\/#organization\",\"name\":\"Plate-forme Charleroi-Palestine\",\"url\":\"https:\\\/\\\/charleroi-pourlapalestine.be\\\/\",\"logo\":{\"@type\":\"ImageObject\",\"inLanguage\":\"fr-FR\",\"@id\":\"https:\\\/\\\/charleroi-pourlapalestine.be\\\/#\\\/schema\\\/logo\\\/image\\\/\",\"url\":\"https:\\\/\\\/charleroi-pourlapalestine.be\\\/wp-content\\\/uploads\\\/2020\\\/01\\\/logo-Copy.jpg\",\"contentUrl\":\"https:\\\/\\\/charleroi-pourlapalestine.be\\\/wp-content\\\/uploads\\\/2020\\\/01\\\/logo-Copy.jpg\",\"width\":180,\"height\":180,\"caption\":\"Plate-forme Charleroi-Palestine\"},\"image\":{\"@id\":\"https:\\\/\\\/charleroi-pourlapalestine.be\\\/#\\\/schema\\\/logo\\\/image\\\/\"},\"sameAs\":[\"https:\\\/\\\/www.facebook.com\\\/PlateformeCharleroiPalestine\\\/\",\"https:\\\/\\\/x.com\\\/LaCharleroi\"]},{\"@type\":\"Person\",\"@id\":\"https:\\\/\\\/charleroi-pourlapalestine.be\\\/#\\\/schema\\\/person\\\/c19ff515112f1299d8c12671d8fe3faa\",\"name\":\"admin1873\",\"url\":\"https:\\\/\\\/charleroi-pourlapalestine.be\\\/index.php\\\/author\\\/admin1873\\\/\"}]}<\/script>\n<!-- \/ Yoast SEO plugin. -->","yoast_head_json":{"title":"Susan Abulhawa : \"Le bleu entre le ciel et la mer\"","description":"Avec ce conte d\u2019une beaut\u00e9 bouleversante, empreint d\u2019humanit\u00e9 \u00e0 l\u2019\u00e9tat pur, Susan Abulhawa montre l\u2019histoire de la Palestine sous un nouveau jour.","robots":{"index":"index","follow":"follow","max-snippet":"max-snippet:-1","max-image-preview":"max-image-preview:large","max-video-preview":"max-video-preview:-1"},"canonical":"https:\/\/charleroi-pourlapalestine.be\/index.php\/2016\/02\/19\/susan-abulhawa-le-bleu-entre-le-ciel-et-la-mer\/","schema":{"@context":"https:\/\/schema.org","@graph":[{"@type":"Article","@id":"https:\/\/charleroi-pourlapalestine.be\/index.php\/2016\/02\/19\/susan-abulhawa-le-bleu-entre-le-ciel-et-la-mer\/#article","isPartOf":{"@id":"https:\/\/charleroi-pourlapalestine.be\/index.php\/2016\/02\/19\/susan-abulhawa-le-bleu-entre-le-ciel-et-la-mer\/"},"author":{"name":"admin1873","@id":"https:\/\/charleroi-pourlapalestine.be\/#\/schema\/person\/c19ff515112f1299d8c12671d8fe3faa"},"headline":"Susan Abulhawa : \u00ab\u00a0Le bleu entre le ciel et la mer\u00a0\u00bb","datePublished":"2016-02-19T15:53:00+00:00","dateModified":"2020-03-09T16:14:49+00:00","mainEntityOfPage":{"@id":"https:\/\/charleroi-pourlapalestine.be\/index.php\/2016\/02\/19\/susan-abulhawa-le-bleu-entre-le-ciel-et-la-mer\/"},"wordCount":367,"publisher":{"@id":"https:\/\/charleroi-pourlapalestine.be\/#organization"},"image":{"@id":"https:\/\/charleroi-pourlapalestine.be\/index.php\/2016\/02\/19\/susan-abulhawa-le-bleu-entre-le-ciel-et-la-mer\/#primaryimage"},"thumbnailUrl":"https:\/\/www.pourlapalestine.be\/wp-content\/uploads\/2016\/02\/product_9782207131015_195x320.jpg","keywords":["Susan Abulhawa"],"articleSection":["Culture","Litt\u00e9rature","Susan Abulhawa"],"inLanguage":"fr-FR"},{"@type":"WebPage","@id":"https:\/\/charleroi-pourlapalestine.be\/index.php\/2016\/02\/19\/susan-abulhawa-le-bleu-entre-le-ciel-et-la-mer\/","url":"https:\/\/charleroi-pourlapalestine.be\/index.php\/2016\/02\/19\/susan-abulhawa-le-bleu-entre-le-ciel-et-la-mer\/","name":"Susan Abulhawa : \"Le bleu entre le ciel et la mer\"","isPartOf":{"@id":"https:\/\/charleroi-pourlapalestine.be\/#website"},"primaryImageOfPage":{"@id":"https:\/\/charleroi-pourlapalestine.be\/index.php\/2016\/02\/19\/susan-abulhawa-le-bleu-entre-le-ciel-et-la-mer\/#primaryimage"},"image":{"@id":"https:\/\/charleroi-pourlapalestine.be\/index.php\/2016\/02\/19\/susan-abulhawa-le-bleu-entre-le-ciel-et-la-mer\/#primaryimage"},"thumbnailUrl":"https:\/\/www.pourlapalestine.be\/wp-content\/uploads\/2016\/02\/product_9782207131015_195x320.jpg","datePublished":"2016-02-19T15:53:00+00:00","dateModified":"2020-03-09T16:14:49+00:00","description":"Avec ce conte d\u2019une beaut\u00e9 bouleversante, empreint d\u2019humanit\u00e9 \u00e0 l\u2019\u00e9tat pur, Susan Abulhawa montre l\u2019histoire de la Palestine sous un nouveau jour.","breadcrumb":{"@id":"https:\/\/charleroi-pourlapalestine.be\/index.php\/2016\/02\/19\/susan-abulhawa-le-bleu-entre-le-ciel-et-la-mer\/#breadcrumb"},"inLanguage":"fr-FR","potentialAction":[{"@type":"ReadAction","target":["https:\/\/charleroi-pourlapalestine.be\/index.php\/2016\/02\/19\/susan-abulhawa-le-bleu-entre-le-ciel-et-la-mer\/"]}]},{"@type":"ImageObject","inLanguage":"fr-FR","@id":"https:\/\/charleroi-pourlapalestine.be\/index.php\/2016\/02\/19\/susan-abulhawa-le-bleu-entre-le-ciel-et-la-mer\/#primaryimage","url":"https:\/\/www.pourlapalestine.be\/wp-content\/uploads\/2016\/02\/product_9782207131015_195x320.jpg","contentUrl":"https:\/\/www.pourlapalestine.be\/wp-content\/uploads\/2016\/02\/product_9782207131015_195x320.jpg"},{"@type":"BreadcrumbList","@id":"https:\/\/charleroi-pourlapalestine.be\/index.php\/2016\/02\/19\/susan-abulhawa-le-bleu-entre-le-ciel-et-la-mer\/#breadcrumb","itemListElement":[{"@type":"ListItem","position":1,"name":"Accueil","item":"https:\/\/charleroi-pourlapalestine.be\/"},{"@type":"ListItem","position":2,"name":"Susan Abulhawa : &#8220;Le bleu entre le ciel et la mer&#8221;"}]},{"@type":"WebSite","@id":"https:\/\/charleroi-pourlapalestine.be\/#website","url":"https:\/\/charleroi-pourlapalestine.be\/","name":"Charleroi Pour la Palestine","description":"","publisher":{"@id":"https:\/\/charleroi-pourlapalestine.be\/#organization"},"potentialAction":[{"@type":"SearchAction","target":{"@type":"EntryPoint","urlTemplate":"https:\/\/charleroi-pourlapalestine.be\/?s={search_term_string}"},"query-input":{"@type":"PropertyValueSpecification","valueRequired":true,"valueName":"search_term_string"}}],"inLanguage":"fr-FR"},{"@type":"Organization","@id":"https:\/\/charleroi-pourlapalestine.be\/#organization","name":"Plate-forme Charleroi-Palestine","url":"https:\/\/charleroi-pourlapalestine.be\/","logo":{"@type":"ImageObject","inLanguage":"fr-FR","@id":"https:\/\/charleroi-pourlapalestine.be\/#\/schema\/logo\/image\/","url":"https:\/\/charleroi-pourlapalestine.be\/wp-content\/uploads\/2020\/01\/logo-Copy.jpg","contentUrl":"https:\/\/charleroi-pourlapalestine.be\/wp-content\/uploads\/2020\/01\/logo-Copy.jpg","width":180,"height":180,"caption":"Plate-forme Charleroi-Palestine"},"image":{"@id":"https:\/\/charleroi-pourlapalestine.be\/#\/schema\/logo\/image\/"},"sameAs":["https:\/\/www.facebook.com\/PlateformeCharleroiPalestine\/","https:\/\/x.com\/LaCharleroi"]},{"@type":"Person","@id":"https:\/\/charleroi-pourlapalestine.be\/#\/schema\/person\/c19ff515112f1299d8c12671d8fe3faa","name":"admin1873","url":"https:\/\/charleroi-pourlapalestine.be\/index.php\/author\/admin1873\/"}]}},"_links":{"self":[{"href":"https:\/\/charleroi-pourlapalestine.be\/index.php\/wp-json\/wp\/v2\/posts\/8761","targetHints":{"allow":["GET"]}}],"collection":[{"href":"https:\/\/charleroi-pourlapalestine.be\/index.php\/wp-json\/wp\/v2\/posts"}],"about":[{"href":"https:\/\/charleroi-pourlapalestine.be\/index.php\/wp-json\/wp\/v2\/types\/post"}],"author":[{"embeddable":true,"href":"https:\/\/charleroi-pourlapalestine.be\/index.php\/wp-json\/wp\/v2\/users\/1"}],"replies":[{"embeddable":true,"href":"https:\/\/charleroi-pourlapalestine.be\/index.php\/wp-json\/wp\/v2\/comments?post=8761"}],"version-history":[{"count":0,"href":"https:\/\/charleroi-pourlapalestine.be\/index.php\/wp-json\/wp\/v2\/posts\/8761\/revisions"}],"wp:attachment":[{"href":"https:\/\/charleroi-pourlapalestine.be\/index.php\/wp-json\/wp\/v2\/media?parent=8761"}],"wp:term":[{"taxonomy":"category","embeddable":true,"href":"https:\/\/charleroi-pourlapalestine.be\/index.php\/wp-json\/wp\/v2\/categories?post=8761"},{"taxonomy":"post_tag","embeddable":true,"href":"https:\/\/charleroi-pourlapalestine.be\/index.php\/wp-json\/wp\/v2\/tags?post=8761"}],"curies":[{"name":"wp","href":"https:\/\/api.w.org\/{rel}","templated":true}]}}