{"id":87620,"date":"2025-12-08T14:18:55","date_gmt":"2025-12-08T13:18:55","guid":{"rendered":"https:\/\/charleroi-pourlapalestine.be\/?p=87620"},"modified":"2025-12-08T14:23:34","modified_gmt":"2025-12-08T13:23:34","slug":"les-massacres-israeliens-se-poursuivent-au-moment-ou-un-hiver-rude-sabat-sur-gaza","status":"publish","type":"post","link":"https:\/\/charleroi-pourlapalestine.be\/index.php\/2025\/12\/08\/les-massacres-israeliens-se-poursuivent-au-moment-ou-un-hiver-rude-sabat-sur-gaza\/","title":{"rendered":"Les massacres isra\u00e9liens se poursuivent au moment o\u00f9 un hiver rude s&rsquo;abat sur Gaza"},"content":{"rendered":"<p>L&rsquo;arm\u00e9e isra\u00e9lienne continue de tuer et de blesser des Palestiniens dans la bande de Gaza et ce, malgr\u00e9 le pr\u00e9tendu cessez-le-feu du 10 octobre.<\/p>\n<p>&nbsp;<\/p>\n<div id=\"attachment_87622\" style=\"width: 1041px\" class=\"wp-caption aligncenter\"><img loading=\"lazy\" decoding=\"async\" aria-describedby=\"caption-attachment-87622\" class=\"wp-image-87622 size-full\" src=\"https:\/\/charleroi-pourlapalestine.be\/wp-content\/uploads\/2025\/12\/Les-massacres-israeliens-se-poursuivent.png\" alt=\"Les massacres isra\u00e9liens se poursuivent au moment o\u00f9 un hiver rude s'abat sur Gaza. Le 2 d\u00e9cembre 2025, au Complexe m\u00e9dical Nasser \u00e0 Khan Younis. Les proches du journaliste Mahmoud Wadi, cibl\u00e9 et tu\u00e9 par une frappe de drone isra\u00e9lien, expriment leur douleur autour de sa d\u00e9pouille. (Photo : Tariq Mohammad \/ APA images)\" width=\"1031\" height=\"703\" srcset=\"https:\/\/charleroi-pourlapalestine.be\/wp-content\/uploads\/2025\/12\/Les-massacres-israeliens-se-poursuivent.png 1031w, https:\/\/charleroi-pourlapalestine.be\/wp-content\/uploads\/2025\/12\/Les-massacres-israeliens-se-poursuivent-350x239.png 350w, https:\/\/charleroi-pourlapalestine.be\/wp-content\/uploads\/2025\/12\/Les-massacres-israeliens-se-poursuivent-700x477.png 700w, https:\/\/charleroi-pourlapalestine.be\/wp-content\/uploads\/2025\/12\/Les-massacres-israeliens-se-poursuivent-768x524.png 768w\" sizes=\"auto, (max-width: 1031px) 100vw, 1031px\" \/><p id=\"caption-attachment-87622\" class=\"wp-caption-text\"><strong>Le 2 d\u00e9cembre 2025, au Complexe m\u00e9dical Nasser \u00e0 Khan Younis. Les proches du journaliste Mahmoud Wadi, cibl\u00e9 et tu\u00e9 par une frappe de drone isra\u00e9lien, expriment leur douleur autour de sa d\u00e9pouille.<\/strong> (Photo : Tariq Mohammad \/ APA images)<\/p><\/div>\n<p>&nbsp;<\/p>\n<p><strong>Nora Barrows-Friedman<\/strong>, 5 d\u00e9cembre 2025<\/p>\n<p>&nbsp;<\/p>\n<p><em>Le texte qui suit est un condens\u00e9 des informations propos\u00e9es lors du livestream du 4 d\u00e9cembre 2025. Vous pouvez voir l&rsquo;\u00e9mission dans sa totalit\u00e9 (en anglais)<\/em><a href=\"https:\/\/www.youtube.com\/watch?v=fbVfhfsa-6U\" target=\"_blank\" rel=\"noopener\"><strong><em> ici.<\/em><\/strong><\/a><\/p>\n<p>L&rsquo;arm\u00e9e isra\u00e9lienne continue de tuer et de blesser des Palestiniens dans la bande de Gaza et ce, malgr\u00e9 le pr\u00e9tendu cessez-le-feu du 10 octobre.<\/p>\n<p>Tirs de snipers, tirs de chars, frappes de drones et attaques a\u00e9riennes sont routini\u00e8res et incessantes, surtout dans les zones situ\u00e9es \u00e0 l&rsquo;est de la vague et invisible ligne jaune de d\u00e9marcation impos\u00e9e par Isra\u00ebl.<\/p>\n<p>L&rsquo;agence humanitaire des Nations unies <a href=\"https:\/\/www.ochaopt.org\/content\/humanitarian-situation-update-344-gaza-strip\" target=\"_blank\" rel=\"noopener\">a d\u00e9clar\u00e9<\/a> le 27 novembre que, dans la zone situ\u00e9e au-del\u00e0 de<a href=\"https:\/\/charleroi-pourlapalestine.be\/index.php\/2025\/12\/01\/pieges-par-le-jaune\/\"> la fameuse ligne jaune<\/a>, qui englobe plus de 50 pour 100 de la bande de Gaza,<\/p>\n<blockquote><p>\u00ab on continue de faire \u00e9tat chaque jour de destruction par explosifs d&rsquo;immeubles r\u00e9sidentiels et que l&rsquo;acc\u00e8s aux ressources humanitaires, aux infrastructures publiques et aux terres agricoles demeure restreint ou carr\u00e9ment interdit \u00bb.<\/p>\n<p>\u00ab L&rsquo;acc\u00e8s \u00e0 la mer reste d\u00e9fendu \u00bb,<\/p><\/blockquote>\n<p>a ajout\u00e9 l&rsquo;ONU.<\/p>\n<div id=\"attachment_87638\" style=\"width: 500px\" class=\"wp-caption aligncenter\"><img loading=\"lazy\" decoding=\"async\" aria-describedby=\"caption-attachment-87638\" class=\"wp-image-87638 size-large\" src=\"https:\/\/charleroi-pourlapalestine.be\/wp-content\/uploads\/2025\/12\/Drop-site-490x500.png\" alt=\"Isra\u00ebl a d\u00e9cid\u00e9 jeudi d'\u00e9tendre la zone sous son contr\u00f4le \u00e0 Gaza en avan\u00e7ant avec une incursion de chars dans l'est de la ville de Gaza et en d\u00e9pla\u00e7ant physiquement les blocs de b\u00e9ton jaunes qui d\u00e9limitent la \u00ab ligne jaune \u00bb o\u00f9 ses troupes se sont retir\u00e9es le mois dernier dans le cadre de l'accord de cessez-le-feu. Les blocs ont \u00e9t\u00e9 d\u00e9plac\u00e9s d'environ 300 m\u00e8tres vers l'ouest dans les quartiers d'Al-Tuffah et d'Al-Shujaiya avant le retrait des troupes. Jeudi, des familles se sont r\u00e9veill\u00e9es pour se retrouver soudainement du mauvais c\u00f4t\u00e9 de la \u00ab ligne jaune \u00bb, alors que l'arm\u00e9e isra\u00e9lienne bombardait la zone, provoquant la panique et une nouvelle vague de d\u00e9placements.\" width=\"490\" height=\"500\" srcset=\"https:\/\/charleroi-pourlapalestine.be\/wp-content\/uploads\/2025\/12\/Drop-site-490x500.png 490w, https:\/\/charleroi-pourlapalestine.be\/wp-content\/uploads\/2025\/12\/Drop-site-245x250.png 245w, https:\/\/charleroi-pourlapalestine.be\/wp-content\/uploads\/2025\/12\/Drop-site.png 712w\" sizes=\"auto, (max-width: 490px) 100vw, 490px\" \/><p id=\"caption-attachment-87638\" class=\"wp-caption-text\"><strong>Isra\u00ebl a d\u00e9cid\u00e9 jeudi d&rsquo;\u00e9tendre la zone sous son contr\u00f4le \u00e0 Gaza en avan\u00e7ant avec une incursion de chars dans l&rsquo;est de la ville de Gaza et en d\u00e9pla\u00e7ant physiquement les blocs de b\u00e9ton jaunes qui d\u00e9limitent la \u00ab ligne jaune \u00bb o\u00f9 ses troupes se sont retir\u00e9es le mois dernier dans le cadre de l&rsquo;accord de cessez-le-feu. Les blocs ont \u00e9t\u00e9 d\u00e9plac\u00e9s d&rsquo;environ 300 m\u00e8tres vers l&rsquo;ouest dans les quartiers d&rsquo;Al-Tuffah et d&rsquo;Al-Shujaiya avant le retrait des troupes. Jeudi, des familles se sont r\u00e9veill\u00e9es pour se retrouver soudainement du mauvais c\u00f4t\u00e9 de la \u00ab ligne jaune \u00bb, alors que l&rsquo;arm\u00e9e isra\u00e9lienne bombardait la zone, provoquant la panique et une nouvelle vague de d\u00e9placements.<a href=\"https:\/\/x.com\/DropSiteNews\/status\/1991495160547467775?ref_src=twsrc%5Etfw%7Ctwcamp%5Etweetembed%7Ctwterm%5E1991495160547467775%7Ctwgr%5E6f7fcffebda361cddc6d0ab480314fb9ea8eed24%7Ctwcon%5Es1_&amp;ref_url=https%3A%2F%2Felectronicintifada.net%2Fblogs%2Fnora-barrows-friedman%2Fisraeli-massacres-persist-harsh-winter-arrives-gaza\" target=\"_blank\" rel=\"noopener\"> Lien vers le tweet sur X.<\/a><\/strong><\/p><\/div>\n<p>&nbsp;<\/p>\n<p>L&rsquo;UNICEF, le fonds de l&rsquo;ONU pour l&rsquo;enfance,<a href=\"https:\/\/www.unognewsroom.org\/story\/en\/2917%20\/un-geneva-press-briefing-21-november-2025\/0\/WjnegYbwZ1\" target=\"_blank\" rel=\"noopener\"> a d\u00e9clar\u00e9<\/a> le 21 novembre qu&rsquo;<strong>au moins 67 enfants<\/strong> avaient \u00e9t\u00e9 tu\u00e9s \u00e0 Gaza depuis l&rsquo;entr\u00e9e en vigueur du cessez-le-feu, soit une moyenne de <a href=\"https:\/\/www.aljazeera.com\/news\/liveblog\/2025\/12\/3\/live-israeli-forces-kill-357-palestinians-in-50-days-of-ceasefire-in-gaza?update=4149050\" target=\"_blank\" rel=\"noopener\">pr\u00e8s de 2 enfants tu\u00e9s chaque jour<\/a><strong>,<\/strong> et que des dizaines d&rsquo;autres avaient \u00e9t\u00e9 bless\u00e9s.<\/p>\n<p>Mercredi 3 d\u00e9cembre, \u00e0 al-Mawasi, \u00e0 l&rsquo;ouest de Khan Younis, au moins cinq Palestiniens, dont deux enfants, <a href=\"https:\/\/www.aljazeera.com\/news\/liveblog\/2025\/12\/3\/live-israeli-forces-kill-357-palestinians-in-50-days-of-ceasefire-in-gaza?update=4149050\" target=\"_blank\" rel=\"noopener\">ont \u00e9t\u00e9 tu\u00e9s<\/a> par une frappe de drone isra\u00e9lien sur des tentes qui h\u00e9bergeaient des personnes d\u00e9plac\u00e9es.<\/p>\n<p><a href=\"https:\/\/www.instagram.com\/p\/DR0FYptDrtr\/https:\/\/www.instagram.com\/p\/DR0FYptDrtr\/\" target=\"_blank\" rel=\"noopener\">Les images que voici,<\/a> film\u00e9es par Mahmoud Bassam, montrent les tentes abris en train de br\u00fbler alors que des gens se pr\u00e9cipitent afin de sauver ceux qui sont coinc\u00e9s dans les flammes.<\/p>\n<p>Ce m\u00eame mercredi, l&rsquo;agence d&rsquo;information Wafa <a href=\"https:\/\/english.wafa.ps\/Pages\/Details\/164872\" target=\"_blank\" rel=\"noopener\">a rapport\u00e9<\/a> qu&rsquo;un palestinien avait \u00e9t\u00e9 abattu et tu\u00e9 par des tirs isra\u00e9liens \u00e0 <a href=\"https:\/\/x.com\/MahaGaza\/status\/1996284697677008899?ref_src=twsrc%5Etfw%7Ctwcamp%5Etweetembed%7Ctwterm%5E1996284697677008899%7Ctwgr%5E6f7fcffebda361cddc6d0ab480314fb9ea8eed24%7Ctwcon%5Es1_&amp;ref_url=https%3A%2F%2Felectronicintifada.net%2Fblogs%2Fnora-barrows-friedman%2Fisraeli-massacres-persist-harsh-winter-arrives-gaza\" target=\"_blank\" rel=\"noopener\">al-Zaytoun<\/a>, un quartier de Gaza.<\/p>\n<p>On rapporte que, mardi, des v\u00e9hicules militaires isra\u00e9liens ont ouvert le feu dans la partie orientale du camp de r\u00e9fugi\u00e9s d&rsquo;el-Bureij, au centre de la bande de Gaza, et qu&rsquo;ils <a href=\"https:\/\/www.aljazeera.com\/news\/liveblog\/2025\/12\/2\/live-israeli-forces-continue-demolition-destruction-around-gaza-city?update=4144657\" target=\"_blank\" rel=\"noopener\">ont tu\u00e9<\/a> au moins une personne.<\/p>\n<p>Le 29 novembre, un drone quadricopt\u00e8re isra\u00e9lien <a href=\"https:\/\/edition.cnn.com\/2025\/12\/02\/middleeast\/children-killed-israeli-drone-firewood-gaza-intl-latam\" target=\"_blank\" rel=\"noopener\">a cibl\u00e9 et tu\u00e9<\/a> deux gar\u00e7onnets, Fadi Abu Asi, 9 ans, et son fr\u00e8re Jumaa Abu Asi, 10 ans, dans le quartier de Bani Suheila \u00e0 Khan Younis.<\/p>\n<p>Les gosses, a-t-on dit, ramassaient du bois de chauffage qu&rsquo;ils vendaient ensuite pour acheter de la nourriture ainsi que des fournitures m\u00e9dicales pour leur p\u00e8re handicap\u00e9.<\/p>\n<p>Dans un <a href=\"https:\/\/www.instagram.com\/p\/DRpRz8xFT-m\/\" target=\"_blank\" rel=\"noopener\">reportage vid\u00e9o<\/a> r\u00e9alis\u00e9 par les journalistes Doaa Mohammad et Samer Alboji, le p\u00e8re des deux gar\u00e7ons dit qu&rsquo;ils venaient de prendre leur petit d\u00e9jeuner et qu&rsquo;ils s&rsquo;\u00e9taient rendus en ville afin de gagner quelques shekels avant son check-up, le lendemain, et que le drone les avait cibl\u00e9s \u00e0 ce moment-l\u00e0.<\/p>\n<p>CNN a dit qu&rsquo;il<\/p>\n<blockquote><p>\u00ab attendait leur retour pour mettre la table, quand des r\u00e9sidents tout proches s&rsquo;\u00e9taient pr\u00e9cipit\u00e9s vers sa tente pour lui dire que ses deux gar\u00e7ons avaient \u00e9t\u00e9 cibl\u00e9s et tu\u00e9s par les troupes isra\u00e9liennes. \u00bb<\/p>\n<p>\u00ab Est-ce bien mes enfants ? \u00bb<\/p><\/blockquote>\n<p>se souvient-il avoir demand\u00e9. Une attente insoutenable avait suivi, puis il \u00e9tait all\u00e9 identifier les corps.<\/p>\n<blockquote><p>\u00ab J&rsquo;ai retir\u00e9 le linceul et je les ai serr\u00e9s dans mes bras. La t\u00eate de mon petit Juju avait \u00e9t\u00e9 arrach\u00e9e. Dieu ait son \u00e2me (&#8230;) Ses bras avaient \u00e9t\u00e9 sectionn\u00e9s et des parties de son torse manquaient \u00bb,<\/p><\/blockquote>\n<p>dit-il.<\/p>\n<blockquote><p>\u00ab La main droite de Fadi et sa jambe gauche avaient \u00e9t\u00e9 arrach\u00e9es \u00bb,<\/p><\/blockquote>\n<p>ajoute-t-il, selon CNN.<\/p>\n<p>L&rsquo;arm\u00e9e isra\u00e9lienne a admis avoir effectu\u00e9 cette frappe, disant des deux petits gar\u00e7ons que c&rsquo;\u00e9taient<\/p>\n<blockquote><p>\u00ab deux suspects qui avaient franchi la ligne jaune, s&rsquo;\u00e9taient livr\u00e9s \u00e0 des activit\u00e9s suspectes sur le terrain et s&rsquo;\u00e9taient approch\u00e9s des soldats des FDI [l&rsquo;arm\u00e9e isra\u00e9lienne] qui op\u00e9raient dans le sud de la bande de Gaza, constituant ainsi une menace imm\u00e9diate pour ces hommes \u00bb.<\/p>\n<p>\u00ab Apr\u00e8s identification, les Forc\u00e9s a\u00e9riennes isra\u00e9liennes ont \u00e9limin\u00e9 les suspects afin d&rsquo;\u00e9carter la menace \u00bb,<\/p><\/blockquote>\n<p>poursuivait l&rsquo;arm\u00e9e.<\/p>\n<p>La semaine pr\u00e9c\u00e9dente, le 22 novembre, Isra\u00ebl avait effectu\u00e9 une s\u00e9rie d&rsquo;attaques un peu partout \u00e0 Gaza, tuant plus de 20 Palestiniens. Des <a href=\"https:\/\/x.com\/DropSiteNews\/status\/1992299637340766276?ref_src=twsrc%5Etfw%7Ctwcamp%5Etweetembed%7Ctwterm%5E1992299637340766276%7Ctwgr%5E6f7fcffebda361cddc6d0ab480314fb9ea8eed24%7Ctwcon%5Es1_&amp;ref_url=https%3A%2F%2Felectronicintifada.net%2Fblogs%2Fnora-barrows-friedman%2Fisraeli-massacres-persist-harsh-winter-arrives-gaza\" target=\"_blank\" rel=\"noopener\">prises de vue<\/a> d&rsquo;Abd Sabbah, de Drop Site, montrent les retomb\u00e9es d&rsquo;une frappe isra\u00e9lienne \u00e0 un carrefour tr\u00e8s fr\u00e9quent\u00e9 de Gaza, laquelle avait tu\u00e9 cinq personnes.<\/p>\n<p>L&rsquo;arm\u00e9e isra\u00e9lienne a \u00e9galement attaqu\u00e9 des maisons et des abris \u00e0 Deir al-Balah et \u00e0 Nuseirat, dans la partie centrale de Gaza.<\/p>\n<p>Le journaliste Musab Al-Shareef <a href=\"https:\/\/x.com\/MusabAlShareef0\/status\/1992250600046944586?ref_src=twsrc%5Etfw%7Ctwcamp%5Etweetembed%7Ctwterm%5E1992250600046944586%7Ctwgr%5E6f7fcffebda361cddc6d0ab480314fb9ea8eed24%7Ctwcon%5Es1_&amp;ref_url=https%3A%2F%2Felectronicintifada.net%2Fblogs%2Fnora-barrows-friedman%2Fisraeli-massacres-persist-harsh-winter-arrives-gaza\" target=\"_blank\" rel=\"noopener\">a film\u00e9<\/a> un immeuble r\u00e9sidentiel qui a pris feu apr\u00e8s une frappe de l&rsquo;aviation isra\u00e9lienne contre le quartier de Nasr, \u00e0 Gaza. L&rsquo;attaque a tu\u00e9 au moins quatre Palestiniens.<\/p>\n<p>Le 30 novembre, le bureau gouvernemental des m\u00e9dias de Gaza <a href=\"https:\/\/t.me\/mediagovps\/3967\" target=\"_blank\" rel=\"noopener\">a d\u00e9clar\u00e9<\/a> que, plus de 50 jours apr\u00e8s l&rsquo;entr\u00e9e en vigueur du cessez-le-feu, Isra\u00ebl avait viol\u00e9 ce dernier en plus de 590 occasions s\u00e9par\u00e9es, tuant ainsi plus de 350 Palestiniens et en blessant au moins 900 autres.<\/p>\n<p>Le bureau des m\u00e9dias a dit que ces violations comprenaient 164 incidents au cours desquels on avait tir\u00e9 directement sur des civils, des maisons, des quartiers r\u00e9sidentiels et des tentes de personnes d\u00e9plac\u00e9es ; 25 incursions de v\u00e9hicules de l&rsquo;occupation dans des zones r\u00e9sidentielles et agricoles au cours desquelles la ligne jaune avait \u00e9t\u00e9 franchie ; 280 op\u00e9rations de tir d&rsquo;obus et de bombardement par voie a\u00e9rienne ou terrestre ; et 118 d\u00e9molitions de maisons et d&rsquo;infrastructures civiles.<\/p>\n<p>&nbsp;<\/p>\n<h3>La malnutrition du fait que les infrastructures m\u00e9dicales restent sous tension<\/h3>\n<p>Le blocage par Isra\u00ebl de l&rsquo;aide humanitaire essentielle, des vivres, du carburant, des m\u00e9dicaments, des fournitures m\u00e9dicales et des mat\u00e9riaux destin\u00e9s aux infrastructures et \u00e0 la construction reste fermement maintenu alors que les Palestiniens luttent pour tenter de couvrir leurs besoins \u00e9l\u00e9mentaires en ces tr\u00e8s p\u00e9nibles mois d&rsquo;hiver.<\/p>\n<p>L&rsquo;agence de l&rsquo;ONU pour les r\u00e9fugi\u00e9s de Palestine, l&rsquo;UNRWA, <a href=\"https:\/\/x.com\/UNRWA\/status\/1995009962209161691?ref_src=twsrc%5Etfw%7Ctwcamp%5Etweetembed%7Ctwterm%5E1995009962209161691%7Ctwgr%5E6f7fcffebda361cddc6d0ab480314fb9ea8eed24%7Ctwcon%5Es1_&amp;ref_url=https%3A%2F%2Felectronicintifada.net%2Fblogs%2Fnora-barrows-friedman%2Fisraeli-massacres-persist-harsh-winter-arrives-gaza\" target=\"_blank\" rel=\"noopener\">a d\u00e9clar\u00e9<\/a> cette semaine qu&rsquo;Isra\u00ebl bloquait toujours des camions charg\u00e9s de vivres et de fournitures de secours, y compris des mat\u00e9riaux pour abris et des couvertures, le tout en quantit\u00e9s suffisantes pour couvrir les besoins de Gaza pendant trois bons mois.<\/p>\n<p>&nbsp;<\/p>\n<p><img loading=\"lazy\" decoding=\"async\" class=\"aligncenter wp-image-87639 size-large\" src=\"https:\/\/charleroi-pourlapalestine.be\/wp-content\/uploads\/2025\/12\/Tentes-pour-Gaza-bloques-par-Israel-498x500.png\" alt=\"\" width=\"498\" height=\"500\" srcset=\"https:\/\/charleroi-pourlapalestine.be\/wp-content\/uploads\/2025\/12\/Tentes-pour-Gaza-bloques-par-Israel-498x500.png 498w, https:\/\/charleroi-pourlapalestine.be\/wp-content\/uploads\/2025\/12\/Tentes-pour-Gaza-bloques-par-Israel-249x250.png 249w, https:\/\/charleroi-pourlapalestine.be\/wp-content\/uploads\/2025\/12\/Tentes-pour-Gaza-bloques-par-Israel-80x80.png 80w, https:\/\/charleroi-pourlapalestine.be\/wp-content\/uploads\/2025\/12\/Tentes-pour-Gaza-bloques-par-Israel-320x320.png 320w, https:\/\/charleroi-pourlapalestine.be\/wp-content\/uploads\/2025\/12\/Tentes-pour-Gaza-bloques-par-Israel.png 662w\" sizes=\"auto, (max-width: 498px) 100vw, 498px\" \/><\/p>\n<p>&nbsp;<\/p>\n<p>L&rsquo;UNICEF <a href=\"https:\/\/reliefweb.int\/report\/occupied-palestinian-territory\/malnutrition-persists-winter-sets-threatening-childrens-lives-and-wellbeing-gaza\" target=\"_blank\" rel=\"noopener\">a d\u00e9clar\u00e9<\/a> la semaine derni\u00e8re que des taux \u00e9lev\u00e9s de malnutrition continuaient de mettre en danger les vies et le bien-\u00eatre des enfants de la bande de Gaza, que la situation s&rsquo;\u00e9tait aggrav\u00e9e avec l&rsquo;arriv\u00e9e de l&rsquo;hiver qui acc\u00e9l\u00e9rait la propagation des maladies et accroissait le risque de d\u00e9c\u00e8s parmi les enfants les plus vuln\u00e9rables.<\/p>\n<p>La directrice de l&rsquo;agence, Catherine Russell, a d\u00e9clar\u00e9 le 28 novembre que, malgr\u00e9 certain progr\u00e8s,<\/p>\n<blockquote><p>\u00ab des milliers d&rsquo;enfants de moins de cinq ans restaient en \u00e9tat de malnutrition grave \u00e0 Gaza, alors qu&rsquo;un plus grand nombre encore d&rsquo;entre eux avaient besoin d&rsquo;abris et d&rsquo;installations sanitaires convenables ainsi que de protection contre l&rsquo;hiver \u00bb.<\/p><\/blockquote>\n<p>De plus grandes quantit\u00e9s de denr\u00e9es alimentaires sont entr\u00e9es \u00e0 Gaza au cours des derni\u00e8res semaines,<\/p>\n<blockquote><p>\u00ab faisant baisser les prix sur le march\u00e9 et am\u00e9liorant ainsi l&rsquo;acc\u00e8s des familles \u00e0 la nourriture. Toutefois, bien des produits essentiels, surtout des vivres d&rsquo;origine animale, restent indisponibles ou inabordables pour beaucoup \u00bb,<\/p><\/blockquote>\n<p>a ajout\u00e9 l&rsquo;UNICEF.<\/p>\n<p>Entre-temps, les travailleurs des soins de sant\u00e9 \u00e0 Gaza font savoir que les p\u00e9nuries actuelles de m\u00e9dicaments et de mat\u00e9riel m\u00e9dical aggravent encore l&rsquo;effondrement de ce qu&rsquo;il reste du syst\u00e8me de soins de sant\u00e9.<\/p>\n<blockquote><p>\u00ab Les restrictions impos\u00e9es par Isra\u00ebl sur l&rsquo;entr\u00e9e de l&rsquo;aide signifient que les h\u00f4pitaux restent surcharg\u00e9s de bless\u00e9s dans un \u00e9tat critique et de patients mal nourris et les quantit\u00e9s de fournitures m\u00e9dicales n&rsquo;ont toujours pas augment\u00e9 de fa\u00e7on significative depuis le d\u00e9bit de l&rsquo;accord de cessez-le-feu \u00bb,<\/p><\/blockquote>\n<p><a href=\"https:\/\/reliefweb.int\/report\/occupied-palestinian-territory\/gazas-hospitals-still-face-dangerous-shortages-lifesaving-aid-remains-blocked-israel\" target=\"_blank\" rel=\"noopener\">a d\u00e9clar\u00e9<\/a> l&rsquo;ONG britannique Medical Aid for Palestinians (MAP).<\/p>\n<blockquote><p>\u00ab Moins de 5 pour 100 de l&rsquo;aide d\u00e9charg\u00e9e des camions \u00e0 Gaza a consist\u00e9 en fournitures m\u00e9dicales, malgr\u00e9 les immenses besoins des h\u00f4pitaux apr\u00e8s deux ann\u00e9es de g\u00e9nocide isra\u00e9lien \u00bb,<\/p><\/blockquote>\n<p>a d\u00e9clar\u00e9 l&rsquo;organisation le 27 novembre.<\/p>\n<p>La personnel de trois h\u00f4pitaux soutenus par MAP fait \u00e9tat de p\u00e9nuries graves de fournitures et m\u00e9dicaments essentiels, parmi lesquels des liquides intraveineux, des m\u00e9dicaments anesth\u00e9siques, de la gaze et des m\u00e9dicaments vitaux pour les maladies chroniques. Cela comprend les produits fondamentaux requis pour la poursuite du fonctionnement des urgences et des services chirurgicaux, a ajout\u00e9 l&rsquo;ONG.<\/p>\n<p>Alaa Al Shurafa, le superviseur m\u00e9dical de MAP \u00e0 l&rsquo;h\u00f4pital Al-Shifa, le plus grand de Gaza, a d\u00e9clar\u00e9 :<\/p>\n<blockquote><p>\u00ab Il n&rsquo;y a pas eu d&rsquo;augmentation r\u00e9elle de l&rsquo;aide m\u00e9dicale depuis le cessez-le-feu et la situation ne s&rsquo;est pas du tout am\u00e9lior\u00e9e. \u00bb<\/p><\/blockquote>\n<p>Le Complexe m\u00e9dical Nasser,<\/p>\n<blockquote><p>\u00ab la colonne vert\u00e9brale du syst\u00e8me de sant\u00e9 dans le sud de Gaza, n&rsquo;a plus en stock 42 produits m\u00e9dicaux essentiels et 43 autres sont pratiquement \u00e9puis\u00e9s \u00bb,<\/p><\/blockquote>\n<p>a mis en garde MAP.<\/p>\n<p>Apr\u00e8s plus de deux ans de g\u00e9nocide et d&rsquo;attaques d\u00e9lib\u00e9r\u00e9es r\u00e9p\u00e9t\u00e9es contre chaque site m\u00e9dical sans exception, il n&rsquo;y a toujours aucun h\u00f4pital de Gaza qui fonctionne \u00e0 plein r\u00e9gime.<\/p>\n<p>Le journaliste Samer Alboji <a href=\"https:\/\/www.instagram.com\/p\/DReyh-VGEik\/\" target=\"_blank\" rel=\"noopener\">a film\u00e9<\/a> la semaine derni\u00e8re les conditions \u00e0 l&rsquo;int\u00e9rieur d&rsquo;une clinique de campagne appartenant au Complexe m\u00e9dical Nasser \u00e0 Khan Younis, \u00e0 la suite des pluies torrentielles et des inondations.<\/p>\n<p>Pour les femmes enceintes et celles qui allaitent, la crise sanitaire reste critique.<\/p>\n<p><a href=\"https:\/\/electronicintifada.net\/content\/pregnant-women-gaza-face-catastrophic-scenarios\/51072\" target=\"_blank\" rel=\"noopener\">Dans un rapport<\/a> destin\u00e9 \u00e0 The Electronic Intifada, Farah Samer Zaina dit qu&rsquo;elle s&rsquo;est entretenue avec la Dre Sarah Zayn El-Dein, une obst\u00e9tricienne-gyn\u00e9cologue du Complexe m\u00e9dical Al-Sahaba, \u00e0 Gaza m\u00eame, qui a parl\u00e9 de la faiblesse physique et la malnutrition chez les femmes enceintes.<\/p>\n<p>Le Dr Ahmad Al-Farra, chef de la section p\u00e9diatrie et de la maternit\u00e9 du Complexe m\u00e9dical Nasser, a d\u00e9clar\u00e9 cette semaine que plus de 85 pour 100 des m\u00e9dicaments essentiels \u00e9taient \u00e9puis\u00e9s. Il est toujours tr\u00e8s difficile d&rsquo;obtenir du lait maternis\u00e9, ce qui fait courir des risques critiques aux b\u00e9b\u00e9s pr\u00e9matur\u00e9s et aux nouveau-n\u00e9s en g\u00e9n\u00e9ral.<\/p>\n<p>Les journalistes Abdallah Al-Attar et Samer Alboji ont <a href=\"https:\/\/x.com\/translatingpal\/status\/1994136089074819360?ref_src=twsrc%5Etfw%7Ctwcamp%5Etweetembed%7Ctwterm%5E1994136089074819360%7Ctwgr%5E4d135d061e77cc6a61f9a6df01c63e7a38900534%7Ctwcon%5Es1_&amp;ref_url=https%3A%2F%2Felectronicintifada.net%2Fblogs%2Fnora-barrows-friedman%2Fisraeli-massacres-persist-harsh-winter-arrives-gaza\" target=\"_blank\" rel=\"noopener\">enregistr\u00e9 l&rsquo;interview du Dr Al-Farra<\/a> le 27 novembre.<\/p>\n<p>&nbsp;<\/p>\n<h3>257 journalistes tu\u00e9s<\/h3>\n<p>Un journaliste a \u00e9t\u00e9 tu\u00e9 par une frappe de drone isra\u00e9lien le 2 d\u00e9cembre.<\/p>\n<p>Le vid\u00e9aste et op\u00e9rateur de cam\u00e9ra sur drone<a href=\"https:\/\/x.com\/translatingpal\/status\/1995862791207465428?ref_src=twsrc%5Etfw%7Ctwcamp%5Etweetembed%7Ctwterm%5E1995862791207465428%7Ctwgr%5E4d135d061e77cc6a61f9a6df01c63e7a38900534%7Ctwcon%5Es1_&amp;ref_url=https%3A%2F%2Felectronicintifada.net%2Fblogs%2Fnora-barrows-friedman%2Fisraeli-massacres-persist-harsh-winter-arrives-gaza\" target=\"_blank\" rel=\"noopener\"> Mahmoud Wadi a \u00e9t\u00e9 cibl\u00e9 et tu\u00e9<\/a> par un quadricopt\u00e8re isra\u00e9lien dans le centre de Khan Younis alors qu&rsquo;il \u00e9tait en mission. Le journaliste Abdallah Al-Attar a film\u00e9 la famille et les amis de de Mahmoud Wadi \u00e9plor\u00e9s autour de son corps et parlant de son d\u00e9vouement au journalisme.<\/p>\n<p>L&rsquo;agence d&rsquo;information Wafa<a href=\"https:\/\/english.wafa.ps\/Pages\/Details\/164855\" target=\"_blank\" rel=\"noopener\"> a d\u00e9clar\u00e9<\/a> que le coll\u00e8gue de Wadi, Muhammad Abdel Fattah Aslih, avait \u00e9t\u00e9 bless\u00e9 lors de la m\u00eame attaque.<\/p>\n<p>Le bureau gouvernemental des m\u00e9dias de Gaza <a href=\"https:\/\/t.me\/mediagovps\/3968\" target=\"_blank\" rel=\"noopener\">a expliqu\u00e9<\/a> qu&rsquo;avec l&rsquo;assassinat de Mahmoud Wadi, 257 journalistes et travailleurs des m\u00e9dias avaient \u00e9t\u00e9 tu\u00e9s par Isra\u00ebl depuis octobre 2023.<\/p>\n<p>&nbsp;<\/p>\n<h3>Un rapport de l&rsquo;ONU estime que la torture est une politique bien \u00e9tablie d&rsquo;Isra\u00ebl<\/h3>\n<p>Le 28 novembre, le Comit\u00e9 des Nations unies contre la torture <a href=\"https:\/\/x.com\/MiddleEastEye\/status\/1995628989931544586?ref_src=twsrc%5Etfw%7Ctwcamp%5Etweetembed%7Ctwterm%5E1995628989931544586%7Ctwgr%5E4d135d061e77cc6a61f9a6df01c63e7a38900534%7Ctwcon%5Es1_&amp;ref_url=https%3A%2F%2Felectronicintifada.net%2Fblogs%2Fnora-barrows-friedman%2Fisraeli-massacres-persist-harsh-winter-arrives-gaza\" target=\"_blank\" rel=\"noopener\">a publi\u00e9<\/a> son rapport p\u00e9riodique, apr\u00e8s avoir trouv\u00e9 des preuves cr\u00e9dibles qu&rsquo;Isra\u00ebl appliquait<\/p>\n<blockquote><p>\u00ab de fait une politique \u00e9tatique de torture et de mauvais traitement organis\u00e9e et g\u00e9n\u00e9ralis\u00e9e \u00bb et que ces pratiques \u00ab se sont dramatiquement intensifi\u00e9es \u00bb<\/p><\/blockquote>\n<p>depuis le 7 octobre 2023.<\/p>\n<p>Adalah, une organisation qui fait campagne pour les citoyens palestiniens d&rsquo;Isra\u00ebl, et plusieurs autres organisations des droits humains, <a href=\"https:\/\/www.adalah.org\/en\/content\/view\/11445?mc_cid=404e989edc&amp;mc_eid=afd6c6386b\" target=\"_blank\" rel=\"noopener\">ont d\u00e9clar\u00e9 :<\/a><\/p>\n<blockquote><p>\u00ab Les conclusions du comit\u00e9 r\u00e9affirment ce que nous et bien d&rsquo;autres avions document\u00e9 au cours des deux ann\u00e9es \u00e9coul\u00e9es : Isra\u00ebl g\u00e8re d\u00e9sormais un r\u00e9gime de d\u00e9tention qui brutalise syst\u00e9matiquement les Palestiniens, les d\u00e9pouille de leurs protections juridiques de base, les coupe du monde ext\u00e9rieur et prot\u00e8ge en m\u00eame temps les auteurs de ces crimes de toute responsabilisation. \u00bb<\/p><\/blockquote>\n<p>La remarque du comit\u00e9 de l&rsquo;ONU disant que<\/p>\n<blockquote><p>\u00ab le fait qu&rsquo;Isra\u00ebl s&rsquo;obstine \u00e0 poursuivre une politique marqu\u00e9e par la torture organis\u00e9e et g\u00e9n\u00e9ralis\u00e9e, par les ch\u00e2timents collectifs, la d\u00e9tention au secret absolu et les disparitions forc\u00e9es, requiert des actions internationales imm\u00e9diates \u00bb,<\/p><\/blockquote>\n<p>a ajout\u00e9 Adalah.<\/p>\n<p>Un autre rapport r\u00e9cent de l&rsquo;agence de commerce et de d\u00e9veloppement de l&rsquo;ONU <a href=\"https:\/\/unctad.org\/press-material\/unctad-report-warns-economic-collapse-occupied-palestinian-territory-calls-urgent\" target=\"_blank\" rel=\"noopener\">a estim\u00e9<\/a> que les 26 mois de g\u00e9nocide isra\u00e9lien \u00e0 Gaza et les restrictions permanentes<\/p>\n<blockquote><p>\u00ab ont plong\u00e9 l&rsquo;\u00e9conomie du territoire palestinien occup\u00e9 dans sa contraction la plus grave jamais enregistr\u00e9e, balayant ainsi des d\u00e9cennies de gain issu du d\u00e9veloppement et approfondissant encore sa fragilit\u00e9 fiscale et sociale \u00bb<\/p><\/blockquote>\n<p>L&rsquo;effondrement sans pr\u00e9c\u00e9dent, <a href=\"https:\/\/x.com\/FranceskAlbs\/status\/1993353591671701982?ref_src=twsrc%5Etfw%7Ctwcamp%5Etweetembed%7Ctwterm%5E1993353591671701982%7Ctwgr%5E4d135d061e77cc6a61f9a6df01c63e7a38900534%7Ctwcon%5Es1_&amp;ref_url=https%3A%2F%2Felectronicintifada.net%2Fblogs%2Fnora-barrows-friedman%2Fisraeli-massacres-persist-harsh-winter-arrives-gaza\" target=\"_blank\" rel=\"noopener\">dit le rapport<\/a>,<\/p>\n<blockquote><p>\u00ab s&rsquo;est d\u00e9roul\u00e9 dans un contexte de longue fragilit\u00e9 \u00e9conomique et institutionnelle, avec de s\u00e9v\u00e8res cons\u00e9quences sociales et environnementales. Des d\u00e9g\u00e2ts extensifs aux infrastructures, aux moyens de production et aux services publics ont invers\u00e9 des d\u00e9cennies de progr\u00e8s socio\u00e9conomique dans les territoires palestiniens occup\u00e9s \u00bb.<\/p><\/blockquote>\n<p>La crise \u00e9conomique r\u00e9sultante, dit l&rsquo;agence de l&rsquo;ONU,<\/p>\n<blockquote><p>\u00ab figure parmi les dix crises les pires au niveau mondial depuis 1960 ; tandis que la situation \u00e0 Gaza reste \u00e0 part, en \u00e9tant la crise \u00e9conomique la plus s\u00e9v\u00e8re jamais enregistr\u00e9e \u00bb.<\/p><\/blockquote>\n<p>Certaines des statistiques publi\u00e9es par l&rsquo;agence comprennent une hausse de l&rsquo;inflation de 238 pour 100 \u00e0 la suite des restrictions sur l&rsquo;entr\u00e9e des produits humanitaires et commerciaux \u00e0 Gaza ; un taux de ch\u00f4mage de 80 pour 100, qui rejette la population tout enti\u00e8re de Gaza en dessous du seuil de pauvret\u00e9 ; et la perte de plus de 69 ann\u00e9es de d\u00e9veloppement humain.<\/p>\n<p>&nbsp;<\/p>\n<h3>Ex\u00e9cutions et raids en Cisjordanie<\/h3>\n<p>En Cisjordanie occup\u00e9e, les soldats isra\u00e9liens ont tu\u00e9 au moins cinq Palestiniens au cours des raids et des invasions de cette semaine.<\/p>\n<p>Le 27 novembre, les forces isra\u00e9liennes ont<a href=\"https:\/\/www.middleeasteye.net\/news\/west-bank-israeli-forces-execute-two-palestinians-point-blank-range\" target=\"_blank\" rel=\"noopener\"> abattu et tu\u00e9<\/a> deux Palestiniens \u00e0 J\u00e9nine, dans le nord, au cours d&rsquo;ex\u00e9cutions qui ont \u00e9t\u00e9 enregistr\u00e9es sur vid\u00e9o.<\/p>\n<p>La prise de vue montrait Al-Muntasir Billah Mahmoud Qassem Abdullah et Yousef Ali Yousef Asasa sortant d&rsquo;un immeuble les bras en l&rsquo;air et leurs chemises soulev\u00e9es, indiquant clairement qu&rsquo;ils n&rsquo;\u00e9taient pas arm\u00e9s et qu&rsquo;ils ne constituaient aucune menace pour les soldats, selon Middle East Eye.<\/p>\n<p>Les soldats les ont alors abattus \u00e0 bout portant.<\/p>\n<p>Les forces isra\u00e9liennes ont retenu leurs corps, apr\u00e8s les avoir tu\u00e9s, et le ministre isra\u00e9lien de la s\u00e9curit\u00e9 nationale, Itamar Ben-Gvir, a c\u00e9l\u00e9br\u00e9 les ex\u00e9cutions dans les m\u00e9dias sociaux.<\/p>\n<p>Al Jazeera <a href=\"https:\/\/www.aljazeera.com\/news\/liveblog\/2025\/12\/3\/live-israeli-forces-kill-357-palestinians-in-50-days-of-ceasefire-in-gaza?update=4147182\" target=\"_blank\" rel=\"noopener\">a rapport\u00e9<\/a> le 2 d\u00e9cembre que des soldats isra\u00e9liens avaient tu\u00e9 un adolescent de 17 ans, Muhannad Tariq Muhammad al-Zughair, \u00e0 H\u00e9bron, dans le sud, apr\u00e8s que l&rsquo;arm\u00e9e avait pr\u00e9tendu qu&rsquo;il \u00e9tait responsable d&rsquo;une attaque \u00e0 la voiture-b\u00e9lier.<\/p>\n<p>Un autre Palestinien de 18 ans, Raslan Asmar, a \u00e9t\u00e9 abattu et tu\u00e9 pr\u00e8s d&rsquo;Umm Safa, au nord-ouest de Ramallah, apr\u00e8s que l&rsquo;arm\u00e9e avait suppos\u00e9 qu&rsquo;il avait poignard\u00e9 deux soldats isra\u00e9liens.<\/p>\n<p>Lundi 1er d\u00e9cembre, les forces isra\u00e9liennes ont <a href=\"https:\/\/x.com\/TheCradleMedia\/status\/1995513585305285027?ref_src=twsrc%5Etfw%7Ctwcamp%5Etweetembed%7Ctwterm%5E1995513585305285027%7Ctwgr%5E4d135d061e77cc6a61f9a6df01c63e7a38900534%7Ctwcon%5Es1_&amp;ref_url=https%3A%2F%2Felectronicintifada.net%2Fblogs%2Fnora-barrows-friedman%2Fisraeli-massacres-persist-harsh-winter-arrives-gaza\" target=\"_blank\" rel=\"noopener\">perquisitionn\u00e9 et vandalis\u00e9<\/a> les bureaux de l&rsquo;Union des comit\u00e9s du travail agricole (UAWC) \u00e0 Ramallah et \u00e0 H\u00e9bron,<\/p>\n<blockquote><p>\u00ab intensifiant ainsi le ciblage par Isra\u00ebl des d\u00e9fenseurs de la soci\u00e9t\u00e9 civile palestinienne et de ses droits humains, plus particuli\u00e8rement dans le contexte de la saison de r\u00e9colte des olives \u00bb,<\/p><\/blockquote>\n<p><a href=\"https:\/\/reliefweb.int\/report\/occupied-palestinian-territory\/crackdown-palestinian-civil-society-union-agricultural-work-committees-raided-enar\" target=\"_blank\" rel=\"noopener\">a fait savoir<\/a> le bureau du haut commissaire des droits humains des Nations unies.<\/p>\n<p>La UAWC est <a href=\"https:\/\/electronicintifada.net\/content\/israel-declares-war-palestinian-rights-groups\/34166\" target=\"_blank\" rel=\"noopener\">l&rsquo;une des six principales organisations de la soci\u00e9t\u00e9 civile palestinienne d\u00e9sign\u00e9es comme <em>\u00ab terroristes \u00bb<\/em><\/a> par Isra\u00ebl en 2021. Les organisations ont coop\u00e9r\u00e9 \u00e9troitement avec la Cour p\u00e9nale internationale dans son enqu\u00eate sur les crimes de guerre en Cisjordanie et \u00e0 Gaza.<\/p>\n<p>\u00c0 ce jour, aucune preuve n&rsquo;a jamais \u00e9t\u00e9 fournie pour \u00e9tayer ces accusations, a fait remarquer l&rsquo;ONU.<\/p>\n<blockquote><p>\u00ab Autoris\u00e9e en vertu de la loi palestinienne, la UAWC assure depuis longtemps un soutien aux communaut\u00e9s rurales palestiniennes et aux fermiers palestiniens confront\u00e9s \u00e0 la violences des colons et au risque de d\u00e9placement forc\u00e9. L&rsquo;attaque contre la UAWC est venue apr\u00e8s des semaines de harc\u00e8lement et d&rsquo;incitation publique par les colons isra\u00e9liens et les dirigeants de leurs organisations, lesquelles citaient en particulier le travail de la UAWC au cours de la saison de r\u00e9colte des olives \u00bb,<\/p><\/blockquote>\n<p>a ajout\u00e9 l&rsquo;ONU.<\/p>\n<p>La saison de r\u00e9colte des olives de cette ann\u00e9e est la plus violente jamais enregistr\u00e9e avec, \u00e0 la mi-novembre, 167 attaques de colons ayant affect\u00e9 87 communaut\u00e9s palestiniennes.<\/p>\n<p>Le 23 novembre, \u00e0 J\u00e9rusalem occup\u00e9e, le ministre isra\u00e9lien Itamar Ben-Gvir a apparemment ordonn\u00e9 \u00e0 la police isra\u00e9lienne de <a href=\"https:\/\/x.com\/RamAbdu\/status\/1995604671785042231?ref_src=twsrc%5Etfw%7Ctwcamp%5Etweetembed%7Ctwterm%5E1995604671785042231%7Ctwgr%5E8d8a693a40505bf94614e39e0e5df58152ef090b%7Ctwcon%5Es1_&amp;ref_url=https%3A%2F%2Felectronicintifada.net%2Fblogs%2Fnora-barrows-friedman%2Fisraeli-massacres-persist-harsh-winter-arrives-gaza\" target=\"_blank\" rel=\"noopener\">faire irruption au th\u00e9\u00e2tre El-Hakawai<\/a> afin de <a href=\"https:\/\/www.haaretz.com\/israel-news\/2025-11-24\/ty-article\/.premium\/israel-police-raid-childrens-play-in-east-jerusalem-theater-on-ben-gvirs-orders\/0000019a-b6a6-db2f-afdf-b6beb9940000\" target=\"_blank\" rel=\"noopener\">perturber un spectacle enfantin<\/a>, en pr\u00e9tendant que le spectacle ne b\u00e9n\u00e9ficiait pas d&rsquo;une autorisation<\/p>\n<p>Le spectacle avait pour titre <em>\u00ab R\u00eaves sous un olivier \u00bb.<\/em><\/p>\n<p>Le minist\u00e8re de la culture de l&rsquo;Autorit\u00e9 palestinienne a d\u00e9clar\u00e9 :<\/p>\n<blockquote><p>\u00ab Cette attaque constitue une violation manifeste de toutes les lois et conventions internationales garantissant la protection des institutions culturelles, y compris la Convention pour la sauvegarde du patrimoine culturel de l&rsquo;UNESCO. \u00bb<\/p><\/blockquote>\n<p>Le ministre de la culture Imad Hamdan a d\u00e9clar\u00e9 que le th\u00e9\u00e2tre \u00e9tait<\/p>\n<blockquote><p>\u00ab un espace historique et national incarnant la m\u00e9moire collective de J\u00e9rusalem et refl\u00e9tant la r\u00e9silience des artistes palestiniens face aux tentatives de juda\u00efsation et d&rsquo;expropriation de terres. \u00bb<\/p><\/blockquote>\n<p>Et d&rsquo;ajouter que l&rsquo;intrusion faisait partie d&rsquo;une<\/p>\n<blockquote><p>\u00ab politique syst\u00e9matique visant \u00e0 r\u00e9duire au silence le discours palestinien et \u00e0 effacer l&rsquo;identit\u00e9 arabe de la ville \u00bb,<\/p><\/blockquote>\n<p>a rapport\u00e9 Haaretz, le quotidien de Tel-Aviv.<\/p>\n<p>&nbsp;<\/p>\n<h3>Mise en exergue de la r\u00e9silience<\/h3>\n<p>Enfin, conform\u00e9ment \u00e0 notre habitude, nous avons voulu mettre en lumi\u00e8re des gens qui exprimaient leur joie, leur d\u00e9termination et leur r\u00e9silience \u00e0 Gaza et dans le monde entier.<\/p>\n<p>\u00c0 Gaza, une petite \u00e9quipe d&rsquo;animateurs travaille avec des enfants d\u00e9plac\u00e9s afin de d\u00e9gager, via le cin\u00e9ma d&rsquo;animation, des moyens d&rsquo;assimiler les traumatismes et de raconter leurs propres histoires.<\/p>\n<p>Haneen Koraz, Shorouq Darwish et Nour al-Jawad, du projet Animation Workshop (Atelier d&rsquo;animation), disent que \u00ab l&rsquo;animation, ici, n&rsquo;est pas simplement une technique, mais un langage neuf dans l&rsquo;expression de soi, un espace libre pour une exploration artistique en profondeur \u00bb.<\/p>\n<p>Ce court m\u00e9trage, intitul\u00e9 <a href=\"https:\/\/www.instagram.com\/p\/DQR5Q-BDpvA\/\" target=\"_blank\" rel=\"noopener\"><em>When she left, life bloomed<\/em><\/a> (<em>Quand elle est partie, la vie a fleuri<\/em>), a \u00e9t\u00e9 r\u00e9alis\u00e9 par des enfants d\u00e9plac\u00e9s \u00e2g\u00e9s de 9 \u00e0 12 ans, originaires du camp de r\u00e9fugi\u00e9s de Nuseirat et de Deir al-Balah.<\/p>\n<p>Vous pouvez en savoir plus sur le projet Animation Workshop sur<a href=\"https:\/\/www.instagram.com\/animator_haneen\/\" target=\"_blank\" rel=\"noopener\"> Instagram<\/a> et sur <a href=\"https:\/\/www.patreon.com\/AnimationStories\/about\" target=\"_blank\" rel=\"noopener\">Patreon.<\/a><\/p>\n<p style=\"text-align: center;\">*****<\/p>\n<p>Publi\u00e9 le 5 d\u00e9cembre 2025 sur<a href=\"https:\/\/electronicintifada.net\/blogs\/nora-barrows-friedman\/israeli-massacres-persist-harsh-winter-arrives-gaza\" target=\"_blank\" rel=\"noopener\"> The Electronic Intifada<\/a><br \/>\nTraduction : Jean-Marie Fl\u00e9mal, <a href=\"https:\/\/charleroi-pourlapalestine.be\/\">Charleroi pour la Palestine<\/a><\/p>\n<p>&nbsp;<\/p>\n","protected":false},"excerpt":{"rendered":"<p>L&rsquo;arm\u00e9e isra\u00e9lienne continue de tuer et de blesser des Palestiniens dans la bande de Gaza et ce, malgr\u00e9 le pr\u00e9tendu cessez-le-feu du 10 octobre.<\/p>\n","protected":false},"author":1,"featured_media":87622,"comment_status":"closed","ping_status":"closed","sticky":false,"template":"","format":"standard","meta":{"ngg_post_thumbnail":0,"footnotes":""},"categories":[1078,1024,7,6,344,939,1077,778,13,494],"tags":[],"class_list":["post-87620","post","type-post","status-publish","format-standard","has-post-thumbnail","hentry","category-cessez-le-feu-2","category-aide-humanitarie","category-cisjordanie","category-gaza","category-genocide","category-journalistes-palestiniens","category-malnutrition","category-massacres","category-les-prisionners-palestiniens","category-torture"],"yoast_head":"<!-- This site is optimized with the Yoast SEO plugin v27.3 - https:\/\/yoast.com\/product\/yoast-seo-wordpress\/ -->\n<title>Les massacres isra\u00e9liens se poursuivent au moment o\u00f9 un hiver rude s&#039;abat sur Gaza<\/title>\n<meta name=\"description\" content=\"L&#039;arm\u00e9e isra\u00e9lienne continue de tuer et de blesser des Palestiniens dans la bande de Gaza et ce, malgr\u00e9 le pr\u00e9tendu cessez-le-feu\" \/>\n<meta name=\"robots\" content=\"index, follow, max-snippet:-1, max-image-preview:large, max-video-preview:-1\" \/>\n<link rel=\"canonical\" href=\"https:\/\/charleroi-pourlapalestine.be\/index.php\/2025\/12\/08\/les-massacres-israeliens-se-poursuivent-au-moment-ou-un-hiver-rude-sabat-sur-gaza\/\" \/>\n<script type=\"application\/ld+json\" class=\"yoast-schema-graph\">{\"@context\":\"https:\\\/\\\/schema.org\",\"@graph\":[{\"@type\":\"Article\",\"@id\":\"https:\\\/\\\/charleroi-pourlapalestine.be\\\/index.php\\\/2025\\\/12\\\/08\\\/les-massacres-israeliens-se-poursuivent-au-moment-ou-un-hiver-rude-sabat-sur-gaza\\\/#article\",\"isPartOf\":{\"@id\":\"https:\\\/\\\/charleroi-pourlapalestine.be\\\/index.php\\\/2025\\\/12\\\/08\\\/les-massacres-israeliens-se-poursuivent-au-moment-ou-un-hiver-rude-sabat-sur-gaza\\\/\"},\"author\":{\"name\":\"admin1873\",\"@id\":\"https:\\\/\\\/charleroi-pourlapalestine.be\\\/#\\\/schema\\\/person\\\/c19ff515112f1299d8c12671d8fe3faa\"},\"headline\":\"Les massacres isra\u00e9liens se poursuivent au moment o\u00f9 un hiver rude s&rsquo;abat sur Gaza\",\"datePublished\":\"2025-12-08T13:18:55+00:00\",\"dateModified\":\"2025-12-08T13:23:34+00:00\",\"mainEntityOfPage\":{\"@id\":\"https:\\\/\\\/charleroi-pourlapalestine.be\\\/index.php\\\/2025\\\/12\\\/08\\\/les-massacres-israeliens-se-poursuivent-au-moment-ou-un-hiver-rude-sabat-sur-gaza\\\/\"},\"wordCount\":3554,\"publisher\":{\"@id\":\"https:\\\/\\\/charleroi-pourlapalestine.be\\\/#organization\"},\"image\":{\"@id\":\"https:\\\/\\\/charleroi-pourlapalestine.be\\\/index.php\\\/2025\\\/12\\\/08\\\/les-massacres-israeliens-se-poursuivent-au-moment-ou-un-hiver-rude-sabat-sur-gaza\\\/#primaryimage\"},\"thumbnailUrl\":\"https:\\\/\\\/charleroi-pourlapalestine.be\\\/wp-content\\\/uploads\\\/2025\\\/12\\\/Les-massacres-israeliens-se-poursuivent.png\",\"articleSection\":[\"\\\"Cessez-le-feu\\\"\",\"Aide humanitarie\",\"Cisjordanie\",\"Gaza\",\"G\u00e9nocide\",\"Journalistes palestiniens\",\"malnutrition\",\"Massacres\",\"Prisonniers\",\"Torture\"],\"inLanguage\":\"fr-FR\"},{\"@type\":\"WebPage\",\"@id\":\"https:\\\/\\\/charleroi-pourlapalestine.be\\\/index.php\\\/2025\\\/12\\\/08\\\/les-massacres-israeliens-se-poursuivent-au-moment-ou-un-hiver-rude-sabat-sur-gaza\\\/\",\"url\":\"https:\\\/\\\/charleroi-pourlapalestine.be\\\/index.php\\\/2025\\\/12\\\/08\\\/les-massacres-israeliens-se-poursuivent-au-moment-ou-un-hiver-rude-sabat-sur-gaza\\\/\",\"name\":\"Les massacres isra\u00e9liens se poursuivent au moment o\u00f9 un hiver rude s'abat sur Gaza\",\"isPartOf\":{\"@id\":\"https:\\\/\\\/charleroi-pourlapalestine.be\\\/#website\"},\"primaryImageOfPage\":{\"@id\":\"https:\\\/\\\/charleroi-pourlapalestine.be\\\/index.php\\\/2025\\\/12\\\/08\\\/les-massacres-israeliens-se-poursuivent-au-moment-ou-un-hiver-rude-sabat-sur-gaza\\\/#primaryimage\"},\"image\":{\"@id\":\"https:\\\/\\\/charleroi-pourlapalestine.be\\\/index.php\\\/2025\\\/12\\\/08\\\/les-massacres-israeliens-se-poursuivent-au-moment-ou-un-hiver-rude-sabat-sur-gaza\\\/#primaryimage\"},\"thumbnailUrl\":\"https:\\\/\\\/charleroi-pourlapalestine.be\\\/wp-content\\\/uploads\\\/2025\\\/12\\\/Les-massacres-israeliens-se-poursuivent.png\",\"datePublished\":\"2025-12-08T13:18:55+00:00\",\"dateModified\":\"2025-12-08T13:23:34+00:00\",\"description\":\"L'arm\u00e9e isra\u00e9lienne continue de tuer et de blesser des Palestiniens dans la bande de Gaza et ce, malgr\u00e9 le pr\u00e9tendu cessez-le-feu\",\"breadcrumb\":{\"@id\":\"https:\\\/\\\/charleroi-pourlapalestine.be\\\/index.php\\\/2025\\\/12\\\/08\\\/les-massacres-israeliens-se-poursuivent-au-moment-ou-un-hiver-rude-sabat-sur-gaza\\\/#breadcrumb\"},\"inLanguage\":\"fr-FR\",\"potentialAction\":[{\"@type\":\"ReadAction\",\"target\":[\"https:\\\/\\\/charleroi-pourlapalestine.be\\\/index.php\\\/2025\\\/12\\\/08\\\/les-massacres-israeliens-se-poursuivent-au-moment-ou-un-hiver-rude-sabat-sur-gaza\\\/\"]}]},{\"@type\":\"ImageObject\",\"inLanguage\":\"fr-FR\",\"@id\":\"https:\\\/\\\/charleroi-pourlapalestine.be\\\/index.php\\\/2025\\\/12\\\/08\\\/les-massacres-israeliens-se-poursuivent-au-moment-ou-un-hiver-rude-sabat-sur-gaza\\\/#primaryimage\",\"url\":\"https:\\\/\\\/charleroi-pourlapalestine.be\\\/wp-content\\\/uploads\\\/2025\\\/12\\\/Les-massacres-israeliens-se-poursuivent.png\",\"contentUrl\":\"https:\\\/\\\/charleroi-pourlapalestine.be\\\/wp-content\\\/uploads\\\/2025\\\/12\\\/Les-massacres-israeliens-se-poursuivent.png\",\"width\":1031,\"height\":703},{\"@type\":\"BreadcrumbList\",\"@id\":\"https:\\\/\\\/charleroi-pourlapalestine.be\\\/index.php\\\/2025\\\/12\\\/08\\\/les-massacres-israeliens-se-poursuivent-au-moment-ou-un-hiver-rude-sabat-sur-gaza\\\/#breadcrumb\",\"itemListElement\":[{\"@type\":\"ListItem\",\"position\":1,\"name\":\"Accueil\",\"item\":\"https:\\\/\\\/charleroi-pourlapalestine.be\\\/\"},{\"@type\":\"ListItem\",\"position\":2,\"name\":\"Les massacres isra\u00e9liens se poursuivent au moment o\u00f9 un hiver rude s&rsquo;abat sur Gaza\"}]},{\"@type\":\"WebSite\",\"@id\":\"https:\\\/\\\/charleroi-pourlapalestine.be\\\/#website\",\"url\":\"https:\\\/\\\/charleroi-pourlapalestine.be\\\/\",\"name\":\"Charleroi Pour la Palestine\",\"description\":\"\",\"publisher\":{\"@id\":\"https:\\\/\\\/charleroi-pourlapalestine.be\\\/#organization\"},\"potentialAction\":[{\"@type\":\"SearchAction\",\"target\":{\"@type\":\"EntryPoint\",\"urlTemplate\":\"https:\\\/\\\/charleroi-pourlapalestine.be\\\/?s={search_term_string}\"},\"query-input\":{\"@type\":\"PropertyValueSpecification\",\"valueRequired\":true,\"valueName\":\"search_term_string\"}}],\"inLanguage\":\"fr-FR\"},{\"@type\":\"Organization\",\"@id\":\"https:\\\/\\\/charleroi-pourlapalestine.be\\\/#organization\",\"name\":\"Plate-forme Charleroi-Palestine\",\"url\":\"https:\\\/\\\/charleroi-pourlapalestine.be\\\/\",\"logo\":{\"@type\":\"ImageObject\",\"inLanguage\":\"fr-FR\",\"@id\":\"https:\\\/\\\/charleroi-pourlapalestine.be\\\/#\\\/schema\\\/logo\\\/image\\\/\",\"url\":\"https:\\\/\\\/charleroi-pourlapalestine.be\\\/wp-content\\\/uploads\\\/2020\\\/01\\\/logo-Copy.jpg\",\"contentUrl\":\"https:\\\/\\\/charleroi-pourlapalestine.be\\\/wp-content\\\/uploads\\\/2020\\\/01\\\/logo-Copy.jpg\",\"width\":180,\"height\":180,\"caption\":\"Plate-forme Charleroi-Palestine\"},\"image\":{\"@id\":\"https:\\\/\\\/charleroi-pourlapalestine.be\\\/#\\\/schema\\\/logo\\\/image\\\/\"},\"sameAs\":[\"https:\\\/\\\/www.facebook.com\\\/PlateformeCharleroiPalestine\\\/\",\"https:\\\/\\\/x.com\\\/LaCharleroi\"]},{\"@type\":\"Person\",\"@id\":\"https:\\\/\\\/charleroi-pourlapalestine.be\\\/#\\\/schema\\\/person\\\/c19ff515112f1299d8c12671d8fe3faa\",\"name\":\"admin1873\",\"url\":\"https:\\\/\\\/charleroi-pourlapalestine.be\\\/index.php\\\/author\\\/admin1873\\\/\"}]}<\/script>\n<!-- \/ Yoast SEO plugin. -->","yoast_head_json":{"title":"Les massacres isra\u00e9liens se poursuivent au moment o\u00f9 un hiver rude s'abat sur Gaza","description":"L'arm\u00e9e isra\u00e9lienne continue de tuer et de blesser des Palestiniens dans la bande de Gaza et ce, malgr\u00e9 le pr\u00e9tendu cessez-le-feu","robots":{"index":"index","follow":"follow","max-snippet":"max-snippet:-1","max-image-preview":"max-image-preview:large","max-video-preview":"max-video-preview:-1"},"canonical":"https:\/\/charleroi-pourlapalestine.be\/index.php\/2025\/12\/08\/les-massacres-israeliens-se-poursuivent-au-moment-ou-un-hiver-rude-sabat-sur-gaza\/","schema":{"@context":"https:\/\/schema.org","@graph":[{"@type":"Article","@id":"https:\/\/charleroi-pourlapalestine.be\/index.php\/2025\/12\/08\/les-massacres-israeliens-se-poursuivent-au-moment-ou-un-hiver-rude-sabat-sur-gaza\/#article","isPartOf":{"@id":"https:\/\/charleroi-pourlapalestine.be\/index.php\/2025\/12\/08\/les-massacres-israeliens-se-poursuivent-au-moment-ou-un-hiver-rude-sabat-sur-gaza\/"},"author":{"name":"admin1873","@id":"https:\/\/charleroi-pourlapalestine.be\/#\/schema\/person\/c19ff515112f1299d8c12671d8fe3faa"},"headline":"Les massacres isra\u00e9liens se poursuivent au moment o\u00f9 un hiver rude s&rsquo;abat sur Gaza","datePublished":"2025-12-08T13:18:55+00:00","dateModified":"2025-12-08T13:23:34+00:00","mainEntityOfPage":{"@id":"https:\/\/charleroi-pourlapalestine.be\/index.php\/2025\/12\/08\/les-massacres-israeliens-se-poursuivent-au-moment-ou-un-hiver-rude-sabat-sur-gaza\/"},"wordCount":3554,"publisher":{"@id":"https:\/\/charleroi-pourlapalestine.be\/#organization"},"image":{"@id":"https:\/\/charleroi-pourlapalestine.be\/index.php\/2025\/12\/08\/les-massacres-israeliens-se-poursuivent-au-moment-ou-un-hiver-rude-sabat-sur-gaza\/#primaryimage"},"thumbnailUrl":"https:\/\/charleroi-pourlapalestine.be\/wp-content\/uploads\/2025\/12\/Les-massacres-israeliens-se-poursuivent.png","articleSection":["\"Cessez-le-feu\"","Aide humanitarie","Cisjordanie","Gaza","G\u00e9nocide","Journalistes palestiniens","malnutrition","Massacres","Prisonniers","Torture"],"inLanguage":"fr-FR"},{"@type":"WebPage","@id":"https:\/\/charleroi-pourlapalestine.be\/index.php\/2025\/12\/08\/les-massacres-israeliens-se-poursuivent-au-moment-ou-un-hiver-rude-sabat-sur-gaza\/","url":"https:\/\/charleroi-pourlapalestine.be\/index.php\/2025\/12\/08\/les-massacres-israeliens-se-poursuivent-au-moment-ou-un-hiver-rude-sabat-sur-gaza\/","name":"Les massacres isra\u00e9liens se poursuivent au moment o\u00f9 un hiver rude s'abat sur Gaza","isPartOf":{"@id":"https:\/\/charleroi-pourlapalestine.be\/#website"},"primaryImageOfPage":{"@id":"https:\/\/charleroi-pourlapalestine.be\/index.php\/2025\/12\/08\/les-massacres-israeliens-se-poursuivent-au-moment-ou-un-hiver-rude-sabat-sur-gaza\/#primaryimage"},"image":{"@id":"https:\/\/charleroi-pourlapalestine.be\/index.php\/2025\/12\/08\/les-massacres-israeliens-se-poursuivent-au-moment-ou-un-hiver-rude-sabat-sur-gaza\/#primaryimage"},"thumbnailUrl":"https:\/\/charleroi-pourlapalestine.be\/wp-content\/uploads\/2025\/12\/Les-massacres-israeliens-se-poursuivent.png","datePublished":"2025-12-08T13:18:55+00:00","dateModified":"2025-12-08T13:23:34+00:00","description":"L'arm\u00e9e isra\u00e9lienne continue de tuer et de blesser des Palestiniens dans la bande de Gaza et ce, malgr\u00e9 le pr\u00e9tendu cessez-le-feu","breadcrumb":{"@id":"https:\/\/charleroi-pourlapalestine.be\/index.php\/2025\/12\/08\/les-massacres-israeliens-se-poursuivent-au-moment-ou-un-hiver-rude-sabat-sur-gaza\/#breadcrumb"},"inLanguage":"fr-FR","potentialAction":[{"@type":"ReadAction","target":["https:\/\/charleroi-pourlapalestine.be\/index.php\/2025\/12\/08\/les-massacres-israeliens-se-poursuivent-au-moment-ou-un-hiver-rude-sabat-sur-gaza\/"]}]},{"@type":"ImageObject","inLanguage":"fr-FR","@id":"https:\/\/charleroi-pourlapalestine.be\/index.php\/2025\/12\/08\/les-massacres-israeliens-se-poursuivent-au-moment-ou-un-hiver-rude-sabat-sur-gaza\/#primaryimage","url":"https:\/\/charleroi-pourlapalestine.be\/wp-content\/uploads\/2025\/12\/Les-massacres-israeliens-se-poursuivent.png","contentUrl":"https:\/\/charleroi-pourlapalestine.be\/wp-content\/uploads\/2025\/12\/Les-massacres-israeliens-se-poursuivent.png","width":1031,"height":703},{"@type":"BreadcrumbList","@id":"https:\/\/charleroi-pourlapalestine.be\/index.php\/2025\/12\/08\/les-massacres-israeliens-se-poursuivent-au-moment-ou-un-hiver-rude-sabat-sur-gaza\/#breadcrumb","itemListElement":[{"@type":"ListItem","position":1,"name":"Accueil","item":"https:\/\/charleroi-pourlapalestine.be\/"},{"@type":"ListItem","position":2,"name":"Les massacres isra\u00e9liens se poursuivent au moment o\u00f9 un hiver rude s&rsquo;abat sur Gaza"}]},{"@type":"WebSite","@id":"https:\/\/charleroi-pourlapalestine.be\/#website","url":"https:\/\/charleroi-pourlapalestine.be\/","name":"Charleroi Pour la Palestine","description":"","publisher":{"@id":"https:\/\/charleroi-pourlapalestine.be\/#organization"},"potentialAction":[{"@type":"SearchAction","target":{"@type":"EntryPoint","urlTemplate":"https:\/\/charleroi-pourlapalestine.be\/?s={search_term_string}"},"query-input":{"@type":"PropertyValueSpecification","valueRequired":true,"valueName":"search_term_string"}}],"inLanguage":"fr-FR"},{"@type":"Organization","@id":"https:\/\/charleroi-pourlapalestine.be\/#organization","name":"Plate-forme Charleroi-Palestine","url":"https:\/\/charleroi-pourlapalestine.be\/","logo":{"@type":"ImageObject","inLanguage":"fr-FR","@id":"https:\/\/charleroi-pourlapalestine.be\/#\/schema\/logo\/image\/","url":"https:\/\/charleroi-pourlapalestine.be\/wp-content\/uploads\/2020\/01\/logo-Copy.jpg","contentUrl":"https:\/\/charleroi-pourlapalestine.be\/wp-content\/uploads\/2020\/01\/logo-Copy.jpg","width":180,"height":180,"caption":"Plate-forme Charleroi-Palestine"},"image":{"@id":"https:\/\/charleroi-pourlapalestine.be\/#\/schema\/logo\/image\/"},"sameAs":["https:\/\/www.facebook.com\/PlateformeCharleroiPalestine\/","https:\/\/x.com\/LaCharleroi"]},{"@type":"Person","@id":"https:\/\/charleroi-pourlapalestine.be\/#\/schema\/person\/c19ff515112f1299d8c12671d8fe3faa","name":"admin1873","url":"https:\/\/charleroi-pourlapalestine.be\/index.php\/author\/admin1873\/"}]}},"_links":{"self":[{"href":"https:\/\/charleroi-pourlapalestine.be\/index.php\/wp-json\/wp\/v2\/posts\/87620","targetHints":{"allow":["GET"]}}],"collection":[{"href":"https:\/\/charleroi-pourlapalestine.be\/index.php\/wp-json\/wp\/v2\/posts"}],"about":[{"href":"https:\/\/charleroi-pourlapalestine.be\/index.php\/wp-json\/wp\/v2\/types\/post"}],"author":[{"embeddable":true,"href":"https:\/\/charleroi-pourlapalestine.be\/index.php\/wp-json\/wp\/v2\/users\/1"}],"replies":[{"embeddable":true,"href":"https:\/\/charleroi-pourlapalestine.be\/index.php\/wp-json\/wp\/v2\/comments?post=87620"}],"version-history":[{"count":0,"href":"https:\/\/charleroi-pourlapalestine.be\/index.php\/wp-json\/wp\/v2\/posts\/87620\/revisions"}],"wp:featuredmedia":[{"embeddable":true,"href":"https:\/\/charleroi-pourlapalestine.be\/index.php\/wp-json\/wp\/v2\/media\/87622"}],"wp:attachment":[{"href":"https:\/\/charleroi-pourlapalestine.be\/index.php\/wp-json\/wp\/v2\/media?parent=87620"}],"wp:term":[{"taxonomy":"category","embeddable":true,"href":"https:\/\/charleroi-pourlapalestine.be\/index.php\/wp-json\/wp\/v2\/categories?post=87620"},{"taxonomy":"post_tag","embeddable":true,"href":"https:\/\/charleroi-pourlapalestine.be\/index.php\/wp-json\/wp\/v2\/tags?post=87620"}],"curies":[{"name":"wp","href":"https:\/\/api.w.org\/{rel}","templated":true}]}}