{"id":87921,"date":"2026-01-03T18:42:06","date_gmt":"2026-01-03T17:42:06","guid":{"rendered":"https:\/\/charleroi-pourlapalestine.be\/?p=87921"},"modified":"2026-01-03T18:44:24","modified_gmt":"2026-01-03T17:44:24","slug":"tempetes-et-famine-au-moment-ou-gaza-entame-lan-neuf-sous-siege-israelien","status":"publish","type":"post","link":"https:\/\/charleroi-pourlapalestine.be\/index.php\/2026\/01\/03\/tempetes-et-famine-au-moment-ou-gaza-entame-lan-neuf-sous-siege-israelien\/","title":{"rendered":"Temp\u00eates et famine au moment o\u00f9 Gaza entame l&rsquo;an neuf sous si\u00e8ge isra\u00e9lien"},"content":{"rendered":"<p>&nbsp;<\/p>\n<p>Plus de 80 jours apr\u00e8s le pr\u00e9tendu accord de cessez-le-feu sign\u00e9 en octobre 2025, Isra\u00ebl continue de tuer et de blesser des Palestiniens dans toute la bande de Gaza en bombardant, mitraillant et d\u00e9truisant des zones au-del\u00e0 de la vague ligne jaune \u2013 une ligne qui ne cesse de se d\u00e9placer vers l&rsquo;ouest.<\/p>\n<p><a href=\"https:\/\/electronicintifada.net\/people\/nora-barrows-friedman\">Nora Barrows-Friedman<\/a>\u00a0 \u00a0<a href=\"https:\/\/electronicintifada.net\/blogs\/nora-barrows-friedman\/storms-starvation-gaza-enters-new-year-under-israeli-siege\">The Electronic Intifada<\/a>\u00a0 \u00a031 d\u00e9cembre 2025<\/p>\n<p>&nbsp;<\/p>\n<div id=\"attachment_87948\" style=\"width: 914px\" class=\"wp-caption alignnone\"><img loading=\"lazy\" decoding=\"async\" aria-describedby=\"caption-attachment-87948\" class=\" wp-image-87948\" src=\"https:\/\/charleroi-pourlapalestine.be\/wp-content\/uploads\/2026\/01\/stormandstarvation-350x233.webp\" alt=\"\" width=\"904\" height=\"602\" srcset=\"https:\/\/charleroi-pourlapalestine.be\/wp-content\/uploads\/2026\/01\/stormandstarvation-350x233.webp 350w, https:\/\/charleroi-pourlapalestine.be\/wp-content\/uploads\/2026\/01\/stormandstarvation-700x466.webp 700w, https:\/\/charleroi-pourlapalestine.be\/wp-content\/uploads\/2026\/01\/stormandstarvation-768x512.webp 768w, https:\/\/charleroi-pourlapalestine.be\/wp-content\/uploads\/2026\/01\/stormandstarvation.webp 800w\" sizes=\"auto, (max-width: 904px) 100vw, 904px\" \/><p id=\"caption-attachment-87948\" class=\"wp-caption-text\">28 d\u00e9cembre 2025. Les pluies hivernales et les lourdes temp\u00eates ont d\u00e9truit et inond\u00e9 les tentes-abris d\u00e9penaill\u00e9es des familles palestiniennes d\u00e9plac\u00e9es \u00e0 l&rsquo;ouest de la ville de Gaza. (Photo : Omar Ashtawy \/ APA images)<\/p><\/div>\n<p>&nbsp;<\/p>\n<p>&nbsp;<\/p>\n<p style=\"text-align: center;\"><a href=\"https:\/\/www.youtube.com\/watch?v=x8XxnPBYYHE\"><em><strong>Le texte qui suit est un condens\u00e9 des informations propos\u00e9es<\/strong><\/em><\/a><\/p>\n<p style=\"text-align: center;\"><a href=\"https:\/\/www.youtube.com\/watch?v=x8XxnPBYYHE\"><em><strong> lors du livestream du 30 d\u00e9cembre 2025.<\/strong><\/em><\/a><\/p>\n<p style=\"text-align: center;\"><a href=\"https:\/\/www.youtube.com\/watch?v=x8XxnPBYYHE\"><em><strong> Vous pouvez voir l&rsquo;\u00e9mission dans sa <\/strong><\/em><\/a><\/p>\n<p style=\"text-align: center;\"><a href=\"https:\/\/www.youtube.com\/watch?v=x8XxnPBYYHE\"><em><strong>totalit\u00e9 (en anglais) <\/strong><\/em><\/a><\/p>\n<p style=\"text-align: center;\"><a href=\"https:\/\/www.youtube.com\/watch?v=x8XxnPBYYHE\"><em><strong>ici<\/strong><\/em><\/a><\/p>\n<p>&nbsp;<\/p>\n<p>&nbsp;<\/p>\n<p>&nbsp;<\/p>\n<p>De m\u00eame, Isra\u00ebl emp\u00eache toujours l&rsquo;entr\u00e9e d&rsquo;abris et de fournitures de base malgr\u00e9 les temp\u00eates brutales et les temp\u00e9ratures autour de 0 \u00b0C et le fait que les tentes sont inond\u00e9es et que les immeubles partiellement d\u00e9truits s&rsquo;effondrent sur les gens qui s&rsquo;y sont r\u00e9fugi\u00e9s.<\/p>\n<p>Au moins trois Palestiniens ont \u00e9t\u00e9 <a href=\"https:\/\/www.aa.com.tr\/en\/middle-east\/3-palestinians-injured-in-israeli-strikes-on-gaza-refugee-camp-despite-ceasefire\/3783686\">bless\u00e9s<\/a> quand les Isra\u00e9liens ont vis\u00e9 le camp de r\u00e9fugi\u00e9s de Jabaliya, dans le nord de Gaza, et des t\u00e9moins ont d\u00e9clar\u00e9 que l&rsquo;attaque avait eu lieu dans une zone d&rsquo;o\u00f9 les forces isra\u00e9liennes s&rsquo;\u00e9taient retir\u00e9es conform\u00e9ment au pr\u00e9tendu accord de cessez-le-feu.<\/p>\n<p>Isra\u00ebl <a href=\"https:\/\/www.aljazeera.com\/news\/2025\/12\/29\/tents-flooded-by-heavy-rains-in-gaza-amid-calls-for-israel-to-let-in-aid\">a effectu\u00e9<\/a> un raid a\u00e9rien contre des secteurs est du camp de r\u00e9fugi\u00e9s d&rsquo;al-Bureij, dans le centre de l&rsquo;enclave, ainsi que des tirs d&rsquo;artillerie \u00e0 l&rsquo;est de Rafah et dans les quartiers est de la ville de Gaza.<\/p>\n<p>Le bureau gouvernemental des m\u00e9dias de Gaza <a href=\"https:\/\/t.me\/mediagovps\/3981\">a d\u00e9clar\u00e9<\/a> le 28 d\u00e9cembre que, au cours des 80 jours \u00e9coul\u00e9s, Isra\u00ebl avait commis 969 violations de l&rsquo;accord de cessez-le-feu, au cours desquelles 418 Palestiniens avaient \u00e9t\u00e9 tu\u00e9s et plus de 1 100 autres bless\u00e9s.<\/p>\n<p>Parmi ces violations figurent pr\u00e8s de 300 incidents de tirs directs sur des civils, 54 incursions militaires dans des zones r\u00e9sidentielles, 455 bombardements et attaques cibl\u00e9es contre les Palestiniens et plus de 160 bombardements de maisons, d&rsquo;institutions et d&rsquo;autres b\u00e2timents civils.<\/p>\n<p>\u00ab La bande de Gaza est confront\u00e9e \u00e0 une mort lente du fait que l&rsquo;occupation continue de se soustraire \u00e0 ses obligations telles qu&rsquo;\u00e9nonc\u00e9es dans l&rsquo;accord et les protocoles humanitaires \u00bb, a d\u00e9clar\u00e9 le bureau des m\u00e9dias.<\/p>\n<p>\u00ab Elle n&rsquo;a m\u00eame pas livr\u00e9 les quantit\u00e9s d&rsquo;aide minimales convenues \u00bb, a-t-il dit, ajoutant que l&rsquo;actuel refus d&rsquo;Isra\u00ebl de laisser entrer les quantit\u00e9s n\u00e9cessaires de vivres, de m\u00e9dicaments, d&rsquo;eau et de carburant aggravait encore la crise humanitaire catastrophique.<\/p>\n<p>\u00c0 peine 42 pour 100 de l&rsquo;aide humanitaire attendue a pu entrer, alors que 10 pour 100 seulement des camions de carburant n\u00e9cessaires sont entr\u00e9s, ce qui laisse les h\u00f4pitaux, les boulangeries et les installations d&rsquo;eau et les sites de soins dans l&rsquo;impossibilit\u00e9 de fonctionner.<\/p>\n<p>Le bureau des m\u00e9dias a r\u00e9p\u00e9t\u00e9 ses pr\u00e9c\u00e9dentes mises en garde \u00e0 propos de l&rsquo;aggravation de la crise d\u00e9lib\u00e9r\u00e9e pour les Palestiniens au cours des mois d&rsquo;hiver du fait qu&rsquo;Isra\u00ebl emp\u00eache l&rsquo;entr\u00e9e des caravanes pr\u00e9fabriqu\u00e9es et des mat\u00e9riaux pour abris, lesquels restent coinc\u00e9s \u00e0 quelques kilom\u00e8tres \u00e0 peine de l&rsquo;autre c\u00f4t\u00e9 des passages frontaliers.<\/p>\n<p>\u00ab Nous mettons l&rsquo;accent sur le fait que la poursuite de ces violations constitue un contournement dangereux du cessez-le-feu et une tentative en vue d&rsquo;imposer une \u00e9quation humanitaire bas\u00e9e sur la soumission, l&rsquo;affamement et l&rsquo;extorsion \u00bb, a d\u00e9clar\u00e9 le bureau des m\u00e9dias, ajoutant qu&rsquo;il tenait Isra\u00ebl \u00ab pleinement responsable de l&rsquo;actuelle d\u00e9t\u00e9rioration de la situation humanitaire et des vies perdues ainsi que de la destruction de biens dans une p\u00e9riode au cours de laquelle un cessez-le-feu complet et durable est cens\u00e9 \u00eatre en place \u00bb.<\/p>\n<p>&nbsp;<\/p>\n<h3><strong>Le blocus en tant qu&rsquo;outil du g\u00e9nocide<\/strong><\/h3>\n<p>\u00ab Le blocus ill\u00e9gal et l&rsquo;interdiction par Isra\u00ebl de l&rsquo;entr\u00e9e des unit\u00e9s de logement temporaire ont effectivement \u00e9limin\u00e9 toutes les options pour des milliers de familles, les obligeant \u00e0 rester dans des habitations d\u00e9truites ou s\u00e9v\u00e8rement endommag\u00e9es qui sont devenues des bombes \u00e0 retardement susceptibles de s&rsquo;effondrer \u00e0 tout moment \u00bb, <a href=\"https:\/\/euromedmonitor.org\/en\/article\/6948\/Israel-weaponises-winter-in-Gaza-and-must-allow-the-immediate-entry-of-temporary-housing\">a d\u00e9clar\u00e9<\/a> Euro-Med cette semaine.<\/p>\n<p>L&rsquo;organisation des droits humains a dit que \u00ab Isra\u00ebl se servait du blocus comme outil du g\u00e9nocide et dans le but de cr\u00e9er des conditions de vie meurtri\u00e8res en bloquant le reconstruction et les r\u00e9parations, en emp\u00eachant l&rsquo;entr\u00e9e des mat\u00e9riaux et des \u00e9quipements n\u00e9cessaires pour d\u00e9blayer les d\u00e9combres et r\u00e9parer les habitations, les syst\u00e8mes d&rsquo;eau et sanitaires ainsi que les r\u00e9seaux d&rsquo;\u00e9lectricit\u00e9 et en entravant les efforts de r\u00e9ponse humanitaire tout en sabotant la capacit\u00e9 des institutions d&rsquo;aide \u00e0 fournir ne serait-ce qu&rsquo;une protection minimale \u00bb.<\/p>\n<p>Par cons\u00e9quent, a ajout\u00e9 Euro-Med, \u00ab les civils sont forc\u00e9s de choisir entre rester dans des logements en ruine au bord de l&rsquo;effondrement ou s&rsquo;abriter sous des tentes fragiles qui n&rsquo;offrent pas la moindre protection contre le froid hivernal ou la pluie \u00bb.<\/p>\n<p>Mahmoud Basal, le porte-parole de la d\u00e9fense civile de Gaza, a dit que, tout r\u00e9cemment, une temp\u00eate, associ\u00e9e au refus d&rsquo;Isra\u00ebl de laisser entrer des mat\u00e9riaux de base pour les abris, avait tu\u00e9 au moins deux Palestiniens de plus cette semaine, dont <a href=\"https:\/\/www.aljazeera.com\/news\/2025\/12\/28\/gaza-storm-kills-palestinian-woman-as-israeli-curbs-on-aid-compound-misery\">une femme tu\u00e9e<\/a> lorsqu&rsquo;un mur en mauvais \u00e9tat s&rsquo;\u00e9tait effondr\u00e9 sur elle, ainsi qu&rsquo;un gosse de 7 ans qui \u00e9tait tomb\u00e9 dans l&rsquo;eau et s&rsquo;\u00e9tait noy\u00e9 au cours des lourdes chutes de pluie.<\/p>\n<p>&nbsp;<\/p>\n<h3><strong><a href=\"https:\/\/x.com\/translatingpal\/status\/2005291764932882797?ref_src=twsrc%5Etfw%7Ctwcamp%5Etweetembed%7Ctwterm%5E2005291764932882797%7Ctwgr%5E4b8f36285bc7ca1453af82c7fcd0f0eb44b4caf5%7Ctwcon%5Es1_&amp;ref_url=https%3A%2F%2Felectronicintifada.net%2Fblogs%2Fnora-barrows-friedman%2Fstorms-starvation-gaza-enters-new-year-under-israeli-siege\">\u00ab Nous vivons dans une r\u00e9alit\u00e9 catastrophique cr\u00e9\u00e9e par ce g\u00e9nocide \u00e0 Gaza, o\u00f9 il n&rsquo;y a pas d&rsquo;infrastructures, pas de zones s\u00fbres, pas de zones habitables \u00bb<\/a>, a d\u00e9clar\u00e9 Basal.<\/strong><\/h3>\n<p>&nbsp;<\/p>\n<p>Il a ajout\u00e9 que les Palestiniens n&rsquo;avaient plus connu repos ni s\u00e9curit\u00e9 depuis le d\u00e9but du g\u00e9nocide et que, sans la restauration des services de base et des infrastructures vitales, bien d&rsquo;autres personnes allaient encore mourir dans les jours \u00e0 venir.<\/p>\n<p>Lundi, dans une autre d\u00e9claration, Basal a d\u00e9clar\u00e9 qu&rsquo;au moins 18 b\u00e2timents s&rsquo;\u00e9taient compl\u00e8tement effondr\u00e9s, ce qui s&rsquo;\u00e9tait traduit par d&rsquo;importantes pertes humaines et mat\u00e9rielles, et que plus de 110 immeubles r\u00e9sidentiels s&rsquo;\u00e9taient en partie \u00e9croul\u00e9s aussi, ce qui posait une menace directe pour les vies de milliers de r\u00e9sidents \u00e0 l&rsquo;int\u00e9rieur ou \u00e0 proximit\u00e9 de ces m\u00eames immeubles.<\/p>\n<p>Le porte-parole de la d\u00e9fense civile a insist\u00e9 pour dire que \u00ab les tentes se sont av\u00e9r\u00e9es absolument inefficaces, dans la bande de Gaza, puisqu&rsquo;elles n&rsquo;offraient aucune protection contre le froid ou la pluie et qu&rsquo;elles n&rsquo;\u00e9taient plus une solution humanitaire viable, au vu de ces conditions des plus p\u00e9nibles \u00bb.<\/p>\n<p>Le reporter Bader Tabash a r\u00e9alis\u00e9 ces prises de vue de l&rsquo;eau de mer en train d&rsquo;inonder un camp de tentes \u00e0 al-Mawasi (Khan Younis) dimanche, submergeant des abris et d\u00e9truisant le peu d&rsquo;objets personnels que les familles y ont laiss\u00e9s.<\/p>\n<p>&nbsp;<\/p>\n<p style=\"text-align: center;\"><a href=\"https:\/\/x.com\/translatingpal\/status\/2005273667236663728?ref_src=twsrc%5Etfw%7Ctwcamp%5Etweetembed%7Ctwterm%5E2005273667236663728%7Ctwgr%5Eb14ab65b05f6bd70ae2190387494d4fb74be1350%7Ctwcon%5Es1_&amp;ref_url=https%3A%2F%2Felectronicintifada.net%2Fblogs%2Fnora-barrows-friedman%2Fstorms-starvation-gaza-enters-new-year-under-israeli-siege\">https:\/\/x.com\/translatingpal\/status\/2005273667236663728?ref_src=twsrc%5Etfw%7Ctwcamp%5Etweetembed%7Ctwterm%5E2005273667236663728%7Ctwgr%5Eb14ab65b05f6bd70ae2190387494d4fb74be1350%7Ctwcon%5Es1_&amp;ref_url=https%3A%2F%2Felectronicintifada.net%2Fblogs%2Fnora-barrows-friedman%2Fstorms-starvation-gaza-enters-new-year-under-israeli-siege<\/a><\/p>\n<p>&nbsp;<\/p>\n<p>Tabash a enregistr\u00e9 une autre vid\u00e9o de l&rsquo;inondation, mise en \u00e9pingle par le collectif de m\u00e9dias sociaux Translating Falasteen, qui a ajout\u00e9 : \u00ab Pour des milliers de personnes oblig\u00e9es de vivre \u00e0 quelques m\u00e8tres du rivage apr\u00e8s avoir \u00e9t\u00e9 chass\u00e9es de chez elles, la mer est devenue une autre menace, montrant bien que les sites de d\u00e9portation n&rsquo;offrent aucune protection, contre le mauvais temps, les inondations ou les risques vitaux. Pourtant, l&rsquo;occupation am\u00e9ricano-isra\u00e9lienne continue d&#8217;emp\u00eacher toutes les formes d&rsquo;abris d&rsquo;entrer dans la bande. \u00bb<\/p>\n<p>&nbsp;<\/p>\n<p style=\"text-align: center;\"><a href=\"https:\/\/x.com\/translatingpal\/status\/2005267561449923034?ref_src=twsrc%5Etfw%7Ctwcamp%5Etweetembed%7Ctwterm%5E2005267561449923034%7Ctwgr%5Eb14ab65b05f6bd70ae2190387494d4fb74be1350%7Ctwcon%5Es1_&amp;ref_url=https%3A%2F%2Felectronicintifada.net%2Fblogs%2Fnora-barrows-friedman%2Fstorms-starvation-gaza-enters-new-year-under-israeli-siege\">https:\/\/x.com\/translatingpal\/status\/2005267561449923034?ref_src=twsrc%5Etfw%7Ctwcamp%5Etweetembed%7Ctwterm%5E2005267561449923034%7Ctwgr%5Eb14ab65b05f6bd70ae2190387494d4fb74be1350%7Ctwcon%5Es1_&amp;ref_url=https%3A%2F%2Felectronicintifada.net%2Fblogs%2Fnora-barrows-friedman%2Fstorms-starvation-gaza-enters-new-year-under-israeli-siege<\/a><\/p>\n<p>&nbsp;<\/p>\n<p>&nbsp;<\/p>\n<p>La d\u00e9fense civile de Gaza dit que <a href=\"https:\/\/english.wafa.ps\/Pages\/Details\/165741\">25 Palestiniens<\/a>, dont 6 enfants, sont morts en raison du froid extr\u00eame et du manque d&rsquo;abris convenables, auquel il convient d&rsquo;ajouter les effondrements d&rsquo;immeubles depuis le d\u00e9but de la saison hivernale.<\/p>\n<p>Lundi, un b\u00e9b\u00e9 de deux mois, Arkan Firas Musleh, a \u00e9t\u00e9 le dernier enfant en date \u00e0 mourir en raison de l&rsquo;extr\u00eame froidure, <a href=\"https:\/\/www.aljazeera.com\/news\/2025\/12\/29\/tents-flooded-by-heavy-rains-in-gaza-amid-calls-for-israel-to-let-in-aid\">a rapport\u00e9<\/a> Al Jazeera.<\/p>\n<p>Le minist\u00e8re de la Sant\u00e9 de Gaza a \u00e9galement annonc\u00e9 la mort d&rsquo;un adulte palestinien lundi, lorsqu&rsquo;un b\u00e2timent s&rsquo;est effondr\u00e9 sur une tente dans le quartier de Tel al-Hawa, \u00e0 Gaza.<\/p>\n<p>&nbsp;<\/p>\n<h3><strong>Les enfants toujours expos\u00e9s \u00e0 une malnutrition s\u00e9v\u00e8re<\/strong><\/h3>\n<p>Quatre enfants de Gaza sur cinq vont entamer l&rsquo;an neuf en restant confront\u00e9s \u00e0 des niveaux critiques de famine, malgr\u00e9 l&rsquo;accord des autorit\u00e9s isra\u00e9liennes, voici deux mois, de laisser entrer davantage d&rsquo;aide, dont des vivres,<a href=\"https:\/\/www.savethechildren.net\/news\/gaza-four-out-five-children-face-catastrophic-levels-hunger-2026\"> fait savoir<\/a> l&rsquo;ONG internationale Save the Children (Sauvez les enfants) \u00e0 la suite de la publication de nouvelles donn\u00e9es concernant la famine et la malnutrition.<\/p>\n<p>La Classification int\u00e9gr\u00e9e des phases de s\u00e9curit\u00e9 alimentaire (IPC), la principale autorit\u00e9 internationale sur la s\u00e9v\u00e9rit\u00e9 des crises de famine, a publi\u00e9 un nouveau rapport disant que 1,6 million d&rsquo;habitants de Gaza \u2013 soit 77 pour 100 de la population, dont quelque 800 000 enfants \u2013 allaient continuer de souffrir d&rsquo;ins\u00e9curit\u00e9 alimentaire en 2026, surtout du fait qu&rsquo;Isra\u00ebl s&rsquo;obstine \u00e0 emp\u00eacher l&rsquo;entr\u00e9e de produits laitiers, de viande, d\u2019\u0153ufs, de poisson et de produits frais sur les march\u00e9s de Gaza.<\/p>\n<p>Ahmad Alhendawi, un directeur r\u00e9gional de Save the Children, a d\u00e9clar\u00e9 : \u00ab \u00c0 mesure que l&rsquo;ann\u00e9e touche \u00e0 sa fin et m\u00eame si certaines personnes commencent \u00e0 se sentir plus \u00e0 l&rsquo;aise, n&rsquo;allez surtout pas penser que les souffrances \u00e0 Gaza sont termin\u00e9es. On en est loin. \u00bb<\/p>\n<p>Et d&rsquo;ajouter que la faim et la malnutrition peuvent causer de multiples l\u00e9sions physiques aux corps en pleine croissance des enfants.<\/p>\n<p>\u00ab Mais les impacts ne sont pas qu&rsquo;\u00e0 court terme \u00bb, a ajout\u00e9 Alhendawi. \u00ab Nous savons par exp\u00e9rience que pour chaque communaut\u00e9, une malnutrition r\u00e9pandue a des cons\u00e9quences sur toute une vie, chez les gens \u2013 depuis les nouveau-n\u00e9s avec une insuffisance pond\u00e9rale et des retards de croissance lors de la prime enfance \u00e0 un potentiel d&rsquo;apprentissage et de gain r\u00e9duit plus tard dans la vie -, lesquelles cons\u00e9quences perp\u00e9tuent les cycles de pauvret\u00e9. De m\u00eame qu&rsquo;elles infligent des l\u00e9sions aux individus, ce sont des cons\u00e9quences qui menacent le tissu m\u00eame de la soci\u00e9t\u00e9 palestinienne des g\u00e9n\u00e9rations \u00e0 venir. \u00bb<\/p>\n<p>Alhendawi d&rsquo;ajouter que \u00ab Gaza ne peut devenir une d\u00e9charge pour le pire de l&rsquo;humanit\u00e9 \u00bb. Ce sont des enfants et des familles ordinaires qui veulent seulement reprendre leur vie en main apr\u00e8s des ann\u00e9es d&rsquo;horreur. Mais, jour apr\u00e8s jour, un futur s\u00fbr est de plus en plus hors d&rsquo;atteinte. \u00bb<\/p>\n<p>&nbsp;<\/p>\n<h3><strong>Des h\u00f4pitaux \u00e0 court de carburant<\/strong><\/h3>\n<p>En raison du blocus isra\u00e9lien sur le carburant, le personnel m\u00e9dical de l&rsquo;h\u00f4pital Al-Awda au camp de r\u00e9fugi\u00e9s de Nuseirat, dans le centre de l&rsquo;enclave, a fait savoir que l&rsquo;\u00e9lectricit\u00e9 avait \u00e9t\u00e9 coup\u00e9e pendant deux jours au moins cette semaine, for\u00e7ant tous les d\u00e9partement \u00e0 fermer, ce qui a fait courir de graves risques aux patients.<\/p>\n<p>&nbsp;<\/p>\n<p style=\"text-align: center;\"><a href=\"https:\/\/x.com\/translatingpal\/status\/2004868464901562518?ref_src=twsrc%5Etfw%7Ctwcamp%5Etweetembed%7Ctwterm%5E2004868464901562518%7Ctwgr%5E6763c7120e3cea5db12df7e5aede0fb0cbfac70d%7Ctwcon%5Es1_&amp;ref_url=https%3A%2F%2Felectronicintifada.net%2Fblogs%2Fnora-barrows-friedman%2Fstorms-starvation-gaza-enters-new-year-under-israeli-siege\">https:\/\/x.com\/translatingpal\/status\/2004868464901562518?ref_src=twsrc%5Etfw%7Ctwcamp%5Etweetembed%7Ctwterm%5E2004868464901562518%7Ctwgr%5E6763c7120e3cea5db12df7e5aede0fb0cbfac70d%7Ctwcon%5Es1_&amp;ref_url=https%3A%2F%2Felectronicintifada.net%2Fblogs%2Fnora-barrows-friedman%2Fstorms-starvation-gaza-enters-new-year-under-israeli-siege<\/a><\/p>\n<p>&nbsp;<\/p>\n<p>&nbsp;<\/p>\n<p>Le journaliste Anwar Abo Sliyhe, en reportage \u00e0 l&rsquo;h\u00f4pital plong\u00e9 dans les t\u00e9n\u00e8bres, s&rsquo;est enregistr\u00e9 lui-m\u00eame le 27 d\u00e9cembre pour faire savoir que la crise avait mis hors service l&rsquo;unit\u00e9 des soins intensifs, le d\u00e9partement de radiologie, les salles d&rsquo;op\u00e9ration et la r\u00e9ception des urgences.<\/p>\n<p>Il a \u00e9galement dit que le directeur de l&rsquo;h\u00f4pital, le Dr Raafat al-Majdalawi, avait insist\u00e9 sur le fait que la crise touchait particuli\u00e8rement les femmes enceintes, du fait qu&rsquo;Al-Awda est le seul site m\u00e9dical dans le centre de l&rsquo;enclave qui peut fournir des services de maternit\u00e9 et d&rsquo;accouchement.<\/p>\n<p>Cela fait un an que le directeur de l&rsquo;h\u00f4pital Kamal Adwan Hospital, le m\u00e9decin p\u00e9diatre Hussam Abu Safiya, a \u00e9t\u00e9 enlev\u00e9 sur les lieux par les forces isra\u00e9liennes puis, apr\u00e8s cela, a \u00e9t\u00e9 soumis \u00e0 des tortures syst\u00e9matiques \u00e0 l&rsquo;int\u00e9rieur des camps de d\u00e9tention isra\u00e9liens.<\/p>\n<p>&nbsp;<\/p>\n<p>&nbsp;<\/p>\n<p style=\"text-align: center;\"><a href=\"https:\/\/x.com\/HussamAbuSafiya\/status\/1939441674410762317?ref_src=twsrc%5Etfw%7Ctwcamp%5Etweetembed%7Ctwterm%5E1939441674410762317%7Ctwgr%5E6763c7120e3cea5db12df7e5aede0fb0cbfac70d%7Ctwcon%5Es1_&amp;ref_url=https%3A%2F%2Felectronicintifada.net%2Fblogs%2Fnora\">https:\/\/x.com\/HussamAbuSafiya\/status\/1939441674410762317?ref_src=twsrc%5Etfw%7Ctwcamp%5Etweetembed%7Ctwterm%5E1939441674410762317%7Ctwgr%5E6763c7120e3cea5db12df7e5aede0fb0cbfac70d%7Ctwcon%5Es1_&amp;ref_url=https%3A%2F%2Felectronicintifada.net%2Fblogs%2Fnora<\/a><\/p>\n<p>&nbsp;<\/p>\n<p>&nbsp;<\/p>\n<p>Il avait \u00e9t\u00e9 pris en otage apr\u00e8s que l&rsquo;arm\u00e9e avait assi\u00e9g\u00e9 et bombard\u00e9 l&rsquo;h\u00f4pital, qu&rsquo;elle avait cibl\u00e9 et tu\u00e9 son fils, l&rsquo;avait abattu \u00e0 l&rsquo;aide d&rsquo;un drone quadricopt\u00e8re alors qu&rsquo;ils assistait ses patients et avait ensuite d\u00e9truit l&rsquo;h\u00f4pital \u00e0 plusieurs reprises.<\/p>\n<p>&nbsp;<\/p>\n<p>Depuis son enl\u00e8vement le 27 d\u00e9cembre 2024, le Dr Abu Safiya est d\u00e9tenu dans les centres de torture isra\u00e9liens sous la d\u00e9signation de combattant ill\u00e9gal, une classification draconienne qui permet une d\u00e9tention ind\u00e9finie sans accusation ni proc\u00e8s.<\/p>\n<p>En octobre, avions-nous rapport\u00e9 \u00e0 l&rsquo;\u00e9poque, l&rsquo;avocat du Dr Abu Safiya avait confirm\u00e9 qu&rsquo;un tribunal isra\u00e9lien avait ent\u00e9rin\u00e9 sa d\u00e9tention arbitraire pour six mois, c&rsquo;est-\u00e0-dire jusqu&rsquo;en avril 2026. Le docteur a \u00e9t\u00e9 syst\u00e9matiquement battu, tortur\u00e9, on lui a refus\u00e9 les moindres soins m\u00e9dicaux et il a \u00e9t\u00e9 soumis \u00e0 un affamement d\u00e9lib\u00e9r\u00e9, ce qui s&rsquo;est traduit par une importante perte de poids, rapporte son \u00e9quipe juridique.<\/p>\n<p>La famille du Dr Abu Safiya a post\u00e9 r\u00e9guli\u00e8rement des mises \u00e0 jour \u00e0 propos de son calvaire et de sa sant\u00e9 qui ne cesse de se d\u00e9t\u00e9riorer. Cette semaine, pour comm\u00e9morer l&rsquo;anniversaire de la captivit\u00e9 brutale du docteur, la famille a publi\u00e9 une d\u00e9claration dans les m\u00e9dias sociaux.<\/p>\n<p>&nbsp;<\/p>\n<p>&nbsp;<\/p>\n<p style=\"text-align: center;\"><a href=\"https:\/\/x.com\/HussamAbuSafiya\/status\/2004670171328225472?ref_src=twsrc%5Etfw%7Ctwcamp%5Etweetembed%7Ctwterm%5E2004670171328225472%7Ctwgr%5E6763c7120e3cea5db12df7e5aede0fb0cbfac70d%7Ctwcon%5Es1_&amp;ref_url=https%3A%2F%2Felectronicintifada.net%2Fblogs%2Fnora-barrows-friedman%2Fstorms-starvation-gaza-enters-new-year-under-israeli-siege\">https:\/\/x.com\/HussamAbuSafiya\/status\/2004670171328225472?ref_src=twsrc%5Etfw%7Ctwcamp%5Etweetembed%7Ctwterm%5E2004670171328225472%7Ctwgr%5E6763c7120e3cea5db12df7e5aede0fb0cbfac70d%7Ctwcon%5Es1_&amp;ref_url=https%3A%2F%2Felectronicintifada.net%2Fblogs%2Fnora-barrows-friedman%2Fstorms-starvation-gaza-enters-new-year-under-israeli-siege<\/a><\/p>\n<p>&nbsp;<\/p>\n<p>&nbsp;<\/p>\n<p>\u00ab Toute une ann\u00e9e d&rsquo;injustice s&rsquo;est \u00e9coul\u00e9e. Aujourd&rsquo;hui, nous ne demandons rien d&rsquo;autre que sa mise en libert\u00e9. De gr\u00e2ce, partagez son histoire afin de garder sa voix en vie \u00bb, a d\u00e9clar\u00e9 la famille du Dr Hussam Abu Safiya.<\/p>\n<p>&nbsp;<\/p>\n<h3><strong>Confirmation de l&rsquo;assassinat d&rsquo;Abu Obeida<\/strong><\/h3>\n<p>Lundi, les Brigades Qassam ont annonc\u00e9 officiellement que leur porte-parole de longue date, Huthaifa Samir Abdallah al-Kahlout, qui utilisait le nom de guerre Abu Obeida, avait \u00e9t\u00e9 tu\u00e9 en m\u00eame temps que sa femme et ses enfants lors d&rsquo;une attaque isra\u00e9lienne contre son domicile au mois d&rsquo;ao\u00fbt. Un de ses fils, Ibrahim, aurait \u00e9t\u00e9 le seul survivant.<\/p>\n<p>Un nouveau porte-parole, qui a adopt\u00e9 le m\u00eame pseudonyme, Abu Obeida, a fait cette annonce lundi.<\/p>\n<p>&nbsp;<\/p>\n<h3><strong>Mise en exergue de la r\u00e9silience<\/strong><\/h3>\n<p>Enfin, comme nous le faisons chaque fois, nous avons voulu mettre en \u00e9vidence les personnes qui expriment leur joie, leur d\u00e9termination et leur r\u00e9silience dans tout Gaza et ailleurs dans le monde.<\/p>\n<p>La semaine derni\u00e8re, malgr\u00e9 les 27 mois de g\u00e9nocide toujours en cours, la classe terminale d&rsquo;un nouveau cadre de m\u00e9decins s&rsquo;est rassembl\u00e9e en face de l&rsquo;un des b\u00e2timents incendi\u00e9s de l&rsquo;h\u00f4pital al-Shifa, \u00e0 Gaza, afin de c\u00e9l\u00e9brer la r\u00e9ussite de ses examens de fin d&rsquo;\u00e9tudes.<\/p>\n<p>&nbsp;<\/p>\n<p>&nbsp;<\/p>\n<p style=\"text-align: center;\"><a href=\"https:\/\/x.com\/trtworld\/status\/2004518819843215529?ref_src=twsrc%5Etfw%7Ctwcamp%5Etweetembed%7Ctwterm%5E2004518819843215529%7Ctwgr%5E6763c7120e3cea5db12df7e5aede0fb0cbfac70d%7Ctwcon%5Es1_&amp;ref_url=https%3A%2F%2Felectronicintifada.net%2Fblogs%2Fnora-barrows-friedman%2Fstorms-starvation-gaza-enters-new-year-under-israeli-siege\">https:\/\/x.com\/trtworld\/status\/2004518819843215529?ref_src=twsrc%5Etfw%7Ctwcamp%5Etweetembed%7Ctwterm%5E2004518819843215529%7Ctwgr%5E6763c7120e3cea5db12df7e5aede0fb0cbfac70d%7Ctwcon%5Es1_&amp;ref_url=https%3A%2F%2Felectronicintifada.net%2Fblogs%2Fnora-barrows-friedman%2Fstorms-starvation-gaza-enters-new-year-under-israeli-siege<\/a><\/p>\n<p>&nbsp;<\/p>\n<p>&nbsp;<\/p>\n<p>Le Dr Jamal Salha <a href=\"https:\/\/www.instagram.com\/p\/DSrxRZugmK8\/\">a publi\u00e9<\/a> une vid\u00e9o de la c\u00e9r\u00e9monie.<\/p>\n<p>Le minist\u00e8re de la Sant\u00e9 \u00e0 Gaza a fait savoir que ces m\u00e9decins faisaient partie de la promotion Bouclier de l&rsquo;Humanit\u00e9 et il a ajout\u00e9 : \u00ab Malgr\u00e9 le g\u00e9nocide (&#8230;) vous \u00eates le rem\u00e8de. \u00bb<\/p>\n<p>&nbsp;<\/p>\n<p>&nbsp;<\/p>\n<p>\u00b0\u00b0\u00b0\u00b0\u00b0<\/p>\n<p><img loading=\"lazy\" decoding=\"async\" class=\" wp-image-87051 alignleft\" src=\"https:\/\/charleroi-pourlapalestine.be\/wp-content\/uploads\/2025\/10\/NORA-BARROWS.jpg\" sizes=\"auto, (max-width: 168px) 100vw, 168px\" srcset=\"https:\/\/charleroi-pourlapalestine.be\/wp-content\/uploads\/2025\/10\/NORA-BARROWS.jpg 168w, https:\/\/charleroi-pourlapalestine.be\/wp-content\/uploads\/2025\/10\/NORA-BARROWS-80x80.jpg 80w\" alt=\"\" width=\"236\" height=\"236\" \/><\/p>\n<p>&nbsp;<\/p>\n<p>Nora Barrows-Friedman est r\u00e9dactrice et \u00e9ditrice associ\u00e9e \u00e0\u00a0<a href=\"https:\/\/electronicintifada.net\/\">The Electronic Intifada<\/a>. Elle est l\u2019 autrice de \u00a0\u00bb In Our Power:<\/p>\n<p>US Students Organize for Justice in Palestine \u00a0\u00bb ( Just World Books, 2014 ).<\/p>\n<p><a href=\"https:\/\/charleroi-pourlapalestine.be\/?s=nora+barrows\">https:\/\/charleroi-pourlapalestine.be\/?s=nora+barrows<\/a><\/p>\n<p>&nbsp;<\/p>\n<p>&nbsp;<\/p>\n<p>&nbsp;<\/p>\n<p>\u00b0\u00b0\u00b0\u00b0\u00b0<\/p>\n<p>Traduction : Jean-Marie Fl\u00e9mal,\u00a0<a href=\"https:\/\/charleroi-pourlapalestine.be\/\">Charleroi pour la Palestine<\/a><\/p>\n<p>&nbsp;<\/p>\n<p>&nbsp;<\/p>\n","protected":false},"excerpt":{"rendered":"<p>&nbsp; Plus de 80 jours apr\u00e8s le pr\u00e9tendu accord de cessez-le-feu sign\u00e9 en octobre 2025, Isra\u00ebl continue de tuer et de blesser des Palestiniens dans toute la bande de Gaza en bombardant, mitraillant et d\u00e9truisant des zones au-del\u00e0 de la vague ligne jaune \u2013 une&#46;&#46;&#46;<\/p>\n","protected":false},"author":1,"featured_media":87948,"comment_status":"closed","ping_status":"closed","sticky":false,"template":"","format":"standard","meta":{"ngg_post_thumbnail":0,"footnotes":""},"categories":[6,344],"tags":[],"class_list":["post-87921","post","type-post","status-publish","format-standard","has-post-thumbnail","hentry","category-gaza","category-genocide"],"yoast_head":"<!-- This site is optimized with the Yoast SEO plugin v27.3 - https:\/\/yoast.com\/product\/yoast-seo-wordpress\/ -->\n<title>Temp\u00eates et famine au moment o\u00f9 Gaza entame l&#039;an neuf sous si\u00e8ge isra\u00e9lien - Charleroi Pour la Palestine<\/title>\n<meta name=\"description\" content=\"Apr\u00e8s le pr\u00e9tendu accord de cessez-le-feu sign\u00e9 en octobre 2025, Isra\u00ebl continue de tuer et de blesser des Palestiniens dans toute la bande de Gaza.\" \/>\n<meta name=\"robots\" content=\"index, follow, max-snippet:-1, max-image-preview:large, max-video-preview:-1\" \/>\n<link rel=\"canonical\" href=\"https:\/\/charleroi-pourlapalestine.be\/index.php\/2026\/01\/03\/tempetes-et-famine-au-moment-ou-gaza-entame-lan-neuf-sous-siege-israelien\/\" \/>\n<script type=\"application\/ld+json\" class=\"yoast-schema-graph\">{\"@context\":\"https:\\\/\\\/schema.org\",\"@graph\":[{\"@type\":\"Article\",\"@id\":\"https:\\\/\\\/charleroi-pourlapalestine.be\\\/index.php\\\/2026\\\/01\\\/03\\\/tempetes-et-famine-au-moment-ou-gaza-entame-lan-neuf-sous-siege-israelien\\\/#article\",\"isPartOf\":{\"@id\":\"https:\\\/\\\/charleroi-pourlapalestine.be\\\/index.php\\\/2026\\\/01\\\/03\\\/tempetes-et-famine-au-moment-ou-gaza-entame-lan-neuf-sous-siege-israelien\\\/\"},\"author\":{\"name\":\"admin1873\",\"@id\":\"https:\\\/\\\/charleroi-pourlapalestine.be\\\/#\\\/schema\\\/person\\\/c19ff515112f1299d8c12671d8fe3faa\"},\"headline\":\"Temp\u00eates et famine au moment o\u00f9 Gaza entame l&rsquo;an neuf sous si\u00e8ge isra\u00e9lien\",\"datePublished\":\"2026-01-03T17:42:06+00:00\",\"dateModified\":\"2026-01-03T17:44:24+00:00\",\"mainEntityOfPage\":{\"@id\":\"https:\\\/\\\/charleroi-pourlapalestine.be\\\/index.php\\\/2026\\\/01\\\/03\\\/tempetes-et-famine-au-moment-ou-gaza-entame-lan-neuf-sous-siege-israelien\\\/\"},\"wordCount\":2933,\"publisher\":{\"@id\":\"https:\\\/\\\/charleroi-pourlapalestine.be\\\/#organization\"},\"image\":{\"@id\":\"https:\\\/\\\/charleroi-pourlapalestine.be\\\/index.php\\\/2026\\\/01\\\/03\\\/tempetes-et-famine-au-moment-ou-gaza-entame-lan-neuf-sous-siege-israelien\\\/#primaryimage\"},\"thumbnailUrl\":\"https:\\\/\\\/charleroi-pourlapalestine.be\\\/wp-content\\\/uploads\\\/2026\\\/01\\\/stormandstarvation.webp\",\"articleSection\":[\"Gaza\",\"G\u00e9nocide\"],\"inLanguage\":\"fr-FR\"},{\"@type\":\"WebPage\",\"@id\":\"https:\\\/\\\/charleroi-pourlapalestine.be\\\/index.php\\\/2026\\\/01\\\/03\\\/tempetes-et-famine-au-moment-ou-gaza-entame-lan-neuf-sous-siege-israelien\\\/\",\"url\":\"https:\\\/\\\/charleroi-pourlapalestine.be\\\/index.php\\\/2026\\\/01\\\/03\\\/tempetes-et-famine-au-moment-ou-gaza-entame-lan-neuf-sous-siege-israelien\\\/\",\"name\":\"Temp\u00eates et famine au moment o\u00f9 Gaza entame l'an neuf sous si\u00e8ge isra\u00e9lien - Charleroi Pour la Palestine\",\"isPartOf\":{\"@id\":\"https:\\\/\\\/charleroi-pourlapalestine.be\\\/#website\"},\"primaryImageOfPage\":{\"@id\":\"https:\\\/\\\/charleroi-pourlapalestine.be\\\/index.php\\\/2026\\\/01\\\/03\\\/tempetes-et-famine-au-moment-ou-gaza-entame-lan-neuf-sous-siege-israelien\\\/#primaryimage\"},\"image\":{\"@id\":\"https:\\\/\\\/charleroi-pourlapalestine.be\\\/index.php\\\/2026\\\/01\\\/03\\\/tempetes-et-famine-au-moment-ou-gaza-entame-lan-neuf-sous-siege-israelien\\\/#primaryimage\"},\"thumbnailUrl\":\"https:\\\/\\\/charleroi-pourlapalestine.be\\\/wp-content\\\/uploads\\\/2026\\\/01\\\/stormandstarvation.webp\",\"datePublished\":\"2026-01-03T17:42:06+00:00\",\"dateModified\":\"2026-01-03T17:44:24+00:00\",\"description\":\"Apr\u00e8s le pr\u00e9tendu accord de cessez-le-feu sign\u00e9 en octobre 2025, Isra\u00ebl continue de tuer et de blesser des Palestiniens dans toute la bande de Gaza.\",\"breadcrumb\":{\"@id\":\"https:\\\/\\\/charleroi-pourlapalestine.be\\\/index.php\\\/2026\\\/01\\\/03\\\/tempetes-et-famine-au-moment-ou-gaza-entame-lan-neuf-sous-siege-israelien\\\/#breadcrumb\"},\"inLanguage\":\"fr-FR\",\"potentialAction\":[{\"@type\":\"ReadAction\",\"target\":[\"https:\\\/\\\/charleroi-pourlapalestine.be\\\/index.php\\\/2026\\\/01\\\/03\\\/tempetes-et-famine-au-moment-ou-gaza-entame-lan-neuf-sous-siege-israelien\\\/\"]}]},{\"@type\":\"ImageObject\",\"inLanguage\":\"fr-FR\",\"@id\":\"https:\\\/\\\/charleroi-pourlapalestine.be\\\/index.php\\\/2026\\\/01\\\/03\\\/tempetes-et-famine-au-moment-ou-gaza-entame-lan-neuf-sous-siege-israelien\\\/#primaryimage\",\"url\":\"https:\\\/\\\/charleroi-pourlapalestine.be\\\/wp-content\\\/uploads\\\/2026\\\/01\\\/stormandstarvation.webp\",\"contentUrl\":\"https:\\\/\\\/charleroi-pourlapalestine.be\\\/wp-content\\\/uploads\\\/2026\\\/01\\\/stormandstarvation.webp\",\"width\":800,\"height\":533,\"caption\":\"28 d\u00e9cembre 2025. Les pluies hivernales et les lourdes temp\u00eates ont d\u00e9truit et inond\u00e9 les tentes-abris d\u00e9penaill\u00e9es des familles palestiniennes d\u00e9plac\u00e9es \u00e0 l'ouest de la ville de Gaza. (Photo : Omar Ashtawy \\\/ APA images)\"},{\"@type\":\"BreadcrumbList\",\"@id\":\"https:\\\/\\\/charleroi-pourlapalestine.be\\\/index.php\\\/2026\\\/01\\\/03\\\/tempetes-et-famine-au-moment-ou-gaza-entame-lan-neuf-sous-siege-israelien\\\/#breadcrumb\",\"itemListElement\":[{\"@type\":\"ListItem\",\"position\":1,\"name\":\"Accueil\",\"item\":\"https:\\\/\\\/charleroi-pourlapalestine.be\\\/\"},{\"@type\":\"ListItem\",\"position\":2,\"name\":\"Temp\u00eates et famine au moment o\u00f9 Gaza entame l&rsquo;an neuf sous si\u00e8ge isra\u00e9lien\"}]},{\"@type\":\"WebSite\",\"@id\":\"https:\\\/\\\/charleroi-pourlapalestine.be\\\/#website\",\"url\":\"https:\\\/\\\/charleroi-pourlapalestine.be\\\/\",\"name\":\"Charleroi Pour la Palestine\",\"description\":\"\",\"publisher\":{\"@id\":\"https:\\\/\\\/charleroi-pourlapalestine.be\\\/#organization\"},\"potentialAction\":[{\"@type\":\"SearchAction\",\"target\":{\"@type\":\"EntryPoint\",\"urlTemplate\":\"https:\\\/\\\/charleroi-pourlapalestine.be\\\/?s={search_term_string}\"},\"query-input\":{\"@type\":\"PropertyValueSpecification\",\"valueRequired\":true,\"valueName\":\"search_term_string\"}}],\"inLanguage\":\"fr-FR\"},{\"@type\":\"Organization\",\"@id\":\"https:\\\/\\\/charleroi-pourlapalestine.be\\\/#organization\",\"name\":\"Plate-forme Charleroi-Palestine\",\"url\":\"https:\\\/\\\/charleroi-pourlapalestine.be\\\/\",\"logo\":{\"@type\":\"ImageObject\",\"inLanguage\":\"fr-FR\",\"@id\":\"https:\\\/\\\/charleroi-pourlapalestine.be\\\/#\\\/schema\\\/logo\\\/image\\\/\",\"url\":\"https:\\\/\\\/charleroi-pourlapalestine.be\\\/wp-content\\\/uploads\\\/2020\\\/01\\\/logo-Copy.jpg\",\"contentUrl\":\"https:\\\/\\\/charleroi-pourlapalestine.be\\\/wp-content\\\/uploads\\\/2020\\\/01\\\/logo-Copy.jpg\",\"width\":180,\"height\":180,\"caption\":\"Plate-forme Charleroi-Palestine\"},\"image\":{\"@id\":\"https:\\\/\\\/charleroi-pourlapalestine.be\\\/#\\\/schema\\\/logo\\\/image\\\/\"},\"sameAs\":[\"https:\\\/\\\/www.facebook.com\\\/PlateformeCharleroiPalestine\\\/\",\"https:\\\/\\\/x.com\\\/LaCharleroi\"]},{\"@type\":\"Person\",\"@id\":\"https:\\\/\\\/charleroi-pourlapalestine.be\\\/#\\\/schema\\\/person\\\/c19ff515112f1299d8c12671d8fe3faa\",\"name\":\"admin1873\",\"url\":\"https:\\\/\\\/charleroi-pourlapalestine.be\\\/index.php\\\/author\\\/admin1873\\\/\"}]}<\/script>\n<!-- \/ Yoast SEO plugin. -->","yoast_head_json":{"title":"Temp\u00eates et famine au moment o\u00f9 Gaza entame l'an neuf sous si\u00e8ge isra\u00e9lien - Charleroi Pour la Palestine","description":"Apr\u00e8s le pr\u00e9tendu accord de cessez-le-feu sign\u00e9 en octobre 2025, Isra\u00ebl continue de tuer et de blesser des Palestiniens dans toute la bande de Gaza.","robots":{"index":"index","follow":"follow","max-snippet":"max-snippet:-1","max-image-preview":"max-image-preview:large","max-video-preview":"max-video-preview:-1"},"canonical":"https:\/\/charleroi-pourlapalestine.be\/index.php\/2026\/01\/03\/tempetes-et-famine-au-moment-ou-gaza-entame-lan-neuf-sous-siege-israelien\/","schema":{"@context":"https:\/\/schema.org","@graph":[{"@type":"Article","@id":"https:\/\/charleroi-pourlapalestine.be\/index.php\/2026\/01\/03\/tempetes-et-famine-au-moment-ou-gaza-entame-lan-neuf-sous-siege-israelien\/#article","isPartOf":{"@id":"https:\/\/charleroi-pourlapalestine.be\/index.php\/2026\/01\/03\/tempetes-et-famine-au-moment-ou-gaza-entame-lan-neuf-sous-siege-israelien\/"},"author":{"name":"admin1873","@id":"https:\/\/charleroi-pourlapalestine.be\/#\/schema\/person\/c19ff515112f1299d8c12671d8fe3faa"},"headline":"Temp\u00eates et famine au moment o\u00f9 Gaza entame l&rsquo;an neuf sous si\u00e8ge isra\u00e9lien","datePublished":"2026-01-03T17:42:06+00:00","dateModified":"2026-01-03T17:44:24+00:00","mainEntityOfPage":{"@id":"https:\/\/charleroi-pourlapalestine.be\/index.php\/2026\/01\/03\/tempetes-et-famine-au-moment-ou-gaza-entame-lan-neuf-sous-siege-israelien\/"},"wordCount":2933,"publisher":{"@id":"https:\/\/charleroi-pourlapalestine.be\/#organization"},"image":{"@id":"https:\/\/charleroi-pourlapalestine.be\/index.php\/2026\/01\/03\/tempetes-et-famine-au-moment-ou-gaza-entame-lan-neuf-sous-siege-israelien\/#primaryimage"},"thumbnailUrl":"https:\/\/charleroi-pourlapalestine.be\/wp-content\/uploads\/2026\/01\/stormandstarvation.webp","articleSection":["Gaza","G\u00e9nocide"],"inLanguage":"fr-FR"},{"@type":"WebPage","@id":"https:\/\/charleroi-pourlapalestine.be\/index.php\/2026\/01\/03\/tempetes-et-famine-au-moment-ou-gaza-entame-lan-neuf-sous-siege-israelien\/","url":"https:\/\/charleroi-pourlapalestine.be\/index.php\/2026\/01\/03\/tempetes-et-famine-au-moment-ou-gaza-entame-lan-neuf-sous-siege-israelien\/","name":"Temp\u00eates et famine au moment o\u00f9 Gaza entame l'an neuf sous si\u00e8ge isra\u00e9lien - Charleroi Pour la Palestine","isPartOf":{"@id":"https:\/\/charleroi-pourlapalestine.be\/#website"},"primaryImageOfPage":{"@id":"https:\/\/charleroi-pourlapalestine.be\/index.php\/2026\/01\/03\/tempetes-et-famine-au-moment-ou-gaza-entame-lan-neuf-sous-siege-israelien\/#primaryimage"},"image":{"@id":"https:\/\/charleroi-pourlapalestine.be\/index.php\/2026\/01\/03\/tempetes-et-famine-au-moment-ou-gaza-entame-lan-neuf-sous-siege-israelien\/#primaryimage"},"thumbnailUrl":"https:\/\/charleroi-pourlapalestine.be\/wp-content\/uploads\/2026\/01\/stormandstarvation.webp","datePublished":"2026-01-03T17:42:06+00:00","dateModified":"2026-01-03T17:44:24+00:00","description":"Apr\u00e8s le pr\u00e9tendu accord de cessez-le-feu sign\u00e9 en octobre 2025, Isra\u00ebl continue de tuer et de blesser des Palestiniens dans toute la bande de Gaza.","breadcrumb":{"@id":"https:\/\/charleroi-pourlapalestine.be\/index.php\/2026\/01\/03\/tempetes-et-famine-au-moment-ou-gaza-entame-lan-neuf-sous-siege-israelien\/#breadcrumb"},"inLanguage":"fr-FR","potentialAction":[{"@type":"ReadAction","target":["https:\/\/charleroi-pourlapalestine.be\/index.php\/2026\/01\/03\/tempetes-et-famine-au-moment-ou-gaza-entame-lan-neuf-sous-siege-israelien\/"]}]},{"@type":"ImageObject","inLanguage":"fr-FR","@id":"https:\/\/charleroi-pourlapalestine.be\/index.php\/2026\/01\/03\/tempetes-et-famine-au-moment-ou-gaza-entame-lan-neuf-sous-siege-israelien\/#primaryimage","url":"https:\/\/charleroi-pourlapalestine.be\/wp-content\/uploads\/2026\/01\/stormandstarvation.webp","contentUrl":"https:\/\/charleroi-pourlapalestine.be\/wp-content\/uploads\/2026\/01\/stormandstarvation.webp","width":800,"height":533,"caption":"28 d\u00e9cembre 2025. Les pluies hivernales et les lourdes temp\u00eates ont d\u00e9truit et inond\u00e9 les tentes-abris d\u00e9penaill\u00e9es des familles palestiniennes d\u00e9plac\u00e9es \u00e0 l'ouest de la ville de Gaza. (Photo : Omar Ashtawy \/ APA images)"},{"@type":"BreadcrumbList","@id":"https:\/\/charleroi-pourlapalestine.be\/index.php\/2026\/01\/03\/tempetes-et-famine-au-moment-ou-gaza-entame-lan-neuf-sous-siege-israelien\/#breadcrumb","itemListElement":[{"@type":"ListItem","position":1,"name":"Accueil","item":"https:\/\/charleroi-pourlapalestine.be\/"},{"@type":"ListItem","position":2,"name":"Temp\u00eates et famine au moment o\u00f9 Gaza entame l&rsquo;an neuf sous si\u00e8ge isra\u00e9lien"}]},{"@type":"WebSite","@id":"https:\/\/charleroi-pourlapalestine.be\/#website","url":"https:\/\/charleroi-pourlapalestine.be\/","name":"Charleroi Pour la Palestine","description":"","publisher":{"@id":"https:\/\/charleroi-pourlapalestine.be\/#organization"},"potentialAction":[{"@type":"SearchAction","target":{"@type":"EntryPoint","urlTemplate":"https:\/\/charleroi-pourlapalestine.be\/?s={search_term_string}"},"query-input":{"@type":"PropertyValueSpecification","valueRequired":true,"valueName":"search_term_string"}}],"inLanguage":"fr-FR"},{"@type":"Organization","@id":"https:\/\/charleroi-pourlapalestine.be\/#organization","name":"Plate-forme Charleroi-Palestine","url":"https:\/\/charleroi-pourlapalestine.be\/","logo":{"@type":"ImageObject","inLanguage":"fr-FR","@id":"https:\/\/charleroi-pourlapalestine.be\/#\/schema\/logo\/image\/","url":"https:\/\/charleroi-pourlapalestine.be\/wp-content\/uploads\/2020\/01\/logo-Copy.jpg","contentUrl":"https:\/\/charleroi-pourlapalestine.be\/wp-content\/uploads\/2020\/01\/logo-Copy.jpg","width":180,"height":180,"caption":"Plate-forme Charleroi-Palestine"},"image":{"@id":"https:\/\/charleroi-pourlapalestine.be\/#\/schema\/logo\/image\/"},"sameAs":["https:\/\/www.facebook.com\/PlateformeCharleroiPalestine\/","https:\/\/x.com\/LaCharleroi"]},{"@type":"Person","@id":"https:\/\/charleroi-pourlapalestine.be\/#\/schema\/person\/c19ff515112f1299d8c12671d8fe3faa","name":"admin1873","url":"https:\/\/charleroi-pourlapalestine.be\/index.php\/author\/admin1873\/"}]}},"_links":{"self":[{"href":"https:\/\/charleroi-pourlapalestine.be\/index.php\/wp-json\/wp\/v2\/posts\/87921","targetHints":{"allow":["GET"]}}],"collection":[{"href":"https:\/\/charleroi-pourlapalestine.be\/index.php\/wp-json\/wp\/v2\/posts"}],"about":[{"href":"https:\/\/charleroi-pourlapalestine.be\/index.php\/wp-json\/wp\/v2\/types\/post"}],"author":[{"embeddable":true,"href":"https:\/\/charleroi-pourlapalestine.be\/index.php\/wp-json\/wp\/v2\/users\/1"}],"replies":[{"embeddable":true,"href":"https:\/\/charleroi-pourlapalestine.be\/index.php\/wp-json\/wp\/v2\/comments?post=87921"}],"version-history":[{"count":0,"href":"https:\/\/charleroi-pourlapalestine.be\/index.php\/wp-json\/wp\/v2\/posts\/87921\/revisions"}],"wp:featuredmedia":[{"embeddable":true,"href":"https:\/\/charleroi-pourlapalestine.be\/index.php\/wp-json\/wp\/v2\/media\/87948"}],"wp:attachment":[{"href":"https:\/\/charleroi-pourlapalestine.be\/index.php\/wp-json\/wp\/v2\/media?parent=87921"}],"wp:term":[{"taxonomy":"category","embeddable":true,"href":"https:\/\/charleroi-pourlapalestine.be\/index.php\/wp-json\/wp\/v2\/categories?post=87921"},{"taxonomy":"post_tag","embeddable":true,"href":"https:\/\/charleroi-pourlapalestine.be\/index.php\/wp-json\/wp\/v2\/tags?post=87921"}],"curies":[{"name":"wp","href":"https:\/\/api.w.org\/{rel}","templated":true}]}}