{"id":87996,"date":"2026-01-07T11:38:32","date_gmt":"2026-01-07T10:38:32","guid":{"rendered":"https:\/\/charleroi-pourlapalestine.be\/?p=87996"},"modified":"2026-01-07T11:42:35","modified_gmt":"2026-01-07T10:42:35","slug":"un-tribunal-suisse-a-juge-illegale-la-detention-dali-abunimah","status":"publish","type":"post","link":"https:\/\/charleroi-pourlapalestine.be\/index.php\/2026\/01\/07\/un-tribunal-suisse-a-juge-illegale-la-detention-dali-abunimah\/","title":{"rendered":"Un tribunal suisse a jug\u00e9 ill\u00e9gale la d\u00e9tention d&rsquo;Ali Abunimah"},"content":{"rendered":"<p>Ali Abunimah : \u00ab\u00a0Je suis ravi que le Tribunal administratif du canton de Zurich ait d\u00e9cid\u00e9 le 29 d\u00e9cembre 2025 que mon arrestation et ma d\u00e9tention par la police zurichoise l&rsquo;an dernier \u00e9taient ill\u00e9gales et qu&rsquo;elles violaient la constitution suisse et la Convention europ\u00e9enne des droits de l&rsquo;homme.\u00a0\u00bb<\/p>\n<p>&nbsp;<\/p>\n<div id=\"attachment_87997\" style=\"width: 1035px\" class=\"wp-caption aligncenter\"><img loading=\"lazy\" decoding=\"async\" aria-describedby=\"caption-attachment-87997\" class=\"wp-image-87997 size-full\" src=\"https:\/\/charleroi-pourlapalestine.be\/wp-content\/uploads\/2026\/01\/Suisse.png\" alt=\"Un tribunal suisse a jug\u00e9 ill\u00e9gale la d\u00e9tention d'Ali Abunimah. Photo : Le 29 juillet 2025, \u00e0 Zurich, des gens manifestent contre le g\u00e9nocide isra\u00e9lien \u00e0 Gaza. (Photo : kritisches fotografiekollektiv)\" width=\"1025\" height=\"592\" srcset=\"https:\/\/charleroi-pourlapalestine.be\/wp-content\/uploads\/2026\/01\/Suisse.png 1025w, https:\/\/charleroi-pourlapalestine.be\/wp-content\/uploads\/2026\/01\/Suisse-350x202.png 350w, https:\/\/charleroi-pourlapalestine.be\/wp-content\/uploads\/2026\/01\/Suisse-700x404.png 700w, https:\/\/charleroi-pourlapalestine.be\/wp-content\/uploads\/2026\/01\/Suisse-768x444.png 768w\" sizes=\"auto, (max-width: 1025px) 100vw, 1025px\" \/><p id=\"caption-attachment-87997\" class=\"wp-caption-text\"><strong>Le 29 juillet 2025, \u00e0 Zurich, des gens manifestent contre le g\u00e9nocide isra\u00e9lien \u00e0 Gaza.<\/strong> (Photo : kritisches fotografiekollektiv)<\/p><\/div>\n<p>Cette d\u00e9cision, communiqu\u00e9e le 5 janvier, justifie totalement ma position selon laquelle il n&rsquo;y avait pas la moindre base juridique pour que je sois <a href=\"https:\/\/charleroi-pourlapalestine.be\/index.php\/2025\/01\/26\/ali-abunimah-ei-arrete-en-suisse\/\">enlev\u00e9 en pleine rue<\/a> par des agents en civil le 25 janvier 2025, alors que j&rsquo;\u00e9tais en route afin de prendre la parole lors d&rsquo;un \u00e9v\u00e9nement portant sur le g\u00e9nocide isra\u00e9lien \u00e0 Gaza.<\/p>\n<p>J&rsquo;ai \u00e9t\u00e9 jet\u00e9 dans une cellule o\u00f9 je suis rest\u00e9 trois jours, sans pouvoir contacter ma famille ni communiquer avec le monde ext\u00e9rieur et, ensuite, j&rsquo;ai \u00e9t\u00e9 <a href=\"https:\/\/electronicintifada.net\/content\/switzerland-deports-eis-ali-abunimah\/50337\" target=\"_blank\" rel=\"noopener\">expuls\u00e9 de force.<\/a><\/p>\n<p>Ces actions ill\u00e9gales ont fait en sorte qu&rsquo;il m&rsquo;a \u00e9t\u00e9 impossible de participer \u00e0 des \u00e9v\u00e9nements publics ou m\u00e9diatiques visant \u00e0 informer les gens en Suisse du g\u00e9nocide \u00e0 Gaza et de la complicit\u00e9 des institutions suisses \u00e0 ces crimes en cours.<\/p>\n<p>Le tribunal a confirm\u00e9 que la police de Zurich avait enfreint la loi et les garanties constitutionnelles fondamentales, de m\u00eame que l&rsquo;article 5, paragraphe 2 de la Convention europ\u00e9enne des droits de l&rsquo;homme \u2013 parce qu&rsquo;il n&rsquo;y avait pas de base juridique pour ma d\u00e9tention, qu&rsquo;aucune ordonnance l\u00e9gale n&rsquo;avait \u00e9t\u00e9 \u00e9mise en vue de mon arrestation et qu&rsquo;on ne m&rsquo;avait jamais donn\u00e9 de raison valable de mon emprisonnement ni d&rsquo;information sur le temps qu&rsquo;il durerait.<\/p>\n<p>Le tribunal a statu\u00e9 que le canton de Zurich paierait mes frais juridiques pour cet appel et, conform\u00e9ment \u00e0 la proc\u00e9dure suisse, j&rsquo;ai l&rsquo;intention de r\u00e9clamer un d\u00e9dommagement pour mon arrestation ill\u00e9gale et inconstitutionnelle. Je verserai la moindre indemnisation que je recevrai au profit direct des survivants et des victimes du g\u00e9nocide isra\u00e9lien.<\/p>\n<p>Cette victoire juridique manifeste ne concerne que l&rsquo;un des appels que j&rsquo;ai introduits pour r\u00e9clamer des comptes \u00e0 propos de ces actions ill\u00e9gales \u2013 dont le but plus large, me semble-t-il, est d&rsquo;imposer le silence et de dissuader toute discussion publique autour des crimes isra\u00e9liens \u00e0 l&rsquo;encontre du peuple palestinien.<\/p>\n<p>J&rsquo;ai actuellement deux autres appels en cours devant le Tribunal administratif f\u00e9d\u00e9ral de Suisse \u2013 un contre<a href=\"https:\/\/electronicintifada.net\/content\/swiss-federal-police-opposed-ali-abunimah-entry-ban-files-reveal\/50409\" target=\"_blank\" rel=\"noopener\"> l&rsquo;interdiction d&rsquo;entr\u00e9e impos\u00e9e apr\u00e8s mon arriv\u00e9e l\u00e9gale dans le pays<\/a> et un autre contre l&rsquo;ordonnance d&rsquo;expulsion \u00e9mise par la suite.<\/p>\n<p>J&rsquo;ai \u00e9galement d\u00e9pos\u00e9 des plaintes p\u00e9nales en rapport avec cette question.<\/p>\n<p>En novembre, une commission parlementaire suisse<a href=\"https:\/\/electronicintifada.net\/blogs\/asa-winstanley\/swiss-official-tied-israel-ordered-ali-abunimah-arrest-probe-finds\" target=\"_blank\" rel=\"noopener\"> a conclu<\/a> qu&rsquo;il y avait eu une s\u00e9rie d&rsquo;<a href=\"https:\/\/electronicintifada.net\/content\/swiss-federal-police-opposed-ali-abunimah-entry-ban-files-reveal\/50409\" target=\"_blank\" rel=\"noopener\">irr\u00e9gularit\u00e9s<\/a> autour de mon arrestation et des preuves d&rsquo;ing\u00e9rence inappropri\u00e9e de la part de Nicoletta della Valle, une haute responsable de la police f\u00e9d\u00e9rale ayant d&rsquo;\u00e9troits liens avec Isra\u00ebl.<\/p>\n<p>Je remercie mes avocats pour leur diligence \u00e0 obtenir des comptes en mon nom. Je remercie les innombrables personnes de Suisse et du monde entier pour leur soutien et, en particulier, mes coll\u00e8gues de The Electronic Intifada.<\/p>\n<p>Jusqu&rsquo;\u00e0 pr\u00e9sent, ma demande de comptes a \u00e9t\u00e9 enti\u00e8rement financ\u00e9e par des dons du public via une<a href=\"https:\/\/gogetfunding.com\/journalist-ali-abunimah-was-jailed-to-stop-him-speaking-about-palestine\/\" target=\"_blank\" rel=\"noopener\"> campagne de collecte de fonds<\/a> et je tiens donc \u00e0 remercier chacune des personnes qui ont contribu\u00e9 \u00e0 rendre possible cette premi\u00e8re victoire importante.<\/p>\n<p>En ces jours de l\u00e2chet\u00e9 et de complicit\u00e9 de la part de gouvernements face \u00e0 des crimes choquants et monstrueux, il est plus important que jamais que les citoyens d&rsquo;o\u00f9 qu&rsquo;ils soient s&rsquo;expriment. Il est par cons\u00e9quent vital que nous ripostions avec virulence quand notre libert\u00e9 d&rsquo;expression fait l&rsquo;objet d&rsquo;attaques de la r\u00e9pression gouvernementale.<\/p>\n<p style=\"text-align: center;\">*****<\/p>\n<p>&nbsp;<\/p>\n<p><a href=\"https:\/\/charleroi-pourlapalestine.be\/index.php\/tag\/ali-abunimah\/\"><strong><img loading=\"lazy\" decoding=\"async\" class=\"alignleft wp-image-2800 size-thumbnail\" src=\"https:\/\/charleroi-pourlapalestine.be\/wp-content\/uploads\/2020\/01\/Ali-Abunimah-Copy-150x150.jpg\" sizes=\"auto, (max-width: 150px) 100vw, 150px\" srcset=\"https:\/\/charleroi-pourlapalestine.be\/wp-content\/uploads\/2020\/01\/Ali-Abunimah-Copy-150x150.jpg 150w, https:\/\/charleroi-pourlapalestine.be\/wp-content\/uploads\/2020\/01\/Ali-Abunimah-Copy-160x160.jpg 160w\" alt=\"\" width=\"150\" height=\"150\"><\/strong> <\/a><strong>Ali Abunimah<\/strong>, cofondateur et directeur ex\u00e9cutif de <a href=\"https:\/\/electronicintifada.net\/blogs\/ali-abunimah\/israel-arrests-bds-coordinator-night-raid\" target=\"_blank\" rel=\"noopener noreferrer\"><em>The Electronic Intifada<\/em><\/a>, est l\u2019auteur de <em>The Battle for Justice in Palestine<\/em>, paru chez Haymarket Books.<\/p>\n<div class=\"pf-content\">\n<p>Il a aussi \u00e9crit : <em>One Country : A Bold Proposal to end the Israeli-Palestinian Impa<\/em><\/p>\n<p>&nbsp;&nbsp;&nbsp;&nbsp;&nbsp;&nbsp;&nbsp;&nbsp;&nbsp;&nbsp;&nbsp;&nbsp;&nbsp;&nbsp;&nbsp;&nbsp;&nbsp;&nbsp;&nbsp;&nbsp;&nbsp;&nbsp;&nbsp;&nbsp;&nbsp;&nbsp;&nbsp;&nbsp;&nbsp;&nbsp;&nbsp;&nbsp;&nbsp;&nbsp;&nbsp;&nbsp;&nbsp;&nbsp;&nbsp; \u00b0\u00b0\u00b0\u00b0\u00b0<\/p>\n<p>Publi\u00e9 le 6 janvier 2026 sur <a href=\"https:\/\/electronicintifada.net\/blogs\/ali-abunimah\/swiss-court-rules-ali-abunimah-detention-was-illegal\" target=\"_blank\" rel=\"noopener\">The Electronic Intifada<\/a><strong><br \/>\n<\/strong>Traduction : Jean-Marie Fl\u00e9mal,<a href=\"https:\/\/charleroi-pourlapalestine.be\/\"> Charleroi<\/a><a href=\"https:\/\/charleroi-pourlapalestine.be\/\"> p<\/a><a href=\"https:\/\/charleroi-pourlapalestine.be\/\">our<\/a><a href=\"https:\/\/charleroi-pourlapalestine.be\/\"> la Palestine<\/a><\/p>\n<\/div>\n","protected":false},"excerpt":{"rendered":"<p>Ali Abunimah : \u00ab\u00a0Il est vital que nous ripostions avec virulence quand notre libert\u00e9 d&rsquo;expression fait l&rsquo;objet d&rsquo;attaques de la r\u00e9pression gouvernementale.\u00a0\u00bb<\/p>\n","protected":false},"author":1,"featured_media":87997,"comment_status":"closed","ping_status":"closed","sticky":false,"template":"","format":"standard","meta":{"ngg_post_thumbnail":0,"footnotes":""},"categories":[812],"tags":[1008],"class_list":["post-87996","post","type-post","status-publish","format-standard","has-post-thumbnail","hentry","category-suisse","tag-ali-abunimah"],"yoast_head":"<!-- This site is optimized with the Yoast SEO plugin v27.3 - https:\/\/yoast.com\/product\/yoast-seo-wordpress\/ -->\n<title>Un tribunal suisse a jug\u00e9 ill\u00e9gale la d\u00e9tention d&#039;Ali Abunimah<\/title>\n<meta name=\"description\" content=\"Ali Abunimah : Il est vital que nous ripostions quand notre libert\u00e9 d&#039;expression fait l&#039;objet d&#039;attaques de la r\u00e9pression gouvernementale.\" \/>\n<meta name=\"robots\" content=\"index, follow, max-snippet:-1, max-image-preview:large, max-video-preview:-1\" \/>\n<link rel=\"canonical\" href=\"https:\/\/charleroi-pourlapalestine.be\/index.php\/2026\/01\/07\/un-tribunal-suisse-a-juge-illegale-la-detention-dali-abunimah\/\" \/>\n<script type=\"application\/ld+json\" class=\"yoast-schema-graph\">{\"@context\":\"https:\\\/\\\/schema.org\",\"@graph\":[{\"@type\":\"Article\",\"@id\":\"https:\\\/\\\/charleroi-pourlapalestine.be\\\/index.php\\\/2026\\\/01\\\/07\\\/un-tribunal-suisse-a-juge-illegale-la-detention-dali-abunimah\\\/#article\",\"isPartOf\":{\"@id\":\"https:\\\/\\\/charleroi-pourlapalestine.be\\\/index.php\\\/2026\\\/01\\\/07\\\/un-tribunal-suisse-a-juge-illegale-la-detention-dali-abunimah\\\/\"},\"author\":{\"name\":\"admin1873\",\"@id\":\"https:\\\/\\\/charleroi-pourlapalestine.be\\\/#\\\/schema\\\/person\\\/c19ff515112f1299d8c12671d8fe3faa\"},\"headline\":\"Un tribunal suisse a jug\u00e9 ill\u00e9gale la d\u00e9tention d&rsquo;Ali Abunimah\",\"datePublished\":\"2026-01-07T10:38:32+00:00\",\"dateModified\":\"2026-01-07T10:42:35+00:00\",\"mainEntityOfPage\":{\"@id\":\"https:\\\/\\\/charleroi-pourlapalestine.be\\\/index.php\\\/2026\\\/01\\\/07\\\/un-tribunal-suisse-a-juge-illegale-la-detention-dali-abunimah\\\/\"},\"wordCount\":783,\"publisher\":{\"@id\":\"https:\\\/\\\/charleroi-pourlapalestine.be\\\/#organization\"},\"image\":{\"@id\":\"https:\\\/\\\/charleroi-pourlapalestine.be\\\/index.php\\\/2026\\\/01\\\/07\\\/un-tribunal-suisse-a-juge-illegale-la-detention-dali-abunimah\\\/#primaryimage\"},\"thumbnailUrl\":\"https:\\\/\\\/charleroi-pourlapalestine.be\\\/wp-content\\\/uploads\\\/2026\\\/01\\\/Suisse.png\",\"keywords\":[\"Ali Abunimah\"],\"articleSection\":[\"Suisse\"],\"inLanguage\":\"fr-FR\"},{\"@type\":\"WebPage\",\"@id\":\"https:\\\/\\\/charleroi-pourlapalestine.be\\\/index.php\\\/2026\\\/01\\\/07\\\/un-tribunal-suisse-a-juge-illegale-la-detention-dali-abunimah\\\/\",\"url\":\"https:\\\/\\\/charleroi-pourlapalestine.be\\\/index.php\\\/2026\\\/01\\\/07\\\/un-tribunal-suisse-a-juge-illegale-la-detention-dali-abunimah\\\/\",\"name\":\"Un tribunal suisse a jug\u00e9 ill\u00e9gale la d\u00e9tention d'Ali Abunimah\",\"isPartOf\":{\"@id\":\"https:\\\/\\\/charleroi-pourlapalestine.be\\\/#website\"},\"primaryImageOfPage\":{\"@id\":\"https:\\\/\\\/charleroi-pourlapalestine.be\\\/index.php\\\/2026\\\/01\\\/07\\\/un-tribunal-suisse-a-juge-illegale-la-detention-dali-abunimah\\\/#primaryimage\"},\"image\":{\"@id\":\"https:\\\/\\\/charleroi-pourlapalestine.be\\\/index.php\\\/2026\\\/01\\\/07\\\/un-tribunal-suisse-a-juge-illegale-la-detention-dali-abunimah\\\/#primaryimage\"},\"thumbnailUrl\":\"https:\\\/\\\/charleroi-pourlapalestine.be\\\/wp-content\\\/uploads\\\/2026\\\/01\\\/Suisse.png\",\"datePublished\":\"2026-01-07T10:38:32+00:00\",\"dateModified\":\"2026-01-07T10:42:35+00:00\",\"description\":\"Ali Abunimah : Il est vital que nous ripostions quand notre libert\u00e9 d'expression fait l'objet d'attaques de la r\u00e9pression gouvernementale.\",\"breadcrumb\":{\"@id\":\"https:\\\/\\\/charleroi-pourlapalestine.be\\\/index.php\\\/2026\\\/01\\\/07\\\/un-tribunal-suisse-a-juge-illegale-la-detention-dali-abunimah\\\/#breadcrumb\"},\"inLanguage\":\"fr-FR\",\"potentialAction\":[{\"@type\":\"ReadAction\",\"target\":[\"https:\\\/\\\/charleroi-pourlapalestine.be\\\/index.php\\\/2026\\\/01\\\/07\\\/un-tribunal-suisse-a-juge-illegale-la-detention-dali-abunimah\\\/\"]}]},{\"@type\":\"ImageObject\",\"inLanguage\":\"fr-FR\",\"@id\":\"https:\\\/\\\/charleroi-pourlapalestine.be\\\/index.php\\\/2026\\\/01\\\/07\\\/un-tribunal-suisse-a-juge-illegale-la-detention-dali-abunimah\\\/#primaryimage\",\"url\":\"https:\\\/\\\/charleroi-pourlapalestine.be\\\/wp-content\\\/uploads\\\/2026\\\/01\\\/Suisse.png\",\"contentUrl\":\"https:\\\/\\\/charleroi-pourlapalestine.be\\\/wp-content\\\/uploads\\\/2026\\\/01\\\/Suisse.png\",\"width\":1025,\"height\":592},{\"@type\":\"BreadcrumbList\",\"@id\":\"https:\\\/\\\/charleroi-pourlapalestine.be\\\/index.php\\\/2026\\\/01\\\/07\\\/un-tribunal-suisse-a-juge-illegale-la-detention-dali-abunimah\\\/#breadcrumb\",\"itemListElement\":[{\"@type\":\"ListItem\",\"position\":1,\"name\":\"Accueil\",\"item\":\"https:\\\/\\\/charleroi-pourlapalestine.be\\\/\"},{\"@type\":\"ListItem\",\"position\":2,\"name\":\"Un tribunal suisse a jug\u00e9 ill\u00e9gale la d\u00e9tention d&rsquo;Ali Abunimah\"}]},{\"@type\":\"WebSite\",\"@id\":\"https:\\\/\\\/charleroi-pourlapalestine.be\\\/#website\",\"url\":\"https:\\\/\\\/charleroi-pourlapalestine.be\\\/\",\"name\":\"Charleroi Pour la Palestine\",\"description\":\"\",\"publisher\":{\"@id\":\"https:\\\/\\\/charleroi-pourlapalestine.be\\\/#organization\"},\"potentialAction\":[{\"@type\":\"SearchAction\",\"target\":{\"@type\":\"EntryPoint\",\"urlTemplate\":\"https:\\\/\\\/charleroi-pourlapalestine.be\\\/?s={search_term_string}\"},\"query-input\":{\"@type\":\"PropertyValueSpecification\",\"valueRequired\":true,\"valueName\":\"search_term_string\"}}],\"inLanguage\":\"fr-FR\"},{\"@type\":\"Organization\",\"@id\":\"https:\\\/\\\/charleroi-pourlapalestine.be\\\/#organization\",\"name\":\"Plate-forme Charleroi-Palestine\",\"url\":\"https:\\\/\\\/charleroi-pourlapalestine.be\\\/\",\"logo\":{\"@type\":\"ImageObject\",\"inLanguage\":\"fr-FR\",\"@id\":\"https:\\\/\\\/charleroi-pourlapalestine.be\\\/#\\\/schema\\\/logo\\\/image\\\/\",\"url\":\"https:\\\/\\\/charleroi-pourlapalestine.be\\\/wp-content\\\/uploads\\\/2020\\\/01\\\/logo-Copy.jpg\",\"contentUrl\":\"https:\\\/\\\/charleroi-pourlapalestine.be\\\/wp-content\\\/uploads\\\/2020\\\/01\\\/logo-Copy.jpg\",\"width\":180,\"height\":180,\"caption\":\"Plate-forme Charleroi-Palestine\"},\"image\":{\"@id\":\"https:\\\/\\\/charleroi-pourlapalestine.be\\\/#\\\/schema\\\/logo\\\/image\\\/\"},\"sameAs\":[\"https:\\\/\\\/www.facebook.com\\\/PlateformeCharleroiPalestine\\\/\",\"https:\\\/\\\/x.com\\\/LaCharleroi\"]},{\"@type\":\"Person\",\"@id\":\"https:\\\/\\\/charleroi-pourlapalestine.be\\\/#\\\/schema\\\/person\\\/c19ff515112f1299d8c12671d8fe3faa\",\"name\":\"admin1873\",\"url\":\"https:\\\/\\\/charleroi-pourlapalestine.be\\\/index.php\\\/author\\\/admin1873\\\/\"}]}<\/script>\n<!-- \/ Yoast SEO plugin. -->","yoast_head_json":{"title":"Un tribunal suisse a jug\u00e9 ill\u00e9gale la d\u00e9tention d'Ali Abunimah","description":"Ali Abunimah : Il est vital que nous ripostions quand notre libert\u00e9 d'expression fait l'objet d'attaques de la r\u00e9pression gouvernementale.","robots":{"index":"index","follow":"follow","max-snippet":"max-snippet:-1","max-image-preview":"max-image-preview:large","max-video-preview":"max-video-preview:-1"},"canonical":"https:\/\/charleroi-pourlapalestine.be\/index.php\/2026\/01\/07\/un-tribunal-suisse-a-juge-illegale-la-detention-dali-abunimah\/","schema":{"@context":"https:\/\/schema.org","@graph":[{"@type":"Article","@id":"https:\/\/charleroi-pourlapalestine.be\/index.php\/2026\/01\/07\/un-tribunal-suisse-a-juge-illegale-la-detention-dali-abunimah\/#article","isPartOf":{"@id":"https:\/\/charleroi-pourlapalestine.be\/index.php\/2026\/01\/07\/un-tribunal-suisse-a-juge-illegale-la-detention-dali-abunimah\/"},"author":{"name":"admin1873","@id":"https:\/\/charleroi-pourlapalestine.be\/#\/schema\/person\/c19ff515112f1299d8c12671d8fe3faa"},"headline":"Un tribunal suisse a jug\u00e9 ill\u00e9gale la d\u00e9tention d&rsquo;Ali Abunimah","datePublished":"2026-01-07T10:38:32+00:00","dateModified":"2026-01-07T10:42:35+00:00","mainEntityOfPage":{"@id":"https:\/\/charleroi-pourlapalestine.be\/index.php\/2026\/01\/07\/un-tribunal-suisse-a-juge-illegale-la-detention-dali-abunimah\/"},"wordCount":783,"publisher":{"@id":"https:\/\/charleroi-pourlapalestine.be\/#organization"},"image":{"@id":"https:\/\/charleroi-pourlapalestine.be\/index.php\/2026\/01\/07\/un-tribunal-suisse-a-juge-illegale-la-detention-dali-abunimah\/#primaryimage"},"thumbnailUrl":"https:\/\/charleroi-pourlapalestine.be\/wp-content\/uploads\/2026\/01\/Suisse.png","keywords":["Ali Abunimah"],"articleSection":["Suisse"],"inLanguage":"fr-FR"},{"@type":"WebPage","@id":"https:\/\/charleroi-pourlapalestine.be\/index.php\/2026\/01\/07\/un-tribunal-suisse-a-juge-illegale-la-detention-dali-abunimah\/","url":"https:\/\/charleroi-pourlapalestine.be\/index.php\/2026\/01\/07\/un-tribunal-suisse-a-juge-illegale-la-detention-dali-abunimah\/","name":"Un tribunal suisse a jug\u00e9 ill\u00e9gale la d\u00e9tention d'Ali Abunimah","isPartOf":{"@id":"https:\/\/charleroi-pourlapalestine.be\/#website"},"primaryImageOfPage":{"@id":"https:\/\/charleroi-pourlapalestine.be\/index.php\/2026\/01\/07\/un-tribunal-suisse-a-juge-illegale-la-detention-dali-abunimah\/#primaryimage"},"image":{"@id":"https:\/\/charleroi-pourlapalestine.be\/index.php\/2026\/01\/07\/un-tribunal-suisse-a-juge-illegale-la-detention-dali-abunimah\/#primaryimage"},"thumbnailUrl":"https:\/\/charleroi-pourlapalestine.be\/wp-content\/uploads\/2026\/01\/Suisse.png","datePublished":"2026-01-07T10:38:32+00:00","dateModified":"2026-01-07T10:42:35+00:00","description":"Ali Abunimah : Il est vital que nous ripostions quand notre libert\u00e9 d'expression fait l'objet d'attaques de la r\u00e9pression gouvernementale.","breadcrumb":{"@id":"https:\/\/charleroi-pourlapalestine.be\/index.php\/2026\/01\/07\/un-tribunal-suisse-a-juge-illegale-la-detention-dali-abunimah\/#breadcrumb"},"inLanguage":"fr-FR","potentialAction":[{"@type":"ReadAction","target":["https:\/\/charleroi-pourlapalestine.be\/index.php\/2026\/01\/07\/un-tribunal-suisse-a-juge-illegale-la-detention-dali-abunimah\/"]}]},{"@type":"ImageObject","inLanguage":"fr-FR","@id":"https:\/\/charleroi-pourlapalestine.be\/index.php\/2026\/01\/07\/un-tribunal-suisse-a-juge-illegale-la-detention-dali-abunimah\/#primaryimage","url":"https:\/\/charleroi-pourlapalestine.be\/wp-content\/uploads\/2026\/01\/Suisse.png","contentUrl":"https:\/\/charleroi-pourlapalestine.be\/wp-content\/uploads\/2026\/01\/Suisse.png","width":1025,"height":592},{"@type":"BreadcrumbList","@id":"https:\/\/charleroi-pourlapalestine.be\/index.php\/2026\/01\/07\/un-tribunal-suisse-a-juge-illegale-la-detention-dali-abunimah\/#breadcrumb","itemListElement":[{"@type":"ListItem","position":1,"name":"Accueil","item":"https:\/\/charleroi-pourlapalestine.be\/"},{"@type":"ListItem","position":2,"name":"Un tribunal suisse a jug\u00e9 ill\u00e9gale la d\u00e9tention d&rsquo;Ali Abunimah"}]},{"@type":"WebSite","@id":"https:\/\/charleroi-pourlapalestine.be\/#website","url":"https:\/\/charleroi-pourlapalestine.be\/","name":"Charleroi Pour la Palestine","description":"","publisher":{"@id":"https:\/\/charleroi-pourlapalestine.be\/#organization"},"potentialAction":[{"@type":"SearchAction","target":{"@type":"EntryPoint","urlTemplate":"https:\/\/charleroi-pourlapalestine.be\/?s={search_term_string}"},"query-input":{"@type":"PropertyValueSpecification","valueRequired":true,"valueName":"search_term_string"}}],"inLanguage":"fr-FR"},{"@type":"Organization","@id":"https:\/\/charleroi-pourlapalestine.be\/#organization","name":"Plate-forme Charleroi-Palestine","url":"https:\/\/charleroi-pourlapalestine.be\/","logo":{"@type":"ImageObject","inLanguage":"fr-FR","@id":"https:\/\/charleroi-pourlapalestine.be\/#\/schema\/logo\/image\/","url":"https:\/\/charleroi-pourlapalestine.be\/wp-content\/uploads\/2020\/01\/logo-Copy.jpg","contentUrl":"https:\/\/charleroi-pourlapalestine.be\/wp-content\/uploads\/2020\/01\/logo-Copy.jpg","width":180,"height":180,"caption":"Plate-forme Charleroi-Palestine"},"image":{"@id":"https:\/\/charleroi-pourlapalestine.be\/#\/schema\/logo\/image\/"},"sameAs":["https:\/\/www.facebook.com\/PlateformeCharleroiPalestine\/","https:\/\/x.com\/LaCharleroi"]},{"@type":"Person","@id":"https:\/\/charleroi-pourlapalestine.be\/#\/schema\/person\/c19ff515112f1299d8c12671d8fe3faa","name":"admin1873","url":"https:\/\/charleroi-pourlapalestine.be\/index.php\/author\/admin1873\/"}]}},"_links":{"self":[{"href":"https:\/\/charleroi-pourlapalestine.be\/index.php\/wp-json\/wp\/v2\/posts\/87996","targetHints":{"allow":["GET"]}}],"collection":[{"href":"https:\/\/charleroi-pourlapalestine.be\/index.php\/wp-json\/wp\/v2\/posts"}],"about":[{"href":"https:\/\/charleroi-pourlapalestine.be\/index.php\/wp-json\/wp\/v2\/types\/post"}],"author":[{"embeddable":true,"href":"https:\/\/charleroi-pourlapalestine.be\/index.php\/wp-json\/wp\/v2\/users\/1"}],"replies":[{"embeddable":true,"href":"https:\/\/charleroi-pourlapalestine.be\/index.php\/wp-json\/wp\/v2\/comments?post=87996"}],"version-history":[{"count":0,"href":"https:\/\/charleroi-pourlapalestine.be\/index.php\/wp-json\/wp\/v2\/posts\/87996\/revisions"}],"wp:featuredmedia":[{"embeddable":true,"href":"https:\/\/charleroi-pourlapalestine.be\/index.php\/wp-json\/wp\/v2\/media\/87997"}],"wp:attachment":[{"href":"https:\/\/charleroi-pourlapalestine.be\/index.php\/wp-json\/wp\/v2\/media?parent=87996"}],"wp:term":[{"taxonomy":"category","embeddable":true,"href":"https:\/\/charleroi-pourlapalestine.be\/index.php\/wp-json\/wp\/v2\/categories?post=87996"},{"taxonomy":"post_tag","embeddable":true,"href":"https:\/\/charleroi-pourlapalestine.be\/index.php\/wp-json\/wp\/v2\/tags?post=87996"}],"curies":[{"name":"wp","href":"https:\/\/api.w.org\/{rel}","templated":true}]}}