{"id":88153,"date":"2026-01-29T13:16:29","date_gmt":"2026-01-29T12:16:29","guid":{"rendered":"https:\/\/charleroi-pourlapalestine.be\/?p=88153"},"modified":"2026-01-29T13:16:29","modified_gmt":"2026-01-29T12:16:29","slug":"vers-un-mouvement-elargi-de-solidarite-nationale-et-internationale-avec-notre-peuple-des-camps-de-refugies-palestiniens-au-liban","status":"publish","type":"post","link":"https:\/\/charleroi-pourlapalestine.be\/index.php\/2026\/01\/29\/vers-un-mouvement-elargi-de-solidarite-nationale-et-internationale-avec-notre-peuple-des-camps-de-refugies-palestiniens-au-liban\/","title":{"rendered":"Vers un mouvement \u00e9largi de solidarit\u00e9 nationale et internationale avec notre peuple des camps de r\u00e9fugi\u00e9s palestiniens au Liban"},"content":{"rendered":"<p>C&rsquo;est avec inqui\u00e9tude que <strong>Masar Badil, le Mouvement alternatif de la voie r\u00e9volutionnaire palestinienne<\/strong>, suit les rapports \u00e9manant des camps de r\u00e9fugi\u00e9s palestiniens au Liban \u00e0 propos des tentatives des directeurs et fonctionnaires internationaux de l&rsquo;<strong>UNRWA<\/strong> (Office de secours et de travaux des Nations unies pour les r\u00e9fugi\u00e9s de Palestine dans le Proche-Orient) en vue de <strong>perquisitionner dans les \u00e9coles<\/strong> de l&rsquo;agence et ce, afin d&rsquo;en <strong>faire dispara\u00eetre les slogans et symboles nationaux palestiniens, y compris la carte de la Palestine et le drapeau palestinien.<\/strong><\/p>\n<p>&nbsp;<\/p>\n<p><img loading=\"lazy\" decoding=\"async\" class=\"aligncenter wp-image-88154 size-large\" src=\"https:\/\/charleroi-pourlapalestine.be\/wp-content\/uploads\/2026\/01\/Solidarite-avec-les-camps-de-refugies-palestiniens-au-Liban-700x349.jpeg\" alt=\"\" width=\"700\" height=\"349\" srcset=\"https:\/\/charleroi-pourlapalestine.be\/wp-content\/uploads\/2026\/01\/Solidarite-avec-les-camps-de-refugies-palestiniens-au-Liban-700x349.jpeg 700w, https:\/\/charleroi-pourlapalestine.be\/wp-content\/uploads\/2026\/01\/Solidarite-avec-les-camps-de-refugies-palestiniens-au-Liban-350x175.jpeg 350w, https:\/\/charleroi-pourlapalestine.be\/wp-content\/uploads\/2026\/01\/Solidarite-avec-les-camps-de-refugies-palestiniens-au-Liban-768x383.jpeg 768w, https:\/\/charleroi-pourlapalestine.be\/wp-content\/uploads\/2026\/01\/Solidarite-avec-les-camps-de-refugies-palestiniens-au-Liban.jpeg 780w\" sizes=\"auto, (max-width: 700px) 100vw, 700px\" \/><\/p>\n<p>&nbsp;<\/p>\n<p><strong>Masar Badil,<\/strong> 29 janvier 2026<\/p>\n<p>Nous consid\u00e9rons qu&rsquo;il s&rsquo;agit d&rsquo;une violation flagrante et dangereuse de l&rsquo;identit\u00e9 nationale palestinienne et de la continuation d&rsquo;un parcours politique pourtant rejet\u00e9 qui vise \u00e0 effacer la conscience, \u00e0 oblit\u00e9rer la m\u00e9moire et \u00e0 briser la volont\u00e9 des r\u00e9fugi\u00e9s des camps du shatat (exil, diaspora).<\/p>\n<p>Ces mesures ne sont ni administratives ni \u00e9ducatives, mais constituent plut\u00f4t un <strong>acte politique manifestement hostile<\/strong>, en conformit\u00e9 avec les <strong>pressions am\u00e9ricano-sionistes<\/strong> qui cherchent \u00e0 d\u00e9pouiller la cause des r\u00e9fugi\u00e9s palestiniens de son contenu de lib\u00e9ration nationale et \u00e0 transformer les \u00e9coles de l&rsquo;UNRWA en des espaces sans la moindre identit\u00e9 et destin\u00e9s \u00e0 former des g\u00e9n\u00e9rations sans m\u00e9moire et d\u00e9nu\u00e9es de tout sentiment d&rsquo;appartenance, le tout afin de pr\u00e9parer la liquidation du droit au retour.<\/p>\n<p>Le drapeau palestinien et toutes les formes d&rsquo;expression de l&rsquo;identit\u00e9 nationale palestinienne ne sont pas de vulgaires d\u00e9corations sur les murs mais une expression vivante de <strong>l&rsquo;histoire d&rsquo;un peuple,<\/strong> des souvenirs d&rsquo;une Nakba qui a toujours cours et de la promesse d&rsquo;un droit qui n&rsquo;expirera pas avec le temps. Toute tentative de les faire dispara\u00eetre constitue une attaque directe contre la dignit\u00e9 des r\u00e9fugi\u00e9s et leur droit \u00e0 exprimer leur appartenance nationale au sein m\u00eame des camps qui, au d\u00e9part, ont \u00e9t\u00e9 \u00e9tablis \u00e0 la suite du crime qu&rsquo;a \u00e9t\u00e9 leur d\u00e9racinement de leur terre.<\/p>\n<p>Nous consid\u00e9rons que l&rsquo;administration de l&rsquo;UNRWA au Liban est enti\u00e8rement responsable des cons\u00e9quences de ces mesures de provocation et mettons en garde contre le danger de s&rsquo;obstiner dans une voie qui rejoint <strong>la normalisation et les projets de liquidation<\/strong> et qui d\u00e9truit le peu de confiance qui reste entre les r\u00e9fugi\u00e9s et l&rsquo;agence m\u00eame.<\/p>\n<p>Nous invitons nos organisations et partisans en Europe, en Am\u00e9rique du Nord et en Am\u00e9rique du Sud \u00e0 soutenir et participer \u00e0 la lutte de notre peuple dans les camps du Liban. Nous invitons \u00e9galement les masses de notre peuple dans les camps du Liban, les forces nationales, les comit\u00e9s populaires et les encadrements \u00e9ducatifs \u00e0 s&rsquo;opposer \u00e0 ces tentatives avec fermet\u00e9 et de fa\u00e7on organis\u00e9e et \u00e0 <strong>d\u00e9fendre l&rsquo;identit\u00e9 nationale palestinienne dans les \u00e9coles et dans les camps<\/strong>, en consid\u00e9rant ceci comme <strong>un \u00e9l\u00e9ment ins\u00e9parable de la bataille pour le retour et la lib\u00e9ration.<\/strong><\/p>\n<p>Notre peuple, qui a pris position avec d\u00e9termination face \u00e0 la Nakba, \u00e0 la d\u00e9portation, \u00e0 l&rsquo;\u00e9tat de si\u00e8ge et \u00e0 l&rsquo;agression, ne permettra pas que ses \u00e9coles soient transform\u00e9es en outils destin\u00e9s \u00e0 oblit\u00e9rer son identit\u00e9, pas plus qu&rsquo;il n&rsquo;acceptera la moindre tutelle politique sur la conscience de ses enfants.<\/p>\n<p style=\"text-align: center;\">*****<\/p>\n<p>Publi\u00e9 le 29 janvier 2026 sur <a href=\"https:\/\/masarbadil.org\/en\/2026\/01\/7492\/\">Masar Badil<\/a>.<br \/>\nTraduction : Jean-Marie Fl\u00e9mal, <a href=\"https:\/\/charleroi-pourlapalestine.be\/\">Charleroi pour la Palestine<\/a><\/p>\n<p>Lisez \u00e9galement :<a href=\"https:\/\/charleroi-pourlapalestine.be\/index.php\/2026\/01\/15\/les-etudiants-palestiniens-de-lunrwa-au-liban-en-premiere-ligne-la-palestine-ne-sefface-ni-des-consciences-ni-de-lhistoire\/\"> Les \u00e9tudiants palestiniens de l\u2019UNRWA au Liban en premi\u00e8re ligne : la Palestine ne s\u2019efface ni des consciences ni de l\u2019histoire.<\/a><\/p>\n","protected":false},"excerpt":{"rendered":"<p>D\u00e9fendre l&rsquo;identit\u00e9 nationale palestinienne dans les \u00e9coles et dans les camps de r\u00e9fugi\u00e9s est un \u00e9l\u00e9ment ins\u00e9parable de la bataille pour le retour et la lib\u00e9ration<\/p>\n","protected":false},"author":1,"featured_media":88154,"comment_status":"closed","ping_status":"closed","sticky":false,"template":"","format":"standard","meta":{"ngg_post_thumbnail":0,"footnotes":""},"categories":[836,191,51],"tags":[],"class_list":["post-88153","post","type-post","status-publish","format-standard","has-post-thumbnail","hentry","category-camps-de-refugies","category-liban","category-lunrwa"],"yoast_head":"<!-- This site is optimized with the Yoast SEO plugin v27.3 - https:\/\/yoast.com\/product\/yoast-seo-wordpress\/ -->\n<title>Vers un mouvement \u00e9largi de solidarit\u00e9 nationale et internationale avec notre peuple des camps de r\u00e9fugi\u00e9s palestiniens au Liban<\/title>\n<meta name=\"description\" content=\"D\u00e9fendre l&#039;identit\u00e9 nationale palestinienne dans les \u00e9coles et dans les camps de r\u00e9fugi\u00e9s est un \u00e9l\u00e9ment ins\u00e9parable de la bataille pour le retour et la lib\u00e9ration.\" \/>\n<meta name=\"robots\" content=\"index, follow, max-snippet:-1, max-image-preview:large, max-video-preview:-1\" \/>\n<link rel=\"canonical\" href=\"https:\/\/charleroi-pourlapalestine.be\/index.php\/2026\/01\/29\/vers-un-mouvement-elargi-de-solidarite-nationale-et-internationale-avec-notre-peuple-des-camps-de-refugies-palestiniens-au-liban\/\" \/>\n<script type=\"application\/ld+json\" class=\"yoast-schema-graph\">{\"@context\":\"https:\\\/\\\/schema.org\",\"@graph\":[{\"@type\":\"Article\",\"@id\":\"https:\\\/\\\/charleroi-pourlapalestine.be\\\/index.php\\\/2026\\\/01\\\/29\\\/vers-un-mouvement-elargi-de-solidarite-nationale-et-internationale-avec-notre-peuple-des-camps-de-refugies-palestiniens-au-liban\\\/#article\",\"isPartOf\":{\"@id\":\"https:\\\/\\\/charleroi-pourlapalestine.be\\\/index.php\\\/2026\\\/01\\\/29\\\/vers-un-mouvement-elargi-de-solidarite-nationale-et-internationale-avec-notre-peuple-des-camps-de-refugies-palestiniens-au-liban\\\/\"},\"author\":{\"name\":\"admin1873\",\"@id\":\"https:\\\/\\\/charleroi-pourlapalestine.be\\\/#\\\/schema\\\/person\\\/c19ff515112f1299d8c12671d8fe3faa\"},\"headline\":\"Vers un mouvement \u00e9largi de solidarit\u00e9 nationale et internationale avec notre peuple des camps de r\u00e9fugi\u00e9s palestiniens au Liban\",\"datePublished\":\"2026-01-29T12:16:29+00:00\",\"mainEntityOfPage\":{\"@id\":\"https:\\\/\\\/charleroi-pourlapalestine.be\\\/index.php\\\/2026\\\/01\\\/29\\\/vers-un-mouvement-elargi-de-solidarite-nationale-et-internationale-avec-notre-peuple-des-camps-de-refugies-palestiniens-au-liban\\\/\"},\"wordCount\":632,\"publisher\":{\"@id\":\"https:\\\/\\\/charleroi-pourlapalestine.be\\\/#organization\"},\"image\":{\"@id\":\"https:\\\/\\\/charleroi-pourlapalestine.be\\\/index.php\\\/2026\\\/01\\\/29\\\/vers-un-mouvement-elargi-de-solidarite-nationale-et-internationale-avec-notre-peuple-des-camps-de-refugies-palestiniens-au-liban\\\/#primaryimage\"},\"thumbnailUrl\":\"https:\\\/\\\/charleroi-pourlapalestine.be\\\/wp-content\\\/uploads\\\/2026\\\/01\\\/Solidarite-avec-les-camps-de-refugies-palestiniens-au-Liban.jpeg\",\"articleSection\":[\"Camps de r\u00e9fugi\u00e9s\",\"Liban\",\"UNRWA\"],\"inLanguage\":\"fr-FR\"},{\"@type\":\"WebPage\",\"@id\":\"https:\\\/\\\/charleroi-pourlapalestine.be\\\/index.php\\\/2026\\\/01\\\/29\\\/vers-un-mouvement-elargi-de-solidarite-nationale-et-internationale-avec-notre-peuple-des-camps-de-refugies-palestiniens-au-liban\\\/\",\"url\":\"https:\\\/\\\/charleroi-pourlapalestine.be\\\/index.php\\\/2026\\\/01\\\/29\\\/vers-un-mouvement-elargi-de-solidarite-nationale-et-internationale-avec-notre-peuple-des-camps-de-refugies-palestiniens-au-liban\\\/\",\"name\":\"Vers un mouvement \u00e9largi de solidarit\u00e9 nationale et internationale avec notre peuple des camps de r\u00e9fugi\u00e9s palestiniens au Liban\",\"isPartOf\":{\"@id\":\"https:\\\/\\\/charleroi-pourlapalestine.be\\\/#website\"},\"primaryImageOfPage\":{\"@id\":\"https:\\\/\\\/charleroi-pourlapalestine.be\\\/index.php\\\/2026\\\/01\\\/29\\\/vers-un-mouvement-elargi-de-solidarite-nationale-et-internationale-avec-notre-peuple-des-camps-de-refugies-palestiniens-au-liban\\\/#primaryimage\"},\"image\":{\"@id\":\"https:\\\/\\\/charleroi-pourlapalestine.be\\\/index.php\\\/2026\\\/01\\\/29\\\/vers-un-mouvement-elargi-de-solidarite-nationale-et-internationale-avec-notre-peuple-des-camps-de-refugies-palestiniens-au-liban\\\/#primaryimage\"},\"thumbnailUrl\":\"https:\\\/\\\/charleroi-pourlapalestine.be\\\/wp-content\\\/uploads\\\/2026\\\/01\\\/Solidarite-avec-les-camps-de-refugies-palestiniens-au-Liban.jpeg\",\"datePublished\":\"2026-01-29T12:16:29+00:00\",\"description\":\"D\u00e9fendre l'identit\u00e9 nationale palestinienne dans les \u00e9coles et dans les camps de r\u00e9fugi\u00e9s est un \u00e9l\u00e9ment ins\u00e9parable de la bataille pour le retour et la lib\u00e9ration.\",\"breadcrumb\":{\"@id\":\"https:\\\/\\\/charleroi-pourlapalestine.be\\\/index.php\\\/2026\\\/01\\\/29\\\/vers-un-mouvement-elargi-de-solidarite-nationale-et-internationale-avec-notre-peuple-des-camps-de-refugies-palestiniens-au-liban\\\/#breadcrumb\"},\"inLanguage\":\"fr-FR\",\"potentialAction\":[{\"@type\":\"ReadAction\",\"target\":[\"https:\\\/\\\/charleroi-pourlapalestine.be\\\/index.php\\\/2026\\\/01\\\/29\\\/vers-un-mouvement-elargi-de-solidarite-nationale-et-internationale-avec-notre-peuple-des-camps-de-refugies-palestiniens-au-liban\\\/\"]}]},{\"@type\":\"ImageObject\",\"inLanguage\":\"fr-FR\",\"@id\":\"https:\\\/\\\/charleroi-pourlapalestine.be\\\/index.php\\\/2026\\\/01\\\/29\\\/vers-un-mouvement-elargi-de-solidarite-nationale-et-internationale-avec-notre-peuple-des-camps-de-refugies-palestiniens-au-liban\\\/#primaryimage\",\"url\":\"https:\\\/\\\/charleroi-pourlapalestine.be\\\/wp-content\\\/uploads\\\/2026\\\/01\\\/Solidarite-avec-les-camps-de-refugies-palestiniens-au-Liban.jpeg\",\"contentUrl\":\"https:\\\/\\\/charleroi-pourlapalestine.be\\\/wp-content\\\/uploads\\\/2026\\\/01\\\/Solidarite-avec-les-camps-de-refugies-palestiniens-au-Liban.jpeg\",\"width\":780,\"height\":389},{\"@type\":\"BreadcrumbList\",\"@id\":\"https:\\\/\\\/charleroi-pourlapalestine.be\\\/index.php\\\/2026\\\/01\\\/29\\\/vers-un-mouvement-elargi-de-solidarite-nationale-et-internationale-avec-notre-peuple-des-camps-de-refugies-palestiniens-au-liban\\\/#breadcrumb\",\"itemListElement\":[{\"@type\":\"ListItem\",\"position\":1,\"name\":\"Accueil\",\"item\":\"https:\\\/\\\/charleroi-pourlapalestine.be\\\/\"},{\"@type\":\"ListItem\",\"position\":2,\"name\":\"Vers un mouvement \u00e9largi de solidarit\u00e9 nationale et internationale avec notre peuple des camps de r\u00e9fugi\u00e9s palestiniens au Liban\"}]},{\"@type\":\"WebSite\",\"@id\":\"https:\\\/\\\/charleroi-pourlapalestine.be\\\/#website\",\"url\":\"https:\\\/\\\/charleroi-pourlapalestine.be\\\/\",\"name\":\"Charleroi Pour la Palestine\",\"description\":\"\",\"publisher\":{\"@id\":\"https:\\\/\\\/charleroi-pourlapalestine.be\\\/#organization\"},\"potentialAction\":[{\"@type\":\"SearchAction\",\"target\":{\"@type\":\"EntryPoint\",\"urlTemplate\":\"https:\\\/\\\/charleroi-pourlapalestine.be\\\/?s={search_term_string}\"},\"query-input\":{\"@type\":\"PropertyValueSpecification\",\"valueRequired\":true,\"valueName\":\"search_term_string\"}}],\"inLanguage\":\"fr-FR\"},{\"@type\":\"Organization\",\"@id\":\"https:\\\/\\\/charleroi-pourlapalestine.be\\\/#organization\",\"name\":\"Plate-forme Charleroi-Palestine\",\"url\":\"https:\\\/\\\/charleroi-pourlapalestine.be\\\/\",\"logo\":{\"@type\":\"ImageObject\",\"inLanguage\":\"fr-FR\",\"@id\":\"https:\\\/\\\/charleroi-pourlapalestine.be\\\/#\\\/schema\\\/logo\\\/image\\\/\",\"url\":\"https:\\\/\\\/charleroi-pourlapalestine.be\\\/wp-content\\\/uploads\\\/2020\\\/01\\\/logo-Copy.jpg\",\"contentUrl\":\"https:\\\/\\\/charleroi-pourlapalestine.be\\\/wp-content\\\/uploads\\\/2020\\\/01\\\/logo-Copy.jpg\",\"width\":180,\"height\":180,\"caption\":\"Plate-forme Charleroi-Palestine\"},\"image\":{\"@id\":\"https:\\\/\\\/charleroi-pourlapalestine.be\\\/#\\\/schema\\\/logo\\\/image\\\/\"},\"sameAs\":[\"https:\\\/\\\/www.facebook.com\\\/PlateformeCharleroiPalestine\\\/\",\"https:\\\/\\\/x.com\\\/LaCharleroi\"]},{\"@type\":\"Person\",\"@id\":\"https:\\\/\\\/charleroi-pourlapalestine.be\\\/#\\\/schema\\\/person\\\/c19ff515112f1299d8c12671d8fe3faa\",\"name\":\"admin1873\",\"url\":\"https:\\\/\\\/charleroi-pourlapalestine.be\\\/index.php\\\/author\\\/admin1873\\\/\"}]}<\/script>\n<!-- \/ Yoast SEO plugin. -->","yoast_head_json":{"title":"Vers un mouvement \u00e9largi de solidarit\u00e9 nationale et internationale avec notre peuple des camps de r\u00e9fugi\u00e9s palestiniens au Liban","description":"D\u00e9fendre l'identit\u00e9 nationale palestinienne dans les \u00e9coles et dans les camps de r\u00e9fugi\u00e9s est un \u00e9l\u00e9ment ins\u00e9parable de la bataille pour le retour et la lib\u00e9ration.","robots":{"index":"index","follow":"follow","max-snippet":"max-snippet:-1","max-image-preview":"max-image-preview:large","max-video-preview":"max-video-preview:-1"},"canonical":"https:\/\/charleroi-pourlapalestine.be\/index.php\/2026\/01\/29\/vers-un-mouvement-elargi-de-solidarite-nationale-et-internationale-avec-notre-peuple-des-camps-de-refugies-palestiniens-au-liban\/","schema":{"@context":"https:\/\/schema.org","@graph":[{"@type":"Article","@id":"https:\/\/charleroi-pourlapalestine.be\/index.php\/2026\/01\/29\/vers-un-mouvement-elargi-de-solidarite-nationale-et-internationale-avec-notre-peuple-des-camps-de-refugies-palestiniens-au-liban\/#article","isPartOf":{"@id":"https:\/\/charleroi-pourlapalestine.be\/index.php\/2026\/01\/29\/vers-un-mouvement-elargi-de-solidarite-nationale-et-internationale-avec-notre-peuple-des-camps-de-refugies-palestiniens-au-liban\/"},"author":{"name":"admin1873","@id":"https:\/\/charleroi-pourlapalestine.be\/#\/schema\/person\/c19ff515112f1299d8c12671d8fe3faa"},"headline":"Vers un mouvement \u00e9largi de solidarit\u00e9 nationale et internationale avec notre peuple des camps de r\u00e9fugi\u00e9s palestiniens au Liban","datePublished":"2026-01-29T12:16:29+00:00","mainEntityOfPage":{"@id":"https:\/\/charleroi-pourlapalestine.be\/index.php\/2026\/01\/29\/vers-un-mouvement-elargi-de-solidarite-nationale-et-internationale-avec-notre-peuple-des-camps-de-refugies-palestiniens-au-liban\/"},"wordCount":632,"publisher":{"@id":"https:\/\/charleroi-pourlapalestine.be\/#organization"},"image":{"@id":"https:\/\/charleroi-pourlapalestine.be\/index.php\/2026\/01\/29\/vers-un-mouvement-elargi-de-solidarite-nationale-et-internationale-avec-notre-peuple-des-camps-de-refugies-palestiniens-au-liban\/#primaryimage"},"thumbnailUrl":"https:\/\/charleroi-pourlapalestine.be\/wp-content\/uploads\/2026\/01\/Solidarite-avec-les-camps-de-refugies-palestiniens-au-Liban.jpeg","articleSection":["Camps de r\u00e9fugi\u00e9s","Liban","UNRWA"],"inLanguage":"fr-FR"},{"@type":"WebPage","@id":"https:\/\/charleroi-pourlapalestine.be\/index.php\/2026\/01\/29\/vers-un-mouvement-elargi-de-solidarite-nationale-et-internationale-avec-notre-peuple-des-camps-de-refugies-palestiniens-au-liban\/","url":"https:\/\/charleroi-pourlapalestine.be\/index.php\/2026\/01\/29\/vers-un-mouvement-elargi-de-solidarite-nationale-et-internationale-avec-notre-peuple-des-camps-de-refugies-palestiniens-au-liban\/","name":"Vers un mouvement \u00e9largi de solidarit\u00e9 nationale et internationale avec notre peuple des camps de r\u00e9fugi\u00e9s palestiniens au Liban","isPartOf":{"@id":"https:\/\/charleroi-pourlapalestine.be\/#website"},"primaryImageOfPage":{"@id":"https:\/\/charleroi-pourlapalestine.be\/index.php\/2026\/01\/29\/vers-un-mouvement-elargi-de-solidarite-nationale-et-internationale-avec-notre-peuple-des-camps-de-refugies-palestiniens-au-liban\/#primaryimage"},"image":{"@id":"https:\/\/charleroi-pourlapalestine.be\/index.php\/2026\/01\/29\/vers-un-mouvement-elargi-de-solidarite-nationale-et-internationale-avec-notre-peuple-des-camps-de-refugies-palestiniens-au-liban\/#primaryimage"},"thumbnailUrl":"https:\/\/charleroi-pourlapalestine.be\/wp-content\/uploads\/2026\/01\/Solidarite-avec-les-camps-de-refugies-palestiniens-au-Liban.jpeg","datePublished":"2026-01-29T12:16:29+00:00","description":"D\u00e9fendre l'identit\u00e9 nationale palestinienne dans les \u00e9coles et dans les camps de r\u00e9fugi\u00e9s est un \u00e9l\u00e9ment ins\u00e9parable de la bataille pour le retour et la lib\u00e9ration.","breadcrumb":{"@id":"https:\/\/charleroi-pourlapalestine.be\/index.php\/2026\/01\/29\/vers-un-mouvement-elargi-de-solidarite-nationale-et-internationale-avec-notre-peuple-des-camps-de-refugies-palestiniens-au-liban\/#breadcrumb"},"inLanguage":"fr-FR","potentialAction":[{"@type":"ReadAction","target":["https:\/\/charleroi-pourlapalestine.be\/index.php\/2026\/01\/29\/vers-un-mouvement-elargi-de-solidarite-nationale-et-internationale-avec-notre-peuple-des-camps-de-refugies-palestiniens-au-liban\/"]}]},{"@type":"ImageObject","inLanguage":"fr-FR","@id":"https:\/\/charleroi-pourlapalestine.be\/index.php\/2026\/01\/29\/vers-un-mouvement-elargi-de-solidarite-nationale-et-internationale-avec-notre-peuple-des-camps-de-refugies-palestiniens-au-liban\/#primaryimage","url":"https:\/\/charleroi-pourlapalestine.be\/wp-content\/uploads\/2026\/01\/Solidarite-avec-les-camps-de-refugies-palestiniens-au-Liban.jpeg","contentUrl":"https:\/\/charleroi-pourlapalestine.be\/wp-content\/uploads\/2026\/01\/Solidarite-avec-les-camps-de-refugies-palestiniens-au-Liban.jpeg","width":780,"height":389},{"@type":"BreadcrumbList","@id":"https:\/\/charleroi-pourlapalestine.be\/index.php\/2026\/01\/29\/vers-un-mouvement-elargi-de-solidarite-nationale-et-internationale-avec-notre-peuple-des-camps-de-refugies-palestiniens-au-liban\/#breadcrumb","itemListElement":[{"@type":"ListItem","position":1,"name":"Accueil","item":"https:\/\/charleroi-pourlapalestine.be\/"},{"@type":"ListItem","position":2,"name":"Vers un mouvement \u00e9largi de solidarit\u00e9 nationale et internationale avec notre peuple des camps de r\u00e9fugi\u00e9s palestiniens au Liban"}]},{"@type":"WebSite","@id":"https:\/\/charleroi-pourlapalestine.be\/#website","url":"https:\/\/charleroi-pourlapalestine.be\/","name":"Charleroi Pour la Palestine","description":"","publisher":{"@id":"https:\/\/charleroi-pourlapalestine.be\/#organization"},"potentialAction":[{"@type":"SearchAction","target":{"@type":"EntryPoint","urlTemplate":"https:\/\/charleroi-pourlapalestine.be\/?s={search_term_string}"},"query-input":{"@type":"PropertyValueSpecification","valueRequired":true,"valueName":"search_term_string"}}],"inLanguage":"fr-FR"},{"@type":"Organization","@id":"https:\/\/charleroi-pourlapalestine.be\/#organization","name":"Plate-forme Charleroi-Palestine","url":"https:\/\/charleroi-pourlapalestine.be\/","logo":{"@type":"ImageObject","inLanguage":"fr-FR","@id":"https:\/\/charleroi-pourlapalestine.be\/#\/schema\/logo\/image\/","url":"https:\/\/charleroi-pourlapalestine.be\/wp-content\/uploads\/2020\/01\/logo-Copy.jpg","contentUrl":"https:\/\/charleroi-pourlapalestine.be\/wp-content\/uploads\/2020\/01\/logo-Copy.jpg","width":180,"height":180,"caption":"Plate-forme Charleroi-Palestine"},"image":{"@id":"https:\/\/charleroi-pourlapalestine.be\/#\/schema\/logo\/image\/"},"sameAs":["https:\/\/www.facebook.com\/PlateformeCharleroiPalestine\/","https:\/\/x.com\/LaCharleroi"]},{"@type":"Person","@id":"https:\/\/charleroi-pourlapalestine.be\/#\/schema\/person\/c19ff515112f1299d8c12671d8fe3faa","name":"admin1873","url":"https:\/\/charleroi-pourlapalestine.be\/index.php\/author\/admin1873\/"}]}},"_links":{"self":[{"href":"https:\/\/charleroi-pourlapalestine.be\/index.php\/wp-json\/wp\/v2\/posts\/88153","targetHints":{"allow":["GET"]}}],"collection":[{"href":"https:\/\/charleroi-pourlapalestine.be\/index.php\/wp-json\/wp\/v2\/posts"}],"about":[{"href":"https:\/\/charleroi-pourlapalestine.be\/index.php\/wp-json\/wp\/v2\/types\/post"}],"author":[{"embeddable":true,"href":"https:\/\/charleroi-pourlapalestine.be\/index.php\/wp-json\/wp\/v2\/users\/1"}],"replies":[{"embeddable":true,"href":"https:\/\/charleroi-pourlapalestine.be\/index.php\/wp-json\/wp\/v2\/comments?post=88153"}],"version-history":[{"count":0,"href":"https:\/\/charleroi-pourlapalestine.be\/index.php\/wp-json\/wp\/v2\/posts\/88153\/revisions"}],"wp:featuredmedia":[{"embeddable":true,"href":"https:\/\/charleroi-pourlapalestine.be\/index.php\/wp-json\/wp\/v2\/media\/88154"}],"wp:attachment":[{"href":"https:\/\/charleroi-pourlapalestine.be\/index.php\/wp-json\/wp\/v2\/media?parent=88153"}],"wp:term":[{"taxonomy":"category","embeddable":true,"href":"https:\/\/charleroi-pourlapalestine.be\/index.php\/wp-json\/wp\/v2\/categories?post=88153"},{"taxonomy":"post_tag","embeddable":true,"href":"https:\/\/charleroi-pourlapalestine.be\/index.php\/wp-json\/wp\/v2\/tags?post=88153"}],"curies":[{"name":"wp","href":"https:\/\/api.w.org\/{rel}","templated":true}]}}