{"id":88684,"date":"2026-03-10T09:46:12","date_gmt":"2026-03-10T08:46:12","guid":{"rendered":"https:\/\/charleroi-pourlapalestine.be\/?p=88684"},"modified":"2026-03-10T11:14:08","modified_gmt":"2026-03-10T10:14:08","slug":"soutien-aux-personnes-deplacees-au-liban","status":"publish","type":"post","link":"https:\/\/charleroi-pourlapalestine.be\/index.php\/2026\/03\/10\/soutien-aux-personnes-deplacees-au-liban\/","title":{"rendered":"Soutien aux personnes d\u00e9plac\u00e9es au Liban"},"content":{"rendered":"<p>Au moment o\u00f9 nous r\u00e9digeons cette mise \u00e0 jour, nous avons pu aider des centaines de personnes d\u00e9plac\u00e9es de force en leur donnant des matelas, des m\u00e9dicaments, des produits d\u00e9tergents, des couvertures, etc. Cependant, l&rsquo;agression sioniste continue sans rel\u00e2che et ne cesse de s&rsquo;intensifier.<\/p>\n<p>&nbsp;<\/p>\n<p>&nbsp;<\/p>\n<p><img loading=\"lazy\" decoding=\"async\" class=\"aligncenter wp-image-88685 size-large\" src=\"https:\/\/charleroi-pourlapalestine.be\/wp-content\/uploads\/2026\/03\/Soutien-au-Liban-642x500.png\" alt=\"Soutien aux personnes d\u00e9plac\u00e9es au Liban\" width=\"642\" height=\"500\" srcset=\"https:\/\/charleroi-pourlapalestine.be\/wp-content\/uploads\/2026\/03\/Soutien-au-Liban-642x500.png 642w, https:\/\/charleroi-pourlapalestine.be\/wp-content\/uploads\/2026\/03\/Soutien-au-Liban-321x250.png 321w, https:\/\/charleroi-pourlapalestine.be\/wp-content\/uploads\/2026\/03\/Soutien-au-Liban.png 753w\" sizes=\"auto, (max-width: 642px) 100vw, 642px\" \/><\/p>\n<p>&nbsp;<\/p>\n<p><strong><a href=\"https:\/\/chuffed.org\/project\/171933-lebanon-emergency-relief?section=updates\" target=\"_blank\" rel=\"noopener\">Aide d&rsquo;urgence au Liban<\/a><\/strong>, 9 mars 2026<\/p>\n<p>Le 4 mars, l&rsquo;entit\u00e9 sioniste a ordonn\u00e9 l&rsquo;\u00e9vacuation compl\u00e8te des territoires libanais au sud du fleuve Litani. Le lendemain, elle a menac\u00e9 et ordonn\u00e9 l&rsquo;\u00e9vacuation de l&rsquo;ensemble de la banlieue sud de Beyrouth, ce qui a caus\u00e9 le d\u00e9placement forc\u00e9 de plusieurs centaines de milliers d&rsquo;habitants (dont certains qui avaient d\u00e9j\u00e0 \u00e9t\u00e9 d\u00e9plac\u00e9s de force de leurs maisons au sud).<\/p>\n<p>Les attaques sionistes ont d\u00e9truit les infrastructures du sud et de Dahieh (la banlieue sud de Beyrouth). Elles ont \u00e9galement cibl\u00e9 les services essentiels qui avaient pour but de porter secours aux personnes directement touch\u00e9es et ont laiss\u00e9 les membres les plus pr\u00e9caires de notre communaut\u00e9 expos\u00e9s \u00e0 des risques plus graves encore. Les Syriens, les Palestiniens et les travailleurs immigr\u00e9s continuent de faire face \u00e0 la guerre et \u00e0 la n\u00e9gligence totale de la part du gouvernement libanais, alors que l&rsquo;entit\u00e9 sioniste continue de cibler les camps de r\u00e9fugi\u00e9s palestiniens dans tout le territoire libanais.<\/p>\n<p>Gr\u00e2ce aux dons r\u00e9colt\u00e9s, nous avons pu contribuer \u00e0 la r\u00e9silience et \u00e0 la r\u00e9sistance de notre peuple.<\/p>\n<p>Durant cette p\u00e9riode, nous n&rsquo;avons pas \u00e9t\u00e9 en mesure d&rsquo;acc\u00e9der \u00e0 l&rsquo;argent r\u00e9colt\u00e9 \u00e0 cause de cette politique passablement exasp\u00e9rante qui impose de devoir attendre sept jours apr\u00e8s le lancement d&rsquo;une campagne avant d&rsquo;autoriser les tout premiers versements. D\u00e8s demain, nous commencerons \u00e0 avoir acc\u00e8s aux fonds r\u00e9colt\u00e9s et nous serons \u00e0 m\u00eame de faire parvenir l&rsquo;argent sur le terrain. Entre-temps, nous avons op\u00e9r\u00e9 en comptant sur des dons r\u00e9colt\u00e9s via d&rsquo;autres moyens, au Liban et \u00e0 l&rsquo;\u00e9tranger, ce qui nous a permis de nous maintenir \u00e0 flot dans nos efforts en vue de proposer une aide d&rsquo;urgence.<\/p>\n<p>Nous avons pu offrir des aides en esp\u00e8ces d&rsquo;environ 3000 $ pour couvrir des cas d&rsquo;urgence, et nous avons fourni des m\u00e9dicaments d&rsquo;une valeur de 800 $ environ.<\/p>\n<p>Nous op\u00e9rons depuis un entrep\u00f4t. Nous avons command\u00e9 et distribu\u00e9 plus de 550 matelas, 300 oreillers et 600 couvertures, en plus d&rsquo;un grand nombre de couches et de lait pour b\u00e9b\u00e9s de tous \u00e2ges.<\/p>\n<p>Cependant, c&rsquo;est loin d&rsquo;\u00eatre suffisant alors que nous faisons face \u00e0 une destruction d&rsquo;une telle ampleur. Les attaques ne cessent de s&rsquo;intensifier quotidiennement et le nombre de personnes qui ont besoin d&rsquo;une aide urgente ne cesse de cro\u00eetre.<\/p>\n<p>\u00c0 ce titre, nous avons augment\u00e9 la limite de la campagne de r\u00e9colte de fonds en la portant de 20 000 $ \u00e0 100 000 $ pour qu&rsquo;elle corresponde \u00e0 la proportion de destruction pure et simple \u00e0 laquelle nous faisons face. Alors que nous commen\u00e7ons \u00e0 acc\u00e9der \u00e0 l&rsquo;argent r\u00e9colt\u00e9, nous continuons de planifier et de traquer les initiatives politiques et d&rsquo;entraide qui constituent l&rsquo;action du comit\u00e9 populaire, lequel d\u00e9terminera la fa\u00e7on dont nous nous organiserons ensuite avec l&rsquo;argent r\u00e9colt\u00e9 dans cette campagne, et ce, dans le but de planifier plus efficacement nos interventions et d&rsquo;adopter une meilleure strat\u00e9gie en r\u00e9pondant aux besoins des gens.<\/p>\n<p>Nous remercions toutes les personnes qui ont aid\u00e9, partag\u00e9 et soutenu notre campagne jusqu&rsquo;\u00e0 pr\u00e9sent. Nous continuerons de proposer des mises \u00e0 jour au fur et \u00e0 mesure de l&rsquo;\u00e9volution de la situation. Nous vous prions donc de suivre nos publications sur ce compte.<\/p>\n<p>Nous invitons toutes les personnes en mesure de le faire de contribuer financi\u00e8rement \u00e0 notre campagne, car nous continuerons de faire face aux circonstances et de proposer un soutien si n\u00e9cessaire. Merci \u00e0 tous et toutes.<\/p>\n<h4 class=\"fittexted_for_content_h4\" style=\"text-align: center;\">Pour faire un don, <a href=\"https:\/\/www.chuffed.org\/project\/171933-lebanon-emergency-relief\" target=\"_blank\" rel=\"noopener\">cliquez ICI<\/a><\/h4>\n<p style=\"text-align: center;\">*****<\/p>\n<p>&nbsp;<\/p>\n<p>Publi\u00e9 le 9 mars 2026&nbsp; sur <a href=\"https:\/\/chuffed.org\/project\/171933-lebanon-emergency-relief?section=updates\" target=\"_blank\" rel=\"noopener\"><strong>Lebanon Emergency Relief<\/strong><\/a><\/p>\n<p>Lisez \u00e9galement : <a href=\"https:\/\/charleroi-pourlapalestine.be\/index.php\/2026\/03\/03\/aide-durgence-au-liban\/\">Aide d&rsquo;urgence au Liban<\/a><\/p>\n<p>&nbsp;<\/p>\n","protected":false},"excerpt":{"rendered":"<p>\u00ab\u00a0Aide d&rsquo;urgence au Liban\u00a0\u00bb a pu aider des centaines de personnes d\u00e9plac\u00e9es de force . Cependant, l&rsquo;agression sioniste continue sans rel\u00e2che et ne cesse de s&rsquo;intensifier.<\/p>\n","protected":false},"author":1,"featured_media":88685,"comment_status":"closed","ping_status":"closed","sticky":false,"template":"","format":"standard","meta":{"ngg_post_thumbnail":0,"footnotes":""},"categories":[191],"tags":[],"class_list":["post-88684","post","type-post","status-publish","format-standard","has-post-thumbnail","hentry","category-liban"],"yoast_head":"<!-- This site is optimized with the Yoast SEO plugin v27.3 - https:\/\/yoast.com\/product\/yoast-seo-wordpress\/ -->\n<title>Soutien aux personnes d\u00e9plac\u00e9es au Liban<\/title>\n<meta name=\"description\" content=\"L&#039;Aide d&#039;urgence au Liban a pu aider des centaines de personnes d\u00e9plac\u00e9es de force . Cependant, l&#039;agression sioniste continue sans rel\u00e2che et ne cesse de s&#039;intensifier.\" \/>\n<meta name=\"robots\" content=\"index, follow, max-snippet:-1, max-image-preview:large, max-video-preview:-1\" \/>\n<link rel=\"canonical\" href=\"https:\/\/charleroi-pourlapalestine.be\/index.php\/2026\/03\/10\/soutien-aux-personnes-deplacees-au-liban\/\" \/>\n<script type=\"application\/ld+json\" class=\"yoast-schema-graph\">{\"@context\":\"https:\\\/\\\/schema.org\",\"@graph\":[{\"@type\":\"Article\",\"@id\":\"https:\\\/\\\/charleroi-pourlapalestine.be\\\/index.php\\\/2026\\\/03\\\/10\\\/soutien-aux-personnes-deplacees-au-liban\\\/#article\",\"isPartOf\":{\"@id\":\"https:\\\/\\\/charleroi-pourlapalestine.be\\\/index.php\\\/2026\\\/03\\\/10\\\/soutien-aux-personnes-deplacees-au-liban\\\/\"},\"author\":{\"name\":\"admin1873\",\"@id\":\"https:\\\/\\\/charleroi-pourlapalestine.be\\\/#\\\/schema\\\/person\\\/c19ff515112f1299d8c12671d8fe3faa\"},\"headline\":\"Soutien aux personnes d\u00e9plac\u00e9es au Liban\",\"datePublished\":\"2026-03-10T08:46:12+00:00\",\"dateModified\":\"2026-03-10T10:14:08+00:00\",\"mainEntityOfPage\":{\"@id\":\"https:\\\/\\\/charleroi-pourlapalestine.be\\\/index.php\\\/2026\\\/03\\\/10\\\/soutien-aux-personnes-deplacees-au-liban\\\/\"},\"wordCount\":694,\"publisher\":{\"@id\":\"https:\\\/\\\/charleroi-pourlapalestine.be\\\/#organization\"},\"image\":{\"@id\":\"https:\\\/\\\/charleroi-pourlapalestine.be\\\/index.php\\\/2026\\\/03\\\/10\\\/soutien-aux-personnes-deplacees-au-liban\\\/#primaryimage\"},\"thumbnailUrl\":\"https:\\\/\\\/charleroi-pourlapalestine.be\\\/wp-content\\\/uploads\\\/2026\\\/03\\\/Soutien-au-Liban.png\",\"articleSection\":[\"Liban\"],\"inLanguage\":\"fr-FR\"},{\"@type\":\"WebPage\",\"@id\":\"https:\\\/\\\/charleroi-pourlapalestine.be\\\/index.php\\\/2026\\\/03\\\/10\\\/soutien-aux-personnes-deplacees-au-liban\\\/\",\"url\":\"https:\\\/\\\/charleroi-pourlapalestine.be\\\/index.php\\\/2026\\\/03\\\/10\\\/soutien-aux-personnes-deplacees-au-liban\\\/\",\"name\":\"Soutien aux personnes d\u00e9plac\u00e9es au Liban\",\"isPartOf\":{\"@id\":\"https:\\\/\\\/charleroi-pourlapalestine.be\\\/#website\"},\"primaryImageOfPage\":{\"@id\":\"https:\\\/\\\/charleroi-pourlapalestine.be\\\/index.php\\\/2026\\\/03\\\/10\\\/soutien-aux-personnes-deplacees-au-liban\\\/#primaryimage\"},\"image\":{\"@id\":\"https:\\\/\\\/charleroi-pourlapalestine.be\\\/index.php\\\/2026\\\/03\\\/10\\\/soutien-aux-personnes-deplacees-au-liban\\\/#primaryimage\"},\"thumbnailUrl\":\"https:\\\/\\\/charleroi-pourlapalestine.be\\\/wp-content\\\/uploads\\\/2026\\\/03\\\/Soutien-au-Liban.png\",\"datePublished\":\"2026-03-10T08:46:12+00:00\",\"dateModified\":\"2026-03-10T10:14:08+00:00\",\"description\":\"L'Aide d'urgence au Liban a pu aider des centaines de personnes d\u00e9plac\u00e9es de force . Cependant, l'agression sioniste continue sans rel\u00e2che et ne cesse de s'intensifier.\",\"breadcrumb\":{\"@id\":\"https:\\\/\\\/charleroi-pourlapalestine.be\\\/index.php\\\/2026\\\/03\\\/10\\\/soutien-aux-personnes-deplacees-au-liban\\\/#breadcrumb\"},\"inLanguage\":\"fr-FR\",\"potentialAction\":[{\"@type\":\"ReadAction\",\"target\":[\"https:\\\/\\\/charleroi-pourlapalestine.be\\\/index.php\\\/2026\\\/03\\\/10\\\/soutien-aux-personnes-deplacees-au-liban\\\/\"]}]},{\"@type\":\"ImageObject\",\"inLanguage\":\"fr-FR\",\"@id\":\"https:\\\/\\\/charleroi-pourlapalestine.be\\\/index.php\\\/2026\\\/03\\\/10\\\/soutien-aux-personnes-deplacees-au-liban\\\/#primaryimage\",\"url\":\"https:\\\/\\\/charleroi-pourlapalestine.be\\\/wp-content\\\/uploads\\\/2026\\\/03\\\/Soutien-au-Liban.png\",\"contentUrl\":\"https:\\\/\\\/charleroi-pourlapalestine.be\\\/wp-content\\\/uploads\\\/2026\\\/03\\\/Soutien-au-Liban.png\",\"width\":753,\"height\":586},{\"@type\":\"BreadcrumbList\",\"@id\":\"https:\\\/\\\/charleroi-pourlapalestine.be\\\/index.php\\\/2026\\\/03\\\/10\\\/soutien-aux-personnes-deplacees-au-liban\\\/#breadcrumb\",\"itemListElement\":[{\"@type\":\"ListItem\",\"position\":1,\"name\":\"Accueil\",\"item\":\"https:\\\/\\\/charleroi-pourlapalestine.be\\\/\"},{\"@type\":\"ListItem\",\"position\":2,\"name\":\"Soutien aux personnes d\u00e9plac\u00e9es au Liban\"}]},{\"@type\":\"WebSite\",\"@id\":\"https:\\\/\\\/charleroi-pourlapalestine.be\\\/#website\",\"url\":\"https:\\\/\\\/charleroi-pourlapalestine.be\\\/\",\"name\":\"Charleroi Pour la Palestine\",\"description\":\"\",\"publisher\":{\"@id\":\"https:\\\/\\\/charleroi-pourlapalestine.be\\\/#organization\"},\"potentialAction\":[{\"@type\":\"SearchAction\",\"target\":{\"@type\":\"EntryPoint\",\"urlTemplate\":\"https:\\\/\\\/charleroi-pourlapalestine.be\\\/?s={search_term_string}\"},\"query-input\":{\"@type\":\"PropertyValueSpecification\",\"valueRequired\":true,\"valueName\":\"search_term_string\"}}],\"inLanguage\":\"fr-FR\"},{\"@type\":\"Organization\",\"@id\":\"https:\\\/\\\/charleroi-pourlapalestine.be\\\/#organization\",\"name\":\"Plate-forme Charleroi-Palestine\",\"url\":\"https:\\\/\\\/charleroi-pourlapalestine.be\\\/\",\"logo\":{\"@type\":\"ImageObject\",\"inLanguage\":\"fr-FR\",\"@id\":\"https:\\\/\\\/charleroi-pourlapalestine.be\\\/#\\\/schema\\\/logo\\\/image\\\/\",\"url\":\"https:\\\/\\\/charleroi-pourlapalestine.be\\\/wp-content\\\/uploads\\\/2020\\\/01\\\/logo-Copy.jpg\",\"contentUrl\":\"https:\\\/\\\/charleroi-pourlapalestine.be\\\/wp-content\\\/uploads\\\/2020\\\/01\\\/logo-Copy.jpg\",\"width\":180,\"height\":180,\"caption\":\"Plate-forme Charleroi-Palestine\"},\"image\":{\"@id\":\"https:\\\/\\\/charleroi-pourlapalestine.be\\\/#\\\/schema\\\/logo\\\/image\\\/\"},\"sameAs\":[\"https:\\\/\\\/www.facebook.com\\\/PlateformeCharleroiPalestine\\\/\",\"https:\\\/\\\/x.com\\\/LaCharleroi\"]},{\"@type\":\"Person\",\"@id\":\"https:\\\/\\\/charleroi-pourlapalestine.be\\\/#\\\/schema\\\/person\\\/c19ff515112f1299d8c12671d8fe3faa\",\"name\":\"admin1873\",\"url\":\"https:\\\/\\\/charleroi-pourlapalestine.be\\\/index.php\\\/author\\\/admin1873\\\/\"}]}<\/script>\n<!-- \/ Yoast SEO plugin. -->","yoast_head_json":{"title":"Soutien aux personnes d\u00e9plac\u00e9es au Liban","description":"L'Aide d'urgence au Liban a pu aider des centaines de personnes d\u00e9plac\u00e9es de force . Cependant, l'agression sioniste continue sans rel\u00e2che et ne cesse de s'intensifier.","robots":{"index":"index","follow":"follow","max-snippet":"max-snippet:-1","max-image-preview":"max-image-preview:large","max-video-preview":"max-video-preview:-1"},"canonical":"https:\/\/charleroi-pourlapalestine.be\/index.php\/2026\/03\/10\/soutien-aux-personnes-deplacees-au-liban\/","schema":{"@context":"https:\/\/schema.org","@graph":[{"@type":"Article","@id":"https:\/\/charleroi-pourlapalestine.be\/index.php\/2026\/03\/10\/soutien-aux-personnes-deplacees-au-liban\/#article","isPartOf":{"@id":"https:\/\/charleroi-pourlapalestine.be\/index.php\/2026\/03\/10\/soutien-aux-personnes-deplacees-au-liban\/"},"author":{"name":"admin1873","@id":"https:\/\/charleroi-pourlapalestine.be\/#\/schema\/person\/c19ff515112f1299d8c12671d8fe3faa"},"headline":"Soutien aux personnes d\u00e9plac\u00e9es au Liban","datePublished":"2026-03-10T08:46:12+00:00","dateModified":"2026-03-10T10:14:08+00:00","mainEntityOfPage":{"@id":"https:\/\/charleroi-pourlapalestine.be\/index.php\/2026\/03\/10\/soutien-aux-personnes-deplacees-au-liban\/"},"wordCount":694,"publisher":{"@id":"https:\/\/charleroi-pourlapalestine.be\/#organization"},"image":{"@id":"https:\/\/charleroi-pourlapalestine.be\/index.php\/2026\/03\/10\/soutien-aux-personnes-deplacees-au-liban\/#primaryimage"},"thumbnailUrl":"https:\/\/charleroi-pourlapalestine.be\/wp-content\/uploads\/2026\/03\/Soutien-au-Liban.png","articleSection":["Liban"],"inLanguage":"fr-FR"},{"@type":"WebPage","@id":"https:\/\/charleroi-pourlapalestine.be\/index.php\/2026\/03\/10\/soutien-aux-personnes-deplacees-au-liban\/","url":"https:\/\/charleroi-pourlapalestine.be\/index.php\/2026\/03\/10\/soutien-aux-personnes-deplacees-au-liban\/","name":"Soutien aux personnes d\u00e9plac\u00e9es au Liban","isPartOf":{"@id":"https:\/\/charleroi-pourlapalestine.be\/#website"},"primaryImageOfPage":{"@id":"https:\/\/charleroi-pourlapalestine.be\/index.php\/2026\/03\/10\/soutien-aux-personnes-deplacees-au-liban\/#primaryimage"},"image":{"@id":"https:\/\/charleroi-pourlapalestine.be\/index.php\/2026\/03\/10\/soutien-aux-personnes-deplacees-au-liban\/#primaryimage"},"thumbnailUrl":"https:\/\/charleroi-pourlapalestine.be\/wp-content\/uploads\/2026\/03\/Soutien-au-Liban.png","datePublished":"2026-03-10T08:46:12+00:00","dateModified":"2026-03-10T10:14:08+00:00","description":"L'Aide d'urgence au Liban a pu aider des centaines de personnes d\u00e9plac\u00e9es de force . Cependant, l'agression sioniste continue sans rel\u00e2che et ne cesse de s'intensifier.","breadcrumb":{"@id":"https:\/\/charleroi-pourlapalestine.be\/index.php\/2026\/03\/10\/soutien-aux-personnes-deplacees-au-liban\/#breadcrumb"},"inLanguage":"fr-FR","potentialAction":[{"@type":"ReadAction","target":["https:\/\/charleroi-pourlapalestine.be\/index.php\/2026\/03\/10\/soutien-aux-personnes-deplacees-au-liban\/"]}]},{"@type":"ImageObject","inLanguage":"fr-FR","@id":"https:\/\/charleroi-pourlapalestine.be\/index.php\/2026\/03\/10\/soutien-aux-personnes-deplacees-au-liban\/#primaryimage","url":"https:\/\/charleroi-pourlapalestine.be\/wp-content\/uploads\/2026\/03\/Soutien-au-Liban.png","contentUrl":"https:\/\/charleroi-pourlapalestine.be\/wp-content\/uploads\/2026\/03\/Soutien-au-Liban.png","width":753,"height":586},{"@type":"BreadcrumbList","@id":"https:\/\/charleroi-pourlapalestine.be\/index.php\/2026\/03\/10\/soutien-aux-personnes-deplacees-au-liban\/#breadcrumb","itemListElement":[{"@type":"ListItem","position":1,"name":"Accueil","item":"https:\/\/charleroi-pourlapalestine.be\/"},{"@type":"ListItem","position":2,"name":"Soutien aux personnes d\u00e9plac\u00e9es au Liban"}]},{"@type":"WebSite","@id":"https:\/\/charleroi-pourlapalestine.be\/#website","url":"https:\/\/charleroi-pourlapalestine.be\/","name":"Charleroi Pour la Palestine","description":"","publisher":{"@id":"https:\/\/charleroi-pourlapalestine.be\/#organization"},"potentialAction":[{"@type":"SearchAction","target":{"@type":"EntryPoint","urlTemplate":"https:\/\/charleroi-pourlapalestine.be\/?s={search_term_string}"},"query-input":{"@type":"PropertyValueSpecification","valueRequired":true,"valueName":"search_term_string"}}],"inLanguage":"fr-FR"},{"@type":"Organization","@id":"https:\/\/charleroi-pourlapalestine.be\/#organization","name":"Plate-forme Charleroi-Palestine","url":"https:\/\/charleroi-pourlapalestine.be\/","logo":{"@type":"ImageObject","inLanguage":"fr-FR","@id":"https:\/\/charleroi-pourlapalestine.be\/#\/schema\/logo\/image\/","url":"https:\/\/charleroi-pourlapalestine.be\/wp-content\/uploads\/2020\/01\/logo-Copy.jpg","contentUrl":"https:\/\/charleroi-pourlapalestine.be\/wp-content\/uploads\/2020\/01\/logo-Copy.jpg","width":180,"height":180,"caption":"Plate-forme Charleroi-Palestine"},"image":{"@id":"https:\/\/charleroi-pourlapalestine.be\/#\/schema\/logo\/image\/"},"sameAs":["https:\/\/www.facebook.com\/PlateformeCharleroiPalestine\/","https:\/\/x.com\/LaCharleroi"]},{"@type":"Person","@id":"https:\/\/charleroi-pourlapalestine.be\/#\/schema\/person\/c19ff515112f1299d8c12671d8fe3faa","name":"admin1873","url":"https:\/\/charleroi-pourlapalestine.be\/index.php\/author\/admin1873\/"}]}},"_links":{"self":[{"href":"https:\/\/charleroi-pourlapalestine.be\/index.php\/wp-json\/wp\/v2\/posts\/88684","targetHints":{"allow":["GET"]}}],"collection":[{"href":"https:\/\/charleroi-pourlapalestine.be\/index.php\/wp-json\/wp\/v2\/posts"}],"about":[{"href":"https:\/\/charleroi-pourlapalestine.be\/index.php\/wp-json\/wp\/v2\/types\/post"}],"author":[{"embeddable":true,"href":"https:\/\/charleroi-pourlapalestine.be\/index.php\/wp-json\/wp\/v2\/users\/1"}],"replies":[{"embeddable":true,"href":"https:\/\/charleroi-pourlapalestine.be\/index.php\/wp-json\/wp\/v2\/comments?post=88684"}],"version-history":[{"count":0,"href":"https:\/\/charleroi-pourlapalestine.be\/index.php\/wp-json\/wp\/v2\/posts\/88684\/revisions"}],"wp:featuredmedia":[{"embeddable":true,"href":"https:\/\/charleroi-pourlapalestine.be\/index.php\/wp-json\/wp\/v2\/media\/88685"}],"wp:attachment":[{"href":"https:\/\/charleroi-pourlapalestine.be\/index.php\/wp-json\/wp\/v2\/media?parent=88684"}],"wp:term":[{"taxonomy":"category","embeddable":true,"href":"https:\/\/charleroi-pourlapalestine.be\/index.php\/wp-json\/wp\/v2\/categories?post=88684"},{"taxonomy":"post_tag","embeddable":true,"href":"https:\/\/charleroi-pourlapalestine.be\/index.php\/wp-json\/wp\/v2\/tags?post=88684"}],"curies":[{"name":"wp","href":"https:\/\/api.w.org\/{rel}","templated":true}]}}