{"id":88699,"date":"2026-03-11T11:23:05","date_gmt":"2026-03-11T10:23:05","guid":{"rendered":"https:\/\/charleroi-pourlapalestine.be\/?p=88699"},"modified":"2026-03-11T11:23:51","modified_gmt":"2026-03-11T10:23:51","slug":"declaration-des-organisations-de-resistance-populaire-et-daction-communautaire-au-liban","status":"publish","type":"post","link":"https:\/\/charleroi-pourlapalestine.be\/index.php\/2026\/03\/11\/declaration-des-organisations-de-resistance-populaire-et-daction-communautaire-au-liban\/","title":{"rendered":"D\u00e9claration des organisations de r\u00e9sistance populaire et d&rsquo;action communautaire au Liban"},"content":{"rendered":"<p>Les organisations de r\u00e9sistance populaire et d&rsquo;action populaire du Liban affirment le droit des peuples \u00e0 r\u00e9sister et \u00e0 d\u00e9fendre leur terre et leur souverainet\u00e9.<\/p>\n<p>&nbsp;<\/p>\n<div id=\"attachment_88700\" style=\"width: 710px\" class=\"wp-caption aligncenter\"><img loading=\"lazy\" decoding=\"async\" aria-describedby=\"caption-attachment-88700\" class=\"wp-image-88700 size-large\" src=\"https:\/\/charleroi-pourlapalestine.be\/wp-content\/uploads\/2026\/03\/Liban--700x415.png\" alt=\"D\u00e9claration des organisations de r\u00e9sistance populaire et d'action communautaire au Liban. \" width=\"700\" height=\"415\" srcset=\"https:\/\/charleroi-pourlapalestine.be\/wp-content\/uploads\/2026\/03\/Liban--700x415.png 700w, https:\/\/charleroi-pourlapalestine.be\/wp-content\/uploads\/2026\/03\/Liban--350x208.png 350w, https:\/\/charleroi-pourlapalestine.be\/wp-content\/uploads\/2026\/03\/Liban--768x455.png 768w, https:\/\/charleroi-pourlapalestine.be\/wp-content\/uploads\/2026\/03\/Liban-.png 1017w\" sizes=\"auto, (max-width: 700px) 100vw, 700px\" \/><p id=\"caption-attachment-88700\" class=\"wp-caption-text\">Photo : Haytham Moussawy<\/p><\/div>\n<blockquote><p>Nous approchons du trenti\u00e8me mois de la guerre g\u00e9nocidaire au Liban et en Palestine men\u00e9e par l&rsquo;entit\u00e9 sioniste sous les auspices am\u00e9ricains et avec le soutien absolu d&rsquo;une communaut\u00e9 internationale complice des tueries et des tentatives d&rsquo;an\u00e9antissement perp\u00e9tr\u00e9es \u00e0 notre encontre.<\/p>\n<p>En Palestine, en Syrie et au Liban, nous assistons, sous les regards du monde entier, \u00e0 l&rsquo;expansion de l&rsquo;occupation sous toutes ses formes, pendant que les nations, dont notre propre gouvernement, s&rsquo;entendent pour criminaliser le droit des peuples \u00e0 r\u00e9sister et \u00e0 d\u00e9terminer leur propre destin\u00e9e, au lieu de s&rsquo;unir pour tenir l&rsquo;occupation responsable et la d\u00e9sarmer en vue de renverser et d&rsquo;\u00e9radiquer son syst\u00e8me expansionniste et colonial de peuplement. Ces pratiques ne se limitent pas au seul Machrek (\u00ab Levant \u00bb, par opposition \u00e0 Maghreb, \u00ab Couchant \u00bb \u2013 NdT), mais constituent plut\u00f4t un mod\u00e8le despotique selon lequel l&#8217;empire h\u00e9g\u00e9monique tente de criminaliser la r\u00e9sistance et les mouvements politiques de lib\u00e9ration qui s&rsquo;opposent au g\u00e9nocide et d\u00e9fendent la terre.<\/p>\n<p>Durant la p\u00e9riode faussement d\u00e9finie comme <em>\u00ab cessez-le-feu \u00bb<\/em> \u2013 un accord unilat\u00e9ral entre la Palestine et le Liban qui a pos\u00e9 la base de l&rsquo;expansion \u2013 l&rsquo;entit\u00e9 sioniste a lanc\u00e9 plus de 15 000 attaques a\u00e9riennes, terrestres et maritimes contre nous, au Liban, attaques qui se sont traduites par 397 martyrs et au moins 1 102 bless\u00e9s. Entre-temps, sous les diktats des \u00c9tats-Unis, les priorit\u00e9s du gouvernement se sont concentr\u00e9es \u00e0 attaquer les familles des combattants de la r\u00e9sistance, \u00e0 tenter de les d\u00e9sarmer et \u00e0 essayer d&rsquo;imposer des lois qui priveraient les habitants de leurs ressources, h\u00e9ritages et donn\u00e9es personnelles, pr\u00e9parant ainsi la voie aux soci\u00e9t\u00e9s multinationales, l&rsquo;un des instruments cl\u00e9s de l&rsquo;occupation.<\/p>\n<p>Avant l&rsquo;actuelle escalade, les attaques avaient d\u00e9j\u00e0 eu pour cons\u00e9quence le martyre de plus de 4 000 personnes, dont 316 enfants et 790 femmes. Les femmes et les enfants constituaient plus d&rsquo;un quart des victimes, dont 51 pour 100 \u00e9taient des personnes jeunes. Ces attaques avaient \u00e9galement cibl\u00e9 11 journalistes. Avec 222 travailleurs des soins de sant\u00e9 tu\u00e9s et 330 autres bless\u00e9s, 158 ambulances et 57 camions de pompiers avaient \u00e9t\u00e9 bombard\u00e9s et quelque 90 076 b\u00e2timents endommag\u00e9s, dont 23 489 d\u00e9truits. Des postes de l&rsquo;arm\u00e9e libanaise, des b\u00e2timents municipaux et des h\u00f4pitaux avaient \u00e9t\u00e9 vis\u00e9s (8 de ces h\u00f4pitaux avaient \u00e9t\u00e9 contraints de fermer leurs portes et 38 autres avaient \u00e9t\u00e9 endommag\u00e9s). Des hommes de la d\u00e9fense civile et du personnel municipal avaient \u00e9t\u00e9 cibl\u00e9s, particuli\u00e8rement au centre de d\u00e9fense civile \u00e0 Baalbek (13 tu\u00e9s), outre les travailleurs et les b\u00e2timents municipaux. Le nombre de prisonniers libanais est estim\u00e9 \u00e0 22 (dont 11 arr\u00eat\u00e9s lors de l&rsquo;invasion terrestre de 2024). La semaine derni\u00e8re, au d\u00e9but de l&rsquo;escalade actuelle, Isra\u00ebl a tu\u00e9 268 personnes et provoqu\u00e9 de nouvelles destructions. Plus de 500 000 personnes ont \u00e9t\u00e9 d\u00e9plac\u00e9es du Sud, de la Bekaa et des faubourgs. Elles ont un besoin urgent d&rsquo;abris, de vivres, d&rsquo;eau et d&rsquo;autres services, au vu de la r\u00e9pugnance de l&rsquo;\u00c9tat \u00e0 d\u00e9penser de l&rsquo;argent pour aider le peuple.<\/p>\n<p>Parall\u00e8lement \u00e0 l&rsquo;extermination des personnes et \u00e0 la destruction de leurs modes de subsistance, la destruction syst\u00e9matique de l&rsquo;environnement s&rsquo;est traduite par l&rsquo;incendie d&rsquo;environ 10 800 hectares (108 millions de m\u00e8tres carr\u00e9s) \u00e0 cause des obus au phosphore et des frappes a\u00e9riennes d\u00e9vastatrices. En outre, plus de 47 000 vieux oliviers ont \u00e9t\u00e9 d\u00e9truits, br\u00fbl\u00e9s ou vol\u00e9s et 134 hectares d&rsquo;oliviers, 48 hectares de citronniers et 44 hectares de bananiers ont \u00e9t\u00e9 endommag\u00e9s. Vingt-six stations publiques de pompage d&rsquo;eau ont \u00e9t\u00e9 d\u00e9truites et les stations d&rsquo;Al-Wazzani et de Maysat ont \u00e9t\u00e9 mises hors service, privant ainsi 150 000 personnes d&rsquo;eau. Les pertes dans le secteur de l&rsquo;eau et de l&rsquo;irrigation sont estim\u00e9es \u00e0 entre 171 millions et 356 millions de dollars.<\/p>\n<p>Pendant ce temps, l&rsquo;ennemi a d\u00e9truit 18 millions de m\u00e8tres carr\u00e9s (1800 hectares) de for\u00eats et de bois (ch\u00eanes, ch\u00eanes verts, etc.) et a contamin\u00e9 la terre \u00e0 l&rsquo;aide de divers polluants toxiques et mortels en pulv\u00e9risant des herbicides et autres substances chimiques et biologiques inconnues. Ces polluants d\u00e9truisent l&rsquo;\u00e9cosyst\u00e8me et rendent la terre impropre \u00e0 l&rsquo;agriculture pendant de nombres ann\u00e9es.<\/p>\n<p>Comme d&rsquo;habitude, des initiatives populaires et communautaires se sont mises \u00e0 mobiliser afin d&rsquo;apporter de l&rsquo;aide et de faire preuve de solidarit\u00e9. Alors que cette approche humanitaire est d&rsquo;une importance cruciale et contraste fortement avec le sectarisme qui a d\u00e9form\u00e9 la soci\u00e9t\u00e9 libanaise, il est impossible d&rsquo;ignorer le fait que la position de l&rsquo;actuel gouvernement non seulement conforme sa rh\u00e9torique aux diktats des puissances coloniales du pass\u00e9 et d&rsquo;aujourd&rsquo;hui, mais s&rsquo;y conforme \u00e9galement sans question ni consid\u00e9ration pour l&rsquo;int\u00e9r\u00eat national et le droit des citoyens libanais \u00e0 repousser ces attaques en cours. C&rsquo;est essentiel pour sauvegarder leur existence et la vie et la s\u00e9curit\u00e9 de leurs \u00eatres chers et pour pr\u00e9server leur droit \u00e0 une existence sans crainte d&rsquo;un ennemi brutal qui commet ses atrocit\u00e9s en toute impunit\u00e9.<\/p>\n<p>Et, aujourd&rsquo;hui, l&rsquo;ennemi se pr\u00e9pare \u00e0 occuper le Liban, en commen\u00e7ant par le Sud, la vall\u00e9e de la Bekaa et les faubourgs sud de Beyrouth, qui subissent de plein fouet les destructions et les massacres quotidiens. Cette op\u00e9ration a lieu dans le contexte d&rsquo;une guerre acharn\u00e9e men\u00e9e contre l&rsquo;Iran et son peuple par l&rsquo;ennemi sioniste alli\u00e9 aux \u00c9tats-Unis, dont l&rsquo;administration fasciste d\u00e9clare quotidiennement son intention de contr\u00f4ler le monde et d&rsquo;user d&rsquo;une violence excessive contre tous ceux qui n&rsquo;adopteront pas son leadership et sa sup\u00e9riorit\u00e9 raciste, et elle nous pr\u00e9vient d&rsquo;un retour aux pires \u00e9poques du colonialisme et de l&rsquo;oppression.<\/p>\n<p>Cette guerre se d\u00e9roule parall\u00e8lement \u00e0 des tentatives de restructuration de l&rsquo;\u00e9conomie politique du pays de fa\u00e7on qui approfondira la d\u00e9pendance et l&rsquo;in\u00e9galit\u00e9. La crise \u00e9conomique et la destruction en cours sont utilis\u00e9es pour acc\u00e9l\u00e9rer la restructuration n\u00e9olib\u00e9rale, la privatisation des ressources publiques et le transfert de richesse dans les mains des \u00e9lites domestiques et des soci\u00e9t\u00e9s multinationales.<\/p>\n<p>Dans sa premi\u00e8re ann\u00e9e, le gouvernement libanais, qui a \u00e9t\u00e9 nomm\u00e9 de fa\u00e7on flagrante par les ambassades et les \u00e9missaires occidentaux, s&rsquo;est mis \u00e0 proposer une s\u00e9rie de lois qui allaient piller les ressources du pays, son h\u00e9ritage agricole et son \u00e9quilibre \u00e9cologique au profit de soci\u00e9t\u00e9s multinationales responsables de l&rsquo;effondrement des syst\u00e8mes alimentaires \u00e0 l&rsquo;\u00e9chelle mondiale. Il a adopt\u00e9 une politique de punition collective \u00e0 l&rsquo;encontre des habitants des zones cibl\u00e9es par l&rsquo;occupation, les privant des ressources n\u00e9cessaires \u00e0 la relance et \u00e0 la reconstruction. Sa soumission aux puissances coloniales, semble-t-il, ne pourrait se terminer avec la d\u00e9cision r\u00e9cente visant \u00e0 criminaliser la r\u00e9sistance et \u00e0 criminaliser en effet le droit des habitants \u00e0 se d\u00e9fendre face aux institutions de l&rsquo;\u00c9tat, dont l&rsquo;arm\u00e9e, qui ne remplit en aucun cas ses devoirs suite \u00e0 un ordre officiel des autorit\u00e9s. Cette criminalisation s&rsquo;accompagne d&rsquo;une guerre m\u00e9diatique organis\u00e9e se faisant l&rsquo;\u00e9cho de la propagande isra\u00e9lo-am\u00e9ricaine contre le droit \u00e0 l&rsquo;autod\u00e9fense et \u00e0 l&rsquo;autod\u00e9termination, en employant une inacceptable rh\u00e9torique raciste, sectaire, de classe, pr\u00f4nant l&rsquo;exclusion et semant la division.<\/p>\n<p>\u00c0 l&rsquo;instar de pr\u00e9c\u00e9dents moments de crise, les travailleurs du Liban, les petits agriculteurs, les communaut\u00e9s d\u00e9plac\u00e9es et les gens pauvres des villes supportent le co\u00fbt \u00e9crasant de la guerre, du d\u00e9placement et de la reconstruction, tandis que les \u00e9lites politiques et les acteurs financiers cherchent \u00e0 r\u00e9organiser l&rsquo;\u00e9conomie de fa\u00e7ons qui pr\u00e9servent leur pouvoir, \u00e0 moins qu&rsquo;ils ne la confient \u00e0 l&rsquo;occupation.<\/p>\n<p>Dans ce contexte, en nous appuyant sur notre foi solide dans les droits appartenant aux peuples, y compris le droit \u00e0 l&rsquo;autod\u00e9termination et le droit \u00e0 la r\u00e9sistance, et au vu des tentatives ext\u00e9rieures et int\u00e9rieures de forcer la soci\u00e9t\u00e9 \u00e0 se rendre et \u00e0 accepter l&rsquo;h\u00e9g\u00e9monie sioniste sur la r\u00e9gion, nous,<strong> les organisations de r\u00e9sistance populaire et d&rsquo;action populaire du Liban, affirmons les principes suivants<\/strong> :<\/p>\n<p>\u25cf Le droit des peuples \u00e0 r\u00e9sister et \u00e0 d\u00e9fendre leur terre et leur souverainet\u00e9, en tant que droit humain inh\u00e9rent et naturel, est inscrit et garanti par les conventions et trait\u00e9s internationaux, dont les plus connus sont la Charte de l&rsquo;ONU et les accords concernant les droits des peuples \u00e0 l&rsquo;autod\u00e9termination. Notre exercice de ce droit est une incarnation de ces principes juridiques, qui ne sont en aucun cas d\u00e9pendants de l&rsquo;interpr\u00e9tation ou de l&rsquo;abrogation de qui que ce soit.<\/p>\n<p>\u25cf Nous d\u00e9clarons notre rejet cat\u00e9gorique des actuelles mesures et pressions exerc\u00e9es par le r\u00e9gime, qui tendent \u00e0 restreindre ou contourner ce droit l\u00e9gitime. La protection de la souverainet\u00e9 nationale ne se fera pas via un retrait, mais plut\u00f4t via une adh\u00e9sion \u00e0 des droits historiques et l\u00e9gaux.<\/p>\n<p>Par cons\u00e9quent, nous lan\u00e7ons un cri collectif et un appel urgent aux gens de la terre, \u00e0 tous les habitants du Liban et \u00e0 toutes les personnes \u00e9prises de libert\u00e9 sur cette terre, pour qu&rsquo;ils entreprennent imm\u00e9diatement des actions en soutien de cette position et en s&rsquo;opposant au projet du gouvernement, de l&#8217;empire et de l&rsquo;occupation. Nous devons r\u00e9pertorier les violations et r\u00e9sister au black-out des m\u00e9dias et aux campagnes de d\u00e9sinformation auxquelles sont soumis les gens de la terre quand ils r\u00e9sistent et qu&rsquo;ils d\u00e9fendent cette m\u00eame terre et leurs droits l\u00e9gitimes. Mobilisons dans le monde entier afin de rejeter la m\u00e9canisation des syst\u00e8mes g\u00e9nocidaires qui s&rsquo;unissent partout o\u00f9 nous voulons d\u00e9manteler le syst\u00e8me expansionniste et colonial de peuplement qui cherche \u00e0 dominer notre plan\u00e8te. Cela peut se faire en organisant des manifestations et des sit-in en face des ambassades de la puissance occupante et des \u00c9tats complices, et ce, afin d&rsquo;amplifier la voix de la r\u00e9sistance populaire en lan\u00e7ant de vastes campagnes de p\u00e9tition afin d&rsquo;affirmer le soutien populaire au droit de d\u00e9fendre la terre, en se dressant en solidarit\u00e9 avec nos personnes d\u00e9plac\u00e9es et en affrontant l&rsquo;assaut imp\u00e9rialiste par tous les moyens n\u00e9cessaires.<\/p>\n<p>En rejetant tout compromis \u00e0 propos de notre droit \u00e0 l&rsquo;autod\u00e9termination, nous affirmons notre engagement \u00e0 poursuivre cette lutte en nous appuyant sur la conscience et la solidarit\u00e9 du peuple quand il s&rsquo;agit de prot\u00e9ger ce qu&rsquo;il reste de notre souverainet\u00e9 nationale et de notre dignit\u00e9. Il est temps pour les peuples du monde entier qu&rsquo;ils soient lib\u00e9r\u00e9s de l&#8217;empire et que soit restaur\u00e9e la souverainet\u00e9 de tous les peuples de la terre !<\/p>\n<p><strong>Beyrouth<\/strong>, 9 mars 2026<\/p><\/blockquote>\n<h3><strong><br \/>\nSignataires<\/strong><\/h3>\n<p>Agricultural Movement in Lebanon (Mouvement agricole du Liban)<\/p>\n<p>Socio-Economic Action Collective (SEAC) (Collectif d&rsquo;action socio\u00e9conomique (CASE))<\/p>\n<p>Arab Network for Food Sovereignty (R\u00e9seau arabe de la souverainet\u00e9 alimentaire)<\/p>\n<p>Cartography of Darkness (Cartographie des T\u00e9n\u00e8bres)<\/p>\n<p>Seed In A Box (La semence dans une bo\u00eete)<\/p>\n<p>Free Palestine Front (Front Lib\u00e9rez la Palestine)<\/p>\n<p>Tafkeek<\/p>\n<p>Sikka Saida<\/p>\n<p>Development Movement (Mouvement du d\u00e9veloppement)<\/p>\n<p>Deyer Men Dar<\/p>\n<p>Siyada Network: for a popular sovereignty over food systems and resources (R\u00e9seau Siyada pour une souverainet\u00e9 populaire sur les syst\u00e8mes et ressources alimentaires)<\/p>\n<p>Aatma<\/p>\n<p>Agricultural Committee in Bakhoun Municipality &#8211; Al-Miniyeh-Diniya District (Comit\u00e9 agricole de la Municipalit\u00e9 de Bakhoun \u2013 District d&rsquo;Al-Minihey-Diniya)<\/p>\n<p>Bladi Khadra<\/p>\n<p>Cultural Club of The South -AUB (Club culturel du Sud \u2013 AUB)<\/p>\n<p>People&rsquo;s Movement (Mouvement du Peuple)<\/p>\n<p style=\"text-align: center;\">*****<\/p>\n<p>Publi\u00e9 le 10 mars 2026 sur <a href=\"https:\/\/en.al-akhbar.com\/news\/statement-by-popular-resistance-and-community-action-groups\" target=\"_blank\" rel=\"noopener\">Al Akhbar<\/a><br \/>\nTraduction : Jean-Marie Fl\u00e9mal, <a href=\"https:\/\/charleroi-pourlapalestine.be\/\">Charleroi pour la Palestine<\/a><\/p>\n<p style=\"text-align: center;\">*****<\/p>\n<p>Lisez \u00e9galement : <a href=\"https:\/\/charleroi-pourlapalestine.be\/index.php\/2026\/03\/10\/soutien-aux-personnes-deplacees-au-liban\/\">Soutien aux personnes d\u00e9plac\u00e9es au Liban<\/a><\/p>\n","protected":false},"excerpt":{"rendered":"<p>Les organisations de r\u00e9sistance populaire et d&rsquo;action populaire du Liban affirment le droit des peuples \u00e0 r\u00e9sister et \u00e0 d\u00e9fendre leur terre et leur souverainet\u00e9.<\/p>\n","protected":false},"author":1,"featured_media":88700,"comment_status":"closed","ping_status":"closed","sticky":false,"template":"","format":"standard","meta":{"ngg_post_thumbnail":0,"footnotes":""},"categories":[191,25],"tags":[],"class_list":["post-88699","post","type-post","status-publish","format-standard","has-post-thumbnail","hentry","category-liban","category-la-resistance-palestinienne"],"yoast_head":"<!-- This site is optimized with the Yoast SEO plugin v27.3 - https:\/\/yoast.com\/product\/yoast-seo-wordpress\/ -->\n<title>D\u00e9claration des organisations de r\u00e9sistance populaire et d&#039;action communautaire au Liban<\/title>\n<meta name=\"description\" content=\"Les organisations de r\u00e9sistance populaire et d&#039;action populaire du Liban affirment le droit des peuples \u00e0 r\u00e9sister et \u00e0 d\u00e9fendre leur terre\" \/>\n<meta name=\"robots\" content=\"index, follow, max-snippet:-1, max-image-preview:large, max-video-preview:-1\" \/>\n<link rel=\"canonical\" href=\"https:\/\/charleroi-pourlapalestine.be\/index.php\/2026\/03\/11\/declaration-des-organisations-de-resistance-populaire-et-daction-communautaire-au-liban\/\" \/>\n<script type=\"application\/ld+json\" class=\"yoast-schema-graph\">{\"@context\":\"https:\\\/\\\/schema.org\",\"@graph\":[{\"@type\":\"Article\",\"@id\":\"https:\\\/\\\/charleroi-pourlapalestine.be\\\/index.php\\\/2026\\\/03\\\/11\\\/declaration-des-organisations-de-resistance-populaire-et-daction-communautaire-au-liban\\\/#article\",\"isPartOf\":{\"@id\":\"https:\\\/\\\/charleroi-pourlapalestine.be\\\/index.php\\\/2026\\\/03\\\/11\\\/declaration-des-organisations-de-resistance-populaire-et-daction-communautaire-au-liban\\\/\"},\"author\":{\"name\":\"admin1873\",\"@id\":\"https:\\\/\\\/charleroi-pourlapalestine.be\\\/#\\\/schema\\\/person\\\/c19ff515112f1299d8c12671d8fe3faa\"},\"headline\":\"D\u00e9claration des organisations de r\u00e9sistance populaire et d&rsquo;action communautaire au Liban\",\"datePublished\":\"2026-03-11T10:23:05+00:00\",\"dateModified\":\"2026-03-11T10:23:51+00:00\",\"mainEntityOfPage\":{\"@id\":\"https:\\\/\\\/charleroi-pourlapalestine.be\\\/index.php\\\/2026\\\/03\\\/11\\\/declaration-des-organisations-de-resistance-populaire-et-daction-communautaire-au-liban\\\/\"},\"wordCount\":2083,\"publisher\":{\"@id\":\"https:\\\/\\\/charleroi-pourlapalestine.be\\\/#organization\"},\"image\":{\"@id\":\"https:\\\/\\\/charleroi-pourlapalestine.be\\\/index.php\\\/2026\\\/03\\\/11\\\/declaration-des-organisations-de-resistance-populaire-et-daction-communautaire-au-liban\\\/#primaryimage\"},\"thumbnailUrl\":\"https:\\\/\\\/charleroi-pourlapalestine.be\\\/wp-content\\\/uploads\\\/2026\\\/03\\\/Liban-.png\",\"articleSection\":[\"Liban\",\"R\u00e9sistance\"],\"inLanguage\":\"fr-FR\"},{\"@type\":\"WebPage\",\"@id\":\"https:\\\/\\\/charleroi-pourlapalestine.be\\\/index.php\\\/2026\\\/03\\\/11\\\/declaration-des-organisations-de-resistance-populaire-et-daction-communautaire-au-liban\\\/\",\"url\":\"https:\\\/\\\/charleroi-pourlapalestine.be\\\/index.php\\\/2026\\\/03\\\/11\\\/declaration-des-organisations-de-resistance-populaire-et-daction-communautaire-au-liban\\\/\",\"name\":\"D\u00e9claration des organisations de r\u00e9sistance populaire et d'action communautaire au Liban\",\"isPartOf\":{\"@id\":\"https:\\\/\\\/charleroi-pourlapalestine.be\\\/#website\"},\"primaryImageOfPage\":{\"@id\":\"https:\\\/\\\/charleroi-pourlapalestine.be\\\/index.php\\\/2026\\\/03\\\/11\\\/declaration-des-organisations-de-resistance-populaire-et-daction-communautaire-au-liban\\\/#primaryimage\"},\"image\":{\"@id\":\"https:\\\/\\\/charleroi-pourlapalestine.be\\\/index.php\\\/2026\\\/03\\\/11\\\/declaration-des-organisations-de-resistance-populaire-et-daction-communautaire-au-liban\\\/#primaryimage\"},\"thumbnailUrl\":\"https:\\\/\\\/charleroi-pourlapalestine.be\\\/wp-content\\\/uploads\\\/2026\\\/03\\\/Liban-.png\",\"datePublished\":\"2026-03-11T10:23:05+00:00\",\"dateModified\":\"2026-03-11T10:23:51+00:00\",\"description\":\"Les organisations de r\u00e9sistance populaire et d'action populaire du Liban affirment le droit des peuples \u00e0 r\u00e9sister et \u00e0 d\u00e9fendre leur terre\",\"breadcrumb\":{\"@id\":\"https:\\\/\\\/charleroi-pourlapalestine.be\\\/index.php\\\/2026\\\/03\\\/11\\\/declaration-des-organisations-de-resistance-populaire-et-daction-communautaire-au-liban\\\/#breadcrumb\"},\"inLanguage\":\"fr-FR\",\"potentialAction\":[{\"@type\":\"ReadAction\",\"target\":[\"https:\\\/\\\/charleroi-pourlapalestine.be\\\/index.php\\\/2026\\\/03\\\/11\\\/declaration-des-organisations-de-resistance-populaire-et-daction-communautaire-au-liban\\\/\"]}]},{\"@type\":\"ImageObject\",\"inLanguage\":\"fr-FR\",\"@id\":\"https:\\\/\\\/charleroi-pourlapalestine.be\\\/index.php\\\/2026\\\/03\\\/11\\\/declaration-des-organisations-de-resistance-populaire-et-daction-communautaire-au-liban\\\/#primaryimage\",\"url\":\"https:\\\/\\\/charleroi-pourlapalestine.be\\\/wp-content\\\/uploads\\\/2026\\\/03\\\/Liban-.png\",\"contentUrl\":\"https:\\\/\\\/charleroi-pourlapalestine.be\\\/wp-content\\\/uploads\\\/2026\\\/03\\\/Liban-.png\",\"width\":1017,\"height\":603},{\"@type\":\"BreadcrumbList\",\"@id\":\"https:\\\/\\\/charleroi-pourlapalestine.be\\\/index.php\\\/2026\\\/03\\\/11\\\/declaration-des-organisations-de-resistance-populaire-et-daction-communautaire-au-liban\\\/#breadcrumb\",\"itemListElement\":[{\"@type\":\"ListItem\",\"position\":1,\"name\":\"Accueil\",\"item\":\"https:\\\/\\\/charleroi-pourlapalestine.be\\\/\"},{\"@type\":\"ListItem\",\"position\":2,\"name\":\"D\u00e9claration des organisations de r\u00e9sistance populaire et d&rsquo;action communautaire au Liban\"}]},{\"@type\":\"WebSite\",\"@id\":\"https:\\\/\\\/charleroi-pourlapalestine.be\\\/#website\",\"url\":\"https:\\\/\\\/charleroi-pourlapalestine.be\\\/\",\"name\":\"Charleroi Pour la Palestine\",\"description\":\"\",\"publisher\":{\"@id\":\"https:\\\/\\\/charleroi-pourlapalestine.be\\\/#organization\"},\"potentialAction\":[{\"@type\":\"SearchAction\",\"target\":{\"@type\":\"EntryPoint\",\"urlTemplate\":\"https:\\\/\\\/charleroi-pourlapalestine.be\\\/?s={search_term_string}\"},\"query-input\":{\"@type\":\"PropertyValueSpecification\",\"valueRequired\":true,\"valueName\":\"search_term_string\"}}],\"inLanguage\":\"fr-FR\"},{\"@type\":\"Organization\",\"@id\":\"https:\\\/\\\/charleroi-pourlapalestine.be\\\/#organization\",\"name\":\"Plate-forme Charleroi-Palestine\",\"url\":\"https:\\\/\\\/charleroi-pourlapalestine.be\\\/\",\"logo\":{\"@type\":\"ImageObject\",\"inLanguage\":\"fr-FR\",\"@id\":\"https:\\\/\\\/charleroi-pourlapalestine.be\\\/#\\\/schema\\\/logo\\\/image\\\/\",\"url\":\"https:\\\/\\\/charleroi-pourlapalestine.be\\\/wp-content\\\/uploads\\\/2020\\\/01\\\/logo-Copy.jpg\",\"contentUrl\":\"https:\\\/\\\/charleroi-pourlapalestine.be\\\/wp-content\\\/uploads\\\/2020\\\/01\\\/logo-Copy.jpg\",\"width\":180,\"height\":180,\"caption\":\"Plate-forme Charleroi-Palestine\"},\"image\":{\"@id\":\"https:\\\/\\\/charleroi-pourlapalestine.be\\\/#\\\/schema\\\/logo\\\/image\\\/\"},\"sameAs\":[\"https:\\\/\\\/www.facebook.com\\\/PlateformeCharleroiPalestine\\\/\",\"https:\\\/\\\/x.com\\\/LaCharleroi\"]},{\"@type\":\"Person\",\"@id\":\"https:\\\/\\\/charleroi-pourlapalestine.be\\\/#\\\/schema\\\/person\\\/c19ff515112f1299d8c12671d8fe3faa\",\"name\":\"admin1873\",\"url\":\"https:\\\/\\\/charleroi-pourlapalestine.be\\\/index.php\\\/author\\\/admin1873\\\/\"}]}<\/script>\n<!-- \/ Yoast SEO plugin. -->","yoast_head_json":{"title":"D\u00e9claration des organisations de r\u00e9sistance populaire et d'action communautaire au Liban","description":"Les organisations de r\u00e9sistance populaire et d'action populaire du Liban affirment le droit des peuples \u00e0 r\u00e9sister et \u00e0 d\u00e9fendre leur terre","robots":{"index":"index","follow":"follow","max-snippet":"max-snippet:-1","max-image-preview":"max-image-preview:large","max-video-preview":"max-video-preview:-1"},"canonical":"https:\/\/charleroi-pourlapalestine.be\/index.php\/2026\/03\/11\/declaration-des-organisations-de-resistance-populaire-et-daction-communautaire-au-liban\/","schema":{"@context":"https:\/\/schema.org","@graph":[{"@type":"Article","@id":"https:\/\/charleroi-pourlapalestine.be\/index.php\/2026\/03\/11\/declaration-des-organisations-de-resistance-populaire-et-daction-communautaire-au-liban\/#article","isPartOf":{"@id":"https:\/\/charleroi-pourlapalestine.be\/index.php\/2026\/03\/11\/declaration-des-organisations-de-resistance-populaire-et-daction-communautaire-au-liban\/"},"author":{"name":"admin1873","@id":"https:\/\/charleroi-pourlapalestine.be\/#\/schema\/person\/c19ff515112f1299d8c12671d8fe3faa"},"headline":"D\u00e9claration des organisations de r\u00e9sistance populaire et d&rsquo;action communautaire au Liban","datePublished":"2026-03-11T10:23:05+00:00","dateModified":"2026-03-11T10:23:51+00:00","mainEntityOfPage":{"@id":"https:\/\/charleroi-pourlapalestine.be\/index.php\/2026\/03\/11\/declaration-des-organisations-de-resistance-populaire-et-daction-communautaire-au-liban\/"},"wordCount":2083,"publisher":{"@id":"https:\/\/charleroi-pourlapalestine.be\/#organization"},"image":{"@id":"https:\/\/charleroi-pourlapalestine.be\/index.php\/2026\/03\/11\/declaration-des-organisations-de-resistance-populaire-et-daction-communautaire-au-liban\/#primaryimage"},"thumbnailUrl":"https:\/\/charleroi-pourlapalestine.be\/wp-content\/uploads\/2026\/03\/Liban-.png","articleSection":["Liban","R\u00e9sistance"],"inLanguage":"fr-FR"},{"@type":"WebPage","@id":"https:\/\/charleroi-pourlapalestine.be\/index.php\/2026\/03\/11\/declaration-des-organisations-de-resistance-populaire-et-daction-communautaire-au-liban\/","url":"https:\/\/charleroi-pourlapalestine.be\/index.php\/2026\/03\/11\/declaration-des-organisations-de-resistance-populaire-et-daction-communautaire-au-liban\/","name":"D\u00e9claration des organisations de r\u00e9sistance populaire et d'action communautaire au Liban","isPartOf":{"@id":"https:\/\/charleroi-pourlapalestine.be\/#website"},"primaryImageOfPage":{"@id":"https:\/\/charleroi-pourlapalestine.be\/index.php\/2026\/03\/11\/declaration-des-organisations-de-resistance-populaire-et-daction-communautaire-au-liban\/#primaryimage"},"image":{"@id":"https:\/\/charleroi-pourlapalestine.be\/index.php\/2026\/03\/11\/declaration-des-organisations-de-resistance-populaire-et-daction-communautaire-au-liban\/#primaryimage"},"thumbnailUrl":"https:\/\/charleroi-pourlapalestine.be\/wp-content\/uploads\/2026\/03\/Liban-.png","datePublished":"2026-03-11T10:23:05+00:00","dateModified":"2026-03-11T10:23:51+00:00","description":"Les organisations de r\u00e9sistance populaire et d'action populaire du Liban affirment le droit des peuples \u00e0 r\u00e9sister et \u00e0 d\u00e9fendre leur terre","breadcrumb":{"@id":"https:\/\/charleroi-pourlapalestine.be\/index.php\/2026\/03\/11\/declaration-des-organisations-de-resistance-populaire-et-daction-communautaire-au-liban\/#breadcrumb"},"inLanguage":"fr-FR","potentialAction":[{"@type":"ReadAction","target":["https:\/\/charleroi-pourlapalestine.be\/index.php\/2026\/03\/11\/declaration-des-organisations-de-resistance-populaire-et-daction-communautaire-au-liban\/"]}]},{"@type":"ImageObject","inLanguage":"fr-FR","@id":"https:\/\/charleroi-pourlapalestine.be\/index.php\/2026\/03\/11\/declaration-des-organisations-de-resistance-populaire-et-daction-communautaire-au-liban\/#primaryimage","url":"https:\/\/charleroi-pourlapalestine.be\/wp-content\/uploads\/2026\/03\/Liban-.png","contentUrl":"https:\/\/charleroi-pourlapalestine.be\/wp-content\/uploads\/2026\/03\/Liban-.png","width":1017,"height":603},{"@type":"BreadcrumbList","@id":"https:\/\/charleroi-pourlapalestine.be\/index.php\/2026\/03\/11\/declaration-des-organisations-de-resistance-populaire-et-daction-communautaire-au-liban\/#breadcrumb","itemListElement":[{"@type":"ListItem","position":1,"name":"Accueil","item":"https:\/\/charleroi-pourlapalestine.be\/"},{"@type":"ListItem","position":2,"name":"D\u00e9claration des organisations de r\u00e9sistance populaire et d&rsquo;action communautaire au Liban"}]},{"@type":"WebSite","@id":"https:\/\/charleroi-pourlapalestine.be\/#website","url":"https:\/\/charleroi-pourlapalestine.be\/","name":"Charleroi Pour la Palestine","description":"","publisher":{"@id":"https:\/\/charleroi-pourlapalestine.be\/#organization"},"potentialAction":[{"@type":"SearchAction","target":{"@type":"EntryPoint","urlTemplate":"https:\/\/charleroi-pourlapalestine.be\/?s={search_term_string}"},"query-input":{"@type":"PropertyValueSpecification","valueRequired":true,"valueName":"search_term_string"}}],"inLanguage":"fr-FR"},{"@type":"Organization","@id":"https:\/\/charleroi-pourlapalestine.be\/#organization","name":"Plate-forme Charleroi-Palestine","url":"https:\/\/charleroi-pourlapalestine.be\/","logo":{"@type":"ImageObject","inLanguage":"fr-FR","@id":"https:\/\/charleroi-pourlapalestine.be\/#\/schema\/logo\/image\/","url":"https:\/\/charleroi-pourlapalestine.be\/wp-content\/uploads\/2020\/01\/logo-Copy.jpg","contentUrl":"https:\/\/charleroi-pourlapalestine.be\/wp-content\/uploads\/2020\/01\/logo-Copy.jpg","width":180,"height":180,"caption":"Plate-forme Charleroi-Palestine"},"image":{"@id":"https:\/\/charleroi-pourlapalestine.be\/#\/schema\/logo\/image\/"},"sameAs":["https:\/\/www.facebook.com\/PlateformeCharleroiPalestine\/","https:\/\/x.com\/LaCharleroi"]},{"@type":"Person","@id":"https:\/\/charleroi-pourlapalestine.be\/#\/schema\/person\/c19ff515112f1299d8c12671d8fe3faa","name":"admin1873","url":"https:\/\/charleroi-pourlapalestine.be\/index.php\/author\/admin1873\/"}]}},"_links":{"self":[{"href":"https:\/\/charleroi-pourlapalestine.be\/index.php\/wp-json\/wp\/v2\/posts\/88699","targetHints":{"allow":["GET"]}}],"collection":[{"href":"https:\/\/charleroi-pourlapalestine.be\/index.php\/wp-json\/wp\/v2\/posts"}],"about":[{"href":"https:\/\/charleroi-pourlapalestine.be\/index.php\/wp-json\/wp\/v2\/types\/post"}],"author":[{"embeddable":true,"href":"https:\/\/charleroi-pourlapalestine.be\/index.php\/wp-json\/wp\/v2\/users\/1"}],"replies":[{"embeddable":true,"href":"https:\/\/charleroi-pourlapalestine.be\/index.php\/wp-json\/wp\/v2\/comments?post=88699"}],"version-history":[{"count":0,"href":"https:\/\/charleroi-pourlapalestine.be\/index.php\/wp-json\/wp\/v2\/posts\/88699\/revisions"}],"wp:featuredmedia":[{"embeddable":true,"href":"https:\/\/charleroi-pourlapalestine.be\/index.php\/wp-json\/wp\/v2\/media\/88700"}],"wp:attachment":[{"href":"https:\/\/charleroi-pourlapalestine.be\/index.php\/wp-json\/wp\/v2\/media?parent=88699"}],"wp:term":[{"taxonomy":"category","embeddable":true,"href":"https:\/\/charleroi-pourlapalestine.be\/index.php\/wp-json\/wp\/v2\/categories?post=88699"},{"taxonomy":"post_tag","embeddable":true,"href":"https:\/\/charleroi-pourlapalestine.be\/index.php\/wp-json\/wp\/v2\/tags?post=88699"}],"curies":[{"name":"wp","href":"https:\/\/api.w.org\/{rel}","templated":true}]}}