{"id":88706,"date":"2026-03-13T14:22:07","date_gmt":"2026-03-13T13:22:07","guid":{"rendered":"https:\/\/charleroi-pourlapalestine.be\/?p=88706"},"modified":"2026-03-13T15:22:02","modified_gmt":"2026-03-13T14:22:02","slug":"journee-internationale-dal-qods-2026-appel-a-laction-pour-al-qods-la-palestine-le-liban-liran-et-lhumanite","status":"publish","type":"post","link":"https:\/\/charleroi-pourlapalestine.be\/index.php\/2026\/03\/13\/journee-internationale-dal-qods-2026-appel-a-laction-pour-al-qods-la-palestine-le-liban-liran-et-lhumanite\/","title":{"rendered":"Journ\u00e9e internationale d&rsquo;Al-Qods 2026 : Appel \u00e0 l&rsquo;action pour Al-Qods, la Palestine, le Liban, l&rsquo;Iran et l&rsquo;humanit\u00e9"},"content":{"rendered":"<p>En cette ann\u00e9e 2026, la Journ\u00e9e internationale d&rsquo;Al-Qods, une journ\u00e9e d&rsquo;action organis\u00e9e le troisi\u00e8me vendredi du Ramadan en faveur de la cause palestinienne et de la lib\u00e9ration de J\u00e9rusalem (Al-Qods, en arabe) du sionisme et de l&rsquo;imp\u00e9rialisme, rev\u00eat une signification historique d&rsquo;une extr\u00eame urgence.<\/p>\n<p>&nbsp;<\/p>\n<p><img loading=\"lazy\" decoding=\"async\" class=\"aligncenter wp-image-88707 size-large\" src=\"https:\/\/charleroi-pourlapalestine.be\/wp-content\/uploads\/2026\/03\/al-quds-day-20254-700x394.png\" alt=\"Journ\u00e9e internationale d'Al-Qods 2026 : Appel \u00e0 l'action pour Al-Qods, la Palestine, le Liban, l'Iran et l'humanit\u00e9\" width=\"700\" height=\"394\" srcset=\"https:\/\/charleroi-pourlapalestine.be\/wp-content\/uploads\/2026\/03\/al-quds-day-20254-700x394.png 700w, https:\/\/charleroi-pourlapalestine.be\/wp-content\/uploads\/2026\/03\/al-quds-day-20254-350x197.png 350w, https:\/\/charleroi-pourlapalestine.be\/wp-content\/uploads\/2026\/03\/al-quds-day-20254-768x432.png 768w, https:\/\/charleroi-pourlapalestine.be\/wp-content\/uploads\/2026\/03\/al-quds-day-20254.png 1280w\" sizes=\"auto, (max-width: 700px) 100vw, 700px\" \/><\/p>\n<p>&nbsp;<\/p>\n<p><strong>Samidoun<\/strong>, 13 mars 2026<\/p>\n<p>&nbsp;<\/p>\n<p>Cette journ\u00e9e est c\u00e9l\u00e9br\u00e9e depuis 1979, apr\u00e8s avoir \u00e9t\u00e9 lanc\u00e9e pour la premi\u00e8re fois par l&rsquo;imam Ruhollah Khomeini, et la comm\u00e9moration de cette ann\u00e9e a lieu au milieu d&rsquo;une des escalades les plus dangereuses v\u00e9cues par les peuples de la r\u00e9gion. En cette 47e Journ\u00e9e internationale d&rsquo;Al-Qods, la lutte pour la lib\u00e9ration de la Palestine et de J\u00e9rusalem figure au centre d&rsquo;une confrontation r\u00e9gionale et mondiale avec le sionisme et l&rsquo;imp\u00e9rialisme.<\/p>\n<p>Le R\u00e9seau Samidoun de solidarit\u00e9 avec les prisonniers palestiniens r\u00e9it\u00e8re son appel urgent \u00e0 l&rsquo;action pour la Journ\u00e9e d&rsquo;Al-Qods, le vendredi 13 mars et durant le week-end des 14 et 15 mars. Le R\u00e9seau appelle \u00e0 des actions, des mobilisations et protestations massives, des actions directes et des confrontations avec la machine de guerre sioniste et imp\u00e9rialiste partout dans le monde.<\/p>\n<p><a href=\"https:\/\/charleroi-pourlapalestine.be\/index.php\/2026\/03\/07\/un-appel-de-beyrouth-a-toutes-les-forces-et-mouvements-revolutionnaires-de-solidarite-et-de-liberation-du-monde-entier\/\">Comme l&rsquo;ont instamment demand\u00e9 Masar Badil, le Mouvement palestinien de la voie r\u00e9volutionnaire alternative, et le Parti d\u00e9mocratique populaire du Liban<\/a> :<\/p>\n<blockquote><p>\u00ab Faites de la Journ\u00e9e international d&rsquo;Al-Qods, ce vendredi 13 mars, une journ\u00e9e mondiale contre la guerre et l&rsquo;agression et une journ\u00e9e de solidarit\u00e9 et d&rsquo;unit\u00e9 pour la Palestine, l&rsquo;Iran et le Liban, en affirmant le droit des peuples \u00e0 la lib\u00e9ration, la souverainet\u00e9 et l&rsquo;autod\u00e9termination. \u00bb<\/p><\/blockquote>\n<p><strong>En cette Journ\u00e9e d&rsquo;Al-Qods, la R\u00e9publique islamique d&rsquo;Iran est engag\u00e9e dans une bataille majeure en d\u00e9fense de sa souverainet\u00e9 et en d\u00e9fense d&rsquo;Al-Qods, de la Palestine et des peuples de la r\u00e9gion<\/strong> contre l&rsquo;agression de l&rsquo;occupation sioniste et de ses sponsors imp\u00e9rialistes, les \u00c9tats-Unis et leurs partenaires europ\u00e9ens, britanniques, canadiens et australiens. L&rsquo;Iran doit affronter une guerre d&rsquo;agression incessante et des crimes de guerre quotidiens perp\u00e9tr\u00e9s par les forces am\u00e9ricaines et sionistes. Le guide de la R\u00e9publique islamique, l&rsquo;imam Sayyed Ali Khamenei, a \u00e9t\u00e9 assassin\u00e9 alors qu&rsquo;il pr\u00e9parait la d\u00e9fense de la nation et qu&rsquo;il affrontait cette agression, apr\u00e8s toute une vie consacr\u00e9e \u00e0 l&rsquo;\u00e9tude, \u00e0 la guidance et \u00e0 une foi profonde en Dieu, \u00e0 la R\u00e9publique islamique, au peuple de l&rsquo;Iran et \u00e0 la cause de la Palestine et d&rsquo;Al-Qods.<\/p>\n<p><strong>La R\u00e9publique islamique d&rsquo;Iran n&rsquo;est pas seule dans cette lutte.<\/strong> \u00c0 travers la r\u00e9gion, le front de la R\u00e9sistance affronte la guerre de l&rsquo;imp\u00e9rialisme et du sionisme qui ne cesse de s&rsquo;\u00e9tendre.<\/p>\n<p><strong>Au Liban<\/strong>, la R\u00e9sistance continue de d\u00e9fendre le Liban, la Palestine et Al-Qods face \u00e0 une agression constante. Au cours du pr\u00e9tendu<em> \u00ab cessez-le-feu \u00bb<\/em> observ\u00e9 uniquement par un seul camp depuis 15 mois, l&rsquo;occupation, sioniste a commis plus de 15 000 violations, y compris des assassinats, des enl\u00e8vements de prisonniers politiques libanais et des massacres dans la Beqaa et dans le camp de r\u00e9fugi\u00e9s palestiniens d&rsquo;Ain el-Helweh. D\u00e8s les toutes premi\u00e8res heures du jeudi 12 mars, les forces sionistes, arm\u00e9es et appuy\u00e9es par les EU et soutenues par les puissances imp\u00e9rialistes europ\u00e9ennes, ont bombard\u00e9 des civils d\u00e9plac\u00e9s vivant dans des tentes sur la plage de Ramlet al-Baida, \u00e0 Beyrouth ; plus tard, le m\u00eame jour, parmi une s\u00e9rie de massacres et d&rsquo;attaques, elles ont bombard\u00e9 l&rsquo;Universit\u00e9 libanaise de Beyrouth, tuant ainsi deux \u00e9minents universitaires.<\/p>\n<p>Plus de 800 000 Libanais, dont des r\u00e9fugi\u00e9s palestiniens des camps, ont \u00e9t\u00e9 d\u00e9plac\u00e9s du sud du Liban et d&rsquo;al-Dahiyeh, les faubourgs sud de Beyrouth, alors que les drones, avions et forces navales sionistes perp\u00e8trent des massacres, des assassinats et se livrent \u00e0 une offensive g\u00e9n\u00e9rale contre le Liban, tout en cherchant \u00e0 occuper et coloniser le Sud-Liban, \u00e0 d\u00e9truire al-Dahiyeh et \u00e0 faire du Liban un vassal soumis au sionisme et \u00e0 l&rsquo;imp\u00e9rialisme.<\/p>\n<p>Au milieu de cet assaut,<strong> le Hezbollah<\/strong> met en \u0153uvre une puissante r\u00e9sistance qui a sid\u00e9r\u00e9 l&rsquo;ennemi et le monde par sa coordination et sa force, en repoussant l&rsquo;invasion des forces d&rsquo;occupation et en d\u00e9colonisant une fois de plus le nord de la Palestine \u00e0 l&rsquo;aide de ses missiles. La r\u00e9sistance arm\u00e9e au Liban d\u00e9fend la souverainet\u00e9 et l&rsquo;avenir du pays \u2013 et de la Palestine.<\/p>\n<p><strong>En Irak,<\/strong> les forces de la R\u00e9sistance continuent d&rsquo;affronter la pr\u00e9sence des EU et des forces imp\u00e9rialistes europ\u00e9ennes et \u00e0 d\u00e9fendre la souverainet\u00e9 du pays et la cause de la Palestine, en lib\u00e9rant l&rsquo;Irak des bases militaires \u00e9trang\u00e8res qui cherchent \u00e0 piller la richesse du pays et \u00e0 diriger son avenir.<\/p>\n<p><strong>Au Y\u00e9men<\/strong>, le peuple et les forces arm\u00e9es restent mobilis\u00e9s par millions en d\u00e9fense de la Palestine et de la r\u00e9gion et fournissent un exemple \u00e9difiant de mobilisation populaire et militaire collective contre la domination imp\u00e9rialiste qui se dresse devant le monde.<\/p>\n<p>Dans sa patrie occup\u00e9e et partout en exil et dans la diaspora, la R\u00e9sistance palestinienne affronte le projet colonial g\u00e9nocidaire sioniste depuis plus de 78 ans, projet arm\u00e9, financ\u00e9 et dirig\u00e9 par l&rsquo;imp\u00e9rialisme britannique, am\u00e9ricain et europ\u00e9en. Suite au lancement de<strong> l&rsquo;op\u00e9ration historique D\u00e9luge d&rsquo;Al-Aqsa, le 7 octobre 2023,<\/strong> le jour qui a chang\u00e9 le monde, le r\u00e9gime sioniste a intensifi\u00e9 sa campagne g\u00e9nocidaire contre Gaza et contre le peuple palestinien dans son ensemble. Une fois de plus, il y a un pr\u00e9tendu <em>\u00ab cessez-le-feu \u00bb<\/em> injuste qui n&rsquo;existe que pour un camp, puisque l&rsquo;occupation poursuit ses massacres avec le plein soutien politique, militaire et financier des \u00c9tats-Unis et de leurs partenaires imp\u00e9rialistes europ\u00e9ens ainsi que du fameux <em>\u00ab Comit\u00e9 de paix \u00bb<\/em>, qui n&rsquo;est rien de plus qu&rsquo;un conseil de guerre soutenant l&#8217;empire et le pillage.<\/p>\n<div>\n<p>L&rsquo;entit\u00e9 sioniste et l&rsquo;imp\u00e9rialisme am\u00e9ricain ont m\u00e9sestim\u00e9 la force, la r\u00e9silience et la d\u00e9termination de la R\u00e9publique islamique d&rsquo;Iran, de la R\u00e9sistance libanaise et du front de la R\u00e9sistance \u00e0 travers la r\u00e9gion. Chacun des missiles qui vise les bases am\u00e9ricaines et le centre de l&rsquo;imp\u00e9rialisme dans la r\u00e9gion, l&rsquo;entit\u00e9 sioniste, est une fl\u00e8che de la lib\u00e9ration d\u00e9coch\u00e9e dans le c\u0153ur du projet colonial.<\/p>\n<p>Sur le plan international, la Journ\u00e9e d&rsquo;Al-Qods assume une responsabilit\u00e9 claire : la construction d&rsquo;un berceau populaire international de la r\u00e9sistance susceptible de devenir un important partenaire du Front de la R\u00e9sistance. La Journ\u00e9e d&rsquo;Al-Qods doit \u00eatre une puissante journ\u00e9e de mobilisation, d&rsquo;action populaire et de manifestations massives pour l&rsquo;Iran, la Palestine, le Liban, le Y\u00e9men, l&rsquo;Irak et tous ceux qui se dressent sur les lignes de front de cette lutte, avec Al-Qods et sa lib\u00e9ration au plus profond de leur c\u0153ur.<\/p>\n<p>Comme l&rsquo;avait d\u00e9clar\u00e9 l&rsquo;imam Khomeini en inaugurant la premi\u00e8re Journ\u00e9e d&rsquo;Al-Qods :<\/p>\n<p>\u00ab La Journ\u00e9e d&rsquo;Al-Qods est une journ\u00e9e internationale et elle ne concerne pas exclusivement Al-Qods. C&rsquo;est la journ\u00e9e au cours de laquelle les opprim\u00e9s affrontent les arrogants. \u00bb<br \/>\nAujourd&rsquo;hui, Al-Qods m\u00eame reste en \u00e9tat de si\u00e8ge. Durant les 13 derniers jours, au beau milieu du mois sacr\u00e9 du Ramadan, l&rsquo;occupation sioniste a ferm\u00e9 de force la mosqu\u00e9e Al-Aqsa, tandis que les responsables et les colons isra\u00e9liens ne font aucun secret d&rsquo;exiger sa destruction. Les Palestiniens de J\u00e9rusalem doivent affronter un incessant nettoyage ethnique et des d\u00e9portations du fait que l&rsquo;occupation tente d&rsquo;oblit\u00e9rer l&rsquo;identit\u00e9 palestinienne de la ville \u2013 la capitale \u00e9ternelle de la Palestine. Chaque nuit, les forces d&rsquo;occupation font irruption dans des maisons et enl\u00e8vent des dizaines de Palestiniens, et ce, en m\u00eame temps que les colons d\u00e9truisent et tuent dans les villages de Cisjordanie dans un mouvement visant \u00e0 voler encore plus de terre palestinienne. Plus de 9 500 prisonniers palestiniens restent d\u00e9tenus dans les prisons sionistes sous un r\u00e9gime de brutalit\u00e9s et de tortures incessantes.<\/p>\n<p>Les Palestiniens emprisonn\u00e9s sont au c\u0153ur de la lutte pour la lib\u00e9ration. Leur d\u00e9termination incarne l&rsquo;esprit de r\u00e9sistance que repr\u00e9sente la Journ\u00e9e d&rsquo;Al-Qods. L&rsquo;imam Sayyed Ali Khamenei lui-m\u00eame a dit, en parlant de la Journ\u00e9e d&rsquo;Al-Qods au cours d&rsquo;un appel sp\u00e9cial concernant les prisonniers :<\/p>\n<p>\u00ab Comm\u00e9morez la Journ\u00e9e d&rsquo;Al-Qods et, si la propagande mondiale n&rsquo;en parle pas, cela importe peu. Le prisonnier derri\u00e8re les murs de sa prison en Palestine occup\u00e9e ne doit pas se sentir seul \u00e0 r\u00e9sister. Ces hommes et ces femmes qui sont attaqu\u00e9s par les sionistes dans les ruelles et les rues de J\u00e9rusalem, de la bande de Gaza et d&rsquo;autres villes de la Palestine occup\u00e9e doivent sentir que vous les soutenez dans leur r\u00e9sistance. \u00bb<br \/>\nLe r\u00e9gime sioniste cherche \u00e0 \u00e9chapper \u00e0 toute responsabilisation de ces crimes. Pourtant, \u00e0 travers le monde, de plus en plus de gens reconnaissent la r\u00e9alit\u00e9 du sionisme en tant que projet colonial devant \u00eatre d\u00e9mantel\u00e9. Dans les villes du monde entier et au c\u0153ur du noyau imp\u00e9rialiste, y compris New York, Toronto, Londres, Paris et Berlin, des personnes se mobilisent pour exiger la fin de l&rsquo;agression contre l&rsquo;Iran, le Liban et la r\u00e9gion, pour exiger \u00e9galement un embargo sur l&rsquo;armement, contre le r\u00e9gime sioniste, la lib\u00e9ration des prisonniers palestiniens et la libert\u00e9 de la Palestine du fleuve \u00e0 la mer.<\/p>\n<p>C&rsquo;est pr\u00e9cis\u00e9ment parce que la Journ\u00e9e d&rsquo;Al-Qods exprime cette unit\u00e9 mondiale dans la r\u00e9sistance que les gouvernements de l&rsquo;Europe et du noyau imp\u00e9rialiste tentent de la r\u00e9primer. Les autorit\u00e9s de Grande-Bretagne ont interdit la marche de la Journ\u00e9e d&rsquo;Al-Qods \u00e0 Londres, alors que l&rsquo;Allemagne \u00e0 interdit les mobilisations pour cette m\u00eame Journ\u00e9e \u00e0 Berlin et ce, pour des ann\u00e9es. En fait, elle a constitu\u00e9 la premi\u00e8re des importantes mobilisations pour la Palestine \u2013 suivie peu de temps apr\u00e8s par la Journ\u00e9e d&rsquo;Al-Nakba et par la Journ\u00e9e des Prisonniers palestiniens \u2013 \u00e0 \u00eatre interdites \u00e0 Berlin. Au Canada, les organisations sionistes et le gouvernement de l&rsquo;Ontario tentent d&rsquo;interdire les manifestations de masse de la Journ\u00e9e d&rsquo;Al-Qods \u00e0 Toronto, qui rassemblent annuellement des milliers de personnes. Ces interdictions d\u00e9noncent en fait ces gouvernements imp\u00e9rialistes occidentaux qui pr\u00e9tendent d\u00e9fendre la libert\u00e9 tout en r\u00e9primant la solidarit\u00e9 avec la Palestine. En r\u00e9alit\u00e9, en t\u00e9moignant clairement leur solidarit\u00e9 imp\u00e9rialiste avec une agression sioniste sans limite contre la r\u00e9gion, ils veulent r\u00e9duire au silence l&rsquo;appel de la Journ\u00e9e d&rsquo;Al-Qods afin que la Palestine puisse et veuille \u00eatre libre du sionisme et que toute la r\u00e9gion puisse et veuille \u00eatre libre de l&rsquo;imp\u00e9rialisme.<\/p>\n<p>En cette Journ\u00e9e internationale d&rsquo;Al-Qods, le R\u00e9seau Samidoun de solidarit\u00e9 avec les prisonniers palestiniens appelle les citoyens du monde entier \u00e0 se mobiliser, s&rsquo;organiser et intensifier leur solidarit\u00e9 avec la Palestine et les prisonniers, \u00e0 soutenir les forces qui affrontent le sionisme et l&rsquo;imp\u00e9rialisme et \u00e0 continuer de marcher sur la voie de la lib\u00e9ration d&rsquo;Al-Qods et de la victoire de la Palestine.<\/p>\n<h3 align=\"JUSTIFY\"><strong><span style=\"font-size: medium;\"><span lang=\"fr-BE\">Al-Qods sera lib\u00e9r\u00e9e. La Palestine sera libre \u2013 du fleuve \u00e0 la mer !<\/p>\n<p><\/span><\/span><\/strong><\/h3>\n<p lang=\"fr-BE\" align=\"JUSTIFY\"><span style=\"font-size: medium;\"><br \/>\nAffiches utilis\u00e9es par la Plate-forme Charleroi-Palestine (en fran\u00e7ais) :<\/span><\/p>\n<ul>\n<li>\n<p align=\"JUSTIFY\"><span style=\"font-size: medium;\"><span lang=\"fr-BE\"><a href=\"https:\/\/samidoun.net\/wp-content\/uploads\/2026\/03\/affiche_a3_soutien-iran-pal-liban.pdf\" target=\"_blank\" rel=\"noreferrer nofollow noopener\">https:\/\/samidoun.net\/wp-content\/uploads\/2026\/03\/affiche_a3_soutien-iran-pal-liban.pdf<\/a> <\/span><\/span><\/p>\n<\/li>\n<li>\n<p align=\"JUSTIFY\"><span style=\"font-size: medium;\"><span lang=\"fr-BE\"><a href=\"https:\/\/samidoun.net\/wp-content\/uploads\/2026\/03\/affiche-a3_contre-guerre-iran_b.pdf\" target=\"_blank\" rel=\"noreferrer nofollow noopener\">https:\/\/samidoun.net\/wp-content\/uploads\/2026\/03\/affiche-a3_contre-guerre-iran_b.pdf<\/a> <\/span><\/span><\/p>\n<\/li>\n<\/ul>\n<p align=\"JUSTIFY\"><strong><span style=\"font-size: medium;\"><span lang=\"fr-BE\"><br \/>\nJoignez-vous aux manifestations et mobilisations <\/span><\/span><\/strong><strong><span style=\"font-size: medium;\"><span lang=\"fr-BE\">(adressez les v\u00f4tres \u00e0 <a href=\"mailto:samidoun@samidoun.net\" rel=\"noreferrer nofollow noopener\">samidoun@samidoun.net<\/a> afin de les ajouter \u00e0 la liste qui suit) : <\/span><\/span><\/strong><\/p>\n<p lang=\"fr-BE\" align=\"JUSTIFY\"><span style=\"font-size: medium;\">Des manifestations de masse sont organis\u00e9es <strong>au Pakistan, au Cachemire, au Y\u00e9men et dans les villes de l&rsquo;Iran<\/strong> ; nous ne disposons pas des informations sur le temps et le lieu pr\u00e9cis de ces manifestations mais nous partagerons tous les comptes rendus. <\/span><\/p>\n<p align=\"JUSTIFY\"><span style=\"font-size: medium;\"><span lang=\"fr-BE\">Note : Aux \u00c9tats-Unis, la Unified National Antiwar Coalition (Coalition nationale unifi\u00e9e contre la guerre) tient une liste sur: <a href=\"https:\/\/unac.notowar.net\/al-quds-day-solidarity-actions-with-palestine-and-iran\/\" target=\"_blank\" rel=\"noreferrer nofollow noopener\">https:\/\/unac.notowar.net\/al-quds-day-solidarity-actions-with-palestine-and-iran\/<\/a><\/span><\/span><\/p>\n<\/div>\n<div>\n<div dir=\"ltr\">\n<div>\n<p align=\"LEFT\"><strong><span style=\"font-size: medium;\"><span lang=\"fr-BE\">New York City :<\/span><\/span><\/strong><\/p>\n<p align=\"LEFT\"><span style=\"font-size: medium;\"><span lang=\"fr-BE\">Vendredi 13 mars<br \/>\n15:30 h<br \/>\nTimes Square (42e et Broadway)<br \/>\nInfo : <a href=\"https:\/\/www.instagram.com\/p\/DVzHg1dESBX\/\" target=\"_blank\" rel=\"noreferrer nofollow noopener\">https:\/\/www.instagram.com\/p\/DVzHg1dESBX\/<\/a><\/span><\/span><\/p>\n<p align=\"LEFT\"><strong><span style=\"font-size: medium;\"><span lang=\"fr-BE\">Seattle :<\/span><\/span><\/strong><\/p>\n<p align=\"LEFT\"><span style=\"font-size: medium;\"><span lang=\"fr-BE\">Vendredi 13 mars<br \/>\n16:30 h<br \/>\nVictor Steinbreuck Park<br \/>\nInfo : <a href=\"https:\/\/www.instagram.com\/p\/DVwbARVEirY\/\" target=\"_blank\" rel=\"noreferrer nofollow noopener\">https:\/\/www.instagram.com\/p\/DVwbARVEirY\/<\/a><\/span><\/span><\/p>\n<p align=\"LEFT\"><strong><span style=\"font-size: medium;\"><span lang=\"fr-BE\">Vancouver :<\/span><\/span><\/strong><\/p>\n<p align=\"LEFT\"><span style=\"font-size: medium;\"><span lang=\"fr-BE\">Vendredi 13 mars<br \/>\n16:30 h<br \/>\nGrandview Park<br \/>\nInfo : <a href=\"https:\/\/www.instagram.com\/p\/DVtdY2FDgb7\/\" target=\"_blank\" rel=\"noreferrer nofollow noopener\">https:\/\/www.instagram.com\/p\/DVtdY2FDgb7\/<\/a><\/span><\/span><\/p>\n<p align=\"LEFT\"><strong><span style=\"font-size: medium;\"><span lang=\"fr-BE\">Toronto :<\/span><\/span><\/strong><\/p>\n<p align=\"LEFT\"><span style=\"font-size: medium;\"><span lang=\"fr-BE\">Samedi 14 mars<br \/>\n15 h<br \/>\nUS Consulate, 360 University Ave<br \/>\nInfo : <a href=\"https:\/\/www.instagram.com\/p\/DVtf9M1kRZ4\/\" target=\"_blank\" rel=\"noreferrer nofollow noopener\">https:\/\/www.instagram.com\/p\/DVtf9M1kRZ4\/<\/a><\/span><\/span><\/p>\n<p align=\"LEFT\"><strong><span style=\"font-size: medium;\"><span lang=\"fr-BE\">Montr\u00e9al :<\/span><\/span><\/strong><\/p>\n<p align=\"LEFT\"><span style=\"font-size: medium;\"><span lang=\"fr-BE\">Vendredi 13 mars<br \/>\n18:00 h<br \/>\nPlace Norman-Bethune Town Sq.<br \/>\nInfo : <a href=\"https:\/\/www.instagram.com\/p\/DVpMkOJkXkX\/\" target=\"_blank\" rel=\"noreferrer nofollow noopener\">https:\/\/www.instagram.com\/p\/DVpMkOJkXkX\/<\/a><\/span><\/span><\/p>\n<p align=\"LEFT\"><span style=\"font-size: medium;\"><span lang=\"fr-BE\">Samedi 14 mars<br \/>\n14:00 h<br \/>\nConsulat sioniste, 1 place Westmount Square<br \/>\nInfo : <a href=\"https:\/\/www.instagram.com\/p\/DVG0PZcDiBH\/\" target=\"_blank\" rel=\"noreferrer nofollow noopener\">https:\/\/www.instagram.com\/p\/DVG0PZcDiBH\/<\/a><\/span><\/span><\/p>\n<p align=\"LEFT\"><strong><span style=\"font-size: medium;\"><span lang=\"fr-BE\">Londres :<\/span><\/span><\/strong><\/p>\n<p align=\"LEFT\"><span style=\"font-size: medium;\"><span lang=\"fr-BE\">Dimanche 15 mars<br \/>\n13:00 h<br \/>\nHome Office, 2 Marsham St, Westminster<br \/>\nNOTE : Bien que la marche ait \u00e9t\u00e9 interdite, des protestations sur place auront lieu et les organisateurs sont occup\u00e9s \u00e0 livrer une bataille juridique urgente.<br \/>\nD\u00e9tails : <a href=\"https:\/\/www.ihrc.org.uk\/al-quds-day-2026\/\" target=\"_blank\" rel=\"noreferrer nofollow noopener\">https:\/\/www.ihrc.org.uk\/al-quds-day-2026\/<\/a><\/span><\/span><\/p>\n<p align=\"LEFT\"><strong><span style=\"font-size: medium;\"><span lang=\"fr-BE\">Dallas :<\/span><\/span><\/strong><\/p>\n<p align=\"LEFT\"><span style=\"font-size: medium;\"><span lang=\"fr-BE\">Vendredi 13 mars<br \/>\n13:45 h \u2013 Jummah Prayer<br \/>\n15:00 h \u2013 Rassemblement<br \/>\nThe Grassy Knoll<br \/>\nInfo : <a href=\"https:\/\/www.instagram.com\/p\/DVE0fYfkQ6d\/\" target=\"_blank\" rel=\"noreferrer nofollow noopener\">https:\/\/www.instagram.com\/p\/DVE0fYfkQ6d\/<\/a><\/span><\/span><\/p>\n<p align=\"LEFT\"><strong><span style=\"font-size: medium;\"><span lang=\"fr-BE\">Houston :<\/span><\/span><\/strong><\/p>\n<p align=\"LEFT\"><span style=\"font-size: medium;\"><span lang=\"fr-BE\">Vendredi 13 mars<br \/>\n15:30 h<br \/>\nWestheimer and Post Oak<br \/>\nInfo : <a href=\"https:\/\/www.instagram.com\/p\/DVclW8Oju5C\/\" target=\"_blank\" rel=\"noreferrer nofollow noopener\">https:\/\/www.instagram.com\/p\/DVclW8Oju5C\/<\/a><\/span><\/span><\/p>\n<p align=\"LEFT\"><strong><span style=\"font-size: medium;\"><span lang=\"fr-BE\">Charleroi :<\/span><\/span><\/strong><\/p>\n<p align=\"LEFT\"><span style=\"font-size: medium;\"><span lang=\"fr-BE\">Vendredi 13 mars<br \/>\n17 h<br \/>\nPont devant la gare de Charleroi-Central<br \/>\nInfo : <a href=\"https:\/\/www.instagram.com\/p\/DV0Fy3Ogju4\/\" target=\"_blank\" rel=\"noreferrer nofollow noopener\">https:\/\/www.instagram.com\/p\/DV0Fy3Ogju4\/<\/a><\/span><\/span><\/p>\n<p align=\"LEFT\"><strong><span style=\"font-size: medium;\"><span lang=\"fr-BE\">Bruxelles :<\/span><\/span><\/strong><\/p>\n<p lang=\"fr-BE\" align=\"LEFT\"><span style=\"font-size: medium;\">Dimanche 15 mars<br \/>\n14 h<br \/>\nParlement europ\u00e9en \u2013 Place du Luxembourg<\/span><\/p>\n<p align=\"LEFT\"><strong><span style=\"font-size: medium;\"><span lang=\"fr-BE\">Stockholm :<\/span><\/span><\/strong><\/p>\n<p lang=\"fr-BE\" align=\"LEFT\"><span style=\"font-size: medium;\">Vendredi 13 mars<br \/>\n15 h 30<br \/>\nAmbassade sioniste, Stockholm<\/span><\/p>\n<p align=\"LEFT\"><span style=\"font-size: medium;\"><span lang=\"fr-BE\">Samedi 14 mars<br \/>\n13 h<br \/>\nMedborgarplatsen to Slussen<br \/>\nInfo : <a href=\"https:\/\/www.instagram.com\/p\/DVytXYOChwQ\/\" target=\"_blank\" rel=\"noreferrer nofollow noopener\">https:\/\/www.instagram.com\/p\/DVytXYOChwQ\/<\/a><\/span><\/span><\/p>\n<p align=\"LEFT\"><strong><span style=\"font-size: medium;\"><span lang=\"fr-BE\">Washington, DC :<\/span><\/span><\/strong><\/p>\n<p align=\"LEFT\"><span style=\"font-size: medium;\"><span lang=\"fr-BE\">Samedi 14 mars<br \/>\n12 h (midi)<\/span><\/span><\/p>\n<p align=\"LEFT\"><span style=\"font-size: medium;\"><span lang=\"fr-BE\">Maison-Blanche<br \/>\nInfo : <a href=\"https:\/\/www.instagram.com\/p\/DVynwt5jjLj\/\" target=\"_blank\" rel=\"noreferrer nofollow noopener\">https:\/\/www.instagram.com\/p\/DVynwt5jjLj\/<\/a><\/span><\/span><\/p>\n<p align=\"LEFT\"><strong><span style=\"font-size: medium;\"><span lang=\"fr-BE\">Chicago :<\/span><\/span><\/strong><\/p>\n<p align=\"LEFT\"><span style=\"font-size: medium;\"><span lang=\"fr-BE\">Vendredi 13 mars<br \/>\n16 h<br \/>\nConsulat g\u00e9n\u00e9ral d&rsquo;\u00ab Isra\u00ebl \u00bb, 500 W Madison St<br \/>\nInfo : <a href=\"https:\/\/www.instagram.com\/p\/DVhfBNlCn53\/\" target=\"_blank\" rel=\"noreferrer nofollow noopener\">https:\/\/www.instagram.com\/p\/DVhfBNlCn53\/<\/a><\/span><\/span><\/p>\n<p align=\"LEFT\"><strong><span style=\"font-size: medium;\"><span lang=\"fr-BE\">Paterson, NJ :<\/span><\/span><\/strong><\/p>\n<p align=\"LEFT\"><span style=\"font-size: medium;\"><span lang=\"fr-BE\">Vendredi 13 mars<br \/>\n15 h<br \/>\nLittle Palestine, Main St, 76 Gould Avenue<br \/>\nInfo : <a href=\"https:\/\/www.instagram.com\/p\/DVzoU-wj50w\/\" target=\"_blank\" rel=\"noreferrer nofollow noopener\">https:\/\/www.instagram.com\/p\/DVzoU-wj50w\/<\/a><\/span><\/span><\/p>\n<p align=\"LEFT\"><strong><span style=\"font-size: medium;\"><span lang=\"fr-BE\">Paris :<\/span><\/span><\/strong><\/p>\n<p align=\"LEFT\"><span style=\"font-size: medium;\"><span lang=\"fr-BE\">Samedi 14 mars<br \/>\n14 h<br \/>\nPlace de la Nation<br \/>\nInfo : <a href=\"https:\/\/www.instagram.com\/p\/DVvSxhsCIGV\/\" target=\"_blank\" rel=\"noreferrer nofollow noopener\">https:\/\/www.instagram.com\/p\/DVvSxhsCIGV\/<\/a><\/span><\/span><\/p>\n<p align=\"LEFT\"><strong><span style=\"font-size: medium;\"><span lang=\"fr-BE\">Ottawa :<\/span><\/span><\/strong><\/p>\n<p align=\"LEFT\"><span style=\"font-size: medium;\"><span lang=\"fr-BE\">Vendredi 13 mars<br \/>\n15 h<br \/>\n50 O\u2019Connor St, Ottawa<br \/>\nInfo : <a href=\"https:\/\/www.instagram.com\/p\/DVyP1L5jhVF\/\" target=\"_blank\" rel=\"noreferrer nofollow noopener\">https:\/\/www.instagram.com\/p\/DVyP1L5jhVF\/<\/a><\/span><\/span><\/p>\n<p align=\"LEFT\"><strong><span style=\"font-size: medium;\"><span lang=\"fr-BE\">Portland (Oregon) :<\/span><\/span><\/strong><\/p>\n<p align=\"LEFT\"><span style=\"font-size: medium;\"><span lang=\"fr-BE\">Samedi 15 mars<br \/>\n15 h<br \/>\nSewallcrest Park, 1715 SE 32nd Place<br \/>\nInfo : <a href=\"https:\/\/www.instagram.com\/p\/DVuPo8uj5Ls\/\" target=\"_blank\" rel=\"noreferrer nofollow noopener\">https:\/\/www.instagram.com\/p\/DVuPo8uj5Ls\/<\/a><\/span><\/span><\/p>\n<p align=\"LEFT\"><strong><span style=\"font-size: medium;\"><span lang=\"fr-BE\">Minneapolis :<\/span><\/span><\/strong><\/p>\n<p align=\"LEFT\"><span style=\"font-size: medium;\"><span lang=\"fr-BE\">Vendredi 13 mars<br \/>\n20 h (Veill\u00e9e aux flambeaux pour les victimes du massacre de l&rsquo;\u00e9cole de Minab)<br \/>\nWhittier Park<br \/>\nInfo : <a href=\"https:\/\/www.instagram.com\/p\/DVvr6S7ERlV\/\" target=\"_blank\" rel=\"noreferrer nofollow noopener\">https:\/\/www.instagram.com\/p\/DVvr6S7ERlV\/<\/a><\/span><\/span><\/p>\n<p align=\"LEFT\"><span style=\"font-size: medium;\"><span lang=\"fr-BE\">Dimanche 15 mars<br \/>\n13:30 h<br \/>\n28 University Ave SE<br \/>\nInfo : <a href=\"https:\/\/www.instagram.com\/p\/DVy2P3tDpww\/\" target=\"_blank\" rel=\"noreferrer nofollow noopener\">https:\/\/www.instagram.com\/p\/DVy2P3tDpww\/<\/a><\/span><\/span><\/p>\n<p align=\"LEFT\"><strong><span style=\"font-size: medium;\"><span lang=\"fr-BE\">Detroit :<\/span><\/span><\/strong><\/p>\n<p align=\"LEFT\"><span style=\"font-size: medium;\"><span lang=\"fr-BE\">Dimanche 15 mars<br \/>\n15 h<br \/>\nSpirit of Detroit<br \/>\nInfo : <a href=\"https:\/\/www.instagram.com\/p\/DVyyqi2iYnP\/\" target=\"_blank\" rel=\"noreferrer nofollow noopener\">https:\/\/www.instagram.com\/p\/DVyyqi2iYnP\/<\/a><\/span><\/span><\/p>\n<p align=\"LEFT\"><strong><span style=\"font-size: medium;\"><span lang=\"fr-BE\">Rosario, Argentine :<\/span><\/span><\/strong><\/p>\n<p align=\"LEFT\"><span style=\"font-size: medium;\"><span lang=\"fr-BE\">Vendredi 13 mars<br \/>\n18 h<br \/>\nAula 12ER \u2013 Facultad de Humanidades y Artes\/UNR<br \/>\nInfo : <a href=\"https:\/\/www.instagram.com\/p\/DVmhxYkj-f5\/\" target=\"_blank\" rel=\"noreferrer nofollow noopener\">https:\/\/www.instagram.com\/p\/DVmhxYkj-f5\/<\/a><\/span><\/span><\/p>\n<\/div>\n<\/div>\n<\/div>\n<p style=\"text-align: center;\">*****<\/p>\n<p>Publi\u00e9 le 13 mars 2026 sur <a href=\"https:\/\/samidoun.net\/2026\/03\/international-al-quds-day-2026-a-call-to-action-for-al-quds-palestine-lebanon-iran-and-humanity\/\" target=\"_blank\" rel=\"noopener\">Samidoun<\/a><br \/>\nTraduction : <a href=\"https:\/\/charleroi-pourlapalestine.be\/\">Charleroi pour la Palestine<\/a><\/p>\n<p>&nbsp;<\/p>\n","protected":false},"excerpt":{"rendered":"<p>En cette ann\u00e9e 2026, la Journ\u00e9e internationale d&rsquo;Al-Qods rev\u00eat une signification historique d&rsquo;une extr\u00eame urgence.<\/p>\n","protected":false},"author":1,"featured_media":88707,"comment_status":"closed","ping_status":"closed","sticky":false,"template":"","format":"standard","meta":{"ngg_post_thumbnail":0,"footnotes":""},"categories":[1072,903,1085,52,137,652,142,126,8,134,191,480,1111,192,25,866,707],"tags":[],"class_list":["post-88706","post","type-post","status-publish","format-standard","has-post-thumbnail","hentry","category-ain-al-helweh","category-anti-imperialisme","category-deluge-dal-aqsa","category-la-cour-penale-internationale","category-hezbollah","category-irak","category-iran","category-israel","category-jerusalem","category-le-monde-et-la-palestine","category-liban","category-liberation","category-pakistan","category-palestine","category-la-resistance-palestinienne","category-samidoun","category-yemen"],"yoast_head":"<!-- This site is optimized with the Yoast SEO plugin v27.3 - https:\/\/yoast.com\/product\/yoast-seo-wordpress\/ -->\n<title>Journ\u00e9e internationale d&#039;Al-Qods 2026 : Appel \u00e0 l&#039;action pour Al-Qods, la Palestine, le Liban, l&#039;Iran et l&#039;humanit\u00e9<\/title>\n<meta name=\"description\" content=\"En cette ann\u00e9e 2026, la Journ\u00e9e internationale d&#039;Al-Qods rev\u00eat une signification historique d&#039;une extr\u00eame urgence.\" \/>\n<meta name=\"robots\" content=\"index, follow, max-snippet:-1, max-image-preview:large, max-video-preview:-1\" \/>\n<link rel=\"canonical\" href=\"https:\/\/charleroi-pourlapalestine.be\/index.php\/2026\/03\/13\/journee-internationale-dal-qods-2026-appel-a-laction-pour-al-qods-la-palestine-le-liban-liran-et-lhumanite\/\" \/>\n<script type=\"application\/ld+json\" class=\"yoast-schema-graph\">{\"@context\":\"https:\\\/\\\/schema.org\",\"@graph\":[{\"@type\":\"Article\",\"@id\":\"https:\\\/\\\/charleroi-pourlapalestine.be\\\/index.php\\\/2026\\\/03\\\/13\\\/journee-internationale-dal-qods-2026-appel-a-laction-pour-al-qods-la-palestine-le-liban-liran-et-lhumanite\\\/#article\",\"isPartOf\":{\"@id\":\"https:\\\/\\\/charleroi-pourlapalestine.be\\\/index.php\\\/2026\\\/03\\\/13\\\/journee-internationale-dal-qods-2026-appel-a-laction-pour-al-qods-la-palestine-le-liban-liran-et-lhumanite\\\/\"},\"author\":{\"name\":\"admin1873\",\"@id\":\"https:\\\/\\\/charleroi-pourlapalestine.be\\\/#\\\/schema\\\/person\\\/c19ff515112f1299d8c12671d8fe3faa\"},\"headline\":\"Journ\u00e9e internationale d&rsquo;Al-Qods 2026 : Appel \u00e0 l&rsquo;action pour Al-Qods, la Palestine, le Liban, l&rsquo;Iran et l&rsquo;humanit\u00e9\",\"datePublished\":\"2026-03-13T13:22:07+00:00\",\"dateModified\":\"2026-03-13T14:22:02+00:00\",\"mainEntityOfPage\":{\"@id\":\"https:\\\/\\\/charleroi-pourlapalestine.be\\\/index.php\\\/2026\\\/03\\\/13\\\/journee-internationale-dal-qods-2026-appel-a-laction-pour-al-qods-la-palestine-le-liban-liran-et-lhumanite\\\/\"},\"wordCount\":2547,\"publisher\":{\"@id\":\"https:\\\/\\\/charleroi-pourlapalestine.be\\\/#organization\"},\"image\":{\"@id\":\"https:\\\/\\\/charleroi-pourlapalestine.be\\\/index.php\\\/2026\\\/03\\\/13\\\/journee-internationale-dal-qods-2026-appel-a-laction-pour-al-qods-la-palestine-le-liban-liran-et-lhumanite\\\/#primaryimage\"},\"thumbnailUrl\":\"https:\\\/\\\/charleroi-pourlapalestine.be\\\/wp-content\\\/uploads\\\/2026\\\/03\\\/al-quds-day-20254.png\",\"articleSection\":[\"A\u00efn al-Helweh\",\"anti-imp\u00e9rialisme\",\"D\u00e9luge d'Al-Aqsa\",\"Etats-Unis\",\"Hezbollah\",\"Irak\",\"Iran\",\"Isra\u00ebl\",\"J\u00e9rusalem\",\"Le monde et la Palestine\",\"Liban\",\"Lib\u00e9ration\",\"Pakistan\",\"Palestine\",\"R\u00e9sistance\",\"Samidoun\",\"Yemen\"],\"inLanguage\":\"fr-FR\"},{\"@type\":\"WebPage\",\"@id\":\"https:\\\/\\\/charleroi-pourlapalestine.be\\\/index.php\\\/2026\\\/03\\\/13\\\/journee-internationale-dal-qods-2026-appel-a-laction-pour-al-qods-la-palestine-le-liban-liran-et-lhumanite\\\/\",\"url\":\"https:\\\/\\\/charleroi-pourlapalestine.be\\\/index.php\\\/2026\\\/03\\\/13\\\/journee-internationale-dal-qods-2026-appel-a-laction-pour-al-qods-la-palestine-le-liban-liran-et-lhumanite\\\/\",\"name\":\"Journ\u00e9e internationale d'Al-Qods 2026 : Appel \u00e0 l'action pour Al-Qods, la Palestine, le Liban, l'Iran et l'humanit\u00e9\",\"isPartOf\":{\"@id\":\"https:\\\/\\\/charleroi-pourlapalestine.be\\\/#website\"},\"primaryImageOfPage\":{\"@id\":\"https:\\\/\\\/charleroi-pourlapalestine.be\\\/index.php\\\/2026\\\/03\\\/13\\\/journee-internationale-dal-qods-2026-appel-a-laction-pour-al-qods-la-palestine-le-liban-liran-et-lhumanite\\\/#primaryimage\"},\"image\":{\"@id\":\"https:\\\/\\\/charleroi-pourlapalestine.be\\\/index.php\\\/2026\\\/03\\\/13\\\/journee-internationale-dal-qods-2026-appel-a-laction-pour-al-qods-la-palestine-le-liban-liran-et-lhumanite\\\/#primaryimage\"},\"thumbnailUrl\":\"https:\\\/\\\/charleroi-pourlapalestine.be\\\/wp-content\\\/uploads\\\/2026\\\/03\\\/al-quds-day-20254.png\",\"datePublished\":\"2026-03-13T13:22:07+00:00\",\"dateModified\":\"2026-03-13T14:22:02+00:00\",\"description\":\"En cette ann\u00e9e 2026, la Journ\u00e9e internationale d'Al-Qods rev\u00eat une signification historique d'une extr\u00eame urgence.\",\"breadcrumb\":{\"@id\":\"https:\\\/\\\/charleroi-pourlapalestine.be\\\/index.php\\\/2026\\\/03\\\/13\\\/journee-internationale-dal-qods-2026-appel-a-laction-pour-al-qods-la-palestine-le-liban-liran-et-lhumanite\\\/#breadcrumb\"},\"inLanguage\":\"fr-FR\",\"potentialAction\":[{\"@type\":\"ReadAction\",\"target\":[\"https:\\\/\\\/charleroi-pourlapalestine.be\\\/index.php\\\/2026\\\/03\\\/13\\\/journee-internationale-dal-qods-2026-appel-a-laction-pour-al-qods-la-palestine-le-liban-liran-et-lhumanite\\\/\"]}]},{\"@type\":\"ImageObject\",\"inLanguage\":\"fr-FR\",\"@id\":\"https:\\\/\\\/charleroi-pourlapalestine.be\\\/index.php\\\/2026\\\/03\\\/13\\\/journee-internationale-dal-qods-2026-appel-a-laction-pour-al-qods-la-palestine-le-liban-liran-et-lhumanite\\\/#primaryimage\",\"url\":\"https:\\\/\\\/charleroi-pourlapalestine.be\\\/wp-content\\\/uploads\\\/2026\\\/03\\\/al-quds-day-20254.png\",\"contentUrl\":\"https:\\\/\\\/charleroi-pourlapalestine.be\\\/wp-content\\\/uploads\\\/2026\\\/03\\\/al-quds-day-20254.png\",\"width\":1280,\"height\":720},{\"@type\":\"BreadcrumbList\",\"@id\":\"https:\\\/\\\/charleroi-pourlapalestine.be\\\/index.php\\\/2026\\\/03\\\/13\\\/journee-internationale-dal-qods-2026-appel-a-laction-pour-al-qods-la-palestine-le-liban-liran-et-lhumanite\\\/#breadcrumb\",\"itemListElement\":[{\"@type\":\"ListItem\",\"position\":1,\"name\":\"Accueil\",\"item\":\"https:\\\/\\\/charleroi-pourlapalestine.be\\\/\"},{\"@type\":\"ListItem\",\"position\":2,\"name\":\"Journ\u00e9e internationale d&rsquo;Al-Qods 2026 : Appel \u00e0 l&rsquo;action pour Al-Qods, la Palestine, le Liban, l&rsquo;Iran et l&rsquo;humanit\u00e9\"}]},{\"@type\":\"WebSite\",\"@id\":\"https:\\\/\\\/charleroi-pourlapalestine.be\\\/#website\",\"url\":\"https:\\\/\\\/charleroi-pourlapalestine.be\\\/\",\"name\":\"Charleroi Pour la Palestine\",\"description\":\"\",\"publisher\":{\"@id\":\"https:\\\/\\\/charleroi-pourlapalestine.be\\\/#organization\"},\"potentialAction\":[{\"@type\":\"SearchAction\",\"target\":{\"@type\":\"EntryPoint\",\"urlTemplate\":\"https:\\\/\\\/charleroi-pourlapalestine.be\\\/?s={search_term_string}\"},\"query-input\":{\"@type\":\"PropertyValueSpecification\",\"valueRequired\":true,\"valueName\":\"search_term_string\"}}],\"inLanguage\":\"fr-FR\"},{\"@type\":\"Organization\",\"@id\":\"https:\\\/\\\/charleroi-pourlapalestine.be\\\/#organization\",\"name\":\"Plate-forme Charleroi-Palestine\",\"url\":\"https:\\\/\\\/charleroi-pourlapalestine.be\\\/\",\"logo\":{\"@type\":\"ImageObject\",\"inLanguage\":\"fr-FR\",\"@id\":\"https:\\\/\\\/charleroi-pourlapalestine.be\\\/#\\\/schema\\\/logo\\\/image\\\/\",\"url\":\"https:\\\/\\\/charleroi-pourlapalestine.be\\\/wp-content\\\/uploads\\\/2020\\\/01\\\/logo-Copy.jpg\",\"contentUrl\":\"https:\\\/\\\/charleroi-pourlapalestine.be\\\/wp-content\\\/uploads\\\/2020\\\/01\\\/logo-Copy.jpg\",\"width\":180,\"height\":180,\"caption\":\"Plate-forme Charleroi-Palestine\"},\"image\":{\"@id\":\"https:\\\/\\\/charleroi-pourlapalestine.be\\\/#\\\/schema\\\/logo\\\/image\\\/\"},\"sameAs\":[\"https:\\\/\\\/www.facebook.com\\\/PlateformeCharleroiPalestine\\\/\",\"https:\\\/\\\/x.com\\\/LaCharleroi\"]},{\"@type\":\"Person\",\"@id\":\"https:\\\/\\\/charleroi-pourlapalestine.be\\\/#\\\/schema\\\/person\\\/c19ff515112f1299d8c12671d8fe3faa\",\"name\":\"admin1873\",\"url\":\"https:\\\/\\\/charleroi-pourlapalestine.be\\\/index.php\\\/author\\\/admin1873\\\/\"}]}<\/script>\n<!-- \/ Yoast SEO plugin. -->","yoast_head_json":{"title":"Journ\u00e9e internationale d'Al-Qods 2026 : Appel \u00e0 l'action pour Al-Qods, la Palestine, le Liban, l'Iran et l'humanit\u00e9","description":"En cette ann\u00e9e 2026, la Journ\u00e9e internationale d'Al-Qods rev\u00eat une signification historique d'une extr\u00eame urgence.","robots":{"index":"index","follow":"follow","max-snippet":"max-snippet:-1","max-image-preview":"max-image-preview:large","max-video-preview":"max-video-preview:-1"},"canonical":"https:\/\/charleroi-pourlapalestine.be\/index.php\/2026\/03\/13\/journee-internationale-dal-qods-2026-appel-a-laction-pour-al-qods-la-palestine-le-liban-liran-et-lhumanite\/","schema":{"@context":"https:\/\/schema.org","@graph":[{"@type":"Article","@id":"https:\/\/charleroi-pourlapalestine.be\/index.php\/2026\/03\/13\/journee-internationale-dal-qods-2026-appel-a-laction-pour-al-qods-la-palestine-le-liban-liran-et-lhumanite\/#article","isPartOf":{"@id":"https:\/\/charleroi-pourlapalestine.be\/index.php\/2026\/03\/13\/journee-internationale-dal-qods-2026-appel-a-laction-pour-al-qods-la-palestine-le-liban-liran-et-lhumanite\/"},"author":{"name":"admin1873","@id":"https:\/\/charleroi-pourlapalestine.be\/#\/schema\/person\/c19ff515112f1299d8c12671d8fe3faa"},"headline":"Journ\u00e9e internationale d&rsquo;Al-Qods 2026 : Appel \u00e0 l&rsquo;action pour Al-Qods, la Palestine, le Liban, l&rsquo;Iran et l&rsquo;humanit\u00e9","datePublished":"2026-03-13T13:22:07+00:00","dateModified":"2026-03-13T14:22:02+00:00","mainEntityOfPage":{"@id":"https:\/\/charleroi-pourlapalestine.be\/index.php\/2026\/03\/13\/journee-internationale-dal-qods-2026-appel-a-laction-pour-al-qods-la-palestine-le-liban-liran-et-lhumanite\/"},"wordCount":2547,"publisher":{"@id":"https:\/\/charleroi-pourlapalestine.be\/#organization"},"image":{"@id":"https:\/\/charleroi-pourlapalestine.be\/index.php\/2026\/03\/13\/journee-internationale-dal-qods-2026-appel-a-laction-pour-al-qods-la-palestine-le-liban-liran-et-lhumanite\/#primaryimage"},"thumbnailUrl":"https:\/\/charleroi-pourlapalestine.be\/wp-content\/uploads\/2026\/03\/al-quds-day-20254.png","articleSection":["A\u00efn al-Helweh","anti-imp\u00e9rialisme","D\u00e9luge d'Al-Aqsa","Etats-Unis","Hezbollah","Irak","Iran","Isra\u00ebl","J\u00e9rusalem","Le monde et la Palestine","Liban","Lib\u00e9ration","Pakistan","Palestine","R\u00e9sistance","Samidoun","Yemen"],"inLanguage":"fr-FR"},{"@type":"WebPage","@id":"https:\/\/charleroi-pourlapalestine.be\/index.php\/2026\/03\/13\/journee-internationale-dal-qods-2026-appel-a-laction-pour-al-qods-la-palestine-le-liban-liran-et-lhumanite\/","url":"https:\/\/charleroi-pourlapalestine.be\/index.php\/2026\/03\/13\/journee-internationale-dal-qods-2026-appel-a-laction-pour-al-qods-la-palestine-le-liban-liran-et-lhumanite\/","name":"Journ\u00e9e internationale d'Al-Qods 2026 : Appel \u00e0 l'action pour Al-Qods, la Palestine, le Liban, l'Iran et l'humanit\u00e9","isPartOf":{"@id":"https:\/\/charleroi-pourlapalestine.be\/#website"},"primaryImageOfPage":{"@id":"https:\/\/charleroi-pourlapalestine.be\/index.php\/2026\/03\/13\/journee-internationale-dal-qods-2026-appel-a-laction-pour-al-qods-la-palestine-le-liban-liran-et-lhumanite\/#primaryimage"},"image":{"@id":"https:\/\/charleroi-pourlapalestine.be\/index.php\/2026\/03\/13\/journee-internationale-dal-qods-2026-appel-a-laction-pour-al-qods-la-palestine-le-liban-liran-et-lhumanite\/#primaryimage"},"thumbnailUrl":"https:\/\/charleroi-pourlapalestine.be\/wp-content\/uploads\/2026\/03\/al-quds-day-20254.png","datePublished":"2026-03-13T13:22:07+00:00","dateModified":"2026-03-13T14:22:02+00:00","description":"En cette ann\u00e9e 2026, la Journ\u00e9e internationale d'Al-Qods rev\u00eat une signification historique d'une extr\u00eame urgence.","breadcrumb":{"@id":"https:\/\/charleroi-pourlapalestine.be\/index.php\/2026\/03\/13\/journee-internationale-dal-qods-2026-appel-a-laction-pour-al-qods-la-palestine-le-liban-liran-et-lhumanite\/#breadcrumb"},"inLanguage":"fr-FR","potentialAction":[{"@type":"ReadAction","target":["https:\/\/charleroi-pourlapalestine.be\/index.php\/2026\/03\/13\/journee-internationale-dal-qods-2026-appel-a-laction-pour-al-qods-la-palestine-le-liban-liran-et-lhumanite\/"]}]},{"@type":"ImageObject","inLanguage":"fr-FR","@id":"https:\/\/charleroi-pourlapalestine.be\/index.php\/2026\/03\/13\/journee-internationale-dal-qods-2026-appel-a-laction-pour-al-qods-la-palestine-le-liban-liran-et-lhumanite\/#primaryimage","url":"https:\/\/charleroi-pourlapalestine.be\/wp-content\/uploads\/2026\/03\/al-quds-day-20254.png","contentUrl":"https:\/\/charleroi-pourlapalestine.be\/wp-content\/uploads\/2026\/03\/al-quds-day-20254.png","width":1280,"height":720},{"@type":"BreadcrumbList","@id":"https:\/\/charleroi-pourlapalestine.be\/index.php\/2026\/03\/13\/journee-internationale-dal-qods-2026-appel-a-laction-pour-al-qods-la-palestine-le-liban-liran-et-lhumanite\/#breadcrumb","itemListElement":[{"@type":"ListItem","position":1,"name":"Accueil","item":"https:\/\/charleroi-pourlapalestine.be\/"},{"@type":"ListItem","position":2,"name":"Journ\u00e9e internationale d&rsquo;Al-Qods 2026 : Appel \u00e0 l&rsquo;action pour Al-Qods, la Palestine, le Liban, l&rsquo;Iran et l&rsquo;humanit\u00e9"}]},{"@type":"WebSite","@id":"https:\/\/charleroi-pourlapalestine.be\/#website","url":"https:\/\/charleroi-pourlapalestine.be\/","name":"Charleroi Pour la Palestine","description":"","publisher":{"@id":"https:\/\/charleroi-pourlapalestine.be\/#organization"},"potentialAction":[{"@type":"SearchAction","target":{"@type":"EntryPoint","urlTemplate":"https:\/\/charleroi-pourlapalestine.be\/?s={search_term_string}"},"query-input":{"@type":"PropertyValueSpecification","valueRequired":true,"valueName":"search_term_string"}}],"inLanguage":"fr-FR"},{"@type":"Organization","@id":"https:\/\/charleroi-pourlapalestine.be\/#organization","name":"Plate-forme Charleroi-Palestine","url":"https:\/\/charleroi-pourlapalestine.be\/","logo":{"@type":"ImageObject","inLanguage":"fr-FR","@id":"https:\/\/charleroi-pourlapalestine.be\/#\/schema\/logo\/image\/","url":"https:\/\/charleroi-pourlapalestine.be\/wp-content\/uploads\/2020\/01\/logo-Copy.jpg","contentUrl":"https:\/\/charleroi-pourlapalestine.be\/wp-content\/uploads\/2020\/01\/logo-Copy.jpg","width":180,"height":180,"caption":"Plate-forme Charleroi-Palestine"},"image":{"@id":"https:\/\/charleroi-pourlapalestine.be\/#\/schema\/logo\/image\/"},"sameAs":["https:\/\/www.facebook.com\/PlateformeCharleroiPalestine\/","https:\/\/x.com\/LaCharleroi"]},{"@type":"Person","@id":"https:\/\/charleroi-pourlapalestine.be\/#\/schema\/person\/c19ff515112f1299d8c12671d8fe3faa","name":"admin1873","url":"https:\/\/charleroi-pourlapalestine.be\/index.php\/author\/admin1873\/"}]}},"_links":{"self":[{"href":"https:\/\/charleroi-pourlapalestine.be\/index.php\/wp-json\/wp\/v2\/posts\/88706","targetHints":{"allow":["GET"]}}],"collection":[{"href":"https:\/\/charleroi-pourlapalestine.be\/index.php\/wp-json\/wp\/v2\/posts"}],"about":[{"href":"https:\/\/charleroi-pourlapalestine.be\/index.php\/wp-json\/wp\/v2\/types\/post"}],"author":[{"embeddable":true,"href":"https:\/\/charleroi-pourlapalestine.be\/index.php\/wp-json\/wp\/v2\/users\/1"}],"replies":[{"embeddable":true,"href":"https:\/\/charleroi-pourlapalestine.be\/index.php\/wp-json\/wp\/v2\/comments?post=88706"}],"version-history":[{"count":0,"href":"https:\/\/charleroi-pourlapalestine.be\/index.php\/wp-json\/wp\/v2\/posts\/88706\/revisions"}],"wp:featuredmedia":[{"embeddable":true,"href":"https:\/\/charleroi-pourlapalestine.be\/index.php\/wp-json\/wp\/v2\/media\/88707"}],"wp:attachment":[{"href":"https:\/\/charleroi-pourlapalestine.be\/index.php\/wp-json\/wp\/v2\/media?parent=88706"}],"wp:term":[{"taxonomy":"category","embeddable":true,"href":"https:\/\/charleroi-pourlapalestine.be\/index.php\/wp-json\/wp\/v2\/categories?post=88706"},{"taxonomy":"post_tag","embeddable":true,"href":"https:\/\/charleroi-pourlapalestine.be\/index.php\/wp-json\/wp\/v2\/tags?post=88706"}],"curies":[{"name":"wp","href":"https:\/\/api.w.org\/{rel}","templated":true}]}}